{"id":4932,"date":"2013-01-08T00:00:00","date_gmt":"2013-01-07T23:00:00","guid":{"rendered":"https:\/\/www.ieec.cat\/margarida-hernanz-interviewed-for-the-rtve-program-system-failure\/"},"modified":"2022-12-22T23:20:46","modified_gmt":"2022-12-22T22:20:46","slug":"margarida-hernanz-interviewed-for-the-rtve-program-system-failure","status":"publish","type":"post","link":"https:\/\/www.ieec.cat\/en\/margarida-hernanz-interviewed-for-the-rtve-program-system-failure\/","title":{"rendered":"Margarida Hernanz interviewed for the RTVE program \u201cSystem Failure\u201d"},"content":{"rendered":"<p>[et_pb_section fb_built=&#8221;1&#8243; fullwidth=&#8221;on&#8221; theme_builder_area=&#8221;post_content&#8221; _builder_version=&#8221;4.14.8&#8243; _module_preset=&#8221;default&#8221; height=&#8221;114px&#8221; background_color=&#8221;&#8221; hover_enabled=&#8221;0&#8243; sticky_enabled=&#8221;0&#8243; title_text=&#8221;&#8221; background_image=&#8221;\/wp-content\/uploads\/2022\/04\/slider-corpo2.jpg&#8221;][\/et_pb_section][et_pb_section fb_built=&#8221;1&#8243; theme_builder_area=&#8221;post_content&#8221; _builder_version=&#8221;4.14.8&#8243; _module_preset=&#8221;default&#8221; custom_padding=&#8221;||0px||false|false&#8221; custom_margin=&#8221;||0px||false|false&#8221; hover_enabled=&#8221;0&#8243; sticky_enabled=&#8221;0&#8243;][et_pb_row _builder_version=&#8221;4.14.8&#8243; _module_preset=&#8221;default&#8221; theme_builder_area=&#8221;post_content&#8221;][et_pb_column _builder_version=&#8221;4.14.8&#8243; _module_preset=&#8221;default&#8221; type=&#8221;4_4&#8243; theme_builder_area=&#8221;post_content&#8221;][et_pb_text _builder_version=&#8221;4.14.8&#8243; _module_preset=&#8221;default&#8221; theme_builder_area=&#8221;post_content&#8221; _dynamic_attributes=&#8221;content&#8221; hover_enabled=&#8221;0&#8243; sticky_enabled=&#8221;0&#8243; custom_margin=&#8221;0px||0px||false|false&#8221; custom_padding=&#8221;0px||0px||false|false&#8221;]@ET-DC@eyJkeW5hbWljIjp0cnVlLCJjb250ZW50IjoicG9zdF90aXRsZSIsInNldHRpbmdzIjp7ImJlZm9yZSI6IjxoMSBjbGFzcz1cImVudHJ5X3RpdGxlXCI+IiwiYWZ0ZXIiOiI8L2gxPiJ9fQ==@[\/et_pb_text][et_pb_text _builder_version=&#8221;4.14.8&#8243; _module_preset=&#8221;default&#8221; theme_builder_area=&#8221;post_content&#8221; _dynamic_attributes=&#8221;content&#8221; custom_padding=&#8221;0px||0px||false|false&#8221; custom_margin=&#8221;0px||0px||false|false&#8221; hover_enabled=&#8221;0&#8243; sticky_enabled=&#8221;0&#8243;]@ET-DC@eyJkeW5hbWljIjp0cnVlLCJjb250ZW50IjoicG9zdF9kYXRlIiwic2V0dGluZ3MiOnsiYmVmb3JlIjoiIiwiYWZ0ZXIiOiIiLCJkYXRlX2Zvcm1hdCI6ImN1c3RvbSIsImN1c3RvbV9kYXRlX2Zvcm1hdCI6IlktbS1kIEg6aTpzIn19@[\/et_pb_text][\/et_pb_column][\/et_pb_row][\/et_pb_section][et_pb_section fb_built=&#8221;1&#8243; _builder_version=&#8221;4.14.8&#8243; _module_preset=&#8221;default&#8221; custom_margin=&#8221;0px||||false|false&#8221; custom_padding=&#8221;0px||||false|false&#8221; top_divider_color=&#8221;RGBA(255,255,255,0)&#8221; top_divider_height=&#8221;0px&#8221; hover_enabled=&#8221;0&#8243; global_colors_info=&#8221;{}&#8221; sticky_enabled=&#8221;0&#8243;][et_pb_row column_structure=&#8221;4_4&#8243; _builder_version=&#8221;4.14.8&#8243; _module_preset=&#8221;default&#8221; global_colors_info=&#8221;{}&#8221;][et_pb_column type=&#8221;4_4&#8243; _builder_version=&#8221;4.14.8&#8243; _module_preset=&#8221;default&#8221; global_colors_info=&#8221;{}&#8221;][et_pb_image src=&#8221;https:\/\/www.ieec.cat\/wp-content\/uploads\/2022\/12\/1543421906_f1c7c2a55bafafaaf3f2ed266206c3d1_foto_hernanz1.jpg&#8221; alt=&#8221;Margarida Hernanz interviewed for the RTVE program \u201cSystem Failure\u201d&#8221; _builder_version=&#8221;4.14.8&#8243; _module_preset=&#8221;default&#8221; title_text=&#8221;PR_Image1.png&#8221; hover_enabled=&#8221;0&#8243; sticky_enabled=&#8221;0&#8243; width=&#8221;600px&#8221; module_alignment=&#8221;center&#8221;][\/et_pb_image][et_pb_text _builder_version=&#8221;4.14.8&#8243; _module_preset=&#8221;default&#8221; global_colors_info=&#8221;{}&#8221;](Please note that the interview is in Spanish)<\/p>\n<p>Fallo de sistema \u2013 Episodio 65: Ciencia l\u00edmite \u2013 06\/01\/2013<\/p>\n<p>Empezamos el a\u00f1o poniendo a la ciencia a prueba a trav\u00e9s de dos agujeros negros (uno supermasivo, otro estelar) cuya presencia desaf\u00eda los l\u00edmites establecidos\u2026 Viajaremos a Andr\u00f3meda, a M31, para conocer una fuente ultralum\u00ednica con una emisi\u00f3n de Rayos X inusual para su masa (unas 10 veces la masa del Sol) . Es la primera vez que podemos estudiar un agujero negro fuera de nuestra galaxia (V\u00eda L\u00e1ctea) con Rayos X y Radio y de esos datos, podremos, finalmente, acercarnos un poco m\u00e1s al funcionamiento del Universo y el de esta galaxia que , por cierto, se nos acerca peligrosamente (podr\u00eda colisionar con nosotros en unos 3000 millones de a\u00f1os).Conversamos con Margarita Hernanz, investigadora del Instituto de Ciencias del Espacio del CSIC y participante de este estudio internacional de M31 publicado en Nature. Tambi\u00e9n visitaremos el C\u00famulo de Perseo para conocer el agujero negro supermasivo que ha roto todos los esquemas f\u00edsicos con el c\u00e1lculo de su masa: 17000 millones de veces la masa del Sol en una galaxia relativamente peque\u00f1a, la NGC1277. Desafiando a la ciencia, visitamos el Planeta de los V\u00eddeos de Roberto y Enrique Alarc\u00f3n para sumergirnos, c\u00f3mo no, en Fringe de J.J. Abrams para expandir hasta lo inimaginable la ciencia de la mano de Walter Bishop. Con un colega de Bishop, Bruce Banner, hablaremos de Hulk en el c\u00f3mic con V\u00edctor G\u00f3mez y con El\u00edas Fraguas, directamente, asistiremos a la resurrecci\u00f3n del freak m\u00e1s jug\u00f3n de la nave con la tercera entrega de nuestros monogr\u00e1ficos dedicados a indies espa\u00f1oles hoy con Locomalito.<\/p>\n<p>Podcast de la <a href=\"http:\/\/www.rtve.es\/alacarta\/audios\/fallo-de-sistema\/fallo-sistema-episodio-65-ciencia-limite-06-01-13\/1643886\/\">Entrevista \u2013 RTVE<\/a><\/p>\n<p><a href=\"http:\/\/www.ice.csic.es\/en\/view_new.php?NID=196\">Read more<\/a><br \/> [NOT TRANSLATED][\/et_pb_text][\/et_pb_column][\/et_pb_row][\/et_pb_section]<\/p>\n","protected":false},"excerpt":{"rendered":"<p>(Please note that the interview is in Spanish)Fallo de sistema \u2013 Episodio 65: Ciencia l\u00edmite \u2013 06\/01\/2013Empezamos el a\u00f1o poniendo a la ciencia a prueba a trav\u00e9s de dos agujeros negros (uno supermasivo, otro estelar) cuya presencia desaf\u00eda los l\u00edmites establecidos\u2026 Viajaremos a Andr\u00f3meda, a M31, para conocer una fuente ultralum\u00ednica con una emisi\u00f3n de [&hellip;]<\/p>\n","protected":false},"author":0,"featured_media":4928,"comment_status":"closed","ping_status":"open","sticky":false,"template":"","format":"standard","meta":{"_et_pb_use_builder":"on","_et_pb_old_content":"","_et_gb_content_width":"2880","footnotes":""},"categories":[71,76],"tags":[],"class_list":["post-4932","post","type-post","status-publish","format-standard","has-post-thumbnail","hentry","category-announcements","category-other-announcements"],"yoast_head":"<!-- This site is optimized with the Yoast SEO plugin v27.4 - https:\/\/yoast.com\/product\/yoast-seo-wordpress\/ -->\n<title>Margarida Hernanz interviewed for the RTVE program \u201cSystem Failure\u201d - IEEC<\/title>\n<meta name=\"robots\" content=\"index, follow, max-snippet:-1, max-image-preview:large, max-video-preview:-1\" \/>\n<link rel=\"canonical\" href=\"https:\/\/www.ieec.cat\/en\/margarida-hernanz-interviewed-for-the-rtve-program-system-failure\/\" \/>\n<meta property=\"og:locale\" content=\"en_US\" \/>\n<meta property=\"og:type\" content=\"article\" \/>\n<meta property=\"og:title\" content=\"Margarida Hernanz interviewed for the RTVE program \u201cSystem Failure\u201d - IEEC\" \/>\n<meta property=\"og:description\" content=\"(Please note that the interview is in Spanish)Fallo de sistema \u2013 Episodio 65: Ciencia l\u00edmite \u2013 06\/01\/2013Empezamos el a\u00f1o poniendo a la ciencia a prueba a trav\u00e9s de dos agujeros negros (uno supermasivo, otro estelar) cuya presencia desaf\u00eda los l\u00edmites establecidos\u2026 Viajaremos a Andr\u00f3meda, a M31, para conocer una fuente ultralum\u00ednica con una emisi\u00f3n de [&hellip;]\" \/>\n<meta property=\"og:url\" content=\"https:\/\/www.ieec.cat\/en\/margarida-hernanz-interviewed-for-the-rtve-program-system-failure\/\" \/>\n<meta property=\"og:site_name\" content=\"IEEC\" \/>\n<meta property=\"article:published_time\" content=\"2013-01-07T23:00:00+00:00\" \/>\n<meta property=\"article:modified_time\" content=\"2022-12-22T22:20:46+00:00\" \/>\n<meta property=\"og:image\" content=\"https:\/\/www.ieec.cat\/wp-content\/uploads\/2022\/12\/1543421906_f1c7c2a55bafafaaf3f2ed266206c3d1_foto_hernanz1.jpg\" \/>\n\t<meta property=\"og:image:width\" content=\"538\" \/>\n\t<meta property=\"og:image:height\" content=\"529\" \/>\n\t<meta property=\"og:image:type\" content=\"image\/jpeg\" \/>\n<meta name=\"twitter:card\" content=\"summary_large_image\" \/>\n<meta name=\"twitter:label1\" content=\"Est. reading time\" \/>\n\t<meta name=\"twitter:data1\" content=\"1 minute\" \/>\n<script type=\"application\/ld+json\" class=\"yoast-schema-graph\">{\"@context\":\"https:\\\/\\\/schema.org\",\"@graph\":[{\"@type\":\"Article\",\"@id\":\"https:\\\/\\\/www.ieec.cat\\\/en\\\/margarida-hernanz-interviewed-for-the-rtve-program-system-failure\\\/#article\",\"isPartOf\":{\"@id\":\"https:\\\/\\\/www.ieec.cat\\\/en\\\/margarida-hernanz-interviewed-for-the-rtve-program-system-failure\\\/\"},\"author\":{\"name\":\"\",\"@id\":\"\"},\"headline\":\"Margarida Hernanz interviewed for the RTVE program \u201cSystem Failure\u201d\",\"datePublished\":\"2013-01-07T23:00:00+00:00\",\"dateModified\":\"2022-12-22T22:20:46+00:00\",\"mainEntityOfPage\":{\"@id\":\"https:\\\/\\\/www.ieec.cat\\\/en\\\/margarida-hernanz-interviewed-for-the-rtve-program-system-failure\\\/\"},\"wordCount\":669,\"image\":{\"@id\":\"https:\\\/\\\/www.ieec.cat\\\/en\\\/margarida-hernanz-interviewed-for-the-rtve-program-system-failure\\\/#primaryimage\"},\"thumbnailUrl\":\"https:\\\/\\\/www.ieec.cat\\\/wp-content\\\/uploads\\\/2022\\\/12\\\/1543421906_f1c7c2a55bafafaaf3f2ed266206c3d1_foto_hernanz1.jpg\",\"articleSection\":[\"Announcements\",\"Other\"],\"inLanguage\":\"en-US\"},{\"@type\":\"WebPage\",\"@id\":\"https:\\\/\\\/www.ieec.cat\\\/en\\\/margarida-hernanz-interviewed-for-the-rtve-program-system-failure\\\/\",\"url\":\"https:\\\/\\\/www.ieec.cat\\\/en\\\/margarida-hernanz-interviewed-for-the-rtve-program-system-failure\\\/\",\"name\":\"Margarida Hernanz interviewed for the RTVE program \u201cSystem Failure\u201d - IEEC\",\"isPartOf\":{\"@id\":\"https:\\\/\\\/www.ieec.cat\\\/en\\\/#website\"},\"primaryImageOfPage\":{\"@id\":\"https:\\\/\\\/www.ieec.cat\\\/en\\\/margarida-hernanz-interviewed-for-the-rtve-program-system-failure\\\/#primaryimage\"},\"image\":{\"@id\":\"https:\\\/\\\/www.ieec.cat\\\/en\\\/margarida-hernanz-interviewed-for-the-rtve-program-system-failure\\\/#primaryimage\"},\"thumbnailUrl\":\"https:\\\/\\\/www.ieec.cat\\\/wp-content\\\/uploads\\\/2022\\\/12\\\/1543421906_f1c7c2a55bafafaaf3f2ed266206c3d1_foto_hernanz1.jpg\",\"datePublished\":\"2013-01-07T23:00:00+00:00\",\"dateModified\":\"2022-12-22T22:20:46+00:00\",\"author\":{\"@id\":\"\"},\"breadcrumb\":{\"@id\":\"https:\\\/\\\/www.ieec.cat\\\/en\\\/margarida-hernanz-interviewed-for-the-rtve-program-system-failure\\\/#breadcrumb\"},\"inLanguage\":\"en-US\",\"potentialAction\":[{\"@type\":\"ReadAction\",\"target\":[\"https:\\\/\\\/www.ieec.cat\\\/en\\\/margarida-hernanz-interviewed-for-the-rtve-program-system-failure\\\/\"]}]},{\"@type\":\"ImageObject\",\"inLanguage\":\"en-US\",\"@id\":\"https:\\\/\\\/www.ieec.cat\\\/en\\\/margarida-hernanz-interviewed-for-the-rtve-program-system-failure\\\/#primaryimage\",\"url\":\"https:\\\/\\\/www.ieec.cat\\\/wp-content\\\/uploads\\\/2022\\\/12\\\/1543421906_f1c7c2a55bafafaaf3f2ed266206c3d1_foto_hernanz1.jpg\",\"contentUrl\":\"https:\\\/\\\/www.ieec.cat\\\/wp-content\\\/uploads\\\/2022\\\/12\\\/1543421906_f1c7c2a55bafafaaf3f2ed266206c3d1_foto_hernanz1.jpg\",\"width\":538,\"height\":529},{\"@type\":\"BreadcrumbList\",\"@id\":\"https:\\\/\\\/www.ieec.cat\\\/en\\\/margarida-hernanz-interviewed-for-the-rtve-program-system-failure\\\/#breadcrumb\",\"itemListElement\":[{\"@type\":\"ListItem\",\"position\":1,\"name\":\"Portada\",\"item\":\"https:\\\/\\\/www.ieec.cat\\\/en\\\/\"},{\"@type\":\"ListItem\",\"position\":2,\"name\":\"Margarida Hernanz interviewed for the RTVE program \u201cSystem Failure\u201d\"}]},{\"@type\":\"WebSite\",\"@id\":\"https:\\\/\\\/www.ieec.cat\\\/en\\\/#website\",\"url\":\"https:\\\/\\\/www.ieec.cat\\\/en\\\/\",\"name\":\"IEEC\",\"description\":\"Institut d&#039;Estudis Espacials de Catalunya\",\"potentialAction\":[{\"@type\":\"SearchAction\",\"target\":{\"@type\":\"EntryPoint\",\"urlTemplate\":\"https:\\\/\\\/www.ieec.cat\\\/en\\\/?s={search_term_string}\"},\"query-input\":{\"@type\":\"PropertyValueSpecification\",\"valueRequired\":true,\"valueName\":\"search_term_string\"}}],\"inLanguage\":\"en-US\"}]}<\/script>\n<!-- \/ Yoast SEO plugin. -->","yoast_head_json":{"title":"Margarida Hernanz interviewed for the RTVE program \u201cSystem Failure\u201d - IEEC","robots":{"index":"index","follow":"follow","max-snippet":"max-snippet:-1","max-image-preview":"max-image-preview:large","max-video-preview":"max-video-preview:-1"},"canonical":"https:\/\/www.ieec.cat\/en\/margarida-hernanz-interviewed-for-the-rtve-program-system-failure\/","og_locale":"en_US","og_type":"article","og_title":"Margarida Hernanz interviewed for the RTVE program \u201cSystem Failure\u201d - IEEC","og_description":"(Please note that the interview is in Spanish)Fallo de sistema \u2013 Episodio 65: Ciencia l\u00edmite \u2013 06\/01\/2013Empezamos el a\u00f1o poniendo a la ciencia a prueba a trav\u00e9s de dos agujeros negros (uno supermasivo, otro estelar) cuya presencia desaf\u00eda los l\u00edmites establecidos\u2026 Viajaremos a Andr\u00f3meda, a M31, para conocer una fuente ultralum\u00ednica con una emisi\u00f3n de [&hellip;]","og_url":"https:\/\/www.ieec.cat\/en\/margarida-hernanz-interviewed-for-the-rtve-program-system-failure\/","og_site_name":"IEEC","article_published_time":"2013-01-07T23:00:00+00:00","article_modified_time":"2022-12-22T22:20:46+00:00","og_image":[{"width":538,"height":529,"url":"https:\/\/www.ieec.cat\/wp-content\/uploads\/2022\/12\/1543421906_f1c7c2a55bafafaaf3f2ed266206c3d1_foto_hernanz1.jpg","type":"image\/jpeg"}],"twitter_card":"summary_large_image","twitter_misc":{"Est. reading time":"1 minute"},"schema":{"@context":"https:\/\/schema.org","@graph":[{"@type":"Article","@id":"https:\/\/www.ieec.cat\/en\/margarida-hernanz-interviewed-for-the-rtve-program-system-failure\/#article","isPartOf":{"@id":"https:\/\/www.ieec.cat\/en\/margarida-hernanz-interviewed-for-the-rtve-program-system-failure\/"},"author":{"name":"","@id":""},"headline":"Margarida Hernanz interviewed for the RTVE program \u201cSystem Failure\u201d","datePublished":"2013-01-07T23:00:00+00:00","dateModified":"2022-12-22T22:20:46+00:00","mainEntityOfPage":{"@id":"https:\/\/www.ieec.cat\/en\/margarida-hernanz-interviewed-for-the-rtve-program-system-failure\/"},"wordCount":669,"image":{"@id":"https:\/\/www.ieec.cat\/en\/margarida-hernanz-interviewed-for-the-rtve-program-system-failure\/#primaryimage"},"thumbnailUrl":"https:\/\/www.ieec.cat\/wp-content\/uploads\/2022\/12\/1543421906_f1c7c2a55bafafaaf3f2ed266206c3d1_foto_hernanz1.jpg","articleSection":["Announcements","Other"],"inLanguage":"en-US"},{"@type":"WebPage","@id":"https:\/\/www.ieec.cat\/en\/margarida-hernanz-interviewed-for-the-rtve-program-system-failure\/","url":"https:\/\/www.ieec.cat\/en\/margarida-hernanz-interviewed-for-the-rtve-program-system-failure\/","name":"Margarida Hernanz interviewed for the RTVE program \u201cSystem Failure\u201d - IEEC","isPartOf":{"@id":"https:\/\/www.ieec.cat\/en\/#website"},"primaryImageOfPage":{"@id":"https:\/\/www.ieec.cat\/en\/margarida-hernanz-interviewed-for-the-rtve-program-system-failure\/#primaryimage"},"image":{"@id":"https:\/\/www.ieec.cat\/en\/margarida-hernanz-interviewed-for-the-rtve-program-system-failure\/#primaryimage"},"thumbnailUrl":"https:\/\/www.ieec.cat\/wp-content\/uploads\/2022\/12\/1543421906_f1c7c2a55bafafaaf3f2ed266206c3d1_foto_hernanz1.jpg","datePublished":"2013-01-07T23:00:00+00:00","dateModified":"2022-12-22T22:20:46+00:00","author":{"@id":""},"breadcrumb":{"@id":"https:\/\/www.ieec.cat\/en\/margarida-hernanz-interviewed-for-the-rtve-program-system-failure\/#breadcrumb"},"inLanguage":"en-US","potentialAction":[{"@type":"ReadAction","target":["https:\/\/www.ieec.cat\/en\/margarida-hernanz-interviewed-for-the-rtve-program-system-failure\/"]}]},{"@type":"ImageObject","inLanguage":"en-US","@id":"https:\/\/www.ieec.cat\/en\/margarida-hernanz-interviewed-for-the-rtve-program-system-failure\/#primaryimage","url":"https:\/\/www.ieec.cat\/wp-content\/uploads\/2022\/12\/1543421906_f1c7c2a55bafafaaf3f2ed266206c3d1_foto_hernanz1.jpg","contentUrl":"https:\/\/www.ieec.cat\/wp-content\/uploads\/2022\/12\/1543421906_f1c7c2a55bafafaaf3f2ed266206c3d1_foto_hernanz1.jpg","width":538,"height":529},{"@type":"BreadcrumbList","@id":"https:\/\/www.ieec.cat\/en\/margarida-hernanz-interviewed-for-the-rtve-program-system-failure\/#breadcrumb","itemListElement":[{"@type":"ListItem","position":1,"name":"Portada","item":"https:\/\/www.ieec.cat\/en\/"},{"@type":"ListItem","position":2,"name":"Margarida Hernanz interviewed for the RTVE program \u201cSystem Failure\u201d"}]},{"@type":"WebSite","@id":"https:\/\/www.ieec.cat\/en\/#website","url":"https:\/\/www.ieec.cat\/en\/","name":"IEEC","description":"Institut d&#039;Estudis Espacials de Catalunya","potentialAction":[{"@type":"SearchAction","target":{"@type":"EntryPoint","urlTemplate":"https:\/\/www.ieec.cat\/en\/?s={search_term_string}"},"query-input":{"@type":"PropertyValueSpecification","valueRequired":true,"valueName":"search_term_string"}}],"inLanguage":"en-US"}]}},"_links":{"self":[{"href":"https:\/\/www.ieec.cat\/en\/wp-json\/wp\/v2\/posts\/4932","targetHints":{"allow":["GET"]}}],"collection":[{"href":"https:\/\/www.ieec.cat\/en\/wp-json\/wp\/v2\/posts"}],"about":[{"href":"https:\/\/www.ieec.cat\/en\/wp-json\/wp\/v2\/types\/post"}],"replies":[{"embeddable":true,"href":"https:\/\/www.ieec.cat\/en\/wp-json\/wp\/v2\/comments?post=4932"}],"version-history":[{"count":1,"href":"https:\/\/www.ieec.cat\/en\/wp-json\/wp\/v2\/posts\/4932\/revisions"}],"predecessor-version":[{"id":10675,"href":"https:\/\/www.ieec.cat\/en\/wp-json\/wp\/v2\/posts\/4932\/revisions\/10675"}],"wp:featuredmedia":[{"embeddable":true,"href":"https:\/\/www.ieec.cat\/en\/wp-json\/wp\/v2\/media\/4928"}],"wp:attachment":[{"href":"https:\/\/www.ieec.cat\/en\/wp-json\/wp\/v2\/media?parent=4932"}],"wp:term":[{"taxonomy":"category","embeddable":true,"href":"https:\/\/www.ieec.cat\/en\/wp-json\/wp\/v2\/categories?post=4932"},{"taxonomy":"post_tag","embeddable":true,"href":"https:\/\/www.ieec.cat\/en\/wp-json\/wp\/v2\/tags?post=4932"}],"curies":[{"name":"wp","href":"https:\/\/api.w.org\/{rel}","templated":true}]}}