{"id":7773,"date":"2016-02-29T00:00:00","date_gmt":"2016-02-28T23:00:00","guid":{"rendered":"https:\/\/www.ieec.cat\/dilluns-de-ci%c3%a8ncia-lunivers-vist-pels-sat%c3%a8l%c2%b7lits-francisco-j-castander-la-missi%c3%b3-espacial-euclides-estudiant-lenergia-fosca-not-translated\/"},"modified":"2023-01-17T15:11:43","modified_gmt":"2023-01-17T14:11:43","slug":"dilluns-de-ci%c3%a8ncia-lunivers-vist-pels-sat%c3%a8l%c2%b7lits-francisco-j-castander-la-missi%c3%b3-espacial-euclides-estudiant-lenergia-fosca-not-translated","status":"publish","type":"post","link":"https:\/\/www.ieec.cat\/en\/dilluns-de-ci%c3%a8ncia-lunivers-vist-pels-sat%c3%a8l%c2%b7lits-francisco-j-castander-la-missi%c3%b3-espacial-euclides-estudiant-lenergia-fosca-not-translated\/","title":{"rendered":"Dilluns de Ci\u00e8ncia: l\u2019Univers vist pels sat\u00e8l\u00b7lits. Francisco J. Castander: \u201cLa missi\u00f3 espacial Euclides: estudiant l\u2019energia fosca\u201d [NOT TRANSLATED]"},"content":{"rendered":"<p>[et_pb_section fb_built=&#8221;1&#8243; fullwidth=&#8221;on&#8221; _builder_version=&#8221;4.14.8&#8243; _module_preset=&#8221;default&#8221; background_image=&#8221;\/wp-content\/uploads\/2022\/04\/slider-corpo2.jpg&#8221; height=&#8221;114px&#8221; global_colors_info=&#8221;{}&#8221;][\/et_pb_section][et_pb_section fb_built=&#8221;1&#8243; _builder_version=&#8221;4.14.8&#8243; _module_preset=&#8221;default&#8221; custom_margin=&#8221;||0px||false|false&#8221; custom_padding=&#8221;||0px||false|false&#8221; global_colors_info=&#8221;{}&#8221;][et_pb_row _builder_version=&#8221;4.14.8&#8243; _module_preset=&#8221;default&#8221; global_colors_info=&#8221;{}&#8221;][et_pb_column type=&#8221;4_4&#8243; _builder_version=&#8221;4.14.8&#8243; _module_preset=&#8221;default&#8221; global_colors_info=&#8221;{}&#8221;][et_pb_text _builder_version=&#8221;4.14.8&#8243; _dynamic_attributes=&#8221;content&#8221; _module_preset=&#8221;default&#8221; custom_margin=&#8221;0px||0px||false|false&#8221; custom_padding=&#8221;0px||0px||false|false&#8221; global_colors_info=&#8221;{}&#8221;]@ET-DC@eyJkeW5hbWljIjp0cnVlLCJjb250ZW50IjoicG9zdF90aXRsZSIsInNldHRpbmdzIjp7ImJlZm9yZSI6IjxoMSBjbGFzcz1cImVudHJ5X3RpdGxlXCI+IiwiYWZ0ZXIiOiI8L2gxPiJ9fQ==@[\/et_pb_text][et_pb_text _builder_version=&#8221;4.14.8&#8243; _dynamic_attributes=&#8221;content&#8221; _module_preset=&#8221;default&#8221; custom_margin=&#8221;0px|5px|0px||false|false&#8221; custom_padding=&#8221;0px||0px||false|false&#8221; hover_enabled=&#8221;0&#8243; global_colors_info=&#8221;{}&#8221; sticky_enabled=&#8221;0&#8243; custom_css_main_element=&#8221;display: inline-block;&#8221;]@ET-DC@eyJkeW5hbWljIjp0cnVlLCJjb250ZW50IjoiY3VzdG9tX21ldGFfZmVjaGFfZXZlbnRvIiwic2V0dGluZ3MiOnsiYmVmb3JlIjoiIiwiYWZ0ZXIiOiIiLCJlbmFibGVfaHRtbCI6Im9mZiJ9fQ==@[\/et_pb_text][et_pb_text _builder_version=&#8221;4.14.8&#8243; _dynamic_attributes=&#8221;content&#8221; _module_preset=&#8221;default&#8221; custom_margin=&#8221;0px|5px|0px||false|false&#8221; custom_padding=&#8221;0px||0px||false|false&#8221; hover_enabled=&#8221;0&#8243; global_colors_info=&#8221;{}&#8221; sticky_enabled=&#8221;0&#8243; custom_css_main_element=&#8221;display: inline-block;&#8221;]@ET-DC@eyJkeW5hbWljIjp0cnVlLCJjb250ZW50IjoiY3VzdG9tX21ldGFfaG9yYV9ldmVudG8iLCJzZXR0aW5ncyI6eyJiZWZvcmUiOiIiLCJhZnRlciI6IiIsImVuYWJsZV9odG1sIjoib2ZmIn19@[\/et_pb_text][et_pb_text _builder_version=&#8221;4.14.8&#8243; _dynamic_attributes=&#8221;content&#8221; _module_preset=&#8221;default&#8221; custom_margin=&#8221;0px||0px||false|false&#8221; custom_padding=&#8221;0px||0px||false|false&#8221; hover_enabled=&#8221;0&#8243; global_colors_info=&#8221;{}&#8221; sticky_enabled=&#8221;0&#8243; module_class=&#8221;event-organizations&#8221;]@ET-DC@eyJkeW5hbWljIjp0cnVlLCJjb250ZW50IjoiY3VzdG9tX21ldGFfb3JnYW5pemFjaW9uZXMiLCJzZXR0aW5ncyI6eyJiZWZvcmUiOiIiLCJhZnRlciI6IiIsImVuYWJsZV9odG1sIjoib2ZmIn19@[\/et_pb_text][et_pb_text _builder_version=&#8221;4.14.8&#8243; _dynamic_attributes=&#8221;content&#8221; _module_preset=&#8221;default&#8221; custom_margin=&#8221;0px||0px||false|false&#8221; custom_padding=&#8221;0px||0px||false|false&#8221; hover_enabled=&#8221;0&#8243; global_colors_info=&#8221;{}&#8221; sticky_enabled=&#8221;0&#8243;]@ET-DC@eyJkeW5hbWljIjp0cnVlLCJjb250ZW50IjoiY3VzdG9tX21ldGFfbHVnYXJfZXZlbnRvIiwic2V0dGluZ3MiOnsiYmVmb3JlIjoiIiwiYWZ0ZXIiOiIiLCJlbmFibGVfaHRtbCI6Im9mZiJ9fQ==@[\/et_pb_text][\/et_pb_column][\/et_pb_row][\/et_pb_section][et_pb_section fb_built=&#8221;1&#8243; _builder_version=&#8221;4.14.8&#8243; _module_preset=&#8221;default&#8221; custom_margin=&#8221;0px||||false|false&#8221; custom_padding=&#8221;0px||||false|false&#8221; top_divider_color=&#8221;RGBA(255,255,255,0)&#8221; top_divider_height=&#8221;0px&#8221; global_colors_info=&#8221;{}&#8221;][et_pb_row _builder_version=&#8221;4.14.8&#8243; _module_preset=&#8221;default&#8221; global_colors_info=&#8221;{}&#8221;][et_pb_column type=&#8221;4_4&#8243; _builder_version=&#8221;4.14.8&#8243; _module_preset=&#8221;default&#8221; global_colors_info=&#8221;{}&#8221;][et_pb_text _builder_version=&#8221;4.14.8&#8243; _module_preset=&#8221;default&#8221; global_colors_info=&#8221;{}&#8221;]El proper dilluns 29 de febrer a les 18:30, la sala d&#8217;actes de la delegaci\u00f3 del CSIC a Catalunya acull la confer\u00e8ncia &#8220;La missi\u00f3 espacial Euclides: estudiant l&#8217;energia fosca&#8221; a c\u00e0rrec de l&#8217;investigador de  l&#8217;ICE (IEEC-CSIC), Francisco J. Castander. La xerrada s&#8217;emmarca en el cicle de confer\u00e8ncies &#8216;Dilluns de ci\u00e8ncia: l&#8217;Univers vist pels sat\u00e8l\u00b7lits&#8217;.<\/p>\n<p>La missi\u00f3 espacial Euclides de l\u2019Ag\u00e8ncia Espacial Europea t\u00e9 com a principal objectiu l\u2019estudi de l\u2019energia fosca. Va ser seleccionada per l\u2019ESA el 2010 i s\u2019espera que sigui llan\u00e7ada el 2020. Euclides far\u00e0 un cartografiat del cel de 15.000 graus quadrats en l\u2019\u00f2ptic i en l\u2019infraroig proper, i detectar\u00e0 centenars de milions de gal\u00e0xies. Estudiar\u00e0 l\u2019energia fosca observant les distorsions gravitat\u00f2ries i l\u2019agrupament de les gal\u00e0xies. L\u2019Institut de Ci\u00e8ncies de l\u2019Espai participa activament a la missi\u00f3 amb la contribuci\u00f3 als instruments, al segment cient\u00edfic de terra, als grups d\u2019explotaci\u00f3 cient\u00edfica i a la direcci\u00f3 del projecte.<\/p>\n<p>M\u00e9s informaci\u00f3 a: [NOT TRANSLATED][\/et_pb_text][\/et_pb_column][\/et_pb_row][\/et_pb_section]<\/p>\n","protected":false},"excerpt":{"rendered":"<p>El proper dilluns 29 de febrer a les 18:30, la sala d&#8217;actes de la delegaci\u00f3 del CSIC a Catalunya acull la confer\u00e8ncia &#8220;La missi\u00f3 espacial Euclides: estudiant l&#8217;energia fosca&#8221; a c\u00e0rrec de l&#8217;investigador de l&#8217;ICE (IEEC-CSIC), Francisco J. Castander. La xerrada s&#8217;emmarca en el cicle de confer\u00e8ncies &#8216;Dilluns de ci\u00e8ncia: l&#8217;Univers vist pels sat\u00e8l\u00b7lits&#8217;.La missi\u00f3 [&hellip;]<\/p>\n","protected":false},"author":0,"featured_media":18254,"comment_status":"closed","ping_status":"open","sticky":false,"template":"","format":"standard","meta":{"_et_pb_use_builder":"on","_et_pb_old_content":"","_et_gb_content_width":"2880","footnotes":""},"categories":[72,86],"tags":[],"class_list":["post-7773","post","type-post","status-publish","format-standard","has-post-thumbnail","hentry","category-events","category-outreach"],"yoast_head":"<!-- This site is optimized with the Yoast SEO plugin v27.4 - https:\/\/yoast.com\/product\/yoast-seo-wordpress\/ -->\n<title>Dilluns de Ci\u00e8ncia: l\u2019Univers vist pels sat\u00e8l\u00b7lits. Francisco J. Castander: \u201cLa missi\u00f3 espacial Euclides: estudiant l\u2019energia fosca\u201d [NOT TRANSLATED] - IEEC<\/title>\n<meta name=\"robots\" content=\"index, follow, max-snippet:-1, max-image-preview:large, max-video-preview:-1\" \/>\n<link rel=\"canonical\" href=\"https:\/\/www.ieec.cat\/en\/dilluns-de-ci%c3%a8ncia-lunivers-vist-pels-sat%c3%a8l%c2%b7lits-francisco-j-castander-la-missi%c3%b3-espacial-euclides-estudiant-lenergia-fosca-not-translated\/\" \/>\n<meta property=\"og:locale\" content=\"en_US\" \/>\n<meta property=\"og:type\" content=\"article\" \/>\n<meta property=\"og:title\" content=\"Dilluns de Ci\u00e8ncia: l\u2019Univers vist pels sat\u00e8l\u00b7lits. Francisco J. Castander: \u201cLa missi\u00f3 espacial Euclides: estudiant l\u2019energia fosca\u201d [NOT TRANSLATED] - IEEC\" \/>\n<meta property=\"og:description\" content=\"El proper dilluns 29 de febrer a les 18:30, la sala d&#039;actes de la delegaci\u00f3 del CSIC a Catalunya acull la confer\u00e8ncia &quot;La missi\u00f3 espacial Euclides: estudiant l&#039;energia fosca&quot; a c\u00e0rrec de l&#039;investigador de l&#039;ICE (IEEC-CSIC), Francisco J. Castander. La xerrada s&#039;emmarca en el cicle de confer\u00e8ncies &#039;Dilluns de ci\u00e8ncia: l&#039;Univers vist pels sat\u00e8l\u00b7lits&#039;.La missi\u00f3 [&hellip;]\" \/>\n<meta property=\"og:url\" content=\"https:\/\/www.ieec.cat\/en\/dilluns-de-ci%c3%a8ncia-lunivers-vist-pels-sat%c3%a8l%c2%b7lits-francisco-j-castander-la-missi%c3%b3-espacial-euclides-estudiant-lenergia-fosca-not-translated\/\" \/>\n<meta property=\"og:site_name\" content=\"IEEC\" \/>\n<meta property=\"article:published_time\" content=\"2016-02-28T23:00:00+00:00\" \/>\n<meta property=\"article:modified_time\" content=\"2023-01-17T14:11:43+00:00\" \/>\n<meta property=\"og:image\" content=\"https:\/\/www.ieec.cat\/wp-content\/uploads\/2023\/04\/logo-pagina-v4.jpg\" \/>\n\t<meta property=\"og:image:width\" content=\"600\" \/>\n\t<meta property=\"og:image:height\" content=\"500\" \/>\n\t<meta property=\"og:image:type\" content=\"image\/jpeg\" \/>\n<meta name=\"twitter:card\" content=\"summary_large_image\" \/>\n<meta name=\"twitter:label1\" content=\"Est. reading time\" \/>\n\t<meta name=\"twitter:data1\" content=\"1 minute\" \/>\n<script type=\"application\/ld+json\" class=\"yoast-schema-graph\">{\"@context\":\"https:\\\/\\\/schema.org\",\"@graph\":[{\"@type\":\"Article\",\"@id\":\"https:\\\/\\\/www.ieec.cat\\\/en\\\/dilluns-de-ci%c3%a8ncia-lunivers-vist-pels-sat%c3%a8l%c2%b7lits-francisco-j-castander-la-missi%c3%b3-espacial-euclides-estudiant-lenergia-fosca-not-translated\\\/#article\",\"isPartOf\":{\"@id\":\"https:\\\/\\\/www.ieec.cat\\\/en\\\/dilluns-de-ci%c3%a8ncia-lunivers-vist-pels-sat%c3%a8l%c2%b7lits-francisco-j-castander-la-missi%c3%b3-espacial-euclides-estudiant-lenergia-fosca-not-translated\\\/\"},\"author\":{\"name\":\"\",\"@id\":\"\"},\"headline\":\"Dilluns de Ci\u00e8ncia: l\u2019Univers vist pels sat\u00e8l\u00b7lits. Francisco J. Castander: \u201cLa missi\u00f3 espacial Euclides: estudiant l\u2019energia fosca\u201d [NOT TRANSLATED]\",\"datePublished\":\"2016-02-28T23:00:00+00:00\",\"dateModified\":\"2023-01-17T14:11:43+00:00\",\"mainEntityOfPage\":{\"@id\":\"https:\\\/\\\/www.ieec.cat\\\/en\\\/dilluns-de-ci%c3%a8ncia-lunivers-vist-pels-sat%c3%a8l%c2%b7lits-francisco-j-castander-la-missi%c3%b3-espacial-euclides-estudiant-lenergia-fosca-not-translated\\\/\"},\"wordCount\":634,\"image\":{\"@id\":\"https:\\\/\\\/www.ieec.cat\\\/en\\\/dilluns-de-ci%c3%a8ncia-lunivers-vist-pels-sat%c3%a8l%c2%b7lits-francisco-j-castander-la-missi%c3%b3-espacial-euclides-estudiant-lenergia-fosca-not-translated\\\/#primaryimage\"},\"thumbnailUrl\":\"https:\\\/\\\/www.ieec.cat\\\/wp-content\\\/uploads\\\/2023\\\/04\\\/logo-pagina-v4.jpg\",\"articleSection\":[\"Events\",\"Outreach\"],\"inLanguage\":\"en-US\"},{\"@type\":\"WebPage\",\"@id\":\"https:\\\/\\\/www.ieec.cat\\\/en\\\/dilluns-de-ci%c3%a8ncia-lunivers-vist-pels-sat%c3%a8l%c2%b7lits-francisco-j-castander-la-missi%c3%b3-espacial-euclides-estudiant-lenergia-fosca-not-translated\\\/\",\"url\":\"https:\\\/\\\/www.ieec.cat\\\/en\\\/dilluns-de-ci%c3%a8ncia-lunivers-vist-pels-sat%c3%a8l%c2%b7lits-francisco-j-castander-la-missi%c3%b3-espacial-euclides-estudiant-lenergia-fosca-not-translated\\\/\",\"name\":\"Dilluns de Ci\u00e8ncia: l\u2019Univers vist pels sat\u00e8l\u00b7lits. Francisco J. Castander: \u201cLa missi\u00f3 espacial Euclides: estudiant l\u2019energia fosca\u201d [NOT TRANSLATED] - IEEC\",\"isPartOf\":{\"@id\":\"https:\\\/\\\/www.ieec.cat\\\/en\\\/#website\"},\"primaryImageOfPage\":{\"@id\":\"https:\\\/\\\/www.ieec.cat\\\/en\\\/dilluns-de-ci%c3%a8ncia-lunivers-vist-pels-sat%c3%a8l%c2%b7lits-francisco-j-castander-la-missi%c3%b3-espacial-euclides-estudiant-lenergia-fosca-not-translated\\\/#primaryimage\"},\"image\":{\"@id\":\"https:\\\/\\\/www.ieec.cat\\\/en\\\/dilluns-de-ci%c3%a8ncia-lunivers-vist-pels-sat%c3%a8l%c2%b7lits-francisco-j-castander-la-missi%c3%b3-espacial-euclides-estudiant-lenergia-fosca-not-translated\\\/#primaryimage\"},\"thumbnailUrl\":\"https:\\\/\\\/www.ieec.cat\\\/wp-content\\\/uploads\\\/2023\\\/04\\\/logo-pagina-v4.jpg\",\"datePublished\":\"2016-02-28T23:00:00+00:00\",\"dateModified\":\"2023-01-17T14:11:43+00:00\",\"author\":{\"@id\":\"\"},\"breadcrumb\":{\"@id\":\"https:\\\/\\\/www.ieec.cat\\\/en\\\/dilluns-de-ci%c3%a8ncia-lunivers-vist-pels-sat%c3%a8l%c2%b7lits-francisco-j-castander-la-missi%c3%b3-espacial-euclides-estudiant-lenergia-fosca-not-translated\\\/#breadcrumb\"},\"inLanguage\":\"en-US\",\"potentialAction\":[{\"@type\":\"ReadAction\",\"target\":[\"https:\\\/\\\/www.ieec.cat\\\/en\\\/dilluns-de-ci%c3%a8ncia-lunivers-vist-pels-sat%c3%a8l%c2%b7lits-francisco-j-castander-la-missi%c3%b3-espacial-euclides-estudiant-lenergia-fosca-not-translated\\\/\"]}]},{\"@type\":\"ImageObject\",\"inLanguage\":\"en-US\",\"@id\":\"https:\\\/\\\/www.ieec.cat\\\/en\\\/dilluns-de-ci%c3%a8ncia-lunivers-vist-pels-sat%c3%a8l%c2%b7lits-francisco-j-castander-la-missi%c3%b3-espacial-euclides-estudiant-lenergia-fosca-not-translated\\\/#primaryimage\",\"url\":\"https:\\\/\\\/www.ieec.cat\\\/wp-content\\\/uploads\\\/2023\\\/04\\\/logo-pagina-v4.jpg\",\"contentUrl\":\"https:\\\/\\\/www.ieec.cat\\\/wp-content\\\/uploads\\\/2023\\\/04\\\/logo-pagina-v4.jpg\",\"width\":600,\"height\":500,\"caption\":\"Logo IEEC\"},{\"@type\":\"BreadcrumbList\",\"@id\":\"https:\\\/\\\/www.ieec.cat\\\/en\\\/dilluns-de-ci%c3%a8ncia-lunivers-vist-pels-sat%c3%a8l%c2%b7lits-francisco-j-castander-la-missi%c3%b3-espacial-euclides-estudiant-lenergia-fosca-not-translated\\\/#breadcrumb\",\"itemListElement\":[{\"@type\":\"ListItem\",\"position\":1,\"name\":\"Portada\",\"item\":\"https:\\\/\\\/www.ieec.cat\\\/en\\\/\"},{\"@type\":\"ListItem\",\"position\":2,\"name\":\"Dilluns de Ci\u00e8ncia: l\u2019Univers vist pels sat\u00e8l\u00b7lits. Francisco J. Castander: \u201cLa missi\u00f3 espacial Euclides: estudiant l\u2019energia fosca\u201d [NOT TRANSLATED]\"}]},{\"@type\":\"WebSite\",\"@id\":\"https:\\\/\\\/www.ieec.cat\\\/en\\\/#website\",\"url\":\"https:\\\/\\\/www.ieec.cat\\\/en\\\/\",\"name\":\"IEEC\",\"description\":\"Institut d&#039;Estudis Espacials de Catalunya\",\"potentialAction\":[{\"@type\":\"SearchAction\",\"target\":{\"@type\":\"EntryPoint\",\"urlTemplate\":\"https:\\\/\\\/www.ieec.cat\\\/en\\\/?s={search_term_string}\"},\"query-input\":{\"@type\":\"PropertyValueSpecification\",\"valueRequired\":true,\"valueName\":\"search_term_string\"}}],\"inLanguage\":\"en-US\"}]}<\/script>\n<!-- \/ Yoast SEO plugin. -->","yoast_head_json":{"title":"Dilluns de Ci\u00e8ncia: l\u2019Univers vist pels sat\u00e8l\u00b7lits. Francisco J. Castander: \u201cLa missi\u00f3 espacial Euclides: estudiant l\u2019energia fosca\u201d [NOT TRANSLATED] - IEEC","robots":{"index":"index","follow":"follow","max-snippet":"max-snippet:-1","max-image-preview":"max-image-preview:large","max-video-preview":"max-video-preview:-1"},"canonical":"https:\/\/www.ieec.cat\/en\/dilluns-de-ci%c3%a8ncia-lunivers-vist-pels-sat%c3%a8l%c2%b7lits-francisco-j-castander-la-missi%c3%b3-espacial-euclides-estudiant-lenergia-fosca-not-translated\/","og_locale":"en_US","og_type":"article","og_title":"Dilluns de Ci\u00e8ncia: l\u2019Univers vist pels sat\u00e8l\u00b7lits. Francisco J. Castander: \u201cLa missi\u00f3 espacial Euclides: estudiant l\u2019energia fosca\u201d [NOT TRANSLATED] - IEEC","og_description":"El proper dilluns 29 de febrer a les 18:30, la sala d'actes de la delegaci\u00f3 del CSIC a Catalunya acull la confer\u00e8ncia \"La missi\u00f3 espacial Euclides: estudiant l'energia fosca\" a c\u00e0rrec de l'investigador de l'ICE (IEEC-CSIC), Francisco J. Castander. La xerrada s'emmarca en el cicle de confer\u00e8ncies 'Dilluns de ci\u00e8ncia: l'Univers vist pels sat\u00e8l\u00b7lits'.La missi\u00f3 [&hellip;]","og_url":"https:\/\/www.ieec.cat\/en\/dilluns-de-ci%c3%a8ncia-lunivers-vist-pels-sat%c3%a8l%c2%b7lits-francisco-j-castander-la-missi%c3%b3-espacial-euclides-estudiant-lenergia-fosca-not-translated\/","og_site_name":"IEEC","article_published_time":"2016-02-28T23:00:00+00:00","article_modified_time":"2023-01-17T14:11:43+00:00","og_image":[{"width":600,"height":500,"url":"https:\/\/www.ieec.cat\/wp-content\/uploads\/2023\/04\/logo-pagina-v4.jpg","type":"image\/jpeg"}],"twitter_card":"summary_large_image","twitter_misc":{"Est. reading time":"1 minute"},"schema":{"@context":"https:\/\/schema.org","@graph":[{"@type":"Article","@id":"https:\/\/www.ieec.cat\/en\/dilluns-de-ci%c3%a8ncia-lunivers-vist-pels-sat%c3%a8l%c2%b7lits-francisco-j-castander-la-missi%c3%b3-espacial-euclides-estudiant-lenergia-fosca-not-translated\/#article","isPartOf":{"@id":"https:\/\/www.ieec.cat\/en\/dilluns-de-ci%c3%a8ncia-lunivers-vist-pels-sat%c3%a8l%c2%b7lits-francisco-j-castander-la-missi%c3%b3-espacial-euclides-estudiant-lenergia-fosca-not-translated\/"},"author":{"name":"","@id":""},"headline":"Dilluns de Ci\u00e8ncia: l\u2019Univers vist pels sat\u00e8l\u00b7lits. Francisco J. Castander: \u201cLa missi\u00f3 espacial Euclides: estudiant l\u2019energia fosca\u201d [NOT TRANSLATED]","datePublished":"2016-02-28T23:00:00+00:00","dateModified":"2023-01-17T14:11:43+00:00","mainEntityOfPage":{"@id":"https:\/\/www.ieec.cat\/en\/dilluns-de-ci%c3%a8ncia-lunivers-vist-pels-sat%c3%a8l%c2%b7lits-francisco-j-castander-la-missi%c3%b3-espacial-euclides-estudiant-lenergia-fosca-not-translated\/"},"wordCount":634,"image":{"@id":"https:\/\/www.ieec.cat\/en\/dilluns-de-ci%c3%a8ncia-lunivers-vist-pels-sat%c3%a8l%c2%b7lits-francisco-j-castander-la-missi%c3%b3-espacial-euclides-estudiant-lenergia-fosca-not-translated\/#primaryimage"},"thumbnailUrl":"https:\/\/www.ieec.cat\/wp-content\/uploads\/2023\/04\/logo-pagina-v4.jpg","articleSection":["Events","Outreach"],"inLanguage":"en-US"},{"@type":"WebPage","@id":"https:\/\/www.ieec.cat\/en\/dilluns-de-ci%c3%a8ncia-lunivers-vist-pels-sat%c3%a8l%c2%b7lits-francisco-j-castander-la-missi%c3%b3-espacial-euclides-estudiant-lenergia-fosca-not-translated\/","url":"https:\/\/www.ieec.cat\/en\/dilluns-de-ci%c3%a8ncia-lunivers-vist-pels-sat%c3%a8l%c2%b7lits-francisco-j-castander-la-missi%c3%b3-espacial-euclides-estudiant-lenergia-fosca-not-translated\/","name":"Dilluns de Ci\u00e8ncia: l\u2019Univers vist pels sat\u00e8l\u00b7lits. Francisco J. Castander: \u201cLa missi\u00f3 espacial Euclides: estudiant l\u2019energia fosca\u201d [NOT TRANSLATED] - IEEC","isPartOf":{"@id":"https:\/\/www.ieec.cat\/en\/#website"},"primaryImageOfPage":{"@id":"https:\/\/www.ieec.cat\/en\/dilluns-de-ci%c3%a8ncia-lunivers-vist-pels-sat%c3%a8l%c2%b7lits-francisco-j-castander-la-missi%c3%b3-espacial-euclides-estudiant-lenergia-fosca-not-translated\/#primaryimage"},"image":{"@id":"https:\/\/www.ieec.cat\/en\/dilluns-de-ci%c3%a8ncia-lunivers-vist-pels-sat%c3%a8l%c2%b7lits-francisco-j-castander-la-missi%c3%b3-espacial-euclides-estudiant-lenergia-fosca-not-translated\/#primaryimage"},"thumbnailUrl":"https:\/\/www.ieec.cat\/wp-content\/uploads\/2023\/04\/logo-pagina-v4.jpg","datePublished":"2016-02-28T23:00:00+00:00","dateModified":"2023-01-17T14:11:43+00:00","author":{"@id":""},"breadcrumb":{"@id":"https:\/\/www.ieec.cat\/en\/dilluns-de-ci%c3%a8ncia-lunivers-vist-pels-sat%c3%a8l%c2%b7lits-francisco-j-castander-la-missi%c3%b3-espacial-euclides-estudiant-lenergia-fosca-not-translated\/#breadcrumb"},"inLanguage":"en-US","potentialAction":[{"@type":"ReadAction","target":["https:\/\/www.ieec.cat\/en\/dilluns-de-ci%c3%a8ncia-lunivers-vist-pels-sat%c3%a8l%c2%b7lits-francisco-j-castander-la-missi%c3%b3-espacial-euclides-estudiant-lenergia-fosca-not-translated\/"]}]},{"@type":"ImageObject","inLanguage":"en-US","@id":"https:\/\/www.ieec.cat\/en\/dilluns-de-ci%c3%a8ncia-lunivers-vist-pels-sat%c3%a8l%c2%b7lits-francisco-j-castander-la-missi%c3%b3-espacial-euclides-estudiant-lenergia-fosca-not-translated\/#primaryimage","url":"https:\/\/www.ieec.cat\/wp-content\/uploads\/2023\/04\/logo-pagina-v4.jpg","contentUrl":"https:\/\/www.ieec.cat\/wp-content\/uploads\/2023\/04\/logo-pagina-v4.jpg","width":600,"height":500,"caption":"Logo IEEC"},{"@type":"BreadcrumbList","@id":"https:\/\/www.ieec.cat\/en\/dilluns-de-ci%c3%a8ncia-lunivers-vist-pels-sat%c3%a8l%c2%b7lits-francisco-j-castander-la-missi%c3%b3-espacial-euclides-estudiant-lenergia-fosca-not-translated\/#breadcrumb","itemListElement":[{"@type":"ListItem","position":1,"name":"Portada","item":"https:\/\/www.ieec.cat\/en\/"},{"@type":"ListItem","position":2,"name":"Dilluns de Ci\u00e8ncia: l\u2019Univers vist pels sat\u00e8l\u00b7lits. Francisco J. Castander: \u201cLa missi\u00f3 espacial Euclides: estudiant l\u2019energia fosca\u201d [NOT TRANSLATED]"}]},{"@type":"WebSite","@id":"https:\/\/www.ieec.cat\/en\/#website","url":"https:\/\/www.ieec.cat\/en\/","name":"IEEC","description":"Institut d&#039;Estudis Espacials de Catalunya","potentialAction":[{"@type":"SearchAction","target":{"@type":"EntryPoint","urlTemplate":"https:\/\/www.ieec.cat\/en\/?s={search_term_string}"},"query-input":{"@type":"PropertyValueSpecification","valueRequired":true,"valueName":"search_term_string"}}],"inLanguage":"en-US"}]}},"_links":{"self":[{"href":"https:\/\/www.ieec.cat\/en\/wp-json\/wp\/v2\/posts\/7773","targetHints":{"allow":["GET"]}}],"collection":[{"href":"https:\/\/www.ieec.cat\/en\/wp-json\/wp\/v2\/posts"}],"about":[{"href":"https:\/\/www.ieec.cat\/en\/wp-json\/wp\/v2\/types\/post"}],"replies":[{"embeddable":true,"href":"https:\/\/www.ieec.cat\/en\/wp-json\/wp\/v2\/comments?post=7773"}],"version-history":[{"count":3,"href":"https:\/\/www.ieec.cat\/en\/wp-json\/wp\/v2\/posts\/7773\/revisions"}],"predecessor-version":[{"id":15935,"href":"https:\/\/www.ieec.cat\/en\/wp-json\/wp\/v2\/posts\/7773\/revisions\/15935"}],"wp:featuredmedia":[{"embeddable":true,"href":"https:\/\/www.ieec.cat\/en\/wp-json\/wp\/v2\/media\/18254"}],"wp:attachment":[{"href":"https:\/\/www.ieec.cat\/en\/wp-json\/wp\/v2\/media?parent=7773"}],"wp:term":[{"taxonomy":"category","embeddable":true,"href":"https:\/\/www.ieec.cat\/en\/wp-json\/wp\/v2\/categories?post=7773"},{"taxonomy":"post_tag","embeddable":true,"href":"https:\/\/www.ieec.cat\/en\/wp-json\/wp\/v2\/tags?post=7773"}],"curies":[{"name":"wp","href":"https:\/\/api.w.org\/{rel}","templated":true}]}}