{"id":19959,"date":"2023-05-12T11:30:00","date_gmt":"2023-05-12T09:30:00","guid":{"rendered":"https:\/\/www.ieec.cat\/detectada-la-explosi%c3%b3n-c%c3%b3smica-m%c3%a1s-duradera-jam%c3%a1s-observada\/"},"modified":"2023-07-27T14:50:04","modified_gmt":"2023-07-27T12:50:04","slug":"detectada-la-explosi%c3%b3n-c%c3%b3smica-m%c3%a1s-duradera-jam%c3%a1s-observada","status":"publish","type":"post","link":"https:\/\/www.ieec.cat\/es\/detectada-la-explosi%c3%b3n-c%c3%b3smica-m%c3%a1s-duradera-jam%c3%a1s-observada\/","title":{"rendered":"Detectada la explosi\u00f3n c\u00f3smica m\u00e1s duradera jam\u00e1s observada"},"content":{"rendered":"<p>[et_pb_section fb_built=\u00bb1&#8243; fullwidth=\u00bbon\u00bb theme_builder_area=\u00bbpost_content\u00bb _builder_version=\u00bb4.14.8&#8243; _module_preset=\u00bbdefault\u00bb height=\u00bb114px\u00bb background_color=\u00bb\u00bb hover_enabled=\u00bb0&#8243; sticky_enabled=\u00bb0&#8243; title_text=\u00bb\u00bb background_image=\u00bb\/wp-content\/uploads\/2022\/04\/slider-corpo2.jpg\u00bb][\/et_pb_section][et_pb_section fb_built=\u00bb1&#8243; theme_builder_area=\u00bbpost_content\u00bb _builder_version=\u00bb4.14.8&#8243; _module_preset=\u00bbdefault\u00bb custom_padding=\u00bb||0px||false|false\u00bb custom_margin=\u00bb||0px||false|false\u00bb hover_enabled=\u00bb0&#8243; sticky_enabled=\u00bb0&#8243;][et_pb_row _builder_version=\u00bb4.14.8&#8243; _module_preset=\u00bbdefault\u00bb theme_builder_area=\u00bbpost_content\u00bb][et_pb_column _builder_version=\u00bb4.14.8&#8243; _module_preset=\u00bbdefault\u00bb type=\u00bb4_4&#8243; theme_builder_area=\u00bbpost_content\u00bb][et_pb_text _builder_version=\u00bb4.14.8&#8243; _module_preset=\u00bbdefault\u00bb theme_builder_area=\u00bbpost_content\u00bb _dynamic_attributes=\u00bbcontent\u00bb hover_enabled=\u00bb0&#8243; sticky_enabled=\u00bb0&#8243; custom_margin=\u00bb0px||0px||false|false\u00bb custom_padding=\u00bb0px||0px||false|false\u00bb]@ET-DC@eyJkeW5hbWljIjp0cnVlLCJjb250ZW50IjoicG9zdF90aXRsZSIsInNldHRpbmdzIjp7ImJlZm9yZSI6IjxoMSBjbGFzcz1cImVudHJ5X3RpdGxlXCI+IiwiYWZ0ZXIiOiI8L2gxPiJ9fQ==@[\/et_pb_text][et_pb_text _builder_version=\u00bb4.14.8&#8243; _module_preset=\u00bbdefault\u00bb theme_builder_area=\u00bbpost_content\u00bb _dynamic_attributes=\u00bbcontent\u00bb custom_padding=\u00bb0px||0px||false|false\u00bb custom_margin=\u00bb0px||0px||false|false\u00bb hover_enabled=\u00bb0&#8243; sticky_enabled=\u00bb0&#8243;]@ET-DC@eyJkeW5hbWljIjp0cnVlLCJjb250ZW50IjoicG9zdF9kYXRlIiwic2V0dGluZ3MiOnsiYmVmb3JlIjoiIiwiYWZ0ZXIiOiIiLCJkYXRlX2Zvcm1hdCI6ImN1c3RvbSIsImN1c3RvbV9kYXRlX2Zvcm1hdCI6IlktbS1kIEg6aTpzIn19@[\/et_pb_text][\/et_pb_column][\/et_pb_row][\/et_pb_section][et_pb_section fb_built=\u00bb1&#8243; _builder_version=\u00bb4.14.8&#8243; _module_preset=\u00bbdefault\u00bb custom_margin=\u00bb0px||||false|false\u00bb custom_padding=\u00bb0px||||false|false\u00bb top_divider_color=\u00bbRGBA(255,255,255,0)\u00bb top_divider_height=\u00bb0px\u00bb hover_enabled=\u00bb0&#8243; global_colors_info=\u00bb{}\u00bb sticky_enabled=\u00bb0&#8243;][et_pb_row column_structure=\u00bb4_4&#8243; _builder_version=\u00bb4.14.8&#8243; _module_preset=\u00bbdefault\u00bb global_colors_info=\u00bb{}\u00bb][et_pb_column type=\u00bb4_4&#8243; _builder_version=\u00bb4.14.8&#8243; _module_preset=\u00bbdefault\u00bb global_colors_info=\u00bb{}\u00bb][et_pb_image src=\u00bbhttps:\/\/www.ieec.cat\/wp-content\/uploads\/2023\/07\/1683883392_a4e93fcf039fa0cc84e63d2573cf69e3_artist_impression_of_a_black_hole_accretion_credit_john_a_paice_r.jpg\u00bb alt=\u00bbAstronomers reveal the largest cosmic explosion ever seen\u00bb _builder_version=\u00bb4.14.8&#8243; _module_preset=\u00bbdefault\u00bb title_text=\u00bbPR_Image1.png\u00bb hover_enabled=\u00bb0&#8243; sticky_enabled=\u00bb0&#8243; width=\u00bb600px\u00bb module_alignment=\u00bbcenter\u00bb][\/et_pb_image][et_pb_text _builder_version=\u00bb4.14.8&#8243; _module_preset=\u00bbdefault\u00bb global_colors_info=\u00bb{}\u00bb]<strong>La explosi&oacute;n estelar, conocida como AT2021lwx, tiene una duraci&oacute;n actual de m&aacute;s de tres a&ntilde;os, en comparaci&oacute;n con la mayor&iacute;a de supernovas, que s&oacute;lo son visibles durante unos meses.<\/strong><\/p>\n<p><strong>Expertos del IEEC en el Instituto de Ciencias del Espacio (ICE-CSIC) han estudiado la explosi&oacute;n, que es m&aacute;s de 10 veces m&aacute;s brillante que ninguna otra supernova.<\/strong><\/p>\n<p><strong>Ocurri&oacute; a una distancia de aproximadamente 8.000 millones de a&ntilde;os luz, cuando el universo ten&iacute;a alrededor de 6.000 millones de a&ntilde;os.<\/strong><br \/>\n<span style=\"background-color:transparent; color:#000000\">&nbsp;<\/span><br \/>\n<span style=\"background-color:transparent; color:#000000\">Un equipo internacional de astr&oacute;nomos, liderado por la Universidad de Southampton y con la participaci&oacute;n de investigadores del <\/span><a href=\"https:\/\/www.ieec.cat\/es\/\" style=\"text-decoration:none;\"><u>Institut d&rsquo;Estudis Espacials de Catalunya<\/u><\/a><span style=\"background-color:transparent; color:#000000\"> (IEEC) en el <\/span><a href=\"https:\/\/www.ice.csic.es\/\" style=\"text-decoration:none;\"><u>Instituto de Ciencias del Espacio<\/u><\/a><span style=\"background-color:transparent; color:#000000\"> (ICE-CSIC), han descubierto la explosi&oacute;n c&oacute;smica m&aacute;s duradera jam&aacute;s vista, tal como presentan en un art&iacute;culo publicado hoy en la revista <\/span><em>Monthly Notices of the Royal Astronomical Society.<\/em><\/p>\n<p><span style=\"background-color:transparent; color:#000000\">La explosi&oacute;n es m&aacute;s de 10 veces m&aacute;s brillante que ninguna otra supernova conocida (explosi&oacute;n estelar) y 3 veces m&aacute;s brillante que el evento de disrupci&oacute;n de marea, fen&oacute;meno astron&oacute;mico en el que una estrella se acerca demasiado a un agujero negro supermasivo y &lsquo;cae&rsquo; dentro de &eacute;l.<\/span><\/p>\n<p><span style=\"background-color:transparent; color:#000000\"><strong>La explosi&oacute;n estelar, conocida como AT2021lwx, ha tenido una duraci&oacute;n de m&aacute;s de tres a&ntilde;os<\/strong>, en comparaci&oacute;n con la mayor&iacute;a de supernovas que s&oacute;lo son visiblemente luminosas durante unos meses. AT2021lwx tuvo lugar a una distancia aproximada de 8.000 millones de a&ntilde;os luz, cuando el universo ten&iacute;a unos 6.000 millones de a&ntilde;os, y todav&iacute;a est&aacute; siendo detectada por una red de telescopios.<\/span><\/p>\n<p><span style=\"background-color:transparent; color:#000000\">El equipo cree que la explosi&oacute;n es resultado de una gran nube de gas, posiblemente miles de veces m&aacute;s grande que nuestro Sol, que ha sido despedazada violentamente por un agujero negro supermasivo. Los fragmentos de la nube ser&iacute;an consumidos, enviando ondas de choque a trav&eacute;s de sus restos, as&iacute; como a una especie de gran &lsquo;rosquilla&rsquo; polvorienta que rodea el agujero negro. Este tipo de eventos son excepcionales y hasta ahora no se hab&iacute;a observado ninguno de este calibre.&nbsp;<\/span><\/p>\n<p><span style=\"background-color:transparent; color:#000000\">El a&ntilde;o pasado, el mismo equipo presenci&oacute; la explosi&oacute;n m&aacute;s brillante nunca registrada: un estallido de rayos gamma conocido como GRB 221009A. Aunque este fue m&aacute;s brillante que el acontecimiento AT2021lwx, dur&oacute; solo una fracci&oacute;n del tiempo, lo que significa que la energ&iacute;a total liberada por la explosi&oacute;n de la AT2021lwx es mucho m&aacute;s grande.<\/span><\/p>\n<p><span style=\"background-color:#ffffff; color:#212529\">&laquo;<\/span><span style=\"background-color:transparent; color:#000000\">Es realmente impactante cuando encuentras un evento transitorio, compruebas su brillo y te das cuenta de que es un orden de magnitud m&aacute;s brillante que cualquier otra supernova<\/span><span style=\"background-color:#ffffff; color:#212529\">&raquo;<\/span><span style=\"background-color:transparent; color:#000000\">, dice <strong>Llu&iacute;s Galbany<\/strong>, investigador del IEEC en el ICE-CSIC. <\/span><span style=\"background-color:#ffffff; color:#212529\">&laquo;<\/span><span style=\"background-color:transparent; color:#000000\">Cuando nuestros colaboradores nos comunicaron la existencia de este evento&nbsp; transitorio, r&aacute;pidamente preparamos una propuesta de respuesta r&aacute;pida para observarlo con el Gran Telescopio Canarias<\/span><span style=\"background-color:#ffffff; color:#212529\">&raquo;<\/span><span style=\"background-color:transparent; color:#000000\">, a&ntilde;ade.<\/span><\/p>\n<p><strong>Detectada gracias a una red de telescopios<\/strong><\/p>\n<p><span style=\"background-color:transparent; color:#000000\">AT2021lwx fue detectada por primera vez en 2020 por la Zwicky Transient Facility en California y posteriormente recogida por el El Sistema de &Uacute;ltima Alerta de Impacto Terrestre de Asteroides (ATLAS, por su sigla en ingl&eacute;s), con sede en Haw&aacute;i. Estas instalaciones examinan el cielo nocturno para detectar objetos transitorios que cambian r&aacute;pidamente de brillo, lo que lleva a detectar eventos c&oacute;smicos como supernovas, as&iacute; como asteroides y cometas. Hasta ahora se desconoc&iacute;a la magnitud de la explosi&oacute;n.<\/span><\/p>\n<p><span style=\"background-color:#ffffff; color:#212529\">&laquo;<\/span><span style=\"background-color:transparent; color:#000000\">Nos encontramos con esto por casualidad, ya que nuestro algoritmo de b&uacute;squeda lo se&ntilde;al&oacute; cuando busc&aacute;bamos un tipo de supernova<\/span><span style=\"background-color:#ffffff; color:#212529\">&raquo;<\/span><span style=\"background-color:transparent; color:#000000\">, dice el Dr. Philip Wiseman, investigador de la Universidad de Southampton y l&iacute;der de la investigaci&oacute;n. <\/span><span style=\"background-color:#ffffff; color:#212529\">&laquo;<\/span><span style=\"background-color:transparent; color:#000000\">La mayor&iacute;a de las supernovas y eventos de disrupci&oacute;n de marea solo duran un par de meses antes de desaparecer. Que algo fuese brillante durante m&aacute;s de dos a&ntilde;os fue muy inusual<\/span><span style=\"background-color:#ffffff; color:#212529\">&raquo;<\/span><span style=\"background-color:transparent; color:#000000\">.<\/span><\/p>\n<p><span style=\"background-color:transparent; color:#000000\">El equipo investig&oacute; m&aacute;s a fondo el objeto con varios telescopios diferentes: el Telescopio Neil Gehrels Swift (una colaboraci&oacute;n entre la NASA, Reino Unido e Italia), el New Technology Telescope (operado por el Observatorio Europeo Austral) en Chile y el Gran Telescopio Canarias en La Palma, Espa&ntilde;a.<\/span><\/p>\n<p><span style=\"background-color:#ffffff; color:#212529\">&laquo;<\/span><span style=\"background-color:transparent; color:#000000\">Dada la singularidad de este evento, lo observamos en diferentes longitudes de onda con el objetivo de comprender su naturaleza. En particular, nuestra propuesta al Gran Telescopio Canarias (GTC) nos permiti&oacute; observar la presencia y ausencia de diferentes l&iacute;neas espectrales y compararlas con las de otros eventos transitorios conocidos para comprender mejor los procesos f&iacute;sicos detr&aacute;s de esta fuente brillante<\/span><span style=\"background-color:#ffffff; color:#212529\">&raquo;<\/span><span style=\"background-color:transparent; color:#000000\">, apunta <strong>Tom&aacute;s. E. M&uuml;ller Bravo<\/strong>, investigador postdoctoral del IEEC en el ICE-CSIC e Investigador Principal de la propuesta al GTC.<\/span><\/p>\n<p><strong>Midiendo la distancia a la explosi&oacute;n<\/strong><\/p>\n<p><span style=\"background-color:transparent; color:#000000\">Al analizar el espectro de la luz, dividirlo en diferentes longitudes de onda y medir las diferentes caracter&iacute;sticas de absorci&oacute;n y emisi&oacute;n del espectro, el equipo pudo medir la distancia al objeto.<\/span><\/p>\n<p><span style=\"background-color:transparent; color:#000000\">Los &uacute;nicos objetos en el universo que son tan brillantes como AT2021lwx son los cu&aacute;sares, agujeros negros supermasivos con un flujo constante de gas que cae sobre ellos a alta velocidad.<\/span><\/p>\n<p><span style=\"background-color:#ffffff; color:#212529\">&laquo;<\/span><span style=\"background-color:transparent; color:#000000\">Cuando descubres un evento transitorio con propiedades diferentes a las que acostumbras a monitorizar, tu primera reacci&oacute;n es tratar de explicar qu&eacute; eventos pueden producirlos y c&oacute;mo. Como consecuencia, aparecen m&uacute;ltiples alternativas, pero muy pocas pueden describir tus observaciones<\/span><span style=\"background-color:#ffffff; color:#212529\">&raquo;<\/span><span style=\"background-color:transparent; color:#000000\">, dice <strong>Claudia Guti&eacute;rrez<\/strong>, investigadora posdoctoral del ICE-CSIC. <\/span><span style=\"background-color:#ffffff; color:#212529\">&laquo;<\/span><span style=\"background-color:transparent; color:#000000\">Esto es lo que pas&oacute; con este evento<\/span><span style=\"background-color:#ffffff; color:#212529\">&raquo;<\/span><span style=\"background-color:transparent; color:#000000\">, a&ntilde;ade.<\/span><\/p>\n<p><strong>&iquest;Qu&eacute; caus&oacute; la explosi&oacute;n?<\/strong><\/p>\n<p><span style=\"background-color:transparent; color:#000000\">Hay diferentes teor&iacute;as sobre lo que podr&iacute;a haber causado tal explosi&oacute;n, pero el equipo considera que la explicaci&oacute;n m&aacute;s factible es que una nube extremadamente grande de gas (principalmente hidr&oacute;geno) o polvo se ha desviado de su &oacute;rbita alrededor del agujero negro y ha sido atrapada por este.<br \/>\n&nbsp;<\/span><br \/>\n<span style=\"background-color:transparent; color:#000000\">El equipo ahora se propone recopilar m&aacute;s datos sobre la explosi&oacute;n, midiendo diferentes longitudes de onda, incluidos los rayos X, que podr&iacute;an revelar la superficie y la temperatura del objeto, as&iacute; como otros procesos subyacentes. Tambi&eacute;n llevar&aacute;n a cabo simulaciones computacionales mejoradas para comprobar si coinciden con su teor&iacute;a de la causa de la explosi&oacute;n.<\/span><\/p>\n<p><em>Nota de prensa elaborada en colaboraci&oacute;n con el Instituto de Ciencias del Espacio (ICE-CSIC).<\/em><\/p>\n<p><strong>Imagen Principal<\/strong><\/p>\n<p><span style=\"background-color:transparent; color:#000000\">Leyenda: I<\/span><span style=\"background-color:transparent; color:#000000\">mpresi&oacute;n art&iacute;stica de la acreci&oacute;n de un agujero negro.<\/span><br \/>\n<span style=\"background-color:transparent; color:#000000\">Cr&eacute;dito: <\/span><span style=\"background-color:transparent; color:#000000\">John A. Paice.<\/span><\/p>\n<p><strong>Enlaces<\/strong><\/p>\n<p><span style=\"background-color:#ffffff; color:#222222\">&#8211; <\/span><a href=\"http:\/\/www.ieec.cat\/es\" style=\"text-decoration:none;\"><u>IEEC<\/u><\/a><br \/>\n&#8211; <a href=\"https:\/\/www.ice.csic.es\/\">ICE-CSIC<\/a><\/p>\n<p><strong>M&aacute;s informaci&oacute;n<\/strong><\/p>\n<p><span style=\"background-color:#ffffff; color:#222222\">Esta investigaci&oacute;n se presenta en un art&iacute;culo titulado <\/span><span style=\"background-color:transparent; color:#000000\">&laquo;<\/span><span style=\"background-color:#ffffff; color:#222222\">Multiwavelength observations of the extraordinary accretion event AT2021lwx<\/span><span style=\"background-color:transparent; color:#000000\">&raquo;<\/span><span style=\"background-color:#ffffff; color:#222222\">, de P. Wiseman <\/span><em>et al.<\/em><span style=\"background-color:#ffffff; color:#222222\">, incluidos L. Galbany, T. M&uuml;ller-Bravo y Claudia Guti&eacute;rrez, que ha aparecido en la revista <\/span><em>Monthly Notices of the Royal Astronomical Society<\/em><span style=\"background-color:#ffffff; color:#222222\"> el 12 de mayo de 2023. Doi.org\/10.1093\/mnras\/stad1000<\/span><\/p>\n<p><span style=\"background-color:transparent; color:#222222\">El Institut d&rsquo;Estudis Espacials de Catalunya (IEEC) promueve y coordina la investigaci&oacute;n y el desarrollo tecnol&oacute;gico espacial en Catalu&ntilde;a en beneficio de la sociedad. El IEEC fomenta las colaboraciones tanto a nivel local como mundial, y es un eficiente agente de transferencia de conocimiento, innovaci&oacute;n y tecnolog&iacute;a. Como resultado de m&aacute;s de 25 a&ntilde;os de investigaci&oacute;n de alta calidad, llevada a cabo en colaboraci&oacute;n con las principales organizaciones internacionales, el IEEC se encuentra entre los mejores centros de investigaci&oacute;n internacionales, centrados en &aacute;reas como: astrof&iacute;sica, cosmolog&iacute;a, ciencias planetarias y observaci&oacute;n de la Tierra. La divisi&oacute;n de ingenier&iacute;a del IEEC desarrolla instrumentaci&oacute;n para proyectos terrestres y espaciales, y tiene una amplia experiencia trabajando con organizaciones privadas y p&uacute;blicas del sector aeroespacial y otros sectores de innovaci&oacute;n.<\/span><\/p>\n<p><span style=\"background-color:transparent; color:#222222\">El IEEC es una fundaci&oacute;n privada sin &aacute;nimo de lucro, regida por un Patronato compuesto por la Generalitat de Catalunya y otras cuatro instituciones con una unidad cient&iacute;fica cada una, que en conjunto constituyen el n&uacute;cleo de la actividad de I+D del IEEC: la Universitat de Barcelona (UB) con la unidad de investigaci&oacute;n ICCUB &#8211; Instituto de Ciencias del Cosmos; la Universitat Aut&ograve;noma de Barcelona (UAB) con la unidad de investigaci&oacute;n CERES &#8211; Centro de Estudios e Investigaci&oacute;n Espaciales; la Universitat Polit&egrave;cnica de Catalunya &middot; BarcelonaTech (UPC) con la unidad de investigaci&oacute;n CTE &#8211; Grupo de Investigaci&oacute;n en Ciencias y Tecnolog&iacute;as del Espacio; y el Consejo Superior de Investigaciones Cient&iacute;ficas (CSIC) con la unidad de investigaci&oacute;n ICE &#8211; Instituto de Ciencias del Espacio. El IEEC es un centro CERCA (Centres de Recerca de Catalunya).<\/span><\/p>\n<p><strong>Contactos<\/p>\n<p><em>Oficina de Comunicaci&oacute;n del IEEC<\/em><\/strong><br \/>\n<em>Barcelona, Espa&ntilde;a<\/em><br \/>\n<span style=\"background-color:#ffffff; color:#222222\">Correo electr&oacute;nico: <\/span><a href=\"mailto:comunicacio@ieec.cat\" style=\"text-decoration:none;\"><u>comunicacio@ieec.cat<\/u><\/a><span style=\"background-color:#ffffff; color:#222222\">&nbsp;<\/span><\/p>\n<p><strong><em>Autor Principal en el IEEC<\/em><\/strong><br \/>\n<em>Barcelona, Espa&ntilde;a<\/em><br \/>\n<span style=\"background-color:#ffffff; color:#222222\">Llu&iacute;s Galbany<\/span><br \/>\n<span style=\"background-color:#ffffff; color:#222222\">Institut d&rsquo;Estudis Espacials de Catalunya (IEEC)<\/span><br \/>\n<span style=\"background-color:#ffffff; color:#222222\">Instituto de Ciencias del Espacio (ICE-CSIC)<\/span><br \/>\n<span style=\"background-color:#ffffff; color:#222222\">Correo electr&oacute;nico: <\/span><a href=\"mailto:lgalbany@ieec.cat\" style=\"text-decoration:none;\"><u>lgalbany@ieec.cat<\/u><\/a><br \/>\n&nbsp;[\/et_pb_text][\/et_pb_column][\/et_pb_row][\/et_pb_section]<\/p>\n","protected":false},"excerpt":{"rendered":"<p>La explosi&oacute;n estelar, conocida como AT2021lwx, tiene una duraci&oacute;n actual de m&aacute;s de tres a&ntilde;os, en comparaci&oacute;n con la mayor&iacute;a de supernovas, que s&oacute;lo son visibles durante unos meses. Expertos del IEEC en el Instituto de Ciencias del Espacio (ICE-CSIC) han estudiado la explosi&oacute;n, que es m&aacute;s de 10 veces m&aacute;s brillante que ninguna otra [&hellip;]<\/p>\n","protected":false},"author":1,"featured_media":19954,"comment_status":"closed","ping_status":"open","sticky":false,"template":"","format":"standard","meta":{"_et_pb_use_builder":"on","_et_pb_old_content":"","_et_gb_content_width":"2880","footnotes":""},"categories":[99,75,38],"tags":[],"class_list":["post-19959","post","type-post","status-publish","format-standard","has-post-thumbnail","hentry","category-ciencia-noticias","category-noticias","category-sense-categoria"],"yoast_head":"<!-- This site is optimized with the Yoast SEO plugin v27.4 - https:\/\/yoast.com\/product\/yoast-seo-wordpress\/ -->\n<title>Detectada la explosi\u00f3n c\u00f3smica m\u00e1s duradera jam\u00e1s observada - IEEC<\/title>\n<meta name=\"robots\" content=\"index, follow, max-snippet:-1, max-image-preview:large, max-video-preview:-1\" \/>\n<link rel=\"canonical\" href=\"https:\/\/www.ieec.cat\/es\/detectada-la-explosi%c3%b3n-c%c3%b3smica-m%c3%a1s-duradera-jam%c3%a1s-observada\/\" \/>\n<meta property=\"og:locale\" content=\"es_ES\" \/>\n<meta property=\"og:type\" content=\"article\" \/>\n<meta property=\"og:title\" content=\"Detectada la explosi\u00f3n c\u00f3smica m\u00e1s duradera jam\u00e1s observada - IEEC\" \/>\n<meta property=\"og:description\" content=\"La explosi&oacute;n estelar, conocida como AT2021lwx, tiene una duraci&oacute;n actual de m&aacute;s de tres a&ntilde;os, en comparaci&oacute;n con la mayor&iacute;a de supernovas, que s&oacute;lo son visibles durante unos meses. Expertos del IEEC en el Instituto de Ciencias del Espacio (ICE-CSIC) han estudiado la explosi&oacute;n, que es m&aacute;s de 10 veces m&aacute;s brillante que ninguna otra [&hellip;]\" \/>\n<meta property=\"og:url\" content=\"https:\/\/www.ieec.cat\/es\/detectada-la-explosi%c3%b3n-c%c3%b3smica-m%c3%a1s-duradera-jam%c3%a1s-observada\/\" \/>\n<meta property=\"og:site_name\" content=\"IEEC\" \/>\n<meta property=\"article:published_time\" content=\"2023-05-12T09:30:00+00:00\" \/>\n<meta property=\"article:modified_time\" content=\"2023-07-27T12:50:04+00:00\" \/>\n<meta property=\"og:image\" content=\"https:\/\/www.ieec.cat\/wp-content\/uploads\/2023\/07\/1683883392_a4e93fcf039fa0cc84e63d2573cf69e3_artist_impression_of_a_black_hole_accretion_credit_john_a_paice_r.jpg\" \/>\n\t<meta property=\"og:image:width\" content=\"2000\" \/>\n\t<meta property=\"og:image:height\" content=\"1413\" \/>\n\t<meta property=\"og:image:type\" content=\"image\/jpeg\" \/>\n<meta name=\"author\" content=\"admin\" \/>\n<meta name=\"twitter:card\" content=\"summary_large_image\" \/>\n<meta name=\"twitter:label1\" content=\"Escrito por\" \/>\n\t<meta name=\"twitter:data1\" content=\"admin\" \/>\n\t<meta name=\"twitter:label2\" content=\"Tiempo de lectura\" \/>\n\t<meta name=\"twitter:data2\" content=\"8 minutos\" \/>\n<script type=\"application\/ld+json\" class=\"yoast-schema-graph\">{\"@context\":\"https:\\\/\\\/schema.org\",\"@graph\":[{\"@type\":\"Article\",\"@id\":\"https:\\\/\\\/www.ieec.cat\\\/es\\\/detectada-la-explosi%c3%b3n-c%c3%b3smica-m%c3%a1s-duradera-jam%c3%a1s-observada\\\/#article\",\"isPartOf\":{\"@id\":\"https:\\\/\\\/www.ieec.cat\\\/es\\\/detectada-la-explosi%c3%b3n-c%c3%b3smica-m%c3%a1s-duradera-jam%c3%a1s-observada\\\/\"},\"author\":{\"name\":\"admin\",\"@id\":\"https:\\\/\\\/www.ieec.cat\\\/es\\\/#\\\/schema\\\/person\\\/6fad9f460d1c69b12d5c8c631a6ed279\"},\"headline\":\"Detectada la explosi\u00f3n c\u00f3smica m\u00e1s duradera jam\u00e1s observada\",\"datePublished\":\"2023-05-12T09:30:00+00:00\",\"dateModified\":\"2023-07-27T12:50:04+00:00\",\"mainEntityOfPage\":{\"@id\":\"https:\\\/\\\/www.ieec.cat\\\/es\\\/detectada-la-explosi%c3%b3n-c%c3%b3smica-m%c3%a1s-duradera-jam%c3%a1s-observada\\\/\"},\"wordCount\":2072,\"image\":{\"@id\":\"https:\\\/\\\/www.ieec.cat\\\/es\\\/detectada-la-explosi%c3%b3n-c%c3%b3smica-m%c3%a1s-duradera-jam%c3%a1s-observada\\\/#primaryimage\"},\"thumbnailUrl\":\"https:\\\/\\\/www.ieec.cat\\\/wp-content\\\/uploads\\\/2023\\\/07\\\/1683883392_a4e93fcf039fa0cc84e63d2573cf69e3_artist_impression_of_a_black_hole_accretion_credit_john_a_paice_r.jpg\",\"articleSection\":[\"Ciencia\",\"Noticias\",\"Sense categoria\"],\"inLanguage\":\"es\"},{\"@type\":\"WebPage\",\"@id\":\"https:\\\/\\\/www.ieec.cat\\\/es\\\/detectada-la-explosi%c3%b3n-c%c3%b3smica-m%c3%a1s-duradera-jam%c3%a1s-observada\\\/\",\"url\":\"https:\\\/\\\/www.ieec.cat\\\/es\\\/detectada-la-explosi%c3%b3n-c%c3%b3smica-m%c3%a1s-duradera-jam%c3%a1s-observada\\\/\",\"name\":\"Detectada la explosi\u00f3n c\u00f3smica m\u00e1s duradera jam\u00e1s observada - IEEC\",\"isPartOf\":{\"@id\":\"https:\\\/\\\/www.ieec.cat\\\/es\\\/#website\"},\"primaryImageOfPage\":{\"@id\":\"https:\\\/\\\/www.ieec.cat\\\/es\\\/detectada-la-explosi%c3%b3n-c%c3%b3smica-m%c3%a1s-duradera-jam%c3%a1s-observada\\\/#primaryimage\"},\"image\":{\"@id\":\"https:\\\/\\\/www.ieec.cat\\\/es\\\/detectada-la-explosi%c3%b3n-c%c3%b3smica-m%c3%a1s-duradera-jam%c3%a1s-observada\\\/#primaryimage\"},\"thumbnailUrl\":\"https:\\\/\\\/www.ieec.cat\\\/wp-content\\\/uploads\\\/2023\\\/07\\\/1683883392_a4e93fcf039fa0cc84e63d2573cf69e3_artist_impression_of_a_black_hole_accretion_credit_john_a_paice_r.jpg\",\"datePublished\":\"2023-05-12T09:30:00+00:00\",\"dateModified\":\"2023-07-27T12:50:04+00:00\",\"author\":{\"@id\":\"https:\\\/\\\/www.ieec.cat\\\/es\\\/#\\\/schema\\\/person\\\/6fad9f460d1c69b12d5c8c631a6ed279\"},\"breadcrumb\":{\"@id\":\"https:\\\/\\\/www.ieec.cat\\\/es\\\/detectada-la-explosi%c3%b3n-c%c3%b3smica-m%c3%a1s-duradera-jam%c3%a1s-observada\\\/#breadcrumb\"},\"inLanguage\":\"es\",\"potentialAction\":[{\"@type\":\"ReadAction\",\"target\":[\"https:\\\/\\\/www.ieec.cat\\\/es\\\/detectada-la-explosi%c3%b3n-c%c3%b3smica-m%c3%a1s-duradera-jam%c3%a1s-observada\\\/\"]}]},{\"@type\":\"ImageObject\",\"inLanguage\":\"es\",\"@id\":\"https:\\\/\\\/www.ieec.cat\\\/es\\\/detectada-la-explosi%c3%b3n-c%c3%b3smica-m%c3%a1s-duradera-jam%c3%a1s-observada\\\/#primaryimage\",\"url\":\"https:\\\/\\\/www.ieec.cat\\\/wp-content\\\/uploads\\\/2023\\\/07\\\/1683883392_a4e93fcf039fa0cc84e63d2573cf69e3_artist_impression_of_a_black_hole_accretion_credit_john_a_paice_r.jpg\",\"contentUrl\":\"https:\\\/\\\/www.ieec.cat\\\/wp-content\\\/uploads\\\/2023\\\/07\\\/1683883392_a4e93fcf039fa0cc84e63d2573cf69e3_artist_impression_of_a_black_hole_accretion_credit_john_a_paice_r.jpg\",\"width\":2000,\"height\":1413},{\"@type\":\"BreadcrumbList\",\"@id\":\"https:\\\/\\\/www.ieec.cat\\\/es\\\/detectada-la-explosi%c3%b3n-c%c3%b3smica-m%c3%a1s-duradera-jam%c3%a1s-observada\\\/#breadcrumb\",\"itemListElement\":[{\"@type\":\"ListItem\",\"position\":1,\"name\":\"Portada\",\"item\":\"https:\\\/\\\/www.ieec.cat\\\/es\\\/\"},{\"@type\":\"ListItem\",\"position\":2,\"name\":\"Detectada la explosi\u00f3n c\u00f3smica m\u00e1s duradera jam\u00e1s observada\"}]},{\"@type\":\"WebSite\",\"@id\":\"https:\\\/\\\/www.ieec.cat\\\/es\\\/#website\",\"url\":\"https:\\\/\\\/www.ieec.cat\\\/es\\\/\",\"name\":\"IEEC\",\"description\":\"Institut d&#039;Estudis Espacials de Catalunya\",\"potentialAction\":[{\"@type\":\"SearchAction\",\"target\":{\"@type\":\"EntryPoint\",\"urlTemplate\":\"https:\\\/\\\/www.ieec.cat\\\/es\\\/?s={search_term_string}\"},\"query-input\":{\"@type\":\"PropertyValueSpecification\",\"valueRequired\":true,\"valueName\":\"search_term_string\"}}],\"inLanguage\":\"es\"},{\"@type\":\"Person\",\"@id\":\"https:\\\/\\\/www.ieec.cat\\\/es\\\/#\\\/schema\\\/person\\\/6fad9f460d1c69b12d5c8c631a6ed279\",\"name\":\"admin\",\"image\":{\"@type\":\"ImageObject\",\"inLanguage\":\"es\",\"@id\":\"https:\\\/\\\/secure.gravatar.com\\\/avatar\\\/1c55d1c09aab0cfb97cd8aacfe71a5ad05ff38b4bffb8e3d4e00f2ffa631c499?s=96&d=mm&r=g\",\"url\":\"https:\\\/\\\/secure.gravatar.com\\\/avatar\\\/1c55d1c09aab0cfb97cd8aacfe71a5ad05ff38b4bffb8e3d4e00f2ffa631c499?s=96&d=mm&r=g\",\"contentUrl\":\"https:\\\/\\\/secure.gravatar.com\\\/avatar\\\/1c55d1c09aab0cfb97cd8aacfe71a5ad05ff38b4bffb8e3d4e00f2ffa631c499?s=96&d=mm&r=g\",\"caption\":\"admin\"}}]}<\/script>\n<!-- \/ Yoast SEO plugin. -->","yoast_head_json":{"title":"Detectada la explosi\u00f3n c\u00f3smica m\u00e1s duradera jam\u00e1s observada - IEEC","robots":{"index":"index","follow":"follow","max-snippet":"max-snippet:-1","max-image-preview":"max-image-preview:large","max-video-preview":"max-video-preview:-1"},"canonical":"https:\/\/www.ieec.cat\/es\/detectada-la-explosi%c3%b3n-c%c3%b3smica-m%c3%a1s-duradera-jam%c3%a1s-observada\/","og_locale":"es_ES","og_type":"article","og_title":"Detectada la explosi\u00f3n c\u00f3smica m\u00e1s duradera jam\u00e1s observada - IEEC","og_description":"La explosi&oacute;n estelar, conocida como AT2021lwx, tiene una duraci&oacute;n actual de m&aacute;s de tres a&ntilde;os, en comparaci&oacute;n con la mayor&iacute;a de supernovas, que s&oacute;lo son visibles durante unos meses. Expertos del IEEC en el Instituto de Ciencias del Espacio (ICE-CSIC) han estudiado la explosi&oacute;n, que es m&aacute;s de 10 veces m&aacute;s brillante que ninguna otra [&hellip;]","og_url":"https:\/\/www.ieec.cat\/es\/detectada-la-explosi%c3%b3n-c%c3%b3smica-m%c3%a1s-duradera-jam%c3%a1s-observada\/","og_site_name":"IEEC","article_published_time":"2023-05-12T09:30:00+00:00","article_modified_time":"2023-07-27T12:50:04+00:00","og_image":[{"width":2000,"height":1413,"url":"https:\/\/www.ieec.cat\/wp-content\/uploads\/2023\/07\/1683883392_a4e93fcf039fa0cc84e63d2573cf69e3_artist_impression_of_a_black_hole_accretion_credit_john_a_paice_r.jpg","type":"image\/jpeg"}],"author":"admin","twitter_card":"summary_large_image","twitter_misc":{"Escrito por":"admin","Tiempo de lectura":"8 minutos"},"schema":{"@context":"https:\/\/schema.org","@graph":[{"@type":"Article","@id":"https:\/\/www.ieec.cat\/es\/detectada-la-explosi%c3%b3n-c%c3%b3smica-m%c3%a1s-duradera-jam%c3%a1s-observada\/#article","isPartOf":{"@id":"https:\/\/www.ieec.cat\/es\/detectada-la-explosi%c3%b3n-c%c3%b3smica-m%c3%a1s-duradera-jam%c3%a1s-observada\/"},"author":{"name":"admin","@id":"https:\/\/www.ieec.cat\/es\/#\/schema\/person\/6fad9f460d1c69b12d5c8c631a6ed279"},"headline":"Detectada la explosi\u00f3n c\u00f3smica m\u00e1s duradera jam\u00e1s observada","datePublished":"2023-05-12T09:30:00+00:00","dateModified":"2023-07-27T12:50:04+00:00","mainEntityOfPage":{"@id":"https:\/\/www.ieec.cat\/es\/detectada-la-explosi%c3%b3n-c%c3%b3smica-m%c3%a1s-duradera-jam%c3%a1s-observada\/"},"wordCount":2072,"image":{"@id":"https:\/\/www.ieec.cat\/es\/detectada-la-explosi%c3%b3n-c%c3%b3smica-m%c3%a1s-duradera-jam%c3%a1s-observada\/#primaryimage"},"thumbnailUrl":"https:\/\/www.ieec.cat\/wp-content\/uploads\/2023\/07\/1683883392_a4e93fcf039fa0cc84e63d2573cf69e3_artist_impression_of_a_black_hole_accretion_credit_john_a_paice_r.jpg","articleSection":["Ciencia","Noticias","Sense categoria"],"inLanguage":"es"},{"@type":"WebPage","@id":"https:\/\/www.ieec.cat\/es\/detectada-la-explosi%c3%b3n-c%c3%b3smica-m%c3%a1s-duradera-jam%c3%a1s-observada\/","url":"https:\/\/www.ieec.cat\/es\/detectada-la-explosi%c3%b3n-c%c3%b3smica-m%c3%a1s-duradera-jam%c3%a1s-observada\/","name":"Detectada la explosi\u00f3n c\u00f3smica m\u00e1s duradera jam\u00e1s observada - IEEC","isPartOf":{"@id":"https:\/\/www.ieec.cat\/es\/#website"},"primaryImageOfPage":{"@id":"https:\/\/www.ieec.cat\/es\/detectada-la-explosi%c3%b3n-c%c3%b3smica-m%c3%a1s-duradera-jam%c3%a1s-observada\/#primaryimage"},"image":{"@id":"https:\/\/www.ieec.cat\/es\/detectada-la-explosi%c3%b3n-c%c3%b3smica-m%c3%a1s-duradera-jam%c3%a1s-observada\/#primaryimage"},"thumbnailUrl":"https:\/\/www.ieec.cat\/wp-content\/uploads\/2023\/07\/1683883392_a4e93fcf039fa0cc84e63d2573cf69e3_artist_impression_of_a_black_hole_accretion_credit_john_a_paice_r.jpg","datePublished":"2023-05-12T09:30:00+00:00","dateModified":"2023-07-27T12:50:04+00:00","author":{"@id":"https:\/\/www.ieec.cat\/es\/#\/schema\/person\/6fad9f460d1c69b12d5c8c631a6ed279"},"breadcrumb":{"@id":"https:\/\/www.ieec.cat\/es\/detectada-la-explosi%c3%b3n-c%c3%b3smica-m%c3%a1s-duradera-jam%c3%a1s-observada\/#breadcrumb"},"inLanguage":"es","potentialAction":[{"@type":"ReadAction","target":["https:\/\/www.ieec.cat\/es\/detectada-la-explosi%c3%b3n-c%c3%b3smica-m%c3%a1s-duradera-jam%c3%a1s-observada\/"]}]},{"@type":"ImageObject","inLanguage":"es","@id":"https:\/\/www.ieec.cat\/es\/detectada-la-explosi%c3%b3n-c%c3%b3smica-m%c3%a1s-duradera-jam%c3%a1s-observada\/#primaryimage","url":"https:\/\/www.ieec.cat\/wp-content\/uploads\/2023\/07\/1683883392_a4e93fcf039fa0cc84e63d2573cf69e3_artist_impression_of_a_black_hole_accretion_credit_john_a_paice_r.jpg","contentUrl":"https:\/\/www.ieec.cat\/wp-content\/uploads\/2023\/07\/1683883392_a4e93fcf039fa0cc84e63d2573cf69e3_artist_impression_of_a_black_hole_accretion_credit_john_a_paice_r.jpg","width":2000,"height":1413},{"@type":"BreadcrumbList","@id":"https:\/\/www.ieec.cat\/es\/detectada-la-explosi%c3%b3n-c%c3%b3smica-m%c3%a1s-duradera-jam%c3%a1s-observada\/#breadcrumb","itemListElement":[{"@type":"ListItem","position":1,"name":"Portada","item":"https:\/\/www.ieec.cat\/es\/"},{"@type":"ListItem","position":2,"name":"Detectada la explosi\u00f3n c\u00f3smica m\u00e1s duradera jam\u00e1s observada"}]},{"@type":"WebSite","@id":"https:\/\/www.ieec.cat\/es\/#website","url":"https:\/\/www.ieec.cat\/es\/","name":"IEEC","description":"Institut d&#039;Estudis Espacials de Catalunya","potentialAction":[{"@type":"SearchAction","target":{"@type":"EntryPoint","urlTemplate":"https:\/\/www.ieec.cat\/es\/?s={search_term_string}"},"query-input":{"@type":"PropertyValueSpecification","valueRequired":true,"valueName":"search_term_string"}}],"inLanguage":"es"},{"@type":"Person","@id":"https:\/\/www.ieec.cat\/es\/#\/schema\/person\/6fad9f460d1c69b12d5c8c631a6ed279","name":"admin","image":{"@type":"ImageObject","inLanguage":"es","@id":"https:\/\/secure.gravatar.com\/avatar\/1c55d1c09aab0cfb97cd8aacfe71a5ad05ff38b4bffb8e3d4e00f2ffa631c499?s=96&d=mm&r=g","url":"https:\/\/secure.gravatar.com\/avatar\/1c55d1c09aab0cfb97cd8aacfe71a5ad05ff38b4bffb8e3d4e00f2ffa631c499?s=96&d=mm&r=g","contentUrl":"https:\/\/secure.gravatar.com\/avatar\/1c55d1c09aab0cfb97cd8aacfe71a5ad05ff38b4bffb8e3d4e00f2ffa631c499?s=96&d=mm&r=g","caption":"admin"}}]}},"_links":{"self":[{"href":"https:\/\/www.ieec.cat\/es\/wp-json\/wp\/v2\/posts\/19959","targetHints":{"allow":["GET"]}}],"collection":[{"href":"https:\/\/www.ieec.cat\/es\/wp-json\/wp\/v2\/posts"}],"about":[{"href":"https:\/\/www.ieec.cat\/es\/wp-json\/wp\/v2\/types\/post"}],"author":[{"embeddable":true,"href":"https:\/\/www.ieec.cat\/es\/wp-json\/wp\/v2\/users\/1"}],"replies":[{"embeddable":true,"href":"https:\/\/www.ieec.cat\/es\/wp-json\/wp\/v2\/comments?post=19959"}],"version-history":[{"count":2,"href":"https:\/\/www.ieec.cat\/es\/wp-json\/wp\/v2\/posts\/19959\/revisions"}],"predecessor-version":[{"id":21215,"href":"https:\/\/www.ieec.cat\/es\/wp-json\/wp\/v2\/posts\/19959\/revisions\/21215"}],"wp:featuredmedia":[{"embeddable":true,"href":"https:\/\/www.ieec.cat\/es\/wp-json\/wp\/v2\/media\/19954"}],"wp:attachment":[{"href":"https:\/\/www.ieec.cat\/es\/wp-json\/wp\/v2\/media?parent=19959"}],"wp:term":[{"taxonomy":"category","embeddable":true,"href":"https:\/\/www.ieec.cat\/es\/wp-json\/wp\/v2\/categories?post=19959"},{"taxonomy":"post_tag","embeddable":true,"href":"https:\/\/www.ieec.cat\/es\/wp-json\/wp\/v2\/tags?post=19959"}],"curies":[{"name":"wp","href":"https:\/\/api.w.org\/{rel}","templated":true}]}}