{"id":19977,"date":"2023-04-27T12:00:00","date_gmt":"2023-04-27T10:00:00","guid":{"rendered":"https:\/\/www.ieec.cat\/130-estudiantes-lanzar%c3%a1n-sus-peque%c3%b1os-sat%c3%a9lites-en-la-fase-clasificatoria-catalana-del-concurso-cansat\/"},"modified":"2023-04-27T12:00:00","modified_gmt":"2023-04-27T10:00:00","slug":"130-estudiantes-lanzar%c3%a1n-sus-peque%c3%b1os-sat%c3%a9lites-en-la-fase-clasificatoria-catalana-del-concurso-cansat","status":"publish","type":"post","link":"https:\/\/www.ieec.cat\/es\/130-estudiantes-lanzar%c3%a1n-sus-peque%c3%b1os-sat%c3%a9lites-en-la-fase-clasificatoria-catalana-del-concurso-cansat\/","title":{"rendered":"130 estudiantes lanzar\u00e1n sus peque\u00f1os sat\u00e9lites en la fase clasificatoria catalana del concurso Cansat"},"content":{"rendered":"<p>[et_pb_section fb_built=\u00bb1&#8243; fullwidth=\u00bbon\u00bb theme_builder_area=\u00bbpost_content\u00bb _builder_version=\u00bb4.14.8&#8243; _module_preset=\u00bbdefault\u00bb height=\u00bb114px\u00bb background_color=\u00bb\u00bb hover_enabled=\u00bb0&#8243; sticky_enabled=\u00bb0&#8243; title_text=\u00bb\u00bb background_image=\u00bb\/wp-content\/uploads\/2022\/04\/slider-corpo2.jpg\u00bb][\/et_pb_section][et_pb_section fb_built=\u00bb1&#8243; theme_builder_area=\u00bbpost_content\u00bb _builder_version=\u00bb4.14.8&#8243; _module_preset=\u00bbdefault\u00bb custom_padding=\u00bb||0px||false|false\u00bb custom_margin=\u00bb||0px||false|false\u00bb hover_enabled=\u00bb0&#8243; sticky_enabled=\u00bb0&#8243;][et_pb_row _builder_version=\u00bb4.14.8&#8243; _module_preset=\u00bbdefault\u00bb theme_builder_area=\u00bbpost_content\u00bb][et_pb_column _builder_version=\u00bb4.14.8&#8243; _module_preset=\u00bbdefault\u00bb type=\u00bb4_4&#8243; theme_builder_area=\u00bbpost_content\u00bb][et_pb_text _builder_version=\u00bb4.14.8&#8243; _module_preset=\u00bbdefault\u00bb theme_builder_area=\u00bbpost_content\u00bb _dynamic_attributes=\u00bbcontent\u00bb hover_enabled=\u00bb0&#8243; sticky_enabled=\u00bb0&#8243; custom_margin=\u00bb0px||0px||false|false\u00bb custom_padding=\u00bb0px||0px||false|false\u00bb]@ET-DC@eyJkeW5hbWljIjp0cnVlLCJjb250ZW50IjoicG9zdF90aXRsZSIsInNldHRpbmdzIjp7ImJlZm9yZSI6IjxoMSBjbGFzcz1cImVudHJ5X3RpdGxlXCI+IiwiYWZ0ZXIiOiI8L2gxPiJ9fQ==@[\/et_pb_text][et_pb_text _builder_version=\u00bb4.14.8&#8243; _module_preset=\u00bbdefault\u00bb theme_builder_area=\u00bbpost_content\u00bb _dynamic_attributes=\u00bbcontent\u00bb custom_padding=\u00bb0px||0px||false|false\u00bb custom_margin=\u00bb0px||0px||false|false\u00bb hover_enabled=\u00bb0&#8243; sticky_enabled=\u00bb0&#8243;]@ET-DC@eyJkeW5hbWljIjp0cnVlLCJjb250ZW50IjoicG9zdF9kYXRlIiwic2V0dGluZ3MiOnsiYmVmb3JlIjoiIiwiYWZ0ZXIiOiIiLCJkYXRlX2Zvcm1hdCI6ImN1c3RvbSIsImN1c3RvbV9kYXRlX2Zvcm1hdCI6IlktbS1kIEg6aTpzIn19@[\/et_pb_text][\/et_pb_column][\/et_pb_row][\/et_pb_section][et_pb_section fb_built=\u00bb1&#8243; _builder_version=\u00bb4.14.8&#8243; _module_preset=\u00bbdefault\u00bb custom_margin=\u00bb0px||||false|false\u00bb custom_padding=\u00bb0px||||false|false\u00bb top_divider_color=\u00bbRGBA(255,255,255,0)\u00bb top_divider_height=\u00bb0px\u00bb hover_enabled=\u00bb0&#8243; global_colors_info=\u00bb{}\u00bb sticky_enabled=\u00bb0&#8243;][et_pb_row column_structure=\u00bb4_4&#8243; _builder_version=\u00bb4.14.8&#8243; _module_preset=\u00bbdefault\u00bb global_colors_info=\u00bb{}\u00bb][et_pb_column type=\u00bb4_4&#8243; _builder_version=\u00bb4.14.8&#8243; _module_preset=\u00bbdefault\u00bb global_colors_info=\u00bb{}\u00bb][et_pb_image src=\u00bbhttps:\/\/www.ieec.cat\/wp-content\/uploads\/2023\/07\/1682591139_e3cba9c3a77ec68bb386a43f1e313c64_cansat_2021.jpg\u00bb alt=\u00bb130 students will launch their small satellites in the Catalan qualifying phase of the Cansat competition\u00bb _builder_version=\u00bb4.14.8&#8243; _module_preset=\u00bbdefault\u00bb title_text=\u00bbPR_Image1.png\u00bb hover_enabled=\u00bb0&#8243; sticky_enabled=\u00bb0&#8243; width=\u00bb600px\u00bb module_alignment=\u00bbcenter\u00bb][\/et_pb_image][et_pb_text _builder_version=\u00bb4.14.8&#8243; _module_preset=\u00bbdefault\u00bb global_colors_info=\u00bb{}\u00bb]<strong>Los minisat&eacute;lites construidos por los participantes ser&aacute;n lanzados el pr&oacute;ximo s&aacute;bado 29 de abril desde del Aeropuerto de Alguaire (Lleida) a bordo de cohetes dise&ntilde;ados por estudiantes de la asociaci&oacute;n Cosmic Research<\/p>\n<p>Organizado por la Escola Superior d&rsquo;Enginyeries Industrial, Aeroespacial i Audiovisual de Terrassa de la UPC, el evento cuenta con el apoyo de la Generalitat de Catalunya y el IEEC en el marco del eje de Talento y Sociedad de la Estrategia NewSpace<\/p>\n<p>El mi&eacute;rcoles 3 de mayo, en la sede del ESEIAAT en Terrassa, se dar&aacute; a conocer el equipo ganador, que representar&aacute; a Catalunya en la gran final estatal de Granada<\/strong><\/p>\n<p><span style=\"background-color:#ffffff; color:#222222\">Hasta <\/span><strong>130 alumnos de la ESO, bachillerato y FP de toda Catalunya,<\/strong><span style=\"background-color:#ffffff; color:#222222\"> tutorizados por su profesorado, participar&aacute;n el pr&oacute;ximo s&aacute;bado, 29 de abril, en la fase clasificatoria catalana del concurso <\/span><a href=\"https:\/\/www.esa.int\/Education\/CanSat\" style=\"text-decoration:none;\"><u>CanSat<\/u><\/a><span style=\"background-color:#ffffff; color:#222222\">, que tendr&aacute; lugar en el Aeropuerto de Alguaire, (en Lleida). La jornada contar&aacute; con la asistencia del rector de la <\/span><a href=\"https:\/\/www.upc.edu\/es?set_language=es\" style=\"text-decoration:none;\"><u>Universitat Polit&egrave;cnica de Catalunya &middot; BarcelonaTech<\/u><\/a><span style=\"background-color:transparent; color:#000000\"> (UPC)<\/span><span style=\"background-color:transparent; color:#222222\">,<\/span><span style=\"background-color:#ffffff; color:#222222\"> Daniel Crespo; la secretaria de Pol&iacute;ticas Digitales de la Generalitat de Catalunya, Gina Tost y Faus; el presidente de Aeropuertos de Catalunya, Daniel Albalate, y otros representantes de las entidades organizadoras y colaboradoras. Los peque&ntilde;os sat&eacute;lites construidos por los participantes ser&aacute;n lanzados a las 11, a las 12:30 y a las 14 horas.<\/span><\/p>\n<p><span style=\"background-color:transparent; color:#000000\">El CanSat es una competici&oacute;n que impulsa cada a&ntilde;o en toda Europa la <\/span><a href=\"https:\/\/www.esa.int\/Education\/Teachers_Corner\/European_Space_Education_Resource_Office\" style=\"text-decoration:none;\"><u>Oficina Europea para la Educaci&oacute;n en el Espacio<\/u><\/a><span style=\"background-color:transparent; color:#000000\"> (ESERO) de la <\/span><a href=\"https:\/\/www.esa.int\/Space_in_Member_States\/Spain\/La_Agencia_Espacial_Europea\" style=\"text-decoration:none;\"><u>Agencia Espacial Europea<\/u><\/a><span style=\"background-color:transparent; color:#000000\"> (ESA) y que consiste en el <\/span><strong>dise&ntilde;o, construcci&oacute;n y lanzamiento de peque&ntilde;os sat&eacute;lites, del tama&ntilde;o de una lata de refresco.<\/strong><span style=\"background-color:transparent; color:#000000\"> La <\/span><a href=\"https:\/\/eseiaat.upc.edu\/es?set_language=es\" style=\"text-decoration:none;\"><u>Escola Superior d&rsquo;Enginyeries Industrial, Aeroespacial i Audiovisual de Terrassa<\/u><\/a><span style=\"background-color:transparent; color:#000000\"> (ESEIAAT) de la UPC organiza la fase clasificatoria estatal en Catalunya de este concurso, con el apoyo de la Secretar&iacute;a de Pol&iacute;ticas Digitales del <\/span><a href=\"https:\/\/treball.gencat.cat\/ca\/inici\/index.html#googtrans(ca%7Ces)\" style=\"text-decoration:none;\"><u>Departamento de Empresa y Trabajo<\/u><\/a><span style=\"background-color:transparent; color:#000000\">, en el marco del eje de Talento y Sociedad de la <\/span><a href=\"https:\/\/politiquesdigitals.gencat.cat\/ca\/economia\/estrategia-new-space-catalunya\/index.html#googtrans(ca%7Ces)\" style=\"text-decoration:none;\"><u>Estrategia NewSpace de Catalunya.<\/u><\/a><\/p>\n<p><span style=\"background-color:transparent; color:#000000\">El <\/span><a href=\"https:\/\/www.ieec.cat\/\" style=\"text-decoration:none;\"><u>Institut d&rsquo;Estudis Espacials de Catalunya<\/u><\/a><span style=\"background-color:transparent; color:#000000\"> (IEEC) tambi&eacute;n colabora en esta tercera edici&oacute;n del CanSat en Catalunya, junto con <\/span><a href=\"https:\/\/aeroports.gencat.cat\/es\/inici\/index.html\" style=\"text-decoration:none;\"><u>Aeropuertos de Catalunya<\/u><\/a><span style=\"background-color:transparent; color:#000000\"> y el <\/span><a href=\"https:\/\/educacio.gencat.cat\/ca\/inici\/\" style=\"text-decoration:none;\"><u>Departamento de Educaci&oacute;n<\/u><\/a><span style=\"background-color:transparent; color:#000000\">.<\/span><\/p>\n<p><span style=\"background-color:#ffffff; color:#222222\">CanSat Catalunya, que pretende <\/span><strong>generar vocaciones relacionadas con el espacio, la tecnolog&iacute;a y las disciplinas STEM<\/strong><span style=\"background-color:#ffffff; color:#222222\"> entre la juventud, se va consolidando a&ntilde;o tras a&ntilde;o como uno de los grandes eventos cient&iacute;ficos y tecnol&oacute;gicos del territorio orientados a los m&aacute;s j&oacute;venes. En la primera edici&oacute;n se inscribieron 14 equipos; el pasado a&ntilde;o las inscripciones llegaron a un total de 50 equipos, y esta tercera edici&oacute;n ha superado todas las expectativas, con la inscripci&oacute;n de 70 equipos de centros de ense&ntilde;anza secundaria de toda Catalunya.<\/span><\/p>\n<p><span style=\"background-color:#ffffff; color:#222222\">Este a&ntilde;o, despu&eacute;s de la selecci&oacute;n preliminar de los proyectos presentados, 22 equipos de 13 centros diferentes participar&aacute;n en la jornada de despegue: 18 despegar&aacute;n en cohetes construidos por la asociaci&oacute;n de estudiantes del ESEIAAT Cosmic Research y competir&aacute;n por la victoria, y 4 equipos m&aacute;s lo har&aacute;n en avi&oacute;n, en un lanzamiento no competitivo. En total, <\/span><strong>130 estudiantes de la ESO, Bachillerato y FP, participar&aacute;n en esta jornada<\/strong><span style=\"background-color:#ffffff; color:#222222\">, tutorizados por su profesorado.<\/span><br \/>\n<span style=\"background-color:transparent; color:#000000\">Durante un curso entero, estas j&oacute;venes han dedicado su talento a dise&ntilde;ar y construir sus CanSats, <\/span><strong>peque&ntilde;os sat&eacute;lites que integran telemetr&iacute;a, sensores y transmisor de datos<\/strong><span style=\"background-color:transparent; color:#000000\">, y que tienen el tama&ntilde;o necesario para alojarse dentro de una lata de refresco.<\/span><\/p>\n<p><img decoding=\"async\" alt=\"\" src=\"https:\/\/i.imgur.com\/ZhAoUN2.jpg\" style=\"height:394px; margin-bottom:0px; margin-left:0px; margin-right:0px; margin-top:0px; width:700px\" \/><br \/>\n<em><span style=\"background-color:transparent; color:#000000\">Leyenda: Alumnos de la edici&oacute;n 2022 del Cansat en Catalunya.<\/span><br \/>\n<span style=\"background-color:transparent; color:#000000\">Cr&eacute;ditos: ESEIAAT &#8211; UPC.<\/span><\/em><\/p>\n<p><strong>Un reto cient&iacute;fico y tecnol&oacute;gico<\/strong><\/p>\n<p><span style=\"background-color:transparent; color:#000000\">Seg&uacute;n explica David Gonz&aacute;lez, subdirector de ESEIAAT y coordinador de CanSat en Catalunya, &laquo;la competici&oacute;n es un reto tanto tecnol&oacute;gico como cient&iacute;fico. De hecho, no s&oacute;lo se trata de lanzar el sat&eacute;lite y que vuelva a tierra sano y salvo. Los CanSats construidos por los estudiantes deben ser capaces de tomar medidas, como la temperatura del aire o la presi&oacute;n atmosf&eacute;rica y llevar a cabo una misi&oacute;n cient&iacute;fica. Los participantes deben analizar e interpretar los resultados obtenidos de forma cr&iacute;tica. Por tanto, estamos hablando de ir m&aacute;s all&aacute;, de aplicar en la pr&aacute;ctica el conocimiento que han aprendido en clase&raquo;.<\/span><\/p>\n<p><span style=\"background-color:transparent; color:#000000\">Los 18 equipos finalistas har&aacute;n la <\/span><strong>presentaci&oacute;n de los resultados el d&iacute;a 3 de mayo en ESEIAAT<\/strong><span style=\"background-color:transparent; color:#000000\">, en Terrassa, donde tendr&aacute;n que presentar las conclusiones obtenidas ante un jurado. Ese mismo d&iacute;a se elegir&aacute; y proclamar&aacute; <\/span><strong>al equipo ganador, que representar&aacute; a Catalunya en la fase estatal del CanSat<\/strong><span style=\"background-color:transparent; color:#000000\">, que tendr&aacute; lugar del 19 al 21 de mayo en Granada.<\/span><\/p>\n<p><strong>Imagen principal<\/strong><\/p>\n<p><span style=\"background-color:transparent; color:#000000\">Leyenda: La primera edici&oacute;n del Cansat en Catalunya tuvo lugar en 2021 y cont&oacute; con la inscripci&oacute;n de 14 equipos.<\/span><br \/>\n<span style=\"background-color:transparent; color:#000000\">Cr&eacute;ditos: ESEIAAT &#8211; UPC.<\/span><\/p>\n<p><strong>Enlaces<\/strong><\/p>\n<p><span style=\"background-color:#ffffff; color:#222222\">&#8211; <\/span><a href=\"https:\/\/www.esa.int\/Education\/CanSat\" style=\"text-decoration:none;\"><u>CanSat<\/u><\/a><br \/>\n<span style=\"background-color:#ffffff; color:#222222\">&#8211; <\/span><a href=\"https:\/\/www.upc.edu\/es?set_language=es\" style=\"text-decoration:none;\"><u>Universitat Polit&egrave;cnica de Catalunya &middot; BarcelonaTech<\/u><\/a><span style=\"background-color:transparent; color:#000000\">&nbsp;<\/span><br \/>\n<span style=\"background-color:transparent; color:#000000\">&#8211; <\/span><a href=\"https:\/\/www.esa.int\/Education\/Teachers_Corner\/European_Space_Education_Resource_Office\" style=\"text-decoration:none;\"><u>Oficina Europea para la Educaci&oacute;n en el Espacio<\/u><\/a><br \/>\n<span style=\"background-color:transparent; color:#000000\">&#8211; <\/span><a href=\"https:\/\/www.esa.int\/Space_in_Member_States\/Spain\/La_Agencia_Espacial_Europea\" style=\"text-decoration:none;\"><u>Agencia Espacial Europea<\/u><\/a><span style=\"background-color:transparent; color:#000000\"> <\/span><br \/>\n<span style=\"background-color:transparent; color:#000000\">&#8211; <\/span><a href=\"https:\/\/eseiaat.upc.edu\/es?set_language=es\" style=\"text-decoration:none;\"><u>Escola Superior d&rsquo;Enginyeries Industrial, Aeroespacial i Audiovisual de Terrassa<\/u><\/a><br \/>\n<span style=\"background-color:transparent; color:#000000\">&#8211; <\/span><a href=\"https:\/\/treball.gencat.cat\/ca\/inici\/index.html#googtrans(ca%7Ces)\" style=\"text-decoration:none;\"><u>Departamento de Empresa y Trabajo<\/u><\/a><br \/>\n<span style=\"background-color:transparent; color:#000000\">&#8211; <\/span><a href=\"https:\/\/politiquesdigitals.gencat.cat\/ca\/economia\/estrategia-new-space-catalunya\/index.html#googtrans(ca%7Ces)\" style=\"text-decoration:none;\"><u>Estrategia NewSpace de Catalunya<\/u><\/a><br \/>\n<span style=\"background-color:transparent; color:#000000\">&#8211; <\/span><a href=\"https:\/\/www.ieec.cat\/\" style=\"text-decoration:none;\"><u>Institut d&rsquo;Estudis Espacials de Catalunya<\/u><\/a><br \/>\n<span style=\"background-color:transparent; color:#000000\">&#8211; <\/span><a href=\"https:\/\/aeroports.gencat.cat\/es\/inici\/index.html\" style=\"text-decoration:none;\"><u>Aeropuertos de Catalunya<\/u><\/a><span style=\"background-color:transparent; color:#000000\"> <\/span><br \/>\n<span style=\"background-color:transparent; color:#000000\">&#8211; <\/span><a href=\"https:\/\/educacio.gencat.cat\/ca\/inici\/\" style=\"text-decoration:none;\"><u>Departamento de Educaci&oacute;n<\/u><\/a><\/p>\n<p><strong>M&aacute;s informaci&oacute;n<\/strong><\/p>\n<p><span style=\"background-color:transparent; color:#222222\">El Institut d&rsquo;Estudis Espacials de Catalunya (IEEC) promueve y coordina la investigaci&oacute;n y el desarrollo tecnol&oacute;gico espacial en Catalu&ntilde;a en beneficio de la sociedad. El IEEC fomenta las colaboraciones tanto a nivel local como mundial, y es un eficiente agente de transferencia de conocimiento, innovaci&oacute;n y tecnolog&iacute;a. Como resultado de m&aacute;s de 25 a&ntilde;os de investigaci&oacute;n de alta calidad, llevada a cabo en colaboraci&oacute;n con las principales organizaciones internacionales, el IEEC se encuentra entre los mejores centros de investigaci&oacute;n internacionales, centrados en &aacute;reas como: astrof&iacute;sica, cosmolog&iacute;a, ciencias planetarias y observaci&oacute;n de la Tierra. La divisi&oacute;n de ingenier&iacute;a del IEEC desarrolla instrumentaci&oacute;n para proyectos terrestres y espaciales, y tiene una amplia experiencia trabajando con organizaciones privadas y p&uacute;blicas del sector aeroespacial y otros sectores de innovaci&oacute;n.<\/span><\/p>\n<p><span style=\"background-color:transparent; color:#222222\">El IEEC es una fundaci&oacute;n privada sin &aacute;nimo de lucro, regida por un Patronato compuesto por la Generalitat de Catalunya y otras cuatro instituciones con una unidad cient&iacute;fica cada una, que en conjunto constituyen el n&uacute;cleo de la actividad de I+D del IEEC: la Universitat de Barcelona (UB) con la unidad de investigaci&oacute;n ICCUB &#8211; Instituto de Ciencias del Cosmos; la Universitat Aut&ograve;noma de Barcelona (UAB) con la unidad de investigaci&oacute;n CERES &#8211; Centro de Estudios e Investigaci&oacute;n Espaciales; la Universitat Polit&egrave;cnica de Catalunya &middot; BarcelonaTech (UPC) con la unidad de investigaci&oacute;n CTE &#8211; Grupo de Investigaci&oacute;n en Ciencias y Tecnolog&iacute;as del Espacio; y el Consejo Superior de Investigaciones Cient&iacute;ficas (CSIC) con la unidad de investigaci&oacute;n ICE &#8211; Instituto de Ciencias del Espacio. El IEEC es un centro CERCA (Centres de Recerca de Catalunya).<\/span><\/p>\n<p><strong>Contactos<\/strong><\/p>\n<p><em>Oficina de Comunicaci&oacute;n del IEEC<\/em><br \/>\n<em>Barcelona, Espa&ntilde;a<\/em><br \/>\n<span style=\"background-color:#ffffff; color:#222222\">Correo electr&oacute;nico: <\/span><a href=\"mailto:comunicacio@ieec.cat\" style=\"text-decoration:none;\"><u>comunicacio@ieec.cat<\/u><\/a><span style=\"background-color:#ffffff; color:#222222\">&nbsp;<\/span><br \/>\n&nbsp;[\/et_pb_text][\/et_pb_column][\/et_pb_row][\/et_pb_section]<\/p>\n","protected":false},"excerpt":{"rendered":"<p>Los minisat&eacute;lites construidos por los participantes ser&aacute;n lanzados el pr&oacute;ximo s&aacute;bado 29 de abril desde del Aeropuerto de Alguaire (Lleida) a bordo de cohetes dise&ntilde;ados por estudiantes de la asociaci&oacute;n Cosmic Research Organizado por la Escola Superior d&rsquo;Enginyeries Industrial, Aeroespacial i Audiovisual de Terrassa de la UPC, el evento cuenta con el apoyo de la [&hellip;]<\/p>\n","protected":false},"author":1,"featured_media":19972,"comment_status":"closed","ping_status":"open","sticky":false,"template":"","format":"standard","meta":{"_et_pb_use_builder":"on","_et_pb_old_content":"","_et_gb_content_width":"2880","footnotes":""},"categories":[101,38],"tags":[],"class_list":["post-19977","post","type-post","status-publish","format-standard","has-post-thumbnail","hentry","category-educacion-noticias","category-sense-categoria"],"yoast_head":"<!-- This site is optimized with the Yoast SEO plugin v27.4 - https:\/\/yoast.com\/product\/yoast-seo-wordpress\/ -->\n<title>130 estudiantes lanzar\u00e1n sus peque\u00f1os sat\u00e9lites en la fase clasificatoria catalana del concurso Cansat - IEEC<\/title>\n<meta name=\"robots\" content=\"index, follow, max-snippet:-1, max-image-preview:large, max-video-preview:-1\" \/>\n<link rel=\"canonical\" href=\"https:\/\/www.ieec.cat\/es\/130-estudiantes-lanzar%c3%a1n-sus-peque%c3%b1os-sat%c3%a9lites-en-la-fase-clasificatoria-catalana-del-concurso-cansat\/\" \/>\n<meta property=\"og:locale\" content=\"es_ES\" \/>\n<meta property=\"og:type\" content=\"article\" \/>\n<meta property=\"og:title\" content=\"130 estudiantes lanzar\u00e1n sus peque\u00f1os sat\u00e9lites en la fase clasificatoria catalana del concurso Cansat - IEEC\" \/>\n<meta property=\"og:description\" content=\"Los minisat&eacute;lites construidos por los participantes ser&aacute;n lanzados el pr&oacute;ximo s&aacute;bado 29 de abril desde del Aeropuerto de Alguaire (Lleida) a bordo de cohetes dise&ntilde;ados por estudiantes de la asociaci&oacute;n Cosmic Research Organizado por la Escola Superior d&rsquo;Enginyeries Industrial, Aeroespacial i Audiovisual de Terrassa de la UPC, el evento cuenta con el apoyo de la [&hellip;]\" \/>\n<meta property=\"og:url\" content=\"https:\/\/www.ieec.cat\/es\/130-estudiantes-lanzar%c3%a1n-sus-peque%c3%b1os-sat%c3%a9lites-en-la-fase-clasificatoria-catalana-del-concurso-cansat\/\" \/>\n<meta property=\"og:site_name\" content=\"IEEC\" \/>\n<meta property=\"article:published_time\" content=\"2023-04-27T10:00:00+00:00\" \/>\n<meta property=\"og:image\" content=\"https:\/\/www.ieec.cat\/wp-content\/uploads\/2023\/07\/1682591139_e3cba9c3a77ec68bb386a43f1e313c64_cansat_2021.jpg\" \/>\n\t<meta property=\"og:image:width\" content=\"1065\" \/>\n\t<meta property=\"og:image:height\" content=\"618\" \/>\n\t<meta property=\"og:image:type\" content=\"image\/jpeg\" \/>\n<meta name=\"author\" content=\"admin\" \/>\n<meta name=\"twitter:card\" content=\"summary_large_image\" \/>\n<meta name=\"twitter:label1\" content=\"Escrito por\" \/>\n\t<meta name=\"twitter:data1\" content=\"admin\" \/>\n\t<meta name=\"twitter:label2\" content=\"Tiempo de lectura\" \/>\n\t<meta name=\"twitter:data2\" content=\"1 minuto\" \/>\n<script type=\"application\/ld+json\" class=\"yoast-schema-graph\">{\"@context\":\"https:\\\/\\\/schema.org\",\"@graph\":[{\"@type\":\"Article\",\"@id\":\"https:\\\/\\\/www.ieec.cat\\\/es\\\/130-estudiantes-lanzar%c3%a1n-sus-peque%c3%b1os-sat%c3%a9lites-en-la-fase-clasificatoria-catalana-del-concurso-cansat\\\/#article\",\"isPartOf\":{\"@id\":\"https:\\\/\\\/www.ieec.cat\\\/es\\\/130-estudiantes-lanzar%c3%a1n-sus-peque%c3%b1os-sat%c3%a9lites-en-la-fase-clasificatoria-catalana-del-concurso-cansat\\\/\"},\"author\":{\"name\":\"admin\",\"@id\":\"https:\\\/\\\/www.ieec.cat\\\/es\\\/#\\\/schema\\\/person\\\/6fad9f460d1c69b12d5c8c631a6ed279\"},\"headline\":\"130 estudiantes lanzar\u00e1n sus peque\u00f1os sat\u00e9lites en la fase clasificatoria catalana del concurso Cansat\",\"datePublished\":\"2023-04-27T10:00:00+00:00\",\"mainEntityOfPage\":{\"@id\":\"https:\\\/\\\/www.ieec.cat\\\/es\\\/130-estudiantes-lanzar%c3%a1n-sus-peque%c3%b1os-sat%c3%a9lites-en-la-fase-clasificatoria-catalana-del-concurso-cansat\\\/\"},\"wordCount\":1703,\"image\":{\"@id\":\"https:\\\/\\\/www.ieec.cat\\\/es\\\/130-estudiantes-lanzar%c3%a1n-sus-peque%c3%b1os-sat%c3%a9lites-en-la-fase-clasificatoria-catalana-del-concurso-cansat\\\/#primaryimage\"},\"thumbnailUrl\":\"https:\\\/\\\/www.ieec.cat\\\/wp-content\\\/uploads\\\/2023\\\/07\\\/1682591139_e3cba9c3a77ec68bb386a43f1e313c64_cansat_2021.jpg\",\"articleSection\":[\"Educaci\u00f3n\",\"Sense categoria\"],\"inLanguage\":\"es\"},{\"@type\":\"WebPage\",\"@id\":\"https:\\\/\\\/www.ieec.cat\\\/es\\\/130-estudiantes-lanzar%c3%a1n-sus-peque%c3%b1os-sat%c3%a9lites-en-la-fase-clasificatoria-catalana-del-concurso-cansat\\\/\",\"url\":\"https:\\\/\\\/www.ieec.cat\\\/es\\\/130-estudiantes-lanzar%c3%a1n-sus-peque%c3%b1os-sat%c3%a9lites-en-la-fase-clasificatoria-catalana-del-concurso-cansat\\\/\",\"name\":\"130 estudiantes lanzar\u00e1n sus peque\u00f1os sat\u00e9lites en la fase clasificatoria catalana del concurso Cansat - IEEC\",\"isPartOf\":{\"@id\":\"https:\\\/\\\/www.ieec.cat\\\/es\\\/#website\"},\"primaryImageOfPage\":{\"@id\":\"https:\\\/\\\/www.ieec.cat\\\/es\\\/130-estudiantes-lanzar%c3%a1n-sus-peque%c3%b1os-sat%c3%a9lites-en-la-fase-clasificatoria-catalana-del-concurso-cansat\\\/#primaryimage\"},\"image\":{\"@id\":\"https:\\\/\\\/www.ieec.cat\\\/es\\\/130-estudiantes-lanzar%c3%a1n-sus-peque%c3%b1os-sat%c3%a9lites-en-la-fase-clasificatoria-catalana-del-concurso-cansat\\\/#primaryimage\"},\"thumbnailUrl\":\"https:\\\/\\\/www.ieec.cat\\\/wp-content\\\/uploads\\\/2023\\\/07\\\/1682591139_e3cba9c3a77ec68bb386a43f1e313c64_cansat_2021.jpg\",\"datePublished\":\"2023-04-27T10:00:00+00:00\",\"author\":{\"@id\":\"https:\\\/\\\/www.ieec.cat\\\/es\\\/#\\\/schema\\\/person\\\/6fad9f460d1c69b12d5c8c631a6ed279\"},\"breadcrumb\":{\"@id\":\"https:\\\/\\\/www.ieec.cat\\\/es\\\/130-estudiantes-lanzar%c3%a1n-sus-peque%c3%b1os-sat%c3%a9lites-en-la-fase-clasificatoria-catalana-del-concurso-cansat\\\/#breadcrumb\"},\"inLanguage\":\"es\",\"potentialAction\":[{\"@type\":\"ReadAction\",\"target\":[\"https:\\\/\\\/www.ieec.cat\\\/es\\\/130-estudiantes-lanzar%c3%a1n-sus-peque%c3%b1os-sat%c3%a9lites-en-la-fase-clasificatoria-catalana-del-concurso-cansat\\\/\"]}]},{\"@type\":\"ImageObject\",\"inLanguage\":\"es\",\"@id\":\"https:\\\/\\\/www.ieec.cat\\\/es\\\/130-estudiantes-lanzar%c3%a1n-sus-peque%c3%b1os-sat%c3%a9lites-en-la-fase-clasificatoria-catalana-del-concurso-cansat\\\/#primaryimage\",\"url\":\"https:\\\/\\\/www.ieec.cat\\\/wp-content\\\/uploads\\\/2023\\\/07\\\/1682591139_e3cba9c3a77ec68bb386a43f1e313c64_cansat_2021.jpg\",\"contentUrl\":\"https:\\\/\\\/www.ieec.cat\\\/wp-content\\\/uploads\\\/2023\\\/07\\\/1682591139_e3cba9c3a77ec68bb386a43f1e313c64_cansat_2021.jpg\",\"width\":1065,\"height\":618},{\"@type\":\"BreadcrumbList\",\"@id\":\"https:\\\/\\\/www.ieec.cat\\\/es\\\/130-estudiantes-lanzar%c3%a1n-sus-peque%c3%b1os-sat%c3%a9lites-en-la-fase-clasificatoria-catalana-del-concurso-cansat\\\/#breadcrumb\",\"itemListElement\":[{\"@type\":\"ListItem\",\"position\":1,\"name\":\"Portada\",\"item\":\"https:\\\/\\\/www.ieec.cat\\\/es\\\/\"},{\"@type\":\"ListItem\",\"position\":2,\"name\":\"130 estudiantes lanzar\u00e1n sus peque\u00f1os sat\u00e9lites en la fase clasificatoria catalana del concurso Cansat\"}]},{\"@type\":\"WebSite\",\"@id\":\"https:\\\/\\\/www.ieec.cat\\\/es\\\/#website\",\"url\":\"https:\\\/\\\/www.ieec.cat\\\/es\\\/\",\"name\":\"IEEC\",\"description\":\"Institut d&#039;Estudis Espacials de Catalunya\",\"potentialAction\":[{\"@type\":\"SearchAction\",\"target\":{\"@type\":\"EntryPoint\",\"urlTemplate\":\"https:\\\/\\\/www.ieec.cat\\\/es\\\/?s={search_term_string}\"},\"query-input\":{\"@type\":\"PropertyValueSpecification\",\"valueRequired\":true,\"valueName\":\"search_term_string\"}}],\"inLanguage\":\"es\"},{\"@type\":\"Person\",\"@id\":\"https:\\\/\\\/www.ieec.cat\\\/es\\\/#\\\/schema\\\/person\\\/6fad9f460d1c69b12d5c8c631a6ed279\",\"name\":\"admin\",\"image\":{\"@type\":\"ImageObject\",\"inLanguage\":\"es\",\"@id\":\"https:\\\/\\\/secure.gravatar.com\\\/avatar\\\/1c55d1c09aab0cfb97cd8aacfe71a5ad05ff38b4bffb8e3d4e00f2ffa631c499?s=96&d=mm&r=g\",\"url\":\"https:\\\/\\\/secure.gravatar.com\\\/avatar\\\/1c55d1c09aab0cfb97cd8aacfe71a5ad05ff38b4bffb8e3d4e00f2ffa631c499?s=96&d=mm&r=g\",\"contentUrl\":\"https:\\\/\\\/secure.gravatar.com\\\/avatar\\\/1c55d1c09aab0cfb97cd8aacfe71a5ad05ff38b4bffb8e3d4e00f2ffa631c499?s=96&d=mm&r=g\",\"caption\":\"admin\"}}]}<\/script>\n<!-- \/ Yoast SEO plugin. -->","yoast_head_json":{"title":"130 estudiantes lanzar\u00e1n sus peque\u00f1os sat\u00e9lites en la fase clasificatoria catalana del concurso Cansat - IEEC","robots":{"index":"index","follow":"follow","max-snippet":"max-snippet:-1","max-image-preview":"max-image-preview:large","max-video-preview":"max-video-preview:-1"},"canonical":"https:\/\/www.ieec.cat\/es\/130-estudiantes-lanzar%c3%a1n-sus-peque%c3%b1os-sat%c3%a9lites-en-la-fase-clasificatoria-catalana-del-concurso-cansat\/","og_locale":"es_ES","og_type":"article","og_title":"130 estudiantes lanzar\u00e1n sus peque\u00f1os sat\u00e9lites en la fase clasificatoria catalana del concurso Cansat - IEEC","og_description":"Los minisat&eacute;lites construidos por los participantes ser&aacute;n lanzados el pr&oacute;ximo s&aacute;bado 29 de abril desde del Aeropuerto de Alguaire (Lleida) a bordo de cohetes dise&ntilde;ados por estudiantes de la asociaci&oacute;n Cosmic Research Organizado por la Escola Superior d&rsquo;Enginyeries Industrial, Aeroespacial i Audiovisual de Terrassa de la UPC, el evento cuenta con el apoyo de la [&hellip;]","og_url":"https:\/\/www.ieec.cat\/es\/130-estudiantes-lanzar%c3%a1n-sus-peque%c3%b1os-sat%c3%a9lites-en-la-fase-clasificatoria-catalana-del-concurso-cansat\/","og_site_name":"IEEC","article_published_time":"2023-04-27T10:00:00+00:00","og_image":[{"width":1065,"height":618,"url":"https:\/\/www.ieec.cat\/wp-content\/uploads\/2023\/07\/1682591139_e3cba9c3a77ec68bb386a43f1e313c64_cansat_2021.jpg","type":"image\/jpeg"}],"author":"admin","twitter_card":"summary_large_image","twitter_misc":{"Escrito por":"admin","Tiempo de lectura":"1 minuto"},"schema":{"@context":"https:\/\/schema.org","@graph":[{"@type":"Article","@id":"https:\/\/www.ieec.cat\/es\/130-estudiantes-lanzar%c3%a1n-sus-peque%c3%b1os-sat%c3%a9lites-en-la-fase-clasificatoria-catalana-del-concurso-cansat\/#article","isPartOf":{"@id":"https:\/\/www.ieec.cat\/es\/130-estudiantes-lanzar%c3%a1n-sus-peque%c3%b1os-sat%c3%a9lites-en-la-fase-clasificatoria-catalana-del-concurso-cansat\/"},"author":{"name":"admin","@id":"https:\/\/www.ieec.cat\/es\/#\/schema\/person\/6fad9f460d1c69b12d5c8c631a6ed279"},"headline":"130 estudiantes lanzar\u00e1n sus peque\u00f1os sat\u00e9lites en la fase clasificatoria catalana del concurso Cansat","datePublished":"2023-04-27T10:00:00+00:00","mainEntityOfPage":{"@id":"https:\/\/www.ieec.cat\/es\/130-estudiantes-lanzar%c3%a1n-sus-peque%c3%b1os-sat%c3%a9lites-en-la-fase-clasificatoria-catalana-del-concurso-cansat\/"},"wordCount":1703,"image":{"@id":"https:\/\/www.ieec.cat\/es\/130-estudiantes-lanzar%c3%a1n-sus-peque%c3%b1os-sat%c3%a9lites-en-la-fase-clasificatoria-catalana-del-concurso-cansat\/#primaryimage"},"thumbnailUrl":"https:\/\/www.ieec.cat\/wp-content\/uploads\/2023\/07\/1682591139_e3cba9c3a77ec68bb386a43f1e313c64_cansat_2021.jpg","articleSection":["Educaci\u00f3n","Sense categoria"],"inLanguage":"es"},{"@type":"WebPage","@id":"https:\/\/www.ieec.cat\/es\/130-estudiantes-lanzar%c3%a1n-sus-peque%c3%b1os-sat%c3%a9lites-en-la-fase-clasificatoria-catalana-del-concurso-cansat\/","url":"https:\/\/www.ieec.cat\/es\/130-estudiantes-lanzar%c3%a1n-sus-peque%c3%b1os-sat%c3%a9lites-en-la-fase-clasificatoria-catalana-del-concurso-cansat\/","name":"130 estudiantes lanzar\u00e1n sus peque\u00f1os sat\u00e9lites en la fase clasificatoria catalana del concurso Cansat - IEEC","isPartOf":{"@id":"https:\/\/www.ieec.cat\/es\/#website"},"primaryImageOfPage":{"@id":"https:\/\/www.ieec.cat\/es\/130-estudiantes-lanzar%c3%a1n-sus-peque%c3%b1os-sat%c3%a9lites-en-la-fase-clasificatoria-catalana-del-concurso-cansat\/#primaryimage"},"image":{"@id":"https:\/\/www.ieec.cat\/es\/130-estudiantes-lanzar%c3%a1n-sus-peque%c3%b1os-sat%c3%a9lites-en-la-fase-clasificatoria-catalana-del-concurso-cansat\/#primaryimage"},"thumbnailUrl":"https:\/\/www.ieec.cat\/wp-content\/uploads\/2023\/07\/1682591139_e3cba9c3a77ec68bb386a43f1e313c64_cansat_2021.jpg","datePublished":"2023-04-27T10:00:00+00:00","author":{"@id":"https:\/\/www.ieec.cat\/es\/#\/schema\/person\/6fad9f460d1c69b12d5c8c631a6ed279"},"breadcrumb":{"@id":"https:\/\/www.ieec.cat\/es\/130-estudiantes-lanzar%c3%a1n-sus-peque%c3%b1os-sat%c3%a9lites-en-la-fase-clasificatoria-catalana-del-concurso-cansat\/#breadcrumb"},"inLanguage":"es","potentialAction":[{"@type":"ReadAction","target":["https:\/\/www.ieec.cat\/es\/130-estudiantes-lanzar%c3%a1n-sus-peque%c3%b1os-sat%c3%a9lites-en-la-fase-clasificatoria-catalana-del-concurso-cansat\/"]}]},{"@type":"ImageObject","inLanguage":"es","@id":"https:\/\/www.ieec.cat\/es\/130-estudiantes-lanzar%c3%a1n-sus-peque%c3%b1os-sat%c3%a9lites-en-la-fase-clasificatoria-catalana-del-concurso-cansat\/#primaryimage","url":"https:\/\/www.ieec.cat\/wp-content\/uploads\/2023\/07\/1682591139_e3cba9c3a77ec68bb386a43f1e313c64_cansat_2021.jpg","contentUrl":"https:\/\/www.ieec.cat\/wp-content\/uploads\/2023\/07\/1682591139_e3cba9c3a77ec68bb386a43f1e313c64_cansat_2021.jpg","width":1065,"height":618},{"@type":"BreadcrumbList","@id":"https:\/\/www.ieec.cat\/es\/130-estudiantes-lanzar%c3%a1n-sus-peque%c3%b1os-sat%c3%a9lites-en-la-fase-clasificatoria-catalana-del-concurso-cansat\/#breadcrumb","itemListElement":[{"@type":"ListItem","position":1,"name":"Portada","item":"https:\/\/www.ieec.cat\/es\/"},{"@type":"ListItem","position":2,"name":"130 estudiantes lanzar\u00e1n sus peque\u00f1os sat\u00e9lites en la fase clasificatoria catalana del concurso Cansat"}]},{"@type":"WebSite","@id":"https:\/\/www.ieec.cat\/es\/#website","url":"https:\/\/www.ieec.cat\/es\/","name":"IEEC","description":"Institut d&#039;Estudis Espacials de Catalunya","potentialAction":[{"@type":"SearchAction","target":{"@type":"EntryPoint","urlTemplate":"https:\/\/www.ieec.cat\/es\/?s={search_term_string}"},"query-input":{"@type":"PropertyValueSpecification","valueRequired":true,"valueName":"search_term_string"}}],"inLanguage":"es"},{"@type":"Person","@id":"https:\/\/www.ieec.cat\/es\/#\/schema\/person\/6fad9f460d1c69b12d5c8c631a6ed279","name":"admin","image":{"@type":"ImageObject","inLanguage":"es","@id":"https:\/\/secure.gravatar.com\/avatar\/1c55d1c09aab0cfb97cd8aacfe71a5ad05ff38b4bffb8e3d4e00f2ffa631c499?s=96&d=mm&r=g","url":"https:\/\/secure.gravatar.com\/avatar\/1c55d1c09aab0cfb97cd8aacfe71a5ad05ff38b4bffb8e3d4e00f2ffa631c499?s=96&d=mm&r=g","contentUrl":"https:\/\/secure.gravatar.com\/avatar\/1c55d1c09aab0cfb97cd8aacfe71a5ad05ff38b4bffb8e3d4e00f2ffa631c499?s=96&d=mm&r=g","caption":"admin"}}]}},"_links":{"self":[{"href":"https:\/\/www.ieec.cat\/es\/wp-json\/wp\/v2\/posts\/19977","targetHints":{"allow":["GET"]}}],"collection":[{"href":"https:\/\/www.ieec.cat\/es\/wp-json\/wp\/v2\/posts"}],"about":[{"href":"https:\/\/www.ieec.cat\/es\/wp-json\/wp\/v2\/types\/post"}],"author":[{"embeddable":true,"href":"https:\/\/www.ieec.cat\/es\/wp-json\/wp\/v2\/users\/1"}],"replies":[{"embeddable":true,"href":"https:\/\/www.ieec.cat\/es\/wp-json\/wp\/v2\/comments?post=19977"}],"version-history":[{"count":0,"href":"https:\/\/www.ieec.cat\/es\/wp-json\/wp\/v2\/posts\/19977\/revisions"}],"wp:featuredmedia":[{"embeddable":true,"href":"https:\/\/www.ieec.cat\/es\/wp-json\/wp\/v2\/media\/19972"}],"wp:attachment":[{"href":"https:\/\/www.ieec.cat\/es\/wp-json\/wp\/v2\/media?parent=19977"}],"wp:term":[{"taxonomy":"category","embeddable":true,"href":"https:\/\/www.ieec.cat\/es\/wp-json\/wp\/v2\/categories?post=19977"},{"taxonomy":"post_tag","embeddable":true,"href":"https:\/\/www.ieec.cat\/es\/wp-json\/wp\/v2\/tags?post=19977"}],"curies":[{"name":"wp","href":"https:\/\/api.w.org\/{rel}","templated":true}]}}