{"id":20347,"date":"2022-05-26T18:30:00","date_gmt":"2022-05-26T16:30:00","guid":{"rendered":"https:\/\/www.ieec.cat\/nueva-edici%c3%b3n-de-la-serie-t%c3%a1ndems-de-parejas-cient%c3%adficas-de-entidades-p%c3%bablicas-y-privadas\/"},"modified":"2023-07-13T17:26:13","modified_gmt":"2023-07-13T15:26:13","slug":"nueva-edici%c3%b3n-de-la-serie-t%c3%a1ndems-de-parejas-cient%c3%adficas-de-entidades-p%c3%bablicas-y-privadas","status":"publish","type":"post","link":"https:\/\/www.ieec.cat\/es\/nueva-edici%c3%b3n-de-la-serie-t%c3%a1ndems-de-parejas-cient%c3%adficas-de-entidades-p%c3%bablicas-y-privadas\/","title":{"rendered":"Nueva edici\u00f3n de la serie \u00abT\u00e1ndems de parejas cient\u00edficas de entidades p\u00fablicas y privadas\u00bb"},"content":{"rendered":"<p>[et_pb_section fb_built=\u00bb1&#8243; fullwidth=\u00bbon\u00bb _builder_version=\u00bb4.14.8&#8243; _module_preset=\u00bbdefault\u00bb background_image=\u00bb\/wp-content\/uploads\/2022\/04\/slider-corpo2.jpg\u00bb height=\u00bb114px\u00bb global_colors_info=\u00bb{}\u00bb][\/et_pb_section][et_pb_section fb_built=\u00bb1&#8243; _builder_version=\u00bb4.14.8&#8243; _module_preset=\u00bbdefault\u00bb custom_margin=\u00bb||0px||false|false\u00bb custom_padding=\u00bb||0px||false|false\u00bb global_colors_info=\u00bb{}\u00bb][et_pb_row _builder_version=\u00bb4.14.8&#8243; _module_preset=\u00bbdefault\u00bb global_colors_info=\u00bb{}\u00bb][et_pb_column type=\u00bb4_4&#8243; _builder_version=\u00bb4.14.8&#8243; _module_preset=\u00bbdefault\u00bb global_colors_info=\u00bb{}\u00bb][et_pb_text _builder_version=\u00bb4.14.8&#8243; _dynamic_attributes=\u00bbcontent\u00bb _module_preset=\u00bbdefault\u00bb custom_margin=\u00bb0px||0px||false|false\u00bb custom_padding=\u00bb0px||0px||false|false\u00bb global_colors_info=\u00bb{}\u00bb]@ET-DC@eyJkeW5hbWljIjp0cnVlLCJjb250ZW50IjoicG9zdF90aXRsZSIsInNldHRpbmdzIjp7ImJlZm9yZSI6IjxoMSBjbGFzcz1cImVudHJ5X3RpdGxlXCI+IiwiYWZ0ZXIiOiI8L2gxPiJ9fQ==@[\/et_pb_text][et_pb_text _builder_version=\u00bb4.14.8&#8243; _dynamic_attributes=\u00bbcontent\u00bb _module_preset=\u00bbdefault\u00bb custom_margin=\u00bb0px|5px|0px||false|false\u00bb custom_padding=\u00bb0px||0px||false|false\u00bb hover_enabled=\u00bb0&#8243; global_colors_info=\u00bb{}\u00bb sticky_enabled=\u00bb0&#8243; custom_css_main_element=\u00bbdisplay: inline-block;\u00bb]@ET-DC@eyJkeW5hbWljIjp0cnVlLCJjb250ZW50IjoiY3VzdG9tX21ldGFfZmVjaGFfZXZlbnRvIiwic2V0dGluZ3MiOnsiYmVmb3JlIjoiIiwiYWZ0ZXIiOiIiLCJlbmFibGVfaHRtbCI6Im9mZiJ9fQ==@[\/et_pb_text][et_pb_text _builder_version=\u00bb4.14.8&#8243; _dynamic_attributes=\u00bbcontent\u00bb _module_preset=\u00bbdefault\u00bb custom_margin=\u00bb0px|5px|0px||false|false\u00bb custom_padding=\u00bb0px||0px||false|false\u00bb hover_enabled=\u00bb0&#8243; global_colors_info=\u00bb{}\u00bb sticky_enabled=\u00bb0&#8243; custom_css_main_element=\u00bbdisplay: inline-block;\u00bb]@ET-DC@eyJkeW5hbWljIjp0cnVlLCJjb250ZW50IjoiY3VzdG9tX21ldGFfaG9yYV9ldmVudG8iLCJzZXR0aW5ncyI6eyJiZWZvcmUiOiIiLCJhZnRlciI6IiIsImVuYWJsZV9odG1sIjoib2ZmIn19@[\/et_pb_text][et_pb_text _builder_version=\u00bb4.14.8&#8243; _dynamic_attributes=\u00bbcontent\u00bb _module_preset=\u00bbdefault\u00bb custom_margin=\u00bb0px||0px||false|false\u00bb custom_padding=\u00bb0px||0px||false|false\u00bb hover_enabled=\u00bb0&#8243; global_colors_info=\u00bb{}\u00bb sticky_enabled=\u00bb0&#8243; module_class=\u00bbevent-organizations\u00bb]@ET-DC@eyJkeW5hbWljIjp0cnVlLCJjb250ZW50IjoiY3VzdG9tX21ldGFfb3JnYW5pemFjaW9uZXMiLCJzZXR0aW5ncyI6eyJiZWZvcmUiOiIiLCJhZnRlciI6IiIsImVuYWJsZV9odG1sIjoib2ZmIn19@[\/et_pb_text][et_pb_text _builder_version=\u00bb4.14.8&#8243; _dynamic_attributes=\u00bbcontent\u00bb _module_preset=\u00bbdefault\u00bb custom_margin=\u00bb0px||0px||false|false\u00bb custom_padding=\u00bb0px||0px||false|false\u00bb hover_enabled=\u00bb0&#8243; global_colors_info=\u00bb{}\u00bb sticky_enabled=\u00bb0&#8243;]@ET-DC@eyJkeW5hbWljIjp0cnVlLCJjb250ZW50IjoiY3VzdG9tX21ldGFfbHVnYXJfZXZlbnRvIiwic2V0dGluZ3MiOnsiYmVmb3JlIjoiIiwiYWZ0ZXIiOiIiLCJlbmFibGVfaHRtbCI6Im9mZiJ9fQ==@[\/et_pb_text][\/et_pb_column][\/et_pb_row][\/et_pb_section][et_pb_section fb_built=\u00bb1&#8243; _builder_version=\u00bb4.14.8&#8243; _module_preset=\u00bbdefault\u00bb custom_margin=\u00bb0px||||false|false\u00bb custom_padding=\u00bb0px||||false|false\u00bb top_divider_color=\u00bbRGBA(255,255,255,0)\u00bb top_divider_height=\u00bb0px\u00bb global_colors_info=\u00bb{}\u00bb][et_pb_row _builder_version=\u00bb4.14.8&#8243; _module_preset=\u00bbdefault\u00bb global_colors_info=\u00bb{}\u00bb][et_pb_column type=\u00bb4_4&#8243; _builder_version=\u00bb4.14.8&#8243; _module_preset=\u00bbdefault\u00bb global_colors_info=\u00bb{}\u00bb][et_pb_image src=\u00bbhttps:\/\/www.ieec.cat\/wp-content\/uploads\/2023\/07\/1651677044_038c85d873fe70839dd43fc2c80480c4_missions_de_gran_envergadura_en_la_recerca_astrono_mica_i_aeroespacial.png\u00bb alt=\u00bbNew edition of the series \u00abTandems of scientific couples: public and private entities\u00bb\u00bb title_text=\u00bbNew edition of the series \u00abTandems of scientific couples: public and private entities\u00bb\u00bb _builder_version=\u00bb4.14.8&#8243; _module_preset=\u00bbdefault\u00bb width=\u00bb600px\u00bb module_alignment=\u00bbcenter\u00bb global_colors_info=\u00bb{}\u00bb][\/et_pb_image][et_pb_text _builder_version=\u00bb4.14.8&#8243; _module_preset=\u00bbdefault\u00bb global_colors_info=\u00bb{}\u00bb]El pr&oacute;ximo jueves, 26 de mayo de 2022, el <a href=\"https:\/\/www.ieec.cat\/\">Institut d&rsquo;Estudis Espacials de Catalunya<\/a> (IEEC) organiza una nueva edici&oacute;n de la serie &laquo;T&aacute;ndems de parejas cient&iacute;ficas de entidades p&uacute;blicas y privadas&raquo;. Titulada &laquo;<strong>Misiones de gran envergadura en la investigaci&oacute;n astron&oacute;mica y aeroespacial<\/strong>&raquo;, la conversaci&oacute;n tendr&aacute; lugar de 18:30 h a 19:15 h y se podr&aacute; seguir en directo por el <a href=\"https:\/\/youtu.be\/FjBoHu9i3gU\">canal de YouTube del IEEC<\/a>.<\/p>\n<p>En el coloquio, el Dr. <strong>Miquel Nofrarias<\/strong>, investigador del <a href=\"https:\/\/www.ice.csic.es\/\">Instituto de Ciencias del Espacio<\/a> (ICE-CSIC) y miembro del IEEC, y <strong>Joan Manel Casalta<\/strong>, director del Departamento de Ciencia de <a href=\"https:\/\/www.aeroespacial.sener\/\">SENER-Aeroespacial<\/a>, conversar&aacute;n con <strong>Mireia Colina<\/strong>, gerente del sector espacial en <a href=\"https:\/\/leaf.space\/\">Leaf Space<\/a> y l&iacute;der del grupo local de <a href=\"https:\/\/www.womeninaerospace.org\/\">Women in Aerospace<\/a> (<a href=\"https:\/\/www.wia-europe.org\/\">WiA Europe<\/a> &ndash; Barcelona).<\/p>\n<p>Durante el debate, los ponentes hablar&aacute;n sobre el estado actual de las grandes misiones astron&oacute;micas y aeroespaciales desde los puntos de vista de una entidad p&uacute;blica y de una entidad privada, as&iacute; como de las perspectivas futuras de las misiones de gran envergadura frente el auge que est&aacute;n viviendo las misiones a mucho menor nivel (como son los nanosat&eacute;lites), entre otros temas.<br \/>\n&nbsp;<\/p>\n<div style=\"margin-left:120px\"><img decoding=\"async\" alt=\"\" src=\"https:\/\/i.imgur.com\/EEKP90a.png\" style=\"height:281px; margin-bottom:0px; margin-left:0px; margin-right:0px; margin-top:0px; width:500px\" \/><\/div>\n<p>[\/et_pb_text][\/et_pb_column][\/et_pb_row][\/et_pb_section]<\/p>\n","protected":false},"excerpt":{"rendered":"<p>El pr&oacute;ximo jueves, 26 de mayo de 2022, el Institut d&rsquo;Estudis Espacials de Catalunya (IEEC) organiza una nueva edici&oacute;n de la serie &laquo;T&aacute;ndems de parejas cient&iacute;ficas de entidades p&uacute;blicas y privadas&raquo;. Titulada &laquo;Misiones de gran envergadura en la investigaci&oacute;n astron&oacute;mica y aeroespacial&raquo;, la conversaci&oacute;n tendr&aacute; lugar de 18:30 h a 19:15 h y se podr&aacute; [&hellip;]<\/p>\n","protected":false},"author":1,"featured_media":20342,"comment_status":"closed","ping_status":"open","sticky":false,"template":"","format":"standard","meta":{"_et_pb_use_builder":"on","_et_pb_old_content":"","_et_gb_content_width":"2880","footnotes":""},"categories":[87,1],"tags":[],"class_list":["post-20347","post","type-post","status-publish","format-standard","has-post-thumbnail","hentry","category-divulgacion","category-sin-categorizar"],"yoast_head":"<!-- This site is optimized with the Yoast SEO plugin v27.4 - https:\/\/yoast.com\/product\/yoast-seo-wordpress\/ -->\n<title>Nueva edici\u00f3n de la serie \u00abT\u00e1ndems de parejas cient\u00edficas de entidades p\u00fablicas y privadas\u00bb - IEEC<\/title>\n<meta name=\"robots\" content=\"index, follow, max-snippet:-1, max-image-preview:large, max-video-preview:-1\" \/>\n<link rel=\"canonical\" href=\"https:\/\/www.ieec.cat\/es\/nueva-edici%c3%b3n-de-la-serie-t%c3%a1ndems-de-parejas-cient%c3%adficas-de-entidades-p%c3%bablicas-y-privadas\/\" \/>\n<meta property=\"og:locale\" content=\"es_ES\" \/>\n<meta property=\"og:type\" content=\"article\" \/>\n<meta property=\"og:title\" content=\"Nueva edici\u00f3n de la serie \u00abT\u00e1ndems de parejas cient\u00edficas de entidades p\u00fablicas y privadas\u00bb - IEEC\" \/>\n<meta property=\"og:description\" content=\"El pr&oacute;ximo jueves, 26 de mayo de 2022, el Institut d&rsquo;Estudis Espacials de Catalunya (IEEC) organiza una nueva edici&oacute;n de la serie &laquo;T&aacute;ndems de parejas cient&iacute;ficas de entidades p&uacute;blicas y privadas&raquo;. Titulada &laquo;Misiones de gran envergadura en la investigaci&oacute;n astron&oacute;mica y aeroespacial&raquo;, la conversaci&oacute;n tendr&aacute; lugar de 18:30 h a 19:15 h y se podr&aacute; [&hellip;]\" \/>\n<meta property=\"og:url\" content=\"https:\/\/www.ieec.cat\/es\/nueva-edici%c3%b3n-de-la-serie-t%c3%a1ndems-de-parejas-cient%c3%adficas-de-entidades-p%c3%bablicas-y-privadas\/\" \/>\n<meta property=\"og:site_name\" content=\"IEEC\" \/>\n<meta property=\"article:published_time\" content=\"2022-05-26T16:30:00+00:00\" \/>\n<meta property=\"article:modified_time\" content=\"2023-07-13T15:26:13+00:00\" \/>\n<meta property=\"og:image\" content=\"https:\/\/www.ieec.cat\/wp-content\/uploads\/2023\/07\/1651677044_038c85d873fe70839dd43fc2c80480c4_missions_de_gran_envergadura_en_la_recerca_astrono_mica_i_aeroespacial.png\" \/>\n\t<meta property=\"og:image:width\" content=\"1179\" \/>\n\t<meta property=\"og:image:height\" content=\"886\" \/>\n\t<meta property=\"og:image:type\" content=\"image\/png\" \/>\n<meta name=\"author\" content=\"admin\" \/>\n<meta name=\"twitter:card\" content=\"summary_large_image\" \/>\n<meta name=\"twitter:label1\" content=\"Escrito por\" \/>\n\t<meta name=\"twitter:data1\" content=\"admin\" \/>\n\t<meta name=\"twitter:label2\" content=\"Tiempo de lectura\" \/>\n\t<meta name=\"twitter:data2\" content=\"1 minuto\" \/>\n<script type=\"application\/ld+json\" class=\"yoast-schema-graph\">{\"@context\":\"https:\\\/\\\/schema.org\",\"@graph\":[{\"@type\":\"Article\",\"@id\":\"https:\\\/\\\/www.ieec.cat\\\/es\\\/nueva-edici%c3%b3n-de-la-serie-t%c3%a1ndems-de-parejas-cient%c3%adficas-de-entidades-p%c3%bablicas-y-privadas\\\/#article\",\"isPartOf\":{\"@id\":\"https:\\\/\\\/www.ieec.cat\\\/es\\\/nueva-edici%c3%b3n-de-la-serie-t%c3%a1ndems-de-parejas-cient%c3%adficas-de-entidades-p%c3%bablicas-y-privadas\\\/\"},\"author\":{\"name\":\"admin\",\"@id\":\"https:\\\/\\\/www.ieec.cat\\\/es\\\/#\\\/schema\\\/person\\\/6fad9f460d1c69b12d5c8c631a6ed279\"},\"headline\":\"Nueva edici\u00f3n de la serie \u00abT\u00e1ndems de parejas cient\u00edficas de entidades p\u00fablicas y privadas\u00bb\",\"datePublished\":\"2022-05-26T16:30:00+00:00\",\"dateModified\":\"2023-07-13T15:26:13+00:00\",\"mainEntityOfPage\":{\"@id\":\"https:\\\/\\\/www.ieec.cat\\\/es\\\/nueva-edici%c3%b3n-de-la-serie-t%c3%a1ndems-de-parejas-cient%c3%adficas-de-entidades-p%c3%bablicas-y-privadas\\\/\"},\"wordCount\":736,\"image\":{\"@id\":\"https:\\\/\\\/www.ieec.cat\\\/es\\\/nueva-edici%c3%b3n-de-la-serie-t%c3%a1ndems-de-parejas-cient%c3%adficas-de-entidades-p%c3%bablicas-y-privadas\\\/#primaryimage\"},\"thumbnailUrl\":\"https:\\\/\\\/www.ieec.cat\\\/wp-content\\\/uploads\\\/2023\\\/07\\\/1651677044_038c85d873fe70839dd43fc2c80480c4_missions_de_gran_envergadura_en_la_recerca_astrono_mica_i_aeroespacial.png\",\"articleSection\":[\"Divulgaci\u00f3n\",\"Sin categorizar\"],\"inLanguage\":\"es\"},{\"@type\":\"WebPage\",\"@id\":\"https:\\\/\\\/www.ieec.cat\\\/es\\\/nueva-edici%c3%b3n-de-la-serie-t%c3%a1ndems-de-parejas-cient%c3%adficas-de-entidades-p%c3%bablicas-y-privadas\\\/\",\"url\":\"https:\\\/\\\/www.ieec.cat\\\/es\\\/nueva-edici%c3%b3n-de-la-serie-t%c3%a1ndems-de-parejas-cient%c3%adficas-de-entidades-p%c3%bablicas-y-privadas\\\/\",\"name\":\"Nueva edici\u00f3n de la serie \u00abT\u00e1ndems de parejas cient\u00edficas de entidades p\u00fablicas y privadas\u00bb - IEEC\",\"isPartOf\":{\"@id\":\"https:\\\/\\\/www.ieec.cat\\\/es\\\/#website\"},\"primaryImageOfPage\":{\"@id\":\"https:\\\/\\\/www.ieec.cat\\\/es\\\/nueva-edici%c3%b3n-de-la-serie-t%c3%a1ndems-de-parejas-cient%c3%adficas-de-entidades-p%c3%bablicas-y-privadas\\\/#primaryimage\"},\"image\":{\"@id\":\"https:\\\/\\\/www.ieec.cat\\\/es\\\/nueva-edici%c3%b3n-de-la-serie-t%c3%a1ndems-de-parejas-cient%c3%adficas-de-entidades-p%c3%bablicas-y-privadas\\\/#primaryimage\"},\"thumbnailUrl\":\"https:\\\/\\\/www.ieec.cat\\\/wp-content\\\/uploads\\\/2023\\\/07\\\/1651677044_038c85d873fe70839dd43fc2c80480c4_missions_de_gran_envergadura_en_la_recerca_astrono_mica_i_aeroespacial.png\",\"datePublished\":\"2022-05-26T16:30:00+00:00\",\"dateModified\":\"2023-07-13T15:26:13+00:00\",\"author\":{\"@id\":\"https:\\\/\\\/www.ieec.cat\\\/es\\\/#\\\/schema\\\/person\\\/6fad9f460d1c69b12d5c8c631a6ed279\"},\"breadcrumb\":{\"@id\":\"https:\\\/\\\/www.ieec.cat\\\/es\\\/nueva-edici%c3%b3n-de-la-serie-t%c3%a1ndems-de-parejas-cient%c3%adficas-de-entidades-p%c3%bablicas-y-privadas\\\/#breadcrumb\"},\"inLanguage\":\"es\",\"potentialAction\":[{\"@type\":\"ReadAction\",\"target\":[\"https:\\\/\\\/www.ieec.cat\\\/es\\\/nueva-edici%c3%b3n-de-la-serie-t%c3%a1ndems-de-parejas-cient%c3%adficas-de-entidades-p%c3%bablicas-y-privadas\\\/\"]}]},{\"@type\":\"ImageObject\",\"inLanguage\":\"es\",\"@id\":\"https:\\\/\\\/www.ieec.cat\\\/es\\\/nueva-edici%c3%b3n-de-la-serie-t%c3%a1ndems-de-parejas-cient%c3%adficas-de-entidades-p%c3%bablicas-y-privadas\\\/#primaryimage\",\"url\":\"https:\\\/\\\/www.ieec.cat\\\/wp-content\\\/uploads\\\/2023\\\/07\\\/1651677044_038c85d873fe70839dd43fc2c80480c4_missions_de_gran_envergadura_en_la_recerca_astrono_mica_i_aeroespacial.png\",\"contentUrl\":\"https:\\\/\\\/www.ieec.cat\\\/wp-content\\\/uploads\\\/2023\\\/07\\\/1651677044_038c85d873fe70839dd43fc2c80480c4_missions_de_gran_envergadura_en_la_recerca_astrono_mica_i_aeroespacial.png\",\"width\":1179,\"height\":886},{\"@type\":\"BreadcrumbList\",\"@id\":\"https:\\\/\\\/www.ieec.cat\\\/es\\\/nueva-edici%c3%b3n-de-la-serie-t%c3%a1ndems-de-parejas-cient%c3%adficas-de-entidades-p%c3%bablicas-y-privadas\\\/#breadcrumb\",\"itemListElement\":[{\"@type\":\"ListItem\",\"position\":1,\"name\":\"Portada\",\"item\":\"https:\\\/\\\/www.ieec.cat\\\/es\\\/\"},{\"@type\":\"ListItem\",\"position\":2,\"name\":\"Nueva edici\u00f3n de la serie \u00abT\u00e1ndems de parejas cient\u00edficas de entidades p\u00fablicas y privadas\u00bb\"}]},{\"@type\":\"WebSite\",\"@id\":\"https:\\\/\\\/www.ieec.cat\\\/es\\\/#website\",\"url\":\"https:\\\/\\\/www.ieec.cat\\\/es\\\/\",\"name\":\"IEEC\",\"description\":\"Institut d&#039;Estudis Espacials de Catalunya\",\"potentialAction\":[{\"@type\":\"SearchAction\",\"target\":{\"@type\":\"EntryPoint\",\"urlTemplate\":\"https:\\\/\\\/www.ieec.cat\\\/es\\\/?s={search_term_string}\"},\"query-input\":{\"@type\":\"PropertyValueSpecification\",\"valueRequired\":true,\"valueName\":\"search_term_string\"}}],\"inLanguage\":\"es\"},{\"@type\":\"Person\",\"@id\":\"https:\\\/\\\/www.ieec.cat\\\/es\\\/#\\\/schema\\\/person\\\/6fad9f460d1c69b12d5c8c631a6ed279\",\"name\":\"admin\",\"image\":{\"@type\":\"ImageObject\",\"inLanguage\":\"es\",\"@id\":\"https:\\\/\\\/secure.gravatar.com\\\/avatar\\\/1c55d1c09aab0cfb97cd8aacfe71a5ad05ff38b4bffb8e3d4e00f2ffa631c499?s=96&d=mm&r=g\",\"url\":\"https:\\\/\\\/secure.gravatar.com\\\/avatar\\\/1c55d1c09aab0cfb97cd8aacfe71a5ad05ff38b4bffb8e3d4e00f2ffa631c499?s=96&d=mm&r=g\",\"contentUrl\":\"https:\\\/\\\/secure.gravatar.com\\\/avatar\\\/1c55d1c09aab0cfb97cd8aacfe71a5ad05ff38b4bffb8e3d4e00f2ffa631c499?s=96&d=mm&r=g\",\"caption\":\"admin\"}}]}<\/script>\n<!-- \/ Yoast SEO plugin. -->","yoast_head_json":{"title":"Nueva edici\u00f3n de la serie \u00abT\u00e1ndems de parejas cient\u00edficas de entidades p\u00fablicas y privadas\u00bb - IEEC","robots":{"index":"index","follow":"follow","max-snippet":"max-snippet:-1","max-image-preview":"max-image-preview:large","max-video-preview":"max-video-preview:-1"},"canonical":"https:\/\/www.ieec.cat\/es\/nueva-edici%c3%b3n-de-la-serie-t%c3%a1ndems-de-parejas-cient%c3%adficas-de-entidades-p%c3%bablicas-y-privadas\/","og_locale":"es_ES","og_type":"article","og_title":"Nueva edici\u00f3n de la serie \u00abT\u00e1ndems de parejas cient\u00edficas de entidades p\u00fablicas y privadas\u00bb - IEEC","og_description":"El pr&oacute;ximo jueves, 26 de mayo de 2022, el Institut d&rsquo;Estudis Espacials de Catalunya (IEEC) organiza una nueva edici&oacute;n de la serie &laquo;T&aacute;ndems de parejas cient&iacute;ficas de entidades p&uacute;blicas y privadas&raquo;. Titulada &laquo;Misiones de gran envergadura en la investigaci&oacute;n astron&oacute;mica y aeroespacial&raquo;, la conversaci&oacute;n tendr&aacute; lugar de 18:30 h a 19:15 h y se podr&aacute; [&hellip;]","og_url":"https:\/\/www.ieec.cat\/es\/nueva-edici%c3%b3n-de-la-serie-t%c3%a1ndems-de-parejas-cient%c3%adficas-de-entidades-p%c3%bablicas-y-privadas\/","og_site_name":"IEEC","article_published_time":"2022-05-26T16:30:00+00:00","article_modified_time":"2023-07-13T15:26:13+00:00","og_image":[{"width":1179,"height":886,"url":"https:\/\/www.ieec.cat\/wp-content\/uploads\/2023\/07\/1651677044_038c85d873fe70839dd43fc2c80480c4_missions_de_gran_envergadura_en_la_recerca_astrono_mica_i_aeroespacial.png","type":"image\/png"}],"author":"admin","twitter_card":"summary_large_image","twitter_misc":{"Escrito por":"admin","Tiempo de lectura":"1 minuto"},"schema":{"@context":"https:\/\/schema.org","@graph":[{"@type":"Article","@id":"https:\/\/www.ieec.cat\/es\/nueva-edici%c3%b3n-de-la-serie-t%c3%a1ndems-de-parejas-cient%c3%adficas-de-entidades-p%c3%bablicas-y-privadas\/#article","isPartOf":{"@id":"https:\/\/www.ieec.cat\/es\/nueva-edici%c3%b3n-de-la-serie-t%c3%a1ndems-de-parejas-cient%c3%adficas-de-entidades-p%c3%bablicas-y-privadas\/"},"author":{"name":"admin","@id":"https:\/\/www.ieec.cat\/es\/#\/schema\/person\/6fad9f460d1c69b12d5c8c631a6ed279"},"headline":"Nueva edici\u00f3n de la serie \u00abT\u00e1ndems de parejas cient\u00edficas de entidades p\u00fablicas y privadas\u00bb","datePublished":"2022-05-26T16:30:00+00:00","dateModified":"2023-07-13T15:26:13+00:00","mainEntityOfPage":{"@id":"https:\/\/www.ieec.cat\/es\/nueva-edici%c3%b3n-de-la-serie-t%c3%a1ndems-de-parejas-cient%c3%adficas-de-entidades-p%c3%bablicas-y-privadas\/"},"wordCount":736,"image":{"@id":"https:\/\/www.ieec.cat\/es\/nueva-edici%c3%b3n-de-la-serie-t%c3%a1ndems-de-parejas-cient%c3%adficas-de-entidades-p%c3%bablicas-y-privadas\/#primaryimage"},"thumbnailUrl":"https:\/\/www.ieec.cat\/wp-content\/uploads\/2023\/07\/1651677044_038c85d873fe70839dd43fc2c80480c4_missions_de_gran_envergadura_en_la_recerca_astrono_mica_i_aeroespacial.png","articleSection":["Divulgaci\u00f3n","Sin categorizar"],"inLanguage":"es"},{"@type":"WebPage","@id":"https:\/\/www.ieec.cat\/es\/nueva-edici%c3%b3n-de-la-serie-t%c3%a1ndems-de-parejas-cient%c3%adficas-de-entidades-p%c3%bablicas-y-privadas\/","url":"https:\/\/www.ieec.cat\/es\/nueva-edici%c3%b3n-de-la-serie-t%c3%a1ndems-de-parejas-cient%c3%adficas-de-entidades-p%c3%bablicas-y-privadas\/","name":"Nueva edici\u00f3n de la serie \u00abT\u00e1ndems de parejas cient\u00edficas de entidades p\u00fablicas y privadas\u00bb - IEEC","isPartOf":{"@id":"https:\/\/www.ieec.cat\/es\/#website"},"primaryImageOfPage":{"@id":"https:\/\/www.ieec.cat\/es\/nueva-edici%c3%b3n-de-la-serie-t%c3%a1ndems-de-parejas-cient%c3%adficas-de-entidades-p%c3%bablicas-y-privadas\/#primaryimage"},"image":{"@id":"https:\/\/www.ieec.cat\/es\/nueva-edici%c3%b3n-de-la-serie-t%c3%a1ndems-de-parejas-cient%c3%adficas-de-entidades-p%c3%bablicas-y-privadas\/#primaryimage"},"thumbnailUrl":"https:\/\/www.ieec.cat\/wp-content\/uploads\/2023\/07\/1651677044_038c85d873fe70839dd43fc2c80480c4_missions_de_gran_envergadura_en_la_recerca_astrono_mica_i_aeroespacial.png","datePublished":"2022-05-26T16:30:00+00:00","dateModified":"2023-07-13T15:26:13+00:00","author":{"@id":"https:\/\/www.ieec.cat\/es\/#\/schema\/person\/6fad9f460d1c69b12d5c8c631a6ed279"},"breadcrumb":{"@id":"https:\/\/www.ieec.cat\/es\/nueva-edici%c3%b3n-de-la-serie-t%c3%a1ndems-de-parejas-cient%c3%adficas-de-entidades-p%c3%bablicas-y-privadas\/#breadcrumb"},"inLanguage":"es","potentialAction":[{"@type":"ReadAction","target":["https:\/\/www.ieec.cat\/es\/nueva-edici%c3%b3n-de-la-serie-t%c3%a1ndems-de-parejas-cient%c3%adficas-de-entidades-p%c3%bablicas-y-privadas\/"]}]},{"@type":"ImageObject","inLanguage":"es","@id":"https:\/\/www.ieec.cat\/es\/nueva-edici%c3%b3n-de-la-serie-t%c3%a1ndems-de-parejas-cient%c3%adficas-de-entidades-p%c3%bablicas-y-privadas\/#primaryimage","url":"https:\/\/www.ieec.cat\/wp-content\/uploads\/2023\/07\/1651677044_038c85d873fe70839dd43fc2c80480c4_missions_de_gran_envergadura_en_la_recerca_astrono_mica_i_aeroespacial.png","contentUrl":"https:\/\/www.ieec.cat\/wp-content\/uploads\/2023\/07\/1651677044_038c85d873fe70839dd43fc2c80480c4_missions_de_gran_envergadura_en_la_recerca_astrono_mica_i_aeroespacial.png","width":1179,"height":886},{"@type":"BreadcrumbList","@id":"https:\/\/www.ieec.cat\/es\/nueva-edici%c3%b3n-de-la-serie-t%c3%a1ndems-de-parejas-cient%c3%adficas-de-entidades-p%c3%bablicas-y-privadas\/#breadcrumb","itemListElement":[{"@type":"ListItem","position":1,"name":"Portada","item":"https:\/\/www.ieec.cat\/es\/"},{"@type":"ListItem","position":2,"name":"Nueva edici\u00f3n de la serie \u00abT\u00e1ndems de parejas cient\u00edficas de entidades p\u00fablicas y privadas\u00bb"}]},{"@type":"WebSite","@id":"https:\/\/www.ieec.cat\/es\/#website","url":"https:\/\/www.ieec.cat\/es\/","name":"IEEC","description":"Institut d&#039;Estudis Espacials de Catalunya","potentialAction":[{"@type":"SearchAction","target":{"@type":"EntryPoint","urlTemplate":"https:\/\/www.ieec.cat\/es\/?s={search_term_string}"},"query-input":{"@type":"PropertyValueSpecification","valueRequired":true,"valueName":"search_term_string"}}],"inLanguage":"es"},{"@type":"Person","@id":"https:\/\/www.ieec.cat\/es\/#\/schema\/person\/6fad9f460d1c69b12d5c8c631a6ed279","name":"admin","image":{"@type":"ImageObject","inLanguage":"es","@id":"https:\/\/secure.gravatar.com\/avatar\/1c55d1c09aab0cfb97cd8aacfe71a5ad05ff38b4bffb8e3d4e00f2ffa631c499?s=96&d=mm&r=g","url":"https:\/\/secure.gravatar.com\/avatar\/1c55d1c09aab0cfb97cd8aacfe71a5ad05ff38b4bffb8e3d4e00f2ffa631c499?s=96&d=mm&r=g","contentUrl":"https:\/\/secure.gravatar.com\/avatar\/1c55d1c09aab0cfb97cd8aacfe71a5ad05ff38b4bffb8e3d4e00f2ffa631c499?s=96&d=mm&r=g","caption":"admin"}}]}},"_links":{"self":[{"href":"https:\/\/www.ieec.cat\/es\/wp-json\/wp\/v2\/posts\/20347","targetHints":{"allow":["GET"]}}],"collection":[{"href":"https:\/\/www.ieec.cat\/es\/wp-json\/wp\/v2\/posts"}],"about":[{"href":"https:\/\/www.ieec.cat\/es\/wp-json\/wp\/v2\/types\/post"}],"author":[{"embeddable":true,"href":"https:\/\/www.ieec.cat\/es\/wp-json\/wp\/v2\/users\/1"}],"replies":[{"embeddable":true,"href":"https:\/\/www.ieec.cat\/es\/wp-json\/wp\/v2\/comments?post=20347"}],"version-history":[{"count":1,"href":"https:\/\/www.ieec.cat\/es\/wp-json\/wp\/v2\/posts\/20347\/revisions"}],"predecessor-version":[{"id":20374,"href":"https:\/\/www.ieec.cat\/es\/wp-json\/wp\/v2\/posts\/20347\/revisions\/20374"}],"wp:featuredmedia":[{"embeddable":true,"href":"https:\/\/www.ieec.cat\/es\/wp-json\/wp\/v2\/media\/20342"}],"wp:attachment":[{"href":"https:\/\/www.ieec.cat\/es\/wp-json\/wp\/v2\/media?parent=20347"}],"wp:term":[{"taxonomy":"category","embeddable":true,"href":"https:\/\/www.ieec.cat\/es\/wp-json\/wp\/v2\/categories?post=20347"},{"taxonomy":"post_tag","embeddable":true,"href":"https:\/\/www.ieec.cat\/es\/wp-json\/wp\/v2\/tags?post=20347"}],"curies":[{"name":"wp","href":"https:\/\/api.w.org\/{rel}","templated":true}]}}