{"id":20586,"date":"2023-07-14T11:30:00","date_gmt":"2023-07-14T09:30:00","guid":{"rendered":"https:\/\/www.ieec.cat\/?p=20586"},"modified":"2026-04-29T10:29:14","modified_gmt":"2026-04-29T08:29:14","slug":"menut-ya-opera-desde-el-espacio-para-contribuir-a-mejorar-la-gestion-del-territorio-y-combatir-los-efectos-de-la-crisis-climatica","status":"publish","type":"post","link":"https:\/\/www.ieec.cat\/es\/menut-ya-opera-desde-el-espacio-para-contribuir-a-mejorar-la-gestion-del-territorio-y-combatir-los-efectos-de-la-crisis-climatica\/","title":{"rendered":"&#8216;Menut&#8217; ya opera desde el espacio para contribuir a mejorar la gesti\u00f3n del territorio y combatir los efectos de la crisis clim\u00e1tica"},"content":{"rendered":"<p>[et_pb_section fb_built=\u00bb1&#8243; _builder_version=\u00bb4.16&#8243; _module_preset=\u00bbdefault\u00bb background_image=\u00bbhttps:\/\/www.ieec.cat\/wp-content\/uploads\/2022\/02\/slider-comunicacio.jpg\u00bb max_height=\u00bb130px\u00bb custom_padding=\u00bb0px||0px||false|false\u00bb da_disable_devices=\u00bboff|off|off\u00bb global_colors_info=\u00bb{}\u00bb da_is_popup=\u00bboff\u00bb da_exit_intent=\u00bboff\u00bb da_has_close=\u00bbon\u00bb da_alt_close=\u00bboff\u00bb da_dark_close=\u00bboff\u00bb da_not_modal=\u00bbon\u00bb da_is_singular=\u00bboff\u00bb da_with_loader=\u00bboff\u00bb da_has_shadow=\u00bbon\u00bb][\/et_pb_section][et_pb_section fb_built=\u00bb1&#8243; _builder_version=\u00bb4.16&#8243; _module_preset=\u00bbdefault\u00bb custom_padding=\u00bb24px||11px|||\u00bb da_disable_devices=\u00bboff|off|off\u00bb global_colors_info=\u00bb{}\u00bb da_is_popup=\u00bboff\u00bb da_exit_intent=\u00bboff\u00bb da_has_close=\u00bbon\u00bb da_alt_close=\u00bboff\u00bb da_dark_close=\u00bboff\u00bb da_not_modal=\u00bbon\u00bb da_is_singular=\u00bboff\u00bb da_with_loader=\u00bboff\u00bb da_has_shadow=\u00bbon\u00bb][et_pb_row _builder_version=\u00bb4.16&#8243; _module_preset=\u00bbdefault\u00bb custom_padding=\u00bb||||false|false\u00bb global_colors_info=\u00bb{}\u00bb][et_pb_column type=\u00bb4_4&#8243; _builder_version=\u00bb4.16&#8243; _module_preset=\u00bbdefault\u00bb global_colors_info=\u00bb{}\u00bb][et_pb_text _builder_version=\u00bb4.16&#8243; _module_preset=\u00bbdefault\u00bb text_font=\u00bb|700||on|||||\u00bb text_font_size=\u00bb16px\u00bb header_font=\u00bb|700|||||||\u00bb custom_margin=\u00bb||10px||false|false\u00bb header_font_size_tablet=\u00bb28px\u00bb header_font_size_phone=\u00bb26px\u00bb header_font_size_last_edited=\u00bbon|phone\u00bb global_colors_info=\u00bb{}\u00bb]<\/p>\n<p>ieec | otras<\/p>\n<p>[\/et_pb_text][et_pb_post_title author=\u00bboff\u00bb categories=\u00bboff\u00bb comments=\u00bboff\u00bb featured_image=\u00bboff\u00bb _builder_version=\u00bb4.16&#8243; _module_preset=\u00bbdefault\u00bb title_font=\u00bbCairo|300|||||||\u00bb title_font_size=\u00bb40px\u00bb meta_font=\u00bb||on||||||\u00bb meta_font_size=\u00bb16px\u00bb title_font_size_tablet=\u00bb35px\u00bb title_font_size_phone=\u00bb30px\u00bb title_font_size_last_edited=\u00bbon|desktop\u00bb global_colors_info=\u00bb{}\u00bb][\/et_pb_post_title][et_pb_text _builder_version=\u00bb4.16&#8243; _module_preset=\u00bbdefault\u00bb text_font=\u00bbSource Sans Pro||on||||||\u00bb text_font_size=\u00bb24px\u00bb text_line_height=\u00bb1.1em\u00bb text_font_size_tablet=\u00bb22px\u00bb text_font_size_phone=\u00bb20px\u00bb text_font_size_last_edited=\u00bbon|phone\u00bb global_colors_info=\u00bb{}\u00bb]<\/p>\n<p>\u2022 El nanosat\u00e9lite de Observaci\u00f3n de la Tierra de la Estrategia NewSpace de la Generalitat de Catalunya cierra con \u00e9xito las etapas de puesta en marcha y ya se reciben regularmente im\u00e1genes de Catalunya procesadas<br \/>\u2022 Las im\u00e1genes capturadas por &#8216;Menut&#8217; desde el mes de febrero y hasta ahora en su paso sobre Catalunya han ido mejorando en calidad y definici\u00f3n<br \/>\u2022 Los equipos t\u00e9cnicos del IEEC, el ICGC y Open Cosmos contin\u00faan trabajando conjuntamente para refinar la calidad de los datos de &#8216;Menut&#8217; y poder aplicarlas a los casos de uso previstos<\/p>\n<p>[\/et_pb_text][\/et_pb_column][\/et_pb_row][et_pb_row column_structure=\u00bb1_2,1_2&#8243; _builder_version=\u00bb4.16&#8243; _module_preset=\u00bbdefault\u00bb global_colors_info=\u00bb{}\u00bb][et_pb_column type=\u00bb1_2&#8243; _builder_version=\u00bb4.16&#8243; _module_preset=\u00bbdefault\u00bb global_colors_info=\u00bb{}\u00bb][et_pb_post_title title=\u00bboff\u00bb meta=\u00bboff\u00bb _builder_version=\u00bb4.16&#8243; _module_preset=\u00bbdefault\u00bb custom_margin=\u00bb||0px||false|false\u00bb border_width_top=\u00bb10px\u00bb border_color_top=\u00bb#406fda\u00bb global_colors_info=\u00bb{}\u00bb][\/et_pb_post_title][et_pb_text _builder_version=\u00bb4.16&#8243; _module_preset=\u00bbdefault\u00bb text_font=\u00bb||||||||\u00bb text_font_size=\u00bb15px\u00bb text_line_height=\u00bb1.1em\u00bb background_color=\u00bbrgba(64,111,218,0.15)\u00bb custom_margin=\u00bb0px||||false|false\u00bb custom_padding=\u00bb30px|20px|30px|20px|true|true\u00bb global_colors_info=\u00bb{}\u00bb]<\/p>\n<p><strong>Leyenda:<\/strong> <span style=\"font-weight: 400;\">Primeras im\u00e1genes de Catalunya del &#8216;Menut&#8217;. De izquierda a derecha: Pedraforca, Tarragona, Lleida y Palafrugell.<\/span><br \/><span style=\"font-weight: 400;\"><strong>Cr\u00e9ditos:<\/strong> IEEC &#8211; ICGC &#8211; Generalitat de Catalunya<br \/><\/span><\/p>\n<p>[\/et_pb_text][\/et_pb_column][et_pb_column type=\u00bb1_2&#8243; _builder_version=\u00bb4.16&#8243; _module_preset=\u00bbdefault\u00bb global_colors_info=\u00bb{}\u00bb][et_pb_text _builder_version=\u00bb4.16&#8243; _module_preset=\u00bbdefault\u00bb link_font=\u00bb|700|||on||||\u00bb global_colors_info=\u00bb{}\u00bb]<\/p>\n<p><span style=\"font-weight: 400;\">Medio a\u00f1o despu\u00e9s de su despegue, &#8216;Menut&#8217;, la segunda misi\u00f3n satelitaria y la primera de Observaci\u00f3n de la Tierra de la <\/span><a href=\"https:\/\/politiquesdigitals.gencat.cat\/ca\/economia\/estrategia-new-space-catalunya\/index.html#googtrans(ca%7Ces)\"><span style=\"font-weight: 400;\">Estrategia NewSpace de Catalunya<\/span><\/a><span style=\"font-weight: 400;\"> impulsada por el <\/span><a href=\"https:\/\/govern.cat\/gov\/\"><span style=\"font-weight: 400;\">Govern de la Generalitat<\/span><\/a><span style=\"font-weight: 400;\">, ya captura datos para contribuir a mejorar la gesti\u00f3n del territorio y ayudar a controlar y combatir los efectos de la crisis clim\u00e1tica enviando regularmente im\u00e1genes de Catalunya. Despu\u00e9s de superar con \u00e9xito las diferentes etapas de puesta en marcha, &#8216;Menut&#8217; ya ha entrado en operaciones y est\u00e1 a punto para cumplir su objetivo principal: a partir de ahora se recibir\u00e1n semanalmente im\u00e1genes de Catalunya.<\/span><\/p>\n<p><span style=\"font-weight: 400;\">Desarrollado por la empresa <\/span><a href=\"https:\/\/www.open-cosmos.com\/\"><span style=\"font-weight: 400;\">Open Cosmos<\/span><\/a><span style=\"font-weight: 400;\"> bajo la supervisi\u00f3n del <\/span><a href=\"https:\/\/www.ieec.cat\/\"><span style=\"font-weight: 400;\">Institut d\u2019Estudis Espacials de Catalunya<\/span><\/a><span style=\"font-weight: 400;\"> (IEEC) y con el asesoramiento y el soporte t\u00e9cnico del <\/span><a href=\"https:\/\/www.icgc.cat\/es\/\"><span style=\"font-weight: 400;\">Institut Cartogr\u00e0fic i Geol\u00f2gic de Catalunya<\/span><\/a><span style=\"font-weight: 400;\"> (ICGC), el nanosat\u00e9lite &#8216;Menut&#8217; orbita desde el pasado 3 de enero alrededor de la Tierra a una velocidad de unos 8 km por segundo y pasa sobre Catalunya cada 5 d\u00edas aproximadamente. Embarca una c\u00e1mara de \u00faltima generaci\u00f3n que le permite grabar im\u00e1genes alrededor de los 5 metros de resoluci\u00f3n de cualquier punto del planeta, aunque prioriza la obtenci\u00f3n de im\u00e1genes del territorio catal\u00e1n. Despu\u00e9s de ser calibradas, tratadas y analizadas, estas im\u00e1genes permitir\u00e1n monitorizar el territorio, especialmente pensando en los impactos del cambio clim\u00e1tico. <\/span><\/p>\n<p>[\/et_pb_text][\/et_pb_column][\/et_pb_row][et_pb_row _builder_version=\u00bb4.16&#8243; _module_preset=\u00bbdefault\u00bb global_colors_info=\u00bb{}\u00bb][et_pb_column type=\u00bb4_4&#8243; _builder_version=\u00bb4.16&#8243; _module_preset=\u00bbdefault\u00bb global_colors_info=\u00bb{}\u00bb][et_pb_text _builder_version=\u00bb4.16&#8243; _module_preset=\u00bbdefault\u00bb link_font=\u00bb|700|||on||||\u00bb locked=\u00bboff\u00bb global_colors_info=\u00bb{}\u00bb]<\/p>\n<p><span style=\"font-weight: 400;\">Desde su lanzamiento al espacio, &#8216;Menut&#8217; ha ido superando con \u00e9xito las etapas previstas de configuraci\u00f3n inicial, pruebas de calibraci\u00f3n y puesta en marcha de todos sus subsistemas antes de entrar en servicio. Ya desde principios de febrero, con la llegada de las primeras im\u00e1genes, los equipos t\u00e9cnicos han utilizado los datos capturados por &#8216;Menut&#8217; de manera regular para poner a punto los instrumentos a bordo <\/span><\/p>\n<p>[\/et_pb_text][\/et_pb_column][\/et_pb_row][et_pb_row _builder_version=\u00bb4.16&#8243; _module_preset=\u00bbdefault\u00bb global_colors_info=\u00bb{}\u00bb][et_pb_column type=\u00bb4_4&#8243; _builder_version=\u00bb4.16&#8243; _module_preset=\u00bbdefault\u00bb global_colors_info=\u00bb{}\u00bb][et_pb_text _builder_version=\u00bb4.16&#8243; _module_preset=\u00bbdefault\u00bb header_2_font=\u00bb|700|||||||\u00bb header_2_font_size=\u00bb25px\u00bb header_2_font_size_tablet=\u00bb23px\u00bb header_2_font_size_phone=\u00bb23px\u00bb header_2_font_size_last_edited=\u00bbon|phone\u00bb global_colors_info=\u00bb{}\u00bb]<\/p>\n<h2>Primeras im\u00e1genes de Catalunya<\/h2>\n<p>[\/et_pb_text][et_pb_text _builder_version=\u00bb4.16&#8243; _module_preset=\u00bbdefault\u00bb link_font=\u00bb|700|||on||||\u00bb locked=\u00bboff\u00bb global_colors_info=\u00bb{}\u00bb]<\/p>\n<p><span style=\"font-weight: 400;\">Las muchas im\u00e1genes que ha ido tomando &#8216;Menut&#8217; desde el mes de febrero han ido mejorando en calidad y definici\u00f3n gracias a los trabajos de los equipos del ICGC, Open Cosmos y el IEEC en el marco de la Estrategia NewSpace de Catalunya. Adem\u00e1s de las adquiridas durante su paso sobre Catalunya, el nanosat\u00e9lite ha tomado im\u00e1genes de otras muchas partes del mundo que, por un lado, ayudar\u00e1n a combatir el cambio clim\u00e1tico a escala global y, por otro, sit\u00faan a &#8216;Menut&#8217; en el escenario de Observaci\u00f3n de la Tierra a escala mundial.<\/span><\/p>\n<p><span style=\"font-weight: 400;\">Algunas de las im\u00e1genes capturadas por &#8216;Menut&#8217; hasta ahora son:<\/span><\/p>\n<p>[\/et_pb_text][et_pb_image src=\u00bbhttps:\/\/www.ieec.cat\/wp-content\/uploads\/2023\/07\/Fotos-menut-juntes-7501.jpg\u00bb title_text=\u00bbFotos-menut-juntes-750(1)\u00bb _builder_version=\u00bb4.16&#8243; _module_preset=\u00bbdefault\u00bb global_colors_info=\u00bb{}\u00bb][\/et_pb_image][et_pb_text _builder_version=\u00bb4.16&#8243; _module_preset=\u00bbdefault\u00bb link_font=\u00bb|700|||on||||\u00bb locked=\u00bboff\u00bb global_colors_info=\u00bb{}\u00bb]<\/p>\n<p><b>Pedraforca y Tarragona (infrarrojos) (im\u00e1genes de la izquierda, 1 y 2). <\/b><span style=\"font-weight: 400;\">Las primeras im\u00e1genes de &#8216;Menut&#8217; sobre Catalunya fueron adquiridas el pasado 18 de febrero. La primera imagen corresponde a la zona de la Cerdanya, donde se pueden observar los Pirineos a la altura de Lles de Cerdanya, el valle de la Cerdanya y parte del Parc Natural del Cad\u00ed-Moixer\u00f3 hasta el Pedraforca. En la segunda, tomada el mismo d\u00eda, puede verse la ciudad de Tarragona e incluso se observa alg\u00fan barco. Se trata de im\u00e1genes no calibradas y adquiridas en una fase inicial del proceso de puesta en marcha del nanosat\u00e9lite.\u00a0<\/span><\/p>\n<p><b>Lleida (RGB).<\/b><span style=\"font-weight: 400;\"> El 16 de mayo se obtuvo una imagen del Pallars Juss\u00e0, la Noguera y el Segri\u00e0. Se puede observar buena parte de la cuenca del r\u00edo Segre y la Horta de Lleida. Futuras adquisiciones de la misma zona servir\u00e1n para valorar el impacto de la sequ\u00eda en los cultivos y contribuir\u00e1n a la mejora de la gesti\u00f3n del agua.<\/span><\/p>\n<p><b>Palafrugell (RGB) (imagen de la derecha)<\/b><span style=\"font-weight: 400;\">. Esta imagen de la zona de l\u2019Empord\u00e0, desde l\u2019Escala hasta Tossa de Mar, se adquiri\u00f3 el 25 de junio. Muestra como los datos de &#8216;Menut&#8217; tienen impacto en las aplicaciones relacionadas con el seguimiento y delimitaci\u00f3n de las afectaciones causadas por episodios meteorol\u00f3gicos extremos como inundaciones, riadas y plumas de sedimentos fluviales en las aguas costeras. Los \u00e1mbitos de trabajo como el seguimiento de biotipos o aquellos ligados a pol\u00edticas y acciones ligadas a la calidad del agua y la resiliencia del paisaje se ver\u00e1n favorecidos.\u00a0<\/span><\/p>\n<p><span style=\"font-weight: 400;\">Recopilatorio de im\u00e1genes de \u2018Menut\u2019 disponible <\/span><a href=\"https:\/\/politiquesdigitals.gencat.cat\/ca\/economia\/estrategia-new-space-catalunya\/constellacions-nanosatellits\/menut\" target=\"_blank\" rel=\"noopener\"><span style=\"font-weight: 400;\">aqu\u00ed<\/span><\/a><span style=\"font-weight: 400;\">.<\/span><\/p>\n<p>[\/et_pb_text][\/et_pb_column][\/et_pb_row][et_pb_row _builder_version=\u00bb4.16&#8243; _module_preset=\u00bbdefault\u00bb global_colors_info=\u00bb{}\u00bb][et_pb_column type=\u00bb4_4&#8243; _builder_version=\u00bb4.16&#8243; _module_preset=\u00bbdefault\u00bb global_colors_info=\u00bb{}\u00bb][et_pb_text _builder_version=\u00bb4.16&#8243; _module_preset=\u00bbdefault\u00bb header_2_font=\u00bb|700|||||||\u00bb header_2_font_size=\u00bb25px\u00bb header_2_font_size_tablet=\u00bb23px\u00bb header_2_font_size_phone=\u00bb23px\u00bb header_2_font_size_last_edited=\u00bbon|phone\u00bb global_colors_info=\u00bb{}\u00bb]<\/p>\n<h2>Adquisici\u00f3n y procesamiento de las im\u00e1genes<\/h2>\n<p>[\/et_pb_text][et_pb_text _builder_version=\u00bb4.16&#8243; _module_preset=\u00bbdefault\u00bb link_font=\u00bb|700|||on||||\u00bb locked=\u00bboff\u00bb global_colors_info=\u00bb{}\u00bb]<\/p>\n<p><span style=\"font-weight: 400;\">Open Cosmos gestiona las operaciones de &#8216;Menut&#8217; desde su sede de Barcelona, donde el equipo de vuelo, desde el Centro de Control de Misi\u00f3n, se encarga de las operaciones diarias del sat\u00e9lite, asegurando una comunicaci\u00f3n fluida con &#8216;Menut&#8217;; la detecci\u00f3n y correcci\u00f3n de anomal\u00edas y las actualizaciones del software de vuelo.<\/span><span style=\"font-weight: 400;\"><\/span><\/p>\n<p><span style=\"font-weight: 400;\">Posteriormente, en el marco de la misi\u00f3n de la Estrategia NewSpace de Catalunya, las im\u00e1genes se env\u00edan al ICGC, que se encarga de aplicar las correcciones y procesos espec\u00edficos (geom\u00e9tricos y atmosf\u00e9ricos), esenciales para poder transformarlas en informaci\u00f3n \u00fatil.\u00a0<\/span><span style=\"font-weight: 400;\"><\/span><\/p>\n<p><span style=\"font-weight: 400;\">Adem\u00e1s, el ICGC trabaja para introducir los datos de &#8216;Menut&#8217; en su procesamiento habitual de datos de Observaci\u00f3n de la Tierra obtenidos de otras fuentes, para generar productos espec\u00edficos o dedicados. Estos productos atienden a necesidades del territorio, como las zonas especialmente vulnerables a los efectos del cambio clim\u00e1tico. El Delta del Ebro, la cuenca de la Muga, la costa del Maresme o el Pla d\u2019Urgell son algunas de estas zonas, especialmente escogidas por su diversidad en el momento de representar retos en \u00e1mbitos como la biodiversidad, la gesti\u00f3n de recursos o los efectos socioecon\u00f3micos.<\/span><span style=\"font-weight: 400;\"><\/span><\/p>\n<p><span style=\"font-weight: 400;\">&#8216;Menut&#8217; tambi\u00e9n permitir\u00e1 aplicaciones en los \u00e1mbitos relacionados con las masas forestales y su gesti\u00f3n, como los incendios forestales; la planificaci\u00f3n y la supervisi\u00f3n de los ecosistemas urbanos y naturales; la gesti\u00f3n del agua y el seguimiento, control y protecci\u00f3n del medio y de la actividad en las zonas del litoral.\u00a0<\/span><span style=\"font-weight: 400;\"><\/span><\/p>\n<p><span style=\"font-weight: 400;\">Pr\u00f3ximamente, los datos corregidos de &#8216;Menut&#8217; estar\u00e1n disponibles para la ciudadan\u00eda, el tejido de investigaci\u00f3n y la industria, en una plataforma de descubrimiento y descarga de acceso abierto que est\u00e1 construyendo el ICGC en el marco de la Estrategia NewSpace de Catalunya.\u00a0<\/span><span style=\"font-weight: 400;\"><\/span><\/p>\n<p><span style=\"font-weight: 400;\">En paralelo, bajo la supervisi\u00f3n y coordinaci\u00f3n de la Generalitat, los equipos del IEEC, el ICGC y Open Cosmos contin\u00faan trabajando conjuntamente para refinar la calidad de los datos de &#8216;Menut&#8217;, con tareas de coordinaci\u00f3n y mantenimiento de la calidad de datos que se ir\u00e1n repitiendo de forma peri\u00f3dica a lo largo de toda la vida en \u00f3rbita del nanosat\u00e9lite.<\/span><span style=\"font-weight: 400;\"><\/span><span style=\"font-weight: 400;\"><\/span><\/p>\n<p>[\/et_pb_text][\/et_pb_column][\/et_pb_row][et_pb_row _builder_version=\u00bb4.16&#8243; _module_preset=\u00bbdefault\u00bb global_colors_info=\u00bb{}\u00bb][et_pb_column type=\u00bb4_4&#8243; _builder_version=\u00bb4.16&#8243; _module_preset=\u00bbdefault\u00bb global_colors_info=\u00bb{}\u00bb][et_pb_text _builder_version=\u00bb4.16&#8243; _module_preset=\u00bbdefault\u00bb header_2_font=\u00bb|700|||||||\u00bb header_2_font_size=\u00bb25px\u00bb header_2_font_size_tablet=\u00bb23px\u00bb header_2_font_size_phone=\u00bb23px\u00bb header_2_font_size_last_edited=\u00bbon|phone\u00bb global_colors_info=\u00bb{}\u00bb]<\/p>\n<h2>Sobre la Estrategia NewSpace de Catalunya<\/h2>\n<p>[\/et_pb_text][et_pb_text _builder_version=\u00bb4.16&#8243; _module_preset=\u00bbdefault\u00bb link_font=\u00bb|700|||on||||\u00bb locked=\u00bboff\u00bb global_colors_info=\u00bb{}\u00bb]<\/p>\n<p><span style=\"font-weight: 400;\">La de &#8216;Menut&#8217; es la segunda misi\u00f3n satelitaria de la Estrategia NewSpace de Catalunya impulsada por el Govern a trav\u00e9s del <\/span><a href=\"https:\/\/empresa.gencat.cat\/ca\/inici\/index.html#googtrans(ca%7Ces)\"><span style=\"font-weight: 400;\">Departamento de Empresa y Trabajo<\/span><\/a><span style=\"font-weight: 400;\">, y la primera que tiene como misi\u00f3n la observaci\u00f3n de la Tierra para contribuir a mejorar la gesti\u00f3n del territorio y ayudar a controlar y combatir los efectos de la crisis clim\u00e1tica.\u00a0<\/span><\/p>\n<p><span style=\"font-weight: 400;\">La Estrategia, concebida para aprovechar las oportunidades de este nuevo \u00e1mbito econ\u00f3mico basado en el uso de sat\u00e9lites de peque\u00f1as dimensiones y en la explotaci\u00f3n de sus datos, cuenta con la colaboraci\u00f3n del IEEC, el ICGC y la <a href=\"https:\/\/i2cat.net\/\">Fundaci\u00f3 i2CAT<\/a> como entidades promotoras y tiene como objetivo \u00faltimo proyectar y conectar el ecosistema espacial catal\u00e1n con otros polos de innovaci\u00f3n del resto del mundo, para situarlo en el tablero de juego internacional vinculado a este nuevo \u00e1mbito emergente. <br \/><\/span><span style=\"font-weight: 400;\"><\/span><span style=\"font-weight: 400;\"><\/span><span style=\"font-weight: 400;\"><\/span><span style=\"font-weight: 400;\"><\/span><\/p>\n<p>[\/et_pb_text][\/et_pb_column][\/et_pb_row][et_pb_row module_class=\u00bbieec-about\u00bb _builder_version=\u00bb4.27.4&#8243; _module_preset=\u00bbdefault\u00bb background_color=\u00bbrgba(64,111,218,0.15)\u00bb global_module=\u00bb17328&#8243; global_colors_info=\u00bb{}\u00bb][et_pb_column type=\u00bb4_4&#8243; _builder_version=\u00bb4.16&#8243; _module_preset=\u00bbdefault\u00bb custom_padding=\u00bb20px|50px|20px|50px|true|true\u00bb global_colors_info=\u00bb{}\u00bb][et_pb_text admin_label=\u00bbSobre l&#8217;IEEC\u00bb _builder_version=\u00bb4.16&#8243; _module_preset=\u00bbdefault\u00bb header_2_font=\u00bb|700|||||||\u00bb header_2_font_size=\u00bb25px\u00bb custom_margin=\u00bb||10px||false|false\u00bb header_2_font_size_tablet=\u00bb23px\u00bb header_2_font_size_phone=\u00bb23px\u00bb header_2_font_size_last_edited=\u00bbon|phone\u00bb locked=\u00bboff\u00bb global_colors_info=\u00bb{}\u00bb]<\/p>\n<h2>Sobre el IEEC<\/h2>\n<p>[\/et_pb_text][et_pb_text _builder_version=\u00bb4.16&#8243; _module_preset=\u00bbdefault\u00bb text_font=\u00bb||on||||||\u00bb link_font=\u00bb|700|||on||||\u00bb locked=\u00bboff\u00bb global_colors_info=\u00bb{}\u00bb]<\/p>\n<p>El Institut d\u2019Estudis Espacials de Catalunya (IEEC) promueve y coordina la investigaci\u00f3n y el desarrollo tecnol\u00f3gico espacial en Catalu\u00f1a en beneficio de la sociedad. El IEEC fomenta las colaboraciones tanto a nivel local como mundial, y es un eficiente agente de transferencia de conocimiento, innovaci\u00f3n y tecnolog\u00eda. Como resultado de m\u00e1s de 25 a\u00f1os de investigaci\u00f3n de alta calidad, llevada a cabo en colaboraci\u00f3n con las principales organizaciones internacionales, el IEEC se encuentra entre los mejores centros de investigaci\u00f3n internacionales, centrados en \u00e1reas como: astrof\u00edsica, cosmolog\u00eda, ciencias planetarias y observaci\u00f3n de la Tierra. La divisi\u00f3n de ingenier\u00eda del IEEC desarrolla instrumentaci\u00f3n para proyectos terrestres y espaciales, y tiene una amplia experiencia trabajando con organizaciones privadas y p\u00fablicas del sector aeroespacial y otros sectores de innovaci\u00f3n.<\/p>\n<p>El IEEC es una fundaci\u00f3n del sector p\u00fablico sin \u00e1nimo de lucro, fundada en febrero de 1996. Est\u00e1 regida por un Patronato compuesto por la Generalitat de Catalunya,  la Universitat de Barcelona (UB), la Universitat Aut\u00f2noma de Barcelona (UAB), la Universitat Polit\u00e8cnica de Catalunya \u00b7 BarcelonaTech (UPC), y el Consejo Superior de Investigaciones Cient\u00edficas (CSIC). El IEEC es tambi\u00e9n un centro CERCA (Centres de Recerca de Catalunya).<\/p>\n<p>[\/et_pb_text][\/et_pb_column][\/et_pb_row][et_pb_row _builder_version=\u00bb4.16&#8243; _module_preset=\u00bbdefault\u00bb custom_margin=\u00bb||||false|false\u00bb locked=\u00bboff\u00bb global_colors_info=\u00bb{}\u00bb][et_pb_column type=\u00bb4_4&#8243; _builder_version=\u00bb4.16&#8243; _module_preset=\u00bbdefault\u00bb global_colors_info=\u00bb{}\u00bb][et_pb_divider color=\u00bb#406fda\u00bb _builder_version=\u00bb4.16&#8243; _module_preset=\u00bbdefault\u00bb custom_margin=\u00bb||10px||false|false\u00bb global_colors_info=\u00bb{}\u00bb][\/et_pb_divider][et_pb_text _builder_version=\u00bb4.16&#8243; _module_preset=\u00bbdefault\u00bb text_font=\u00bbCairo|700|||||||\u00bb text_text_color=\u00bb#406fda\u00bb text_font_size=\u00bb20px\u00bb custom_margin=\u00bb||10px||false|false\u00bb global_colors_info=\u00bb{}\u00bb]<\/p>\n<p>Enlaces<\/p>\n<p>[\/et_pb_text][et_pb_text _builder_version=\u00bb4.16&#8243; _module_preset=\u00bbdefault\u00bb text_font_size=\u00bb16px\u00bb text_line_height=\u00bb1.1em\u00bb link_font=\u00bb|700|||on|||#1a1140|\u00bb link_text_color=\u00bb#1a1140&#8243; link_line_height=\u00bb1.4em\u00bb custom_margin=\u00bb20px||||false|false\u00bb global_colors_info=\u00bb{}\u00bb]<a href=\"http:\/\/www.ieec.cat\/\">IEEC<\/a><br \/>\n<a href=\"https:\/\/politiquesdigitals.gencat.cat\/ca\/economia\/estrategia-new-space-catalunya\/index.html#googtrans(ca%7Ces)\">Estrategia NewSpace de Catalunya<\/a><br \/>\n<a href=\"https:\/\/govern.cat\/gov\/\">Govern de la Generalitat<\/a><br \/>\n<a href=\"https:\/\/www.icgc.cat\/es\/\">Institut Cartogr\u00e0fic i Geol\u00f2gic de Catalunya<\/a><br \/>\n<a href=\"https:\/\/www.open-cosmos.com\/\">Open Cosmos<\/a><br \/>\n<a href=\"https:\/\/empresa.gencat.cat\/ca\/inici\/index.html#googtrans(ca%7Ces)\">Departamento de Empresa y Trabajo<\/a><br \/>\n<a href=\"https:\/\/i2cat.net\/\">Fundaci\u00f3 i2CAT<\/a>[\/et_pb_text][\/et_pb_column][\/et_pb_row][et_pb_row _builder_version=\u00bb4.16&#8243; _module_preset=\u00bbdefault\u00bb custom_margin=\u00bb||||false|false\u00bb locked=\u00bboff\u00bb global_colors_info=\u00bb{}\u00bb][et_pb_column type=\u00bb4_4&#8243; _builder_version=\u00bb4.16&#8243; _module_preset=\u00bbdefault\u00bb global_colors_info=\u00bb{}\u00bb][et_pb_divider color=\u00bb#406fda\u00bb _builder_version=\u00bb4.16&#8243; _module_preset=\u00bbdefault\u00bb custom_margin=\u00bb||10px||false|false\u00bb global_colors_info=\u00bb{}\u00bb][\/et_pb_divider][et_pb_text _builder_version=\u00bb4.16&#8243; _module_preset=\u00bbdefault\u00bb text_font=\u00bbCairo|700|||||||\u00bb text_text_color=\u00bb#406fda\u00bb text_font_size=\u00bb20px\u00bb custom_margin=\u00bb||10px||false|false\u00bb global_colors_info=\u00bb{}\u00bb]<\/p>\n<p>Contactos<\/p>\n<p>[\/et_pb_text][\/et_pb_column][\/et_pb_row][et_pb_row column_structure=\u00bb2_5,3_5&#8243; admin_label=\u00bbRow\u00bb _builder_version=\u00bb4.16&#8243; _module_preset=\u00bbdefault\u00bb custom_margin=\u00bb0px||||false|false\u00bb custom_padding=\u00bb0px||||false|false\u00bb global_colors_info=\u00bb{}\u00bb][et_pb_column type=\u00bb2_5&#8243; _builder_version=\u00bb4.16&#8243; _module_preset=\u00bbdefault\u00bb custom_padding=\u00bb|||20px|false|false\u00bb border_width_left=\u00bb1px\u00bb border_color_left=\u00bb#406fda\u00bb global_colors_info=\u00bb{}\u00bb][et_pb_text _builder_version=\u00bb4.16&#8243; _module_preset=\u00bbdefault\u00bb text_font_size=\u00bb16px\u00bb text_line_height=\u00bb1.1em\u00bb link_font=\u00bb|700|||on|||#1a1140|\u00bb link_text_color=\u00bb#1a1140&#8243; link_line_height=\u00bb1.4em\u00bb header_4_font=\u00bb|700|||||||\u00bb header_4_text_color=\u00bb#1a1140&#8243; custom_margin=\u00bb||||false|false\u00bb locked=\u00bboff\u00bb global_colors_info=\u00bb{}\u00bb]<\/p>\n<h4>Oficina de Comunicaci\u00f3n del IEEC<\/h4>\n<p>Barcelona, Espa\u00f1a<br \/>Correo electr\u00f3nico: <a href=\"mailto:comunicacio@ieec.cat\">comunicacio@ieec.cat<\/a><\/p>\n<p>[\/et_pb_text][\/et_pb_column][et_pb_column type=\u00bb3_5&#8243; _builder_version=\u00bb4.16&#8243; _module_preset=\u00bbdefault\u00bb custom_padding=\u00bb|||20px|false|false\u00bb border_width_left=\u00bb1px\u00bb border_color_left=\u00bb#406fda\u00bb global_colors_info=\u00bb{}\u00bb][\/et_pb_column][\/et_pb_row][\/et_pb_section]<\/p>\n","protected":false},"excerpt":{"rendered":"<p>El nanosat\u00e9lite de Observaci\u00f3n de la Tierra de la Estrategia NewSpace de la Generalitat de Catalunya cierra con \u00e9xito las etapas de puesta en marcha y ya se reciben regularmente im\u00e1genes de Catalunya procesadas<\/p>\n","protected":false},"author":5,"featured_media":20529,"comment_status":"closed","ping_status":"closed","sticky":false,"template":"","format":"standard","meta":{"_et_pb_use_builder":"on","_et_pb_old_content":"","_et_gb_content_width":"","footnotes":""},"categories":[122,113,75],"tags":[],"class_list":["post-20586","post","type-post","status-publish","format-standard","has-post-thumbnail","hentry","category-newspace-es","category-noticia-destacada-pequena","category-noticias"],"yoast_head":"<!-- This site is optimized with the Yoast SEO plugin v27.4 - https:\/\/yoast.com\/product\/yoast-seo-wordpress\/ -->\n<title>&#039;Menut&#039; ya opera desde el espacio para contribuir a mejorar la gesti\u00f3n del territorio y combatir los efectos de la crisis clim\u00e1tica - IEEC<\/title>\n<meta name=\"robots\" content=\"index, follow, max-snippet:-1, max-image-preview:large, max-video-preview:-1\" \/>\n<link rel=\"canonical\" href=\"https:\/\/www.ieec.cat\/es\/menut-ya-opera-desde-el-espacio-para-contribuir-a-mejorar-la-gestion-del-territorio-y-combatir-los-efectos-de-la-crisis-climatica\/\" \/>\n<meta property=\"og:locale\" content=\"es_ES\" \/>\n<meta property=\"og:type\" content=\"article\" \/>\n<meta property=\"og:title\" content=\"&#039;Menut&#039; ya opera desde el espacio para contribuir a mejorar la gesti\u00f3n del territorio y combatir los efectos de la crisis clim\u00e1tica - IEEC\" \/>\n<meta property=\"og:description\" content=\"El nanosat\u00e9lite de Observaci\u00f3n de la Tierra de la Estrategia NewSpace de la Generalitat de Catalunya cierra con \u00e9xito las etapas de puesta en marcha y ya se reciben regularmente im\u00e1genes de Catalunya procesadas\" \/>\n<meta property=\"og:url\" content=\"https:\/\/www.ieec.cat\/es\/menut-ya-opera-desde-el-espacio-para-contribuir-a-mejorar-la-gestion-del-territorio-y-combatir-los-efectos-de-la-crisis-climatica\/\" \/>\n<meta property=\"og:site_name\" content=\"IEEC\" \/>\n<meta property=\"article:published_time\" content=\"2023-07-14T09:30:00+00:00\" \/>\n<meta property=\"article:modified_time\" content=\"2026-04-29T08:29:14+00:00\" \/>\n<meta property=\"og:image\" content=\"https:\/\/www.ieec.cat\/wp-content\/uploads\/2023\/07\/Fotos-Menut-portada-1150x650px-ordre-correcte1.jpg\" \/>\n\t<meta property=\"og:image:width\" content=\"1150\" \/>\n\t<meta property=\"og:image:height\" content=\"650\" \/>\n\t<meta property=\"og:image:type\" content=\"image\/jpeg\" \/>\n<meta name=\"author\" content=\"Francisco Panyos\" \/>\n<meta name=\"twitter:card\" content=\"summary_large_image\" \/>\n<meta name=\"twitter:label1\" content=\"Escrito por\" \/>\n\t<meta name=\"twitter:data1\" content=\"Francisco Panyos\" \/>\n\t<meta name=\"twitter:label2\" content=\"Tiempo de lectura\" \/>\n\t<meta name=\"twitter:data2\" content=\"11 minutos\" \/>\n<script type=\"application\/ld+json\" class=\"yoast-schema-graph\">{\"@context\":\"https:\\\/\\\/schema.org\",\"@graph\":[{\"@type\":\"Article\",\"@id\":\"https:\\\/\\\/www.ieec.cat\\\/es\\\/menut-ya-opera-desde-el-espacio-para-contribuir-a-mejorar-la-gestion-del-territorio-y-combatir-los-efectos-de-la-crisis-climatica\\\/#article\",\"isPartOf\":{\"@id\":\"https:\\\/\\\/www.ieec.cat\\\/es\\\/menut-ya-opera-desde-el-espacio-para-contribuir-a-mejorar-la-gestion-del-territorio-y-combatir-los-efectos-de-la-crisis-climatica\\\/\"},\"author\":{\"name\":\"Francisco Panyos\",\"@id\":\"https:\\\/\\\/www.ieec.cat\\\/es\\\/#\\\/schema\\\/person\\\/66f3943e2fdb094349ad344043ede870\"},\"headline\":\"&#8216;Menut&#8217; ya opera desde el espacio para contribuir a mejorar la gesti\u00f3n del territorio y combatir los efectos de la crisis clim\u00e1tica\",\"datePublished\":\"2023-07-14T09:30:00+00:00\",\"dateModified\":\"2026-04-29T08:29:14+00:00\",\"mainEntityOfPage\":{\"@id\":\"https:\\\/\\\/www.ieec.cat\\\/es\\\/menut-ya-opera-desde-el-espacio-para-contribuir-a-mejorar-la-gestion-del-territorio-y-combatir-los-efectos-de-la-crisis-climatica\\\/\"},\"wordCount\":2909,\"image\":{\"@id\":\"https:\\\/\\\/www.ieec.cat\\\/es\\\/menut-ya-opera-desde-el-espacio-para-contribuir-a-mejorar-la-gestion-del-territorio-y-combatir-los-efectos-de-la-crisis-climatica\\\/#primaryimage\"},\"thumbnailUrl\":\"https:\\\/\\\/www.ieec.cat\\\/wp-content\\\/uploads\\\/2023\\\/07\\\/Fotos-Menut-portada-1150x650px-ordre-correcte1.jpg\",\"articleSection\":[\"NewSpace\",\"Noticia destacada peque\u00f1a\",\"Noticias\"],\"inLanguage\":\"es\"},{\"@type\":\"WebPage\",\"@id\":\"https:\\\/\\\/www.ieec.cat\\\/es\\\/menut-ya-opera-desde-el-espacio-para-contribuir-a-mejorar-la-gestion-del-territorio-y-combatir-los-efectos-de-la-crisis-climatica\\\/\",\"url\":\"https:\\\/\\\/www.ieec.cat\\\/es\\\/menut-ya-opera-desde-el-espacio-para-contribuir-a-mejorar-la-gestion-del-territorio-y-combatir-los-efectos-de-la-crisis-climatica\\\/\",\"name\":\"'Menut' ya opera desde el espacio para contribuir a mejorar la gesti\u00f3n del territorio y combatir los efectos de la crisis clim\u00e1tica - IEEC\",\"isPartOf\":{\"@id\":\"https:\\\/\\\/www.ieec.cat\\\/es\\\/#website\"},\"primaryImageOfPage\":{\"@id\":\"https:\\\/\\\/www.ieec.cat\\\/es\\\/menut-ya-opera-desde-el-espacio-para-contribuir-a-mejorar-la-gestion-del-territorio-y-combatir-los-efectos-de-la-crisis-climatica\\\/#primaryimage\"},\"image\":{\"@id\":\"https:\\\/\\\/www.ieec.cat\\\/es\\\/menut-ya-opera-desde-el-espacio-para-contribuir-a-mejorar-la-gestion-del-territorio-y-combatir-los-efectos-de-la-crisis-climatica\\\/#primaryimage\"},\"thumbnailUrl\":\"https:\\\/\\\/www.ieec.cat\\\/wp-content\\\/uploads\\\/2023\\\/07\\\/Fotos-Menut-portada-1150x650px-ordre-correcte1.jpg\",\"datePublished\":\"2023-07-14T09:30:00+00:00\",\"dateModified\":\"2026-04-29T08:29:14+00:00\",\"author\":{\"@id\":\"https:\\\/\\\/www.ieec.cat\\\/es\\\/#\\\/schema\\\/person\\\/66f3943e2fdb094349ad344043ede870\"},\"breadcrumb\":{\"@id\":\"https:\\\/\\\/www.ieec.cat\\\/es\\\/menut-ya-opera-desde-el-espacio-para-contribuir-a-mejorar-la-gestion-del-territorio-y-combatir-los-efectos-de-la-crisis-climatica\\\/#breadcrumb\"},\"inLanguage\":\"es\",\"potentialAction\":[{\"@type\":\"ReadAction\",\"target\":[\"https:\\\/\\\/www.ieec.cat\\\/es\\\/menut-ya-opera-desde-el-espacio-para-contribuir-a-mejorar-la-gestion-del-territorio-y-combatir-los-efectos-de-la-crisis-climatica\\\/\"]}]},{\"@type\":\"ImageObject\",\"inLanguage\":\"es\",\"@id\":\"https:\\\/\\\/www.ieec.cat\\\/es\\\/menut-ya-opera-desde-el-espacio-para-contribuir-a-mejorar-la-gestion-del-territorio-y-combatir-los-efectos-de-la-crisis-climatica\\\/#primaryimage\",\"url\":\"https:\\\/\\\/www.ieec.cat\\\/wp-content\\\/uploads\\\/2023\\\/07\\\/Fotos-Menut-portada-1150x650px-ordre-correcte1.jpg\",\"contentUrl\":\"https:\\\/\\\/www.ieec.cat\\\/wp-content\\\/uploads\\\/2023\\\/07\\\/Fotos-Menut-portada-1150x650px-ordre-correcte1.jpg\",\"width\":1150,\"height\":650},{\"@type\":\"BreadcrumbList\",\"@id\":\"https:\\\/\\\/www.ieec.cat\\\/es\\\/menut-ya-opera-desde-el-espacio-para-contribuir-a-mejorar-la-gestion-del-territorio-y-combatir-los-efectos-de-la-crisis-climatica\\\/#breadcrumb\",\"itemListElement\":[{\"@type\":\"ListItem\",\"position\":1,\"name\":\"Portada\",\"item\":\"https:\\\/\\\/www.ieec.cat\\\/es\\\/\"},{\"@type\":\"ListItem\",\"position\":2,\"name\":\"&#8216;Menut&#8217; ya opera desde el espacio para contribuir a mejorar la gesti\u00f3n del territorio y combatir los efectos de la crisis clim\u00e1tica\"}]},{\"@type\":\"WebSite\",\"@id\":\"https:\\\/\\\/www.ieec.cat\\\/es\\\/#website\",\"url\":\"https:\\\/\\\/www.ieec.cat\\\/es\\\/\",\"name\":\"IEEC\",\"description\":\"Institut d&#039;Estudis Espacials de Catalunya\",\"potentialAction\":[{\"@type\":\"SearchAction\",\"target\":{\"@type\":\"EntryPoint\",\"urlTemplate\":\"https:\\\/\\\/www.ieec.cat\\\/es\\\/?s={search_term_string}\"},\"query-input\":{\"@type\":\"PropertyValueSpecification\",\"valueRequired\":true,\"valueName\":\"search_term_string\"}}],\"inLanguage\":\"es\"},{\"@type\":\"Person\",\"@id\":\"https:\\\/\\\/www.ieec.cat\\\/es\\\/#\\\/schema\\\/person\\\/66f3943e2fdb094349ad344043ede870\",\"name\":\"Francisco Panyos\",\"image\":{\"@type\":\"ImageObject\",\"inLanguage\":\"es\",\"@id\":\"https:\\\/\\\/secure.gravatar.com\\\/avatar\\\/526157a3fe3c965ab680e104b6fe47df151d5d607c86c2744324613bf4c68622?s=96&d=mm&r=g\",\"url\":\"https:\\\/\\\/secure.gravatar.com\\\/avatar\\\/526157a3fe3c965ab680e104b6fe47df151d5d607c86c2744324613bf4c68622?s=96&d=mm&r=g\",\"contentUrl\":\"https:\\\/\\\/secure.gravatar.com\\\/avatar\\\/526157a3fe3c965ab680e104b6fe47df151d5d607c86c2744324613bf4c68622?s=96&d=mm&r=g\",\"caption\":\"Francisco Panyos\"}}]}<\/script>\n<!-- \/ Yoast SEO plugin. -->","yoast_head_json":{"title":"'Menut' ya opera desde el espacio para contribuir a mejorar la gesti\u00f3n del territorio y combatir los efectos de la crisis clim\u00e1tica - IEEC","robots":{"index":"index","follow":"follow","max-snippet":"max-snippet:-1","max-image-preview":"max-image-preview:large","max-video-preview":"max-video-preview:-1"},"canonical":"https:\/\/www.ieec.cat\/es\/menut-ya-opera-desde-el-espacio-para-contribuir-a-mejorar-la-gestion-del-territorio-y-combatir-los-efectos-de-la-crisis-climatica\/","og_locale":"es_ES","og_type":"article","og_title":"'Menut' ya opera desde el espacio para contribuir a mejorar la gesti\u00f3n del territorio y combatir los efectos de la crisis clim\u00e1tica - IEEC","og_description":"El nanosat\u00e9lite de Observaci\u00f3n de la Tierra de la Estrategia NewSpace de la Generalitat de Catalunya cierra con \u00e9xito las etapas de puesta en marcha y ya se reciben regularmente im\u00e1genes de Catalunya procesadas","og_url":"https:\/\/www.ieec.cat\/es\/menut-ya-opera-desde-el-espacio-para-contribuir-a-mejorar-la-gestion-del-territorio-y-combatir-los-efectos-de-la-crisis-climatica\/","og_site_name":"IEEC","article_published_time":"2023-07-14T09:30:00+00:00","article_modified_time":"2026-04-29T08:29:14+00:00","og_image":[{"width":1150,"height":650,"url":"https:\/\/www.ieec.cat\/wp-content\/uploads\/2023\/07\/Fotos-Menut-portada-1150x650px-ordre-correcte1.jpg","type":"image\/jpeg"}],"author":"Francisco Panyos","twitter_card":"summary_large_image","twitter_misc":{"Escrito por":"Francisco Panyos","Tiempo de lectura":"11 minutos"},"schema":{"@context":"https:\/\/schema.org","@graph":[{"@type":"Article","@id":"https:\/\/www.ieec.cat\/es\/menut-ya-opera-desde-el-espacio-para-contribuir-a-mejorar-la-gestion-del-territorio-y-combatir-los-efectos-de-la-crisis-climatica\/#article","isPartOf":{"@id":"https:\/\/www.ieec.cat\/es\/menut-ya-opera-desde-el-espacio-para-contribuir-a-mejorar-la-gestion-del-territorio-y-combatir-los-efectos-de-la-crisis-climatica\/"},"author":{"name":"Francisco Panyos","@id":"https:\/\/www.ieec.cat\/es\/#\/schema\/person\/66f3943e2fdb094349ad344043ede870"},"headline":"&#8216;Menut&#8217; ya opera desde el espacio para contribuir a mejorar la gesti\u00f3n del territorio y combatir los efectos de la crisis clim\u00e1tica","datePublished":"2023-07-14T09:30:00+00:00","dateModified":"2026-04-29T08:29:14+00:00","mainEntityOfPage":{"@id":"https:\/\/www.ieec.cat\/es\/menut-ya-opera-desde-el-espacio-para-contribuir-a-mejorar-la-gestion-del-territorio-y-combatir-los-efectos-de-la-crisis-climatica\/"},"wordCount":2909,"image":{"@id":"https:\/\/www.ieec.cat\/es\/menut-ya-opera-desde-el-espacio-para-contribuir-a-mejorar-la-gestion-del-territorio-y-combatir-los-efectos-de-la-crisis-climatica\/#primaryimage"},"thumbnailUrl":"https:\/\/www.ieec.cat\/wp-content\/uploads\/2023\/07\/Fotos-Menut-portada-1150x650px-ordre-correcte1.jpg","articleSection":["NewSpace","Noticia destacada peque\u00f1a","Noticias"],"inLanguage":"es"},{"@type":"WebPage","@id":"https:\/\/www.ieec.cat\/es\/menut-ya-opera-desde-el-espacio-para-contribuir-a-mejorar-la-gestion-del-territorio-y-combatir-los-efectos-de-la-crisis-climatica\/","url":"https:\/\/www.ieec.cat\/es\/menut-ya-opera-desde-el-espacio-para-contribuir-a-mejorar-la-gestion-del-territorio-y-combatir-los-efectos-de-la-crisis-climatica\/","name":"'Menut' ya opera desde el espacio para contribuir a mejorar la gesti\u00f3n del territorio y combatir los efectos de la crisis clim\u00e1tica - IEEC","isPartOf":{"@id":"https:\/\/www.ieec.cat\/es\/#website"},"primaryImageOfPage":{"@id":"https:\/\/www.ieec.cat\/es\/menut-ya-opera-desde-el-espacio-para-contribuir-a-mejorar-la-gestion-del-territorio-y-combatir-los-efectos-de-la-crisis-climatica\/#primaryimage"},"image":{"@id":"https:\/\/www.ieec.cat\/es\/menut-ya-opera-desde-el-espacio-para-contribuir-a-mejorar-la-gestion-del-territorio-y-combatir-los-efectos-de-la-crisis-climatica\/#primaryimage"},"thumbnailUrl":"https:\/\/www.ieec.cat\/wp-content\/uploads\/2023\/07\/Fotos-Menut-portada-1150x650px-ordre-correcte1.jpg","datePublished":"2023-07-14T09:30:00+00:00","dateModified":"2026-04-29T08:29:14+00:00","author":{"@id":"https:\/\/www.ieec.cat\/es\/#\/schema\/person\/66f3943e2fdb094349ad344043ede870"},"breadcrumb":{"@id":"https:\/\/www.ieec.cat\/es\/menut-ya-opera-desde-el-espacio-para-contribuir-a-mejorar-la-gestion-del-territorio-y-combatir-los-efectos-de-la-crisis-climatica\/#breadcrumb"},"inLanguage":"es","potentialAction":[{"@type":"ReadAction","target":["https:\/\/www.ieec.cat\/es\/menut-ya-opera-desde-el-espacio-para-contribuir-a-mejorar-la-gestion-del-territorio-y-combatir-los-efectos-de-la-crisis-climatica\/"]}]},{"@type":"ImageObject","inLanguage":"es","@id":"https:\/\/www.ieec.cat\/es\/menut-ya-opera-desde-el-espacio-para-contribuir-a-mejorar-la-gestion-del-territorio-y-combatir-los-efectos-de-la-crisis-climatica\/#primaryimage","url":"https:\/\/www.ieec.cat\/wp-content\/uploads\/2023\/07\/Fotos-Menut-portada-1150x650px-ordre-correcte1.jpg","contentUrl":"https:\/\/www.ieec.cat\/wp-content\/uploads\/2023\/07\/Fotos-Menut-portada-1150x650px-ordre-correcte1.jpg","width":1150,"height":650},{"@type":"BreadcrumbList","@id":"https:\/\/www.ieec.cat\/es\/menut-ya-opera-desde-el-espacio-para-contribuir-a-mejorar-la-gestion-del-territorio-y-combatir-los-efectos-de-la-crisis-climatica\/#breadcrumb","itemListElement":[{"@type":"ListItem","position":1,"name":"Portada","item":"https:\/\/www.ieec.cat\/es\/"},{"@type":"ListItem","position":2,"name":"&#8216;Menut&#8217; ya opera desde el espacio para contribuir a mejorar la gesti\u00f3n del territorio y combatir los efectos de la crisis clim\u00e1tica"}]},{"@type":"WebSite","@id":"https:\/\/www.ieec.cat\/es\/#website","url":"https:\/\/www.ieec.cat\/es\/","name":"IEEC","description":"Institut d&#039;Estudis Espacials de Catalunya","potentialAction":[{"@type":"SearchAction","target":{"@type":"EntryPoint","urlTemplate":"https:\/\/www.ieec.cat\/es\/?s={search_term_string}"},"query-input":{"@type":"PropertyValueSpecification","valueRequired":true,"valueName":"search_term_string"}}],"inLanguage":"es"},{"@type":"Person","@id":"https:\/\/www.ieec.cat\/es\/#\/schema\/person\/66f3943e2fdb094349ad344043ede870","name":"Francisco Panyos","image":{"@type":"ImageObject","inLanguage":"es","@id":"https:\/\/secure.gravatar.com\/avatar\/526157a3fe3c965ab680e104b6fe47df151d5d607c86c2744324613bf4c68622?s=96&d=mm&r=g","url":"https:\/\/secure.gravatar.com\/avatar\/526157a3fe3c965ab680e104b6fe47df151d5d607c86c2744324613bf4c68622?s=96&d=mm&r=g","contentUrl":"https:\/\/secure.gravatar.com\/avatar\/526157a3fe3c965ab680e104b6fe47df151d5d607c86c2744324613bf4c68622?s=96&d=mm&r=g","caption":"Francisco Panyos"}}]}},"_links":{"self":[{"href":"https:\/\/www.ieec.cat\/es\/wp-json\/wp\/v2\/posts\/20586","targetHints":{"allow":["GET"]}}],"collection":[{"href":"https:\/\/www.ieec.cat\/es\/wp-json\/wp\/v2\/posts"}],"about":[{"href":"https:\/\/www.ieec.cat\/es\/wp-json\/wp\/v2\/types\/post"}],"author":[{"embeddable":true,"href":"https:\/\/www.ieec.cat\/es\/wp-json\/wp\/v2\/users\/5"}],"replies":[{"embeddable":true,"href":"https:\/\/www.ieec.cat\/es\/wp-json\/wp\/v2\/comments?post=20586"}],"version-history":[{"count":27,"href":"https:\/\/www.ieec.cat\/es\/wp-json\/wp\/v2\/posts\/20586\/revisions"}],"predecessor-version":[{"id":44626,"href":"https:\/\/www.ieec.cat\/es\/wp-json\/wp\/v2\/posts\/20586\/revisions\/44626"}],"wp:featuredmedia":[{"embeddable":true,"href":"https:\/\/www.ieec.cat\/es\/wp-json\/wp\/v2\/media\/20529"}],"wp:attachment":[{"href":"https:\/\/www.ieec.cat\/es\/wp-json\/wp\/v2\/media?parent=20586"}],"wp:term":[{"taxonomy":"category","embeddable":true,"href":"https:\/\/www.ieec.cat\/es\/wp-json\/wp\/v2\/categories?post=20586"},{"taxonomy":"post_tag","embeddable":true,"href":"https:\/\/www.ieec.cat\/es\/wp-json\/wp\/v2\/tags?post=20586"}],"curies":[{"name":"wp","href":"https:\/\/api.w.org\/{rel}","templated":true}]}}