{"id":24594,"date":"2023-11-20T16:17:45","date_gmt":"2023-11-20T15:17:45","guid":{"rendered":"https:\/\/www.ieec.cat\/?p=24594"},"modified":"2023-12-18T17:53:55","modified_gmt":"2023-12-18T16:53:55","slug":"estrategia-newspace-catalana-presente-en-la-feria-mas-relevante-europa-sobre-tecnologia-servicios-espaciales","status":"publish","type":"post","link":"https:\/\/www.ieec.cat\/es\/estrategia-newspace-catalana-presente-en-la-feria-mas-relevante-europa-sobre-tecnologia-servicios-espaciales\/","title":{"rendered":"El ecosistema espacial catal\u00e1n, presente en la feria m\u00e1s relevante de Europa sobre tecnolog\u00eda y servicios espaciales"},"content":{"rendered":"<p>[et_pb_section fb_built=\u00bb1&#8243; _builder_version=\u00bb4.14.8&#8243; _module_preset=\u00bbdefault\u00bb background_image=\u00bbhttps:\/\/www.ieec.cat\/wp-content\/uploads\/2022\/02\/slider-comunicacio.jpg\u00bb max_height=\u00bb130px\u00bb custom_padding=\u00bb0px||0px||false|false\u00bb da_disable_devices=\u00bboff|off|off\u00bb global_colors_info=\u00bb{}\u00bb da_is_popup=\u00bboff\u00bb da_exit_intent=\u00bboff\u00bb da_has_close=\u00bbon\u00bb da_alt_close=\u00bboff\u00bb da_dark_close=\u00bboff\u00bb da_not_modal=\u00bbon\u00bb da_is_singular=\u00bboff\u00bb da_with_loader=\u00bboff\u00bb da_has_shadow=\u00bbon\u00bb][\/et_pb_section][et_pb_section fb_built=\u00bb1&#8243; _builder_version=\u00bb4.14.8&#8243; _module_preset=\u00bbdefault\u00bb custom_padding=\u00bb24px||11px|||\u00bb da_disable_devices=\u00bboff|off|off\u00bb global_colors_info=\u00bb{}\u00bb da_is_popup=\u00bboff\u00bb da_exit_intent=\u00bboff\u00bb da_has_close=\u00bbon\u00bb da_alt_close=\u00bboff\u00bb da_dark_close=\u00bboff\u00bb da_not_modal=\u00bbon\u00bb da_is_singular=\u00bboff\u00bb da_with_loader=\u00bboff\u00bb da_has_shadow=\u00bbon\u00bb][et_pb_row _builder_version=\u00bb4.14.8&#8243; _module_preset=\u00bbdefault\u00bb custom_padding=\u00bb||||false|false\u00bb global_colors_info=\u00bb{}\u00bb][et_pb_column type=\u00bb4_4&#8243; _builder_version=\u00bb4.14.8&#8243; _module_preset=\u00bbdefault\u00bb global_colors_info=\u00bb{}\u00bb][et_pb_text admin_label=\u00bbUnitats de recerca\u00bb _builder_version=\u00bb4.14.8&#8243; _dynamic_attributes=\u00bbcontent\u00bb _module_preset=\u00bbdefault\u00bb text_font=\u00bb|700||on|||||\u00bb text_font_size=\u00bb16px\u00bb header_font=\u00bb|700|||||||\u00bb custom_margin=\u00bb||10px||false|false\u00bb header_font_size_tablet=\u00bb28px\u00bb header_font_size_phone=\u00bb26px\u00bb header_font_size_last_edited=\u00bbon|phone\u00bb global_colors_info=\u00bb{}\u00bb]@ET-DC@eyJkeW5hbWljIjp0cnVlLCJjb250ZW50IjoiY3VzdG9tX21ldGFfb3JnYW5pemFjaW9uZXMiLCJzZXR0aW5ncyI6eyJiZWZvcmUiOiIiLCJhZnRlciI6IiIsImVuYWJsZV9odG1sIjoib2ZmIn19@[\/et_pb_text][et_pb_post_title author=\u00bboff\u00bb categories=\u00bboff\u00bb comments=\u00bboff\u00bb featured_image=\u00bboff\u00bb admin_label=\u00bbT\u00edtol i data\u00bb _builder_version=\u00bb4.14.8&#8243; _module_preset=\u00bbdefault\u00bb title_font=\u00bbCairo|300|||||||\u00bb title_font_size=\u00bb40px\u00bb meta_font=\u00bb||on||||||\u00bb meta_font_size=\u00bb16px\u00bb title_font_size_tablet=\u00bb35px\u00bb title_font_size_phone=\u00bb30px\u00bb title_font_size_last_edited=\u00bbon|desktop\u00bb global_colors_info=\u00bb{}\u00bb][\/et_pb_post_title][et_pb_text admin_label=\u00bbSubt\u00edtols\u00bb _builder_version=\u00bb4.14.8&#8243; _module_preset=\u00bbdefault\u00bb text_font=\u00bbSource Sans Pro||on||||||\u00bb text_font_size=\u00bb24px\u00bb text_line_height=\u00bb1.1em\u00bb text_font_size_tablet=\u00bb22px\u00bb text_font_size_phone=\u00bb20px\u00bb text_font_size_last_edited=\u00bbon|phone\u00bb global_colors_info=\u00bb{}\u00bb]<\/p>\n<ul>\n<li>El Space Tech Expo Europe es el principal acontecimiento europeo B2B del sector espacial<\/li>\n<li>Los l\u00edderes de esta industria se re\u00fanen cada a\u00f1o para mostrar las \u00faltimas innovaciones, establecer contactos y acordar posibles colaboraciones<\/li>\n<li>La edici\u00f3n de este a\u00f1o ha contado con m\u00e1s de 650 expositores procedentes de m\u00e1s de 40 pa\u00edses<\/li>\n<\/ul>\n<p>[\/et_pb_text][\/et_pb_column][\/et_pb_row][et_pb_row column_structure=\u00bb1_2,1_2&#8243; _builder_version=\u00bb4.14.8&#8243; _module_preset=\u00bbdefault\u00bb global_colors_info=\u00bb{}\u00bb][et_pb_column type=\u00bb1_2&#8243; _builder_version=\u00bb4.14.8&#8243; _module_preset=\u00bbdefault\u00bb global_colors_info=\u00bb{}\u00bb][et_pb_post_title title=\u00bboff\u00bb meta=\u00bboff\u00bb _builder_version=\u00bb4.14.8&#8243; _module_preset=\u00bbdefault\u00bb custom_margin=\u00bb||0px||false|false\u00bb border_width_top=\u00bb10px\u00bb border_color_top=\u00bb#406fda\u00bb global_colors_info=\u00bb{}\u00bb][\/et_pb_post_title][et_pb_text _builder_version=\u00bb4.14.8&#8243; _module_preset=\u00bbdefault\u00bb text_font=\u00bb||||||||\u00bb text_font_size=\u00bb15px\u00bb text_line_height=\u00bb1.1em\u00bb background_color=\u00bbrgba(64,111,218,0.15)\u00bb custom_margin=\u00bb0px||||false|false\u00bb custom_padding=\u00bb30px|20px|30px|20px|true|true\u00bb global_colors_info=\u00bb{}\u00bb]<\/p>\n<p><strong>Leyenda:<\/strong> el stand \u2018NewSpace Catalonia\u2019 en el Space Tech Expo Europe 2023.<br \/><span style=\"font-weight: 400;\"><strong>Cr\u00e9ditos:<\/strong> IEEC.<\/span><\/p>\n<p>[\/et_pb_text][\/et_pb_column][et_pb_column type=\u00bb1_2&#8243; _builder_version=\u00bb4.14.8&#8243; _module_preset=\u00bbdefault\u00bb global_colors_info=\u00bb{}\u00bb][et_pb_text _builder_version=\u00bb4.14.8&#8243; _module_preset=\u00bbdefault\u00bb link_font=\u00bb|700|||on||||\u00bb hover_enabled=\u00bb0&#8243; global_colors_info=\u00bb{}\u00bb sticky_enabled=\u00bb0&#8243;]<\/p>\n<p><span style=\"font-weight: 400;\">Los pasados d\u00edas 14-16 de noviembre, la Generalitat de Catalunya, con el apoyo del <\/span><a href=\"https:\/\/www.ieec.cat\/\"><span style=\"font-weight: 400;\">Institut d\u2019Estudis Espacials de Catalunya<\/span><\/a><span style=\"font-weight: 400;\"> (IEEC), present\u00f3 el estand \u2018NewSpace Catalonia\u2019 en el <\/span><a href=\"https:\/\/www.spacetechexpo-europe.com\/\"><span style=\"font-weight: 400;\">Space Tech Expo Europe<\/span><\/a><span style=\"font-weight: 400;\"> 2023, la feria m\u00e1s relevante de Europa sobre tecnolog\u00eda y servicios espaciales. El Space Tech Expo Europe se celebra anualmente en Bremen (Alemania) y en su sexta edici\u00f3n ha contado con m\u00e1s de 650 expositores procedentes de m\u00e1s de 40 pa\u00edses.<\/span><\/p>\n<p><span style=\"font-weight: 400;\">Con este objetivo en mente, el pasado 1 de junio el <\/span><a href=\"https:\/\/www.ieec.cat\/convocat%c3%b2ria-per-participar-als-estands-newspace-catalonia-a-linternational-astronautical-congress-2023-baku-i-a-lspace-tech-expo-europe-bremen\/\"><span style=\"font-weight: 400;\">IEEC anunci\u00f3 la convocatoria abierta a empresas innovadoras o centros de investigaci\u00f3n e innovaci\u00f3n del \u00e1mbito del espacio <\/span><\/a><span style=\"font-weight: 400;\">interesados en tener representaci\u00f3n en el stand. Las empresas seleccionadas <\/span><span style=\"font-weight: 400;\">\u2014<\/span><a href=\"https:\/\/www.aseoptics.com\/\"><span style=\"font-weight: 400;\">ASE Optics Europe<\/span><\/a><span style=\"font-weight: 400;\">, <\/span><a href=\"https:\/\/www.icfo.eu\/\"><span style=\"font-weight: 400;\">ICFO<\/span><\/a><span style=\"font-weight: 400;\">, <\/span><a href=\"https:\/\/web-isardsat.vercel.app\/\"><span style=\"font-weight: 400;\">isardSAT<\/span><\/a><span style=\"font-weight: 400;\">, <\/span><a href=\"https:\/\/www.kreiosspace.com\/\"><span style=\"font-weight: 400;\">Kreios Space<\/span><\/a><span style=\"font-weight: 400;\"> y <\/span><a href=\"https:\/\/www.osmium.solutions\/\"><span style=\"font-weight: 400;\">Osmium<\/span><span style=\"font-weight: 400;\">\u2014<\/span><\/a><span style=\"font-weight: 400;\"> contaron con un espacio propio personalizado desde el cual pudieron promocionar sus servicios entre los asistentes a un congreso que cada a\u00f1o atrae a miles de<\/span><span style=\"font-weight: 400;\"> l\u00edderes <\/span><span style=\"font-weight: 400;\">de la industria, desde fabricantes a proveedores de servicios, pasando por organizaciones de investigaci\u00f3n y agencias gubernamentales.\u00a0<\/span><\/p>\n<p><span style=\"font-weight: 400;\">La iniciativa se enmarca dentro de la <\/span><a href=\"https:\/\/politiquesdigitals.gencat.cat\/ca\/economia\/estrategia-new-space-catalunya\/\"><span style=\"font-weight: 400;\">Estrategia NewSpace de Catalunya<\/span><\/a><span style=\"font-weight: 400;\">, impulsada por el <\/span><a href=\"https:\/\/empresa.gencat.cat\/ca\/inici\"><span style=\"font-weight: 400;\">Departamento de Empresa y Trabajo de la Generalitat de Catalunya<\/span><\/a><span style=\"font-weight: 400;\">, con la colaboraci\u00f3n del IEEC, la <\/span><a href=\"https:\/\/i2cat.net\/\"><span style=\"font-weight: 400;\">Fundaci\u00f3n i2CAT<\/span><\/a><span style=\"font-weight: 400;\"> y el <\/span><a href=\"https:\/\/www.icgc.cat\/\"><span style=\"font-weight: 400;\">Institut Cartogr\u00e0fic i Geol\u00f2gic de Catalunya<\/span><\/a><span style=\"font-weight: 400;\"> (ICGC). La Estrategia busca proyectar internacionalmente las capacidades industriales, de innovaci\u00f3n y de generaci\u00f3n de talento del ecosistema NewSpace catal\u00e1n.<\/span><\/p>\n<p><span style=\"font-weight: 400;\"><\/span><\/p>\n<p>[\/et_pb_text][\/et_pb_column][\/et_pb_row][et_pb_row column_structure=\u00bb1_2,1_2&#8243; _builder_version=\u00bb4.14.8&#8243; _module_preset=\u00bbdefault\u00bb global_colors_info=\u00bb{}\u00bb][et_pb_column type=\u00bb1_2&#8243; _builder_version=\u00bb4.14.8&#8243; _module_preset=\u00bbdefault\u00bb global_colors_info=\u00bb{}\u00bb][et_pb_text _builder_version=\u00bb4.14.8&#8243; _module_preset=\u00bbdefault\u00bb global_colors_info=\u00bb{}\u00bb]<\/p>\n<p><span style=\"font-weight: 400;\">Las empresas y organizaciones estuvieron acompa\u00f1adas en todo momento por personal de la Generalitat de Catalunya, i2Cat y el IEEC, que desplaz\u00f3 a su director, <\/span><b>Ignasi Ribas,<\/b><span style=\"font-weight: 400;\"> y tambi\u00e9n a <\/span><b>Josep Colom\u00e9,<\/b><span style=\"font-weight: 400;\"> director del \u00c1rea de Promoci\u00f3n del Sector Espacial de Catalunya (APEC), adem\u00e1s de a un equipo t\u00e9cnico especializado en diversas \u00e1reas tecnol\u00f3gicas y de promoci\u00f3n industrial.\u00a0<\/span><\/p>\n<p><span style=\"font-weight: 400;\">Durante los tres d\u00edas de duraci\u00f3n del congreso, tuvieron lugar diversas reuniones que permitieron mostrar los puntos fuertes de la Estrategia NewSpace de Catalunya y su ecosistema, as\u00ed como establecer nuevas colaboraciones de alcance global.<\/span><\/p>\n<p><span style=\"font-weight: 400;\">La iniciativa del stand \u2018NewSpace Catalonia\u2019 ha servido para poner de manifiesto el potencial de interacci\u00f3n del sector espacial y del sector digital, ambos estrat\u00e9gicos en la eclosi\u00f3n de la nueva econom\u00eda del espacio, y de las diferentes instituciones presentes, as\u00ed como las fortalezas de la Estrategia NewSpace de Catalunya y de los sectores implicados en este ecosistema.<\/span><\/p>\n<p>[\/et_pb_text][\/et_pb_column][et_pb_column type=\u00bb1_2&#8243; _builder_version=\u00bb4.14.8&#8243; _module_preset=\u00bbdefault\u00bb global_colors_info=\u00bb{}\u00bb][et_pb_image src=\u00bbhttps:\/\/www.ieec.cat\/wp-content\/uploads\/2023\/11\/P1000328.jpg\u00bb alt=\u00bbEstand NewSpace Catalonia Space Tech Expo 2023&#8243; _builder_version=\u00bb4.14.8&#8243; _module_preset=\u00bbdefault\u00bb global_colors_info=\u00bb{}\u00bb][\/et_pb_image][et_pb_text _builder_version=\u00bb4.14.8&#8243; _module_preset=\u00bbdefault\u00bb text_font=\u00bb||||||||\u00bb text_font_size=\u00bb15px\u00bb text_line_height=\u00bb1.1em\u00bb background_color=\u00bbrgba(64,111,218,0.15)\u00bb custom_margin=\u00bb0px||||false|false\u00bb custom_padding=\u00bb30px|20px|30px|20px|true|true\u00bb global_colors_info=\u00bb{}\u00bb]<\/p>\n<p><strong>Leyenda:<\/strong> foto de grupo con el personal de las entidades impulsoras de la Estrategia NewSpace de Catalu\u00f1a y de las empresas presentes en stand \u2018NewSpace Catalonia\u2019.<br \/><span style=\"font-weight: 400;\"><strong>Cr\u00e9ditos:<\/strong> IEEC.<\/span><\/p>\n<p>[\/et_pb_text][\/et_pb_column][\/et_pb_row][et_pb_row _builder_version=\u00bb4.14.8&#8243; _module_preset=\u00bbdefault\u00bb global_colors_info=\u00bb{}\u00bb][et_pb_column type=\u00bb4_4&#8243; _builder_version=\u00bb4.14.8&#8243; _module_preset=\u00bbdefault\u00bb global_colors_info=\u00bb{}\u00bb][et_pb_divider color=\u00bb#406fda\u00bb _builder_version=\u00bb4.14.8&#8243; _module_preset=\u00bbdefault\u00bb custom_margin=\u00bb||10px||false|false\u00bb locked=\u00bboff\u00bb global_colors_info=\u00bb{}\u00bb][\/et_pb_divider][et_pb_text _builder_version=\u00bb4.14.8&#8243; _module_preset=\u00bbdefault\u00bb text_font=\u00bbCairo|700|||||||\u00bb text_text_color=\u00bb#406fda\u00bb text_font_size=\u00bb20px\u00bb custom_margin=\u00bb||10px||false|false\u00bb locked=\u00bboff\u00bb global_colors_info=\u00bb{}\u00bb]<\/p>\n<p>Galer\u00eda de im\u00e1genes<\/p>\n<p>[\/et_pb_text][et_pb_gallery gallery_ids=\u00bb24551,24560,24557,24569,24563,24554,24548,24566,24572,24578,24575&#8243; _builder_version=\u00bb4.14.8&#8243; _module_preset=\u00bbdefault\u00bb global_colors_info=\u00bb{}\u00bb][\/et_pb_gallery][\/et_pb_column][\/et_pb_row][et_pb_row _builder_version=\u00bb4.14.8&#8243; _module_preset=\u00bbdefault\u00bb custom_margin=\u00bb||||false|false\u00bb locked=\u00bboff\u00bb global_colors_info=\u00bb{}\u00bb][et_pb_column type=\u00bb4_4&#8243; _builder_version=\u00bb4.14.8&#8243; _module_preset=\u00bbdefault\u00bb global_colors_info=\u00bb{}\u00bb][et_pb_divider color=\u00bb#406fda\u00bb _builder_version=\u00bb4.14.8&#8243; _module_preset=\u00bbdefault\u00bb custom_margin=\u00bb||10px||false|false\u00bb global_colors_info=\u00bb{}\u00bb][\/et_pb_divider][et_pb_text admin_label=\u00bbEnlla\u00e7os\u00bb _builder_version=\u00bb4.14.8&#8243; _module_preset=\u00bbdefault\u00bb text_font=\u00bbCairo|700|||||||\u00bb text_text_color=\u00bb#406fda\u00bb text_font_size=\u00bb20px\u00bb custom_margin=\u00bb||10px||false|false\u00bb global_colors_info=\u00bb{}\u00bb]<\/p>\n<p>Enlaces<\/p>\n<p>[\/et_pb_text][et_pb_text _builder_version=\u00bb4.14.8&#8243; _module_preset=\u00bbdefault\u00bb text_font_size=\u00bb16px\u00bb text_line_height=\u00bb1.1em\u00bb link_font=\u00bb|700|||on|||#1a1140|\u00bb link_text_color=\u00bb#1a1140&#8243; link_line_height=\u00bb1.4em\u00bb custom_margin=\u00bb20px||||false|false\u00bb global_colors_info=\u00bb{}\u00bb]<\/p>\n<ul>\n<li><strong><a href=\"https:\/\/www.ieec.cat\/\">IEEC<\/a><\/strong><\/li>\n<li><strong><a href=\"https:\/\/politiquesdigitals.gencat.cat\/ca\/economia\/estrategia-new-space-catalunya\/index.html\" target=\"_blank\" rel=\"noopener\">Estrategia NewSpace<\/a><\/strong><span style=\"font-weight: 400;\"><\/span><\/li>\n<\/ul>\n<p>[\/et_pb_text][\/et_pb_column][\/et_pb_row][et_pb_row _builder_version=\u00bb4.14.8&#8243; _module_preset=\u00bbdefault\u00bb custom_margin=\u00bb||||false|false\u00bb locked=\u00bboff\u00bb global_colors_info=\u00bb{}\u00bb][et_pb_column type=\u00bb4_4&#8243; _builder_version=\u00bb4.14.8&#8243; _module_preset=\u00bbdefault\u00bb global_colors_info=\u00bb{}\u00bb][et_pb_divider color=\u00bb#406fda\u00bb _builder_version=\u00bb4.14.8&#8243; _module_preset=\u00bbdefault\u00bb custom_margin=\u00bb||10px||false|false\u00bb global_colors_info=\u00bb{}\u00bb][\/et_pb_divider][et_pb_text admin_label=\u00bbContactes\u00bb _builder_version=\u00bb4.14.8&#8243; _module_preset=\u00bbdefault\u00bb text_font=\u00bbCairo|700|||||||\u00bb text_text_color=\u00bb#406fda\u00bb text_font_size=\u00bb20px\u00bb custom_margin=\u00bb||10px||false|false\u00bb global_colors_info=\u00bb{}\u00bb]<\/p>\n<p>Contactos<\/p>\n<p>[\/et_pb_text][\/et_pb_column][\/et_pb_row][et_pb_row column_structure=\u00bb2_5,3_5&#8243; admin_label=\u00bbRow\u00bb _builder_version=\u00bb4.14.8&#8243; _module_preset=\u00bbdefault\u00bb custom_margin=\u00bb0px||||false|false\u00bb custom_padding=\u00bb1px||||false|false\u00bb global_colors_info=\u00bb{}\u00bb][et_pb_column type=\u00bb2_5&#8243; _builder_version=\u00bb4.14.8&#8243; _module_preset=\u00bbdefault\u00bb custom_padding=\u00bb|||20px|false|false\u00bb border_width_left=\u00bb1px\u00bb border_color_left=\u00bb#406fda\u00bb global_colors_info=\u00bb{}\u00bb][et_pb_text _builder_version=\u00bb4.14.8&#8243; _module_preset=\u00bbdefault\u00bb text_font_size=\u00bb16px\u00bb text_line_height=\u00bb1.1em\u00bb link_font=\u00bb|700|||on|||#1a1140|\u00bb link_text_color=\u00bb#1a1140&#8243; link_line_height=\u00bb1.4em\u00bb header_4_font=\u00bb|700|||||||\u00bb header_4_text_color=\u00bb#1a1140&#8243; custom_margin=\u00bb||||false|false\u00bb locked=\u00bboff\u00bb global_colors_info=\u00bb{}\u00bb]<\/p>\n<h4>Oficina de Comunicaci\u00f3n del IEEC<\/h4>\n<p>Barcelona, Espa\u00f1a<br \/>Corree electr\u00f3nico: <a href=\"mailto:comunicacio@ieec.cat\">comunicacio@ieec.cat<\/a><\/p>\n<p>[\/et_pb_text][\/et_pb_column][et_pb_column type=\u00bb3_5&#8243; _builder_version=\u00bb4.14.8&#8243; _module_preset=\u00bbdefault\u00bb custom_padding=\u00bb|||20px|false|false\u00bb border_width_left=\u00bb1px\u00bb border_color_left=\u00bb#406fda\u00bb global_colors_info=\u00bb{}\u00bb][\/et_pb_column][\/et_pb_row][et_pb_row _builder_version=\u00bb4.14.8&#8243; _module_preset=\u00bbdefault\u00bb background_color=\u00bbrgba(64,111,218,0.15)\u00bb global_module=\u00bb17324&#8243; global_colors_info=\u00bb{}\u00bb][et_pb_column type=\u00bb4_4&#8243; _builder_version=\u00bb4.14.8&#8243; _module_preset=\u00bbdefault\u00bb custom_padding=\u00bb20px|50px|20px|50px|true|true\u00bb global_colors_info=\u00bb{}\u00bb][et_pb_text admin_label=\u00bbSobre l&#8217;IEEC\u00bb _builder_version=\u00bb4.14.8&#8243; _module_preset=\u00bbdefault\u00bb header_2_font=\u00bb|700|||||||\u00bb header_2_font_size=\u00bb25px\u00bb custom_margin=\u00bb||10px||false|false\u00bb header_2_font_size_tablet=\u00bb23px\u00bb header_2_font_size_phone=\u00bb23px\u00bb header_2_font_size_last_edited=\u00bbon|phone\u00bb locked=\u00bboff\u00bb global_colors_info=\u00bb{}\u00bb]<\/p>\n<h2>Sobre el IEEC<\/h2>\n<p>[\/et_pb_text][et_pb_text _builder_version=\u00bb4.14.8&#8243; _module_preset=\u00bbdefault\u00bb text_font=\u00bb||on||||||\u00bb link_font=\u00bb|700|||on||||\u00bb locked=\u00bboff\u00bb global_colors_info=\u00bb{}\u00bb]<\/p>\n<p>El Institut d\u2019Estudis Espacials de Catalunya (IEEC) promueve y coordina la investigaci\u00f3n y el desarrollo tecnol\u00f3gico espacial en Catalu\u00f1a en beneficio de la sociedad. El IEEC fomenta las colaboraciones tanto a nivel local como mundial, y es un eficiente agente de transferencia de conocimiento, innovaci\u00f3n y tecnolog\u00eda. Como resultado de m\u00e1s de 25 a\u00f1os de investigaci\u00f3n de alta calidad, llevada a cabo en colaboraci\u00f3n con las principales organizaciones internacionales, el IEEC se encuentra entre los mejores centros de investigaci\u00f3n internacionales, centrados en \u00e1reas como: astrof\u00edsica, cosmolog\u00eda, ciencias planetarias y observaci\u00f3n de la Tierra. La divisi\u00f3n de ingenier\u00eda del IEEC desarrolla instrumentaci\u00f3n para proyectos terrestres y espaciales, y tiene una amplia experiencia trabajando con organizaciones privadas y p\u00fablicas del sector aeroespacial y otros sectores de innovaci\u00f3n.<\/p>\n<p>El IEEC es una fundaci\u00f3n del sector p\u00fablico sin \u00e1nimo de lucro, fundada en febrero de 1996. Est\u00e1 regida por un Patronato compuesto por la Generalitat de Catalunya,  la Universitat de Barcelona (UB), la Universitat Aut\u00f2noma de Barcelona (UAB), la Universitat Polit\u00e8cnica de Catalunya \u00b7 BarcelonaTech (UPC), y el Consejo Superior de Investigaciones Cient\u00edficas (CSIC). El IEEC es tambi\u00e9n un centro CERCA (Centres de Recerca de Catalunya).<\/p>\n<p>[\/et_pb_text][\/et_pb_column][\/et_pb_row][\/et_pb_section]<\/p>\n","protected":false},"excerpt":{"rendered":"<p>El stand \u2018NewSpace Catalonia\u2019 de la Generalitat de Catalunya, con el apoyo del IEEC, proyecta internacionalmente el ecosistema NewSpace catal\u00e1n durante el Space Tech Expo Europe de Bremen<\/p>\n","protected":false},"author":7,"featured_media":24518,"comment_status":"closed","ping_status":"closed","sticky":false,"template":"","format":"standard","meta":{"_et_pb_use_builder":"on","_et_pb_old_content":"","_et_gb_content_width":"","footnotes":""},"categories":[103,122,113,75],"tags":[],"class_list":["post-24594","post","type-post","status-publish","format-standard","has-post-thumbnail","hentry","category-innovacion","category-newspace-es","category-noticia-destacada-pequena","category-noticias"],"yoast_head":"<!-- This site is optimized with the Yoast SEO plugin v27.4 - https:\/\/yoast.com\/product\/yoast-seo-wordpress\/ -->\n<title>El ecosistema espacial catal\u00e1n, presente en la feria m\u00e1s relevante de Europa sobre tecnolog\u00eda y servicios espaciales - IEEC<\/title>\n<meta name=\"robots\" content=\"index, follow, max-snippet:-1, max-image-preview:large, max-video-preview:-1\" \/>\n<link rel=\"canonical\" href=\"https:\/\/www.ieec.cat\/es\/estrategia-newspace-catalana-presente-en-la-feria-mas-relevante-europa-sobre-tecnologia-servicios-espaciales\/\" \/>\n<meta property=\"og:locale\" content=\"es_ES\" \/>\n<meta property=\"og:type\" content=\"article\" \/>\n<meta property=\"og:title\" content=\"El ecosistema espacial catal\u00e1n, presente en la feria m\u00e1s relevante de Europa sobre tecnolog\u00eda y servicios espaciales - IEEC\" \/>\n<meta property=\"og:description\" content=\"El stand \u2018NewSpace Catalonia\u2019 de la Generalitat de Catalunya, con el apoyo del IEEC, proyecta internacionalmente el ecosistema NewSpace catal\u00e1n durante el Space Tech Expo Europe de Bremen\" \/>\n<meta property=\"og:url\" content=\"https:\/\/www.ieec.cat\/es\/estrategia-newspace-catalana-presente-en-la-feria-mas-relevante-europa-sobre-tecnologia-servicios-espaciales\/\" \/>\n<meta property=\"og:site_name\" content=\"IEEC\" \/>\n<meta property=\"article:published_time\" content=\"2023-11-20T15:17:45+00:00\" \/>\n<meta property=\"article:modified_time\" content=\"2023-12-18T16:53:55+00:00\" \/>\n<meta property=\"og:image\" content=\"https:\/\/www.ieec.cat\/wp-content\/uploads\/2023\/11\/P1000135.jpg\" \/>\n\t<meta property=\"og:image:width\" content=\"2048\" \/>\n\t<meta property=\"og:image:height\" content=\"1538\" \/>\n\t<meta property=\"og:image:type\" content=\"image\/jpeg\" \/>\n<meta name=\"author\" content=\"Javier Bueno\" \/>\n<meta name=\"twitter:card\" content=\"summary_large_image\" \/>\n<meta name=\"twitter:label1\" content=\"Escrito por\" \/>\n\t<meta name=\"twitter:data1\" content=\"Javier Bueno\" \/>\n\t<meta name=\"twitter:label2\" content=\"Tiempo de lectura\" \/>\n\t<meta name=\"twitter:data2\" content=\"6 minutos\" \/>\n<script type=\"application\/ld+json\" class=\"yoast-schema-graph\">{\"@context\":\"https:\\\/\\\/schema.org\",\"@graph\":[{\"@type\":\"Article\",\"@id\":\"https:\\\/\\\/www.ieec.cat\\\/es\\\/estrategia-newspace-catalana-presente-en-la-feria-mas-relevante-europa-sobre-tecnologia-servicios-espaciales\\\/#article\",\"isPartOf\":{\"@id\":\"https:\\\/\\\/www.ieec.cat\\\/es\\\/estrategia-newspace-catalana-presente-en-la-feria-mas-relevante-europa-sobre-tecnologia-servicios-espaciales\\\/\"},\"author\":{\"name\":\"Javier Bueno\",\"@id\":\"https:\\\/\\\/www.ieec.cat\\\/es\\\/#\\\/schema\\\/person\\\/322a07f3c26d150fb0ab2c84181ced4c\"},\"headline\":\"El ecosistema espacial catal\u00e1n, presente en la feria m\u00e1s relevante de Europa sobre tecnolog\u00eda y servicios espaciales\",\"datePublished\":\"2023-11-20T15:17:45+00:00\",\"dateModified\":\"2023-12-18T16:53:55+00:00\",\"mainEntityOfPage\":{\"@id\":\"https:\\\/\\\/www.ieec.cat\\\/es\\\/estrategia-newspace-catalana-presente-en-la-feria-mas-relevante-europa-sobre-tecnologia-servicios-espaciales\\\/\"},\"wordCount\":1958,\"image\":{\"@id\":\"https:\\\/\\\/www.ieec.cat\\\/es\\\/estrategia-newspace-catalana-presente-en-la-feria-mas-relevante-europa-sobre-tecnologia-servicios-espaciales\\\/#primaryimage\"},\"thumbnailUrl\":\"https:\\\/\\\/www.ieec.cat\\\/wp-content\\\/uploads\\\/2023\\\/11\\\/P1000135.jpg\",\"articleSection\":[\"Innovaci\u00f3n\",\"NewSpace\",\"Noticia destacada peque\u00f1a\",\"Noticias\"],\"inLanguage\":\"es\"},{\"@type\":\"WebPage\",\"@id\":\"https:\\\/\\\/www.ieec.cat\\\/es\\\/estrategia-newspace-catalana-presente-en-la-feria-mas-relevante-europa-sobre-tecnologia-servicios-espaciales\\\/\",\"url\":\"https:\\\/\\\/www.ieec.cat\\\/es\\\/estrategia-newspace-catalana-presente-en-la-feria-mas-relevante-europa-sobre-tecnologia-servicios-espaciales\\\/\",\"name\":\"El ecosistema espacial catal\u00e1n, presente en la feria m\u00e1s relevante de Europa sobre tecnolog\u00eda y servicios espaciales - IEEC\",\"isPartOf\":{\"@id\":\"https:\\\/\\\/www.ieec.cat\\\/es\\\/#website\"},\"primaryImageOfPage\":{\"@id\":\"https:\\\/\\\/www.ieec.cat\\\/es\\\/estrategia-newspace-catalana-presente-en-la-feria-mas-relevante-europa-sobre-tecnologia-servicios-espaciales\\\/#primaryimage\"},\"image\":{\"@id\":\"https:\\\/\\\/www.ieec.cat\\\/es\\\/estrategia-newspace-catalana-presente-en-la-feria-mas-relevante-europa-sobre-tecnologia-servicios-espaciales\\\/#primaryimage\"},\"thumbnailUrl\":\"https:\\\/\\\/www.ieec.cat\\\/wp-content\\\/uploads\\\/2023\\\/11\\\/P1000135.jpg\",\"datePublished\":\"2023-11-20T15:17:45+00:00\",\"dateModified\":\"2023-12-18T16:53:55+00:00\",\"author\":{\"@id\":\"https:\\\/\\\/www.ieec.cat\\\/es\\\/#\\\/schema\\\/person\\\/322a07f3c26d150fb0ab2c84181ced4c\"},\"breadcrumb\":{\"@id\":\"https:\\\/\\\/www.ieec.cat\\\/es\\\/estrategia-newspace-catalana-presente-en-la-feria-mas-relevante-europa-sobre-tecnologia-servicios-espaciales\\\/#breadcrumb\"},\"inLanguage\":\"es\",\"potentialAction\":[{\"@type\":\"ReadAction\",\"target\":[\"https:\\\/\\\/www.ieec.cat\\\/es\\\/estrategia-newspace-catalana-presente-en-la-feria-mas-relevante-europa-sobre-tecnologia-servicios-espaciales\\\/\"]}]},{\"@type\":\"ImageObject\",\"inLanguage\":\"es\",\"@id\":\"https:\\\/\\\/www.ieec.cat\\\/es\\\/estrategia-newspace-catalana-presente-en-la-feria-mas-relevante-europa-sobre-tecnologia-servicios-espaciales\\\/#primaryimage\",\"url\":\"https:\\\/\\\/www.ieec.cat\\\/wp-content\\\/uploads\\\/2023\\\/11\\\/P1000135.jpg\",\"contentUrl\":\"https:\\\/\\\/www.ieec.cat\\\/wp-content\\\/uploads\\\/2023\\\/11\\\/P1000135.jpg\",\"width\":2048,\"height\":1538,\"caption\":\"Estand NewSpace Catalonia Space Tech Expo 2023\"},{\"@type\":\"BreadcrumbList\",\"@id\":\"https:\\\/\\\/www.ieec.cat\\\/es\\\/estrategia-newspace-catalana-presente-en-la-feria-mas-relevante-europa-sobre-tecnologia-servicios-espaciales\\\/#breadcrumb\",\"itemListElement\":[{\"@type\":\"ListItem\",\"position\":1,\"name\":\"Portada\",\"item\":\"https:\\\/\\\/www.ieec.cat\\\/es\\\/\"},{\"@type\":\"ListItem\",\"position\":2,\"name\":\"El ecosistema espacial catal\u00e1n, presente en la feria m\u00e1s relevante de Europa sobre tecnolog\u00eda y servicios espaciales\"}]},{\"@type\":\"WebSite\",\"@id\":\"https:\\\/\\\/www.ieec.cat\\\/es\\\/#website\",\"url\":\"https:\\\/\\\/www.ieec.cat\\\/es\\\/\",\"name\":\"IEEC\",\"description\":\"Institut d&#039;Estudis Espacials de Catalunya\",\"potentialAction\":[{\"@type\":\"SearchAction\",\"target\":{\"@type\":\"EntryPoint\",\"urlTemplate\":\"https:\\\/\\\/www.ieec.cat\\\/es\\\/?s={search_term_string}\"},\"query-input\":{\"@type\":\"PropertyValueSpecification\",\"valueRequired\":true,\"valueName\":\"search_term_string\"}}],\"inLanguage\":\"es\"},{\"@type\":\"Person\",\"@id\":\"https:\\\/\\\/www.ieec.cat\\\/es\\\/#\\\/schema\\\/person\\\/322a07f3c26d150fb0ab2c84181ced4c\",\"name\":\"Javier Bueno\",\"image\":{\"@type\":\"ImageObject\",\"inLanguage\":\"es\",\"@id\":\"https:\\\/\\\/secure.gravatar.com\\\/avatar\\\/4d48f3381f239f9e12ab1bd3e78402f1144081a2afb1cb5bc1b5ec38effae7c9?s=96&d=mm&r=g\",\"url\":\"https:\\\/\\\/secure.gravatar.com\\\/avatar\\\/4d48f3381f239f9e12ab1bd3e78402f1144081a2afb1cb5bc1b5ec38effae7c9?s=96&d=mm&r=g\",\"contentUrl\":\"https:\\\/\\\/secure.gravatar.com\\\/avatar\\\/4d48f3381f239f9e12ab1bd3e78402f1144081a2afb1cb5bc1b5ec38effae7c9?s=96&d=mm&r=g\",\"caption\":\"Javier Bueno\"}}]}<\/script>\n<!-- \/ Yoast SEO plugin. -->","yoast_head_json":{"title":"El ecosistema espacial catal\u00e1n, presente en la feria m\u00e1s relevante de Europa sobre tecnolog\u00eda y servicios espaciales - IEEC","robots":{"index":"index","follow":"follow","max-snippet":"max-snippet:-1","max-image-preview":"max-image-preview:large","max-video-preview":"max-video-preview:-1"},"canonical":"https:\/\/www.ieec.cat\/es\/estrategia-newspace-catalana-presente-en-la-feria-mas-relevante-europa-sobre-tecnologia-servicios-espaciales\/","og_locale":"es_ES","og_type":"article","og_title":"El ecosistema espacial catal\u00e1n, presente en la feria m\u00e1s relevante de Europa sobre tecnolog\u00eda y servicios espaciales - IEEC","og_description":"El stand \u2018NewSpace Catalonia\u2019 de la Generalitat de Catalunya, con el apoyo del IEEC, proyecta internacionalmente el ecosistema NewSpace catal\u00e1n durante el Space Tech Expo Europe de Bremen","og_url":"https:\/\/www.ieec.cat\/es\/estrategia-newspace-catalana-presente-en-la-feria-mas-relevante-europa-sobre-tecnologia-servicios-espaciales\/","og_site_name":"IEEC","article_published_time":"2023-11-20T15:17:45+00:00","article_modified_time":"2023-12-18T16:53:55+00:00","og_image":[{"width":2048,"height":1538,"url":"https:\/\/www.ieec.cat\/wp-content\/uploads\/2023\/11\/P1000135.jpg","type":"image\/jpeg"}],"author":"Javier Bueno","twitter_card":"summary_large_image","twitter_misc":{"Escrito por":"Javier Bueno","Tiempo de lectura":"6 minutos"},"schema":{"@context":"https:\/\/schema.org","@graph":[{"@type":"Article","@id":"https:\/\/www.ieec.cat\/es\/estrategia-newspace-catalana-presente-en-la-feria-mas-relevante-europa-sobre-tecnologia-servicios-espaciales\/#article","isPartOf":{"@id":"https:\/\/www.ieec.cat\/es\/estrategia-newspace-catalana-presente-en-la-feria-mas-relevante-europa-sobre-tecnologia-servicios-espaciales\/"},"author":{"name":"Javier Bueno","@id":"https:\/\/www.ieec.cat\/es\/#\/schema\/person\/322a07f3c26d150fb0ab2c84181ced4c"},"headline":"El ecosistema espacial catal\u00e1n, presente en la feria m\u00e1s relevante de Europa sobre tecnolog\u00eda y servicios espaciales","datePublished":"2023-11-20T15:17:45+00:00","dateModified":"2023-12-18T16:53:55+00:00","mainEntityOfPage":{"@id":"https:\/\/www.ieec.cat\/es\/estrategia-newspace-catalana-presente-en-la-feria-mas-relevante-europa-sobre-tecnologia-servicios-espaciales\/"},"wordCount":1958,"image":{"@id":"https:\/\/www.ieec.cat\/es\/estrategia-newspace-catalana-presente-en-la-feria-mas-relevante-europa-sobre-tecnologia-servicios-espaciales\/#primaryimage"},"thumbnailUrl":"https:\/\/www.ieec.cat\/wp-content\/uploads\/2023\/11\/P1000135.jpg","articleSection":["Innovaci\u00f3n","NewSpace","Noticia destacada peque\u00f1a","Noticias"],"inLanguage":"es"},{"@type":"WebPage","@id":"https:\/\/www.ieec.cat\/es\/estrategia-newspace-catalana-presente-en-la-feria-mas-relevante-europa-sobre-tecnologia-servicios-espaciales\/","url":"https:\/\/www.ieec.cat\/es\/estrategia-newspace-catalana-presente-en-la-feria-mas-relevante-europa-sobre-tecnologia-servicios-espaciales\/","name":"El ecosistema espacial catal\u00e1n, presente en la feria m\u00e1s relevante de Europa sobre tecnolog\u00eda y servicios espaciales - IEEC","isPartOf":{"@id":"https:\/\/www.ieec.cat\/es\/#website"},"primaryImageOfPage":{"@id":"https:\/\/www.ieec.cat\/es\/estrategia-newspace-catalana-presente-en-la-feria-mas-relevante-europa-sobre-tecnologia-servicios-espaciales\/#primaryimage"},"image":{"@id":"https:\/\/www.ieec.cat\/es\/estrategia-newspace-catalana-presente-en-la-feria-mas-relevante-europa-sobre-tecnologia-servicios-espaciales\/#primaryimage"},"thumbnailUrl":"https:\/\/www.ieec.cat\/wp-content\/uploads\/2023\/11\/P1000135.jpg","datePublished":"2023-11-20T15:17:45+00:00","dateModified":"2023-12-18T16:53:55+00:00","author":{"@id":"https:\/\/www.ieec.cat\/es\/#\/schema\/person\/322a07f3c26d150fb0ab2c84181ced4c"},"breadcrumb":{"@id":"https:\/\/www.ieec.cat\/es\/estrategia-newspace-catalana-presente-en-la-feria-mas-relevante-europa-sobre-tecnologia-servicios-espaciales\/#breadcrumb"},"inLanguage":"es","potentialAction":[{"@type":"ReadAction","target":["https:\/\/www.ieec.cat\/es\/estrategia-newspace-catalana-presente-en-la-feria-mas-relevante-europa-sobre-tecnologia-servicios-espaciales\/"]}]},{"@type":"ImageObject","inLanguage":"es","@id":"https:\/\/www.ieec.cat\/es\/estrategia-newspace-catalana-presente-en-la-feria-mas-relevante-europa-sobre-tecnologia-servicios-espaciales\/#primaryimage","url":"https:\/\/www.ieec.cat\/wp-content\/uploads\/2023\/11\/P1000135.jpg","contentUrl":"https:\/\/www.ieec.cat\/wp-content\/uploads\/2023\/11\/P1000135.jpg","width":2048,"height":1538,"caption":"Estand NewSpace Catalonia Space Tech Expo 2023"},{"@type":"BreadcrumbList","@id":"https:\/\/www.ieec.cat\/es\/estrategia-newspace-catalana-presente-en-la-feria-mas-relevante-europa-sobre-tecnologia-servicios-espaciales\/#breadcrumb","itemListElement":[{"@type":"ListItem","position":1,"name":"Portada","item":"https:\/\/www.ieec.cat\/es\/"},{"@type":"ListItem","position":2,"name":"El ecosistema espacial catal\u00e1n, presente en la feria m\u00e1s relevante de Europa sobre tecnolog\u00eda y servicios espaciales"}]},{"@type":"WebSite","@id":"https:\/\/www.ieec.cat\/es\/#website","url":"https:\/\/www.ieec.cat\/es\/","name":"IEEC","description":"Institut d&#039;Estudis Espacials de Catalunya","potentialAction":[{"@type":"SearchAction","target":{"@type":"EntryPoint","urlTemplate":"https:\/\/www.ieec.cat\/es\/?s={search_term_string}"},"query-input":{"@type":"PropertyValueSpecification","valueRequired":true,"valueName":"search_term_string"}}],"inLanguage":"es"},{"@type":"Person","@id":"https:\/\/www.ieec.cat\/es\/#\/schema\/person\/322a07f3c26d150fb0ab2c84181ced4c","name":"Javier Bueno","image":{"@type":"ImageObject","inLanguage":"es","@id":"https:\/\/secure.gravatar.com\/avatar\/4d48f3381f239f9e12ab1bd3e78402f1144081a2afb1cb5bc1b5ec38effae7c9?s=96&d=mm&r=g","url":"https:\/\/secure.gravatar.com\/avatar\/4d48f3381f239f9e12ab1bd3e78402f1144081a2afb1cb5bc1b5ec38effae7c9?s=96&d=mm&r=g","contentUrl":"https:\/\/secure.gravatar.com\/avatar\/4d48f3381f239f9e12ab1bd3e78402f1144081a2afb1cb5bc1b5ec38effae7c9?s=96&d=mm&r=g","caption":"Javier Bueno"}}]}},"_links":{"self":[{"href":"https:\/\/www.ieec.cat\/es\/wp-json\/wp\/v2\/posts\/24594","targetHints":{"allow":["GET"]}}],"collection":[{"href":"https:\/\/www.ieec.cat\/es\/wp-json\/wp\/v2\/posts"}],"about":[{"href":"https:\/\/www.ieec.cat\/es\/wp-json\/wp\/v2\/types\/post"}],"author":[{"embeddable":true,"href":"https:\/\/www.ieec.cat\/es\/wp-json\/wp\/v2\/users\/7"}],"replies":[{"embeddable":true,"href":"https:\/\/www.ieec.cat\/es\/wp-json\/wp\/v2\/comments?post=24594"}],"version-history":[{"count":27,"href":"https:\/\/www.ieec.cat\/es\/wp-json\/wp\/v2\/posts\/24594\/revisions"}],"predecessor-version":[{"id":25314,"href":"https:\/\/www.ieec.cat\/es\/wp-json\/wp\/v2\/posts\/24594\/revisions\/25314"}],"wp:featuredmedia":[{"embeddable":true,"href":"https:\/\/www.ieec.cat\/es\/wp-json\/wp\/v2\/media\/24518"}],"wp:attachment":[{"href":"https:\/\/www.ieec.cat\/es\/wp-json\/wp\/v2\/media?parent=24594"}],"wp:term":[{"taxonomy":"category","embeddable":true,"href":"https:\/\/www.ieec.cat\/es\/wp-json\/wp\/v2\/categories?post=24594"},{"taxonomy":"post_tag","embeddable":true,"href":"https:\/\/www.ieec.cat\/es\/wp-json\/wp\/v2\/tags?post=24594"}],"curies":[{"name":"wp","href":"https:\/\/api.w.org\/{rel}","templated":true}]}}