{"id":24721,"date":"2023-11-24T15:23:52","date_gmt":"2023-11-24T14:23:52","guid":{"rendered":"https:\/\/www.ieec.cat\/?p=24721"},"modified":"2023-11-29T14:46:20","modified_gmt":"2023-11-29T13:46:20","slug":"el-newspace-economy-congress-2023-consolida-catalunya-como-polo-europeo-de-conocimiento-sobre-el-espacio","status":"publish","type":"post","link":"https:\/\/www.ieec.cat\/es\/el-newspace-economy-congress-2023-consolida-catalunya-como-polo-europeo-de-conocimiento-sobre-el-espacio\/","title":{"rendered":"El New Space Economy Congress 2023 consolida a Catalunya como polo europeo de conocimiento sobre el espacio"},"content":{"rendered":"<p>[et_pb_section fb_built=\u00bb1&#8243; _builder_version=\u00bb4.14.8&#8243; _module_preset=\u00bbdefault\u00bb background_image=\u00bbhttps:\/\/www.ieec.cat\/wp-content\/uploads\/2022\/02\/slider-comunicacio.jpg\u00bb max_height=\u00bb130px\u00bb custom_padding=\u00bb0px||0px||false|false\u00bb da_disable_devices=\u00bboff|off|off\u00bb global_colors_info=\u00bb{}\u00bb da_is_popup=\u00bboff\u00bb da_exit_intent=\u00bboff\u00bb da_has_close=\u00bbon\u00bb da_alt_close=\u00bboff\u00bb da_dark_close=\u00bboff\u00bb da_not_modal=\u00bbon\u00bb da_is_singular=\u00bboff\u00bb da_with_loader=\u00bboff\u00bb da_has_shadow=\u00bbon\u00bb][\/et_pb_section][et_pb_section fb_built=\u00bb1&#8243; _builder_version=\u00bb4.14.8&#8243; _module_preset=\u00bbdefault\u00bb custom_padding=\u00bb24px||11px|||\u00bb da_disable_devices=\u00bboff|off|off\u00bb global_colors_info=\u00bb{}\u00bb da_is_popup=\u00bboff\u00bb da_exit_intent=\u00bboff\u00bb da_has_close=\u00bbon\u00bb da_alt_close=\u00bboff\u00bb da_dark_close=\u00bboff\u00bb da_not_modal=\u00bbon\u00bb da_is_singular=\u00bboff\u00bb da_with_loader=\u00bboff\u00bb da_has_shadow=\u00bbon\u00bb][et_pb_row _builder_version=\u00bb4.14.8&#8243; _module_preset=\u00bbdefault\u00bb custom_padding=\u00bb||||false|false\u00bb global_colors_info=\u00bb{}\u00bb][et_pb_column type=\u00bb4_4&#8243; _builder_version=\u00bb4.14.8&#8243; _module_preset=\u00bbdefault\u00bb global_colors_info=\u00bb{}\u00bb][et_pb_text _builder_version=\u00bb4.14.8&#8243; _dynamic_attributes=\u00bbcontent\u00bb _module_preset=\u00bbdefault\u00bb text_font=\u00bb|700||on|||||\u00bb text_font_size=\u00bb16px\u00bb header_font=\u00bb|700|||||||\u00bb text_orientation=\u00bbcenter\u00bb custom_margin=\u00bb||10px||false|false\u00bb header_font_size_tablet=\u00bb28px\u00bb header_font_size_phone=\u00bb26px\u00bb header_font_size_last_edited=\u00bbon|phone\u00bb global_colors_info=\u00bb{}\u00bb]@ET-DC@eyJkeW5hbWljIjp0cnVlLCJjb250ZW50IjoiY3VzdG9tX21ldGFfb3JnYW5pemFjaW9uZXMiLCJzZXR0aW5ncyI6eyJiZWZvcmUiOiIiLCJhZnRlciI6IiIsImVuYWJsZV9odG1sIjoib2ZmIn19@[\/et_pb_text][et_pb_post_title author=\u00bboff\u00bb categories=\u00bboff\u00bb comments=\u00bboff\u00bb featured_image=\u00bboff\u00bb _builder_version=\u00bb4.14.8&#8243; _module_preset=\u00bbdefault\u00bb title_font=\u00bbCairo|300|||||||\u00bb title_text_align=\u00bbcenter\u00bb title_font_size=\u00bb40px\u00bb meta_font=\u00bb||on||||||\u00bb meta_text_align=\u00bbcenter\u00bb meta_font_size=\u00bb16px\u00bb title_font_size_tablet=\u00bb35px\u00bb title_font_size_phone=\u00bb30px\u00bb title_font_size_last_edited=\u00bbon|desktop\u00bb global_colors_info=\u00bb{}\u00bb][\/et_pb_post_title][\/et_pb_column][\/et_pb_row][et_pb_row column_structure=\u00bb1_2,1_2&#8243; _builder_version=\u00bb4.14.8&#8243; _module_preset=\u00bbdefault\u00bb global_colors_info=\u00bb{}\u00bb][et_pb_column type=\u00bb1_2&#8243; _builder_version=\u00bb4.14.8&#8243; _module_preset=\u00bbdefault\u00bb global_colors_info=\u00bb{}\u00bb][et_pb_post_title title=\u00bboff\u00bb meta=\u00bboff\u00bb _builder_version=\u00bb4.14.8&#8243; _module_preset=\u00bbdefault\u00bb custom_margin=\u00bb||0px||false|false\u00bb border_color_top=\u00bb#406fda\u00bb global_colors_info=\u00bb{}\u00bb][\/et_pb_post_title][et_pb_text _builder_version=\u00bb4.14.8&#8243; _module_preset=\u00bbdefault\u00bb text_font=\u00bb||||||||\u00bb text_font_size=\u00bb15px\u00bb text_line_height=\u00bb1.1em\u00bb background_color=\u00bbrgba(64,111,218,0.15)\u00bb custom_margin=\u00bb0px||||false|false\u00bb custom_padding=\u00bb30px|20px|30px|20px|true|true\u00bb global_colors_info=\u00bb{}\u00bb]<\/p>\n<p><strong>Leyenda:<\/strong> <span style=\"font-weight: 400;\">Josep Colom\u00e9 (izquierda) moderando una mesa redonda sobre constelaciones de peque\u00f1os sat\u00e9lites con expertos de ClearSpace, Hispasat, Open Cosmos y Telespazio Ib\u00e9rica durante el congreso.<\/span><br \/><span style=\"font-weight: 400;\"><strong>Cr\u00e9ditos:<\/strong> IEEC.<\/span><\/p>\n<p>[\/et_pb_text][\/et_pb_column][et_pb_column type=\u00bb1_2&#8243; _builder_version=\u00bb4.14.8&#8243; _module_preset=\u00bbdefault\u00bb global_colors_info=\u00bb{}\u00bb][et_pb_text _builder_version=\u00bb4.14.8&#8243; _module_preset=\u00bbdefault\u00bb link_font=\u00bb|700|||on||||\u00bb hover_enabled=\u00bb0&#8243; global_colors_info=\u00bb{}\u00bb sticky_enabled=\u00bb0&#8243;]<\/p>\n<p><span style=\"font-weight: 400;\">El New Space Economy Congress 2023, <\/span><span style=\"font-weight: 400;\">organizado por la <\/span><a href=\"https:\/\/www.cambrabcn.org\/\"><span style=\"font-weight: 400;\">Cambra de Comer\u00e7 de Barcelona<\/span><\/a><span style=\"font-weight: 400;\"> y la <\/span><a href=\"https:\/\/web.gencat.cat\/ca\/inici\/index.html\"><span style=\"font-weight: 400;\">Generalitat de Catalunya<\/span><\/a><span style=\"font-weight: 400;\"> con el <\/span><a href=\"https:\/\/www.ieec.cat\"><span style=\"font-weight: 400;\">Institut d&#8217;Estudis Espacials de Catalunya<\/span><\/a><span style=\"font-weight: 400;\"> (IEEC); el <\/span><a href=\"https:\/\/www.icgc.cat\/\"><span style=\"font-weight: 400;\">Institut Cartogr\u00e0fic i Geol\u00f2gic de Catalunya<\/span><\/a><span style=\"font-weight: 400;\"> (ICGC); la <\/span><a href=\"https:\/\/i2cat.net\/?lang=ca\"><span style=\"font-weight: 400;\">i2CAT Foundation<\/span><\/a><span style=\"font-weight: 400;\"> y la <\/span><a href=\"https:\/\/kimglobal.com\/ca\/kimbcn\/\"><span style=\"font-weight: 400;\">Fundaci\u00f3n KIMbcn<\/span><\/a><span style=\"font-weight: 400;\"> como organizadores asociados, <\/span><span style=\"font-weight: 400;\">cerr\u00f3 ayer sus puertas con un enorme \u00e9xito de convocatoria que certifica el gran potencial del NewSpace en Catalunya.<\/span><\/p>\n<p><span style=\"font-weight: 400;\">El congreso, celebrado en la Llotja de Mar de Barcelona durante los pasados 22-23 de noviembre, cont\u00f3 con ponentes de primer nivel que ofrecieron una visi\u00f3n detallada y precisa de las \u00faltimas tendencias y oportunidades dentro del sector. Entre ellos, <\/span><span style=\"font-weight: 400;\">el astronauta y exministro de Ciencia e Innovaci\u00f3n, <\/span><b>Pedro Duque; <\/b><span style=\"font-weight: 400;\">la directora de Comercializaci\u00f3n, Industria y Competitividad de la Agencia Espacial Europea (ESA), <\/span><b>G\u00e9raldine Naja; <\/b><span style=\"font-weight: 400;\">el experto en redes sociales del \u00e1mbito espacial, <\/span><b>Remco Timmermans<\/b><span style=\"font-weight: 400;\"> o la directora general de Airbus DS Geo SGSA, <\/span><b>Roser Roca Toh\u00e0.<\/b><\/p>\n<p><b><span style=\"font-weight: 400;\">Por parte del IEEC, <\/span>Josep Colom\u00e9,<span style=\"font-weight: 400;\"> director del \u00c1rea de Promoci\u00f3n del Sector Espacial de Catalunya (APEC), moder\u00f3 la mesa redonda sobre constelaciones de peque\u00f1os sat\u00e9lites de la primera jornada, mientras que <\/span>Anna Ruiz, <span style=\"font-weight: 400;\">coordinadora en el IEEC del programa Talento y Sociedad de la Estrategia NewSpace de Catalunya, explic\u00f3 los beneficios de las becas \u2018NewSpace Catalonia\u2019 durante las <\/span><i><span style=\"font-weight: 400;\">SpaceTalks<\/span><\/i><span style=\"font-weight: 400;\"> del congreso.<\/span><\/b><\/p>\n<p>[\/et_pb_text][\/et_pb_column][\/et_pb_row][et_pb_row _builder_version=\u00bb4.14.8&#8243; _module_preset=\u00bbdefault\u00bb global_colors_info=\u00bb{}\u00bb][et_pb_column type=\u00bb4_4&#8243; _builder_version=\u00bb4.14.8&#8243; _module_preset=\u00bbdefault\u00bb global_colors_info=\u00bb{}\u00bb][et_pb_text _builder_version=\u00bb4.14.8&#8243; _module_preset=\u00bbdefault\u00bb link_font=\u00bb|700|||on||||\u00bb locked=\u00bboff\u00bb global_colors_info=\u00bb{}\u00bb]<\/p>\n<p><span style=\"font-weight: 400;\">La cita se convirti\u00f3 tambi\u00e9n en un magn\u00edfico entorno de <\/span><i><span style=\"font-weight: 400;\">networking <\/span><\/i><span style=\"font-weight: 400;\">para una comunidad NewSpace catalana en gran crecimiento. La zona habilitada para mantener reuniones r\u00e1pidas 1 a 1 (B2B) y los stands de diversas organizaciones y empresas \u2014entre ellas el IEEC\u2014 contaron con un flujo permanente de asistentesen busca de nuevos retos y contactos.<\/span><\/p>\n<p><span style=\"font-weight: 400;\">El New Space Economy Congress 2023 cont\u00f3 tambi\u00e9n con la colaboraci\u00f3n de la Digital Catalonia Alliance (DCA), la ESA, Eurisy, la International Space University (ISU), la Network of European Regions Using Space Technologies (NEREUS) y la fundaci\u00f3n Women in Aerospace (WIA).<\/span><\/p>\n<p>[\/et_pb_text][\/et_pb_column][\/et_pb_row][et_pb_row _builder_version=\u00bb4.14.8&#8243; _module_preset=\u00bbdefault\u00bb custom_margin=\u00bb||||false|false\u00bb locked=\u00bboff\u00bb global_colors_info=\u00bb{}\u00bb][et_pb_column type=\u00bb4_4&#8243; _builder_version=\u00bb4.14.8&#8243; _module_preset=\u00bbdefault\u00bb global_colors_info=\u00bb{}\u00bb][et_pb_divider color=\u00bb#406fda\u00bb _builder_version=\u00bb4.14.8&#8243; _module_preset=\u00bbdefault\u00bb custom_margin=\u00bb||10px||false|false\u00bb global_colors_info=\u00bb{}\u00bb][\/et_pb_divider][et_pb_text admin_label=\u00bbAttached documents\u00bb _builder_version=\u00bb4.14.8&#8243; _module_preset=\u00bbdefault\u00bb text_font=\u00bbCairo|700|||||||\u00bb text_text_color=\u00bb#406fda\u00bb text_font_size=\u00bb20px\u00bb custom_margin=\u00bb||10px||false|false\u00bb global_colors_info=\u00bb{}\u00bb]<\/p>\n<p>Galer\u00eda de im\u00e1genes<\/p>\n<p>[\/et_pb_text][et_pb_gallery gallery_ids=\u00bb24689,24710,24680,24692,24707,24683,24686,24695,24698,24701,24677,24704&#8243; _builder_version=\u00bb4.14.8&#8243; _module_preset=\u00bbdefault\u00bb global_colors_info=\u00bb{}\u00bb][\/et_pb_gallery][\/et_pb_column][\/et_pb_row][\/et_pb_section]<\/p>\n","protected":false},"excerpt":{"rendered":"<p>Leyenda: Josep Colom\u00e9 (izquierda) moderando una mesa redonda sobre constelaciones de peque\u00f1os sat\u00e9lites con expertos de ClearSpace, Hispasat, Open Cosmos y Telespazio Ib\u00e9rica durante el congreso.Cr\u00e9ditos: IEEC.El New Space Economy Congress 2023, organizado por la Cambra de Comer\u00e7 de Barcelona y la Generalitat de Catalunya con el Institut d&#8217;Estudis Espacials de Catalunya (IEEC); el Institut [&hellip;]<\/p>\n","protected":false},"author":7,"featured_media":24671,"comment_status":"closed","ping_status":"closed","sticky":false,"template":"","format":"standard","meta":{"_et_pb_use_builder":"on","_et_pb_old_content":"","_et_gb_content_width":"","footnotes":""},"categories":[70,134,113],"tags":[],"class_list":["post-24721","post","type-post","status-publish","format-standard","has-post-thumbnail","hentry","category-anuncios","category-newspace-es-2","category-noticia-destacada-pequena"],"yoast_head":"<!-- This site is optimized with the Yoast SEO plugin v27.4 - https:\/\/yoast.com\/product\/yoast-seo-wordpress\/ -->\n<title>El New Space Economy Congress 2023 consolida a Catalunya como polo europeo de conocimiento sobre el espacio - IEEC<\/title>\n<meta name=\"robots\" content=\"index, follow, max-snippet:-1, max-image-preview:large, max-video-preview:-1\" \/>\n<link rel=\"canonical\" href=\"https:\/\/www.ieec.cat\/es\/el-newspace-economy-congress-2023-consolida-catalunya-como-polo-europeo-de-conocimiento-sobre-el-espacio\/\" \/>\n<meta property=\"og:locale\" content=\"es_ES\" \/>\n<meta property=\"og:type\" content=\"article\" \/>\n<meta property=\"og:title\" content=\"El New Space Economy Congress 2023 consolida a Catalunya como polo europeo de conocimiento sobre el espacio - IEEC\" \/>\n<meta property=\"og:description\" content=\"Leyenda: Josep Colom\u00e9 (izquierda) moderando una mesa redonda sobre constelaciones de peque\u00f1os sat\u00e9lites con expertos de ClearSpace, Hispasat, Open Cosmos y Telespazio Ib\u00e9rica durante el congreso.Cr\u00e9ditos: IEEC.El New Space Economy Congress 2023, organizado por la Cambra de Comer\u00e7 de Barcelona y la Generalitat de Catalunya con el Institut d&#039;Estudis Espacials de Catalunya (IEEC); el Institut [&hellip;]\" \/>\n<meta property=\"og:url\" content=\"https:\/\/www.ieec.cat\/es\/el-newspace-economy-congress-2023-consolida-catalunya-como-polo-europeo-de-conocimiento-sobre-el-espacio\/\" \/>\n<meta property=\"og:site_name\" content=\"IEEC\" \/>\n<meta property=\"article:published_time\" content=\"2023-11-24T14:23:52+00:00\" \/>\n<meta property=\"article:modified_time\" content=\"2023-11-29T13:46:20+00:00\" \/>\n<meta property=\"og:image\" content=\"https:\/\/www.ieec.cat\/wp-content\/uploads\/2023\/11\/P1000429.jpg\" \/>\n\t<meta property=\"og:image:width\" content=\"2048\" \/>\n\t<meta property=\"og:image:height\" content=\"1538\" \/>\n\t<meta property=\"og:image:type\" content=\"image\/jpeg\" \/>\n<meta name=\"author\" content=\"Javier Bueno\" \/>\n<meta name=\"twitter:card\" content=\"summary_large_image\" \/>\n<meta name=\"twitter:label1\" content=\"Escrito por\" \/>\n\t<meta name=\"twitter:data1\" content=\"Javier Bueno\" \/>\n\t<meta name=\"twitter:label2\" content=\"Tiempo de lectura\" \/>\n\t<meta name=\"twitter:data2\" content=\"3 minutos\" \/>\n<script type=\"application\/ld+json\" class=\"yoast-schema-graph\">{\"@context\":\"https:\\\/\\\/schema.org\",\"@graph\":[{\"@type\":\"Article\",\"@id\":\"https:\\\/\\\/www.ieec.cat\\\/es\\\/el-newspace-economy-congress-2023-consolida-catalunya-como-polo-europeo-de-conocimiento-sobre-el-espacio\\\/#article\",\"isPartOf\":{\"@id\":\"https:\\\/\\\/www.ieec.cat\\\/es\\\/el-newspace-economy-congress-2023-consolida-catalunya-como-polo-europeo-de-conocimiento-sobre-el-espacio\\\/\"},\"author\":{\"name\":\"Javier Bueno\",\"@id\":\"https:\\\/\\\/www.ieec.cat\\\/es\\\/#\\\/schema\\\/person\\\/322a07f3c26d150fb0ab2c84181ced4c\"},\"headline\":\"El New Space Economy Congress 2023 consolida a Catalunya como polo europeo de conocimiento sobre el espacio\",\"datePublished\":\"2023-11-24T14:23:52+00:00\",\"dateModified\":\"2023-11-29T13:46:20+00:00\",\"mainEntityOfPage\":{\"@id\":\"https:\\\/\\\/www.ieec.cat\\\/es\\\/el-newspace-economy-congress-2023-consolida-catalunya-como-polo-europeo-de-conocimiento-sobre-el-espacio\\\/\"},\"wordCount\":973,\"image\":{\"@id\":\"https:\\\/\\\/www.ieec.cat\\\/es\\\/el-newspace-economy-congress-2023-consolida-catalunya-como-polo-europeo-de-conocimiento-sobre-el-espacio\\\/#primaryimage\"},\"thumbnailUrl\":\"https:\\\/\\\/www.ieec.cat\\\/wp-content\\\/uploads\\\/2023\\\/11\\\/P1000429.jpg\",\"articleSection\":[\"Anuncios\",\"NewSpace\",\"Noticia destacada peque\u00f1a\"],\"inLanguage\":\"es\"},{\"@type\":\"WebPage\",\"@id\":\"https:\\\/\\\/www.ieec.cat\\\/es\\\/el-newspace-economy-congress-2023-consolida-catalunya-como-polo-europeo-de-conocimiento-sobre-el-espacio\\\/\",\"url\":\"https:\\\/\\\/www.ieec.cat\\\/es\\\/el-newspace-economy-congress-2023-consolida-catalunya-como-polo-europeo-de-conocimiento-sobre-el-espacio\\\/\",\"name\":\"El New Space Economy Congress 2023 consolida a Catalunya como polo europeo de conocimiento sobre el espacio - IEEC\",\"isPartOf\":{\"@id\":\"https:\\\/\\\/www.ieec.cat\\\/es\\\/#website\"},\"primaryImageOfPage\":{\"@id\":\"https:\\\/\\\/www.ieec.cat\\\/es\\\/el-newspace-economy-congress-2023-consolida-catalunya-como-polo-europeo-de-conocimiento-sobre-el-espacio\\\/#primaryimage\"},\"image\":{\"@id\":\"https:\\\/\\\/www.ieec.cat\\\/es\\\/el-newspace-economy-congress-2023-consolida-catalunya-como-polo-europeo-de-conocimiento-sobre-el-espacio\\\/#primaryimage\"},\"thumbnailUrl\":\"https:\\\/\\\/www.ieec.cat\\\/wp-content\\\/uploads\\\/2023\\\/11\\\/P1000429.jpg\",\"datePublished\":\"2023-11-24T14:23:52+00:00\",\"dateModified\":\"2023-11-29T13:46:20+00:00\",\"author\":{\"@id\":\"https:\\\/\\\/www.ieec.cat\\\/es\\\/#\\\/schema\\\/person\\\/322a07f3c26d150fb0ab2c84181ced4c\"},\"breadcrumb\":{\"@id\":\"https:\\\/\\\/www.ieec.cat\\\/es\\\/el-newspace-economy-congress-2023-consolida-catalunya-como-polo-europeo-de-conocimiento-sobre-el-espacio\\\/#breadcrumb\"},\"inLanguage\":\"es\",\"potentialAction\":[{\"@type\":\"ReadAction\",\"target\":[\"https:\\\/\\\/www.ieec.cat\\\/es\\\/el-newspace-economy-congress-2023-consolida-catalunya-como-polo-europeo-de-conocimiento-sobre-el-espacio\\\/\"]}]},{\"@type\":\"ImageObject\",\"inLanguage\":\"es\",\"@id\":\"https:\\\/\\\/www.ieec.cat\\\/es\\\/el-newspace-economy-congress-2023-consolida-catalunya-como-polo-europeo-de-conocimiento-sobre-el-espacio\\\/#primaryimage\",\"url\":\"https:\\\/\\\/www.ieec.cat\\\/wp-content\\\/uploads\\\/2023\\\/11\\\/P1000429.jpg\",\"contentUrl\":\"https:\\\/\\\/www.ieec.cat\\\/wp-content\\\/uploads\\\/2023\\\/11\\\/P1000429.jpg\",\"width\":2048,\"height\":1538,\"caption\":\"Josep Colom\u00e9 New Space Congress 2023\"},{\"@type\":\"BreadcrumbList\",\"@id\":\"https:\\\/\\\/www.ieec.cat\\\/es\\\/el-newspace-economy-congress-2023-consolida-catalunya-como-polo-europeo-de-conocimiento-sobre-el-espacio\\\/#breadcrumb\",\"itemListElement\":[{\"@type\":\"ListItem\",\"position\":1,\"name\":\"Portada\",\"item\":\"https:\\\/\\\/www.ieec.cat\\\/es\\\/\"},{\"@type\":\"ListItem\",\"position\":2,\"name\":\"El New Space Economy Congress 2023 consolida a Catalunya como polo europeo de conocimiento sobre el espacio\"}]},{\"@type\":\"WebSite\",\"@id\":\"https:\\\/\\\/www.ieec.cat\\\/es\\\/#website\",\"url\":\"https:\\\/\\\/www.ieec.cat\\\/es\\\/\",\"name\":\"IEEC\",\"description\":\"Institut d&#039;Estudis Espacials de Catalunya\",\"potentialAction\":[{\"@type\":\"SearchAction\",\"target\":{\"@type\":\"EntryPoint\",\"urlTemplate\":\"https:\\\/\\\/www.ieec.cat\\\/es\\\/?s={search_term_string}\"},\"query-input\":{\"@type\":\"PropertyValueSpecification\",\"valueRequired\":true,\"valueName\":\"search_term_string\"}}],\"inLanguage\":\"es\"},{\"@type\":\"Person\",\"@id\":\"https:\\\/\\\/www.ieec.cat\\\/es\\\/#\\\/schema\\\/person\\\/322a07f3c26d150fb0ab2c84181ced4c\",\"name\":\"Javier Bueno\",\"image\":{\"@type\":\"ImageObject\",\"inLanguage\":\"es\",\"@id\":\"https:\\\/\\\/secure.gravatar.com\\\/avatar\\\/4d48f3381f239f9e12ab1bd3e78402f1144081a2afb1cb5bc1b5ec38effae7c9?s=96&d=mm&r=g\",\"url\":\"https:\\\/\\\/secure.gravatar.com\\\/avatar\\\/4d48f3381f239f9e12ab1bd3e78402f1144081a2afb1cb5bc1b5ec38effae7c9?s=96&d=mm&r=g\",\"contentUrl\":\"https:\\\/\\\/secure.gravatar.com\\\/avatar\\\/4d48f3381f239f9e12ab1bd3e78402f1144081a2afb1cb5bc1b5ec38effae7c9?s=96&d=mm&r=g\",\"caption\":\"Javier Bueno\"}}]}<\/script>\n<!-- \/ Yoast SEO plugin. -->","yoast_head_json":{"title":"El New Space Economy Congress 2023 consolida a Catalunya como polo europeo de conocimiento sobre el espacio - IEEC","robots":{"index":"index","follow":"follow","max-snippet":"max-snippet:-1","max-image-preview":"max-image-preview:large","max-video-preview":"max-video-preview:-1"},"canonical":"https:\/\/www.ieec.cat\/es\/el-newspace-economy-congress-2023-consolida-catalunya-como-polo-europeo-de-conocimiento-sobre-el-espacio\/","og_locale":"es_ES","og_type":"article","og_title":"El New Space Economy Congress 2023 consolida a Catalunya como polo europeo de conocimiento sobre el espacio - IEEC","og_description":"Leyenda: Josep Colom\u00e9 (izquierda) moderando una mesa redonda sobre constelaciones de peque\u00f1os sat\u00e9lites con expertos de ClearSpace, Hispasat, Open Cosmos y Telespazio Ib\u00e9rica durante el congreso.Cr\u00e9ditos: IEEC.El New Space Economy Congress 2023, organizado por la Cambra de Comer\u00e7 de Barcelona y la Generalitat de Catalunya con el Institut d'Estudis Espacials de Catalunya (IEEC); el Institut [&hellip;]","og_url":"https:\/\/www.ieec.cat\/es\/el-newspace-economy-congress-2023-consolida-catalunya-como-polo-europeo-de-conocimiento-sobre-el-espacio\/","og_site_name":"IEEC","article_published_time":"2023-11-24T14:23:52+00:00","article_modified_time":"2023-11-29T13:46:20+00:00","og_image":[{"width":2048,"height":1538,"url":"https:\/\/www.ieec.cat\/wp-content\/uploads\/2023\/11\/P1000429.jpg","type":"image\/jpeg"}],"author":"Javier Bueno","twitter_card":"summary_large_image","twitter_misc":{"Escrito por":"Javier Bueno","Tiempo de lectura":"3 minutos"},"schema":{"@context":"https:\/\/schema.org","@graph":[{"@type":"Article","@id":"https:\/\/www.ieec.cat\/es\/el-newspace-economy-congress-2023-consolida-catalunya-como-polo-europeo-de-conocimiento-sobre-el-espacio\/#article","isPartOf":{"@id":"https:\/\/www.ieec.cat\/es\/el-newspace-economy-congress-2023-consolida-catalunya-como-polo-europeo-de-conocimiento-sobre-el-espacio\/"},"author":{"name":"Javier Bueno","@id":"https:\/\/www.ieec.cat\/es\/#\/schema\/person\/322a07f3c26d150fb0ab2c84181ced4c"},"headline":"El New Space Economy Congress 2023 consolida a Catalunya como polo europeo de conocimiento sobre el espacio","datePublished":"2023-11-24T14:23:52+00:00","dateModified":"2023-11-29T13:46:20+00:00","mainEntityOfPage":{"@id":"https:\/\/www.ieec.cat\/es\/el-newspace-economy-congress-2023-consolida-catalunya-como-polo-europeo-de-conocimiento-sobre-el-espacio\/"},"wordCount":973,"image":{"@id":"https:\/\/www.ieec.cat\/es\/el-newspace-economy-congress-2023-consolida-catalunya-como-polo-europeo-de-conocimiento-sobre-el-espacio\/#primaryimage"},"thumbnailUrl":"https:\/\/www.ieec.cat\/wp-content\/uploads\/2023\/11\/P1000429.jpg","articleSection":["Anuncios","NewSpace","Noticia destacada peque\u00f1a"],"inLanguage":"es"},{"@type":"WebPage","@id":"https:\/\/www.ieec.cat\/es\/el-newspace-economy-congress-2023-consolida-catalunya-como-polo-europeo-de-conocimiento-sobre-el-espacio\/","url":"https:\/\/www.ieec.cat\/es\/el-newspace-economy-congress-2023-consolida-catalunya-como-polo-europeo-de-conocimiento-sobre-el-espacio\/","name":"El New Space Economy Congress 2023 consolida a Catalunya como polo europeo de conocimiento sobre el espacio - IEEC","isPartOf":{"@id":"https:\/\/www.ieec.cat\/es\/#website"},"primaryImageOfPage":{"@id":"https:\/\/www.ieec.cat\/es\/el-newspace-economy-congress-2023-consolida-catalunya-como-polo-europeo-de-conocimiento-sobre-el-espacio\/#primaryimage"},"image":{"@id":"https:\/\/www.ieec.cat\/es\/el-newspace-economy-congress-2023-consolida-catalunya-como-polo-europeo-de-conocimiento-sobre-el-espacio\/#primaryimage"},"thumbnailUrl":"https:\/\/www.ieec.cat\/wp-content\/uploads\/2023\/11\/P1000429.jpg","datePublished":"2023-11-24T14:23:52+00:00","dateModified":"2023-11-29T13:46:20+00:00","author":{"@id":"https:\/\/www.ieec.cat\/es\/#\/schema\/person\/322a07f3c26d150fb0ab2c84181ced4c"},"breadcrumb":{"@id":"https:\/\/www.ieec.cat\/es\/el-newspace-economy-congress-2023-consolida-catalunya-como-polo-europeo-de-conocimiento-sobre-el-espacio\/#breadcrumb"},"inLanguage":"es","potentialAction":[{"@type":"ReadAction","target":["https:\/\/www.ieec.cat\/es\/el-newspace-economy-congress-2023-consolida-catalunya-como-polo-europeo-de-conocimiento-sobre-el-espacio\/"]}]},{"@type":"ImageObject","inLanguage":"es","@id":"https:\/\/www.ieec.cat\/es\/el-newspace-economy-congress-2023-consolida-catalunya-como-polo-europeo-de-conocimiento-sobre-el-espacio\/#primaryimage","url":"https:\/\/www.ieec.cat\/wp-content\/uploads\/2023\/11\/P1000429.jpg","contentUrl":"https:\/\/www.ieec.cat\/wp-content\/uploads\/2023\/11\/P1000429.jpg","width":2048,"height":1538,"caption":"Josep Colom\u00e9 New Space Congress 2023"},{"@type":"BreadcrumbList","@id":"https:\/\/www.ieec.cat\/es\/el-newspace-economy-congress-2023-consolida-catalunya-como-polo-europeo-de-conocimiento-sobre-el-espacio\/#breadcrumb","itemListElement":[{"@type":"ListItem","position":1,"name":"Portada","item":"https:\/\/www.ieec.cat\/es\/"},{"@type":"ListItem","position":2,"name":"El New Space Economy Congress 2023 consolida a Catalunya como polo europeo de conocimiento sobre el espacio"}]},{"@type":"WebSite","@id":"https:\/\/www.ieec.cat\/es\/#website","url":"https:\/\/www.ieec.cat\/es\/","name":"IEEC","description":"Institut d&#039;Estudis Espacials de Catalunya","potentialAction":[{"@type":"SearchAction","target":{"@type":"EntryPoint","urlTemplate":"https:\/\/www.ieec.cat\/es\/?s={search_term_string}"},"query-input":{"@type":"PropertyValueSpecification","valueRequired":true,"valueName":"search_term_string"}}],"inLanguage":"es"},{"@type":"Person","@id":"https:\/\/www.ieec.cat\/es\/#\/schema\/person\/322a07f3c26d150fb0ab2c84181ced4c","name":"Javier Bueno","image":{"@type":"ImageObject","inLanguage":"es","@id":"https:\/\/secure.gravatar.com\/avatar\/4d48f3381f239f9e12ab1bd3e78402f1144081a2afb1cb5bc1b5ec38effae7c9?s=96&d=mm&r=g","url":"https:\/\/secure.gravatar.com\/avatar\/4d48f3381f239f9e12ab1bd3e78402f1144081a2afb1cb5bc1b5ec38effae7c9?s=96&d=mm&r=g","contentUrl":"https:\/\/secure.gravatar.com\/avatar\/4d48f3381f239f9e12ab1bd3e78402f1144081a2afb1cb5bc1b5ec38effae7c9?s=96&d=mm&r=g","caption":"Javier Bueno"}}]}},"_links":{"self":[{"href":"https:\/\/www.ieec.cat\/es\/wp-json\/wp\/v2\/posts\/24721","targetHints":{"allow":["GET"]}}],"collection":[{"href":"https:\/\/www.ieec.cat\/es\/wp-json\/wp\/v2\/posts"}],"about":[{"href":"https:\/\/www.ieec.cat\/es\/wp-json\/wp\/v2\/types\/post"}],"author":[{"embeddable":true,"href":"https:\/\/www.ieec.cat\/es\/wp-json\/wp\/v2\/users\/7"}],"replies":[{"embeddable":true,"href":"https:\/\/www.ieec.cat\/es\/wp-json\/wp\/v2\/comments?post=24721"}],"version-history":[{"count":12,"href":"https:\/\/www.ieec.cat\/es\/wp-json\/wp\/v2\/posts\/24721\/revisions"}],"predecessor-version":[{"id":24883,"href":"https:\/\/www.ieec.cat\/es\/wp-json\/wp\/v2\/posts\/24721\/revisions\/24883"}],"wp:featuredmedia":[{"embeddable":true,"href":"https:\/\/www.ieec.cat\/es\/wp-json\/wp\/v2\/media\/24671"}],"wp:attachment":[{"href":"https:\/\/www.ieec.cat\/es\/wp-json\/wp\/v2\/media?parent=24721"}],"wp:term":[{"taxonomy":"category","embeddable":true,"href":"https:\/\/www.ieec.cat\/es\/wp-json\/wp\/v2\/categories?post=24721"},{"taxonomy":"post_tag","embeddable":true,"href":"https:\/\/www.ieec.cat\/es\/wp-json\/wp\/v2\/tags?post=24721"}],"curies":[{"name":"wp","href":"https:\/\/api.w.org\/{rel}","templated":true}]}}