{"id":26344,"date":"2024-02-02T14:04:16","date_gmt":"2024-02-02T13:04:16","guid":{"rendered":"https:\/\/www.ieec.cat\/?p=26344"},"modified":"2024-02-09T17:00:00","modified_gmt":"2024-02-09T16:00:00","slug":"generalitat-de-catalunya-y-ieec-abren-convocatoria-para-testear-tecnologia-a-bordo-del-proximo-nanosatelite-estrategia-newspace","status":"publish","type":"post","link":"https:\/\/www.ieec.cat\/es\/generalitat-de-catalunya-y-ieec-abren-convocatoria-para-testear-tecnologia-a-bordo-del-proximo-nanosatelite-estrategia-newspace\/","title":{"rendered":"La Generalitat de Catalunya y el IEEC abren una convocatoria para poder testear tecnolog\u00eda a bordo del pr\u00f3ximo nanosat\u00e9lite de la Estrategia NewSpace"},"content":{"rendered":"<p>[et_pb_section fb_built=\u00bb1&#8243; _builder_version=\u00bb4.14.8&#8243; _module_preset=\u00bbdefault\u00bb background_image=\u00bbhttps:\/\/www.ieec.cat\/wp-content\/uploads\/2022\/02\/slider-comunicacio.jpg\u00bb max_height=\u00bb130px\u00bb custom_padding=\u00bb0px||0px||false|false\u00bb da_disable_devices=\u00bboff|off|off\u00bb global_colors_info=\u00bb{}\u00bb da_is_popup=\u00bboff\u00bb da_exit_intent=\u00bboff\u00bb da_has_close=\u00bbon\u00bb da_alt_close=\u00bboff\u00bb da_dark_close=\u00bboff\u00bb da_not_modal=\u00bbon\u00bb da_is_singular=\u00bboff\u00bb da_with_loader=\u00bboff\u00bb da_has_shadow=\u00bbon\u00bb][\/et_pb_section][et_pb_section fb_built=\u00bb1&#8243; _builder_version=\u00bb4.14.8&#8243; _module_preset=\u00bbdefault\u00bb custom_padding=\u00bb24px||11px|||\u00bb da_disable_devices=\u00bboff|off|off\u00bb global_colors_info=\u00bb{}\u00bb da_is_popup=\u00bboff\u00bb da_exit_intent=\u00bboff\u00bb da_has_close=\u00bbon\u00bb da_alt_close=\u00bboff\u00bb da_dark_close=\u00bboff\u00bb da_not_modal=\u00bbon\u00bb da_is_singular=\u00bboff\u00bb da_with_loader=\u00bboff\u00bb da_has_shadow=\u00bbon\u00bb][et_pb_row _builder_version=\u00bb4.14.8&#8243; _module_preset=\u00bbdefault\u00bb custom_padding=\u00bb||||false|false\u00bb global_colors_info=\u00bb{}\u00bb][et_pb_column type=\u00bb4_4&#8243; _builder_version=\u00bb4.14.8&#8243; _module_preset=\u00bbdefault\u00bb global_colors_info=\u00bb{}\u00bb][et_pb_text _builder_version=\u00bb4.14.8&#8243; _dynamic_attributes=\u00bbcontent\u00bb _module_preset=\u00bbdefault\u00bb text_font=\u00bb|700||on|||||\u00bb text_font_size=\u00bb16px\u00bb header_font=\u00bb|700|||||||\u00bb text_orientation=\u00bbcenter\u00bb custom_margin=\u00bb||10px||false|false\u00bb header_font_size_tablet=\u00bb28px\u00bb header_font_size_phone=\u00bb26px\u00bb header_font_size_last_edited=\u00bbon|phone\u00bb global_colors_info=\u00bb{}\u00bb]@ET-DC@eyJkeW5hbWljIjp0cnVlLCJjb250ZW50IjoiY3VzdG9tX21ldGFfb3JnYW5pemFjaW9uZXMiLCJzZXR0aW5ncyI6eyJiZWZvcmUiOiIiLCJhZnRlciI6IiIsImVuYWJsZV9odG1sIjoib2ZmIn19@[\/et_pb_text][et_pb_post_title author=\u00bboff\u00bb categories=\u00bboff\u00bb comments=\u00bboff\u00bb featured_image=\u00bboff\u00bb _builder_version=\u00bb4.14.8&#8243; _module_preset=\u00bbdefault\u00bb title_font=\u00bbCairo|300|||||||\u00bb title_text_align=\u00bbcenter\u00bb title_font_size=\u00bb40px\u00bb meta_font=\u00bb||on||||||\u00bb meta_text_align=\u00bbcenter\u00bb meta_font_size=\u00bb16px\u00bb hover_enabled=\u00bb0&#8243; title_font_size_tablet=\u00bb35px\u00bb title_font_size_phone=\u00bb30px\u00bb title_font_size_last_edited=\u00bbon|desktop\u00bb global_colors_info=\u00bb{}\u00bb sticky_enabled=\u00bb0&#8243;][\/et_pb_post_title][\/et_pb_column][\/et_pb_row][et_pb_row column_structure=\u00bb1_2,1_2&#8243; _builder_version=\u00bb4.14.8&#8243; _module_preset=\u00bbdefault\u00bb global_colors_info=\u00bb{}\u00bb][et_pb_column type=\u00bb1_2&#8243; _builder_version=\u00bb4.14.8&#8243; _module_preset=\u00bbdefault\u00bb global_colors_info=\u00bb{}\u00bb][et_pb_post_title title=\u00bboff\u00bb meta=\u00bboff\u00bb _builder_version=\u00bb4.14.8&#8243; _module_preset=\u00bbdefault\u00bb custom_margin=\u00bb||0px||false|false\u00bb border_color_top=\u00bb#406fda\u00bb global_colors_info=\u00bb{}\u00bb][\/et_pb_post_title][et_pb_text _builder_version=\u00bb4.14.8&#8243; _module_preset=\u00bbdefault\u00bb text_font=\u00bb||||||||\u00bb text_font_size=\u00bb15px\u00bb text_line_height=\u00bb1.1em\u00bb background_color=\u00bbrgba(64,111,218,0.15)\u00bb custom_margin=\u00bb0px||||false|false\u00bb custom_padding=\u00bb30px|20px|30px|20px|true|true\u00bb global_colors_info=\u00bb{}\u00bb]<\/p>\n<p><span style=\"font-weight: 400;\">La tecnolog\u00eda seleccionada se integrar\u00e1 en la plataforma del sat\u00e9lite GENEO-02, que dar\u00e1 continuidad a la misi\u00f3n Menut (en la imagen).<\/span><br \/><span style=\"font-weight: 400;\"><strong>Cr\u00e9ditos:<\/strong> Open Cosmos<\/span><\/p>\n<p>[\/et_pb_text][\/et_pb_column][et_pb_column type=\u00bb1_2&#8243; _builder_version=\u00bb4.14.8&#8243; _module_preset=\u00bbdefault\u00bb global_colors_info=\u00bb{}\u00bb][et_pb_text _builder_version=\u00bb4.14.8&#8243; _module_preset=\u00bbdefault\u00bb link_font=\u00bb|700|||on||||\u00bb global_colors_info=\u00bb{}\u00bb]<\/p>\n<p><span style=\"font-weight: 400;\">El <\/span><a href=\"https:\/\/ieec.cat\"><span style=\"font-weight: 400;\">Institut d\u2019Estudis Espacials de Catalunya<\/span><\/a><span style=\"font-weight: 400;\"> (IEEC) y la Generalitat de Catalunya han abierto la convocatoria para la <\/span><b>selecci\u00f3n de la carga \u00fatil a modo de demostrador tecnol\u00f3gico en \u00f3rbita<\/b><span style=\"font-weight: 400;\"> (IOD, por sus siglas en ingl\u00e9s) que ser\u00e1 embarcada en la <\/span><a href=\"https:\/\/www.ieec.cat\/lieec-publica-una-nova-licitacio-per-a-la-contractacio-de-serveis-de-provisio-de-dades-de-satel%c2%b7lits-relatives-a-lobservacio-de-la-terra\/\"><span style=\"font-weight: 400;\">nueva misi\u00f3n satelital de Observaci\u00f3n de la Tierra en \u00f3rbita baja (GENEO-02) licitada por el IEEC el pasado mes de agosto<\/span><\/a><span style=\"font-weight: 400;\"> en el marco de la <\/span><a href=\"https:\/\/politiquesdigitals.gencat.cat\/ca\/economia\/estrategia-new-space-catalunya\/index.html\"><span style=\"font-weight: 400;\">Estrategia NewSpace de Catalunya<\/span><\/a><span style=\"font-weight: 400;\">.<\/span><\/p>\n<p><span style=\"font-weight: 400;\">La presente convocatoria de selecci\u00f3n de IOD tiene por objeto ofrecer la oportunidad a empresas, entidades o centros de investigaci\u00f3n con sede en Catalunya de <\/span><b>presentar una de sus tecnolog\u00edas innovadoras para integrarla en la plataforma de este nuevo sat\u00e9lite<\/b><span style=\"font-weight: 400;\">, con el objetivo de validarla en \u00f3rbita, acelerar su introducci\u00f3n en el mercado o demostrar sus capacidades adicionales. La tecnolog\u00eda seleccionada acompa\u00f1ar\u00e1 a la carga \u00fatil principal de Observaci\u00f3n de la Tierra y a la carga secundaria de Internet de las Cosas (IoT, por sus siglas en ingl\u00e9s) del sat\u00e9lite.<\/span><\/p>\n<p>[\/et_pb_text][\/et_pb_column][\/et_pb_row][et_pb_row _builder_version=\u00bb4.14.8&#8243; _module_preset=\u00bbdefault\u00bb global_colors_info=\u00bb{}\u00bb][et_pb_column type=\u00bb4_4&#8243; _builder_version=\u00bb4.14.8&#8243; _module_preset=\u00bbdefault\u00bb global_colors_info=\u00bb{}\u00bb][et_pb_text _builder_version=\u00bb4.14.8&#8243; _module_preset=\u00bbdefault\u00bb link_font=\u00bb|700|||on||||\u00bb locked=\u00bboff\u00bb global_colors_info=\u00bb{}\u00bb]<\/p>\n<p><span style=\"font-weight: 400;\">Las empresas, entidades o centros de investigaci\u00f3n interesados en participar en la convocatoria podr\u00e1n presentar sus propuestas hasta el <\/span><b>4 de marzo de 2024, a las 14.00\u202fh (hora catalana)<\/b><span style=\"font-weight: 400;\">.\u00a0<\/span><\/p>\n<p><span style=\"font-weight: 400;\">La misi\u00f3n GENEO-02 dar\u00e1 continuidad a la misi\u00f3n Menut en el marco de la Estrategia NewSpace de Catalunya, impulsada por la <\/span><a href=\"https:\/\/politiquesdigitals.gencat.cat\/ca\/inici\/\"><span style=\"font-weight: 400;\">Generalitat de Catalunya<\/span><\/a><span style=\"font-weight: 400;\"> con la colaboraci\u00f3n del IEEC, la <\/span><a href=\"https:\/\/i2cat.net\/\"><span style=\"font-weight: 400;\">Fundaci\u00f3n i2CAT<\/span><\/a><span style=\"font-weight: 400;\"> y el <\/span><a href=\"https:\/\/www.icgc.cat\/\"><span style=\"font-weight: 400;\">Institut Cartogr\u00e0fic i Geol\u00f2gic de Catalunya<\/span><\/a><span style=\"font-weight: 400;\"> (ICGC).\u00a0<\/span><\/p>\n<p><span style=\"font-weight: 400;\">Las bases de la convocatoria est\u00e1n disponibles en los documentos que se enlazan a continuaci\u00f3n.<\/span><\/p>\n<p>[\/et_pb_text][\/et_pb_column][\/et_pb_row][et_pb_row column_structure=\u00bb1_3,1_3,1_3&#8243; _builder_version=\u00bb4.14.8&#8243; _module_preset=\u00bbdefault\u00bb global_colors_info=\u00bb{}\u00bb][et_pb_column type=\u00bb1_3&#8243; _builder_version=\u00bb4.14.8&#8243; _module_preset=\u00bbdefault\u00bb global_colors_info=\u00bb{}\u00bb][et_pb_button button_url=\u00bbhttps:\/\/www.ieec.cat\/wp-content\/uploads\/2024\/02\/3.-Resolucio\u0301-aprovacio\u0301-convocato\u0300ria-IOD.pdf\u00bb url_new_window=\u00bbon\u00bb button_text=\u00bbRESOLUCI\u00d3N CONVOCATORIA\u00bb button_alignment=\u00bbcenter\u00bb _builder_version=\u00bb4.14.8&#8243; _module_preset=\u00bbdefault\u00bb custom_button=\u00bbon\u00bb button_text_size=\u00bb19px\u00bb button_text_color=\u00bb#FFFFFF\u00bb button_bg_color=\u00bb#406fda\u00bb button_border_width=\u00bb0px\u00bb button_border_color=\u00bbRGBA(255,255,255,0)\u00bb button_border_radius=\u00bb0px\u00bb button_letter_spacing=\u00bb1px\u00bb button_font=\u00bbCairo|700||on|||||\u00bb button_icon=\u00bb&#xf15b;||fa||400&#8243; button_icon_color=\u00bb#FFFFFF\u00bb button_icon_placement=\u00bbleft\u00bb button_on_hover=\u00bboff\u00bb background_layout=\u00bbdark\u00bb custom_margin=\u00bb0px|0px|0px|0px|false|false\u00bb custom_padding=\u00bb13px|70px|13px|90px|true|false\u00bb button_border_width_tablet=\u00bb6px\u00bb button_border_width_phone=\u00bb6px\u00bb button_border_width_last_edited=\u00bbon|desktop\u00bb locked=\u00bboff\u00bb global_colors_info=\u00bb{}\u00bb button_border_width__hover_enabled=\u00bbon|hover\u00bb button_border_width__hover=\u00bb6px\u00bb button_bg_color__hover=\u00bb#1e2751&#8243; button_bg_color__hover_enabled=\u00bbon|hover\u00bb][\/et_pb_button][\/et_pb_column][et_pb_column type=\u00bb1_3&#8243; _builder_version=\u00bb4.14.8&#8243; _module_preset=\u00bbdefault\u00bb global_colors_info=\u00bb{}\u00bb][et_pb_button button_url=\u00bbhttps:\/\/www.ieec.cat\/wp-content\/uploads\/2024\/02\/1.1.-IEEC_128_2023-Convocato\u0300ria_IOD_GENEO-02_v1.0.pdf\u00bb url_new_window=\u00bbon\u00bb button_text=\u00bbBASES CONVOCATORIA\u00bb button_alignment=\u00bbcenter\u00bb _builder_version=\u00bb4.14.8&#8243; _module_preset=\u00bbdefault\u00bb custom_button=\u00bbon\u00bb button_text_size=\u00bb19px\u00bb button_text_color=\u00bb#FFFFFF\u00bb button_bg_color=\u00bb#406fda\u00bb button_border_width=\u00bb0px\u00bb button_border_color=\u00bbRGBA(255,255,255,0)\u00bb button_border_radius=\u00bb0px\u00bb button_letter_spacing=\u00bb1px\u00bb button_font=\u00bbCairo|700||on|||||\u00bb button_icon=\u00bb&#xf15b;||fa||400&#8243; button_icon_color=\u00bb#FFFFFF\u00bb button_icon_placement=\u00bbleft\u00bb button_on_hover=\u00bboff\u00bb background_layout=\u00bbdark\u00bb custom_margin=\u00bb0px|0px|0px|0px|false|false\u00bb custom_padding=\u00bb13px|70px|13px|90px|true|false\u00bb button_border_width_tablet=\u00bb6px\u00bb button_border_width_phone=\u00bb6px\u00bb button_border_width_last_edited=\u00bbon|desktop\u00bb locked=\u00bboff\u00bb global_colors_info=\u00bb{}\u00bb button_border_width__hover_enabled=\u00bbon|hover\u00bb button_border_width__hover=\u00bb6px\u00bb button_bg_color__hover=\u00bb#1e2751&#8243; button_bg_color__hover_enabled=\u00bbon|hover\u00bb][\/et_pb_button][\/et_pb_column][et_pb_column type=\u00bb1_3&#8243; _builder_version=\u00bb4.14.8&#8243; _module_preset=\u00bbdefault\u00bb global_colors_info=\u00bb{}\u00bb][et_pb_button button_url=\u00bbhttps:\/\/www.ieec.cat\/wp-content\/uploads\/2024\/02\/1.2.-Annex_4_GENEO_02_PPT.pdf\u00bb url_new_window=\u00bbon\u00bb button_text=\u00bbANEXO 4 GENEO-02&#8243; button_alignment=\u00bbcenter\u00bb _builder_version=\u00bb4.14.8&#8243; _module_preset=\u00bbdefault\u00bb custom_button=\u00bbon\u00bb button_text_size=\u00bb19px\u00bb button_text_color=\u00bb#FFFFFF\u00bb button_bg_color=\u00bb#406fda\u00bb button_border_width=\u00bb0px\u00bb button_border_color=\u00bbRGBA(255,255,255,0)\u00bb button_border_radius=\u00bb0px\u00bb button_letter_spacing=\u00bb1px\u00bb button_font=\u00bbCairo|700||on|||||\u00bb button_icon=\u00bb&#xf15b;||fa||400&#8243; button_icon_color=\u00bb#FFFFFF\u00bb button_icon_placement=\u00bbleft\u00bb button_on_hover=\u00bboff\u00bb background_layout=\u00bbdark\u00bb custom_margin=\u00bb0px|0px|0px|0px|false|false\u00bb custom_padding=\u00bb13px|70px|13px|90px|true|false\u00bb button_border_width_tablet=\u00bb6px\u00bb button_border_width_phone=\u00bb6px\u00bb button_border_width_last_edited=\u00bbon|desktop\u00bb locked=\u00bboff\u00bb global_colors_info=\u00bb{}\u00bb button_border_width__hover_enabled=\u00bbon|hover\u00bb button_border_width__hover=\u00bb6px\u00bb button_bg_color__hover=\u00bb#1e2751&#8243; button_bg_color__hover_enabled=\u00bbon|hover\u00bb][\/et_pb_button][\/et_pb_column][\/et_pb_row][\/et_pb_section]<\/p>\n","protected":false},"excerpt":{"rendered":"<p>Empresas, entidades o centros de investigaci\u00f3n con sede en Catalunya podr\u00e1n presentar una de sus tecnolog\u00edas innovadoras para integrarla en la plataforma de este nuevo sat\u00e9lite.<\/p>\n","protected":false},"author":7,"featured_media":26332,"comment_status":"closed","ping_status":"closed","sticky":false,"template":"","format":"standard","meta":{"_et_pb_use_builder":"on","_et_pb_old_content":"","_et_gb_content_width":"","footnotes":""},"categories":[70,158,134,113],"tags":[],"class_list":["post-26344","post","type-post","status-publish","format-standard","has-post-thumbnail","hentry","category-anuncios","category-convocatorias","category-newspace-es-2","category-noticia-destacada-pequena"],"yoast_head":"<!-- This site is optimized with the Yoast SEO plugin v27.4 - https:\/\/yoast.com\/product\/yoast-seo-wordpress\/ -->\n<title>La Generalitat de Catalunya y el IEEC abren una convocatoria para poder testear tecnolog\u00eda a bordo del pr\u00f3ximo nanosat\u00e9lite de la Estrategia NewSpace - IEEC<\/title>\n<meta name=\"robots\" content=\"index, follow, max-snippet:-1, max-image-preview:large, max-video-preview:-1\" \/>\n<link rel=\"canonical\" href=\"https:\/\/www.ieec.cat\/es\/generalitat-de-catalunya-y-ieec-abren-convocatoria-para-testear-tecnologia-a-bordo-del-proximo-nanosatelite-estrategia-newspace\/\" \/>\n<meta property=\"og:locale\" content=\"es_ES\" \/>\n<meta property=\"og:type\" content=\"article\" \/>\n<meta property=\"og:title\" content=\"La Generalitat de Catalunya y el IEEC abren una convocatoria para poder testear tecnolog\u00eda a bordo del pr\u00f3ximo nanosat\u00e9lite de la Estrategia NewSpace - IEEC\" \/>\n<meta property=\"og:description\" content=\"Empresas, entidades o centros de investigaci\u00f3n con sede en Catalunya podr\u00e1n presentar una de sus tecnolog\u00edas innovadoras para integrarla en la plataforma de este nuevo sat\u00e9lite.\" \/>\n<meta property=\"og:url\" content=\"https:\/\/www.ieec.cat\/es\/generalitat-de-catalunya-y-ieec-abren-convocatoria-para-testear-tecnologia-a-bordo-del-proximo-nanosatelite-estrategia-newspace\/\" \/>\n<meta property=\"og:site_name\" content=\"IEEC\" \/>\n<meta property=\"article:published_time\" content=\"2024-02-02T13:04:16+00:00\" \/>\n<meta property=\"article:modified_time\" content=\"2024-02-09T16:00:00+00:00\" \/>\n<meta property=\"og:image\" content=\"https:\/\/www.ieec.cat\/wp-content\/uploads\/2024\/02\/Menut-shell.jpg\" \/>\n\t<meta property=\"og:image:width\" content=\"800\" \/>\n\t<meta property=\"og:image:height\" content=\"538\" \/>\n\t<meta property=\"og:image:type\" content=\"image\/jpeg\" \/>\n<meta name=\"author\" content=\"Javier Bueno\" \/>\n<meta name=\"twitter:card\" content=\"summary_large_image\" \/>\n<meta name=\"twitter:label1\" content=\"Escrito por\" \/>\n\t<meta name=\"twitter:data1\" content=\"Javier Bueno\" \/>\n\t<meta name=\"twitter:label2\" content=\"Tiempo de lectura\" \/>\n\t<meta name=\"twitter:data2\" content=\"3 minutos\" \/>\n<script type=\"application\/ld+json\" class=\"yoast-schema-graph\">{\"@context\":\"https:\\\/\\\/schema.org\",\"@graph\":[{\"@type\":\"Article\",\"@id\":\"https:\\\/\\\/www.ieec.cat\\\/es\\\/generalitat-de-catalunya-y-ieec-abren-convocatoria-para-testear-tecnologia-a-bordo-del-proximo-nanosatelite-estrategia-newspace\\\/#article\",\"isPartOf\":{\"@id\":\"https:\\\/\\\/www.ieec.cat\\\/es\\\/generalitat-de-catalunya-y-ieec-abren-convocatoria-para-testear-tecnologia-a-bordo-del-proximo-nanosatelite-estrategia-newspace\\\/\"},\"author\":{\"name\":\"Javier Bueno\",\"@id\":\"https:\\\/\\\/www.ieec.cat\\\/es\\\/#\\\/schema\\\/person\\\/322a07f3c26d150fb0ab2c84181ced4c\"},\"headline\":\"La Generalitat de Catalunya y el IEEC abren una convocatoria para poder testear tecnolog\u00eda a bordo del pr\u00f3ximo nanosat\u00e9lite de la Estrategia NewSpace\",\"datePublished\":\"2024-02-02T13:04:16+00:00\",\"dateModified\":\"2024-02-09T16:00:00+00:00\",\"mainEntityOfPage\":{\"@id\":\"https:\\\/\\\/www.ieec.cat\\\/es\\\/generalitat-de-catalunya-y-ieec-abren-convocatoria-para-testear-tecnologia-a-bordo-del-proximo-nanosatelite-estrategia-newspace\\\/\"},\"wordCount\":1334,\"image\":{\"@id\":\"https:\\\/\\\/www.ieec.cat\\\/es\\\/generalitat-de-catalunya-y-ieec-abren-convocatoria-para-testear-tecnologia-a-bordo-del-proximo-nanosatelite-estrategia-newspace\\\/#primaryimage\"},\"thumbnailUrl\":\"https:\\\/\\\/www.ieec.cat\\\/wp-content\\\/uploads\\\/2024\\\/02\\\/Menut-shell.jpg\",\"articleSection\":[\"Anuncios\",\"Convocatorias\",\"NewSpace\",\"Noticia destacada peque\u00f1a\"],\"inLanguage\":\"es\"},{\"@type\":\"WebPage\",\"@id\":\"https:\\\/\\\/www.ieec.cat\\\/es\\\/generalitat-de-catalunya-y-ieec-abren-convocatoria-para-testear-tecnologia-a-bordo-del-proximo-nanosatelite-estrategia-newspace\\\/\",\"url\":\"https:\\\/\\\/www.ieec.cat\\\/es\\\/generalitat-de-catalunya-y-ieec-abren-convocatoria-para-testear-tecnologia-a-bordo-del-proximo-nanosatelite-estrategia-newspace\\\/\",\"name\":\"La Generalitat de Catalunya y el IEEC abren una convocatoria para poder testear tecnolog\u00eda a bordo del pr\u00f3ximo nanosat\u00e9lite de la Estrategia NewSpace - IEEC\",\"isPartOf\":{\"@id\":\"https:\\\/\\\/www.ieec.cat\\\/es\\\/#website\"},\"primaryImageOfPage\":{\"@id\":\"https:\\\/\\\/www.ieec.cat\\\/es\\\/generalitat-de-catalunya-y-ieec-abren-convocatoria-para-testear-tecnologia-a-bordo-del-proximo-nanosatelite-estrategia-newspace\\\/#primaryimage\"},\"image\":{\"@id\":\"https:\\\/\\\/www.ieec.cat\\\/es\\\/generalitat-de-catalunya-y-ieec-abren-convocatoria-para-testear-tecnologia-a-bordo-del-proximo-nanosatelite-estrategia-newspace\\\/#primaryimage\"},\"thumbnailUrl\":\"https:\\\/\\\/www.ieec.cat\\\/wp-content\\\/uploads\\\/2024\\\/02\\\/Menut-shell.jpg\",\"datePublished\":\"2024-02-02T13:04:16+00:00\",\"dateModified\":\"2024-02-09T16:00:00+00:00\",\"author\":{\"@id\":\"https:\\\/\\\/www.ieec.cat\\\/es\\\/#\\\/schema\\\/person\\\/322a07f3c26d150fb0ab2c84181ced4c\"},\"breadcrumb\":{\"@id\":\"https:\\\/\\\/www.ieec.cat\\\/es\\\/generalitat-de-catalunya-y-ieec-abren-convocatoria-para-testear-tecnologia-a-bordo-del-proximo-nanosatelite-estrategia-newspace\\\/#breadcrumb\"},\"inLanguage\":\"es\",\"potentialAction\":[{\"@type\":\"ReadAction\",\"target\":[\"https:\\\/\\\/www.ieec.cat\\\/es\\\/generalitat-de-catalunya-y-ieec-abren-convocatoria-para-testear-tecnologia-a-bordo-del-proximo-nanosatelite-estrategia-newspace\\\/\"]}]},{\"@type\":\"ImageObject\",\"inLanguage\":\"es\",\"@id\":\"https:\\\/\\\/www.ieec.cat\\\/es\\\/generalitat-de-catalunya-y-ieec-abren-convocatoria-para-testear-tecnologia-a-bordo-del-proximo-nanosatelite-estrategia-newspace\\\/#primaryimage\",\"url\":\"https:\\\/\\\/www.ieec.cat\\\/wp-content\\\/uploads\\\/2024\\\/02\\\/Menut-shell.jpg\",\"contentUrl\":\"https:\\\/\\\/www.ieec.cat\\\/wp-content\\\/uploads\\\/2024\\\/02\\\/Menut-shell.jpg\",\"width\":800,\"height\":538},{\"@type\":\"BreadcrumbList\",\"@id\":\"https:\\\/\\\/www.ieec.cat\\\/es\\\/generalitat-de-catalunya-y-ieec-abren-convocatoria-para-testear-tecnologia-a-bordo-del-proximo-nanosatelite-estrategia-newspace\\\/#breadcrumb\",\"itemListElement\":[{\"@type\":\"ListItem\",\"position\":1,\"name\":\"Portada\",\"item\":\"https:\\\/\\\/www.ieec.cat\\\/es\\\/\"},{\"@type\":\"ListItem\",\"position\":2,\"name\":\"La Generalitat de Catalunya y el IEEC abren una convocatoria para poder testear tecnolog\u00eda a bordo del pr\u00f3ximo nanosat\u00e9lite de la Estrategia NewSpace\"}]},{\"@type\":\"WebSite\",\"@id\":\"https:\\\/\\\/www.ieec.cat\\\/es\\\/#website\",\"url\":\"https:\\\/\\\/www.ieec.cat\\\/es\\\/\",\"name\":\"IEEC\",\"description\":\"Institut d&#039;Estudis Espacials de Catalunya\",\"potentialAction\":[{\"@type\":\"SearchAction\",\"target\":{\"@type\":\"EntryPoint\",\"urlTemplate\":\"https:\\\/\\\/www.ieec.cat\\\/es\\\/?s={search_term_string}\"},\"query-input\":{\"@type\":\"PropertyValueSpecification\",\"valueRequired\":true,\"valueName\":\"search_term_string\"}}],\"inLanguage\":\"es\"},{\"@type\":\"Person\",\"@id\":\"https:\\\/\\\/www.ieec.cat\\\/es\\\/#\\\/schema\\\/person\\\/322a07f3c26d150fb0ab2c84181ced4c\",\"name\":\"Javier Bueno\",\"image\":{\"@type\":\"ImageObject\",\"inLanguage\":\"es\",\"@id\":\"https:\\\/\\\/secure.gravatar.com\\\/avatar\\\/4d48f3381f239f9e12ab1bd3e78402f1144081a2afb1cb5bc1b5ec38effae7c9?s=96&d=mm&r=g\",\"url\":\"https:\\\/\\\/secure.gravatar.com\\\/avatar\\\/4d48f3381f239f9e12ab1bd3e78402f1144081a2afb1cb5bc1b5ec38effae7c9?s=96&d=mm&r=g\",\"contentUrl\":\"https:\\\/\\\/secure.gravatar.com\\\/avatar\\\/4d48f3381f239f9e12ab1bd3e78402f1144081a2afb1cb5bc1b5ec38effae7c9?s=96&d=mm&r=g\",\"caption\":\"Javier Bueno\"}}]}<\/script>\n<!-- \/ Yoast SEO plugin. -->","yoast_head_json":{"title":"La Generalitat de Catalunya y el IEEC abren una convocatoria para poder testear tecnolog\u00eda a bordo del pr\u00f3ximo nanosat\u00e9lite de la Estrategia NewSpace - IEEC","robots":{"index":"index","follow":"follow","max-snippet":"max-snippet:-1","max-image-preview":"max-image-preview:large","max-video-preview":"max-video-preview:-1"},"canonical":"https:\/\/www.ieec.cat\/es\/generalitat-de-catalunya-y-ieec-abren-convocatoria-para-testear-tecnologia-a-bordo-del-proximo-nanosatelite-estrategia-newspace\/","og_locale":"es_ES","og_type":"article","og_title":"La Generalitat de Catalunya y el IEEC abren una convocatoria para poder testear tecnolog\u00eda a bordo del pr\u00f3ximo nanosat\u00e9lite de la Estrategia NewSpace - IEEC","og_description":"Empresas, entidades o centros de investigaci\u00f3n con sede en Catalunya podr\u00e1n presentar una de sus tecnolog\u00edas innovadoras para integrarla en la plataforma de este nuevo sat\u00e9lite.","og_url":"https:\/\/www.ieec.cat\/es\/generalitat-de-catalunya-y-ieec-abren-convocatoria-para-testear-tecnologia-a-bordo-del-proximo-nanosatelite-estrategia-newspace\/","og_site_name":"IEEC","article_published_time":"2024-02-02T13:04:16+00:00","article_modified_time":"2024-02-09T16:00:00+00:00","og_image":[{"width":800,"height":538,"url":"https:\/\/www.ieec.cat\/wp-content\/uploads\/2024\/02\/Menut-shell.jpg","type":"image\/jpeg"}],"author":"Javier Bueno","twitter_card":"summary_large_image","twitter_misc":{"Escrito por":"Javier Bueno","Tiempo de lectura":"3 minutos"},"schema":{"@context":"https:\/\/schema.org","@graph":[{"@type":"Article","@id":"https:\/\/www.ieec.cat\/es\/generalitat-de-catalunya-y-ieec-abren-convocatoria-para-testear-tecnologia-a-bordo-del-proximo-nanosatelite-estrategia-newspace\/#article","isPartOf":{"@id":"https:\/\/www.ieec.cat\/es\/generalitat-de-catalunya-y-ieec-abren-convocatoria-para-testear-tecnologia-a-bordo-del-proximo-nanosatelite-estrategia-newspace\/"},"author":{"name":"Javier Bueno","@id":"https:\/\/www.ieec.cat\/es\/#\/schema\/person\/322a07f3c26d150fb0ab2c84181ced4c"},"headline":"La Generalitat de Catalunya y el IEEC abren una convocatoria para poder testear tecnolog\u00eda a bordo del pr\u00f3ximo nanosat\u00e9lite de la Estrategia NewSpace","datePublished":"2024-02-02T13:04:16+00:00","dateModified":"2024-02-09T16:00:00+00:00","mainEntityOfPage":{"@id":"https:\/\/www.ieec.cat\/es\/generalitat-de-catalunya-y-ieec-abren-convocatoria-para-testear-tecnologia-a-bordo-del-proximo-nanosatelite-estrategia-newspace\/"},"wordCount":1334,"image":{"@id":"https:\/\/www.ieec.cat\/es\/generalitat-de-catalunya-y-ieec-abren-convocatoria-para-testear-tecnologia-a-bordo-del-proximo-nanosatelite-estrategia-newspace\/#primaryimage"},"thumbnailUrl":"https:\/\/www.ieec.cat\/wp-content\/uploads\/2024\/02\/Menut-shell.jpg","articleSection":["Anuncios","Convocatorias","NewSpace","Noticia destacada peque\u00f1a"],"inLanguage":"es"},{"@type":"WebPage","@id":"https:\/\/www.ieec.cat\/es\/generalitat-de-catalunya-y-ieec-abren-convocatoria-para-testear-tecnologia-a-bordo-del-proximo-nanosatelite-estrategia-newspace\/","url":"https:\/\/www.ieec.cat\/es\/generalitat-de-catalunya-y-ieec-abren-convocatoria-para-testear-tecnologia-a-bordo-del-proximo-nanosatelite-estrategia-newspace\/","name":"La Generalitat de Catalunya y el IEEC abren una convocatoria para poder testear tecnolog\u00eda a bordo del pr\u00f3ximo nanosat\u00e9lite de la Estrategia NewSpace - IEEC","isPartOf":{"@id":"https:\/\/www.ieec.cat\/es\/#website"},"primaryImageOfPage":{"@id":"https:\/\/www.ieec.cat\/es\/generalitat-de-catalunya-y-ieec-abren-convocatoria-para-testear-tecnologia-a-bordo-del-proximo-nanosatelite-estrategia-newspace\/#primaryimage"},"image":{"@id":"https:\/\/www.ieec.cat\/es\/generalitat-de-catalunya-y-ieec-abren-convocatoria-para-testear-tecnologia-a-bordo-del-proximo-nanosatelite-estrategia-newspace\/#primaryimage"},"thumbnailUrl":"https:\/\/www.ieec.cat\/wp-content\/uploads\/2024\/02\/Menut-shell.jpg","datePublished":"2024-02-02T13:04:16+00:00","dateModified":"2024-02-09T16:00:00+00:00","author":{"@id":"https:\/\/www.ieec.cat\/es\/#\/schema\/person\/322a07f3c26d150fb0ab2c84181ced4c"},"breadcrumb":{"@id":"https:\/\/www.ieec.cat\/es\/generalitat-de-catalunya-y-ieec-abren-convocatoria-para-testear-tecnologia-a-bordo-del-proximo-nanosatelite-estrategia-newspace\/#breadcrumb"},"inLanguage":"es","potentialAction":[{"@type":"ReadAction","target":["https:\/\/www.ieec.cat\/es\/generalitat-de-catalunya-y-ieec-abren-convocatoria-para-testear-tecnologia-a-bordo-del-proximo-nanosatelite-estrategia-newspace\/"]}]},{"@type":"ImageObject","inLanguage":"es","@id":"https:\/\/www.ieec.cat\/es\/generalitat-de-catalunya-y-ieec-abren-convocatoria-para-testear-tecnologia-a-bordo-del-proximo-nanosatelite-estrategia-newspace\/#primaryimage","url":"https:\/\/www.ieec.cat\/wp-content\/uploads\/2024\/02\/Menut-shell.jpg","contentUrl":"https:\/\/www.ieec.cat\/wp-content\/uploads\/2024\/02\/Menut-shell.jpg","width":800,"height":538},{"@type":"BreadcrumbList","@id":"https:\/\/www.ieec.cat\/es\/generalitat-de-catalunya-y-ieec-abren-convocatoria-para-testear-tecnologia-a-bordo-del-proximo-nanosatelite-estrategia-newspace\/#breadcrumb","itemListElement":[{"@type":"ListItem","position":1,"name":"Portada","item":"https:\/\/www.ieec.cat\/es\/"},{"@type":"ListItem","position":2,"name":"La Generalitat de Catalunya y el IEEC abren una convocatoria para poder testear tecnolog\u00eda a bordo del pr\u00f3ximo nanosat\u00e9lite de la Estrategia NewSpace"}]},{"@type":"WebSite","@id":"https:\/\/www.ieec.cat\/es\/#website","url":"https:\/\/www.ieec.cat\/es\/","name":"IEEC","description":"Institut d&#039;Estudis Espacials de Catalunya","potentialAction":[{"@type":"SearchAction","target":{"@type":"EntryPoint","urlTemplate":"https:\/\/www.ieec.cat\/es\/?s={search_term_string}"},"query-input":{"@type":"PropertyValueSpecification","valueRequired":true,"valueName":"search_term_string"}}],"inLanguage":"es"},{"@type":"Person","@id":"https:\/\/www.ieec.cat\/es\/#\/schema\/person\/322a07f3c26d150fb0ab2c84181ced4c","name":"Javier Bueno","image":{"@type":"ImageObject","inLanguage":"es","@id":"https:\/\/secure.gravatar.com\/avatar\/4d48f3381f239f9e12ab1bd3e78402f1144081a2afb1cb5bc1b5ec38effae7c9?s=96&d=mm&r=g","url":"https:\/\/secure.gravatar.com\/avatar\/4d48f3381f239f9e12ab1bd3e78402f1144081a2afb1cb5bc1b5ec38effae7c9?s=96&d=mm&r=g","contentUrl":"https:\/\/secure.gravatar.com\/avatar\/4d48f3381f239f9e12ab1bd3e78402f1144081a2afb1cb5bc1b5ec38effae7c9?s=96&d=mm&r=g","caption":"Javier Bueno"}}]}},"_links":{"self":[{"href":"https:\/\/www.ieec.cat\/es\/wp-json\/wp\/v2\/posts\/26344","targetHints":{"allow":["GET"]}}],"collection":[{"href":"https:\/\/www.ieec.cat\/es\/wp-json\/wp\/v2\/posts"}],"about":[{"href":"https:\/\/www.ieec.cat\/es\/wp-json\/wp\/v2\/types\/post"}],"author":[{"embeddable":true,"href":"https:\/\/www.ieec.cat\/es\/wp-json\/wp\/v2\/users\/7"}],"replies":[{"embeddable":true,"href":"https:\/\/www.ieec.cat\/es\/wp-json\/wp\/v2\/comments?post=26344"}],"version-history":[{"count":18,"href":"https:\/\/www.ieec.cat\/es\/wp-json\/wp\/v2\/posts\/26344\/revisions"}],"predecessor-version":[{"id":26633,"href":"https:\/\/www.ieec.cat\/es\/wp-json\/wp\/v2\/posts\/26344\/revisions\/26633"}],"wp:featuredmedia":[{"embeddable":true,"href":"https:\/\/www.ieec.cat\/es\/wp-json\/wp\/v2\/media\/26332"}],"wp:attachment":[{"href":"https:\/\/www.ieec.cat\/es\/wp-json\/wp\/v2\/media?parent=26344"}],"wp:term":[{"taxonomy":"category","embeddable":true,"href":"https:\/\/www.ieec.cat\/es\/wp-json\/wp\/v2\/categories?post=26344"},{"taxonomy":"post_tag","embeddable":true,"href":"https:\/\/www.ieec.cat\/es\/wp-json\/wp\/v2\/tags?post=26344"}],"curies":[{"name":"wp","href":"https:\/\/api.w.org\/{rel}","templated":true}]}}