{"id":27089,"date":"2024-03-12T11:43:36","date_gmt":"2024-03-12T10:43:36","guid":{"rendered":"https:\/\/www.ieec.cat\/?p=27089"},"modified":"2024-03-13T15:32:37","modified_gmt":"2024-03-13T14:32:37","slug":"abierta-la-convocatoria-para-formar-parte-del-programa-de-aceleracion-newspace-catalonia","status":"publish","type":"post","link":"https:\/\/www.ieec.cat\/es\/abierta-la-convocatoria-para-formar-parte-del-programa-de-aceleracion-newspace-catalonia\/","title":{"rendered":"Abierta la convocatoria para formar parte del Programa de Aceleraci\u00f3n NewSpace Catalonia"},"content":{"rendered":"<p>[et_pb_section fb_built=\u00bb1&#8243; _builder_version=\u00bb4.14.8&#8243; _module_preset=\u00bbdefault\u00bb background_image=\u00bbhttps:\/\/www.ieec.cat\/wp-content\/uploads\/2022\/02\/slider-comunicacio.jpg\u00bb max_height=\u00bb130px\u00bb custom_padding=\u00bb0px||0px||false|false\u00bb da_disable_devices=\u00bboff|off|off\u00bb global_colors_info=\u00bb{}\u00bb da_is_popup=\u00bboff\u00bb da_exit_intent=\u00bboff\u00bb da_has_close=\u00bbon\u00bb da_alt_close=\u00bboff\u00bb da_dark_close=\u00bboff\u00bb da_not_modal=\u00bbon\u00bb da_is_singular=\u00bboff\u00bb da_with_loader=\u00bboff\u00bb da_has_shadow=\u00bbon\u00bb][\/et_pb_section][et_pb_section fb_built=\u00bb1&#8243; _builder_version=\u00bb4.14.8&#8243; _module_preset=\u00bbdefault\u00bb custom_padding=\u00bb24px||11px|||\u00bb da_disable_devices=\u00bboff|off|off\u00bb global_colors_info=\u00bb{}\u00bb da_is_popup=\u00bboff\u00bb da_exit_intent=\u00bboff\u00bb da_has_close=\u00bbon\u00bb da_alt_close=\u00bboff\u00bb da_dark_close=\u00bboff\u00bb da_not_modal=\u00bbon\u00bb da_is_singular=\u00bboff\u00bb da_with_loader=\u00bboff\u00bb da_has_shadow=\u00bbon\u00bb][et_pb_row _builder_version=\u00bb4.14.8&#8243; _module_preset=\u00bbdefault\u00bb custom_padding=\u00bb||||false|false\u00bb global_colors_info=\u00bb{}\u00bb][et_pb_column type=\u00bb4_4&#8243; _builder_version=\u00bb4.14.8&#8243; _module_preset=\u00bbdefault\u00bb global_colors_info=\u00bb{}\u00bb][et_pb_text _builder_version=\u00bb4.14.8&#8243; _dynamic_attributes=\u00bbcontent\u00bb _module_preset=\u00bbdefault\u00bb text_font=\u00bb|700||on|||||\u00bb text_font_size=\u00bb16px\u00bb header_font=\u00bb|700|||||||\u00bb text_orientation=\u00bbcenter\u00bb custom_margin=\u00bb||10px||false|false\u00bb header_font_size_tablet=\u00bb28px\u00bb header_font_size_phone=\u00bb26px\u00bb header_font_size_last_edited=\u00bbon|phone\u00bb global_colors_info=\u00bb{}\u00bb]@ET-DC@eyJkeW5hbWljIjp0cnVlLCJjb250ZW50IjoiY3VzdG9tX21ldGFfb3JnYW5pemFjaW9uZXMiLCJzZXR0aW5ncyI6eyJiZWZvcmUiOiIiLCJhZnRlciI6IiIsImVuYWJsZV9odG1sIjoib2ZmIn19@[\/et_pb_text][et_pb_post_title author=\u00bboff\u00bb categories=\u00bboff\u00bb comments=\u00bboff\u00bb featured_image=\u00bboff\u00bb _builder_version=\u00bb4.14.8&#8243; _module_preset=\u00bbdefault\u00bb title_font=\u00bbCairo|300|||||||\u00bb title_text_align=\u00bbcenter\u00bb title_font_size=\u00bb40px\u00bb meta_font=\u00bb||on||||||\u00bb meta_text_align=\u00bbcenter\u00bb meta_font_size=\u00bb16px\u00bb title_font_size_tablet=\u00bb35px\u00bb title_font_size_phone=\u00bb30px\u00bb title_font_size_last_edited=\u00bbon|desktop\u00bb global_colors_info=\u00bb{}\u00bb][\/et_pb_post_title][\/et_pb_column][\/et_pb_row][et_pb_row column_structure=\u00bb1_2,1_2&#8243; _builder_version=\u00bb4.14.8&#8243; _module_preset=\u00bbdefault\u00bb global_colors_info=\u00bb{}\u00bb][et_pb_column type=\u00bb1_2&#8243; _builder_version=\u00bb4.14.8&#8243; _module_preset=\u00bbdefault\u00bb global_colors_info=\u00bb{}\u00bb][et_pb_post_title title=\u00bboff\u00bb meta=\u00bboff\u00bb _builder_version=\u00bb4.14.8&#8243; _module_preset=\u00bbdefault\u00bb custom_margin=\u00bb||0px||false|false\u00bb border_color_top=\u00bb#406fda\u00bb global_colors_info=\u00bb{}\u00bb][\/et_pb_post_title][\/et_pb_column][et_pb_column type=\u00bb1_2&#8243; _builder_version=\u00bb4.14.8&#8243; _module_preset=\u00bbdefault\u00bb global_colors_info=\u00bb{}\u00bb][et_pb_text _builder_version=\u00bb4.14.8&#8243; _module_preset=\u00bbdefault\u00bb link_font=\u00bb|700|||on||||\u00bb global_colors_info=\u00bb{}\u00bb]<\/p>\n<p><span style=\"font-weight: 400;\">La Generalitat de Catalunya y el <\/span><a href=\"https:\/\/www.ieec.cat\/\"><span style=\"font-weight: 400;\">Institut d\u2019Estudis Espacials de Catalunya<\/span><\/a><span style=\"font-weight: 400;\"> (IEEC) anuncian el Programa de Aceleraci\u00f3n NewSpace Catalonia. La iniciativa, impulsada en el marco de la <\/span><a href=\"https:\/\/politiquesdigitals.gencat.cat\/ca\/economia\/estrategia-new-space-catalunya\/\" target=\"_blank\" rel=\"noopener\"><span style=\"font-weight: 400;\">Estrategia NewSpace de Catalunya<\/span><\/a><span style=\"font-weight: 400;\">, y en colaboraci\u00f3n con Starburst, tiene por objetivo facilitar que 4 empresas emergentes del ecosistema NewSpace de Catalunya, con un producto m\u00ednimo viable listo para ser acelerado, puedan formar parte de un <\/span><b>programa puntero especializado en el sector espacial para incrementar su competitividad<\/b><span style=\"font-weight: 400;\">.<\/span><\/p>\n<p><span style=\"font-weight: 400;\">Los programas de aceleraci\u00f3n para empresas emergentes y <\/span><i><span style=\"font-weight: 400;\">startups <\/span><\/i><span style=\"font-weight: 400;\">les ayudan a crecer y escalar con mayor rapidez, proporcionando una combinaci\u00f3n de apoyo financiero, mentor\u00eda, formaci\u00f3n en negocios y acceso a redes de contactos profesionales.<\/span><\/p>\n<p>[\/et_pb_text][\/et_pb_column][\/et_pb_row][et_pb_row _builder_version=\u00bb4.14.8&#8243; _module_preset=\u00bbdefault\u00bb global_colors_info=\u00bb{}\u00bb][et_pb_column type=\u00bb4_4&#8243; _builder_version=\u00bb4.14.8&#8243; _module_preset=\u00bbdefault\u00bb global_colors_info=\u00bb{}\u00bb][et_pb_text _builder_version=\u00bb4.14.8&#8243; _module_preset=\u00bbdefault\u00bb link_font=\u00bb|700|||on||||\u00bb hover_enabled=\u00bb0&#8243; locked=\u00bboff\u00bb global_colors_info=\u00bb{}\u00bb sticky_enabled=\u00bb0&#8243;]<\/p>\n<p><span style=\"font-weight: 400;\">Entre otros, el programa <\/span><i><span style=\"font-weight: 400;\">NewSpace Catalonia Accelerator<\/span><\/i><span style=\"font-weight: 400;\"> incluir\u00e1 mentor\u00edas individualizadas para cada empresa con expertos especializados que den apoyo estrat\u00e9gico, an\u00e1lisis de mercado, posicionamiento de la empresa y modelo de negocio; apoyo al desarrollo del negocio (identificaci\u00f3n de empresas y usuarios adecuados y presentaciones a los mismos), y apoyo personalizado en la identificaci\u00f3n de inversores relevantes y presentaciones correspondientes, entre otros.<\/span><\/p>\n<p><span style=\"font-weight: 400;\">Para poder participar en el proceso de selecci\u00f3n, las empresas emergentes o <\/span><i><span style=\"font-weight: 400;\">startups <\/span><\/i><span style=\"font-weight: 400;\">deben cumplir con los siguientes requisitos:<\/span><\/p>\n<ul>\n<li style=\"font-weight: 400;\" aria-level=\"1\"><span style=\"font-weight: 400;\">Las <\/span><i><span style=\"font-weight: 400;\">startups <\/span><\/i><span style=\"font-weight: 400;\">deben demostrar su actividad principal en la industria del NewSpace*.<\/span><\/li>\n<li style=\"font-weight: 400;\" aria-level=\"1\"><span style=\"font-weight: 400;\">En el momento de la solicitud de inclusi\u00f3n en el programa de aceleraci\u00f3n, deben demostrar una actividad que est\u00e9 relacionada con el ecosistema espacial de Catalunya.<\/span><\/li>\n<li style=\"font-weight: 400;\" aria-level=\"1\"><span style=\"font-weight: 400;\">Las <\/span><i><span style=\"font-weight: 400;\">startups <\/span><\/i><span style=\"font-weight: 400;\">deben ser capaces de demostrar una madurez tecnol\u00f3gica igual o superior a TRL4 y estar capacitadas para empezar el desarrollo de un producto m\u00ednimo viable durante el transcurso del programa.\u00a0<\/span><\/li>\n<li style=\"font-weight: 400;\" aria-level=\"1\"><span style=\"font-weight: 400;\">Las <\/span><i><span style=\"font-weight: 400;\">startups <\/span><\/i><span style=\"font-weight: 400;\">solicitantes deben autorizar al IEEC y a la Generalitat a dar publicidad de su participaci\u00f3n en el programa y los resultados relevantes del mismo.<\/span><\/li>\n<li style=\"font-weight: 400;\" aria-level=\"1\"><span style=\"font-weight: 400;\">Las <\/span><i><span style=\"font-weight: 400;\">startups <\/span><\/i><span style=\"font-weight: 400;\">solicitantes deber\u00e1n acreditar que no est\u00e1n inmersas en un programa de incubaci\u00f3n o aceleraci\u00f3n local, a fecha del cierre del plazo de solicitudes.<\/span><\/li>\n<\/ul>\n<p><span style=\"font-weight: 400;\">*\u00c1rea del sector espacial orientada a soluciones comerciales relacionadas con aplicaciones, datos espaciales y\/o peque\u00f1os sat\u00e9lites que operan en \u00f3rbita terrestre baja (LEO, por sus siglas en ingl\u00e9s).<\/span><\/p>\n<p><b>Las empresas emergentes o <\/b><b><i>startups <\/i><\/b><b>que deseen participar en el programa pueden presentar su solicitud hasta el 1 de abril de 2024.<\/b><span style=\"font-weight: 400;\"> En total, cuatro empresas ser\u00e1n seleccionadas para formar parte del programa.<\/span><\/p>\n<p><span style=\"font-weight: 400;\">Consulta todos los detalles de la convocatoria<\/span><span style=\"font-weight: 400;\"> aqu\u00ed:<\/span><\/p>\n<p>[\/et_pb_text][\/et_pb_column][\/et_pb_row][et_pb_row _builder_version=\u00bb4.14.8&#8243; _module_preset=\u00bbdefault\u00bb custom_margin=\u00bb||||false|false\u00bb locked=\u00bboff\u00bb global_colors_info=\u00bb{}\u00bb custom_padding=\u00bb2px|||||\u00bb][et_pb_column type=\u00bb4_4&#8243; _builder_version=\u00bb4.14.8&#8243; _module_preset=\u00bbdefault\u00bb global_colors_info=\u00bb{}\u00bb][et_pb_button button_text=\u00bbNewSpace Catalonia Accelerator\u00bb button_alignment=\u00bbcenter\u00bb _builder_version=\u00bb4.14.8&#8243; _module_preset=\u00bbdefault\u00bb custom_button=\u00bbon\u00bb button_text_color=\u00bb#1a1140&#8243; button_bg_color=\u00bbrgba(26,17,64,0.1)\u00bb button_font=\u00bb|||on|||||\u00bb button_on_hover=\u00bboff\u00bb custom_margin=\u00bb30px||||false|false\u00bb custom_padding=\u00bb12px|45px|12px|35px|true|false\u00bb hover_enabled=\u00bb0&#8243; global_colors_info=\u00bb{}\u00bb button_bg_color__hover_enabled=\u00bbon|hover\u00bb button_bg_color__hover=\u00bb#406fda\u00bb button_bg_enable_color__hover=\u00bbon\u00bb button_text_color__hover_enabled=\u00bbon|hover\u00bb button_text_color__hover=\u00bb#FFFFFF\u00bb button_url=\u00bbhttps:\/\/newspace-catalonia-accelerator.webflow.io\/\u00bb url_new_window=\u00bbon\u00bb sticky_enabled=\u00bb0&#8243;][\/et_pb_button][\/et_pb_column][\/et_pb_row][\/et_pb_section]<\/p>\n","protected":false},"excerpt":{"rendered":"<p>La Generalitat de Catalunya y el IEEC anuncian el Programa de Aceleraci\u00f3n NewSpace Catalonia para facilitar que 4 empresas emergentes del ecosistema NewSpace catal\u00e1n incrementen su competitividad.<\/p>\n","protected":false},"author":5,"featured_media":27123,"comment_status":"closed","ping_status":"closed","sticky":false,"template":"","format":"standard","meta":{"_et_pb_use_builder":"on","_et_pb_old_content":"","_et_gb_content_width":"","footnotes":""},"categories":[70,158,134,113],"tags":[],"class_list":["post-27089","post","type-post","status-publish","format-standard","has-post-thumbnail","hentry","category-anuncios","category-convocatorias","category-newspace-es-2","category-noticia-destacada-pequena"],"yoast_head":"<!-- This site is optimized with the Yoast SEO plugin v27.4 - https:\/\/yoast.com\/product\/yoast-seo-wordpress\/ -->\n<title>Abierta la convocatoria para formar parte del Programa de Aceleraci\u00f3n NewSpace Catalonia - IEEC<\/title>\n<meta name=\"robots\" content=\"index, follow, max-snippet:-1, max-image-preview:large, max-video-preview:-1\" \/>\n<link rel=\"canonical\" href=\"https:\/\/www.ieec.cat\/es\/abierta-la-convocatoria-para-formar-parte-del-programa-de-aceleracion-newspace-catalonia\/\" \/>\n<meta property=\"og:locale\" content=\"es_ES\" \/>\n<meta property=\"og:type\" content=\"article\" \/>\n<meta property=\"og:title\" content=\"Abierta la convocatoria para formar parte del Programa de Aceleraci\u00f3n NewSpace Catalonia - IEEC\" \/>\n<meta property=\"og:description\" content=\"La Generalitat de Catalunya y el IEEC anuncian el Programa de Aceleraci\u00f3n NewSpace Catalonia para facilitar que 4 empresas emergentes del ecosistema NewSpace catal\u00e1n incrementen su competitividad.\" \/>\n<meta property=\"og:url\" content=\"https:\/\/www.ieec.cat\/es\/abierta-la-convocatoria-para-formar-parte-del-programa-de-aceleracion-newspace-catalonia\/\" \/>\n<meta property=\"og:site_name\" content=\"IEEC\" \/>\n<meta property=\"article:published_time\" content=\"2024-03-12T10:43:36+00:00\" \/>\n<meta property=\"article:modified_time\" content=\"2024-03-13T14:32:37+00:00\" \/>\n<meta property=\"og:image\" content=\"https:\/\/www.ieec.cat\/wp-content\/uploads\/2024\/03\/Presentation-43-NewSpace-Catalonia-Accelerator-.jpg\" \/>\n\t<meta property=\"og:image:width\" content=\"1024\" \/>\n\t<meta property=\"og:image:height\" content=\"768\" \/>\n\t<meta property=\"og:image:type\" content=\"image\/jpeg\" \/>\n<meta name=\"author\" content=\"Francisco Panyos\" \/>\n<meta name=\"twitter:card\" content=\"summary_large_image\" \/>\n<meta name=\"twitter:label1\" content=\"Escrito por\" \/>\n\t<meta name=\"twitter:data1\" content=\"Francisco Panyos\" \/>\n\t<meta name=\"twitter:label2\" content=\"Tiempo de lectura\" \/>\n\t<meta name=\"twitter:data2\" content=\"3 minutos\" \/>\n<script type=\"application\/ld+json\" class=\"yoast-schema-graph\">{\"@context\":\"https:\\\/\\\/schema.org\",\"@graph\":[{\"@type\":\"Article\",\"@id\":\"https:\\\/\\\/www.ieec.cat\\\/es\\\/abierta-la-convocatoria-para-formar-parte-del-programa-de-aceleracion-newspace-catalonia\\\/#article\",\"isPartOf\":{\"@id\":\"https:\\\/\\\/www.ieec.cat\\\/es\\\/abierta-la-convocatoria-para-formar-parte-del-programa-de-aceleracion-newspace-catalonia\\\/\"},\"author\":{\"name\":\"Francisco Panyos\",\"@id\":\"https:\\\/\\\/www.ieec.cat\\\/es\\\/#\\\/schema\\\/person\\\/66f3943e2fdb094349ad344043ede870\"},\"headline\":\"Abierta la convocatoria para formar parte del Programa de Aceleraci\u00f3n NewSpace Catalonia\",\"datePublished\":\"2024-03-12T10:43:36+00:00\",\"dateModified\":\"2024-03-13T14:32:37+00:00\",\"mainEntityOfPage\":{\"@id\":\"https:\\\/\\\/www.ieec.cat\\\/es\\\/abierta-la-convocatoria-para-formar-parte-del-programa-de-aceleracion-newspace-catalonia\\\/\"},\"wordCount\":1002,\"image\":{\"@id\":\"https:\\\/\\\/www.ieec.cat\\\/es\\\/abierta-la-convocatoria-para-formar-parte-del-programa-de-aceleracion-newspace-catalonia\\\/#primaryimage\"},\"thumbnailUrl\":\"https:\\\/\\\/www.ieec.cat\\\/wp-content\\\/uploads\\\/2024\\\/03\\\/Presentation-43-NewSpace-Catalonia-Accelerator-.jpg\",\"articleSection\":[\"Anuncios\",\"Convocatorias\",\"NewSpace\",\"Noticia destacada peque\u00f1a\"],\"inLanguage\":\"es\"},{\"@type\":\"WebPage\",\"@id\":\"https:\\\/\\\/www.ieec.cat\\\/es\\\/abierta-la-convocatoria-para-formar-parte-del-programa-de-aceleracion-newspace-catalonia\\\/\",\"url\":\"https:\\\/\\\/www.ieec.cat\\\/es\\\/abierta-la-convocatoria-para-formar-parte-del-programa-de-aceleracion-newspace-catalonia\\\/\",\"name\":\"Abierta la convocatoria para formar parte del Programa de Aceleraci\u00f3n NewSpace Catalonia - IEEC\",\"isPartOf\":{\"@id\":\"https:\\\/\\\/www.ieec.cat\\\/es\\\/#website\"},\"primaryImageOfPage\":{\"@id\":\"https:\\\/\\\/www.ieec.cat\\\/es\\\/abierta-la-convocatoria-para-formar-parte-del-programa-de-aceleracion-newspace-catalonia\\\/#primaryimage\"},\"image\":{\"@id\":\"https:\\\/\\\/www.ieec.cat\\\/es\\\/abierta-la-convocatoria-para-formar-parte-del-programa-de-aceleracion-newspace-catalonia\\\/#primaryimage\"},\"thumbnailUrl\":\"https:\\\/\\\/www.ieec.cat\\\/wp-content\\\/uploads\\\/2024\\\/03\\\/Presentation-43-NewSpace-Catalonia-Accelerator-.jpg\",\"datePublished\":\"2024-03-12T10:43:36+00:00\",\"dateModified\":\"2024-03-13T14:32:37+00:00\",\"author\":{\"@id\":\"https:\\\/\\\/www.ieec.cat\\\/es\\\/#\\\/schema\\\/person\\\/66f3943e2fdb094349ad344043ede870\"},\"breadcrumb\":{\"@id\":\"https:\\\/\\\/www.ieec.cat\\\/es\\\/abierta-la-convocatoria-para-formar-parte-del-programa-de-aceleracion-newspace-catalonia\\\/#breadcrumb\"},\"inLanguage\":\"es\",\"potentialAction\":[{\"@type\":\"ReadAction\",\"target\":[\"https:\\\/\\\/www.ieec.cat\\\/es\\\/abierta-la-convocatoria-para-formar-parte-del-programa-de-aceleracion-newspace-catalonia\\\/\"]}]},{\"@type\":\"ImageObject\",\"inLanguage\":\"es\",\"@id\":\"https:\\\/\\\/www.ieec.cat\\\/es\\\/abierta-la-convocatoria-para-formar-parte-del-programa-de-aceleracion-newspace-catalonia\\\/#primaryimage\",\"url\":\"https:\\\/\\\/www.ieec.cat\\\/wp-content\\\/uploads\\\/2024\\\/03\\\/Presentation-43-NewSpace-Catalonia-Accelerator-.jpg\",\"contentUrl\":\"https:\\\/\\\/www.ieec.cat\\\/wp-content\\\/uploads\\\/2024\\\/03\\\/Presentation-43-NewSpace-Catalonia-Accelerator-.jpg\",\"width\":1024,\"height\":768},{\"@type\":\"BreadcrumbList\",\"@id\":\"https:\\\/\\\/www.ieec.cat\\\/es\\\/abierta-la-convocatoria-para-formar-parte-del-programa-de-aceleracion-newspace-catalonia\\\/#breadcrumb\",\"itemListElement\":[{\"@type\":\"ListItem\",\"position\":1,\"name\":\"Portada\",\"item\":\"https:\\\/\\\/www.ieec.cat\\\/es\\\/\"},{\"@type\":\"ListItem\",\"position\":2,\"name\":\"Abierta la convocatoria para formar parte del Programa de Aceleraci\u00f3n NewSpace Catalonia\"}]},{\"@type\":\"WebSite\",\"@id\":\"https:\\\/\\\/www.ieec.cat\\\/es\\\/#website\",\"url\":\"https:\\\/\\\/www.ieec.cat\\\/es\\\/\",\"name\":\"IEEC\",\"description\":\"Institut d&#039;Estudis Espacials de Catalunya\",\"potentialAction\":[{\"@type\":\"SearchAction\",\"target\":{\"@type\":\"EntryPoint\",\"urlTemplate\":\"https:\\\/\\\/www.ieec.cat\\\/es\\\/?s={search_term_string}\"},\"query-input\":{\"@type\":\"PropertyValueSpecification\",\"valueRequired\":true,\"valueName\":\"search_term_string\"}}],\"inLanguage\":\"es\"},{\"@type\":\"Person\",\"@id\":\"https:\\\/\\\/www.ieec.cat\\\/es\\\/#\\\/schema\\\/person\\\/66f3943e2fdb094349ad344043ede870\",\"name\":\"Francisco Panyos\",\"image\":{\"@type\":\"ImageObject\",\"inLanguage\":\"es\",\"@id\":\"https:\\\/\\\/secure.gravatar.com\\\/avatar\\\/526157a3fe3c965ab680e104b6fe47df151d5d607c86c2744324613bf4c68622?s=96&d=mm&r=g\",\"url\":\"https:\\\/\\\/secure.gravatar.com\\\/avatar\\\/526157a3fe3c965ab680e104b6fe47df151d5d607c86c2744324613bf4c68622?s=96&d=mm&r=g\",\"contentUrl\":\"https:\\\/\\\/secure.gravatar.com\\\/avatar\\\/526157a3fe3c965ab680e104b6fe47df151d5d607c86c2744324613bf4c68622?s=96&d=mm&r=g\",\"caption\":\"Francisco Panyos\"}}]}<\/script>\n<!-- \/ Yoast SEO plugin. -->","yoast_head_json":{"title":"Abierta la convocatoria para formar parte del Programa de Aceleraci\u00f3n NewSpace Catalonia - IEEC","robots":{"index":"index","follow":"follow","max-snippet":"max-snippet:-1","max-image-preview":"max-image-preview:large","max-video-preview":"max-video-preview:-1"},"canonical":"https:\/\/www.ieec.cat\/es\/abierta-la-convocatoria-para-formar-parte-del-programa-de-aceleracion-newspace-catalonia\/","og_locale":"es_ES","og_type":"article","og_title":"Abierta la convocatoria para formar parte del Programa de Aceleraci\u00f3n NewSpace Catalonia - IEEC","og_description":"La Generalitat de Catalunya y el IEEC anuncian el Programa de Aceleraci\u00f3n NewSpace Catalonia para facilitar que 4 empresas emergentes del ecosistema NewSpace catal\u00e1n incrementen su competitividad.","og_url":"https:\/\/www.ieec.cat\/es\/abierta-la-convocatoria-para-formar-parte-del-programa-de-aceleracion-newspace-catalonia\/","og_site_name":"IEEC","article_published_time":"2024-03-12T10:43:36+00:00","article_modified_time":"2024-03-13T14:32:37+00:00","og_image":[{"width":1024,"height":768,"url":"https:\/\/www.ieec.cat\/wp-content\/uploads\/2024\/03\/Presentation-43-NewSpace-Catalonia-Accelerator-.jpg","type":"image\/jpeg"}],"author":"Francisco Panyos","twitter_card":"summary_large_image","twitter_misc":{"Escrito por":"Francisco Panyos","Tiempo de lectura":"3 minutos"},"schema":{"@context":"https:\/\/schema.org","@graph":[{"@type":"Article","@id":"https:\/\/www.ieec.cat\/es\/abierta-la-convocatoria-para-formar-parte-del-programa-de-aceleracion-newspace-catalonia\/#article","isPartOf":{"@id":"https:\/\/www.ieec.cat\/es\/abierta-la-convocatoria-para-formar-parte-del-programa-de-aceleracion-newspace-catalonia\/"},"author":{"name":"Francisco Panyos","@id":"https:\/\/www.ieec.cat\/es\/#\/schema\/person\/66f3943e2fdb094349ad344043ede870"},"headline":"Abierta la convocatoria para formar parte del Programa de Aceleraci\u00f3n NewSpace Catalonia","datePublished":"2024-03-12T10:43:36+00:00","dateModified":"2024-03-13T14:32:37+00:00","mainEntityOfPage":{"@id":"https:\/\/www.ieec.cat\/es\/abierta-la-convocatoria-para-formar-parte-del-programa-de-aceleracion-newspace-catalonia\/"},"wordCount":1002,"image":{"@id":"https:\/\/www.ieec.cat\/es\/abierta-la-convocatoria-para-formar-parte-del-programa-de-aceleracion-newspace-catalonia\/#primaryimage"},"thumbnailUrl":"https:\/\/www.ieec.cat\/wp-content\/uploads\/2024\/03\/Presentation-43-NewSpace-Catalonia-Accelerator-.jpg","articleSection":["Anuncios","Convocatorias","NewSpace","Noticia destacada peque\u00f1a"],"inLanguage":"es"},{"@type":"WebPage","@id":"https:\/\/www.ieec.cat\/es\/abierta-la-convocatoria-para-formar-parte-del-programa-de-aceleracion-newspace-catalonia\/","url":"https:\/\/www.ieec.cat\/es\/abierta-la-convocatoria-para-formar-parte-del-programa-de-aceleracion-newspace-catalonia\/","name":"Abierta la convocatoria para formar parte del Programa de Aceleraci\u00f3n NewSpace Catalonia - IEEC","isPartOf":{"@id":"https:\/\/www.ieec.cat\/es\/#website"},"primaryImageOfPage":{"@id":"https:\/\/www.ieec.cat\/es\/abierta-la-convocatoria-para-formar-parte-del-programa-de-aceleracion-newspace-catalonia\/#primaryimage"},"image":{"@id":"https:\/\/www.ieec.cat\/es\/abierta-la-convocatoria-para-formar-parte-del-programa-de-aceleracion-newspace-catalonia\/#primaryimage"},"thumbnailUrl":"https:\/\/www.ieec.cat\/wp-content\/uploads\/2024\/03\/Presentation-43-NewSpace-Catalonia-Accelerator-.jpg","datePublished":"2024-03-12T10:43:36+00:00","dateModified":"2024-03-13T14:32:37+00:00","author":{"@id":"https:\/\/www.ieec.cat\/es\/#\/schema\/person\/66f3943e2fdb094349ad344043ede870"},"breadcrumb":{"@id":"https:\/\/www.ieec.cat\/es\/abierta-la-convocatoria-para-formar-parte-del-programa-de-aceleracion-newspace-catalonia\/#breadcrumb"},"inLanguage":"es","potentialAction":[{"@type":"ReadAction","target":["https:\/\/www.ieec.cat\/es\/abierta-la-convocatoria-para-formar-parte-del-programa-de-aceleracion-newspace-catalonia\/"]}]},{"@type":"ImageObject","inLanguage":"es","@id":"https:\/\/www.ieec.cat\/es\/abierta-la-convocatoria-para-formar-parte-del-programa-de-aceleracion-newspace-catalonia\/#primaryimage","url":"https:\/\/www.ieec.cat\/wp-content\/uploads\/2024\/03\/Presentation-43-NewSpace-Catalonia-Accelerator-.jpg","contentUrl":"https:\/\/www.ieec.cat\/wp-content\/uploads\/2024\/03\/Presentation-43-NewSpace-Catalonia-Accelerator-.jpg","width":1024,"height":768},{"@type":"BreadcrumbList","@id":"https:\/\/www.ieec.cat\/es\/abierta-la-convocatoria-para-formar-parte-del-programa-de-aceleracion-newspace-catalonia\/#breadcrumb","itemListElement":[{"@type":"ListItem","position":1,"name":"Portada","item":"https:\/\/www.ieec.cat\/es\/"},{"@type":"ListItem","position":2,"name":"Abierta la convocatoria para formar parte del Programa de Aceleraci\u00f3n NewSpace Catalonia"}]},{"@type":"WebSite","@id":"https:\/\/www.ieec.cat\/es\/#website","url":"https:\/\/www.ieec.cat\/es\/","name":"IEEC","description":"Institut d&#039;Estudis Espacials de Catalunya","potentialAction":[{"@type":"SearchAction","target":{"@type":"EntryPoint","urlTemplate":"https:\/\/www.ieec.cat\/es\/?s={search_term_string}"},"query-input":{"@type":"PropertyValueSpecification","valueRequired":true,"valueName":"search_term_string"}}],"inLanguage":"es"},{"@type":"Person","@id":"https:\/\/www.ieec.cat\/es\/#\/schema\/person\/66f3943e2fdb094349ad344043ede870","name":"Francisco Panyos","image":{"@type":"ImageObject","inLanguage":"es","@id":"https:\/\/secure.gravatar.com\/avatar\/526157a3fe3c965ab680e104b6fe47df151d5d607c86c2744324613bf4c68622?s=96&d=mm&r=g","url":"https:\/\/secure.gravatar.com\/avatar\/526157a3fe3c965ab680e104b6fe47df151d5d607c86c2744324613bf4c68622?s=96&d=mm&r=g","contentUrl":"https:\/\/secure.gravatar.com\/avatar\/526157a3fe3c965ab680e104b6fe47df151d5d607c86c2744324613bf4c68622?s=96&d=mm&r=g","caption":"Francisco Panyos"}}]}},"_links":{"self":[{"href":"https:\/\/www.ieec.cat\/es\/wp-json\/wp\/v2\/posts\/27089","targetHints":{"allow":["GET"]}}],"collection":[{"href":"https:\/\/www.ieec.cat\/es\/wp-json\/wp\/v2\/posts"}],"about":[{"href":"https:\/\/www.ieec.cat\/es\/wp-json\/wp\/v2\/types\/post"}],"author":[{"embeddable":true,"href":"https:\/\/www.ieec.cat\/es\/wp-json\/wp\/v2\/users\/5"}],"replies":[{"embeddable":true,"href":"https:\/\/www.ieec.cat\/es\/wp-json\/wp\/v2\/comments?post=27089"}],"version-history":[{"count":10,"href":"https:\/\/www.ieec.cat\/es\/wp-json\/wp\/v2\/posts\/27089\/revisions"}],"predecessor-version":[{"id":27912,"href":"https:\/\/www.ieec.cat\/es\/wp-json\/wp\/v2\/posts\/27089\/revisions\/27912"}],"wp:featuredmedia":[{"embeddable":true,"href":"https:\/\/www.ieec.cat\/es\/wp-json\/wp\/v2\/media\/27123"}],"wp:attachment":[{"href":"https:\/\/www.ieec.cat\/es\/wp-json\/wp\/v2\/media?parent=27089"}],"wp:term":[{"taxonomy":"category","embeddable":true,"href":"https:\/\/www.ieec.cat\/es\/wp-json\/wp\/v2\/categories?post=27089"},{"taxonomy":"post_tag","embeddable":true,"href":"https:\/\/www.ieec.cat\/es\/wp-json\/wp\/v2\/tags?post=27089"}],"curies":[{"name":"wp","href":"https:\/\/api.w.org\/{rel}","templated":true}]}}