{"id":27570,"date":"2024-04-18T17:47:16","date_gmt":"2024-04-18T15:47:16","guid":{"rendered":"https:\/\/www.ieec.cat\/180-estudiants-competiran-en-la-final-catalana-del-concurs-cansat-de-l-agencia-espacial-europea\/"},"modified":"2024-04-19T13:44:23","modified_gmt":"2024-04-19T11:44:23","slug":"180-estudiants-competiran-en-la-final-catalana-del-concurs-cansat-de-l-agencia-espacial-europea","status":"publish","type":"post","link":"https:\/\/www.ieec.cat\/es\/180-estudiants-competiran-en-la-final-catalana-del-concurs-cansat-de-l-agencia-espacial-europea\/","title":{"rendered":"180 estudiantes competir\u00e1n en la final catalana del concurso CanSat de la Agencia Espacial Europea"},"content":{"rendered":"<p>[et_pb_section fb_built=\u00bb1&#8243; _builder_version=\u00bb4.14.8&#8243; _module_preset=\u00bbdefault\u00bb background_image=\u00bbhttps:\/\/www.ieec.cat\/wp-content\/uploads\/2022\/02\/slider-comunicacio.jpg\u00bb max_height=\u00bb130px\u00bb custom_padding=\u00bb0px||0px||false|false\u00bb da_disable_devices=\u00bboff|off|off\u00bb global_colors_info=\u00bb{}\u00bb da_is_popup=\u00bboff\u00bb da_exit_intent=\u00bboff\u00bb da_has_close=\u00bbon\u00bb da_alt_close=\u00bboff\u00bb da_dark_close=\u00bboff\u00bb da_not_modal=\u00bbon\u00bb da_is_singular=\u00bboff\u00bb da_with_loader=\u00bboff\u00bb da_has_shadow=\u00bbon\u00bb][\/et_pb_section][et_pb_section fb_built=\u00bb1&#8243; _builder_version=\u00bb4.14.8&#8243; _module_preset=\u00bbdefault\u00bb custom_padding=\u00bb24px||11px|||\u00bb da_disable_devices=\u00bboff|off|off\u00bb global_colors_info=\u00bb{}\u00bb da_is_popup=\u00bboff\u00bb da_exit_intent=\u00bboff\u00bb da_has_close=\u00bbon\u00bb da_alt_close=\u00bboff\u00bb da_dark_close=\u00bboff\u00bb da_not_modal=\u00bbon\u00bb da_is_singular=\u00bboff\u00bb da_with_loader=\u00bboff\u00bb da_has_shadow=\u00bbon\u00bb][et_pb_row _builder_version=\u00bb4.14.8&#8243; _module_preset=\u00bbdefault\u00bb custom_padding=\u00bb||||false|false\u00bb global_colors_info=\u00bb{}\u00bb][et_pb_column type=\u00bb4_4&#8243; _builder_version=\u00bb4.14.8&#8243; _module_preset=\u00bbdefault\u00bb global_colors_info=\u00bb{}\u00bb][et_pb_text admin_label=\u00bbUnitats de recerca\u00bb _builder_version=\u00bb4.14.8&#8243; _dynamic_attributes=\u00bbcontent\u00bb _module_preset=\u00bbdefault\u00bb text_font=\u00bb|700||on|||||\u00bb text_font_size=\u00bb16px\u00bb header_font=\u00bb|700|||||||\u00bb custom_margin=\u00bb||10px||false|false\u00bb header_font_size_tablet=\u00bb28px\u00bb header_font_size_phone=\u00bb26px\u00bb header_font_size_last_edited=\u00bbon|phone\u00bb global_colors_info=\u00bb{}\u00bb]@ET-DC@eyJkeW5hbWljIjp0cnVlLCJjb250ZW50IjoiY3VzdG9tX21ldGFfb3JnYW5pemFjaW9uZXMiLCJzZXR0aW5ncyI6eyJiZWZvcmUiOiIiLCJhZnRlciI6IiIsImVuYWJsZV9odG1sIjoib2ZmIn19@[\/et_pb_text][et_pb_post_title author=\u00bboff\u00bb categories=\u00bboff\u00bb comments=\u00bboff\u00bb featured_image=\u00bboff\u00bb admin_label=\u00bbT\u00edtol i data\u00bb _builder_version=\u00bb4.14.8&#8243; _module_preset=\u00bbdefault\u00bb title_font=\u00bbCairo|300|||||||\u00bb title_font_size=\u00bb40px\u00bb meta_font=\u00bb||on||||||\u00bb meta_font_size=\u00bb16px\u00bb title_font_size_tablet=\u00bb35px\u00bb title_font_size_phone=\u00bb30px\u00bb title_font_size_last_edited=\u00bbon|desktop\u00bb global_colors_info=\u00bb{}\u00bb][\/et_pb_post_title][et_pb_text admin_label=\u00bbSubt\u00edtols\u00bb _builder_version=\u00bb4.14.8&#8243; _module_preset=\u00bbdefault\u00bb text_font=\u00bbSource Sans Pro||on||||||\u00bb text_font_size=\u00bb24px\u00bb text_line_height=\u00bb1.1em\u00bb hover_enabled=\u00bb0&#8243; text_font_size_tablet=\u00bb22px\u00bb text_font_size_phone=\u00bb20px\u00bb text_font_size_last_edited=\u00bbon|phone\u00bb global_colors_info=\u00bb{}\u00bb sticky_enabled=\u00bb0&#8243;]<\/p>\n<ul>\n<li>Organizado por la ESEIAAT de la UPC, el CanSat Catalunya cuenta con el apoyo de la Generalitat de Catalunya en el marco del eje de Talento y Sociedad de la Estrategia NewSpace y la colaboraci\u00f3n del IEEC con el objetivo de promover las tecnolog\u00edas del espacio y las vocaciones STEM entre la juventud<\/li>\n<li>Los minisat\u00e9lites construidos por los equipos participantes ser\u00e1n lanzados por cohetes dise\u00f1ados por estudiantes de la asociaci\u00f3n Cosmic Research de la ESEIAAT-UPC el s\u00e1bado 20 de abril desde el Aeropuerto de Lleida-Alguaire<\/li>\n<li>El d\u00eda 24 de abril se dar\u00e1 a conocer, en la sede de la ESEIAAT en Terrassa, el equipo ganador que representar\u00e1 Catalu\u00f1a en la final estatal que tendr\u00e1 lugar los d\u00edas 16 y 17 de mayo en Murcia<\/li>\n<li>La fase clasificatoria estatal en Catalu\u00f1a del CanSat ha batido este a\u00f1o el r\u00e9cord de participaci\u00f3n, con 98 equipos de 50 centros de educaci\u00f3n secundaria de alrededor del pa\u00eds, de los cuales 30 han llegado a la jornada de lanzamiento<\/li>\n<\/ul>\n<p>[\/et_pb_text][\/et_pb_column][\/et_pb_row][et_pb_row column_structure=\u00bb1_2,1_2&#8243; _builder_version=\u00bb4.14.8&#8243; _module_preset=\u00bbdefault\u00bb global_colors_info=\u00bb{}\u00bb][et_pb_column type=\u00bb1_2&#8243; _builder_version=\u00bb4.14.8&#8243; _module_preset=\u00bbdefault\u00bb global_colors_info=\u00bb{}\u00bb][et_pb_post_title title=\u00bboff\u00bb meta=\u00bboff\u00bb _builder_version=\u00bb4.14.8&#8243; _module_preset=\u00bbdefault\u00bb custom_margin=\u00bb||0px||false|false\u00bb border_width_top=\u00bb10px\u00bb border_color_top=\u00bb#406fda\u00bb global_colors_info=\u00bb{}\u00bb][\/et_pb_post_title][et_pb_text _builder_version=\u00bb4.14.8&#8243; _module_preset=\u00bbdefault\u00bb text_font=\u00bb||||||||\u00bb text_font_size=\u00bb15px\u00bb text_line_height=\u00bb1.1em\u00bb background_color=\u00bbrgba(64,111,218,0.15)\u00bb custom_margin=\u00bb0px||||false|false\u00bb custom_padding=\u00bb30px|20px|30px|20px|true|true\u00bb hover_enabled=\u00bb0&#8243; global_colors_info=\u00bb{}\u00bb sticky_enabled=\u00bb0&#8243;]<\/p>\n<p><strong>Leyenda:<\/strong> <span style=\"font-weight: 400;\">Equipo de estudiantes de la edici\u00f3n 2023 de CanSat en Catalunya.<\/span><br \/><span style=\"font-weight: 400;\"><strong>Cr\u00e9ditos:<\/strong> ESEIAAT &#8211; UPC<\/span><\/p>\n<p>[\/et_pb_text][\/et_pb_column][et_pb_column type=\u00bb1_2&#8243; _builder_version=\u00bb4.14.8&#8243; _module_preset=\u00bbdefault\u00bb global_colors_info=\u00bb{}\u00bb][et_pb_text _builder_version=\u00bb4.14.8&#8243; _module_preset=\u00bbdefault\u00bb link_font=\u00bb|700|||on||||\u00bb hover_enabled=\u00bb0&#8243; global_colors_info=\u00bb{}\u00bb sticky_enabled=\u00bb0&#8243;]<\/p>\n<p><span style=\"font-weight: 400;\">Hasta 130 alumnos de ESO, bachillerato y FP de toda Catalu\u00f1a, distribuidos en 30 equipos tutorizados por su profesorado, participar\u00e1n el pr\u00f3ximo s\u00e1bado, 20 de abril en la fase clasificatoria estatal en Catalu\u00f1a del concurso CanSat, que tendr\u00e1 lugar en el <\/span><a href=\"https:\/\/aeroports.gencat.cat\/es\/inici\/index.html\" target=\"_blank\" rel=\"noopener\"><span style=\"font-weight: 400;\">Aeropuerto de Lleida-Alguaire<\/span><\/a><span style=\"font-weight: 400;\">, en Lleida.<\/span><\/p>\n<p><span style=\"font-weight: 400;\">La jornada contar\u00e1 con la presencia de Xavier Roca, director de La <\/span><a href=\"https:\/\/eseiaat.upc.edu\/es?set_language=es\" target=\"_blank\" rel=\"noopener\"><span style=\"font-weight: 400;\">Escola Superior d\u2019Enginyeries Industrial, Aeroespacial i Audiovisual de Terrassa<\/span><\/a><span style=\"font-weight: 400;\"> (ESEIAAT) de la Universitat Polit\u00e8cnica de Catalunya \u00b7 BarcelonaTech (UPC); Antoni Serra, director del Aeropuerto Lleida-Alguaire; y Llu\u00eds Junc\u00e0 i Pujol director general de <\/span><a href=\"https:\/\/empresa.gencat.cat\/ca\/departament\/proteccio-de-dades\/activitats\/llista-per-responsable\/direccio-general-dinnovacio-economia-digital-i-emprenedoria\/index.html#googtrans(ca%7Ces)\" target=\"_blank\" rel=\"noopener\"><span style=\"font-weight: 400;\">Innovaci\u00f3n, Econom\u00eda Digital y Emprendimiento<\/span><\/a><span style=\"font-weight: 400;\"> de la Generalitat de Catalunya, as\u00ed como otros representantes de las entidades organizadoras y colaboradoras.<\/span><\/p>\n<p>[\/et_pb_text][\/et_pb_column][\/et_pb_row][et_pb_row _builder_version=\u00bb4.14.8&#8243; _module_preset=\u00bbdefault\u00bb global_colors_info=\u00bb{}\u00bb][et_pb_column type=\u00bb4_4&#8243; _builder_version=\u00bb4.14.8&#8243; _module_preset=\u00bbdefault\u00bb global_colors_info=\u00bb{}\u00bb][et_pb_text _builder_version=\u00bb4.14.8&#8243; _module_preset=\u00bbdefault\u00bb link_font=\u00bb|700|||on||||\u00bb hover_enabled=\u00bb0&#8243; locked=\u00bboff\u00bb global_colors_info=\u00bb{}\u00bb sticky_enabled=\u00bb0&#8243;]<\/p>\n<p><span style=\"font-weight: 400;\">CanSat es una competici\u00f3n que impulsa cada a\u00f1o en toda Europa la <\/span><a href=\"https:\/\/www.esa.int\/Education\/Teachers_Corner\/European_Space_Education_Resource_Office\" target=\"_blank\" rel=\"noopener\"><b>Oficina Europea para la Educaci\u00f3n en el Espacio<\/b><\/a><span style=\"font-weight: 400;\"> (ESERO) de la <\/span><a href=\"https:\/\/www.esa.int\/Space_in_Member_States\/Spain\/La_Agencia_Espacial_Europea\" target=\"_blank\" rel=\"noopener\"><b>Agencia Espacial Europea<\/b><\/a><span style=\"font-weight: 400;\"> (ESA) y que consiste en el dise\u00f1o, construcci\u00f3n y lanzamiento de peque\u00f1os sat\u00e9lites, del tama\u00f1o de una lata de refresco<\/span><span style=\"font-weight: 400;\">.<\/span><span style=\"font-weight: 400;\"> La ESEIAAT-UPC organiza la fase clasificatoria estatal en Catalunya de este concurso, con el apoyo de la Secretar\u00eda de Pol\u00edticas Digitales del <\/span><a href=\"https:\/\/treball.gencat.cat\/ca\/inici\/index.html#googtrans(ca%7Ces)\" target=\"_blank\" rel=\"noopener\"><b>Departamento de Empresa y Trabajo<\/b><\/a><span style=\"font-weight: 400;\">, en el marco del eje de Talento y Sociedad de la <\/span><a href=\"https:\/\/politiquesdigitals.gencat.cat\/ca\/economia\/estrategia-new-space-catalunya\/index.html#googtrans(ca%7Ces)\" target=\"_blank\" rel=\"noopener\"><b>Estrategia NewSpace de Catalunya.<\/b><\/a><span style=\"font-weight: 400;\"> En el CanSat Catalunya tambi\u00e9n colabora el <\/span><a href=\"https:\/\/www.ieec.cat\/\"><span style=\"font-weight: 400;\">Institut d\u2019Estudis Espacials de Catalunya<\/span><\/a><span style=\"font-weight: 400;\"> (IEEC), el <\/span><a href=\"https:\/\/educacio.gencat.cat\/ca\/inici\/\" target=\"_blank\" rel=\"noopener\"><span style=\"font-weight: 400;\">Departamento de Educaci\u00f3n<\/span><\/a><span style=\"font-weight: 400;\">, el Aeropuerto de Lleida-Alguaire, el <\/span><a href=\"https:\/\/www.aeroclubanoia.es\/\" target=\"_blank\" rel=\"noopener\"><span style=\"font-weight: 400;\">Aeroclub Anoia<\/span><\/a><span style=\"font-weight: 400;\"> y la asociaci\u00f3n de estudiantes <\/span><a href=\"https:\/\/cosmicresearch.org\/\" target=\"_blank\" rel=\"noopener\"><span style=\"font-weight: 400;\">Cosmic Research<\/span><\/a><span style=\"font-weight: 400;\">.<\/span><\/p>\n<p><span style=\"font-weight: 400;\">Este a\u00f1o, CanSat Catalunya llega a la cuarta edici\u00f3n consolidado como uno de los grandes acontecimientos cient\u00edficos y tecnol\u00f3gicos del pa\u00eds orientado a los m\u00e1s j\u00f3venes, con un r\u00e9cord de participaci\u00f3n que ha superado todas las expectativas: 98 equipos de 50 institutos y escuelas de toda Catalunya inscritos en el concurso. En la primera edici\u00f3n se inscribieron 14 equipos; en la segunda, un total de 50 equipos y en la tercera edici\u00f3n, la del a\u00f1o pasado, un total de 70 equipos inscritos.<\/span><\/p>\n<p><span style=\"font-weight: 400;\">Despu\u00e9s de la selecci\u00f3n preliminar de los proyectos presentados, finalmente 30 equipos de 20 centros diferentes participar\u00e1n en la jornada final de lanzamiento: 18 se lanzar\u00e1n en los cohetes de Cosmic Research y competir\u00e1n por la victoria, mientras que el resto lo har\u00e1 en avi\u00f3n en un lanzamiento no competitivo. En total participar\u00e1n en la jornada casi 180 estudiantes de ESO, Bachillerato y FP tutorizados por su profesorado.<\/span><\/p>\n<p><span style=\"font-weight: 400;\">Durante un curso entero, estas j\u00f3venes promesas han dedicado su talento a dise\u00f1ar y construir peque\u00f1os sat\u00e9lites que integran telemetr\u00eda, sensores y transmisor de datos, y que tienen el tama\u00f1o necesario para alojarse dentro de una lata de refresco. Los CanSats ser\u00e1n lanzados por cohetes construidos por la asociaci\u00f3n de estudiantes de la ESEIAAT Cosmic Research y desde aviones, el pr\u00f3ximo 20 de abril a las 11h, a las 12h30m y a las 14h en el Aeropuerto de Lleida-Alguaire (Lleida), en este acontecimiento que pretende generar vocaciones relacionadas con el espacio, la tecnolog\u00eda y las disciplinas STEM entre la juventud.<\/span><\/p>\n<p>[\/et_pb_text][et_pb_text _builder_version=\u00bb4.14.8&#8243; _module_preset=\u00bbdefault\u00bb header_2_font=\u00bb|700|||||||\u00bb header_2_font_size=\u00bb25px\u00bb hover_enabled=\u00bb0&#8243; header_2_font_size_tablet=\u00bb23px\u00bb header_2_font_size_phone=\u00bb23px\u00bb header_2_font_size_last_edited=\u00bbon|phone\u00bb locked=\u00bboff\u00bb global_colors_info=\u00bb{}\u00bb sticky_enabled=\u00bb0&#8243;]<\/p>\n<h2>Un reto cient\u00edfico y tecnol\u00f3gico<\/h2>\n<p>[\/et_pb_text][et_pb_text _builder_version=\u00bb4.14.8&#8243; _module_preset=\u00bbdefault\u00bb hover_enabled=\u00bb0&#8243; global_colors_info=\u00bb{}\u00bb sticky_enabled=\u00bb0&#8243;]<\/p>\n<p><span style=\"font-weight: 400;\">Seg\u00fan explica David Gonz\u00e1lez, subdirector de ESEIAAT y coordinador de CanSat en Catalunya, \u00abla competici\u00f3n es un reto tanto tecnol\u00f3gico como cient\u00edfico. De hecho, no s\u00f3lo se trata de lanzar el sat\u00e9lite y que vuelva a tierra sano y salvo. Los CanSats construidos por los estudiantes deben ser capaces de tomar medidas, como la temperatura del aire o la presi\u00f3n atmosf\u00e9rica y llevar a cabo una misi\u00f3n cient\u00edfica. Los participantes deben analizar e interpretar los resultados obtenidos de forma cr\u00edtica. Por tanto, estamos hablando de ir m\u00e1s all\u00e1, de aplicar en la pr\u00e1ctica el conocimiento que han aprendido en clase\u00bb, asegura Gonz\u00e1lez.<\/span><\/p>\n<p><span style=\"font-weight: 400;\">Los equipos finalistas presentar\u00e1n los resultados el d\u00eda 24 de abril en la ESEIAAT a las 16h30m, donde tendr\u00e1n que exponer las conclusiones obtenidas delante de un jurado. Ese mismo d\u00eda se escoger\u00e1 el equipo ganador, que representar\u00e1 Catalunya en la final estatal de CanSat la cual tendr\u00e1 lugar los d\u00edas 16 y 17 de mayo, en Murcia, y de la cual saldr\u00e1 el representante estatal que participar\u00e1 en la final europea, los d\u00edas 20 y 21 de junio en\u00a0 Noordwijk, Pa\u00edses Bajos.<\/span><\/p>\n<p>[\/et_pb_text][\/et_pb_column][\/et_pb_row][et_pb_row _builder_version=\u00bb4.14.8&#8243; _module_preset=\u00bbdefault\u00bb custom_margin=\u00bb||||false|false\u00bb locked=\u00bboff\u00bb global_colors_info=\u00bb{}\u00bb][et_pb_column type=\u00bb4_4&#8243; _builder_version=\u00bb4.14.8&#8243; _module_preset=\u00bbdefault\u00bb global_colors_info=\u00bb{}\u00bb][et_pb_divider color=\u00bb#406fda\u00bb _builder_version=\u00bb4.14.8&#8243; _module_preset=\u00bbdefault\u00bb custom_margin=\u00bb||10px||false|false\u00bb global_colors_info=\u00bb{}\u00bb][\/et_pb_divider][et_pb_text admin_label=\u00bbEnlla\u00e7os\u00bb _builder_version=\u00bb4.14.8&#8243; _module_preset=\u00bbdefault\u00bb text_font=\u00bbCairo|700|||||||\u00bb text_text_color=\u00bb#406fda\u00bb text_font_size=\u00bb20px\u00bb custom_margin=\u00bb||10px||false|false\u00bb hover_enabled=\u00bb0&#8243; global_colors_info=\u00bb{}\u00bb sticky_enabled=\u00bb0&#8243;]<\/p>\n<p>Enlaces<\/p>\n<p>[\/et_pb_text][et_pb_text _builder_version=\u00bb4.14.8&#8243; _module_preset=\u00bbdefault\u00bb text_font_size=\u00bb16px\u00bb text_line_height=\u00bb1.1em\u00bb link_font=\u00bb|700|||on|||#1a1140|\u00bb link_text_color=\u00bb#1a1140&#8243; link_line_height=\u00bb1.4em\u00bb custom_margin=\u00bb20px||||false|false\u00bb hover_enabled=\u00bb0&#8243; global_colors_info=\u00bb{}\u00bb sticky_enabled=\u00bb0&#8243;]<\/p>\n<ul>\n<li><strong><a href=\"https:\/\/esero.es\/\" target=\"_blank\" rel=\"noopener\">ESERO<\/a><a href=\"http:\/\/esero.es\/CanSat\/\"><\/a><\/strong><\/li>\n<li><strong><a href=\"http:\/\/esero.es\/CanSat\/\" target=\"_blank\" rel=\"noopener\">CanSat<\/a><a href=\"https:\/\/eseiaat.upc.edu\/ca\/projectes-estudiants\/cansat\"><\/a><\/strong><\/li>\n<li><a href=\"https:\/\/eseiaat.upc.edu\/ca\/projectes-estudiants\/cansat\" target=\"_blank\" rel=\"noopener\"><span style=\"font-weight: 400;\"><strong>CanSat Catalunya 2024<\/strong><\/span><\/a><\/li>\n<\/ul>\n<p>[\/et_pb_text][\/et_pb_column][\/et_pb_row][et_pb_row _builder_version=\u00bb4.14.8&#8243; _module_preset=\u00bbdefault\u00bb custom_margin=\u00bb||||false|false\u00bb locked=\u00bboff\u00bb global_colors_info=\u00bb{}\u00bb][et_pb_column type=\u00bb4_4&#8243; _builder_version=\u00bb4.14.8&#8243; _module_preset=\u00bbdefault\u00bb global_colors_info=\u00bb{}\u00bb][et_pb_divider color=\u00bb#406fda\u00bb _builder_version=\u00bb4.14.8&#8243; _module_preset=\u00bbdefault\u00bb custom_margin=\u00bb||10px||false|false\u00bb global_colors_info=\u00bb{}\u00bb][\/et_pb_divider][et_pb_text admin_label=\u00bbContactes\u00bb _builder_version=\u00bb4.14.8&#8243; _module_preset=\u00bbdefault\u00bb text_font=\u00bbCairo|700|||||||\u00bb text_text_color=\u00bb#406fda\u00bb text_font_size=\u00bb20px\u00bb custom_margin=\u00bb||10px||false|false\u00bb hover_enabled=\u00bb0&#8243; global_colors_info=\u00bb{}\u00bb sticky_enabled=\u00bb0&#8243;]<\/p>\n<p>Contactos<\/p>\n<p>[\/et_pb_text][\/et_pb_column][\/et_pb_row][et_pb_row column_structure=\u00bb2_5,3_5&#8243; admin_label=\u00bbRow\u00bb _builder_version=\u00bb4.14.8&#8243; _module_preset=\u00bbdefault\u00bb custom_margin=\u00bb0px||||false|false\u00bb custom_padding=\u00bb0px||||false|false\u00bb global_colors_info=\u00bb{}\u00bb theme_builder_area=\u00bbpost_content\u00bb][et_pb_column type=\u00bb2_5&#8243; _builder_version=\u00bb4.14.8&#8243; _module_preset=\u00bbdefault\u00bb custom_padding=\u00bb|||20px|false|false\u00bb border_width_left=\u00bb1px\u00bb border_color_left=\u00bb#406fda\u00bb global_colors_info=\u00bb{}\u00bb theme_builder_area=\u00bbpost_content\u00bb][et_pb_text _builder_version=\u00bb4.14.8&#8243; _module_preset=\u00bbdefault\u00bb text_font_size=\u00bb16px\u00bb text_line_height=\u00bb1.1em\u00bb link_font=\u00bb|700|||on|||#1a1140|\u00bb link_text_color=\u00bb#1a1140&#8243; link_line_height=\u00bb1.4em\u00bb header_4_font=\u00bb|700|||||||\u00bb header_4_text_color=\u00bb#1a1140&#8243; custom_margin=\u00bb||||false|false\u00bb locked=\u00bboff\u00bb global_colors_info=\u00bb{}\u00bb theme_builder_area=\u00bbpost_content\u00bb]<\/p>\n<h4>Oficina de Comunicaci\u00f3n del IEEC<\/h4>\n<p>Barcelona, Espa\u00f1a<br \/>Correo electr\u00f3nico: <a href=\"mailto:comunicacio@ieec.cat\">comunicacio@ieec.cat<\/a><\/p>\n<p>[\/et_pb_text][\/et_pb_column][et_pb_column type=\u00bb3_5&#8243; _builder_version=\u00bb4.14.8&#8243; _module_preset=\u00bbdefault\u00bb custom_padding=\u00bb|||20px|false|false\u00bb border_width_left=\u00bb1px\u00bb border_color_left=\u00bb#406fda\u00bb global_colors_info=\u00bb{}\u00bb theme_builder_area=\u00bbpost_content\u00bb][\/et_pb_column][\/et_pb_row][et_pb_row _builder_version=\u00bb4.14.8&#8243; _module_preset=\u00bbdefault\u00bb background_color=\u00bbrgba(64,111,218,0.15)\u00bb global_module=\u00bb17324&#8243; global_colors_info=\u00bb{}\u00bb][et_pb_column type=\u00bb4_4&#8243; _builder_version=\u00bb4.14.8&#8243; _module_preset=\u00bbdefault\u00bb custom_padding=\u00bb20px|50px|20px|50px|true|true\u00bb global_colors_info=\u00bb{}\u00bb][et_pb_text admin_label=\u00bbSobre l&#8217;IEEC\u00bb _builder_version=\u00bb4.14.8&#8243; _module_preset=\u00bbdefault\u00bb header_2_font=\u00bb|700|||||||\u00bb header_2_font_size=\u00bb25px\u00bb custom_margin=\u00bb||10px||false|false\u00bb header_2_font_size_tablet=\u00bb23px\u00bb header_2_font_size_phone=\u00bb23px\u00bb header_2_font_size_last_edited=\u00bbon|phone\u00bb locked=\u00bboff\u00bb global_colors_info=\u00bb{}\u00bb]<\/p>\n<h2>Sobre el IEEC<\/h2>\n<p>[\/et_pb_text][et_pb_text _builder_version=\u00bb4.14.8&#8243; _module_preset=\u00bbdefault\u00bb text_font=\u00bb||on||||||\u00bb link_font=\u00bb|700|||on||||\u00bb locked=\u00bboff\u00bb global_colors_info=\u00bb{}\u00bb]<\/p>\n<p>El Institut d\u2019Estudis Espacials de Catalunya (IEEC) promueve y coordina la investigaci\u00f3n y el desarrollo tecnol\u00f3gico espacial en Catalu\u00f1a en beneficio de la sociedad. El IEEC fomenta las colaboraciones tanto a nivel local como mundial, y es un eficiente agente de transferencia de conocimiento, innovaci\u00f3n y tecnolog\u00eda. Como resultado de m\u00e1s de 25 a\u00f1os de investigaci\u00f3n de alta calidad, llevada a cabo en colaboraci\u00f3n con las principales organizaciones internacionales, el IEEC se encuentra entre los mejores centros de investigaci\u00f3n internacionales, centrados en \u00e1reas como: astrof\u00edsica, cosmolog\u00eda, ciencias planetarias y observaci\u00f3n de la Tierra. La divisi\u00f3n de ingenier\u00eda del IEEC desarrolla instrumentaci\u00f3n para proyectos terrestres y espaciales, y tiene una amplia experiencia trabajando con organizaciones privadas y p\u00fablicas del sector aeroespacial y otros sectores de innovaci\u00f3n.<\/p>\n<p>El IEEC es una fundaci\u00f3n del sector p\u00fablico sin \u00e1nimo de lucro, fundada en febrero de 1996. Est\u00e1 regida por un Patronato compuesto por la Generalitat de Catalunya,  la Universitat de Barcelona (UB), la Universitat Aut\u00f2noma de Barcelona (UAB), la Universitat Polit\u00e8cnica de Catalunya \u00b7 BarcelonaTech (UPC), y el Consejo Superior de Investigaciones Cient\u00edficas (CSIC). El IEEC es tambi\u00e9n un centro CERCA (Centres de Recerca de Catalunya).<\/p>\n<p>[\/et_pb_text][\/et_pb_column][\/et_pb_row][\/et_pb_section]<\/p>\n","protected":false},"excerpt":{"rendered":"<p>El CanSat \u00e9s una competici\u00f3 que impulsa cada any a tot Europa l\u2019Oficina Europea per a l\u2019Educaci\u00f3 en l\u2019Espai (ESERO) de l\u2019Ag\u00e8ncia Espacial Europea (ESA) i consisteix en el disseny, construcci\u00f3 i llan\u00e7ament de petits sat\u00e8l\u00b7lits, de la mida d\u2019una llauna de refresc. <\/p>\n","protected":false},"author":7,"featured_media":27525,"comment_status":"closed","ping_status":"closed","sticky":false,"template":"","format":"standard","meta":{"_et_pb_use_builder":"on","_et_pb_old_content":"","_et_gb_content_width":"","footnotes":""},"categories":[101,75,105],"tags":[],"class_list":["post-27570","post","type-post","status-publish","format-standard","has-post-thumbnail","hentry","category-educacion-noticias","category-noticias","category-talento-noticias"],"yoast_head":"<!-- This site is optimized with the Yoast SEO plugin v27.4 - https:\/\/yoast.com\/product\/yoast-seo-wordpress\/ -->\n<title>180 estudiantes competir\u00e1n en la final catalana del concurso CanSat de la Agencia Espacial Europea - IEEC<\/title>\n<meta name=\"robots\" content=\"index, follow, max-snippet:-1, max-image-preview:large, max-video-preview:-1\" \/>\n<link rel=\"canonical\" href=\"https:\/\/www.ieec.cat\/es\/180-estudiants-competiran-en-la-final-catalana-del-concurs-cansat-de-l-agencia-espacial-europea\/\" \/>\n<meta property=\"og:locale\" content=\"es_ES\" \/>\n<meta property=\"og:type\" content=\"article\" \/>\n<meta property=\"og:title\" content=\"180 estudiantes competir\u00e1n en la final catalana del concurso CanSat de la Agencia Espacial Europea - IEEC\" \/>\n<meta property=\"og:description\" content=\"El CanSat \u00e9s una competici\u00f3 que impulsa cada any a tot Europa l\u2019Oficina Europea per a l\u2019Educaci\u00f3 en l\u2019Espai (ESERO) de l\u2019Ag\u00e8ncia Espacial Europea (ESA) i consisteix en el disseny, construcci\u00f3 i llan\u00e7ament de petits sat\u00e8l\u00b7lits, de la mida d\u2019una llauna de refresc.\" \/>\n<meta property=\"og:url\" content=\"https:\/\/www.ieec.cat\/es\/180-estudiants-competiran-en-la-final-catalana-del-concurs-cansat-de-l-agencia-espacial-europea\/\" \/>\n<meta property=\"og:site_name\" content=\"IEEC\" \/>\n<meta property=\"article:published_time\" content=\"2024-04-18T15:47:16+00:00\" \/>\n<meta property=\"article:modified_time\" content=\"2024-04-19T11:44:23+00:00\" \/>\n<meta property=\"og:image\" content=\"https:\/\/www.ieec.cat\/wp-content\/uploads\/2024\/04\/Equip-CANSAT-2023.jpg\" \/>\n\t<meta property=\"og:image:width\" content=\"1564\" \/>\n\t<meta property=\"og:image:height\" content=\"880\" \/>\n\t<meta property=\"og:image:type\" content=\"image\/jpeg\" \/>\n<meta name=\"author\" content=\"Javier Bueno\" \/>\n<meta name=\"twitter:card\" content=\"summary_large_image\" \/>\n<meta name=\"twitter:label1\" content=\"Escrito por\" \/>\n\t<meta name=\"twitter:data1\" content=\"Javier Bueno\" \/>\n\t<meta name=\"twitter:label2\" content=\"Tiempo de lectura\" \/>\n\t<meta name=\"twitter:data2\" content=\"7 minutos\" \/>\n<script type=\"application\/ld+json\" class=\"yoast-schema-graph\">{\"@context\":\"https:\\\/\\\/schema.org\",\"@graph\":[{\"@type\":\"Article\",\"@id\":\"https:\\\/\\\/www.ieec.cat\\\/es\\\/180-estudiants-competiran-en-la-final-catalana-del-concurs-cansat-de-l-agencia-espacial-europea\\\/#article\",\"isPartOf\":{\"@id\":\"https:\\\/\\\/www.ieec.cat\\\/es\\\/180-estudiants-competiran-en-la-final-catalana-del-concurs-cansat-de-l-agencia-espacial-europea\\\/\"},\"author\":{\"name\":\"Javier Bueno\",\"@id\":\"https:\\\/\\\/www.ieec.cat\\\/es\\\/#\\\/schema\\\/person\\\/322a07f3c26d150fb0ab2c84181ced4c\"},\"headline\":\"180 estudiantes competir\u00e1n en la final catalana del concurso CanSat de la Agencia Espacial Europea\",\"datePublished\":\"2024-04-18T15:47:16+00:00\",\"dateModified\":\"2024-04-19T11:44:23+00:00\",\"mainEntityOfPage\":{\"@id\":\"https:\\\/\\\/www.ieec.cat\\\/es\\\/180-estudiants-competiran-en-la-final-catalana-del-concurs-cansat-de-l-agencia-espacial-europea\\\/\"},\"wordCount\":2282,\"image\":{\"@id\":\"https:\\\/\\\/www.ieec.cat\\\/es\\\/180-estudiants-competiran-en-la-final-catalana-del-concurs-cansat-de-l-agencia-espacial-europea\\\/#primaryimage\"},\"thumbnailUrl\":\"https:\\\/\\\/www.ieec.cat\\\/wp-content\\\/uploads\\\/2024\\\/04\\\/Equip-CANSAT-2023.jpg\",\"articleSection\":[\"Educaci\u00f3n\",\"Noticias\",\"Talento\"],\"inLanguage\":\"es\"},{\"@type\":\"WebPage\",\"@id\":\"https:\\\/\\\/www.ieec.cat\\\/es\\\/180-estudiants-competiran-en-la-final-catalana-del-concurs-cansat-de-l-agencia-espacial-europea\\\/\",\"url\":\"https:\\\/\\\/www.ieec.cat\\\/es\\\/180-estudiants-competiran-en-la-final-catalana-del-concurs-cansat-de-l-agencia-espacial-europea\\\/\",\"name\":\"180 estudiantes competir\u00e1n en la final catalana del concurso CanSat de la Agencia Espacial Europea - IEEC\",\"isPartOf\":{\"@id\":\"https:\\\/\\\/www.ieec.cat\\\/es\\\/#website\"},\"primaryImageOfPage\":{\"@id\":\"https:\\\/\\\/www.ieec.cat\\\/es\\\/180-estudiants-competiran-en-la-final-catalana-del-concurs-cansat-de-l-agencia-espacial-europea\\\/#primaryimage\"},\"image\":{\"@id\":\"https:\\\/\\\/www.ieec.cat\\\/es\\\/180-estudiants-competiran-en-la-final-catalana-del-concurs-cansat-de-l-agencia-espacial-europea\\\/#primaryimage\"},\"thumbnailUrl\":\"https:\\\/\\\/www.ieec.cat\\\/wp-content\\\/uploads\\\/2024\\\/04\\\/Equip-CANSAT-2023.jpg\",\"datePublished\":\"2024-04-18T15:47:16+00:00\",\"dateModified\":\"2024-04-19T11:44:23+00:00\",\"author\":{\"@id\":\"https:\\\/\\\/www.ieec.cat\\\/es\\\/#\\\/schema\\\/person\\\/322a07f3c26d150fb0ab2c84181ced4c\"},\"breadcrumb\":{\"@id\":\"https:\\\/\\\/www.ieec.cat\\\/es\\\/180-estudiants-competiran-en-la-final-catalana-del-concurs-cansat-de-l-agencia-espacial-europea\\\/#breadcrumb\"},\"inLanguage\":\"es\",\"potentialAction\":[{\"@type\":\"ReadAction\",\"target\":[\"https:\\\/\\\/www.ieec.cat\\\/es\\\/180-estudiants-competiran-en-la-final-catalana-del-concurs-cansat-de-l-agencia-espacial-europea\\\/\"]}]},{\"@type\":\"ImageObject\",\"inLanguage\":\"es\",\"@id\":\"https:\\\/\\\/www.ieec.cat\\\/es\\\/180-estudiants-competiran-en-la-final-catalana-del-concurs-cansat-de-l-agencia-espacial-europea\\\/#primaryimage\",\"url\":\"https:\\\/\\\/www.ieec.cat\\\/wp-content\\\/uploads\\\/2024\\\/04\\\/Equip-CANSAT-2023.jpg\",\"contentUrl\":\"https:\\\/\\\/www.ieec.cat\\\/wp-content\\\/uploads\\\/2024\\\/04\\\/Equip-CANSAT-2023.jpg\",\"width\":1564,\"height\":880,\"caption\":\"CanSat 2023\"},{\"@type\":\"BreadcrumbList\",\"@id\":\"https:\\\/\\\/www.ieec.cat\\\/es\\\/180-estudiants-competiran-en-la-final-catalana-del-concurs-cansat-de-l-agencia-espacial-europea\\\/#breadcrumb\",\"itemListElement\":[{\"@type\":\"ListItem\",\"position\":1,\"name\":\"Portada\",\"item\":\"https:\\\/\\\/www.ieec.cat\\\/es\\\/\"},{\"@type\":\"ListItem\",\"position\":2,\"name\":\"180 estudiantes competir\u00e1n en la final catalana del concurso CanSat de la Agencia Espacial Europea\"}]},{\"@type\":\"WebSite\",\"@id\":\"https:\\\/\\\/www.ieec.cat\\\/es\\\/#website\",\"url\":\"https:\\\/\\\/www.ieec.cat\\\/es\\\/\",\"name\":\"IEEC\",\"description\":\"Institut d&#039;Estudis Espacials de Catalunya\",\"potentialAction\":[{\"@type\":\"SearchAction\",\"target\":{\"@type\":\"EntryPoint\",\"urlTemplate\":\"https:\\\/\\\/www.ieec.cat\\\/es\\\/?s={search_term_string}\"},\"query-input\":{\"@type\":\"PropertyValueSpecification\",\"valueRequired\":true,\"valueName\":\"search_term_string\"}}],\"inLanguage\":\"es\"},{\"@type\":\"Person\",\"@id\":\"https:\\\/\\\/www.ieec.cat\\\/es\\\/#\\\/schema\\\/person\\\/322a07f3c26d150fb0ab2c84181ced4c\",\"name\":\"Javier Bueno\",\"image\":{\"@type\":\"ImageObject\",\"inLanguage\":\"es\",\"@id\":\"https:\\\/\\\/secure.gravatar.com\\\/avatar\\\/4d48f3381f239f9e12ab1bd3e78402f1144081a2afb1cb5bc1b5ec38effae7c9?s=96&d=mm&r=g\",\"url\":\"https:\\\/\\\/secure.gravatar.com\\\/avatar\\\/4d48f3381f239f9e12ab1bd3e78402f1144081a2afb1cb5bc1b5ec38effae7c9?s=96&d=mm&r=g\",\"contentUrl\":\"https:\\\/\\\/secure.gravatar.com\\\/avatar\\\/4d48f3381f239f9e12ab1bd3e78402f1144081a2afb1cb5bc1b5ec38effae7c9?s=96&d=mm&r=g\",\"caption\":\"Javier Bueno\"}}]}<\/script>\n<!-- \/ Yoast SEO plugin. -->","yoast_head_json":{"title":"180 estudiantes competir\u00e1n en la final catalana del concurso CanSat de la Agencia Espacial Europea - IEEC","robots":{"index":"index","follow":"follow","max-snippet":"max-snippet:-1","max-image-preview":"max-image-preview:large","max-video-preview":"max-video-preview:-1"},"canonical":"https:\/\/www.ieec.cat\/es\/180-estudiants-competiran-en-la-final-catalana-del-concurs-cansat-de-l-agencia-espacial-europea\/","og_locale":"es_ES","og_type":"article","og_title":"180 estudiantes competir\u00e1n en la final catalana del concurso CanSat de la Agencia Espacial Europea - IEEC","og_description":"El CanSat \u00e9s una competici\u00f3 que impulsa cada any a tot Europa l\u2019Oficina Europea per a l\u2019Educaci\u00f3 en l\u2019Espai (ESERO) de l\u2019Ag\u00e8ncia Espacial Europea (ESA) i consisteix en el disseny, construcci\u00f3 i llan\u00e7ament de petits sat\u00e8l\u00b7lits, de la mida d\u2019una llauna de refresc.","og_url":"https:\/\/www.ieec.cat\/es\/180-estudiants-competiran-en-la-final-catalana-del-concurs-cansat-de-l-agencia-espacial-europea\/","og_site_name":"IEEC","article_published_time":"2024-04-18T15:47:16+00:00","article_modified_time":"2024-04-19T11:44:23+00:00","og_image":[{"width":1564,"height":880,"url":"https:\/\/www.ieec.cat\/wp-content\/uploads\/2024\/04\/Equip-CANSAT-2023.jpg","type":"image\/jpeg"}],"author":"Javier Bueno","twitter_card":"summary_large_image","twitter_misc":{"Escrito por":"Javier Bueno","Tiempo de lectura":"7 minutos"},"schema":{"@context":"https:\/\/schema.org","@graph":[{"@type":"Article","@id":"https:\/\/www.ieec.cat\/es\/180-estudiants-competiran-en-la-final-catalana-del-concurs-cansat-de-l-agencia-espacial-europea\/#article","isPartOf":{"@id":"https:\/\/www.ieec.cat\/es\/180-estudiants-competiran-en-la-final-catalana-del-concurs-cansat-de-l-agencia-espacial-europea\/"},"author":{"name":"Javier Bueno","@id":"https:\/\/www.ieec.cat\/es\/#\/schema\/person\/322a07f3c26d150fb0ab2c84181ced4c"},"headline":"180 estudiantes competir\u00e1n en la final catalana del concurso CanSat de la Agencia Espacial Europea","datePublished":"2024-04-18T15:47:16+00:00","dateModified":"2024-04-19T11:44:23+00:00","mainEntityOfPage":{"@id":"https:\/\/www.ieec.cat\/es\/180-estudiants-competiran-en-la-final-catalana-del-concurs-cansat-de-l-agencia-espacial-europea\/"},"wordCount":2282,"image":{"@id":"https:\/\/www.ieec.cat\/es\/180-estudiants-competiran-en-la-final-catalana-del-concurs-cansat-de-l-agencia-espacial-europea\/#primaryimage"},"thumbnailUrl":"https:\/\/www.ieec.cat\/wp-content\/uploads\/2024\/04\/Equip-CANSAT-2023.jpg","articleSection":["Educaci\u00f3n","Noticias","Talento"],"inLanguage":"es"},{"@type":"WebPage","@id":"https:\/\/www.ieec.cat\/es\/180-estudiants-competiran-en-la-final-catalana-del-concurs-cansat-de-l-agencia-espacial-europea\/","url":"https:\/\/www.ieec.cat\/es\/180-estudiants-competiran-en-la-final-catalana-del-concurs-cansat-de-l-agencia-espacial-europea\/","name":"180 estudiantes competir\u00e1n en la final catalana del concurso CanSat de la Agencia Espacial Europea - IEEC","isPartOf":{"@id":"https:\/\/www.ieec.cat\/es\/#website"},"primaryImageOfPage":{"@id":"https:\/\/www.ieec.cat\/es\/180-estudiants-competiran-en-la-final-catalana-del-concurs-cansat-de-l-agencia-espacial-europea\/#primaryimage"},"image":{"@id":"https:\/\/www.ieec.cat\/es\/180-estudiants-competiran-en-la-final-catalana-del-concurs-cansat-de-l-agencia-espacial-europea\/#primaryimage"},"thumbnailUrl":"https:\/\/www.ieec.cat\/wp-content\/uploads\/2024\/04\/Equip-CANSAT-2023.jpg","datePublished":"2024-04-18T15:47:16+00:00","dateModified":"2024-04-19T11:44:23+00:00","author":{"@id":"https:\/\/www.ieec.cat\/es\/#\/schema\/person\/322a07f3c26d150fb0ab2c84181ced4c"},"breadcrumb":{"@id":"https:\/\/www.ieec.cat\/es\/180-estudiants-competiran-en-la-final-catalana-del-concurs-cansat-de-l-agencia-espacial-europea\/#breadcrumb"},"inLanguage":"es","potentialAction":[{"@type":"ReadAction","target":["https:\/\/www.ieec.cat\/es\/180-estudiants-competiran-en-la-final-catalana-del-concurs-cansat-de-l-agencia-espacial-europea\/"]}]},{"@type":"ImageObject","inLanguage":"es","@id":"https:\/\/www.ieec.cat\/es\/180-estudiants-competiran-en-la-final-catalana-del-concurs-cansat-de-l-agencia-espacial-europea\/#primaryimage","url":"https:\/\/www.ieec.cat\/wp-content\/uploads\/2024\/04\/Equip-CANSAT-2023.jpg","contentUrl":"https:\/\/www.ieec.cat\/wp-content\/uploads\/2024\/04\/Equip-CANSAT-2023.jpg","width":1564,"height":880,"caption":"CanSat 2023"},{"@type":"BreadcrumbList","@id":"https:\/\/www.ieec.cat\/es\/180-estudiants-competiran-en-la-final-catalana-del-concurs-cansat-de-l-agencia-espacial-europea\/#breadcrumb","itemListElement":[{"@type":"ListItem","position":1,"name":"Portada","item":"https:\/\/www.ieec.cat\/es\/"},{"@type":"ListItem","position":2,"name":"180 estudiantes competir\u00e1n en la final catalana del concurso CanSat de la Agencia Espacial Europea"}]},{"@type":"WebSite","@id":"https:\/\/www.ieec.cat\/es\/#website","url":"https:\/\/www.ieec.cat\/es\/","name":"IEEC","description":"Institut d&#039;Estudis Espacials de Catalunya","potentialAction":[{"@type":"SearchAction","target":{"@type":"EntryPoint","urlTemplate":"https:\/\/www.ieec.cat\/es\/?s={search_term_string}"},"query-input":{"@type":"PropertyValueSpecification","valueRequired":true,"valueName":"search_term_string"}}],"inLanguage":"es"},{"@type":"Person","@id":"https:\/\/www.ieec.cat\/es\/#\/schema\/person\/322a07f3c26d150fb0ab2c84181ced4c","name":"Javier Bueno","image":{"@type":"ImageObject","inLanguage":"es","@id":"https:\/\/secure.gravatar.com\/avatar\/4d48f3381f239f9e12ab1bd3e78402f1144081a2afb1cb5bc1b5ec38effae7c9?s=96&d=mm&r=g","url":"https:\/\/secure.gravatar.com\/avatar\/4d48f3381f239f9e12ab1bd3e78402f1144081a2afb1cb5bc1b5ec38effae7c9?s=96&d=mm&r=g","contentUrl":"https:\/\/secure.gravatar.com\/avatar\/4d48f3381f239f9e12ab1bd3e78402f1144081a2afb1cb5bc1b5ec38effae7c9?s=96&d=mm&r=g","caption":"Javier Bueno"}}]}},"_links":{"self":[{"href":"https:\/\/www.ieec.cat\/es\/wp-json\/wp\/v2\/posts\/27570","targetHints":{"allow":["GET"]}}],"collection":[{"href":"https:\/\/www.ieec.cat\/es\/wp-json\/wp\/v2\/posts"}],"about":[{"href":"https:\/\/www.ieec.cat\/es\/wp-json\/wp\/v2\/types\/post"}],"author":[{"embeddable":true,"href":"https:\/\/www.ieec.cat\/es\/wp-json\/wp\/v2\/users\/7"}],"replies":[{"embeddable":true,"href":"https:\/\/www.ieec.cat\/es\/wp-json\/wp\/v2\/comments?post=27570"}],"version-history":[{"count":4,"href":"https:\/\/www.ieec.cat\/es\/wp-json\/wp\/v2\/posts\/27570\/revisions"}],"predecessor-version":[{"id":27580,"href":"https:\/\/www.ieec.cat\/es\/wp-json\/wp\/v2\/posts\/27570\/revisions\/27580"}],"wp:featuredmedia":[{"embeddable":true,"href":"https:\/\/www.ieec.cat\/es\/wp-json\/wp\/v2\/media\/27525"}],"wp:attachment":[{"href":"https:\/\/www.ieec.cat\/es\/wp-json\/wp\/v2\/media?parent=27570"}],"wp:term":[{"taxonomy":"category","embeddable":true,"href":"https:\/\/www.ieec.cat\/es\/wp-json\/wp\/v2\/categories?post=27570"},{"taxonomy":"post_tag","embeddable":true,"href":"https:\/\/www.ieec.cat\/es\/wp-json\/wp\/v2\/tags?post=27570"}],"curies":[{"name":"wp","href":"https:\/\/api.w.org\/{rel}","templated":true}]}}