{"id":28298,"date":"2024-05-23T10:54:22","date_gmt":"2024-05-23T08:54:22","guid":{"rendered":"https:\/\/www.ieec.cat\/?p=28298"},"modified":"2024-06-13T17:31:10","modified_gmt":"2024-06-13T15:31:10","slug":"nueva-convocatoria-de-proyectos-de-la-preacceleradora-espacial-aterrem-lespai","status":"publish","type":"post","link":"https:\/\/www.ieec.cat\/es\/nueva-convocatoria-de-proyectos-de-la-preacceleradora-espacial-aterrem-lespai\/","title":{"rendered":"Nueva convocatoria de proyectos de la preaceleradora espacial, \u2018Aterrem l\u2019Espai\u2019!"},"content":{"rendered":"<p>[et_pb_section fb_built=\u00bb1&#8243; _builder_version=\u00bb4.14.8&#8243; _module_preset=\u00bbdefault\u00bb background_image=\u00bbhttps:\/\/www.ieec.cat\/wp-content\/uploads\/2022\/02\/slider-comunicacio.jpg\u00bb max_height=\u00bb130px\u00bb custom_padding=\u00bb0px||0px||false|false\u00bb da_disable_devices=\u00bboff|off|off\u00bb global_colors_info=\u00bb{}\u00bb da_is_popup=\u00bboff\u00bb da_exit_intent=\u00bboff\u00bb da_has_close=\u00bbon\u00bb da_alt_close=\u00bboff\u00bb da_dark_close=\u00bboff\u00bb da_not_modal=\u00bbon\u00bb da_is_singular=\u00bboff\u00bb da_with_loader=\u00bboff\u00bb da_has_shadow=\u00bbon\u00bb][\/et_pb_section][et_pb_section fb_built=\u00bb1&#8243; _builder_version=\u00bb4.14.8&#8243; _module_preset=\u00bbdefault\u00bb custom_padding=\u00bb24px||11px|||\u00bb da_disable_devices=\u00bboff|off|off\u00bb global_colors_info=\u00bb{}\u00bb da_is_popup=\u00bboff\u00bb da_exit_intent=\u00bboff\u00bb da_has_close=\u00bbon\u00bb da_alt_close=\u00bboff\u00bb da_dark_close=\u00bboff\u00bb da_not_modal=\u00bbon\u00bb da_is_singular=\u00bboff\u00bb da_with_loader=\u00bboff\u00bb da_has_shadow=\u00bbon\u00bb][et_pb_row _builder_version=\u00bb4.14.8&#8243; _module_preset=\u00bbdefault\u00bb custom_padding=\u00bb||||false|false\u00bb global_colors_info=\u00bb{}\u00bb][et_pb_column type=\u00bb4_4&#8243; _builder_version=\u00bb4.14.8&#8243; _module_preset=\u00bbdefault\u00bb global_colors_info=\u00bb{}\u00bb][et_pb_text _builder_version=\u00bb4.14.8&#8243; _dynamic_attributes=\u00bbcontent\u00bb _module_preset=\u00bbdefault\u00bb text_font=\u00bb|700||on|||||\u00bb text_font_size=\u00bb16px\u00bb header_font=\u00bb|700|||||||\u00bb text_orientation=\u00bbcenter\u00bb custom_margin=\u00bb||10px||false|false\u00bb header_font_size_tablet=\u00bb28px\u00bb header_font_size_phone=\u00bb26px\u00bb header_font_size_last_edited=\u00bbon|phone\u00bb global_colors_info=\u00bb{}\u00bb]@ET-DC@eyJkeW5hbWljIjp0cnVlLCJjb250ZW50IjoiY3VzdG9tX21ldGFfb3JnYW5pemFjaW9uZXMiLCJzZXR0aW5ncyI6eyJiZWZvcmUiOiIiLCJhZnRlciI6IiIsImVuYWJsZV9odG1sIjoib2ZmIn19@[\/et_pb_text][et_pb_post_title author=\u00bboff\u00bb categories=\u00bboff\u00bb comments=\u00bboff\u00bb featured_image=\u00bboff\u00bb _builder_version=\u00bb4.14.8&#8243; _module_preset=\u00bbdefault\u00bb title_font=\u00bbCairo|300|||||||\u00bb title_text_align=\u00bbcenter\u00bb title_font_size=\u00bb40px\u00bb meta_font=\u00bb||on||||||\u00bb meta_text_align=\u00bbcenter\u00bb meta_font_size=\u00bb16px\u00bb title_font_size_tablet=\u00bb35px\u00bb title_font_size_phone=\u00bb30px\u00bb title_font_size_last_edited=\u00bbon|desktop\u00bb global_colors_info=\u00bb{}\u00bb][\/et_pb_post_title][\/et_pb_column][\/et_pb_row][et_pb_row column_structure=\u00bb1_2,1_2&#8243; _builder_version=\u00bb4.14.8&#8243; _module_preset=\u00bbdefault\u00bb custom_padding=\u00bb||0px|||\u00bb global_colors_info=\u00bb{}\u00bb][et_pb_column _builder_version=\u00bb4.14.8&#8243; _module_preset=\u00bbdefault\u00bb type=\u00bb1_2&#8243;][et_pb_image src=\u00bbhttps:\/\/www.ieec.cat\/wp-content\/uploads\/2024\/05\/Instagram.jpg\u00bb _builder_version=\u00bb4.14.8&#8243; _module_preset=\u00bbdefault\u00bb title_text=\u00bbInstagram\u00bb hover_enabled=\u00bb0&#8243; sticky_enabled=\u00bb0&#8243; custom_margin=\u00bb|-27px||||\u00bb][\/et_pb_image][\/et_pb_column][et_pb_column type=\u00bb1_2&#8243; _builder_version=\u00bb4.14.8&#8243; _module_preset=\u00bbdefault\u00bb global_colors_info=\u00bb{}\u00bb][et_pb_post_title title=\u00bboff\u00bb meta=\u00bboff\u00bb _builder_version=\u00bb4.14.8&#8243; _module_preset=\u00bbdefault\u00bb custom_margin=\u00bb||0px||false|false\u00bb hover_enabled=\u00bb0&#8243; border_color_top=\u00bb#406fda\u00bb global_colors_info=\u00bb{}\u00bb featured_image=\u00bboff\u00bb sticky_enabled=\u00bb0&#8243;][\/et_pb_post_title][et_pb_text _builder_version=\u00bb4.14.8&#8243; _module_preset=\u00bbdefault\u00bb link_font=\u00bb|700|||on||||\u00bb custom_padding=\u00bb||0px|||\u00bb global_colors_info=\u00bb{}\u00bb]<\/p>\n<p style=\"text-align: justify;\"><span style=\"font-weight: 400;\">\u2018<\/span><a href=\"https:\/\/kimglobal.com\/es\/aterrem-lespai\/\"><span style=\"font-weight: 400;\">Aterrem l\u2019Espai<\/span><\/a><span style=\"font-weight: 400;\">\u2019 es un programa de pre-aceleraci\u00f3n de 3 meses de duraci\u00f3n para oportunidades derivadas de la nueva econom\u00eda del espacio, que combina formaci\u00f3n online y presencial, mentor\u00eda y sesiones de networking. <\/span><b>Los proyectos acelerados podr\u00e1n identificar una oportunidad de negocio basada en una tecnolog\u00eda espacial, validarla con el mercado y presentarla al ecosistema.<\/b><\/p>\n<p style=\"text-align: justify;\"><span style=\"font-weight: 400;\">El programa se dirige, principalmente, a <\/span><b>emprendedores\/as de los siguientes perfiles<\/b><\/p>\n<ul>\n<li style=\"font-weight: 400; text-align: justify;\" aria-level=\"1\"><span style=\"font-weight: 400;\">Perfiles tecnol\u00f3gicos: estudiantes o profesionales de un sector tecnol\u00f3gico (no necesariamente aeroespacial), con vocaci\u00f3n emprendedora.<\/span><\/li>\n<li style=\"font-weight: 400; text-align: justify;\" aria-level=\"1\"><span style=\"font-weight: 400;\">Profesionales de perfil de negocio (business), que est\u00e9n explorando mercados con alto retorno para liderar un nuevo proyecto y deseen tener conocimientos b\u00e1sicos del sector espacial para identificar ventanas de oportunidades.<\/span><\/li>\n<li style=\"font-weight: 400; text-align: justify;\" aria-level=\"1\"><span style=\"font-weight: 400;\">Estudiantes de \u00faltimos cursos de cualquier disciplina.<\/span><\/li>\n<li style=\"font-weight: 400; text-align: justify;\" aria-level=\"1\"><span style=\"font-weight: 400;\">Responsables de transferencia de universidades y centros de investigaci\u00f3n.<\/span><\/li>\n<li style=\"font-weight: 400; text-align: justify;\" aria-level=\"1\"><span style=\"font-weight: 400;\">Empresas de otros sectores tecnol\u00f3gicos con potencial para convertirse en partners del sector Espacial.<\/span><\/li>\n<\/ul>\n<p>[\/et_pb_text][\/et_pb_column][\/et_pb_row][et_pb_row _builder_version=\u00bb4.14.8&#8243; _module_preset=\u00bbdefault\u00bb custom_padding=\u00bb3px|||||\u00bb global_colors_info=\u00bb{}\u00bb][et_pb_column type=\u00bb4_4&#8243; _builder_version=\u00bb4.14.8&#8243; _module_preset=\u00bbdefault\u00bb global_colors_info=\u00bb{}\u00bb][et_pb_text _builder_version=\u00bb4.14.8&#8243; _module_preset=\u00bbdefault\u00bb link_font=\u00bb|700|||on||||\u00bb locked=\u00bboff\u00bb global_colors_info=\u00bb{}\u00bb]<\/p>\n<p style=\"text-align: justify;\"><span style=\"font-weight: 400;\">Los\/as emprendedores\/as interesados en participar podr\u00e1n presentar sus candidaturas hasta del <\/span><b>31 de mayo de 2024.<\/b><b><\/b><\/p>\n<p style=\"text-align: justify;\"><span style=\"font-weight: 400;\">Esta iniciativa est\u00e0 gestionada por la <\/span><a href=\"https:\/\/kimglobal.com\/es\/kimbcn\/\"><span style=\"font-weight: 400;\">Fundaci\u00f3n KIMbcn<\/span><\/a><span style=\"font-weight: 400;\">, promovida por el <\/span><a href=\"https:\/\/empresa.gencat.cat\/ca\/inici\/index.html#googtrans(ca%7Ces)\"><span style=\"font-weight: 400;\">Departamento de Empresa y Trabajo<\/span><\/a><span style=\"font-weight: 400;\"> de la <\/span><a href=\"https:\/\/politiquesdigitals.gencat.cat\/ca\/inici\/index.html\"><span style=\"font-weight: 400;\">Generalitat de Catalu\u00f1a<\/span><\/a><span style=\"font-weight: 400;\"> con la co-financiaci\u00f3n de la Uni\u00f3n Europea y cuenta con el soporte t\u00e9cnico del <\/span><a href=\"https:\/\/www.ieec.cat\/es\/\"><span style=\"font-weight: 400;\">Institut d\u2019Estudis Espacials de Catalunya<\/span><\/a><span style=\"font-weight: 400;\"> (IEEC)<\/span><\/p>\n<p style=\"text-align: justify;\"><span style=\"font-weight: 400;\">Con 12 proyectos preacelerados a sus espaldas, \u2018Aterrem l\u2019Espai\u2019 funciona como una palanca de pre-aceleraci\u00f3n dentro del marco de la <\/span><a href=\"https:\/\/politiquesdigitals.gencat.cat\/ca\/economia\/estrategia-new-space-catalunya\/index.html\"><span style=\"font-weight: 400;\">Estrategia NewSpace de Catalunya<\/span><\/a><span style=\"font-weight: 400;\">, optimizando las posibilidades de que sus proyectos sean incubados, acelerados y financiados en el ecosistema NewSpace catal\u00e1n.<\/span><\/p>\n<p style=\"text-align: justify;\"><span style=\"font-weight: 400;\"><strong>\u00bfQuieres apuntarte?<\/strong> Inscripciones e informaci\u00f3n adicional en: <\/span><a href=\"https:\/\/kimglobal.com\/es\/aterrem-lespai\/\"><span style=\"font-weight: 400;\">https:\/\/kimglobal.com\/es\/aterrem-lespai\/<\/span><\/a><\/p>\n<p>[\/et_pb_text][\/et_pb_column][\/et_pb_row][\/et_pb_section]<\/p>\n","protected":false},"excerpt":{"rendered":"<p>\u2018Aterrem l\u2019Espai\u2019 es un programa de pre-aceleraci\u00f3n de 3 meses de duraci\u00f3n para oportunidades derivadas de la nueva econom\u00eda del espacio, que combina formaci\u00f3n online y presencial, mentor\u00eda y sesiones de networking. Los proyectos acelerados podr\u00e1n identificar una oportunidad de negocio basada en una tecnolog\u00eda espacial, validarla con el mercado y presentarla al ecosistema. El [&hellip;]<\/p>\n","protected":false},"author":10,"featured_media":28369,"comment_status":"closed","ping_status":"closed","sticky":false,"template":"","format":"standard","meta":{"_et_pb_use_builder":"on","_et_pb_old_content":"","_et_gb_content_width":"2880","footnotes":""},"categories":[70,158,113],"tags":[],"class_list":["post-28298","post","type-post","status-publish","format-standard","has-post-thumbnail","hentry","category-anuncios","category-convocatorias","category-noticia-destacada-pequena"],"yoast_head":"<!-- This site is optimized with the Yoast SEO plugin v27.4 - https:\/\/yoast.com\/product\/yoast-seo-wordpress\/ -->\n<title>Nueva convocatoria de proyectos de la preaceleradora espacial, \u2018Aterrem l\u2019Espai\u2019! - IEEC<\/title>\n<meta name=\"robots\" content=\"index, follow, max-snippet:-1, max-image-preview:large, max-video-preview:-1\" \/>\n<link rel=\"canonical\" href=\"https:\/\/www.ieec.cat\/es\/nueva-convocatoria-de-proyectos-de-la-preacceleradora-espacial-aterrem-lespai\/\" \/>\n<meta property=\"og:locale\" content=\"es_ES\" \/>\n<meta property=\"og:type\" content=\"article\" \/>\n<meta property=\"og:title\" content=\"Nueva convocatoria de proyectos de la preaceleradora espacial, \u2018Aterrem l\u2019Espai\u2019! - IEEC\" \/>\n<meta property=\"og:description\" content=\"\u2018Aterrem l\u2019Espai\u2019 es un programa de pre-aceleraci\u00f3n de 3 meses de duraci\u00f3n para oportunidades derivadas de la nueva econom\u00eda del espacio, que combina formaci\u00f3n online y presencial, mentor\u00eda y sesiones de networking. Los proyectos acelerados podr\u00e1n identificar una oportunidad de negocio basada en una tecnolog\u00eda espacial, validarla con el mercado y presentarla al ecosistema. El [&hellip;]\" \/>\n<meta property=\"og:url\" content=\"https:\/\/www.ieec.cat\/es\/nueva-convocatoria-de-proyectos-de-la-preacceleradora-espacial-aterrem-lespai\/\" \/>\n<meta property=\"og:site_name\" content=\"IEEC\" \/>\n<meta property=\"article:published_time\" content=\"2024-05-23T08:54:22+00:00\" \/>\n<meta property=\"article:modified_time\" content=\"2024-06-13T15:31:10+00:00\" \/>\n<meta property=\"og:image\" content=\"https:\/\/www.ieec.cat\/wp-content\/uploads\/2024\/05\/Sin-ti\u0301tulo-919-x-767-px-1.jpg\" \/>\n\t<meta property=\"og:image:width\" content=\"919\" \/>\n\t<meta property=\"og:image:height\" content=\"767\" \/>\n\t<meta property=\"og:image:type\" content=\"image\/jpeg\" \/>\n<meta name=\"author\" content=\"Paula Lomascolo\" \/>\n<meta name=\"twitter:card\" content=\"summary_large_image\" \/>\n<meta name=\"twitter:label1\" content=\"Escrito por\" \/>\n\t<meta name=\"twitter:data1\" content=\"Paula Lomascolo\" \/>\n\t<meta name=\"twitter:label2\" content=\"Tiempo de lectura\" \/>\n\t<meta name=\"twitter:data2\" content=\"2 minutos\" \/>\n<script type=\"application\/ld+json\" class=\"yoast-schema-graph\">{\"@context\":\"https:\\\/\\\/schema.org\",\"@graph\":[{\"@type\":\"Article\",\"@id\":\"https:\\\/\\\/www.ieec.cat\\\/es\\\/nueva-convocatoria-de-proyectos-de-la-preacceleradora-espacial-aterrem-lespai\\\/#article\",\"isPartOf\":{\"@id\":\"https:\\\/\\\/www.ieec.cat\\\/es\\\/nueva-convocatoria-de-proyectos-de-la-preacceleradora-espacial-aterrem-lespai\\\/\"},\"author\":{\"name\":\"Paula Lomascolo\",\"@id\":\"https:\\\/\\\/www.ieec.cat\\\/es\\\/#\\\/schema\\\/person\\\/aff41304c96f5e2dc7e721620c836335\"},\"headline\":\"Nueva convocatoria de proyectos de la preaceleradora espacial, \u2018Aterrem l\u2019Espai\u2019!\",\"datePublished\":\"2024-05-23T08:54:22+00:00\",\"dateModified\":\"2024-06-13T15:31:10+00:00\",\"mainEntityOfPage\":{\"@id\":\"https:\\\/\\\/www.ieec.cat\\\/es\\\/nueva-convocatoria-de-proyectos-de-la-preacceleradora-espacial-aterrem-lespai\\\/\"},\"wordCount\":777,\"image\":{\"@id\":\"https:\\\/\\\/www.ieec.cat\\\/es\\\/nueva-convocatoria-de-proyectos-de-la-preacceleradora-espacial-aterrem-lespai\\\/#primaryimage\"},\"thumbnailUrl\":\"https:\\\/\\\/www.ieec.cat\\\/wp-content\\\/uploads\\\/2024\\\/05\\\/Sin-ti\u0301tulo-919-x-767-px-1.jpg\",\"articleSection\":[\"Anuncios\",\"Convocatorias\",\"Noticia destacada peque\u00f1a\"],\"inLanguage\":\"es\"},{\"@type\":\"WebPage\",\"@id\":\"https:\\\/\\\/www.ieec.cat\\\/es\\\/nueva-convocatoria-de-proyectos-de-la-preacceleradora-espacial-aterrem-lespai\\\/\",\"url\":\"https:\\\/\\\/www.ieec.cat\\\/es\\\/nueva-convocatoria-de-proyectos-de-la-preacceleradora-espacial-aterrem-lespai\\\/\",\"name\":\"Nueva convocatoria de proyectos de la preaceleradora espacial, \u2018Aterrem l\u2019Espai\u2019! - IEEC\",\"isPartOf\":{\"@id\":\"https:\\\/\\\/www.ieec.cat\\\/es\\\/#website\"},\"primaryImageOfPage\":{\"@id\":\"https:\\\/\\\/www.ieec.cat\\\/es\\\/nueva-convocatoria-de-proyectos-de-la-preacceleradora-espacial-aterrem-lespai\\\/#primaryimage\"},\"image\":{\"@id\":\"https:\\\/\\\/www.ieec.cat\\\/es\\\/nueva-convocatoria-de-proyectos-de-la-preacceleradora-espacial-aterrem-lespai\\\/#primaryimage\"},\"thumbnailUrl\":\"https:\\\/\\\/www.ieec.cat\\\/wp-content\\\/uploads\\\/2024\\\/05\\\/Sin-ti\u0301tulo-919-x-767-px-1.jpg\",\"datePublished\":\"2024-05-23T08:54:22+00:00\",\"dateModified\":\"2024-06-13T15:31:10+00:00\",\"author\":{\"@id\":\"https:\\\/\\\/www.ieec.cat\\\/es\\\/#\\\/schema\\\/person\\\/aff41304c96f5e2dc7e721620c836335\"},\"breadcrumb\":{\"@id\":\"https:\\\/\\\/www.ieec.cat\\\/es\\\/nueva-convocatoria-de-proyectos-de-la-preacceleradora-espacial-aterrem-lespai\\\/#breadcrumb\"},\"inLanguage\":\"es\",\"potentialAction\":[{\"@type\":\"ReadAction\",\"target\":[\"https:\\\/\\\/www.ieec.cat\\\/es\\\/nueva-convocatoria-de-proyectos-de-la-preacceleradora-espacial-aterrem-lespai\\\/\"]}]},{\"@type\":\"ImageObject\",\"inLanguage\":\"es\",\"@id\":\"https:\\\/\\\/www.ieec.cat\\\/es\\\/nueva-convocatoria-de-proyectos-de-la-preacceleradora-espacial-aterrem-lespai\\\/#primaryimage\",\"url\":\"https:\\\/\\\/www.ieec.cat\\\/wp-content\\\/uploads\\\/2024\\\/05\\\/Sin-ti\u0301tulo-919-x-767-px-1.jpg\",\"contentUrl\":\"https:\\\/\\\/www.ieec.cat\\\/wp-content\\\/uploads\\\/2024\\\/05\\\/Sin-ti\u0301tulo-919-x-767-px-1.jpg\",\"width\":919,\"height\":767},{\"@type\":\"BreadcrumbList\",\"@id\":\"https:\\\/\\\/www.ieec.cat\\\/es\\\/nueva-convocatoria-de-proyectos-de-la-preacceleradora-espacial-aterrem-lespai\\\/#breadcrumb\",\"itemListElement\":[{\"@type\":\"ListItem\",\"position\":1,\"name\":\"Portada\",\"item\":\"https:\\\/\\\/www.ieec.cat\\\/es\\\/\"},{\"@type\":\"ListItem\",\"position\":2,\"name\":\"Nueva convocatoria de proyectos de la preaceleradora espacial, \u2018Aterrem l\u2019Espai\u2019!\"}]},{\"@type\":\"WebSite\",\"@id\":\"https:\\\/\\\/www.ieec.cat\\\/es\\\/#website\",\"url\":\"https:\\\/\\\/www.ieec.cat\\\/es\\\/\",\"name\":\"IEEC\",\"description\":\"Institut d&#039;Estudis Espacials de Catalunya\",\"potentialAction\":[{\"@type\":\"SearchAction\",\"target\":{\"@type\":\"EntryPoint\",\"urlTemplate\":\"https:\\\/\\\/www.ieec.cat\\\/es\\\/?s={search_term_string}\"},\"query-input\":{\"@type\":\"PropertyValueSpecification\",\"valueRequired\":true,\"valueName\":\"search_term_string\"}}],\"inLanguage\":\"es\"},{\"@type\":\"Person\",\"@id\":\"https:\\\/\\\/www.ieec.cat\\\/es\\\/#\\\/schema\\\/person\\\/aff41304c96f5e2dc7e721620c836335\",\"name\":\"Paula Lomascolo\",\"image\":{\"@type\":\"ImageObject\",\"inLanguage\":\"es\",\"@id\":\"https:\\\/\\\/secure.gravatar.com\\\/avatar\\\/d146becb08ef1dc14668da95710b45497f1e0bd1fdd7a19f3cfffa45b628742a?s=96&d=mm&r=g\",\"url\":\"https:\\\/\\\/secure.gravatar.com\\\/avatar\\\/d146becb08ef1dc14668da95710b45497f1e0bd1fdd7a19f3cfffa45b628742a?s=96&d=mm&r=g\",\"contentUrl\":\"https:\\\/\\\/secure.gravatar.com\\\/avatar\\\/d146becb08ef1dc14668da95710b45497f1e0bd1fdd7a19f3cfffa45b628742a?s=96&d=mm&r=g\",\"caption\":\"Paula Lomascolo\"}}]}<\/script>\n<!-- \/ Yoast SEO plugin. -->","yoast_head_json":{"title":"Nueva convocatoria de proyectos de la preaceleradora espacial, \u2018Aterrem l\u2019Espai\u2019! - IEEC","robots":{"index":"index","follow":"follow","max-snippet":"max-snippet:-1","max-image-preview":"max-image-preview:large","max-video-preview":"max-video-preview:-1"},"canonical":"https:\/\/www.ieec.cat\/es\/nueva-convocatoria-de-proyectos-de-la-preacceleradora-espacial-aterrem-lespai\/","og_locale":"es_ES","og_type":"article","og_title":"Nueva convocatoria de proyectos de la preaceleradora espacial, \u2018Aterrem l\u2019Espai\u2019! - IEEC","og_description":"\u2018Aterrem l\u2019Espai\u2019 es un programa de pre-aceleraci\u00f3n de 3 meses de duraci\u00f3n para oportunidades derivadas de la nueva econom\u00eda del espacio, que combina formaci\u00f3n online y presencial, mentor\u00eda y sesiones de networking. Los proyectos acelerados podr\u00e1n identificar una oportunidad de negocio basada en una tecnolog\u00eda espacial, validarla con el mercado y presentarla al ecosistema. El [&hellip;]","og_url":"https:\/\/www.ieec.cat\/es\/nueva-convocatoria-de-proyectos-de-la-preacceleradora-espacial-aterrem-lespai\/","og_site_name":"IEEC","article_published_time":"2024-05-23T08:54:22+00:00","article_modified_time":"2024-06-13T15:31:10+00:00","og_image":[{"width":919,"height":767,"url":"https:\/\/www.ieec.cat\/wp-content\/uploads\/2024\/05\/Sin-ti\u0301tulo-919-x-767-px-1.jpg","type":"image\/jpeg"}],"author":"Paula Lomascolo","twitter_card":"summary_large_image","twitter_misc":{"Escrito por":"Paula Lomascolo","Tiempo de lectura":"2 minutos"},"schema":{"@context":"https:\/\/schema.org","@graph":[{"@type":"Article","@id":"https:\/\/www.ieec.cat\/es\/nueva-convocatoria-de-proyectos-de-la-preacceleradora-espacial-aterrem-lespai\/#article","isPartOf":{"@id":"https:\/\/www.ieec.cat\/es\/nueva-convocatoria-de-proyectos-de-la-preacceleradora-espacial-aterrem-lespai\/"},"author":{"name":"Paula Lomascolo","@id":"https:\/\/www.ieec.cat\/es\/#\/schema\/person\/aff41304c96f5e2dc7e721620c836335"},"headline":"Nueva convocatoria de proyectos de la preaceleradora espacial, \u2018Aterrem l\u2019Espai\u2019!","datePublished":"2024-05-23T08:54:22+00:00","dateModified":"2024-06-13T15:31:10+00:00","mainEntityOfPage":{"@id":"https:\/\/www.ieec.cat\/es\/nueva-convocatoria-de-proyectos-de-la-preacceleradora-espacial-aterrem-lespai\/"},"wordCount":777,"image":{"@id":"https:\/\/www.ieec.cat\/es\/nueva-convocatoria-de-proyectos-de-la-preacceleradora-espacial-aterrem-lespai\/#primaryimage"},"thumbnailUrl":"https:\/\/www.ieec.cat\/wp-content\/uploads\/2024\/05\/Sin-ti\u0301tulo-919-x-767-px-1.jpg","articleSection":["Anuncios","Convocatorias","Noticia destacada peque\u00f1a"],"inLanguage":"es"},{"@type":"WebPage","@id":"https:\/\/www.ieec.cat\/es\/nueva-convocatoria-de-proyectos-de-la-preacceleradora-espacial-aterrem-lespai\/","url":"https:\/\/www.ieec.cat\/es\/nueva-convocatoria-de-proyectos-de-la-preacceleradora-espacial-aterrem-lespai\/","name":"Nueva convocatoria de proyectos de la preaceleradora espacial, \u2018Aterrem l\u2019Espai\u2019! - IEEC","isPartOf":{"@id":"https:\/\/www.ieec.cat\/es\/#website"},"primaryImageOfPage":{"@id":"https:\/\/www.ieec.cat\/es\/nueva-convocatoria-de-proyectos-de-la-preacceleradora-espacial-aterrem-lespai\/#primaryimage"},"image":{"@id":"https:\/\/www.ieec.cat\/es\/nueva-convocatoria-de-proyectos-de-la-preacceleradora-espacial-aterrem-lespai\/#primaryimage"},"thumbnailUrl":"https:\/\/www.ieec.cat\/wp-content\/uploads\/2024\/05\/Sin-ti\u0301tulo-919-x-767-px-1.jpg","datePublished":"2024-05-23T08:54:22+00:00","dateModified":"2024-06-13T15:31:10+00:00","author":{"@id":"https:\/\/www.ieec.cat\/es\/#\/schema\/person\/aff41304c96f5e2dc7e721620c836335"},"breadcrumb":{"@id":"https:\/\/www.ieec.cat\/es\/nueva-convocatoria-de-proyectos-de-la-preacceleradora-espacial-aterrem-lespai\/#breadcrumb"},"inLanguage":"es","potentialAction":[{"@type":"ReadAction","target":["https:\/\/www.ieec.cat\/es\/nueva-convocatoria-de-proyectos-de-la-preacceleradora-espacial-aterrem-lespai\/"]}]},{"@type":"ImageObject","inLanguage":"es","@id":"https:\/\/www.ieec.cat\/es\/nueva-convocatoria-de-proyectos-de-la-preacceleradora-espacial-aterrem-lespai\/#primaryimage","url":"https:\/\/www.ieec.cat\/wp-content\/uploads\/2024\/05\/Sin-ti\u0301tulo-919-x-767-px-1.jpg","contentUrl":"https:\/\/www.ieec.cat\/wp-content\/uploads\/2024\/05\/Sin-ti\u0301tulo-919-x-767-px-1.jpg","width":919,"height":767},{"@type":"BreadcrumbList","@id":"https:\/\/www.ieec.cat\/es\/nueva-convocatoria-de-proyectos-de-la-preacceleradora-espacial-aterrem-lespai\/#breadcrumb","itemListElement":[{"@type":"ListItem","position":1,"name":"Portada","item":"https:\/\/www.ieec.cat\/es\/"},{"@type":"ListItem","position":2,"name":"Nueva convocatoria de proyectos de la preaceleradora espacial, \u2018Aterrem l\u2019Espai\u2019!"}]},{"@type":"WebSite","@id":"https:\/\/www.ieec.cat\/es\/#website","url":"https:\/\/www.ieec.cat\/es\/","name":"IEEC","description":"Institut d&#039;Estudis Espacials de Catalunya","potentialAction":[{"@type":"SearchAction","target":{"@type":"EntryPoint","urlTemplate":"https:\/\/www.ieec.cat\/es\/?s={search_term_string}"},"query-input":{"@type":"PropertyValueSpecification","valueRequired":true,"valueName":"search_term_string"}}],"inLanguage":"es"},{"@type":"Person","@id":"https:\/\/www.ieec.cat\/es\/#\/schema\/person\/aff41304c96f5e2dc7e721620c836335","name":"Paula Lomascolo","image":{"@type":"ImageObject","inLanguage":"es","@id":"https:\/\/secure.gravatar.com\/avatar\/d146becb08ef1dc14668da95710b45497f1e0bd1fdd7a19f3cfffa45b628742a?s=96&d=mm&r=g","url":"https:\/\/secure.gravatar.com\/avatar\/d146becb08ef1dc14668da95710b45497f1e0bd1fdd7a19f3cfffa45b628742a?s=96&d=mm&r=g","contentUrl":"https:\/\/secure.gravatar.com\/avatar\/d146becb08ef1dc14668da95710b45497f1e0bd1fdd7a19f3cfffa45b628742a?s=96&d=mm&r=g","caption":"Paula Lomascolo"}}]}},"_links":{"self":[{"href":"https:\/\/www.ieec.cat\/es\/wp-json\/wp\/v2\/posts\/28298","targetHints":{"allow":["GET"]}}],"collection":[{"href":"https:\/\/www.ieec.cat\/es\/wp-json\/wp\/v2\/posts"}],"about":[{"href":"https:\/\/www.ieec.cat\/es\/wp-json\/wp\/v2\/types\/post"}],"author":[{"embeddable":true,"href":"https:\/\/www.ieec.cat\/es\/wp-json\/wp\/v2\/users\/10"}],"replies":[{"embeddable":true,"href":"https:\/\/www.ieec.cat\/es\/wp-json\/wp\/v2\/comments?post=28298"}],"version-history":[{"count":21,"href":"https:\/\/www.ieec.cat\/es\/wp-json\/wp\/v2\/posts\/28298\/revisions"}],"predecessor-version":[{"id":29222,"href":"https:\/\/www.ieec.cat\/es\/wp-json\/wp\/v2\/posts\/28298\/revisions\/29222"}],"wp:featuredmedia":[{"embeddable":true,"href":"https:\/\/www.ieec.cat\/es\/wp-json\/wp\/v2\/media\/28369"}],"wp:attachment":[{"href":"https:\/\/www.ieec.cat\/es\/wp-json\/wp\/v2\/media?parent=28298"}],"wp:term":[{"taxonomy":"category","embeddable":true,"href":"https:\/\/www.ieec.cat\/es\/wp-json\/wp\/v2\/categories?post=28298"},{"taxonomy":"post_tag","embeddable":true,"href":"https:\/\/www.ieec.cat\/es\/wp-json\/wp\/v2\/tags?post=28298"}],"curies":[{"name":"wp","href":"https:\/\/api.w.org\/{rel}","templated":true}]}}