{"id":30406,"date":"2024-08-07T12:00:21","date_gmt":"2024-08-07T10:00:21","guid":{"rendered":"https:\/\/www.ieec.cat\/?p=30406"},"modified":"2024-08-08T09:26:46","modified_gmt":"2024-08-08T07:26:46","slug":"el-superbolido-observado-el-18-de-mayo-se-origino-posiblemente-en-un-cometa-de-la-familia-de-jupiter","status":"publish","type":"post","link":"https:\/\/www.ieec.cat\/es\/el-superbolido-observado-el-18-de-mayo-se-origino-posiblemente-en-un-cometa-de-la-familia-de-jupiter\/","title":{"rendered":"El superb\u00f3lido observado el 18 de mayo se origin\u00f3 posiblemente en un cometa de la familia de J\u00fapiter"},"content":{"rendered":"<p>[et_pb_section fb_built=\u00bb1&#8243; _builder_version=\u00bb4.14.8&#8243; _module_preset=\u00bbdefault\u00bb background_image=\u00bbhttps:\/\/www.ieec.cat\/wp-content\/uploads\/2022\/02\/slider-comunicacio.jpg\u00bb max_height=\u00bb130px\u00bb custom_padding=\u00bb0px||0px||false|false\u00bb da_disable_devices=\u00bboff|off|off\u00bb global_colors_info=\u00bb{}\u00bb da_is_popup=\u00bboff\u00bb da_exit_intent=\u00bboff\u00bb da_has_close=\u00bbon\u00bb da_alt_close=\u00bboff\u00bb da_dark_close=\u00bboff\u00bb da_not_modal=\u00bbon\u00bb da_is_singular=\u00bboff\u00bb da_with_loader=\u00bboff\u00bb da_has_shadow=\u00bbon\u00bb][\/et_pb_section][et_pb_section fb_built=\u00bb1&#8243; _builder_version=\u00bb4.14.8&#8243; _module_preset=\u00bbdefault\u00bb custom_padding=\u00bb24px||11px|||\u00bb da_disable_devices=\u00bboff|off|off\u00bb global_colors_info=\u00bb{}\u00bb da_is_popup=\u00bboff\u00bb da_exit_intent=\u00bboff\u00bb da_has_close=\u00bbon\u00bb da_alt_close=\u00bboff\u00bb da_dark_close=\u00bboff\u00bb da_not_modal=\u00bbon\u00bb da_is_singular=\u00bboff\u00bb da_with_loader=\u00bboff\u00bb da_has_shadow=\u00bbon\u00bb][et_pb_row _builder_version=\u00bb4.14.8&#8243; _module_preset=\u00bbdefault\u00bb custom_padding=\u00bb||||false|false\u00bb global_colors_info=\u00bb{}\u00bb][et_pb_column type=\u00bb4_4&#8243; _builder_version=\u00bb4.14.8&#8243; _module_preset=\u00bbdefault\u00bb global_colors_info=\u00bb{}\u00bb][et_pb_text admin_label=\u00bbUnitats de recerca\u00bb _builder_version=\u00bb4.14.8&#8243; _dynamic_attributes=\u00bbcontent\u00bb _module_preset=\u00bbdefault\u00bb text_font=\u00bb|700||on|||||\u00bb text_font_size=\u00bb16px\u00bb header_font=\u00bb|700|||||||\u00bb custom_margin=\u00bb||10px||false|false\u00bb header_font_size_tablet=\u00bb28px\u00bb header_font_size_phone=\u00bb26px\u00bb header_font_size_last_edited=\u00bbon|phone\u00bb global_colors_info=\u00bb{}\u00bb]@ET-DC@eyJkeW5hbWljIjp0cnVlLCJjb250ZW50IjoiY3VzdG9tX21ldGFfb3JnYW5pemFjaW9uZXMiLCJzZXR0aW5ncyI6eyJiZWZvcmUiOiIiLCJhZnRlciI6IiIsImVuYWJsZV9odG1sIjoib2ZmIn19@[\/et_pb_text][et_pb_post_title author=\u00bboff\u00bb categories=\u00bboff\u00bb comments=\u00bboff\u00bb featured_image=\u00bboff\u00bb admin_label=\u00bbT\u00edtol i data\u00bb _builder_version=\u00bb4.14.8&#8243; _module_preset=\u00bbdefault\u00bb title_font=\u00bbCairo|300|||||||\u00bb title_font_size=\u00bb40px\u00bb meta_font=\u00bb||on||||||\u00bb meta_font_size=\u00bb16px\u00bb title_font_size_tablet=\u00bb35px\u00bb title_font_size_phone=\u00bb30px\u00bb title_font_size_last_edited=\u00bbon|desktop\u00bb global_colors_info=\u00bb{}\u00bb][\/et_pb_post_title][et_pb_text admin_label=\u00bbSubt\u00edtols\u00bb _builder_version=\u00bb4.14.8&#8243; _module_preset=\u00bbdefault\u00bb text_font=\u00bbSource Sans Pro||on||||||\u00bb text_font_size=\u00bb24px\u00bb text_line_height=\u00bb1.1em\u00bb text_font_size_tablet=\u00bb22px\u00bb text_font_size_phone=\u00bb20px\u00bb text_font_size_last_edited=\u00bbon|phone\u00bb global_colors_info=\u00bb{}\u00bb]<\/p>\n<ul>\n<li>Esta es la primera vez que se asocia la \u00f3rbita de un meteoroide de un metro de tama\u00f1o a un cometa de la familia J\u00fapiter, una clase de cometas con periodos orbitales cortos, inferiores a 20 a\u00f1os<\/li>\n<li>El meteoroide fue registrado desde el espacio y desde varias estaciones de la Red de Investigaci\u00f3n de B\u00f3lidos y Meteoritos, lo que permiti\u00f3 calcular su trayectoria atmosf\u00e9rica y su \u00f3rbita helioc\u00e9ntrica<\/li>\n<li>Tres investigadores del IEEC en el Instituto de Ciencias del Espacio han participado en el estudio, publicado en la revista Monthly Notices of the Royal Astronomical Society: Letters<\/li>\n<\/ul>\n<p>[\/et_pb_text][\/et_pb_column][\/et_pb_row][et_pb_row column_structure=\u00bb1_2,1_2&#8243; _builder_version=\u00bb4.14.8&#8243; _module_preset=\u00bbdefault\u00bb global_colors_info=\u00bb{}\u00bb][et_pb_column type=\u00bb1_2&#8243; _builder_version=\u00bb4.14.8&#8243; _module_preset=\u00bbdefault\u00bb global_colors_info=\u00bb{}\u00bb][et_pb_post_title title=\u00bboff\u00bb meta=\u00bboff\u00bb _builder_version=\u00bb4.14.8&#8243; _module_preset=\u00bbdefault\u00bb custom_margin=\u00bb||0px||false|false\u00bb border_width_top=\u00bb10px\u00bb border_color_top=\u00bb#406fda\u00bb global_colors_info=\u00bb{}\u00bb][\/et_pb_post_title][et_pb_text _builder_version=\u00bb4.14.8&#8243; _module_preset=\u00bbdefault\u00bb text_font=\u00bb||||||||\u00bb text_font_size=\u00bb15px\u00bb text_line_height=\u00bb1.1em\u00bb background_color=\u00bbrgba(64,111,218,0.15)\u00bb custom_margin=\u00bb0px||||false|false\u00bb custom_padding=\u00bb30px|20px|30px|20px|true|true\u00bb global_colors_info=\u00bb{}\u00bb]<\/p>\n<p><strong>Leyenda:<\/strong> Capturas de cuatro v\u00eddeos utilizados en el art\u00edculo para estudiar el superb\u00f3lido SPMN180524F. Las im\u00e1genes son una combinaci\u00f3n de los fotogramas de cada v\u00eddeo. Se han eliminado algunos fotogramas saturados con fines ilustrativos. De izquierda a derecha: Navianos de Valverde, Estepa, Sanl\u00facar de Barrameda y Casas de Mill\u00e1n. En el centro hay un fotograma de un v\u00eddeo compartido en las redes sociales que captura la parte final de la fase luminosa.\u00a0<br \/><span style=\"font-weight: 400;\"><strong>Cr\u00e9ditos:<\/strong> Eloy Pe\u00f1a-Asensio <em>et al<\/em>.<\/span><\/p>\n<p>[\/et_pb_text][\/et_pb_column][et_pb_column type=\u00bb1_2&#8243; _builder_version=\u00bb4.14.8&#8243; _module_preset=\u00bbdefault\u00bb global_colors_info=\u00bb{}\u00bb][et_pb_text _builder_version=\u00bb4.14.8&#8243; _module_preset=\u00bbdefault\u00bb link_font=\u00bb|700|||on||||\u00bb global_colors_info=\u00bb{}\u00bb]<\/p>\n<p><span style=\"font-weight: 400;\">El 18 de mayo de 2024, un superb\u00f3lido gigante sobrevol\u00f3 la pen\u00ednsula ib\u00e9rica y fue captado por las estaciones de la <\/span><a href=\"https:\/\/www.spmn.uji.es\/\" target=\"_blank\" rel=\"noopener\"><span style=\"font-weight: 400;\">Red de Investigaci\u00f3n de B\u00f3lidos y Meteoritos<\/span><\/a><span style=\"font-weight: 400;\"> (SPMN) que monitorizan el cielo. Un equipo liderado por investigadores del <\/span><a href=\"https:\/\/www.ieec.cat\/\"><span style=\"font-weight: 400;\">Institut d\u2019Estudis Espacials de Catalunya<\/span><\/a><span style=\"font-weight: 400;\"> (IEEC) en el <\/span><a href=\"https:\/\/www.ice.csic.es\/\" target=\"_blank\" rel=\"noopener\"><span style=\"font-weight: 400;\">Instituto de Ciencias del Espacio<\/span><\/a><span style=\"font-weight: 400;\"> (ICE-CSIC) reconstruy\u00f3 la trayectoria del meteoroide y concluy\u00f3 que su origen m\u00e1s probable es la regi\u00f3n de los cometas de la familia J\u00fapiter (JFC). El estudio se ha publicado en la revista <\/span><i><span style=\"font-weight: 400;\">Monthly Notices of the Royal Astronomical Society: Letters<\/span><\/i><span style=\"font-weight: 400;\">.<\/span><\/p>\n<p><span style=\"font-weight: 400;\">Esta es <\/span><b>la primera vez que la \u00f3rbita de un meteoroide de un metro de tama\u00f1o se asocia din\u00e1micamente con un cometa de la familia J\u00fapiter<\/b><span style=\"font-weight: 400;\">. La mayor\u00eda de las rocas que impactan en la atm\u00f3sfera terrestre provienen de \u00f3rbitas que se originaron en el cintur\u00f3n principal de asteroides. Por el contrario, los cometas de la familia J\u00fapiter son cometas de periodo corto, con periodos orbitales inferiores a 20 a\u00f1os. Se cree que <\/span><b>se formaron en el cintur\u00f3n de Kuiper<\/b><span style=\"font-weight: 400;\">, un conjunto de cuerpos rocosos y helados ubicados m\u00e1s all\u00e1 de la \u00f3rbita de Neptuno.<\/span><\/p>\n<p>[\/et_pb_text][\/et_pb_column][\/et_pb_row][et_pb_row _builder_version=\u00bb4.14.8&#8243; _module_preset=\u00bbdefault\u00bb global_colors_info=\u00bb{}\u00bb][et_pb_column type=\u00bb4_4&#8243; _builder_version=\u00bb4.14.8&#8243; _module_preset=\u00bbdefault\u00bb global_colors_info=\u00bb{}\u00bb][et_pb_text _builder_version=\u00bb4.14.8&#8243; _module_preset=\u00bbdefault\u00bb link_font=\u00bb|700|||on||||\u00bb locked=\u00bboff\u00bb global_colors_info=\u00bb{}\u00bb]<\/p>\n<p><span style=\"font-weight: 400;\">El meteoroide fue registrado por 12 estaciones de v\u00eddeo de la red SPMN, una colaboraci\u00f3n profesional-amateur (<\/span><i><span style=\"font-weight: 400;\">proam<\/span><\/i><span style=\"font-weight: 400;\">) liderada por <\/span><b>Josep M. Trigo-Rodr\u00edguez<\/b><span style=\"font-weight: 400;\">, investigador del IEEC en el ICE-CSIC. El equipo, liderado por tres investigadores del Grupo de Investigaci\u00f3n en Meteoritos, Cuerpos Menores y Ciencias Planetarias del ICE-CSIC, seleccion\u00f3 tres v\u00eddeos de la red SPMN, otro obtenido por <\/span><b>Pablo Ram\u00edrez-Moreta<\/b><span style=\"font-weight: 400;\"> y <\/span><b>Rainer Kresken<\/b><span style=\"font-weight: 400;\">, coautores del estudio, de la Oficina de Defensa Planetaria (OPS-SP) de la <\/span><a href=\"https:\/\/www.esa.int\/\" target=\"_blank\" rel=\"noopener\"><span style=\"font-weight: 400;\">Agencia Espacial Europea<\/span><\/a><span style=\"font-weight: 400;\"> (ESA), as\u00ed como observaciones desde el espacio a trav\u00e9s de sat\u00e9lites de defensa de Estados Unidos. Tras calcular la trayectoria y la \u00f3rbita helioc\u00e9ntrica (alrededor del Sol) del meteoroide, el equipo descubri\u00f3 que los elementos orbitales indicaban que la fuente m\u00e1s probable es la regi\u00f3n de cometas de la familia de J\u00fapiter, alineada con la familia de cometas SOHO, ya que su \u00f3rbita es lo suficientemente exc\u00e9ntrica e inclinada como para estar separada de la acci\u00f3n gravitatoria de J\u00fapiter.<\/span><\/p>\n<p><span style=\"font-weight: 400;\">\u00ab<\/span><span style=\"font-weight: 400;\">El llamado superb\u00f3lido ib\u00e9rico de 2024 fue sin duda un evento especial, caracterizado por una fragmentaci\u00f3n atmosf\u00e9rica inusual y una \u00f3rbita cercana al Sol. Su tama\u00f1o m\u00e9trico presenta un desaf\u00edo a nuestra comprensi\u00f3n actual de los procesos de disrupci\u00f3n<\/span><span style=\"font-weight: 400;\">\u00bb<\/span><span style=\"font-weight: 400;\">, afirma <\/span><b>Eloy Pe\u00f1a-Asensio<\/b><span style=\"font-weight: 400;\">, primer autor del estudio, que realiz\u00f3 su doctorado en el ICE-CSIC y el IEEC, y actualmente es investigador postdoctoral en el Polit\u00e9cnico de Mil\u00e1n.<\/span><\/p>\n<p>[\/et_pb_text][\/et_pb_column][\/et_pb_row][et_pb_row column_structure=\u00bb1_2,1_2&#8243; _builder_version=\u00bb4.14.8&#8243; _module_preset=\u00bbdefault\u00bb locked=\u00bboff\u00bb global_colors_info=\u00bb{}\u00bb][et_pb_column type=\u00bb1_2&#8243; _builder_version=\u00bb4.14.8&#8243; _module_preset=\u00bbdefault\u00bb global_colors_info=\u00bb{}\u00bb][et_pb_divider color=\u00bb#406fda\u00bb _builder_version=\u00bb4.14.8&#8243; _module_preset=\u00bbdefault\u00bb custom_margin=\u00bb||10px||false|false\u00bb global_colors_info=\u00bb{}\u00bb][\/et_pb_divider][et_pb_text _builder_version=\u00bb4.14.8&#8243; _module_preset=\u00bbdefault\u00bb text_font=\u00bbCairo|700|||||||\u00bb text_text_color=\u00bb#406fda\u00bb text_font_size=\u00bb20px\u00bb custom_margin=\u00bb||10px||false|false\u00bb global_colors_info=\u00bb{}\u00bb]<\/p>\n<p>Trayectoria del superb\u00f3lido<\/p>\n<p>[\/et_pb_text][et_pb_video src=\u00bbhttps:\/\/www.ieec.cat\/wp-content\/uploads\/2024\/08\/20240805161529_SPMN180524_trajectory.mp4&#8243; _builder_version=\u00bb4.14.8&#8243; _module_preset=\u00bbdefault\u00bb custom_margin=\u00bb||-1px|||\u00bb global_colors_info=\u00bb{}\u00bb][\/et_pb_video][et_pb_text _builder_version=\u00bb4.14.8&#8243; _module_preset=\u00bbdefault\u00bb text_font=\u00bb||||||||\u00bb text_font_size=\u00bb15px\u00bb text_line_height=\u00bb1.1em\u00bb background_color=\u00bbrgba(64,111,218,0.15)\u00bb custom_margin=\u00bb0px||||false|false\u00bb custom_padding=\u00bb30px|20px|30px|20px|true|true\u00bb global_colors_info=\u00bb{}\u00bb]<\/p>\n<p><strong>Leyenda:<\/strong> <span style=\"font-weight: 400;\">Visualizaci\u00f3n de la trayectoria del superb\u00f3lido a su paso por la pen\u00ednsula ib\u00e9rica.<\/span><br \/><span style=\"font-weight: 400;\"><strong>Cr\u00e9ditos:<\/strong> Pau Gr\u00e8bol.<\/span><\/p>\n<p>[\/et_pb_text][\/et_pb_column][et_pb_column type=\u00bb1_2&#8243; _builder_version=\u00bb4.14.8&#8243; _module_preset=\u00bbdefault\u00bb global_colors_info=\u00bb{}\u00bb][et_pb_text _builder_version=\u00bb4.14.8&#8243; _module_preset=\u00bbdefault\u00bb link_font=\u00bb|700|||on||||\u00bb global_colors_info=\u00bb{}\u00bb]<\/p>\n<p><span style=\"font-weight: 400;\">El equipo encontr\u00f3 sorprendente que la distancia m\u00e1s cercana al Sol en la trayectoria de este meteoroide de un metro fue de 15 millones de kil\u00f3metros, es decir, una d\u00e9cima parte de la distancia entre la Tierra y el Sol. A esta distancia del Sol, la superficie de la roca estaba sometida a temperaturas de unos 1000 Kelvin, por lo que <\/span><b>el meteoroide experimentaba un calentamiento bastante extremo en cada aproximaci\u00f3n al perihelio<\/b><span style=\"font-weight: 400;\">, probablemente afectando a su contenido vol\u00e1til. <\/span><span style=\"font-weight: 400;\">\u00ab<\/span><span style=\"font-weight: 400;\">Una vez que el meteoroide alcanz\u00f3 la atm\u00f3sfera terrestre a una velocidad de 40 kil\u00f3metros por segundo, comenz\u00f3 un proceso de ablaci\u00f3n a una altura de unos 130 km sobre el nivel del mar, y sigui\u00f3 una trayectoria casi horizontal, produciendo una estela luminosa de m\u00e1s de 500 kil\u00f3metros de longitud, hasta terminar sobre el oc\u00e9ano Atl\u00e1ntico<\/span><span style=\"font-weight: 400;\">\u00bb<\/span><span style=\"font-weight: 400;\">, se\u00f1ala <\/span><b>Pau Gr\u00e8bol<\/b><span style=\"font-weight: 400;\">, investigador predoctoral del ICE-CSIC y del IEEC.<\/span><span style=\"font-weight: 400;\"><\/span><\/p>\n<p><span style=\"font-weight: 400;\">Las propiedades f\u00edsicas inferidas del meteoroide revelaron que el superb\u00f3lido fue producido por un meteoroide carbonoso relativamente fr\u00e1gil, pero que albergaba rocas de alta resistencia que alcanzaron la parte inferior de la trayectoria luminosa a alturas de unos 50 kil\u00f3metros sobre el nivel del mar. El equipo sugiere que el meteoroide era una condrita carbonosa polim\u00edctica, que conten\u00eda en su interior material ajeno a los de una condrita carbonosa debido a las colisiones experimentadas durante el tiempo que estuvo en el espacio interplanetario, probablemente atravesando regiones abundantes en rocas de mayor resistencia.<\/span><span style=\"font-weight: 400;\"><\/span><span style=\"font-weight: 400;\"><\/span><span style=\"font-weight: 400;\"><\/span><\/p>\n<p>[\/et_pb_text][\/et_pb_column][\/et_pb_row][et_pb_row _builder_version=\u00bb4.14.8&#8243; _module_preset=\u00bbdefault\u00bb global_colors_info=\u00bb{}\u00bb][et_pb_column type=\u00bb4_4&#8243; _builder_version=\u00bb4.14.8&#8243; _module_preset=\u00bbdefault\u00bb global_colors_info=\u00bb{}\u00bb][et_pb_text _builder_version=\u00bb4.14.8&#8243; _module_preset=\u00bbdefault\u00bb link_font=\u00bb|700|||on||||\u00bb locked=\u00bboff\u00bb global_colors_info=\u00bb{}\u00bb]<\/p>\n<p><span style=\"font-weight: 400;\">Sin embargo, como explica Eloy Pe\u00f1a-Asensio, los autores no descartan la hip\u00f3tesis de que el objeto impactante pudiera ser un asteroide de tipo C procesado t\u00e9rmicamente debido a encuentros cercanos con el Sol. El hecho de que este tipo de objetos terminen en esta \u00f3rbita o no sigue siendo una inc\u00f3gnita. Este estudio tambi\u00e9n identifica objetos impactantes anteriores similares a este, pero ninguno de ellos de un metro de tama\u00f1o. Esto establece nuevos l\u00edmites a la disrupci\u00f3n supercatastr\u00f3fica esperada de los objetos que bordean el Sol.<\/span><\/p>\n<p>[\/et_pb_text][\/et_pb_column][\/et_pb_row][et_pb_row _builder_version=\u00bb4.14.8&#8243; _module_preset=\u00bbdefault\u00bb global_colors_info=\u00bb{}\u00bb][et_pb_column type=\u00bb4_4&#8243; _builder_version=\u00bb4.14.8&#8243; _module_preset=\u00bbdefault\u00bb global_colors_info=\u00bb{}\u00bb][et_pb_text _builder_version=\u00bb4.14.8&#8243; _module_preset=\u00bbdefault\u00bb header_2_font=\u00bb|700|||||||\u00bb header_2_font_size=\u00bb25px\u00bb header_2_font_size_tablet=\u00bb23px\u00bb header_2_font_size_phone=\u00bb23px\u00bb header_2_font_size_last_edited=\u00bbon|phone\u00bb global_colors_info=\u00bb{}\u00bb]<\/p>\n<h2>Proyectiles de un metro cercanos a la Tierra<\/h2>\n<p>[\/et_pb_text][et_pb_text _builder_version=\u00bb4.14.8&#8243; _module_preset=\u00bbdefault\u00bb link_font=\u00bb|700|||on||||\u00bb locked=\u00bboff\u00bb global_colors_info=\u00bb{}\u00bb]<\/p>\n<p><span style=\"font-weight: 400;\">\u00ab<\/span><span style=\"font-weight: 400;\">Nuestro estudio ejemplifica la necesidad de aumentar nuestra cobertura telesc\u00f3pica global para identificar asteroides y cometas de un metro que experimentan aproximaciones cercanas a la Tierra. La detecci\u00f3n de este \u2018peque\u00f1o cometa\u2019 es un caso de estudio para aprender m\u00e1s sobre el peligro potencial asociado a los proyectiles altamente exc\u00e9ntricos asociados a los JFC, que probablemente contribuyen entre el 1 y el 5% al flujo global de meteoroides, pero que raramente est\u00e1n poblados por proyectiles de un metro como el que produce este singular superb\u00f3lido<\/span><span style=\"font-weight: 400;\">\u00bb<\/span><span style=\"font-weight: 400;\">, afirma <\/span><b>Josep M. Trigo-Rodr\u00edguez<\/b><span style=\"font-weight: 400;\">.<\/span><\/p>\n<p><span style=\"font-weight: 400;\">Tras comprobar que el meteoroide es probablemente producto de la ruptura de un cometa exc\u00e9ntrico, el equipo estudia actualmente la posibilidad de supervivencia de muestras asociadas a este evento. La naturaleza de la roca demuestra que los JFC podr\u00edan albergar materiales de alta resistencia y acabar sus d\u00edas como cuerpos oscuros que cruzan peri\u00f3dicamente la regi\u00f3n cercana a la Tierra. Adem\u00e1s, los proyectiles de un metro de tama\u00f1o lanzados desde los JFC podr\u00edan ser fuentes de riesgo o producir ca\u00eddas de meteoritos en las condiciones geom\u00e9tricas adecuadas.<\/span><\/p>\n<p>&nbsp;<\/p>\n<p><em><span style=\"font-weight: 400;\">Nota de prensa elaborada en colaboraci\u00f3n con el Instituto de Ciencias del Espacio.<br \/><\/span><\/em><\/p>\n<p>[\/et_pb_text][\/et_pb_column][\/et_pb_row][et_pb_row _builder_version=\u00bb4.14.8&#8243; _module_preset=\u00bbdefault\u00bb custom_margin=\u00bb30px||||false|false\u00bb locked=\u00bboff\u00bb global_colors_info=\u00bb{}\u00bb][et_pb_column type=\u00bb4_4&#8243; _builder_version=\u00bb4.14.8&#8243; _module_preset=\u00bbdefault\u00bb global_colors_info=\u00bb{}\u00bb][et_pb_divider color=\u00bb#406fda\u00bb _builder_version=\u00bb4.14.8&#8243; _module_preset=\u00bbdefault\u00bb custom_margin=\u00bb||10px||false|false\u00bb global_colors_info=\u00bb{}\u00bb][\/et_pb_divider][et_pb_text admin_label=\u00bbM\u00e9s informaci\u00f3\u00bb _builder_version=\u00bb4.14.8&#8243; _module_preset=\u00bbdefault\u00bb text_font=\u00bbCairo|700|||||||\u00bb text_text_color=\u00bb#406fda\u00bb text_font_size=\u00bb20px\u00bb custom_margin=\u00bb||10px||false|false\u00bb global_colors_info=\u00bb{}\u00bb]<\/p>\n<p>M\u00e1s informaci\u00f3n<\/p>\n<p>[\/et_pb_text][et_pb_text _builder_version=\u00bb4.14.8&#8243; _module_preset=\u00bbdefault\u00bb text_font_size=\u00bb16px\u00bb text_line_height=\u00bb1.1em\u00bb link_font=\u00bb|700|||on||||\u00bb custom_margin=\u00bb20px||||false|false\u00bb global_colors_info=\u00bb{}\u00bb]<\/p>\n<p><span style=\"font-weight: 400;\"><\/span><span style=\"font-weight: 400;\">Esta investigaci\u00f3n se presenta en un art\u00edculo titulado <\/span><span style=\"font-weight: 400;\">\u00ab<\/span><a href=\"https:\/\/doi.org\/10.1093\/mnrasl\/slae065\" target=\"_blank\" rel=\"noopener\"><span style=\"font-weight: 400;\">The 18 May 2024 iberian superbolide from a sunskirting orbit: USG space sensors and ground-based independent observations<\/span><\/a><span style=\"font-weight: 400;\">\u00bb<\/span><span style=\"font-weight: 400;\">, de Pe\u00f1a-Asensio, E., Gr\u00e8bol-Tom\u00e0s, P., Trigo-Rodr\u00edguez, J.M., <\/span><i><span style=\"font-weight: 400;\">et al.<\/span><\/i><span style=\"font-weight: 400;\">, que aparecer\u00e1 en la revista Monthly Notices of the Royal Astronomical Society: Letters el 6 de agosto de 2024.<\/span><\/p>\n<p>[\/et_pb_text][\/et_pb_column][\/et_pb_row][et_pb_row _builder_version=\u00bb4.14.8&#8243; _module_preset=\u00bbdefault\u00bb custom_margin=\u00bb||||false|false\u00bb locked=\u00bboff\u00bb global_colors_info=\u00bb{}\u00bb][et_pb_column type=\u00bb4_4&#8243; _builder_version=\u00bb4.14.8&#8243; _module_preset=\u00bbdefault\u00bb global_colors_info=\u00bb{}\u00bb][et_pb_divider color=\u00bb#406fda\u00bb _builder_version=\u00bb4.14.8&#8243; _module_preset=\u00bbdefault\u00bb custom_margin=\u00bb||10px||false|false\u00bb global_colors_info=\u00bb{}\u00bb][\/et_pb_divider][et_pb_text admin_label=\u00bbEnlla\u00e7os\u00bb _builder_version=\u00bb4.14.8&#8243; _module_preset=\u00bbdefault\u00bb text_font=\u00bbCairo|700|||||||\u00bb text_text_color=\u00bb#406fda\u00bb text_font_size=\u00bb20px\u00bb custom_margin=\u00bb||10px||false|false\u00bb global_colors_info=\u00bb{}\u00bb]<\/p>\n<p>Enlaces<\/p>\n<p>[\/et_pb_text][et_pb_text _builder_version=\u00bb4.14.8&#8243; _module_preset=\u00bbdefault\u00bb text_font_size=\u00bb16px\u00bb text_line_height=\u00bb1.1em\u00bb link_font=\u00bb|700|||on|||#1a1140|\u00bb link_text_color=\u00bb#1a1140&#8243; link_line_height=\u00bb1.4em\u00bb custom_margin=\u00bb20px||||false|false\u00bb global_colors_info=\u00bb{}\u00bb]<\/p>\n<ul>\n<li><a href=\"http:\/\/www.ieec.cat\/es\"><span style=\"font-weight: 400;\">IEEC<\/span><\/a><\/li>\n<li><a href=\"https:\/\/www.ice.csic.es\/\" target=\"_blank\" rel=\"noopener\"><span style=\"font-weight: 400;\">ICE-CSIC<\/span><\/a><\/li>\n<li><a href=\"https:\/\/www.spmn.uji.es\/\" target=\"_blank\" rel=\"noopener\"><span style=\"font-weight: 400;\">Red de Investigaci\u00f3n de B\u00f3lidos y Meteoritos<\/span><\/a><a href=\"https:\/\/www.spmn.uji.es\/CAT\/presentacio.html\" target=\"_blank\" rel=\"noopener\"><span style=\"font-weight: 400;\"><\/span><\/a><\/li>\n<\/ul>\n<p>[\/et_pb_text][\/et_pb_column][\/et_pb_row][et_pb_row _builder_version=\u00bb4.14.8&#8243; _module_preset=\u00bbdefault\u00bb custom_margin=\u00bb||||false|false\u00bb locked=\u00bboff\u00bb global_colors_info=\u00bb{}\u00bb][et_pb_column type=\u00bb4_4&#8243; _builder_version=\u00bb4.14.8&#8243; _module_preset=\u00bbdefault\u00bb global_colors_info=\u00bb{}\u00bb][et_pb_divider color=\u00bb#406fda\u00bb _builder_version=\u00bb4.14.8&#8243; _module_preset=\u00bbdefault\u00bb custom_margin=\u00bb||10px||false|false\u00bb global_colors_info=\u00bb{}\u00bb][\/et_pb_divider][et_pb_text admin_label=\u00bbContactes\u00bb _builder_version=\u00bb4.14.8&#8243; _module_preset=\u00bbdefault\u00bb text_font=\u00bbCairo|700|||||||\u00bb text_text_color=\u00bb#406fda\u00bb text_font_size=\u00bb20px\u00bb custom_margin=\u00bb||10px||false|false\u00bb global_colors_info=\u00bb{}\u00bb]<\/p>\n<p>Contactos<\/p>\n<p>[\/et_pb_text][\/et_pb_column][\/et_pb_row][et_pb_row column_structure=\u00bb2_5,3_5&#8243; admin_label=\u00bbRow\u00bb _builder_version=\u00bb4.14.8&#8243; _module_preset=\u00bbdefault\u00bb custom_margin=\u00bb0px||||false|false\u00bb custom_padding=\u00bb0px||||false|false\u00bb global_colors_info=\u00bb{}\u00bb][et_pb_column type=\u00bb2_5&#8243; _builder_version=\u00bb4.14.8&#8243; _module_preset=\u00bbdefault\u00bb custom_padding=\u00bb|||20px|false|false\u00bb border_width_left=\u00bb1px\u00bb border_color_left=\u00bb#406fda\u00bb global_colors_info=\u00bb{}\u00bb][et_pb_text _builder_version=\u00bb4.14.8&#8243; _module_preset=\u00bbdefault\u00bb text_font_size=\u00bb16px\u00bb text_line_height=\u00bb1.1em\u00bb link_font=\u00bb|700|||on|||#1a1140|\u00bb link_text_color=\u00bb#1a1140&#8243; link_line_height=\u00bb1.4em\u00bb header_4_font=\u00bb|700|||||||\u00bb header_4_text_color=\u00bb#1a1140&#8243; custom_margin=\u00bb||||false|false\u00bb locked=\u00bboff\u00bb global_colors_info=\u00bb{}\u00bb]<\/p>\n<h4>Oficina de Comunicaci\u00f3n del IEEC<\/h4>\n<p>Castelldefels, Barcelona<br \/>Correo electr\u00f3nico: <a href=\"mailto:comunicacio@ieec.cat\">comunicacio@ieec.cat<\/a><\/p>\n<p>[\/et_pb_text][\/et_pb_column][et_pb_column type=\u00bb3_5&#8243; _builder_version=\u00bb4.14.8&#8243; _module_preset=\u00bbdefault\u00bb custom_padding=\u00bb|||20px|false|false\u00bb border_width_left=\u00bb1px\u00bb border_color_left=\u00bb#406fda\u00bb global_colors_info=\u00bb{}\u00bb][et_pb_text _builder_version=\u00bb4.14.8&#8243; _module_preset=\u00bbdefault\u00bb text_font_size=\u00bb16px\u00bb text_line_height=\u00bb1em\u00bb link_font=\u00bb|700|||on||||\u00bb link_text_color=\u00bb#1a1140&#8243; header_4_font=\u00bb|700|||||||\u00bb header_4_text_color=\u00bb#1a1140&#8243; global_colors_info=\u00bb{}\u00bb]<\/p>\n<h4>Autor Principal en el IEEC<\/h4>\n<p>Castelldefels, Barcelona<\/p>\n<h4>Pau Gr\u00e8bol<\/h4>\n<p>Institut d\u2019Estudis Espacials de Catalunya (IEEC)<br \/>Instituto de Ciencias del Espacio (ICE-CSIC)<br \/>Correo electr\u00f3nico: <a href=\"mailto:grebol@ieec.cat\">grebol@ieec.cat<\/a><\/p>\n<p>[\/et_pb_text][\/et_pb_column][\/et_pb_row][et_pb_row _builder_version=\u00bb4.14.8&#8243; _module_preset=\u00bbdefault\u00bb background_color=\u00bbrgba(64,111,218,0.15)\u00bb global_module=\u00bb17324&#8243; global_colors_info=\u00bb{}\u00bb][et_pb_column type=\u00bb4_4&#8243; _builder_version=\u00bb4.14.8&#8243; _module_preset=\u00bbdefault\u00bb custom_padding=\u00bb20px|50px|20px|50px|true|true\u00bb global_colors_info=\u00bb{}\u00bb][et_pb_text admin_label=\u00bbSobre l&#8217;IEEC\u00bb _builder_version=\u00bb4.14.8&#8243; _module_preset=\u00bbdefault\u00bb header_2_font=\u00bb|700|||||||\u00bb header_2_font_size=\u00bb25px\u00bb custom_margin=\u00bb||10px||false|false\u00bb header_2_font_size_tablet=\u00bb23px\u00bb header_2_font_size_phone=\u00bb23px\u00bb header_2_font_size_last_edited=\u00bbon|phone\u00bb locked=\u00bboff\u00bb global_colors_info=\u00bb{}\u00bb]<\/p>\n<h2>Sobre el IEEC<\/h2>\n<p>[\/et_pb_text][et_pb_text _builder_version=\u00bb4.14.8&#8243; _module_preset=\u00bbdefault\u00bb text_font=\u00bb||on||||||\u00bb link_font=\u00bb|700|||on||||\u00bb locked=\u00bboff\u00bb global_colors_info=\u00bb{}\u00bb]<\/p>\n<p>El Institut d\u2019Estudis Espacials de Catalunya (IEEC) promueve y coordina la investigaci\u00f3n y el desarrollo tecnol\u00f3gico espacial en Catalu\u00f1a en beneficio de la sociedad. El IEEC fomenta las colaboraciones tanto a nivel local como mundial, y es un eficiente agente de transferencia de conocimiento, innovaci\u00f3n y tecnolog\u00eda. Como resultado de m\u00e1s de 25 a\u00f1os de investigaci\u00f3n de alta calidad, llevada a cabo en colaboraci\u00f3n con las principales organizaciones internacionales, el IEEC se encuentra entre los mejores centros de investigaci\u00f3n internacionales, centrados en \u00e1reas como: astrof\u00edsica, cosmolog\u00eda, ciencias planetarias y observaci\u00f3n de la Tierra. La divisi\u00f3n de ingenier\u00eda del IEEC desarrolla instrumentaci\u00f3n para proyectos terrestres y espaciales, y tiene una amplia experiencia trabajando con organizaciones privadas y p\u00fablicas del sector aeroespacial y otros sectores de innovaci\u00f3n.<\/p>\n<p>El IEEC es una fundaci\u00f3n del sector p\u00fablico sin \u00e1nimo de lucro, fundada en febrero de 1996. Est\u00e1 regida por un Patronato compuesto por la Generalitat de Catalunya,  la Universitat de Barcelona (UB), la Universitat Aut\u00f2noma de Barcelona (UAB), la Universitat Polit\u00e8cnica de Catalunya \u00b7 BarcelonaTech (UPC), y el Consejo Superior de Investigaciones Cient\u00edficas (CSIC). El IEEC es tambi\u00e9n un centro CERCA (Centres de Recerca de Catalunya).<\/p>\n<p>[\/et_pb_text][\/et_pb_column][\/et_pb_row][\/et_pb_section]<\/p>\n","protected":false},"excerpt":{"rendered":"<p>Esta es la primera vez que se asocia la \u00f3rbita de un meteoroide de un metro de tama\u00f1o a un cometa de la familia J\u00fapiter, una clase de cometas con periodos orbitales cortos, inferiores a 20 a\u00f1os El meteoroide fue registrado desde el espacio y desde varias estaciones de la Red de Investigaci\u00f3n de B\u00f3lidos [&hellip;]<\/p>\n","protected":false},"author":5,"featured_media":30394,"comment_status":"closed","ping_status":"closed","sticky":false,"template":"","format":"standard","meta":{"_et_pb_use_builder":"on","_et_pb_old_content":"","_et_gb_content_width":"","footnotes":""},"categories":[99,113,75],"tags":[],"class_list":["post-30406","post","type-post","status-publish","format-standard","has-post-thumbnail","hentry","category-ciencia-noticias","category-noticia-destacada-pequena","category-noticias"],"yoast_head":"<!-- This site is optimized with the Yoast SEO plugin v27.4 - https:\/\/yoast.com\/product\/yoast-seo-wordpress\/ -->\n<title>El superb\u00f3lido observado el 18 de mayo se origin\u00f3 posiblemente en un cometa de la familia de J\u00fapiter - IEEC<\/title>\n<meta name=\"robots\" content=\"index, follow, max-snippet:-1, max-image-preview:large, max-video-preview:-1\" \/>\n<link rel=\"canonical\" href=\"https:\/\/www.ieec.cat\/es\/el-superbolido-observado-el-18-de-mayo-se-origino-posiblemente-en-un-cometa-de-la-familia-de-jupiter\/\" \/>\n<meta property=\"og:locale\" content=\"es_ES\" \/>\n<meta property=\"og:type\" content=\"article\" \/>\n<meta property=\"og:title\" content=\"El superb\u00f3lido observado el 18 de mayo se origin\u00f3 posiblemente en un cometa de la familia de J\u00fapiter - IEEC\" \/>\n<meta property=\"og:description\" content=\"Esta es la primera vez que se asocia la \u00f3rbita de un meteoroide de un metro de tama\u00f1o a un cometa de la familia J\u00fapiter, una clase de cometas con periodos orbitales cortos, inferiores a 20 a\u00f1os El meteoroide fue registrado desde el espacio y desde varias estaciones de la Red de Investigaci\u00f3n de B\u00f3lidos [&hellip;]\" \/>\n<meta property=\"og:url\" content=\"https:\/\/www.ieec.cat\/es\/el-superbolido-observado-el-18-de-mayo-se-origino-posiblemente-en-un-cometa-de-la-familia-de-jupiter\/\" \/>\n<meta property=\"og:site_name\" content=\"IEEC\" \/>\n<meta property=\"article:published_time\" content=\"2024-08-07T10:00:21+00:00\" \/>\n<meta property=\"article:modified_time\" content=\"2024-08-08T07:26:46+00:00\" \/>\n<meta property=\"og:image\" content=\"https:\/\/www.ieec.cat\/wp-content\/uploads\/2024\/08\/SPMN180524F_blended_4_plus_1-0675dd79.webp\" \/>\n\t<meta property=\"og:image:width\" content=\"1920\" \/>\n\t<meta property=\"og:image:height\" content=\"890\" \/>\n\t<meta property=\"og:image:type\" content=\"image\/webp\" \/>\n<meta name=\"author\" content=\"Francisco Panyos\" \/>\n<meta name=\"twitter:card\" content=\"summary_large_image\" \/>\n<meta name=\"twitter:label1\" content=\"Escrito por\" \/>\n\t<meta name=\"twitter:data1\" content=\"Francisco Panyos\" \/>\n\t<meta name=\"twitter:label2\" content=\"Tiempo de lectura\" \/>\n\t<meta name=\"twitter:data2\" content=\"11 minutos\" \/>\n<script type=\"application\/ld+json\" class=\"yoast-schema-graph\">{\"@context\":\"https:\\\/\\\/schema.org\",\"@graph\":[{\"@type\":\"Article\",\"@id\":\"https:\\\/\\\/www.ieec.cat\\\/es\\\/el-superbolido-observado-el-18-de-mayo-se-origino-posiblemente-en-un-cometa-de-la-familia-de-jupiter\\\/#article\",\"isPartOf\":{\"@id\":\"https:\\\/\\\/www.ieec.cat\\\/es\\\/el-superbolido-observado-el-18-de-mayo-se-origino-posiblemente-en-un-cometa-de-la-familia-de-jupiter\\\/\"},\"author\":{\"name\":\"Francisco Panyos\",\"@id\":\"https:\\\/\\\/www.ieec.cat\\\/es\\\/#\\\/schema\\\/person\\\/66f3943e2fdb094349ad344043ede870\"},\"headline\":\"El superb\u00f3lido observado el 18 de mayo se origin\u00f3 posiblemente en un cometa de la familia de J\u00fapiter\",\"datePublished\":\"2024-08-07T10:00:21+00:00\",\"dateModified\":\"2024-08-08T07:26:46+00:00\",\"mainEntityOfPage\":{\"@id\":\"https:\\\/\\\/www.ieec.cat\\\/es\\\/el-superbolido-observado-el-18-de-mayo-se-origino-posiblemente-en-un-cometa-de-la-familia-de-jupiter\\\/\"},\"wordCount\":3056,\"image\":{\"@id\":\"https:\\\/\\\/www.ieec.cat\\\/es\\\/el-superbolido-observado-el-18-de-mayo-se-origino-posiblemente-en-un-cometa-de-la-familia-de-jupiter\\\/#primaryimage\"},\"thumbnailUrl\":\"https:\\\/\\\/www.ieec.cat\\\/wp-content\\\/uploads\\\/2024\\\/08\\\/SPMN180524F_blended_4_plus_1-0675dd79.webp\",\"articleSection\":[\"Ciencia\",\"Noticia destacada peque\u00f1a\",\"Noticias\"],\"inLanguage\":\"es\"},{\"@type\":\"WebPage\",\"@id\":\"https:\\\/\\\/www.ieec.cat\\\/es\\\/el-superbolido-observado-el-18-de-mayo-se-origino-posiblemente-en-un-cometa-de-la-familia-de-jupiter\\\/\",\"url\":\"https:\\\/\\\/www.ieec.cat\\\/es\\\/el-superbolido-observado-el-18-de-mayo-se-origino-posiblemente-en-un-cometa-de-la-familia-de-jupiter\\\/\",\"name\":\"El superb\u00f3lido observado el 18 de mayo se origin\u00f3 posiblemente en un cometa de la familia de J\u00fapiter - IEEC\",\"isPartOf\":{\"@id\":\"https:\\\/\\\/www.ieec.cat\\\/es\\\/#website\"},\"primaryImageOfPage\":{\"@id\":\"https:\\\/\\\/www.ieec.cat\\\/es\\\/el-superbolido-observado-el-18-de-mayo-se-origino-posiblemente-en-un-cometa-de-la-familia-de-jupiter\\\/#primaryimage\"},\"image\":{\"@id\":\"https:\\\/\\\/www.ieec.cat\\\/es\\\/el-superbolido-observado-el-18-de-mayo-se-origino-posiblemente-en-un-cometa-de-la-familia-de-jupiter\\\/#primaryimage\"},\"thumbnailUrl\":\"https:\\\/\\\/www.ieec.cat\\\/wp-content\\\/uploads\\\/2024\\\/08\\\/SPMN180524F_blended_4_plus_1-0675dd79.webp\",\"datePublished\":\"2024-08-07T10:00:21+00:00\",\"dateModified\":\"2024-08-08T07:26:46+00:00\",\"author\":{\"@id\":\"https:\\\/\\\/www.ieec.cat\\\/es\\\/#\\\/schema\\\/person\\\/66f3943e2fdb094349ad344043ede870\"},\"breadcrumb\":{\"@id\":\"https:\\\/\\\/www.ieec.cat\\\/es\\\/el-superbolido-observado-el-18-de-mayo-se-origino-posiblemente-en-un-cometa-de-la-familia-de-jupiter\\\/#breadcrumb\"},\"inLanguage\":\"es\",\"potentialAction\":[{\"@type\":\"ReadAction\",\"target\":[\"https:\\\/\\\/www.ieec.cat\\\/es\\\/el-superbolido-observado-el-18-de-mayo-se-origino-posiblemente-en-un-cometa-de-la-familia-de-jupiter\\\/\"]}]},{\"@type\":\"ImageObject\",\"inLanguage\":\"es\",\"@id\":\"https:\\\/\\\/www.ieec.cat\\\/es\\\/el-superbolido-observado-el-18-de-mayo-se-origino-posiblemente-en-un-cometa-de-la-familia-de-jupiter\\\/#primaryimage\",\"url\":\"https:\\\/\\\/www.ieec.cat\\\/wp-content\\\/uploads\\\/2024\\\/08\\\/SPMN180524F_blended_4_plus_1-0675dd79.webp\",\"contentUrl\":\"https:\\\/\\\/www.ieec.cat\\\/wp-content\\\/uploads\\\/2024\\\/08\\\/SPMN180524F_blended_4_plus_1-0675dd79.webp\",\"width\":1920,\"height\":890},{\"@type\":\"BreadcrumbList\",\"@id\":\"https:\\\/\\\/www.ieec.cat\\\/es\\\/el-superbolido-observado-el-18-de-mayo-se-origino-posiblemente-en-un-cometa-de-la-familia-de-jupiter\\\/#breadcrumb\",\"itemListElement\":[{\"@type\":\"ListItem\",\"position\":1,\"name\":\"Portada\",\"item\":\"https:\\\/\\\/www.ieec.cat\\\/es\\\/\"},{\"@type\":\"ListItem\",\"position\":2,\"name\":\"El superb\u00f3lido observado el 18 de mayo se origin\u00f3 posiblemente en un cometa de la familia de J\u00fapiter\"}]},{\"@type\":\"WebSite\",\"@id\":\"https:\\\/\\\/www.ieec.cat\\\/es\\\/#website\",\"url\":\"https:\\\/\\\/www.ieec.cat\\\/es\\\/\",\"name\":\"IEEC\",\"description\":\"Institut d&#039;Estudis Espacials de Catalunya\",\"potentialAction\":[{\"@type\":\"SearchAction\",\"target\":{\"@type\":\"EntryPoint\",\"urlTemplate\":\"https:\\\/\\\/www.ieec.cat\\\/es\\\/?s={search_term_string}\"},\"query-input\":{\"@type\":\"PropertyValueSpecification\",\"valueRequired\":true,\"valueName\":\"search_term_string\"}}],\"inLanguage\":\"es\"},{\"@type\":\"Person\",\"@id\":\"https:\\\/\\\/www.ieec.cat\\\/es\\\/#\\\/schema\\\/person\\\/66f3943e2fdb094349ad344043ede870\",\"name\":\"Francisco Panyos\",\"image\":{\"@type\":\"ImageObject\",\"inLanguage\":\"es\",\"@id\":\"https:\\\/\\\/secure.gravatar.com\\\/avatar\\\/526157a3fe3c965ab680e104b6fe47df151d5d607c86c2744324613bf4c68622?s=96&d=mm&r=g\",\"url\":\"https:\\\/\\\/secure.gravatar.com\\\/avatar\\\/526157a3fe3c965ab680e104b6fe47df151d5d607c86c2744324613bf4c68622?s=96&d=mm&r=g\",\"contentUrl\":\"https:\\\/\\\/secure.gravatar.com\\\/avatar\\\/526157a3fe3c965ab680e104b6fe47df151d5d607c86c2744324613bf4c68622?s=96&d=mm&r=g\",\"caption\":\"Francisco Panyos\"}}]}<\/script>\n<!-- \/ Yoast SEO plugin. -->","yoast_head_json":{"title":"El superb\u00f3lido observado el 18 de mayo se origin\u00f3 posiblemente en un cometa de la familia de J\u00fapiter - IEEC","robots":{"index":"index","follow":"follow","max-snippet":"max-snippet:-1","max-image-preview":"max-image-preview:large","max-video-preview":"max-video-preview:-1"},"canonical":"https:\/\/www.ieec.cat\/es\/el-superbolido-observado-el-18-de-mayo-se-origino-posiblemente-en-un-cometa-de-la-familia-de-jupiter\/","og_locale":"es_ES","og_type":"article","og_title":"El superb\u00f3lido observado el 18 de mayo se origin\u00f3 posiblemente en un cometa de la familia de J\u00fapiter - IEEC","og_description":"Esta es la primera vez que se asocia la \u00f3rbita de un meteoroide de un metro de tama\u00f1o a un cometa de la familia J\u00fapiter, una clase de cometas con periodos orbitales cortos, inferiores a 20 a\u00f1os El meteoroide fue registrado desde el espacio y desde varias estaciones de la Red de Investigaci\u00f3n de B\u00f3lidos [&hellip;]","og_url":"https:\/\/www.ieec.cat\/es\/el-superbolido-observado-el-18-de-mayo-se-origino-posiblemente-en-un-cometa-de-la-familia-de-jupiter\/","og_site_name":"IEEC","article_published_time":"2024-08-07T10:00:21+00:00","article_modified_time":"2024-08-08T07:26:46+00:00","og_image":[{"width":1920,"height":890,"url":"https:\/\/www.ieec.cat\/wp-content\/uploads\/2024\/08\/SPMN180524F_blended_4_plus_1-0675dd79.webp","type":"image\/webp"}],"author":"Francisco Panyos","twitter_card":"summary_large_image","twitter_misc":{"Escrito por":"Francisco Panyos","Tiempo de lectura":"11 minutos"},"schema":{"@context":"https:\/\/schema.org","@graph":[{"@type":"Article","@id":"https:\/\/www.ieec.cat\/es\/el-superbolido-observado-el-18-de-mayo-se-origino-posiblemente-en-un-cometa-de-la-familia-de-jupiter\/#article","isPartOf":{"@id":"https:\/\/www.ieec.cat\/es\/el-superbolido-observado-el-18-de-mayo-se-origino-posiblemente-en-un-cometa-de-la-familia-de-jupiter\/"},"author":{"name":"Francisco Panyos","@id":"https:\/\/www.ieec.cat\/es\/#\/schema\/person\/66f3943e2fdb094349ad344043ede870"},"headline":"El superb\u00f3lido observado el 18 de mayo se origin\u00f3 posiblemente en un cometa de la familia de J\u00fapiter","datePublished":"2024-08-07T10:00:21+00:00","dateModified":"2024-08-08T07:26:46+00:00","mainEntityOfPage":{"@id":"https:\/\/www.ieec.cat\/es\/el-superbolido-observado-el-18-de-mayo-se-origino-posiblemente-en-un-cometa-de-la-familia-de-jupiter\/"},"wordCount":3056,"image":{"@id":"https:\/\/www.ieec.cat\/es\/el-superbolido-observado-el-18-de-mayo-se-origino-posiblemente-en-un-cometa-de-la-familia-de-jupiter\/#primaryimage"},"thumbnailUrl":"https:\/\/www.ieec.cat\/wp-content\/uploads\/2024\/08\/SPMN180524F_blended_4_plus_1-0675dd79.webp","articleSection":["Ciencia","Noticia destacada peque\u00f1a","Noticias"],"inLanguage":"es"},{"@type":"WebPage","@id":"https:\/\/www.ieec.cat\/es\/el-superbolido-observado-el-18-de-mayo-se-origino-posiblemente-en-un-cometa-de-la-familia-de-jupiter\/","url":"https:\/\/www.ieec.cat\/es\/el-superbolido-observado-el-18-de-mayo-se-origino-posiblemente-en-un-cometa-de-la-familia-de-jupiter\/","name":"El superb\u00f3lido observado el 18 de mayo se origin\u00f3 posiblemente en un cometa de la familia de J\u00fapiter - IEEC","isPartOf":{"@id":"https:\/\/www.ieec.cat\/es\/#website"},"primaryImageOfPage":{"@id":"https:\/\/www.ieec.cat\/es\/el-superbolido-observado-el-18-de-mayo-se-origino-posiblemente-en-un-cometa-de-la-familia-de-jupiter\/#primaryimage"},"image":{"@id":"https:\/\/www.ieec.cat\/es\/el-superbolido-observado-el-18-de-mayo-se-origino-posiblemente-en-un-cometa-de-la-familia-de-jupiter\/#primaryimage"},"thumbnailUrl":"https:\/\/www.ieec.cat\/wp-content\/uploads\/2024\/08\/SPMN180524F_blended_4_plus_1-0675dd79.webp","datePublished":"2024-08-07T10:00:21+00:00","dateModified":"2024-08-08T07:26:46+00:00","author":{"@id":"https:\/\/www.ieec.cat\/es\/#\/schema\/person\/66f3943e2fdb094349ad344043ede870"},"breadcrumb":{"@id":"https:\/\/www.ieec.cat\/es\/el-superbolido-observado-el-18-de-mayo-se-origino-posiblemente-en-un-cometa-de-la-familia-de-jupiter\/#breadcrumb"},"inLanguage":"es","potentialAction":[{"@type":"ReadAction","target":["https:\/\/www.ieec.cat\/es\/el-superbolido-observado-el-18-de-mayo-se-origino-posiblemente-en-un-cometa-de-la-familia-de-jupiter\/"]}]},{"@type":"ImageObject","inLanguage":"es","@id":"https:\/\/www.ieec.cat\/es\/el-superbolido-observado-el-18-de-mayo-se-origino-posiblemente-en-un-cometa-de-la-familia-de-jupiter\/#primaryimage","url":"https:\/\/www.ieec.cat\/wp-content\/uploads\/2024\/08\/SPMN180524F_blended_4_plus_1-0675dd79.webp","contentUrl":"https:\/\/www.ieec.cat\/wp-content\/uploads\/2024\/08\/SPMN180524F_blended_4_plus_1-0675dd79.webp","width":1920,"height":890},{"@type":"BreadcrumbList","@id":"https:\/\/www.ieec.cat\/es\/el-superbolido-observado-el-18-de-mayo-se-origino-posiblemente-en-un-cometa-de-la-familia-de-jupiter\/#breadcrumb","itemListElement":[{"@type":"ListItem","position":1,"name":"Portada","item":"https:\/\/www.ieec.cat\/es\/"},{"@type":"ListItem","position":2,"name":"El superb\u00f3lido observado el 18 de mayo se origin\u00f3 posiblemente en un cometa de la familia de J\u00fapiter"}]},{"@type":"WebSite","@id":"https:\/\/www.ieec.cat\/es\/#website","url":"https:\/\/www.ieec.cat\/es\/","name":"IEEC","description":"Institut d&#039;Estudis Espacials de Catalunya","potentialAction":[{"@type":"SearchAction","target":{"@type":"EntryPoint","urlTemplate":"https:\/\/www.ieec.cat\/es\/?s={search_term_string}"},"query-input":{"@type":"PropertyValueSpecification","valueRequired":true,"valueName":"search_term_string"}}],"inLanguage":"es"},{"@type":"Person","@id":"https:\/\/www.ieec.cat\/es\/#\/schema\/person\/66f3943e2fdb094349ad344043ede870","name":"Francisco Panyos","image":{"@type":"ImageObject","inLanguage":"es","@id":"https:\/\/secure.gravatar.com\/avatar\/526157a3fe3c965ab680e104b6fe47df151d5d607c86c2744324613bf4c68622?s=96&d=mm&r=g","url":"https:\/\/secure.gravatar.com\/avatar\/526157a3fe3c965ab680e104b6fe47df151d5d607c86c2744324613bf4c68622?s=96&d=mm&r=g","contentUrl":"https:\/\/secure.gravatar.com\/avatar\/526157a3fe3c965ab680e104b6fe47df151d5d607c86c2744324613bf4c68622?s=96&d=mm&r=g","caption":"Francisco Panyos"}}]}},"_links":{"self":[{"href":"https:\/\/www.ieec.cat\/es\/wp-json\/wp\/v2\/posts\/30406","targetHints":{"allow":["GET"]}}],"collection":[{"href":"https:\/\/www.ieec.cat\/es\/wp-json\/wp\/v2\/posts"}],"about":[{"href":"https:\/\/www.ieec.cat\/es\/wp-json\/wp\/v2\/types\/post"}],"author":[{"embeddable":true,"href":"https:\/\/www.ieec.cat\/es\/wp-json\/wp\/v2\/users\/5"}],"replies":[{"embeddable":true,"href":"https:\/\/www.ieec.cat\/es\/wp-json\/wp\/v2\/comments?post=30406"}],"version-history":[{"count":8,"href":"https:\/\/www.ieec.cat\/es\/wp-json\/wp\/v2\/posts\/30406\/revisions"}],"predecessor-version":[{"id":30431,"href":"https:\/\/www.ieec.cat\/es\/wp-json\/wp\/v2\/posts\/30406\/revisions\/30431"}],"wp:featuredmedia":[{"embeddable":true,"href":"https:\/\/www.ieec.cat\/es\/wp-json\/wp\/v2\/media\/30394"}],"wp:attachment":[{"href":"https:\/\/www.ieec.cat\/es\/wp-json\/wp\/v2\/media?parent=30406"}],"wp:term":[{"taxonomy":"category","embeddable":true,"href":"https:\/\/www.ieec.cat\/es\/wp-json\/wp\/v2\/categories?post=30406"},{"taxonomy":"post_tag","embeddable":true,"href":"https:\/\/www.ieec.cat\/es\/wp-json\/wp\/v2\/tags?post=30406"}],"curies":[{"name":"wp","href":"https:\/\/api.w.org\/{rel}","templated":true}]}}