{"id":31062,"date":"2024-10-08T15:07:08","date_gmt":"2024-10-08T13:07:08","guid":{"rendered":"https:\/\/www.ieec.cat\/?p=31062"},"modified":"2024-10-08T15:07:10","modified_gmt":"2024-10-08T13:07:10","slug":"lanzada-con-exito-la-mision-hera-de-defensa-planetaria","status":"publish","type":"post","link":"https:\/\/www.ieec.cat\/es\/lanzada-con-exito-la-mision-hera-de-defensa-planetaria\/","title":{"rendered":"Lanzada con \u00e9xito la misi\u00f3n Hera de defensa planetaria"},"content":{"rendered":"<p>[et_pb_section fb_built=\u00bb1&#8243; _builder_version=\u00bb4.14.8&#8243; _module_preset=\u00bbdefault\u00bb background_image=\u00bbhttps:\/\/www.ieec.cat\/wp-content\/uploads\/2022\/02\/slider-comunicacio.jpg\u00bb max_height=\u00bb130px\u00bb custom_padding=\u00bb0px||0px||false|false\u00bb da_disable_devices=\u00bboff|off|off\u00bb global_colors_info=\u00bb{}\u00bb da_is_popup=\u00bboff\u00bb da_exit_intent=\u00bboff\u00bb da_has_close=\u00bbon\u00bb da_alt_close=\u00bboff\u00bb da_dark_close=\u00bboff\u00bb da_not_modal=\u00bbon\u00bb da_is_singular=\u00bboff\u00bb da_with_loader=\u00bboff\u00bb da_has_shadow=\u00bbon\u00bb][\/et_pb_section][et_pb_section fb_built=\u00bb1&#8243; _builder_version=\u00bb4.14.8&#8243; _module_preset=\u00bbdefault\u00bb custom_padding=\u00bb24px||11px|||\u00bb da_disable_devices=\u00bboff|off|off\u00bb global_colors_info=\u00bb{}\u00bb da_is_popup=\u00bboff\u00bb da_exit_intent=\u00bboff\u00bb da_has_close=\u00bbon\u00bb da_alt_close=\u00bboff\u00bb da_dark_close=\u00bboff\u00bb da_not_modal=\u00bbon\u00bb da_is_singular=\u00bboff\u00bb da_with_loader=\u00bboff\u00bb da_has_shadow=\u00bbon\u00bb][et_pb_row _builder_version=\u00bb4.14.8&#8243; _module_preset=\u00bbdefault\u00bb custom_padding=\u00bb||||false|false\u00bb global_colors_info=\u00bb{}\u00bb][et_pb_column type=\u00bb4_4&#8243; _builder_version=\u00bb4.14.8&#8243; _module_preset=\u00bbdefault\u00bb global_colors_info=\u00bb{}\u00bb][et_pb_text admin_label=\u00bbUnitats de recerca\u00bb _builder_version=\u00bb4.14.8&#8243; _dynamic_attributes=\u00bbcontent\u00bb _module_preset=\u00bbdefault\u00bb text_font=\u00bb|700||on|||||\u00bb text_font_size=\u00bb16px\u00bb header_font=\u00bb|700|||||||\u00bb custom_margin=\u00bb||10px||false|false\u00bb header_font_size_tablet=\u00bb28px\u00bb header_font_size_phone=\u00bb26px\u00bb header_font_size_last_edited=\u00bbon|phone\u00bb global_colors_info=\u00bb{}\u00bb]@ET-DC@eyJkeW5hbWljIjp0cnVlLCJjb250ZW50IjoiY3VzdG9tX21ldGFfb3JnYW5pemFjaW9uZXMiLCJzZXR0aW5ncyI6eyJiZWZvcmUiOiIiLCJhZnRlciI6IiIsImVuYWJsZV9odG1sIjoib2ZmIn19@[\/et_pb_text][et_pb_post_title meta=\u00bboff\u00bb featured_image=\u00bboff\u00bb admin_label=\u00bbT\u00edtol i data\u00bb _builder_version=\u00bb4.14.8&#8243; _module_preset=\u00bbdefault\u00bb title_font=\u00bbCairo|300|||||||\u00bb title_font_size=\u00bb40px\u00bb meta_font=\u00bb||on||||||\u00bb meta_font_size=\u00bb16px\u00bb title_font_size_tablet=\u00bb35px\u00bb title_font_size_phone=\u00bb30px\u00bb title_font_size_last_edited=\u00bbon|desktop\u00bb global_colors_info=\u00bb{}\u00bb][\/et_pb_post_title][et_pb_text admin_label=\u00bbSubt\u00edtols\u00bb _builder_version=\u00bb4.14.8&#8243; _module_preset=\u00bbdefault\u00bb text_font=\u00bbSource Sans Pro||on||||||\u00bb text_font_size=\u00bb24px\u00bb text_line_height=\u00bb1.1em\u00bb text_font_size_tablet=\u00bb22px\u00bb text_font_size_phone=\u00bb20px\u00bb text_font_size_last_edited=\u00bbon|phone\u00bb global_colors_info=\u00bb{}\u00bb]<\/p>\n<ul>\n<li>La misi\u00f3n de la Agencia Espacial Europea estudiar\u00e1 el sistema binario de asteroides formado por Didymos y Dimorphos, realizando diversos experimentos para comprender mejor a los asteroides potencialmente peligrosos<\/li>\n<li>La nave despeg\u00f3 el 7 de octubre a las 16:52 CEST desde Florida (Estados Unidos)<\/li>\n<li>Investigadores del IEEC en el Instituto de Ciencias del Espacio (ICE-CSIC) participan en el an\u00e1lisis de im\u00e1genes de la superficie del asteroide binario y tambi\u00e9n participaron en la misi\u00f3n DART de la NASA, predecesora de Hera<\/li>\n<\/ul>\n<p>[\/et_pb_text][\/et_pb_column][\/et_pb_row][et_pb_row column_structure=\u00bb1_2,1_2&#8243; _builder_version=\u00bb4.14.8&#8243; _module_preset=\u00bbdefault\u00bb global_colors_info=\u00bb{}\u00bb][et_pb_column type=\u00bb1_2&#8243; _builder_version=\u00bb4.14.8&#8243; _module_preset=\u00bbdefault\u00bb global_colors_info=\u00bb{}\u00bb][et_pb_post_title title=\u00bboff\u00bb meta=\u00bboff\u00bb _builder_version=\u00bb4.14.8&#8243; _module_preset=\u00bbdefault\u00bb custom_margin=\u00bb||0px||false|false\u00bb border_width_top=\u00bb10px\u00bb border_color_top=\u00bb#406fda\u00bb global_colors_info=\u00bb{}\u00bb][\/et_pb_post_title][et_pb_text _builder_version=\u00bb4.14.8&#8243; _module_preset=\u00bbdefault\u00bb text_font=\u00bb||||||||\u00bb text_font_size=\u00bb15px\u00bb text_line_height=\u00bb1.1em\u00bb background_color=\u00bbrgba(64,111,218,0.15)\u00bb custom_margin=\u00bb0px||||false|false\u00bb custom_padding=\u00bb30px|20px|30px|20px|true|true\u00bb global_colors_info=\u00bb{}\u00bb]<\/p>\n<p><strong>Leyenda:<\/strong> Representaci\u00f3n por ordenador de la misi\u00f3n Hera de la ESA acerc\u00e1ndose al asteroide Dimorphos.<br \/><span style=\"font-weight: 400;\"><strong>Cr\u00e9ditos:<\/strong> ESA-Science Office.<br \/><\/span><\/p>\n<p>[\/et_pb_text][\/et_pb_column][et_pb_column type=\u00bb1_2&#8243; _builder_version=\u00bb4.14.8&#8243; _module_preset=\u00bbdefault\u00bb global_colors_info=\u00bb{}\u00bb][et_pb_text _builder_version=\u00bb4.14.8&#8243; _module_preset=\u00bbdefault\u00bb link_font=\u00bb|700|||on||||\u00bb global_colors_info=\u00bb{}\u00bb]<\/p>\n<p><span style=\"font-weight: 400;\">La misi\u00f3n Hera de la <\/span><a href=\"https:\/\/www.esa.int\/\" target=\"_blank\" rel=\"noopener\"><span style=\"font-weight: 400;\">Agencia Espacial Europea<\/span><\/a><span style=\"font-weight: 400;\"> (ESA) despeg\u00f3 con \u00e9xito ayer, 7 de octubre,\u00a0 desde la estaci\u00f3n de la Fuerza Espacial de Cabo Ca\u00f1averal en Florida (Estados Unidos) a las 16:52 CEST. La misi\u00f3n, en la que participa el <\/span><a href=\"https:\/\/www.ieec.cat\/\"><span style=\"font-weight: 400;\">Institut d\u2019Estudis Espacials de Catalunya<\/span><\/a><span style=\"font-weight: 400;\"> (IEEC) con investigadores en el <\/span><a href=\"https:\/\/www.ice.csic.es\/\" target=\"_blank\" rel=\"noopener\"><span style=\"font-weight: 400;\">Instituto de Ciencias del Espacio<\/span><\/a><span style=\"font-weight: 400;\"> (ICE-CSIC), examinar\u00e1 el sistema binario de asteroides formado por Didymos y su sat\u00e9lite Dimorphos, despu\u00e9s de que la misi\u00f3n de defensa planetaria DART desviara la \u00f3rbita de este \u00faltimo.<\/span><\/p>\n<p><span style=\"font-weight: 400;\">El 26 de septiembre de 2022, la misi\u00f3n DART de la NASA y el laboratorio Johns Hopkins APL, lograron <\/span><a href=\"https:\/\/www.ieec.cat\/es\/la-colisi%c3%b3n-de-la-sonda-dart-contra-el-asteroide-dimorfo-produjo-la-expulsi%c3%b3n-de-m%c3%a1s-de-cinco-millones-de-kilos-de-material\/\" target=\"_blank\" rel=\"noopener\"><span style=\"font-weight: 400;\">cambiar ligeramente la \u00f3rbita de su objetivo<\/span><\/a><span style=\"font-weight: 400;\">: el asteroide Dimorphos, que orbita en torno al asteroide Didymos. Esta fue <\/span><b>la primera misi\u00f3n de prueba de defensa planetaria dise\u00f1ada para desviar el curso de un asteroide<\/b><span style=\"font-weight: 400;\">. Ahora, Hera visitar\u00e1 este asteroide binario para cartografiar ambos en alta resoluci\u00f3n y caracterizarlos. Hera estudiar\u00e1 el cr\u00e1ter de impacto y las consecuencias de DART sobre Dimorphos, lo cual permitir\u00e1 reconstruir su forma con precisi\u00f3n, caracterizar su composici\u00f3n, estructura y naturaleza.<\/span><\/p>\n<p>[\/et_pb_text][\/et_pb_column][\/et_pb_row][et_pb_row _builder_version=\u00bb4.14.8&#8243; _module_preset=\u00bbdefault\u00bb global_colors_info=\u00bb{}\u00bb][et_pb_column type=\u00bb4_4&#8243; _builder_version=\u00bb4.14.8&#8243; _module_preset=\u00bbdefault\u00bb global_colors_info=\u00bb{}\u00bb][et_pb_text _builder_version=\u00bb4.14.8&#8243; _module_preset=\u00bbdefault\u00bb link_font=\u00bb|700|||on||||\u00bb hover_enabled=\u00bb0&#8243; locked=\u00bboff\u00bb global_colors_info=\u00bb{}\u00bb sticky_enabled=\u00bb0&#8243;]<\/p>\n<p><span style=\"font-weight: 400;\">Hera alcanzar\u00e1 la vecindad de este sistema binario de asteroides en octubre de 2026. Para cuando Hera llegue a Didymos, estar\u00e1 a 195 millones de kil\u00f3metros de la Tierra, aunque las distancias relativas cambian continuamente, teniendo en cuenta que ese sistema de asteroides orbita alrededor del Sol.\u00a0<\/span><\/p>\n<p><span style=\"font-weight: 400;\">Compuesta por un total de 12 instrumentos, incluidos dos CubeSats, <\/span><b>Hera ayudar\u00e1 a convertir el m\u00e9todo de impacto cin\u00e9tico para desviar asteroides potencialmente peligrosos en una t\u00e9cnica de defensa planetaria comprensible y repetible<\/b><span style=\"font-weight: 400;\">. Adem\u00e1s, Hera tambi\u00e9n pondr\u00e1 a prueba nuevas tecnolog\u00edas de navegaci\u00f3n aut\u00f3noma en el espacio profundo y ayudar\u00e1 a profundizar en el conocimiento sobre asteroides.\u00a0<\/span><\/p>\n<p><span style=\"font-weight: 400;\">\u00abHera es una misi\u00f3n necesaria para comprender mejor la respuesta de un asteroide tipo pila de escombros a un impactador cin\u00e9tico\u00bb, afirma <\/span><b>Josep M. Trigo-Rodr\u00edguez, <\/b><span style=\"font-weight: 400;\">investigador del IEEC en el ICE-CSIC, que participa en la misi\u00f3n Hera y, anteriormente, lo hizo en la misi\u00f3n DART. \u00abCon ella responderemos innumerables preguntas sobre la estructura y propiedades de estos dos asteroides potencialmente peligrosos y, de hecho, comprobaremos si el energ\u00e9tico impacto de DART fue reabsorbido por el apilado de rocas o si, por contra, fue capaz de excavar un cr\u00e1ter. Una misi\u00f3n hist\u00f3rica, junto con DART, para hacer realidad la defensa planetaria frente a asteroides potencialmente peligrosos\u00bb, a\u00f1ade.<\/span><\/p>\n<p><span style=\"font-weight: 400;\">Su contribuci\u00f3n est\u00e1 especialmente relacionada con la interpretaci\u00f3n de im\u00e1genes y espectros de la superficie de los asteroides Didymos y Dimorphos con el fin de identificar los principales procesos f\u00edsicos que han contribuido a dar forma a las superficies de ambos y analizar las consecuencias del impacto por la sonda DART en la superficie de Dimorphos.<\/span><\/p>\n<p><span style=\"font-weight: 400;\"><\/span><\/p>\n<p><em><span style=\"font-weight: 400;\">Nota de prensa elaborada en colaboraci\u00f3n con el Instituto de Ciencias del Espacio.<\/span><\/em><\/p>\n<p>[\/et_pb_text][\/et_pb_column][\/et_pb_row][et_pb_row _builder_version=\u00bb4.14.8&#8243; _module_preset=\u00bbdefault\u00bb custom_margin=\u00bb||||false|false\u00bb locked=\u00bboff\u00bb global_colors_info=\u00bb{}\u00bb][et_pb_column type=\u00bb4_4&#8243; _builder_version=\u00bb4.14.8&#8243; _module_preset=\u00bbdefault\u00bb global_colors_info=\u00bb{}\u00bb][et_pb_divider color=\u00bb#406fda\u00bb _builder_version=\u00bb4.14.8&#8243; _module_preset=\u00bbdefault\u00bb custom_margin=\u00bb||10px||false|false\u00bb global_colors_info=\u00bb{}\u00bb][\/et_pb_divider][et_pb_text admin_label=\u00bbEnlla\u00e7os\u00bb _builder_version=\u00bb4.14.8&#8243; _module_preset=\u00bbdefault\u00bb text_font=\u00bbCairo|700|||||||\u00bb text_text_color=\u00bb#406fda\u00bb text_font_size=\u00bb20px\u00bb custom_margin=\u00bb||10px||false|false\u00bb global_colors_info=\u00bb{}\u00bb]<\/p>\n<p>Enlaces<\/p>\n<p>[\/et_pb_text][et_pb_text _builder_version=\u00bb4.14.8&#8243; _module_preset=\u00bbdefault\u00bb text_font_size=\u00bb16px\u00bb text_line_height=\u00bb1.1em\u00bb link_font=\u00bb|700|||on|||#1a1140|\u00bb link_text_color=\u00bb#1a1140&#8243; link_line_height=\u00bb1.4em\u00bb custom_margin=\u00bb20px||||false|false\u00bb global_colors_info=\u00bb{}\u00bb]<\/p>\n<ul>\n<li><span style=\"font-weight: 400;\">\u00a0<\/span><a href=\"http:\/\/www.ieec.cat\/\"><span style=\"font-weight: 400;\">IEEC<\/span><\/a><\/li>\n<li><a href=\"https:\/\/www.ieec.cat\/\"><span style=\"font-weight: 400;\">\u00a0<\/span><\/a><a href=\"https:\/\/www.ice.csic.es\/\" target=\"_blank\" rel=\"noopener\"><span style=\"font-weight: 400;\">ICE-CSIC<\/span><\/a><a href=\"https:\/\/www.ieec.cat\/\"><\/a><\/li>\n<\/ul>\n<p>[\/et_pb_text][\/et_pb_column][\/et_pb_row][et_pb_row _builder_version=\u00bb4.14.8&#8243; _module_preset=\u00bbdefault\u00bb custom_margin=\u00bb||||false|false\u00bb locked=\u00bboff\u00bb global_colors_info=\u00bb{}\u00bb][et_pb_column type=\u00bb4_4&#8243; _builder_version=\u00bb4.14.8&#8243; _module_preset=\u00bbdefault\u00bb global_colors_info=\u00bb{}\u00bb][et_pb_divider color=\u00bb#406fda\u00bb _builder_version=\u00bb4.14.8&#8243; _module_preset=\u00bbdefault\u00bb custom_margin=\u00bb||10px||false|false\u00bb global_colors_info=\u00bb{}\u00bb][\/et_pb_divider][et_pb_text admin_label=\u00bbContactes\u00bb _builder_version=\u00bb4.14.8&#8243; _module_preset=\u00bbdefault\u00bb text_font=\u00bbCairo|700|||||||\u00bb text_text_color=\u00bb#406fda\u00bb text_font_size=\u00bb20px\u00bb custom_margin=\u00bb||10px||false|false\u00bb global_colors_info=\u00bb{}\u00bb]<\/p>\n<p>Contactos<\/p>\n<p>[\/et_pb_text][\/et_pb_column][\/et_pb_row][et_pb_row column_structure=\u00bb2_5,3_5&#8243; admin_label=\u00bbRow\u00bb _builder_version=\u00bb4.14.8&#8243; _module_preset=\u00bbdefault\u00bb custom_margin=\u00bb0px||||false|false\u00bb custom_padding=\u00bb0px||||false|false\u00bb global_colors_info=\u00bb{}\u00bb][et_pb_column type=\u00bb2_5&#8243; _builder_version=\u00bb4.14.8&#8243; _module_preset=\u00bbdefault\u00bb custom_padding=\u00bb|||20px|false|false\u00bb border_width_left=\u00bb1px\u00bb border_color_left=\u00bb#406fda\u00bb global_colors_info=\u00bb{}\u00bb][et_pb_text _builder_version=\u00bb4.14.8&#8243; _module_preset=\u00bbdefault\u00bb text_font_size=\u00bb16px\u00bb text_line_height=\u00bb1.1em\u00bb link_font=\u00bb|700|||on|||#1a1140|\u00bb link_text_color=\u00bb#1a1140&#8243; link_line_height=\u00bb1.4em\u00bb header_4_font=\u00bb|700|||||||\u00bb header_4_text_color=\u00bb#1a1140&#8243; custom_margin=\u00bb||||false|false\u00bb locked=\u00bboff\u00bb global_colors_info=\u00bb{}\u00bb]<\/p>\n<h4>Oficina de Comunicaci\u00f3n del IEEC<\/h4>\n<p>Castelldefels, Barcelona<br \/>Correo electr\u00f3nico: <a href=\"mailto:comunicacio@ieec.cat\">comunicacio@ieec.cat<\/a><\/p>\n<p>[\/et_pb_text][\/et_pb_column][et_pb_column type=\u00bb3_5&#8243; _builder_version=\u00bb4.14.8&#8243; _module_preset=\u00bbdefault\u00bb custom_padding=\u00bb|||20px|false|false\u00bb border_width_left=\u00bb1px\u00bb border_color_left=\u00bb#406fda\u00bb global_colors_info=\u00bb{}\u00bb][et_pb_text _builder_version=\u00bb4.14.8&#8243; _module_preset=\u00bbdefault\u00bb text_font_size=\u00bb16px\u00bb text_line_height=\u00bb1em\u00bb link_font=\u00bb|700|||on||||\u00bb link_text_color=\u00bb#1a1140&#8243; header_4_font=\u00bb|700|||||||\u00bb header_4_text_color=\u00bb#1a1140&#8243; global_colors_info=\u00bb{}\u00bb]<\/p>\n<h4>Autor Principal en el IEEC<\/h4>\n<p>Castelldefels, Barcelona<\/p>\n<h4>Josep M. Trigo-Rodr\u00edguez<\/h4>\n<p>Institut d\u2019Estudis Espacials de Catalunya (IEEC)<br \/>Instituto de Ciencias del Espacio (ICE-CSIC)<br \/>Correo electr\u00f3nico: <a href=\"mailto:trigo@ieec.cat\">trigo@ieec.cat,<\/a> <a href=\"mailto:trigo@ice.csic.es\">trigo@ice.csic.es<\/a><\/p>\n<p>[\/et_pb_text][\/et_pb_column][\/et_pb_row][et_pb_row _builder_version=\u00bb4.14.8&#8243; _module_preset=\u00bbdefault\u00bb background_color=\u00bbrgba(64,111,218,0.15)\u00bb global_module=\u00bb17324&#8243; global_colors_info=\u00bb{}\u00bb][et_pb_column type=\u00bb4_4&#8243; _builder_version=\u00bb4.14.8&#8243; _module_preset=\u00bbdefault\u00bb custom_padding=\u00bb20px|50px|20px|50px|true|true\u00bb global_colors_info=\u00bb{}\u00bb][et_pb_text admin_label=\u00bbSobre l&#8217;IEEC\u00bb _builder_version=\u00bb4.14.8&#8243; _module_preset=\u00bbdefault\u00bb header_2_font=\u00bb|700|||||||\u00bb header_2_font_size=\u00bb25px\u00bb custom_margin=\u00bb||10px||false|false\u00bb header_2_font_size_tablet=\u00bb23px\u00bb header_2_font_size_phone=\u00bb23px\u00bb header_2_font_size_last_edited=\u00bbon|phone\u00bb locked=\u00bboff\u00bb global_colors_info=\u00bb{}\u00bb]<\/p>\n<h2>Sobre el IEEC<\/h2>\n<p>[\/et_pb_text][et_pb_text _builder_version=\u00bb4.14.8&#8243; _module_preset=\u00bbdefault\u00bb text_font=\u00bb||on||||||\u00bb link_font=\u00bb|700|||on||||\u00bb locked=\u00bboff\u00bb global_colors_info=\u00bb{}\u00bb]<\/p>\n<p>El Institut d\u2019Estudis Espacials de Catalunya (IEEC) promueve y coordina la investigaci\u00f3n y el desarrollo tecnol\u00f3gico espacial en Catalu\u00f1a en beneficio de la sociedad. El IEEC fomenta las colaboraciones tanto a nivel local como mundial, y es un eficiente agente de transferencia de conocimiento, innovaci\u00f3n y tecnolog\u00eda. Como resultado de m\u00e1s de 25 a\u00f1os de investigaci\u00f3n de alta calidad, llevada a cabo en colaboraci\u00f3n con las principales organizaciones internacionales, el IEEC se encuentra entre los mejores centros de investigaci\u00f3n internacionales, centrados en \u00e1reas como: astrof\u00edsica, cosmolog\u00eda, ciencias planetarias y observaci\u00f3n de la Tierra. La divisi\u00f3n de ingenier\u00eda del IEEC desarrolla instrumentaci\u00f3n para proyectos terrestres y espaciales, y tiene una amplia experiencia trabajando con organizaciones privadas y p\u00fablicas del sector aeroespacial y otros sectores de innovaci\u00f3n.<\/p>\n<p>El IEEC es una fundaci\u00f3n del sector p\u00fablico sin \u00e1nimo de lucro, fundada en febrero de 1996. Est\u00e1 regida por un Patronato compuesto por la Generalitat de Catalunya,  la Universitat de Barcelona (UB), la Universitat Aut\u00f2noma de Barcelona (UAB), la Universitat Polit\u00e8cnica de Catalunya \u00b7 BarcelonaTech (UPC), y el Consejo Superior de Investigaciones Cient\u00edficas (CSIC). El IEEC es tambi\u00e9n un centro CERCA (Centres de Recerca de Catalunya).<\/p>\n<p>[\/et_pb_text][\/et_pb_column][\/et_pb_row][\/et_pb_section]<\/p>\n","protected":false},"excerpt":{"rendered":"<p>Investigadores del IEEC en el Instituto de Ciencias del Espacio (ICE-CSIC) participan en la misi\u00f3n de la Agencia Espacial Europea que estudiar\u00e1 el sistema binario de asteroides formado por Didymos y Dimorphos.<\/p>\n","protected":false},"author":5,"featured_media":31054,"comment_status":"closed","ping_status":"closed","sticky":false,"template":"","format":"standard","meta":{"_et_pb_use_builder":"on","_et_pb_old_content":"","_et_gb_content_width":"","footnotes":""},"categories":[99,113,75],"tags":[],"class_list":["post-31062","post","type-post","status-publish","format-standard","has-post-thumbnail","hentry","category-ciencia-noticias","category-noticia-destacada-pequena","category-noticias"],"yoast_head":"<!-- This site is optimized with the Yoast SEO plugin v27.4 - https:\/\/yoast.com\/product\/yoast-seo-wordpress\/ -->\n<title>Lanzada con \u00e9xito la misi\u00f3n Hera de defensa planetaria - IEEC<\/title>\n<meta name=\"description\" content=\"Investigadores del IEEC en el Instituto de Ciencias del Espacio (ICE-CSIC) participan en la misi\u00f3n de la Agencia Espacial Europea que estudiar\u00e1 el sistema binario de asteroides formado por Didymos y Dimorphos.\" \/>\n<meta name=\"robots\" content=\"index, follow, max-snippet:-1, max-image-preview:large, max-video-preview:-1\" \/>\n<link rel=\"canonical\" href=\"https:\/\/www.ieec.cat\/es\/lanzada-con-exito-la-mision-hera-de-defensa-planetaria\/\" \/>\n<meta property=\"og:locale\" content=\"es_ES\" \/>\n<meta property=\"og:type\" content=\"article\" \/>\n<meta property=\"og:title\" content=\"Lanzada con \u00e9xito la misi\u00f3n Hera de defensa planetaria - IEEC\" \/>\n<meta property=\"og:description\" content=\"Investigadores del IEEC en el Instituto de Ciencias del Espacio (ICE-CSIC) participan en la misi\u00f3n de la Agencia Espacial Europea que estudiar\u00e1 el sistema binario de asteroides formado por Didymos y Dimorphos.\" \/>\n<meta property=\"og:url\" content=\"https:\/\/www.ieec.cat\/es\/lanzada-con-exito-la-mision-hera-de-defensa-planetaria\/\" \/>\n<meta property=\"og:site_name\" content=\"IEEC\" \/>\n<meta property=\"article:published_time\" content=\"2024-10-08T13:07:08+00:00\" \/>\n<meta property=\"article:modified_time\" content=\"2024-10-08T13:07:10+00:00\" \/>\n<meta property=\"og:image\" content=\"https:\/\/www.ieec.cat\/wp-content\/uploads\/2024\/10\/Hera_approaches_Dimorphos-5b91cbbe.webp\" \/>\n\t<meta property=\"og:image:width\" content=\"1920\" \/>\n\t<meta property=\"og:image:height\" content=\"1080\" \/>\n\t<meta property=\"og:image:type\" content=\"image\/webp\" \/>\n<meta name=\"author\" content=\"Francisco Panyos\" \/>\n<meta name=\"twitter:card\" content=\"summary_large_image\" \/>\n<meta name=\"twitter:label1\" content=\"Escrito por\" \/>\n\t<meta name=\"twitter:data1\" content=\"Francisco Panyos\" \/>\n\t<meta name=\"twitter:label2\" content=\"Tiempo de lectura\" \/>\n\t<meta name=\"twitter:data2\" content=\"6 minutos\" \/>\n<script type=\"application\/ld+json\" class=\"yoast-schema-graph\">{\"@context\":\"https:\\\/\\\/schema.org\",\"@graph\":[{\"@type\":\"Article\",\"@id\":\"https:\\\/\\\/www.ieec.cat\\\/es\\\/lanzada-con-exito-la-mision-hera-de-defensa-planetaria\\\/#article\",\"isPartOf\":{\"@id\":\"https:\\\/\\\/www.ieec.cat\\\/es\\\/lanzada-con-exito-la-mision-hera-de-defensa-planetaria\\\/\"},\"author\":{\"name\":\"Francisco Panyos\",\"@id\":\"https:\\\/\\\/www.ieec.cat\\\/es\\\/#\\\/schema\\\/person\\\/66f3943e2fdb094349ad344043ede870\"},\"headline\":\"Lanzada con \u00e9xito la misi\u00f3n Hera de defensa planetaria\",\"datePublished\":\"2024-10-08T13:07:08+00:00\",\"dateModified\":\"2024-10-08T13:07:10+00:00\",\"mainEntityOfPage\":{\"@id\":\"https:\\\/\\\/www.ieec.cat\\\/es\\\/lanzada-con-exito-la-mision-hera-de-defensa-planetaria\\\/\"},\"wordCount\":1910,\"image\":{\"@id\":\"https:\\\/\\\/www.ieec.cat\\\/es\\\/lanzada-con-exito-la-mision-hera-de-defensa-planetaria\\\/#primaryimage\"},\"thumbnailUrl\":\"https:\\\/\\\/www.ieec.cat\\\/wp-content\\\/uploads\\\/2024\\\/10\\\/Hera_approaches_Dimorphos-5b91cbbe.webp\",\"articleSection\":[\"Ciencia\",\"Noticia destacada peque\u00f1a\",\"Noticias\"],\"inLanguage\":\"es\"},{\"@type\":\"WebPage\",\"@id\":\"https:\\\/\\\/www.ieec.cat\\\/es\\\/lanzada-con-exito-la-mision-hera-de-defensa-planetaria\\\/\",\"url\":\"https:\\\/\\\/www.ieec.cat\\\/es\\\/lanzada-con-exito-la-mision-hera-de-defensa-planetaria\\\/\",\"name\":\"Lanzada con \u00e9xito la misi\u00f3n Hera de defensa planetaria - IEEC\",\"isPartOf\":{\"@id\":\"https:\\\/\\\/www.ieec.cat\\\/es\\\/#website\"},\"primaryImageOfPage\":{\"@id\":\"https:\\\/\\\/www.ieec.cat\\\/es\\\/lanzada-con-exito-la-mision-hera-de-defensa-planetaria\\\/#primaryimage\"},\"image\":{\"@id\":\"https:\\\/\\\/www.ieec.cat\\\/es\\\/lanzada-con-exito-la-mision-hera-de-defensa-planetaria\\\/#primaryimage\"},\"thumbnailUrl\":\"https:\\\/\\\/www.ieec.cat\\\/wp-content\\\/uploads\\\/2024\\\/10\\\/Hera_approaches_Dimorphos-5b91cbbe.webp\",\"datePublished\":\"2024-10-08T13:07:08+00:00\",\"dateModified\":\"2024-10-08T13:07:10+00:00\",\"author\":{\"@id\":\"https:\\\/\\\/www.ieec.cat\\\/es\\\/#\\\/schema\\\/person\\\/66f3943e2fdb094349ad344043ede870\"},\"description\":\"Investigadores del IEEC en el Instituto de Ciencias del Espacio (ICE-CSIC) participan en la misi\u00f3n de la Agencia Espacial Europea que estudiar\u00e1 el sistema binario de asteroides formado por Didymos y Dimorphos.\",\"breadcrumb\":{\"@id\":\"https:\\\/\\\/www.ieec.cat\\\/es\\\/lanzada-con-exito-la-mision-hera-de-defensa-planetaria\\\/#breadcrumb\"},\"inLanguage\":\"es\",\"potentialAction\":[{\"@type\":\"ReadAction\",\"target\":[\"https:\\\/\\\/www.ieec.cat\\\/es\\\/lanzada-con-exito-la-mision-hera-de-defensa-planetaria\\\/\"]}]},{\"@type\":\"ImageObject\",\"inLanguage\":\"es\",\"@id\":\"https:\\\/\\\/www.ieec.cat\\\/es\\\/lanzada-con-exito-la-mision-hera-de-defensa-planetaria\\\/#primaryimage\",\"url\":\"https:\\\/\\\/www.ieec.cat\\\/wp-content\\\/uploads\\\/2024\\\/10\\\/Hera_approaches_Dimorphos-5b91cbbe.webp\",\"contentUrl\":\"https:\\\/\\\/www.ieec.cat\\\/wp-content\\\/uploads\\\/2024\\\/10\\\/Hera_approaches_Dimorphos-5b91cbbe.webp\",\"width\":1920,\"height\":1080},{\"@type\":\"BreadcrumbList\",\"@id\":\"https:\\\/\\\/www.ieec.cat\\\/es\\\/lanzada-con-exito-la-mision-hera-de-defensa-planetaria\\\/#breadcrumb\",\"itemListElement\":[{\"@type\":\"ListItem\",\"position\":1,\"name\":\"Portada\",\"item\":\"https:\\\/\\\/www.ieec.cat\\\/es\\\/\"},{\"@type\":\"ListItem\",\"position\":2,\"name\":\"Lanzada con \u00e9xito la misi\u00f3n Hera de defensa planetaria\"}]},{\"@type\":\"WebSite\",\"@id\":\"https:\\\/\\\/www.ieec.cat\\\/es\\\/#website\",\"url\":\"https:\\\/\\\/www.ieec.cat\\\/es\\\/\",\"name\":\"IEEC\",\"description\":\"Institut d&#039;Estudis Espacials de Catalunya\",\"potentialAction\":[{\"@type\":\"SearchAction\",\"target\":{\"@type\":\"EntryPoint\",\"urlTemplate\":\"https:\\\/\\\/www.ieec.cat\\\/es\\\/?s={search_term_string}\"},\"query-input\":{\"@type\":\"PropertyValueSpecification\",\"valueRequired\":true,\"valueName\":\"search_term_string\"}}],\"inLanguage\":\"es\"},{\"@type\":\"Person\",\"@id\":\"https:\\\/\\\/www.ieec.cat\\\/es\\\/#\\\/schema\\\/person\\\/66f3943e2fdb094349ad344043ede870\",\"name\":\"Francisco Panyos\",\"image\":{\"@type\":\"ImageObject\",\"inLanguage\":\"es\",\"@id\":\"https:\\\/\\\/secure.gravatar.com\\\/avatar\\\/526157a3fe3c965ab680e104b6fe47df151d5d607c86c2744324613bf4c68622?s=96&d=mm&r=g\",\"url\":\"https:\\\/\\\/secure.gravatar.com\\\/avatar\\\/526157a3fe3c965ab680e104b6fe47df151d5d607c86c2744324613bf4c68622?s=96&d=mm&r=g\",\"contentUrl\":\"https:\\\/\\\/secure.gravatar.com\\\/avatar\\\/526157a3fe3c965ab680e104b6fe47df151d5d607c86c2744324613bf4c68622?s=96&d=mm&r=g\",\"caption\":\"Francisco Panyos\"}}]}<\/script>\n<!-- \/ Yoast SEO plugin. -->","yoast_head_json":{"title":"Lanzada con \u00e9xito la misi\u00f3n Hera de defensa planetaria - IEEC","description":"Investigadores del IEEC en el Instituto de Ciencias del Espacio (ICE-CSIC) participan en la misi\u00f3n de la Agencia Espacial Europea que estudiar\u00e1 el sistema binario de asteroides formado por Didymos y Dimorphos.","robots":{"index":"index","follow":"follow","max-snippet":"max-snippet:-1","max-image-preview":"max-image-preview:large","max-video-preview":"max-video-preview:-1"},"canonical":"https:\/\/www.ieec.cat\/es\/lanzada-con-exito-la-mision-hera-de-defensa-planetaria\/","og_locale":"es_ES","og_type":"article","og_title":"Lanzada con \u00e9xito la misi\u00f3n Hera de defensa planetaria - IEEC","og_description":"Investigadores del IEEC en el Instituto de Ciencias del Espacio (ICE-CSIC) participan en la misi\u00f3n de la Agencia Espacial Europea que estudiar\u00e1 el sistema binario de asteroides formado por Didymos y Dimorphos.","og_url":"https:\/\/www.ieec.cat\/es\/lanzada-con-exito-la-mision-hera-de-defensa-planetaria\/","og_site_name":"IEEC","article_published_time":"2024-10-08T13:07:08+00:00","article_modified_time":"2024-10-08T13:07:10+00:00","og_image":[{"width":1920,"height":1080,"url":"https:\/\/www.ieec.cat\/wp-content\/uploads\/2024\/10\/Hera_approaches_Dimorphos-5b91cbbe.webp","type":"image\/webp"}],"author":"Francisco Panyos","twitter_card":"summary_large_image","twitter_misc":{"Escrito por":"Francisco Panyos","Tiempo de lectura":"6 minutos"},"schema":{"@context":"https:\/\/schema.org","@graph":[{"@type":"Article","@id":"https:\/\/www.ieec.cat\/es\/lanzada-con-exito-la-mision-hera-de-defensa-planetaria\/#article","isPartOf":{"@id":"https:\/\/www.ieec.cat\/es\/lanzada-con-exito-la-mision-hera-de-defensa-planetaria\/"},"author":{"name":"Francisco Panyos","@id":"https:\/\/www.ieec.cat\/es\/#\/schema\/person\/66f3943e2fdb094349ad344043ede870"},"headline":"Lanzada con \u00e9xito la misi\u00f3n Hera de defensa planetaria","datePublished":"2024-10-08T13:07:08+00:00","dateModified":"2024-10-08T13:07:10+00:00","mainEntityOfPage":{"@id":"https:\/\/www.ieec.cat\/es\/lanzada-con-exito-la-mision-hera-de-defensa-planetaria\/"},"wordCount":1910,"image":{"@id":"https:\/\/www.ieec.cat\/es\/lanzada-con-exito-la-mision-hera-de-defensa-planetaria\/#primaryimage"},"thumbnailUrl":"https:\/\/www.ieec.cat\/wp-content\/uploads\/2024\/10\/Hera_approaches_Dimorphos-5b91cbbe.webp","articleSection":["Ciencia","Noticia destacada peque\u00f1a","Noticias"],"inLanguage":"es"},{"@type":"WebPage","@id":"https:\/\/www.ieec.cat\/es\/lanzada-con-exito-la-mision-hera-de-defensa-planetaria\/","url":"https:\/\/www.ieec.cat\/es\/lanzada-con-exito-la-mision-hera-de-defensa-planetaria\/","name":"Lanzada con \u00e9xito la misi\u00f3n Hera de defensa planetaria - IEEC","isPartOf":{"@id":"https:\/\/www.ieec.cat\/es\/#website"},"primaryImageOfPage":{"@id":"https:\/\/www.ieec.cat\/es\/lanzada-con-exito-la-mision-hera-de-defensa-planetaria\/#primaryimage"},"image":{"@id":"https:\/\/www.ieec.cat\/es\/lanzada-con-exito-la-mision-hera-de-defensa-planetaria\/#primaryimage"},"thumbnailUrl":"https:\/\/www.ieec.cat\/wp-content\/uploads\/2024\/10\/Hera_approaches_Dimorphos-5b91cbbe.webp","datePublished":"2024-10-08T13:07:08+00:00","dateModified":"2024-10-08T13:07:10+00:00","author":{"@id":"https:\/\/www.ieec.cat\/es\/#\/schema\/person\/66f3943e2fdb094349ad344043ede870"},"description":"Investigadores del IEEC en el Instituto de Ciencias del Espacio (ICE-CSIC) participan en la misi\u00f3n de la Agencia Espacial Europea que estudiar\u00e1 el sistema binario de asteroides formado por Didymos y Dimorphos.","breadcrumb":{"@id":"https:\/\/www.ieec.cat\/es\/lanzada-con-exito-la-mision-hera-de-defensa-planetaria\/#breadcrumb"},"inLanguage":"es","potentialAction":[{"@type":"ReadAction","target":["https:\/\/www.ieec.cat\/es\/lanzada-con-exito-la-mision-hera-de-defensa-planetaria\/"]}]},{"@type":"ImageObject","inLanguage":"es","@id":"https:\/\/www.ieec.cat\/es\/lanzada-con-exito-la-mision-hera-de-defensa-planetaria\/#primaryimage","url":"https:\/\/www.ieec.cat\/wp-content\/uploads\/2024\/10\/Hera_approaches_Dimorphos-5b91cbbe.webp","contentUrl":"https:\/\/www.ieec.cat\/wp-content\/uploads\/2024\/10\/Hera_approaches_Dimorphos-5b91cbbe.webp","width":1920,"height":1080},{"@type":"BreadcrumbList","@id":"https:\/\/www.ieec.cat\/es\/lanzada-con-exito-la-mision-hera-de-defensa-planetaria\/#breadcrumb","itemListElement":[{"@type":"ListItem","position":1,"name":"Portada","item":"https:\/\/www.ieec.cat\/es\/"},{"@type":"ListItem","position":2,"name":"Lanzada con \u00e9xito la misi\u00f3n Hera de defensa planetaria"}]},{"@type":"WebSite","@id":"https:\/\/www.ieec.cat\/es\/#website","url":"https:\/\/www.ieec.cat\/es\/","name":"IEEC","description":"Institut d&#039;Estudis Espacials de Catalunya","potentialAction":[{"@type":"SearchAction","target":{"@type":"EntryPoint","urlTemplate":"https:\/\/www.ieec.cat\/es\/?s={search_term_string}"},"query-input":{"@type":"PropertyValueSpecification","valueRequired":true,"valueName":"search_term_string"}}],"inLanguage":"es"},{"@type":"Person","@id":"https:\/\/www.ieec.cat\/es\/#\/schema\/person\/66f3943e2fdb094349ad344043ede870","name":"Francisco Panyos","image":{"@type":"ImageObject","inLanguage":"es","@id":"https:\/\/secure.gravatar.com\/avatar\/526157a3fe3c965ab680e104b6fe47df151d5d607c86c2744324613bf4c68622?s=96&d=mm&r=g","url":"https:\/\/secure.gravatar.com\/avatar\/526157a3fe3c965ab680e104b6fe47df151d5d607c86c2744324613bf4c68622?s=96&d=mm&r=g","contentUrl":"https:\/\/secure.gravatar.com\/avatar\/526157a3fe3c965ab680e104b6fe47df151d5d607c86c2744324613bf4c68622?s=96&d=mm&r=g","caption":"Francisco Panyos"}}]}},"_links":{"self":[{"href":"https:\/\/www.ieec.cat\/es\/wp-json\/wp\/v2\/posts\/31062","targetHints":{"allow":["GET"]}}],"collection":[{"href":"https:\/\/www.ieec.cat\/es\/wp-json\/wp\/v2\/posts"}],"about":[{"href":"https:\/\/www.ieec.cat\/es\/wp-json\/wp\/v2\/types\/post"}],"author":[{"embeddable":true,"href":"https:\/\/www.ieec.cat\/es\/wp-json\/wp\/v2\/users\/5"}],"replies":[{"embeddable":true,"href":"https:\/\/www.ieec.cat\/es\/wp-json\/wp\/v2\/comments?post=31062"}],"version-history":[{"count":10,"href":"https:\/\/www.ieec.cat\/es\/wp-json\/wp\/v2\/posts\/31062\/revisions"}],"predecessor-version":[{"id":31107,"href":"https:\/\/www.ieec.cat\/es\/wp-json\/wp\/v2\/posts\/31062\/revisions\/31107"}],"wp:featuredmedia":[{"embeddable":true,"href":"https:\/\/www.ieec.cat\/es\/wp-json\/wp\/v2\/media\/31054"}],"wp:attachment":[{"href":"https:\/\/www.ieec.cat\/es\/wp-json\/wp\/v2\/media?parent=31062"}],"wp:term":[{"taxonomy":"category","embeddable":true,"href":"https:\/\/www.ieec.cat\/es\/wp-json\/wp\/v2\/categories?post=31062"},{"taxonomy":"post_tag","embeddable":true,"href":"https:\/\/www.ieec.cat\/es\/wp-json\/wp\/v2\/tags?post=31062"}],"curies":[{"name":"wp","href":"https:\/\/api.w.org\/{rel}","templated":true}]}}