{"id":31213,"date":"2024-10-14T14:41:22","date_gmt":"2024-10-14T12:41:22","guid":{"rendered":"https:\/\/www.ieec.cat\/catalunya-present-al-congres-espacial-mes-important-del-mon-amb-lestand-newspace-catalonia-del-govern\/"},"modified":"2024-10-16T16:40:00","modified_gmt":"2024-10-16T14:40:00","slug":"catalunya-present-al-congres-espacial-mes-important-del-mon-amb-lestand-newspace-catalonia-del-govern","status":"publish","type":"post","link":"https:\/\/www.ieec.cat\/es\/catalunya-present-al-congres-espacial-mes-important-del-mon-amb-lestand-newspace-catalonia-del-govern\/","title":{"rendered":"Catalunya, presente en el congreso espacial m\u00e1s importante del mundo con el estand \u2018NewSpace Catalonia\u2019 del Govern"},"content":{"rendered":"<p>[et_pb_section fb_built=\u00bb1&#8243; _builder_version=\u00bb4.14.8&#8243; _module_preset=\u00bbdefault\u00bb background_image=\u00bbhttps:\/\/www.ieec.cat\/wp-content\/uploads\/2022\/02\/slider-comunicacio.jpg\u00bb max_height=\u00bb130px\u00bb custom_padding=\u00bb0px||0px||false|false\u00bb da_disable_devices=\u00bboff|off|off\u00bb global_colors_info=\u00bb{}\u00bb da_is_popup=\u00bboff\u00bb da_exit_intent=\u00bboff\u00bb da_has_close=\u00bbon\u00bb da_alt_close=\u00bboff\u00bb da_dark_close=\u00bboff\u00bb da_not_modal=\u00bbon\u00bb da_is_singular=\u00bboff\u00bb da_with_loader=\u00bboff\u00bb da_has_shadow=\u00bbon\u00bb][\/et_pb_section][et_pb_section fb_built=\u00bb1&#8243; _builder_version=\u00bb4.14.8&#8243; _module_preset=\u00bbdefault\u00bb custom_padding=\u00bb24px||11px|||\u00bb da_disable_devices=\u00bboff|off|off\u00bb global_colors_info=\u00bb{}\u00bb da_is_popup=\u00bboff\u00bb da_exit_intent=\u00bboff\u00bb da_has_close=\u00bbon\u00bb da_alt_close=\u00bboff\u00bb da_dark_close=\u00bboff\u00bb da_not_modal=\u00bbon\u00bb da_is_singular=\u00bboff\u00bb da_with_loader=\u00bboff\u00bb da_has_shadow=\u00bbon\u00bb][et_pb_row _builder_version=\u00bb4.14.8&#8243; _module_preset=\u00bbdefault\u00bb custom_padding=\u00bb||||false|false\u00bb global_colors_info=\u00bb{}\u00bb][et_pb_column type=\u00bb4_4&#8243; _builder_version=\u00bb4.14.8&#8243; _module_preset=\u00bbdefault\u00bb global_colors_info=\u00bb{}\u00bb][et_pb_text admin_label=\u00bbUnitats de recerca\u00bb _builder_version=\u00bb4.14.8&#8243; _dynamic_attributes=\u00bbcontent\u00bb _module_preset=\u00bbdefault\u00bb text_font=\u00bb|700||on|||||\u00bb text_font_size=\u00bb16px\u00bb header_font=\u00bb|700|||||||\u00bb custom_margin=\u00bb||10px||false|false\u00bb header_font_size_tablet=\u00bb28px\u00bb header_font_size_phone=\u00bb26px\u00bb header_font_size_last_edited=\u00bbon|phone\u00bb global_colors_info=\u00bb{}\u00bb]@ET-DC@eyJkeW5hbWljIjp0cnVlLCJjb250ZW50IjoiY3VzdG9tX21ldGFfb3JnYW5pemFjaW9uZXMiLCJzZXR0aW5ncyI6eyJiZWZvcmUiOiIiLCJhZnRlciI6IiIsImVuYWJsZV9odG1sIjoib2ZmIn19@[\/et_pb_text][et_pb_post_title author=\u00bboff\u00bb categories=\u00bboff\u00bb comments=\u00bboff\u00bb featured_image=\u00bboff\u00bb admin_label=\u00bbT\u00edtol i data\u00bb _builder_version=\u00bb4.14.8&#8243; _module_preset=\u00bbdefault\u00bb title_font=\u00bbCairo|300|||||||\u00bb title_font_size=\u00bb40px\u00bb meta_font=\u00bb||on||||||\u00bb meta_font_size=\u00bb16px\u00bb title_font_size_tablet=\u00bb35px\u00bb title_font_size_phone=\u00bb30px\u00bb title_font_size_last_edited=\u00bbon|desktop\u00bb global_colors_info=\u00bb{}\u00bb][\/et_pb_post_title][et_pb_text admin_label=\u00bbSubt\u00edtols\u00bb _builder_version=\u00bb4.14.8&#8243; _module_preset=\u00bbdefault\u00bb text_font=\u00bbSource Sans Pro||on||||||\u00bb text_font_size=\u00bb24px\u00bb text_line_height=\u00bb1.1em\u00bb text_font_size_tablet=\u00bb22px\u00bb text_font_size_phone=\u00bb20px\u00bb text_font_size_last_edited=\u00bbon|phone\u00bb global_colors_info=\u00bb{}\u00bb]<\/p>\n<ul>\n<li>\n<p>Hoy ha arrancado en el Milano Convention Center (MiCo) de Mil\u00e1n la 75.\u00aa edici\u00f3n del International Astronautical Congress (IAC 2024), que hasta el 18 de octubre reunir\u00e1 a los principales actores espaciales de todo el mundo<\/p>\n<\/li>\n<li>\n<p>El pabell\u00f3n \u2018NewSpace Catalonia\u2019, impulsado por el Gobierno de la Generalitat y el Institut d\u2019Estudis Espacials de Catalunya (IEEC) dentro de la Estrategia NewSpace de Catalunya, acoge 14 empresas del ecosistema catal\u00e1n del espacio<\/p>\n<\/li>\n<li>\n<p>El objetivo de la participaci\u00f3n catalana en el IAC es facilitar espacios de negocio y colaboraci\u00f3n internacional al ecosistema espacial catal\u00e1n y proyectar al mundo sus capacidades industriales, de innovaci\u00f3n y de talento<\/p>\n<\/li>\n<\/ul>\n<p>[\/et_pb_text][\/et_pb_column][\/et_pb_row][et_pb_row column_structure=\u00bb1_2,1_2&#8243; _builder_version=\u00bb4.14.8&#8243; _module_preset=\u00bbdefault\u00bb global_colors_info=\u00bb{}\u00bb][et_pb_column type=\u00bb1_2&#8243; _builder_version=\u00bb4.14.8&#8243; _module_preset=\u00bbdefault\u00bb global_colors_info=\u00bb{}\u00bb][et_pb_post_title title=\u00bboff\u00bb meta=\u00bboff\u00bb _builder_version=\u00bb4.14.8&#8243; _module_preset=\u00bbdefault\u00bb custom_margin=\u00bb||0px||false|false\u00bb border_width_top=\u00bb10px\u00bb border_color_top=\u00bb#406fda\u00bb global_colors_info=\u00bb{}\u00bb][\/et_pb_post_title][et_pb_text _builder_version=\u00bb4.14.8&#8243; _module_preset=\u00bbdefault\u00bb text_font=\u00bb||||||||\u00bb text_font_size=\u00bb15px\u00bb text_line_height=\u00bb1.1em\u00bb background_color=\u00bbrgba(64,111,218,0.15)\u00bb custom_margin=\u00bb0px||||false|false\u00bb custom_padding=\u00bb30px|20px|30px|20px|true|true\u00bb global_colors_info=\u00bb{}\u00bb]<\/p>\n<p><strong>Leyenda:<\/strong> El e<span style=\"font-weight: 400;\">stand NewSpace Catalonia acoge a 14 empresas del sector espacial catal\u00e1n.<\/span><br \/><span style=\"font-weight: 400;\"><strong>Cr\u00e9ditos:<\/strong> Generalitat de Catalunya.<\/span><\/p>\n<p>[\/et_pb_text][\/et_pb_column][et_pb_column type=\u00bb1_2&#8243; _builder_version=\u00bb4.14.8&#8243; _module_preset=\u00bbdefault\u00bb global_colors_info=\u00bb{}\u00bb][et_pb_text _builder_version=\u00bb4.14.8&#8243; _module_preset=\u00bbdefault\u00bb link_font=\u00bb|700|||on||||\u00bb global_colors_info=\u00bb{}\u00bb]<\/p>\n<p><span style=\"font-weight: 400;\">Catalunya participa por segunda vez con un pabell\u00f3n propio en el <\/span><a href=\"https:\/\/www.iac2024.org\/\" target=\"_blank\" rel=\"noopener\"><span style=\"font-weight: 400;\">International Astronautical Congress<\/span><\/a><span style=\"font-weight: 400;\"> (IAC), el congreso espacial m\u00e1s importante del mundo, que celebra su 75.\u00aa edici\u00f3n del 14 al 18 de octubre en el Milano Convention Center (MiCo) de Mil\u00e1n. Bajo el lema \u2018Responsible space for sustainability\u2019, el acontecimiento re\u00fane a m\u00e1s de 150 expositores y m\u00e1s de 8.000 expertos de la industria, la investigaci\u00f3n y las instituciones de todo el mundo en este \u00e1mbito, para debatir sobre el uso del espacio como apoyo para la sostenibilidad.<\/span><\/p>\n<p><span style=\"font-weight: 400;\">Impulsado por la Secretar\u00eda de Pol\u00edticas Digitales del Departamento de Empresa y Trabajo y el <\/span><a href=\"https:\/\/www.ieec.cat\/\"><span style=\"font-weight: 400;\">Institut d\u2019Estudis Espacials de Catalunya<\/span><\/a><span style=\"font-weight: 400;\"> (IEEC) en el marco de la <\/span><a href=\"https:\/\/politiquesdigitals.gencat.cat\/ca\/economia\/estrategia-new-space-catalunya\/\" target=\"_blank\" rel=\"noopener\"><span style=\"font-weight: 400;\">Estrategia NewSpace de Catalunya<\/span><\/a><span style=\"font-weight: 400;\">, el pabell\u00f3n NewSpace Catalonia acoge un total de 14 empresas del ecosistema espacial catal\u00e1n en un espacio de m\u00e1s de 140 m\u00b2 ubicado en un lugar destacado de la feria. El pabell\u00f3n cuenta tambi\u00e9n con la colaboraci\u00f3n de los otros dos promotores de la estrategia, la Fundaci\u00f3n i2CAT y el Instituto Cartogr\u00e1fico y Geol\u00f3gico de Catalunya (ICGC), y de la DCA-NewSpace, la comunidad de la Digital Catalonia Alliance (DCA) que integra empresas, centros de investigaci\u00f3n, administraciones y otras entidades que desarrollan, integran, implementan u ofrecen soluciones tecnol\u00f3gicas basadas en el NewSpace.<\/span><\/p>\n<p>[\/et_pb_text][\/et_pb_column][\/et_pb_row][et_pb_row _builder_version=\u00bb4.14.8&#8243; _module_preset=\u00bbdefault\u00bb global_colors_info=\u00bb{}\u00bb][et_pb_column type=\u00bb4_4&#8243; _builder_version=\u00bb4.14.8&#8243; _module_preset=\u00bbdefault\u00bb global_colors_info=\u00bb{}\u00bb][et_pb_text _builder_version=\u00bb4.14.8&#8243; _module_preset=\u00bbdefault\u00bb link_font=\u00bb|700|||on||||\u00bb hover_enabled=\u00bb0&#8243; locked=\u00bboff\u00bb global_colors_info=\u00bb{}\u00bb sticky_enabled=\u00bb0&#8243;]<\/p>\n<p><span style=\"font-weight: 400;\">El pabell\u00f3n NewSpace Catalonia dispone de una zona expositiva donde tienen cabida los estands individuales de las 14 empresas del sector espacial catal\u00e1n que podr\u00e1n exponer sus productos y servicios y mantener reuniones de negocio: <\/span><b>ASE Optics Europe; ATMake; Augusta Abogados; GPA Space; IsardSAT; Kreios Space; OSMIUM; Pangea Aerospace; Sateliot; Satellogic; SLIMOP Space; SPASCAT; Systellar Space <\/b><span style=\"font-weight: 400;\">y<\/span><b> YPlasma<\/b><span style=\"font-weight: 400;\">. De estas 14 empresas, 12 son miembros de la comunidad DCA-NewSpace y 6 son <\/span><i><span style=\"font-weight: 400;\">startups <\/span><\/i><span style=\"font-weight: 400;\">incubadas en la ESA BIC Barcelona, el programa de incubaci\u00f3n de la Agencia Espacial Europea (ESA) impulsado por la Secretar\u00eda de Pol\u00edticas Digitales en el marco de la Estrategia NewSpace, la Universitat Polit\u00e8cnica de Catalunya (UPC) y el Parque Mediterr\u00e1neo de la Tecnolog\u00eda (PMT).<\/span><span style=\"font-weight: 400;\"><\/span><\/p>\n<p><span style=\"font-weight: 400;\">Adem\u00e1s, el estand catal\u00e1n dispone tambi\u00e9n de espacios compartidos de presentaci\u00f3n y <\/span><i><span style=\"font-weight: 400;\">networking <\/span><\/i><span style=\"font-weight: 400;\">para que las empresas y entidades del ecosistema catal\u00e1n del espacio -incluidas <\/span><b>Compoxi, Leaf Space <\/b><span style=\"font-weight: 400;\">y <\/span><b>Open Cosmos<\/b><span style=\"font-weight: 400;\">, estas dos \u00faltimas con estand propio en el IAC 24-, puedan dar a conocer sus actividades, establecer contactos con otros actores destacados del sector espacial mundial y promover colaboraciones de alcance global. En el \u00e1mbito institucional, encabezan la delegaci\u00f3n catalana la secretaria de Pol\u00edticas Digitales, <\/span><b>Maria Galindo<\/b><span style=\"font-weight: 400;\">, y el director del IEEC, <\/span><b>Ignasi Ribas<\/b><span style=\"font-weight: 400;\">.<\/span><span style=\"font-weight: 400;\"><\/span><\/p>\n<p><span style=\"font-weight: 400;\">La participaci\u00f3n del ecosistema catal\u00e1n del espacio en este acontecimiento de referencia mundial tiene un objetivo triple: proyectar internacionalmente la apuesta del Gobierno de la Generalitat, materializada en la Estrategia NewSpace de Catalunya, por las grandes oportunidades que ofrece la nueva econom\u00eda del espacio; mostrar al mundo las capacidades industriales, de innovaci\u00f3n y de generaci\u00f3n de talento presentes en el ecosistema catal\u00e1n; y favorecer que las empresas catalanas participantes puedan hacer negocios y establecer contactos internacionales como parte de un ecosistema innovador.<\/span><span style=\"font-weight: 400;\"><\/span><\/p>\n<p><span style=\"font-weight: 400;\">As\u00ed, adem\u00e1s de participar en actividades de la propia feria y congreso, la delegaci\u00f3n catalana organizar\u00e1 las suyas, como por ejemplo reuniones con delegaciones, agencias y empresas de otros pa\u00edses, presentaciones p\u00fablicas de iniciativas enmarcadas en la Estrategia NewSpace, y encuentros de networking en el estand NewSpace Catalonia para conectar el ecosistema global con las empresas y entidades catalanas participantes.<\/span><span style=\"font-weight: 400;\"><\/span><\/p>\n<p>[\/et_pb_text][\/et_pb_column][\/et_pb_row][et_pb_row _builder_version=\u00bb4.14.8&#8243; _module_preset=\u00bbdefault\u00bb global_colors_info=\u00bb{}\u00bb][et_pb_column type=\u00bb4_4&#8243; _builder_version=\u00bb4.14.8&#8243; _module_preset=\u00bbdefault\u00bb global_colors_info=\u00bb{}\u00bb][et_pb_text _builder_version=\u00bb4.14.8&#8243; _module_preset=\u00bbdefault\u00bb header_2_font=\u00bb|700|||||||\u00bb header_2_font_size=\u00bb25px\u00bb header_2_font_size_tablet=\u00bb23px\u00bb header_2_font_size_phone=\u00bb23px\u00bb header_2_font_size_last_edited=\u00bbon|phone\u00bb global_colors_info=\u00bb{}\u00bb]<\/p>\n<h2>Sobre el IAC 2024<\/h2>\n<p>[\/et_pb_text][et_pb_text _builder_version=\u00bb4.14.8&#8243; _module_preset=\u00bbdefault\u00bb link_font=\u00bb|700|||on||||\u00bb locked=\u00bboff\u00bb global_colors_info=\u00bb{}\u00bb]<\/p>\n<p><span style=\"font-weight: 400;\">Organizada por la International Astronautical Federation (IAF) con la colaboraci\u00f3n local de la Asociaci\u00f3n Italiana de Aeron\u00e1utica y Astron\u00e1utica (AIDAA), una de las asociaciones astron\u00e1uticas m\u00e1s antiguas del mundo y miembro fundadora de la IAF, la Agencia Espacial Italiana (ASI), y la principal empresa aeroespacial italiana, Leonardo, la 75.\u00aa edici\u00f3n del IAC tiene lugar del 14 al 18 de octubre en el MiCo de Mil\u00e1n, el centro de convenciones m\u00e1s grande de Europa.<\/span><\/p>\n<p><span style=\"font-weight: 400;\">El IAC 2024 tiene por objetivo abordar, debatir y proponer soluciones adecuadas al dilema que plantea el lema \u2018Responsible space for sustainability\u2019 (\u2018Espacio responsable para la sostenibilidad\u2019), elegido para esta edici\u00f3n: las tecnolog\u00edas espaciales son clave para la sociedad actual y un futuro sostenible, pero el espacio exterior es un recurso finito y un activo que hay que preservar para las generaciones futuras.<\/span><\/p>\n<p>[\/et_pb_text][\/et_pb_column][\/et_pb_row][et_pb_row _builder_version=\u00bb4.14.8&#8243; _module_preset=\u00bbdefault\u00bb global_colors_info=\u00bb{}\u00bb][et_pb_column type=\u00bb4_4&#8243; _builder_version=\u00bb4.14.8&#8243; _module_preset=\u00bbdefault\u00bb global_colors_info=\u00bb{}\u00bb][et_pb_text _builder_version=\u00bb4.14.8&#8243; _module_preset=\u00bbdefault\u00bb header_2_font=\u00bb|700|||||||\u00bb header_2_font_size=\u00bb25px\u00bb header_2_font_size_tablet=\u00bb23px\u00bb header_2_font_size_phone=\u00bb23px\u00bb header_2_font_size_last_edited=\u00bbon|phone\u00bb global_colors_info=\u00bb{}\u00bb]<\/p>\n<h2>Sobre la Estrategia NewSpace de Catalunya<\/h2>\n<p>[\/et_pb_text][et_pb_text _builder_version=\u00bb4.14.8&#8243; _module_preset=\u00bbdefault\u00bb link_font=\u00bb|700|||on||||\u00bb locked=\u00bboff\u00bb global_colors_info=\u00bb{}\u00bb]<\/p>\n<p><span style=\"font-weight: 400;\">Impulsada por el Gobierno de la Generalitat de Catalunya a trav\u00e9s de la Secretar\u00eda de Pol\u00edticas Digitales del Departamento de Empresa y Trabajo y con la participaci\u00f3n del Institut d&#8217;Estudis Espacials de Catalunya (IEEC), la Fundaci\u00f3n i2CAT y el Instituto Cartogr\u00e1fico y Geol\u00f3gico de Catalunya (ICGC), la Estrategia NewSpace de Catalunya est\u00e1 concebida para aprovechar y maximizar las oportunidades de este nuevo \u00e1mbito econ\u00f3mico basado en el uso de sat\u00e9lites de peque\u00f1as dimensiones que orbitan a baja altura y en la explotaci\u00f3n de sus datos.<\/span><\/p>\n<p><span style=\"font-weight: 400;\">As\u00ed, la estrategia despliega una serie de actuaciones espec\u00edficas con la voluntad de evaluar la adopci\u00f3n de la tecnolog\u00eda NewSpace en los servicios de la Generalitat, hacer de tractor para su desarrollo en los diferentes sectores productivos y, al mismo tiempo, situar el ecosistema espacial catal\u00e1n al tablero de juego internacional vinculado a este nuevo \u00e1mbito emergente y promover la generaci\u00f3n, atracci\u00f3n y retenci\u00f3n de talento en Catalunya.<\/span><\/p>\n<p>[\/et_pb_text][\/et_pb_column][\/et_pb_row][et_pb_row _builder_version=\u00bb4.14.8&#8243; _module_preset=\u00bbdefault\u00bb custom_margin=\u00bb||||false|false\u00bb locked=\u00bboff\u00bb global_colors_info=\u00bb{}\u00bb][et_pb_column type=\u00bb4_4&#8243; _builder_version=\u00bb4.14.8&#8243; _module_preset=\u00bbdefault\u00bb global_colors_info=\u00bb{}\u00bb][et_pb_divider color=\u00bb#406fda\u00bb _builder_version=\u00bb4.14.8&#8243; _module_preset=\u00bbdefault\u00bb custom_margin=\u00bb||10px||false|false\u00bb global_colors_info=\u00bb{}\u00bb][\/et_pb_divider][et_pb_text admin_label=\u00bbEnlla\u00e7os\u00bb _builder_version=\u00bb4.14.8&#8243; _module_preset=\u00bbdefault\u00bb text_font=\u00bbCairo|700|||||||\u00bb text_text_color=\u00bb#406fda\u00bb text_font_size=\u00bb20px\u00bb custom_margin=\u00bb||10px||false|false\u00bb global_colors_info=\u00bb{}\u00bb]<\/p>\n<p>Enlaces<\/p>\n<p>[\/et_pb_text][et_pb_text _builder_version=\u00bb4.14.8&#8243; _module_preset=\u00bbdefault\u00bb text_font_size=\u00bb16px\u00bb text_line_height=\u00bb1.1em\u00bb link_font=\u00bb|700|||on|||#1a1140|\u00bb link_text_color=\u00bb#1a1140&#8243; link_line_height=\u00bb1.4em\u00bb custom_margin=\u00bb20px||||false|false\u00bb global_colors_info=\u00bb{}\u00bb]<\/p>\n<ul>\n<li><a href=\"http:\/\/www.ieec.cat\/\"><span style=\"font-weight: 400;\">IEEC<\/span><\/a><\/li>\n<li><a href=\"http:\/\/www.ieec.cat\/\"><span style=\"font-weight: 400;\"><\/span><\/a><a href=\"https:\/\/politiquesdigitals.gencat.cat\/ca\/economia\/estrategia-new-space-catalunya\/index.html\" target=\"_blank\" rel=\"noopener\"><span style=\"font-weight: 400;\">Estrategia NewSpace de Catalunya<\/span><\/a><\/li>\n<li><a href=\"https:\/\/politiquesdigitals.gencat.cat\/ca\/economia\/estrategia-new-space-catalunya\/index.html\"><span style=\"font-weight: 400;\"><\/span><\/a><a href=\"https:\/\/www.iac2024.org\/\" target=\"_blank\" rel=\"noopener\"><span style=\"font-weight: 400;\">International Astronautical Congress<\/span><\/a><\/li>\n<\/ul>\n<p>[\/et_pb_text][\/et_pb_column][\/et_pb_row][et_pb_row _builder_version=\u00bb4.14.8&#8243; _module_preset=\u00bbdefault\u00bb custom_margin=\u00bb||||false|false\u00bb locked=\u00bboff\u00bb global_colors_info=\u00bb{}\u00bb][et_pb_column type=\u00bb4_4&#8243; _builder_version=\u00bb4.14.8&#8243; _module_preset=\u00bbdefault\u00bb global_colors_info=\u00bb{}\u00bb][et_pb_divider color=\u00bb#406fda\u00bb _builder_version=\u00bb4.14.8&#8243; _module_preset=\u00bbdefault\u00bb custom_margin=\u00bb||10px||false|false\u00bb global_colors_info=\u00bb{}\u00bb][\/et_pb_divider][et_pb_text admin_label=\u00bbContactes\u00bb _builder_version=\u00bb4.14.8&#8243; _module_preset=\u00bbdefault\u00bb text_font=\u00bbCairo|700|||||||\u00bb text_text_color=\u00bb#406fda\u00bb text_font_size=\u00bb20px\u00bb custom_margin=\u00bb||10px||false|false\u00bb global_colors_info=\u00bb{}\u00bb]<\/p>\n<p>Contactos<\/p>\n<p>[\/et_pb_text][\/et_pb_column][\/et_pb_row][et_pb_row column_structure=\u00bb2_5,3_5&#8243; admin_label=\u00bbRow\u00bb _builder_version=\u00bb4.14.8&#8243; _module_preset=\u00bbdefault\u00bb custom_margin=\u00bb0px||||false|false\u00bb custom_padding=\u00bb0px||||false|false\u00bb global_colors_info=\u00bb{}\u00bb][et_pb_column type=\u00bb2_5&#8243; _builder_version=\u00bb4.14.8&#8243; _module_preset=\u00bbdefault\u00bb custom_padding=\u00bb|||20px|false|false\u00bb border_width_left=\u00bb1px\u00bb border_color_left=\u00bb#406fda\u00bb global_colors_info=\u00bb{}\u00bb][et_pb_text _builder_version=\u00bb4.14.8&#8243; _module_preset=\u00bbdefault\u00bb text_font_size=\u00bb16px\u00bb text_line_height=\u00bb1.1em\u00bb link_font=\u00bb|700|||on|||#1a1140|\u00bb link_text_color=\u00bb#1a1140&#8243; link_line_height=\u00bb1.4em\u00bb header_4_font=\u00bb|700|||||||\u00bb header_4_text_color=\u00bb#1a1140&#8243; custom_margin=\u00bb||||false|false\u00bb locked=\u00bboff\u00bb global_colors_info=\u00bb{}\u00bb]<\/p>\n<h4>Oficina de Comunicaci\u00f3n del IEEC<\/h4>\n<p>Castelldefels, Barcelona<br \/>Correo electr\u00f3nico: <a href=\"mailto:comunicacio@ieec.cat\">comunicacio@ieec.cat<\/a><\/p>\n<p>[\/et_pb_text][\/et_pb_column][et_pb_column type=\u00bb3_5&#8243; _builder_version=\u00bb4.14.8&#8243; _module_preset=\u00bbdefault\u00bb custom_padding=\u00bb|||20px|false|false\u00bb border_width_left=\u00bb1px\u00bb border_color_left=\u00bb#406fda\u00bb global_colors_info=\u00bb{}\u00bb][\/et_pb_column][\/et_pb_row][et_pb_row _builder_version=\u00bb4.14.8&#8243; _module_preset=\u00bbdefault\u00bb background_color=\u00bbrgba(64,111,218,0.15)\u00bb global_module=\u00bb17324&#8243; global_colors_info=\u00bb{}\u00bb][et_pb_column type=\u00bb4_4&#8243; _builder_version=\u00bb4.14.8&#8243; _module_preset=\u00bbdefault\u00bb custom_padding=\u00bb20px|50px|20px|50px|true|true\u00bb global_colors_info=\u00bb{}\u00bb][et_pb_text admin_label=\u00bbSobre l&#8217;IEEC\u00bb _builder_version=\u00bb4.14.8&#8243; _module_preset=\u00bbdefault\u00bb header_2_font=\u00bb|700|||||||\u00bb header_2_font_size=\u00bb25px\u00bb custom_margin=\u00bb||10px||false|false\u00bb header_2_font_size_tablet=\u00bb23px\u00bb header_2_font_size_phone=\u00bb23px\u00bb header_2_font_size_last_edited=\u00bbon|phone\u00bb locked=\u00bboff\u00bb global_colors_info=\u00bb{}\u00bb]<\/p>\n<h2>Sobre el IEEC<\/h2>\n<p>[\/et_pb_text][et_pb_text _builder_version=\u00bb4.14.8&#8243; _module_preset=\u00bbdefault\u00bb text_font=\u00bb||on||||||\u00bb link_font=\u00bb|700|||on||||\u00bb locked=\u00bboff\u00bb global_colors_info=\u00bb{}\u00bb]<\/p>\n<p>El Institut d\u2019Estudis Espacials de Catalunya (IEEC) promueve y coordina la investigaci\u00f3n y el desarrollo tecnol\u00f3gico espacial en Catalu\u00f1a en beneficio de la sociedad. El IEEC fomenta las colaboraciones tanto a nivel local como mundial, y es un eficiente agente de transferencia de conocimiento, innovaci\u00f3n y tecnolog\u00eda. Como resultado de m\u00e1s de 25 a\u00f1os de investigaci\u00f3n de alta calidad, llevada a cabo en colaboraci\u00f3n con las principales organizaciones internacionales, el IEEC se encuentra entre los mejores centros de investigaci\u00f3n internacionales, centrados en \u00e1reas como: astrof\u00edsica, cosmolog\u00eda, ciencias planetarias y observaci\u00f3n de la Tierra. La divisi\u00f3n de ingenier\u00eda del IEEC desarrolla instrumentaci\u00f3n para proyectos terrestres y espaciales, y tiene una amplia experiencia trabajando con organizaciones privadas y p\u00fablicas del sector aeroespacial y otros sectores de innovaci\u00f3n.<\/p>\n<p>El IEEC es una fundaci\u00f3n del sector p\u00fablico sin \u00e1nimo de lucro, fundada en febrero de 1996. Est\u00e1 regida por un Patronato compuesto por la Generalitat de Catalunya,  la Universitat de Barcelona (UB), la Universitat Aut\u00f2noma de Barcelona (UAB), la Universitat Polit\u00e8cnica de Catalunya \u00b7 BarcelonaTech (UPC), y el Consejo Superior de Investigaciones Cient\u00edficas (CSIC). El IEEC es tambi\u00e9n un centro CERCA (Centres de Recerca de Catalunya).<\/p>\n<p>[\/et_pb_text][\/et_pb_column][\/et_pb_row][\/et_pb_section]<\/p>\n","protected":false},"excerpt":{"rendered":"<p>El pabell\u00f3n, impulsado por el Gobierno de la Generalitat y el IEEC dentro de la Estrategia NewSpace de Catalunya, acoge 14 empresas del ecosistema catal\u00e1n del espacio.<\/p>\n","protected":false},"author":5,"featured_media":31205,"comment_status":"closed","ping_status":"closed","sticky":false,"template":"","format":"standard","meta":{"_et_pb_use_builder":"on","_et_pb_old_content":"","_et_gb_content_width":"","footnotes":""},"categories":[103,122,75],"tags":[],"class_list":["post-31213","post","type-post","status-publish","format-standard","has-post-thumbnail","hentry","category-innovacion","category-newspace-es","category-noticias"],"yoast_head":"<!-- This site is optimized with the Yoast SEO plugin v27.4 - https:\/\/yoast.com\/product\/yoast-seo-wordpress\/ -->\n<title>Catalunya, presente en el congreso espacial m\u00e1s importante del mundo con el estand \u2018NewSpace Catalonia\u2019 del Govern - IEEC<\/title>\n<meta name=\"description\" content=\"El pabell\u00f3n, impulsado por el Gobierno de la Generalitat y el IEEC dentro de la Estrategia NewSpace de Catalunya, acoge 14 empresas del ecosistema catal\u00e1n del espacio.\" \/>\n<meta name=\"robots\" content=\"index, follow, max-snippet:-1, max-image-preview:large, max-video-preview:-1\" \/>\n<link rel=\"canonical\" href=\"https:\/\/www.ieec.cat\/es\/catalunya-present-al-congres-espacial-mes-important-del-mon-amb-lestand-newspace-catalonia-del-govern\/\" \/>\n<meta property=\"og:locale\" content=\"es_ES\" \/>\n<meta property=\"og:type\" content=\"article\" \/>\n<meta property=\"og:title\" content=\"Catalunya, presente en el congreso espacial m\u00e1s importante del mundo con el estand \u2018NewSpace Catalonia\u2019 del Govern - IEEC\" \/>\n<meta property=\"og:description\" content=\"El pabell\u00f3n, impulsado por el Gobierno de la Generalitat y el IEEC dentro de la Estrategia NewSpace de Catalunya, acoge 14 empresas del ecosistema catal\u00e1n del espacio.\" \/>\n<meta property=\"og:url\" content=\"https:\/\/www.ieec.cat\/es\/catalunya-present-al-congres-espacial-mes-important-del-mon-amb-lestand-newspace-catalonia-del-govern\/\" \/>\n<meta property=\"og:site_name\" content=\"IEEC\" \/>\n<meta property=\"article:published_time\" content=\"2024-10-14T12:41:22+00:00\" \/>\n<meta property=\"article:modified_time\" content=\"2024-10-16T14:40:00+00:00\" \/>\n<meta property=\"og:image\" content=\"https:\/\/www.ieec.cat\/wp-content\/uploads\/2024\/10\/P1010641_edited-cut.jpg\" \/>\n\t<meta property=\"og:image:width\" content=\"1920\" \/>\n\t<meta property=\"og:image:height\" content=\"1411\" \/>\n\t<meta property=\"og:image:type\" content=\"image\/jpeg\" \/>\n<meta name=\"author\" content=\"Francisco Panyos\" \/>\n<meta name=\"twitter:card\" content=\"summary_large_image\" \/>\n<meta name=\"twitter:label1\" content=\"Escrito por\" \/>\n\t<meta name=\"twitter:data1\" content=\"Francisco Panyos\" \/>\n\t<meta name=\"twitter:label2\" content=\"Tiempo de lectura\" \/>\n\t<meta name=\"twitter:data2\" content=\"8 minutos\" \/>\n<script type=\"application\/ld+json\" class=\"yoast-schema-graph\">{\"@context\":\"https:\\\/\\\/schema.org\",\"@graph\":[{\"@type\":\"Article\",\"@id\":\"https:\\\/\\\/www.ieec.cat\\\/es\\\/catalunya-present-al-congres-espacial-mes-important-del-mon-amb-lestand-newspace-catalonia-del-govern\\\/#article\",\"isPartOf\":{\"@id\":\"https:\\\/\\\/www.ieec.cat\\\/es\\\/catalunya-present-al-congres-espacial-mes-important-del-mon-amb-lestand-newspace-catalonia-del-govern\\\/\"},\"author\":{\"name\":\"Francisco Panyos\",\"@id\":\"https:\\\/\\\/www.ieec.cat\\\/es\\\/#\\\/schema\\\/person\\\/66f3943e2fdb094349ad344043ede870\"},\"headline\":\"Catalunya, presente en el congreso espacial m\u00e1s importante del mundo con el estand \u2018NewSpace Catalonia\u2019 del Govern\",\"datePublished\":\"2024-10-14T12:41:22+00:00\",\"dateModified\":\"2024-10-16T14:40:00+00:00\",\"mainEntityOfPage\":{\"@id\":\"https:\\\/\\\/www.ieec.cat\\\/es\\\/catalunya-present-al-congres-espacial-mes-important-del-mon-amb-lestand-newspace-catalonia-del-govern\\\/\"},\"wordCount\":2475,\"image\":{\"@id\":\"https:\\\/\\\/www.ieec.cat\\\/es\\\/catalunya-present-al-congres-espacial-mes-important-del-mon-amb-lestand-newspace-catalonia-del-govern\\\/#primaryimage\"},\"thumbnailUrl\":\"https:\\\/\\\/www.ieec.cat\\\/wp-content\\\/uploads\\\/2024\\\/10\\\/P1010641_edited-cut.jpg\",\"articleSection\":[\"Innovaci\u00f3n\",\"NewSpace\",\"Noticias\"],\"inLanguage\":\"es\"},{\"@type\":\"WebPage\",\"@id\":\"https:\\\/\\\/www.ieec.cat\\\/es\\\/catalunya-present-al-congres-espacial-mes-important-del-mon-amb-lestand-newspace-catalonia-del-govern\\\/\",\"url\":\"https:\\\/\\\/www.ieec.cat\\\/es\\\/catalunya-present-al-congres-espacial-mes-important-del-mon-amb-lestand-newspace-catalonia-del-govern\\\/\",\"name\":\"Catalunya, presente en el congreso espacial m\u00e1s importante del mundo con el estand \u2018NewSpace Catalonia\u2019 del Govern - IEEC\",\"isPartOf\":{\"@id\":\"https:\\\/\\\/www.ieec.cat\\\/es\\\/#website\"},\"primaryImageOfPage\":{\"@id\":\"https:\\\/\\\/www.ieec.cat\\\/es\\\/catalunya-present-al-congres-espacial-mes-important-del-mon-amb-lestand-newspace-catalonia-del-govern\\\/#primaryimage\"},\"image\":{\"@id\":\"https:\\\/\\\/www.ieec.cat\\\/es\\\/catalunya-present-al-congres-espacial-mes-important-del-mon-amb-lestand-newspace-catalonia-del-govern\\\/#primaryimage\"},\"thumbnailUrl\":\"https:\\\/\\\/www.ieec.cat\\\/wp-content\\\/uploads\\\/2024\\\/10\\\/P1010641_edited-cut.jpg\",\"datePublished\":\"2024-10-14T12:41:22+00:00\",\"dateModified\":\"2024-10-16T14:40:00+00:00\",\"author\":{\"@id\":\"https:\\\/\\\/www.ieec.cat\\\/es\\\/#\\\/schema\\\/person\\\/66f3943e2fdb094349ad344043ede870\"},\"description\":\"El pabell\u00f3n, impulsado por el Gobierno de la Generalitat y el IEEC dentro de la Estrategia NewSpace de Catalunya, acoge 14 empresas del ecosistema catal\u00e1n del espacio.\",\"breadcrumb\":{\"@id\":\"https:\\\/\\\/www.ieec.cat\\\/es\\\/catalunya-present-al-congres-espacial-mes-important-del-mon-amb-lestand-newspace-catalonia-del-govern\\\/#breadcrumb\"},\"inLanguage\":\"es\",\"potentialAction\":[{\"@type\":\"ReadAction\",\"target\":[\"https:\\\/\\\/www.ieec.cat\\\/es\\\/catalunya-present-al-congres-espacial-mes-important-del-mon-amb-lestand-newspace-catalonia-del-govern\\\/\"]}]},{\"@type\":\"ImageObject\",\"inLanguage\":\"es\",\"@id\":\"https:\\\/\\\/www.ieec.cat\\\/es\\\/catalunya-present-al-congres-espacial-mes-important-del-mon-amb-lestand-newspace-catalonia-del-govern\\\/#primaryimage\",\"url\":\"https:\\\/\\\/www.ieec.cat\\\/wp-content\\\/uploads\\\/2024\\\/10\\\/P1010641_edited-cut.jpg\",\"contentUrl\":\"https:\\\/\\\/www.ieec.cat\\\/wp-content\\\/uploads\\\/2024\\\/10\\\/P1010641_edited-cut.jpg\",\"width\":1920,\"height\":1411},{\"@type\":\"BreadcrumbList\",\"@id\":\"https:\\\/\\\/www.ieec.cat\\\/es\\\/catalunya-present-al-congres-espacial-mes-important-del-mon-amb-lestand-newspace-catalonia-del-govern\\\/#breadcrumb\",\"itemListElement\":[{\"@type\":\"ListItem\",\"position\":1,\"name\":\"Portada\",\"item\":\"https:\\\/\\\/www.ieec.cat\\\/es\\\/\"},{\"@type\":\"ListItem\",\"position\":2,\"name\":\"Catalunya, presente en el congreso espacial m\u00e1s importante del mundo con el estand \u2018NewSpace Catalonia\u2019 del Govern\"}]},{\"@type\":\"WebSite\",\"@id\":\"https:\\\/\\\/www.ieec.cat\\\/es\\\/#website\",\"url\":\"https:\\\/\\\/www.ieec.cat\\\/es\\\/\",\"name\":\"IEEC\",\"description\":\"Institut d&#039;Estudis Espacials de Catalunya\",\"potentialAction\":[{\"@type\":\"SearchAction\",\"target\":{\"@type\":\"EntryPoint\",\"urlTemplate\":\"https:\\\/\\\/www.ieec.cat\\\/es\\\/?s={search_term_string}\"},\"query-input\":{\"@type\":\"PropertyValueSpecification\",\"valueRequired\":true,\"valueName\":\"search_term_string\"}}],\"inLanguage\":\"es\"},{\"@type\":\"Person\",\"@id\":\"https:\\\/\\\/www.ieec.cat\\\/es\\\/#\\\/schema\\\/person\\\/66f3943e2fdb094349ad344043ede870\",\"name\":\"Francisco Panyos\",\"image\":{\"@type\":\"ImageObject\",\"inLanguage\":\"es\",\"@id\":\"https:\\\/\\\/secure.gravatar.com\\\/avatar\\\/526157a3fe3c965ab680e104b6fe47df151d5d607c86c2744324613bf4c68622?s=96&d=mm&r=g\",\"url\":\"https:\\\/\\\/secure.gravatar.com\\\/avatar\\\/526157a3fe3c965ab680e104b6fe47df151d5d607c86c2744324613bf4c68622?s=96&d=mm&r=g\",\"contentUrl\":\"https:\\\/\\\/secure.gravatar.com\\\/avatar\\\/526157a3fe3c965ab680e104b6fe47df151d5d607c86c2744324613bf4c68622?s=96&d=mm&r=g\",\"caption\":\"Francisco Panyos\"}}]}<\/script>\n<!-- \/ Yoast SEO plugin. -->","yoast_head_json":{"title":"Catalunya, presente en el congreso espacial m\u00e1s importante del mundo con el estand \u2018NewSpace Catalonia\u2019 del Govern - IEEC","description":"El pabell\u00f3n, impulsado por el Gobierno de la Generalitat y el IEEC dentro de la Estrategia NewSpace de Catalunya, acoge 14 empresas del ecosistema catal\u00e1n del espacio.","robots":{"index":"index","follow":"follow","max-snippet":"max-snippet:-1","max-image-preview":"max-image-preview:large","max-video-preview":"max-video-preview:-1"},"canonical":"https:\/\/www.ieec.cat\/es\/catalunya-present-al-congres-espacial-mes-important-del-mon-amb-lestand-newspace-catalonia-del-govern\/","og_locale":"es_ES","og_type":"article","og_title":"Catalunya, presente en el congreso espacial m\u00e1s importante del mundo con el estand \u2018NewSpace Catalonia\u2019 del Govern - IEEC","og_description":"El pabell\u00f3n, impulsado por el Gobierno de la Generalitat y el IEEC dentro de la Estrategia NewSpace de Catalunya, acoge 14 empresas del ecosistema catal\u00e1n del espacio.","og_url":"https:\/\/www.ieec.cat\/es\/catalunya-present-al-congres-espacial-mes-important-del-mon-amb-lestand-newspace-catalonia-del-govern\/","og_site_name":"IEEC","article_published_time":"2024-10-14T12:41:22+00:00","article_modified_time":"2024-10-16T14:40:00+00:00","og_image":[{"width":1920,"height":1411,"url":"https:\/\/www.ieec.cat\/wp-content\/uploads\/2024\/10\/P1010641_edited-cut.jpg","type":"image\/jpeg"}],"author":"Francisco Panyos","twitter_card":"summary_large_image","twitter_misc":{"Escrito por":"Francisco Panyos","Tiempo de lectura":"8 minutos"},"schema":{"@context":"https:\/\/schema.org","@graph":[{"@type":"Article","@id":"https:\/\/www.ieec.cat\/es\/catalunya-present-al-congres-espacial-mes-important-del-mon-amb-lestand-newspace-catalonia-del-govern\/#article","isPartOf":{"@id":"https:\/\/www.ieec.cat\/es\/catalunya-present-al-congres-espacial-mes-important-del-mon-amb-lestand-newspace-catalonia-del-govern\/"},"author":{"name":"Francisco Panyos","@id":"https:\/\/www.ieec.cat\/es\/#\/schema\/person\/66f3943e2fdb094349ad344043ede870"},"headline":"Catalunya, presente en el congreso espacial m\u00e1s importante del mundo con el estand \u2018NewSpace Catalonia\u2019 del Govern","datePublished":"2024-10-14T12:41:22+00:00","dateModified":"2024-10-16T14:40:00+00:00","mainEntityOfPage":{"@id":"https:\/\/www.ieec.cat\/es\/catalunya-present-al-congres-espacial-mes-important-del-mon-amb-lestand-newspace-catalonia-del-govern\/"},"wordCount":2475,"image":{"@id":"https:\/\/www.ieec.cat\/es\/catalunya-present-al-congres-espacial-mes-important-del-mon-amb-lestand-newspace-catalonia-del-govern\/#primaryimage"},"thumbnailUrl":"https:\/\/www.ieec.cat\/wp-content\/uploads\/2024\/10\/P1010641_edited-cut.jpg","articleSection":["Innovaci\u00f3n","NewSpace","Noticias"],"inLanguage":"es"},{"@type":"WebPage","@id":"https:\/\/www.ieec.cat\/es\/catalunya-present-al-congres-espacial-mes-important-del-mon-amb-lestand-newspace-catalonia-del-govern\/","url":"https:\/\/www.ieec.cat\/es\/catalunya-present-al-congres-espacial-mes-important-del-mon-amb-lestand-newspace-catalonia-del-govern\/","name":"Catalunya, presente en el congreso espacial m\u00e1s importante del mundo con el estand \u2018NewSpace Catalonia\u2019 del Govern - IEEC","isPartOf":{"@id":"https:\/\/www.ieec.cat\/es\/#website"},"primaryImageOfPage":{"@id":"https:\/\/www.ieec.cat\/es\/catalunya-present-al-congres-espacial-mes-important-del-mon-amb-lestand-newspace-catalonia-del-govern\/#primaryimage"},"image":{"@id":"https:\/\/www.ieec.cat\/es\/catalunya-present-al-congres-espacial-mes-important-del-mon-amb-lestand-newspace-catalonia-del-govern\/#primaryimage"},"thumbnailUrl":"https:\/\/www.ieec.cat\/wp-content\/uploads\/2024\/10\/P1010641_edited-cut.jpg","datePublished":"2024-10-14T12:41:22+00:00","dateModified":"2024-10-16T14:40:00+00:00","author":{"@id":"https:\/\/www.ieec.cat\/es\/#\/schema\/person\/66f3943e2fdb094349ad344043ede870"},"description":"El pabell\u00f3n, impulsado por el Gobierno de la Generalitat y el IEEC dentro de la Estrategia NewSpace de Catalunya, acoge 14 empresas del ecosistema catal\u00e1n del espacio.","breadcrumb":{"@id":"https:\/\/www.ieec.cat\/es\/catalunya-present-al-congres-espacial-mes-important-del-mon-amb-lestand-newspace-catalonia-del-govern\/#breadcrumb"},"inLanguage":"es","potentialAction":[{"@type":"ReadAction","target":["https:\/\/www.ieec.cat\/es\/catalunya-present-al-congres-espacial-mes-important-del-mon-amb-lestand-newspace-catalonia-del-govern\/"]}]},{"@type":"ImageObject","inLanguage":"es","@id":"https:\/\/www.ieec.cat\/es\/catalunya-present-al-congres-espacial-mes-important-del-mon-amb-lestand-newspace-catalonia-del-govern\/#primaryimage","url":"https:\/\/www.ieec.cat\/wp-content\/uploads\/2024\/10\/P1010641_edited-cut.jpg","contentUrl":"https:\/\/www.ieec.cat\/wp-content\/uploads\/2024\/10\/P1010641_edited-cut.jpg","width":1920,"height":1411},{"@type":"BreadcrumbList","@id":"https:\/\/www.ieec.cat\/es\/catalunya-present-al-congres-espacial-mes-important-del-mon-amb-lestand-newspace-catalonia-del-govern\/#breadcrumb","itemListElement":[{"@type":"ListItem","position":1,"name":"Portada","item":"https:\/\/www.ieec.cat\/es\/"},{"@type":"ListItem","position":2,"name":"Catalunya, presente en el congreso espacial m\u00e1s importante del mundo con el estand \u2018NewSpace Catalonia\u2019 del Govern"}]},{"@type":"WebSite","@id":"https:\/\/www.ieec.cat\/es\/#website","url":"https:\/\/www.ieec.cat\/es\/","name":"IEEC","description":"Institut d&#039;Estudis Espacials de Catalunya","potentialAction":[{"@type":"SearchAction","target":{"@type":"EntryPoint","urlTemplate":"https:\/\/www.ieec.cat\/es\/?s={search_term_string}"},"query-input":{"@type":"PropertyValueSpecification","valueRequired":true,"valueName":"search_term_string"}}],"inLanguage":"es"},{"@type":"Person","@id":"https:\/\/www.ieec.cat\/es\/#\/schema\/person\/66f3943e2fdb094349ad344043ede870","name":"Francisco Panyos","image":{"@type":"ImageObject","inLanguage":"es","@id":"https:\/\/secure.gravatar.com\/avatar\/526157a3fe3c965ab680e104b6fe47df151d5d607c86c2744324613bf4c68622?s=96&d=mm&r=g","url":"https:\/\/secure.gravatar.com\/avatar\/526157a3fe3c965ab680e104b6fe47df151d5d607c86c2744324613bf4c68622?s=96&d=mm&r=g","contentUrl":"https:\/\/secure.gravatar.com\/avatar\/526157a3fe3c965ab680e104b6fe47df151d5d607c86c2744324613bf4c68622?s=96&d=mm&r=g","caption":"Francisco Panyos"}}]}},"_links":{"self":[{"href":"https:\/\/www.ieec.cat\/es\/wp-json\/wp\/v2\/posts\/31213","targetHints":{"allow":["GET"]}}],"collection":[{"href":"https:\/\/www.ieec.cat\/es\/wp-json\/wp\/v2\/posts"}],"about":[{"href":"https:\/\/www.ieec.cat\/es\/wp-json\/wp\/v2\/types\/post"}],"author":[{"embeddable":true,"href":"https:\/\/www.ieec.cat\/es\/wp-json\/wp\/v2\/users\/5"}],"replies":[{"embeddable":true,"href":"https:\/\/www.ieec.cat\/es\/wp-json\/wp\/v2\/comments?post=31213"}],"version-history":[{"count":7,"href":"https:\/\/www.ieec.cat\/es\/wp-json\/wp\/v2\/posts\/31213\/revisions"}],"predecessor-version":[{"id":31300,"href":"https:\/\/www.ieec.cat\/es\/wp-json\/wp\/v2\/posts\/31213\/revisions\/31300"}],"wp:featuredmedia":[{"embeddable":true,"href":"https:\/\/www.ieec.cat\/es\/wp-json\/wp\/v2\/media\/31205"}],"wp:attachment":[{"href":"https:\/\/www.ieec.cat\/es\/wp-json\/wp\/v2\/media?parent=31213"}],"wp:term":[{"taxonomy":"category","embeddable":true,"href":"https:\/\/www.ieec.cat\/es\/wp-json\/wp\/v2\/categories?post=31213"},{"taxonomy":"post_tag","embeddable":true,"href":"https:\/\/www.ieec.cat\/es\/wp-json\/wp\/v2\/tags?post=31213"}],"curies":[{"name":"wp","href":"https:\/\/api.w.org\/{rel}","templated":true}]}}