{"id":31245,"date":"2024-10-15T17:18:45","date_gmt":"2024-10-15T15:18:45","guid":{"rendered":"https:\/\/www.ieec.cat\/?p=31245"},"modified":"2025-08-07T13:25:15","modified_gmt":"2025-08-07T11:25:15","slug":"lieec-selecciona-open-cosmos-com-a-contractista-principal-per-a-la-seva-missio-photsat","status":"publish","type":"post","link":"https:\/\/www.ieec.cat\/es\/lieec-selecciona-open-cosmos-com-a-contractista-principal-per-a-la-seva-missio-photsat\/","title":{"rendered":"El IEEC selecciona a Open Cosmos como contratista principal para su misi\u00f3n PhotSat"},"content":{"rendered":"<p>[et_pb_section fb_built=\u00bb1&#8243; _builder_version=\u00bb4.16&#8243; _module_preset=\u00bbdefault\u00bb background_image=\u00bbhttps:\/\/www.ieec.cat\/wp-content\/uploads\/2022\/02\/slider-comunicacio.jpg\u00bb max_height=\u00bb130px\u00bb custom_padding=\u00bb0px||0px||false|false\u00bb da_disable_devices=\u00bboff|off|off\u00bb global_colors_info=\u00bb{}\u00bb da_is_popup=\u00bboff\u00bb da_exit_intent=\u00bboff\u00bb da_has_close=\u00bbon\u00bb da_alt_close=\u00bboff\u00bb da_dark_close=\u00bboff\u00bb da_not_modal=\u00bbon\u00bb da_is_singular=\u00bboff\u00bb da_with_loader=\u00bboff\u00bb da_has_shadow=\u00bbon\u00bb][\/et_pb_section][et_pb_section fb_built=\u00bb1&#8243; _builder_version=\u00bb4.16&#8243; _module_preset=\u00bbdefault\u00bb custom_padding=\u00bb24px||11px|||\u00bb da_disable_devices=\u00bboff|off|off\u00bb global_colors_info=\u00bb{}\u00bb da_is_popup=\u00bboff\u00bb da_exit_intent=\u00bboff\u00bb da_has_close=\u00bbon\u00bb da_alt_close=\u00bboff\u00bb da_dark_close=\u00bboff\u00bb da_not_modal=\u00bbon\u00bb da_is_singular=\u00bboff\u00bb da_with_loader=\u00bboff\u00bb da_has_shadow=\u00bbon\u00bb][et_pb_row _builder_version=\u00bb4.16&#8243; _module_preset=\u00bbdefault\u00bb custom_padding=\u00bb||||false|false\u00bb global_colors_info=\u00bb{}\u00bb][et_pb_column type=\u00bb4_4&#8243; _builder_version=\u00bb4.16&#8243; _module_preset=\u00bbdefault\u00bb global_colors_info=\u00bb{}\u00bb][et_pb_text admin_label=\u00bbUnitats de recerca\u00bb _builder_version=\u00bb4.16&#8243; _dynamic_attributes=\u00bbcontent\u00bb _module_preset=\u00bbdefault\u00bb text_font=\u00bb|700||on|||||\u00bb text_font_size=\u00bb16px\u00bb header_font=\u00bb|700|||||||\u00bb custom_margin=\u00bb||10px||false|false\u00bb header_font_size_tablet=\u00bb28px\u00bb header_font_size_phone=\u00bb26px\u00bb header_font_size_last_edited=\u00bbon|phone\u00bb global_colors_info=\u00bb{}\u00bb]@ET-DC@eyJkeW5hbWljIjp0cnVlLCJjb250ZW50IjoiY3VzdG9tX21ldGFfb3JnYW5pemFjaW9uZXMiLCJzZXR0aW5ncyI6eyJiZWZvcmUiOiIiLCJhZnRlciI6IiIsImVuYWJsZV9odG1sIjoib2ZmIn19@[\/et_pb_text][et_pb_post_title author=\u00bboff\u00bb categories=\u00bboff\u00bb comments=\u00bboff\u00bb featured_image=\u00bboff\u00bb admin_label=\u00bbT\u00edtol i data\u00bb _builder_version=\u00bb4.16&#8243; _module_preset=\u00bbdefault\u00bb title_font=\u00bbCairo|300|||||||\u00bb title_font_size=\u00bb40px\u00bb meta_font=\u00bb||on||||||\u00bb meta_font_size=\u00bb16px\u00bb title_font_size_tablet=\u00bb35px\u00bb title_font_size_phone=\u00bb30px\u00bb title_font_size_last_edited=\u00bbon|desktop\u00bb global_colors_info=\u00bb{}\u00bb][\/et_pb_post_title][et_pb_text admin_label=\u00bbSubt\u00edtols\u00bb _builder_version=\u00bb4.16&#8243; _module_preset=\u00bbdefault\u00bb text_font=\u00bbSource Sans Pro||on||||||\u00bb text_font_size=\u00bb24px\u00bb text_line_height=\u00bb1.1em\u00bb text_font_size_tablet=\u00bb22px\u00bb text_font_size_phone=\u00bb20px\u00bb text_font_size_last_edited=\u00bbon|phone\u00bb global_colors_info=\u00bb{}\u00bb]<\/p>\n<ul>\n<li>PhotSat es el primer sat\u00e9lite desarrollado desde el dise\u00f1o hasta las operaciones por el IEEC<\/li>\n<li>Open Cosmos dise\u00f1ar\u00e1 y construir\u00e1 la plataforma de este nuevo sat\u00e9lite y ser\u00e1 responsable de su operaci\u00f3n<\/li>\n<li>La misi\u00f3n obtendr\u00e1 un seguimiento fotom\u00e9trico del cielo completo disponible en la banda visible y la ultravioleta cada dos d\u00edas<\/li>\n<\/ul>\n<p>[\/et_pb_text][\/et_pb_column][\/et_pb_row][et_pb_row column_structure=\u00bb1_2,1_2&#8243; _builder_version=\u00bb4.16&#8243; _module_preset=\u00bbdefault\u00bb global_colors_info=\u00bb{}\u00bb][et_pb_column type=\u00bb1_2&#8243; _builder_version=\u00bb4.16&#8243; _module_preset=\u00bbdefault\u00bb global_colors_info=\u00bb{}\u00bb][et_pb_post_title title=\u00bboff\u00bb meta=\u00bboff\u00bb _builder_version=\u00bb4.16&#8243; _module_preset=\u00bbdefault\u00bb custom_margin=\u00bb||0px||false|false\u00bb border_width_top=\u00bb10px\u00bb border_color_top=\u00bb#406fda\u00bb global_colors_info=\u00bb{}\u00bb][\/et_pb_post_title][et_pb_text _builder_version=\u00bb4.16&#8243; _module_preset=\u00bbdefault\u00bb text_font=\u00bb||||||||\u00bb text_font_size=\u00bb15px\u00bb text_line_height=\u00bb1.1em\u00bb background_color=\u00bbrgba(64,111,218,0.15)\u00bb custom_margin=\u00bb0px||||false|false\u00bb custom_padding=\u00bb30px|20px|30px|20px|true|true\u00bb global_colors_info=\u00bb{}\u00bb]<\/p>\n<p><strong>Leyenda:<\/strong> El director del IEEC, Ignasi Ribas, y el CEO y fundador de Open Cosmos, Rafel Jord\u00e0, en la presentaci\u00f3n de la colaboraci\u00f3n<span style=\"font-weight: 400;\">.<\/span><br \/><span style=\"font-weight: 400;\"><strong>Cr\u00e9ditos:<\/strong> IEEC.<\/span><\/p>\n<p>[\/et_pb_text][\/et_pb_column][et_pb_column type=\u00bb1_2&#8243; _builder_version=\u00bb4.16&#8243; _module_preset=\u00bbdefault\u00bb global_colors_info=\u00bb{}\u00bb][et_pb_text _builder_version=\u00bb4.16&#8243; _module_preset=\u00bbdefault\u00bb link_font=\u00bb|700|||on||||\u00bb global_colors_info=\u00bb{}\u00bb]<\/p>\n<p><span style=\"font-weight: 400;\">La empresa de tecnolog\u00eda espacial <\/span><a href=\"https:\/\/www.open-cosmos.com\/\" target=\"_blank\" rel=\"noopener\"><span style=\"font-weight: 400;\">Open Cosmos<\/span><\/a><span style=\"font-weight: 400;\"> dise\u00f1ar\u00e1 y construir\u00e1 la plataforma de <\/span><a href=\"https:\/\/www.ieec.cat\/es\/proyecto\/64\/photsat\/\"><span style=\"font-weight: 400;\">PhotSat<\/span><\/a><span style=\"font-weight: 400;\">, una misi\u00f3n espacial coordinada por el <\/span><a href=\"https:\/\/www.ieec.cat\/\"><span style=\"font-weight: 400;\">Institut d\u2019Estudis Espacials de Catalunya<\/span><\/a><span style=\"font-weight: 400;\"> (IEEC) que implica el desarrollo y construcci\u00f3n del primer sat\u00e9lite propio de Catalu\u00f1a dedicado a rastrear las 10 millones de estrellas m\u00e1s brillantes y otros objetos astrof\u00edsicos. As\u00ed se anunci\u00f3 hoy durante el <\/span><a href=\"https:\/\/www.ieec.cat\/es\/catalunya-present-al-congres-espacial-mes-important-del-mon-amb-lestand-newspace-catalonia-del-govern\/\"><span style=\"font-weight: 400;\">Congreso Astron\u00e1utico Internacional<\/span><\/a><span style=\"font-weight: 400;\">, que se celebra del 14 al 18 de octubre en Mil\u00e1n, Italia.<\/span><\/p>\n<p><span style=\"font-weight: 400;\">La misi\u00f3n est\u00e1 concebida para proporcionar datos de apoyo a numerosos programas internacionales en curso. M\u00e1s concretamente, este tipo de observaciones ser\u00e1n relevantes para buscar exoplanetas, caracterizar estrellas y observar fen\u00f3menos transitorios brillantes como supernovas y kilonovas.<\/span><\/p>\n<p><span style=\"font-weight: 400;\">Este CubeSat de 12U contar\u00e1 con una carga \u00fatil de astronom\u00eda dise\u00f1ada y construida por el IEEC. Equipado con dos telescopios, escanear\u00e1 y rastrear\u00e1 fotom\u00e9tricamente cada 2 d\u00edas todo el cielo disponible en las bandas espectrales visible y ultravioleta a trav\u00e9s de un ingenioso sistema de espejos giratorios. Se espera que el sat\u00e9lite se lance a finales de 2025, y orbitar\u00e1 la Tierra en una \u00f3rbita baja sincr\u00f3nica con el Sol a una altitud m\u00ednima de 500 km.<\/span><\/p>\n<p>[\/et_pb_text][\/et_pb_column][\/et_pb_row][et_pb_row _builder_version=\u00bb4.16&#8243; _module_preset=\u00bbdefault\u00bb global_colors_info=\u00bb{}\u00bb][et_pb_column type=\u00bb4_4&#8243; _builder_version=\u00bb4.16&#8243; _module_preset=\u00bbdefault\u00bb global_colors_info=\u00bb{}\u00bb][et_pb_text _builder_version=\u00bb4.16&#8243; _module_preset=\u00bbdefault\u00bb header_2_font=\u00bb|700|||||||\u00bb header_2_font_size=\u00bb25px\u00bb header_2_font_size_tablet=\u00bb23px\u00bb header_2_font_size_phone=\u00bb23px\u00bb header_2_font_size_last_edited=\u00bbon|phone\u00bb global_colors_info=\u00bb{}\u00bb]<\/p>\n<h2>Una nueva colaboraci\u00f3n centrada en fines cient\u00edficos<\/h2>\n<p>[\/et_pb_text][et_pb_text _builder_version=\u00bb4.16&#8243; _module_preset=\u00bbdefault\u00bb link_font=\u00bb|700|||on||||\u00bb locked=\u00bboff\u00bb global_colors_info=\u00bb{}\u00bb]<\/p>\n<p><span style=\"font-weight: 400;\">Esta nueva colaboraci\u00f3n entre Open Cosmos y el IEEC sigue a colaboraciones anteriores como el exitoso lanzamiento de Menut, la segunda misi\u00f3n satelital de la <\/span><a href=\"https:\/\/politiquesdigitals.gencat.cat\/ca\/economia\/estrategia-new-space-catalunya\/\" target=\"_blank\" rel=\"noopener\"><span style=\"font-weight: 400;\">Estrategia NewSpace de Catalunya<\/span><\/a><span style=\"font-weight: 400;\"> impulsada por la Generalitat de Catalunya. Open Cosmos dise\u00f1ar\u00e1 y construir\u00e1 la plataforma del sat\u00e9lite, incluyendo el dise\u00f1o de un sistema de apuntamiento con suficiente precisi\u00f3n para permitir al sat\u00e9lite obtener im\u00e1genes de las estrellas m\u00e1s distantes.<\/span><\/p>\n<p><span style=\"font-weight: 400;\">La empresa tambi\u00e9n proporcionar\u00e1 la infraestructura para operar el sat\u00e9lite y transferir todos los datos generados al Centro de Operaciones de Instrumentos y Datos Cient\u00edficos del IEEC.<\/span><\/p>\n<p>[\/et_pb_text][\/et_pb_column][\/et_pb_row][et_pb_row column_structure=\u00bb1_2,1_2&#8243; _builder_version=\u00bb4.16&#8243; _module_preset=\u00bbdefault\u00bb global_colors_info=\u00bb{}\u00bb][et_pb_column type=\u00bb1_2&#8243; _builder_version=\u00bb4.16&#8243; _module_preset=\u00bbdefault\u00bb global_colors_info=\u00bb{}\u00bb][et_pb_text _builder_version=\u00bb4.16&#8243; _module_preset=\u00bbdefault\u00bb header_2_font=\u00bb|700|||||||\u00bb header_2_font_size=\u00bb25px\u00bb header_2_font_size_tablet=\u00bb23px\u00bb header_2_font_size_phone=\u00bb23px\u00bb header_2_font_size_last_edited=\u00bbon|phone\u00bb global_colors_info=\u00bb{}\u00bb]<\/p>\n<h2>Abriendo el acceso al universo<\/h2>\n<p>[\/et_pb_text][et_pb_text _builder_version=\u00bb4.16&#8243; _module_preset=\u00bbdefault\u00bb link_font=\u00bb|700|||on||||\u00bb locked=\u00bboff\u00bb global_colors_info=\u00bb{}\u00bb]<\/p>\n<p><span style=\"font-weight: 400;\">PhotSat representa un hito importante para Open Cosmos, ya que demuestra sus plataformas y capacidades en expansi\u00f3n como una de las empresas de tecnolog\u00eda espacial l\u00edderes en Europa. Tambi\u00e9n subraya la capacidad del IEEC para liderar el pleno desarrollo y explotaci\u00f3n de las misiones espaciales cient\u00edficas y el compromiso de establecer un nuevo centro de innovaci\u00f3n espacial en la regi\u00f3n, impulsando el crecimiento econ\u00f3mico y mejorando las infraestructuras de investigaci\u00f3n en el espacio en beneficio del ecosistema de investigaci\u00f3n y talento.<\/span><\/p>\n<p><span style=\"font-weight: 400;\">La misi\u00f3n tambi\u00e9n desarrollar\u00e1 la infraestructura acad\u00e9mica e industrial para llevar a cabo futuras misiones y proyectos de principio a fin utilizando tecnolog\u00eda <\/span><i><span style=\"font-weight: 400;\">smallsat<\/span><\/i><span style=\"font-weight: 400;\"> propia en un corto tiempo de desarrollo.<\/span><\/p>\n<p><span style=\"font-weight: 400;\">El <\/span><b>director del IEEC, Ignasi Ribas<\/b><span style=\"font-weight: 400;\">, ha comentado que <\/span><span style=\"font-weight: 400;\">\u00ab<\/span><span style=\"font-weight: 400;\">PhotSat ser\u00e1 el primer sat\u00e9lite cient\u00edfico propiedad del IEEC y desarrollado \u00edntegramente, desde la fase de dise\u00f1o hasta la operaci\u00f3n, por nosotros con la colaboraci\u00f3n del ecosistema acad\u00e9mico e industrial catal\u00e1n. El sat\u00e9lite observar\u00e1 y monitorizar\u00e1 todo el cielo cada pocos d\u00edas, proporcionando informaci\u00f3n valiosa para ampliar el conocimiento del espacio y el universo. PhotSat demostrar\u00e1 que los sat\u00e9lites peque\u00f1os pueden ofrecer grandes avances cient\u00edficos<\/span><span style=\"font-weight: 400;\">\u00bb<\/span><span style=\"font-weight: 400;\">.<\/span><\/p>\n<p>[\/et_pb_text][\/et_pb_column][et_pb_column type=\u00bb1_2&#8243; _builder_version=\u00bb4.16&#8243; _module_preset=\u00bbdefault\u00bb global_colors_info=\u00bb{}\u00bb][et_pb_image src=\u00bbhttps:\/\/www.ieec.cat\/wp-content\/uploads\/2024\/10\/Grup-treball-PhotSat-cam_edited.jpg\u00bb _builder_version=\u00bb4.16&#8243; _module_preset=\u00bbdefault\u00bb custom_margin=\u00bb||3px|||\u00bb global_colors_info=\u00bb{}\u00bb][\/et_pb_image][et_pb_text _builder_version=\u00bb4.16&#8243; _module_preset=\u00bbdefault\u00bb text_font=\u00bb||||||||\u00bb text_font_size=\u00bb15px\u00bb text_line_height=\u00bb1.1em\u00bb background_color=\u00bbrgba(64,111,218,0.15)\u00bb custom_margin=\u00bb0px||||false|false\u00bb custom_padding=\u00bb30px|20px|30px|20px|true|true\u00bb global_colors_info=\u00bb{}\u00bb]<\/p>\n<p><strong>Leyenda:<\/strong> <span style=\"font-weight: 400;\">Equipos del IEEC y de Open Cosmos involucrados en la misi\u00f3n PhotSat.<\/span><br \/><span style=\"font-weight: 400;\"><strong>Cr\u00e9ditos:<\/strong> IEEC.<\/span><\/p>\n<p>[\/et_pb_text][\/et_pb_column][\/et_pb_row][et_pb_row _builder_version=\u00bb4.16&#8243; _module_preset=\u00bbdefault\u00bb global_colors_info=\u00bb{}\u00bb][et_pb_column type=\u00bb4_4&#8243; _builder_version=\u00bb4.16&#8243; _module_preset=\u00bbdefault\u00bb global_colors_info=\u00bb{}\u00bb][et_pb_text _builder_version=\u00bb4.16&#8243; _module_preset=\u00bbdefault\u00bb global_colors_info=\u00bb{}\u00bb]<\/p>\n<p><span style=\"font-weight: 400;\">Por su parte, <\/span><b>Rafel Jord\u00e0, CEO y fundador de Open Cosmos<\/b><span style=\"font-weight: 400;\">, ha dicho que <\/span><span style=\"font-weight: 400;\">\u00ab<\/span><span style=\"font-weight: 400;\">este proyecto conjunto con el IEEC es un hito importante para ambas partes, ya que marca la primera vez que desarrollamos un sat\u00e9lite astrof\u00edsico. Esto generar\u00e1 una experiencia valiosa en torno a las tecnolog\u00edas NewSpace y contribuir\u00e1 a mejorar la colaboraci\u00f3n p\u00fablico-privada<\/span><span style=\"font-weight: 400;\">\u00bb<\/span><span style=\"font-weight: 400;\">.<\/span><\/p>\n<p><span style=\"font-weight: 400;\">El proyecto PhotSat ha contado con el apoyo del Ministerio de Ciencia, Innovaci\u00f3n y Universidades con financiaci\u00f3n de la Uni\u00f3n Europea NextGenerationEU (Plan de Recuperaci\u00f3n, Transformaci\u00f3n y Resiliencia, PRTR-C17.I1) y de la Generalitat de Catalunya.<\/span><\/p>\n<p>[\/et_pb_text][\/et_pb_column][\/et_pb_row][et_pb_row _builder_version=\u00bb4.16&#8243; _module_preset=\u00bbdefault\u00bb custom_margin=\u00bb||||false|false\u00bb locked=\u00bboff\u00bb global_colors_info=\u00bb{}\u00bb][et_pb_column type=\u00bb4_4&#8243; _builder_version=\u00bb4.16&#8243; _module_preset=\u00bbdefault\u00bb global_colors_info=\u00bb{}\u00bb][et_pb_divider color=\u00bb#406fda\u00bb _builder_version=\u00bb4.16&#8243; _module_preset=\u00bbdefault\u00bb custom_margin=\u00bb||10px||false|false\u00bb global_colors_info=\u00bb{}\u00bb][\/et_pb_divider][et_pb_text admin_label=\u00bbEnlla\u00e7os\u00bb _builder_version=\u00bb4.16&#8243; _module_preset=\u00bbdefault\u00bb text_font=\u00bbCairo|700|||||||\u00bb text_text_color=\u00bb#406fda\u00bb text_font_size=\u00bb20px\u00bb custom_margin=\u00bb||10px||false|false\u00bb global_colors_info=\u00bb{}\u00bb]<\/p>\n<p>Enlaces<\/p>\n<p>[\/et_pb_text][et_pb_text _builder_version=\u00bb4.16&#8243; _module_preset=\u00bbdefault\u00bb text_font_size=\u00bb16px\u00bb text_line_height=\u00bb1.1em\u00bb link_font=\u00bb|700|||on|||#1a1140|\u00bb link_text_color=\u00bb#1a1140&#8243; link_line_height=\u00bb1.4em\u00bb custom_margin=\u00bb20px||||false|false\u00bb global_colors_info=\u00bb{}\u00bb]<\/p>\n<ul>\n<li><a href=\"http:\/\/www.ieec.cat\/\"><span style=\"font-weight: 400;\">IEEC<\/span><\/a><\/li>\n<li><a href=\"https:\/\/www.open-cosmos.com\/\" target=\"_blank\" rel=\"noopener\"><span style=\"font-weight: 400;\">Open Cosmos<\/span><\/a><\/li>\n<li><a href=\"https:\/\/www.ieec.cat\/es\/proyecto\/64\/photsat\/\"><span style=\"font-weight: 400;\">PhotSat<\/span><\/a><\/li>\n<\/ul>\n<p>[\/et_pb_text][\/et_pb_column][\/et_pb_row][et_pb_row _builder_version=\u00bb4.16&#8243; _module_preset=\u00bbdefault\u00bb custom_margin=\u00bb||||false|false\u00bb locked=\u00bboff\u00bb global_colors_info=\u00bb{}\u00bb][et_pb_column type=\u00bb4_4&#8243; _builder_version=\u00bb4.16&#8243; _module_preset=\u00bbdefault\u00bb global_colors_info=\u00bb{}\u00bb][et_pb_divider color=\u00bb#406fda\u00bb _builder_version=\u00bb4.16&#8243; _module_preset=\u00bbdefault\u00bb custom_margin=\u00bb||10px||false|false\u00bb global_colors_info=\u00bb{}\u00bb][\/et_pb_divider][et_pb_text admin_label=\u00bbContactes\u00bb _builder_version=\u00bb4.16&#8243; _module_preset=\u00bbdefault\u00bb text_font=\u00bbCairo|700|||||||\u00bb text_text_color=\u00bb#406fda\u00bb text_font_size=\u00bb20px\u00bb custom_margin=\u00bb||10px||false|false\u00bb global_colors_info=\u00bb{}\u00bb]<\/p>\n<p>Contactos<\/p>\n<p>[\/et_pb_text][\/et_pb_column][\/et_pb_row][et_pb_row column_structure=\u00bb2_5,3_5&#8243; admin_label=\u00bbRow\u00bb _builder_version=\u00bb4.16&#8243; _module_preset=\u00bbdefault\u00bb custom_margin=\u00bb0px||||false|false\u00bb custom_padding=\u00bb0px||||false|false\u00bb global_colors_info=\u00bb{}\u00bb][et_pb_column type=\u00bb2_5&#8243; _builder_version=\u00bb4.16&#8243; _module_preset=\u00bbdefault\u00bb custom_padding=\u00bb|||20px|false|false\u00bb border_width_left=\u00bb1px\u00bb border_color_left=\u00bb#406fda\u00bb global_colors_info=\u00bb{}\u00bb][et_pb_text _builder_version=\u00bb4.16&#8243; _module_preset=\u00bbdefault\u00bb text_font_size=\u00bb16px\u00bb text_line_height=\u00bb1.1em\u00bb link_font=\u00bb|700|||on|||#1a1140|\u00bb link_text_color=\u00bb#1a1140&#8243; link_line_height=\u00bb1.4em\u00bb header_4_font=\u00bb|700|||||||\u00bb header_4_text_color=\u00bb#1a1140&#8243; custom_margin=\u00bb||||false|false\u00bb locked=\u00bboff\u00bb global_colors_info=\u00bb{}\u00bb]<\/p>\n<h4>Oficina de Comunicaci\u00f3n del IEEC<\/h4>\n<p>Castelldefels, Barcelona<br \/>Correo electr\u00f3nico: <a href=\"mailto:comunicacio@ieec.cat\">comunicacio@ieec.cat<\/a><\/p>\n<p>[\/et_pb_text][\/et_pb_column][et_pb_column type=\u00bb3_5&#8243; _builder_version=\u00bb4.16&#8243; _module_preset=\u00bbdefault\u00bb custom_padding=\u00bb|||20px|false|false\u00bb border_width_left=\u00bb1px\u00bb border_color_left=\u00bb#406fda\u00bb global_colors_info=\u00bb{}\u00bb][\/et_pb_column][\/et_pb_row][et_pb_row _builder_version=\u00bb4.14.8&#8243; _module_preset=\u00bbdefault\u00bb background_color=\u00bbrgba(64,111,218,0.15)\u00bb global_module=\u00bb17324&#8243; global_colors_info=\u00bb{}\u00bb][et_pb_column type=\u00bb4_4&#8243; _builder_version=\u00bb4.16&#8243; _module_preset=\u00bbdefault\u00bb custom_padding=\u00bb20px|50px|20px|50px|true|true\u00bb global_colors_info=\u00bb{}\u00bb][et_pb_text admin_label=\u00bbSobre l&#8217;IEEC\u00bb _builder_version=\u00bb4.16&#8243; _module_preset=\u00bbdefault\u00bb header_2_font=\u00bb|700|||||||\u00bb header_2_font_size=\u00bb25px\u00bb custom_margin=\u00bb||10px||false|false\u00bb header_2_font_size_tablet=\u00bb23px\u00bb header_2_font_size_phone=\u00bb23px\u00bb header_2_font_size_last_edited=\u00bbon|phone\u00bb locked=\u00bboff\u00bb global_colors_info=\u00bb{}\u00bb]<\/p>\n<h2>Sobre el IEEC<\/h2>\n<p>[\/et_pb_text][et_pb_text _builder_version=\u00bb4.16&#8243; _module_preset=\u00bbdefault\u00bb text_font=\u00bb||on||||||\u00bb link_font=\u00bb|700|||on||||\u00bb locked=\u00bboff\u00bb global_colors_info=\u00bb{}\u00bb]<\/p>\n<p>El Institut d\u2019Estudis Espacials de Catalunya (IEEC) promueve y coordina la investigaci\u00f3n y el desarrollo tecnol\u00f3gico espacial en Catalu\u00f1a en beneficio de la sociedad. El IEEC fomenta las colaboraciones tanto a nivel local como mundial, y es un eficiente agente de transferencia de conocimiento, innovaci\u00f3n y tecnolog\u00eda. Como resultado de m\u00e1s de 25 a\u00f1os de investigaci\u00f3n de alta calidad, llevada a cabo en colaboraci\u00f3n con las principales organizaciones internacionales, el IEEC se encuentra entre los mejores centros de investigaci\u00f3n internacionales, centrados en \u00e1reas como: astrof\u00edsica, cosmolog\u00eda, ciencias planetarias y observaci\u00f3n de la Tierra. La divisi\u00f3n de ingenier\u00eda del IEEC desarrolla instrumentaci\u00f3n para proyectos terrestres y espaciales, y tiene una amplia experiencia trabajando con organizaciones privadas y p\u00fablicas del sector aeroespacial y otros sectores de innovaci\u00f3n.<\/p>\n<p>El IEEC es una fundaci\u00f3n del sector p\u00fablico sin \u00e1nimo de lucro, fundada en febrero de 1996. Est\u00e1 regida por un Patronato compuesto por la Generalitat de Catalunya,  la Universitat de Barcelona (UB), la Universitat Aut\u00f2noma de Barcelona (UAB), la Universitat Polit\u00e8cnica de Catalunya \u00b7 BarcelonaTech (UPC), y el Consejo Superior de Investigaciones Cient\u00edficas (CSIC). El IEEC es tambi\u00e9n un centro CERCA (Centres de Recerca de Catalunya).<\/p>\n<p>[\/et_pb_text][\/et_pb_column][\/et_pb_row][\/et_pb_section]<\/p>\n","protected":false},"excerpt":{"rendered":"<p>Se trata del primer sat\u00e9lite desarrollado desde el dise\u00f1o hasta las operaciones por el IEEC, con la colaboraci\u00f3n del ecosistema acad\u00e9mico e industrial catal\u00e1n.<\/p>\n","protected":false},"author":5,"featured_media":31262,"comment_status":"closed","ping_status":"closed","sticky":false,"template":"","format":"standard","meta":{"_et_pb_use_builder":"on","_et_pb_old_content":"","_et_gb_content_width":"","footnotes":""},"categories":[99,122,113,75,107],"tags":[],"class_list":["post-31245","post","type-post","status-publish","format-standard","has-post-thumbnail","hentry","category-ciencia-noticias","category-newspace-es","category-noticia-destacada-pequena","category-noticias","category-tecnologia-noticias"],"yoast_head":"<!-- This site is optimized with the Yoast SEO plugin v27.4 - https:\/\/yoast.com\/product\/yoast-seo-wordpress\/ -->\n<title>El IEEC selecciona a Open Cosmos como contratista principal para su misi\u00f3n PhotSat - IEEC<\/title>\n<meta name=\"description\" content=\"Se trata del primer sat\u00e9lite desarrollado desde el dise\u00f1o hasta las operaciones por el IEEC, con la colaboraci\u00f3n del ecosistema acad\u00e9mico e industrial catal\u00e1n.\" \/>\n<meta name=\"robots\" content=\"index, follow, max-snippet:-1, max-image-preview:large, max-video-preview:-1\" \/>\n<link rel=\"canonical\" href=\"https:\/\/www.ieec.cat\/es\/lieec-selecciona-open-cosmos-com-a-contractista-principal-per-a-la-seva-missio-photsat\/\" \/>\n<meta property=\"og:locale\" content=\"es_ES\" \/>\n<meta property=\"og:type\" content=\"article\" \/>\n<meta property=\"og:title\" content=\"El IEEC selecciona a Open Cosmos como contratista principal para su misi\u00f3n PhotSat - IEEC\" \/>\n<meta property=\"og:description\" content=\"Se trata del primer sat\u00e9lite desarrollado desde el dise\u00f1o hasta las operaciones por el IEEC, con la colaboraci\u00f3n del ecosistema acad\u00e9mico e industrial catal\u00e1n.\" \/>\n<meta property=\"og:url\" content=\"https:\/\/www.ieec.cat\/es\/lieec-selecciona-open-cosmos-com-a-contractista-principal-per-a-la-seva-missio-photsat\/\" \/>\n<meta property=\"og:site_name\" content=\"IEEC\" \/>\n<meta property=\"article:published_time\" content=\"2024-10-15T15:18:45+00:00\" \/>\n<meta property=\"article:modified_time\" content=\"2025-08-07T11:25:15+00:00\" \/>\n<meta property=\"og:image\" content=\"https:\/\/www.ieec.cat\/wp-content\/uploads\/2024\/10\/Encaixada-mans-cam_edited_cut.jpg\" \/>\n\t<meta property=\"og:image:width\" content=\"1730\" \/>\n\t<meta property=\"og:image:height\" content=\"1306\" \/>\n\t<meta property=\"og:image:type\" content=\"image\/jpeg\" \/>\n<meta name=\"author\" content=\"Francisco Panyos\" \/>\n<meta name=\"twitter:card\" content=\"summary_large_image\" \/>\n<meta name=\"twitter:label1\" content=\"Escrito por\" \/>\n\t<meta name=\"twitter:data1\" content=\"Francisco Panyos\" \/>\n\t<meta name=\"twitter:label2\" content=\"Tiempo de lectura\" \/>\n\t<meta name=\"twitter:data2\" content=\"7 minutos\" \/>\n<script type=\"application\/ld+json\" class=\"yoast-schema-graph\">{\"@context\":\"https:\\\/\\\/schema.org\",\"@graph\":[{\"@type\":\"Article\",\"@id\":\"https:\\\/\\\/www.ieec.cat\\\/es\\\/lieec-selecciona-open-cosmos-com-a-contractista-principal-per-a-la-seva-missio-photsat\\\/#article\",\"isPartOf\":{\"@id\":\"https:\\\/\\\/www.ieec.cat\\\/es\\\/lieec-selecciona-open-cosmos-com-a-contractista-principal-per-a-la-seva-missio-photsat\\\/\"},\"author\":{\"name\":\"Francisco Panyos\",\"@id\":\"https:\\\/\\\/www.ieec.cat\\\/es\\\/#\\\/schema\\\/person\\\/66f3943e2fdb094349ad344043ede870\"},\"headline\":\"El IEEC selecciona a Open Cosmos como contratista principal para su misi\u00f3n PhotSat\",\"datePublished\":\"2024-10-15T15:18:45+00:00\",\"dateModified\":\"2025-08-07T11:25:15+00:00\",\"mainEntityOfPage\":{\"@id\":\"https:\\\/\\\/www.ieec.cat\\\/es\\\/lieec-selecciona-open-cosmos-com-a-contractista-principal-per-a-la-seva-missio-photsat\\\/\"},\"wordCount\":2245,\"image\":{\"@id\":\"https:\\\/\\\/www.ieec.cat\\\/es\\\/lieec-selecciona-open-cosmos-com-a-contractista-principal-per-a-la-seva-missio-photsat\\\/#primaryimage\"},\"thumbnailUrl\":\"https:\\\/\\\/www.ieec.cat\\\/wp-content\\\/uploads\\\/2024\\\/10\\\/Encaixada-mans-cam_edited_cut.jpg\",\"articleSection\":[\"Ciencia\",\"NewSpace\",\"Noticia destacada peque\u00f1a\",\"Noticias\",\"Tecnolog\u00eda\"],\"inLanguage\":\"es\"},{\"@type\":\"WebPage\",\"@id\":\"https:\\\/\\\/www.ieec.cat\\\/es\\\/lieec-selecciona-open-cosmos-com-a-contractista-principal-per-a-la-seva-missio-photsat\\\/\",\"url\":\"https:\\\/\\\/www.ieec.cat\\\/es\\\/lieec-selecciona-open-cosmos-com-a-contractista-principal-per-a-la-seva-missio-photsat\\\/\",\"name\":\"El IEEC selecciona a Open Cosmos como contratista principal para su misi\u00f3n PhotSat - IEEC\",\"isPartOf\":{\"@id\":\"https:\\\/\\\/www.ieec.cat\\\/es\\\/#website\"},\"primaryImageOfPage\":{\"@id\":\"https:\\\/\\\/www.ieec.cat\\\/es\\\/lieec-selecciona-open-cosmos-com-a-contractista-principal-per-a-la-seva-missio-photsat\\\/#primaryimage\"},\"image\":{\"@id\":\"https:\\\/\\\/www.ieec.cat\\\/es\\\/lieec-selecciona-open-cosmos-com-a-contractista-principal-per-a-la-seva-missio-photsat\\\/#primaryimage\"},\"thumbnailUrl\":\"https:\\\/\\\/www.ieec.cat\\\/wp-content\\\/uploads\\\/2024\\\/10\\\/Encaixada-mans-cam_edited_cut.jpg\",\"datePublished\":\"2024-10-15T15:18:45+00:00\",\"dateModified\":\"2025-08-07T11:25:15+00:00\",\"author\":{\"@id\":\"https:\\\/\\\/www.ieec.cat\\\/es\\\/#\\\/schema\\\/person\\\/66f3943e2fdb094349ad344043ede870\"},\"description\":\"Se trata del primer sat\u00e9lite desarrollado desde el dise\u00f1o hasta las operaciones por el IEEC, con la colaboraci\u00f3n del ecosistema acad\u00e9mico e industrial catal\u00e1n.\",\"breadcrumb\":{\"@id\":\"https:\\\/\\\/www.ieec.cat\\\/es\\\/lieec-selecciona-open-cosmos-com-a-contractista-principal-per-a-la-seva-missio-photsat\\\/#breadcrumb\"},\"inLanguage\":\"es\",\"potentialAction\":[{\"@type\":\"ReadAction\",\"target\":[\"https:\\\/\\\/www.ieec.cat\\\/es\\\/lieec-selecciona-open-cosmos-com-a-contractista-principal-per-a-la-seva-missio-photsat\\\/\"]}]},{\"@type\":\"ImageObject\",\"inLanguage\":\"es\",\"@id\":\"https:\\\/\\\/www.ieec.cat\\\/es\\\/lieec-selecciona-open-cosmos-com-a-contractista-principal-per-a-la-seva-missio-photsat\\\/#primaryimage\",\"url\":\"https:\\\/\\\/www.ieec.cat\\\/wp-content\\\/uploads\\\/2024\\\/10\\\/Encaixada-mans-cam_edited_cut.jpg\",\"contentUrl\":\"https:\\\/\\\/www.ieec.cat\\\/wp-content\\\/uploads\\\/2024\\\/10\\\/Encaixada-mans-cam_edited_cut.jpg\",\"width\":1730,\"height\":1306},{\"@type\":\"BreadcrumbList\",\"@id\":\"https:\\\/\\\/www.ieec.cat\\\/es\\\/lieec-selecciona-open-cosmos-com-a-contractista-principal-per-a-la-seva-missio-photsat\\\/#breadcrumb\",\"itemListElement\":[{\"@type\":\"ListItem\",\"position\":1,\"name\":\"Portada\",\"item\":\"https:\\\/\\\/www.ieec.cat\\\/es\\\/\"},{\"@type\":\"ListItem\",\"position\":2,\"name\":\"El IEEC selecciona a Open Cosmos como contratista principal para su misi\u00f3n PhotSat\"}]},{\"@type\":\"WebSite\",\"@id\":\"https:\\\/\\\/www.ieec.cat\\\/es\\\/#website\",\"url\":\"https:\\\/\\\/www.ieec.cat\\\/es\\\/\",\"name\":\"IEEC\",\"description\":\"Institut d&#039;Estudis Espacials de Catalunya\",\"potentialAction\":[{\"@type\":\"SearchAction\",\"target\":{\"@type\":\"EntryPoint\",\"urlTemplate\":\"https:\\\/\\\/www.ieec.cat\\\/es\\\/?s={search_term_string}\"},\"query-input\":{\"@type\":\"PropertyValueSpecification\",\"valueRequired\":true,\"valueName\":\"search_term_string\"}}],\"inLanguage\":\"es\"},{\"@type\":\"Person\",\"@id\":\"https:\\\/\\\/www.ieec.cat\\\/es\\\/#\\\/schema\\\/person\\\/66f3943e2fdb094349ad344043ede870\",\"name\":\"Francisco Panyos\",\"image\":{\"@type\":\"ImageObject\",\"inLanguage\":\"es\",\"@id\":\"https:\\\/\\\/secure.gravatar.com\\\/avatar\\\/526157a3fe3c965ab680e104b6fe47df151d5d607c86c2744324613bf4c68622?s=96&d=mm&r=g\",\"url\":\"https:\\\/\\\/secure.gravatar.com\\\/avatar\\\/526157a3fe3c965ab680e104b6fe47df151d5d607c86c2744324613bf4c68622?s=96&d=mm&r=g\",\"contentUrl\":\"https:\\\/\\\/secure.gravatar.com\\\/avatar\\\/526157a3fe3c965ab680e104b6fe47df151d5d607c86c2744324613bf4c68622?s=96&d=mm&r=g\",\"caption\":\"Francisco Panyos\"}}]}<\/script>\n<!-- \/ Yoast SEO plugin. -->","yoast_head_json":{"title":"El IEEC selecciona a Open Cosmos como contratista principal para su misi\u00f3n PhotSat - IEEC","description":"Se trata del primer sat\u00e9lite desarrollado desde el dise\u00f1o hasta las operaciones por el IEEC, con la colaboraci\u00f3n del ecosistema acad\u00e9mico e industrial catal\u00e1n.","robots":{"index":"index","follow":"follow","max-snippet":"max-snippet:-1","max-image-preview":"max-image-preview:large","max-video-preview":"max-video-preview:-1"},"canonical":"https:\/\/www.ieec.cat\/es\/lieec-selecciona-open-cosmos-com-a-contractista-principal-per-a-la-seva-missio-photsat\/","og_locale":"es_ES","og_type":"article","og_title":"El IEEC selecciona a Open Cosmos como contratista principal para su misi\u00f3n PhotSat - IEEC","og_description":"Se trata del primer sat\u00e9lite desarrollado desde el dise\u00f1o hasta las operaciones por el IEEC, con la colaboraci\u00f3n del ecosistema acad\u00e9mico e industrial catal\u00e1n.","og_url":"https:\/\/www.ieec.cat\/es\/lieec-selecciona-open-cosmos-com-a-contractista-principal-per-a-la-seva-missio-photsat\/","og_site_name":"IEEC","article_published_time":"2024-10-15T15:18:45+00:00","article_modified_time":"2025-08-07T11:25:15+00:00","og_image":[{"width":1730,"height":1306,"url":"https:\/\/www.ieec.cat\/wp-content\/uploads\/2024\/10\/Encaixada-mans-cam_edited_cut.jpg","type":"image\/jpeg"}],"author":"Francisco Panyos","twitter_card":"summary_large_image","twitter_misc":{"Escrito por":"Francisco Panyos","Tiempo de lectura":"7 minutos"},"schema":{"@context":"https:\/\/schema.org","@graph":[{"@type":"Article","@id":"https:\/\/www.ieec.cat\/es\/lieec-selecciona-open-cosmos-com-a-contractista-principal-per-a-la-seva-missio-photsat\/#article","isPartOf":{"@id":"https:\/\/www.ieec.cat\/es\/lieec-selecciona-open-cosmos-com-a-contractista-principal-per-a-la-seva-missio-photsat\/"},"author":{"name":"Francisco Panyos","@id":"https:\/\/www.ieec.cat\/es\/#\/schema\/person\/66f3943e2fdb094349ad344043ede870"},"headline":"El IEEC selecciona a Open Cosmos como contratista principal para su misi\u00f3n PhotSat","datePublished":"2024-10-15T15:18:45+00:00","dateModified":"2025-08-07T11:25:15+00:00","mainEntityOfPage":{"@id":"https:\/\/www.ieec.cat\/es\/lieec-selecciona-open-cosmos-com-a-contractista-principal-per-a-la-seva-missio-photsat\/"},"wordCount":2245,"image":{"@id":"https:\/\/www.ieec.cat\/es\/lieec-selecciona-open-cosmos-com-a-contractista-principal-per-a-la-seva-missio-photsat\/#primaryimage"},"thumbnailUrl":"https:\/\/www.ieec.cat\/wp-content\/uploads\/2024\/10\/Encaixada-mans-cam_edited_cut.jpg","articleSection":["Ciencia","NewSpace","Noticia destacada peque\u00f1a","Noticias","Tecnolog\u00eda"],"inLanguage":"es"},{"@type":"WebPage","@id":"https:\/\/www.ieec.cat\/es\/lieec-selecciona-open-cosmos-com-a-contractista-principal-per-a-la-seva-missio-photsat\/","url":"https:\/\/www.ieec.cat\/es\/lieec-selecciona-open-cosmos-com-a-contractista-principal-per-a-la-seva-missio-photsat\/","name":"El IEEC selecciona a Open Cosmos como contratista principal para su misi\u00f3n PhotSat - IEEC","isPartOf":{"@id":"https:\/\/www.ieec.cat\/es\/#website"},"primaryImageOfPage":{"@id":"https:\/\/www.ieec.cat\/es\/lieec-selecciona-open-cosmos-com-a-contractista-principal-per-a-la-seva-missio-photsat\/#primaryimage"},"image":{"@id":"https:\/\/www.ieec.cat\/es\/lieec-selecciona-open-cosmos-com-a-contractista-principal-per-a-la-seva-missio-photsat\/#primaryimage"},"thumbnailUrl":"https:\/\/www.ieec.cat\/wp-content\/uploads\/2024\/10\/Encaixada-mans-cam_edited_cut.jpg","datePublished":"2024-10-15T15:18:45+00:00","dateModified":"2025-08-07T11:25:15+00:00","author":{"@id":"https:\/\/www.ieec.cat\/es\/#\/schema\/person\/66f3943e2fdb094349ad344043ede870"},"description":"Se trata del primer sat\u00e9lite desarrollado desde el dise\u00f1o hasta las operaciones por el IEEC, con la colaboraci\u00f3n del ecosistema acad\u00e9mico e industrial catal\u00e1n.","breadcrumb":{"@id":"https:\/\/www.ieec.cat\/es\/lieec-selecciona-open-cosmos-com-a-contractista-principal-per-a-la-seva-missio-photsat\/#breadcrumb"},"inLanguage":"es","potentialAction":[{"@type":"ReadAction","target":["https:\/\/www.ieec.cat\/es\/lieec-selecciona-open-cosmos-com-a-contractista-principal-per-a-la-seva-missio-photsat\/"]}]},{"@type":"ImageObject","inLanguage":"es","@id":"https:\/\/www.ieec.cat\/es\/lieec-selecciona-open-cosmos-com-a-contractista-principal-per-a-la-seva-missio-photsat\/#primaryimage","url":"https:\/\/www.ieec.cat\/wp-content\/uploads\/2024\/10\/Encaixada-mans-cam_edited_cut.jpg","contentUrl":"https:\/\/www.ieec.cat\/wp-content\/uploads\/2024\/10\/Encaixada-mans-cam_edited_cut.jpg","width":1730,"height":1306},{"@type":"BreadcrumbList","@id":"https:\/\/www.ieec.cat\/es\/lieec-selecciona-open-cosmos-com-a-contractista-principal-per-a-la-seva-missio-photsat\/#breadcrumb","itemListElement":[{"@type":"ListItem","position":1,"name":"Portada","item":"https:\/\/www.ieec.cat\/es\/"},{"@type":"ListItem","position":2,"name":"El IEEC selecciona a Open Cosmos como contratista principal para su misi\u00f3n PhotSat"}]},{"@type":"WebSite","@id":"https:\/\/www.ieec.cat\/es\/#website","url":"https:\/\/www.ieec.cat\/es\/","name":"IEEC","description":"Institut d&#039;Estudis Espacials de Catalunya","potentialAction":[{"@type":"SearchAction","target":{"@type":"EntryPoint","urlTemplate":"https:\/\/www.ieec.cat\/es\/?s={search_term_string}"},"query-input":{"@type":"PropertyValueSpecification","valueRequired":true,"valueName":"search_term_string"}}],"inLanguage":"es"},{"@type":"Person","@id":"https:\/\/www.ieec.cat\/es\/#\/schema\/person\/66f3943e2fdb094349ad344043ede870","name":"Francisco Panyos","image":{"@type":"ImageObject","inLanguage":"es","@id":"https:\/\/secure.gravatar.com\/avatar\/526157a3fe3c965ab680e104b6fe47df151d5d607c86c2744324613bf4c68622?s=96&d=mm&r=g","url":"https:\/\/secure.gravatar.com\/avatar\/526157a3fe3c965ab680e104b6fe47df151d5d607c86c2744324613bf4c68622?s=96&d=mm&r=g","contentUrl":"https:\/\/secure.gravatar.com\/avatar\/526157a3fe3c965ab680e104b6fe47df151d5d607c86c2744324613bf4c68622?s=96&d=mm&r=g","caption":"Francisco Panyos"}}]}},"_links":{"self":[{"href":"https:\/\/www.ieec.cat\/es\/wp-json\/wp\/v2\/posts\/31245","targetHints":{"allow":["GET"]}}],"collection":[{"href":"https:\/\/www.ieec.cat\/es\/wp-json\/wp\/v2\/posts"}],"about":[{"href":"https:\/\/www.ieec.cat\/es\/wp-json\/wp\/v2\/types\/post"}],"author":[{"embeddable":true,"href":"https:\/\/www.ieec.cat\/es\/wp-json\/wp\/v2\/users\/5"}],"replies":[{"embeddable":true,"href":"https:\/\/www.ieec.cat\/es\/wp-json\/wp\/v2\/comments?post=31245"}],"version-history":[{"count":15,"href":"https:\/\/www.ieec.cat\/es\/wp-json\/wp\/v2\/posts\/31245\/revisions"}],"predecessor-version":[{"id":34896,"href":"https:\/\/www.ieec.cat\/es\/wp-json\/wp\/v2\/posts\/31245\/revisions\/34896"}],"wp:featuredmedia":[{"embeddable":true,"href":"https:\/\/www.ieec.cat\/es\/wp-json\/wp\/v2\/media\/31262"}],"wp:attachment":[{"href":"https:\/\/www.ieec.cat\/es\/wp-json\/wp\/v2\/media?parent=31245"}],"wp:term":[{"taxonomy":"category","embeddable":true,"href":"https:\/\/www.ieec.cat\/es\/wp-json\/wp\/v2\/categories?post=31245"},{"taxonomy":"post_tag","embeddable":true,"href":"https:\/\/www.ieec.cat\/es\/wp-json\/wp\/v2\/tags?post=31245"}],"curies":[{"name":"wp","href":"https:\/\/api.w.org\/{rel}","templated":true}]}}