{"id":31336,"date":"2024-10-16T16:28:24","date_gmt":"2024-10-16T14:28:24","guid":{"rendered":"https:\/\/www.ieec.cat\/?p=31336"},"modified":"2024-10-17T12:52:32","modified_gmt":"2024-10-17T10:52:32","slug":"catalunya-posara-en-marxa-el-teleport-de-sant-esteve-a-lobservatori-del-montsec-el-maig-del-2025-en-el-marc-de-lestrategia-newspace-del-govern","status":"publish","type":"post","link":"https:\/\/www.ieec.cat\/es\/catalunya-posara-en-marxa-el-teleport-de-sant-esteve-a-lobservatori-del-montsec-el-maig-del-2025-en-el-marc-de-lestrategia-newspace-del-govern\/","title":{"rendered":"Catalunya pondr\u00e1 en marcha el Teleport de Sant Esteve en el Observatori del Montsec en mayo del 2025 en el marco de la Estrategia NewSpace del Gobierno catal\u00e1n"},"content":{"rendered":"<p>[et_pb_section fb_built=\u00bb1&#8243; _builder_version=\u00bb4.14.8&#8243; _module_preset=\u00bbdefault\u00bb background_image=\u00bbhttps:\/\/www.ieec.cat\/wp-content\/uploads\/2022\/02\/slider-comunicacio.jpg\u00bb max_height=\u00bb130px\u00bb custom_padding=\u00bb0px||0px||false|false\u00bb da_disable_devices=\u00bboff|off|off\u00bb global_colors_info=\u00bb{}\u00bb da_is_popup=\u00bboff\u00bb da_exit_intent=\u00bboff\u00bb da_has_close=\u00bbon\u00bb da_alt_close=\u00bboff\u00bb da_dark_close=\u00bboff\u00bb da_not_modal=\u00bbon\u00bb da_is_singular=\u00bboff\u00bb da_with_loader=\u00bboff\u00bb da_has_shadow=\u00bbon\u00bb][\/et_pb_section][et_pb_section fb_built=\u00bb1&#8243; _builder_version=\u00bb4.14.8&#8243; _module_preset=\u00bbdefault\u00bb custom_padding=\u00bb24px||11px|||\u00bb da_disable_devices=\u00bboff|off|off\u00bb global_colors_info=\u00bb{}\u00bb da_is_popup=\u00bboff\u00bb da_exit_intent=\u00bboff\u00bb da_has_close=\u00bbon\u00bb da_alt_close=\u00bboff\u00bb da_dark_close=\u00bboff\u00bb da_not_modal=\u00bbon\u00bb da_is_singular=\u00bboff\u00bb da_with_loader=\u00bboff\u00bb da_has_shadow=\u00bbon\u00bb][et_pb_row _builder_version=\u00bb4.14.8&#8243; _module_preset=\u00bbdefault\u00bb custom_padding=\u00bb||||false|false\u00bb global_colors_info=\u00bb{}\u00bb][et_pb_column type=\u00bb4_4&#8243; _builder_version=\u00bb4.14.8&#8243; _module_preset=\u00bbdefault\u00bb global_colors_info=\u00bb{}\u00bb][et_pb_text admin_label=\u00bbUnitats de recerca\u00bb _builder_version=\u00bb4.14.8&#8243; _dynamic_attributes=\u00bbcontent\u00bb _module_preset=\u00bbdefault\u00bb text_font=\u00bb|700||on|||||\u00bb text_font_size=\u00bb16px\u00bb header_font=\u00bb|700|||||||\u00bb custom_margin=\u00bb||10px||false|false\u00bb header_font_size_tablet=\u00bb28px\u00bb header_font_size_phone=\u00bb26px\u00bb header_font_size_last_edited=\u00bbon|phone\u00bb global_colors_info=\u00bb{}\u00bb]@ET-DC@eyJkeW5hbWljIjp0cnVlLCJjb250ZW50IjoiY3VzdG9tX21ldGFfb3JnYW5pemFjaW9uZXMiLCJzZXR0aW5ncyI6eyJiZWZvcmUiOiIiLCJhZnRlciI6IiIsImVuYWJsZV9odG1sIjoib2ZmIn19@[\/et_pb_text][et_pb_post_title author=\u00bboff\u00bb categories=\u00bboff\u00bb comments=\u00bboff\u00bb featured_image=\u00bboff\u00bb admin_label=\u00bbT\u00edtol i data\u00bb _builder_version=\u00bb4.14.8&#8243; _module_preset=\u00bbdefault\u00bb title_font=\u00bbCairo|300|||||||\u00bb title_font_size=\u00bb40px\u00bb meta_font=\u00bb||on||||||\u00bb meta_font_size=\u00bb16px\u00bb title_font_size_tablet=\u00bb35px\u00bb title_font_size_phone=\u00bb30px\u00bb title_font_size_last_edited=\u00bbon|desktop\u00bb global_colors_info=\u00bb{}\u00bb][\/et_pb_post_title][et_pb_text admin_label=\u00bbSubt\u00edtols\u00bb _builder_version=\u00bb4.14.8&#8243; _module_preset=\u00bbdefault\u00bb text_font=\u00bbSource Sans Pro||on||||||\u00bb text_font_size=\u00bb24px\u00bb text_line_height=\u00bb1.1em\u00bb text_font_size_tablet=\u00bb22px\u00bb text_font_size_phone=\u00bb20px\u00bb text_font_size_last_edited=\u00bbon|phone\u00bb global_colors_info=\u00bb{}\u00bb]<\/p>\n<ul>\n<li>Lo han anunciado hoy en Mil\u00e1n la secretaria de Pol\u00edticas Digitales, Maria Galindo, y el director del IEEC, Ignasi Ribas, en un acto en el pabell\u00f3n catal\u00e1n del congreso espacial internacional IAC 2024<\/li>\n<li>La empresa italiana con oficina en Catalunya Leaf Space, referente internacional en servicios para comunicaciones con sat\u00e9lites, instalar\u00e1 y operar\u00e1 una estaci\u00f3n terrestre de control con la colaboraci\u00f3n del IEEC<\/li>\n<li>El Teleport de Sant Esteve es una infraestructura estrat\u00e9gica con aplicaciones industriales que permitir\u00e1 dar servicio al mercado de sat\u00e9lites tanto a escala catalana como internacional<\/li>\n<\/ul>\n<p>[\/et_pb_text][\/et_pb_column][\/et_pb_row][et_pb_row column_structure=\u00bb1_2,1_2&#8243; _builder_version=\u00bb4.14.8&#8243; _module_preset=\u00bbdefault\u00bb global_colors_info=\u00bb{}\u00bb][et_pb_column type=\u00bb1_2&#8243; _builder_version=\u00bb4.14.8&#8243; _module_preset=\u00bbdefault\u00bb global_colors_info=\u00bb{}\u00bb][et_pb_post_title title=\u00bboff\u00bb meta=\u00bboff\u00bb _builder_version=\u00bb4.14.8&#8243; _module_preset=\u00bbdefault\u00bb custom_margin=\u00bb||0px||false|false\u00bb border_width_top=\u00bb10px\u00bb border_color_top=\u00bb#406fda\u00bb global_colors_info=\u00bb{}\u00bb][\/et_pb_post_title][et_pb_text _builder_version=\u00bb4.14.8&#8243; _module_preset=\u00bbdefault\u00bb text_font=\u00bb||||||||\u00bb text_font_size=\u00bb15px\u00bb text_line_height=\u00bb1.1em\u00bb background_color=\u00bbrgba(64,111,218,0.15)\u00bb custom_margin=\u00bb0px||||false|false\u00bb custom_padding=\u00bb30px|20px|30px|20px|true|true\u00bb global_colors_info=\u00bb{}\u00bb]<\/p>\n<p><strong>Leyenda:<\/strong> Jonata Puglia, cofundador y directivo de Leaf Space, Maria Galindo, secretaria de Pol\u00edticas Digitales del Gobierno de la Generalitat, e Ignasi Ribas, director del IEEC.<br \/><span style=\"font-weight: 400;\"><strong>Cr\u00e9ditos:<\/strong> IEEC.<\/span><\/p>\n<p>[\/et_pb_text][\/et_pb_column][et_pb_column type=\u00bb1_2&#8243; _builder_version=\u00bb4.14.8&#8243; _module_preset=\u00bbdefault\u00bb global_colors_info=\u00bb{}\u00bb][et_pb_text _builder_version=\u00bb4.14.8&#8243; _module_preset=\u00bbdefault\u00bb link_font=\u00bb|700|||on||||\u00bb global_colors_info=\u00bb{}\u00bb]<\/p>\n<p><span style=\"font-weight: 400;\">La primera estaci\u00f3n terrestre de control y recepci\u00f3n de datos satelitales de Catalunya promovida por la Generalitat de Catalunya en colaboraci\u00f3n con el <\/span><a href=\"https:\/\/www.ieec.cat\/\"><span style=\"font-weight: 400;\">Institut d\u2019Estudis Espacials de Catalunya<\/span><\/a><span style=\"font-weight: 400;\"> (IEEC) iniciar\u00e1 su actividad el pr\u00f3ximo mayo en las instalaciones del Teleport de Sant Esteve del <\/span><a href=\"https:\/\/montsec.ieec.cat\/es\/\" target=\"_blank\" rel=\"noopener\"><span style=\"font-weight: 400;\">Observatori del Montsec<\/span><\/a><span style=\"font-weight: 400;\"> (OdM). Lo han anunciado esta ma\u00f1ana la secretaria de Pol\u00edticas Digitales, <\/span><b>Maria Galindo<\/b><span style=\"font-weight: 400;\">, y el director del IEEC, <\/span><b>Ignasi Ribas<\/b><span style=\"font-weight: 400;\">, en un acto en el estand \u2018NewSpace Catalonia\u2019 impulsado por ambas entidades en el International Astronautical Congress (IAC) 2024 de Mil\u00e1n. En el anuncio, que se ha hecho ante el ecosistema espacial catal\u00e1n e internacional presente en el congreso, tambi\u00e9n ha participado <\/span><b>Jonata Puglia<\/b><span style=\"font-weight: 400;\">, cofundador y directivo de <\/span><a href=\"https:\/\/leaf.space\/\" target=\"_blank\" rel=\"noopener\"><span style=\"font-weight: 400;\">Leaf Space<\/span><\/a><span style=\"font-weight: 400;\">, empresa referente internacional en servicios para comunicaciones con sat\u00e9lites que instalar\u00e1 y operar\u00e1 la estaci\u00f3n terrestre con la colaboraci\u00f3n del IEEC.<\/span><\/p>\n<p><span style=\"font-weight: 400;\">Esta estaci\u00f3n de comunicaciones ser\u00e1 una infraestructura pionera en Catalunya, ya dotada completamente para ofrecer servicio en toda la estructura vertical de la operaci\u00f3n de sat\u00e9lites, lo que permitir\u00e1 a las empresas catalanas y del mundo el control y recepci\u00f3n de los datos de las misiones satelitales mediante infraestructura local.<\/span><\/p>\n<p>[\/et_pb_text][\/et_pb_column][\/et_pb_row][et_pb_row _builder_version=\u00bb4.14.8&#8243; _module_preset=\u00bbdefault\u00bb global_colors_info=\u00bb{}\u00bb][et_pb_column type=\u00bb4_4&#8243; _builder_version=\u00bb4.14.8&#8243; _module_preset=\u00bbdefault\u00bb global_colors_info=\u00bb{}\u00bb][et_pb_text _builder_version=\u00bb4.14.8&#8243; _module_preset=\u00bbdefault\u00bb link_font=\u00bb|700|||on||||\u00bb locked=\u00bboff\u00bb global_colors_info=\u00bb{}\u00bb]<\/p>\n<p><span style=\"font-weight: 400;\">En este sentido, <\/span><b>Maria Galindo<\/b><span style=\"font-weight: 400;\"> ha afirmado que \u00abel Teleport de Sant Esteve es una infraestructura clave para capacitar el ecosistema catal\u00e1n del espacio y hacerlo m\u00e1s competitivo en el mercado global, puesto que permitir\u00e1 dar servicio tanto a escala catalana como internacional\u00bb. La secretaria de Pol\u00edticas Digitales ha recordado que \u00abplantar las semillas para hacer crecer el ecosistema y desarrollar infraestructuras clave, tanto para la investigaci\u00f3n como para acelerar la validaci\u00f3n de la tecnolog\u00eda, son dos de los grandes objetivos de la Estrategia NewSpace que impulsamos desde el Gobierno en colaboraci\u00f3n con el IEEC, la Fundaci\u00f3n i2CAT y el Instituto Cartogr\u00e1fico y Geol\u00f3gico de Catalunya\u00bb. Como tambi\u00e9n lo es, ha a\u00f1adido, \u00abcontinuar fomentando la colaboraci\u00f3n internacional en este sector global, promoviendo la participaci\u00f3n del ecosistema catal\u00e1n en foros mundiales de debate espacial como el IAC 2024, donde facilitamos la participaci\u00f3n de 17 empresas\u00bb.<\/span><span style=\"font-weight: 400;\"><\/span><\/p>\n<p><span style=\"font-weight: 400;\">En la misma l\u00ednea, <\/span><b>Ignasi Ribas<\/b><span style=\"font-weight: 400;\"> ha asegurado que \u00abesta primera estaci\u00f3n terrestre de control y recepci\u00f3n de datos satelitales de Catalunya promovida por el Gobierno de la Generalitat en colaboraci\u00f3n con el IEEC potenciar\u00e1 que el ecosistema espacial catal\u00e1n siga desarrollando proyectos de innovaci\u00f3n tecnol\u00f3gica mediante esta nueva incorporaci\u00f3n de capacidades en el territorio\u00bb. El director del IEEC tambi\u00e9n ha querido destacar que \u00ablas misiones satelitales que se impulsan desde la Estrategia NewSpace, como por ejemplo Menut o la futura misi\u00f3n GENEO-2, utilizar\u00e1n la estaci\u00f3n del Teleport de Sant Esteve para el control de misi\u00f3n y la descarga de datos\u00bb.<\/span><span style=\"font-weight: 400;\"><\/span><\/p>\n<p><span style=\"font-weight: 400;\">Leaf Space, empresa italiana con oficina en Catalunya que ofrece servicios de conectividad satelital a escala internacional, integrar\u00e1 la estaci\u00f3n del Teleport de Sant Esteve en su red de alcance mundial, que proporciona servicio a sat\u00e9lites en todo tipos de \u00f3rbitas. La estaci\u00f3n de telecomunicaciones, de aproximadamente 4 metros de di\u00e1metro de disco, ser\u00e1 de tipo tri-banda, es decir, ofrecer\u00e1 capacidades de subida y descarga de datos en la banda S, y de descarga en las bandas X y Ka del espectro radioel\u00e9ctrico.<\/span><span style=\"font-weight: 400;\"><\/span><\/p>\n<p><span style=\"font-weight: 400;\">En este sentido, <\/span><b>Jonata Puglia<\/b><span style=\"font-weight: 400;\"> ha destacado la importancia del ecosistema catal\u00e1n para Leaf Space \u00abcomo espacio para crecer como empresa\u00bb y la idoneidad del Montsec \u00abcomo emplazamiento para desarrollar nuevas infraestructuras importantes para los servicios que proporciona la empresa a escala mundial\u00bb.<\/span><span style=\"font-weight: 400;\"><\/span><\/p>\n<p><span style=\"font-weight: 400;\">El Observatorio del Montsec, gestionado por el IEEC, est\u00e1 situado en una zona \u00fanica en Catalunya en cuanto a la carencia de ruido radioel\u00e9ctrico y las condiciones de cielo oscuro. Con esta primera estaci\u00f3n terrestre de control y recepci\u00f3n de datos satelitales, se ampl\u00eda el potencial del OdM como emplazamiento id\u00f3neo tanto para la observaci\u00f3n astron\u00f3mica, como para las telecomunicaciones con sat\u00e9lites y las comunicaciones \u00f3pticas.<\/span><span style=\"font-weight: 400;\"><\/span><\/p>\n<p>[\/et_pb_text][\/et_pb_column][\/et_pb_row][et_pb_row _builder_version=\u00bb4.14.8&#8243; _module_preset=\u00bbdefault\u00bb custom_margin=\u00bb||||false|false\u00bb locked=\u00bboff\u00bb global_colors_info=\u00bb{}\u00bb][et_pb_column type=\u00bb4_4&#8243; _builder_version=\u00bb4.14.8&#8243; _module_preset=\u00bbdefault\u00bb global_colors_info=\u00bb{}\u00bb][et_pb_divider color=\u00bb#406fda\u00bb _builder_version=\u00bb4.14.8&#8243; _module_preset=\u00bbdefault\u00bb custom_margin=\u00bb||10px||false|false\u00bb global_colors_info=\u00bb{}\u00bb][\/et_pb_divider][et_pb_text admin_label=\u00bbEnlla\u00e7os\u00bb _builder_version=\u00bb4.14.8&#8243; _module_preset=\u00bbdefault\u00bb text_font=\u00bbCairo|700|||||||\u00bb text_text_color=\u00bb#406fda\u00bb text_font_size=\u00bb20px\u00bb custom_margin=\u00bb||10px||false|false\u00bb global_colors_info=\u00bb{}\u00bb]<\/p>\n<p>Enlaces<\/p>\n<p>[\/et_pb_text][et_pb_text _builder_version=\u00bb4.14.8&#8243; _module_preset=\u00bbdefault\u00bb text_font_size=\u00bb16px\u00bb text_line_height=\u00bb1.1em\u00bb link_font=\u00bb|700|||on|||#1a1140|\u00bb link_text_color=\u00bb#1a1140&#8243; link_line_height=\u00bb1.4em\u00bb custom_margin=\u00bb20px||||false|false\u00bb global_colors_info=\u00bb{}\u00bb]<\/p>\n<ul>\n<li><a href=\"http:\/\/www.ieec.cat\/\"><span style=\"font-weight: 400;\">IEEC<\/span><\/a><\/li>\n<li><a href=\"http:\/\/www.ieec.cat\/\"><span style=\"font-weight: 400;\"><\/span><\/a><a href=\"https:\/\/montsec.ieec.cat\/es\/\" target=\"_blank\" rel=\"noopener\"><span style=\"font-weight: 400;\">Observatori del Montsec<\/span><\/a><\/li>\n<li><a href=\"https:\/\/montsec.ieec.cat\/es\/\"><span style=\"font-weight: 400;\"><\/span><\/a><a href=\"https:\/\/leaf.space\/\" target=\"_blank\" rel=\"noopener\"><span style=\"font-weight: 400;\">Leaf Space<\/span><\/a><\/li>\n<\/ul>\n<p>[\/et_pb_text][\/et_pb_column][\/et_pb_row][et_pb_row _builder_version=\u00bb4.14.8&#8243; _module_preset=\u00bbdefault\u00bb custom_margin=\u00bb||||false|false\u00bb locked=\u00bboff\u00bb global_colors_info=\u00bb{}\u00bb][et_pb_column type=\u00bb4_4&#8243; _builder_version=\u00bb4.14.8&#8243; _module_preset=\u00bbdefault\u00bb global_colors_info=\u00bb{}\u00bb][et_pb_divider color=\u00bb#406fda\u00bb _builder_version=\u00bb4.14.8&#8243; _module_preset=\u00bbdefault\u00bb custom_margin=\u00bb||10px||false|false\u00bb global_colors_info=\u00bb{}\u00bb][\/et_pb_divider][et_pb_text admin_label=\u00bbContactes\u00bb _builder_version=\u00bb4.14.8&#8243; _module_preset=\u00bbdefault\u00bb text_font=\u00bbCairo|700|||||||\u00bb text_text_color=\u00bb#406fda\u00bb text_font_size=\u00bb20px\u00bb custom_margin=\u00bb||10px||false|false\u00bb global_colors_info=\u00bb{}\u00bb]<\/p>\n<p>Contactos<\/p>\n<p>[\/et_pb_text][\/et_pb_column][\/et_pb_row][et_pb_row column_structure=\u00bb2_5,3_5&#8243; admin_label=\u00bbRow\u00bb _builder_version=\u00bb4.14.8&#8243; _module_preset=\u00bbdefault\u00bb custom_margin=\u00bb0px||||false|false\u00bb custom_padding=\u00bb0px||||false|false\u00bb global_colors_info=\u00bb{}\u00bb][et_pb_column type=\u00bb2_5&#8243; _builder_version=\u00bb4.14.8&#8243; _module_preset=\u00bbdefault\u00bb custom_padding=\u00bb|||20px|false|false\u00bb border_width_left=\u00bb1px\u00bb border_color_left=\u00bb#406fda\u00bb global_colors_info=\u00bb{}\u00bb][et_pb_text _builder_version=\u00bb4.14.8&#8243; _module_preset=\u00bbdefault\u00bb text_font_size=\u00bb16px\u00bb text_line_height=\u00bb1.1em\u00bb link_font=\u00bb|700|||on|||#1a1140|\u00bb link_text_color=\u00bb#1a1140&#8243; link_line_height=\u00bb1.4em\u00bb header_4_font=\u00bb|700|||||||\u00bb header_4_text_color=\u00bb#1a1140&#8243; custom_margin=\u00bb||||false|false\u00bb locked=\u00bboff\u00bb global_colors_info=\u00bb{}\u00bb]<\/p>\n<h4>Oficina de Comunicaci\u00f3n del IEEC<\/h4>\n<p>Castelldefels, Barcelona<br \/>Correo electr\u00f3nico: <a href=\"mailto:comunicacio@ieec.cat\">comunicacio@ieec.cat<\/a><\/p>\n<p>[\/et_pb_text][\/et_pb_column][et_pb_column type=\u00bb3_5&#8243; _builder_version=\u00bb4.14.8&#8243; _module_preset=\u00bbdefault\u00bb custom_padding=\u00bb|||20px|false|false\u00bb border_width_left=\u00bb1px\u00bb border_color_left=\u00bb#406fda\u00bb global_colors_info=\u00bb{}\u00bb][\/et_pb_column][\/et_pb_row][et_pb_row _builder_version=\u00bb4.14.8&#8243; _module_preset=\u00bbdefault\u00bb background_color=\u00bbrgba(64,111,218,0.15)\u00bb global_module=\u00bb17324&#8243; global_colors_info=\u00bb{}\u00bb][et_pb_column type=\u00bb4_4&#8243; _builder_version=\u00bb4.14.8&#8243; _module_preset=\u00bbdefault\u00bb custom_padding=\u00bb20px|50px|20px|50px|true|true\u00bb global_colors_info=\u00bb{}\u00bb][et_pb_text admin_label=\u00bbSobre l&#8217;IEEC\u00bb _builder_version=\u00bb4.14.8&#8243; _module_preset=\u00bbdefault\u00bb header_2_font=\u00bb|700|||||||\u00bb header_2_font_size=\u00bb25px\u00bb custom_margin=\u00bb||10px||false|false\u00bb header_2_font_size_tablet=\u00bb23px\u00bb header_2_font_size_phone=\u00bb23px\u00bb header_2_font_size_last_edited=\u00bbon|phone\u00bb locked=\u00bboff\u00bb global_colors_info=\u00bb{}\u00bb]<\/p>\n<h2>Sobre el IEEC<\/h2>\n<p>[\/et_pb_text][et_pb_text _builder_version=\u00bb4.14.8&#8243; _module_preset=\u00bbdefault\u00bb text_font=\u00bb||on||||||\u00bb link_font=\u00bb|700|||on||||\u00bb locked=\u00bboff\u00bb global_colors_info=\u00bb{}\u00bb]<\/p>\n<p>El Institut d\u2019Estudis Espacials de Catalunya (IEEC) promueve y coordina la investigaci\u00f3n y el desarrollo tecnol\u00f3gico espacial en Catalu\u00f1a en beneficio de la sociedad. El IEEC fomenta las colaboraciones tanto a nivel local como mundial, y es un eficiente agente de transferencia de conocimiento, innovaci\u00f3n y tecnolog\u00eda. Como resultado de m\u00e1s de 25 a\u00f1os de investigaci\u00f3n de alta calidad, llevada a cabo en colaboraci\u00f3n con las principales organizaciones internacionales, el IEEC se encuentra entre los mejores centros de investigaci\u00f3n internacionales, centrados en \u00e1reas como: astrof\u00edsica, cosmolog\u00eda, ciencias planetarias y observaci\u00f3n de la Tierra. La divisi\u00f3n de ingenier\u00eda del IEEC desarrolla instrumentaci\u00f3n para proyectos terrestres y espaciales, y tiene una amplia experiencia trabajando con organizaciones privadas y p\u00fablicas del sector aeroespacial y otros sectores de innovaci\u00f3n.<\/p>\n<p>El IEEC es una fundaci\u00f3n del sector p\u00fablico sin \u00e1nimo de lucro, fundada en febrero de 1996. Est\u00e1 regida por un Patronato compuesto por la Generalitat de Catalunya,  la Universitat de Barcelona (UB), la Universitat Aut\u00f2noma de Barcelona (UAB), la Universitat Polit\u00e8cnica de Catalunya \u00b7 BarcelonaTech (UPC), y el Consejo Superior de Investigaciones Cient\u00edficas (CSIC). El IEEC es tambi\u00e9n un centro CERCA (Centres de Recerca de Catalunya).<\/p>\n<p>[\/et_pb_text][\/et_pb_column][\/et_pb_row][\/et_pb_section]<\/p>\n","protected":false},"excerpt":{"rendered":"<p>Lo han anunciado en Mil\u00e1n la secretaria de Pol\u00edticas Digitales, Maria Galindo, y el director del IEEC, Ignasi Ribas, en un acto en el pabell\u00f3n catal\u00e1n del congreso espacial internacional IAC 2024.<\/p>\n","protected":false},"author":5,"featured_media":31322,"comment_status":"closed","ping_status":"closed","sticky":false,"template":"","format":"standard","meta":{"_et_pb_use_builder":"on","_et_pb_old_content":"","_et_gb_content_width":"","footnotes":""},"categories":[103,119,122,113,75,107],"tags":[],"class_list":["post-31336","post","type-post","status-publish","format-standard","has-post-thumbnail","hentry","category-innovacion","category-montsec-es-2","category-newspace-es","category-noticia-destacada-pequena","category-noticias","category-tecnologia-noticias"],"yoast_head":"<!-- This site is optimized with the Yoast SEO plugin v27.4 - https:\/\/yoast.com\/product\/yoast-seo-wordpress\/ -->\n<title>Catalunya pondr\u00e1 en marcha el Teleport de Sant Esteve en el Observatori del Montsec en mayo del 2025 en el marco de la Estrategia NewSpace del Gobierno catal\u00e1n - IEEC<\/title>\n<meta name=\"description\" content=\"La empresa italiana con oficina en Catalunya Leaf Space, referente internacional en servicios para comunicaciones con sat\u00e9lites, instalar\u00e1 y operar\u00e1 una estaci\u00f3n terrestre de control con la colaboraci\u00f3n del IEEC.\" \/>\n<meta name=\"robots\" content=\"index, follow, max-snippet:-1, max-image-preview:large, max-video-preview:-1\" \/>\n<link rel=\"canonical\" href=\"https:\/\/www.ieec.cat\/es\/catalunya-posara-en-marxa-el-teleport-de-sant-esteve-a-lobservatori-del-montsec-el-maig-del-2025-en-el-marc-de-lestrategia-newspace-del-govern\/\" \/>\n<meta property=\"og:locale\" content=\"es_ES\" \/>\n<meta property=\"og:type\" content=\"article\" \/>\n<meta property=\"og:title\" content=\"Catalunya pondr\u00e1 en marcha el Teleport de Sant Esteve en el Observatori del Montsec en mayo del 2025 en el marco de la Estrategia NewSpace del Gobierno catal\u00e1n - IEEC\" \/>\n<meta property=\"og:description\" content=\"La empresa italiana con oficina en Catalunya Leaf Space, referente internacional en servicios para comunicaciones con sat\u00e9lites, instalar\u00e1 y operar\u00e1 una estaci\u00f3n terrestre de control con la colaboraci\u00f3n del IEEC.\" \/>\n<meta property=\"og:url\" content=\"https:\/\/www.ieec.cat\/es\/catalunya-posara-en-marxa-el-teleport-de-sant-esteve-a-lobservatori-del-montsec-el-maig-del-2025-en-el-marc-de-lestrategia-newspace-del-govern\/\" \/>\n<meta property=\"og:site_name\" content=\"IEEC\" \/>\n<meta property=\"article:published_time\" content=\"2024-10-16T14:28:24+00:00\" \/>\n<meta property=\"article:modified_time\" content=\"2024-10-17T10:52:32+00:00\" \/>\n<meta property=\"og:image\" content=\"https:\/\/www.ieec.cat\/wp-content\/uploads\/2024\/10\/Anunci-Teleport-Secretaria-Galindo-IEEC-Leaf-IAC2024.jpg\" \/>\n\t<meta property=\"og:image:width\" content=\"2048\" \/>\n\t<meta property=\"og:image:height\" content=\"1538\" \/>\n\t<meta property=\"og:image:type\" content=\"image\/jpeg\" \/>\n<meta name=\"author\" content=\"Francisco Panyos\" \/>\n<meta name=\"twitter:card\" content=\"summary_large_image\" \/>\n<meta name=\"twitter:label1\" content=\"Escrito por\" \/>\n\t<meta name=\"twitter:data1\" content=\"Francisco Panyos\" \/>\n\t<meta name=\"twitter:label2\" content=\"Tiempo de lectura\" \/>\n\t<meta name=\"twitter:data2\" content=\"7 minutos\" \/>\n<script type=\"application\/ld+json\" class=\"yoast-schema-graph\">{\"@context\":\"https:\\\/\\\/schema.org\",\"@graph\":[{\"@type\":\"Article\",\"@id\":\"https:\\\/\\\/www.ieec.cat\\\/es\\\/catalunya-posara-en-marxa-el-teleport-de-sant-esteve-a-lobservatori-del-montsec-el-maig-del-2025-en-el-marc-de-lestrategia-newspace-del-govern\\\/#article\",\"isPartOf\":{\"@id\":\"https:\\\/\\\/www.ieec.cat\\\/es\\\/catalunya-posara-en-marxa-el-teleport-de-sant-esteve-a-lobservatori-del-montsec-el-maig-del-2025-en-el-marc-de-lestrategia-newspace-del-govern\\\/\"},\"author\":{\"name\":\"Francisco Panyos\",\"@id\":\"https:\\\/\\\/www.ieec.cat\\\/es\\\/#\\\/schema\\\/person\\\/66f3943e2fdb094349ad344043ede870\"},\"headline\":\"Catalunya pondr\u00e1 en marcha el Teleport de Sant Esteve en el Observatori del Montsec en mayo del 2025 en el marco de la Estrategia NewSpace del Gobierno catal\u00e1n\",\"datePublished\":\"2024-10-16T14:28:24+00:00\",\"dateModified\":\"2024-10-17T10:52:32+00:00\",\"mainEntityOfPage\":{\"@id\":\"https:\\\/\\\/www.ieec.cat\\\/es\\\/catalunya-posara-en-marxa-el-teleport-de-sant-esteve-a-lobservatori-del-montsec-el-maig-del-2025-en-el-marc-de-lestrategia-newspace-del-govern\\\/\"},\"wordCount\":2076,\"image\":{\"@id\":\"https:\\\/\\\/www.ieec.cat\\\/es\\\/catalunya-posara-en-marxa-el-teleport-de-sant-esteve-a-lobservatori-del-montsec-el-maig-del-2025-en-el-marc-de-lestrategia-newspace-del-govern\\\/#primaryimage\"},\"thumbnailUrl\":\"https:\\\/\\\/www.ieec.cat\\\/wp-content\\\/uploads\\\/2024\\\/10\\\/Anunci-Teleport-Secretaria-Galindo-IEEC-Leaf-IAC2024.jpg\",\"articleSection\":[\"Innovaci\u00f3n\",\"Montsec\",\"NewSpace\",\"Noticia destacada peque\u00f1a\",\"Noticias\",\"Tecnolog\u00eda\"],\"inLanguage\":\"es\"},{\"@type\":\"WebPage\",\"@id\":\"https:\\\/\\\/www.ieec.cat\\\/es\\\/catalunya-posara-en-marxa-el-teleport-de-sant-esteve-a-lobservatori-del-montsec-el-maig-del-2025-en-el-marc-de-lestrategia-newspace-del-govern\\\/\",\"url\":\"https:\\\/\\\/www.ieec.cat\\\/es\\\/catalunya-posara-en-marxa-el-teleport-de-sant-esteve-a-lobservatori-del-montsec-el-maig-del-2025-en-el-marc-de-lestrategia-newspace-del-govern\\\/\",\"name\":\"Catalunya pondr\u00e1 en marcha el Teleport de Sant Esteve en el Observatori del Montsec en mayo del 2025 en el marco de la Estrategia NewSpace del Gobierno catal\u00e1n - IEEC\",\"isPartOf\":{\"@id\":\"https:\\\/\\\/www.ieec.cat\\\/es\\\/#website\"},\"primaryImageOfPage\":{\"@id\":\"https:\\\/\\\/www.ieec.cat\\\/es\\\/catalunya-posara-en-marxa-el-teleport-de-sant-esteve-a-lobservatori-del-montsec-el-maig-del-2025-en-el-marc-de-lestrategia-newspace-del-govern\\\/#primaryimage\"},\"image\":{\"@id\":\"https:\\\/\\\/www.ieec.cat\\\/es\\\/catalunya-posara-en-marxa-el-teleport-de-sant-esteve-a-lobservatori-del-montsec-el-maig-del-2025-en-el-marc-de-lestrategia-newspace-del-govern\\\/#primaryimage\"},\"thumbnailUrl\":\"https:\\\/\\\/www.ieec.cat\\\/wp-content\\\/uploads\\\/2024\\\/10\\\/Anunci-Teleport-Secretaria-Galindo-IEEC-Leaf-IAC2024.jpg\",\"datePublished\":\"2024-10-16T14:28:24+00:00\",\"dateModified\":\"2024-10-17T10:52:32+00:00\",\"author\":{\"@id\":\"https:\\\/\\\/www.ieec.cat\\\/es\\\/#\\\/schema\\\/person\\\/66f3943e2fdb094349ad344043ede870\"},\"description\":\"La empresa italiana con oficina en Catalunya Leaf Space, referente internacional en servicios para comunicaciones con sat\u00e9lites, instalar\u00e1 y operar\u00e1 una estaci\u00f3n terrestre de control con la colaboraci\u00f3n del IEEC.\",\"breadcrumb\":{\"@id\":\"https:\\\/\\\/www.ieec.cat\\\/es\\\/catalunya-posara-en-marxa-el-teleport-de-sant-esteve-a-lobservatori-del-montsec-el-maig-del-2025-en-el-marc-de-lestrategia-newspace-del-govern\\\/#breadcrumb\"},\"inLanguage\":\"es\",\"potentialAction\":[{\"@type\":\"ReadAction\",\"target\":[\"https:\\\/\\\/www.ieec.cat\\\/es\\\/catalunya-posara-en-marxa-el-teleport-de-sant-esteve-a-lobservatori-del-montsec-el-maig-del-2025-en-el-marc-de-lestrategia-newspace-del-govern\\\/\"]}]},{\"@type\":\"ImageObject\",\"inLanguage\":\"es\",\"@id\":\"https:\\\/\\\/www.ieec.cat\\\/es\\\/catalunya-posara-en-marxa-el-teleport-de-sant-esteve-a-lobservatori-del-montsec-el-maig-del-2025-en-el-marc-de-lestrategia-newspace-del-govern\\\/#primaryimage\",\"url\":\"https:\\\/\\\/www.ieec.cat\\\/wp-content\\\/uploads\\\/2024\\\/10\\\/Anunci-Teleport-Secretaria-Galindo-IEEC-Leaf-IAC2024.jpg\",\"contentUrl\":\"https:\\\/\\\/www.ieec.cat\\\/wp-content\\\/uploads\\\/2024\\\/10\\\/Anunci-Teleport-Secretaria-Galindo-IEEC-Leaf-IAC2024.jpg\",\"width\":2048,\"height\":1538},{\"@type\":\"BreadcrumbList\",\"@id\":\"https:\\\/\\\/www.ieec.cat\\\/es\\\/catalunya-posara-en-marxa-el-teleport-de-sant-esteve-a-lobservatori-del-montsec-el-maig-del-2025-en-el-marc-de-lestrategia-newspace-del-govern\\\/#breadcrumb\",\"itemListElement\":[{\"@type\":\"ListItem\",\"position\":1,\"name\":\"Portada\",\"item\":\"https:\\\/\\\/www.ieec.cat\\\/es\\\/\"},{\"@type\":\"ListItem\",\"position\":2,\"name\":\"Catalunya pondr\u00e1 en marcha el Teleport de Sant Esteve en el Observatori del Montsec en mayo del 2025 en el marco de la Estrategia NewSpace del Gobierno catal\u00e1n\"}]},{\"@type\":\"WebSite\",\"@id\":\"https:\\\/\\\/www.ieec.cat\\\/es\\\/#website\",\"url\":\"https:\\\/\\\/www.ieec.cat\\\/es\\\/\",\"name\":\"IEEC\",\"description\":\"Institut d&#039;Estudis Espacials de Catalunya\",\"potentialAction\":[{\"@type\":\"SearchAction\",\"target\":{\"@type\":\"EntryPoint\",\"urlTemplate\":\"https:\\\/\\\/www.ieec.cat\\\/es\\\/?s={search_term_string}\"},\"query-input\":{\"@type\":\"PropertyValueSpecification\",\"valueRequired\":true,\"valueName\":\"search_term_string\"}}],\"inLanguage\":\"es\"},{\"@type\":\"Person\",\"@id\":\"https:\\\/\\\/www.ieec.cat\\\/es\\\/#\\\/schema\\\/person\\\/66f3943e2fdb094349ad344043ede870\",\"name\":\"Francisco Panyos\",\"image\":{\"@type\":\"ImageObject\",\"inLanguage\":\"es\",\"@id\":\"https:\\\/\\\/secure.gravatar.com\\\/avatar\\\/526157a3fe3c965ab680e104b6fe47df151d5d607c86c2744324613bf4c68622?s=96&d=mm&r=g\",\"url\":\"https:\\\/\\\/secure.gravatar.com\\\/avatar\\\/526157a3fe3c965ab680e104b6fe47df151d5d607c86c2744324613bf4c68622?s=96&d=mm&r=g\",\"contentUrl\":\"https:\\\/\\\/secure.gravatar.com\\\/avatar\\\/526157a3fe3c965ab680e104b6fe47df151d5d607c86c2744324613bf4c68622?s=96&d=mm&r=g\",\"caption\":\"Francisco Panyos\"}}]}<\/script>\n<!-- \/ Yoast SEO plugin. -->","yoast_head_json":{"title":"Catalunya pondr\u00e1 en marcha el Teleport de Sant Esteve en el Observatori del Montsec en mayo del 2025 en el marco de la Estrategia NewSpace del Gobierno catal\u00e1n - IEEC","description":"La empresa italiana con oficina en Catalunya Leaf Space, referente internacional en servicios para comunicaciones con sat\u00e9lites, instalar\u00e1 y operar\u00e1 una estaci\u00f3n terrestre de control con la colaboraci\u00f3n del IEEC.","robots":{"index":"index","follow":"follow","max-snippet":"max-snippet:-1","max-image-preview":"max-image-preview:large","max-video-preview":"max-video-preview:-1"},"canonical":"https:\/\/www.ieec.cat\/es\/catalunya-posara-en-marxa-el-teleport-de-sant-esteve-a-lobservatori-del-montsec-el-maig-del-2025-en-el-marc-de-lestrategia-newspace-del-govern\/","og_locale":"es_ES","og_type":"article","og_title":"Catalunya pondr\u00e1 en marcha el Teleport de Sant Esteve en el Observatori del Montsec en mayo del 2025 en el marco de la Estrategia NewSpace del Gobierno catal\u00e1n - IEEC","og_description":"La empresa italiana con oficina en Catalunya Leaf Space, referente internacional en servicios para comunicaciones con sat\u00e9lites, instalar\u00e1 y operar\u00e1 una estaci\u00f3n terrestre de control con la colaboraci\u00f3n del IEEC.","og_url":"https:\/\/www.ieec.cat\/es\/catalunya-posara-en-marxa-el-teleport-de-sant-esteve-a-lobservatori-del-montsec-el-maig-del-2025-en-el-marc-de-lestrategia-newspace-del-govern\/","og_site_name":"IEEC","article_published_time":"2024-10-16T14:28:24+00:00","article_modified_time":"2024-10-17T10:52:32+00:00","og_image":[{"width":2048,"height":1538,"url":"https:\/\/www.ieec.cat\/wp-content\/uploads\/2024\/10\/Anunci-Teleport-Secretaria-Galindo-IEEC-Leaf-IAC2024.jpg","type":"image\/jpeg"}],"author":"Francisco Panyos","twitter_card":"summary_large_image","twitter_misc":{"Escrito por":"Francisco Panyos","Tiempo de lectura":"7 minutos"},"schema":{"@context":"https:\/\/schema.org","@graph":[{"@type":"Article","@id":"https:\/\/www.ieec.cat\/es\/catalunya-posara-en-marxa-el-teleport-de-sant-esteve-a-lobservatori-del-montsec-el-maig-del-2025-en-el-marc-de-lestrategia-newspace-del-govern\/#article","isPartOf":{"@id":"https:\/\/www.ieec.cat\/es\/catalunya-posara-en-marxa-el-teleport-de-sant-esteve-a-lobservatori-del-montsec-el-maig-del-2025-en-el-marc-de-lestrategia-newspace-del-govern\/"},"author":{"name":"Francisco Panyos","@id":"https:\/\/www.ieec.cat\/es\/#\/schema\/person\/66f3943e2fdb094349ad344043ede870"},"headline":"Catalunya pondr\u00e1 en marcha el Teleport de Sant Esteve en el Observatori del Montsec en mayo del 2025 en el marco de la Estrategia NewSpace del Gobierno catal\u00e1n","datePublished":"2024-10-16T14:28:24+00:00","dateModified":"2024-10-17T10:52:32+00:00","mainEntityOfPage":{"@id":"https:\/\/www.ieec.cat\/es\/catalunya-posara-en-marxa-el-teleport-de-sant-esteve-a-lobservatori-del-montsec-el-maig-del-2025-en-el-marc-de-lestrategia-newspace-del-govern\/"},"wordCount":2076,"image":{"@id":"https:\/\/www.ieec.cat\/es\/catalunya-posara-en-marxa-el-teleport-de-sant-esteve-a-lobservatori-del-montsec-el-maig-del-2025-en-el-marc-de-lestrategia-newspace-del-govern\/#primaryimage"},"thumbnailUrl":"https:\/\/www.ieec.cat\/wp-content\/uploads\/2024\/10\/Anunci-Teleport-Secretaria-Galindo-IEEC-Leaf-IAC2024.jpg","articleSection":["Innovaci\u00f3n","Montsec","NewSpace","Noticia destacada peque\u00f1a","Noticias","Tecnolog\u00eda"],"inLanguage":"es"},{"@type":"WebPage","@id":"https:\/\/www.ieec.cat\/es\/catalunya-posara-en-marxa-el-teleport-de-sant-esteve-a-lobservatori-del-montsec-el-maig-del-2025-en-el-marc-de-lestrategia-newspace-del-govern\/","url":"https:\/\/www.ieec.cat\/es\/catalunya-posara-en-marxa-el-teleport-de-sant-esteve-a-lobservatori-del-montsec-el-maig-del-2025-en-el-marc-de-lestrategia-newspace-del-govern\/","name":"Catalunya pondr\u00e1 en marcha el Teleport de Sant Esteve en el Observatori del Montsec en mayo del 2025 en el marco de la Estrategia NewSpace del Gobierno catal\u00e1n - IEEC","isPartOf":{"@id":"https:\/\/www.ieec.cat\/es\/#website"},"primaryImageOfPage":{"@id":"https:\/\/www.ieec.cat\/es\/catalunya-posara-en-marxa-el-teleport-de-sant-esteve-a-lobservatori-del-montsec-el-maig-del-2025-en-el-marc-de-lestrategia-newspace-del-govern\/#primaryimage"},"image":{"@id":"https:\/\/www.ieec.cat\/es\/catalunya-posara-en-marxa-el-teleport-de-sant-esteve-a-lobservatori-del-montsec-el-maig-del-2025-en-el-marc-de-lestrategia-newspace-del-govern\/#primaryimage"},"thumbnailUrl":"https:\/\/www.ieec.cat\/wp-content\/uploads\/2024\/10\/Anunci-Teleport-Secretaria-Galindo-IEEC-Leaf-IAC2024.jpg","datePublished":"2024-10-16T14:28:24+00:00","dateModified":"2024-10-17T10:52:32+00:00","author":{"@id":"https:\/\/www.ieec.cat\/es\/#\/schema\/person\/66f3943e2fdb094349ad344043ede870"},"description":"La empresa italiana con oficina en Catalunya Leaf Space, referente internacional en servicios para comunicaciones con sat\u00e9lites, instalar\u00e1 y operar\u00e1 una estaci\u00f3n terrestre de control con la colaboraci\u00f3n del IEEC.","breadcrumb":{"@id":"https:\/\/www.ieec.cat\/es\/catalunya-posara-en-marxa-el-teleport-de-sant-esteve-a-lobservatori-del-montsec-el-maig-del-2025-en-el-marc-de-lestrategia-newspace-del-govern\/#breadcrumb"},"inLanguage":"es","potentialAction":[{"@type":"ReadAction","target":["https:\/\/www.ieec.cat\/es\/catalunya-posara-en-marxa-el-teleport-de-sant-esteve-a-lobservatori-del-montsec-el-maig-del-2025-en-el-marc-de-lestrategia-newspace-del-govern\/"]}]},{"@type":"ImageObject","inLanguage":"es","@id":"https:\/\/www.ieec.cat\/es\/catalunya-posara-en-marxa-el-teleport-de-sant-esteve-a-lobservatori-del-montsec-el-maig-del-2025-en-el-marc-de-lestrategia-newspace-del-govern\/#primaryimage","url":"https:\/\/www.ieec.cat\/wp-content\/uploads\/2024\/10\/Anunci-Teleport-Secretaria-Galindo-IEEC-Leaf-IAC2024.jpg","contentUrl":"https:\/\/www.ieec.cat\/wp-content\/uploads\/2024\/10\/Anunci-Teleport-Secretaria-Galindo-IEEC-Leaf-IAC2024.jpg","width":2048,"height":1538},{"@type":"BreadcrumbList","@id":"https:\/\/www.ieec.cat\/es\/catalunya-posara-en-marxa-el-teleport-de-sant-esteve-a-lobservatori-del-montsec-el-maig-del-2025-en-el-marc-de-lestrategia-newspace-del-govern\/#breadcrumb","itemListElement":[{"@type":"ListItem","position":1,"name":"Portada","item":"https:\/\/www.ieec.cat\/es\/"},{"@type":"ListItem","position":2,"name":"Catalunya pondr\u00e1 en marcha el Teleport de Sant Esteve en el Observatori del Montsec en mayo del 2025 en el marco de la Estrategia NewSpace del Gobierno catal\u00e1n"}]},{"@type":"WebSite","@id":"https:\/\/www.ieec.cat\/es\/#website","url":"https:\/\/www.ieec.cat\/es\/","name":"IEEC","description":"Institut d&#039;Estudis Espacials de Catalunya","potentialAction":[{"@type":"SearchAction","target":{"@type":"EntryPoint","urlTemplate":"https:\/\/www.ieec.cat\/es\/?s={search_term_string}"},"query-input":{"@type":"PropertyValueSpecification","valueRequired":true,"valueName":"search_term_string"}}],"inLanguage":"es"},{"@type":"Person","@id":"https:\/\/www.ieec.cat\/es\/#\/schema\/person\/66f3943e2fdb094349ad344043ede870","name":"Francisco Panyos","image":{"@type":"ImageObject","inLanguage":"es","@id":"https:\/\/secure.gravatar.com\/avatar\/526157a3fe3c965ab680e104b6fe47df151d5d607c86c2744324613bf4c68622?s=96&d=mm&r=g","url":"https:\/\/secure.gravatar.com\/avatar\/526157a3fe3c965ab680e104b6fe47df151d5d607c86c2744324613bf4c68622?s=96&d=mm&r=g","contentUrl":"https:\/\/secure.gravatar.com\/avatar\/526157a3fe3c965ab680e104b6fe47df151d5d607c86c2744324613bf4c68622?s=96&d=mm&r=g","caption":"Francisco Panyos"}}]}},"_links":{"self":[{"href":"https:\/\/www.ieec.cat\/es\/wp-json\/wp\/v2\/posts\/31336","targetHints":{"allow":["GET"]}}],"collection":[{"href":"https:\/\/www.ieec.cat\/es\/wp-json\/wp\/v2\/posts"}],"about":[{"href":"https:\/\/www.ieec.cat\/es\/wp-json\/wp\/v2\/types\/post"}],"author":[{"embeddable":true,"href":"https:\/\/www.ieec.cat\/es\/wp-json\/wp\/v2\/users\/5"}],"replies":[{"embeddable":true,"href":"https:\/\/www.ieec.cat\/es\/wp-json\/wp\/v2\/comments?post=31336"}],"version-history":[{"count":11,"href":"https:\/\/www.ieec.cat\/es\/wp-json\/wp\/v2\/posts\/31336\/revisions"}],"predecessor-version":[{"id":31360,"href":"https:\/\/www.ieec.cat\/es\/wp-json\/wp\/v2\/posts\/31336\/revisions\/31360"}],"wp:featuredmedia":[{"embeddable":true,"href":"https:\/\/www.ieec.cat\/es\/wp-json\/wp\/v2\/media\/31322"}],"wp:attachment":[{"href":"https:\/\/www.ieec.cat\/es\/wp-json\/wp\/v2\/media?parent=31336"}],"wp:term":[{"taxonomy":"category","embeddable":true,"href":"https:\/\/www.ieec.cat\/es\/wp-json\/wp\/v2\/categories?post=31336"},{"taxonomy":"post_tag","embeddable":true,"href":"https:\/\/www.ieec.cat\/es\/wp-json\/wp\/v2\/tags?post=31336"}],"curies":[{"name":"wp","href":"https:\/\/api.w.org\/{rel}","templated":true}]}}