{"id":31382,"date":"2024-10-18T16:48:58","date_gmt":"2024-10-18T14:48:58","guid":{"rendered":"https:\/\/www.ieec.cat\/?p=31382"},"modified":"2024-10-18T16:49:00","modified_gmt":"2024-10-18T14:49:00","slug":"captan-el-cometa-tsuchinshan-atlas-desde-el-observatori-del-montsec","status":"publish","type":"post","link":"https:\/\/www.ieec.cat\/es\/captan-el-cometa-tsuchinshan-atlas-desde-el-observatori-del-montsec\/","title":{"rendered":"Captan el cometa Tsuchinshan-ATLAS desde el Observatori del Montsec"},"content":{"rendered":"<p>[et_pb_section fb_built=\u00bb1&#8243; _builder_version=\u00bb4.14.8&#8243; _module_preset=\u00bbdefault\u00bb background_image=\u00bbhttps:\/\/www.ieec.cat\/wp-content\/uploads\/2022\/02\/slider-comunicacio.jpg\u00bb max_height=\u00bb130px\u00bb custom_padding=\u00bb0px||0px||false|false\u00bb da_disable_devices=\u00bboff|off|off\u00bb global_colors_info=\u00bb{}\u00bb da_is_popup=\u00bboff\u00bb da_exit_intent=\u00bboff\u00bb da_has_close=\u00bbon\u00bb da_alt_close=\u00bboff\u00bb da_dark_close=\u00bboff\u00bb da_not_modal=\u00bbon\u00bb da_is_singular=\u00bboff\u00bb da_with_loader=\u00bboff\u00bb da_has_shadow=\u00bbon\u00bb][\/et_pb_section][et_pb_section fb_built=\u00bb1&#8243; _builder_version=\u00bb4.14.8&#8243; _module_preset=\u00bbdefault\u00bb custom_padding=\u00bb24px||11px|||\u00bb da_disable_devices=\u00bboff|off|off\u00bb global_colors_info=\u00bb{}\u00bb da_is_popup=\u00bboff\u00bb da_exit_intent=\u00bboff\u00bb da_has_close=\u00bbon\u00bb da_alt_close=\u00bboff\u00bb da_dark_close=\u00bboff\u00bb da_not_modal=\u00bbon\u00bb da_is_singular=\u00bboff\u00bb da_with_loader=\u00bboff\u00bb da_has_shadow=\u00bbon\u00bb][et_pb_row _builder_version=\u00bb4.14.8&#8243; _module_preset=\u00bbdefault\u00bb custom_padding=\u00bb||||false|false\u00bb global_colors_info=\u00bb{}\u00bb][et_pb_column type=\u00bb4_4&#8243; _builder_version=\u00bb4.14.8&#8243; _module_preset=\u00bbdefault\u00bb global_colors_info=\u00bb{}\u00bb][et_pb_text admin_label=\u00bbUnitats de recerca\u00bb _builder_version=\u00bb4.14.8&#8243; _dynamic_attributes=\u00bbcontent\u00bb _module_preset=\u00bbdefault\u00bb text_font=\u00bb|700||on|||||\u00bb text_font_size=\u00bb16px\u00bb header_font=\u00bb|700|||||||\u00bb custom_margin=\u00bb||10px||false|false\u00bb header_font_size_tablet=\u00bb28px\u00bb header_font_size_phone=\u00bb26px\u00bb header_font_size_last_edited=\u00bbon|phone\u00bb global_colors_info=\u00bb{}\u00bb]@ET-DC@eyJkeW5hbWljIjp0cnVlLCJjb250ZW50IjoiY3VzdG9tX21ldGFfb3JnYW5pemFjaW9uZXMiLCJzZXR0aW5ncyI6eyJiZWZvcmUiOiIiLCJhZnRlciI6IiIsImVuYWJsZV9odG1sIjoib2ZmIn19@[\/et_pb_text][et_pb_post_title author=\u00bboff\u00bb categories=\u00bboff\u00bb comments=\u00bboff\u00bb featured_image=\u00bboff\u00bb admin_label=\u00bbT\u00edtol i data\u00bb _builder_version=\u00bb4.14.8&#8243; _module_preset=\u00bbdefault\u00bb title_font=\u00bbCairo|300|||||||\u00bb title_font_size=\u00bb40px\u00bb meta_font=\u00bb||on||||||\u00bb meta_font_size=\u00bb16px\u00bb title_font_size_tablet=\u00bb35px\u00bb title_font_size_phone=\u00bb30px\u00bb title_font_size_last_edited=\u00bbon|desktop\u00bb global_colors_info=\u00bb{}\u00bb][\/et_pb_post_title][et_pb_text admin_label=\u00bbSubt\u00edtols\u00bb _builder_version=\u00bb4.14.8&#8243; _module_preset=\u00bbdefault\u00bb text_font=\u00bbSource Sans Pro||on||||||\u00bb text_font_size=\u00bb24px\u00bb text_line_height=\u00bb1.1em\u00bb hover_enabled=\u00bb0&#8243; text_font_size_tablet=\u00bb22px\u00bb text_font_size_phone=\u00bb20px\u00bb text_font_size_last_edited=\u00bbon|phone\u00bb global_colors_info=\u00bb{}\u00bb sticky_enabled=\u00bb0&#8243;]<\/p>\n<ul>\n<li>El astro lleg\u00f3 a su punto m\u00e1s pr\u00f3ximo a la Tierra, a unos 70 millones de kil\u00f3metros, el pasado 12 de octubre<\/li>\n<li>El Telescopio Joan Or\u00f3 ha permitido obtener im\u00e1genes de gran calidad del cometa, con detalles de su envoltorio de polvo<\/li>\n<li>Investigadores del IEEC en el Instituto de Ciencias del Espacio (ICE-CSIC) y en el Observatori del Montsec han llevado a cabo esta observaci\u00f3n<\/li>\n<\/ul>\n<p>[\/et_pb_text][\/et_pb_column][\/et_pb_row][et_pb_row column_structure=\u00bb1_2,1_2&#8243; _builder_version=\u00bb4.14.8&#8243; _module_preset=\u00bbdefault\u00bb global_colors_info=\u00bb{}\u00bb][et_pb_column type=\u00bb1_2&#8243; _builder_version=\u00bb4.14.8&#8243; _module_preset=\u00bbdefault\u00bb global_colors_info=\u00bb{}\u00bb][et_pb_post_title title=\u00bboff\u00bb meta=\u00bboff\u00bb _builder_version=\u00bb4.14.8&#8243; _module_preset=\u00bbdefault\u00bb custom_margin=\u00bb||0px||false|false\u00bb border_width_top=\u00bb10px\u00bb border_color_top=\u00bb#406fda\u00bb global_colors_info=\u00bb{}\u00bb][\/et_pb_post_title][et_pb_text _builder_version=\u00bb4.14.8&#8243; _module_preset=\u00bbdefault\u00bb text_font=\u00bb||||||||\u00bb text_font_size=\u00bb15px\u00bb text_line_height=\u00bb1.1em\u00bb background_color=\u00bbrgba(64,111,218,0.15)\u00bb custom_margin=\u00bb0px||||false|false\u00bb custom_padding=\u00bb30px|20px|30px|20px|true|true\u00bb hover_enabled=\u00bb0&#8243; global_colors_info=\u00bb{}\u00bb sticky_enabled=\u00bb0&#8243;]<\/p>\n<p><strong>Leyenda:<\/strong> Imagen apilada de 45 segundos de exposici\u00f3n, con filtros Johnson V, R e I, del cometa Tsuchinshan-ATLAS.<br \/><span style=\"font-weight: 400;\"><strong>Cr\u00e9ditos:<\/strong> TJO\/OdM.<\/span><\/p>\n<p>[\/et_pb_text][\/et_pb_column][et_pb_column type=\u00bb1_2&#8243; _builder_version=\u00bb4.14.8&#8243; _module_preset=\u00bbdefault\u00bb global_colors_info=\u00bb{}\u00bb][et_pb_text _builder_version=\u00bb4.14.8&#8243; _module_preset=\u00bbdefault\u00bb link_font=\u00bb|700|||on||||\u00bb hover_enabled=\u00bb0&#8243; global_colors_info=\u00bb{}\u00bb sticky_enabled=\u00bb0&#8243;]<\/p>\n<p><span style=\"font-weight: 400;\">El pasado 12 de octubre, el cometa Tsuchinshan llegaba a su punto m\u00e1s pr\u00f3ximo a la Tierra, a unos 70 millones de kil\u00f3metros. El <\/span><a href=\"https:\/\/montsec.ieec.cat\/es\/\" target=\"_blank\" rel=\"noopener\"><span style=\"font-weight: 400;\">Observatori del Montsec<\/span><\/a><span style=\"font-weight: 400;\"> (OdM), gestionado por el <\/span><a href=\"https:\/\/www.ieec.cat\/\"><span style=\"font-weight: 400;\">Institut d\u2019Estudis Espacials de Catalunya<\/span><\/a><span style=\"font-weight: 400;\"> (IEEC) y situado en la localidad de Sant Esteve de la Sarga (Pallars Juss\u00e0), obtuvo im\u00e1genes muy detalladas de este astro errante la tarde del 14 de octubre, pese a las condiciones meteorol\u00f3gicas adversas y su proximidad angular al Sol, que dificultaban la observaci\u00f3n.<\/span><\/p>\n<p><span style=\"font-weight: 400;\">El cometa, que en aquel momento se encontraba a 72 millones de kil\u00f3metros de la Tierra, era bien visible a simple vista, puesto que presentaba una magnitud parecida a Deneb, una de las estrellas m\u00e1s luminosas. Se mostraba majestuoso: la coma (el envoltorio de polvo que rodea el n\u00facleo) ten\u00eda un tama\u00f1o parecido a la Luna y la cola se extend\u00eda unos 20\u00b0 de longitud en el cielo (el equivalente a juntar unas 40 lunas seguidas). Multitud de fotograf\u00edas del cometa han llenado las redes sociales los pasados d\u00edas.<\/span><\/p>\n<p>[\/et_pb_text][\/et_pb_column][\/et_pb_row][et_pb_row _builder_version=\u00bb4.14.8&#8243; _module_preset=\u00bbdefault\u00bb global_colors_info=\u00bb{}\u00bb][et_pb_column type=\u00bb4_4&#8243; _builder_version=\u00bb4.14.8&#8243; _module_preset=\u00bbdefault\u00bb global_colors_info=\u00bb{}\u00bb][et_pb_text _builder_version=\u00bb4.14.8&#8243; _module_preset=\u00bbdefault\u00bb link_font=\u00bb|700|||on||||\u00bb hover_enabled=\u00bb0&#8243; locked=\u00bboff\u00bb global_colors_info=\u00bb{}\u00bb sticky_enabled=\u00bb0&#8243;]<\/p>\n<p><span style=\"font-weight: 400;\"><\/span><span style=\"font-weight: 400;\">Ante este acontecimiento astron\u00f3mico de primera magnitud, dos astrof\u00edsicos del IEEC programaron un proyecto observacional con el telescopio rob\u00f3tico Joan Or\u00f3, ubicado en el OdM. <\/span><b>Josep M. Trigo<\/b><span style=\"font-weight: 400;\">, investigador del IEEC en el <\/span><a href=\"https:\/\/www.ice.csic.es\/\" target=\"_blank\" rel=\"noopener\"><span style=\"font-weight: 400;\">Instituto de Ciencias del Espacio<\/span><\/a><span style=\"font-weight: 400;\"> (ICE-CSIC), y <\/span><b>Kike Herrero<\/b><span style=\"font-weight: 400;\">, director del OdM, quer\u00edan encontrar detalles de la coma del cometa con varias secuencias de im\u00e1genes realizadas con m\u00faltiples filtros fotom\u00e9tricos. Las impresionantes im\u00e1genes obtenidas muestran la intensa actividad de emisi\u00f3n de polvo a partir de los chorros de gas sublimado que se generan desde cerca de una decena de regiones activas.<\/span><br \/><span style=\"font-weight: 400;\"><\/span><\/p>\n<p>[\/et_pb_text][\/et_pb_column][\/et_pb_row][et_pb_row column_structure=\u00bb1_2,1_2&#8243; _builder_version=\u00bb4.14.8&#8243; _module_preset=\u00bbdefault\u00bb global_colors_info=\u00bb{}\u00bb][et_pb_column type=\u00bb1_2&#8243; _builder_version=\u00bb4.14.8&#8243; _module_preset=\u00bbdefault\u00bb global_colors_info=\u00bb{}\u00bb][et_pb_text _builder_version=\u00bb4.14.8&#8243; _module_preset=\u00bbdefault\u00bb hover_enabled=\u00bb0&#8243; global_colors_info=\u00bb{}\u00bb sticky_enabled=\u00bb0&#8243;]<\/p>\n<p><span style=\"font-weight: 400;\">En palabras de <\/span><b>Josep M. Trigo<\/b><span style=\"font-weight: 400;\">: \u00abA pesar de que el n\u00facleo real del cometa es de solo unos 3 km, demasiado peque\u00f1o y lejano para verse, su fr\u00e1gil y vol\u00e1til naturaleza hace que cerca del Sol emita toneladas de gas y polvo por segundo, volvi\u00e9ndose un objeto muy extendido y brillante. Aun as\u00ed, tanto polvo apantalla el n\u00facleo y hace dif\u00edcil estudiarlo. Hay que hacer una tarea detectivesca en la coma interior, un entorno bastante brillante debido a que es rico en polvo emitido desde el n\u00facleo\u00bb.<\/span><span style=\"font-weight: 400;\"><\/span><\/p>\n<p><span style=\"font-weight: 400;\">Los cometas son agregados de hielos, materia org\u00e1nica y diminutos granos minerales. Tales part\u00edculas (de tama\u00f1o centim\u00e9trico a milim\u00e9trico) son fr\u00e1giles, se desprenden impulsadas por el gas, y tambi\u00e9n se fragmentan al ser expuestas a la luz solar. Esto produce polvo que, cuando alcanza tama\u00f1o microm\u00e9trico, es capaz de reflejar la luz del Sol.<\/span><span style=\"font-weight: 400;\"><\/span><\/p>\n<p><span style=\"font-weight: 400;\">\u00abLa coma interior, por lo tanto, se vuelve un ambiente difuso y que con telescopios peque\u00f1os no se puede resolver\u00bb, explica <\/span><b>Kike Herrero<\/b><span style=\"font-weight: 400;\">. \u00abA pesar del reto, telescopios con di\u00e1metros superiores, como por ejemplo el Telescopio Joan Or\u00f3, permiten resolver estructuras espirales dentro de la coma\u00bb, ha a\u00f1adido el experto. Estos chorros de gas y polvo se doblan bajo la presi\u00f3n de radiaci\u00f3n del Sol y generan intrincadas estructuras. A partir de estas im\u00e1genes los investigadores tienen que extraer informaci\u00f3n valiosa sobre las regiones activas del n\u00facleo del cometa y su producci\u00f3n de polvo.<\/span><span style=\"font-weight: 400;\"><\/span><\/p>\n<p>[\/et_pb_text][\/et_pb_column][et_pb_column type=\u00bb1_2&#8243; _builder_version=\u00bb4.14.8&#8243; _module_preset=\u00bbdefault\u00bb global_colors_info=\u00bb{}\u00bb][et_pb_image src=\u00bbhttps:\/\/www.ieec.cat\/wp-content\/uploads\/2024\/10\/Fig_2_C2023A3_Larson-Sekanina_scale.jpg\u00bb _builder_version=\u00bb4.14.8&#8243; _module_preset=\u00bbdefault\u00bb custom_margin=\u00bb||3px|||\u00bb global_colors_info=\u00bb{}\u00bb][\/et_pb_image][et_pb_text _builder_version=\u00bb4.14.8&#8243; _module_preset=\u00bbdefault\u00bb text_font=\u00bb||||||||\u00bb text_font_size=\u00bb15px\u00bb text_line_height=\u00bb1.1em\u00bb background_color=\u00bbrgba(64,111,218,0.15)\u00bb custom_margin=\u00bb-4px||||false|false\u00bb custom_padding=\u00bb30px|20px|30px|20px|true|true\u00bb hover_enabled=\u00bb0&#8243; global_colors_info=\u00bb{}\u00bb sticky_enabled=\u00bb0&#8243;]<\/p>\n<p><strong>Leyenda:<\/strong> Imagen del cometa Tsuchinshan-ATLAS en luz visible tratada con un filtro Larson-Sekanina. Se aprecian al menos ocho gigantescos chorros de material emitido desde el n\u00facleo del cometa. <br \/><span style=\"font-weight: 400;\"><strong>Cr\u00e9ditos:<\/strong> TJO\/OdM.<\/span><\/p>\n<p>[\/et_pb_text][\/et_pb_column][\/et_pb_row][et_pb_row column_structure=\u00bb1_2,1_2&#8243; _builder_version=\u00bb4.14.8&#8243; _module_preset=\u00bbdefault\u00bb global_colors_info=\u00bb{}\u00bb][et_pb_column type=\u00bb1_2&#8243; _builder_version=\u00bb4.14.8&#8243; _module_preset=\u00bbdefault\u00bb global_colors_info=\u00bb{}\u00bb][et_pb_image src=\u00bbhttps:\/\/www.ieec.cat\/wp-content\/uploads\/2024\/10\/Fig_3_C2023A3_Larson-Sekanina_scale.jpg\u00bb _builder_version=\u00bb4.14.8&#8243; _module_preset=\u00bbdefault\u00bb custom_margin=\u00bb||3px|||\u00bb global_colors_info=\u00bb{}\u00bb][\/et_pb_image][et_pb_text _builder_version=\u00bb4.14.8&#8243; _module_preset=\u00bbdefault\u00bb text_font=\u00bb||||||||\u00bb text_font_size=\u00bb15px\u00bb text_line_height=\u00bb1.1em\u00bb background_color=\u00bbrgba(64,111,218,0.15)\u00bb custom_margin=\u00bb-3px||||false|false\u00bb custom_padding=\u00bb30px|20px|30px|20px|true|true\u00bb hover_enabled=\u00bb0&#8243; global_colors_info=\u00bb{}\u00bb sticky_enabled=\u00bb0&#8243;]<\/p>\n<p><strong>Leyenda:<\/strong> Imagen del cometa Tsuchinshan-ATLAS en luz visible tratada con un filtro Larson-Sekanina en falso color. Muestra la complejidad de la estructura de espirales de materiales emitidos desde el n\u00facleo del cometa.<br \/><span style=\"font-weight: 400;\"><strong>Cr\u00e9ditos:<\/strong> TJO\/OdM.<\/span><\/p>\n<p>[\/et_pb_text][\/et_pb_column][et_pb_column type=\u00bb1_2&#8243; _builder_version=\u00bb4.14.8&#8243; _module_preset=\u00bbdefault\u00bb global_colors_info=\u00bb{}\u00bb][et_pb_text _builder_version=\u00bb4.14.8&#8243; _module_preset=\u00bbdefault\u00bb hover_enabled=\u00bb0&#8243; global_colors_info=\u00bb{}\u00bb sticky_enabled=\u00bb0&#8243;]<\/p>\n<p><span style=\"font-weight: 400;\">Para visualizar el entorno turbulento de la coma interior, los investigadores aplican varias t\u00e9cnicas para tratar las im\u00e1genes y visibilizar los chorros de material emitido desde el n\u00facleo. Un tratamiento con un filtro llamado Larson-Sekanina muestra las gigantescas cortinas de polvo y gas que se desprenden desde las regiones activas por la sublimaci\u00f3n del hielo y la presi\u00f3n del gas propulsado hacia el medio interplanetario. As\u00ed pues, vemos c\u00f3mo un cometa cerca del Sol sublima tanta cantidad de hielo que se transforma repentinamente en una gigantesca fuente de material por su naturaleza vol\u00e1til. Los cometas se formaron en regiones alejadas del Sol u otras estrellas, a temperaturas muy bajas que los han hecho una amalgama de hielos y peque\u00f1as part\u00edculas durante las fases tempranas de la formaci\u00f3n del Sistema Solar.<\/span><\/p>\n<p><span style=\"font-weight: 400;\">El cometa todav\u00eda ser\u00e1 accesible a simple vista y con prism\u00e1ticos las pr\u00f3ximas noches pero perder\u00e1 r\u00e1pidamente magnitud al alejarse a una velocidad relativa de la Tierra pr\u00f3xima a 290.000 km\/h. Los \u00faltimos c\u00e1lculos din\u00e1micos indican que finalmente este objeto se perder\u00e1 en el espacio interestelar siguiendo una \u00f3rbita hiperb\u00f3lica despu\u00e9s de su encuentro con el Sol.\u00a0<\/span><\/p>\n<p>[\/et_pb_text][\/et_pb_column][\/et_pb_row][et_pb_row _builder_version=\u00bb4.14.8&#8243; _module_preset=\u00bbdefault\u00bb custom_margin=\u00bb||||false|false\u00bb locked=\u00bboff\u00bb global_colors_info=\u00bb{}\u00bb][et_pb_column type=\u00bb4_4&#8243; _builder_version=\u00bb4.14.8&#8243; _module_preset=\u00bbdefault\u00bb global_colors_info=\u00bb{}\u00bb][et_pb_divider color=\u00bb#406fda\u00bb _builder_version=\u00bb4.14.8&#8243; _module_preset=\u00bbdefault\u00bb custom_margin=\u00bb||10px||false|false\u00bb global_colors_info=\u00bb{}\u00bb][\/et_pb_divider][et_pb_text admin_label=\u00bbEnlla\u00e7os\u00bb _builder_version=\u00bb4.14.8&#8243; _module_preset=\u00bbdefault\u00bb text_font=\u00bbCairo|700|||||||\u00bb text_text_color=\u00bb#406fda\u00bb text_font_size=\u00bb20px\u00bb custom_margin=\u00bb||10px||false|false\u00bb hover_enabled=\u00bb0&#8243; global_colors_info=\u00bb{}\u00bb sticky_enabled=\u00bb0&#8243;]<\/p>\n<p>Enlaces<\/p>\n<p>[\/et_pb_text][et_pb_text _builder_version=\u00bb4.14.8&#8243; _module_preset=\u00bbdefault\u00bb text_font_size=\u00bb16px\u00bb text_line_height=\u00bb1.1em\u00bb link_font=\u00bb|700|||on|||#1a1140|\u00bb link_text_color=\u00bb#1a1140&#8243; link_line_height=\u00bb1.4em\u00bb custom_margin=\u00bb20px||||false|false\u00bb hover_enabled=\u00bb0&#8243; global_colors_info=\u00bb{}\u00bb sticky_enabled=\u00bb0&#8243;]<\/p>\n<ul>\n<li><a href=\"http:\/\/www.ieec.cat\/\"><span style=\"font-weight: 400;\">IEEC<\/span><\/a><\/li>\n<li><a href=\"https:\/\/montsec.ieec.cat\/\" target=\"_blank\" rel=\"noopener\"><span style=\"font-weight: 400;\">Observatori del Montsec<\/span><\/a><\/li>\n<li><a href=\"https:\/\/www.ice.csic.es\/\" target=\"_blank\" rel=\"noopener\"><span style=\"font-weight: 400;\">ICE-CSIC<\/span><\/a><\/li>\n<li><a href=\"https:\/\/www.ice.csic.es\/research\/theory-observations?view=article&amp;id=53&amp;catid=2\" target=\"_blank\" rel=\"noopener\"><span style=\"font-weight: 400;\">Grupo de investigaci\u00f3n en asteroides, cometas y meteoritos del ICE-CSIC<\/span><\/a><\/li>\n<\/ul>\n<p>[\/et_pb_text][\/et_pb_column][\/et_pb_row][et_pb_row _builder_version=\u00bb4.14.8&#8243; _module_preset=\u00bbdefault\u00bb custom_margin=\u00bb||||false|false\u00bb locked=\u00bboff\u00bb global_colors_info=\u00bb{}\u00bb][et_pb_column type=\u00bb4_4&#8243; _builder_version=\u00bb4.14.8&#8243; _module_preset=\u00bbdefault\u00bb global_colors_info=\u00bb{}\u00bb][et_pb_divider color=\u00bb#406fda\u00bb _builder_version=\u00bb4.14.8&#8243; _module_preset=\u00bbdefault\u00bb custom_margin=\u00bb||10px||false|false\u00bb global_colors_info=\u00bb{}\u00bb][\/et_pb_divider][et_pb_text admin_label=\u00bbContactes\u00bb _builder_version=\u00bb4.14.8&#8243; _module_preset=\u00bbdefault\u00bb text_font=\u00bbCairo|700|||||||\u00bb text_text_color=\u00bb#406fda\u00bb text_font_size=\u00bb20px\u00bb custom_margin=\u00bb||10px||false|false\u00bb hover_enabled=\u00bb0&#8243; global_colors_info=\u00bb{}\u00bb sticky_enabled=\u00bb0&#8243;]<\/p>\n<p>Contactos<\/p>\n<p>[\/et_pb_text][\/et_pb_column][\/et_pb_row][et_pb_row column_structure=\u00bb2_5,3_5&#8243; admin_label=\u00bbRow\u00bb _builder_version=\u00bb4.14.8&#8243; _module_preset=\u00bbdefault\u00bb custom_margin=\u00bb0px||||false|false\u00bb custom_padding=\u00bb0px||||false|false\u00bb global_colors_info=\u00bb{}\u00bb theme_builder_area=\u00bbpost_content\u00bb][et_pb_column type=\u00bb2_5&#8243; _builder_version=\u00bb4.14.8&#8243; _module_preset=\u00bbdefault\u00bb custom_padding=\u00bb|||20px|false|false\u00bb border_width_left=\u00bb1px\u00bb border_color_left=\u00bb#406fda\u00bb global_colors_info=\u00bb{}\u00bb theme_builder_area=\u00bbpost_content\u00bb][et_pb_text _builder_version=\u00bb4.14.8&#8243; _module_preset=\u00bbdefault\u00bb text_font_size=\u00bb16px\u00bb text_line_height=\u00bb1.1em\u00bb link_font=\u00bb|700|||on|||#1a1140|\u00bb link_text_color=\u00bb#1a1140&#8243; link_line_height=\u00bb1.4em\u00bb header_4_font=\u00bb|700|||||||\u00bb header_4_text_color=\u00bb#1a1140&#8243; custom_margin=\u00bb||||false|false\u00bb locked=\u00bboff\u00bb global_colors_info=\u00bb{}\u00bb theme_builder_area=\u00bbpost_content\u00bb]<\/p>\n<h4>Oficina de Comunicaci\u00f3n del IEEC<\/h4>\n<p>Castelldefels, Barcelona<br \/>Correo electr\u00f3nico: <a href=\"mailto:comunicacio@ieec.cat\">comunicacio@ieec.cat<\/a><\/p>\n<p>[\/et_pb_text][\/et_pb_column][et_pb_column type=\u00bb3_5&#8243; _builder_version=\u00bb4.14.8&#8243; _module_preset=\u00bbdefault\u00bb custom_padding=\u00bb|||20px|false|false\u00bb border_width_left=\u00bb1px\u00bb border_color_left=\u00bb#406fda\u00bb global_colors_info=\u00bb{}\u00bb theme_builder_area=\u00bbpost_content\u00bb][et_pb_text _builder_version=\u00bb4.14.8&#8243; _module_preset=\u00bbdefault\u00bb text_font_size=\u00bb16px\u00bb text_line_height=\u00bb1em\u00bb link_font=\u00bb|700|||on||||\u00bb link_text_color=\u00bb#1a1140&#8243; header_4_font=\u00bb|700|||||||\u00bb header_4_text_color=\u00bb#1a1140&#8243; hover_enabled=\u00bb0&#8243; global_colors_info=\u00bb{}\u00bb theme_builder_area=\u00bbpost_content\u00bb sticky_enabled=\u00bb0&#8243;]<\/p>\n<h4>Autor Principal en el IEEC<\/h4>\n<p>Castelldefels, Barcelona<\/p>\n<h4>Josep M. Trigo-Rodr\u00edguez<\/h4>\n<p>Institut d\u2019Estudis Espacials de Catalunya (IEEC)<br \/>Instituto de Ciencias del Espacio (ICE-CSIC)<br \/>Correo electr\u00f3nico: <a href=\"mailto:trigo@ieec.cat,\">trigo@ieec.cat,<\/a> <a href=\"mailto:trigo@ice.csic.es\">trigo@ice.csic.es<\/a><\/p>\n<p>[\/et_pb_text][\/et_pb_column][\/et_pb_row][et_pb_row _builder_version=\u00bb4.14.8&#8243; _module_preset=\u00bbdefault\u00bb background_color=\u00bbrgba(64,111,218,0.15)\u00bb global_module=\u00bb17324&#8243; global_colors_info=\u00bb{}\u00bb][et_pb_column type=\u00bb4_4&#8243; _builder_version=\u00bb4.14.8&#8243; _module_preset=\u00bbdefault\u00bb custom_padding=\u00bb20px|50px|20px|50px|true|true\u00bb global_colors_info=\u00bb{}\u00bb][et_pb_text admin_label=\u00bbSobre l&#8217;IEEC\u00bb _builder_version=\u00bb4.14.8&#8243; _module_preset=\u00bbdefault\u00bb header_2_font=\u00bb|700|||||||\u00bb header_2_font_size=\u00bb25px\u00bb custom_margin=\u00bb||10px||false|false\u00bb header_2_font_size_tablet=\u00bb23px\u00bb header_2_font_size_phone=\u00bb23px\u00bb header_2_font_size_last_edited=\u00bbon|phone\u00bb locked=\u00bboff\u00bb global_colors_info=\u00bb{}\u00bb]<\/p>\n<h2>Sobre el IEEC<\/h2>\n<p>[\/et_pb_text][et_pb_text _builder_version=\u00bb4.14.8&#8243; _module_preset=\u00bbdefault\u00bb text_font=\u00bb||on||||||\u00bb link_font=\u00bb|700|||on||||\u00bb locked=\u00bboff\u00bb global_colors_info=\u00bb{}\u00bb]<\/p>\n<p>El Institut d\u2019Estudis Espacials de Catalunya (IEEC) promueve y coordina la investigaci\u00f3n y el desarrollo tecnol\u00f3gico espacial en Catalu\u00f1a en beneficio de la sociedad. El IEEC fomenta las colaboraciones tanto a nivel local como mundial, y es un eficiente agente de transferencia de conocimiento, innovaci\u00f3n y tecnolog\u00eda. Como resultado de m\u00e1s de 25 a\u00f1os de investigaci\u00f3n de alta calidad, llevada a cabo en colaboraci\u00f3n con las principales organizaciones internacionales, el IEEC se encuentra entre los mejores centros de investigaci\u00f3n internacionales, centrados en \u00e1reas como: astrof\u00edsica, cosmolog\u00eda, ciencias planetarias y observaci\u00f3n de la Tierra. La divisi\u00f3n de ingenier\u00eda del IEEC desarrolla instrumentaci\u00f3n para proyectos terrestres y espaciales, y tiene una amplia experiencia trabajando con organizaciones privadas y p\u00fablicas del sector aeroespacial y otros sectores de innovaci\u00f3n.<\/p>\n<p>El IEEC es una fundaci\u00f3n del sector p\u00fablico sin \u00e1nimo de lucro, fundada en febrero de 1996. Est\u00e1 regida por un Patronato compuesto por la Generalitat de Catalunya,  la Universitat de Barcelona (UB), la Universitat Aut\u00f2noma de Barcelona (UAB), la Universitat Polit\u00e8cnica de Catalunya \u00b7 BarcelonaTech (UPC), y el Consejo Superior de Investigaciones Cient\u00edficas (CSIC). El IEEC es tambi\u00e9n un centro CERCA (Centres de Recerca de Catalunya).<\/p>\n<p>[\/et_pb_text][\/et_pb_column][\/et_pb_row][\/et_pb_section]<\/p>\n","protected":false},"excerpt":{"rendered":"<p>Investigadores del IEEC en el Instituto de Ciencias del Espacio (ICE-CSIC) y en el Observatori del Montsec han llevado a cabo esta observaci\u00f3n con el Telescopio Joan Or\u00f3.<\/p>\n","protected":false},"author":5,"featured_media":31366,"comment_status":"closed","ping_status":"closed","sticky":false,"template":"","format":"standard","meta":{"_et_pb_use_builder":"on","_et_pb_old_content":"","_et_gb_content_width":"","footnotes":""},"categories":[99,113,75],"tags":[],"class_list":["post-31382","post","type-post","status-publish","format-standard","has-post-thumbnail","hentry","category-ciencia-noticias","category-noticia-destacada-pequena","category-noticias"],"yoast_head":"<!-- This site is optimized with the Yoast SEO plugin v27.4 - https:\/\/yoast.com\/product\/yoast-seo-wordpress\/ -->\n<title>Captan el cometa Tsuchinshan-ATLAS desde el Observatori del Montsec - IEEC<\/title>\n<meta name=\"description\" content=\"Investigadores del IEEC en el Instituto de Ciencias del Espacio (ICE-CSIC) y en el Observatori del Montsec han llevado a cabo esta observaci\u00f3n con el Telescopio Joan Or\u00f3.\" \/>\n<meta name=\"robots\" content=\"index, follow, max-snippet:-1, max-image-preview:large, max-video-preview:-1\" \/>\n<link rel=\"canonical\" href=\"https:\/\/www.ieec.cat\/es\/captan-el-cometa-tsuchinshan-atlas-desde-el-observatori-del-montsec\/\" \/>\n<meta property=\"og:locale\" content=\"es_ES\" \/>\n<meta property=\"og:type\" content=\"article\" \/>\n<meta property=\"og:title\" content=\"Captan el cometa Tsuchinshan-ATLAS desde el Observatori del Montsec - IEEC\" \/>\n<meta property=\"og:description\" content=\"Investigadores del IEEC en el Instituto de Ciencias del Espacio (ICE-CSIC) y en el Observatori del Montsec han llevado a cabo esta observaci\u00f3n con el Telescopio Joan Or\u00f3.\" \/>\n<meta property=\"og:url\" content=\"https:\/\/www.ieec.cat\/es\/captan-el-cometa-tsuchinshan-atlas-desde-el-observatori-del-montsec\/\" \/>\n<meta property=\"og:site_name\" content=\"IEEC\" \/>\n<meta property=\"article:published_time\" content=\"2024-10-18T14:48:58+00:00\" \/>\n<meta property=\"article:modified_time\" content=\"2024-10-18T14:49:00+00:00\" \/>\n<meta property=\"og:image\" content=\"https:\/\/www.ieec.cat\/wp-content\/uploads\/2024\/10\/CK23A030_VRI_04_43.jpeg\" \/>\n\t<meta property=\"og:image:width\" content=\"2016\" \/>\n\t<meta property=\"og:image:height\" content=\"1508\" \/>\n\t<meta property=\"og:image:type\" content=\"image\/jpeg\" \/>\n<meta name=\"author\" content=\"Francisco Panyos\" \/>\n<meta name=\"twitter:card\" content=\"summary_large_image\" \/>\n<meta name=\"twitter:label1\" content=\"Escrito por\" \/>\n\t<meta name=\"twitter:data1\" content=\"Francisco Panyos\" \/>\n\t<meta name=\"twitter:label2\" content=\"Tiempo de lectura\" \/>\n\t<meta name=\"twitter:data2\" content=\"8 minutos\" \/>\n<script type=\"application\/ld+json\" class=\"yoast-schema-graph\">{\"@context\":\"https:\\\/\\\/schema.org\",\"@graph\":[{\"@type\":\"Article\",\"@id\":\"https:\\\/\\\/www.ieec.cat\\\/es\\\/captan-el-cometa-tsuchinshan-atlas-desde-el-observatori-del-montsec\\\/#article\",\"isPartOf\":{\"@id\":\"https:\\\/\\\/www.ieec.cat\\\/es\\\/captan-el-cometa-tsuchinshan-atlas-desde-el-observatori-del-montsec\\\/\"},\"author\":{\"name\":\"Francisco Panyos\",\"@id\":\"https:\\\/\\\/www.ieec.cat\\\/es\\\/#\\\/schema\\\/person\\\/66f3943e2fdb094349ad344043ede870\"},\"headline\":\"Captan el cometa Tsuchinshan-ATLAS desde el Observatori del Montsec\",\"datePublished\":\"2024-10-18T14:48:58+00:00\",\"dateModified\":\"2024-10-18T14:49:00+00:00\",\"mainEntityOfPage\":{\"@id\":\"https:\\\/\\\/www.ieec.cat\\\/es\\\/captan-el-cometa-tsuchinshan-atlas-desde-el-observatori-del-montsec\\\/\"},\"wordCount\":2570,\"image\":{\"@id\":\"https:\\\/\\\/www.ieec.cat\\\/es\\\/captan-el-cometa-tsuchinshan-atlas-desde-el-observatori-del-montsec\\\/#primaryimage\"},\"thumbnailUrl\":\"https:\\\/\\\/www.ieec.cat\\\/wp-content\\\/uploads\\\/2024\\\/10\\\/CK23A030_VRI_04_43.jpeg\",\"articleSection\":[\"Ciencia\",\"Noticia destacada peque\u00f1a\",\"Noticias\"],\"inLanguage\":\"es\"},{\"@type\":\"WebPage\",\"@id\":\"https:\\\/\\\/www.ieec.cat\\\/es\\\/captan-el-cometa-tsuchinshan-atlas-desde-el-observatori-del-montsec\\\/\",\"url\":\"https:\\\/\\\/www.ieec.cat\\\/es\\\/captan-el-cometa-tsuchinshan-atlas-desde-el-observatori-del-montsec\\\/\",\"name\":\"Captan el cometa Tsuchinshan-ATLAS desde el Observatori del Montsec - IEEC\",\"isPartOf\":{\"@id\":\"https:\\\/\\\/www.ieec.cat\\\/es\\\/#website\"},\"primaryImageOfPage\":{\"@id\":\"https:\\\/\\\/www.ieec.cat\\\/es\\\/captan-el-cometa-tsuchinshan-atlas-desde-el-observatori-del-montsec\\\/#primaryimage\"},\"image\":{\"@id\":\"https:\\\/\\\/www.ieec.cat\\\/es\\\/captan-el-cometa-tsuchinshan-atlas-desde-el-observatori-del-montsec\\\/#primaryimage\"},\"thumbnailUrl\":\"https:\\\/\\\/www.ieec.cat\\\/wp-content\\\/uploads\\\/2024\\\/10\\\/CK23A030_VRI_04_43.jpeg\",\"datePublished\":\"2024-10-18T14:48:58+00:00\",\"dateModified\":\"2024-10-18T14:49:00+00:00\",\"author\":{\"@id\":\"https:\\\/\\\/www.ieec.cat\\\/es\\\/#\\\/schema\\\/person\\\/66f3943e2fdb094349ad344043ede870\"},\"description\":\"Investigadores del IEEC en el Instituto de Ciencias del Espacio (ICE-CSIC) y en el Observatori del Montsec han llevado a cabo esta observaci\u00f3n con el Telescopio Joan Or\u00f3.\",\"breadcrumb\":{\"@id\":\"https:\\\/\\\/www.ieec.cat\\\/es\\\/captan-el-cometa-tsuchinshan-atlas-desde-el-observatori-del-montsec\\\/#breadcrumb\"},\"inLanguage\":\"es\",\"potentialAction\":[{\"@type\":\"ReadAction\",\"target\":[\"https:\\\/\\\/www.ieec.cat\\\/es\\\/captan-el-cometa-tsuchinshan-atlas-desde-el-observatori-del-montsec\\\/\"]}]},{\"@type\":\"ImageObject\",\"inLanguage\":\"es\",\"@id\":\"https:\\\/\\\/www.ieec.cat\\\/es\\\/captan-el-cometa-tsuchinshan-atlas-desde-el-observatori-del-montsec\\\/#primaryimage\",\"url\":\"https:\\\/\\\/www.ieec.cat\\\/wp-content\\\/uploads\\\/2024\\\/10\\\/CK23A030_VRI_04_43.jpeg\",\"contentUrl\":\"https:\\\/\\\/www.ieec.cat\\\/wp-content\\\/uploads\\\/2024\\\/10\\\/CK23A030_VRI_04_43.jpeg\",\"width\":2016,\"height\":1508},{\"@type\":\"BreadcrumbList\",\"@id\":\"https:\\\/\\\/www.ieec.cat\\\/es\\\/captan-el-cometa-tsuchinshan-atlas-desde-el-observatori-del-montsec\\\/#breadcrumb\",\"itemListElement\":[{\"@type\":\"ListItem\",\"position\":1,\"name\":\"Portada\",\"item\":\"https:\\\/\\\/www.ieec.cat\\\/es\\\/\"},{\"@type\":\"ListItem\",\"position\":2,\"name\":\"Captan el cometa Tsuchinshan-ATLAS desde el Observatori del Montsec\"}]},{\"@type\":\"WebSite\",\"@id\":\"https:\\\/\\\/www.ieec.cat\\\/es\\\/#website\",\"url\":\"https:\\\/\\\/www.ieec.cat\\\/es\\\/\",\"name\":\"IEEC\",\"description\":\"Institut d&#039;Estudis Espacials de Catalunya\",\"potentialAction\":[{\"@type\":\"SearchAction\",\"target\":{\"@type\":\"EntryPoint\",\"urlTemplate\":\"https:\\\/\\\/www.ieec.cat\\\/es\\\/?s={search_term_string}\"},\"query-input\":{\"@type\":\"PropertyValueSpecification\",\"valueRequired\":true,\"valueName\":\"search_term_string\"}}],\"inLanguage\":\"es\"},{\"@type\":\"Person\",\"@id\":\"https:\\\/\\\/www.ieec.cat\\\/es\\\/#\\\/schema\\\/person\\\/66f3943e2fdb094349ad344043ede870\",\"name\":\"Francisco Panyos\",\"image\":{\"@type\":\"ImageObject\",\"inLanguage\":\"es\",\"@id\":\"https:\\\/\\\/secure.gravatar.com\\\/avatar\\\/526157a3fe3c965ab680e104b6fe47df151d5d607c86c2744324613bf4c68622?s=96&d=mm&r=g\",\"url\":\"https:\\\/\\\/secure.gravatar.com\\\/avatar\\\/526157a3fe3c965ab680e104b6fe47df151d5d607c86c2744324613bf4c68622?s=96&d=mm&r=g\",\"contentUrl\":\"https:\\\/\\\/secure.gravatar.com\\\/avatar\\\/526157a3fe3c965ab680e104b6fe47df151d5d607c86c2744324613bf4c68622?s=96&d=mm&r=g\",\"caption\":\"Francisco Panyos\"}}]}<\/script>\n<!-- \/ Yoast SEO plugin. -->","yoast_head_json":{"title":"Captan el cometa Tsuchinshan-ATLAS desde el Observatori del Montsec - IEEC","description":"Investigadores del IEEC en el Instituto de Ciencias del Espacio (ICE-CSIC) y en el Observatori del Montsec han llevado a cabo esta observaci\u00f3n con el Telescopio Joan Or\u00f3.","robots":{"index":"index","follow":"follow","max-snippet":"max-snippet:-1","max-image-preview":"max-image-preview:large","max-video-preview":"max-video-preview:-1"},"canonical":"https:\/\/www.ieec.cat\/es\/captan-el-cometa-tsuchinshan-atlas-desde-el-observatori-del-montsec\/","og_locale":"es_ES","og_type":"article","og_title":"Captan el cometa Tsuchinshan-ATLAS desde el Observatori del Montsec - IEEC","og_description":"Investigadores del IEEC en el Instituto de Ciencias del Espacio (ICE-CSIC) y en el Observatori del Montsec han llevado a cabo esta observaci\u00f3n con el Telescopio Joan Or\u00f3.","og_url":"https:\/\/www.ieec.cat\/es\/captan-el-cometa-tsuchinshan-atlas-desde-el-observatori-del-montsec\/","og_site_name":"IEEC","article_published_time":"2024-10-18T14:48:58+00:00","article_modified_time":"2024-10-18T14:49:00+00:00","og_image":[{"width":2016,"height":1508,"url":"https:\/\/www.ieec.cat\/wp-content\/uploads\/2024\/10\/CK23A030_VRI_04_43.jpeg","type":"image\/jpeg"}],"author":"Francisco Panyos","twitter_card":"summary_large_image","twitter_misc":{"Escrito por":"Francisco Panyos","Tiempo de lectura":"8 minutos"},"schema":{"@context":"https:\/\/schema.org","@graph":[{"@type":"Article","@id":"https:\/\/www.ieec.cat\/es\/captan-el-cometa-tsuchinshan-atlas-desde-el-observatori-del-montsec\/#article","isPartOf":{"@id":"https:\/\/www.ieec.cat\/es\/captan-el-cometa-tsuchinshan-atlas-desde-el-observatori-del-montsec\/"},"author":{"name":"Francisco Panyos","@id":"https:\/\/www.ieec.cat\/es\/#\/schema\/person\/66f3943e2fdb094349ad344043ede870"},"headline":"Captan el cometa Tsuchinshan-ATLAS desde el Observatori del Montsec","datePublished":"2024-10-18T14:48:58+00:00","dateModified":"2024-10-18T14:49:00+00:00","mainEntityOfPage":{"@id":"https:\/\/www.ieec.cat\/es\/captan-el-cometa-tsuchinshan-atlas-desde-el-observatori-del-montsec\/"},"wordCount":2570,"image":{"@id":"https:\/\/www.ieec.cat\/es\/captan-el-cometa-tsuchinshan-atlas-desde-el-observatori-del-montsec\/#primaryimage"},"thumbnailUrl":"https:\/\/www.ieec.cat\/wp-content\/uploads\/2024\/10\/CK23A030_VRI_04_43.jpeg","articleSection":["Ciencia","Noticia destacada peque\u00f1a","Noticias"],"inLanguage":"es"},{"@type":"WebPage","@id":"https:\/\/www.ieec.cat\/es\/captan-el-cometa-tsuchinshan-atlas-desde-el-observatori-del-montsec\/","url":"https:\/\/www.ieec.cat\/es\/captan-el-cometa-tsuchinshan-atlas-desde-el-observatori-del-montsec\/","name":"Captan el cometa Tsuchinshan-ATLAS desde el Observatori del Montsec - IEEC","isPartOf":{"@id":"https:\/\/www.ieec.cat\/es\/#website"},"primaryImageOfPage":{"@id":"https:\/\/www.ieec.cat\/es\/captan-el-cometa-tsuchinshan-atlas-desde-el-observatori-del-montsec\/#primaryimage"},"image":{"@id":"https:\/\/www.ieec.cat\/es\/captan-el-cometa-tsuchinshan-atlas-desde-el-observatori-del-montsec\/#primaryimage"},"thumbnailUrl":"https:\/\/www.ieec.cat\/wp-content\/uploads\/2024\/10\/CK23A030_VRI_04_43.jpeg","datePublished":"2024-10-18T14:48:58+00:00","dateModified":"2024-10-18T14:49:00+00:00","author":{"@id":"https:\/\/www.ieec.cat\/es\/#\/schema\/person\/66f3943e2fdb094349ad344043ede870"},"description":"Investigadores del IEEC en el Instituto de Ciencias del Espacio (ICE-CSIC) y en el Observatori del Montsec han llevado a cabo esta observaci\u00f3n con el Telescopio Joan Or\u00f3.","breadcrumb":{"@id":"https:\/\/www.ieec.cat\/es\/captan-el-cometa-tsuchinshan-atlas-desde-el-observatori-del-montsec\/#breadcrumb"},"inLanguage":"es","potentialAction":[{"@type":"ReadAction","target":["https:\/\/www.ieec.cat\/es\/captan-el-cometa-tsuchinshan-atlas-desde-el-observatori-del-montsec\/"]}]},{"@type":"ImageObject","inLanguage":"es","@id":"https:\/\/www.ieec.cat\/es\/captan-el-cometa-tsuchinshan-atlas-desde-el-observatori-del-montsec\/#primaryimage","url":"https:\/\/www.ieec.cat\/wp-content\/uploads\/2024\/10\/CK23A030_VRI_04_43.jpeg","contentUrl":"https:\/\/www.ieec.cat\/wp-content\/uploads\/2024\/10\/CK23A030_VRI_04_43.jpeg","width":2016,"height":1508},{"@type":"BreadcrumbList","@id":"https:\/\/www.ieec.cat\/es\/captan-el-cometa-tsuchinshan-atlas-desde-el-observatori-del-montsec\/#breadcrumb","itemListElement":[{"@type":"ListItem","position":1,"name":"Portada","item":"https:\/\/www.ieec.cat\/es\/"},{"@type":"ListItem","position":2,"name":"Captan el cometa Tsuchinshan-ATLAS desde el Observatori del Montsec"}]},{"@type":"WebSite","@id":"https:\/\/www.ieec.cat\/es\/#website","url":"https:\/\/www.ieec.cat\/es\/","name":"IEEC","description":"Institut d&#039;Estudis Espacials de Catalunya","potentialAction":[{"@type":"SearchAction","target":{"@type":"EntryPoint","urlTemplate":"https:\/\/www.ieec.cat\/es\/?s={search_term_string}"},"query-input":{"@type":"PropertyValueSpecification","valueRequired":true,"valueName":"search_term_string"}}],"inLanguage":"es"},{"@type":"Person","@id":"https:\/\/www.ieec.cat\/es\/#\/schema\/person\/66f3943e2fdb094349ad344043ede870","name":"Francisco Panyos","image":{"@type":"ImageObject","inLanguage":"es","@id":"https:\/\/secure.gravatar.com\/avatar\/526157a3fe3c965ab680e104b6fe47df151d5d607c86c2744324613bf4c68622?s=96&d=mm&r=g","url":"https:\/\/secure.gravatar.com\/avatar\/526157a3fe3c965ab680e104b6fe47df151d5d607c86c2744324613bf4c68622?s=96&d=mm&r=g","contentUrl":"https:\/\/secure.gravatar.com\/avatar\/526157a3fe3c965ab680e104b6fe47df151d5d607c86c2744324613bf4c68622?s=96&d=mm&r=g","caption":"Francisco Panyos"}}]}},"_links":{"self":[{"href":"https:\/\/www.ieec.cat\/es\/wp-json\/wp\/v2\/posts\/31382","targetHints":{"allow":["GET"]}}],"collection":[{"href":"https:\/\/www.ieec.cat\/es\/wp-json\/wp\/v2\/posts"}],"about":[{"href":"https:\/\/www.ieec.cat\/es\/wp-json\/wp\/v2\/types\/post"}],"author":[{"embeddable":true,"href":"https:\/\/www.ieec.cat\/es\/wp-json\/wp\/v2\/users\/5"}],"replies":[{"embeddable":true,"href":"https:\/\/www.ieec.cat\/es\/wp-json\/wp\/v2\/comments?post=31382"}],"version-history":[{"count":6,"href":"https:\/\/www.ieec.cat\/es\/wp-json\/wp\/v2\/posts\/31382\/revisions"}],"predecessor-version":[{"id":31401,"href":"https:\/\/www.ieec.cat\/es\/wp-json\/wp\/v2\/posts\/31382\/revisions\/31401"}],"wp:featuredmedia":[{"embeddable":true,"href":"https:\/\/www.ieec.cat\/es\/wp-json\/wp\/v2\/media\/31366"}],"wp:attachment":[{"href":"https:\/\/www.ieec.cat\/es\/wp-json\/wp\/v2\/media?parent=31382"}],"wp:term":[{"taxonomy":"category","embeddable":true,"href":"https:\/\/www.ieec.cat\/es\/wp-json\/wp\/v2\/categories?post=31382"},{"taxonomy":"post_tag","embeddable":true,"href":"https:\/\/www.ieec.cat\/es\/wp-json\/wp\/v2\/tags?post=31382"}],"curies":[{"name":"wp","href":"https:\/\/api.w.org\/{rel}","templated":true}]}}