{"id":31473,"date":"2024-10-25T10:23:05","date_gmt":"2024-10-25T08:23:05","guid":{"rendered":"https:\/\/www.ieec.cat\/?p=31473"},"modified":"2024-11-04T15:29:02","modified_gmt":"2024-11-04T14:29:02","slug":"inscripciones-abiertas-para-el-programa-edusat-challenge-que-llevara-la-observacion-de-la-tierra-a-las-aulas","status":"publish","type":"post","link":"https:\/\/www.ieec.cat\/es\/inscripciones-abiertas-para-el-programa-edusat-challenge-que-llevara-la-observacion-de-la-tierra-a-las-aulas\/","title":{"rendered":"Inscripciones abiertas para el programa Edusat Challenge, que llevar\u00e1 la observaci\u00f3n de la Tierra a las aulas"},"content":{"rendered":"<p>[et_pb_section fb_built=\u00bb1&#8243; _builder_version=\u00bb4.14.8&#8243; _module_preset=\u00bbdefault\u00bb background_image=\u00bbhttps:\/\/www.ieec.cat\/wp-content\/uploads\/2022\/02\/slider-comunicacio.jpg\u00bb max_height=\u00bb130px\u00bb custom_padding=\u00bb0px||0px||false|false\u00bb da_disable_devices=\u00bboff|off|off\u00bb global_colors_info=\u00bb{}\u00bb da_is_popup=\u00bboff\u00bb da_exit_intent=\u00bboff\u00bb da_has_close=\u00bbon\u00bb da_alt_close=\u00bboff\u00bb da_dark_close=\u00bboff\u00bb da_not_modal=\u00bbon\u00bb da_is_singular=\u00bboff\u00bb da_with_loader=\u00bboff\u00bb da_has_shadow=\u00bbon\u00bb][\/et_pb_section][et_pb_section fb_built=\u00bb1&#8243; _builder_version=\u00bb4.14.8&#8243; _module_preset=\u00bbdefault\u00bb custom_padding=\u00bb24px||11px|||\u00bb da_disable_devices=\u00bboff|off|off\u00bb global_colors_info=\u00bb{}\u00bb da_is_popup=\u00bboff\u00bb da_exit_intent=\u00bboff\u00bb da_has_close=\u00bbon\u00bb da_alt_close=\u00bboff\u00bb da_dark_close=\u00bboff\u00bb da_not_modal=\u00bbon\u00bb da_is_singular=\u00bboff\u00bb da_with_loader=\u00bboff\u00bb da_has_shadow=\u00bbon\u00bb][et_pb_row _builder_version=\u00bb4.14.8&#8243; _module_preset=\u00bbdefault\u00bb custom_padding=\u00bb||||false|false\u00bb global_colors_info=\u00bb{}\u00bb][et_pb_column type=\u00bb4_4&#8243; _builder_version=\u00bb4.14.8&#8243; _module_preset=\u00bbdefault\u00bb global_colors_info=\u00bb{}\u00bb][et_pb_text _builder_version=\u00bb4.14.8&#8243; _dynamic_attributes=\u00bbcontent\u00bb _module_preset=\u00bbdefault\u00bb text_font=\u00bb|700||on|||||\u00bb text_font_size=\u00bb16px\u00bb header_font=\u00bb|700|||||||\u00bb text_orientation=\u00bbcenter\u00bb custom_margin=\u00bb||10px||false|false\u00bb header_font_size_tablet=\u00bb28px\u00bb header_font_size_phone=\u00bb26px\u00bb header_font_size_last_edited=\u00bbon|phone\u00bb global_colors_info=\u00bb{}\u00bb]@ET-DC@eyJkeW5hbWljIjp0cnVlLCJjb250ZW50IjoiY3VzdG9tX21ldGFfb3JnYW5pemFjaW9uZXMiLCJzZXR0aW5ncyI6eyJiZWZvcmUiOiIiLCJhZnRlciI6IiIsImVuYWJsZV9odG1sIjoib2ZmIn19@[\/et_pb_text][et_pb_post_title author=\u00bboff\u00bb categories=\u00bboff\u00bb comments=\u00bboff\u00bb featured_image=\u00bboff\u00bb _builder_version=\u00bb4.14.8&#8243; _module_preset=\u00bbdefault\u00bb title_font=\u00bbCairo|300|||||||\u00bb title_text_align=\u00bbcenter\u00bb title_font_size=\u00bb40px\u00bb meta_font=\u00bb||on||||||\u00bb meta_text_align=\u00bbcenter\u00bb meta_font_size=\u00bb16px\u00bb title_font_size_tablet=\u00bb35px\u00bb title_font_size_phone=\u00bb30px\u00bb title_font_size_last_edited=\u00bbon|desktop\u00bb global_colors_info=\u00bb{}\u00bb][\/et_pb_post_title][\/et_pb_column][\/et_pb_row][et_pb_row column_structure=\u00bb1_2,1_2&#8243; _builder_version=\u00bb4.14.8&#8243; _module_preset=\u00bbdefault\u00bb global_colors_info=\u00bb{}\u00bb][et_pb_column type=\u00bb1_2&#8243; _builder_version=\u00bb4.14.8&#8243; _module_preset=\u00bbdefault\u00bb global_colors_info=\u00bb{}\u00bb][et_pb_post_title title=\u00bboff\u00bb meta=\u00bboff\u00bb _builder_version=\u00bb4.14.8&#8243; _module_preset=\u00bbdefault\u00bb custom_margin=\u00bb||0px||false|false\u00bb border_color_top=\u00bb#406fda\u00bb global_colors_info=\u00bb{}\u00bb][\/et_pb_post_title][\/et_pb_column][et_pb_column type=\u00bb1_2&#8243; _builder_version=\u00bb4.14.8&#8243; _module_preset=\u00bbdefault\u00bb global_colors_info=\u00bb{}\u00bb][et_pb_text _builder_version=\u00bb4.14.8&#8243; _module_preset=\u00bbdefault\u00bb link_font=\u00bb|700|||on||||\u00bb global_colors_info=\u00bb{}\u00bb]<\/p>\n<p><b>Edusat Challenge<\/b><span style=\"font-weight: 400;\"> es un programa educativo que pretende introducir la observaci\u00f3n de la Tierra en las escuelas y los institutos. La disponibilidad diaria de im\u00e1genes de sat\u00e9lite de todo el mundo facilita la identificaci\u00f3n y el seguimiento de diferentes fen\u00f3menos de inter\u00e9s que implican cambios notables en la superficie terrestre, tales como incendios forestales, inundaciones, deshielo de los glaciares, deforestaci\u00f3n o procesos de crecimiento urban\u00edstico. <\/span><a href=\"https:\/\/www.edu-sat.com\" target=\"_blank\" rel=\"noopener\"><b>Edusat<\/b><\/a><b> plantea acercar a los j\u00f3venes al estudio de este tipo de fen\u00f3menos<\/b><span style=\"font-weight: 400;\"> utilizando las im\u00e1genes de sat\u00e9lite disponibles libremente a trav\u00e9s del programa <\/span><a href=\"http:\/\/www.copernicus.eu\/es\/pagina-de-inicio\" target=\"_blank\" rel=\"noopener\"><span style=\"font-weight: 400;\">Copernicus<\/span><\/a><span style=\"font-weight: 400;\"> de la Agencia Espacial Europea (ESA).<\/span><\/p>\n<p><span style=\"font-weight: 400;\">El programa ofrece <\/span><b>formaci\u00f3n y acompa\u00f1amiento al profesorado para hacer llegar la observaci\u00f3n de la Tierra a las aulas<\/b><span style=\"font-weight: 400;\">. Edusat Challenge va dirigido al profesorado de materias STEAM y Ciencias Sociales y Naturales y pueden participar en \u00e9l centros de Catalunya tanto de Educaci\u00f3n Primaria (ciclo superior), como de Secundaria y Bachillerato.<\/span><\/p>\n<p>[\/et_pb_text][\/et_pb_column][\/et_pb_row][et_pb_row _builder_version=\u00bb4.14.8&#8243; _module_preset=\u00bbdefault\u00bb global_colors_info=\u00bb{}\u00bb][et_pb_column type=\u00bb4_4&#8243; _builder_version=\u00bb4.14.8&#8243; _module_preset=\u00bbdefault\u00bb global_colors_info=\u00bb{}\u00bb][et_pb_text _builder_version=\u00bb4.14.8&#8243; _module_preset=\u00bbdefault\u00bb link_font=\u00bb|700|||on||||\u00bb hover_enabled=\u00bb0&#8243; locked=\u00bboff\u00bb global_colors_info=\u00bb{}\u00bb sticky_enabled=\u00bb0&#8243;]<\/p>\n<p><span style=\"font-weight: 400;\">Este curso 2024-2025 se llevar\u00e1 a cabo un programa piloto que incluye una <\/span><b>formaci\u00f3n semipresencial para el profesorado de 40 horas de duraci\u00f3n<\/b><span style=\"font-weight: 400;\">, con un espacio en l\u00ednea de recursos (v\u00eddeos de las sesiones, material, una gu\u00eda did\u00e1ctica de trabajo en el aula, foro de apoyo&#8230;). Para garantizar el \u00e9xito de la propuesta educativa, se har\u00e1 un acompa\u00f1amiento y mentor\u00eda al profesorado durante el proceso, con acreditaci\u00f3n de formaci\u00f3n reconocida por el Departamento de Educaci\u00f3n y Formaci\u00f3n Profesional.<\/span><\/p>\n<p><span style=\"font-weight: 400;\">Edusat Challenge es una iniciativa del <\/span><a href=\"http:\/\/www.udg.edu\/es\/sigte\" target=\"_blank\" rel=\"noopener\"><span style=\"font-weight: 400;\">Servicio de Sistemas de Informaci\u00f3n Geogr\u00e1fica y Teledetecci\u00f3n<\/span><\/a><span style=\"font-weight: 400;\"> (SIGTE) de la Universitat de Girona, en el marco del Programa Educativo NewSpace de la <\/span><a href=\"https:\/\/politiquesdigitals.gencat.cat\/ca\/economia\/estrategia-new-space-catalunya\/\" target=\"_blank\" rel=\"noopener\"><span style=\"font-weight: 400;\">Estrategia NewSpace de Catalunya<\/span><\/a><span style=\"font-weight: 400;\">, impulsado por la <\/span><a href=\"https:\/\/politiquesdigitals.gencat.cat\/ca\/inici\" target=\"_blank\" rel=\"noopener\"><span style=\"font-weight: 400;\">Secretar\u00eda de Pol\u00edticas Digitales<\/span><\/a><span style=\"font-weight: 400;\"> y el programa <\/span><a href=\"https:\/\/projectes.xtec.cat\/steamcat\/\" target=\"_blank\" rel=\"noopener\"><span style=\"font-weight: 400;\">STEAMcat<\/span><\/a><span style=\"font-weight: 400;\"> del Departamento de Educaci\u00f3n y Formaci\u00f3n Profesional de la Generalitat de Catalunya, en colaboraci\u00f3n con el <\/span><a href=\"https:\/\/www.ieec.cat\/\"><span style=\"font-weight: 400;\">Institut d\u2019Estudis Espacials de Catalunya<\/span><\/a><span style=\"font-weight: 400;\"> (IEEC).<\/span><\/p>\n<p><span style=\"font-weight: 400;\">\u00a1<a href=\"https:\/\/aplicacions.ensenyament.gencat.cat\/pls\/soloas\/inscripcionsnp?codi=9002020545&amp;curs=2024-2025\" target=\"_blank\" rel=\"noopener\">Inscr\u00edbete<\/a> <\/span><span style=\"font-weight: 400;\"><strong>hasta el 6 de noviembre<\/strong>!<br \/><\/span><\/p>\n<p>[\/et_pb_text][\/et_pb_column][\/et_pb_row][et_pb_row _builder_version=\u00bb4.14.8&#8243; _module_preset=\u00bbdefault\u00bb custom_margin=\u00bb||||false|false\u00bb locked=\u00bboff\u00bb global_colors_info=\u00bb{}\u00bb][et_pb_column type=\u00bb4_4&#8243; _builder_version=\u00bb4.14.8&#8243; _module_preset=\u00bbdefault\u00bb global_colors_info=\u00bb{}\u00bb][et_pb_divider color=\u00bb#406fda\u00bb _builder_version=\u00bb4.14.8&#8243; _module_preset=\u00bbdefault\u00bb custom_margin=\u00bb||10px||false|false\u00bb global_colors_info=\u00bb{}\u00bb][\/et_pb_divider][et_pb_text admin_label=\u00bbAttached documents\u00bb _builder_version=\u00bb4.14.8&#8243; _module_preset=\u00bbdefault\u00bb text_font=\u00bbCairo|700|||||||\u00bb text_text_color=\u00bb#406fda\u00bb text_font_size=\u00bb20px\u00bb custom_margin=\u00bb||10px||false|false\u00bb global_colors_info=\u00bb{}\u00bb]<\/p>\n<p>Documentos<\/p>\n<p>[\/et_pb_text][et_pb_button button_url=\u00bbhttps:\/\/www.ieec.cat\/wp-content\/uploads\/2024\/10\/bases-edusat-challenge_24-25.pdf\u00bb url_new_window=\u00bbon\u00bb button_text=\u00bbBases del programa\u00bb _builder_version=\u00bb4.14.8&#8243; _module_preset=\u00bbdefault\u00bb custom_button=\u00bbon\u00bb button_text_color=\u00bb#1a1140&#8243; button_bg_color=\u00bbrgba(26,17,64,0.1)\u00bb button_font=\u00bb|||on|||||\u00bb button_on_hover=\u00bboff\u00bb custom_margin=\u00bb30px||||false|false\u00bb custom_padding=\u00bb12px|45px|12px|35px|true|false\u00bb global_colors_info=\u00bb{}\u00bb button_bg_color__hover_enabled=\u00bbon|hover\u00bb button_bg_color__hover=\u00bb#406fda\u00bb button_bg_enable_color__hover=\u00bbon\u00bb button_text_color__hover_enabled=\u00bbon|hover\u00bb button_text_color__hover=\u00bb#FFFFFF\u00bb][\/et_pb_button][\/et_pb_column][\/et_pb_row][\/et_pb_section]<\/p>\n","protected":false},"excerpt":{"rendered":"<p>Edusat Challenge es un programa educativo que pretende introducir la observaci\u00f3n de la Tierra en las escuelas y los institutos. La disponibilidad diaria de im\u00e1genes de sat\u00e9lite de todo el mundo facilita la identificaci\u00f3n y el seguimiento de diferentes fen\u00f3menos de inter\u00e9s que implican cambios notables en la superficie terrestre, tales como incendios forestales, inundaciones, [&hellip;]<\/p>\n","protected":false},"author":5,"featured_media":31469,"comment_status":"closed","ping_status":"closed","sticky":false,"template":"","format":"standard","meta":{"_et_pb_use_builder":"on","_et_pb_old_content":"","_et_gb_content_width":"","footnotes":""},"categories":[70,134,113,81],"tags":[],"class_list":["post-31473","post","type-post","status-publish","format-standard","has-post-thumbnail","hentry","category-anuncios","category-newspace-es-2","category-noticia-destacada-pequena","category-talento"],"yoast_head":"<!-- This site is optimized with the Yoast SEO plugin v27.4 - https:\/\/yoast.com\/product\/yoast-seo-wordpress\/ -->\n<title>Inscripciones abiertas para el programa Edusat Challenge, que llevar\u00e1 la observaci\u00f3n de la Tierra a las aulas - IEEC<\/title>\n<meta name=\"robots\" content=\"index, follow, max-snippet:-1, max-image-preview:large, max-video-preview:-1\" \/>\n<link rel=\"canonical\" href=\"https:\/\/www.ieec.cat\/es\/inscripciones-abiertas-para-el-programa-edusat-challenge-que-llevara-la-observacion-de-la-tierra-a-las-aulas\/\" \/>\n<meta property=\"og:locale\" content=\"es_ES\" \/>\n<meta property=\"og:type\" content=\"article\" \/>\n<meta property=\"og:title\" content=\"Inscripciones abiertas para el programa Edusat Challenge, que llevar\u00e1 la observaci\u00f3n de la Tierra a las aulas - IEEC\" \/>\n<meta property=\"og:description\" content=\"Edusat Challenge es un programa educativo que pretende introducir la observaci\u00f3n de la Tierra en las escuelas y los institutos. La disponibilidad diaria de im\u00e1genes de sat\u00e9lite de todo el mundo facilita la identificaci\u00f3n y el seguimiento de diferentes fen\u00f3menos de inter\u00e9s que implican cambios notables en la superficie terrestre, tales como incendios forestales, inundaciones, [&hellip;]\" \/>\n<meta property=\"og:url\" content=\"https:\/\/www.ieec.cat\/es\/inscripciones-abiertas-para-el-programa-edusat-challenge-que-llevara-la-observacion-de-la-tierra-a-las-aulas\/\" \/>\n<meta property=\"og:site_name\" content=\"IEEC\" \/>\n<meta property=\"article:published_time\" content=\"2024-10-25T08:23:05+00:00\" \/>\n<meta property=\"article:modified_time\" content=\"2024-11-04T14:29:02+00:00\" \/>\n<meta property=\"og:image\" content=\"https:\/\/www.ieec.cat\/wp-content\/uploads\/2024\/10\/Taman\u0303o-noti\u0301cias-pagina-web-2.jpg\" \/>\n\t<meta property=\"og:image:width\" content=\"919\" \/>\n\t<meta property=\"og:image:height\" content=\"767\" \/>\n\t<meta property=\"og:image:type\" content=\"image\/jpeg\" \/>\n<meta name=\"author\" content=\"Francisco Panyos\" \/>\n<meta name=\"twitter:card\" content=\"summary_large_image\" \/>\n<meta name=\"twitter:label1\" content=\"Escrito por\" \/>\n\t<meta name=\"twitter:data1\" content=\"Francisco Panyos\" \/>\n\t<meta name=\"twitter:label2\" content=\"Tiempo de lectura\" \/>\n\t<meta name=\"twitter:data2\" content=\"3 minutos\" \/>\n<script type=\"application\/ld+json\" class=\"yoast-schema-graph\">{\"@context\":\"https:\\\/\\\/schema.org\",\"@graph\":[{\"@type\":\"Article\",\"@id\":\"https:\\\/\\\/www.ieec.cat\\\/es\\\/inscripciones-abiertas-para-el-programa-edusat-challenge-que-llevara-la-observacion-de-la-tierra-a-las-aulas\\\/#article\",\"isPartOf\":{\"@id\":\"https:\\\/\\\/www.ieec.cat\\\/es\\\/inscripciones-abiertas-para-el-programa-edusat-challenge-que-llevara-la-observacion-de-la-tierra-a-las-aulas\\\/\"},\"author\":{\"name\":\"Francisco Panyos\",\"@id\":\"https:\\\/\\\/www.ieec.cat\\\/es\\\/#\\\/schema\\\/person\\\/66f3943e2fdb094349ad344043ede870\"},\"headline\":\"Inscripciones abiertas para el programa Edusat Challenge, que llevar\u00e1 la observaci\u00f3n de la Tierra a las aulas\",\"datePublished\":\"2024-10-25T08:23:05+00:00\",\"dateModified\":\"2024-11-04T14:29:02+00:00\",\"mainEntityOfPage\":{\"@id\":\"https:\\\/\\\/www.ieec.cat\\\/es\\\/inscripciones-abiertas-para-el-programa-edusat-challenge-que-llevara-la-observacion-de-la-tierra-a-las-aulas\\\/\"},\"wordCount\":989,\"image\":{\"@id\":\"https:\\\/\\\/www.ieec.cat\\\/es\\\/inscripciones-abiertas-para-el-programa-edusat-challenge-que-llevara-la-observacion-de-la-tierra-a-las-aulas\\\/#primaryimage\"},\"thumbnailUrl\":\"https:\\\/\\\/www.ieec.cat\\\/wp-content\\\/uploads\\\/2024\\\/10\\\/Taman\u0303o-noti\u0301cias-pagina-web-2.jpg\",\"articleSection\":[\"Anuncios\",\"NewSpace\",\"Noticia destacada peque\u00f1a\",\"Talento\"],\"inLanguage\":\"es\"},{\"@type\":\"WebPage\",\"@id\":\"https:\\\/\\\/www.ieec.cat\\\/es\\\/inscripciones-abiertas-para-el-programa-edusat-challenge-que-llevara-la-observacion-de-la-tierra-a-las-aulas\\\/\",\"url\":\"https:\\\/\\\/www.ieec.cat\\\/es\\\/inscripciones-abiertas-para-el-programa-edusat-challenge-que-llevara-la-observacion-de-la-tierra-a-las-aulas\\\/\",\"name\":\"Inscripciones abiertas para el programa Edusat Challenge, que llevar\u00e1 la observaci\u00f3n de la Tierra a las aulas - IEEC\",\"isPartOf\":{\"@id\":\"https:\\\/\\\/www.ieec.cat\\\/es\\\/#website\"},\"primaryImageOfPage\":{\"@id\":\"https:\\\/\\\/www.ieec.cat\\\/es\\\/inscripciones-abiertas-para-el-programa-edusat-challenge-que-llevara-la-observacion-de-la-tierra-a-las-aulas\\\/#primaryimage\"},\"image\":{\"@id\":\"https:\\\/\\\/www.ieec.cat\\\/es\\\/inscripciones-abiertas-para-el-programa-edusat-challenge-que-llevara-la-observacion-de-la-tierra-a-las-aulas\\\/#primaryimage\"},\"thumbnailUrl\":\"https:\\\/\\\/www.ieec.cat\\\/wp-content\\\/uploads\\\/2024\\\/10\\\/Taman\u0303o-noti\u0301cias-pagina-web-2.jpg\",\"datePublished\":\"2024-10-25T08:23:05+00:00\",\"dateModified\":\"2024-11-04T14:29:02+00:00\",\"author\":{\"@id\":\"https:\\\/\\\/www.ieec.cat\\\/es\\\/#\\\/schema\\\/person\\\/66f3943e2fdb094349ad344043ede870\"},\"breadcrumb\":{\"@id\":\"https:\\\/\\\/www.ieec.cat\\\/es\\\/inscripciones-abiertas-para-el-programa-edusat-challenge-que-llevara-la-observacion-de-la-tierra-a-las-aulas\\\/#breadcrumb\"},\"inLanguage\":\"es\",\"potentialAction\":[{\"@type\":\"ReadAction\",\"target\":[\"https:\\\/\\\/www.ieec.cat\\\/es\\\/inscripciones-abiertas-para-el-programa-edusat-challenge-que-llevara-la-observacion-de-la-tierra-a-las-aulas\\\/\"]}]},{\"@type\":\"ImageObject\",\"inLanguage\":\"es\",\"@id\":\"https:\\\/\\\/www.ieec.cat\\\/es\\\/inscripciones-abiertas-para-el-programa-edusat-challenge-que-llevara-la-observacion-de-la-tierra-a-las-aulas\\\/#primaryimage\",\"url\":\"https:\\\/\\\/www.ieec.cat\\\/wp-content\\\/uploads\\\/2024\\\/10\\\/Taman\u0303o-noti\u0301cias-pagina-web-2.jpg\",\"contentUrl\":\"https:\\\/\\\/www.ieec.cat\\\/wp-content\\\/uploads\\\/2024\\\/10\\\/Taman\u0303o-noti\u0301cias-pagina-web-2.jpg\",\"width\":919,\"height\":767},{\"@type\":\"BreadcrumbList\",\"@id\":\"https:\\\/\\\/www.ieec.cat\\\/es\\\/inscripciones-abiertas-para-el-programa-edusat-challenge-que-llevara-la-observacion-de-la-tierra-a-las-aulas\\\/#breadcrumb\",\"itemListElement\":[{\"@type\":\"ListItem\",\"position\":1,\"name\":\"Portada\",\"item\":\"https:\\\/\\\/www.ieec.cat\\\/es\\\/\"},{\"@type\":\"ListItem\",\"position\":2,\"name\":\"Inscripciones abiertas para el programa Edusat Challenge, que llevar\u00e1 la observaci\u00f3n de la Tierra a las aulas\"}]},{\"@type\":\"WebSite\",\"@id\":\"https:\\\/\\\/www.ieec.cat\\\/es\\\/#website\",\"url\":\"https:\\\/\\\/www.ieec.cat\\\/es\\\/\",\"name\":\"IEEC\",\"description\":\"Institut d&#039;Estudis Espacials de Catalunya\",\"potentialAction\":[{\"@type\":\"SearchAction\",\"target\":{\"@type\":\"EntryPoint\",\"urlTemplate\":\"https:\\\/\\\/www.ieec.cat\\\/es\\\/?s={search_term_string}\"},\"query-input\":{\"@type\":\"PropertyValueSpecification\",\"valueRequired\":true,\"valueName\":\"search_term_string\"}}],\"inLanguage\":\"es\"},{\"@type\":\"Person\",\"@id\":\"https:\\\/\\\/www.ieec.cat\\\/es\\\/#\\\/schema\\\/person\\\/66f3943e2fdb094349ad344043ede870\",\"name\":\"Francisco Panyos\",\"image\":{\"@type\":\"ImageObject\",\"inLanguage\":\"es\",\"@id\":\"https:\\\/\\\/secure.gravatar.com\\\/avatar\\\/526157a3fe3c965ab680e104b6fe47df151d5d607c86c2744324613bf4c68622?s=96&d=mm&r=g\",\"url\":\"https:\\\/\\\/secure.gravatar.com\\\/avatar\\\/526157a3fe3c965ab680e104b6fe47df151d5d607c86c2744324613bf4c68622?s=96&d=mm&r=g\",\"contentUrl\":\"https:\\\/\\\/secure.gravatar.com\\\/avatar\\\/526157a3fe3c965ab680e104b6fe47df151d5d607c86c2744324613bf4c68622?s=96&d=mm&r=g\",\"caption\":\"Francisco Panyos\"}}]}<\/script>\n<!-- \/ Yoast SEO plugin. -->","yoast_head_json":{"title":"Inscripciones abiertas para el programa Edusat Challenge, que llevar\u00e1 la observaci\u00f3n de la Tierra a las aulas - IEEC","robots":{"index":"index","follow":"follow","max-snippet":"max-snippet:-1","max-image-preview":"max-image-preview:large","max-video-preview":"max-video-preview:-1"},"canonical":"https:\/\/www.ieec.cat\/es\/inscripciones-abiertas-para-el-programa-edusat-challenge-que-llevara-la-observacion-de-la-tierra-a-las-aulas\/","og_locale":"es_ES","og_type":"article","og_title":"Inscripciones abiertas para el programa Edusat Challenge, que llevar\u00e1 la observaci\u00f3n de la Tierra a las aulas - IEEC","og_description":"Edusat Challenge es un programa educativo que pretende introducir la observaci\u00f3n de la Tierra en las escuelas y los institutos. La disponibilidad diaria de im\u00e1genes de sat\u00e9lite de todo el mundo facilita la identificaci\u00f3n y el seguimiento de diferentes fen\u00f3menos de inter\u00e9s que implican cambios notables en la superficie terrestre, tales como incendios forestales, inundaciones, [&hellip;]","og_url":"https:\/\/www.ieec.cat\/es\/inscripciones-abiertas-para-el-programa-edusat-challenge-que-llevara-la-observacion-de-la-tierra-a-las-aulas\/","og_site_name":"IEEC","article_published_time":"2024-10-25T08:23:05+00:00","article_modified_time":"2024-11-04T14:29:02+00:00","og_image":[{"width":919,"height":767,"url":"https:\/\/www.ieec.cat\/wp-content\/uploads\/2024\/10\/Taman\u0303o-noti\u0301cias-pagina-web-2.jpg","type":"image\/jpeg"}],"author":"Francisco Panyos","twitter_card":"summary_large_image","twitter_misc":{"Escrito por":"Francisco Panyos","Tiempo de lectura":"3 minutos"},"schema":{"@context":"https:\/\/schema.org","@graph":[{"@type":"Article","@id":"https:\/\/www.ieec.cat\/es\/inscripciones-abiertas-para-el-programa-edusat-challenge-que-llevara-la-observacion-de-la-tierra-a-las-aulas\/#article","isPartOf":{"@id":"https:\/\/www.ieec.cat\/es\/inscripciones-abiertas-para-el-programa-edusat-challenge-que-llevara-la-observacion-de-la-tierra-a-las-aulas\/"},"author":{"name":"Francisco Panyos","@id":"https:\/\/www.ieec.cat\/es\/#\/schema\/person\/66f3943e2fdb094349ad344043ede870"},"headline":"Inscripciones abiertas para el programa Edusat Challenge, que llevar\u00e1 la observaci\u00f3n de la Tierra a las aulas","datePublished":"2024-10-25T08:23:05+00:00","dateModified":"2024-11-04T14:29:02+00:00","mainEntityOfPage":{"@id":"https:\/\/www.ieec.cat\/es\/inscripciones-abiertas-para-el-programa-edusat-challenge-que-llevara-la-observacion-de-la-tierra-a-las-aulas\/"},"wordCount":989,"image":{"@id":"https:\/\/www.ieec.cat\/es\/inscripciones-abiertas-para-el-programa-edusat-challenge-que-llevara-la-observacion-de-la-tierra-a-las-aulas\/#primaryimage"},"thumbnailUrl":"https:\/\/www.ieec.cat\/wp-content\/uploads\/2024\/10\/Taman\u0303o-noti\u0301cias-pagina-web-2.jpg","articleSection":["Anuncios","NewSpace","Noticia destacada peque\u00f1a","Talento"],"inLanguage":"es"},{"@type":"WebPage","@id":"https:\/\/www.ieec.cat\/es\/inscripciones-abiertas-para-el-programa-edusat-challenge-que-llevara-la-observacion-de-la-tierra-a-las-aulas\/","url":"https:\/\/www.ieec.cat\/es\/inscripciones-abiertas-para-el-programa-edusat-challenge-que-llevara-la-observacion-de-la-tierra-a-las-aulas\/","name":"Inscripciones abiertas para el programa Edusat Challenge, que llevar\u00e1 la observaci\u00f3n de la Tierra a las aulas - IEEC","isPartOf":{"@id":"https:\/\/www.ieec.cat\/es\/#website"},"primaryImageOfPage":{"@id":"https:\/\/www.ieec.cat\/es\/inscripciones-abiertas-para-el-programa-edusat-challenge-que-llevara-la-observacion-de-la-tierra-a-las-aulas\/#primaryimage"},"image":{"@id":"https:\/\/www.ieec.cat\/es\/inscripciones-abiertas-para-el-programa-edusat-challenge-que-llevara-la-observacion-de-la-tierra-a-las-aulas\/#primaryimage"},"thumbnailUrl":"https:\/\/www.ieec.cat\/wp-content\/uploads\/2024\/10\/Taman\u0303o-noti\u0301cias-pagina-web-2.jpg","datePublished":"2024-10-25T08:23:05+00:00","dateModified":"2024-11-04T14:29:02+00:00","author":{"@id":"https:\/\/www.ieec.cat\/es\/#\/schema\/person\/66f3943e2fdb094349ad344043ede870"},"breadcrumb":{"@id":"https:\/\/www.ieec.cat\/es\/inscripciones-abiertas-para-el-programa-edusat-challenge-que-llevara-la-observacion-de-la-tierra-a-las-aulas\/#breadcrumb"},"inLanguage":"es","potentialAction":[{"@type":"ReadAction","target":["https:\/\/www.ieec.cat\/es\/inscripciones-abiertas-para-el-programa-edusat-challenge-que-llevara-la-observacion-de-la-tierra-a-las-aulas\/"]}]},{"@type":"ImageObject","inLanguage":"es","@id":"https:\/\/www.ieec.cat\/es\/inscripciones-abiertas-para-el-programa-edusat-challenge-que-llevara-la-observacion-de-la-tierra-a-las-aulas\/#primaryimage","url":"https:\/\/www.ieec.cat\/wp-content\/uploads\/2024\/10\/Taman\u0303o-noti\u0301cias-pagina-web-2.jpg","contentUrl":"https:\/\/www.ieec.cat\/wp-content\/uploads\/2024\/10\/Taman\u0303o-noti\u0301cias-pagina-web-2.jpg","width":919,"height":767},{"@type":"BreadcrumbList","@id":"https:\/\/www.ieec.cat\/es\/inscripciones-abiertas-para-el-programa-edusat-challenge-que-llevara-la-observacion-de-la-tierra-a-las-aulas\/#breadcrumb","itemListElement":[{"@type":"ListItem","position":1,"name":"Portada","item":"https:\/\/www.ieec.cat\/es\/"},{"@type":"ListItem","position":2,"name":"Inscripciones abiertas para el programa Edusat Challenge, que llevar\u00e1 la observaci\u00f3n de la Tierra a las aulas"}]},{"@type":"WebSite","@id":"https:\/\/www.ieec.cat\/es\/#website","url":"https:\/\/www.ieec.cat\/es\/","name":"IEEC","description":"Institut d&#039;Estudis Espacials de Catalunya","potentialAction":[{"@type":"SearchAction","target":{"@type":"EntryPoint","urlTemplate":"https:\/\/www.ieec.cat\/es\/?s={search_term_string}"},"query-input":{"@type":"PropertyValueSpecification","valueRequired":true,"valueName":"search_term_string"}}],"inLanguage":"es"},{"@type":"Person","@id":"https:\/\/www.ieec.cat\/es\/#\/schema\/person\/66f3943e2fdb094349ad344043ede870","name":"Francisco Panyos","image":{"@type":"ImageObject","inLanguage":"es","@id":"https:\/\/secure.gravatar.com\/avatar\/526157a3fe3c965ab680e104b6fe47df151d5d607c86c2744324613bf4c68622?s=96&d=mm&r=g","url":"https:\/\/secure.gravatar.com\/avatar\/526157a3fe3c965ab680e104b6fe47df151d5d607c86c2744324613bf4c68622?s=96&d=mm&r=g","contentUrl":"https:\/\/secure.gravatar.com\/avatar\/526157a3fe3c965ab680e104b6fe47df151d5d607c86c2744324613bf4c68622?s=96&d=mm&r=g","caption":"Francisco Panyos"}}]}},"_links":{"self":[{"href":"https:\/\/www.ieec.cat\/es\/wp-json\/wp\/v2\/posts\/31473","targetHints":{"allow":["GET"]}}],"collection":[{"href":"https:\/\/www.ieec.cat\/es\/wp-json\/wp\/v2\/posts"}],"about":[{"href":"https:\/\/www.ieec.cat\/es\/wp-json\/wp\/v2\/types\/post"}],"author":[{"embeddable":true,"href":"https:\/\/www.ieec.cat\/es\/wp-json\/wp\/v2\/users\/5"}],"replies":[{"embeddable":true,"href":"https:\/\/www.ieec.cat\/es\/wp-json\/wp\/v2\/comments?post=31473"}],"version-history":[{"count":9,"href":"https:\/\/www.ieec.cat\/es\/wp-json\/wp\/v2\/posts\/31473\/revisions"}],"predecessor-version":[{"id":31512,"href":"https:\/\/www.ieec.cat\/es\/wp-json\/wp\/v2\/posts\/31473\/revisions\/31512"}],"wp:featuredmedia":[{"embeddable":true,"href":"https:\/\/www.ieec.cat\/es\/wp-json\/wp\/v2\/media\/31469"}],"wp:attachment":[{"href":"https:\/\/www.ieec.cat\/es\/wp-json\/wp\/v2\/media?parent=31473"}],"wp:term":[{"taxonomy":"category","embeddable":true,"href":"https:\/\/www.ieec.cat\/es\/wp-json\/wp\/v2\/categories?post=31473"},{"taxonomy":"post_tag","embeddable":true,"href":"https:\/\/www.ieec.cat\/es\/wp-json\/wp\/v2\/tags?post=31473"}],"curies":[{"name":"wp","href":"https:\/\/api.w.org\/{rel}","templated":true}]}}