{"id":31526,"date":"2024-10-28T15:58:43","date_gmt":"2024-10-28T14:58:43","guid":{"rendered":"https:\/\/www.ieec.cat\/?p=31526"},"modified":"2024-11-04T17:11:00","modified_gmt":"2024-11-04T16:11:00","slug":"la-investigadora-mar-carretero-gana-el-tercer-premio-vanguardia-de-la-ciencia","status":"publish","type":"post","link":"https:\/\/www.ieec.cat\/es\/la-investigadora-mar-carretero-gana-el-tercer-premio-vanguardia-de-la-ciencia\/","title":{"rendered":"La investigadora Mar Carretero gana el tercer premio Vanguardia de la Ciencia"},"content":{"rendered":"<p>[et_pb_section fb_built=\u00bb1&#8243; _builder_version=\u00bb4.14.8&#8243; _module_preset=\u00bbdefault\u00bb background_image=\u00bbhttps:\/\/www.ieec.cat\/wp-content\/uploads\/2022\/02\/slider-comunicacio.jpg\u00bb max_height=\u00bb130px\u00bb custom_padding=\u00bb0px||0px||false|false\u00bb da_disable_devices=\u00bboff|off|off\u00bb global_colors_info=\u00bb{}\u00bb da_is_popup=\u00bboff\u00bb da_exit_intent=\u00bboff\u00bb da_has_close=\u00bbon\u00bb da_alt_close=\u00bboff\u00bb da_dark_close=\u00bboff\u00bb da_not_modal=\u00bbon\u00bb da_is_singular=\u00bboff\u00bb da_with_loader=\u00bboff\u00bb da_has_shadow=\u00bbon\u00bb][\/et_pb_section][et_pb_section fb_built=\u00bb1&#8243; _builder_version=\u00bb4.14.8&#8243; _module_preset=\u00bbdefault\u00bb custom_padding=\u00bb24px||11px|||\u00bb da_disable_devices=\u00bboff|off|off\u00bb global_colors_info=\u00bb{}\u00bb da_is_popup=\u00bboff\u00bb da_exit_intent=\u00bboff\u00bb da_has_close=\u00bbon\u00bb da_alt_close=\u00bboff\u00bb da_dark_close=\u00bboff\u00bb da_not_modal=\u00bbon\u00bb da_is_singular=\u00bboff\u00bb da_with_loader=\u00bboff\u00bb da_has_shadow=\u00bbon\u00bb][et_pb_row _builder_version=\u00bb4.14.8&#8243; _module_preset=\u00bbdefault\u00bb custom_padding=\u00bb||||false|false\u00bb global_colors_info=\u00bb{}\u00bb][et_pb_column type=\u00bb4_4&#8243; _builder_version=\u00bb4.14.8&#8243; _module_preset=\u00bbdefault\u00bb global_colors_info=\u00bb{}\u00bb][et_pb_text _builder_version=\u00bb4.14.8&#8243; _dynamic_attributes=\u00bbcontent\u00bb _module_preset=\u00bbdefault\u00bb text_font=\u00bb|700||on|||||\u00bb text_font_size=\u00bb16px\u00bb header_font=\u00bb|700|||||||\u00bb text_orientation=\u00bbcenter\u00bb custom_margin=\u00bb||10px||false|false\u00bb header_font_size_tablet=\u00bb28px\u00bb header_font_size_phone=\u00bb26px\u00bb header_font_size_last_edited=\u00bbon|phone\u00bb global_colors_info=\u00bb{}\u00bb]@ET-DC@eyJkeW5hbWljIjp0cnVlLCJjb250ZW50IjoiY3VzdG9tX21ldGFfb3JnYW5pemFjaW9uZXMiLCJzZXR0aW5ncyI6eyJiZWZvcmUiOiIiLCJhZnRlciI6IiIsImVuYWJsZV9odG1sIjoib2ZmIn19@[\/et_pb_text][et_pb_post_title author=\u00bboff\u00bb categories=\u00bboff\u00bb comments=\u00bboff\u00bb featured_image=\u00bboff\u00bb _builder_version=\u00bb4.14.8&#8243; _module_preset=\u00bbdefault\u00bb title_font=\u00bbCairo|300|||||||\u00bb title_text_align=\u00bbcenter\u00bb title_font_size=\u00bb40px\u00bb meta_font=\u00bb||on||||||\u00bb meta_text_align=\u00bbcenter\u00bb meta_font_size=\u00bb16px\u00bb title_font_size_tablet=\u00bb35px\u00bb title_font_size_phone=\u00bb30px\u00bb title_font_size_last_edited=\u00bbon|desktop\u00bb global_colors_info=\u00bb{}\u00bb][\/et_pb_post_title][\/et_pb_column][\/et_pb_row][et_pb_row column_structure=\u00bb1_2,1_2&#8243; _builder_version=\u00bb4.14.8&#8243; _module_preset=\u00bbdefault\u00bb global_colors_info=\u00bb{}\u00bb][et_pb_column type=\u00bb1_2&#8243; _builder_version=\u00bb4.14.8&#8243; _module_preset=\u00bbdefault\u00bb global_colors_info=\u00bb{}\u00bb][et_pb_post_title title=\u00bboff\u00bb meta=\u00bboff\u00bb _builder_version=\u00bb4.14.8&#8243; _module_preset=\u00bbdefault\u00bb custom_margin=\u00bb||0px||false|false\u00bb border_color_top=\u00bb#406fda\u00bb global_colors_info=\u00bb{}\u00bb][\/et_pb_post_title][et_pb_text _builder_version=\u00bb4.14.8&#8243; _module_preset=\u00bbdefault\u00bb text_font=\u00bb||||||||\u00bb text_font_size=\u00bb15px\u00bb text_line_height=\u00bb1.1em\u00bb background_color=\u00bbrgba(64,111,218,0.15)\u00bb custom_margin=\u00bb0px||||false|false\u00bb custom_padding=\u00bb30px|20px|30px|20px|true|true\u00bb global_colors_info=\u00bb{}\u00bb]<\/p>\n<p><strong>Leyenda:<\/strong> <span style=\"font-weight: 400;\">La investigadora Mar Carretero descubri\u00f3 una poblaci\u00f3n de estrellas masivas fugitivas en la V\u00eda L\u00e1ctea.<\/span><br \/><span style=\"font-weight: 400;\"><strong>Cr\u00e9ditos:<\/strong> Andrea Mart\u00ednez (La Vanguardia).<\/span><\/p>\n<p>[\/et_pb_text][\/et_pb_column][et_pb_column type=\u00bb1_2&#8243; _builder_version=\u00bb4.14.8&#8243; _module_preset=\u00bbdefault\u00bb global_colors_info=\u00bb{}\u00bb][et_pb_text _builder_version=\u00bb4.14.8&#8243; _module_preset=\u00bbdefault\u00bb link_font=\u00bb|700|||on||||\u00bb global_colors_info=\u00bb{}\u00bb]<\/p>\n<p><b>Mar Carretero-Castrillo<\/b><span style=\"font-weight: 400;\">, investigadora predoctoral del <\/span><a href=\"https:\/\/www.ieec.cat\/\"><span style=\"font-weight: 400;\">Institut d\u2019Estudis Espacials de Catalunya<\/span><\/a><span style=\"font-weight: 400;\"> (IEEC) en el <\/span><a href=\"https:\/\/icc.ub.edu\/\" target=\"_blank\" rel=\"noopener\"><span style=\"font-weight: 400;\">Instituto de Ciencias del Cosmos de la Universidad de Barcelona<\/span><\/a><span style=\"font-weight: 400;\"> (ICCUB), ha ganado el tercer premio en la edici\u00f3n de este a\u00f1o del Premio Vanguardia de la Ciencia. Este certamen, impulsado desde el 2011 por el diario La Vanguardia y la Fundaci\u00f3n Catalunya La Pedrera, quiere reducir la brecha de g\u00e9nero, fomentar la excelencia en el \u00e1mbito de la investigaci\u00f3n y dar visibilidad a las aportaciones m\u00e1s relevantes de las mujeres investigadoras.<\/span><\/p>\n<p><span style=\"font-weight: 400;\">La distinci\u00f3n destaca el rol de la investigadora como primera autora del <\/span><a href=\"https:\/\/www.ieec.cat\/es\/un-estudio-pionero-identifica-muchas-estrellas-masivas-fugitivas-en-la-via-lactea\/\"><span style=\"font-weight: 400;\">descubrimiento de una poblaci\u00f3n de estrellas masivas fugitivas en la V\u00eda L\u00e1ctea<\/span><\/a><span style=\"font-weight: 400;\"> \u2014en colaboraci\u00f3n con <\/span><b>Marc Rib\u00f3<\/b><span style=\"font-weight: 400;\"> y <\/span><b>Josep Maria Paredes<\/b><span style=\"font-weight: 400;\">, ambos expertos del IEEC en el ICCUB\u2014, un hallazgo cient\u00edfico que aporta una nueva perspectiva sobre la evoluci\u00f3n de las estrellas masivas. Reflexionando sobre este reconocimiento,<\/span> <span style=\"font-weight: 400;\">Carretero-Castrillo ha apuntado que \u00abeste tercer premio es una demostraci\u00f3n del esfuerzo cient\u00edfico colectivo y el incre\u00edble apoyo de mi entorno profesional y personal\u00bb.<\/span><\/p>\n<p>[\/et_pb_text][\/et_pb_column][\/et_pb_row][et_pb_row _builder_version=\u00bb4.14.8&#8243; _module_preset=\u00bbdefault\u00bb global_colors_info=\u00bb{}\u00bb][et_pb_column type=\u00bb4_4&#8243; _builder_version=\u00bb4.14.8&#8243; _module_preset=\u00bbdefault\u00bb global_colors_info=\u00bb{}\u00bb][et_pb_text _builder_version=\u00bb4.14.8&#8243; _module_preset=\u00bbdefault\u00bb link_font=\u00bb|700|||on||||\u00bb locked=\u00bboff\u00bb global_colors_info=\u00bb{}\u00bb]<\/p>\n<p><span style=\"font-weight: 400;\">El comit\u00e9 de selecci\u00f3n del premio Vanguardia de la Ciencia escogi\u00f3 ocho investigaciones lideradas por mujeres investigadoras como finalistas de la edici\u00f3n de 2024. Los lectores de La Vanguardia eligieron las ganadoras en una votaci\u00f3n que estuvo abierta hasta el 20 de octubre, en l\u00ednea. La ceremonia de entrega de premios tendr\u00e1 lugar el 27 de noviembre a las 19h en la sede de la Fundaci\u00f3n Catalunya La Pedrera en Barcelona.<\/span><\/p>\n<p><span style=\"font-weight: 400;\">El primer premio ha sido otorgado a <\/span><b>Marta Alonso<\/b><span style=\"font-weight: 400;\"> e <\/span><b>Iker Ausejo<\/b><span style=\"font-weight: 400;\"> de la Cl\u00ednica Universidad de Navarra por su investigaci\u00f3n innovadora en ciencias m\u00e9dicas. El segundo premio ha sido para <\/span><b>Ana Paredes<\/b><span style=\"font-weight: 400;\"> y <\/span><b>Mercedes Ricote<\/b><span style=\"font-weight: 400;\"> del Centro Nacional de Investigaciones Cardiovasculares (CNIC) por sus contribuciones a la investigaci\u00f3n cardiovascular.<\/span><\/p>\n<p>[\/et_pb_text][\/et_pb_column][\/et_pb_row][\/et_pb_section]<\/p>\n","protected":false},"excerpt":{"rendered":"<p>Leyenda: La investigadora Mar Carretero descubri\u00f3 una poblaci\u00f3n de estrellas masivas fugitivas en la V\u00eda L\u00e1ctea.Cr\u00e9ditos: Andrea Mart\u00ednez (La Vanguardia).Mar Carretero-Castrillo, investigadora predoctoral del Institut d\u2019Estudis Espacials de Catalunya (IEEC) en el Instituto de Ciencias del Cosmos de la Universidad de Barcelona (ICCUB), ha ganado el tercer premio en la edici\u00f3n de este a\u00f1o del [&hellip;]<\/p>\n","protected":false},"author":5,"featured_media":31518,"comment_status":"closed","ping_status":"closed","sticky":false,"template":"","format":"standard","meta":{"_et_pb_use_builder":"on","_et_pb_old_content":"","_et_gb_content_width":"","footnotes":""},"categories":[70,113,124],"tags":[],"class_list":["post-31526","post","type-post","status-publish","format-standard","has-post-thumbnail","hentry","category-anuncios","category-noticia-destacada-pequena","category-premio"],"yoast_head":"<!-- This site is optimized with the Yoast SEO plugin v27.4 - https:\/\/yoast.com\/product\/yoast-seo-wordpress\/ -->\n<title>La investigadora Mar Carretero gana el tercer premio Vanguardia de la Ciencia - IEEC<\/title>\n<meta name=\"robots\" content=\"index, follow, max-snippet:-1, max-image-preview:large, max-video-preview:-1\" \/>\n<link rel=\"canonical\" href=\"https:\/\/www.ieec.cat\/es\/la-investigadora-mar-carretero-gana-el-tercer-premio-vanguardia-de-la-ciencia\/\" \/>\n<meta property=\"og:locale\" content=\"es_ES\" \/>\n<meta property=\"og:type\" content=\"article\" \/>\n<meta property=\"og:title\" content=\"La investigadora Mar Carretero gana el tercer premio Vanguardia de la Ciencia - IEEC\" \/>\n<meta property=\"og:description\" content=\"Leyenda: La investigadora Mar Carretero descubri\u00f3 una poblaci\u00f3n de estrellas masivas fugitivas en la V\u00eda L\u00e1ctea.Cr\u00e9ditos: Andrea Mart\u00ednez (La Vanguardia).Mar Carretero-Castrillo, investigadora predoctoral del Institut d\u2019Estudis Espacials de Catalunya (IEEC) en el Instituto de Ciencias del Cosmos de la Universidad de Barcelona (ICCUB), ha ganado el tercer premio en la edici\u00f3n de este a\u00f1o del [&hellip;]\" \/>\n<meta property=\"og:url\" content=\"https:\/\/www.ieec.cat\/es\/la-investigadora-mar-carretero-gana-el-tercer-premio-vanguardia-de-la-ciencia\/\" \/>\n<meta property=\"og:site_name\" content=\"IEEC\" \/>\n<meta property=\"article:published_time\" content=\"2024-10-28T14:58:43+00:00\" \/>\n<meta property=\"article:modified_time\" content=\"2024-11-04T16:11:00+00:00\" \/>\n<meta property=\"og:image\" content=\"https:\/\/www.ieec.cat\/wp-content\/uploads\/2024\/10\/MarCarretero2DEF.jpg\" \/>\n\t<meta property=\"og:image:width\" content=\"720\" \/>\n\t<meta property=\"og:image:height\" content=\"456\" \/>\n\t<meta property=\"og:image:type\" content=\"image\/jpeg\" \/>\n<meta name=\"author\" content=\"Francisco Panyos\" \/>\n<meta name=\"twitter:card\" content=\"summary_large_image\" \/>\n<meta name=\"twitter:label1\" content=\"Escrito por\" \/>\n\t<meta name=\"twitter:data1\" content=\"Francisco Panyos\" \/>\n\t<meta name=\"twitter:label2\" content=\"Tiempo de lectura\" \/>\n\t<meta name=\"twitter:data2\" content=\"3 minutos\" \/>\n<script type=\"application\/ld+json\" class=\"yoast-schema-graph\">{\"@context\":\"https:\\\/\\\/schema.org\",\"@graph\":[{\"@type\":\"Article\",\"@id\":\"https:\\\/\\\/www.ieec.cat\\\/es\\\/la-investigadora-mar-carretero-gana-el-tercer-premio-vanguardia-de-la-ciencia\\\/#article\",\"isPartOf\":{\"@id\":\"https:\\\/\\\/www.ieec.cat\\\/es\\\/la-investigadora-mar-carretero-gana-el-tercer-premio-vanguardia-de-la-ciencia\\\/\"},\"author\":{\"name\":\"Francisco Panyos\",\"@id\":\"https:\\\/\\\/www.ieec.cat\\\/es\\\/#\\\/schema\\\/person\\\/66f3943e2fdb094349ad344043ede870\"},\"headline\":\"La investigadora Mar Carretero gana el tercer premio Vanguardia de la Ciencia\",\"datePublished\":\"2024-10-28T14:58:43+00:00\",\"dateModified\":\"2024-11-04T16:11:00+00:00\",\"mainEntityOfPage\":{\"@id\":\"https:\\\/\\\/www.ieec.cat\\\/es\\\/la-investigadora-mar-carretero-gana-el-tercer-premio-vanguardia-de-la-ciencia\\\/\"},\"wordCount\":835,\"image\":{\"@id\":\"https:\\\/\\\/www.ieec.cat\\\/es\\\/la-investigadora-mar-carretero-gana-el-tercer-premio-vanguardia-de-la-ciencia\\\/#primaryimage\"},\"thumbnailUrl\":\"https:\\\/\\\/www.ieec.cat\\\/wp-content\\\/uploads\\\/2024\\\/10\\\/MarCarretero2DEF.jpg\",\"articleSection\":[\"Anuncios\",\"Noticia destacada peque\u00f1a\",\"Premio\"],\"inLanguage\":\"es\"},{\"@type\":\"WebPage\",\"@id\":\"https:\\\/\\\/www.ieec.cat\\\/es\\\/la-investigadora-mar-carretero-gana-el-tercer-premio-vanguardia-de-la-ciencia\\\/\",\"url\":\"https:\\\/\\\/www.ieec.cat\\\/es\\\/la-investigadora-mar-carretero-gana-el-tercer-premio-vanguardia-de-la-ciencia\\\/\",\"name\":\"La investigadora Mar Carretero gana el tercer premio Vanguardia de la Ciencia - IEEC\",\"isPartOf\":{\"@id\":\"https:\\\/\\\/www.ieec.cat\\\/es\\\/#website\"},\"primaryImageOfPage\":{\"@id\":\"https:\\\/\\\/www.ieec.cat\\\/es\\\/la-investigadora-mar-carretero-gana-el-tercer-premio-vanguardia-de-la-ciencia\\\/#primaryimage\"},\"image\":{\"@id\":\"https:\\\/\\\/www.ieec.cat\\\/es\\\/la-investigadora-mar-carretero-gana-el-tercer-premio-vanguardia-de-la-ciencia\\\/#primaryimage\"},\"thumbnailUrl\":\"https:\\\/\\\/www.ieec.cat\\\/wp-content\\\/uploads\\\/2024\\\/10\\\/MarCarretero2DEF.jpg\",\"datePublished\":\"2024-10-28T14:58:43+00:00\",\"dateModified\":\"2024-11-04T16:11:00+00:00\",\"author\":{\"@id\":\"https:\\\/\\\/www.ieec.cat\\\/es\\\/#\\\/schema\\\/person\\\/66f3943e2fdb094349ad344043ede870\"},\"breadcrumb\":{\"@id\":\"https:\\\/\\\/www.ieec.cat\\\/es\\\/la-investigadora-mar-carretero-gana-el-tercer-premio-vanguardia-de-la-ciencia\\\/#breadcrumb\"},\"inLanguage\":\"es\",\"potentialAction\":[{\"@type\":\"ReadAction\",\"target\":[\"https:\\\/\\\/www.ieec.cat\\\/es\\\/la-investigadora-mar-carretero-gana-el-tercer-premio-vanguardia-de-la-ciencia\\\/\"]}]},{\"@type\":\"ImageObject\",\"inLanguage\":\"es\",\"@id\":\"https:\\\/\\\/www.ieec.cat\\\/es\\\/la-investigadora-mar-carretero-gana-el-tercer-premio-vanguardia-de-la-ciencia\\\/#primaryimage\",\"url\":\"https:\\\/\\\/www.ieec.cat\\\/wp-content\\\/uploads\\\/2024\\\/10\\\/MarCarretero2DEF.jpg\",\"contentUrl\":\"https:\\\/\\\/www.ieec.cat\\\/wp-content\\\/uploads\\\/2024\\\/10\\\/MarCarretero2DEF.jpg\",\"width\":720,\"height\":456},{\"@type\":\"BreadcrumbList\",\"@id\":\"https:\\\/\\\/www.ieec.cat\\\/es\\\/la-investigadora-mar-carretero-gana-el-tercer-premio-vanguardia-de-la-ciencia\\\/#breadcrumb\",\"itemListElement\":[{\"@type\":\"ListItem\",\"position\":1,\"name\":\"Portada\",\"item\":\"https:\\\/\\\/www.ieec.cat\\\/es\\\/\"},{\"@type\":\"ListItem\",\"position\":2,\"name\":\"La investigadora Mar Carretero gana el tercer premio Vanguardia de la Ciencia\"}]},{\"@type\":\"WebSite\",\"@id\":\"https:\\\/\\\/www.ieec.cat\\\/es\\\/#website\",\"url\":\"https:\\\/\\\/www.ieec.cat\\\/es\\\/\",\"name\":\"IEEC\",\"description\":\"Institut d&#039;Estudis Espacials de Catalunya\",\"potentialAction\":[{\"@type\":\"SearchAction\",\"target\":{\"@type\":\"EntryPoint\",\"urlTemplate\":\"https:\\\/\\\/www.ieec.cat\\\/es\\\/?s={search_term_string}\"},\"query-input\":{\"@type\":\"PropertyValueSpecification\",\"valueRequired\":true,\"valueName\":\"search_term_string\"}}],\"inLanguage\":\"es\"},{\"@type\":\"Person\",\"@id\":\"https:\\\/\\\/www.ieec.cat\\\/es\\\/#\\\/schema\\\/person\\\/66f3943e2fdb094349ad344043ede870\",\"name\":\"Francisco Panyos\",\"image\":{\"@type\":\"ImageObject\",\"inLanguage\":\"es\",\"@id\":\"https:\\\/\\\/secure.gravatar.com\\\/avatar\\\/526157a3fe3c965ab680e104b6fe47df151d5d607c86c2744324613bf4c68622?s=96&d=mm&r=g\",\"url\":\"https:\\\/\\\/secure.gravatar.com\\\/avatar\\\/526157a3fe3c965ab680e104b6fe47df151d5d607c86c2744324613bf4c68622?s=96&d=mm&r=g\",\"contentUrl\":\"https:\\\/\\\/secure.gravatar.com\\\/avatar\\\/526157a3fe3c965ab680e104b6fe47df151d5d607c86c2744324613bf4c68622?s=96&d=mm&r=g\",\"caption\":\"Francisco Panyos\"}}]}<\/script>\n<!-- \/ Yoast SEO plugin. -->","yoast_head_json":{"title":"La investigadora Mar Carretero gana el tercer premio Vanguardia de la Ciencia - IEEC","robots":{"index":"index","follow":"follow","max-snippet":"max-snippet:-1","max-image-preview":"max-image-preview:large","max-video-preview":"max-video-preview:-1"},"canonical":"https:\/\/www.ieec.cat\/es\/la-investigadora-mar-carretero-gana-el-tercer-premio-vanguardia-de-la-ciencia\/","og_locale":"es_ES","og_type":"article","og_title":"La investigadora Mar Carretero gana el tercer premio Vanguardia de la Ciencia - IEEC","og_description":"Leyenda: La investigadora Mar Carretero descubri\u00f3 una poblaci\u00f3n de estrellas masivas fugitivas en la V\u00eda L\u00e1ctea.Cr\u00e9ditos: Andrea Mart\u00ednez (La Vanguardia).Mar Carretero-Castrillo, investigadora predoctoral del Institut d\u2019Estudis Espacials de Catalunya (IEEC) en el Instituto de Ciencias del Cosmos de la Universidad de Barcelona (ICCUB), ha ganado el tercer premio en la edici\u00f3n de este a\u00f1o del [&hellip;]","og_url":"https:\/\/www.ieec.cat\/es\/la-investigadora-mar-carretero-gana-el-tercer-premio-vanguardia-de-la-ciencia\/","og_site_name":"IEEC","article_published_time":"2024-10-28T14:58:43+00:00","article_modified_time":"2024-11-04T16:11:00+00:00","og_image":[{"width":720,"height":456,"url":"https:\/\/www.ieec.cat\/wp-content\/uploads\/2024\/10\/MarCarretero2DEF.jpg","type":"image\/jpeg"}],"author":"Francisco Panyos","twitter_card":"summary_large_image","twitter_misc":{"Escrito por":"Francisco Panyos","Tiempo de lectura":"3 minutos"},"schema":{"@context":"https:\/\/schema.org","@graph":[{"@type":"Article","@id":"https:\/\/www.ieec.cat\/es\/la-investigadora-mar-carretero-gana-el-tercer-premio-vanguardia-de-la-ciencia\/#article","isPartOf":{"@id":"https:\/\/www.ieec.cat\/es\/la-investigadora-mar-carretero-gana-el-tercer-premio-vanguardia-de-la-ciencia\/"},"author":{"name":"Francisco Panyos","@id":"https:\/\/www.ieec.cat\/es\/#\/schema\/person\/66f3943e2fdb094349ad344043ede870"},"headline":"La investigadora Mar Carretero gana el tercer premio Vanguardia de la Ciencia","datePublished":"2024-10-28T14:58:43+00:00","dateModified":"2024-11-04T16:11:00+00:00","mainEntityOfPage":{"@id":"https:\/\/www.ieec.cat\/es\/la-investigadora-mar-carretero-gana-el-tercer-premio-vanguardia-de-la-ciencia\/"},"wordCount":835,"image":{"@id":"https:\/\/www.ieec.cat\/es\/la-investigadora-mar-carretero-gana-el-tercer-premio-vanguardia-de-la-ciencia\/#primaryimage"},"thumbnailUrl":"https:\/\/www.ieec.cat\/wp-content\/uploads\/2024\/10\/MarCarretero2DEF.jpg","articleSection":["Anuncios","Noticia destacada peque\u00f1a","Premio"],"inLanguage":"es"},{"@type":"WebPage","@id":"https:\/\/www.ieec.cat\/es\/la-investigadora-mar-carretero-gana-el-tercer-premio-vanguardia-de-la-ciencia\/","url":"https:\/\/www.ieec.cat\/es\/la-investigadora-mar-carretero-gana-el-tercer-premio-vanguardia-de-la-ciencia\/","name":"La investigadora Mar Carretero gana el tercer premio Vanguardia de la Ciencia - IEEC","isPartOf":{"@id":"https:\/\/www.ieec.cat\/es\/#website"},"primaryImageOfPage":{"@id":"https:\/\/www.ieec.cat\/es\/la-investigadora-mar-carretero-gana-el-tercer-premio-vanguardia-de-la-ciencia\/#primaryimage"},"image":{"@id":"https:\/\/www.ieec.cat\/es\/la-investigadora-mar-carretero-gana-el-tercer-premio-vanguardia-de-la-ciencia\/#primaryimage"},"thumbnailUrl":"https:\/\/www.ieec.cat\/wp-content\/uploads\/2024\/10\/MarCarretero2DEF.jpg","datePublished":"2024-10-28T14:58:43+00:00","dateModified":"2024-11-04T16:11:00+00:00","author":{"@id":"https:\/\/www.ieec.cat\/es\/#\/schema\/person\/66f3943e2fdb094349ad344043ede870"},"breadcrumb":{"@id":"https:\/\/www.ieec.cat\/es\/la-investigadora-mar-carretero-gana-el-tercer-premio-vanguardia-de-la-ciencia\/#breadcrumb"},"inLanguage":"es","potentialAction":[{"@type":"ReadAction","target":["https:\/\/www.ieec.cat\/es\/la-investigadora-mar-carretero-gana-el-tercer-premio-vanguardia-de-la-ciencia\/"]}]},{"@type":"ImageObject","inLanguage":"es","@id":"https:\/\/www.ieec.cat\/es\/la-investigadora-mar-carretero-gana-el-tercer-premio-vanguardia-de-la-ciencia\/#primaryimage","url":"https:\/\/www.ieec.cat\/wp-content\/uploads\/2024\/10\/MarCarretero2DEF.jpg","contentUrl":"https:\/\/www.ieec.cat\/wp-content\/uploads\/2024\/10\/MarCarretero2DEF.jpg","width":720,"height":456},{"@type":"BreadcrumbList","@id":"https:\/\/www.ieec.cat\/es\/la-investigadora-mar-carretero-gana-el-tercer-premio-vanguardia-de-la-ciencia\/#breadcrumb","itemListElement":[{"@type":"ListItem","position":1,"name":"Portada","item":"https:\/\/www.ieec.cat\/es\/"},{"@type":"ListItem","position":2,"name":"La investigadora Mar Carretero gana el tercer premio Vanguardia de la Ciencia"}]},{"@type":"WebSite","@id":"https:\/\/www.ieec.cat\/es\/#website","url":"https:\/\/www.ieec.cat\/es\/","name":"IEEC","description":"Institut d&#039;Estudis Espacials de Catalunya","potentialAction":[{"@type":"SearchAction","target":{"@type":"EntryPoint","urlTemplate":"https:\/\/www.ieec.cat\/es\/?s={search_term_string}"},"query-input":{"@type":"PropertyValueSpecification","valueRequired":true,"valueName":"search_term_string"}}],"inLanguage":"es"},{"@type":"Person","@id":"https:\/\/www.ieec.cat\/es\/#\/schema\/person\/66f3943e2fdb094349ad344043ede870","name":"Francisco Panyos","image":{"@type":"ImageObject","inLanguage":"es","@id":"https:\/\/secure.gravatar.com\/avatar\/526157a3fe3c965ab680e104b6fe47df151d5d607c86c2744324613bf4c68622?s=96&d=mm&r=g","url":"https:\/\/secure.gravatar.com\/avatar\/526157a3fe3c965ab680e104b6fe47df151d5d607c86c2744324613bf4c68622?s=96&d=mm&r=g","contentUrl":"https:\/\/secure.gravatar.com\/avatar\/526157a3fe3c965ab680e104b6fe47df151d5d607c86c2744324613bf4c68622?s=96&d=mm&r=g","caption":"Francisco Panyos"}}]}},"_links":{"self":[{"href":"https:\/\/www.ieec.cat\/es\/wp-json\/wp\/v2\/posts\/31526","targetHints":{"allow":["GET"]}}],"collection":[{"href":"https:\/\/www.ieec.cat\/es\/wp-json\/wp\/v2\/posts"}],"about":[{"href":"https:\/\/www.ieec.cat\/es\/wp-json\/wp\/v2\/types\/post"}],"author":[{"embeddable":true,"href":"https:\/\/www.ieec.cat\/es\/wp-json\/wp\/v2\/users\/5"}],"replies":[{"embeddable":true,"href":"https:\/\/www.ieec.cat\/es\/wp-json\/wp\/v2\/comments?post=31526"}],"version-history":[{"count":9,"href":"https:\/\/www.ieec.cat\/es\/wp-json\/wp\/v2\/posts\/31526\/revisions"}],"predecessor-version":[{"id":31567,"href":"https:\/\/www.ieec.cat\/es\/wp-json\/wp\/v2\/posts\/31526\/revisions\/31567"}],"wp:featuredmedia":[{"embeddable":true,"href":"https:\/\/www.ieec.cat\/es\/wp-json\/wp\/v2\/media\/31518"}],"wp:attachment":[{"href":"https:\/\/www.ieec.cat\/es\/wp-json\/wp\/v2\/media?parent=31526"}],"wp:term":[{"taxonomy":"category","embeddable":true,"href":"https:\/\/www.ieec.cat\/es\/wp-json\/wp\/v2\/categories?post=31526"},{"taxonomy":"post_tag","embeddable":true,"href":"https:\/\/www.ieec.cat\/es\/wp-json\/wp\/v2\/tags?post=31526"}],"curies":[{"name":"wp","href":"https:\/\/api.w.org\/{rel}","templated":true}]}}