{"id":31593,"date":"2024-10-30T11:18:40","date_gmt":"2024-10-30T10:18:40","guid":{"rendered":"https:\/\/www.ieec.cat\/?p=31593"},"modified":"2024-10-30T11:18:41","modified_gmt":"2024-10-30T10:18:41","slug":"el-ieec-acoge-a-dos-estudiantes-de-bachillerato-a-traves-del-programa-jovenes-y-ciencia","status":"publish","type":"post","link":"https:\/\/www.ieec.cat\/es\/el-ieec-acoge-a-dos-estudiantes-de-bachillerato-a-traves-del-programa-jovenes-y-ciencia\/","title":{"rendered":"El IEEC acoge a dos estudiantes de bachillerato a trav\u00e9s del programa &#8216;J\u00f3venes y Ciencia&#8217;"},"content":{"rendered":"<p>[et_pb_section fb_built=\u00bb1&#8243; _builder_version=\u00bb4.14.8&#8243; _module_preset=\u00bbdefault\u00bb background_image=\u00bbhttps:\/\/www.ieec.cat\/wp-content\/uploads\/2022\/02\/slider-comunicacio.jpg\u00bb max_height=\u00bb130px\u00bb custom_padding=\u00bb0px||0px||false|false\u00bb da_disable_devices=\u00bboff|off|off\u00bb global_colors_info=\u00bb{}\u00bb da_is_popup=\u00bboff\u00bb da_exit_intent=\u00bboff\u00bb da_has_close=\u00bbon\u00bb da_alt_close=\u00bboff\u00bb da_dark_close=\u00bboff\u00bb da_not_modal=\u00bbon\u00bb da_is_singular=\u00bboff\u00bb da_with_loader=\u00bboff\u00bb da_has_shadow=\u00bbon\u00bb][\/et_pb_section][et_pb_section fb_built=\u00bb1&#8243; _builder_version=\u00bb4.14.8&#8243; _module_preset=\u00bbdefault\u00bb custom_padding=\u00bb24px||11px|||\u00bb da_disable_devices=\u00bboff|off|off\u00bb global_colors_info=\u00bb{}\u00bb da_is_popup=\u00bboff\u00bb da_exit_intent=\u00bboff\u00bb da_has_close=\u00bbon\u00bb da_alt_close=\u00bboff\u00bb da_dark_close=\u00bboff\u00bb da_not_modal=\u00bbon\u00bb da_is_singular=\u00bboff\u00bb da_with_loader=\u00bboff\u00bb da_has_shadow=\u00bbon\u00bb][et_pb_row _builder_version=\u00bb4.14.8&#8243; _module_preset=\u00bbdefault\u00bb custom_padding=\u00bb||||false|false\u00bb global_colors_info=\u00bb{}\u00bb][et_pb_column type=\u00bb4_4&#8243; _builder_version=\u00bb4.14.8&#8243; _module_preset=\u00bbdefault\u00bb global_colors_info=\u00bb{}\u00bb][et_pb_text _builder_version=\u00bb4.14.8&#8243; _dynamic_attributes=\u00bbcontent\u00bb _module_preset=\u00bbdefault\u00bb text_font=\u00bb|700||on|||||\u00bb text_font_size=\u00bb16px\u00bb header_font=\u00bb|700|||||||\u00bb text_orientation=\u00bbcenter\u00bb custom_margin=\u00bb||10px||false|false\u00bb header_font_size_tablet=\u00bb28px\u00bb header_font_size_phone=\u00bb26px\u00bb header_font_size_last_edited=\u00bbon|phone\u00bb global_colors_info=\u00bb{}\u00bb]@ET-DC@eyJkeW5hbWljIjp0cnVlLCJjb250ZW50IjoiY3VzdG9tX21ldGFfb3JnYW5pemFjaW9uZXMiLCJzZXR0aW5ncyI6eyJiZWZvcmUiOiIiLCJhZnRlciI6IiIsImVuYWJsZV9odG1sIjoib2ZmIn19@[\/et_pb_text][et_pb_post_title author=\u00bboff\u00bb categories=\u00bboff\u00bb comments=\u00bboff\u00bb featured_image=\u00bboff\u00bb _builder_version=\u00bb4.14.8&#8243; _module_preset=\u00bbdefault\u00bb title_font=\u00bbCairo|300|||||||\u00bb title_text_align=\u00bbcenter\u00bb title_font_size=\u00bb40px\u00bb meta_font=\u00bb||on||||||\u00bb meta_text_align=\u00bbcenter\u00bb meta_font_size=\u00bb16px\u00bb title_font_size_tablet=\u00bb35px\u00bb title_font_size_phone=\u00bb30px\u00bb title_font_size_last_edited=\u00bbon|desktop\u00bb global_colors_info=\u00bb{}\u00bb][\/et_pb_post_title][\/et_pb_column][\/et_pb_row][et_pb_row column_structure=\u00bb1_2,1_2&#8243; _builder_version=\u00bb4.14.8&#8243; _module_preset=\u00bbdefault\u00bb global_colors_info=\u00bb{}\u00bb][et_pb_column type=\u00bb1_2&#8243; _builder_version=\u00bb4.14.8&#8243; _module_preset=\u00bbdefault\u00bb global_colors_info=\u00bb{}\u00bb][et_pb_post_title title=\u00bboff\u00bb meta=\u00bboff\u00bb _builder_version=\u00bb4.14.8&#8243; _module_preset=\u00bbdefault\u00bb custom_margin=\u00bb||0px||false|false\u00bb border_color_top=\u00bb#406fda\u00bb global_colors_info=\u00bb{}\u00bb][\/et_pb_post_title][et_pb_text _builder_version=\u00bb4.14.8&#8243; _module_preset=\u00bbdefault\u00bb text_font=\u00bb||||||||\u00bb text_font_size=\u00bb15px\u00bb text_line_height=\u00bb1.1em\u00bb background_color=\u00bbrgba(64,111,218,0.15)\u00bb custom_margin=\u00bb0px||||false|false\u00bb custom_padding=\u00bb30px|20px|30px|20px|true|true\u00bb hover_enabled=\u00bb0&#8243; global_colors_info=\u00bb{}\u00bb sticky_enabled=\u00bb0&#8243;]<\/p>\n<p><strong>Leyenda:<\/strong> <span style=\"font-weight: 400;\">La estudiante Anna Mart\u00ednez con el equipo del Observatori del Montsec (OdM).<\/span><br \/><span style=\"font-weight: 400;\"><strong>Cr\u00e9ditos:<\/strong> OdM.<\/span><\/p>\n<p>[\/et_pb_text][\/et_pb_column][et_pb_column type=\u00bb1_2&#8243; _builder_version=\u00bb4.14.8&#8243; _module_preset=\u00bbdefault\u00bb global_colors_info=\u00bb{}\u00bb][et_pb_text _builder_version=\u00bb4.14.8&#8243; _module_preset=\u00bbdefault\u00bb link_font=\u00bb|700|||on||||\u00bb hover_enabled=\u00bb0&#8243; global_colors_info=\u00bb{}\u00bb sticky_enabled=\u00bb0&#8243;]<\/p>\n<p><span style=\"font-weight: 400;\">El <\/span><a href=\"https:\/\/www.ieec.cat\/\"><span style=\"font-weight: 400;\">Institut d\u2019Estudis Espacials de Catalunya<\/span><\/a><span style=\"font-weight: 400;\"> (IEEC) acogi\u00f3 el pasado verano a dos estudiantes de bachillerato en unas estancias que los han sumergido de lleno en el d\u00eda a d\u00eda de un equipo investigador. La iniciativa se corresponde con la<\/span><b> segunda fase del programa de fomento de vocaciones cient\u00edficas<\/b><span style=\"font-weight: 400;\"> \u2018<\/span><a href=\"https:\/\/www.fundaciocatalunya-lapedrera.com\/es\/jovenes-y-ciencia\" target=\"_blank\" rel=\"noopener\"><span style=\"font-weight: 400;\">J\u00f3venes y Ciencia<\/span><\/a><span style=\"font-weight: 400;\">\u2019, organizado por la Fundaci\u00f3n Catalunya La Pedrera.<\/span><\/p>\n<p><span style=\"font-weight: 400;\">El Observatori del Montsec (OdM), gestionado por el IEEC y situado en Sant Esteve de la Sarga (Pallars Juss\u00e0), ha acogido a la estudiante Anna Mart\u00ednez. Durante la estancia, trabaj\u00f3 en el an\u00e1lisis de datos de calidad del cielo y pudo profundizar sobre el funcionamiento del Telescopio Joan Or\u00f3 (TJO).<\/span><\/p>\n<p><span style=\"font-weight: 400;\">Por otro lado, el grupo <\/span><a href=\"https:\/\/www.ice.csic.es\/research\/theory-observations?view=article&amp;id=208&amp;catid=2\" target=\"_blank\" rel=\"noopener\"><span style=\"font-weight: 400;\">Supernovae and Stellar Transients<\/span><\/a><span style=\"font-weight: 400;\">, del <\/span><a href=\"https:\/\/www.ice.csic.es\/\" target=\"_blank\" rel=\"noopener\"><span style=\"font-weight: 400;\">Instituto de Ciencias del Espacio<\/span><\/a><span style=\"font-weight: 400;\"> (ICE-CSIC), recibi\u00f3 a Joan Alcaide. El estudiante ha podido aprender sobre c\u00f3mo las supernovas de tipo Ia sirven de indicadores de distancia en el espacio. \u00abPodremos utilizar el trabajo que ha hecho Joan en nuestra investigaci\u00f3n\u00bb, asegura Llu\u00eds Galbany, investigador principal del grupo.<\/span><\/p>\n<p>[\/et_pb_text][\/et_pb_column][\/et_pb_row][et_pb_row column_structure=\u00bb1_2,1_2&#8243; _builder_version=\u00bb4.14.8&#8243; _module_preset=\u00bbdefault\u00bb global_colors_info=\u00bb{}\u00bb][et_pb_column type=\u00bb1_2&#8243; _builder_version=\u00bb4.14.8&#8243; _module_preset=\u00bbdefault\u00bb global_colors_info=\u00bb{}\u00bb][et_pb_text _builder_version=\u00bb4.14.8&#8243; _module_preset=\u00bbdefault\u00bb hover_enabled=\u00bb0&#8243; global_colors_info=\u00bb{}\u00bb sticky_enabled=\u00bb0&#8243;]<\/p>\n<p><span style=\"font-weight: 400;\">Estas estancias, adem\u00e1s de <\/span><b>proporcionar un aprendizaje t\u00e9cnico muy valioso, tambi\u00e9n desarrollan habilidades muy presentes en la investigaci\u00f3n como la comunicaci\u00f3n, la colaboraci\u00f3n y la toma de decisiones<\/b><span style=\"font-weight: 400;\">. Como apunta Gemma Dom\u00e8nech, astr\u00f3noma de apoyo y operaciones en el OdM, \u00abes una iniciativa muy relevante porque no hay muchas oportunidades para j\u00f3venes en centros de investigaci\u00f3n\u00bb.<\/span><\/p>\n<p><span style=\"font-weight: 400;\">El verano pasado, <\/span><a href=\"https:\/\/www.ieec.cat\/es\/el-ieec-y-el-programa-jovenes-y-ciencia-llevan-el-mundo-espacio-satelites-jovenes-catalanes\/\"><span style=\"font-weight: 400;\">el IEEC tambi\u00e9n acompa\u00f1\u00f3 a diez j\u00f3venes de 4.\u00ba de ESO<\/span><\/a><span style=\"font-weight: 400;\"> en la primera fase del programa J\u00f3venes y Ciencia, realizada en el centro M\u00f3nNatura Pirineus. Los estudiantes conocieron de primera mano el mundo del espacio y los sat\u00e9lites con varias actividades dirigidas por expertos. El pr\u00f3ximo verano, estos estudiantes tendr\u00e1n la oportunidad de incorporarse a un equipo investigador para continuar precisamente con la segunda fase del programa. Posteriormente, en la tercera y \u00faltima fase, los estudiantes buscar\u00e1n un proyecto de investigaci\u00f3n que se ajuste a sus preferencias en un centro de investigaci\u00f3n o en un programa de ciencia internacional.<\/span><\/p>\n<p>[\/et_pb_text][\/et_pb_column][et_pb_column type=\u00bb1_2&#8243; _builder_version=\u00bb4.14.8&#8243; _module_preset=\u00bbdefault\u00bb global_colors_info=\u00bb{}\u00bb][et_pb_image src=\u00bbhttps:\/\/www.ieec.cat\/wp-content\/uploads\/2024\/10\/Joan-Alcaide_32.jpeg\u00bb _builder_version=\u00bb4.14.8&#8243; _module_preset=\u00bbdefault\u00bb custom_margin=\u00bb||1px|||\u00bb global_colors_info=\u00bb{}\u00bb][\/et_pb_image][et_pb_text _builder_version=\u00bb4.14.8&#8243; _module_preset=\u00bbdefault\u00bb text_font=\u00bb||||||||\u00bb text_font_size=\u00bb15px\u00bb text_line_height=\u00bb1.1em\u00bb background_color=\u00bbrgba(64,111,218,0.15)\u00bb custom_margin=\u00bb0px||||false|false\u00bb custom_padding=\u00bb30px|20px|30px|20px|true|true\u00bb hover_enabled=\u00bb0&#8243; global_colors_info=\u00bb{}\u00bb sticky_enabled=\u00bb0&#8243;]<\/p>\n<p><strong>Leyenda:<\/strong> <span style=\"font-weight: 400;\">El estudiante Joan Alcaide se incorpor\u00f3 al grupo de Supernovas y transitorios estelares, liderado por Llu\u00eds Galbany.<\/span><br \/><span style=\"font-weight: 400;\"><strong>Cr\u00e9ditos:<\/strong> ICE-CSIC.<\/span><\/p>\n<p>[\/et_pb_text][\/et_pb_column][\/et_pb_row][\/et_pb_section]<\/p>\n","protected":false},"excerpt":{"rendered":"<p>Leyenda: La estudiante Anna Mart\u00ednez con el equipo del Observatori del Montsec (OdM).Cr\u00e9ditos: OdM.El Institut d\u2019Estudis Espacials de Catalunya (IEEC) acogi\u00f3 el pasado verano a dos estudiantes de bachillerato en unas estancias que los han sumergido de lleno en el d\u00eda a d\u00eda de un equipo investigador. La iniciativa se corresponde con la segunda fase [&hellip;]<\/p>\n","protected":false},"author":5,"featured_media":31579,"comment_status":"closed","ping_status":"closed","sticky":false,"template":"","format":"standard","meta":{"_et_pb_use_builder":"on","_et_pb_old_content":"","_et_gb_content_width":"","footnotes":""},"categories":[70,137,134,113,81],"tags":[],"class_list":["post-31593","post","type-post","status-publish","format-standard","has-post-thumbnail","hentry","category-anuncios","category-montsec-es-3","category-newspace-es-2","category-noticia-destacada-pequena","category-talento"],"yoast_head":"<!-- This site is optimized with the Yoast SEO plugin v27.4 - https:\/\/yoast.com\/product\/yoast-seo-wordpress\/ -->\n<title>El IEEC acoge a dos estudiantes de bachillerato a trav\u00e9s del programa &#039;J\u00f3venes y Ciencia&#039; - IEEC<\/title>\n<meta name=\"robots\" content=\"index, follow, max-snippet:-1, max-image-preview:large, max-video-preview:-1\" \/>\n<link rel=\"canonical\" href=\"https:\/\/www.ieec.cat\/es\/el-ieec-acoge-a-dos-estudiantes-de-bachillerato-a-traves-del-programa-jovenes-y-ciencia\/\" \/>\n<meta property=\"og:locale\" content=\"es_ES\" \/>\n<meta property=\"og:type\" content=\"article\" \/>\n<meta property=\"og:title\" content=\"El IEEC acoge a dos estudiantes de bachillerato a trav\u00e9s del programa &#039;J\u00f3venes y Ciencia&#039; - IEEC\" \/>\n<meta property=\"og:description\" content=\"Leyenda: La estudiante Anna Mart\u00ednez con el equipo del Observatori del Montsec (OdM).Cr\u00e9ditos: OdM.El Institut d\u2019Estudis Espacials de Catalunya (IEEC) acogi\u00f3 el pasado verano a dos estudiantes de bachillerato en unas estancias que los han sumergido de lleno en el d\u00eda a d\u00eda de un equipo investigador. La iniciativa se corresponde con la segunda fase [&hellip;]\" \/>\n<meta property=\"og:url\" content=\"https:\/\/www.ieec.cat\/es\/el-ieec-acoge-a-dos-estudiantes-de-bachillerato-a-traves-del-programa-jovenes-y-ciencia\/\" \/>\n<meta property=\"og:site_name\" content=\"IEEC\" \/>\n<meta property=\"article:published_time\" content=\"2024-10-30T10:18:40+00:00\" \/>\n<meta property=\"article:modified_time\" content=\"2024-10-30T10:18:41+00:00\" \/>\n<meta property=\"og:image\" content=\"https:\/\/www.ieec.cat\/wp-content\/uploads\/2024\/10\/Anna-Martinez_r.jpg\" \/>\n\t<meta property=\"og:image:width\" content=\"2048\" \/>\n\t<meta property=\"og:image:height\" content=\"1256\" \/>\n\t<meta property=\"og:image:type\" content=\"image\/jpeg\" \/>\n<meta name=\"author\" content=\"Francisco Panyos\" \/>\n<meta name=\"twitter:card\" content=\"summary_large_image\" \/>\n<meta name=\"twitter:label1\" content=\"Escrito por\" \/>\n\t<meta name=\"twitter:data1\" content=\"Francisco Panyos\" \/>\n\t<meta name=\"twitter:label2\" content=\"Tiempo de lectura\" \/>\n\t<meta name=\"twitter:data2\" content=\"3 minutos\" \/>\n<script type=\"application\/ld+json\" class=\"yoast-schema-graph\">{\"@context\":\"https:\\\/\\\/schema.org\",\"@graph\":[{\"@type\":\"Article\",\"@id\":\"https:\\\/\\\/www.ieec.cat\\\/es\\\/el-ieec-acoge-a-dos-estudiantes-de-bachillerato-a-traves-del-programa-jovenes-y-ciencia\\\/#article\",\"isPartOf\":{\"@id\":\"https:\\\/\\\/www.ieec.cat\\\/es\\\/el-ieec-acoge-a-dos-estudiantes-de-bachillerato-a-traves-del-programa-jovenes-y-ciencia\\\/\"},\"author\":{\"name\":\"Francisco Panyos\",\"@id\":\"https:\\\/\\\/www.ieec.cat\\\/es\\\/#\\\/schema\\\/person\\\/66f3943e2fdb094349ad344043ede870\"},\"headline\":\"El IEEC acoge a dos estudiantes de bachillerato a trav\u00e9s del programa &#8216;J\u00f3venes y Ciencia&#8217;\",\"datePublished\":\"2024-10-30T10:18:40+00:00\",\"dateModified\":\"2024-10-30T10:18:41+00:00\",\"mainEntityOfPage\":{\"@id\":\"https:\\\/\\\/www.ieec.cat\\\/es\\\/el-ieec-acoge-a-dos-estudiantes-de-bachillerato-a-traves-del-programa-jovenes-y-ciencia\\\/\"},\"wordCount\":992,\"image\":{\"@id\":\"https:\\\/\\\/www.ieec.cat\\\/es\\\/el-ieec-acoge-a-dos-estudiantes-de-bachillerato-a-traves-del-programa-jovenes-y-ciencia\\\/#primaryimage\"},\"thumbnailUrl\":\"https:\\\/\\\/www.ieec.cat\\\/wp-content\\\/uploads\\\/2024\\\/10\\\/Anna-Martinez_r.jpg\",\"articleSection\":[\"Anuncios\",\"Montsec\",\"NewSpace\",\"Noticia destacada peque\u00f1a\",\"Talento\"],\"inLanguage\":\"es\"},{\"@type\":\"WebPage\",\"@id\":\"https:\\\/\\\/www.ieec.cat\\\/es\\\/el-ieec-acoge-a-dos-estudiantes-de-bachillerato-a-traves-del-programa-jovenes-y-ciencia\\\/\",\"url\":\"https:\\\/\\\/www.ieec.cat\\\/es\\\/el-ieec-acoge-a-dos-estudiantes-de-bachillerato-a-traves-del-programa-jovenes-y-ciencia\\\/\",\"name\":\"El IEEC acoge a dos estudiantes de bachillerato a trav\u00e9s del programa 'J\u00f3venes y Ciencia' - IEEC\",\"isPartOf\":{\"@id\":\"https:\\\/\\\/www.ieec.cat\\\/es\\\/#website\"},\"primaryImageOfPage\":{\"@id\":\"https:\\\/\\\/www.ieec.cat\\\/es\\\/el-ieec-acoge-a-dos-estudiantes-de-bachillerato-a-traves-del-programa-jovenes-y-ciencia\\\/#primaryimage\"},\"image\":{\"@id\":\"https:\\\/\\\/www.ieec.cat\\\/es\\\/el-ieec-acoge-a-dos-estudiantes-de-bachillerato-a-traves-del-programa-jovenes-y-ciencia\\\/#primaryimage\"},\"thumbnailUrl\":\"https:\\\/\\\/www.ieec.cat\\\/wp-content\\\/uploads\\\/2024\\\/10\\\/Anna-Martinez_r.jpg\",\"datePublished\":\"2024-10-30T10:18:40+00:00\",\"dateModified\":\"2024-10-30T10:18:41+00:00\",\"author\":{\"@id\":\"https:\\\/\\\/www.ieec.cat\\\/es\\\/#\\\/schema\\\/person\\\/66f3943e2fdb094349ad344043ede870\"},\"breadcrumb\":{\"@id\":\"https:\\\/\\\/www.ieec.cat\\\/es\\\/el-ieec-acoge-a-dos-estudiantes-de-bachillerato-a-traves-del-programa-jovenes-y-ciencia\\\/#breadcrumb\"},\"inLanguage\":\"es\",\"potentialAction\":[{\"@type\":\"ReadAction\",\"target\":[\"https:\\\/\\\/www.ieec.cat\\\/es\\\/el-ieec-acoge-a-dos-estudiantes-de-bachillerato-a-traves-del-programa-jovenes-y-ciencia\\\/\"]}]},{\"@type\":\"ImageObject\",\"inLanguage\":\"es\",\"@id\":\"https:\\\/\\\/www.ieec.cat\\\/es\\\/el-ieec-acoge-a-dos-estudiantes-de-bachillerato-a-traves-del-programa-jovenes-y-ciencia\\\/#primaryimage\",\"url\":\"https:\\\/\\\/www.ieec.cat\\\/wp-content\\\/uploads\\\/2024\\\/10\\\/Anna-Martinez_r.jpg\",\"contentUrl\":\"https:\\\/\\\/www.ieec.cat\\\/wp-content\\\/uploads\\\/2024\\\/10\\\/Anna-Martinez_r.jpg\",\"width\":2048,\"height\":1256},{\"@type\":\"BreadcrumbList\",\"@id\":\"https:\\\/\\\/www.ieec.cat\\\/es\\\/el-ieec-acoge-a-dos-estudiantes-de-bachillerato-a-traves-del-programa-jovenes-y-ciencia\\\/#breadcrumb\",\"itemListElement\":[{\"@type\":\"ListItem\",\"position\":1,\"name\":\"Portada\",\"item\":\"https:\\\/\\\/www.ieec.cat\\\/es\\\/\"},{\"@type\":\"ListItem\",\"position\":2,\"name\":\"El IEEC acoge a dos estudiantes de bachillerato a trav\u00e9s del programa &#8216;J\u00f3venes y Ciencia&#8217;\"}]},{\"@type\":\"WebSite\",\"@id\":\"https:\\\/\\\/www.ieec.cat\\\/es\\\/#website\",\"url\":\"https:\\\/\\\/www.ieec.cat\\\/es\\\/\",\"name\":\"IEEC\",\"description\":\"Institut d&#039;Estudis Espacials de Catalunya\",\"potentialAction\":[{\"@type\":\"SearchAction\",\"target\":{\"@type\":\"EntryPoint\",\"urlTemplate\":\"https:\\\/\\\/www.ieec.cat\\\/es\\\/?s={search_term_string}\"},\"query-input\":{\"@type\":\"PropertyValueSpecification\",\"valueRequired\":true,\"valueName\":\"search_term_string\"}}],\"inLanguage\":\"es\"},{\"@type\":\"Person\",\"@id\":\"https:\\\/\\\/www.ieec.cat\\\/es\\\/#\\\/schema\\\/person\\\/66f3943e2fdb094349ad344043ede870\",\"name\":\"Francisco Panyos\",\"image\":{\"@type\":\"ImageObject\",\"inLanguage\":\"es\",\"@id\":\"https:\\\/\\\/secure.gravatar.com\\\/avatar\\\/526157a3fe3c965ab680e104b6fe47df151d5d607c86c2744324613bf4c68622?s=96&d=mm&r=g\",\"url\":\"https:\\\/\\\/secure.gravatar.com\\\/avatar\\\/526157a3fe3c965ab680e104b6fe47df151d5d607c86c2744324613bf4c68622?s=96&d=mm&r=g\",\"contentUrl\":\"https:\\\/\\\/secure.gravatar.com\\\/avatar\\\/526157a3fe3c965ab680e104b6fe47df151d5d607c86c2744324613bf4c68622?s=96&d=mm&r=g\",\"caption\":\"Francisco Panyos\"}}]}<\/script>\n<!-- \/ Yoast SEO plugin. -->","yoast_head_json":{"title":"El IEEC acoge a dos estudiantes de bachillerato a trav\u00e9s del programa 'J\u00f3venes y Ciencia' - IEEC","robots":{"index":"index","follow":"follow","max-snippet":"max-snippet:-1","max-image-preview":"max-image-preview:large","max-video-preview":"max-video-preview:-1"},"canonical":"https:\/\/www.ieec.cat\/es\/el-ieec-acoge-a-dos-estudiantes-de-bachillerato-a-traves-del-programa-jovenes-y-ciencia\/","og_locale":"es_ES","og_type":"article","og_title":"El IEEC acoge a dos estudiantes de bachillerato a trav\u00e9s del programa 'J\u00f3venes y Ciencia' - IEEC","og_description":"Leyenda: La estudiante Anna Mart\u00ednez con el equipo del Observatori del Montsec (OdM).Cr\u00e9ditos: OdM.El Institut d\u2019Estudis Espacials de Catalunya (IEEC) acogi\u00f3 el pasado verano a dos estudiantes de bachillerato en unas estancias que los han sumergido de lleno en el d\u00eda a d\u00eda de un equipo investigador. La iniciativa se corresponde con la segunda fase [&hellip;]","og_url":"https:\/\/www.ieec.cat\/es\/el-ieec-acoge-a-dos-estudiantes-de-bachillerato-a-traves-del-programa-jovenes-y-ciencia\/","og_site_name":"IEEC","article_published_time":"2024-10-30T10:18:40+00:00","article_modified_time":"2024-10-30T10:18:41+00:00","og_image":[{"width":2048,"height":1256,"url":"https:\/\/www.ieec.cat\/wp-content\/uploads\/2024\/10\/Anna-Martinez_r.jpg","type":"image\/jpeg"}],"author":"Francisco Panyos","twitter_card":"summary_large_image","twitter_misc":{"Escrito por":"Francisco Panyos","Tiempo de lectura":"3 minutos"},"schema":{"@context":"https:\/\/schema.org","@graph":[{"@type":"Article","@id":"https:\/\/www.ieec.cat\/es\/el-ieec-acoge-a-dos-estudiantes-de-bachillerato-a-traves-del-programa-jovenes-y-ciencia\/#article","isPartOf":{"@id":"https:\/\/www.ieec.cat\/es\/el-ieec-acoge-a-dos-estudiantes-de-bachillerato-a-traves-del-programa-jovenes-y-ciencia\/"},"author":{"name":"Francisco Panyos","@id":"https:\/\/www.ieec.cat\/es\/#\/schema\/person\/66f3943e2fdb094349ad344043ede870"},"headline":"El IEEC acoge a dos estudiantes de bachillerato a trav\u00e9s del programa &#8216;J\u00f3venes y Ciencia&#8217;","datePublished":"2024-10-30T10:18:40+00:00","dateModified":"2024-10-30T10:18:41+00:00","mainEntityOfPage":{"@id":"https:\/\/www.ieec.cat\/es\/el-ieec-acoge-a-dos-estudiantes-de-bachillerato-a-traves-del-programa-jovenes-y-ciencia\/"},"wordCount":992,"image":{"@id":"https:\/\/www.ieec.cat\/es\/el-ieec-acoge-a-dos-estudiantes-de-bachillerato-a-traves-del-programa-jovenes-y-ciencia\/#primaryimage"},"thumbnailUrl":"https:\/\/www.ieec.cat\/wp-content\/uploads\/2024\/10\/Anna-Martinez_r.jpg","articleSection":["Anuncios","Montsec","NewSpace","Noticia destacada peque\u00f1a","Talento"],"inLanguage":"es"},{"@type":"WebPage","@id":"https:\/\/www.ieec.cat\/es\/el-ieec-acoge-a-dos-estudiantes-de-bachillerato-a-traves-del-programa-jovenes-y-ciencia\/","url":"https:\/\/www.ieec.cat\/es\/el-ieec-acoge-a-dos-estudiantes-de-bachillerato-a-traves-del-programa-jovenes-y-ciencia\/","name":"El IEEC acoge a dos estudiantes de bachillerato a trav\u00e9s del programa 'J\u00f3venes y Ciencia' - IEEC","isPartOf":{"@id":"https:\/\/www.ieec.cat\/es\/#website"},"primaryImageOfPage":{"@id":"https:\/\/www.ieec.cat\/es\/el-ieec-acoge-a-dos-estudiantes-de-bachillerato-a-traves-del-programa-jovenes-y-ciencia\/#primaryimage"},"image":{"@id":"https:\/\/www.ieec.cat\/es\/el-ieec-acoge-a-dos-estudiantes-de-bachillerato-a-traves-del-programa-jovenes-y-ciencia\/#primaryimage"},"thumbnailUrl":"https:\/\/www.ieec.cat\/wp-content\/uploads\/2024\/10\/Anna-Martinez_r.jpg","datePublished":"2024-10-30T10:18:40+00:00","dateModified":"2024-10-30T10:18:41+00:00","author":{"@id":"https:\/\/www.ieec.cat\/es\/#\/schema\/person\/66f3943e2fdb094349ad344043ede870"},"breadcrumb":{"@id":"https:\/\/www.ieec.cat\/es\/el-ieec-acoge-a-dos-estudiantes-de-bachillerato-a-traves-del-programa-jovenes-y-ciencia\/#breadcrumb"},"inLanguage":"es","potentialAction":[{"@type":"ReadAction","target":["https:\/\/www.ieec.cat\/es\/el-ieec-acoge-a-dos-estudiantes-de-bachillerato-a-traves-del-programa-jovenes-y-ciencia\/"]}]},{"@type":"ImageObject","inLanguage":"es","@id":"https:\/\/www.ieec.cat\/es\/el-ieec-acoge-a-dos-estudiantes-de-bachillerato-a-traves-del-programa-jovenes-y-ciencia\/#primaryimage","url":"https:\/\/www.ieec.cat\/wp-content\/uploads\/2024\/10\/Anna-Martinez_r.jpg","contentUrl":"https:\/\/www.ieec.cat\/wp-content\/uploads\/2024\/10\/Anna-Martinez_r.jpg","width":2048,"height":1256},{"@type":"BreadcrumbList","@id":"https:\/\/www.ieec.cat\/es\/el-ieec-acoge-a-dos-estudiantes-de-bachillerato-a-traves-del-programa-jovenes-y-ciencia\/#breadcrumb","itemListElement":[{"@type":"ListItem","position":1,"name":"Portada","item":"https:\/\/www.ieec.cat\/es\/"},{"@type":"ListItem","position":2,"name":"El IEEC acoge a dos estudiantes de bachillerato a trav\u00e9s del programa &#8216;J\u00f3venes y Ciencia&#8217;"}]},{"@type":"WebSite","@id":"https:\/\/www.ieec.cat\/es\/#website","url":"https:\/\/www.ieec.cat\/es\/","name":"IEEC","description":"Institut d&#039;Estudis Espacials de Catalunya","potentialAction":[{"@type":"SearchAction","target":{"@type":"EntryPoint","urlTemplate":"https:\/\/www.ieec.cat\/es\/?s={search_term_string}"},"query-input":{"@type":"PropertyValueSpecification","valueRequired":true,"valueName":"search_term_string"}}],"inLanguage":"es"},{"@type":"Person","@id":"https:\/\/www.ieec.cat\/es\/#\/schema\/person\/66f3943e2fdb094349ad344043ede870","name":"Francisco Panyos","image":{"@type":"ImageObject","inLanguage":"es","@id":"https:\/\/secure.gravatar.com\/avatar\/526157a3fe3c965ab680e104b6fe47df151d5d607c86c2744324613bf4c68622?s=96&d=mm&r=g","url":"https:\/\/secure.gravatar.com\/avatar\/526157a3fe3c965ab680e104b6fe47df151d5d607c86c2744324613bf4c68622?s=96&d=mm&r=g","contentUrl":"https:\/\/secure.gravatar.com\/avatar\/526157a3fe3c965ab680e104b6fe47df151d5d607c86c2744324613bf4c68622?s=96&d=mm&r=g","caption":"Francisco Panyos"}}]}},"_links":{"self":[{"href":"https:\/\/www.ieec.cat\/es\/wp-json\/wp\/v2\/posts\/31593","targetHints":{"allow":["GET"]}}],"collection":[{"href":"https:\/\/www.ieec.cat\/es\/wp-json\/wp\/v2\/posts"}],"about":[{"href":"https:\/\/www.ieec.cat\/es\/wp-json\/wp\/v2\/types\/post"}],"author":[{"embeddable":true,"href":"https:\/\/www.ieec.cat\/es\/wp-json\/wp\/v2\/users\/5"}],"replies":[{"embeddable":true,"href":"https:\/\/www.ieec.cat\/es\/wp-json\/wp\/v2\/comments?post=31593"}],"version-history":[{"count":6,"href":"https:\/\/www.ieec.cat\/es\/wp-json\/wp\/v2\/posts\/31593\/revisions"}],"predecessor-version":[{"id":31618,"href":"https:\/\/www.ieec.cat\/es\/wp-json\/wp\/v2\/posts\/31593\/revisions\/31618"}],"wp:featuredmedia":[{"embeddable":true,"href":"https:\/\/www.ieec.cat\/es\/wp-json\/wp\/v2\/media\/31579"}],"wp:attachment":[{"href":"https:\/\/www.ieec.cat\/es\/wp-json\/wp\/v2\/media?parent=31593"}],"wp:term":[{"taxonomy":"category","embeddable":true,"href":"https:\/\/www.ieec.cat\/es\/wp-json\/wp\/v2\/categories?post=31593"},{"taxonomy":"post_tag","embeddable":true,"href":"https:\/\/www.ieec.cat\/es\/wp-json\/wp\/v2\/tags?post=31593"}],"curies":[{"name":"wp","href":"https:\/\/api.w.org\/{rel}","templated":true}]}}