{"id":32128,"date":"2024-11-20T16:11:38","date_gmt":"2024-11-20T15:11:38","guid":{"rendered":"https:\/\/www.ieec.cat\/?p=32128"},"modified":"2024-11-20T17:27:52","modified_gmt":"2024-11-20T16:27:52","slug":"jornada-de-presentacion-del-phi-labnet-en-madrid-y-de-su-primera-convocatoria-para-la-financiacion-de-proyectos","status":"publish","type":"post","link":"https:\/\/www.ieec.cat\/es\/jornada-de-presentacion-del-phi-labnet-en-madrid-y-de-su-primera-convocatoria-para-la-financiacion-de-proyectos\/","title":{"rendered":"Jornada de presentaci\u00f3n del Phi-LabNET en Madrid y de su primera convocatoria para la financiaci\u00f3n de proyectos"},"content":{"rendered":"<p>[et_pb_section fb_built=\u00bb1&#8243; _builder_version=\u00bb4.16&#8243; _module_preset=\u00bbdefault\u00bb background_image=\u00bbhttps:\/\/www.ieec.cat\/wp-content\/uploads\/2022\/02\/slider-comunicacio.jpg\u00bb max_height=\u00bb130px\u00bb custom_padding=\u00bb0px||0px||false|false\u00bb da_disable_devices=\u00bboff|off|off\u00bb global_colors_info=\u00bb{}\u00bb da_is_popup=\u00bboff\u00bb da_exit_intent=\u00bboff\u00bb da_has_close=\u00bbon\u00bb da_alt_close=\u00bboff\u00bb da_dark_close=\u00bboff\u00bb da_not_modal=\u00bbon\u00bb da_is_singular=\u00bboff\u00bb da_with_loader=\u00bboff\u00bb da_has_shadow=\u00bbon\u00bb][\/et_pb_section][et_pb_section fb_built=\u00bb1&#8243; _builder_version=\u00bb4.16&#8243; _module_preset=\u00bbdefault\u00bb custom_padding=\u00bb24px||11px|||\u00bb da_disable_devices=\u00bboff|off|off\u00bb global_colors_info=\u00bb{}\u00bb da_is_popup=\u00bboff\u00bb da_exit_intent=\u00bboff\u00bb da_has_close=\u00bbon\u00bb da_alt_close=\u00bboff\u00bb da_dark_close=\u00bboff\u00bb da_not_modal=\u00bbon\u00bb da_is_singular=\u00bboff\u00bb da_with_loader=\u00bboff\u00bb da_has_shadow=\u00bbon\u00bb][et_pb_row _builder_version=\u00bb4.16&#8243; _module_preset=\u00bbdefault\u00bb custom_padding=\u00bb||11px||false|false\u00bb global_colors_info=\u00bb{}\u00bb][et_pb_column type=\u00bb4_4&#8243; _builder_version=\u00bb4.16&#8243; _module_preset=\u00bbdefault\u00bb global_colors_info=\u00bb{}\u00bb][et_pb_text admin_label=\u00bbUnitats recerca\u00bb _builder_version=\u00bb4.16&#8243; _dynamic_attributes=\u00bbcontent\u00bb _module_preset=\u00bbdefault\u00bb text_font=\u00bbCairo|700|||||||\u00bb text_font_size=\u00bb16px\u00bb min_height=\u00bb25.6px\u00bb custom_margin=\u00bb||6px|||\u00bb custom_padding=\u00bb||1px|||\u00bb text_font_size_tablet=\u00bb14px\u00bb text_font_size_phone=\u00bb14px\u00bb text_font_size_last_edited=\u00bbon|desktop\u00bb global_colors_info=\u00bb{}\u00bb]@ET-DC@eyJkeW5hbWljIjp0cnVlLCJjb250ZW50IjoiY3VzdG9tX21ldGFfb3JnYW5pemFjaW9uZXMiLCJzZXR0aW5ncyI6eyJiZWZvcmUiOiIiLCJhZnRlciI6IiIsImVuYWJsZV9odG1sIjoib2ZmIn19@[\/et_pb_text][et_pb_post_title meta=\u00bboff\u00bb featured_image=\u00bboff\u00bb _builder_version=\u00bb4.16&#8243; _module_preset=\u00bbdefault\u00bb title_font=\u00bbCairo|300|||||||\u00bb title_font_size=\u00bb40px\u00bb meta_font=\u00bb||on||||||\u00bb meta_font_size=\u00bb16px\u00bb title_font_size_tablet=\u00bb35px\u00bb title_font_size_phone=\u00bb30px\u00bb title_font_size_last_edited=\u00bbon|desktop\u00bb global_colors_info=\u00bb{}\u00bb][\/et_pb_post_title][\/et_pb_column][\/et_pb_row][\/et_pb_section][et_pb_section fb_built=\u00bb1&#8243; _builder_version=\u00bb4.16&#8243; _module_preset=\u00bbdefault\u00bb background_color=\u00bbrgba(30,39,81,0.1)\u00bb custom_padding=\u00bb24px||24px|||\u00bb da_disable_devices=\u00bboff|off|off\u00bb global_colors_info=\u00bb{}\u00bb da_is_popup=\u00bboff\u00bb da_exit_intent=\u00bboff\u00bb da_has_close=\u00bbon\u00bb da_alt_close=\u00bboff\u00bb da_dark_close=\u00bboff\u00bb da_not_modal=\u00bbon\u00bb da_is_singular=\u00bboff\u00bb da_with_loader=\u00bboff\u00bb da_has_shadow=\u00bbon\u00bb][et_pb_row column_structure=\u00bb1_4,1_4,1_4,1_4&#8243; _builder_version=\u00bb4.16&#8243; _module_preset=\u00bbdefault\u00bb custom_padding=\u00bb4px||19px|||\u00bb global_colors_info=\u00bb{}\u00bb][et_pb_column type=\u00bb1_4&#8243; _builder_version=\u00bb4.16&#8243; _module_preset=\u00bbdefault\u00bb global_colors_info=\u00bb{}\u00bb][et_pb_text _builder_version=\u00bb4.27.2&#8243; _module_preset=\u00bbdefault\u00bb text_font=\u00bb|700||on|||||\u00bb text_text_color=\u00bb#406fda\u00bb text_font_size=\u00bb15px\u00bb custom_margin=\u00bb||2px||false|false\u00bb text_font_size_tablet=\u00bb\u00bb text_font_size_phone=\u00bb13px\u00bb text_font_size_last_edited=\u00bbon|phone\u00bb global_colors_info=\u00bb{}\u00bb]<\/p>\n<p>fecha<\/p>\n<p>[\/et_pb_text][et_pb_text _builder_version=\u00bb4.16&#8243; _dynamic_attributes=\u00bbcontent\u00bb _module_preset=\u00bbdefault\u00bb text_font=\u00bbCairo|600|||||||\u00bb text_font_size=\u00bb28px\u00bb custom_margin=\u00bb||||false|false\u00bb text_font_size_tablet=\u00bb\u00bb text_font_size_phone=\u00bb23px\u00bb text_font_size_last_edited=\u00bbon|phone\u00bb global_colors_info=\u00bb{}\u00bb]@ET-DC@eyJkeW5hbWljIjp0cnVlLCJjb250ZW50IjoiY3VzdG9tX21ldGFfZmVjaGFfZXZlbnRvIiwic2V0dGluZ3MiOnsiYmVmb3JlIjoiIiwiYWZ0ZXIiOiIiLCJlbmFibGVfaHRtbCI6Im9mZiJ9fQ==@[\/et_pb_text][\/et_pb_column][et_pb_column type=\u00bb1_4&#8243; _builder_version=\u00bb4.16&#8243; _module_preset=\u00bbdefault\u00bb global_colors_info=\u00bb{}\u00bb][et_pb_text _builder_version=\u00bb4.16&#8243; _module_preset=\u00bbdefault\u00bb text_font=\u00bb|700||on|||||\u00bb text_text_color=\u00bb#406fda\u00bb text_font_size=\u00bb15px\u00bb custom_margin=\u00bb||2px||false|false\u00bb text_font_size_tablet=\u00bb\u00bb text_font_size_phone=\u00bb13px\u00bb text_font_size_last_edited=\u00bbon|phone\u00bb locked=\u00bboff\u00bb global_colors_info=\u00bb{}\u00bb]hora[\/et_pb_text][et_pb_text _builder_version=\u00bb4.16&#8243; _dynamic_attributes=\u00bbcontent\u00bb _module_preset=\u00bbdefault\u00bb text_font=\u00bbCairo|600|||||||\u00bb text_font_size=\u00bb28px\u00bb custom_margin=\u00bb||||false|false\u00bb text_font_size_tablet=\u00bb\u00bb text_font_size_phone=\u00bb23px\u00bb text_font_size_last_edited=\u00bbon|phone\u00bb locked=\u00bboff\u00bb global_colors_info=\u00bb{}\u00bb]@ET-DC@eyJkeW5hbWljIjp0cnVlLCJjb250ZW50IjoiY3VzdG9tX21ldGFfaG9yYV9ldmVudG8iLCJzZXR0aW5ncyI6eyJiZWZvcmUiOiIiLCJhZnRlciI6IiIsImVuYWJsZV9odG1sIjoib2ZmIn19@[\/et_pb_text][\/et_pb_column][et_pb_column type=\u00bb1_4&#8243; _builder_version=\u00bb4.16&#8243; _module_preset=\u00bbdefault\u00bb global_colors_info=\u00bb{}\u00bb][et_pb_text _builder_version=\u00bb4.27.2&#8243; _module_preset=\u00bbdefault\u00bb text_font=\u00bb|700||on|||||\u00bb text_text_color=\u00bb#406fda\u00bb text_font_size=\u00bb15px\u00bb custom_margin=\u00bb||2px||false|false\u00bb text_font_size_tablet=\u00bb\u00bb text_font_size_phone=\u00bb13px\u00bb text_font_size_last_edited=\u00bbon|phone\u00bb locked=\u00bboff\u00bb global_colors_info=\u00bb{}\u00bb]<\/p>\n<p>lugar<\/p>\n<p>[\/et_pb_text][et_pb_text _builder_version=\u00bb4.16&#8243; _dynamic_attributes=\u00bbcontent\u00bb _module_preset=\u00bbdefault\u00bb text_font=\u00bbCairo|600|||||||\u00bb text_font_size=\u00bb28px\u00bb custom_margin=\u00bb||||false|false\u00bb text_font_size_tablet=\u00bb\u00bb text_font_size_phone=\u00bb23px\u00bb text_font_size_last_edited=\u00bbon|phone\u00bb locked=\u00bboff\u00bb global_colors_info=\u00bb{}\u00bb]@ET-DC@eyJkeW5hbWljIjp0cnVlLCJjb250ZW50IjoiY3VzdG9tX21ldGFfbHVnYXJfZXZlbnRvIiwic2V0dGluZ3MiOnsiYmVmb3JlIjoiIiwiYWZ0ZXIiOiIiLCJlbmFibGVfaHRtbCI6Im9mZiJ9fQ==@[\/et_pb_text][\/et_pb_column][et_pb_column type=\u00bb1_4&#8243; _builder_version=\u00bb4.16&#8243; _module_preset=\u00bbdefault\u00bb global_colors_info=\u00bb{}\u00bb][\/et_pb_column][\/et_pb_row][\/et_pb_section][et_pb_section fb_built=\u00bb1&#8243; _builder_version=\u00bb4.16&#8243; _module_preset=\u00bbdefault\u00bb custom_padding=\u00bb26px||8px|||\u00bb da_disable_devices=\u00bboff|off|off\u00bb global_colors_info=\u00bb{}\u00bb da_is_popup=\u00bboff\u00bb da_exit_intent=\u00bboff\u00bb da_has_close=\u00bbon\u00bb da_alt_close=\u00bboff\u00bb da_dark_close=\u00bboff\u00bb da_not_modal=\u00bbon\u00bb da_is_singular=\u00bboff\u00bb da_with_loader=\u00bboff\u00bb da_has_shadow=\u00bbon\u00bb][et_pb_row column_structure=\u00bb1_2,1_2&#8243; _builder_version=\u00bb4.16&#8243; _module_preset=\u00bbdefault\u00bb min_height=\u00bb524.6px\u00bb custom_padding=\u00bb13px|||||\u00bb locked=\u00bboff\u00bb global_colors_info=\u00bb{}\u00bb][et_pb_column type=\u00bb1_2&#8243; _builder_version=\u00bb4.16&#8243; _module_preset=\u00bbdefault\u00bb global_colors_info=\u00bb{}\u00bb][et_pb_image src=\u00bbhttps:\/\/www.ieec.cat\/wp-content\/uploads\/2024\/11\/Imatge-presentacio-Phi-Lab-FGCSIC-Madrid.jpg\u00bb _builder_version=\u00bb4.27.2&#8243; _module_preset=\u00bbdefault\u00bb global_colors_info=\u00bb{}\u00bb][\/et_pb_image][et_pb_button button_url=\u00bbhttps:\/\/fgcsic.es\/wp-content\/uploads\/2024\/11\/FGCSIC_PROGRAMA_PRESENTACI%C3%93N_PHILAB_NET_SPAIN.pdf\u00bb url_new_window=\u00bbon\u00bb button_text=\u00bbPrograma\u00bb button_alignment=\u00bbcenter\u00bb _builder_version=\u00bb4.27.2&#8243; _module_preset=\u00bbdefault\u00bb custom_button=\u00bbon\u00bb button_text_color=\u00bb#1a1140&#8243; button_bg_color=\u00bbrgba(26,17,64,0.1)\u00bb button_font=\u00bb|||on|||||\u00bb button_on_hover=\u00bboff\u00bb custom_margin=\u00bb30px||||false|false\u00bb custom_padding=\u00bb12px|45px|12px|35px|true|false\u00bb locked=\u00bboff\u00bb global_colors_info=\u00bb{}\u00bb button_bg_color__hover_enabled=\u00bbon|hover\u00bb button_bg_color__hover=\u00bb#406fda\u00bb button_bg_enable_color__hover=\u00bbon\u00bb button_text_color__hover_enabled=\u00bbon|hover\u00bb button_text_color__hover=\u00bb#FFFFFF\u00bb][\/et_pb_button][\/et_pb_column][et_pb_column type=\u00bb1_2&#8243; _builder_version=\u00bb4.16&#8243; _module_preset=\u00bbdefault\u00bb global_colors_info=\u00bb{}\u00bb][et_pb_text _builder_version=\u00bb4.27.2&#8243; _module_preset=\u00bbdefault\u00bb link_font=\u00bb|700|||on||||\u00bb hover_enabled=\u00bb0&#8243; global_colors_info=\u00bb{}\u00bb sticky_enabled=\u00bb0&#8243;]<\/p>\n<p><span style=\"font-weight: 400;\">La Fundaci\u00f3n General CSIC (FGCSIC) organiza este acto de presentaci\u00f3n de la primera convocatoria de financiaci\u00f3n del Phi-LabNET Spain, una nueva infraestructura dedicada a impulsar la innovaci\u00f3n espacial dentro del Programa ScaleUp de la <\/span><a href=\"https:\/\/www.esa.int\/\"><span style=\"font-weight: 400;\">Agencia Espacial Europea<\/span><\/a><span style=\"font-weight: 400;\"> (ESA), que se coordina desde el <\/span><a href=\"https:\/\/www.ieec.cat\/\"><span style=\"font-weight: 400;\">Institut d\u2019Estudis Espacials de Catalunya<\/span><\/a><span style=\"font-weight: 400;\"> (IEEC) y que tendr\u00e1 una duraci\u00f3n de seis a\u00f1os. El acto se celebrar\u00e1 en la sala de prensa del CSIC (c\/ Serrano 113, Madrid 28006).\u00a0<\/span><\/p>\n<p><span style=\"font-weight: 400;\">El <\/span><b>Phi-LabNET Spain@Barcelona,<\/b><span style=\"font-weight: 400;\"> que <\/span><a href=\"https:\/\/www.ieec.cat\/es\/espana-lanza-el-phi-labnet-de-la-esa-en-barcelona-para-impulsar-la-innovacion-espacial\/\"><span style=\"font-weight: 400;\">ya fue presentado durante el pasado NewSpace Economy Congress<\/span><\/a><span style=\"font-weight: 400;\"> celebrado en Barcelona el pasado mes de octubre, ser\u00e1 desarrollado por un consorcio de entidades destacadas del sector \u2014entre ellas la propia FGCSIC\u2014 que se dedicar\u00e1 a dar soporte a proyectos innovadores y disruptivos con potencial de mercado en el \u00e1mbito de las tecnolog\u00edas espaciales y su aplicaci\u00f3n para impulsar la resiliencia clim\u00e1tica mediante una serie de convocatorias de financiaci\u00f3n.\u00a0<\/span><\/p>\n<p><span style=\"font-weight: 400;\">Durante la jornada del d\u00eda <\/span><b>27 de noviembre<\/b><span style=\"font-weight: 400;\">, que por parte del IEEC contar\u00e1 con la participaci\u00f3n de Pepa Sed\u00f3, responsable de la Oficina de Desarrollo e Innovaci\u00f3n (ODIN) del IEEC y coordinadora principal del Phi-LabNET Spain y Josep Colom\u00e9, director del \u00c1rea de Promoci\u00f3n del Sector Espacial de Catalunya (APEC), se presentar\u00e1 la primera de estas convocatorias de financiaci\u00f3n.<\/span><\/p>\n<p><span style=\"font-weight: 400;\">El <\/span><b>Phi-LabNET Spain@Barcelona<\/b><span style=\"font-weight: 400;\"> cuenta con el apoyo de la Agencia Espacial Espa\u00f1ola (AEE) i la Generalitat de Catalunya.<\/span><\/p>\n<p>[\/et_pb_text][\/et_pb_column][\/et_pb_row][et_pb_row column_structure=\u00bb2_5,3_5&#8243; _builder_version=\u00bb4.16&#8243; _module_preset=\u00bbdefault\u00bb background_color=\u00bb#406fda\u00bb custom_padding=\u00bb40px|40px|40px|40px|true|true\u00bb global_colors_info=\u00bb{}\u00bb][et_pb_column type=\u00bb2_5&#8243; _builder_version=\u00bb4.16&#8243; _module_preset=\u00bbdefault\u00bb global_colors_info=\u00bb{}\u00bb][et_pb_text _builder_version=\u00bb4.27.2&#8243; _module_preset=\u00bbdefault\u00bb text_font=\u00bbCairo|700|||||||\u00bb text_text_color=\u00bb#FFFFFF\u00bb text_font_size=\u00bb22px\u00bb custom_margin=\u00bb||18px|||\u00bb global_colors_info=\u00bb{}\u00bb]<\/p>\n<p>Organizado por:<\/p>\n<p>[\/et_pb_text][et_pb_text _builder_version=\u00bb4.27.2&#8243; _module_preset=\u00bbdefault\u00bb text_font=\u00bb|700|||||||\u00bb text_text_color=\u00bb#FFFFFF\u00bb global_colors_info=\u00bb{}\u00bb]<\/p>\n<p>Fundaci\u00f3n General CSIC (FGCSIC)<\/p>\n<p>[\/et_pb_text][et_pb_text _builder_version=\u00bb4.27.2&#8243; _module_preset=\u00bbdefault\u00bb text_font=\u00bbCairo|700|||||||\u00bb text_text_color=\u00bb#FFFFFF\u00bb text_font_size=\u00bb22px\u00bb custom_margin=\u00bb||18px|||\u00bb global_colors_info=\u00bb{}\u00bb]<\/p>\n<p>Colaboradores:<\/p>\n<p>[\/et_pb_text][et_pb_text _builder_version=\u00bb4.27.2&#8243; _module_preset=\u00bbdefault\u00bb text_font=\u00bb|700|||||||\u00bb text_text_color=\u00bb#FFFFFF\u00bb global_colors_info=\u00bb{}\u00bb]<\/p>\n<p>IEEC<\/p>\n<p>[\/et_pb_text][et_pb_button button_url=\u00bbhttps:\/\/fgcsic.es\/convocatoria-evento\/jornada-de-presentacion-phi-lab-net-spain\/\u00bb url_new_window=\u00bbon\u00bb button_text=\u00bbinscripciones\u00bb button_alignment=\u00bbleft\u00bb _builder_version=\u00bb4.27.2&#8243; _module_preset=\u00bbdefault\u00bb custom_button=\u00bbon\u00bb button_text_color=\u00bb#1a1140&#8243; button_bg_color=\u00bb#FFFFFF\u00bb button_font=\u00bb|||on|||||\u00bb button_on_hover=\u00bboff\u00bb custom_margin=\u00bb30px||||false|false\u00bb custom_padding=\u00bb12px|45px|12px|35px|true|false\u00bb locked=\u00bboff\u00bb global_colors_info=\u00bb{}\u00bb button_bg_color__hover_enabled=\u00bbon|hover\u00bb button_bg_color__hover=\u00bb#1a1140&#8243; button_bg_enable_color__hover=\u00bbon\u00bb button_text_color__hover_enabled=\u00bbon|hover\u00bb button_text_color__hover=\u00bb#FFFFFF\u00bb][\/et_pb_button][\/et_pb_column][et_pb_column type=\u00bb3_5&#8243; _builder_version=\u00bb4.16&#8243; _module_preset=\u00bbdefault\u00bb global_colors_info=\u00bb{}\u00bb][et_pb_text _builder_version=\u00bb4.27.2&#8243; _module_preset=\u00bbdefault\u00bb text_font=\u00bbCairo|700|||||||\u00bb text_text_color=\u00bb#FFFFFF\u00bb text_font_size=\u00bb22px\u00bb custom_margin=\u00bb||18px|||\u00bb locked=\u00bboff\u00bb global_colors_info=\u00bb{}\u00bb]<\/p>\n<p>Objetivos:<\/p>\n<p>[\/et_pb_text][et_pb_text _builder_version=\u00bb4.27.2&#8243; _module_preset=\u00bbdefault\u00bb text_font=\u00bb||on||||||\u00bb text_text_color=\u00bb#FFFFFF\u00bb global_colors_info=\u00bb{}\u00bb]<\/p>\n<p><span style=\"font-weight: 400;\">Presentaci\u00f3n en Madrid del Phi-LabNET Spain@Barcelona y de su primera convocatoria de financiaci\u00f3n de proyectos.<\/span><\/p>\n<p>[\/et_pb_text][\/et_pb_column][\/et_pb_row][\/et_pb_section]<\/p>\n","protected":false},"excerpt":{"rendered":"<p>fechahoralugarLa Fundaci\u00f3n General CSIC (FGCSIC) organiza este acto de presentaci\u00f3n de la primera convocatoria de financiaci\u00f3n del Phi-LabNET Spain, una nueva infraestructura dedicada a impulsar la innovaci\u00f3n espacial dentro del Programa ScaleUp de la Agencia Espacial Europea (ESA), que se coordina desde el Institut d\u2019Estudis Espacials de Catalunya (IEEC) y que tendr\u00e1 una duraci\u00f3n de [&hellip;]<\/p>\n","protected":false},"author":7,"featured_media":32173,"comment_status":"closed","ping_status":"closed","sticky":false,"template":"","format":"standard","meta":{"_et_pb_use_builder":"on","_et_pb_old_content":"","_et_gb_content_width":"","footnotes":""},"categories":[73,142,145],"tags":[],"class_list":["post-32128","post","type-post","status-publish","format-standard","has-post-thumbnail","hentry","category-eventos","category-jornada-es","category-newspace-es-3"],"yoast_head":"<!-- This site is optimized with the Yoast SEO plugin v27.4 - https:\/\/yoast.com\/product\/yoast-seo-wordpress\/ -->\n<title>Jornada de presentaci\u00f3n del Phi-LabNET en Madrid y de su primera convocatoria para la financiaci\u00f3n de proyectos - IEEC<\/title>\n<meta name=\"robots\" content=\"index, follow, max-snippet:-1, max-image-preview:large, max-video-preview:-1\" \/>\n<link rel=\"canonical\" href=\"https:\/\/www.ieec.cat\/es\/jornada-de-presentacion-del-phi-labnet-en-madrid-y-de-su-primera-convocatoria-para-la-financiacion-de-proyectos\/\" \/>\n<meta property=\"og:locale\" content=\"es_ES\" \/>\n<meta property=\"og:type\" content=\"article\" \/>\n<meta property=\"og:title\" content=\"Jornada de presentaci\u00f3n del Phi-LabNET en Madrid y de su primera convocatoria para la financiaci\u00f3n de proyectos - IEEC\" \/>\n<meta property=\"og:description\" content=\"fechahoralugarLa Fundaci\u00f3n General CSIC (FGCSIC) organiza este acto de presentaci\u00f3n de la primera convocatoria de financiaci\u00f3n del Phi-LabNET Spain, una nueva infraestructura dedicada a impulsar la innovaci\u00f3n espacial dentro del Programa ScaleUp de la Agencia Espacial Europea (ESA), que se coordina desde el Institut d\u2019Estudis Espacials de Catalunya (IEEC) y que tendr\u00e1 una duraci\u00f3n de [&hellip;]\" \/>\n<meta property=\"og:url\" content=\"https:\/\/www.ieec.cat\/es\/jornada-de-presentacion-del-phi-labnet-en-madrid-y-de-su-primera-convocatoria-para-la-financiacion-de-proyectos\/\" \/>\n<meta property=\"og:site_name\" content=\"IEEC\" \/>\n<meta property=\"article:published_time\" content=\"2024-11-20T15:11:38+00:00\" \/>\n<meta property=\"article:modified_time\" content=\"2024-11-20T16:27:52+00:00\" \/>\n<meta property=\"og:image\" content=\"https:\/\/www.ieec.cat\/wp-content\/uploads\/2024\/11\/Phi-Lab-FGCSIC-Madrid-Adaptada-V0-1.jpg\" \/>\n\t<meta property=\"og:image:width\" content=\"1000\" \/>\n\t<meta property=\"og:image:height\" content=\"600\" \/>\n\t<meta property=\"og:image:type\" content=\"image\/jpeg\" \/>\n<meta name=\"author\" content=\"Javier Bueno\" \/>\n<meta name=\"twitter:card\" content=\"summary_large_image\" \/>\n<meta name=\"twitter:label1\" content=\"Escrito por\" \/>\n\t<meta name=\"twitter:data1\" content=\"Javier Bueno\" \/>\n\t<meta name=\"twitter:label2\" content=\"Tiempo de lectura\" \/>\n\t<meta name=\"twitter:data2\" content=\"8 minutos\" \/>\n<script type=\"application\/ld+json\" class=\"yoast-schema-graph\">{\"@context\":\"https:\\\/\\\/schema.org\",\"@graph\":[{\"@type\":\"Article\",\"@id\":\"https:\\\/\\\/www.ieec.cat\\\/es\\\/jornada-de-presentacion-del-phi-labnet-en-madrid-y-de-su-primera-convocatoria-para-la-financiacion-de-proyectos\\\/#article\",\"isPartOf\":{\"@id\":\"https:\\\/\\\/www.ieec.cat\\\/es\\\/jornada-de-presentacion-del-phi-labnet-en-madrid-y-de-su-primera-convocatoria-para-la-financiacion-de-proyectos\\\/\"},\"author\":{\"name\":\"Javier Bueno\",\"@id\":\"https:\\\/\\\/www.ieec.cat\\\/es\\\/#\\\/schema\\\/person\\\/322a07f3c26d150fb0ab2c84181ced4c\"},\"headline\":\"Jornada de presentaci\u00f3n del Phi-LabNET en Madrid y de su primera convocatoria para la financiaci\u00f3n de proyectos\",\"datePublished\":\"2024-11-20T15:11:38+00:00\",\"dateModified\":\"2024-11-20T16:27:52+00:00\",\"mainEntityOfPage\":{\"@id\":\"https:\\\/\\\/www.ieec.cat\\\/es\\\/jornada-de-presentacion-del-phi-labnet-en-madrid-y-de-su-primera-convocatoria-para-la-financiacion-de-proyectos\\\/\"},\"wordCount\":1625,\"image\":{\"@id\":\"https:\\\/\\\/www.ieec.cat\\\/es\\\/jornada-de-presentacion-del-phi-labnet-en-madrid-y-de-su-primera-convocatoria-para-la-financiacion-de-proyectos\\\/#primaryimage\"},\"thumbnailUrl\":\"https:\\\/\\\/www.ieec.cat\\\/wp-content\\\/uploads\\\/2024\\\/11\\\/Phi-Lab-FGCSIC-Madrid-Adaptada-V0-1.jpg\",\"articleSection\":[\"Eventos\",\"Jornada\",\"NewSpace\"],\"inLanguage\":\"es\"},{\"@type\":\"WebPage\",\"@id\":\"https:\\\/\\\/www.ieec.cat\\\/es\\\/jornada-de-presentacion-del-phi-labnet-en-madrid-y-de-su-primera-convocatoria-para-la-financiacion-de-proyectos\\\/\",\"url\":\"https:\\\/\\\/www.ieec.cat\\\/es\\\/jornada-de-presentacion-del-phi-labnet-en-madrid-y-de-su-primera-convocatoria-para-la-financiacion-de-proyectos\\\/\",\"name\":\"Jornada de presentaci\u00f3n del Phi-LabNET en Madrid y de su primera convocatoria para la financiaci\u00f3n de proyectos - IEEC\",\"isPartOf\":{\"@id\":\"https:\\\/\\\/www.ieec.cat\\\/es\\\/#website\"},\"primaryImageOfPage\":{\"@id\":\"https:\\\/\\\/www.ieec.cat\\\/es\\\/jornada-de-presentacion-del-phi-labnet-en-madrid-y-de-su-primera-convocatoria-para-la-financiacion-de-proyectos\\\/#primaryimage\"},\"image\":{\"@id\":\"https:\\\/\\\/www.ieec.cat\\\/es\\\/jornada-de-presentacion-del-phi-labnet-en-madrid-y-de-su-primera-convocatoria-para-la-financiacion-de-proyectos\\\/#primaryimage\"},\"thumbnailUrl\":\"https:\\\/\\\/www.ieec.cat\\\/wp-content\\\/uploads\\\/2024\\\/11\\\/Phi-Lab-FGCSIC-Madrid-Adaptada-V0-1.jpg\",\"datePublished\":\"2024-11-20T15:11:38+00:00\",\"dateModified\":\"2024-11-20T16:27:52+00:00\",\"author\":{\"@id\":\"https:\\\/\\\/www.ieec.cat\\\/es\\\/#\\\/schema\\\/person\\\/322a07f3c26d150fb0ab2c84181ced4c\"},\"breadcrumb\":{\"@id\":\"https:\\\/\\\/www.ieec.cat\\\/es\\\/jornada-de-presentacion-del-phi-labnet-en-madrid-y-de-su-primera-convocatoria-para-la-financiacion-de-proyectos\\\/#breadcrumb\"},\"inLanguage\":\"es\",\"potentialAction\":[{\"@type\":\"ReadAction\",\"target\":[\"https:\\\/\\\/www.ieec.cat\\\/es\\\/jornada-de-presentacion-del-phi-labnet-en-madrid-y-de-su-primera-convocatoria-para-la-financiacion-de-proyectos\\\/\"]}]},{\"@type\":\"ImageObject\",\"inLanguage\":\"es\",\"@id\":\"https:\\\/\\\/www.ieec.cat\\\/es\\\/jornada-de-presentacion-del-phi-labnet-en-madrid-y-de-su-primera-convocatoria-para-la-financiacion-de-proyectos\\\/#primaryimage\",\"url\":\"https:\\\/\\\/www.ieec.cat\\\/wp-content\\\/uploads\\\/2024\\\/11\\\/Phi-Lab-FGCSIC-Madrid-Adaptada-V0-1.jpg\",\"contentUrl\":\"https:\\\/\\\/www.ieec.cat\\\/wp-content\\\/uploads\\\/2024\\\/11\\\/Phi-Lab-FGCSIC-Madrid-Adaptada-V0-1.jpg\",\"width\":1000,\"height\":600},{\"@type\":\"BreadcrumbList\",\"@id\":\"https:\\\/\\\/www.ieec.cat\\\/es\\\/jornada-de-presentacion-del-phi-labnet-en-madrid-y-de-su-primera-convocatoria-para-la-financiacion-de-proyectos\\\/#breadcrumb\",\"itemListElement\":[{\"@type\":\"ListItem\",\"position\":1,\"name\":\"Portada\",\"item\":\"https:\\\/\\\/www.ieec.cat\\\/es\\\/\"},{\"@type\":\"ListItem\",\"position\":2,\"name\":\"Jornada de presentaci\u00f3n del Phi-LabNET en Madrid y de su primera convocatoria para la financiaci\u00f3n de proyectos\"}]},{\"@type\":\"WebSite\",\"@id\":\"https:\\\/\\\/www.ieec.cat\\\/es\\\/#website\",\"url\":\"https:\\\/\\\/www.ieec.cat\\\/es\\\/\",\"name\":\"IEEC\",\"description\":\"Institut d&#039;Estudis Espacials de Catalunya\",\"potentialAction\":[{\"@type\":\"SearchAction\",\"target\":{\"@type\":\"EntryPoint\",\"urlTemplate\":\"https:\\\/\\\/www.ieec.cat\\\/es\\\/?s={search_term_string}\"},\"query-input\":{\"@type\":\"PropertyValueSpecification\",\"valueRequired\":true,\"valueName\":\"search_term_string\"}}],\"inLanguage\":\"es\"},{\"@type\":\"Person\",\"@id\":\"https:\\\/\\\/www.ieec.cat\\\/es\\\/#\\\/schema\\\/person\\\/322a07f3c26d150fb0ab2c84181ced4c\",\"name\":\"Javier Bueno\",\"image\":{\"@type\":\"ImageObject\",\"inLanguage\":\"es\",\"@id\":\"https:\\\/\\\/secure.gravatar.com\\\/avatar\\\/4d48f3381f239f9e12ab1bd3e78402f1144081a2afb1cb5bc1b5ec38effae7c9?s=96&d=mm&r=g\",\"url\":\"https:\\\/\\\/secure.gravatar.com\\\/avatar\\\/4d48f3381f239f9e12ab1bd3e78402f1144081a2afb1cb5bc1b5ec38effae7c9?s=96&d=mm&r=g\",\"contentUrl\":\"https:\\\/\\\/secure.gravatar.com\\\/avatar\\\/4d48f3381f239f9e12ab1bd3e78402f1144081a2afb1cb5bc1b5ec38effae7c9?s=96&d=mm&r=g\",\"caption\":\"Javier Bueno\"}}]}<\/script>\n<!-- \/ Yoast SEO plugin. -->","yoast_head_json":{"title":"Jornada de presentaci\u00f3n del Phi-LabNET en Madrid y de su primera convocatoria para la financiaci\u00f3n de proyectos - IEEC","robots":{"index":"index","follow":"follow","max-snippet":"max-snippet:-1","max-image-preview":"max-image-preview:large","max-video-preview":"max-video-preview:-1"},"canonical":"https:\/\/www.ieec.cat\/es\/jornada-de-presentacion-del-phi-labnet-en-madrid-y-de-su-primera-convocatoria-para-la-financiacion-de-proyectos\/","og_locale":"es_ES","og_type":"article","og_title":"Jornada de presentaci\u00f3n del Phi-LabNET en Madrid y de su primera convocatoria para la financiaci\u00f3n de proyectos - IEEC","og_description":"fechahoralugarLa Fundaci\u00f3n General CSIC (FGCSIC) organiza este acto de presentaci\u00f3n de la primera convocatoria de financiaci\u00f3n del Phi-LabNET Spain, una nueva infraestructura dedicada a impulsar la innovaci\u00f3n espacial dentro del Programa ScaleUp de la Agencia Espacial Europea (ESA), que se coordina desde el Institut d\u2019Estudis Espacials de Catalunya (IEEC) y que tendr\u00e1 una duraci\u00f3n de [&hellip;]","og_url":"https:\/\/www.ieec.cat\/es\/jornada-de-presentacion-del-phi-labnet-en-madrid-y-de-su-primera-convocatoria-para-la-financiacion-de-proyectos\/","og_site_name":"IEEC","article_published_time":"2024-11-20T15:11:38+00:00","article_modified_time":"2024-11-20T16:27:52+00:00","og_image":[{"width":1000,"height":600,"url":"https:\/\/www.ieec.cat\/wp-content\/uploads\/2024\/11\/Phi-Lab-FGCSIC-Madrid-Adaptada-V0-1.jpg","type":"image\/jpeg"}],"author":"Javier Bueno","twitter_card":"summary_large_image","twitter_misc":{"Escrito por":"Javier Bueno","Tiempo de lectura":"8 minutos"},"schema":{"@context":"https:\/\/schema.org","@graph":[{"@type":"Article","@id":"https:\/\/www.ieec.cat\/es\/jornada-de-presentacion-del-phi-labnet-en-madrid-y-de-su-primera-convocatoria-para-la-financiacion-de-proyectos\/#article","isPartOf":{"@id":"https:\/\/www.ieec.cat\/es\/jornada-de-presentacion-del-phi-labnet-en-madrid-y-de-su-primera-convocatoria-para-la-financiacion-de-proyectos\/"},"author":{"name":"Javier Bueno","@id":"https:\/\/www.ieec.cat\/es\/#\/schema\/person\/322a07f3c26d150fb0ab2c84181ced4c"},"headline":"Jornada de presentaci\u00f3n del Phi-LabNET en Madrid y de su primera convocatoria para la financiaci\u00f3n de proyectos","datePublished":"2024-11-20T15:11:38+00:00","dateModified":"2024-11-20T16:27:52+00:00","mainEntityOfPage":{"@id":"https:\/\/www.ieec.cat\/es\/jornada-de-presentacion-del-phi-labnet-en-madrid-y-de-su-primera-convocatoria-para-la-financiacion-de-proyectos\/"},"wordCount":1625,"image":{"@id":"https:\/\/www.ieec.cat\/es\/jornada-de-presentacion-del-phi-labnet-en-madrid-y-de-su-primera-convocatoria-para-la-financiacion-de-proyectos\/#primaryimage"},"thumbnailUrl":"https:\/\/www.ieec.cat\/wp-content\/uploads\/2024\/11\/Phi-Lab-FGCSIC-Madrid-Adaptada-V0-1.jpg","articleSection":["Eventos","Jornada","NewSpace"],"inLanguage":"es"},{"@type":"WebPage","@id":"https:\/\/www.ieec.cat\/es\/jornada-de-presentacion-del-phi-labnet-en-madrid-y-de-su-primera-convocatoria-para-la-financiacion-de-proyectos\/","url":"https:\/\/www.ieec.cat\/es\/jornada-de-presentacion-del-phi-labnet-en-madrid-y-de-su-primera-convocatoria-para-la-financiacion-de-proyectos\/","name":"Jornada de presentaci\u00f3n del Phi-LabNET en Madrid y de su primera convocatoria para la financiaci\u00f3n de proyectos - IEEC","isPartOf":{"@id":"https:\/\/www.ieec.cat\/es\/#website"},"primaryImageOfPage":{"@id":"https:\/\/www.ieec.cat\/es\/jornada-de-presentacion-del-phi-labnet-en-madrid-y-de-su-primera-convocatoria-para-la-financiacion-de-proyectos\/#primaryimage"},"image":{"@id":"https:\/\/www.ieec.cat\/es\/jornada-de-presentacion-del-phi-labnet-en-madrid-y-de-su-primera-convocatoria-para-la-financiacion-de-proyectos\/#primaryimage"},"thumbnailUrl":"https:\/\/www.ieec.cat\/wp-content\/uploads\/2024\/11\/Phi-Lab-FGCSIC-Madrid-Adaptada-V0-1.jpg","datePublished":"2024-11-20T15:11:38+00:00","dateModified":"2024-11-20T16:27:52+00:00","author":{"@id":"https:\/\/www.ieec.cat\/es\/#\/schema\/person\/322a07f3c26d150fb0ab2c84181ced4c"},"breadcrumb":{"@id":"https:\/\/www.ieec.cat\/es\/jornada-de-presentacion-del-phi-labnet-en-madrid-y-de-su-primera-convocatoria-para-la-financiacion-de-proyectos\/#breadcrumb"},"inLanguage":"es","potentialAction":[{"@type":"ReadAction","target":["https:\/\/www.ieec.cat\/es\/jornada-de-presentacion-del-phi-labnet-en-madrid-y-de-su-primera-convocatoria-para-la-financiacion-de-proyectos\/"]}]},{"@type":"ImageObject","inLanguage":"es","@id":"https:\/\/www.ieec.cat\/es\/jornada-de-presentacion-del-phi-labnet-en-madrid-y-de-su-primera-convocatoria-para-la-financiacion-de-proyectos\/#primaryimage","url":"https:\/\/www.ieec.cat\/wp-content\/uploads\/2024\/11\/Phi-Lab-FGCSIC-Madrid-Adaptada-V0-1.jpg","contentUrl":"https:\/\/www.ieec.cat\/wp-content\/uploads\/2024\/11\/Phi-Lab-FGCSIC-Madrid-Adaptada-V0-1.jpg","width":1000,"height":600},{"@type":"BreadcrumbList","@id":"https:\/\/www.ieec.cat\/es\/jornada-de-presentacion-del-phi-labnet-en-madrid-y-de-su-primera-convocatoria-para-la-financiacion-de-proyectos\/#breadcrumb","itemListElement":[{"@type":"ListItem","position":1,"name":"Portada","item":"https:\/\/www.ieec.cat\/es\/"},{"@type":"ListItem","position":2,"name":"Jornada de presentaci\u00f3n del Phi-LabNET en Madrid y de su primera convocatoria para la financiaci\u00f3n de proyectos"}]},{"@type":"WebSite","@id":"https:\/\/www.ieec.cat\/es\/#website","url":"https:\/\/www.ieec.cat\/es\/","name":"IEEC","description":"Institut d&#039;Estudis Espacials de Catalunya","potentialAction":[{"@type":"SearchAction","target":{"@type":"EntryPoint","urlTemplate":"https:\/\/www.ieec.cat\/es\/?s={search_term_string}"},"query-input":{"@type":"PropertyValueSpecification","valueRequired":true,"valueName":"search_term_string"}}],"inLanguage":"es"},{"@type":"Person","@id":"https:\/\/www.ieec.cat\/es\/#\/schema\/person\/322a07f3c26d150fb0ab2c84181ced4c","name":"Javier Bueno","image":{"@type":"ImageObject","inLanguage":"es","@id":"https:\/\/secure.gravatar.com\/avatar\/4d48f3381f239f9e12ab1bd3e78402f1144081a2afb1cb5bc1b5ec38effae7c9?s=96&d=mm&r=g","url":"https:\/\/secure.gravatar.com\/avatar\/4d48f3381f239f9e12ab1bd3e78402f1144081a2afb1cb5bc1b5ec38effae7c9?s=96&d=mm&r=g","contentUrl":"https:\/\/secure.gravatar.com\/avatar\/4d48f3381f239f9e12ab1bd3e78402f1144081a2afb1cb5bc1b5ec38effae7c9?s=96&d=mm&r=g","caption":"Javier Bueno"}}]}},"_links":{"self":[{"href":"https:\/\/www.ieec.cat\/es\/wp-json\/wp\/v2\/posts\/32128","targetHints":{"allow":["GET"]}}],"collection":[{"href":"https:\/\/www.ieec.cat\/es\/wp-json\/wp\/v2\/posts"}],"about":[{"href":"https:\/\/www.ieec.cat\/es\/wp-json\/wp\/v2\/types\/post"}],"author":[{"embeddable":true,"href":"https:\/\/www.ieec.cat\/es\/wp-json\/wp\/v2\/users\/7"}],"replies":[{"embeddable":true,"href":"https:\/\/www.ieec.cat\/es\/wp-json\/wp\/v2\/comments?post=32128"}],"version-history":[{"count":17,"href":"https:\/\/www.ieec.cat\/es\/wp-json\/wp\/v2\/posts\/32128\/revisions"}],"predecessor-version":[{"id":32199,"href":"https:\/\/www.ieec.cat\/es\/wp-json\/wp\/v2\/posts\/32128\/revisions\/32199"}],"wp:featuredmedia":[{"embeddable":true,"href":"https:\/\/www.ieec.cat\/es\/wp-json\/wp\/v2\/media\/32173"}],"wp:attachment":[{"href":"https:\/\/www.ieec.cat\/es\/wp-json\/wp\/v2\/media?parent=32128"}],"wp:term":[{"taxonomy":"category","embeddable":true,"href":"https:\/\/www.ieec.cat\/es\/wp-json\/wp\/v2\/categories?post=32128"},{"taxonomy":"post_tag","embeddable":true,"href":"https:\/\/www.ieec.cat\/es\/wp-json\/wp\/v2\/tags?post=32128"}],"curies":[{"name":"wp","href":"https:\/\/api.w.org\/{rel}","templated":true}]}}