{"id":32289,"date":"2024-11-22T16:51:19","date_gmt":"2024-11-22T15:51:19","guid":{"rendered":"https:\/\/www.ieec.cat\/els-primers-resultats-cientifics-de-weave-aporten-noves-dades-sobre-els-xocs-en-el-grup-de-galaxies-del-quintet-de-stephan\/"},"modified":"2024-11-25T10:06:13","modified_gmt":"2024-11-25T09:06:13","slug":"els-primers-resultats-cientifics-de-weave-aporten-noves-dades-sobre-els-xocs-en-el-grup-de-galaxies-del-quintet-de-stephan","status":"publish","type":"post","link":"https:\/\/www.ieec.cat\/es\/els-primers-resultats-cientifics-de-weave-aporten-noves-dades-sobre-els-xocs-en-el-grup-de-galaxies-del-quintet-de-stephan\/","title":{"rendered":"Los primeros resultados cient\u00edficos de WEAVE arrojan nuevos datos sobre los choques en el grupo de galaxias del Quinteto de Stephan"},"content":{"rendered":"<p>[et_pb_section fb_built=\u00bb1&#8243; _builder_version=\u00bb4.16&#8243; _module_preset=\u00bbdefault\u00bb background_image=\u00bbhttps:\/\/www.ieec.cat\/wp-content\/uploads\/2022\/02\/slider-comunicacio.jpg\u00bb max_height=\u00bb130px\u00bb custom_padding=\u00bb0px||0px||false|false\u00bb da_disable_devices=\u00bboff|off|off\u00bb global_colors_info=\u00bb{}\u00bb da_is_popup=\u00bboff\u00bb da_exit_intent=\u00bboff\u00bb da_has_close=\u00bbon\u00bb da_alt_close=\u00bboff\u00bb da_dark_close=\u00bboff\u00bb da_not_modal=\u00bbon\u00bb da_is_singular=\u00bboff\u00bb da_with_loader=\u00bboff\u00bb da_has_shadow=\u00bbon\u00bb][\/et_pb_section][et_pb_section fb_built=\u00bb1&#8243; _builder_version=\u00bb4.16&#8243; _module_preset=\u00bbdefault\u00bb custom_padding=\u00bb24px||11px|||\u00bb da_disable_devices=\u00bboff|off|off\u00bb global_colors_info=\u00bb{}\u00bb da_is_popup=\u00bboff\u00bb da_exit_intent=\u00bboff\u00bb da_has_close=\u00bbon\u00bb da_alt_close=\u00bboff\u00bb da_dark_close=\u00bboff\u00bb da_not_modal=\u00bbon\u00bb da_is_singular=\u00bboff\u00bb da_with_loader=\u00bboff\u00bb da_has_shadow=\u00bbon\u00bb][et_pb_row _builder_version=\u00bb4.16&#8243; _module_preset=\u00bbdefault\u00bb custom_padding=\u00bb||||false|false\u00bb global_colors_info=\u00bb{}\u00bb][et_pb_column type=\u00bb4_4&#8243; _builder_version=\u00bb4.16&#8243; _module_preset=\u00bbdefault\u00bb global_colors_info=\u00bb{}\u00bb][et_pb_text admin_label=\u00bbUnitats de recerca\u00bb _builder_version=\u00bb4.16&#8243; _dynamic_attributes=\u00bbcontent\u00bb _module_preset=\u00bbdefault\u00bb text_font=\u00bb|700||on|||||\u00bb text_font_size=\u00bb16px\u00bb header_font=\u00bb|700|||||||\u00bb custom_margin=\u00bb||10px||false|false\u00bb header_font_size_tablet=\u00bb28px\u00bb header_font_size_phone=\u00bb26px\u00bb header_font_size_last_edited=\u00bbon|phone\u00bb global_colors_info=\u00bb{}\u00bb]@ET-DC@eyJkeW5hbWljIjp0cnVlLCJjb250ZW50IjoiY3VzdG9tX21ldGFfb3JnYW5pemFjaW9uZXMiLCJzZXR0aW5ncyI6eyJiZWZvcmUiOiIiLCJhZnRlciI6IiIsImVuYWJsZV9odG1sIjoib2ZmIn19@[\/et_pb_text][et_pb_post_title author=\u00bboff\u00bb categories=\u00bboff\u00bb comments=\u00bboff\u00bb featured_image=\u00bboff\u00bb admin_label=\u00bbT\u00edtol i data\u00bb _builder_version=\u00bb4.27.2&#8243; _module_preset=\u00bbdefault\u00bb title_font=\u00bbCairo|300|||||||\u00bb title_font_size=\u00bb40px\u00bb meta_font=\u00bb||on||||||\u00bb meta_font_size=\u00bb16px\u00bb title_font_size_tablet=\u00bb35px\u00bb title_font_size_phone=\u00bb30px\u00bb title_font_size_last_edited=\u00bbon|desktop\u00bb global_colors_info=\u00bb{}\u00bb][\/et_pb_post_title][et_pb_text admin_label=\u00bbSubt\u00edtols\u00bb _builder_version=\u00bb4.27.2&#8243; _module_preset=\u00bbdefault\u00bb text_font=\u00bbSource Sans Pro||on||||||\u00bb text_font_size=\u00bb24px\u00bb text_line_height=\u00bb1.1em\u00bb hover_enabled=\u00bb0&#8243; text_font_size_tablet=\u00bb22px\u00bb text_font_size_phone=\u00bb20px\u00bb text_font_size_last_edited=\u00bbon|phone\u00bb global_colors_info=\u00bb{}\u00bb sticky_enabled=\u00bb0&#8243;]<\/p>\n<ul>\n<li>Este sistema gal\u00e1ctico es un laboratorio ideal para comprender la ca\u00f3tica y a menudo violenta relaci\u00f3n entre galaxias<\/li>\n<li>WEAVE se muestra como un instrumento vers\u00e1til que, combinado con Gaia, permitir\u00e1 abordar un amplio abanico de casos cient\u00edficos, desde la f\u00edsica estelar, hasta la gal\u00e1ctica o la extragal\u00e1ctica<\/li>\n<li>Investigadores del IEEC en el Instituto de Ciencias del Cosmos (ICCUB) han participado en el estudio, publicado en la revista Monthly Notices of the Royal Astronomical Society<\/li>\n<\/ul>\n<p>[\/et_pb_text][\/et_pb_column][\/et_pb_row][et_pb_row column_structure=\u00bb1_2,1_2&#8243; _builder_version=\u00bb4.16&#8243; _module_preset=\u00bbdefault\u00bb global_colors_info=\u00bb{}\u00bb][et_pb_column type=\u00bb1_2&#8243; _builder_version=\u00bb4.16&#8243; _module_preset=\u00bbdefault\u00bb global_colors_info=\u00bb{}\u00bb][et_pb_post_title title=\u00bboff\u00bb meta=\u00bboff\u00bb _builder_version=\u00bb4.16&#8243; _module_preset=\u00bbdefault\u00bb custom_margin=\u00bb||0px||false|false\u00bb border_width_top=\u00bb10px\u00bb border_color_top=\u00bb#406fda\u00bb global_colors_info=\u00bb{}\u00bb][\/et_pb_post_title][et_pb_text _builder_version=\u00bb4.27.2&#8243; _module_preset=\u00bbdefault\u00bb text_font=\u00bb||||||||\u00bb text_font_size=\u00bb15px\u00bb text_line_height=\u00bb1.1em\u00bb background_color=\u00bbrgba(64,111,218,0.15)\u00bb custom_margin=\u00bb0px||||false|false\u00bb custom_padding=\u00bb30px|20px|30px|20px|true|true\u00bb hover_enabled=\u00bb0&#8243; global_colors_info=\u00bb{}\u00bb sticky_enabled=\u00bb0&#8243;]<\/p>\n<p><strong>Leyenda:<\/strong> Datos de WEAVE superpuestos a una imagen del Quinteto de Stephan obtenida con el telescopio espacial James Webb, con contornos verdes que muestran datos de radio de LOFAR (v\u00e9ase texto principal). Los colores naranja y azul siguen el brillo del hidr\u00f3geno-alfa obtenido con el LIFU (v\u00e9ase texto principal) de WEAVE, que traza d\u00f3nde se ioniza el gas intergal\u00e1ctico. El hex\u00e1gono denota la cobertura aproximada de las nuevas observaciones de WEAVE del sistema, que tiene un tama\u00f1o similar al de nuestra galaxia, la V\u00eda L\u00e1ctea.<br \/><span style=\"font-weight: 400;\"><strong>Cr\u00e9ditos:<\/strong> Arnaudova et al.<br \/><\/span><\/p>\n<p>[\/et_pb_text][\/et_pb_column][et_pb_column type=\u00bb1_2&#8243; _builder_version=\u00bb4.16&#8243; _module_preset=\u00bbdefault\u00bb global_colors_info=\u00bb{}\u00bb][et_pb_text _builder_version=\u00bb4.27.2&#8243; _module_preset=\u00bbdefault\u00bb link_font=\u00bb|700|||on||||\u00bb hover_enabled=\u00bb0&#8243; global_colors_info=\u00bb{}\u00bb sticky_enabled=\u00bb0&#8243;]<\/p>\n<p><span style=\"font-weight: 400;\">Un equipo internacional de m\u00e1s de 50 astr\u00f3nomos, dirigido por la <\/span><a href=\"https:\/\/www.herts.ac.uk\/\" target=\"_blank\" rel=\"noopener\"><span style=\"font-weight: 400;\">Universidad de Hertfordshire<\/span><\/a><span style=\"font-weight: 400;\">, ha presentado los primeros resultados cient\u00edficos del nuevo espectr\u00f3grafo de campo amplio WEAVE (acr\u00f3nimo de <\/span><i><span style=\"font-weight: 400;\">William Herschel Telescope Enhanced Area Velocity Explorer<\/span><\/i><span style=\"font-weight: 400;\">). Han utilizado el conjunto de observaciones de primera luz sobre el Quinteto de Stephan, un grupo de galaxias cercano que representa una encrucijada donde colisiones entre galaxias han dejado tras de s\u00ed un complejo campo de escombros. Investigadores del <\/span><a href=\"https:\/\/www.ieec.cat\/\"><span style=\"font-weight: 400;\">Institut d\u2019Estudis Espacials de Catalunya<\/span><\/a><span style=\"font-weight: 400;\"> (IEEC) del <\/span><a href=\"https:\/\/icc.ub.edu\/\" target=\"_blank\" rel=\"noopener\"><span style=\"font-weight: 400;\">Instituto de Ciencias del Cosmos de la Universidad de Barcelona<\/span><\/a><span style=\"font-weight: 400;\"> (ICCUB) han participado en este estudio, publicado en la revista Monthly Notices of the Royal Astronomical Society.<\/span><\/p>\n<p><span style=\"font-weight: 400;\">El Quinteto de Stephan es un grupo de galaxias descubierto en 1877 que consta de cinco galaxias (llamadas NGC 7317, NGC 7318a, NGC 7318b, NGC 7319 y NGC 7320c).<\/span><b> Este sistema es un laboratorio ideal para comprender la relaci\u00f3n ca\u00f3tica y a menudo violenta entre galaxias<\/b><span style=\"font-weight: 400;\"> y, como tal, fue el foco de las observaciones de primera luz de la Unidad de Gran Campo Integral (LIFU) de WEAVE.<\/span><\/p>\n<p>[\/et_pb_text][\/et_pb_column][\/et_pb_row][et_pb_row column_structure=\u00bb1_2,1_2&#8243; _builder_version=\u00bb4.27.2&#8243; _module_preset=\u00bbdefault\u00bb global_colors_info=\u00bb{}\u00bb][et_pb_column type=\u00bb1_2&#8243; _builder_version=\u00bb4.27.2&#8243; _module_preset=\u00bbdefault\u00bb global_colors_info=\u00bb{}\u00bb][et_pb_text _builder_version=\u00bb4.27.2&#8243; _module_preset=\u00bbdefault\u00bb hover_enabled=\u00bb0&#8243; global_colors_info=\u00bb{}\u00bb sticky_enabled=\u00bb0&#8243;]<\/p>\n<p><span style=\"font-weight: 400;\">Marina Arnaudova, l\u00edder del equipo en la Universidad de Hertfordshire, explica: \u00abLa actividad din\u00e1mica de este grupo de galaxias se ha reavivado gracias a NGC 7318b, una galaxia que lo atraviesa a una velocidad incre\u00edble de m\u00e1s de 3,2 millones de kil\u00f3metros por hora, provocando un choque inmensamente potente, parecido al estampido s\u00f3nico de un avi\u00f3n de combate\u00bb. Ella y su equipo aportan <\/span><b>una nueva visi\u00f3n sobre el frente de choque a gran escala<\/b><span style=\"font-weight: 400;\">.\u00a0<\/span><\/p>\n<p><span style=\"font-weight: 400;\">Combinando los datos del LIFU de WEAVE con otros instrumentos de vanguardia, como el Low Frequency Array (LOFAR), el Very Large Array (VLA) y el James Webb Space Telescope (JWST), <\/span><b>han descubierto una naturaleza dual del choque desconocida hasta ahora<\/b><span style=\"font-weight: 400;\">. A medida que la onda de choque atraviesa las bolsas de gas fr\u00edo, se desplaza a velocidades hipers\u00f3nicas \u2013varias veces la velocidad del sonido\u2013 lo suficientemente potentes como para separar los electrones de los \u00e1tomos, dejando tras de s\u00ed una estela brillante de gas cargado, como se observa con WEAVE; sin embargo, cuando el choque atraviesa el gas caliente circundante, se vuelve mucho m\u00e1s d\u00e9bil. En lugar de causar una perturbaci\u00f3n significativa, la d\u00e9bil onda de choque comprime el gas caliente, dando lugar a ondas de radio que son captadas por radiotelescopios (como LOFAR).<\/span><\/p>\n<p>[\/et_pb_text][\/et_pb_column][et_pb_column type=\u00bb1_2&#8243; _builder_version=\u00bb4.27.2&#8243; _module_preset=\u00bbdefault\u00bb global_colors_info=\u00bb{}\u00bb][et_pb_image src=\u00bbhttps:\/\/www.ieec.cat\/wp-content\/uploads\/2024\/11\/regions_press_release_r.jpg\u00bb title_text=\u00bbregions_press_release_r\u00bb _builder_version=\u00bb4.27.2&#8243; _module_preset=\u00bbdefault\u00bb custom_margin=\u00bb||-1px|||\u00bb global_colors_info=\u00bb{}\u00bb][\/et_pb_image][et_pb_text _builder_version=\u00bb4.27.2&#8243; _module_preset=\u00bbdefault\u00bb text_font=\u00bb||||||||\u00bb text_font_size=\u00bb15px\u00bb text_line_height=\u00bb1.1em\u00bb background_color=\u00bbrgba(64,111,218,0.15)\u00bb custom_margin=\u00bb0px||||false|false\u00bb custom_padding=\u00bb30px|20px|30px|20px|true|true\u00bb hover_enabled=\u00bb0&#8243; global_colors_info=\u00bb{}\u00bb sticky_enabled=\u00bb0&#8243;]<\/p>\n<p><strong>Leyenda:<\/strong> Descomposici\u00f3n de WEAVE del gas en el Quinteto de Stephan, superpuesta a una imagen del JWST. El rojo resalta el gas impactado por la colisi\u00f3n, mientras que el verde y el azul muestran regiones de formaci\u00f3n estelar. Las \u00e1reas p\u00farpuras representan burbujas de origen desconocido. Los contornos negros muestran hidr\u00f3geno neutro, y su ubicaci\u00f3n relativa al gas impactado (en rojo) sugiere que es de ah\u00ed de donde procede. <br \/><span style=\"font-weight: 400;\"><strong>Cr\u00e9ditos:<\/strong> Arnaudova et al.<br \/><\/span><\/p>\n<p>[\/et_pb_text][\/et_pb_column][\/et_pb_row][et_pb_row _builder_version=\u00bb4.16&#8243; _module_preset=\u00bbdefault\u00bb global_colors_info=\u00bb{}\u00bb][et_pb_column type=\u00bb4_4&#8243; _builder_version=\u00bb4.16&#8243; _module_preset=\u00bbdefault\u00bb global_colors_info=\u00bb{}\u00bb][et_pb_text _builder_version=\u00bb4.27.2&#8243; _module_preset=\u00bbdefault\u00bb header_2_font=\u00bb|700|||||||\u00bb header_2_font_size=\u00bb25px\u00bb hover_enabled=\u00bb0&#8243; header_2_font_size_tablet=\u00bb23px\u00bb header_2_font_size_phone=\u00bb23px\u00bb header_2_font_size_last_edited=\u00bbon|phone\u00bb global_colors_info=\u00bb{}\u00bb sticky_enabled=\u00bb0&#8243;]<\/p>\n<h2>La contribuci\u00f3n catalana al espectr\u00f3grafo WEAVE<\/h2>\n<p>[\/et_pb_text][et_pb_text _builder_version=\u00bb4.27.2&#8243; _module_preset=\u00bbdefault\u00bb link_font=\u00bb|700|||on||||\u00bb hover_enabled=\u00bb0&#8243; locked=\u00bboff\u00bb global_colors_info=\u00bb{}\u00bb sticky_enabled=\u00bb0&#8243;]<\/p>\n<p><span style=\"font-weight: 400;\">En este proyecto participan cient\u00edficos del ICCUB y de la <\/span><a href=\"https:\/\/www.upc.edu\/es\" target=\"_blank\" rel=\"noopener\"><span style=\"font-weight: 400;\">Universitat Polit\u00e8cnica de Catalunya &#8211; BarcelonaTech<\/span><\/a><span style=\"font-weight: 400;\"> (UPC). <\/span><b>Las instituciones catalanas han trabajado, desde el inicio del proyecto, en la definici\u00f3n de los objetivos cient\u00edficos y en la selecci\u00f3n de los objetos a observar<\/b><span style=\"font-weight: 400;\"> \u2013desde estrellas en diversas fases evolutivas hasta c\u00famulos estelares\u2013, as\u00ed como en el muestreo de cu\u00e1sares, que son n\u00facleos gal\u00e1cticos activos extremadamente brillantes y muy distantes. En concreto, Merc\u00e8 Romero-G\u00f3mez (ICCUB-IEEC) y Roberto Raddi (UPC) son miembros de los grupos de trabajo internacionales sobre estrellas j\u00f3venes, arqueolog\u00eda gal\u00e1ctica y enanas blancas que conforman el equipo de cient\u00edficos encargado de planificar las observaciones. Teresa Antoja (ICCUB-IEEC) e Ignasi P\u00e9rez-R\u00e0fols (UPC) codirigen los equipos de investigaci\u00f3n responsables de din\u00e1mica de discos gal\u00e1cticos y cu\u00e1sares, respectivamente.<\/span><\/p>\n<p><span style=\"font-weight: 400;\">Romero-G\u00f3mez ha afirmado: \u00abTras a\u00f1os de preparaci\u00f3n, hemos podido obtener los primeros espectros con la Unidad de Gran Campo Integral de WEAVE del grupo de galaxias del Quinteto de Stephan. La calidad de los espectros nos ha permitido reevaluar los procesos din\u00e1micos que tienen lugar en este conocido conjunto de galaxias\u00bb.<\/span><\/p>\n<p><span style=\"font-weight: 400;\">Raddi y P\u00e9rez-R\u00e0fols, por su parte, han comentado que sus equipos contribuir\u00e1n al estudio de unas 100.000 enanas blancas previamente identificadas por la misi\u00f3n <\/span><a href=\"https:\/\/www.ieec.cat\/es\/proyecto\/9\/gaia\/\"><span style=\"font-weight: 400;\">Gaia<\/span><\/a><span style=\"font-weight: 400;\"> de la <\/span><a href=\"https:\/\/www.esa.int\/\" target=\"_blank\" rel=\"noopener\"><span style=\"font-weight: 400;\">Agencia Espacial Europea<\/span><\/a><span style=\"font-weight: 400;\"> (ESA), y a descubrir los secretos que se esconden tras las \u00faltimas fases evolutivas de estrellas similares al Sol, y con la identificaci\u00f3n de 450.000 cu\u00e1sares, los n\u00facleos gal\u00e1cticos activos m\u00e1s distantes y brillantes del universo.<\/span><\/p>\n<p><span style=\"font-weight: 400;\">En el pr\u00f3ximo a\u00f1o, los datos procedentes del Espectr\u00f3grafo Multiobjeto permitir\u00e1n evaluar la din\u00e1mica de nuestra galaxia, junto con los datos astrom\u00e9tricos y espectrosc\u00f3picos de Gaia.<\/span><\/p>\n<p>[\/et_pb_text][\/et_pb_column][\/et_pb_row][et_pb_row _builder_version=\u00bb4.16&#8243; _module_preset=\u00bbdefault\u00bb global_colors_info=\u00bb{}\u00bb][et_pb_column type=\u00bb4_4&#8243; _builder_version=\u00bb4.16&#8243; _module_preset=\u00bbdefault\u00bb global_colors_info=\u00bb{}\u00bb][et_pb_text _builder_version=\u00bb4.27.2&#8243; _module_preset=\u00bbdefault\u00bb header_2_font=\u00bb|700|||||||\u00bb header_2_font_size=\u00bb25px\u00bb hover_enabled=\u00bb0&#8243; header_2_font_size_tablet=\u00bb23px\u00bb header_2_font_size_phone=\u00bb23px\u00bb header_2_font_size_last_edited=\u00bbon|phone\u00bb global_colors_info=\u00bb{}\u00bb sticky_enabled=\u00bb0&#8243;]<\/p>\n<h2>WEAVE, un espectr\u00f3grafo de nueva generaci\u00f3n<\/h2>\n<p>[\/et_pb_text][et_pb_text _builder_version=\u00bb4.27.2&#8243; _module_preset=\u00bbdefault\u00bb link_font=\u00bb|700|||on||||\u00bb hover_enabled=\u00bb0&#8243; locked=\u00bboff\u00bb global_colors_info=\u00bb{}\u00bb sticky_enabled=\u00bb0&#8243;]<\/p>\n<p><span style=\"font-weight: 400;\">El espectr\u00f3grafo WEAVE utiliza fibras \u00f3pticas para recoger la luz de los objetos celestes y la transmite a un espectr\u00f3grafo que separa la luz en funci\u00f3n de sus diferentes longitudes de onda. Puede trabajar con dos resoluciones espectrales diferentes, que se utilizan para medir las velocidades de los objetos en la l\u00ednea de visi\u00f3n (utilizando el efecto Doppler) y para determinar su composici\u00f3n qu\u00edmica. La versatilidad de WEAVE es uno de sus principales puntos fuertes. Mientras que el modo LIFU contiene cientos de fibras en una distribuci\u00f3n compacta, esencial para obtener im\u00e1genes de amplias zonas del cielo, en el modo MOS (espectroscopia multiobjeto) pueden colocarse unas mil fibras individuales (mediante dos robots) para recoger simult\u00e1neamente la luz de estrellas, galaxias o cu\u00e1sares. Durante los cinco primeros a\u00f1os de funcionamiento, se espera obtener espectros de millones de estrellas y galaxias individuales, un objetivo que puede alcanzarse gracias a la capacidad del espectr\u00f3grafo WEAVE de observar tantos cuerpos a la vez.<\/span><span style=\"font-weight: 400;\"><\/span><span style=\"font-weight: 400;\"><\/span><\/p>\n<p>[\/et_pb_text][\/et_pb_column][\/et_pb_row][et_pb_row _builder_version=\u00bb4.16&#8243; _module_preset=\u00bbdefault\u00bb custom_margin=\u00bb30px||||false|false\u00bb locked=\u00bboff\u00bb global_colors_info=\u00bb{}\u00bb][et_pb_column type=\u00bb4_4&#8243; _builder_version=\u00bb4.16&#8243; _module_preset=\u00bbdefault\u00bb global_colors_info=\u00bb{}\u00bb][et_pb_divider color=\u00bb#406fda\u00bb _builder_version=\u00bb4.16&#8243; _module_preset=\u00bbdefault\u00bb custom_margin=\u00bb||10px||false|false\u00bb global_colors_info=\u00bb{}\u00bb][\/et_pb_divider][et_pb_text admin_label=\u00bbM\u00e9s informaci\u00f3\u00bb _builder_version=\u00bb4.27.2&#8243; _module_preset=\u00bbdefault\u00bb text_font=\u00bbCairo|700|||||||\u00bb text_text_color=\u00bb#406fda\u00bb text_font_size=\u00bb20px\u00bb custom_margin=\u00bb||10px||false|false\u00bb hover_enabled=\u00bb0&#8243; global_colors_info=\u00bb{}\u00bb sticky_enabled=\u00bb0&#8243;]<\/p>\n<p>M\u00e1s informaci\u00f3n<\/p>\n<p>[\/et_pb_text][et_pb_text _builder_version=\u00bb4.27.2&#8243; _module_preset=\u00bbdefault\u00bb text_font_size=\u00bb16px\u00bb text_line_height=\u00bb1.1em\u00bb link_font=\u00bb|700|||on||||\u00bb custom_margin=\u00bb20px||||false|false\u00bb hover_enabled=\u00bb0&#8243; global_colors_info=\u00bb{}\u00bb sticky_enabled=\u00bb0&#8243;]<\/p>\n<p><span style=\"font-weight: 400;\"><\/span><span style=\"font-weight: 400;\">Esta investigaci\u00f3n se presenta en un art\u00edculo titulado <\/span><span style=\"font-weight: 400;\">\u00ab<\/span><a href=\"https:\/\/doi.org\/10.1093\/mnras\/stae2235\" target=\"_blank\" rel=\"noopener\"><span style=\"font-weight: 400;\">WEAVE First Light observations: Origin and Dynamics of the Shock Front in Stephan&#8217;s Quintet<\/span><\/a><span style=\"font-weight: 400;\">\u00bb<\/span><span style=\"font-weight: 400;\">, de <\/span><span style=\"font-weight: 400;\">M. I. Arnaudova<\/span> <i><span style=\"font-weight: 400;\">et al.<\/span><\/i><span style=\"font-weight: 400;\">, que aparecer\u00e1 en la revista MNRAS el 22 de noviembre de 2024.<\/span><\/p>\n<p>[\/et_pb_text][\/et_pb_column][\/et_pb_row][et_pb_row _builder_version=\u00bb4.16&#8243; _module_preset=\u00bbdefault\u00bb custom_margin=\u00bb||||false|false\u00bb locked=\u00bboff\u00bb global_colors_info=\u00bb{}\u00bb][et_pb_column type=\u00bb4_4&#8243; _builder_version=\u00bb4.16&#8243; _module_preset=\u00bbdefault\u00bb global_colors_info=\u00bb{}\u00bb][et_pb_divider color=\u00bb#406fda\u00bb _builder_version=\u00bb4.16&#8243; _module_preset=\u00bbdefault\u00bb custom_margin=\u00bb||10px||false|false\u00bb global_colors_info=\u00bb{}\u00bb][\/et_pb_divider][et_pb_text admin_label=\u00bbEnlla\u00e7os\u00bb _builder_version=\u00bb4.27.2&#8243; _module_preset=\u00bbdefault\u00bb text_font=\u00bbCairo|700|||||||\u00bb text_text_color=\u00bb#406fda\u00bb text_font_size=\u00bb20px\u00bb custom_margin=\u00bb||10px||false|false\u00bb hover_enabled=\u00bb0&#8243; global_colors_info=\u00bb{}\u00bb sticky_enabled=\u00bb0&#8243;]<\/p>\n<p>Enlaces<\/p>\n<p>[\/et_pb_text][et_pb_text _builder_version=\u00bb4.27.2&#8243; _module_preset=\u00bbdefault\u00bb text_font_size=\u00bb16px\u00bb text_line_height=\u00bb1.1em\u00bb link_font=\u00bb|700|||on|||#1a1140|\u00bb link_text_color=\u00bb#1a1140&#8243; link_line_height=\u00bb1.4em\u00bb custom_margin=\u00bb20px||||false|false\u00bb global_colors_info=\u00bb{}\u00bb]<\/p>\n<ul>\n<li><a href=\"http:\/\/www.ieec.cat\/\"><span style=\"font-weight: 400;\">IEEC<\/span><\/a><\/li>\n<li><a href=\"https:\/\/icc.ub.edu\/\" target=\"_blank\" rel=\"noopener\"><span style=\"font-weight: 400;\">ICCUB<\/span><\/a><\/li>\n<li><a href=\"https:\/\/www.upc.edu\/ca\" target=\"_blank\" rel=\"noopener\"><span style=\"font-weight: 400;\">UPC<\/span><\/a><\/li>\n<li><a href=\"https:\/\/www.ing.iac.es\/astronomy\/instruments\/weave\/weaveinst.html\" target=\"_blank\" rel=\"noopener\"><span style=\"font-weight: 400;\">WEAVE<\/span><\/a><\/li>\n<\/ul>\n<p>[\/et_pb_text][\/et_pb_column][\/et_pb_row][et_pb_row _builder_version=\u00bb4.16&#8243; _module_preset=\u00bbdefault\u00bb custom_margin=\u00bb||||false|false\u00bb locked=\u00bboff\u00bb global_colors_info=\u00bb{}\u00bb][et_pb_column type=\u00bb4_4&#8243; _builder_version=\u00bb4.16&#8243; _module_preset=\u00bbdefault\u00bb global_colors_info=\u00bb{}\u00bb][et_pb_divider color=\u00bb#406fda\u00bb _builder_version=\u00bb4.16&#8243; _module_preset=\u00bbdefault\u00bb custom_margin=\u00bb||10px||false|false\u00bb global_colors_info=\u00bb{}\u00bb][\/et_pb_divider][et_pb_text admin_label=\u00bbContactes\u00bb _builder_version=\u00bb4.27.2&#8243; _module_preset=\u00bbdefault\u00bb text_font=\u00bbCairo|700|||||||\u00bb text_text_color=\u00bb#406fda\u00bb text_font_size=\u00bb20px\u00bb custom_margin=\u00bb||10px||false|false\u00bb hover_enabled=\u00bb0&#8243; global_colors_info=\u00bb{}\u00bb sticky_enabled=\u00bb0&#8243;]<\/p>\n<p>Contactos<\/p>\n<p>[\/et_pb_text][\/et_pb_column][\/et_pb_row][et_pb_row column_structure=\u00bb2_5,3_5&#8243; admin_label=\u00bbRow\u00bb _builder_version=\u00bb4.16&#8243; _module_preset=\u00bbdefault\u00bb custom_margin=\u00bb0px||||false|false\u00bb custom_padding=\u00bb0px||||false|false\u00bb global_colors_info=\u00bb{}\u00bb theme_builder_area=\u00bbpost_content\u00bb][et_pb_column type=\u00bb2_5&#8243; _builder_version=\u00bb4.16&#8243; _module_preset=\u00bbdefault\u00bb custom_padding=\u00bb|||20px|false|false\u00bb border_width_left=\u00bb1px\u00bb border_color_left=\u00bb#406fda\u00bb global_colors_info=\u00bb{}\u00bb theme_builder_area=\u00bbpost_content\u00bb][et_pb_text _builder_version=\u00bb4.16&#8243; _module_preset=\u00bbdefault\u00bb text_font_size=\u00bb16px\u00bb text_line_height=\u00bb1.1em\u00bb link_font=\u00bb|700|||on|||#1a1140|\u00bb link_text_color=\u00bb#1a1140&#8243; link_line_height=\u00bb1.4em\u00bb header_4_font=\u00bb|700|||||||\u00bb header_4_text_color=\u00bb#1a1140&#8243; custom_margin=\u00bb||||false|false\u00bb locked=\u00bboff\u00bb global_colors_info=\u00bb{}\u00bb theme_builder_area=\u00bbpost_content\u00bb]<\/p>\n<h4>Oficina de Comunicaci\u00f3n del IEEC<\/h4>\n<p>Castelldefels, Barcelona<br \/>Correo electr\u00f3nico: <a href=\"mailto:comunicacio@ieec.cat\">comunicacio@ieec.cat<\/a><\/p>\n<p>[\/et_pb_text][\/et_pb_column][et_pb_column type=\u00bb3_5&#8243; _builder_version=\u00bb4.16&#8243; _module_preset=\u00bbdefault\u00bb custom_padding=\u00bb|||20px|false|false\u00bb border_width_left=\u00bb1px\u00bb border_color_left=\u00bb#406fda\u00bb global_colors_info=\u00bb{}\u00bb theme_builder_area=\u00bbpost_content\u00bb][et_pb_text _builder_version=\u00bb4.27.2&#8243; _module_preset=\u00bbdefault\u00bb text_font_size=\u00bb16px\u00bb text_line_height=\u00bb1em\u00bb link_font=\u00bb|700|||on||||\u00bb link_text_color=\u00bb#1a1140&#8243; header_4_font=\u00bb|700|||||||\u00bb header_4_text_color=\u00bb#1a1140&#8243; hover_enabled=\u00bb0&#8243; global_colors_info=\u00bb{}\u00bb theme_builder_area=\u00bbpost_content\u00bb sticky_enabled=\u00bb0&#8243;]<\/p>\n<h4>Autor Principal en el IEEC<\/h4>\n<h4>Merc\u00e8 Romero<\/h4>\n<p>Institut d\u2019Estudis Espacials de Catalunya (IEEC)<br \/>Instituto de Ciencias del Cosmos (ICCUB)<br \/>Correo electr\u00f3nico: <a href=\"mailto:mromero@ieec.cat,\">mromero@ieec.cat,<\/a> <a href=\"mailto:mromero@icc.ub.edu\">mromero@icc.ub.edu<\/a><\/p>\n<p>[\/et_pb_text][\/et_pb_column][\/et_pb_row][et_pb_row module_class=\u00bbieec-about\u00bb _builder_version=\u00bb4.14.8&#8243; _module_preset=\u00bbdefault\u00bb background_color=\u00bbrgba(64,111,218,0.15)\u00bb global_module=\u00bb17324&#8243; global_colors_info=\u00bb{}\u00bb][et_pb_column type=\u00bb4_4&#8243; _builder_version=\u00bb4.16&#8243; _module_preset=\u00bbdefault\u00bb custom_padding=\u00bb20px|50px|20px|50px|true|true\u00bb global_colors_info=\u00bb{}\u00bb][et_pb_text admin_label=\u00bbSobre l&#8217;IEEC\u00bb _builder_version=\u00bb4.16&#8243; _module_preset=\u00bbdefault\u00bb header_2_font=\u00bb|700|||||||\u00bb header_2_font_size=\u00bb25px\u00bb custom_margin=\u00bb||10px||false|false\u00bb header_2_font_size_tablet=\u00bb23px\u00bb header_2_font_size_phone=\u00bb23px\u00bb header_2_font_size_last_edited=\u00bbon|phone\u00bb locked=\u00bboff\u00bb global_colors_info=\u00bb{}\u00bb]<\/p>\n<h2>Sobre el IEEC<\/h2>\n<p>[\/et_pb_text][et_pb_text _builder_version=\u00bb4.16&#8243; _module_preset=\u00bbdefault\u00bb text_font=\u00bb||on||||||\u00bb link_font=\u00bb|700|||on||||\u00bb locked=\u00bboff\u00bb global_colors_info=\u00bb{}\u00bb]<\/p>\n<p>El Institut d\u2019Estudis Espacials de Catalunya (IEEC) promueve y coordina la investigaci\u00f3n y el desarrollo tecnol\u00f3gico espacial en Catalu\u00f1a en beneficio de la sociedad. El IEEC fomenta las colaboraciones tanto a nivel local como mundial, y es un eficiente agente de transferencia de conocimiento, innovaci\u00f3n y tecnolog\u00eda. Como resultado de m\u00e1s de 25 a\u00f1os de investigaci\u00f3n de alta calidad, llevada a cabo en colaboraci\u00f3n con las principales organizaciones internacionales, el IEEC se encuentra entre los mejores centros de investigaci\u00f3n internacionales, centrados en \u00e1reas como: astrof\u00edsica, cosmolog\u00eda, ciencias planetarias y observaci\u00f3n de la Tierra. La divisi\u00f3n de ingenier\u00eda del IEEC desarrolla instrumentaci\u00f3n para proyectos terrestres y espaciales, y tiene una amplia experiencia trabajando con organizaciones privadas y p\u00fablicas del sector aeroespacial y otros sectores de innovaci\u00f3n.<\/p>\n<p>El IEEC es una fundaci\u00f3n del sector p\u00fablico sin \u00e1nimo de lucro, fundada en febrero de 1996. Est\u00e1 regida por un Patronato compuesto por la Generalitat de Catalunya,  la Universitat de Barcelona (UB), la Universitat Aut\u00f2noma de Barcelona (UAB), la Universitat Polit\u00e8cnica de Catalunya \u00b7 BarcelonaTech (UPC), y el Consejo Superior de Investigaciones Cient\u00edficas (CSIC). El IEEC es tambi\u00e9n un centro CERCA (Centres de Recerca de Catalunya).<\/p>\n<p>[\/et_pb_text][\/et_pb_column][\/et_pb_row][\/et_pb_section]<\/p>\n","protected":false},"excerpt":{"rendered":"<p>Investigadores del IEEC en el Instituto de Ciencias del Cosmos (ICCUB) han participado en el estudio, publicado en la revista Monthly Notices of the Royal Astronomical Society.<\/p>\n","protected":false},"author":5,"featured_media":32268,"comment_status":"closed","ping_status":"closed","sticky":false,"template":"","format":"standard","meta":{"_et_pb_use_builder":"on","_et_pb_old_content":"","_et_gb_content_width":"2880","footnotes":""},"categories":[99,113,75],"tags":[],"class_list":["post-32289","post","type-post","status-publish","format-standard","has-post-thumbnail","hentry","category-ciencia-noticias","category-noticia-destacada-pequena","category-noticias"],"yoast_head":"<!-- This site is optimized with the Yoast SEO plugin v27.4 - https:\/\/yoast.com\/product\/yoast-seo-wordpress\/ -->\n<title>Los primeros resultados cient\u00edficos de WEAVE arrojan nuevos datos sobre los choques en el grupo de galaxias del Quinteto de Stephan - IEEC<\/title>\n<meta name=\"description\" content=\"Investigadores del IEEC en el Instituto de Ciencias del Cosmos (ICCUB) han participado en el estudio, publicado en la revista Monthly Notices of the Royal Astronomical Society.\" \/>\n<meta name=\"robots\" content=\"index, follow, max-snippet:-1, max-image-preview:large, max-video-preview:-1\" \/>\n<link rel=\"canonical\" href=\"https:\/\/www.ieec.cat\/es\/els-primers-resultats-cientifics-de-weave-aporten-noves-dades-sobre-els-xocs-en-el-grup-de-galaxies-del-quintet-de-stephan\/\" \/>\n<meta property=\"og:locale\" content=\"es_ES\" \/>\n<meta property=\"og:type\" content=\"article\" \/>\n<meta property=\"og:title\" content=\"Los primeros resultados cient\u00edficos de WEAVE arrojan nuevos datos sobre los choques en el grupo de galaxias del Quinteto de Stephan - IEEC\" \/>\n<meta property=\"og:description\" content=\"Investigadores del IEEC en el Instituto de Ciencias del Cosmos (ICCUB) han participado en el estudio, publicado en la revista Monthly Notices of the Royal Astronomical Society.\" \/>\n<meta property=\"og:url\" content=\"https:\/\/www.ieec.cat\/es\/els-primers-resultats-cientifics-de-weave-aporten-noves-dades-sobre-els-xocs-en-el-grup-de-galaxies-del-quintet-de-stephan\/\" \/>\n<meta property=\"og:site_name\" content=\"IEEC\" \/>\n<meta property=\"article:published_time\" content=\"2024-11-22T15:51:19+00:00\" \/>\n<meta property=\"article:modified_time\" content=\"2024-11-25T09:06:13+00:00\" \/>\n<meta property=\"og:image\" content=\"https:\/\/www.ieec.cat\/wp-content\/uploads\/2024\/11\/stephan_fig1_43_r.jpg\" \/>\n\t<meta property=\"og:image:width\" content=\"1200\" \/>\n\t<meta property=\"og:image:height\" content=\"901\" \/>\n\t<meta property=\"og:image:type\" content=\"image\/jpeg\" \/>\n<meta name=\"author\" content=\"Francisco Panyos\" \/>\n<meta name=\"twitter:card\" content=\"summary_large_image\" \/>\n<meta name=\"twitter:label1\" content=\"Escrito por\" \/>\n\t<meta name=\"twitter:data1\" content=\"Francisco Panyos\" \/>\n\t<meta name=\"twitter:label2\" content=\"Tiempo de lectura\" \/>\n\t<meta name=\"twitter:data2\" content=\"15 minutos\" \/>\n<script type=\"application\/ld+json\" class=\"yoast-schema-graph\">{\"@context\":\"https:\\\/\\\/schema.org\",\"@graph\":[{\"@type\":\"Article\",\"@id\":\"https:\\\/\\\/www.ieec.cat\\\/es\\\/els-primers-resultats-cientifics-de-weave-aporten-noves-dades-sobre-els-xocs-en-el-grup-de-galaxies-del-quintet-de-stephan\\\/#article\",\"isPartOf\":{\"@id\":\"https:\\\/\\\/www.ieec.cat\\\/es\\\/els-primers-resultats-cientifics-de-weave-aporten-noves-dades-sobre-els-xocs-en-el-grup-de-galaxies-del-quintet-de-stephan\\\/\"},\"author\":{\"name\":\"Francisco Panyos\",\"@id\":\"https:\\\/\\\/www.ieec.cat\\\/es\\\/#\\\/schema\\\/person\\\/66f3943e2fdb094349ad344043ede870\"},\"headline\":\"Los primeros resultados cient\u00edficos de WEAVE arrojan nuevos datos sobre los choques en el grupo de galaxias del Quinteto de Stephan\",\"datePublished\":\"2024-11-22T15:51:19+00:00\",\"dateModified\":\"2024-11-25T09:06:13+00:00\",\"mainEntityOfPage\":{\"@id\":\"https:\\\/\\\/www.ieec.cat\\\/es\\\/els-primers-resultats-cientifics-de-weave-aporten-noves-dades-sobre-els-xocs-en-el-grup-de-galaxies-del-quintet-de-stephan\\\/\"},\"wordCount\":2991,\"image\":{\"@id\":\"https:\\\/\\\/www.ieec.cat\\\/es\\\/els-primers-resultats-cientifics-de-weave-aporten-noves-dades-sobre-els-xocs-en-el-grup-de-galaxies-del-quintet-de-stephan\\\/#primaryimage\"},\"thumbnailUrl\":\"https:\\\/\\\/www.ieec.cat\\\/wp-content\\\/uploads\\\/2024\\\/11\\\/stephan_fig1_43_r.jpg\",\"articleSection\":[\"Ciencia\",\"Noticia destacada peque\u00f1a\",\"Noticias\"],\"inLanguage\":\"es\"},{\"@type\":\"WebPage\",\"@id\":\"https:\\\/\\\/www.ieec.cat\\\/es\\\/els-primers-resultats-cientifics-de-weave-aporten-noves-dades-sobre-els-xocs-en-el-grup-de-galaxies-del-quintet-de-stephan\\\/\",\"url\":\"https:\\\/\\\/www.ieec.cat\\\/es\\\/els-primers-resultats-cientifics-de-weave-aporten-noves-dades-sobre-els-xocs-en-el-grup-de-galaxies-del-quintet-de-stephan\\\/\",\"name\":\"Los primeros resultados cient\u00edficos de WEAVE arrojan nuevos datos sobre los choques en el grupo de galaxias del Quinteto de Stephan - IEEC\",\"isPartOf\":{\"@id\":\"https:\\\/\\\/www.ieec.cat\\\/es\\\/#website\"},\"primaryImageOfPage\":{\"@id\":\"https:\\\/\\\/www.ieec.cat\\\/es\\\/els-primers-resultats-cientifics-de-weave-aporten-noves-dades-sobre-els-xocs-en-el-grup-de-galaxies-del-quintet-de-stephan\\\/#primaryimage\"},\"image\":{\"@id\":\"https:\\\/\\\/www.ieec.cat\\\/es\\\/els-primers-resultats-cientifics-de-weave-aporten-noves-dades-sobre-els-xocs-en-el-grup-de-galaxies-del-quintet-de-stephan\\\/#primaryimage\"},\"thumbnailUrl\":\"https:\\\/\\\/www.ieec.cat\\\/wp-content\\\/uploads\\\/2024\\\/11\\\/stephan_fig1_43_r.jpg\",\"datePublished\":\"2024-11-22T15:51:19+00:00\",\"dateModified\":\"2024-11-25T09:06:13+00:00\",\"author\":{\"@id\":\"https:\\\/\\\/www.ieec.cat\\\/es\\\/#\\\/schema\\\/person\\\/66f3943e2fdb094349ad344043ede870\"},\"description\":\"Investigadores del IEEC en el Instituto de Ciencias del Cosmos (ICCUB) han participado en el estudio, publicado en la revista Monthly Notices of the Royal Astronomical Society.\",\"breadcrumb\":{\"@id\":\"https:\\\/\\\/www.ieec.cat\\\/es\\\/els-primers-resultats-cientifics-de-weave-aporten-noves-dades-sobre-els-xocs-en-el-grup-de-galaxies-del-quintet-de-stephan\\\/#breadcrumb\"},\"inLanguage\":\"es\",\"potentialAction\":[{\"@type\":\"ReadAction\",\"target\":[\"https:\\\/\\\/www.ieec.cat\\\/es\\\/els-primers-resultats-cientifics-de-weave-aporten-noves-dades-sobre-els-xocs-en-el-grup-de-galaxies-del-quintet-de-stephan\\\/\"]}]},{\"@type\":\"ImageObject\",\"inLanguage\":\"es\",\"@id\":\"https:\\\/\\\/www.ieec.cat\\\/es\\\/els-primers-resultats-cientifics-de-weave-aporten-noves-dades-sobre-els-xocs-en-el-grup-de-galaxies-del-quintet-de-stephan\\\/#primaryimage\",\"url\":\"https:\\\/\\\/www.ieec.cat\\\/wp-content\\\/uploads\\\/2024\\\/11\\\/stephan_fig1_43_r.jpg\",\"contentUrl\":\"https:\\\/\\\/www.ieec.cat\\\/wp-content\\\/uploads\\\/2024\\\/11\\\/stephan_fig1_43_r.jpg\",\"width\":1200,\"height\":901},{\"@type\":\"BreadcrumbList\",\"@id\":\"https:\\\/\\\/www.ieec.cat\\\/es\\\/els-primers-resultats-cientifics-de-weave-aporten-noves-dades-sobre-els-xocs-en-el-grup-de-galaxies-del-quintet-de-stephan\\\/#breadcrumb\",\"itemListElement\":[{\"@type\":\"ListItem\",\"position\":1,\"name\":\"Portada\",\"item\":\"https:\\\/\\\/www.ieec.cat\\\/es\\\/\"},{\"@type\":\"ListItem\",\"position\":2,\"name\":\"Los primeros resultados cient\u00edficos de WEAVE arrojan nuevos datos sobre los choques en el grupo de galaxias del Quinteto de Stephan\"}]},{\"@type\":\"WebSite\",\"@id\":\"https:\\\/\\\/www.ieec.cat\\\/es\\\/#website\",\"url\":\"https:\\\/\\\/www.ieec.cat\\\/es\\\/\",\"name\":\"IEEC\",\"description\":\"Institut d&#039;Estudis Espacials de Catalunya\",\"potentialAction\":[{\"@type\":\"SearchAction\",\"target\":{\"@type\":\"EntryPoint\",\"urlTemplate\":\"https:\\\/\\\/www.ieec.cat\\\/es\\\/?s={search_term_string}\"},\"query-input\":{\"@type\":\"PropertyValueSpecification\",\"valueRequired\":true,\"valueName\":\"search_term_string\"}}],\"inLanguage\":\"es\"},{\"@type\":\"Person\",\"@id\":\"https:\\\/\\\/www.ieec.cat\\\/es\\\/#\\\/schema\\\/person\\\/66f3943e2fdb094349ad344043ede870\",\"name\":\"Francisco Panyos\",\"image\":{\"@type\":\"ImageObject\",\"inLanguage\":\"es\",\"@id\":\"https:\\\/\\\/secure.gravatar.com\\\/avatar\\\/526157a3fe3c965ab680e104b6fe47df151d5d607c86c2744324613bf4c68622?s=96&d=mm&r=g\",\"url\":\"https:\\\/\\\/secure.gravatar.com\\\/avatar\\\/526157a3fe3c965ab680e104b6fe47df151d5d607c86c2744324613bf4c68622?s=96&d=mm&r=g\",\"contentUrl\":\"https:\\\/\\\/secure.gravatar.com\\\/avatar\\\/526157a3fe3c965ab680e104b6fe47df151d5d607c86c2744324613bf4c68622?s=96&d=mm&r=g\",\"caption\":\"Francisco Panyos\"}}]}<\/script>\n<!-- \/ Yoast SEO plugin. -->","yoast_head_json":{"title":"Los primeros resultados cient\u00edficos de WEAVE arrojan nuevos datos sobre los choques en el grupo de galaxias del Quinteto de Stephan - IEEC","description":"Investigadores del IEEC en el Instituto de Ciencias del Cosmos (ICCUB) han participado en el estudio, publicado en la revista Monthly Notices of the Royal Astronomical Society.","robots":{"index":"index","follow":"follow","max-snippet":"max-snippet:-1","max-image-preview":"max-image-preview:large","max-video-preview":"max-video-preview:-1"},"canonical":"https:\/\/www.ieec.cat\/es\/els-primers-resultats-cientifics-de-weave-aporten-noves-dades-sobre-els-xocs-en-el-grup-de-galaxies-del-quintet-de-stephan\/","og_locale":"es_ES","og_type":"article","og_title":"Los primeros resultados cient\u00edficos de WEAVE arrojan nuevos datos sobre los choques en el grupo de galaxias del Quinteto de Stephan - IEEC","og_description":"Investigadores del IEEC en el Instituto de Ciencias del Cosmos (ICCUB) han participado en el estudio, publicado en la revista Monthly Notices of the Royal Astronomical Society.","og_url":"https:\/\/www.ieec.cat\/es\/els-primers-resultats-cientifics-de-weave-aporten-noves-dades-sobre-els-xocs-en-el-grup-de-galaxies-del-quintet-de-stephan\/","og_site_name":"IEEC","article_published_time":"2024-11-22T15:51:19+00:00","article_modified_time":"2024-11-25T09:06:13+00:00","og_image":[{"width":1200,"height":901,"url":"https:\/\/www.ieec.cat\/wp-content\/uploads\/2024\/11\/stephan_fig1_43_r.jpg","type":"image\/jpeg"}],"author":"Francisco Panyos","twitter_card":"summary_large_image","twitter_misc":{"Escrito por":"Francisco Panyos","Tiempo de lectura":"15 minutos"},"schema":{"@context":"https:\/\/schema.org","@graph":[{"@type":"Article","@id":"https:\/\/www.ieec.cat\/es\/els-primers-resultats-cientifics-de-weave-aporten-noves-dades-sobre-els-xocs-en-el-grup-de-galaxies-del-quintet-de-stephan\/#article","isPartOf":{"@id":"https:\/\/www.ieec.cat\/es\/els-primers-resultats-cientifics-de-weave-aporten-noves-dades-sobre-els-xocs-en-el-grup-de-galaxies-del-quintet-de-stephan\/"},"author":{"name":"Francisco Panyos","@id":"https:\/\/www.ieec.cat\/es\/#\/schema\/person\/66f3943e2fdb094349ad344043ede870"},"headline":"Los primeros resultados cient\u00edficos de WEAVE arrojan nuevos datos sobre los choques en el grupo de galaxias del Quinteto de Stephan","datePublished":"2024-11-22T15:51:19+00:00","dateModified":"2024-11-25T09:06:13+00:00","mainEntityOfPage":{"@id":"https:\/\/www.ieec.cat\/es\/els-primers-resultats-cientifics-de-weave-aporten-noves-dades-sobre-els-xocs-en-el-grup-de-galaxies-del-quintet-de-stephan\/"},"wordCount":2991,"image":{"@id":"https:\/\/www.ieec.cat\/es\/els-primers-resultats-cientifics-de-weave-aporten-noves-dades-sobre-els-xocs-en-el-grup-de-galaxies-del-quintet-de-stephan\/#primaryimage"},"thumbnailUrl":"https:\/\/www.ieec.cat\/wp-content\/uploads\/2024\/11\/stephan_fig1_43_r.jpg","articleSection":["Ciencia","Noticia destacada peque\u00f1a","Noticias"],"inLanguage":"es"},{"@type":"WebPage","@id":"https:\/\/www.ieec.cat\/es\/els-primers-resultats-cientifics-de-weave-aporten-noves-dades-sobre-els-xocs-en-el-grup-de-galaxies-del-quintet-de-stephan\/","url":"https:\/\/www.ieec.cat\/es\/els-primers-resultats-cientifics-de-weave-aporten-noves-dades-sobre-els-xocs-en-el-grup-de-galaxies-del-quintet-de-stephan\/","name":"Los primeros resultados cient\u00edficos de WEAVE arrojan nuevos datos sobre los choques en el grupo de galaxias del Quinteto de Stephan - IEEC","isPartOf":{"@id":"https:\/\/www.ieec.cat\/es\/#website"},"primaryImageOfPage":{"@id":"https:\/\/www.ieec.cat\/es\/els-primers-resultats-cientifics-de-weave-aporten-noves-dades-sobre-els-xocs-en-el-grup-de-galaxies-del-quintet-de-stephan\/#primaryimage"},"image":{"@id":"https:\/\/www.ieec.cat\/es\/els-primers-resultats-cientifics-de-weave-aporten-noves-dades-sobre-els-xocs-en-el-grup-de-galaxies-del-quintet-de-stephan\/#primaryimage"},"thumbnailUrl":"https:\/\/www.ieec.cat\/wp-content\/uploads\/2024\/11\/stephan_fig1_43_r.jpg","datePublished":"2024-11-22T15:51:19+00:00","dateModified":"2024-11-25T09:06:13+00:00","author":{"@id":"https:\/\/www.ieec.cat\/es\/#\/schema\/person\/66f3943e2fdb094349ad344043ede870"},"description":"Investigadores del IEEC en el Instituto de Ciencias del Cosmos (ICCUB) han participado en el estudio, publicado en la revista Monthly Notices of the Royal Astronomical Society.","breadcrumb":{"@id":"https:\/\/www.ieec.cat\/es\/els-primers-resultats-cientifics-de-weave-aporten-noves-dades-sobre-els-xocs-en-el-grup-de-galaxies-del-quintet-de-stephan\/#breadcrumb"},"inLanguage":"es","potentialAction":[{"@type":"ReadAction","target":["https:\/\/www.ieec.cat\/es\/els-primers-resultats-cientifics-de-weave-aporten-noves-dades-sobre-els-xocs-en-el-grup-de-galaxies-del-quintet-de-stephan\/"]}]},{"@type":"ImageObject","inLanguage":"es","@id":"https:\/\/www.ieec.cat\/es\/els-primers-resultats-cientifics-de-weave-aporten-noves-dades-sobre-els-xocs-en-el-grup-de-galaxies-del-quintet-de-stephan\/#primaryimage","url":"https:\/\/www.ieec.cat\/wp-content\/uploads\/2024\/11\/stephan_fig1_43_r.jpg","contentUrl":"https:\/\/www.ieec.cat\/wp-content\/uploads\/2024\/11\/stephan_fig1_43_r.jpg","width":1200,"height":901},{"@type":"BreadcrumbList","@id":"https:\/\/www.ieec.cat\/es\/els-primers-resultats-cientifics-de-weave-aporten-noves-dades-sobre-els-xocs-en-el-grup-de-galaxies-del-quintet-de-stephan\/#breadcrumb","itemListElement":[{"@type":"ListItem","position":1,"name":"Portada","item":"https:\/\/www.ieec.cat\/es\/"},{"@type":"ListItem","position":2,"name":"Los primeros resultados cient\u00edficos de WEAVE arrojan nuevos datos sobre los choques en el grupo de galaxias del Quinteto de Stephan"}]},{"@type":"WebSite","@id":"https:\/\/www.ieec.cat\/es\/#website","url":"https:\/\/www.ieec.cat\/es\/","name":"IEEC","description":"Institut d&#039;Estudis Espacials de Catalunya","potentialAction":[{"@type":"SearchAction","target":{"@type":"EntryPoint","urlTemplate":"https:\/\/www.ieec.cat\/es\/?s={search_term_string}"},"query-input":{"@type":"PropertyValueSpecification","valueRequired":true,"valueName":"search_term_string"}}],"inLanguage":"es"},{"@type":"Person","@id":"https:\/\/www.ieec.cat\/es\/#\/schema\/person\/66f3943e2fdb094349ad344043ede870","name":"Francisco Panyos","image":{"@type":"ImageObject","inLanguage":"es","@id":"https:\/\/secure.gravatar.com\/avatar\/526157a3fe3c965ab680e104b6fe47df151d5d607c86c2744324613bf4c68622?s=96&d=mm&r=g","url":"https:\/\/secure.gravatar.com\/avatar\/526157a3fe3c965ab680e104b6fe47df151d5d607c86c2744324613bf4c68622?s=96&d=mm&r=g","contentUrl":"https:\/\/secure.gravatar.com\/avatar\/526157a3fe3c965ab680e104b6fe47df151d5d607c86c2744324613bf4c68622?s=96&d=mm&r=g","caption":"Francisco Panyos"}}]}},"_links":{"self":[{"href":"https:\/\/www.ieec.cat\/es\/wp-json\/wp\/v2\/posts\/32289","targetHints":{"allow":["GET"]}}],"collection":[{"href":"https:\/\/www.ieec.cat\/es\/wp-json\/wp\/v2\/posts"}],"about":[{"href":"https:\/\/www.ieec.cat\/es\/wp-json\/wp\/v2\/types\/post"}],"author":[{"embeddable":true,"href":"https:\/\/www.ieec.cat\/es\/wp-json\/wp\/v2\/users\/5"}],"replies":[{"embeddable":true,"href":"https:\/\/www.ieec.cat\/es\/wp-json\/wp\/v2\/comments?post=32289"}],"version-history":[{"count":4,"href":"https:\/\/www.ieec.cat\/es\/wp-json\/wp\/v2\/posts\/32289\/revisions"}],"predecessor-version":[{"id":32295,"href":"https:\/\/www.ieec.cat\/es\/wp-json\/wp\/v2\/posts\/32289\/revisions\/32295"}],"wp:featuredmedia":[{"embeddable":true,"href":"https:\/\/www.ieec.cat\/es\/wp-json\/wp\/v2\/media\/32268"}],"wp:attachment":[{"href":"https:\/\/www.ieec.cat\/es\/wp-json\/wp\/v2\/media?parent=32289"}],"wp:term":[{"taxonomy":"category","embeddable":true,"href":"https:\/\/www.ieec.cat\/es\/wp-json\/wp\/v2\/categories?post=32289"},{"taxonomy":"post_tag","embeddable":true,"href":"https:\/\/www.ieec.cat\/es\/wp-json\/wp\/v2\/tags?post=32289"}],"curies":[{"name":"wp","href":"https:\/\/api.w.org\/{rel}","templated":true}]}}