{"id":33128,"date":"2025-01-30T12:54:09","date_gmt":"2025-01-30T11:54:09","guid":{"rendered":"https:\/\/www.ieec.cat\/?p=33128"},"modified":"2025-08-07T13:27:22","modified_gmt":"2025-08-07T11:27:22","slug":"ven-al-evento-referente-sobre-el-uso-de-tecnologias-espaciales-en-la-gestion-del-riesgo-en-desastres-naturales","status":"publish","type":"post","link":"https:\/\/www.ieec.cat\/es\/ven-al-evento-referente-sobre-el-uso-de-tecnologias-espaciales-en-la-gestion-del-riesgo-en-desastres-naturales\/","title":{"rendered":"Tecnolog\u00edas espaciales al servicio de la seguridad: gesti\u00f3n de riesgos en desastres naturales"},"content":{"rendered":"<p>[et_pb_section fb_built=\u00bb1&#8243; module_class=\u00bbieec-heading\u00bb _builder_version=\u00bb4.27.2&#8243; _module_preset=\u00bbdefault\u00bb background_image=\u00bbhttps:\/\/www.ieec.cat\/wp-content\/uploads\/2022\/02\/slider-comunicacio.jpg\u00bb max_height=\u00bb130px\u00bb custom_padding=\u00bb0px||0px||false|false\u00bb da_disable_devices=\u00bboff|off|off\u00bb global_colors_info=\u00bb{}\u00bb da_is_popup=\u00bboff\u00bb da_exit_intent=\u00bboff\u00bb da_has_close=\u00bbon\u00bb da_alt_close=\u00bboff\u00bb da_dark_close=\u00bboff\u00bb da_not_modal=\u00bbon\u00bb da_is_singular=\u00bboff\u00bb da_with_loader=\u00bboff\u00bb da_has_shadow=\u00bbon\u00bb][\/et_pb_section][et_pb_section fb_built=\u00bb1&#8243; _builder_version=\u00bb4.16&#8243; _module_preset=\u00bbdefault\u00bb custom_padding=\u00bb24px||11px|||\u00bb da_disable_devices=\u00bboff|off|off\u00bb global_colors_info=\u00bb{}\u00bb da_is_popup=\u00bboff\u00bb da_exit_intent=\u00bboff\u00bb da_has_close=\u00bbon\u00bb da_alt_close=\u00bboff\u00bb da_dark_close=\u00bboff\u00bb da_not_modal=\u00bbon\u00bb da_is_singular=\u00bboff\u00bb da_with_loader=\u00bboff\u00bb da_has_shadow=\u00bbon\u00bb][et_pb_row _builder_version=\u00bb4.16&#8243; _module_preset=\u00bbdefault\u00bb custom_padding=\u00bb||11px||false|false\u00bb global_colors_info=\u00bb{}\u00bb][et_pb_column type=\u00bb4_4&#8243; _builder_version=\u00bb4.16&#8243; _module_preset=\u00bbdefault\u00bb global_colors_info=\u00bb{}\u00bb][et_pb_text admin_label=\u00bbUnitats recerca\u00bb _builder_version=\u00bb4.16&#8243; _dynamic_attributes=\u00bbcontent\u00bb _module_preset=\u00bbdefault\u00bb text_font=\u00bbCairo|700|||||||\u00bb text_font_size=\u00bb16px\u00bb min_height=\u00bb25.6px\u00bb custom_margin=\u00bb||6px|||\u00bb custom_padding=\u00bb||1px|||\u00bb text_font_size_tablet=\u00bb14px\u00bb text_font_size_phone=\u00bb14px\u00bb text_font_size_last_edited=\u00bbon|desktop\u00bb global_colors_info=\u00bb{}\u00bb]@ET-DC@eyJkeW5hbWljIjp0cnVlLCJjb250ZW50IjoiY3VzdG9tX21ldGFfb3JnYW5pemFjaW9uZXMiLCJzZXR0aW5ncyI6eyJiZWZvcmUiOiIiLCJhZnRlciI6IiIsImVuYWJsZV9odG1sIjoib2ZmIn19@[\/et_pb_text][et_pb_post_title meta=\u00bboff\u00bb featured_image=\u00bboff\u00bb module_class=\u00bbieec-title\u00bb _builder_version=\u00bb4.27.2&#8243; _module_preset=\u00bbdefault\u00bb title_font=\u00bbCairo|300|||||||\u00bb title_font_size=\u00bb40px\u00bb meta_font=\u00bb||on||||||\u00bb meta_font_size=\u00bb16px\u00bb title_font_size_tablet=\u00bb35px\u00bb title_font_size_phone=\u00bb30px\u00bb title_font_size_last_edited=\u00bbon|desktop\u00bb global_colors_info=\u00bb{}\u00bb][\/et_pb_post_title][\/et_pb_column][\/et_pb_row][\/et_pb_section][et_pb_section fb_built=\u00bb1&#8243; module_class=\u00bbieec-event-info\u00bb _builder_version=\u00bb4.27.2&#8243; _module_preset=\u00bbdefault\u00bb background_color=\u00bbrgba(30,39,81,0.1)\u00bb custom_padding=\u00bb24px||24px|||\u00bb da_disable_devices=\u00bboff|off|off\u00bb global_colors_info=\u00bb{}\u00bb da_is_popup=\u00bboff\u00bb da_exit_intent=\u00bboff\u00bb da_has_close=\u00bbon\u00bb da_alt_close=\u00bboff\u00bb da_dark_close=\u00bboff\u00bb da_not_modal=\u00bbon\u00bb da_is_singular=\u00bboff\u00bb da_with_loader=\u00bboff\u00bb da_has_shadow=\u00bbon\u00bb][et_pb_row column_structure=\u00bb1_4,1_4,1_4,1_4&#8243; _builder_version=\u00bb4.16&#8243; _module_preset=\u00bbdefault\u00bb custom_padding=\u00bb4px||19px|||\u00bb global_colors_info=\u00bb{}\u00bb][et_pb_column type=\u00bb1_4&#8243; _builder_version=\u00bb4.16&#8243; _module_preset=\u00bbdefault\u00bb global_colors_info=\u00bb{}\u00bb][et_pb_text _builder_version=\u00bb4.27.4&#8243; _module_preset=\u00bbdefault\u00bb text_font=\u00bb|700||on|||||\u00bb text_text_color=\u00bb#406fda\u00bb text_font_size=\u00bb15px\u00bb custom_margin=\u00bb||2px||false|false\u00bb text_font_size_tablet=\u00bb\u00bb text_font_size_phone=\u00bb13px\u00bb text_font_size_last_edited=\u00bbon|phone\u00bb global_colors_info=\u00bb{}\u00bb]<\/p>\n<p>fecha<\/p>\n<p>[\/et_pb_text][et_pb_text _builder_version=\u00bb4.16&#8243; _dynamic_attributes=\u00bbcontent\u00bb _module_preset=\u00bbdefault\u00bb text_font=\u00bbCairo|600|||||||\u00bb text_font_size=\u00bb28px\u00bb custom_margin=\u00bb||||false|false\u00bb text_font_size_tablet=\u00bb\u00bb text_font_size_phone=\u00bb23px\u00bb text_font_size_last_edited=\u00bbon|phone\u00bb global_colors_info=\u00bb{}\u00bb]@ET-DC@eyJkeW5hbWljIjp0cnVlLCJjb250ZW50IjoiY3VzdG9tX21ldGFfZmVjaGFfZXZlbnRvIiwic2V0dGluZ3MiOnsiYmVmb3JlIjoiIiwiYWZ0ZXIiOiIiLCJlbmFibGVfaHRtbCI6Im9mZiJ9fQ==@[\/et_pb_text][\/et_pb_column][et_pb_column type=\u00bb1_4&#8243; _builder_version=\u00bb4.16&#8243; _module_preset=\u00bbdefault\u00bb global_colors_info=\u00bb{}\u00bb][et_pb_text _builder_version=\u00bb4.16&#8243; _module_preset=\u00bbdefault\u00bb text_font=\u00bb|700||on|||||\u00bb text_text_color=\u00bb#406fda\u00bb text_font_size=\u00bb15px\u00bb custom_margin=\u00bb||2px||false|false\u00bb text_font_size_tablet=\u00bb\u00bb text_font_size_phone=\u00bb13px\u00bb text_font_size_last_edited=\u00bbon|phone\u00bb locked=\u00bboff\u00bb global_colors_info=\u00bb{}\u00bb]hora[\/et_pb_text][et_pb_text _builder_version=\u00bb4.16&#8243; _dynamic_attributes=\u00bbcontent\u00bb _module_preset=\u00bbdefault\u00bb text_font=\u00bbCairo|600|||||||\u00bb text_font_size=\u00bb28px\u00bb custom_margin=\u00bb||||false|false\u00bb text_font_size_tablet=\u00bb\u00bb text_font_size_phone=\u00bb23px\u00bb text_font_size_last_edited=\u00bbon|phone\u00bb locked=\u00bboff\u00bb global_colors_info=\u00bb{}\u00bb]@ET-DC@eyJkeW5hbWljIjp0cnVlLCJjb250ZW50IjoiY3VzdG9tX21ldGFfaG9yYV9ldmVudG8iLCJzZXR0aW5ncyI6eyJiZWZvcmUiOiIiLCJhZnRlciI6IiIsImVuYWJsZV9odG1sIjoib2ZmIn19@[\/et_pb_text][\/et_pb_column][et_pb_column type=\u00bb1_4&#8243; _builder_version=\u00bb4.16&#8243; _module_preset=\u00bbdefault\u00bb global_colors_info=\u00bb{}\u00bb][et_pb_text _builder_version=\u00bb4.27.4&#8243; _module_preset=\u00bbdefault\u00bb text_font=\u00bb|700||on|||||\u00bb text_text_color=\u00bb#406fda\u00bb text_font_size=\u00bb15px\u00bb custom_margin=\u00bb||2px||false|false\u00bb text_font_size_tablet=\u00bb\u00bb text_font_size_phone=\u00bb13px\u00bb text_font_size_last_edited=\u00bbon|phone\u00bb locked=\u00bboff\u00bb global_colors_info=\u00bb{}\u00bb]<\/p>\n<p>formato<\/p>\n<p>[\/et_pb_text][et_pb_text _builder_version=\u00bb4.16&#8243; _dynamic_attributes=\u00bbcontent\u00bb _module_preset=\u00bbdefault\u00bb text_font=\u00bbCairo|600|||||||\u00bb text_font_size=\u00bb28px\u00bb custom_margin=\u00bb||||false|false\u00bb text_font_size_tablet=\u00bb\u00bb text_font_size_phone=\u00bb23px\u00bb text_font_size_last_edited=\u00bbon|phone\u00bb locked=\u00bboff\u00bb global_colors_info=\u00bb{}\u00bb]@ET-DC@eyJkeW5hbWljIjp0cnVlLCJjb250ZW50IjoiY3VzdG9tX21ldGFfbHVnYXJfZXZlbnRvIiwic2V0dGluZ3MiOnsiYmVmb3JlIjoiIiwiYWZ0ZXIiOiIiLCJlbmFibGVfaHRtbCI6Im9mZiJ9fQ==@[\/et_pb_text][\/et_pb_column][et_pb_column type=\u00bb1_4&#8243; _builder_version=\u00bb4.16&#8243; _module_preset=\u00bbdefault\u00bb global_colors_info=\u00bb{}\u00bb][\/et_pb_column][\/et_pb_row][\/et_pb_section][et_pb_section fb_built=\u00bb1&#8243; _builder_version=\u00bb4.16&#8243; _module_preset=\u00bbdefault\u00bb custom_padding=\u00bb26px||8px|||\u00bb da_disable_devices=\u00bboff|off|off\u00bb global_colors_info=\u00bb{}\u00bb da_is_popup=\u00bboff\u00bb da_exit_intent=\u00bboff\u00bb da_has_close=\u00bbon\u00bb da_alt_close=\u00bboff\u00bb da_dark_close=\u00bboff\u00bb da_not_modal=\u00bbon\u00bb da_is_singular=\u00bboff\u00bb da_with_loader=\u00bboff\u00bb da_has_shadow=\u00bbon\u00bb][et_pb_row column_structure=\u00bb1_2,1_2&#8243; _builder_version=\u00bb4.16&#8243; _module_preset=\u00bbdefault\u00bb min_height=\u00bb524.6px\u00bb custom_padding=\u00bb13px|||||\u00bb locked=\u00bboff\u00bb global_colors_info=\u00bb{}\u00bb][et_pb_column type=\u00bb1_2&#8243; _builder_version=\u00bb4.16&#8243; _module_preset=\u00bbdefault\u00bb global_colors_info=\u00bb{}\u00bb][et_pb_image src=\u00bbhttps:\/\/www.ieec.cat\/wp-content\/uploads\/2025\/01\/EUSPA-destacat.jpg\u00bb title_text=\u00bbEUSPA-destacat\u00bb _builder_version=\u00bb4.27.4&#8243; _module_preset=\u00bbdefault\u00bb global_colors_info=\u00bb{}\u00bb][\/et_pb_image][et_pb_button button_url=\u00bbhttps:\/\/www.eurisy.eu\/event\/satellite-based-services-for-disaster-risk-management-spain\/registration\/\u00bb url_new_window=\u00bbon\u00bb button_text=\u00bbm\u00e1s informaci\u00f3n\u00bb button_alignment=\u00bbcenter\u00bb _builder_version=\u00bb4.27.4&#8243; _module_preset=\u00bbdefault\u00bb custom_button=\u00bbon\u00bb button_text_color=\u00bb#1a1140&#8243; button_bg_color=\u00bbrgba(26,17,64,0.1)\u00bb button_font=\u00bb|||on|||||\u00bb button_on_hover=\u00bboff\u00bb custom_margin=\u00bb30px||||false|false\u00bb custom_padding=\u00bb12px|45px|12px|35px|true|false\u00bb locked=\u00bboff\u00bb global_colors_info=\u00bb{}\u00bb button_bg_color__hover_enabled=\u00bbon|hover\u00bb button_bg_color__hover=\u00bb#406fda\u00bb button_bg_enable_color__hover=\u00bbon\u00bb button_text_color__hover_enabled=\u00bbon|hover\u00bb button_text_color__hover=\u00bb#FFFFFF\u00bb][\/et_pb_button][\/et_pb_column][et_pb_column type=\u00bb1_2&#8243; _builder_version=\u00bb4.16&#8243; _module_preset=\u00bbdefault\u00bb global_colors_info=\u00bb{}\u00bb][et_pb_text _builder_version=\u00bb4.27.4&#8243; _module_preset=\u00bbdefault\u00bb link_font=\u00bb|700|||on||||\u00bb hover_enabled=\u00bb0&#8243; global_colors_info=\u00bb{}\u00bb sticky_enabled=\u00bb0&#8243;]<\/p>\n<p><span style=\"font-weight: 400;\">La <\/span><a href=\"https:\/\/www.euspa.europa.eu\/\" target=\"_blank\" rel=\"noopener\"><span style=\"font-weight: 400;\">Agencia de la Uni\u00f3n Europea para el Programa Espacial<\/span><\/a><span style=\"font-weight: 400;\"> (EUSPA, por las siglas en ingl\u00e9s) y <\/span><a href=\"https:\/\/www.eurisy.eu\/\" target=\"_blank\" rel=\"noopener\"><span style=\"font-weight: 400;\">Eurisy<\/span><\/a><span style=\"font-weight: 400;\"> (red europea dedicada a promover el uso de tecnolog\u00edas espaciales y datos satelitales en la sociedad) organizan el workshop \u2018<\/span><b>Satellite-based Services for Disaster Risk Management<\/b><span style=\"font-weight: 400;\">\u2019.\u00a0<\/span><\/p>\n<p><span style=\"font-weight: 400;\">La jornada se realiza con la estrecha colaboraci\u00f3n del <a href=\"https:\/\/www.ieec.cat\/\">Institut d\u2019Estudis Espacials de Catalunya<\/a> (IEEC), la Secretar\u00eda de Pol\u00edticas Digitales de la Generalitat de Catalunya, en el marco de la <a href=\"https:\/\/politiquesdigitals.gencat.cat\/ca\/economia\/estrategia-new-space-catalunya\/\" target=\"_blank\" rel=\"noopener\">Estrategia NewSpace de Catalunya<\/a>, y la <a href=\"https:\/\/www.aee.gob.es\/\" target=\"_blank\" rel=\"noopener\">Agencia Espacial Espa\u00f1ola<\/a> (AEE). El acto cuenta con el apoyo del <a href=\"https:\/\/www.defensa.gob.es\/\" target=\"_blank\" rel=\"noopener\">Ministerio de Defensa<\/a> y del <a href=\"https:\/\/www.ciencia.gob.es\/\" target=\"_blank\" rel=\"noopener\">Ministerio de Ciencia, Innovaci\u00f3n y Universidades<\/a>.<\/span><\/p>\n<p><span style=\"font-weight: 400;\">La jornada tendr\u00e1 lugar en el <\/span><a href=\"https:\/\/www.wtcbarcelona.com\/es\/\" target=\"_blank\" rel=\"noopener\"><span style=\"font-weight: 400;\">World Trade Center<\/span><\/a><span style=\"font-weight: 400;\"> de Barcelona (Moll de Barcelona s\/n, edificio Est, 1\u00aa planta), el <\/span><b>26 de febrero<\/b><span style=\"font-weight: 400;\">, de 9:30 a 17:15 horas.<\/span><\/p>\n<p><span style=\"font-weight: 400;\">El evento forma parte de una serie de sesiones pr\u00e1cticas de nivel estatal para discutir con los usuarios los retos a los que se enfrentan en la <\/span><b>integraci\u00f3n de servicios basados en sat\u00e9lites<\/b><span style=\"font-weight: 400;\">, as\u00ed como los beneficios apreciados. En este caso, la jornada se centra en c\u00f3mo <\/span><b>el uso de las tecnolog\u00edas espaciales y los servicios asociados ayuda en la gesti\u00f3n del riesgo en desastres naturales<\/b><span style=\"font-weight: 400;\"> y otras <\/span><b>situaciones de emergencia<\/b><span style=\"font-weight: 400;\">. Se trata de una oportunidad \u00fanica para que los actores interesados se re\u00fanan, discutan e intercambien buenas pr\u00e1cticas y necesidades espec\u00edficas del sector.<\/span><\/p>\n<p><strong>[AFORO COMPLETO]<\/strong><\/p>\n<p>[\/et_pb_text][\/et_pb_column][\/et_pb_row][et_pb_row column_structure=\u00bb2_5,3_5&#8243; module_class=\u00bbieec-signup\u00bb _builder_version=\u00bb4.27.2&#8243; _module_preset=\u00bbdefault\u00bb background_color=\u00bb#406fda\u00bb custom_padding=\u00bb40px|40px|40px|40px|true|true\u00bb global_colors_info=\u00bb{}\u00bb][et_pb_column type=\u00bb2_5&#8243; _builder_version=\u00bb4.16&#8243; _module_preset=\u00bbdefault\u00bb global_colors_info=\u00bb{}\u00bb][et_pb_text module_class=\u00bbieec-signup-title\u00bb _builder_version=\u00bb4.27.4&#8243; _module_preset=\u00bbdefault\u00bb text_font=\u00bbCairo|700|||||||\u00bb text_text_color=\u00bb#FFFFFF\u00bb text_font_size=\u00bb22px\u00bb custom_margin=\u00bb||18px|||\u00bb global_colors_info=\u00bb{}\u00bb]<\/p>\n<p>Organizado por:<\/p>\n<p>[\/et_pb_text][et_pb_text _builder_version=\u00bb4.27.4&#8243; _module_preset=\u00bbdefault\u00bb text_font=\u00bb|700|||||||\u00bb text_text_color=\u00bb#FFFFFF\u00bb global_colors_info=\u00bb{}\u00bb]<\/p>\n<ul>\n<li style=\"font-weight: 400;\" aria-level=\"1\"><span style=\"font-weight: 400;\">EUSPA<\/span><\/li>\n<li style=\"font-weight: 400;\" aria-level=\"1\"><span style=\"font-weight: 400;\">Eurisy<\/span><\/li>\n<\/ul>\n<p><b><i>Colaboradores:<\/i><\/b><span style=\"font-weight: 400;\"> IEEC, Generalitat de Catalunya y AEE.<\/span><\/p>\n<p>[\/et_pb_text][et_pb_button button_url=\u00bbhttps:\/\/forms.office.com\/pages\/responsepage.aspx?id=txPl1kdZGk6o3nfZyRiJFrCmnoSp7FJItb3U0vcK1nhUMEM0UktRWk4xWE45VEpTN0xEREw2OTJCOC4u&#038;route=shorturl\u00bb url_new_window=\u00bbon\u00bb button_text=\u00bbLista de espera\u00bb button_alignment=\u00bbleft\u00bb _builder_version=\u00bb4.27.4&#8243; _module_preset=\u00bbdefault\u00bb custom_button=\u00bbon\u00bb button_text_color=\u00bb#1a1140&#8243; button_bg_color=\u00bb#FFFFFF\u00bb button_font=\u00bb|||on|||||\u00bb button_on_hover=\u00bboff\u00bb custom_margin=\u00bb30px||||false|false\u00bb custom_padding=\u00bb12px|45px|12px|35px|true|false\u00bb hover_enabled=\u00bb0&#8243; locked=\u00bboff\u00bb global_colors_info=\u00bb{}\u00bb button_bg_color__hover_enabled=\u00bbon|hover\u00bb button_bg_color__hover=\u00bb#1a1140&#8243; button_bg_enable_color__hover=\u00bbon\u00bb button_text_color__hover_enabled=\u00bbon|hover\u00bb button_text_color__hover=\u00bb#FFFFFF\u00bb sticky_enabled=\u00bb0&#8243;][\/et_pb_button][\/et_pb_column][et_pb_column type=\u00bb3_5&#8243; _builder_version=\u00bb4.16&#8243; _module_preset=\u00bbdefault\u00bb global_colors_info=\u00bb{}\u00bb][et_pb_text module_class=\u00bbieec-signup-title\u00bb _builder_version=\u00bb4.27.4&#8243; _module_preset=\u00bbdefault\u00bb text_font=\u00bbCairo|700|||||||\u00bb text_text_color=\u00bb#FFFFFF\u00bb text_font_size=\u00bb22px\u00bb custom_margin=\u00bb||18px|||\u00bb locked=\u00bboff\u00bb global_colors_info=\u00bb{}\u00bb]<\/p>\n<p>Objetivos:<\/p>\n<p>[\/et_pb_text][et_pb_text module_class=\u00bbieec-signup-summary\u00bb _builder_version=\u00bb4.27.4&#8243; _module_preset=\u00bbdefault\u00bb text_font=\u00bb||on||||||\u00bb text_text_color=\u00bb#FFFFFF\u00bb global_colors_info=\u00bb{}\u00bb]<\/p>\n<ul>\n<li style=\"font-weight: 400;\" aria-level=\"1\"><span style=\"font-weight: 400;\">Sensibilizar a las autoridades sobre las aplicaciones de sat\u00e9lites durante las diferentes fases de la gesti\u00f3n de desastres;<\/span><\/li>\n<li style=\"font-weight: 400;\" aria-level=\"1\"><span style=\"font-weight: 400;\">Discutir m\u00e9todos para mejorar la accesibilidad a los servicios basados en sat\u00e9lites para la gesti\u00f3n de desastres;<\/span><\/li>\n<li style=\"font-weight: 400;\" aria-level=\"1\"><span style=\"font-weight: 400;\">Recoger comentarios de las partes interesadas sobre las necesidades y experiencias de los usuarios en la integraci\u00f3n de servicios basados en sat\u00e9lites para la gesti\u00f3n de desastres;<\/span><\/li>\n<li style=\"font-weight: 400;\" aria-level=\"1\"><span style=\"font-weight: 400;\">Definir recomendaciones pol\u00edticas, tanto a nivel nacional como institucional;<\/span><\/li>\n<li style=\"font-weight: 400;\" aria-level=\"1\"><span style=\"font-weight: 400;\">Proporcionar la base para una hoja de ruta que facilite la integraci\u00f3n de los servicios basados en sat\u00e9lites.<\/span><span style=\"font-weight: 400;\"><\/span><\/li>\n<\/ul>\n<p><span style=\"font-weight: 400;\"><\/span><\/p>\n<p><span style=\"font-weight: 400;\"><\/span><\/p>\n<p>[\/et_pb_text][\/et_pb_column][\/et_pb_row][\/et_pb_section]<\/p>\n","protected":false},"excerpt":{"rendered":"<p>El IEEC colabora en esta jornada organizada por la Agencia de la Uni\u00f3n Europea para el Programa Espacial (EUSPA) y la red Eurisy.<\/p>\n","protected":false},"author":5,"featured_media":33626,"comment_status":"closed","ping_status":"closed","sticky":false,"template":"","format":"standard","meta":{"_et_pb_use_builder":"on","_et_pb_old_content":"","_et_gb_content_width":"","footnotes":""},"categories":[73,142,145,113,1],"tags":[],"class_list":["post-33128","post","type-post","status-publish","format-standard","has-post-thumbnail","hentry","category-eventos","category-jornada-es","category-newspace-es-3","category-noticia-destacada-pequena","category-sin-categorizar"],"yoast_head":"<!-- This site is optimized with the Yoast SEO plugin v27.4 - https:\/\/yoast.com\/product\/yoast-seo-wordpress\/ -->\n<title>Tecnolog\u00edas espaciales al servicio de la seguridad: gesti\u00f3n de riesgos en desastres naturales - IEEC<\/title>\n<meta name=\"description\" content=\"El IEEC colabora en esta jornada organizada por la Agencia de la Uni\u00f3n Europea para el Programa Espacial (EUSPA) y la red Eurisy.\" \/>\n<meta name=\"robots\" content=\"index, follow, max-snippet:-1, max-image-preview:large, max-video-preview:-1\" \/>\n<link rel=\"canonical\" href=\"https:\/\/www.ieec.cat\/es\/ven-al-evento-referente-sobre-el-uso-de-tecnologias-espaciales-en-la-gestion-del-riesgo-en-desastres-naturales\/\" \/>\n<meta property=\"og:locale\" content=\"es_ES\" \/>\n<meta property=\"og:type\" content=\"article\" \/>\n<meta property=\"og:title\" content=\"Tecnolog\u00edas espaciales al servicio de la seguridad: gesti\u00f3n de riesgos en desastres naturales - IEEC\" \/>\n<meta property=\"og:description\" content=\"El IEEC colabora en esta jornada organizada por la Agencia de la Uni\u00f3n Europea para el Programa Espacial (EUSPA) y la red Eurisy.\" \/>\n<meta property=\"og:url\" content=\"https:\/\/www.ieec.cat\/es\/ven-al-evento-referente-sobre-el-uso-de-tecnologias-espaciales-en-la-gestion-del-riesgo-en-desastres-naturales\/\" \/>\n<meta property=\"og:site_name\" content=\"IEEC\" \/>\n<meta property=\"article:published_time\" content=\"2025-01-30T11:54:09+00:00\" \/>\n<meta property=\"article:modified_time\" content=\"2025-08-07T11:27:22+00:00\" \/>\n<meta property=\"og:image\" content=\"https:\/\/www.ieec.cat\/wp-content\/uploads\/2025\/01\/EUSPA-destacat.jpg\" \/>\n\t<meta property=\"og:image:width\" content=\"1122\" \/>\n\t<meta property=\"og:image:height\" content=\"809\" \/>\n\t<meta property=\"og:image:type\" content=\"image\/jpeg\" \/>\n<meta name=\"author\" content=\"Francisco Panyos\" \/>\n<meta name=\"twitter:card\" content=\"summary_large_image\" \/>\n<meta name=\"twitter:label1\" content=\"Escrito por\" \/>\n\t<meta name=\"twitter:data1\" content=\"Francisco Panyos\" \/>\n\t<meta name=\"twitter:label2\" content=\"Tiempo de lectura\" \/>\n\t<meta name=\"twitter:data2\" content=\"8 minutos\" \/>\n<script type=\"application\/ld+json\" class=\"yoast-schema-graph\">{\"@context\":\"https:\\\/\\\/schema.org\",\"@graph\":[{\"@type\":\"Article\",\"@id\":\"https:\\\/\\\/www.ieec.cat\\\/es\\\/ven-al-evento-referente-sobre-el-uso-de-tecnologias-espaciales-en-la-gestion-del-riesgo-en-desastres-naturales\\\/#article\",\"isPartOf\":{\"@id\":\"https:\\\/\\\/www.ieec.cat\\\/es\\\/ven-al-evento-referente-sobre-el-uso-de-tecnologias-espaciales-en-la-gestion-del-riesgo-en-desastres-naturales\\\/\"},\"author\":{\"name\":\"Francisco Panyos\",\"@id\":\"https:\\\/\\\/www.ieec.cat\\\/es\\\/#\\\/schema\\\/person\\\/66f3943e2fdb094349ad344043ede870\"},\"headline\":\"Tecnolog\u00edas espaciales al servicio de la seguridad: gesti\u00f3n de riesgos en desastres naturales\",\"datePublished\":\"2025-01-30T11:54:09+00:00\",\"dateModified\":\"2025-08-07T11:27:22+00:00\",\"mainEntityOfPage\":{\"@id\":\"https:\\\/\\\/www.ieec.cat\\\/es\\\/ven-al-evento-referente-sobre-el-uso-de-tecnologias-espaciales-en-la-gestion-del-riesgo-en-desastres-naturales\\\/\"},\"wordCount\":1702,\"image\":{\"@id\":\"https:\\\/\\\/www.ieec.cat\\\/es\\\/ven-al-evento-referente-sobre-el-uso-de-tecnologias-espaciales-en-la-gestion-del-riesgo-en-desastres-naturales\\\/#primaryimage\"},\"thumbnailUrl\":\"https:\\\/\\\/www.ieec.cat\\\/wp-content\\\/uploads\\\/2025\\\/01\\\/EUSPA-destacat.jpg\",\"articleSection\":[\"Eventos\",\"Jornada\",\"NewSpace\",\"Noticia destacada peque\u00f1a\",\"Sin categorizar\"],\"inLanguage\":\"es\"},{\"@type\":\"WebPage\",\"@id\":\"https:\\\/\\\/www.ieec.cat\\\/es\\\/ven-al-evento-referente-sobre-el-uso-de-tecnologias-espaciales-en-la-gestion-del-riesgo-en-desastres-naturales\\\/\",\"url\":\"https:\\\/\\\/www.ieec.cat\\\/es\\\/ven-al-evento-referente-sobre-el-uso-de-tecnologias-espaciales-en-la-gestion-del-riesgo-en-desastres-naturales\\\/\",\"name\":\"Tecnolog\u00edas espaciales al servicio de la seguridad: gesti\u00f3n de riesgos en desastres naturales - IEEC\",\"isPartOf\":{\"@id\":\"https:\\\/\\\/www.ieec.cat\\\/es\\\/#website\"},\"primaryImageOfPage\":{\"@id\":\"https:\\\/\\\/www.ieec.cat\\\/es\\\/ven-al-evento-referente-sobre-el-uso-de-tecnologias-espaciales-en-la-gestion-del-riesgo-en-desastres-naturales\\\/#primaryimage\"},\"image\":{\"@id\":\"https:\\\/\\\/www.ieec.cat\\\/es\\\/ven-al-evento-referente-sobre-el-uso-de-tecnologias-espaciales-en-la-gestion-del-riesgo-en-desastres-naturales\\\/#primaryimage\"},\"thumbnailUrl\":\"https:\\\/\\\/www.ieec.cat\\\/wp-content\\\/uploads\\\/2025\\\/01\\\/EUSPA-destacat.jpg\",\"datePublished\":\"2025-01-30T11:54:09+00:00\",\"dateModified\":\"2025-08-07T11:27:22+00:00\",\"author\":{\"@id\":\"https:\\\/\\\/www.ieec.cat\\\/es\\\/#\\\/schema\\\/person\\\/66f3943e2fdb094349ad344043ede870\"},\"description\":\"El IEEC colabora en esta jornada organizada por la Agencia de la Uni\u00f3n Europea para el Programa Espacial (EUSPA) y la red Eurisy.\",\"breadcrumb\":{\"@id\":\"https:\\\/\\\/www.ieec.cat\\\/es\\\/ven-al-evento-referente-sobre-el-uso-de-tecnologias-espaciales-en-la-gestion-del-riesgo-en-desastres-naturales\\\/#breadcrumb\"},\"inLanguage\":\"es\",\"potentialAction\":[{\"@type\":\"ReadAction\",\"target\":[\"https:\\\/\\\/www.ieec.cat\\\/es\\\/ven-al-evento-referente-sobre-el-uso-de-tecnologias-espaciales-en-la-gestion-del-riesgo-en-desastres-naturales\\\/\"]}]},{\"@type\":\"ImageObject\",\"inLanguage\":\"es\",\"@id\":\"https:\\\/\\\/www.ieec.cat\\\/es\\\/ven-al-evento-referente-sobre-el-uso-de-tecnologias-espaciales-en-la-gestion-del-riesgo-en-desastres-naturales\\\/#primaryimage\",\"url\":\"https:\\\/\\\/www.ieec.cat\\\/wp-content\\\/uploads\\\/2025\\\/01\\\/EUSPA-destacat.jpg\",\"contentUrl\":\"https:\\\/\\\/www.ieec.cat\\\/wp-content\\\/uploads\\\/2025\\\/01\\\/EUSPA-destacat.jpg\",\"width\":1122,\"height\":809},{\"@type\":\"BreadcrumbList\",\"@id\":\"https:\\\/\\\/www.ieec.cat\\\/es\\\/ven-al-evento-referente-sobre-el-uso-de-tecnologias-espaciales-en-la-gestion-del-riesgo-en-desastres-naturales\\\/#breadcrumb\",\"itemListElement\":[{\"@type\":\"ListItem\",\"position\":1,\"name\":\"Portada\",\"item\":\"https:\\\/\\\/www.ieec.cat\\\/es\\\/\"},{\"@type\":\"ListItem\",\"position\":2,\"name\":\"Tecnolog\u00edas espaciales al servicio de la seguridad: gesti\u00f3n de riesgos en desastres naturales\"}]},{\"@type\":\"WebSite\",\"@id\":\"https:\\\/\\\/www.ieec.cat\\\/es\\\/#website\",\"url\":\"https:\\\/\\\/www.ieec.cat\\\/es\\\/\",\"name\":\"IEEC\",\"description\":\"Institut d&#039;Estudis Espacials de Catalunya\",\"potentialAction\":[{\"@type\":\"SearchAction\",\"target\":{\"@type\":\"EntryPoint\",\"urlTemplate\":\"https:\\\/\\\/www.ieec.cat\\\/es\\\/?s={search_term_string}\"},\"query-input\":{\"@type\":\"PropertyValueSpecification\",\"valueRequired\":true,\"valueName\":\"search_term_string\"}}],\"inLanguage\":\"es\"},{\"@type\":\"Person\",\"@id\":\"https:\\\/\\\/www.ieec.cat\\\/es\\\/#\\\/schema\\\/person\\\/66f3943e2fdb094349ad344043ede870\",\"name\":\"Francisco Panyos\",\"image\":{\"@type\":\"ImageObject\",\"inLanguage\":\"es\",\"@id\":\"https:\\\/\\\/secure.gravatar.com\\\/avatar\\\/526157a3fe3c965ab680e104b6fe47df151d5d607c86c2744324613bf4c68622?s=96&d=mm&r=g\",\"url\":\"https:\\\/\\\/secure.gravatar.com\\\/avatar\\\/526157a3fe3c965ab680e104b6fe47df151d5d607c86c2744324613bf4c68622?s=96&d=mm&r=g\",\"contentUrl\":\"https:\\\/\\\/secure.gravatar.com\\\/avatar\\\/526157a3fe3c965ab680e104b6fe47df151d5d607c86c2744324613bf4c68622?s=96&d=mm&r=g\",\"caption\":\"Francisco Panyos\"}}]}<\/script>\n<!-- \/ Yoast SEO plugin. -->","yoast_head_json":{"title":"Tecnolog\u00edas espaciales al servicio de la seguridad: gesti\u00f3n de riesgos en desastres naturales - IEEC","description":"El IEEC colabora en esta jornada organizada por la Agencia de la Uni\u00f3n Europea para el Programa Espacial (EUSPA) y la red Eurisy.","robots":{"index":"index","follow":"follow","max-snippet":"max-snippet:-1","max-image-preview":"max-image-preview:large","max-video-preview":"max-video-preview:-1"},"canonical":"https:\/\/www.ieec.cat\/es\/ven-al-evento-referente-sobre-el-uso-de-tecnologias-espaciales-en-la-gestion-del-riesgo-en-desastres-naturales\/","og_locale":"es_ES","og_type":"article","og_title":"Tecnolog\u00edas espaciales al servicio de la seguridad: gesti\u00f3n de riesgos en desastres naturales - IEEC","og_description":"El IEEC colabora en esta jornada organizada por la Agencia de la Uni\u00f3n Europea para el Programa Espacial (EUSPA) y la red Eurisy.","og_url":"https:\/\/www.ieec.cat\/es\/ven-al-evento-referente-sobre-el-uso-de-tecnologias-espaciales-en-la-gestion-del-riesgo-en-desastres-naturales\/","og_site_name":"IEEC","article_published_time":"2025-01-30T11:54:09+00:00","article_modified_time":"2025-08-07T11:27:22+00:00","og_image":[{"width":1122,"height":809,"url":"https:\/\/www.ieec.cat\/wp-content\/uploads\/2025\/01\/EUSPA-destacat.jpg","type":"image\/jpeg"}],"author":"Francisco Panyos","twitter_card":"summary_large_image","twitter_misc":{"Escrito por":"Francisco Panyos","Tiempo de lectura":"8 minutos"},"schema":{"@context":"https:\/\/schema.org","@graph":[{"@type":"Article","@id":"https:\/\/www.ieec.cat\/es\/ven-al-evento-referente-sobre-el-uso-de-tecnologias-espaciales-en-la-gestion-del-riesgo-en-desastres-naturales\/#article","isPartOf":{"@id":"https:\/\/www.ieec.cat\/es\/ven-al-evento-referente-sobre-el-uso-de-tecnologias-espaciales-en-la-gestion-del-riesgo-en-desastres-naturales\/"},"author":{"name":"Francisco Panyos","@id":"https:\/\/www.ieec.cat\/es\/#\/schema\/person\/66f3943e2fdb094349ad344043ede870"},"headline":"Tecnolog\u00edas espaciales al servicio de la seguridad: gesti\u00f3n de riesgos en desastres naturales","datePublished":"2025-01-30T11:54:09+00:00","dateModified":"2025-08-07T11:27:22+00:00","mainEntityOfPage":{"@id":"https:\/\/www.ieec.cat\/es\/ven-al-evento-referente-sobre-el-uso-de-tecnologias-espaciales-en-la-gestion-del-riesgo-en-desastres-naturales\/"},"wordCount":1702,"image":{"@id":"https:\/\/www.ieec.cat\/es\/ven-al-evento-referente-sobre-el-uso-de-tecnologias-espaciales-en-la-gestion-del-riesgo-en-desastres-naturales\/#primaryimage"},"thumbnailUrl":"https:\/\/www.ieec.cat\/wp-content\/uploads\/2025\/01\/EUSPA-destacat.jpg","articleSection":["Eventos","Jornada","NewSpace","Noticia destacada peque\u00f1a","Sin categorizar"],"inLanguage":"es"},{"@type":"WebPage","@id":"https:\/\/www.ieec.cat\/es\/ven-al-evento-referente-sobre-el-uso-de-tecnologias-espaciales-en-la-gestion-del-riesgo-en-desastres-naturales\/","url":"https:\/\/www.ieec.cat\/es\/ven-al-evento-referente-sobre-el-uso-de-tecnologias-espaciales-en-la-gestion-del-riesgo-en-desastres-naturales\/","name":"Tecnolog\u00edas espaciales al servicio de la seguridad: gesti\u00f3n de riesgos en desastres naturales - IEEC","isPartOf":{"@id":"https:\/\/www.ieec.cat\/es\/#website"},"primaryImageOfPage":{"@id":"https:\/\/www.ieec.cat\/es\/ven-al-evento-referente-sobre-el-uso-de-tecnologias-espaciales-en-la-gestion-del-riesgo-en-desastres-naturales\/#primaryimage"},"image":{"@id":"https:\/\/www.ieec.cat\/es\/ven-al-evento-referente-sobre-el-uso-de-tecnologias-espaciales-en-la-gestion-del-riesgo-en-desastres-naturales\/#primaryimage"},"thumbnailUrl":"https:\/\/www.ieec.cat\/wp-content\/uploads\/2025\/01\/EUSPA-destacat.jpg","datePublished":"2025-01-30T11:54:09+00:00","dateModified":"2025-08-07T11:27:22+00:00","author":{"@id":"https:\/\/www.ieec.cat\/es\/#\/schema\/person\/66f3943e2fdb094349ad344043ede870"},"description":"El IEEC colabora en esta jornada organizada por la Agencia de la Uni\u00f3n Europea para el Programa Espacial (EUSPA) y la red Eurisy.","breadcrumb":{"@id":"https:\/\/www.ieec.cat\/es\/ven-al-evento-referente-sobre-el-uso-de-tecnologias-espaciales-en-la-gestion-del-riesgo-en-desastres-naturales\/#breadcrumb"},"inLanguage":"es","potentialAction":[{"@type":"ReadAction","target":["https:\/\/www.ieec.cat\/es\/ven-al-evento-referente-sobre-el-uso-de-tecnologias-espaciales-en-la-gestion-del-riesgo-en-desastres-naturales\/"]}]},{"@type":"ImageObject","inLanguage":"es","@id":"https:\/\/www.ieec.cat\/es\/ven-al-evento-referente-sobre-el-uso-de-tecnologias-espaciales-en-la-gestion-del-riesgo-en-desastres-naturales\/#primaryimage","url":"https:\/\/www.ieec.cat\/wp-content\/uploads\/2025\/01\/EUSPA-destacat.jpg","contentUrl":"https:\/\/www.ieec.cat\/wp-content\/uploads\/2025\/01\/EUSPA-destacat.jpg","width":1122,"height":809},{"@type":"BreadcrumbList","@id":"https:\/\/www.ieec.cat\/es\/ven-al-evento-referente-sobre-el-uso-de-tecnologias-espaciales-en-la-gestion-del-riesgo-en-desastres-naturales\/#breadcrumb","itemListElement":[{"@type":"ListItem","position":1,"name":"Portada","item":"https:\/\/www.ieec.cat\/es\/"},{"@type":"ListItem","position":2,"name":"Tecnolog\u00edas espaciales al servicio de la seguridad: gesti\u00f3n de riesgos en desastres naturales"}]},{"@type":"WebSite","@id":"https:\/\/www.ieec.cat\/es\/#website","url":"https:\/\/www.ieec.cat\/es\/","name":"IEEC","description":"Institut d&#039;Estudis Espacials de Catalunya","potentialAction":[{"@type":"SearchAction","target":{"@type":"EntryPoint","urlTemplate":"https:\/\/www.ieec.cat\/es\/?s={search_term_string}"},"query-input":{"@type":"PropertyValueSpecification","valueRequired":true,"valueName":"search_term_string"}}],"inLanguage":"es"},{"@type":"Person","@id":"https:\/\/www.ieec.cat\/es\/#\/schema\/person\/66f3943e2fdb094349ad344043ede870","name":"Francisco Panyos","image":{"@type":"ImageObject","inLanguage":"es","@id":"https:\/\/secure.gravatar.com\/avatar\/526157a3fe3c965ab680e104b6fe47df151d5d607c86c2744324613bf4c68622?s=96&d=mm&r=g","url":"https:\/\/secure.gravatar.com\/avatar\/526157a3fe3c965ab680e104b6fe47df151d5d607c86c2744324613bf4c68622?s=96&d=mm&r=g","contentUrl":"https:\/\/secure.gravatar.com\/avatar\/526157a3fe3c965ab680e104b6fe47df151d5d607c86c2744324613bf4c68622?s=96&d=mm&r=g","caption":"Francisco Panyos"}}]}},"_links":{"self":[{"href":"https:\/\/www.ieec.cat\/es\/wp-json\/wp\/v2\/posts\/33128","targetHints":{"allow":["GET"]}}],"collection":[{"href":"https:\/\/www.ieec.cat\/es\/wp-json\/wp\/v2\/posts"}],"about":[{"href":"https:\/\/www.ieec.cat\/es\/wp-json\/wp\/v2\/types\/post"}],"author":[{"embeddable":true,"href":"https:\/\/www.ieec.cat\/es\/wp-json\/wp\/v2\/users\/5"}],"replies":[{"embeddable":true,"href":"https:\/\/www.ieec.cat\/es\/wp-json\/wp\/v2\/comments?post=33128"}],"version-history":[{"count":20,"href":"https:\/\/www.ieec.cat\/es\/wp-json\/wp\/v2\/posts\/33128\/revisions"}],"predecessor-version":[{"id":33713,"href":"https:\/\/www.ieec.cat\/es\/wp-json\/wp\/v2\/posts\/33128\/revisions\/33713"}],"wp:featuredmedia":[{"embeddable":true,"href":"https:\/\/www.ieec.cat\/es\/wp-json\/wp\/v2\/media\/33626"}],"wp:attachment":[{"href":"https:\/\/www.ieec.cat\/es\/wp-json\/wp\/v2\/media?parent=33128"}],"wp:term":[{"taxonomy":"category","embeddable":true,"href":"https:\/\/www.ieec.cat\/es\/wp-json\/wp\/v2\/categories?post=33128"},{"taxonomy":"post_tag","embeddable":true,"href":"https:\/\/www.ieec.cat\/es\/wp-json\/wp\/v2\/tags?post=33128"}],"curies":[{"name":"wp","href":"https:\/\/api.w.org\/{rel}","templated":true}]}}