{"id":33497,"date":"2025-02-17T15:26:45","date_gmt":"2025-02-17T14:26:45","guid":{"rendered":"https:\/\/www.ieec.cat\/?p=33497"},"modified":"2025-05-09T18:22:28","modified_gmt":"2025-05-09T16:22:28","slug":"una-nueva-edicion-del-newspace-economy-congress-esta-en-camino","status":"publish","type":"post","link":"https:\/\/www.ieec.cat\/es\/una-nueva-edicion-del-newspace-economy-congress-esta-en-camino\/","title":{"rendered":"\u00a1La cuarta edici\u00f3n del NewSpace Economy Congress 2025 est\u00e1 en camino!"},"content":{"rendered":"<p>[et_pb_section fb_built=\u00bb1&#8243; module_class=\u00bbieec-heading\u00bb _builder_version=\u00bb4.27.2&#8243; _module_preset=\u00bbdefault\u00bb background_image=\u00bbhttps:\/\/www.ieec.cat\/wp-content\/uploads\/2022\/02\/slider-comunicacio.jpg\u00bb max_height=\u00bb130px\u00bb custom_padding=\u00bb0px||0px||false|false\u00bb da_disable_devices=\u00bboff|off|off\u00bb global_colors_info=\u00bb{}\u00bb da_is_popup=\u00bboff\u00bb da_exit_intent=\u00bboff\u00bb da_has_close=\u00bbon\u00bb da_alt_close=\u00bboff\u00bb da_dark_close=\u00bboff\u00bb da_not_modal=\u00bbon\u00bb da_is_singular=\u00bboff\u00bb da_with_loader=\u00bboff\u00bb da_has_shadow=\u00bbon\u00bb][\/et_pb_section][et_pb_section fb_built=\u00bb1&#8243; _builder_version=\u00bb4.16&#8243; _module_preset=\u00bbdefault\u00bb custom_padding=\u00bb24px||11px|||\u00bb da_disable_devices=\u00bboff|off|off\u00bb global_colors_info=\u00bb{}\u00bb da_is_popup=\u00bboff\u00bb da_exit_intent=\u00bboff\u00bb da_has_close=\u00bbon\u00bb da_alt_close=\u00bboff\u00bb da_dark_close=\u00bboff\u00bb da_not_modal=\u00bbon\u00bb da_is_singular=\u00bboff\u00bb da_with_loader=\u00bboff\u00bb da_has_shadow=\u00bbon\u00bb][et_pb_row _builder_version=\u00bb4.16&#8243; _module_preset=\u00bbdefault\u00bb custom_padding=\u00bb||11px||false|false\u00bb global_colors_info=\u00bb{}\u00bb][et_pb_column type=\u00bb4_4&#8243; _builder_version=\u00bb4.16&#8243; _module_preset=\u00bbdefault\u00bb global_colors_info=\u00bb{}\u00bb][et_pb_text admin_label=\u00bbUnitats recerca\u00bb _builder_version=\u00bb4.16&#8243; _dynamic_attributes=\u00bbcontent\u00bb _module_preset=\u00bbdefault\u00bb text_font=\u00bbCairo|700|||||||\u00bb text_font_size=\u00bb16px\u00bb min_height=\u00bb25.6px\u00bb custom_margin=\u00bb||6px|||\u00bb custom_padding=\u00bb||1px|||\u00bb text_font_size_tablet=\u00bb14px\u00bb text_font_size_phone=\u00bb14px\u00bb text_font_size_last_edited=\u00bbon|desktop\u00bb global_colors_info=\u00bb{}\u00bb]@ET-DC@eyJkeW5hbWljIjp0cnVlLCJjb250ZW50IjoiY3VzdG9tX21ldGFfb3JnYW5pemFjaW9uZXMiLCJzZXR0aW5ncyI6eyJiZWZvcmUiOiIiLCJhZnRlciI6IiIsImVuYWJsZV9odG1sIjoib2ZmIn19@[\/et_pb_text][et_pb_post_title meta=\u00bboff\u00bb featured_image=\u00bboff\u00bb module_class=\u00bbieec-title\u00bb _builder_version=\u00bb4.27.2&#8243; _module_preset=\u00bbdefault\u00bb title_font=\u00bbCairo|300|||||||\u00bb title_font_size=\u00bb40px\u00bb meta_font=\u00bb||on||||||\u00bb meta_font_size=\u00bb16px\u00bb title_font_size_tablet=\u00bb35px\u00bb title_font_size_phone=\u00bb30px\u00bb title_font_size_last_edited=\u00bbon|desktop\u00bb global_colors_info=\u00bb{}\u00bb][\/et_pb_post_title][\/et_pb_column][\/et_pb_row][\/et_pb_section][et_pb_section fb_built=\u00bb1&#8243; module_class=\u00bbieec-event-info\u00bb _builder_version=\u00bb4.27.2&#8243; _module_preset=\u00bbdefault\u00bb background_color=\u00bbrgba(30,39,81,0.1)\u00bb custom_padding=\u00bb24px||24px|||\u00bb da_disable_devices=\u00bboff|off|off\u00bb global_colors_info=\u00bb{}\u00bb da_is_popup=\u00bboff\u00bb da_exit_intent=\u00bboff\u00bb da_has_close=\u00bbon\u00bb da_alt_close=\u00bboff\u00bb da_dark_close=\u00bboff\u00bb da_not_modal=\u00bbon\u00bb da_is_singular=\u00bboff\u00bb da_with_loader=\u00bboff\u00bb da_has_shadow=\u00bbon\u00bb][et_pb_row column_structure=\u00bb1_4,1_4,1_4,1_4&#8243; _builder_version=\u00bb4.16&#8243; _module_preset=\u00bbdefault\u00bb custom_padding=\u00bb4px||19px|||\u00bb global_colors_info=\u00bb{}\u00bb][et_pb_column type=\u00bb1_4&#8243; _builder_version=\u00bb4.16&#8243; _module_preset=\u00bbdefault\u00bb global_colors_info=\u00bb{}\u00bb][et_pb_text _builder_version=\u00bb4.27.4&#8243; _module_preset=\u00bbdefault\u00bb text_font=\u00bb|700||on|||||\u00bb text_text_color=\u00bb#406fda\u00bb text_font_size=\u00bb15px\u00bb custom_margin=\u00bb||2px||false|false\u00bb text_font_size_tablet=\u00bb\u00bb text_font_size_phone=\u00bb13px\u00bb text_font_size_last_edited=\u00bbon|phone\u00bb global_colors_info=\u00bb{}\u00bb]<\/p>\n<p>fecha<\/p>\n<p>[\/et_pb_text][et_pb_text _builder_version=\u00bb4.16&#8243; _dynamic_attributes=\u00bbcontent\u00bb _module_preset=\u00bbdefault\u00bb text_font=\u00bbCairo|600|||||||\u00bb text_font_size=\u00bb28px\u00bb custom_margin=\u00bb||||false|false\u00bb text_font_size_tablet=\u00bb\u00bb text_font_size_phone=\u00bb23px\u00bb text_font_size_last_edited=\u00bbon|phone\u00bb global_colors_info=\u00bb{}\u00bb]@ET-DC@eyJkeW5hbWljIjp0cnVlLCJjb250ZW50IjoiY3VzdG9tX21ldGFfZmVjaGFfZXZlbnRvIiwic2V0dGluZ3MiOnsiYmVmb3JlIjoiIiwiYWZ0ZXIiOiIiLCJlbmFibGVfaHRtbCI6Im9mZiJ9fQ==@[\/et_pb_text][\/et_pb_column][et_pb_column type=\u00bb1_4&#8243; _builder_version=\u00bb4.16&#8243; _module_preset=\u00bbdefault\u00bb global_colors_info=\u00bb{}\u00bb][et_pb_text _builder_version=\u00bb4.16&#8243; _module_preset=\u00bbdefault\u00bb text_font=\u00bb|700||on|||||\u00bb text_text_color=\u00bb#406fda\u00bb text_font_size=\u00bb15px\u00bb custom_margin=\u00bb||2px||false|false\u00bb text_font_size_tablet=\u00bb\u00bb text_font_size_phone=\u00bb13px\u00bb text_font_size_last_edited=\u00bbon|phone\u00bb locked=\u00bboff\u00bb global_colors_info=\u00bb{}\u00bb]hora[\/et_pb_text][et_pb_text _builder_version=\u00bb4.16&#8243; _dynamic_attributes=\u00bbcontent\u00bb _module_preset=\u00bbdefault\u00bb text_font=\u00bbCairo|600|||||||\u00bb text_font_size=\u00bb28px\u00bb custom_margin=\u00bb||||false|false\u00bb text_font_size_tablet=\u00bb\u00bb text_font_size_phone=\u00bb23px\u00bb text_font_size_last_edited=\u00bbon|phone\u00bb locked=\u00bboff\u00bb global_colors_info=\u00bb{}\u00bb]@ET-DC@eyJkeW5hbWljIjp0cnVlLCJjb250ZW50IjoiY3VzdG9tX21ldGFfaG9yYV9ldmVudG8iLCJzZXR0aW5ncyI6eyJiZWZvcmUiOiIiLCJhZnRlciI6IiIsImVuYWJsZV9odG1sIjoib2ZmIn19@[\/et_pb_text][\/et_pb_column][et_pb_column type=\u00bb1_4&#8243; _builder_version=\u00bb4.16&#8243; _module_preset=\u00bbdefault\u00bb global_colors_info=\u00bb{}\u00bb][et_pb_text _builder_version=\u00bb4.27.4&#8243; _module_preset=\u00bbdefault\u00bb text_font=\u00bb|700||on|||||\u00bb text_text_color=\u00bb#406fda\u00bb text_font_size=\u00bb15px\u00bb custom_margin=\u00bb||2px||false|false\u00bb text_font_size_tablet=\u00bb\u00bb text_font_size_phone=\u00bb13px\u00bb text_font_size_last_edited=\u00bbon|phone\u00bb locked=\u00bboff\u00bb global_colors_info=\u00bb{}\u00bb]<\/p>\n<p>formato<\/p>\n<p>[\/et_pb_text][et_pb_text _builder_version=\u00bb4.16&#8243; _dynamic_attributes=\u00bbcontent\u00bb _module_preset=\u00bbdefault\u00bb text_font=\u00bbCairo|600|||||||\u00bb text_font_size=\u00bb28px\u00bb custom_margin=\u00bb||||false|false\u00bb text_font_size_tablet=\u00bb\u00bb text_font_size_phone=\u00bb23px\u00bb text_font_size_last_edited=\u00bbon|phone\u00bb locked=\u00bboff\u00bb global_colors_info=\u00bb{}\u00bb]@ET-DC@eyJkeW5hbWljIjp0cnVlLCJjb250ZW50IjoiY3VzdG9tX21ldGFfbHVnYXJfZXZlbnRvIiwic2V0dGluZ3MiOnsiYmVmb3JlIjoiIiwiYWZ0ZXIiOiIiLCJlbmFibGVfaHRtbCI6Im9mZiJ9fQ==@[\/et_pb_text][\/et_pb_column][et_pb_column type=\u00bb1_4&#8243; _builder_version=\u00bb4.16&#8243; _module_preset=\u00bbdefault\u00bb global_colors_info=\u00bb{}\u00bb][\/et_pb_column][\/et_pb_row][\/et_pb_section][et_pb_section fb_built=\u00bb1&#8243; _builder_version=\u00bb4.16&#8243; _module_preset=\u00bbdefault\u00bb custom_padding=\u00bb26px||8px|||\u00bb da_disable_devices=\u00bboff|off|off\u00bb global_colors_info=\u00bb{}\u00bb da_is_popup=\u00bboff\u00bb da_exit_intent=\u00bboff\u00bb da_has_close=\u00bbon\u00bb da_alt_close=\u00bboff\u00bb da_dark_close=\u00bboff\u00bb da_not_modal=\u00bbon\u00bb da_is_singular=\u00bboff\u00bb da_with_loader=\u00bboff\u00bb da_has_shadow=\u00bbon\u00bb][et_pb_row column_structure=\u00bb1_2,1_2&#8243; _builder_version=\u00bb4.16&#8243; _module_preset=\u00bbdefault\u00bb min_height=\u00bb524.6px\u00bb custom_padding=\u00bb13px|||||\u00bb locked=\u00bboff\u00bb global_colors_info=\u00bb{}\u00bb][et_pb_column type=\u00bb1_2&#8243; _builder_version=\u00bb4.16&#8243; _module_preset=\u00bbdefault\u00bb global_colors_info=\u00bb{}\u00bb][et_pb_image src=\u00bbhttps:\/\/www.ieec.cat\/wp-content\/uploads\/2025\/02\/savethedate_newspace_25_esp1.jpg\u00bb title_text=\u00bbsavethedate_newspace_25_esp(1)\u00bb _builder_version=\u00bb4.27.4&#8243; _module_preset=\u00bbdefault\u00bb global_colors_info=\u00bb{}\u00bb][\/et_pb_image][et_pb_button button_url=\u00bbhttps:\/\/www.newspacecongress.cat\/es\/\u00bb url_new_window=\u00bbon\u00bb button_text=\u00bbM\u00e1s informaci\u00f3n\u00bb button_alignment=\u00bbcenter\u00bb disabled_on=\u00bboff|off|off\u00bb _builder_version=\u00bb4.27.4&#8243; _module_preset=\u00bbdefault\u00bb custom_button=\u00bbon\u00bb button_text_color=\u00bb#1a1140&#8243; button_bg_color=\u00bbrgba(26,17,64,0.1)\u00bb button_font=\u00bb|||on|||||\u00bb button_on_hover=\u00bboff\u00bb custom_margin=\u00bb30px||||false|false\u00bb custom_padding=\u00bb12px|45px|12px|35px|true|false\u00bb locked=\u00bboff\u00bb global_colors_info=\u00bb{}\u00bb button_bg_color__hover_enabled=\u00bbon|hover\u00bb button_bg_color__hover=\u00bb#406fda\u00bb button_bg_enable_color__hover=\u00bbon\u00bb button_text_color__hover_enabled=\u00bbon|hover\u00bb button_text_color__hover=\u00bb#FFFFFF\u00bb][\/et_pb_button][\/et_pb_column][et_pb_column type=\u00bb1_2&#8243; _builder_version=\u00bb4.16&#8243; _module_preset=\u00bbdefault\u00bb global_colors_info=\u00bb{}\u00bb][et_pb_text _builder_version=\u00bb4.27.4&#8243; _module_preset=\u00bbdefault\u00bb link_font=\u00bb|700|||on||||\u00bb hover_enabled=\u00bb0&#8243; global_colors_info=\u00bb{}\u00bb sticky_enabled=\u00bb0&#8243;]<\/p>\n<p><span style=\"font-weight: 400;\">Un a\u00f1o m\u00e1s, Barcelona acoger\u00e1 una nueva edici\u00f3n de uno de los principales eventos del ecosistema espacial catal\u00e1n. El <\/span><a href=\"https:\/\/www.newspacecongress.cat\/es\/\" target=\"_blank\" rel=\"noopener\"><span style=\"font-weight: 400;\">NewSpace Economy Congress 2025<\/span><\/a><span style=\"font-weight: 400;\"> se celebrar\u00e1 los d\u00edas <b>3 y 4 de julio<\/b> en La Llotja de Mar (Pg. d\u2019Isabel II, 1, Pis 2, 08003, Barcelona). Este a\u00f1o, el objetivo del Congreso es seguir posicionando Catalunya com un <i>hub <\/i>espacial de referencia, reforzando su apuesta por la <b>internacionalizaci\u00f3n y la colaboraci\u00f3n intersectorial<\/b>, ofreciendo nuevas oportunidades de negocio y visibilidad dentro del ecosistema NewSpace.<\/span><\/p>\n<p><span style=\"font-weight: 400;\">El programa incluir\u00e1 ponencias y mesas redondas de alta calidad, con el objetivo de explorar las <strong>\u00faltimas tendencias, avances tecnol\u00f3gicos y nuevas oportunidades de negocio e inversi\u00f3n en el sector.<\/strong> Adem\u00e1s, el evento contar\u00e1 con una amplia variedad de ponentes destacados, tanto a nivel nacional como internacional. El <b>programa provisional<\/b> del evento puede consultarse <a href=\"https:\/\/www.newspacecongress.cat\/es\/programa-2025\/\" target=\"_blank\" rel=\"noopener\">aqu\u00ed<\/a>. <\/span><\/p>\n<p><span style=\"font-weight: 400;\">Durante estos dos d\u00edas, Barcelona no solo se convertir\u00e1 en el centro de la econom\u00eda NewSpace, sino que tambi\u00e9n ser\u00e1 un espacio para aprender y aprovechar las oportunidades de negocio que este sector ofrece en <strong>\u00e1reas como la sostenibilidad, nuevos sistemas de fabricaci\u00f3n, nuevos modelos de negocio, movilidad sostenible y oportunidades de inversi\u00f3n.<\/strong><\/span><\/p>\n<p><span style=\"font-weight: 400;\">El NewSpace Congress 2025 est\u00e1 organizado por la <\/span><a href=\"https:\/\/cambrabcn.org\/es\/\" target=\"_blank\" rel=\"noopener\"><span style=\"font-weight: 400;\">C\u00e1mara de Comercio de Barcelona<\/span><\/a><span style=\"font-weight: 400;\"> y la <\/span><a href=\"https:\/\/web.gencat.cat\/es\/inici\/index.html\" target=\"_blank\" rel=\"noopener\"><span style=\"font-weight: 400;\">Generalitat de Catalunya<\/span><\/a><span style=\"font-weight: 400;\">, y cuenta con la colaboraci\u00f3n del <\/span><a href=\"https:\/\/www.ieec.cat\/es\/\"><span style=\"font-weight: 400;\">Institut d\u2019Estudis Espacials de Catalunya<\/span><\/a><span style=\"font-weight: 400;\"> (IEEC), el <\/span><a href=\"https:\/\/www.icgc.cat\/es\" target=\"_blank\" rel=\"noopener\"><span style=\"font-weight: 400;\">Instituto Cartogr\u00e1fico y Geol\u00f3gico de Catalunya<\/span><\/a><span style=\"font-weight: 400;\"> (ICGC), la <\/span><a href=\"https:\/\/i2cat.net\/?lang=ca\" target=\"_blank\" rel=\"noopener\"><span style=\"font-weight: 400;\">Fundaci\u00f3n i2CAT<\/span><\/a><span style=\"font-weight: 400;\"> y la <\/span><a href=\"https:\/\/kimglobal.com\/es\/kimbcn\/\" target=\"_blank\" rel=\"noopener\"><span style=\"font-weight: 400;\">Fundaci\u00f3n KIMbcn<\/span><\/a><span style=\"font-weight: 400;\"> como organizadores asociados.<\/span><\/p>\n<p>[\/et_pb_text][\/et_pb_column][\/et_pb_row][et_pb_row column_structure=\u00bb2_5,3_5&#8243; module_class=\u00bbieec-signup\u00bb _builder_version=\u00bb4.27.2&#8243; _module_preset=\u00bbdefault\u00bb background_color=\u00bb#406fda\u00bb custom_padding=\u00bb40px|40px|40px|40px|true|true\u00bb global_colors_info=\u00bb{}\u00bb][et_pb_column type=\u00bb2_5&#8243; _builder_version=\u00bb4.16&#8243; _module_preset=\u00bbdefault\u00bb global_colors_info=\u00bb{}\u00bb][et_pb_text module_class=\u00bbieec-signup-title\u00bb _builder_version=\u00bb4.27.4&#8243; _module_preset=\u00bbdefault\u00bb text_font=\u00bbCairo|700|||||||\u00bb text_text_color=\u00bb#FFFFFF\u00bb text_font_size=\u00bb22px\u00bb custom_margin=\u00bb||18px|||\u00bb global_colors_info=\u00bb{}\u00bb]<\/p>\n<p>Organizado por:<\/p>\n<p>[\/et_pb_text][et_pb_text _builder_version=\u00bb4.27.4&#8243; _module_preset=\u00bbdefault\u00bb text_font=\u00bb|700|||||||\u00bb text_text_color=\u00bb#FFFFFF\u00bb global_colors_info=\u00bb{}\u00bb]<\/p>\n<ul>\n<li style=\"font-weight: 400;\" aria-level=\"1\"><span style=\"font-weight: 400;\">C\u00e1mara de Comercio de Barcelona<\/span><\/li>\n<li style=\"font-weight: 400;\" aria-level=\"1\"><span style=\"font-weight: 400;\">Generalitat de Catalunya<\/span><\/li>\n<\/ul>\n<p><span style=\"font-weight: 400;\"><b><i>Organizadores associados:<\/i><\/b> IEEC, ICGC, i2CAT y KIMbcn<\/span><\/p>\n<p>[\/et_pb_text][et_pb_button button_url=\u00bbhttps:\/\/www.newspacecongress.cat\/es\/inscripcion\/\u00bb url_new_window=\u00bbon\u00bb button_text=\u00bbInscr\u00edbete\u00bb button_alignment=\u00bbleft\u00bb disabled_on=\u00bboff|off|off\u00bb _builder_version=\u00bb4.27.4&#8243; _module_preset=\u00bbdefault\u00bb custom_button=\u00bbon\u00bb button_text_color=\u00bb#1a1140&#8243; button_bg_color=\u00bb#FFFFFF\u00bb button_font=\u00bb|||on|||||\u00bb button_on_hover=\u00bboff\u00bb custom_margin=\u00bb30px||||false|false\u00bb custom_padding=\u00bb12px|45px|12px|35px|true|false\u00bb locked=\u00bboff\u00bb global_colors_info=\u00bb{}\u00bb button_bg_color__hover_enabled=\u00bbon|hover\u00bb button_bg_color__hover=\u00bb#1a1140&#8243; button_bg_enable_color__hover=\u00bbon\u00bb button_text_color__hover_enabled=\u00bbon|hover\u00bb button_text_color__hover=\u00bb#FFFFFF\u00bb][\/et_pb_button][\/et_pb_column][et_pb_column type=\u00bb3_5&#8243; _builder_version=\u00bb4.16&#8243; _module_preset=\u00bbdefault\u00bb global_colors_info=\u00bb{}\u00bb][et_pb_text module_class=\u00bbieec-signup-title\u00bb _builder_version=\u00bb4.27.4&#8243; _module_preset=\u00bbdefault\u00bb text_font=\u00bbCairo|700|||||||\u00bb text_text_color=\u00bb#FFFFFF\u00bb text_font_size=\u00bb22px\u00bb custom_margin=\u00bb||18px|||\u00bb locked=\u00bboff\u00bb global_colors_info=\u00bb{}\u00bb]<\/p>\n<p>Objetivos:<\/p>\n<p>[\/et_pb_text][et_pb_text module_class=\u00bbieec-signup-summary\u00bb _builder_version=\u00bb4.27.4&#8243; _module_preset=\u00bbdefault\u00bb text_font=\u00bb||on||||||\u00bb text_text_color=\u00bb#FFFFFF\u00bb global_colors_info=\u00bb{}\u00bb]<\/p>\n<p><span style=\"font-weight: 400;\">La edici\u00f3n del Congreso 2025 tiene como objetivo seguir posicionando a Catalunya como un <\/span><i><span style=\"font-weight: 400;\">hub<\/span><\/i><span style=\"font-weight: 400;\"> espacial clave. A trav\u00e9s de sus continuos esfuerzos en internacionalizaci\u00f3n e intersecci\u00f3n, el Congreso permitir\u00e1 nuevas oportunidades de negocio, <\/span><i><span style=\"font-weight: 400;\">networking<\/span><\/i><span style=\"font-weight: 400;\"> y visibilidad en el ecosistema NewSpace.<\/span><\/p>\n<p>[\/et_pb_text][\/et_pb_column][\/et_pb_row][\/et_pb_section]<\/p>\n","protected":false},"excerpt":{"rendered":"<p>Los principales actores del sector NewSpace se reunir\u00e1n una vez m\u00e1s en Barcelona para la cuarta edici\u00f3n del congreso celebrado el 3 y 4 de julio en La Llotja de Mar.<\/p>\n","protected":false},"author":5,"featured_media":33640,"comment_status":"closed","ping_status":"closed","sticky":false,"template":"","format":"standard","meta":{"_et_pb_use_builder":"on","_et_pb_old_content":"","_et_gb_content_width":"","footnotes":""},"categories":[139,73,145,113],"tags":[],"class_list":["post-33497","post","type-post","status-publish","format-standard","has-post-thumbnail","hentry","category-congreso","category-eventos","category-newspace-es-3","category-noticia-destacada-pequena"],"yoast_head":"<!-- This site is optimized with the Yoast SEO plugin v27.4 - https:\/\/yoast.com\/product\/yoast-seo-wordpress\/ -->\n<title>\u00a1La cuarta edici\u00f3n del NewSpace Economy Congress 2025 est\u00e1 en camino! - IEEC<\/title>\n<meta name=\"description\" content=\"Los principales actores del sector NewSpace se reunir\u00e1n una vez m\u00e1s en Barcelona para la cuarta edici\u00f3n del congreso celebrado el 3 y 4 de julio en La Llotja de Mar.\" \/>\n<meta name=\"robots\" content=\"index, follow, max-snippet:-1, max-image-preview:large, max-video-preview:-1\" \/>\n<link rel=\"canonical\" href=\"https:\/\/www.ieec.cat\/es\/una-nueva-edicion-del-newspace-economy-congress-esta-en-camino\/\" \/>\n<meta property=\"og:locale\" content=\"es_ES\" \/>\n<meta property=\"og:type\" content=\"article\" \/>\n<meta property=\"og:title\" content=\"\u00a1La cuarta edici\u00f3n del NewSpace Economy Congress 2025 est\u00e1 en camino! - IEEC\" \/>\n<meta property=\"og:description\" content=\"Los principales actores del sector NewSpace se reunir\u00e1n una vez m\u00e1s en Barcelona para la cuarta edici\u00f3n del congreso celebrado el 3 y 4 de julio en La Llotja de Mar.\" \/>\n<meta property=\"og:url\" content=\"https:\/\/www.ieec.cat\/es\/una-nueva-edicion-del-newspace-economy-congress-esta-en-camino\/\" \/>\n<meta property=\"og:site_name\" content=\"IEEC\" \/>\n<meta property=\"article:published_time\" content=\"2025-02-17T14:26:45+00:00\" \/>\n<meta property=\"article:modified_time\" content=\"2025-05-09T16:22:28+00:00\" \/>\n<meta property=\"og:image\" content=\"https:\/\/www.ieec.cat\/wp-content\/uploads\/2025\/02\/NewSpace-Congress-Economy-esp-1.jpg\" \/>\n\t<meta property=\"og:image:width\" content=\"950\" \/>\n\t<meta property=\"og:image:height\" content=\"600\" \/>\n\t<meta property=\"og:image:type\" content=\"image\/jpeg\" \/>\n<meta name=\"author\" content=\"Francisco Panyos\" \/>\n<meta name=\"twitter:card\" content=\"summary_large_image\" \/>\n<meta name=\"twitter:label1\" content=\"Escrito por\" \/>\n\t<meta name=\"twitter:data1\" content=\"Francisco Panyos\" \/>\n\t<meta name=\"twitter:label2\" content=\"Tiempo de lectura\" \/>\n\t<meta name=\"twitter:data2\" content=\"8 minutos\" \/>\n<script type=\"application\/ld+json\" class=\"yoast-schema-graph\">{\"@context\":\"https:\\\/\\\/schema.org\",\"@graph\":[{\"@type\":\"Article\",\"@id\":\"https:\\\/\\\/www.ieec.cat\\\/es\\\/una-nueva-edicion-del-newspace-economy-congress-esta-en-camino\\\/#article\",\"isPartOf\":{\"@id\":\"https:\\\/\\\/www.ieec.cat\\\/es\\\/una-nueva-edicion-del-newspace-economy-congress-esta-en-camino\\\/\"},\"author\":{\"name\":\"Francisco Panyos\",\"@id\":\"https:\\\/\\\/www.ieec.cat\\\/es\\\/#\\\/schema\\\/person\\\/66f3943e2fdb094349ad344043ede870\"},\"headline\":\"\u00a1La cuarta edici\u00f3n del NewSpace Economy Congress 2025 est\u00e1 en camino!\",\"datePublished\":\"2025-02-17T14:26:45+00:00\",\"dateModified\":\"2025-05-09T16:22:28+00:00\",\"mainEntityOfPage\":{\"@id\":\"https:\\\/\\\/www.ieec.cat\\\/es\\\/una-nueva-edicion-del-newspace-economy-congress-esta-en-camino\\\/\"},\"wordCount\":1655,\"image\":{\"@id\":\"https:\\\/\\\/www.ieec.cat\\\/es\\\/una-nueva-edicion-del-newspace-economy-congress-esta-en-camino\\\/#primaryimage\"},\"thumbnailUrl\":\"https:\\\/\\\/www.ieec.cat\\\/wp-content\\\/uploads\\\/2025\\\/02\\\/NewSpace-Congress-Economy-esp-1.jpg\",\"articleSection\":[\"Congreso\",\"Eventos\",\"NewSpace\",\"Noticia destacada peque\u00f1a\"],\"inLanguage\":\"es\"},{\"@type\":\"WebPage\",\"@id\":\"https:\\\/\\\/www.ieec.cat\\\/es\\\/una-nueva-edicion-del-newspace-economy-congress-esta-en-camino\\\/\",\"url\":\"https:\\\/\\\/www.ieec.cat\\\/es\\\/una-nueva-edicion-del-newspace-economy-congress-esta-en-camino\\\/\",\"name\":\"\u00a1La cuarta edici\u00f3n del NewSpace Economy Congress 2025 est\u00e1 en camino! - IEEC\",\"isPartOf\":{\"@id\":\"https:\\\/\\\/www.ieec.cat\\\/es\\\/#website\"},\"primaryImageOfPage\":{\"@id\":\"https:\\\/\\\/www.ieec.cat\\\/es\\\/una-nueva-edicion-del-newspace-economy-congress-esta-en-camino\\\/#primaryimage\"},\"image\":{\"@id\":\"https:\\\/\\\/www.ieec.cat\\\/es\\\/una-nueva-edicion-del-newspace-economy-congress-esta-en-camino\\\/#primaryimage\"},\"thumbnailUrl\":\"https:\\\/\\\/www.ieec.cat\\\/wp-content\\\/uploads\\\/2025\\\/02\\\/NewSpace-Congress-Economy-esp-1.jpg\",\"datePublished\":\"2025-02-17T14:26:45+00:00\",\"dateModified\":\"2025-05-09T16:22:28+00:00\",\"author\":{\"@id\":\"https:\\\/\\\/www.ieec.cat\\\/es\\\/#\\\/schema\\\/person\\\/66f3943e2fdb094349ad344043ede870\"},\"description\":\"Los principales actores del sector NewSpace se reunir\u00e1n una vez m\u00e1s en Barcelona para la cuarta edici\u00f3n del congreso celebrado el 3 y 4 de julio en La Llotja de Mar.\",\"breadcrumb\":{\"@id\":\"https:\\\/\\\/www.ieec.cat\\\/es\\\/una-nueva-edicion-del-newspace-economy-congress-esta-en-camino\\\/#breadcrumb\"},\"inLanguage\":\"es\",\"potentialAction\":[{\"@type\":\"ReadAction\",\"target\":[\"https:\\\/\\\/www.ieec.cat\\\/es\\\/una-nueva-edicion-del-newspace-economy-congress-esta-en-camino\\\/\"]}]},{\"@type\":\"ImageObject\",\"inLanguage\":\"es\",\"@id\":\"https:\\\/\\\/www.ieec.cat\\\/es\\\/una-nueva-edicion-del-newspace-economy-congress-esta-en-camino\\\/#primaryimage\",\"url\":\"https:\\\/\\\/www.ieec.cat\\\/wp-content\\\/uploads\\\/2025\\\/02\\\/NewSpace-Congress-Economy-esp-1.jpg\",\"contentUrl\":\"https:\\\/\\\/www.ieec.cat\\\/wp-content\\\/uploads\\\/2025\\\/02\\\/NewSpace-Congress-Economy-esp-1.jpg\",\"width\":950,\"height\":600},{\"@type\":\"BreadcrumbList\",\"@id\":\"https:\\\/\\\/www.ieec.cat\\\/es\\\/una-nueva-edicion-del-newspace-economy-congress-esta-en-camino\\\/#breadcrumb\",\"itemListElement\":[{\"@type\":\"ListItem\",\"position\":1,\"name\":\"Portada\",\"item\":\"https:\\\/\\\/www.ieec.cat\\\/es\\\/\"},{\"@type\":\"ListItem\",\"position\":2,\"name\":\"\u00a1La cuarta edici\u00f3n del NewSpace Economy Congress 2025 est\u00e1 en camino!\"}]},{\"@type\":\"WebSite\",\"@id\":\"https:\\\/\\\/www.ieec.cat\\\/es\\\/#website\",\"url\":\"https:\\\/\\\/www.ieec.cat\\\/es\\\/\",\"name\":\"IEEC\",\"description\":\"Institut d&#039;Estudis Espacials de Catalunya\",\"potentialAction\":[{\"@type\":\"SearchAction\",\"target\":{\"@type\":\"EntryPoint\",\"urlTemplate\":\"https:\\\/\\\/www.ieec.cat\\\/es\\\/?s={search_term_string}\"},\"query-input\":{\"@type\":\"PropertyValueSpecification\",\"valueRequired\":true,\"valueName\":\"search_term_string\"}}],\"inLanguage\":\"es\"},{\"@type\":\"Person\",\"@id\":\"https:\\\/\\\/www.ieec.cat\\\/es\\\/#\\\/schema\\\/person\\\/66f3943e2fdb094349ad344043ede870\",\"name\":\"Francisco Panyos\",\"image\":{\"@type\":\"ImageObject\",\"inLanguage\":\"es\",\"@id\":\"https:\\\/\\\/secure.gravatar.com\\\/avatar\\\/526157a3fe3c965ab680e104b6fe47df151d5d607c86c2744324613bf4c68622?s=96&d=mm&r=g\",\"url\":\"https:\\\/\\\/secure.gravatar.com\\\/avatar\\\/526157a3fe3c965ab680e104b6fe47df151d5d607c86c2744324613bf4c68622?s=96&d=mm&r=g\",\"contentUrl\":\"https:\\\/\\\/secure.gravatar.com\\\/avatar\\\/526157a3fe3c965ab680e104b6fe47df151d5d607c86c2744324613bf4c68622?s=96&d=mm&r=g\",\"caption\":\"Francisco Panyos\"}}]}<\/script>\n<!-- \/ Yoast SEO plugin. -->","yoast_head_json":{"title":"\u00a1La cuarta edici\u00f3n del NewSpace Economy Congress 2025 est\u00e1 en camino! - IEEC","description":"Los principales actores del sector NewSpace se reunir\u00e1n una vez m\u00e1s en Barcelona para la cuarta edici\u00f3n del congreso celebrado el 3 y 4 de julio en La Llotja de Mar.","robots":{"index":"index","follow":"follow","max-snippet":"max-snippet:-1","max-image-preview":"max-image-preview:large","max-video-preview":"max-video-preview:-1"},"canonical":"https:\/\/www.ieec.cat\/es\/una-nueva-edicion-del-newspace-economy-congress-esta-en-camino\/","og_locale":"es_ES","og_type":"article","og_title":"\u00a1La cuarta edici\u00f3n del NewSpace Economy Congress 2025 est\u00e1 en camino! - IEEC","og_description":"Los principales actores del sector NewSpace se reunir\u00e1n una vez m\u00e1s en Barcelona para la cuarta edici\u00f3n del congreso celebrado el 3 y 4 de julio en La Llotja de Mar.","og_url":"https:\/\/www.ieec.cat\/es\/una-nueva-edicion-del-newspace-economy-congress-esta-en-camino\/","og_site_name":"IEEC","article_published_time":"2025-02-17T14:26:45+00:00","article_modified_time":"2025-05-09T16:22:28+00:00","og_image":[{"width":950,"height":600,"url":"https:\/\/www.ieec.cat\/wp-content\/uploads\/2025\/02\/NewSpace-Congress-Economy-esp-1.jpg","type":"image\/jpeg"}],"author":"Francisco Panyos","twitter_card":"summary_large_image","twitter_misc":{"Escrito por":"Francisco Panyos","Tiempo de lectura":"8 minutos"},"schema":{"@context":"https:\/\/schema.org","@graph":[{"@type":"Article","@id":"https:\/\/www.ieec.cat\/es\/una-nueva-edicion-del-newspace-economy-congress-esta-en-camino\/#article","isPartOf":{"@id":"https:\/\/www.ieec.cat\/es\/una-nueva-edicion-del-newspace-economy-congress-esta-en-camino\/"},"author":{"name":"Francisco Panyos","@id":"https:\/\/www.ieec.cat\/es\/#\/schema\/person\/66f3943e2fdb094349ad344043ede870"},"headline":"\u00a1La cuarta edici\u00f3n del NewSpace Economy Congress 2025 est\u00e1 en camino!","datePublished":"2025-02-17T14:26:45+00:00","dateModified":"2025-05-09T16:22:28+00:00","mainEntityOfPage":{"@id":"https:\/\/www.ieec.cat\/es\/una-nueva-edicion-del-newspace-economy-congress-esta-en-camino\/"},"wordCount":1655,"image":{"@id":"https:\/\/www.ieec.cat\/es\/una-nueva-edicion-del-newspace-economy-congress-esta-en-camino\/#primaryimage"},"thumbnailUrl":"https:\/\/www.ieec.cat\/wp-content\/uploads\/2025\/02\/NewSpace-Congress-Economy-esp-1.jpg","articleSection":["Congreso","Eventos","NewSpace","Noticia destacada peque\u00f1a"],"inLanguage":"es"},{"@type":"WebPage","@id":"https:\/\/www.ieec.cat\/es\/una-nueva-edicion-del-newspace-economy-congress-esta-en-camino\/","url":"https:\/\/www.ieec.cat\/es\/una-nueva-edicion-del-newspace-economy-congress-esta-en-camino\/","name":"\u00a1La cuarta edici\u00f3n del NewSpace Economy Congress 2025 est\u00e1 en camino! - IEEC","isPartOf":{"@id":"https:\/\/www.ieec.cat\/es\/#website"},"primaryImageOfPage":{"@id":"https:\/\/www.ieec.cat\/es\/una-nueva-edicion-del-newspace-economy-congress-esta-en-camino\/#primaryimage"},"image":{"@id":"https:\/\/www.ieec.cat\/es\/una-nueva-edicion-del-newspace-economy-congress-esta-en-camino\/#primaryimage"},"thumbnailUrl":"https:\/\/www.ieec.cat\/wp-content\/uploads\/2025\/02\/NewSpace-Congress-Economy-esp-1.jpg","datePublished":"2025-02-17T14:26:45+00:00","dateModified":"2025-05-09T16:22:28+00:00","author":{"@id":"https:\/\/www.ieec.cat\/es\/#\/schema\/person\/66f3943e2fdb094349ad344043ede870"},"description":"Los principales actores del sector NewSpace se reunir\u00e1n una vez m\u00e1s en Barcelona para la cuarta edici\u00f3n del congreso celebrado el 3 y 4 de julio en La Llotja de Mar.","breadcrumb":{"@id":"https:\/\/www.ieec.cat\/es\/una-nueva-edicion-del-newspace-economy-congress-esta-en-camino\/#breadcrumb"},"inLanguage":"es","potentialAction":[{"@type":"ReadAction","target":["https:\/\/www.ieec.cat\/es\/una-nueva-edicion-del-newspace-economy-congress-esta-en-camino\/"]}]},{"@type":"ImageObject","inLanguage":"es","@id":"https:\/\/www.ieec.cat\/es\/una-nueva-edicion-del-newspace-economy-congress-esta-en-camino\/#primaryimage","url":"https:\/\/www.ieec.cat\/wp-content\/uploads\/2025\/02\/NewSpace-Congress-Economy-esp-1.jpg","contentUrl":"https:\/\/www.ieec.cat\/wp-content\/uploads\/2025\/02\/NewSpace-Congress-Economy-esp-1.jpg","width":950,"height":600},{"@type":"BreadcrumbList","@id":"https:\/\/www.ieec.cat\/es\/una-nueva-edicion-del-newspace-economy-congress-esta-en-camino\/#breadcrumb","itemListElement":[{"@type":"ListItem","position":1,"name":"Portada","item":"https:\/\/www.ieec.cat\/es\/"},{"@type":"ListItem","position":2,"name":"\u00a1La cuarta edici\u00f3n del NewSpace Economy Congress 2025 est\u00e1 en camino!"}]},{"@type":"WebSite","@id":"https:\/\/www.ieec.cat\/es\/#website","url":"https:\/\/www.ieec.cat\/es\/","name":"IEEC","description":"Institut d&#039;Estudis Espacials de Catalunya","potentialAction":[{"@type":"SearchAction","target":{"@type":"EntryPoint","urlTemplate":"https:\/\/www.ieec.cat\/es\/?s={search_term_string}"},"query-input":{"@type":"PropertyValueSpecification","valueRequired":true,"valueName":"search_term_string"}}],"inLanguage":"es"},{"@type":"Person","@id":"https:\/\/www.ieec.cat\/es\/#\/schema\/person\/66f3943e2fdb094349ad344043ede870","name":"Francisco Panyos","image":{"@type":"ImageObject","inLanguage":"es","@id":"https:\/\/secure.gravatar.com\/avatar\/526157a3fe3c965ab680e104b6fe47df151d5d607c86c2744324613bf4c68622?s=96&d=mm&r=g","url":"https:\/\/secure.gravatar.com\/avatar\/526157a3fe3c965ab680e104b6fe47df151d5d607c86c2744324613bf4c68622?s=96&d=mm&r=g","contentUrl":"https:\/\/secure.gravatar.com\/avatar\/526157a3fe3c965ab680e104b6fe47df151d5d607c86c2744324613bf4c68622?s=96&d=mm&r=g","caption":"Francisco Panyos"}}]}},"_links":{"self":[{"href":"https:\/\/www.ieec.cat\/es\/wp-json\/wp\/v2\/posts\/33497","targetHints":{"allow":["GET"]}}],"collection":[{"href":"https:\/\/www.ieec.cat\/es\/wp-json\/wp\/v2\/posts"}],"about":[{"href":"https:\/\/www.ieec.cat\/es\/wp-json\/wp\/v2\/types\/post"}],"author":[{"embeddable":true,"href":"https:\/\/www.ieec.cat\/es\/wp-json\/wp\/v2\/users\/5"}],"replies":[{"embeddable":true,"href":"https:\/\/www.ieec.cat\/es\/wp-json\/wp\/v2\/comments?post=33497"}],"version-history":[{"count":29,"href":"https:\/\/www.ieec.cat\/es\/wp-json\/wp\/v2\/posts\/33497\/revisions"}],"predecessor-version":[{"id":35308,"href":"https:\/\/www.ieec.cat\/es\/wp-json\/wp\/v2\/posts\/33497\/revisions\/35308"}],"wp:featuredmedia":[{"embeddable":true,"href":"https:\/\/www.ieec.cat\/es\/wp-json\/wp\/v2\/media\/33640"}],"wp:attachment":[{"href":"https:\/\/www.ieec.cat\/es\/wp-json\/wp\/v2\/media?parent=33497"}],"wp:term":[{"taxonomy":"category","embeddable":true,"href":"https:\/\/www.ieec.cat\/es\/wp-json\/wp\/v2\/categories?post=33497"},{"taxonomy":"post_tag","embeddable":true,"href":"https:\/\/www.ieec.cat\/es\/wp-json\/wp\/v2\/tags?post=33497"}],"curies":[{"name":"wp","href":"https:\/\/api.w.org\/{rel}","templated":true}]}}