{"id":34446,"date":"2025-03-20T11:39:50","date_gmt":"2025-03-20T10:39:50","guid":{"rendered":"https:\/\/www.ieec.cat\/?p=34446"},"modified":"2025-04-09T10:24:39","modified_gmt":"2025-04-09T08:24:39","slug":"nuevos-resultados-de-desi-refuerzan-las-indicaciones-de-que-la-energia-oscura-cambia-con-el-tiempo","status":"publish","type":"post","link":"https:\/\/www.ieec.cat\/es\/nuevos-resultados-de-desi-refuerzan-las-indicaciones-de-que-la-energia-oscura-cambia-con-el-tiempo\/","title":{"rendered":"Nuevos resultados de DESI refuerzan las indicaciones de que la energ\u00eda oscura cambia con el tiempo"},"content":{"rendered":"<p>[et_pb_section fb_built=\u00bb1&#8243; _builder_version=\u00bb4.16&#8243; _module_preset=\u00bbdefault\u00bb background_image=\u00bbhttps:\/\/www.ieec.cat\/wp-content\/uploads\/2022\/02\/slider-comunicacio.jpg\u00bb max_height=\u00bb130px\u00bb custom_padding=\u00bb0px||0px||false|false\u00bb da_disable_devices=\u00bboff|off|off\u00bb global_colors_info=\u00bb{}\u00bb da_is_popup=\u00bboff\u00bb da_exit_intent=\u00bboff\u00bb da_has_close=\u00bbon\u00bb da_alt_close=\u00bboff\u00bb da_dark_close=\u00bboff\u00bb da_not_modal=\u00bbon\u00bb da_is_singular=\u00bboff\u00bb da_with_loader=\u00bboff\u00bb da_has_shadow=\u00bbon\u00bb][\/et_pb_section][et_pb_section fb_built=\u00bb1&#8243; _builder_version=\u00bb4.16&#8243; _module_preset=\u00bbdefault\u00bb custom_padding=\u00bb24px||11px|||\u00bb da_disable_devices=\u00bboff|off|off\u00bb global_colors_info=\u00bb{}\u00bb da_is_popup=\u00bboff\u00bb da_exit_intent=\u00bboff\u00bb da_has_close=\u00bbon\u00bb da_alt_close=\u00bboff\u00bb da_dark_close=\u00bboff\u00bb da_not_modal=\u00bbon\u00bb da_is_singular=\u00bboff\u00bb da_with_loader=\u00bboff\u00bb da_has_shadow=\u00bbon\u00bb][et_pb_row _builder_version=\u00bb4.16&#8243; _module_preset=\u00bbdefault\u00bb custom_padding=\u00bb||||false|false\u00bb global_colors_info=\u00bb{}\u00bb][et_pb_column type=\u00bb4_4&#8243; _builder_version=\u00bb4.16&#8243; _module_preset=\u00bbdefault\u00bb global_colors_info=\u00bb{}\u00bb][et_pb_text admin_label=\u00bbUnitats de recerca\u00bb module_class=\u00bbieec-orgs\u00bb _builder_version=\u00bb4.27.4&#8243; _dynamic_attributes=\u00bbcontent\u00bb _module_preset=\u00bbdefault\u00bb text_font=\u00bb|700||on|||||\u00bb text_font_size=\u00bb16px\u00bb header_font=\u00bb|700|||||||\u00bb custom_margin=\u00bb||10px||false|false\u00bb header_font_size_tablet=\u00bb28px\u00bb header_font_size_phone=\u00bb26px\u00bb header_font_size_last_edited=\u00bbon|phone\u00bb global_colors_info=\u00bb{}\u00bb]@ET-DC@eyJkeW5hbWljIjp0cnVlLCJjb250ZW50IjoiY3VzdG9tX21ldGFfb3JnYW5pemFjaW9uZXMiLCJzZXR0aW5ncyI6eyJiZWZvcmUiOiIiLCJhZnRlciI6IiIsImVuYWJsZV9odG1sIjoib2ZmIn19@[\/et_pb_text][et_pb_post_title author=\u00bboff\u00bb categories=\u00bboff\u00bb comments=\u00bboff\u00bb featured_image=\u00bboff\u00bb admin_label=\u00bbT\u00edtol i data\u00bb module_class=\u00bbieec-title\u00bb _builder_version=\u00bb4.27.4&#8243; _module_preset=\u00bbdefault\u00bb title_font=\u00bbCairo|300|||||||\u00bb title_font_size=\u00bb40px\u00bb meta_font=\u00bb||on||||||\u00bb meta_font_size=\u00bb16px\u00bb title_font_size_tablet=\u00bb35px\u00bb title_font_size_phone=\u00bb30px\u00bb title_font_size_last_edited=\u00bbon|desktop\u00bb global_colors_info=\u00bb{}\u00bb][\/et_pb_post_title][et_pb_text admin_label=\u00bbSubt\u00edtols\u00bb module_class=\u00bbieec-summary\u00bb _builder_version=\u00bb4.27.4&#8243; _module_preset=\u00bbdefault\u00bb text_font=\u00bbSource Sans Pro||on||||||\u00bb text_font_size=\u00bb24px\u00bb text_line_height=\u00bb1.1em\u00bb text_font_size_tablet=\u00bb22px\u00bb text_font_size_phone=\u00bb20px\u00bb text_font_size_last_edited=\u00bbon|phone\u00bb global_colors_info=\u00bb{}\u00bb]<\/p>\n<p><em>\u2022 La colaboraci\u00f3n internacional DESI (Dark Energy Spectrographic Instrument) ha publicado un nuevo an\u00e1lisis de la energ\u00eda oscura que utiliza sus tres primeros a\u00f1os de datos, lo que supone cerca de 15 millones de galaxias y cu\u00e1sares<\/em><br \/><em>\u2022 El modelo est\u00e1ndar de la cosmolog\u00eda est\u00e1 en conflicto con el an\u00e1lisis conjunto de todos los datos, pero un modelo en el que la influencia de la energ\u00eda oscura cambia con el tiempo parece explicarlos bien<\/em><br \/><em>\u2022 Grupos de investigaci\u00f3n del Centro de Investigaciones Energ\u00e9ticas, Medioambientales y Tecnol\u00f3gicas (CIEMAT), el\u00a0 Institut de Ci\u00e8ncies del Cosmos de la Universidad de Barcelona (ICCUB), el Institut de Ci\u00e8ncies de l&#8217;Espai (ICE-CSIC), el Institut de Fisica d\u2019Altes Energies (IFAE) y el Instituto de F\u00edsica Te\u00f3rica (IFT, UAM-CSIC), con miembros del IEEC entre ellos, han tenido importantes responsabilidades en el an\u00e1lisis cient\u00edfico de los datos<\/em><\/p>\n<p>[\/et_pb_text][\/et_pb_column][\/et_pb_row][et_pb_row column_structure=\u00bb1_2,1_2&#8243; _builder_version=\u00bb4.16&#8243; _module_preset=\u00bbdefault\u00bb global_colors_info=\u00bb{}\u00bb][et_pb_column type=\u00bb1_2&#8243; _builder_version=\u00bb4.16&#8243; _module_preset=\u00bbdefault\u00bb global_colors_info=\u00bb{}\u00bb][et_pb_post_title title=\u00bboff\u00bb meta=\u00bboff\u00bb module_class=\u00bbieec-img-container\u00bb _builder_version=\u00bb4.27.2&#8243; _module_preset=\u00bbdefault\u00bb custom_margin=\u00bb||0px||false|false\u00bb border_width_top=\u00bb10px\u00bb border_color_top=\u00bb#406fda\u00bb global_colors_info=\u00bb{}\u00bb][\/et_pb_post_title][et_pb_text module_class=\u00bbieec-img-footer\u00bb _builder_version=\u00bb4.27.4&#8243; _module_preset=\u00bbdefault\u00bb text_font=\u00bb||||||||\u00bb text_font_size=\u00bb15px\u00bb text_line_height=\u00bb1.1em\u00bb background_color=\u00bbrgba(64,111,218,0.15)\u00bb custom_margin=\u00bb0px||||false|false\u00bb custom_padding=\u00bb30px|20px|30px|20px|true|true\u00bb global_colors_info=\u00bb{}\u00bb]<\/p>\n<p><span style=\"font-weight: 400;\">El instrumento DESI est\u00e1 instalado en el telescopio Mayall, que aparece en esta imagen bajo las estelas de las estrellas.<\/span><br \/><strong>KPNO\/NOIRLab\/NSF\/AURA\/B.Tafreshi<\/strong><\/p>\n<p>[\/et_pb_text][\/et_pb_column][et_pb_column type=\u00bb1_2&#8243; _builder_version=\u00bb4.16&#8243; _module_preset=\u00bbdefault\u00bb global_colors_info=\u00bb{}\u00bb][et_pb_text _builder_version=\u00bb4.27.4&#8243; _module_preset=\u00bbdefault\u00bb link_font=\u00bb|700|||on||||\u00bb global_colors_info=\u00bb{}\u00bb]<\/p>\n<p><span style=\"font-weight: 400;\">El destino final del universo depende del balance entre la materia y la energ\u00eda oscura, el ingrediente fundamental que provoca su expansi\u00f3n acelerada. Nuevos resultados obtenidos por el <\/span><a href=\"https:\/\/www.ieec.cat\/es\/proyecto\/28\/desi\/\"><span style=\"font-weight: 400;\">Instrumento Espectrosc\u00f3pico de la Energ\u00eda Oscura<\/span><\/a><span style=\"font-weight: 400;\"> (DESI, por sus siglas en ingl\u00e9s<\/span><span style=\"font-weight: 400;\">) utilizan el mayor mapa en 3D del universo jam\u00e1s construido para caracterizar la influencia de la energ\u00eda oscura en la expansi\u00f3n del universo durante los \u00faltimos 11.000 millones de a\u00f1os. En este estudio se observan indicios de que la energ\u00eda oscura, que se pensaba que era una constante cosmol\u00f3gica, podr\u00eda evolucionar con el tiempo de maneras inesperadas.<\/span><\/p>\n<p><span style=\"font-weight: 400;\">DESI es un experimento internacional en el que participan m\u00e1s de 900 personas de m\u00e1s de 70 instituciones de todo el mundo, liderado por el Laboratorio Lawrence Berkeley de los Estados Unidos. La colaboraci\u00f3n ha hecho p\u00fablicos sus hallazgos en m\u00faltiples art\u00edculos enviados al repositorio digital ArXiv y en una ponencia en el congreso<\/span> <span style=\"font-weight: 400;\">American Physical Society Global Summit,<\/span> <span style=\"font-weight: 400;\">celebrado en Anaheim, California.<\/span><\/p>\n<p>[\/et_pb_text][\/et_pb_column][\/et_pb_row][et_pb_row _builder_version=\u00bb4.16&#8243; _module_preset=\u00bbdefault\u00bb global_colors_info=\u00bb{}\u00bb][et_pb_column type=\u00bb4_4&#8243; _builder_version=\u00bb4.16&#8243; _module_preset=\u00bbdefault\u00bb global_colors_info=\u00bb{}\u00bb][et_pb_text _builder_version=\u00bb4.27.4&#8243; _module_preset=\u00bbdefault\u00bb link_font=\u00bb|700|||on||||\u00bb locked=\u00bboff\u00bb global_colors_info=\u00bb{}\u00bb]<\/p>\n<p><span style=\"font-weight: 400;\">\u00abLos resultados que hemos obtenido son muy interesantes\u00bb, afirma Andreu Font-Ribera, cient\u00edfico del IFAE y miembro del equipo de DESI que ha desarrollado el estudio. \u00abParece que estamos a punto de presenciar un cambio de paradigma en los modelos de evoluci\u00f3n del universo, y esto es muy emocionante\u00bb.<\/span><\/p>\n<p><span style=\"font-weight: 400;\">En solitario, los datos de DESI son consistentes con el modelo est\u00e1ndar del universo, \u039bCDM (donde CDM, <\/span><i><span style=\"font-weight: 400;\">cold dark matter<\/span><\/i><span style=\"font-weight: 400;\"> por sus siglas en ingl\u00e9s, es la materia oscura fr\u00eda y \u039b representa la explicaci\u00f3n m\u00e1s sencilla de la energ\u00eda oscura, donde se comporta como una constante cosmol\u00f3gica). Sin embargo, cuando se combinan con otras medidas, hay indicaciones crecientes de que el impacto de la energ\u00eda oscura puede estar debilit\u00e1ndose con el tiempo. Esto sugiere que otros modelos, distintos del com\u00fanmente aceptado, podr\u00edan proporcionar una explicaci\u00f3n mejor de la evoluci\u00f3n c\u00f3smica. Esas otras medidas incluyen la luz remanente del amanecer del universo (la radiaci\u00f3n de fondo de microondas o CMB), explosiones estelares (supernovas) y las distorsiones en la propagaci\u00f3n de la luz causadas por la gravedad (efecto lente gravitacional d\u00e9bil).<\/span><\/p>\n<p><span style=\"font-weight: 400;\">\u00abEn mi opini\u00f3n, todav\u00eda es temprano para afirmar con rotundidad que hemos descubierto que la energ\u00eda oscura sea cambiante\u00bb, explica Eusebio S\u00e1nchez, investigador cient\u00edfico en el CIEMAT, que ha participado en el an\u00e1lisis de los datos. \u00abSin embargo, el hecho de que diferentes proyectos independientes est\u00e9n observando resultados similares hace que la situaci\u00f3n sea especialmente interesante\u00bb.<\/span><\/p>\n<p>[\/et_pb_text][\/et_pb_column][\/et_pb_row][et_pb_row column_structure=\u00bb1_2,1_2&#8243; _builder_version=\u00bb4.16&#8243; _module_preset=\u00bbdefault\u00bb locked=\u00bboff\u00bb global_colors_info=\u00bb{}\u00bb][et_pb_column type=\u00bb1_2&#8243; _builder_version=\u00bb4.16&#8243; _module_preset=\u00bbdefault\u00bb global_colors_info=\u00bb{}\u00bb][et_pb_image src=\u00bbhttps:\/\/www.ieec.cat\/wp-content\/uploads\/2025\/03\/image4.jpg\u00bb _builder_version=\u00bb4.27.4&#8243; _module_preset=\u00bbdefault\u00bb custom_margin=\u00bb||0px|||\u00bb global_colors_info=\u00bb{}\u00bb][\/et_pb_image][et_pb_text module_class=\u00bbieec-img-footer\u00bb _builder_version=\u00bb4.27.4&#8243; _module_preset=\u00bbdefault\u00bb text_font=\u00bb||||||||\u00bb text_font_size=\u00bb15px\u00bb text_line_height=\u00bb1.1em\u00bb background_color=\u00bbrgba(64,111,218,0.15)\u00bb min_height=\u00bb76px\u00bb custom_margin=\u00bb0px||||false|false\u00bb custom_padding=\u00bb30px|20px|30px|20px|true|true\u00bb global_colors_info=\u00bb{}\u00bb]<\/p>\n<p>Descripci\u00f3n detallada del comportamiento de la energ\u00eda oscura, es decir, c\u00f3mo var\u00eda su densidad a medida que el espacio se expande.<strong><br \/>Claire Lamman\/DESI collaboration<\/strong><\/p>\n<p>[\/et_pb_text][\/et_pb_column][et_pb_column type=\u00bb1_2&#8243; _builder_version=\u00bb4.16&#8243; _module_preset=\u00bbdefault\u00bb global_colors_info=\u00bb{}\u00bb][et_pb_text _builder_version=\u00bb4.27.4&#8243; _module_preset=\u00bbdefault\u00bb link_font=\u00bb|700|||on||||\u00bb global_colors_info=\u00bb{}\u00bb]<\/p>\n<p><span style=\"font-weight: 400;\">Hasta ahora, la preferencia por una energ\u00eda oscura cambiante no ha alcanzado las <\/span><i><span style=\"font-weight: 400;\">\u00ab<\/span><\/i><span style=\"font-weight: 400;\">5 sigmas<\/span><i><span style=\"font-weight: 400;\">\u00bb,<\/span><\/i> <span style=\"font-weight: 400;\">la convenci\u00f3n estad\u00edstica usada en f\u00edsica que fija el umbral necesario para considerar si una medida se considera un descubrimiento. El an\u00e1lisis de diferentes combinaciones de los datos de DESI con la CMB y varios conjuntos de supernovas encuentra un rango que va entre 2,8 y 4,2 sigmas (un suceso a 3 sigmas tiene una probabilidad del 0,3\u00a0% de ser una fluctuaci\u00f3n estad\u00edstica, pero muchos sucesos a 3 sigmas en f\u00edsica han desaparecido al recoger m\u00e1s datos). El an\u00e1lisis ha utilizado una t\u00e9cnica de doble ciego que oculta los resultados hasta el final, mitigando as\u00ed cualquier sesgo inconsciente sobre los datos.<\/span><\/p>\n<p><span style=\"font-weight: 400;\">\u00abEstos nuevos datos podr\u00edan indicar que el universo es m\u00e1s complejo de lo que nos pens\u00e1bamos hasta ahora\u00bb, dice Sergi Novell Masot, estudiante de doctorado del Institut de Ci\u00e8ncies del Cosmos (ICCUB) y miembro del Institut d&#8217;Estudis Espacials de Catalunya (IEEC), quien recientemente tambi\u00e9n ha publicado un estudio complementario usando los mapas de DESI. \u00abSin embargo, antes de sacar conclusiones definitivas, hay que entender bien los datos de supernovas y CMB, que, al combinarse con los resultados de DESI, parecen apuntar en esa direcci\u00f3n\u00bb<\/span><\/p>\n<p><span style=\"font-weight: 400;\">DESI es el cartografiado en 3D m\u00e1s extenso del cosmos jam\u00e1s realizado. Tiene un instrumento puntero que captura luz de 5.000 galaxias simult\u00e1neamente. Los grupos espa\u00f1oles de DESI tuvieron un papel crucial en su construcci\u00f3n y participan en su operaci\u00f3n. <\/span><\/p>\n<p><span style=\"font-weight: 400;\"><\/span><\/p>\n<p>[\/et_pb_text][\/et_pb_column][\/et_pb_row][et_pb_row _builder_version=\u00bb4.16&#8243; _module_preset=\u00bbdefault\u00bb global_colors_info=\u00bb{}\u00bb][et_pb_column type=\u00bb4_4&#8243; _builder_version=\u00bb4.16&#8243; _module_preset=\u00bbdefault\u00bb global_colors_info=\u00bb{}\u00bb][et_pb_text _builder_version=\u00bb4.27.4&#8243; _module_preset=\u00bbdefault\u00bb link_font=\u00bb|700|||on||||\u00bb locked=\u00bboff\u00bb global_colors_info=\u00bb{}\u00bb]<\/p>\n<p><span style=\"font-weight: 400;\">DESI est\u00e1 montado en el telescopio Nicholas U. Mayall, de 4 metros, situado en el Observatorio Nacional de Kitt Peak, en Arizona (Estados Unidos). El experimento se encuentra en su cuarto a\u00f1o de toma de datos, de un total previsto de cinco. Est\u00e1 planeado que mida unos 50 millones de galaxias y cu\u00e1sares (objetos muy brillantes y extremadamente distantes que alojan agujeros negros en sus n\u00facleos) al terminar el proyecto.<\/span><\/p>\n<p><span style=\"font-weight: 400;\">El nuevo an\u00e1lisis utiliza los datos de los 3 primeros a\u00f1os de observaci\u00f3n: cerca de 15 millones de las galaxias y los cu\u00e1sares mejor medidos. Es un avance important\u00edsimo. La precisi\u00f3n del experimento ha mejorado con respecto al primer an\u00e1lisis de DESI, que tambi\u00e9n observ\u00f3 pistas de energ\u00eda oscura cambiante, porque el conjunto de datos ha aumentado en un factor mayor que 2.<\/span><\/p>\n<p><span style=\"font-weight: 400;\">\u00abSi se confirma, este ser\u00eda uno de los resultados m\u00e1s importantes de las \u00faltimas d\u00e9cadas en cosmolog\u00eda, porque abre las puertas a nuevas ideas m\u00e1s all\u00e1 del modelo est\u00e1ndar \u039bCDM\u00bb, comenta Juan Garc\u00eda-Bellido, investigador del Instituto de F\u00edsica Te\u00f3rica (IFT-UAM\/CSIC), que ha colaborado en esta medida. \u00abSi los resultados adquieren mayor significancia con medidas futuras, podr\u00edamos explorar ideas como nuevas teor\u00edas de la gravedad o la quintaesencia, que predicen una aceleraci\u00f3n variable de la expansi\u00f3n del universo\u00bb.<\/span><\/p>\n<p>[\/et_pb_text][\/et_pb_column][\/et_pb_row][et_pb_row column_structure=\u00bb1_2,1_2&#8243; _builder_version=\u00bb4.16&#8243; _module_preset=\u00bbdefault\u00bb locked=\u00bboff\u00bb global_colors_info=\u00bb{}\u00bb][et_pb_column type=\u00bb1_2&#8243; _builder_version=\u00bb4.27.4&#8243; _module_preset=\u00bbdefault\u00bb global_colors_info=\u00bb{}\u00bb][et_pb_text _builder_version=\u00bb4.27.4&#8243; _module_preset=\u00bbdefault\u00bb link_font=\u00bb|700|||on||||\u00bb global_colors_info=\u00bb{}\u00bb]<\/p>\n<p><span style=\"font-weight: 400;\">DESI rastrea la influencia de la energ\u00eda oscura estudiando la distribuci\u00f3n de la materia en el universo. Los sucesos del universo temprano dejaron patrones muy sutiles en la distribuci\u00f3n de la materia, conocidos como oscilaciones ac\u00fasticas de los bariones (BAO). Estas oscilaciones se usan para calibrar distancias o regla est\u00e1ndar, y su tama\u00f1o aparente en diferentes momentos depende directamente de la expansi\u00f3n del universo. De la medida de la regla est\u00e1ndar a diferentes distancias se obtiene la fuerza de la energ\u00eda oscura a lo largo de la historia c\u00f3smica. Las medidas de distancia que proporciona DESI en este nuevo estudio son las m\u00e1s precisas realizadas hasta la fecha.<\/span><\/p>\n<p><span style=\"font-weight: 400;\">\u00abEstamos en un momento muy emocionante, ya que durante mucho tiempo hemos cre\u00eddo que el universo se comportaba de cierta manera, pero, ahora, con datos cada vez m\u00e1s precisos, nos damos cuenta de que hay aspectos que a\u00fan no comprendemos del todo\u00bb, dice Laura Casas, estudiante de doctorado en el Institut de F\u00edsica d&#8217;Altes Energies (IFAE) en Barcelona, que ha liderado la validaci\u00f3n del an\u00e1lisis en los bosques Lyman-alfa. \u00abAunque queda mucho por investigar, la evidencia de que la energ\u00eda oscura podr\u00eda ser cambiante es un hallazgo fascinante\u00bb.<\/span><\/p>\n<p><span style=\"font-weight: 400;\">La colaboraci\u00f3n empezar\u00e1 muy pronto a trabajar en an\u00e1lisis adicionales para extraer a\u00fan m\u00e1s informaci\u00f3n del actual conjunto de datos y, adem\u00e1s, DESI continuar\u00e1 acumulando nuevos datos. Otros experimentos que comenzar\u00e1n en los pr\u00f3ximos a\u00f1os proporcionar\u00e1n conjuntos de datos complementarios para an\u00e1lisis futuros.<\/span><\/p>\n<p><span style=\"font-weight: 400;\"><\/span><\/p>\n<p>[\/et_pb_text][\/et_pb_column][et_pb_column type=\u00bb1_2&#8243; _builder_version=\u00bb4.16&#8243; _module_preset=\u00bbdefault\u00bb global_colors_info=\u00bb{}\u00bb][et_pb_image src=\u00bbhttps:\/\/www.ieec.cat\/wp-content\/uploads\/2025\/03\/image3-e1742396796604.jpg\u00bb _builder_version=\u00bb4.27.4&#8243; _module_preset=\u00bbdefault\u00bb custom_margin=\u00bb||0px|||\u00bb global_colors_info=\u00bb{}\u00bb][\/et_pb_image][et_pb_text module_class=\u00bbieec-img-footer\u00bb _builder_version=\u00bb4.27.4&#8243; _module_preset=\u00bbdefault\u00bb text_font=\u00bb||||||||\u00bb text_font_size=\u00bb15px\u00bb text_line_height=\u00bb1.1em\u00bb background_color=\u00bbrgba(64,111,218,0.15)\u00bb min_height=\u00bb76px\u00bb custom_margin=\u00bb0px||||false|false\u00bb custom_padding=\u00bb30px|20px|30px|20px|true|true\u00bb global_colors_info=\u00bb{}\u00bb]<\/p>\n<p>Vista profunda de una porci\u00f3n de los datos de los tres primeros a\u00f1os de DESI, el mapa 3D m\u00e1s grande del universo jam\u00e1s creado. Cada uno de los puntos de esta imagen es una galaxia lejana.<strong><br \/>DESI Collaboration and KPNO\/NOIRLab\/NSF\/AURA\/R.Proctor<\/strong><\/p>\n<p>[\/et_pb_text][\/et_pb_column][\/et_pb_row][et_pb_row _builder_version=\u00bb4.16&#8243; _module_preset=\u00bbdefault\u00bb global_colors_info=\u00bb{}\u00bb][et_pb_column type=\u00bb4_4&#8243; _builder_version=\u00bb4.16&#8243; _module_preset=\u00bbdefault\u00bb global_colors_info=\u00bb{}\u00bb][et_pb_text _builder_version=\u00bb4.27.4&#8243; _module_preset=\u00bbdefault\u00bb link_font=\u00bb|700|||on||||\u00bb locked=\u00bboff\u00bb global_colors_info=\u00bb{}\u00bb]<\/p>\n<p><span style=\"font-weight: 400;\">\u00abLos resultados observacionales que estamos obteniendo de c\u00f3mo evoluciona el universo abren un abanico muy amplio de posibles teor\u00edas que puedan explicar lo que observamos\u00bb, comenta Francisco Javier Castander, investigador del Institut de Ci\u00e8ncies de l&#8217;Espai (ICE-CSIC) y del IEEC, que ha contribuido al experimento. \u00abIndependientemente de cu\u00e1l sea la naturaleza de la energ\u00eda oscura, sus propiedades determinar\u00e1n el futuro del universo. Es muy gratificante comprobar c\u00f3mo el instrumento que hemos construido nos permite observar el cielo y estudiar el universo en detalle, para poder as\u00ed responder a una de las preguntas m\u00e1s trascendentes que la humanidad se ha hecho\u00bb.<\/span><\/p>\n<p><span style=\"font-weight: 400;\">Algunos v\u00eddeos que presentan el nuevo an\u00e1lisis est\u00e1n disponibles en el canal de YouTube de DESI. Adem\u00e1s de hacer p\u00fablicos los \u00faltimos resultados en la reuni\u00f3n de la American Physical Society (APS), la colaboraci\u00f3n DESI tambi\u00e9n ha anunciado que su primer lanzamiento p\u00fablico de datos (DR1) se encuentra disponible para ser explorado. Este conjunto de datos contiene millones de objetos celestes y con \u00e9l se podr\u00e1 realizar un rango muy amplio de investigaciones astrof\u00edsicas que se suman a las metas cosmol\u00f3gicas de DESI.<\/span><\/p>\n<p>[\/et_pb_text][\/et_pb_column][\/et_pb_row][et_pb_row _builder_version=\u00bb4.16&#8243; _module_preset=\u00bbdefault\u00bb global_colors_info=\u00bb{}\u00bb][et_pb_column type=\u00bb4_4&#8243; _builder_version=\u00bb4.16&#8243; _module_preset=\u00bbdefault\u00bb global_colors_info=\u00bb{}\u00bb][et_pb_text module_class=\u00bbsection-title\u00bb _builder_version=\u00bb4.27.4&#8243; _module_preset=\u00bbdefault\u00bb header_2_font=\u00bb|700|||||||\u00bb header_2_font_size=\u00bb25px\u00bb header_2_font_size_tablet=\u00bb23px\u00bb header_2_font_size_phone=\u00bb23px\u00bb header_2_font_size_last_edited=\u00bbon|phone\u00bb global_colors_info=\u00bb{}\u00bb]<\/p>\n<h2><b>La colaboraci\u00f3n DESI<\/b><\/h2>\n<p>[\/et_pb_text][et_pb_text _builder_version=\u00bb4.27.4&#8243; _module_preset=\u00bbdefault\u00bb link_font=\u00bb|700|||on||||\u00bb locked=\u00bboff\u00bb global_colors_info=\u00bb{}\u00bb]<\/p>\n<p><span style=\"font-weight: 400;\">DESI recibe financiaci\u00f3n de las siguientes instituciones: la Oficina de Ciencia del Departamento de Energ\u00eda y el Centro de Computaci\u00f3n Cient\u00edfica en Energ\u00eda (NERSC), en los Estados Unidos; la Fundaci\u00f3n Nacional de Ciencia (NSF), en los Estados Unidos; la Divisi\u00f3n de Ciencias Astron\u00f3micas (AST), mediante un contrato con el Observatorio Nacional de Astronom\u00eda \u00d3ptica del NSF; el Consejo de Instalaciones de Ciencia y Tecnolog\u00eda (STFC), en el Reino Unido; las fundaciones Gordon y Betty Moore y Heising-Simons, en los Estados Unidos; el Comisariado de la Energ\u00eda At\u00f3mica y las Energ\u00edas Alternativas (CEA), en Francia; el Consejo Nacional de Ciencia y Tecnolog\u00eda (CONACYT), en M\u00e9xico; el Ministerio de Ciencia, Innovaci\u00f3n y Universidades de Espa\u00f1a, y las instituciones miembros de DESI.<\/span><\/p>\n<p><span style=\"font-weight: 400;\">La colaboraci\u00f3n DESI agradece que les permitan llevar a cabo investigaciones astron\u00f3micas en el Du\u2019ag, en Kitt Peak, Arizona, una monta\u00f1a con un significado especial para la reserva india de la naci\u00f3n Tohono O\u2019odham.<\/span><\/p>\n<p><span style=\"font-weight: 400;\">A nivel estatal, participan el Centro de Investigaciones Energ\u00e9ticas, Medioambientales y Tecnol\u00f3gicas (CIEMAT), el Instituto de Ciencias del Espacio (ICE, CSIC), el Instituto de Ciencias del Cosmos de la Universidad de Barcelona (ICCUB), el Instituto de F\u00edsica de Altas Energ\u00edas (IFAE), el Instituto de F\u00edsica Te\u00f3rica (IFT-UAM\/CSIC), el Instituto de Astrof\u00edsica de Andaluc\u00eda (IAA) y el Instituto de Astrof\u00edsica de Canarias (IAC).<\/span><\/p>\n<p><span style=\"font-weight: 400;\">Se puede consultar la lista completa de las instituciones que participan y m\u00e1s informaci\u00f3n relacionada en <\/span><a href=\"https:\/\/www.desi.lbl.gov\"><span style=\"font-weight: 400;\">la p\u00e1gina web<\/span><\/a><span style=\"font-weight: 400;\"> de DESI.<\/span><\/p>\n<p>[\/et_pb_text][\/et_pb_column][\/et_pb_row][et_pb_row _builder_version=\u00bb4.16&#8243; _module_preset=\u00bbdefault\u00bb custom_margin=\u00bb||||false|false\u00bb locked=\u00bboff\u00bb global_colors_info=\u00bb{}\u00bb][et_pb_column type=\u00bb4_4&#8243; _builder_version=\u00bb4.16&#8243; _module_preset=\u00bbdefault\u00bb global_colors_info=\u00bb{}\u00bb][et_pb_divider color=\u00bb#406fda\u00bb _builder_version=\u00bb4.16&#8243; _module_preset=\u00bbdefault\u00bb custom_margin=\u00bb||10px||false|false\u00bb global_colors_info=\u00bb{}\u00bb][\/et_pb_divider][et_pb_text admin_label=\u00bbEnlla\u00e7os\u00bb module_class=\u00bbieec-sub-title\u00bb _builder_version=\u00bb4.27.4&#8243; _module_preset=\u00bbdefault\u00bb text_font=\u00bbCairo|700|||||||\u00bb text_text_color=\u00bb#406fda\u00bb text_font_size=\u00bb20px\u00bb custom_margin=\u00bb||10px||false|false\u00bb global_colors_info=\u00bb{}\u00bb]<\/p>\n<p>Enlaces<\/p>\n<p>[\/et_pb_text][et_pb_text module_class=\u00bbieec-sub-text\u00bb _builder_version=\u00bb4.27.4&#8243; _module_preset=\u00bbdefault\u00bb text_font_size=\u00bb16px\u00bb text_line_height=\u00bb1.1em\u00bb link_font=\u00bb|700|||on|||#1a1140|\u00bb link_text_color=\u00bb#1a1140&#8243; link_line_height=\u00bb1.4em\u00bb custom_margin=\u00bb20px||||false|false\u00bb global_colors_info=\u00bb{}\u00bb]<\/p>\n<p><strong><a href=\"https:\/\/www.ieec.cat\/\" target=\"_blank\" rel=\"noopener\">IEEC<\/a><\/strong><br \/><strong><a href=\"https:\/\/www.ieec.cat\/\"><\/a><a href=\"https:\/\/icc.ub.edu\/\" target=\"_blank\" rel=\"noopener\">ICCUB<\/a><\/strong><br \/><strong><a href=\"https:\/\/www.ieec.cat\/\"><\/a><a href=\"https:\/\/www.ice.csic.es\/\" target=\"_blank\" rel=\"noopener\">ICE-CSIC<\/a><\/strong><br \/><strong><a href=\"https:\/\/www.ciemat.es\/\" target=\"_blank\" rel=\"noopener\">CIEMAT<\/a><a href=\"https:\/\/www.ieec.cat\/\"><br \/><\/a><a href=\"https:\/\/www.ifae.es\/es\/\" target=\"_blank\" rel=\"noopener\">IFAE<\/a><a href=\"https:\/\/www.ieec.cat\/\"><\/a><a href=\"https:\/\/www.ieec.cat\/\"><br \/><\/a><a href=\"https:\/\/www.ift.uam-csic.es\/\" target=\"_blank\" rel=\"noopener\">IFT-UAM\/CSIC<\/a><a href=\"https:\/\/www.ieec.cat\/\"><br \/><\/a><a href=\"https:\/\/www.ieec.cat\/es\/proyecto\/28\/desi\/\" target=\"_blank\" rel=\"noopener\">DESI<\/a><\/strong><a href=\"https:\/\/www.ieec.cat\/\"><\/a><a href=\"https:\/\/www.ieec.cat\/\"><\/a><\/p>\n<p>[\/et_pb_text][\/et_pb_column][\/et_pb_row][et_pb_row _builder_version=\u00bb4.16&#8243; _module_preset=\u00bbdefault\u00bb custom_margin=\u00bb||||false|false\u00bb locked=\u00bboff\u00bb global_colors_info=\u00bb{}\u00bb][et_pb_column type=\u00bb4_4&#8243; _builder_version=\u00bb4.16&#8243; _module_preset=\u00bbdefault\u00bb global_colors_info=\u00bb{}\u00bb][et_pb_divider color=\u00bb#406fda\u00bb _builder_version=\u00bb4.16&#8243; _module_preset=\u00bbdefault\u00bb custom_margin=\u00bb||10px||false|false\u00bb global_colors_info=\u00bb{}\u00bb][\/et_pb_divider][et_pb_text admin_label=\u00bbContactes\u00bb module_class=\u00bbieec-sub-title\u00bb _builder_version=\u00bb4.27.4&#8243; _module_preset=\u00bbdefault\u00bb text_font=\u00bbCairo|700|||||||\u00bb text_text_color=\u00bb#406fda\u00bb text_font_size=\u00bb20px\u00bb custom_margin=\u00bb||10px||false|false\u00bb global_colors_info=\u00bb{}\u00bb]<\/p>\n<p>Contactos<\/p>\n<p>[\/et_pb_text][\/et_pb_column][\/et_pb_row][et_pb_row column_structure=\u00bb1_2,1_2&#8243; admin_label=\u00bbRow\u00bb _builder_version=\u00bb4.16&#8243; _module_preset=\u00bbdefault\u00bb custom_margin=\u00bb0px||||false|false\u00bb custom_padding=\u00bb0px||||false|false\u00bb global_colors_info=\u00bb{}\u00bb][et_pb_column type=\u00bb1_2&#8243; _builder_version=\u00bb4.16&#8243; _module_preset=\u00bbdefault\u00bb custom_padding=\u00bb|||20px|false|false\u00bb border_width_left=\u00bb1px\u00bb border_color_left=\u00bb#406fda\u00bb global_colors_info=\u00bb{}\u00bb][et_pb_text module_class=\u00bbieec-contact\u00bb _builder_version=\u00bb4.27.4&#8243; _module_preset=\u00bbdefault\u00bb text_font_size=\u00bb16px\u00bb text_line_height=\u00bb1.1em\u00bb link_font=\u00bb|700|||on|||#1a1140|\u00bb link_text_color=\u00bb#1a1140&#8243; link_line_height=\u00bb1.4em\u00bb header_4_font=\u00bb|700|||||||\u00bb header_4_text_color=\u00bb#1a1140&#8243; custom_margin=\u00bb||||false|false\u00bb locked=\u00bboff\u00bb global_colors_info=\u00bb{}\u00bb]<\/p>\n<h4>Oficina de Comunicaci\u00f3n del IEEC<\/h4>\n<p>Castelldefels, Barcelona<br \/>Correo electr\u00f3nico: <a href=\"mailto:comunicacio@ieec.cat\">comunicacio@ieec.cat<\/a><\/p>\n<p>[\/et_pb_text][\/et_pb_column][et_pb_column type=\u00bb1_2&#8243; _builder_version=\u00bb4.16&#8243; _module_preset=\u00bbdefault\u00bb custom_padding=\u00bb|||20px|false|false\u00bb border_width_left=\u00bb1px\u00bb border_color_left=\u00bb#406fda\u00bb global_colors_info=\u00bb{}\u00bb][et_pb_text module_class=\u00bbieec-contact\u00bb _builder_version=\u00bb4.27.4&#8243; _module_preset=\u00bbdefault\u00bb text_font_size=\u00bb16px\u00bb text_line_height=\u00bb1.1em\u00bb link_font=\u00bb|700|||on|||#1a1140|\u00bb link_text_color=\u00bb#1a1140&#8243; link_line_height=\u00bb1.4em\u00bb header_4_font=\u00bb|700|||||||\u00bb header_4_text_color=\u00bb#1a1140&#8243; custom_margin=\u00bb||||false|false\u00bb hover_enabled=\u00bb0&#8243; locked=\u00bboff\u00bb global_colors_info=\u00bb{}\u00bb sticky_enabled=\u00bb0&#8243;]<\/p>\n<h4>Autores Principales en el IEEC<\/h4>\n<h4>H\u00e9ctor Gil<\/h4>\n<p>Institut d\u2019Estudis Espacials de Catalunya (IEEC)<br \/><span style=\"font-weight: 400;\">Institut de Ci\u00e8ncies del Cosmos (ICCUB)<\/span><br \/><span style=\"font-weight: 400;\">Correo electr\u00f3nico: <\/span><a href=\"mailto:hectorgil@ieec.cat\"><span style=\"font-weight: 400;\">hectorgil@ieec.cat<\/span><\/a><span style=\"font-weight: 400;\">, <\/span><a href=\"mailto:hectorgil@icc.ub.edu\"><span style=\"font-weight: 400;\">hectorgil@icc.ub.edu<\/span><\/a><\/p>\n<p>[\/et_pb_text][et_pb_text module_class=\u00bbieec-contact\u00bb _builder_version=\u00bb4.27.4&#8243; _module_preset=\u00bbdefault\u00bb text_font_size=\u00bb16px\u00bb text_line_height=\u00bb1.1em\u00bb link_font=\u00bb|700|||on|||#1a1140|\u00bb link_text_color=\u00bb#1a1140&#8243; link_line_height=\u00bb1.4em\u00bb header_4_font=\u00bb|700|||||||\u00bb header_4_text_color=\u00bb#1a1140&#8243; custom_margin=\u00bb||||false|false\u00bb hover_enabled=\u00bb0&#8243; locked=\u00bboff\u00bb global_colors_info=\u00bb{}\u00bb sticky_enabled=\u00bb0&#8243;]<\/p>\n<h4>Francisco Castander<\/h4>\n<p>Institut d\u2019Estudis Espacials de Catalunya (IEEC)<br \/>Institut de Ci\u00e8ncies de l&#8217;Espai (ICE-CSIC)<br \/><span style=\"font-weight: 400;\">Correo electr\u00f3nico: <\/span><a href=\"mailto:fjc@ieec.cat\"><span style=\"font-weight: 400;\">fjc@ieec.cat<\/span><\/a><span style=\"font-weight: 400;\">, <\/span><a href=\"mailto:fjc@ice.csic.es\"><span style=\"font-weight: 400;\">fjc@ice.csic.es<\/span><\/a><\/p>\n<p>[\/et_pb_text][\/et_pb_column][\/et_pb_row][et_pb_row module_class=\u00bbieec-about\u00bb _builder_version=\u00bb4.14.8&#8243; _module_preset=\u00bbdefault\u00bb background_color=\u00bbrgba(64,111,218,0.15)\u00bb global_module=\u00bb17324&#8243; global_colors_info=\u00bb{}\u00bb][et_pb_column type=\u00bb4_4&#8243; _builder_version=\u00bb4.16&#8243; _module_preset=\u00bbdefault\u00bb custom_padding=\u00bb20px|50px|20px|50px|true|true\u00bb global_colors_info=\u00bb{}\u00bb][et_pb_text admin_label=\u00bbSobre l&#8217;IEEC\u00bb _builder_version=\u00bb4.16&#8243; _module_preset=\u00bbdefault\u00bb header_2_font=\u00bb|700|||||||\u00bb header_2_font_size=\u00bb25px\u00bb custom_margin=\u00bb||10px||false|false\u00bb header_2_font_size_tablet=\u00bb23px\u00bb header_2_font_size_phone=\u00bb23px\u00bb header_2_font_size_last_edited=\u00bbon|phone\u00bb locked=\u00bboff\u00bb global_colors_info=\u00bb{}\u00bb]<\/p>\n<h2>Sobre el IEEC<\/h2>\n<p>[\/et_pb_text][et_pb_text _builder_version=\u00bb4.16&#8243; _module_preset=\u00bbdefault\u00bb text_font=\u00bb||on||||||\u00bb link_font=\u00bb|700|||on||||\u00bb locked=\u00bboff\u00bb global_colors_info=\u00bb{}\u00bb]<\/p>\n<p>El Institut d\u2019Estudis Espacials de Catalunya (IEEC) promueve y coordina la investigaci\u00f3n y el desarrollo tecnol\u00f3gico espacial en Catalu\u00f1a en beneficio de la sociedad. El IEEC fomenta las colaboraciones tanto a nivel local como mundial, y es un eficiente agente de transferencia de conocimiento, innovaci\u00f3n y tecnolog\u00eda. Como resultado de m\u00e1s de 25 a\u00f1os de investigaci\u00f3n de alta calidad, llevada a cabo en colaboraci\u00f3n con las principales organizaciones internacionales, el IEEC se encuentra entre los mejores centros de investigaci\u00f3n internacionales, centrados en \u00e1reas como: astrof\u00edsica, cosmolog\u00eda, ciencias planetarias y observaci\u00f3n de la Tierra. La divisi\u00f3n de ingenier\u00eda del IEEC desarrolla instrumentaci\u00f3n para proyectos terrestres y espaciales, y tiene una amplia experiencia trabajando con organizaciones privadas y p\u00fablicas del sector aeroespacial y otros sectores de innovaci\u00f3n.<\/p>\n<p>El IEEC es una fundaci\u00f3n del sector p\u00fablico sin \u00e1nimo de lucro, fundada en febrero de 1996. Est\u00e1 regida por un Patronato compuesto por la Generalitat de Catalunya,  la Universitat de Barcelona (UB), la Universitat Aut\u00f2noma de Barcelona (UAB), la Universitat Polit\u00e8cnica de Catalunya \u00b7 BarcelonaTech (UPC), y el Consejo Superior de Investigaciones Cient\u00edficas (CSIC). El IEEC es tambi\u00e9n un centro CERCA (Centres de Recerca de Catalunya).<\/p>\n<p>[\/et_pb_text][\/et_pb_column][\/et_pb_row][\/et_pb_section]<\/p>\n","protected":false},"excerpt":{"rendered":"<p>Este estudio muestra indicios de que la energ\u00eda oscura, que se pensaba que era una constante cosmol\u00f3gica, podr\u00eda evolucionar con el tiempo de formas inesperadas.<\/p>\n","protected":false},"author":12,"featured_media":34423,"comment_status":"closed","ping_status":"closed","sticky":false,"template":"","format":"standard","meta":{"_et_pb_use_builder":"on","_et_pb_old_content":"","_et_gb_content_width":"","footnotes":""},"categories":[99,113,75,105],"tags":[],"class_list":["post-34446","post","type-post","status-publish","format-standard","has-post-thumbnail","hentry","category-ciencia-noticias","category-noticia-destacada-pequena","category-noticias","category-talento-noticias"],"yoast_head":"<!-- This site is optimized with the Yoast SEO plugin v27.4 - https:\/\/yoast.com\/product\/yoast-seo-wordpress\/ -->\n<title>Nuevos resultados de DESI refuerzan las indicaciones de que la energ\u00eda oscura cambia con el tiempo - IEEC<\/title>\n<meta name=\"description\" content=\"Este estudio muestra indicios de que la energ\u00eda oscura, que se pensaba que era una constante cosmol\u00f3gica, podr\u00eda evolucionar con el tiempo de formas inesperadas.\" \/>\n<meta name=\"robots\" content=\"index, follow, max-snippet:-1, max-image-preview:large, max-video-preview:-1\" \/>\n<link rel=\"canonical\" href=\"https:\/\/www.ieec.cat\/es\/nuevos-resultados-de-desi-refuerzan-las-indicaciones-de-que-la-energia-oscura-cambia-con-el-tiempo\/\" \/>\n<meta property=\"og:locale\" content=\"es_ES\" \/>\n<meta property=\"og:type\" content=\"article\" \/>\n<meta property=\"og:title\" content=\"Nuevos resultados de DESI refuerzan las indicaciones de que la energ\u00eda oscura cambia con el tiempo - IEEC\" \/>\n<meta property=\"og:description\" content=\"Este estudio muestra indicios de que la energ\u00eda oscura, que se pensaba que era una constante cosmol\u00f3gica, podr\u00eda evolucionar con el tiempo de formas inesperadas.\" \/>\n<meta property=\"og:url\" content=\"https:\/\/www.ieec.cat\/es\/nuevos-resultados-de-desi-refuerzan-las-indicaciones-de-que-la-energia-oscura-cambia-con-el-tiempo\/\" \/>\n<meta property=\"og:site_name\" content=\"IEEC\" \/>\n<meta property=\"article:published_time\" content=\"2025-03-20T10:39:50+00:00\" \/>\n<meta property=\"article:modified_time\" content=\"2025-04-09T08:24:39+00:00\" \/>\n<meta property=\"og:image\" content=\"https:\/\/www.ieec.cat\/wp-content\/uploads\/2025\/03\/image2.jpg\" \/>\n\t<meta property=\"og:image:width\" content=\"1999\" \/>\n\t<meta property=\"og:image:height\" content=\"1334\" \/>\n\t<meta property=\"og:image:type\" content=\"image\/jpeg\" \/>\n<meta name=\"author\" content=\"Quim Portet\" \/>\n<meta name=\"twitter:card\" content=\"summary_large_image\" \/>\n<meta name=\"twitter:label1\" content=\"Escrito por\" \/>\n\t<meta name=\"twitter:data1\" content=\"Quim Portet\" \/>\n\t<meta name=\"twitter:label2\" content=\"Tiempo de lectura\" \/>\n\t<meta name=\"twitter:data2\" content=\"19 minutos\" \/>\n<script type=\"application\/ld+json\" class=\"yoast-schema-graph\">{\"@context\":\"https:\\\/\\\/schema.org\",\"@graph\":[{\"@type\":\"Article\",\"@id\":\"https:\\\/\\\/www.ieec.cat\\\/es\\\/nuevos-resultados-de-desi-refuerzan-las-indicaciones-de-que-la-energia-oscura-cambia-con-el-tiempo\\\/#article\",\"isPartOf\":{\"@id\":\"https:\\\/\\\/www.ieec.cat\\\/es\\\/nuevos-resultados-de-desi-refuerzan-las-indicaciones-de-que-la-energia-oscura-cambia-con-el-tiempo\\\/\"},\"author\":{\"name\":\"Quim Portet\",\"@id\":\"https:\\\/\\\/www.ieec.cat\\\/es\\\/#\\\/schema\\\/person\\\/43b811417c01b54ef9dd522dad92fc50\"},\"headline\":\"Nuevos resultados de DESI refuerzan las indicaciones de que la energ\u00eda oscura cambia con el tiempo\",\"datePublished\":\"2025-03-20T10:39:50+00:00\",\"dateModified\":\"2025-04-09T08:24:39+00:00\",\"mainEntityOfPage\":{\"@id\":\"https:\\\/\\\/www.ieec.cat\\\/es\\\/nuevos-resultados-de-desi-refuerzan-las-indicaciones-de-que-la-energia-oscura-cambia-con-el-tiempo\\\/\"},\"wordCount\":3842,\"image\":{\"@id\":\"https:\\\/\\\/www.ieec.cat\\\/es\\\/nuevos-resultados-de-desi-refuerzan-las-indicaciones-de-que-la-energia-oscura-cambia-con-el-tiempo\\\/#primaryimage\"},\"thumbnailUrl\":\"https:\\\/\\\/www.ieec.cat\\\/wp-content\\\/uploads\\\/2025\\\/03\\\/image2.jpg\",\"articleSection\":[\"Ciencia\",\"Noticia destacada peque\u00f1a\",\"Noticias\",\"Talento\"],\"inLanguage\":\"es\"},{\"@type\":\"WebPage\",\"@id\":\"https:\\\/\\\/www.ieec.cat\\\/es\\\/nuevos-resultados-de-desi-refuerzan-las-indicaciones-de-que-la-energia-oscura-cambia-con-el-tiempo\\\/\",\"url\":\"https:\\\/\\\/www.ieec.cat\\\/es\\\/nuevos-resultados-de-desi-refuerzan-las-indicaciones-de-que-la-energia-oscura-cambia-con-el-tiempo\\\/\",\"name\":\"Nuevos resultados de DESI refuerzan las indicaciones de que la energ\u00eda oscura cambia con el tiempo - IEEC\",\"isPartOf\":{\"@id\":\"https:\\\/\\\/www.ieec.cat\\\/es\\\/#website\"},\"primaryImageOfPage\":{\"@id\":\"https:\\\/\\\/www.ieec.cat\\\/es\\\/nuevos-resultados-de-desi-refuerzan-las-indicaciones-de-que-la-energia-oscura-cambia-con-el-tiempo\\\/#primaryimage\"},\"image\":{\"@id\":\"https:\\\/\\\/www.ieec.cat\\\/es\\\/nuevos-resultados-de-desi-refuerzan-las-indicaciones-de-que-la-energia-oscura-cambia-con-el-tiempo\\\/#primaryimage\"},\"thumbnailUrl\":\"https:\\\/\\\/www.ieec.cat\\\/wp-content\\\/uploads\\\/2025\\\/03\\\/image2.jpg\",\"datePublished\":\"2025-03-20T10:39:50+00:00\",\"dateModified\":\"2025-04-09T08:24:39+00:00\",\"author\":{\"@id\":\"https:\\\/\\\/www.ieec.cat\\\/es\\\/#\\\/schema\\\/person\\\/43b811417c01b54ef9dd522dad92fc50\"},\"description\":\"Este estudio muestra indicios de que la energ\u00eda oscura, que se pensaba que era una constante cosmol\u00f3gica, podr\u00eda evolucionar con el tiempo de formas inesperadas.\",\"breadcrumb\":{\"@id\":\"https:\\\/\\\/www.ieec.cat\\\/es\\\/nuevos-resultados-de-desi-refuerzan-las-indicaciones-de-que-la-energia-oscura-cambia-con-el-tiempo\\\/#breadcrumb\"},\"inLanguage\":\"es\",\"potentialAction\":[{\"@type\":\"ReadAction\",\"target\":[\"https:\\\/\\\/www.ieec.cat\\\/es\\\/nuevos-resultados-de-desi-refuerzan-las-indicaciones-de-que-la-energia-oscura-cambia-con-el-tiempo\\\/\"]}]},{\"@type\":\"ImageObject\",\"inLanguage\":\"es\",\"@id\":\"https:\\\/\\\/www.ieec.cat\\\/es\\\/nuevos-resultados-de-desi-refuerzan-las-indicaciones-de-que-la-energia-oscura-cambia-con-el-tiempo\\\/#primaryimage\",\"url\":\"https:\\\/\\\/www.ieec.cat\\\/wp-content\\\/uploads\\\/2025\\\/03\\\/image2.jpg\",\"contentUrl\":\"https:\\\/\\\/www.ieec.cat\\\/wp-content\\\/uploads\\\/2025\\\/03\\\/image2.jpg\",\"width\":1999,\"height\":1334},{\"@type\":\"BreadcrumbList\",\"@id\":\"https:\\\/\\\/www.ieec.cat\\\/es\\\/nuevos-resultados-de-desi-refuerzan-las-indicaciones-de-que-la-energia-oscura-cambia-con-el-tiempo\\\/#breadcrumb\",\"itemListElement\":[{\"@type\":\"ListItem\",\"position\":1,\"name\":\"Portada\",\"item\":\"https:\\\/\\\/www.ieec.cat\\\/es\\\/\"},{\"@type\":\"ListItem\",\"position\":2,\"name\":\"Nuevos resultados de DESI refuerzan las indicaciones de que la energ\u00eda oscura cambia con el tiempo\"}]},{\"@type\":\"WebSite\",\"@id\":\"https:\\\/\\\/www.ieec.cat\\\/es\\\/#website\",\"url\":\"https:\\\/\\\/www.ieec.cat\\\/es\\\/\",\"name\":\"IEEC\",\"description\":\"Institut d&#039;Estudis Espacials de Catalunya\",\"potentialAction\":[{\"@type\":\"SearchAction\",\"target\":{\"@type\":\"EntryPoint\",\"urlTemplate\":\"https:\\\/\\\/www.ieec.cat\\\/es\\\/?s={search_term_string}\"},\"query-input\":{\"@type\":\"PropertyValueSpecification\",\"valueRequired\":true,\"valueName\":\"search_term_string\"}}],\"inLanguage\":\"es\"},{\"@type\":\"Person\",\"@id\":\"https:\\\/\\\/www.ieec.cat\\\/es\\\/#\\\/schema\\\/person\\\/43b811417c01b54ef9dd522dad92fc50\",\"name\":\"Quim Portet\",\"image\":{\"@type\":\"ImageObject\",\"inLanguage\":\"es\",\"@id\":\"https:\\\/\\\/secure.gravatar.com\\\/avatar\\\/c0212e2b077ebd6494ed79d8de24b50b3507e9cbf9fa3e10f81de1971ff33cf5?s=96&d=mm&r=g\",\"url\":\"https:\\\/\\\/secure.gravatar.com\\\/avatar\\\/c0212e2b077ebd6494ed79d8de24b50b3507e9cbf9fa3e10f81de1971ff33cf5?s=96&d=mm&r=g\",\"contentUrl\":\"https:\\\/\\\/secure.gravatar.com\\\/avatar\\\/c0212e2b077ebd6494ed79d8de24b50b3507e9cbf9fa3e10f81de1971ff33cf5?s=96&d=mm&r=g\",\"caption\":\"Quim Portet\"}}]}<\/script>\n<!-- \/ Yoast SEO plugin. -->","yoast_head_json":{"title":"Nuevos resultados de DESI refuerzan las indicaciones de que la energ\u00eda oscura cambia con el tiempo - IEEC","description":"Este estudio muestra indicios de que la energ\u00eda oscura, que se pensaba que era una constante cosmol\u00f3gica, podr\u00eda evolucionar con el tiempo de formas inesperadas.","robots":{"index":"index","follow":"follow","max-snippet":"max-snippet:-1","max-image-preview":"max-image-preview:large","max-video-preview":"max-video-preview:-1"},"canonical":"https:\/\/www.ieec.cat\/es\/nuevos-resultados-de-desi-refuerzan-las-indicaciones-de-que-la-energia-oscura-cambia-con-el-tiempo\/","og_locale":"es_ES","og_type":"article","og_title":"Nuevos resultados de DESI refuerzan las indicaciones de que la energ\u00eda oscura cambia con el tiempo - IEEC","og_description":"Este estudio muestra indicios de que la energ\u00eda oscura, que se pensaba que era una constante cosmol\u00f3gica, podr\u00eda evolucionar con el tiempo de formas inesperadas.","og_url":"https:\/\/www.ieec.cat\/es\/nuevos-resultados-de-desi-refuerzan-las-indicaciones-de-que-la-energia-oscura-cambia-con-el-tiempo\/","og_site_name":"IEEC","article_published_time":"2025-03-20T10:39:50+00:00","article_modified_time":"2025-04-09T08:24:39+00:00","og_image":[{"width":1999,"height":1334,"url":"https:\/\/www.ieec.cat\/wp-content\/uploads\/2025\/03\/image2.jpg","type":"image\/jpeg"}],"author":"Quim Portet","twitter_card":"summary_large_image","twitter_misc":{"Escrito por":"Quim Portet","Tiempo de lectura":"19 minutos"},"schema":{"@context":"https:\/\/schema.org","@graph":[{"@type":"Article","@id":"https:\/\/www.ieec.cat\/es\/nuevos-resultados-de-desi-refuerzan-las-indicaciones-de-que-la-energia-oscura-cambia-con-el-tiempo\/#article","isPartOf":{"@id":"https:\/\/www.ieec.cat\/es\/nuevos-resultados-de-desi-refuerzan-las-indicaciones-de-que-la-energia-oscura-cambia-con-el-tiempo\/"},"author":{"name":"Quim Portet","@id":"https:\/\/www.ieec.cat\/es\/#\/schema\/person\/43b811417c01b54ef9dd522dad92fc50"},"headline":"Nuevos resultados de DESI refuerzan las indicaciones de que la energ\u00eda oscura cambia con el tiempo","datePublished":"2025-03-20T10:39:50+00:00","dateModified":"2025-04-09T08:24:39+00:00","mainEntityOfPage":{"@id":"https:\/\/www.ieec.cat\/es\/nuevos-resultados-de-desi-refuerzan-las-indicaciones-de-que-la-energia-oscura-cambia-con-el-tiempo\/"},"wordCount":3842,"image":{"@id":"https:\/\/www.ieec.cat\/es\/nuevos-resultados-de-desi-refuerzan-las-indicaciones-de-que-la-energia-oscura-cambia-con-el-tiempo\/#primaryimage"},"thumbnailUrl":"https:\/\/www.ieec.cat\/wp-content\/uploads\/2025\/03\/image2.jpg","articleSection":["Ciencia","Noticia destacada peque\u00f1a","Noticias","Talento"],"inLanguage":"es"},{"@type":"WebPage","@id":"https:\/\/www.ieec.cat\/es\/nuevos-resultados-de-desi-refuerzan-las-indicaciones-de-que-la-energia-oscura-cambia-con-el-tiempo\/","url":"https:\/\/www.ieec.cat\/es\/nuevos-resultados-de-desi-refuerzan-las-indicaciones-de-que-la-energia-oscura-cambia-con-el-tiempo\/","name":"Nuevos resultados de DESI refuerzan las indicaciones de que la energ\u00eda oscura cambia con el tiempo - IEEC","isPartOf":{"@id":"https:\/\/www.ieec.cat\/es\/#website"},"primaryImageOfPage":{"@id":"https:\/\/www.ieec.cat\/es\/nuevos-resultados-de-desi-refuerzan-las-indicaciones-de-que-la-energia-oscura-cambia-con-el-tiempo\/#primaryimage"},"image":{"@id":"https:\/\/www.ieec.cat\/es\/nuevos-resultados-de-desi-refuerzan-las-indicaciones-de-que-la-energia-oscura-cambia-con-el-tiempo\/#primaryimage"},"thumbnailUrl":"https:\/\/www.ieec.cat\/wp-content\/uploads\/2025\/03\/image2.jpg","datePublished":"2025-03-20T10:39:50+00:00","dateModified":"2025-04-09T08:24:39+00:00","author":{"@id":"https:\/\/www.ieec.cat\/es\/#\/schema\/person\/43b811417c01b54ef9dd522dad92fc50"},"description":"Este estudio muestra indicios de que la energ\u00eda oscura, que se pensaba que era una constante cosmol\u00f3gica, podr\u00eda evolucionar con el tiempo de formas inesperadas.","breadcrumb":{"@id":"https:\/\/www.ieec.cat\/es\/nuevos-resultados-de-desi-refuerzan-las-indicaciones-de-que-la-energia-oscura-cambia-con-el-tiempo\/#breadcrumb"},"inLanguage":"es","potentialAction":[{"@type":"ReadAction","target":["https:\/\/www.ieec.cat\/es\/nuevos-resultados-de-desi-refuerzan-las-indicaciones-de-que-la-energia-oscura-cambia-con-el-tiempo\/"]}]},{"@type":"ImageObject","inLanguage":"es","@id":"https:\/\/www.ieec.cat\/es\/nuevos-resultados-de-desi-refuerzan-las-indicaciones-de-que-la-energia-oscura-cambia-con-el-tiempo\/#primaryimage","url":"https:\/\/www.ieec.cat\/wp-content\/uploads\/2025\/03\/image2.jpg","contentUrl":"https:\/\/www.ieec.cat\/wp-content\/uploads\/2025\/03\/image2.jpg","width":1999,"height":1334},{"@type":"BreadcrumbList","@id":"https:\/\/www.ieec.cat\/es\/nuevos-resultados-de-desi-refuerzan-las-indicaciones-de-que-la-energia-oscura-cambia-con-el-tiempo\/#breadcrumb","itemListElement":[{"@type":"ListItem","position":1,"name":"Portada","item":"https:\/\/www.ieec.cat\/es\/"},{"@type":"ListItem","position":2,"name":"Nuevos resultados de DESI refuerzan las indicaciones de que la energ\u00eda oscura cambia con el tiempo"}]},{"@type":"WebSite","@id":"https:\/\/www.ieec.cat\/es\/#website","url":"https:\/\/www.ieec.cat\/es\/","name":"IEEC","description":"Institut d&#039;Estudis Espacials de Catalunya","potentialAction":[{"@type":"SearchAction","target":{"@type":"EntryPoint","urlTemplate":"https:\/\/www.ieec.cat\/es\/?s={search_term_string}"},"query-input":{"@type":"PropertyValueSpecification","valueRequired":true,"valueName":"search_term_string"}}],"inLanguage":"es"},{"@type":"Person","@id":"https:\/\/www.ieec.cat\/es\/#\/schema\/person\/43b811417c01b54ef9dd522dad92fc50","name":"Quim Portet","image":{"@type":"ImageObject","inLanguage":"es","@id":"https:\/\/secure.gravatar.com\/avatar\/c0212e2b077ebd6494ed79d8de24b50b3507e9cbf9fa3e10f81de1971ff33cf5?s=96&d=mm&r=g","url":"https:\/\/secure.gravatar.com\/avatar\/c0212e2b077ebd6494ed79d8de24b50b3507e9cbf9fa3e10f81de1971ff33cf5?s=96&d=mm&r=g","contentUrl":"https:\/\/secure.gravatar.com\/avatar\/c0212e2b077ebd6494ed79d8de24b50b3507e9cbf9fa3e10f81de1971ff33cf5?s=96&d=mm&r=g","caption":"Quim Portet"}}]}},"_links":{"self":[{"href":"https:\/\/www.ieec.cat\/es\/wp-json\/wp\/v2\/posts\/34446","targetHints":{"allow":["GET"]}}],"collection":[{"href":"https:\/\/www.ieec.cat\/es\/wp-json\/wp\/v2\/posts"}],"about":[{"href":"https:\/\/www.ieec.cat\/es\/wp-json\/wp\/v2\/types\/post"}],"author":[{"embeddable":true,"href":"https:\/\/www.ieec.cat\/es\/wp-json\/wp\/v2\/users\/12"}],"replies":[{"embeddable":true,"href":"https:\/\/www.ieec.cat\/es\/wp-json\/wp\/v2\/comments?post=34446"}],"version-history":[{"count":16,"href":"https:\/\/www.ieec.cat\/es\/wp-json\/wp\/v2\/posts\/34446\/revisions"}],"predecessor-version":[{"id":34498,"href":"https:\/\/www.ieec.cat\/es\/wp-json\/wp\/v2\/posts\/34446\/revisions\/34498"}],"wp:featuredmedia":[{"embeddable":true,"href":"https:\/\/www.ieec.cat\/es\/wp-json\/wp\/v2\/media\/34423"}],"wp:attachment":[{"href":"https:\/\/www.ieec.cat\/es\/wp-json\/wp\/v2\/media?parent=34446"}],"wp:term":[{"taxonomy":"category","embeddable":true,"href":"https:\/\/www.ieec.cat\/es\/wp-json\/wp\/v2\/categories?post=34446"},{"taxonomy":"post_tag","embeddable":true,"href":"https:\/\/www.ieec.cat\/es\/wp-json\/wp\/v2\/tags?post=34446"}],"curies":[{"name":"wp","href":"https:\/\/api.w.org\/{rel}","templated":true}]}}