{"id":34822,"date":"2025-04-11T12:25:34","date_gmt":"2025-04-11T10:25:34","guid":{"rendered":"https:\/\/www.ieec.cat\/?p=34822"},"modified":"2025-04-11T12:27:25","modified_gmt":"2025-04-11T10:27:25","slug":"el-iccub-recibe-la-distincion-de-excelencia-maria-de-maeztu","status":"publish","type":"post","link":"https:\/\/www.ieec.cat\/es\/el-iccub-recibe-la-distincion-de-excelencia-maria-de-maeztu\/","title":{"rendered":"El ICCUB recibe la distinci\u00f3n de excelencia Mar\u00eda de Maeztu"},"content":{"rendered":"<p>[et_pb_section fb_built=\u00bb1&#8243; _builder_version=\u00bb4.16&#8243; _module_preset=\u00bbdefault\u00bb background_image=\u00bbhttps:\/\/www.ieec.cat\/wp-content\/uploads\/2022\/02\/slider-comunicacio.jpg\u00bb max_height=\u00bb130px\u00bb custom_padding=\u00bb0px||0px||false|false\u00bb da_disable_devices=\u00bboff|off|off\u00bb global_colors_info=\u00bb{}\u00bb da_is_popup=\u00bboff\u00bb da_exit_intent=\u00bboff\u00bb da_has_close=\u00bbon\u00bb da_alt_close=\u00bboff\u00bb da_dark_close=\u00bboff\u00bb da_not_modal=\u00bbon\u00bb da_is_singular=\u00bboff\u00bb da_with_loader=\u00bboff\u00bb da_has_shadow=\u00bbon\u00bb][\/et_pb_section][et_pb_section fb_built=\u00bb1&#8243; _builder_version=\u00bb4.16&#8243; _module_preset=\u00bbdefault\u00bb custom_padding=\u00bb24px||11px|||\u00bb da_disable_devices=\u00bboff|off|off\u00bb global_colors_info=\u00bb{}\u00bb da_is_popup=\u00bboff\u00bb da_exit_intent=\u00bboff\u00bb da_has_close=\u00bbon\u00bb da_alt_close=\u00bboff\u00bb da_dark_close=\u00bboff\u00bb da_not_modal=\u00bbon\u00bb da_is_singular=\u00bboff\u00bb da_with_loader=\u00bboff\u00bb da_has_shadow=\u00bbon\u00bb][et_pb_row _builder_version=\u00bb4.16&#8243; _module_preset=\u00bbdefault\u00bb custom_padding=\u00bb||||false|false\u00bb global_colors_info=\u00bb{}\u00bb][et_pb_column type=\u00bb4_4&#8243; _builder_version=\u00bb4.16&#8243; _module_preset=\u00bbdefault\u00bb global_colors_info=\u00bb{}\u00bb][et_pb_text module_class=\u00bbieec-orgs\u00bb _builder_version=\u00bb4.27.4&#8243; _dynamic_attributes=\u00bbcontent\u00bb _module_preset=\u00bbdefault\u00bb text_font=\u00bb|700||on|||||\u00bb text_font_size=\u00bb16px\u00bb header_font=\u00bb|700|||||||\u00bb text_orientation=\u00bbcenter\u00bb custom_margin=\u00bb||10px||false|false\u00bb header_font_size_tablet=\u00bb28px\u00bb header_font_size_phone=\u00bb26px\u00bb header_font_size_last_edited=\u00bbon|phone\u00bb global_colors_info=\u00bb{}\u00bb]@ET-DC@eyJkeW5hbWljIjp0cnVlLCJjb250ZW50IjoiY3VzdG9tX21ldGFfb3JnYW5pemFjaW9uZXMiLCJzZXR0aW5ncyI6eyJiZWZvcmUiOiIiLCJhZnRlciI6IiIsImVuYWJsZV9odG1sIjoib2ZmIn19@[\/et_pb_text][et_pb_post_title author=\u00bboff\u00bb categories=\u00bboff\u00bb comments=\u00bboff\u00bb featured_image=\u00bboff\u00bb module_class=\u00bbieec-title et_pb_text_align_center\u00bb _builder_version=\u00bb4.27.4&#8243; _module_preset=\u00bbdefault\u00bb title_font=\u00bbCairo|300|||||||\u00bb title_text_align=\u00bbcenter\u00bb title_font_size=\u00bb40px\u00bb meta_font=\u00bb||on||||||\u00bb meta_text_align=\u00bbcenter\u00bb meta_font_size=\u00bb16px\u00bb title_font_size_tablet=\u00bb35px\u00bb title_font_size_phone=\u00bb30px\u00bb title_font_size_last_edited=\u00bbon|desktop\u00bb global_colors_info=\u00bb{}\u00bb][\/et_pb_post_title][\/et_pb_column][\/et_pb_row][et_pb_row column_structure=\u00bb1_2,1_2&#8243; _builder_version=\u00bb4.16&#8243; _module_preset=\u00bbdefault\u00bb global_colors_info=\u00bb{}\u00bb][et_pb_column type=\u00bb1_2&#8243; _builder_version=\u00bb4.16&#8243; _module_preset=\u00bbdefault\u00bb global_colors_info=\u00bb{}\u00bb][et_pb_post_title title=\u00bboff\u00bb meta=\u00bboff\u00bb _builder_version=\u00bb4.27.4&#8243; _module_preset=\u00bbdefault\u00bb custom_margin=\u00bb||0px||false|false\u00bb border_color_top=\u00bb#406fda\u00bb global_colors_info=\u00bb{}\u00bb][\/et_pb_post_title][et_pb_text module_class=\u00bbieec-img-footer\u00bb _builder_version=\u00bb4.27.4&#8243; _module_preset=\u00bbdefault\u00bb text_font=\u00bb||||||||\u00bb text_font_size=\u00bb15px\u00bb text_line_height=\u00bb1.1em\u00bb background_color=\u00bbrgba(64,111,218,0.15)\u00bb custom_margin=\u00bb0px||||false|false\u00bb custom_padding=\u00bb30px|20px|30px|20px|true|true\u00bb global_colors_info=\u00bb{}\u00bb]<\/p>\n<p>Fotograf\u00eda conjunta del equipo del ICCUB<strong><br \/><\/strong><strong>ICCUB<\/strong><\/p>\n<p>[\/et_pb_text][\/et_pb_column][et_pb_column type=\u00bb1_2&#8243; _builder_version=\u00bb4.16&#8243; _module_preset=\u00bbdefault\u00bb global_colors_info=\u00bb{}\u00bb][et_pb_text _builder_version=\u00bb4.27.4&#8243; _module_preset=\u00bbdefault\u00bb link_font=\u00bb|700|||on||||\u00bb hover_enabled=\u00bb0&#8243; global_colors_info=\u00bb{}\u00bb sticky_enabled=\u00bb0&#8243;]<\/p>\n<p><span style=\"font-weight: 400;\">El <\/span><a href=\"https:\/\/icc.ub.edu\/\" target=\"_blank\" rel=\"noopener\"><span style=\"font-weight: 400;\">Institut de Ci\u00e8ncies del Cosmos de la Universitat de Barcelona (ICCUB)<\/span><\/a><span style=\"font-weight: 400;\">, una de las cuatro unidades de investigaci\u00f3n que forman parte del <\/span><a href=\"http:\/\/ieec.cat\" target=\"_blank\" rel=\"noopener\"><span style=\"font-weight: 400;\">IEEC (Institut d\u2019Estudis Espacials de Catalunya)<\/span><\/a><span style=\"font-weight: 400;\">, ha sido acreditado como Unidad de Excelencia Mar\u00eda de Maeztu en la <a href=\"https:\/\/www.aei.gob.es\/sites\/default\/files\/convocatory_info\/file\/2025-04\/report_PRP_CEX2024%20Fase%202%20web%20vf.pdf\" target=\"_blank\" rel=\"noopener\">convocatoria de 2024<\/a> del Ministerio de Ciencia, Innovaci\u00f3n y Universidades de Espa\u00f1a. Es la tercera vez que el ICCUB recibe la acreditaci\u00f3n Mar\u00eda de Maeztu, despu\u00e9s de su concesi\u00f3n inicial en 2014 y de haberla renovado en 2020.<\/span><\/p>\n<p><b>Esta distinci\u00f3n destaca a las organizaciones con programas de investigaci\u00f3n altamente competitivos que se encuentran entre los mejores del mundo en sus \u00e1reas cient\u00edficas.<\/b><span style=\"font-weight: 400;\"> El proceso de evaluaci\u00f3n y selecci\u00f3n es llevado a cabo de manera independiente por un comit\u00e9 cient\u00edfico internacional formado por investigadores de gran prestigio, quienes seleccionan tanto los centros Severo Ochoa como las unidades Mar\u00eda de Maeztu bajo los mismos criterios. El ICCUB es una de las 17 organizaciones seleccionadas (9 centros Severo Ochoa y 8 unidades Mar\u00eda de Maeztu) en esta convocatoria.<\/span><\/p>\n<p>[\/et_pb_text][\/et_pb_column][\/et_pb_row][et_pb_row _builder_version=\u00bb4.16&#8243; _module_preset=\u00bbdefault\u00bb global_colors_info=\u00bb{}\u00bb][et_pb_column type=\u00bb4_4&#8243; _builder_version=\u00bb4.16&#8243; _module_preset=\u00bbdefault\u00bb global_colors_info=\u00bb{}\u00bb][et_pb_text _builder_version=\u00bb4.27.4&#8243; _module_preset=\u00bbdefault\u00bb link_font=\u00bb|700|||on||||\u00bb locked=\u00bboff\u00bb global_colors_info=\u00bb{}\u00bb]<\/p>\n<p><span style=\"font-weight: 400;\">\u00ab<\/span><span style=\"font-weight: 400;\">Es la tercera vez que el ICCUB obtiene el reconocimiento Mar\u00eda de Maeztu, lo cual no es nada f\u00e1cil<\/span><span style=\"font-weight: 400;\">\u00bb<\/span><span style=\"font-weight: 400;\">, explica Xavier Luri, director del ICCUB y miembro del IEEC. <\/span><span style=\"font-weight: 400;\">\u00ab<\/span><span style=\"font-weight: 400;\">No solo <\/span><b>es un<\/b> <b>reconocimiento a la excelente actividad que realizan nuestros investigadores, sino tambi\u00e9n a la visi\u00f3n a largo plazo y la constante b\u00fasqueda de la excelencia en el ICCUB<\/b><span style=\"font-weight: 400;\">. Este galard\u00f3n nos permitir\u00e1 ampliar nuestras contribuciones a muchos de los grandes desaf\u00edos cient\u00edficos actuales<\/span><span style=\"font-weight: 400;\">\u00bb.<\/span><\/p>\n<p><span style=\"font-weight: 400;\">La acreditaci\u00f3n proporciona financiaci\u00f3n a organizaciones de investigaci\u00f3n que demuestran un impacto cient\u00edfico internacional y liderazgo, que promueven activamente la transferencia de conocimiento y colaboran con el sector empresarial. Tambi\u00e9n se reconocen los esfuerzos en pol\u00edticas de acceso abierto a las publicaciones cient\u00edficas, divulgaci\u00f3n y difusi\u00f3n del conocimiento.<\/span><\/p>\n<p><b>El reconocimiento Mar\u00eda de Maeztu tiene una vigencia de cuatro a\u00f1os y proporciona m\u00e1s de 500.000 \u20ac anuales.<\/b><span style=\"font-weight: 400;\"> Esta financiaci\u00f3n permitir\u00e1 al ICCUB implementar su Plan Estrat\u00e9gico de Investigaci\u00f3n, atraer talento cient\u00edfico y potenciar sus iniciativas de divulgaci\u00f3n y comunicaci\u00f3n.<\/span><\/p>\n<p><span style=\"font-weight: 400;\">\u00ab<\/span><span style=\"font-weight: 400;\">Este galard\u00f3n ofrece al ICCUB los recursos necesarios para hacer realidad su ambiciosa visi\u00f3n cient\u00edfica durante los pr\u00f3ximos cuatro a\u00f1os<\/span><span style=\"font-weight: 400;\">\u00bb<\/span><span style=\"font-weight: 400;\">, afirma Licia Verde, directora cient\u00edfica del ICCUB. <\/span><span style=\"font-weight: 400;\">\u00ab<\/span><span style=\"font-weight: 400;\">Para m\u00ed, representa una muestra de confianza en la calidad y el impacto del trabajo realizado hasta ahora, y en el potencial del instituto para seguir avanzando en el conocimiento del cosmos. Estoy muy ilusionada con todo lo que nos espera, \u00a1lo mejor est\u00e1 por venir<\/span><span style=\"font-weight: 400;\">\u00bb.<\/span><\/p>\n<p><span style=\"font-weight: 400;\">Como Unidad de Excelencia, el ICCUB continuar\u00e1 formando parte de la <\/span><a href=\"https:\/\/somma.es\/\" target=\"_blank\" rel=\"noopener\"><span style=\"font-weight: 400;\">Alianza de Excelencia SOMMa<\/span><\/a><span style=\"font-weight: 400;\">, que promueve la investigaci\u00f3n de excelencia en el Estado y potencia su impacto social tanto a nivel nacional como internacional.<\/span><\/p>\n<p>[\/et_pb_text][\/et_pb_column][\/et_pb_row][et_pb_row _builder_version=\u00bb4.16&#8243; _module_preset=\u00bbdefault\u00bb global_colors_info=\u00bb{}\u00bb][et_pb_column type=\u00bb4_4&#8243; _builder_version=\u00bb4.16&#8243; _module_preset=\u00bbdefault\u00bb global_colors_info=\u00bb{}\u00bb][et_pb_text module_class=\u00bbsection-title\u00bb _builder_version=\u00bb4.27.4&#8243; _module_preset=\u00bbdefault\u00bb header_2_font=\u00bb|700|||||||\u00bb header_2_font_size=\u00bb25px\u00bb header_2_font_size_tablet=\u00bb23px\u00bb header_2_font_size_phone=\u00bb23px\u00bb header_2_font_size_last_edited=\u00bbon|phone\u00bb global_colors_info=\u00bb{}\u00bb]<\/p>\n<h2><b>El Programa Estrat\u00e9gico del ICCUB<\/b><\/h2>\n<p>[\/et_pb_text][et_pb_text _builder_version=\u00bb4.27.4&#8243; _module_preset=\u00bbdefault\u00bb link_font=\u00bb|700|||on||||\u00bb locked=\u00bboff\u00bb global_colors_info=\u00bb{}\u00bb]<\/p>\n<p><span style=\"font-weight: 400;\">El financiamiento se destinar\u00e1 a abordar diversos desaf\u00edos cient\u00edficos, tales como explorar la f\u00edsica m\u00e1s all\u00e1 de los modelos est\u00e1ndar actuales de part\u00edculas y cosmolog\u00eda, estudiar la f\u00edsica involucrada en la producci\u00f3n de fuentes de ondas gravitacionales y aprovechar los recursos cu\u00e1nticos para la ciencia y la tecnolog\u00eda.<\/span><\/p>\n<p><span style=\"font-weight: 400;\">Adem\u00e1s, el financiamiento apoyar\u00e1 diversas actividades institucionales, como impulsar estrategias de contrataci\u00f3n y adquisici\u00f3n de talento con un enfoque en el equilibrio de g\u00e9nero, proporcionar programas de formaci\u00f3n integral para investigadores predoctorales y postdoctorales, ampliar el programa de Salud Mental y Resiliencia o atraer diferentes fuentes de financiamiento diversas.<\/span><\/p>\n<p><span style=\"font-weight: 400;\">Este reconocimiento es un testimonio del esfuerzo colectivo y el compromiso inquebrantable con la excelencia de todos los investigadores del ICCUB, as\u00ed como una inspiraci\u00f3n para los futuros logros cient\u00edficos.<\/span><\/p>\n<p>[\/et_pb_text][\/et_pb_column][\/et_pb_row][\/et_pb_section]<\/p>\n","protected":false},"excerpt":{"rendered":"<p>Esta distinci\u00f3n destaca a las organizaciones con programas de investigaci\u00f3n altamente competitivos que se encuentran entre los mejores del mundo en sus \u00e1reas cient\u00edficas.<\/p>\n","protected":false},"author":12,"featured_media":34811,"comment_status":"closed","ping_status":"closed","sticky":false,"template":"","format":"standard","meta":{"_et_pb_use_builder":"on","_et_pb_old_content":"","_et_gb_content_width":"","footnotes":""},"categories":[70,113],"tags":[],"class_list":["post-34822","post","type-post","status-publish","format-standard","has-post-thumbnail","hentry","category-anuncios","category-noticia-destacada-pequena"],"yoast_head":"<!-- This site is optimized with the Yoast SEO plugin v27.4 - https:\/\/yoast.com\/product\/yoast-seo-wordpress\/ -->\n<title>El ICCUB recibe la distinci\u00f3n de excelencia Mar\u00eda de Maeztu - IEEC<\/title>\n<meta name=\"description\" content=\"Esta distinci\u00f3n destaca a las organizaciones con programas de investigaci\u00f3n altamente competitivos que se encuentran entre los mejores del mundo en sus \u00e1reas cient\u00edficas.\" \/>\n<meta name=\"robots\" content=\"index, follow, max-snippet:-1, max-image-preview:large, max-video-preview:-1\" \/>\n<link rel=\"canonical\" href=\"https:\/\/www.ieec.cat\/es\/el-iccub-recibe-la-distincion-de-excelencia-maria-de-maeztu\/\" \/>\n<meta property=\"og:locale\" content=\"es_ES\" \/>\n<meta property=\"og:type\" content=\"article\" \/>\n<meta property=\"og:title\" content=\"El ICCUB recibe la distinci\u00f3n de excelencia Mar\u00eda de Maeztu - IEEC\" \/>\n<meta property=\"og:description\" content=\"Esta distinci\u00f3n destaca a las organizaciones con programas de investigaci\u00f3n altamente competitivos que se encuentran entre los mejores del mundo en sus \u00e1reas cient\u00edficas.\" \/>\n<meta property=\"og:url\" content=\"https:\/\/www.ieec.cat\/es\/el-iccub-recibe-la-distincion-de-excelencia-maria-de-maeztu\/\" \/>\n<meta property=\"og:site_name\" content=\"IEEC\" \/>\n<meta property=\"article:published_time\" content=\"2025-04-11T10:25:34+00:00\" \/>\n<meta property=\"article:modified_time\" content=\"2025-04-11T10:27:25+00:00\" \/>\n<meta property=\"og:image\" content=\"https:\/\/www.ieec.cat\/wp-content\/uploads\/2025\/04\/image1.jpg\" \/>\n\t<meta property=\"og:image:width\" content=\"1999\" \/>\n\t<meta property=\"og:image:height\" content=\"1334\" \/>\n\t<meta property=\"og:image:type\" content=\"image\/jpeg\" \/>\n<meta name=\"author\" content=\"Quim Portet\" \/>\n<meta name=\"twitter:card\" content=\"summary_large_image\" \/>\n<meta name=\"twitter:label1\" content=\"Escrito por\" \/>\n\t<meta name=\"twitter:data1\" content=\"Quim Portet\" \/>\n\t<meta name=\"twitter:label2\" content=\"Tiempo de lectura\" \/>\n\t<meta name=\"twitter:data2\" content=\"6 minutos\" \/>\n<script type=\"application\/ld+json\" class=\"yoast-schema-graph\">{\"@context\":\"https:\\\/\\\/schema.org\",\"@graph\":[{\"@type\":\"Article\",\"@id\":\"https:\\\/\\\/www.ieec.cat\\\/es\\\/el-iccub-recibe-la-distincion-de-excelencia-maria-de-maeztu\\\/#article\",\"isPartOf\":{\"@id\":\"https:\\\/\\\/www.ieec.cat\\\/es\\\/el-iccub-recibe-la-distincion-de-excelencia-maria-de-maeztu\\\/\"},\"author\":{\"name\":\"Quim Portet\",\"@id\":\"https:\\\/\\\/www.ieec.cat\\\/es\\\/#\\\/schema\\\/person\\\/43b811417c01b54ef9dd522dad92fc50\"},\"headline\":\"El ICCUB recibe la distinci\u00f3n de excelencia Mar\u00eda de Maeztu\",\"datePublished\":\"2025-04-11T10:25:34+00:00\",\"dateModified\":\"2025-04-11T10:27:25+00:00\",\"mainEntityOfPage\":{\"@id\":\"https:\\\/\\\/www.ieec.cat\\\/es\\\/el-iccub-recibe-la-distincion-de-excelencia-maria-de-maeztu\\\/\"},\"wordCount\":1243,\"image\":{\"@id\":\"https:\\\/\\\/www.ieec.cat\\\/es\\\/el-iccub-recibe-la-distincion-de-excelencia-maria-de-maeztu\\\/#primaryimage\"},\"thumbnailUrl\":\"https:\\\/\\\/www.ieec.cat\\\/wp-content\\\/uploads\\\/2025\\\/04\\\/image1.jpg\",\"articleSection\":[\"Anuncios\",\"Noticia destacada peque\u00f1a\"],\"inLanguage\":\"es\"},{\"@type\":\"WebPage\",\"@id\":\"https:\\\/\\\/www.ieec.cat\\\/es\\\/el-iccub-recibe-la-distincion-de-excelencia-maria-de-maeztu\\\/\",\"url\":\"https:\\\/\\\/www.ieec.cat\\\/es\\\/el-iccub-recibe-la-distincion-de-excelencia-maria-de-maeztu\\\/\",\"name\":\"El ICCUB recibe la distinci\u00f3n de excelencia Mar\u00eda de Maeztu - IEEC\",\"isPartOf\":{\"@id\":\"https:\\\/\\\/www.ieec.cat\\\/es\\\/#website\"},\"primaryImageOfPage\":{\"@id\":\"https:\\\/\\\/www.ieec.cat\\\/es\\\/el-iccub-recibe-la-distincion-de-excelencia-maria-de-maeztu\\\/#primaryimage\"},\"image\":{\"@id\":\"https:\\\/\\\/www.ieec.cat\\\/es\\\/el-iccub-recibe-la-distincion-de-excelencia-maria-de-maeztu\\\/#primaryimage\"},\"thumbnailUrl\":\"https:\\\/\\\/www.ieec.cat\\\/wp-content\\\/uploads\\\/2025\\\/04\\\/image1.jpg\",\"datePublished\":\"2025-04-11T10:25:34+00:00\",\"dateModified\":\"2025-04-11T10:27:25+00:00\",\"author\":{\"@id\":\"https:\\\/\\\/www.ieec.cat\\\/es\\\/#\\\/schema\\\/person\\\/43b811417c01b54ef9dd522dad92fc50\"},\"description\":\"Esta distinci\u00f3n destaca a las organizaciones con programas de investigaci\u00f3n altamente competitivos que se encuentran entre los mejores del mundo en sus \u00e1reas cient\u00edficas.\",\"breadcrumb\":{\"@id\":\"https:\\\/\\\/www.ieec.cat\\\/es\\\/el-iccub-recibe-la-distincion-de-excelencia-maria-de-maeztu\\\/#breadcrumb\"},\"inLanguage\":\"es\",\"potentialAction\":[{\"@type\":\"ReadAction\",\"target\":[\"https:\\\/\\\/www.ieec.cat\\\/es\\\/el-iccub-recibe-la-distincion-de-excelencia-maria-de-maeztu\\\/\"]}]},{\"@type\":\"ImageObject\",\"inLanguage\":\"es\",\"@id\":\"https:\\\/\\\/www.ieec.cat\\\/es\\\/el-iccub-recibe-la-distincion-de-excelencia-maria-de-maeztu\\\/#primaryimage\",\"url\":\"https:\\\/\\\/www.ieec.cat\\\/wp-content\\\/uploads\\\/2025\\\/04\\\/image1.jpg\",\"contentUrl\":\"https:\\\/\\\/www.ieec.cat\\\/wp-content\\\/uploads\\\/2025\\\/04\\\/image1.jpg\",\"width\":1999,\"height\":1334},{\"@type\":\"BreadcrumbList\",\"@id\":\"https:\\\/\\\/www.ieec.cat\\\/es\\\/el-iccub-recibe-la-distincion-de-excelencia-maria-de-maeztu\\\/#breadcrumb\",\"itemListElement\":[{\"@type\":\"ListItem\",\"position\":1,\"name\":\"Portada\",\"item\":\"https:\\\/\\\/www.ieec.cat\\\/es\\\/\"},{\"@type\":\"ListItem\",\"position\":2,\"name\":\"El ICCUB recibe la distinci\u00f3n de excelencia Mar\u00eda de Maeztu\"}]},{\"@type\":\"WebSite\",\"@id\":\"https:\\\/\\\/www.ieec.cat\\\/es\\\/#website\",\"url\":\"https:\\\/\\\/www.ieec.cat\\\/es\\\/\",\"name\":\"IEEC\",\"description\":\"Institut d&#039;Estudis Espacials de Catalunya\",\"potentialAction\":[{\"@type\":\"SearchAction\",\"target\":{\"@type\":\"EntryPoint\",\"urlTemplate\":\"https:\\\/\\\/www.ieec.cat\\\/es\\\/?s={search_term_string}\"},\"query-input\":{\"@type\":\"PropertyValueSpecification\",\"valueRequired\":true,\"valueName\":\"search_term_string\"}}],\"inLanguage\":\"es\"},{\"@type\":\"Person\",\"@id\":\"https:\\\/\\\/www.ieec.cat\\\/es\\\/#\\\/schema\\\/person\\\/43b811417c01b54ef9dd522dad92fc50\",\"name\":\"Quim Portet\",\"image\":{\"@type\":\"ImageObject\",\"inLanguage\":\"es\",\"@id\":\"https:\\\/\\\/secure.gravatar.com\\\/avatar\\\/c0212e2b077ebd6494ed79d8de24b50b3507e9cbf9fa3e10f81de1971ff33cf5?s=96&d=mm&r=g\",\"url\":\"https:\\\/\\\/secure.gravatar.com\\\/avatar\\\/c0212e2b077ebd6494ed79d8de24b50b3507e9cbf9fa3e10f81de1971ff33cf5?s=96&d=mm&r=g\",\"contentUrl\":\"https:\\\/\\\/secure.gravatar.com\\\/avatar\\\/c0212e2b077ebd6494ed79d8de24b50b3507e9cbf9fa3e10f81de1971ff33cf5?s=96&d=mm&r=g\",\"caption\":\"Quim Portet\"}}]}<\/script>\n<!-- \/ Yoast SEO plugin. -->","yoast_head_json":{"title":"El ICCUB recibe la distinci\u00f3n de excelencia Mar\u00eda de Maeztu - IEEC","description":"Esta distinci\u00f3n destaca a las organizaciones con programas de investigaci\u00f3n altamente competitivos que se encuentran entre los mejores del mundo en sus \u00e1reas cient\u00edficas.","robots":{"index":"index","follow":"follow","max-snippet":"max-snippet:-1","max-image-preview":"max-image-preview:large","max-video-preview":"max-video-preview:-1"},"canonical":"https:\/\/www.ieec.cat\/es\/el-iccub-recibe-la-distincion-de-excelencia-maria-de-maeztu\/","og_locale":"es_ES","og_type":"article","og_title":"El ICCUB recibe la distinci\u00f3n de excelencia Mar\u00eda de Maeztu - IEEC","og_description":"Esta distinci\u00f3n destaca a las organizaciones con programas de investigaci\u00f3n altamente competitivos que se encuentran entre los mejores del mundo en sus \u00e1reas cient\u00edficas.","og_url":"https:\/\/www.ieec.cat\/es\/el-iccub-recibe-la-distincion-de-excelencia-maria-de-maeztu\/","og_site_name":"IEEC","article_published_time":"2025-04-11T10:25:34+00:00","article_modified_time":"2025-04-11T10:27:25+00:00","og_image":[{"width":1999,"height":1334,"url":"https:\/\/www.ieec.cat\/wp-content\/uploads\/2025\/04\/image1.jpg","type":"image\/jpeg"}],"author":"Quim Portet","twitter_card":"summary_large_image","twitter_misc":{"Escrito por":"Quim Portet","Tiempo de lectura":"6 minutos"},"schema":{"@context":"https:\/\/schema.org","@graph":[{"@type":"Article","@id":"https:\/\/www.ieec.cat\/es\/el-iccub-recibe-la-distincion-de-excelencia-maria-de-maeztu\/#article","isPartOf":{"@id":"https:\/\/www.ieec.cat\/es\/el-iccub-recibe-la-distincion-de-excelencia-maria-de-maeztu\/"},"author":{"name":"Quim Portet","@id":"https:\/\/www.ieec.cat\/es\/#\/schema\/person\/43b811417c01b54ef9dd522dad92fc50"},"headline":"El ICCUB recibe la distinci\u00f3n de excelencia Mar\u00eda de Maeztu","datePublished":"2025-04-11T10:25:34+00:00","dateModified":"2025-04-11T10:27:25+00:00","mainEntityOfPage":{"@id":"https:\/\/www.ieec.cat\/es\/el-iccub-recibe-la-distincion-de-excelencia-maria-de-maeztu\/"},"wordCount":1243,"image":{"@id":"https:\/\/www.ieec.cat\/es\/el-iccub-recibe-la-distincion-de-excelencia-maria-de-maeztu\/#primaryimage"},"thumbnailUrl":"https:\/\/www.ieec.cat\/wp-content\/uploads\/2025\/04\/image1.jpg","articleSection":["Anuncios","Noticia destacada peque\u00f1a"],"inLanguage":"es"},{"@type":"WebPage","@id":"https:\/\/www.ieec.cat\/es\/el-iccub-recibe-la-distincion-de-excelencia-maria-de-maeztu\/","url":"https:\/\/www.ieec.cat\/es\/el-iccub-recibe-la-distincion-de-excelencia-maria-de-maeztu\/","name":"El ICCUB recibe la distinci\u00f3n de excelencia Mar\u00eda de Maeztu - IEEC","isPartOf":{"@id":"https:\/\/www.ieec.cat\/es\/#website"},"primaryImageOfPage":{"@id":"https:\/\/www.ieec.cat\/es\/el-iccub-recibe-la-distincion-de-excelencia-maria-de-maeztu\/#primaryimage"},"image":{"@id":"https:\/\/www.ieec.cat\/es\/el-iccub-recibe-la-distincion-de-excelencia-maria-de-maeztu\/#primaryimage"},"thumbnailUrl":"https:\/\/www.ieec.cat\/wp-content\/uploads\/2025\/04\/image1.jpg","datePublished":"2025-04-11T10:25:34+00:00","dateModified":"2025-04-11T10:27:25+00:00","author":{"@id":"https:\/\/www.ieec.cat\/es\/#\/schema\/person\/43b811417c01b54ef9dd522dad92fc50"},"description":"Esta distinci\u00f3n destaca a las organizaciones con programas de investigaci\u00f3n altamente competitivos que se encuentran entre los mejores del mundo en sus \u00e1reas cient\u00edficas.","breadcrumb":{"@id":"https:\/\/www.ieec.cat\/es\/el-iccub-recibe-la-distincion-de-excelencia-maria-de-maeztu\/#breadcrumb"},"inLanguage":"es","potentialAction":[{"@type":"ReadAction","target":["https:\/\/www.ieec.cat\/es\/el-iccub-recibe-la-distincion-de-excelencia-maria-de-maeztu\/"]}]},{"@type":"ImageObject","inLanguage":"es","@id":"https:\/\/www.ieec.cat\/es\/el-iccub-recibe-la-distincion-de-excelencia-maria-de-maeztu\/#primaryimage","url":"https:\/\/www.ieec.cat\/wp-content\/uploads\/2025\/04\/image1.jpg","contentUrl":"https:\/\/www.ieec.cat\/wp-content\/uploads\/2025\/04\/image1.jpg","width":1999,"height":1334},{"@type":"BreadcrumbList","@id":"https:\/\/www.ieec.cat\/es\/el-iccub-recibe-la-distincion-de-excelencia-maria-de-maeztu\/#breadcrumb","itemListElement":[{"@type":"ListItem","position":1,"name":"Portada","item":"https:\/\/www.ieec.cat\/es\/"},{"@type":"ListItem","position":2,"name":"El ICCUB recibe la distinci\u00f3n de excelencia Mar\u00eda de Maeztu"}]},{"@type":"WebSite","@id":"https:\/\/www.ieec.cat\/es\/#website","url":"https:\/\/www.ieec.cat\/es\/","name":"IEEC","description":"Institut d&#039;Estudis Espacials de Catalunya","potentialAction":[{"@type":"SearchAction","target":{"@type":"EntryPoint","urlTemplate":"https:\/\/www.ieec.cat\/es\/?s={search_term_string}"},"query-input":{"@type":"PropertyValueSpecification","valueRequired":true,"valueName":"search_term_string"}}],"inLanguage":"es"},{"@type":"Person","@id":"https:\/\/www.ieec.cat\/es\/#\/schema\/person\/43b811417c01b54ef9dd522dad92fc50","name":"Quim Portet","image":{"@type":"ImageObject","inLanguage":"es","@id":"https:\/\/secure.gravatar.com\/avatar\/c0212e2b077ebd6494ed79d8de24b50b3507e9cbf9fa3e10f81de1971ff33cf5?s=96&d=mm&r=g","url":"https:\/\/secure.gravatar.com\/avatar\/c0212e2b077ebd6494ed79d8de24b50b3507e9cbf9fa3e10f81de1971ff33cf5?s=96&d=mm&r=g","contentUrl":"https:\/\/secure.gravatar.com\/avatar\/c0212e2b077ebd6494ed79d8de24b50b3507e9cbf9fa3e10f81de1971ff33cf5?s=96&d=mm&r=g","caption":"Quim Portet"}}]}},"_links":{"self":[{"href":"https:\/\/www.ieec.cat\/es\/wp-json\/wp\/v2\/posts\/34822","targetHints":{"allow":["GET"]}}],"collection":[{"href":"https:\/\/www.ieec.cat\/es\/wp-json\/wp\/v2\/posts"}],"about":[{"href":"https:\/\/www.ieec.cat\/es\/wp-json\/wp\/v2\/types\/post"}],"author":[{"embeddable":true,"href":"https:\/\/www.ieec.cat\/es\/wp-json\/wp\/v2\/users\/12"}],"replies":[{"embeddable":true,"href":"https:\/\/www.ieec.cat\/es\/wp-json\/wp\/v2\/comments?post=34822"}],"version-history":[{"count":14,"href":"https:\/\/www.ieec.cat\/es\/wp-json\/wp\/v2\/posts\/34822\/revisions"}],"predecessor-version":[{"id":34862,"href":"https:\/\/www.ieec.cat\/es\/wp-json\/wp\/v2\/posts\/34822\/revisions\/34862"}],"wp:featuredmedia":[{"embeddable":true,"href":"https:\/\/www.ieec.cat\/es\/wp-json\/wp\/v2\/media\/34811"}],"wp:attachment":[{"href":"https:\/\/www.ieec.cat\/es\/wp-json\/wp\/v2\/media?parent=34822"}],"wp:term":[{"taxonomy":"category","embeddable":true,"href":"https:\/\/www.ieec.cat\/es\/wp-json\/wp\/v2\/categories?post=34822"},{"taxonomy":"post_tag","embeddable":true,"href":"https:\/\/www.ieec.cat\/es\/wp-json\/wp\/v2\/tags?post=34822"}],"curies":[{"name":"wp","href":"https:\/\/api.w.org\/{rel}","templated":true}]}}