{"id":34944,"date":"2025-04-30T10:14:02","date_gmt":"2025-04-30T08:14:02","guid":{"rendered":"https:\/\/www.ieec.cat\/?p=34944"},"modified":"2025-05-20T11:22:21","modified_gmt":"2025-05-20T09:22:21","slug":"convocatoria-para-participar-en-el-pabellon-newspace-catalonia-en-la-space-tech-expo-europe-2025-bremen","status":"publish","type":"post","link":"https:\/\/www.ieec.cat\/es\/convocatoria-para-participar-en-el-pabellon-newspace-catalonia-en-la-space-tech-expo-europe-2025-bremen\/","title":{"rendered":"Convocatoria para participar en el pabell\u00f3n NewSpace Catalonia en la Space Tech Expo Europe 2025 (Bremen)"},"content":{"rendered":"<p>[et_pb_section fb_built=\u00bb1&#8243; _builder_version=\u00bb4.16&#8243; _module_preset=\u00bbdefault\u00bb background_image=\u00bbhttps:\/\/www.ieec.cat\/wp-content\/uploads\/2022\/02\/slider-comunicacio.jpg\u00bb max_height=\u00bb130px\u00bb custom_padding=\u00bb0px||0px||false|false\u00bb da_disable_devices=\u00bboff|off|off\u00bb global_colors_info=\u00bb{}\u00bb da_is_popup=\u00bboff\u00bb da_exit_intent=\u00bboff\u00bb da_has_close=\u00bbon\u00bb da_alt_close=\u00bboff\u00bb da_dark_close=\u00bboff\u00bb da_not_modal=\u00bbon\u00bb da_is_singular=\u00bboff\u00bb da_with_loader=\u00bboff\u00bb da_has_shadow=\u00bbon\u00bb][\/et_pb_section][et_pb_section fb_built=\u00bb1&#8243; _builder_version=\u00bb4.16&#8243; _module_preset=\u00bbdefault\u00bb custom_padding=\u00bb24px||11px|||\u00bb da_disable_devices=\u00bboff|off|off\u00bb global_colors_info=\u00bb{}\u00bb da_is_popup=\u00bboff\u00bb da_exit_intent=\u00bboff\u00bb da_has_close=\u00bbon\u00bb da_alt_close=\u00bboff\u00bb da_dark_close=\u00bboff\u00bb da_not_modal=\u00bbon\u00bb da_is_singular=\u00bboff\u00bb da_with_loader=\u00bboff\u00bb da_has_shadow=\u00bbon\u00bb][et_pb_row _builder_version=\u00bb4.16&#8243; _module_preset=\u00bbdefault\u00bb custom_padding=\u00bb||||false|false\u00bb global_colors_info=\u00bb{}\u00bb][et_pb_column type=\u00bb4_4&#8243; _builder_version=\u00bb4.16&#8243; _module_preset=\u00bbdefault\u00bb global_colors_info=\u00bb{}\u00bb][et_pb_text module_class=\u00bbieec-orgs\u00bb _builder_version=\u00bb4.27.4&#8243; _dynamic_attributes=\u00bbcontent\u00bb _module_preset=\u00bbdefault\u00bb text_font=\u00bb|700||on|||||\u00bb text_font_size=\u00bb16px\u00bb header_font=\u00bb|700|||||||\u00bb text_orientation=\u00bbcenter\u00bb custom_margin=\u00bb||10px||false|false\u00bb header_font_size_tablet=\u00bb28px\u00bb header_font_size_phone=\u00bb26px\u00bb header_font_size_last_edited=\u00bbon|phone\u00bb global_colors_info=\u00bb{}\u00bb]@ET-DC@eyJkeW5hbWljIjp0cnVlLCJjb250ZW50IjoiY3VzdG9tX21ldGFfb3JnYW5pemFjaW9uZXMiLCJzZXR0aW5ncyI6eyJiZWZvcmUiOiIiLCJhZnRlciI6IiIsImVuYWJsZV9odG1sIjoib2ZmIn19@[\/et_pb_text][et_pb_post_title author=\u00bboff\u00bb categories=\u00bboff\u00bb comments=\u00bboff\u00bb featured_image=\u00bboff\u00bb module_class=\u00bbieec-title et_pb_text_align_center\u00bb _builder_version=\u00bb4.27.4&#8243; _module_preset=\u00bbdefault\u00bb title_font=\u00bbCairo|300|||||||\u00bb title_text_align=\u00bbcenter\u00bb title_font_size=\u00bb40px\u00bb meta_font=\u00bb||on||||||\u00bb meta_text_align=\u00bbcenter\u00bb meta_font_size=\u00bb16px\u00bb title_font_size_tablet=\u00bb35px\u00bb title_font_size_phone=\u00bb30px\u00bb title_font_size_last_edited=\u00bbon|desktop\u00bb global_colors_info=\u00bb{}\u00bb][\/et_pb_post_title][\/et_pb_column][\/et_pb_row][et_pb_row column_structure=\u00bb1_2,1_2&#8243; _builder_version=\u00bb4.16&#8243; _module_preset=\u00bbdefault\u00bb global_colors_info=\u00bb{}\u00bb][et_pb_column type=\u00bb1_2&#8243; _builder_version=\u00bb4.16&#8243; _module_preset=\u00bbdefault\u00bb global_colors_info=\u00bb{}\u00bb][et_pb_post_title title=\u00bboff\u00bb meta=\u00bboff\u00bb _builder_version=\u00bb4.16&#8243; _module_preset=\u00bbdefault\u00bb custom_margin=\u00bb||0px||false|false\u00bb border_color_top=\u00bb#406fda\u00bb global_colors_info=\u00bb{}\u00bb][\/et_pb_post_title][\/et_pb_column][et_pb_column type=\u00bb1_2&#8243; _builder_version=\u00bb4.16&#8243; _module_preset=\u00bbdefault\u00bb global_colors_info=\u00bb{}\u00bb][et_pb_text _builder_version=\u00bb4.27.4&#8243; _module_preset=\u00bbdefault\u00bb link_font=\u00bb|700|||on||||\u00bb global_colors_info=\u00bb{}\u00bb]<\/p>\n<p><strong>\u00bfSois una empresa innovadora o un centro de investigaci\u00f3n e innovaci\u00f3n en el \u00e1mbito espacial?<\/strong><\/p>\n<p><strong>Si la respuesta es afirmativa, vuestra empresa o centro puede ser seleccionado para exponer en el pabell\u00f3n NewSpace Catalonia que la Generalitat de Catalunya, con el apoyo del <a href=\"ieec.cat\" target=\"_blank\" rel=\"noopener\">Institut d\u2019Estudis Espacials de Catalunya<\/a> (IEEC), presentar\u00e1 en la <a href=\"https:\/\/www.spacetechexpo-europe.com\/\" target=\"_blank\" rel=\"noopener\">Space Tech Expo Europe<\/a>, que se celebrar\u00e1 en Bremen del 18 al 20 de noviembre de 2025. Un evento que re\u00fane todo tipo de organizaciones a nivel internacional y que es uno de los grandes referentes del sector espacial.<\/strong><\/p>\n<p>[\/et_pb_text][\/et_pb_column][\/et_pb_row][et_pb_row _builder_version=\u00bb4.16&#8243; _module_preset=\u00bbdefault\u00bb global_colors_info=\u00bb{}\u00bb][et_pb_column type=\u00bb4_4&#8243; _builder_version=\u00bb4.16&#8243; _module_preset=\u00bbdefault\u00bb global_colors_info=\u00bb{}\u00bb][et_pb_text _builder_version=\u00bb4.27.4&#8243; _module_preset=\u00bbdefault\u00bb link_font=\u00bb|700|||on||||\u00bb locked=\u00bboff\u00bb global_colors_info=\u00bb{}\u00bb]<\/p>\n<p><span style=\"font-weight: 400;\">La Space Tech Expo Europe 2025 ser\u00e1 la octava edici\u00f3n de la feria m\u00e1s importante y grande de Europa para la tecnolog\u00eda y servicios espaciales. La exposici\u00f3n presenta las \u00faltimas tecnolog\u00edas espaciales y ofrece la oportunidad de establecer contactos, interactuar y debatir sobre temas de actualidad del sector espacial. La feria, un evento B2B clave, atrae anualmente a miles de l\u00edderes de la industria, incluidos fabricantes, proveedores de servicios, organizaciones de investigaci\u00f3n y agencias gubernamentales. Para las empresas del sector espacial, esta exposici\u00f3n es una oportunidad \u00fanica para conectarse con otros profesionales de la industria, descubrir las \u00faltimas innovaciones y tendencias, y establecer nuevas colaboraciones. Adem\u00e1s, permite a las empresas mostrar sus propios productos y servicios a un p\u00fablico amplio y especializado.<\/span><\/p>\n<p><span style=\"font-weight: 400;\">Este a\u00f1o, la Generalitat de Catalunya, con el apoyo del Institut d\u2019Estudis Espacials de Catalunya (IEEC), dispondr\u00e1 de un pabell\u00f3n en el evento, con una ubicaci\u00f3n relevante para facilitar los contactos con otros actores destacados del sector espacial mundial. Las empresas podr\u00e1n hacer uso del pabell\u00f3n para mantener reuniones y\/o realizar todas aquellas actividades que consideren pertinentes y acordadas. Ser\u00e1n espacios en los que los visitantes, las empresas y las entidades presentes en el congreso podr\u00e1n dar a conocer sus actividades, establecer contactos y promover colaboraciones con un alcance global.<\/span><\/p>\n<p>[\/et_pb_text][\/et_pb_column][\/et_pb_row][et_pb_row column_structure=\u00bb1_2,1_2&#8243; _builder_version=\u00bb4.16&#8243; _module_preset=\u00bbdefault\u00bb global_colors_info=\u00bb{}\u00bb][et_pb_column type=\u00bb1_2&#8243; _builder_version=\u00bb4.16&#8243; _module_preset=\u00bbdefault\u00bb global_colors_info=\u00bb{}\u00bb][et_pb_text _builder_version=\u00bb4.27.4&#8243; _module_preset=\u00bbdefault\u00bb link_font=\u00bb|700|||on||||\u00bb locked=\u00bboff\u00bb global_colors_info=\u00bb{}\u00bb]<\/p>\n<p><span style=\"font-weight: 400;\">El pabell\u00f3n NewSpace Catalonia es una iniciativa dentro de la <a href=\"https:\/\/politiquesdigitals.gencat.cat\/ca\/economia\/estrategia-new-space-catalunya\/index.html\" target=\"_blank\" rel=\"noopener\">Estrategia NewSpace de Catalunya<\/a>, impulsada por el Govern a trav\u00e9s de la Secretar\u00eda de Pol\u00edtiques Digitals del Departament d\u2019Empresa i Treball, en colaboraci\u00f3n con el IEEC, la Fundaci\u00f3n i2CAT y el Institut Cartogr\u00e0fic i Geol\u00f2gic de Catalunya (ICGC). Esta colaboraci\u00f3n busca proyectar al mundo las capacidades industriales, de innovaci\u00f3n y de generaci\u00f3n de talento presentes en el ecosistema catal\u00e1n. El pabell\u00f3n mostrar\u00e1 el potencial de interacci\u00f3n del sector espacial y del sector digital, ambos estrat\u00e9gicos para el auge de la nueva econom\u00eda del espacio, as\u00ed como las diferentes instituciones presentes y las fortalezas de la Estrategia NewSpace de Catalu\u00f1a y de los sectores implicados en este ecosistema.<\/span><\/p>\n<p><span style=\"font-weight: 400;\">Las empresas y entidades que se alojen en el pabell\u00f3n, adem\u00e1s de m\u00e1xima visibilidad, disfrutar\u00e1n de las diferentes actividades de difusi\u00f3n e internacionalizaci\u00f3n que se lleven a cabo durante la Space Tech Expo 2025, as\u00ed como de acompa\u00f1amiento y apoyo por parte de los impulsores de la estrategia.<\/span><\/p>\n<p><span style=\"font-weight: 400;\">La fecha l\u00edmite de presentaci\u00f3n de solicitudes es el <\/span><b>23 de mayo de 2025 (23:59 horas).<\/b><\/p>\n<p>[\/et_pb_text][\/et_pb_column][et_pb_column type=\u00bb1_2&#8243; _builder_version=\u00bb4.16&#8243; _module_preset=\u00bbdefault\u00bb global_colors_info=\u00bb{}\u00bb][et_pb_image src=\u00bbhttps:\/\/www.ieec.cat\/wp-content\/uploads\/2025\/04\/P1000124-cc.jpg\u00bb _builder_version=\u00bb4.27.4&#8243; _module_preset=\u00bbdefault\u00bb custom_margin=\u00bb||-1px|||\u00bb global_colors_info=\u00bb{}\u00bb][\/et_pb_image][et_pb_text module_class=\u00bbieec-img-footer\u00bb _builder_version=\u00bb4.27.4&#8243; _module_preset=\u00bbdefault\u00bb text_font=\u00bb||||||||\u00bb text_font_size=\u00bb15px\u00bb text_line_height=\u00bb1.1em\u00bb background_color=\u00bbrgba(64,111,218,0.15)\u00bb custom_margin=\u00bb0px||||false|false\u00bb custom_padding=\u00bb30px|20px|30px|20px|true|true\u00bb global_colors_info=\u00bb{}\u00bb]<\/p>\n<p>Pabell\u00f3n NewSpace Catalunya en la Space Tech Expo Europe 2023. <strong>IEEC<\/strong><\/p>\n<p>[\/et_pb_text][\/et_pb_column][\/et_pb_row][et_pb_row _builder_version=\u00bb4.16&#8243; _module_preset=\u00bbdefault\u00bb global_colors_info=\u00bb{}\u00bb][et_pb_column type=\u00bb4_4&#8243; _builder_version=\u00bb4.16&#8243; _module_preset=\u00bbdefault\u00bb global_colors_info=\u00bb{}\u00bb][et_pb_text module_class=\u00bbsection-title\u00bb _builder_version=\u00bb4.27.4&#8243; _module_preset=\u00bbdefault\u00bb header_2_font=\u00bb|700|||||||\u00bb header_2_font_size=\u00bb25px\u00bb header_2_font_size_tablet=\u00bb23px\u00bb header_2_font_size_phone=\u00bb23px\u00bb header_2_font_size_last_edited=\u00bbon|phone\u00bb global_colors_info=\u00bb{}\u00bb]<\/p>\n<h2><b>Modalidades de participaci\u00f3n<\/b><\/h2>\n<p>[\/et_pb_text][et_pb_text _builder_version=\u00bb4.27.4&#8243; _module_preset=\u00bbdefault\u00bb link_font=\u00bb|700|||on||||\u00bb locked=\u00bboff\u00bb global_colors_info=\u00bb{}\u00bb]<\/p>\n<h3><i><span style=\"font-weight: 400;\">Modalidad 1: Espacio propio dentro del pabell\u00f3n \u2018NewSpace Catalonia\u2019 (co-exhibitor). Se acoger\u00e1n entre 4 y 6 empresas en esta modalidad, que dispondr\u00e1n de un espacio dedicado.<\/span><\/i><\/h3>\n<ul>\n<li style=\"font-weight: 400;\" aria-level=\"1\"><span style=\"font-weight: 400;\">\u00c1rea reservada con espacio espec\u00edfico de entre 5 y 9 m\u00b2.<\/span><\/li>\n<li style=\"font-weight: 400;\" aria-level=\"1\"><span style=\"font-weight: 400;\">Acceso a la zona de reuniones del pabell\u00f3n.<\/span><\/li>\n<li style=\"font-weight: 400;\" aria-level=\"1\"><span style=\"font-weight: 400;\">Inclusi\u00f3n en el cat\u00e1logo NewSpace Catalonia de la Space Tech Expo Europe 2025.<\/span><\/li>\n<li style=\"font-weight: 400;\" aria-level=\"1\"><span style=\"font-weight: 400;\">Participaci\u00f3n en los diferentes actos organizados por los miembros impulsores de la Estrategia NewSpace de Catalu\u00f1a en el marco de la Space Tech Expo Europe 2025.<\/span><\/li>\n<li style=\"font-weight: 400;\" aria-level=\"1\"><span style=\"font-weight: 400;\">Promoci\u00f3n a trav\u00e9s de distintos canales de comunicaci\u00f3n (web, prensa, etc.).<\/span><\/li>\n<\/ul>\n<p><b>El coste de la modalidad co-exhibitor es de 500 \u20ac. La empresa deber\u00e1 asumir todos los costes asociados al desplazamiento, transporte e instalaci\u00f3n de contenido espec\u00edfico en su espacio.<\/b><\/p>\n<p><i><span style=\"font-weight: 400;\"><\/span><\/i><\/p>\n<h3><i><span style=\"font-weight: 400;\">Modalidad 2: Showcasing de empresa dentro del pabell\u00f3n \u2018NewSpace Catalonia\u2019<\/span><\/i><\/h3>\n<ul>\n<li style=\"font-weight: 400;\" aria-level=\"1\"><span style=\"font-weight: 400;\">Acceso a la zona de reuniones del pabell\u00f3n.<\/span><\/li>\n<li style=\"font-weight: 400;\" aria-level=\"1\"><span style=\"font-weight: 400;\">Inclusi\u00f3n en el cat\u00e1logo NewSpace Catalonia de la Space Tech Expo Europe 2025.<\/span><\/li>\n<li style=\"font-weight: 400;\" aria-level=\"1\"><span style=\"font-weight: 400;\">Participaci\u00f3n en los diferentes actos organizados por los miembros impulsores de la Estrategia NewSpace de Catalunya en el marco de la Space Tech Expo Europe 2025.<\/span><\/li>\n<li style=\"font-weight: 400;\" aria-level=\"1\"><span style=\"font-weight: 400;\">Promoci\u00f3n a trav\u00e9s de distintos canales de comunicaci\u00f3n (web, prensa, etc.).<\/span><\/li>\n<\/ul>\n<p><strong>El coste de la modalidad showcasing es de 200 \u20ac. La empresa deber\u00e1 asumir todos los costes asociados al desplazamiento y transporte.<\/strong><\/p>\n<p><i><span style=\"font-weight: 400;\"><b><\/b><\/span><\/i><\/p>\n<h3><i><span style=\"font-weight: 400;\">Modalidad 3: Empresa del ecosistema catal\u00e1n con stand propio fuera del pabell\u00f3n \u2018NewSpace Catalonia\u2019<\/span><\/i><\/h3>\n<ul>\n<li style=\"font-weight: 400;\" aria-level=\"1\"><span style=\"font-weight: 400;\">Inclusi\u00f3n en el cat\u00e1logo NewSpace Catalonia de la Space Tech Expo Europe 2025.<\/span><\/li>\n<li style=\"font-weight: 400;\" aria-level=\"1\"><span style=\"font-weight: 400;\">Participaci\u00f3n en los diferentes actos organizados por parte de la Estrategia NewSpace de Catalunya en el marco de la Space Tech Expo Europe 2025.<\/span><\/li>\n<li style=\"font-weight: 400;\" aria-level=\"1\"><span style=\"font-weight: 400;\">Promoci\u00f3n a trav\u00e9s de distintos canales de comunicaci\u00f3n (web, prensa, etc.).<\/span><\/li>\n<\/ul>\n<p><b>Participar en esta modalidad es gratuito. Animamos a todas las empresas del ecosistema catal\u00e1n con stand propio fuera del pabell\u00f3n NewSpace Catalonia a participar en esta convocatoria. La empresa deber\u00e1 asumir todos los costes asociados al desplazamiento y transporte.<\/b><\/p>\n<p><b>Requisitos obligatorios<\/b><\/p>\n<p><span style=\"font-weight: 400;\">Para participar en el proceso de selecci\u00f3n es necesario:<\/span><\/p>\n<ul>\n<li style=\"font-weight: 400;\" aria-level=\"1\"><span style=\"font-weight: 400;\">Enviar un correo electr\u00f3nico con vuestros datos de contacto a <\/span><a href=\"mailto:info-apec@ieec.cat\"><span style=\"font-weight: 400;\">info-apec@ieec.cat<\/span><\/a><span style=\"font-weight: 400;\"> antes de la fecha l\u00edmite, indicando en el asunto \u201cSpace Tech Expo 2025\u201d.<\/span><\/li>\n<li style=\"font-weight: 400;\" aria-level=\"1\"><span style=\"font-weight: 400;\">Documentaci\u00f3n que se debe adjuntar en el correo electr\u00f3nico:<\/span><\/li>\n<ul>\n<li style=\"font-weight: 400;\" aria-level=\"2\"><span style=\"font-weight: 400;\">Selecci\u00f3n del tipo de modalidad de participaci\u00f3n deseada (1, 2 o 3).<\/span><\/li>\n<li style=\"font-weight: 400;\" aria-level=\"2\"><span style=\"font-weight: 400;\">Breve descripci\u00f3n en ingl\u00e9s y en catal\u00e1n (m\u00e1ximo 100 palabras). Esta ser\u00e1 la descripci\u00f3n utilizada para los cat\u00e1logos del evento, as\u00ed como en las acciones de difusi\u00f3n y comunicaci\u00f3n que consideren oportunas las entidades impulsoras de la Estrategia NewSpace de Catalunya. Su consentimiento se considera impl\u00edcito. Es importante que el texto sea claro y descriptivo.<\/span><\/li>\n<li style=\"font-weight: 400;\" aria-level=\"2\"><span style=\"font-weight: 400;\">Adjuntar un archivo en formato PowerPoint con una presentaci\u00f3n corporativa de la empresa en ingl\u00e9s. M\u00e1ximo 15 diapositivas.<\/span><\/li>\n<li style=\"font-weight: 400;\" aria-level=\"2\"><span style=\"font-weight: 400;\">Adjuntar un archivo con el logotipo que se desee que aparezca en el cat\u00e1logo (en formato de alta resoluci\u00f3n: Freehand, Illustrator, etc.). Este ser\u00e1 el logotipo utilizado en la se\u00f1alizaci\u00f3n de vuestra empresa en el pabell\u00f3n de la Generalitat de Catalunya.<\/span><\/li>\n<li style=\"font-weight: 400;\" aria-level=\"2\"><span style=\"font-weight: 400;\">El PowerPoint y el logotipo deben enviarse a trav\u00e9s de alguna plataforma de transferencia de archivos, por ejemplo: Dropbox, WeTransfer, etc.<\/span><\/li>\n<\/ul>\n<\/ul>\n<p><b>Criterios de selecci\u00f3n<\/b><\/p>\n<ul>\n<li style=\"font-weight: 400;\" aria-level=\"1\"><span style=\"font-weight: 400;\">Ser una empresa o centro de investigaci\u00f3n e innovaci\u00f3n catal\u00e1n que trabaje en el segmento de negocio del \u00e1mbito espacial.<\/span><\/li>\n<\/ul>\n<p><span style=\"font-weight: 400;\">El comit\u00e9 de selecci\u00f3n tendr\u00e1 en cuenta:<\/span><\/p>\n<ul>\n<li style=\"font-weight: 400;\" aria-level=\"1\"><span style=\"font-weight: 400;\">El nivel de innovaci\u00f3n y originalidad de los productos, servicios o aplicaciones de vuestra empresa o centro.<\/span><\/li>\n<li style=\"font-weight: 400;\" aria-level=\"1\"><span style=\"font-weight: 400;\">Las posibilidades de internacionalizaci\u00f3n.<\/span><\/li>\n<li style=\"font-weight: 400;\" aria-level=\"1\"><span style=\"font-weight: 400;\">El grado de madurez o de implementaci\u00f3n en el mercado de vuestros productos, servicios o aplicaciones.<\/span><\/li>\n<\/ul>\n<p><span style=\"font-weight: 400;\">Para m\u00e1s informaci\u00f3n, pod\u00e9is contactar con <\/span><a href=\"mailto:info-apec@ieec.cat\"><span style=\"font-weight: 400;\">info-apec@ieec.cat<\/span><\/a><span style=\"font-weight: 400;\">.<\/span><\/p>\n<p><b>Fechas establecidas<\/b><\/p>\n<ul>\n<li style=\"font-weight: 400;\" aria-level=\"1\"><strong>[AMPLIACI\u00d3N DE PLAZO]<\/strong> La nueva fecha l\u00edmite para la presentaci\u00f3n de solicitudes es el <strong>23 de mayo de 2025 (23:59 horas).<\/strong><\/li>\n<\/ul>\n<p>Las empresas seleccionadas ser\u00e1n notificadas antes del <strong>2 de junio de 2025.<\/strong><\/p>\n<p>[\/et_pb_text][\/et_pb_column][\/et_pb_row][\/et_pb_section]<\/p>\n","protected":false},"excerpt":{"rendered":"<p>\u00bfEres una empresa innovadora o un centro de investigaci\u00f3n del \u00e1mbito espacial? Hasta el 16 de mayo puedes presentarte a la convocatoria para exponer en el estand \u2018NewSpace Catalonia\u2019, impulsado por el Govern de la Generalitat con el apoyo del IEEC, en la Space Tech Expo Europe 2025.<\/p>\n","protected":false},"author":12,"featured_media":34921,"comment_status":"closed","ping_status":"closed","sticky":false,"template":"","format":"standard","meta":{"_et_pb_use_builder":"on","_et_pb_old_content":"","_et_gb_content_width":"","footnotes":""},"categories":[70,158,158,113,134],"tags":[],"class_list":{"0":"post-34944","1":"post","2":"type-post","3":"status-publish","4":"format-standard","5":"has-post-thumbnail","6":"hentry","7":"category-anuncios","8":"category-convocatorias","10":"category-noticia-destacada-pequena","11":"category-newspace-es-2"},"yoast_head":"<!-- This site is optimized with the Yoast SEO plugin v27.4 - https:\/\/yoast.com\/product\/yoast-seo-wordpress\/ -->\n<title>Convocatoria para participar en el pabell\u00f3n NewSpace Catalonia en la Space Tech Expo Europe 2025 (Bremen) - IEEC<\/title>\n<meta name=\"description\" content=\"\u00bfEres una empresa innovadora o un centro de investigaci\u00f3n del \u00e1mbito espacial? Hasta el 16 de mayo puedes presentarte a la convocatoria para exponer en el estand \u2018NewSpace Catalonia\u2019, impulsado por el Govern de la Generalitat con el apoyo del IEEC, en la Space Tech Expo Europe 2025.\" \/>\n<meta name=\"robots\" content=\"index, follow, max-snippet:-1, max-image-preview:large, max-video-preview:-1\" \/>\n<link rel=\"canonical\" href=\"https:\/\/www.ieec.cat\/es\/convocatoria-para-participar-en-el-pabellon-newspace-catalonia-en-la-space-tech-expo-europe-2025-bremen\/\" \/>\n<meta property=\"og:locale\" content=\"es_ES\" \/>\n<meta property=\"og:type\" content=\"article\" \/>\n<meta property=\"og:title\" content=\"Convocatoria para participar en el pabell\u00f3n NewSpace Catalonia en la Space Tech Expo Europe 2025 (Bremen) - IEEC\" \/>\n<meta property=\"og:description\" content=\"\u00bfEres una empresa innovadora o un centro de investigaci\u00f3n del \u00e1mbito espacial? Hasta el 16 de mayo puedes presentarte a la convocatoria para exponer en el estand \u2018NewSpace Catalonia\u2019, impulsado por el Govern de la Generalitat con el apoyo del IEEC, en la Space Tech Expo Europe 2025.\" \/>\n<meta property=\"og:url\" content=\"https:\/\/www.ieec.cat\/es\/convocatoria-para-participar-en-el-pabellon-newspace-catalonia-en-la-space-tech-expo-europe-2025-bremen\/\" \/>\n<meta property=\"og:site_name\" content=\"IEEC\" \/>\n<meta property=\"article:published_time\" content=\"2025-04-30T08:14:02+00:00\" \/>\n<meta property=\"article:modified_time\" content=\"2025-05-20T09:22:21+00:00\" \/>\n<meta property=\"og:image\" content=\"https:\/\/www.ieec.cat\/wp-content\/uploads\/2025\/04\/bremen-1-e1745999807774.jpg\" \/>\n\t<meta property=\"og:image:width\" content=\"1280\" \/>\n\t<meta property=\"og:image:height\" content=\"720\" \/>\n\t<meta property=\"og:image:type\" content=\"image\/jpeg\" \/>\n<meta name=\"author\" content=\"Quim Portet\" \/>\n<meta name=\"twitter:card\" content=\"summary_large_image\" \/>\n<meta name=\"twitter:label1\" content=\"Escrito por\" \/>\n\t<meta name=\"twitter:data1\" content=\"Quim Portet\" \/>\n\t<meta name=\"twitter:label2\" content=\"Tiempo de lectura\" \/>\n\t<meta name=\"twitter:data2\" content=\"9 minutos\" \/>\n<script type=\"application\/ld+json\" class=\"yoast-schema-graph\">{\"@context\":\"https:\\\/\\\/schema.org\",\"@graph\":[{\"@type\":\"Article\",\"@id\":\"https:\\\/\\\/www.ieec.cat\\\/es\\\/convocatoria-para-participar-en-el-pabellon-newspace-catalonia-en-la-space-tech-expo-europe-2025-bremen\\\/#article\",\"isPartOf\":{\"@id\":\"https:\\\/\\\/www.ieec.cat\\\/es\\\/convocatoria-para-participar-en-el-pabellon-newspace-catalonia-en-la-space-tech-expo-europe-2025-bremen\\\/\"},\"author\":{\"name\":\"Quim Portet\",\"@id\":\"https:\\\/\\\/www.ieec.cat\\\/es\\\/#\\\/schema\\\/person\\\/43b811417c01b54ef9dd522dad92fc50\"},\"headline\":\"Convocatoria para participar en el pabell\u00f3n NewSpace Catalonia en la Space Tech Expo Europe 2025 (Bremen)\",\"datePublished\":\"2025-04-30T08:14:02+00:00\",\"dateModified\":\"2025-05-20T09:22:21+00:00\",\"mainEntityOfPage\":{\"@id\":\"https:\\\/\\\/www.ieec.cat\\\/es\\\/convocatoria-para-participar-en-el-pabellon-newspace-catalonia-en-la-space-tech-expo-europe-2025-bremen\\\/\"},\"wordCount\":1904,\"image\":{\"@id\":\"https:\\\/\\\/www.ieec.cat\\\/es\\\/convocatoria-para-participar-en-el-pabellon-newspace-catalonia-en-la-space-tech-expo-europe-2025-bremen\\\/#primaryimage\"},\"thumbnailUrl\":\"https:\\\/\\\/www.ieec.cat\\\/wp-content\\\/uploads\\\/2025\\\/04\\\/bremen-1-e1745999807774.jpg\",\"articleSection\":[\"Anuncios\",\"Convocatorias\",\"Convocatorias\",\"Noticia destacada peque\u00f1a\",\"NewSpace\"],\"inLanguage\":\"es\"},{\"@type\":\"WebPage\",\"@id\":\"https:\\\/\\\/www.ieec.cat\\\/es\\\/convocatoria-para-participar-en-el-pabellon-newspace-catalonia-en-la-space-tech-expo-europe-2025-bremen\\\/\",\"url\":\"https:\\\/\\\/www.ieec.cat\\\/es\\\/convocatoria-para-participar-en-el-pabellon-newspace-catalonia-en-la-space-tech-expo-europe-2025-bremen\\\/\",\"name\":\"Convocatoria para participar en el pabell\u00f3n NewSpace Catalonia en la Space Tech Expo Europe 2025 (Bremen) - IEEC\",\"isPartOf\":{\"@id\":\"https:\\\/\\\/www.ieec.cat\\\/es\\\/#website\"},\"primaryImageOfPage\":{\"@id\":\"https:\\\/\\\/www.ieec.cat\\\/es\\\/convocatoria-para-participar-en-el-pabellon-newspace-catalonia-en-la-space-tech-expo-europe-2025-bremen\\\/#primaryimage\"},\"image\":{\"@id\":\"https:\\\/\\\/www.ieec.cat\\\/es\\\/convocatoria-para-participar-en-el-pabellon-newspace-catalonia-en-la-space-tech-expo-europe-2025-bremen\\\/#primaryimage\"},\"thumbnailUrl\":\"https:\\\/\\\/www.ieec.cat\\\/wp-content\\\/uploads\\\/2025\\\/04\\\/bremen-1-e1745999807774.jpg\",\"datePublished\":\"2025-04-30T08:14:02+00:00\",\"dateModified\":\"2025-05-20T09:22:21+00:00\",\"author\":{\"@id\":\"https:\\\/\\\/www.ieec.cat\\\/es\\\/#\\\/schema\\\/person\\\/43b811417c01b54ef9dd522dad92fc50\"},\"description\":\"\u00bfEres una empresa innovadora o un centro de investigaci\u00f3n del \u00e1mbito espacial? Hasta el 16 de mayo puedes presentarte a la convocatoria para exponer en el estand \u2018NewSpace Catalonia\u2019, impulsado por el Govern de la Generalitat con el apoyo del IEEC, en la Space Tech Expo Europe 2025.\",\"breadcrumb\":{\"@id\":\"https:\\\/\\\/www.ieec.cat\\\/es\\\/convocatoria-para-participar-en-el-pabellon-newspace-catalonia-en-la-space-tech-expo-europe-2025-bremen\\\/#breadcrumb\"},\"inLanguage\":\"es\",\"potentialAction\":[{\"@type\":\"ReadAction\",\"target\":[\"https:\\\/\\\/www.ieec.cat\\\/es\\\/convocatoria-para-participar-en-el-pabellon-newspace-catalonia-en-la-space-tech-expo-europe-2025-bremen\\\/\"]}]},{\"@type\":\"ImageObject\",\"inLanguage\":\"es\",\"@id\":\"https:\\\/\\\/www.ieec.cat\\\/es\\\/convocatoria-para-participar-en-el-pabellon-newspace-catalonia-en-la-space-tech-expo-europe-2025-bremen\\\/#primaryimage\",\"url\":\"https:\\\/\\\/www.ieec.cat\\\/wp-content\\\/uploads\\\/2025\\\/04\\\/bremen-1-e1745999807774.jpg\",\"contentUrl\":\"https:\\\/\\\/www.ieec.cat\\\/wp-content\\\/uploads\\\/2025\\\/04\\\/bremen-1-e1745999807774.jpg\",\"width\":1280,\"height\":720},{\"@type\":\"BreadcrumbList\",\"@id\":\"https:\\\/\\\/www.ieec.cat\\\/es\\\/convocatoria-para-participar-en-el-pabellon-newspace-catalonia-en-la-space-tech-expo-europe-2025-bremen\\\/#breadcrumb\",\"itemListElement\":[{\"@type\":\"ListItem\",\"position\":1,\"name\":\"Portada\",\"item\":\"https:\\\/\\\/www.ieec.cat\\\/es\\\/\"},{\"@type\":\"ListItem\",\"position\":2,\"name\":\"Convocatoria para participar en el pabell\u00f3n NewSpace Catalonia en la Space Tech Expo Europe 2025 (Bremen)\"}]},{\"@type\":\"WebSite\",\"@id\":\"https:\\\/\\\/www.ieec.cat\\\/es\\\/#website\",\"url\":\"https:\\\/\\\/www.ieec.cat\\\/es\\\/\",\"name\":\"IEEC\",\"description\":\"Institut d&#039;Estudis Espacials de Catalunya\",\"potentialAction\":[{\"@type\":\"SearchAction\",\"target\":{\"@type\":\"EntryPoint\",\"urlTemplate\":\"https:\\\/\\\/www.ieec.cat\\\/es\\\/?s={search_term_string}\"},\"query-input\":{\"@type\":\"PropertyValueSpecification\",\"valueRequired\":true,\"valueName\":\"search_term_string\"}}],\"inLanguage\":\"es\"},{\"@type\":\"Person\",\"@id\":\"https:\\\/\\\/www.ieec.cat\\\/es\\\/#\\\/schema\\\/person\\\/43b811417c01b54ef9dd522dad92fc50\",\"name\":\"Quim Portet\",\"image\":{\"@type\":\"ImageObject\",\"inLanguage\":\"es\",\"@id\":\"https:\\\/\\\/secure.gravatar.com\\\/avatar\\\/c0212e2b077ebd6494ed79d8de24b50b3507e9cbf9fa3e10f81de1971ff33cf5?s=96&d=mm&r=g\",\"url\":\"https:\\\/\\\/secure.gravatar.com\\\/avatar\\\/c0212e2b077ebd6494ed79d8de24b50b3507e9cbf9fa3e10f81de1971ff33cf5?s=96&d=mm&r=g\",\"contentUrl\":\"https:\\\/\\\/secure.gravatar.com\\\/avatar\\\/c0212e2b077ebd6494ed79d8de24b50b3507e9cbf9fa3e10f81de1971ff33cf5?s=96&d=mm&r=g\",\"caption\":\"Quim Portet\"}}]}<\/script>\n<!-- \/ Yoast SEO plugin. -->","yoast_head_json":{"title":"Convocatoria para participar en el pabell\u00f3n NewSpace Catalonia en la Space Tech Expo Europe 2025 (Bremen) - IEEC","description":"\u00bfEres una empresa innovadora o un centro de investigaci\u00f3n del \u00e1mbito espacial? Hasta el 16 de mayo puedes presentarte a la convocatoria para exponer en el estand \u2018NewSpace Catalonia\u2019, impulsado por el Govern de la Generalitat con el apoyo del IEEC, en la Space Tech Expo Europe 2025.","robots":{"index":"index","follow":"follow","max-snippet":"max-snippet:-1","max-image-preview":"max-image-preview:large","max-video-preview":"max-video-preview:-1"},"canonical":"https:\/\/www.ieec.cat\/es\/convocatoria-para-participar-en-el-pabellon-newspace-catalonia-en-la-space-tech-expo-europe-2025-bremen\/","og_locale":"es_ES","og_type":"article","og_title":"Convocatoria para participar en el pabell\u00f3n NewSpace Catalonia en la Space Tech Expo Europe 2025 (Bremen) - IEEC","og_description":"\u00bfEres una empresa innovadora o un centro de investigaci\u00f3n del \u00e1mbito espacial? Hasta el 16 de mayo puedes presentarte a la convocatoria para exponer en el estand \u2018NewSpace Catalonia\u2019, impulsado por el Govern de la Generalitat con el apoyo del IEEC, en la Space Tech Expo Europe 2025.","og_url":"https:\/\/www.ieec.cat\/es\/convocatoria-para-participar-en-el-pabellon-newspace-catalonia-en-la-space-tech-expo-europe-2025-bremen\/","og_site_name":"IEEC","article_published_time":"2025-04-30T08:14:02+00:00","article_modified_time":"2025-05-20T09:22:21+00:00","og_image":[{"width":1280,"height":720,"url":"https:\/\/www.ieec.cat\/wp-content\/uploads\/2025\/04\/bremen-1-e1745999807774.jpg","type":"image\/jpeg"}],"author":"Quim Portet","twitter_card":"summary_large_image","twitter_misc":{"Escrito por":"Quim Portet","Tiempo de lectura":"9 minutos"},"schema":{"@context":"https:\/\/schema.org","@graph":[{"@type":"Article","@id":"https:\/\/www.ieec.cat\/es\/convocatoria-para-participar-en-el-pabellon-newspace-catalonia-en-la-space-tech-expo-europe-2025-bremen\/#article","isPartOf":{"@id":"https:\/\/www.ieec.cat\/es\/convocatoria-para-participar-en-el-pabellon-newspace-catalonia-en-la-space-tech-expo-europe-2025-bremen\/"},"author":{"name":"Quim Portet","@id":"https:\/\/www.ieec.cat\/es\/#\/schema\/person\/43b811417c01b54ef9dd522dad92fc50"},"headline":"Convocatoria para participar en el pabell\u00f3n NewSpace Catalonia en la Space Tech Expo Europe 2025 (Bremen)","datePublished":"2025-04-30T08:14:02+00:00","dateModified":"2025-05-20T09:22:21+00:00","mainEntityOfPage":{"@id":"https:\/\/www.ieec.cat\/es\/convocatoria-para-participar-en-el-pabellon-newspace-catalonia-en-la-space-tech-expo-europe-2025-bremen\/"},"wordCount":1904,"image":{"@id":"https:\/\/www.ieec.cat\/es\/convocatoria-para-participar-en-el-pabellon-newspace-catalonia-en-la-space-tech-expo-europe-2025-bremen\/#primaryimage"},"thumbnailUrl":"https:\/\/www.ieec.cat\/wp-content\/uploads\/2025\/04\/bremen-1-e1745999807774.jpg","articleSection":["Anuncios","Convocatorias","Convocatorias","Noticia destacada peque\u00f1a","NewSpace"],"inLanguage":"es"},{"@type":"WebPage","@id":"https:\/\/www.ieec.cat\/es\/convocatoria-para-participar-en-el-pabellon-newspace-catalonia-en-la-space-tech-expo-europe-2025-bremen\/","url":"https:\/\/www.ieec.cat\/es\/convocatoria-para-participar-en-el-pabellon-newspace-catalonia-en-la-space-tech-expo-europe-2025-bremen\/","name":"Convocatoria para participar en el pabell\u00f3n NewSpace Catalonia en la Space Tech Expo Europe 2025 (Bremen) - IEEC","isPartOf":{"@id":"https:\/\/www.ieec.cat\/es\/#website"},"primaryImageOfPage":{"@id":"https:\/\/www.ieec.cat\/es\/convocatoria-para-participar-en-el-pabellon-newspace-catalonia-en-la-space-tech-expo-europe-2025-bremen\/#primaryimage"},"image":{"@id":"https:\/\/www.ieec.cat\/es\/convocatoria-para-participar-en-el-pabellon-newspace-catalonia-en-la-space-tech-expo-europe-2025-bremen\/#primaryimage"},"thumbnailUrl":"https:\/\/www.ieec.cat\/wp-content\/uploads\/2025\/04\/bremen-1-e1745999807774.jpg","datePublished":"2025-04-30T08:14:02+00:00","dateModified":"2025-05-20T09:22:21+00:00","author":{"@id":"https:\/\/www.ieec.cat\/es\/#\/schema\/person\/43b811417c01b54ef9dd522dad92fc50"},"description":"\u00bfEres una empresa innovadora o un centro de investigaci\u00f3n del \u00e1mbito espacial? Hasta el 16 de mayo puedes presentarte a la convocatoria para exponer en el estand \u2018NewSpace Catalonia\u2019, impulsado por el Govern de la Generalitat con el apoyo del IEEC, en la Space Tech Expo Europe 2025.","breadcrumb":{"@id":"https:\/\/www.ieec.cat\/es\/convocatoria-para-participar-en-el-pabellon-newspace-catalonia-en-la-space-tech-expo-europe-2025-bremen\/#breadcrumb"},"inLanguage":"es","potentialAction":[{"@type":"ReadAction","target":["https:\/\/www.ieec.cat\/es\/convocatoria-para-participar-en-el-pabellon-newspace-catalonia-en-la-space-tech-expo-europe-2025-bremen\/"]}]},{"@type":"ImageObject","inLanguage":"es","@id":"https:\/\/www.ieec.cat\/es\/convocatoria-para-participar-en-el-pabellon-newspace-catalonia-en-la-space-tech-expo-europe-2025-bremen\/#primaryimage","url":"https:\/\/www.ieec.cat\/wp-content\/uploads\/2025\/04\/bremen-1-e1745999807774.jpg","contentUrl":"https:\/\/www.ieec.cat\/wp-content\/uploads\/2025\/04\/bremen-1-e1745999807774.jpg","width":1280,"height":720},{"@type":"BreadcrumbList","@id":"https:\/\/www.ieec.cat\/es\/convocatoria-para-participar-en-el-pabellon-newspace-catalonia-en-la-space-tech-expo-europe-2025-bremen\/#breadcrumb","itemListElement":[{"@type":"ListItem","position":1,"name":"Portada","item":"https:\/\/www.ieec.cat\/es\/"},{"@type":"ListItem","position":2,"name":"Convocatoria para participar en el pabell\u00f3n NewSpace Catalonia en la Space Tech Expo Europe 2025 (Bremen)"}]},{"@type":"WebSite","@id":"https:\/\/www.ieec.cat\/es\/#website","url":"https:\/\/www.ieec.cat\/es\/","name":"IEEC","description":"Institut d&#039;Estudis Espacials de Catalunya","potentialAction":[{"@type":"SearchAction","target":{"@type":"EntryPoint","urlTemplate":"https:\/\/www.ieec.cat\/es\/?s={search_term_string}"},"query-input":{"@type":"PropertyValueSpecification","valueRequired":true,"valueName":"search_term_string"}}],"inLanguage":"es"},{"@type":"Person","@id":"https:\/\/www.ieec.cat\/es\/#\/schema\/person\/43b811417c01b54ef9dd522dad92fc50","name":"Quim Portet","image":{"@type":"ImageObject","inLanguage":"es","@id":"https:\/\/secure.gravatar.com\/avatar\/c0212e2b077ebd6494ed79d8de24b50b3507e9cbf9fa3e10f81de1971ff33cf5?s=96&d=mm&r=g","url":"https:\/\/secure.gravatar.com\/avatar\/c0212e2b077ebd6494ed79d8de24b50b3507e9cbf9fa3e10f81de1971ff33cf5?s=96&d=mm&r=g","contentUrl":"https:\/\/secure.gravatar.com\/avatar\/c0212e2b077ebd6494ed79d8de24b50b3507e9cbf9fa3e10f81de1971ff33cf5?s=96&d=mm&r=g","caption":"Quim Portet"}}]}},"_links":{"self":[{"href":"https:\/\/www.ieec.cat\/es\/wp-json\/wp\/v2\/posts\/34944","targetHints":{"allow":["GET"]}}],"collection":[{"href":"https:\/\/www.ieec.cat\/es\/wp-json\/wp\/v2\/posts"}],"about":[{"href":"https:\/\/www.ieec.cat\/es\/wp-json\/wp\/v2\/types\/post"}],"author":[{"embeddable":true,"href":"https:\/\/www.ieec.cat\/es\/wp-json\/wp\/v2\/users\/12"}],"replies":[{"embeddable":true,"href":"https:\/\/www.ieec.cat\/es\/wp-json\/wp\/v2\/comments?post=34944"}],"version-history":[{"count":24,"href":"https:\/\/www.ieec.cat\/es\/wp-json\/wp\/v2\/posts\/34944\/revisions"}],"predecessor-version":[{"id":35839,"href":"https:\/\/www.ieec.cat\/es\/wp-json\/wp\/v2\/posts\/34944\/revisions\/35839"}],"wp:featuredmedia":[{"embeddable":true,"href":"https:\/\/www.ieec.cat\/es\/wp-json\/wp\/v2\/media\/34921"}],"wp:attachment":[{"href":"https:\/\/www.ieec.cat\/es\/wp-json\/wp\/v2\/media?parent=34944"}],"wp:term":[{"taxonomy":"category","embeddable":true,"href":"https:\/\/www.ieec.cat\/es\/wp-json\/wp\/v2\/categories?post=34944"},{"taxonomy":"post_tag","embeddable":true,"href":"https:\/\/www.ieec.cat\/es\/wp-json\/wp\/v2\/tags?post=34944"}],"curies":[{"name":"wp","href":"https:\/\/api.w.org\/{rel}","templated":true}]}}