{"id":35213,"date":"2025-05-08T16:33:39","date_gmt":"2025-05-08T14:33:39","guid":{"rendered":"https:\/\/www.ieec.cat\/?p=35213"},"modified":"2025-09-18T16:20:21","modified_gmt":"2025-09-18T14:20:21","slug":"resolucion-del-segundo-concurso-de-ideas-de-casos-de-uso-de-observacion-de-la-tierra-para-el-sector-privado","status":"publish","type":"post","link":"https:\/\/www.ieec.cat\/es\/resolucion-del-segundo-concurso-de-ideas-de-casos-de-uso-de-observacion-de-la-tierra-para-el-sector-privado\/","title":{"rendered":"Resoluci\u00f3n del segundo Concurso de Ideas de Casos de Uso de Observaci\u00f3n de la Tierra para el Sector Privado"},"content":{"rendered":"<p>[et_pb_section fb_built=\u00bb1&#8243; _builder_version=\u00bb4.16&#8243; _module_preset=\u00bbdefault\u00bb background_image=\u00bbhttps:\/\/www.ieec.cat\/wp-content\/uploads\/2022\/02\/slider-comunicacio.jpg\u00bb max_height=\u00bb130px\u00bb custom_padding=\u00bb0px||0px||false|false\u00bb da_disable_devices=\u00bboff|off|off\u00bb global_colors_info=\u00bb{}\u00bb da_is_popup=\u00bboff\u00bb da_exit_intent=\u00bboff\u00bb da_has_close=\u00bbon\u00bb da_alt_close=\u00bboff\u00bb da_dark_close=\u00bboff\u00bb da_not_modal=\u00bbon\u00bb da_is_singular=\u00bboff\u00bb da_with_loader=\u00bboff\u00bb da_has_shadow=\u00bbon\u00bb][\/et_pb_section][et_pb_section fb_built=\u00bb1&#8243; _builder_version=\u00bb4.16&#8243; _module_preset=\u00bbdefault\u00bb custom_padding=\u00bb24px||11px|||\u00bb da_disable_devices=\u00bboff|off|off\u00bb global_colors_info=\u00bb{}\u00bb da_is_popup=\u00bboff\u00bb da_exit_intent=\u00bboff\u00bb da_has_close=\u00bbon\u00bb da_alt_close=\u00bboff\u00bb da_dark_close=\u00bboff\u00bb da_not_modal=\u00bbon\u00bb da_is_singular=\u00bboff\u00bb da_with_loader=\u00bboff\u00bb da_has_shadow=\u00bbon\u00bb][et_pb_row _builder_version=\u00bb4.16&#8243; _module_preset=\u00bbdefault\u00bb custom_padding=\u00bb||||false|false\u00bb global_colors_info=\u00bb{}\u00bb][et_pb_column type=\u00bb4_4&#8243; _builder_version=\u00bb4.16&#8243; _module_preset=\u00bbdefault\u00bb global_colors_info=\u00bb{}\u00bb][et_pb_text module_class=\u00bbieec-orgs\u00bb _builder_version=\u00bb4.27.4&#8243; _dynamic_attributes=\u00bbcontent\u00bb _module_preset=\u00bbdefault\u00bb text_font=\u00bb|700||on|||||\u00bb text_font_size=\u00bb16px\u00bb header_font=\u00bb|700|||||||\u00bb text_orientation=\u00bbcenter\u00bb custom_margin=\u00bb||10px||false|false\u00bb header_font_size_tablet=\u00bb28px\u00bb header_font_size_phone=\u00bb26px\u00bb header_font_size_last_edited=\u00bbon|phone\u00bb global_colors_info=\u00bb{}\u00bb]@ET-DC@eyJkeW5hbWljIjp0cnVlLCJjb250ZW50IjoiY3VzdG9tX21ldGFfb3JnYW5pemFjaW9uZXMiLCJzZXR0aW5ncyI6eyJiZWZvcmUiOiIiLCJhZnRlciI6IiIsImVuYWJsZV9odG1sIjoib2ZmIn19@[\/et_pb_text][et_pb_post_title author=\u00bboff\u00bb categories=\u00bboff\u00bb comments=\u00bboff\u00bb featured_image=\u00bboff\u00bb module_class=\u00bbieec-title et_pb_text_align_center\u00bb _builder_version=\u00bb4.27.4&#8243; _module_preset=\u00bbdefault\u00bb title_font=\u00bbCairo|300|||||||\u00bb title_text_align=\u00bbcenter\u00bb title_font_size=\u00bb40px\u00bb meta_font=\u00bb||on||||||\u00bb meta_text_align=\u00bbcenter\u00bb meta_font_size=\u00bb16px\u00bb title_font_size_tablet=\u00bb35px\u00bb title_font_size_phone=\u00bb30px\u00bb title_font_size_last_edited=\u00bbon|desktop\u00bb global_colors_info=\u00bb{}\u00bb][\/et_pb_post_title][\/et_pb_column][\/et_pb_row][et_pb_row column_structure=\u00bb1_2,1_2&#8243; _builder_version=\u00bb4.16&#8243; _module_preset=\u00bbdefault\u00bb global_colors_info=\u00bb{}\u00bb][et_pb_column type=\u00bb1_2&#8243; _builder_version=\u00bb4.16&#8243; _module_preset=\u00bbdefault\u00bb global_colors_info=\u00bb{}\u00bb][et_pb_post_title title=\u00bboff\u00bb meta=\u00bboff\u00bb _builder_version=\u00bb4.16&#8243; _module_preset=\u00bbdefault\u00bb custom_margin=\u00bb||0px||false|false\u00bb border_color_top=\u00bb#406fda\u00bb global_colors_info=\u00bb{}\u00bb][\/et_pb_post_title][\/et_pb_column][et_pb_column type=\u00bb1_2&#8243; _builder_version=\u00bb4.16&#8243; _module_preset=\u00bbdefault\u00bb global_colors_info=\u00bb{}\u00bb][et_pb_text _builder_version=\u00bb4.27.4&#8243; _module_preset=\u00bbdefault\u00bb link_font=\u00bb|700|||on||||\u00bb global_colors_info=\u00bb{}\u00bb]<\/p>\n<p><span style=\"font-weight: 400;\">El pasado 15 de enero se public\u00f3 la <\/span><a href=\"https:\/\/www.ieec.cat\/es\/abierta-la-segunda-edicion-del-concurso-de-ideas-de-casos-de-uso-de-observacion-de-la-tierra-para-el-sector-privado\/\"><span style=\"font-weight: 400;\">convocatoria<\/span><\/a><span style=\"font-weight: 400;\"> para participar en la <\/span><b>segunda edici\u00f3n del Concurso de Ideas de Casos de Uso de Observaci\u00f3n de la Tierra para el Sector Privado. <\/b><span style=\"font-weight: 400;\">Esta iniciativa, coordinada por el <\/span><a href=\"https:\/\/www.ieec.cat\/\"><span style=\"font-weight: 400;\">Institut d\u2019Estudis Espacials de Catalunya<\/span><\/a><span style=\"font-weight: 400;\"> (IEEC), se enmarca en la <\/span><a href=\"https:\/\/politiquesdigitals.gencat.cat\/ca\/economia\/estrategia-new-space-catalunya\/\"><span style=\"font-weight: 400;\">Estrategia NewSpace de Catalunya<\/span><\/a><span style=\"font-weight: 400;\"> impulsada por la <\/span><a href=\"https:\/\/web.gencat.cat\/ca\/inici\"><span style=\"font-weight: 400;\">Generalitat de Catalunya<\/span><\/a><span style=\"font-weight: 400;\"> y desplegada en colaboraci\u00f3n con el IEEC, el <\/span><a href=\"https:\/\/www.icgc.cat\/\"><span style=\"font-weight: 400;\">Institut Cartogr\u00e0fic i Geol\u00f2gic de Catalunya<\/span><\/a><span style=\"font-weight: 400;\"> (ICGC) y la <\/span><a href=\"https:\/\/i2cat.net\/\"><span style=\"font-weight: 400;\">Fundaci\u00f3 i2CAT<\/span><\/a><span style=\"font-weight: 400;\">.<\/span><\/p>\n<p><span style=\"font-weight: 400;\">El concurso buscaba <\/span><b>obtener propuestas innovadoras de casos de uso de observaci\u00f3n de la Tierra<\/b><span style=\"font-weight: 400;\"> que el ecosistema NewSpace pueda ofrecer al tejido empresarial privado catal\u00e1n en forma de servicios basados en informaci\u00f3n procedente de sat\u00e9lites.<\/span><\/p>\n<p><span style=\"font-weight: 400;\">Entre otros requisitos, en la convocatoria se solicitaba que todos los casos presentados incluyesen datos obtenidos por el nanosat\u00e9lite \u2018Menut\u2019 \u2014la segunda misi\u00f3n satelital, y la primera de observaci\u00f3n de la Tierra, de la Estrategia NewSpace\u2014 como demostrador; que fuesen aplicables al territorio catal\u00e1n; y que incluyesen la participaci\u00f3n activa del usuario final.<\/span><\/p>\n<p>&nbsp;<\/p>\n<p>[\/et_pb_text][\/et_pb_column][\/et_pb_row][et_pb_row _builder_version=\u00bb4.16&#8243; _module_preset=\u00bbdefault\u00bb global_colors_info=\u00bb{}\u00bb][et_pb_column type=\u00bb4_4&#8243; _builder_version=\u00bb4.16&#8243; _module_preset=\u00bbdefault\u00bb global_colors_info=\u00bb{}\u00bb][et_pb_text _builder_version=\u00bb4.27.4&#8243; _module_preset=\u00bbdefault\u00bb link_font=\u00bb|700|||on||||\u00bb locked=\u00bboff\u00bb global_colors_info=\u00bb{}\u00bb]<\/p>\n<p><span style=\"font-weight: 400;\">Adem\u00e1s, como novedad en esta segunda edici\u00f3n, los casos de uso ganadores del concurso formar\u00e1n parte del portafolio de proyectos del <\/span><a href=\"https:\/\/esaphilabnet-spain.ieec.cat\/\"><span style=\"font-weight: 400;\">ESA Phi-LabNET Spain<\/span><\/a><span style=\"font-weight: 400;\">. El Phi-LabNET Spain, cofinanciado por el Gobierno de Catalunya a trav\u00e9s de la Estrategia NewSpace y coordinado por un consorcio liderado por el IEEC, est\u00e1 enmarcado dentro del Programa ScaleUp de la <\/span><a href=\"https:\/\/www.esa.int\/\"><span style=\"font-weight: 400;\">Agencia Espacial Europea<\/span><\/a><span style=\"font-weight: 400;\"> (ESA). Centrado en promover la investigaci\u00f3n y transferencia al mercado de soluciones espaciales que mejoren la resiliencia clim\u00e1tica y la sostenibilidad, tiene como misi\u00f3n principal acelerar el futuro del sector espacial, tanto en el \u00e1mbito <\/span><i><span style=\"font-weight: 400;\">upstream <\/span><\/i><span style=\"font-weight: 400;\">como en el <\/span><i><span style=\"font-weight: 400;\">downstream,<\/span><\/i><span style=\"font-weight: 400;\"> a trav\u00e9s de proyectos innovadores con elevado potencial comercial.<\/span><\/p>\n<p><span style=\"font-weight: 400;\">Las empresas y propuestas que han resultado seleccionadas son:<\/span><\/p>\n<ul>\n<li style=\"font-weight: 400;\" aria-level=\"1\"><a href=\"https:\/\/www.spascat.com\/\"><span style=\"font-weight: 400;\">SPASCAT<\/span><\/a><span style=\"font-weight: 400;\"> (proyecto REMOT)<\/span><\/li>\n<li style=\"font-weight: 400;\" aria-level=\"1\"><a href=\"https:\/\/www.lobelia.earth\/\"><span style=\"font-weight: 400;\">Lobelia<\/span><\/a><span style=\"font-weight: 400;\"> (proyecto SAPIC)<\/span><\/li>\n<li style=\"font-weight: 400;\" aria-level=\"1\"><a href=\"https:\/\/moaianalytics.com\/ca\/\"><span style=\"font-weight: 400;\">MOAI Analytics<\/span><\/a><span style=\"font-weight: 400;\"> (proyecto TIAFA)<\/span><\/li>\n<\/ul>\n<p><span style=\"font-weight: 400;\">Los tres casos de uso de observaci\u00f3n de la Tierra seleccionados servir\u00e1n para <\/span><b>promocionar el uso de datos de sat\u00e9lite y visibilizar los beneficios que pueden obtener las empresas si incorporan a sus operativas datos del \u2018Menut\u2019.<\/b><span style=\"font-weight: 400;\"> Los tres casos recibir\u00e1n un premio econ\u00f3mico de 2.500 euros y cada uno de ellos optar\u00e1 a un posterior contrato de servicios de 47.500 euros. Todos los detalles est\u00e1n disponibles en la <\/span><a href=\"https:\/\/contractaciopublica.cat\/ca\/detall-publicacio\/300439860\" target=\"_blank\" rel=\"noopener\"><span style=\"font-weight: 400;\">plataforma de servicios de contrataci\u00f3n p\u00fablica<\/span><\/a><span style=\"font-weight: 400;\">.<\/span><span style=\"font-weight: 400;\"><\/span><\/p>\n<p>[\/et_pb_text][\/et_pb_column][\/et_pb_row][et_pb_row _builder_version=\u00bb4.16&#8243; _module_preset=\u00bbdefault\u00bb global_colors_info=\u00bb{}\u00bb][et_pb_column type=\u00bb4_4&#8243; _builder_version=\u00bb4.16&#8243; _module_preset=\u00bbdefault\u00bb global_colors_info=\u00bb{}\u00bb][et_pb_text module_class=\u00bbsection-title\u00bb _builder_version=\u00bb4.27.4&#8243; _module_preset=\u00bbdefault\u00bb header_2_font=\u00bb|700|||||||\u00bb header_2_font_size=\u00bb25px\u00bb header_2_font_size_tablet=\u00bb23px\u00bb header_2_font_size_phone=\u00bb23px\u00bb header_2_font_size_last_edited=\u00bbon|phone\u00bb global_colors_info=\u00bb{}\u00bb]<\/p>\n<h2>Proyecto REMOT<\/h2>\n<p>[\/et_pb_text][et_pb_text _builder_version=\u00bb4.27.4&#8243; _module_preset=\u00bbdefault\u00bb link_font=\u00bb|700|||on||||\u00bb hover_enabled=\u00bb0&#8243; locked=\u00bboff\u00bb global_colors_info=\u00bb{}\u00bb sticky_enabled=\u00bb0&#8243;]<\/p>\n<p><b>REMOT<\/b><span style=\"font-weight: 400;\"> pretende utilizar las tecnolog\u00edas de observaci\u00f3n de la Tierra para optimizar el riego de los vi\u00f1edos, infiriendo el estr\u00e9s h\u00eddrico de las plantas de forma escalable y automatizada. Esto permitir\u00eda planificar el riego seg\u00fan las necesidades del cultivo, fusionando datos de im\u00e1genes multiespectrales de sat\u00e9lite, muestras tomadas sobre el terreno y modelos predictivos. La soluci\u00f3n tendr\u00e1 formato de plataforma WebApp, integrada en los flujos de trabajo de los usuarios finales para reducir tiempos y mejorar la toma de decisiones.<\/span><\/p>\n<p><span style=\"font-weight: 400;\">SPASCAT desarrollar\u00e1 este proyecto en colaboraci\u00f3n con dos empresas catalanas: la consultora t\u00e9cnica de empresas agr\u00f3nomas <\/span><a href=\"https:\/\/www.agropixel.com\/ca\/home\/\"><span style=\"font-weight: 400;\">Agropixel<\/span><\/a><span style=\"font-weight: 400;\"> y la empresa vitivin\u00edcola <\/span><a href=\"https:\/\/www.codorniu.com\/ca\"><span style=\"font-weight: 400;\">Codorn\u00edu<\/span><\/a><span style=\"font-weight: 400;\">.<\/span><\/p>\n<p>[\/et_pb_text][\/et_pb_column][\/et_pb_row][et_pb_row _builder_version=\u00bb4.16&#8243; _module_preset=\u00bbdefault\u00bb global_colors_info=\u00bb{}\u00bb][et_pb_column type=\u00bb4_4&#8243; _builder_version=\u00bb4.16&#8243; _module_preset=\u00bbdefault\u00bb global_colors_info=\u00bb{}\u00bb][et_pb_text module_class=\u00bbsection-title\u00bb _builder_version=\u00bb4.27.4&#8243; _module_preset=\u00bbdefault\u00bb header_2_font=\u00bb|700|||||||\u00bb header_2_font_size=\u00bb25px\u00bb header_2_font_size_tablet=\u00bb23px\u00bb header_2_font_size_phone=\u00bb23px\u00bb header_2_font_size_last_edited=\u00bbon|phone\u00bb global_colors_info=\u00bb{}\u00bb]<\/p>\n<h2>Proyecto SAPIC<\/h2>\n<p>[\/et_pb_text][et_pb_text _builder_version=\u00bb4.27.4&#8243; _module_preset=\u00bbdefault\u00bb link_font=\u00bb|700|||on||||\u00bb hover_enabled=\u00bb0&#8243; locked=\u00bboff\u00bb global_colors_info=\u00bb{}\u00bb sticky_enabled=\u00bb0&#8243;]<\/p>\n<p><span style=\"font-weight: 400;\">El servicio propuesto por <\/span><b>SAPIC<\/b><span style=\"font-weight: 400;\"> consiste en desarrollar un visor que proporcionar\u00e1 un indicador avanzado de peligro de incendio capaz de informar del riesgo de fuego en cualquier zona seleccionada por el usuario; en este caso el \u00e1rea de influencia del operador de transporte de energ\u00eda <\/span><a href=\"https:\/\/electracaldenseenergia.com\/es\/\"><span style=\"font-weight: 400;\">Electra Caldense<\/span><\/a><span style=\"font-weight: 400;\">, que ser\u00e1 el usuario final. Estas infraestructuras suponen un factor de riesgo a\u00f1adido, ya que cualquier incidencia puede generar chispas y comenzar fuegos de alta intensidad. El sistema SAPIC responde al reto de detectar puntos susceptibles de dar lugar a un incendio mediante el uso de tecnolog\u00edas de observaci\u00f3n de la Tierra combinadas con datos clim\u00e1ticos de alta resoluci\u00f3n adaptados a cada localizaci\u00f3n espec\u00edfica.<\/span><\/p>\n<p><span style=\"font-weight: 400;\">Lobelia desarrollar\u00e1 este proyecto en colaboraci\u00f3n con la propia empresa Electra Caldense, que transporta electricidad a diez municipios de las comarcas del Vall\u00e8s y a seis de la comarca del Segri\u00e0, a trav\u00e9s del uso de redes el\u00e9ctricas que combinan l\u00edneas subterr\u00e1neas y l\u00edneas a\u00e9reas de media tensi\u00f3n. Tambi\u00e9n participar\u00e1 la <\/span><a href=\"https:\/\/www.pefc.es\/\"><i><span style=\"font-weight: 400;\">Asociaci\u00f3n Espa\u00f1ola para la Sostenibilidad Forestal<\/span><\/i><\/a><span style=\"font-weight: 400;\"> (PEFC), que promueve y divulga la gesti\u00f3n forestal sostenible.<\/span><\/p>\n<p>[\/et_pb_text][\/et_pb_column][\/et_pb_row][et_pb_row _builder_version=\u00bb4.16&#8243; _module_preset=\u00bbdefault\u00bb global_colors_info=\u00bb{}\u00bb][et_pb_column type=\u00bb4_4&#8243; _builder_version=\u00bb4.16&#8243; _module_preset=\u00bbdefault\u00bb global_colors_info=\u00bb{}\u00bb][et_pb_text module_class=\u00bbsection-title\u00bb _builder_version=\u00bb4.27.4&#8243; _module_preset=\u00bbdefault\u00bb header_2_font=\u00bb|700|||||||\u00bb header_2_font_size=\u00bb25px\u00bb header_2_font_size_tablet=\u00bb23px\u00bb header_2_font_size_phone=\u00bb23px\u00bb header_2_font_size_last_edited=\u00bbon|phone\u00bb global_colors_info=\u00bb{}\u00bb]<\/p>\n<h2>Proyecto TIAFA<\/h2>\n<p>[\/et_pb_text][et_pb_text _builder_version=\u00bb4.27.4&#8243; _module_preset=\u00bbdefault\u00bb link_font=\u00bb|700|||on||||\u00bb hover_enabled=\u00bb0&#8243; locked=\u00bboff\u00bb global_colors_info=\u00bb{}\u00bb sticky_enabled=\u00bb0&#8243;]<\/p>\n<p><span style=\"font-weight: 400;\">El proyecto TIAFA consiste en la detecci\u00f3n automatizada de fugas de agua en canales subterr\u00e1neos y tambi\u00e9n al aire libre, utilizando tecnolog\u00edas de an\u00e1lisis de im\u00e1genes satelitales y algoritmos de inteligencia artificial. El objetivo principal es identificar precozmente cualquier indicio de fuga, como alteraciones o cambios an\u00f3malos en la vegetaci\u00f3n o en la humedad del suelo adyacente al canal, con el fin de evitar p\u00e9rdidas de agua, reducir los riesgos para la seguridad y mejorar la eficiencia en la gesti\u00f3n del agua.<\/span><\/p>\n<p><span style=\"font-weight: 400;\">El proyecto se dirige principalmente a grandes operadores y gestores de infraestructuras de suministro y generaci\u00f3n de energ\u00eda, con redes de canales extendidas en territorios muy diversos. En este caso, MOAI Analytics desarrollar\u00e1 el proyecto en colaboraci\u00f3n con <\/span><a href=\"https:\/\/www.endesa.com\/ca\/sobre-endesa\/el-nostre-negoci\"><span style=\"font-weight: 400;\">ENDESA<\/span><\/a><span style=\"font-weight: 400;\">.<\/span><\/p>\n<p>[\/et_pb_text][\/et_pb_column][\/et_pb_row][et_pb_row _builder_version=\u00bb4.16&#8243; _module_preset=\u00bbdefault\u00bb custom_margin=\u00bb||||false|false\u00bb locked=\u00bboff\u00bb global_colors_info=\u00bb{}\u00bb][et_pb_column type=\u00bb4_4&#8243; _builder_version=\u00bb4.16&#8243; _module_preset=\u00bbdefault\u00bb global_colors_info=\u00bb{}\u00bb][et_pb_divider color=\u00bb#406fda\u00bb _builder_version=\u00bb4.16&#8243; _module_preset=\u00bbdefault\u00bb custom_margin=\u00bb||10px||false|false\u00bb global_colors_info=\u00bb{}\u00bb][\/et_pb_divider][et_pb_text admin_label=\u00bbAttached documents\u00bb module_class=\u00bbieec-sub-title\u00bb _builder_version=\u00bb4.27.4&#8243; _module_preset=\u00bbdefault\u00bb text_font=\u00bbCairo|700|||||||\u00bb text_text_color=\u00bb#406fda\u00bb text_font_size=\u00bb20px\u00bb custom_margin=\u00bb||10px||false|false\u00bb link_option_url=\u00bbhttps:\/\/contractaciopublica.cat\/ca\/detall-publicacio\/300439860&#8243; link_option_url_new_window=\u00bbon\u00bb global_colors_info=\u00bb{}\u00bb]<\/p>\n<p>Resoluci\u00f3n y detalles<\/p>\n<p>[\/et_pb_text][et_pb_button button_url=\u00bbhttps:\/\/contractaciopublica.cat\/ca\/detall-publicacio\/300439860&#8243; url_new_window=\u00bbon\u00bb button_text=\u00bbConsultar\u00bb _builder_version=\u00bb4.27.4&#8243; _module_preset=\u00bbdefault\u00bb custom_button=\u00bbon\u00bb button_text_color=\u00bb#1a1140&#8243; button_bg_color=\u00bbrgba(26,17,64,0.1)\u00bb button_font=\u00bb|||on|||||\u00bb button_on_hover=\u00bboff\u00bb custom_margin=\u00bb30px||||false|false\u00bb custom_padding=\u00bb12px|45px|12px|35px|true|false\u00bb global_colors_info=\u00bb{}\u00bb button_bg_color__hover_enabled=\u00bbon|hover\u00bb button_bg_color__hover=\u00bb#406fda\u00bb button_bg_enable_color__hover=\u00bbon\u00bb button_text_color__hover_enabled=\u00bbon|hover\u00bb button_text_color__hover=\u00bb#FFFFFF\u00bb][\/et_pb_button][\/et_pb_column][\/et_pb_row][et_pb_row module_class=\u00bbieec-about\u00bb _builder_version=\u00bb4.27.4&#8243; _module_preset=\u00bbdefault\u00bb background_color=\u00bbrgba(64,111,218,0.15)\u00bb global_module=\u00bb17324&#8243; global_colors_info=\u00bb{}\u00bb][et_pb_column type=\u00bb4_4&#8243; _builder_version=\u00bb4.16&#8243; _module_preset=\u00bbdefault\u00bb custom_padding=\u00bb20px|50px|20px|50px|true|true\u00bb global_colors_info=\u00bb{}\u00bb][et_pb_text admin_label=\u00bbSobre l&#8217;IEEC\u00bb _builder_version=\u00bb4.16&#8243; _module_preset=\u00bbdefault\u00bb header_2_font=\u00bb|700|||||||\u00bb header_2_font_size=\u00bb25px\u00bb custom_margin=\u00bb||10px||false|false\u00bb header_2_font_size_tablet=\u00bb23px\u00bb header_2_font_size_phone=\u00bb23px\u00bb header_2_font_size_last_edited=\u00bbon|phone\u00bb locked=\u00bboff\u00bb global_colors_info=\u00bb{}\u00bb]<\/p>\n<h2>Sobre el IEEC<\/h2>\n<p>[\/et_pb_text][et_pb_text _builder_version=\u00bb4.16&#8243; _module_preset=\u00bbdefault\u00bb text_font=\u00bb||on||||||\u00bb link_font=\u00bb|700|||on||||\u00bb locked=\u00bboff\u00bb global_colors_info=\u00bb{}\u00bb]<\/p>\n<p>El Institut d\u2019Estudis Espacials de Catalunya (IEEC) promueve y coordina la investigaci\u00f3n y el desarrollo tecnol\u00f3gico espacial en Catalu\u00f1a en beneficio de la sociedad. El IEEC fomenta las colaboraciones tanto a nivel local como mundial, y es un eficiente agente de transferencia de conocimiento, innovaci\u00f3n y tecnolog\u00eda. Como resultado de m\u00e1s de 25 a\u00f1os de investigaci\u00f3n de alta calidad, llevada a cabo en colaboraci\u00f3n con las principales organizaciones internacionales, el IEEC se encuentra entre los mejores centros de investigaci\u00f3n internacionales, centrados en \u00e1reas como: astrof\u00edsica, cosmolog\u00eda, ciencias planetarias y observaci\u00f3n de la Tierra. La divisi\u00f3n de ingenier\u00eda del IEEC desarrolla instrumentaci\u00f3n para proyectos terrestres y espaciales, y tiene una amplia experiencia trabajando con organizaciones privadas y p\u00fablicas del sector aeroespacial y otros sectores de innovaci\u00f3n.<\/p>\n<p>El IEEC es una fundaci\u00f3n del sector p\u00fablico sin \u00e1nimo de lucro, fundada en febrero de 1996. Est\u00e1 regida por un Patronato compuesto por la Generalitat de Catalunya,  la Universitat de Barcelona (UB), la Universitat Aut\u00f2noma de Barcelona (UAB), la Universitat Polit\u00e8cnica de Catalunya \u00b7 BarcelonaTech (UPC), y el Consejo Superior de Investigaciones Cient\u00edficas (CSIC). El IEEC es tambi\u00e9n un centro CERCA (Centres de Recerca de Catalunya).<\/p>\n<p>[\/et_pb_text][\/et_pb_column][\/et_pb_row][\/et_pb_section]<\/p>\n","protected":false},"excerpt":{"rendered":"<p>Los tres proyectos seleccionados servir\u00e1n para promocionar el uso de datos de sat\u00e9lite y visibilizar los beneficios que pueden obtener las empresas si incorporan a sus operativas datos del nanosat\u00e9lite \u2018Menut\u2019 de la Estrategia NewSpace de Catalunya<\/p>\n","protected":false},"author":7,"featured_media":35454,"comment_status":"closed","ping_status":"closed","sticky":false,"template":"","format":"standard","meta":{"_et_pb_use_builder":"on","_et_pb_old_content":"","_et_gb_content_width":"","footnotes":""},"categories":[70,158,134],"tags":[],"class_list":["post-35213","post","type-post","status-publish","format-standard","has-post-thumbnail","hentry","category-anuncios","category-convocatorias","category-newspace-es-2"],"yoast_head":"<!-- This site is optimized with the Yoast SEO plugin v27.4 - https:\/\/yoast.com\/product\/yoast-seo-wordpress\/ -->\n<title>Resoluci\u00f3n del segundo Concurso de Ideas de Casos de Uso de Observaci\u00f3n de la Tierra para el Sector Privado - IEEC<\/title>\n<meta name=\"robots\" content=\"index, follow, max-snippet:-1, max-image-preview:large, max-video-preview:-1\" \/>\n<link rel=\"canonical\" href=\"https:\/\/www.ieec.cat\/es\/resolucion-del-segundo-concurso-de-ideas-de-casos-de-uso-de-observacion-de-la-tierra-para-el-sector-privado\/\" \/>\n<meta property=\"og:locale\" content=\"es_ES\" \/>\n<meta property=\"og:type\" content=\"article\" \/>\n<meta property=\"og:title\" content=\"Resoluci\u00f3n del segundo Concurso de Ideas de Casos de Uso de Observaci\u00f3n de la Tierra para el Sector Privado - IEEC\" \/>\n<meta property=\"og:description\" content=\"Los tres proyectos seleccionados servir\u00e1n para promocionar el uso de datos de sat\u00e9lite y visibilizar los beneficios que pueden obtener las empresas si incorporan a sus operativas datos del nanosat\u00e9lite \u2018Menut\u2019 de la Estrategia NewSpace de Catalunya\" \/>\n<meta property=\"og:url\" content=\"https:\/\/www.ieec.cat\/es\/resolucion-del-segundo-concurso-de-ideas-de-casos-de-uso-de-observacion-de-la-tierra-para-el-sector-privado\/\" \/>\n<meta property=\"og:site_name\" content=\"IEEC\" \/>\n<meta property=\"article:published_time\" content=\"2025-05-08T14:33:39+00:00\" \/>\n<meta property=\"article:modified_time\" content=\"2025-09-18T14:20:21+00:00\" \/>\n<meta property=\"og:image\" content=\"https:\/\/www.ieec.cat\/wp-content\/uploads\/2025\/05\/Creativitat-casos-us-II-imatge-MOT-V7-Miniatura-web-destacada-petita-CAT.jpg\" \/>\n\t<meta property=\"og:image:width\" content=\"919\" \/>\n\t<meta property=\"og:image:height\" content=\"767\" \/>\n\t<meta property=\"og:image:type\" content=\"image\/jpeg\" \/>\n<meta name=\"author\" content=\"Javier Bueno\" \/>\n<meta name=\"twitter:card\" content=\"summary_large_image\" \/>\n<meta name=\"twitter:label1\" content=\"Escrito por\" \/>\n\t<meta name=\"twitter:data1\" content=\"Javier Bueno\" \/>\n\t<meta name=\"twitter:label2\" content=\"Tiempo de lectura\" \/>\n\t<meta name=\"twitter:data2\" content=\"11 minutos\" \/>\n<script type=\"application\/ld+json\" class=\"yoast-schema-graph\">{\"@context\":\"https:\\\/\\\/schema.org\",\"@graph\":[{\"@type\":\"Article\",\"@id\":\"https:\\\/\\\/www.ieec.cat\\\/es\\\/resolucion-del-segundo-concurso-de-ideas-de-casos-de-uso-de-observacion-de-la-tierra-para-el-sector-privado\\\/#article\",\"isPartOf\":{\"@id\":\"https:\\\/\\\/www.ieec.cat\\\/es\\\/resolucion-del-segundo-concurso-de-ideas-de-casos-de-uso-de-observacion-de-la-tierra-para-el-sector-privado\\\/\"},\"author\":{\"name\":\"Javier Bueno\",\"@id\":\"https:\\\/\\\/www.ieec.cat\\\/es\\\/#\\\/schema\\\/person\\\/322a07f3c26d150fb0ab2c84181ced4c\"},\"headline\":\"Resoluci\u00f3n del segundo Concurso de Ideas de Casos de Uso de Observaci\u00f3n de la Tierra para el Sector Privado\",\"datePublished\":\"2025-05-08T14:33:39+00:00\",\"dateModified\":\"2025-09-18T14:20:21+00:00\",\"mainEntityOfPage\":{\"@id\":\"https:\\\/\\\/www.ieec.cat\\\/es\\\/resolucion-del-segundo-concurso-de-ideas-de-casos-de-uso-de-observacion-de-la-tierra-para-el-sector-privado\\\/\"},\"wordCount\":2140,\"image\":{\"@id\":\"https:\\\/\\\/www.ieec.cat\\\/es\\\/resolucion-del-segundo-concurso-de-ideas-de-casos-de-uso-de-observacion-de-la-tierra-para-el-sector-privado\\\/#primaryimage\"},\"thumbnailUrl\":\"https:\\\/\\\/www.ieec.cat\\\/wp-content\\\/uploads\\\/2025\\\/05\\\/Creativitat-casos-us-II-imatge-MOT-V7-Miniatura-web-destacada-petita-CAT.jpg\",\"articleSection\":[\"Anuncios\",\"Convocatorias\",\"NewSpace\"],\"inLanguage\":\"es\"},{\"@type\":\"WebPage\",\"@id\":\"https:\\\/\\\/www.ieec.cat\\\/es\\\/resolucion-del-segundo-concurso-de-ideas-de-casos-de-uso-de-observacion-de-la-tierra-para-el-sector-privado\\\/\",\"url\":\"https:\\\/\\\/www.ieec.cat\\\/es\\\/resolucion-del-segundo-concurso-de-ideas-de-casos-de-uso-de-observacion-de-la-tierra-para-el-sector-privado\\\/\",\"name\":\"Resoluci\u00f3n del segundo Concurso de Ideas de Casos de Uso de Observaci\u00f3n de la Tierra para el Sector Privado - IEEC\",\"isPartOf\":{\"@id\":\"https:\\\/\\\/www.ieec.cat\\\/es\\\/#website\"},\"primaryImageOfPage\":{\"@id\":\"https:\\\/\\\/www.ieec.cat\\\/es\\\/resolucion-del-segundo-concurso-de-ideas-de-casos-de-uso-de-observacion-de-la-tierra-para-el-sector-privado\\\/#primaryimage\"},\"image\":{\"@id\":\"https:\\\/\\\/www.ieec.cat\\\/es\\\/resolucion-del-segundo-concurso-de-ideas-de-casos-de-uso-de-observacion-de-la-tierra-para-el-sector-privado\\\/#primaryimage\"},\"thumbnailUrl\":\"https:\\\/\\\/www.ieec.cat\\\/wp-content\\\/uploads\\\/2025\\\/05\\\/Creativitat-casos-us-II-imatge-MOT-V7-Miniatura-web-destacada-petita-CAT.jpg\",\"datePublished\":\"2025-05-08T14:33:39+00:00\",\"dateModified\":\"2025-09-18T14:20:21+00:00\",\"author\":{\"@id\":\"https:\\\/\\\/www.ieec.cat\\\/es\\\/#\\\/schema\\\/person\\\/322a07f3c26d150fb0ab2c84181ced4c\"},\"breadcrumb\":{\"@id\":\"https:\\\/\\\/www.ieec.cat\\\/es\\\/resolucion-del-segundo-concurso-de-ideas-de-casos-de-uso-de-observacion-de-la-tierra-para-el-sector-privado\\\/#breadcrumb\"},\"inLanguage\":\"es\",\"potentialAction\":[{\"@type\":\"ReadAction\",\"target\":[\"https:\\\/\\\/www.ieec.cat\\\/es\\\/resolucion-del-segundo-concurso-de-ideas-de-casos-de-uso-de-observacion-de-la-tierra-para-el-sector-privado\\\/\"]}]},{\"@type\":\"ImageObject\",\"inLanguage\":\"es\",\"@id\":\"https:\\\/\\\/www.ieec.cat\\\/es\\\/resolucion-del-segundo-concurso-de-ideas-de-casos-de-uso-de-observacion-de-la-tierra-para-el-sector-privado\\\/#primaryimage\",\"url\":\"https:\\\/\\\/www.ieec.cat\\\/wp-content\\\/uploads\\\/2025\\\/05\\\/Creativitat-casos-us-II-imatge-MOT-V7-Miniatura-web-destacada-petita-CAT.jpg\",\"contentUrl\":\"https:\\\/\\\/www.ieec.cat\\\/wp-content\\\/uploads\\\/2025\\\/05\\\/Creativitat-casos-us-II-imatge-MOT-V7-Miniatura-web-destacada-petita-CAT.jpg\",\"width\":919,\"height\":767},{\"@type\":\"BreadcrumbList\",\"@id\":\"https:\\\/\\\/www.ieec.cat\\\/es\\\/resolucion-del-segundo-concurso-de-ideas-de-casos-de-uso-de-observacion-de-la-tierra-para-el-sector-privado\\\/#breadcrumb\",\"itemListElement\":[{\"@type\":\"ListItem\",\"position\":1,\"name\":\"Portada\",\"item\":\"https:\\\/\\\/www.ieec.cat\\\/es\\\/\"},{\"@type\":\"ListItem\",\"position\":2,\"name\":\"Resoluci\u00f3n del segundo Concurso de Ideas de Casos de Uso de Observaci\u00f3n de la Tierra para el Sector Privado\"}]},{\"@type\":\"WebSite\",\"@id\":\"https:\\\/\\\/www.ieec.cat\\\/es\\\/#website\",\"url\":\"https:\\\/\\\/www.ieec.cat\\\/es\\\/\",\"name\":\"IEEC\",\"description\":\"Institut d&#039;Estudis Espacials de Catalunya\",\"potentialAction\":[{\"@type\":\"SearchAction\",\"target\":{\"@type\":\"EntryPoint\",\"urlTemplate\":\"https:\\\/\\\/www.ieec.cat\\\/es\\\/?s={search_term_string}\"},\"query-input\":{\"@type\":\"PropertyValueSpecification\",\"valueRequired\":true,\"valueName\":\"search_term_string\"}}],\"inLanguage\":\"es\"},{\"@type\":\"Person\",\"@id\":\"https:\\\/\\\/www.ieec.cat\\\/es\\\/#\\\/schema\\\/person\\\/322a07f3c26d150fb0ab2c84181ced4c\",\"name\":\"Javier Bueno\",\"image\":{\"@type\":\"ImageObject\",\"inLanguage\":\"es\",\"@id\":\"https:\\\/\\\/secure.gravatar.com\\\/avatar\\\/4d48f3381f239f9e12ab1bd3e78402f1144081a2afb1cb5bc1b5ec38effae7c9?s=96&d=mm&r=g\",\"url\":\"https:\\\/\\\/secure.gravatar.com\\\/avatar\\\/4d48f3381f239f9e12ab1bd3e78402f1144081a2afb1cb5bc1b5ec38effae7c9?s=96&d=mm&r=g\",\"contentUrl\":\"https:\\\/\\\/secure.gravatar.com\\\/avatar\\\/4d48f3381f239f9e12ab1bd3e78402f1144081a2afb1cb5bc1b5ec38effae7c9?s=96&d=mm&r=g\",\"caption\":\"Javier Bueno\"}}]}<\/script>\n<!-- \/ Yoast SEO plugin. -->","yoast_head_json":{"title":"Resoluci\u00f3n del segundo Concurso de Ideas de Casos de Uso de Observaci\u00f3n de la Tierra para el Sector Privado - IEEC","robots":{"index":"index","follow":"follow","max-snippet":"max-snippet:-1","max-image-preview":"max-image-preview:large","max-video-preview":"max-video-preview:-1"},"canonical":"https:\/\/www.ieec.cat\/es\/resolucion-del-segundo-concurso-de-ideas-de-casos-de-uso-de-observacion-de-la-tierra-para-el-sector-privado\/","og_locale":"es_ES","og_type":"article","og_title":"Resoluci\u00f3n del segundo Concurso de Ideas de Casos de Uso de Observaci\u00f3n de la Tierra para el Sector Privado - IEEC","og_description":"Los tres proyectos seleccionados servir\u00e1n para promocionar el uso de datos de sat\u00e9lite y visibilizar los beneficios que pueden obtener las empresas si incorporan a sus operativas datos del nanosat\u00e9lite \u2018Menut\u2019 de la Estrategia NewSpace de Catalunya","og_url":"https:\/\/www.ieec.cat\/es\/resolucion-del-segundo-concurso-de-ideas-de-casos-de-uso-de-observacion-de-la-tierra-para-el-sector-privado\/","og_site_name":"IEEC","article_published_time":"2025-05-08T14:33:39+00:00","article_modified_time":"2025-09-18T14:20:21+00:00","og_image":[{"width":919,"height":767,"url":"https:\/\/www.ieec.cat\/wp-content\/uploads\/2025\/05\/Creativitat-casos-us-II-imatge-MOT-V7-Miniatura-web-destacada-petita-CAT.jpg","type":"image\/jpeg"}],"author":"Javier Bueno","twitter_card":"summary_large_image","twitter_misc":{"Escrito por":"Javier Bueno","Tiempo de lectura":"11 minutos"},"schema":{"@context":"https:\/\/schema.org","@graph":[{"@type":"Article","@id":"https:\/\/www.ieec.cat\/es\/resolucion-del-segundo-concurso-de-ideas-de-casos-de-uso-de-observacion-de-la-tierra-para-el-sector-privado\/#article","isPartOf":{"@id":"https:\/\/www.ieec.cat\/es\/resolucion-del-segundo-concurso-de-ideas-de-casos-de-uso-de-observacion-de-la-tierra-para-el-sector-privado\/"},"author":{"name":"Javier Bueno","@id":"https:\/\/www.ieec.cat\/es\/#\/schema\/person\/322a07f3c26d150fb0ab2c84181ced4c"},"headline":"Resoluci\u00f3n del segundo Concurso de Ideas de Casos de Uso de Observaci\u00f3n de la Tierra para el Sector Privado","datePublished":"2025-05-08T14:33:39+00:00","dateModified":"2025-09-18T14:20:21+00:00","mainEntityOfPage":{"@id":"https:\/\/www.ieec.cat\/es\/resolucion-del-segundo-concurso-de-ideas-de-casos-de-uso-de-observacion-de-la-tierra-para-el-sector-privado\/"},"wordCount":2140,"image":{"@id":"https:\/\/www.ieec.cat\/es\/resolucion-del-segundo-concurso-de-ideas-de-casos-de-uso-de-observacion-de-la-tierra-para-el-sector-privado\/#primaryimage"},"thumbnailUrl":"https:\/\/www.ieec.cat\/wp-content\/uploads\/2025\/05\/Creativitat-casos-us-II-imatge-MOT-V7-Miniatura-web-destacada-petita-CAT.jpg","articleSection":["Anuncios","Convocatorias","NewSpace"],"inLanguage":"es"},{"@type":"WebPage","@id":"https:\/\/www.ieec.cat\/es\/resolucion-del-segundo-concurso-de-ideas-de-casos-de-uso-de-observacion-de-la-tierra-para-el-sector-privado\/","url":"https:\/\/www.ieec.cat\/es\/resolucion-del-segundo-concurso-de-ideas-de-casos-de-uso-de-observacion-de-la-tierra-para-el-sector-privado\/","name":"Resoluci\u00f3n del segundo Concurso de Ideas de Casos de Uso de Observaci\u00f3n de la Tierra para el Sector Privado - IEEC","isPartOf":{"@id":"https:\/\/www.ieec.cat\/es\/#website"},"primaryImageOfPage":{"@id":"https:\/\/www.ieec.cat\/es\/resolucion-del-segundo-concurso-de-ideas-de-casos-de-uso-de-observacion-de-la-tierra-para-el-sector-privado\/#primaryimage"},"image":{"@id":"https:\/\/www.ieec.cat\/es\/resolucion-del-segundo-concurso-de-ideas-de-casos-de-uso-de-observacion-de-la-tierra-para-el-sector-privado\/#primaryimage"},"thumbnailUrl":"https:\/\/www.ieec.cat\/wp-content\/uploads\/2025\/05\/Creativitat-casos-us-II-imatge-MOT-V7-Miniatura-web-destacada-petita-CAT.jpg","datePublished":"2025-05-08T14:33:39+00:00","dateModified":"2025-09-18T14:20:21+00:00","author":{"@id":"https:\/\/www.ieec.cat\/es\/#\/schema\/person\/322a07f3c26d150fb0ab2c84181ced4c"},"breadcrumb":{"@id":"https:\/\/www.ieec.cat\/es\/resolucion-del-segundo-concurso-de-ideas-de-casos-de-uso-de-observacion-de-la-tierra-para-el-sector-privado\/#breadcrumb"},"inLanguage":"es","potentialAction":[{"@type":"ReadAction","target":["https:\/\/www.ieec.cat\/es\/resolucion-del-segundo-concurso-de-ideas-de-casos-de-uso-de-observacion-de-la-tierra-para-el-sector-privado\/"]}]},{"@type":"ImageObject","inLanguage":"es","@id":"https:\/\/www.ieec.cat\/es\/resolucion-del-segundo-concurso-de-ideas-de-casos-de-uso-de-observacion-de-la-tierra-para-el-sector-privado\/#primaryimage","url":"https:\/\/www.ieec.cat\/wp-content\/uploads\/2025\/05\/Creativitat-casos-us-II-imatge-MOT-V7-Miniatura-web-destacada-petita-CAT.jpg","contentUrl":"https:\/\/www.ieec.cat\/wp-content\/uploads\/2025\/05\/Creativitat-casos-us-II-imatge-MOT-V7-Miniatura-web-destacada-petita-CAT.jpg","width":919,"height":767},{"@type":"BreadcrumbList","@id":"https:\/\/www.ieec.cat\/es\/resolucion-del-segundo-concurso-de-ideas-de-casos-de-uso-de-observacion-de-la-tierra-para-el-sector-privado\/#breadcrumb","itemListElement":[{"@type":"ListItem","position":1,"name":"Portada","item":"https:\/\/www.ieec.cat\/es\/"},{"@type":"ListItem","position":2,"name":"Resoluci\u00f3n del segundo Concurso de Ideas de Casos de Uso de Observaci\u00f3n de la Tierra para el Sector Privado"}]},{"@type":"WebSite","@id":"https:\/\/www.ieec.cat\/es\/#website","url":"https:\/\/www.ieec.cat\/es\/","name":"IEEC","description":"Institut d&#039;Estudis Espacials de Catalunya","potentialAction":[{"@type":"SearchAction","target":{"@type":"EntryPoint","urlTemplate":"https:\/\/www.ieec.cat\/es\/?s={search_term_string}"},"query-input":{"@type":"PropertyValueSpecification","valueRequired":true,"valueName":"search_term_string"}}],"inLanguage":"es"},{"@type":"Person","@id":"https:\/\/www.ieec.cat\/es\/#\/schema\/person\/322a07f3c26d150fb0ab2c84181ced4c","name":"Javier Bueno","image":{"@type":"ImageObject","inLanguage":"es","@id":"https:\/\/secure.gravatar.com\/avatar\/4d48f3381f239f9e12ab1bd3e78402f1144081a2afb1cb5bc1b5ec38effae7c9?s=96&d=mm&r=g","url":"https:\/\/secure.gravatar.com\/avatar\/4d48f3381f239f9e12ab1bd3e78402f1144081a2afb1cb5bc1b5ec38effae7c9?s=96&d=mm&r=g","contentUrl":"https:\/\/secure.gravatar.com\/avatar\/4d48f3381f239f9e12ab1bd3e78402f1144081a2afb1cb5bc1b5ec38effae7c9?s=96&d=mm&r=g","caption":"Javier Bueno"}}]}},"_links":{"self":[{"href":"https:\/\/www.ieec.cat\/es\/wp-json\/wp\/v2\/posts\/35213","targetHints":{"allow":["GET"]}}],"collection":[{"href":"https:\/\/www.ieec.cat\/es\/wp-json\/wp\/v2\/posts"}],"about":[{"href":"https:\/\/www.ieec.cat\/es\/wp-json\/wp\/v2\/types\/post"}],"author":[{"embeddable":true,"href":"https:\/\/www.ieec.cat\/es\/wp-json\/wp\/v2\/users\/7"}],"replies":[{"embeddable":true,"href":"https:\/\/www.ieec.cat\/es\/wp-json\/wp\/v2\/comments?post=35213"}],"version-history":[{"count":15,"href":"https:\/\/www.ieec.cat\/es\/wp-json\/wp\/v2\/posts\/35213\/revisions"}],"predecessor-version":[{"id":39405,"href":"https:\/\/www.ieec.cat\/es\/wp-json\/wp\/v2\/posts\/35213\/revisions\/39405"}],"wp:featuredmedia":[{"embeddable":true,"href":"https:\/\/www.ieec.cat\/es\/wp-json\/wp\/v2\/media\/35454"}],"wp:attachment":[{"href":"https:\/\/www.ieec.cat\/es\/wp-json\/wp\/v2\/media?parent=35213"}],"wp:term":[{"taxonomy":"category","embeddable":true,"href":"https:\/\/www.ieec.cat\/es\/wp-json\/wp\/v2\/categories?post=35213"},{"taxonomy":"post_tag","embeddable":true,"href":"https:\/\/www.ieec.cat\/es\/wp-json\/wp\/v2\/tags?post=35213"}],"curies":[{"name":"wp","href":"https:\/\/api.w.org\/{rel}","templated":true}]}}