{"id":35411,"date":"2025-05-13T16:34:55","date_gmt":"2025-05-13T14:34:55","guid":{"rendered":"https:\/\/www.ieec.cat\/?p=35411"},"modified":"2025-05-16T12:43:25","modified_gmt":"2025-05-16T10:43:25","slug":"descubre-mare-un-proyecto-para-optimizar-la-gestion-del-agua-mediante-tecnologia-satelital","status":"publish","type":"post","link":"https:\/\/www.ieec.cat\/es\/descubre-mare-un-proyecto-para-optimizar-la-gestion-del-agua-mediante-tecnologia-satelital\/","title":{"rendered":"\u00a1Descubre MARE! Un proyecto para optimizar la gesti\u00f3n del agua mediante tecnolog\u00eda satelital"},"content":{"rendered":"<p>[et_pb_section fb_built=\u00bb1&#8243; _builder_version=\u00bb4.16&#8243; _module_preset=\u00bbdefault\u00bb background_image=\u00bbhttps:\/\/www.ieec.cat\/wp-content\/uploads\/2022\/02\/slider-comunicacio.jpg\u00bb max_height=\u00bb130px\u00bb custom_padding=\u00bb0px||0px||false|false\u00bb da_disable_devices=\u00bboff|off|off\u00bb global_colors_info=\u00bb{}\u00bb da_is_popup=\u00bboff\u00bb da_exit_intent=\u00bboff\u00bb da_has_close=\u00bbon\u00bb da_alt_close=\u00bboff\u00bb da_dark_close=\u00bboff\u00bb da_not_modal=\u00bbon\u00bb da_is_singular=\u00bboff\u00bb da_with_loader=\u00bboff\u00bb da_has_shadow=\u00bbon\u00bb][\/et_pb_section][et_pb_section fb_built=\u00bb1&#8243; _builder_version=\u00bb4.16&#8243; _module_preset=\u00bbdefault\u00bb custom_padding=\u00bb24px||11px|||\u00bb da_disable_devices=\u00bboff|off|off\u00bb global_colors_info=\u00bb{}\u00bb da_is_popup=\u00bboff\u00bb da_exit_intent=\u00bboff\u00bb da_has_close=\u00bbon\u00bb da_alt_close=\u00bboff\u00bb da_dark_close=\u00bboff\u00bb da_not_modal=\u00bbon\u00bb da_is_singular=\u00bboff\u00bb da_with_loader=\u00bboff\u00bb da_has_shadow=\u00bbon\u00bb][et_pb_row _builder_version=\u00bb4.16&#8243; _module_preset=\u00bbdefault\u00bb custom_padding=\u00bb||||false|false\u00bb global_colors_info=\u00bb{}\u00bb][et_pb_column type=\u00bb4_4&#8243; _builder_version=\u00bb4.16&#8243; _module_preset=\u00bbdefault\u00bb global_colors_info=\u00bb{}\u00bb][et_pb_text module_class=\u00bbieec-orgs\u00bb _builder_version=\u00bb4.27.4&#8243; _dynamic_attributes=\u00bbcontent\u00bb _module_preset=\u00bbdefault\u00bb text_font=\u00bb|700||on|||||\u00bb text_font_size=\u00bb16px\u00bb header_font=\u00bb|700|||||||\u00bb text_orientation=\u00bbcenter\u00bb custom_margin=\u00bb||10px||false|false\u00bb header_font_size_tablet=\u00bb28px\u00bb header_font_size_phone=\u00bb26px\u00bb header_font_size_last_edited=\u00bbon|phone\u00bb global_colors_info=\u00bb{}\u00bb]@ET-DC@eyJkeW5hbWljIjp0cnVlLCJjb250ZW50IjoiY3VzdG9tX21ldGFfb3JnYW5pemFjaW9uZXMiLCJzZXR0aW5ncyI6eyJiZWZvcmUiOiIiLCJhZnRlciI6IiIsImVuYWJsZV9odG1sIjoib2ZmIn19@[\/et_pb_text][et_pb_post_title author=\u00bboff\u00bb categories=\u00bboff\u00bb comments=\u00bboff\u00bb featured_image=\u00bboff\u00bb module_class=\u00bbieec-title et_pb_text_align_center\u00bb _builder_version=\u00bb4.27.4&#8243; _module_preset=\u00bbdefault\u00bb title_font=\u00bbCairo|300|||||||\u00bb title_text_align=\u00bbcenter\u00bb title_font_size=\u00bb40px\u00bb meta_font=\u00bb||on||||||\u00bb meta_text_align=\u00bbcenter\u00bb meta_font_size=\u00bb16px\u00bb title_font_size_tablet=\u00bb35px\u00bb title_font_size_phone=\u00bb30px\u00bb title_font_size_last_edited=\u00bbon|desktop\u00bb global_colors_info=\u00bb{}\u00bb][\/et_pb_post_title][\/et_pb_column][\/et_pb_row][et_pb_row column_structure=\u00bb1_2,1_2&#8243; _builder_version=\u00bb4.16&#8243; _module_preset=\u00bbdefault\u00bb global_colors_info=\u00bb{}\u00bb][et_pb_column type=\u00bb1_2&#8243; _builder_version=\u00bb4.16&#8243; _module_preset=\u00bbdefault\u00bb global_colors_info=\u00bb{}\u00bb][et_pb_image src=\u00bbhttps:\/\/www.ieec.cat\/wp-content\/uploads\/2025\/05\/Captura-de-pantalla-2025-05-13-104810-1.jpg\u00bb _builder_version=\u00bb4.27.4&#8243; _module_preset=\u00bbdefault\u00bb custom_margin=\u00bb||-1px|||\u00bb global_colors_info=\u00bb{}\u00bb][\/et_pb_image][et_pb_text module_class=\u00bbieec-img-footer\u00bb _builder_version=\u00bb4.27.4&#8243; _module_preset=\u00bbdefault\u00bb text_font=\u00bb||||||||\u00bb text_font_size=\u00bb15px\u00bb text_line_height=\u00bb1.1em\u00bb background_color=\u00bbrgba(64,111,218,0.15)\u00bb custom_margin=\u00bb0px||||false|false\u00bb custom_padding=\u00bb30px|20px|30px|20px|true|true\u00bb global_colors_info=\u00bb{}\u00bb]<\/p>\n<p>Miembros del IEEC e IsardSAT que han colaborado en el desarrollo del proyecto MARE.<strong> IEEC<\/strong><\/p>\n<p>[\/et_pb_text][\/et_pb_column][et_pb_column type=\u00bb1_2&#8243; _builder_version=\u00bb4.16&#8243; _module_preset=\u00bbdefault\u00bb global_colors_info=\u00bb{}\u00bb][et_pb_text _builder_version=\u00bb4.27.4&#8243; _module_preset=\u00bbdefault\u00bb link_font=\u00bb|700|||on||||\u00bb global_colors_info=\u00bb{}\u00bb]<\/p>\n<p><span style=\"font-weight: 400;\">La Observaci\u00f3n de la Tierra es una herramienta clave en sectores como el agr\u00edcola, ofreciendo informaci\u00f3n precisa para optimizar procesos y tomar decisiones basadas en datos reales.<\/span><\/p>\n<p><span style=\"font-weight: 400;\">El proyecto <\/span><b>MARE<\/b><span style=\"font-weight: 400;\">, desarrollado por la empresa <\/span><a href=\"https:\/\/www.isardsat.cat\/ca\" target=\"_blank\" rel=\"noopener\"><span style=\"font-weight: 400;\">isardSAT<\/span><\/a><span style=\"font-weight: 400;\">, ha creado una <\/span><b>metodolog\u00eda innovadora utilizando datos de sat\u00e9lites<\/b><span style=\"font-weight: 400;\"> para tener una visi\u00f3n integral de la sequ\u00eda y la necesidad de agua de los cultivos. El \u00e1mbito de actuaci\u00f3n se ha centrado en las comunidades de regantes de Aig\u00fces Segarra-Garrigues y la Terra Alta, con el fin de <\/span><b>optimizar el riego agr\u00edcola y garantizar una gesti\u00f3n eficiente de los recursos h\u00eddricos<\/b><span style=\"font-weight: 400;\">.<\/span><\/p>\n<p><span style=\"font-weight: 400;\">Utilizando observaciones desde 2015 de los sat\u00e9lites SMAP y Landsat de la NASA, y nuevos algoritmos desarrollados por isardSAT, <\/span><b>MARE ha generado mapas de un nuevo \u00edndice de sequ\u00eda y de las estimaciones semanales del contenido de agua en el suelo agr\u00edcola<\/b><span style=\"font-weight: 400;\">.<\/span><\/p>\n<p>[\/et_pb_text][\/et_pb_column][\/et_pb_row][et_pb_row _builder_version=\u00bb4.16&#8243; _module_preset=\u00bbdefault\u00bb global_colors_info=\u00bb{}\u00bb][et_pb_column type=\u00bb4_4&#8243; _builder_version=\u00bb4.16&#8243; _module_preset=\u00bbdefault\u00bb global_colors_info=\u00bb{}\u00bb][et_pb_text _builder_version=\u00bb4.27.4&#8243; _module_preset=\u00bbdefault\u00bb link_font=\u00bb|700|||on||||\u00bb locked=\u00bboff\u00bb global_colors_info=\u00bb{}\u00bb]<\/p>\n<p><span style=\"font-weight: 400;\">Estos mapas, con una resoluci\u00f3n innovadora de 100 metros, permiten <\/span><b>anticipar la disponibilidad de agua para los cultivos<\/b><span style=\"font-weight: 400;\"> y analizar el estado h\u00eddrico del suelo en relaci\u00f3n con la media de los \u00faltimos 10 a\u00f1os (para saber si est\u00e1 m\u00e1s seco o m\u00e1s h\u00famedo), de forma semanal. Esta informaci\u00f3n es esencial para <\/span><b>optimizar al m\u00e1ximo el uso del agua y facilitar la toma de decisiones basada en datos reales<\/b><span style=\"font-weight: 400;\">.<\/span><\/p>\n<p><span style=\"font-weight: 400;\">El proyecto ha sido enmarcado dentro del<\/span><a href=\"https:\/\/www.ieec.cat\/es\/resolucion-del-primer-concurso-de-ideas-de-casos-de-uso-de-observacion-de-la-tierra-para-el-sector-privado\/\" target=\"_blank\" rel=\"noopener\"><span style=\"font-weight: 400;\"> primer \u2018Concurso de Ideas de Casos de Uso de Observaci\u00f3n de la Tierra para el sector privado\u2019<\/span><\/a><span style=\"font-weight: 400;\">, coordinado por el <\/span><a href=\"https:\/\/www.ieec.cat\/es\/\" target=\"_blank\" rel=\"noopener\"><span style=\"font-weight: 400;\">Institut d\u2019Estudis Espacials de Catalunya<\/span><\/a><span style=\"font-weight: 400;\"> (IEEC) en colaboraci\u00f3n con el Institut Cartogr\u00e0fic i Geol\u00f2gic de Catalunya (ICGC). La iniciativa se enmarca dentro de la <\/span><a href=\"https:\/\/politiquesdigitals.gencat.cat\/ca\/economia\/estrategia-new-space-catalunya\/index.html#googtrans(ca%7Ces)\" target=\"_blank\" rel=\"noopener\"><span style=\"font-weight: 400;\">Estrategia NewSpace de Catalunya<\/span><\/a><span style=\"font-weight: 400;\">, impulsada por el Govern de la Generalitat y desplegada en colaboraci\u00f3n con el IEEC, el ICGC y la Fundaci\u00f3n i2CAT.<\/span><\/p>\n<p>[\/et_pb_text][et_pb_video src=\u00bbhttps:\/\/www.youtube.com\/watch?v=dNoDQUJ8o2o\u00bb play_icon_color=\u00bb#1E2793&#8243; _builder_version=\u00bb4.27.4&#8243; _module_preset=\u00bbdefault\u00bb width=\u00bb100%\u00bb max_width=\u00bb75%\u00bb module_alignment=\u00bbcenter\u00bb global_colors_info=\u00bb{}\u00bb][\/et_pb_video][\/et_pb_column][\/et_pb_row][et_pb_row _builder_version=\u00bb4.16&#8243; _module_preset=\u00bbdefault\u00bb custom_padding=\u00bb||0px|||\u00bb global_colors_info=\u00bb{}\u00bb][et_pb_column type=\u00bb4_4&#8243; _builder_version=\u00bb4.16&#8243; _module_preset=\u00bbdefault\u00bb global_colors_info=\u00bb{}\u00bb][et_pb_text module_class=\u00bbsection-title\u00bb _builder_version=\u00bb4.27.4&#8243; _module_preset=\u00bbdefault\u00bb header_2_font=\u00bb|700|||||||\u00bb header_2_font_size=\u00bb25px\u00bb header_2_font_size_tablet=\u00bb23px\u00bb header_2_font_size_phone=\u00bb23px\u00bb header_2_font_size_last_edited=\u00bbon|phone\u00bb global_colors_info=\u00bb{}\u00bb]<\/p>\n<h2>Aumento de la resoluci\u00f3n gracias a Menut<\/h2>\n<p>[\/et_pb_text][et_pb_text _builder_version=\u00bb4.27.4&#8243; _module_preset=\u00bbdefault\u00bb link_font=\u00bb|700|||on||||\u00bb hover_enabled=\u00bb0&#8243; locked=\u00bboff\u00bb global_colors_info=\u00bb{}\u00bb sticky_enabled=\u00bb0&#8243;]<\/p>\n<p><span style=\"font-weight: 400;\">Uno de los aspectos m\u00e1s destacados del proyecto ha sido la incorporaci\u00f3n de <\/span>datos de <a href=\"https:\/\/politiquesdigitals.gencat.cat\/ca\/economia\/estrategia-new-space-catalunya\/missions-satellitaries\/menut\/\" target=\"_blank\" rel=\"noopener\"><b>Menut<\/b><\/a><b>, <\/b>el segundo nanosat\u00e9lite de la Generalitat de Catalunya<span style=\"font-weight: 400;\">, puesto en \u00f3rbita en el marco de la Estrategia NewSpace en enero de 2023. <strong>Los datos de Menut<\/strong> se han integrado con los del <\/span>sat\u00e9lite de observaci\u00f3n de la Tierra <b>Sentinel-3<\/b><span style=\"font-weight: 400;\"> \u2014del <\/span><a href=\"https:\/\/www.copernicus.eu\/es\/sobre-copernicus\" target=\"_blank\" rel=\"noopener\"><span style=\"font-weight: 400;\">programa Copernicus de la Uni\u00f3n Europea<\/span><\/a><span style=\"font-weight: 400;\"> que proporciona mapas de temperatura superficial terrestre a una resoluci\u00f3n de 1 km\u2014, y con los de los satelites SMOS (ESA) y SMAP (NASA) \u2014que proporcionean la humedad del suelo\u2014.<\/span><\/p>\n<p><span style=\"font-weight: 400;\">La combinaci\u00f3n de estos datos, junto con el uso de t\u00e9cnicas de inteligencia artificial, ha permitido <\/span>generar mapas de temperatura y humedad del suelo con una <b>resoluci\u00f3n pionera de 5 metros<\/b> <span style=\"font-weight: 400;\">(ver imagen inferior)<\/span><span style=\"font-weight: 400;\">. Esta mejora ofrece una visi\u00f3n precisa del estado h\u00eddrico a escala de parcela, identificando las diferencias de humedad entre los campos y los caminos que los rodean, para optimizar la gesti\u00f3n de los recursos h\u00eddricos.<\/span><\/p>\n<p>[\/et_pb_text][et_pb_image src=\u00bbhttps:\/\/www.ieec.cat\/wp-content\/uploads\/2025\/05\/Combinacio-MARE-100m-5m-resolucio.jpg\u00bb _builder_version=\u00bb4.27.4&#8243; _module_preset=\u00bbdefault\u00bb custom_margin=\u00bb||-1px|||\u00bb global_colors_info=\u00bb{}\u00bb][\/et_pb_image][et_pb_text module_class=\u00bbieec-img-footer\u00bb _builder_version=\u00bb4.27.4&#8243; _module_preset=\u00bbdefault\u00bb text_font=\u00bb||||||||\u00bb text_font_size=\u00bb15px\u00bb text_line_height=\u00bb1.1em\u00bb background_color=\u00bbrgba(64,111,218,0.15)\u00bb custom_margin=\u00bb0px||||false|false\u00bb custom_padding=\u00bb30px|20px|30px|20px|true|true\u00bb global_colors_info=\u00bb{}\u00bb]<\/p>\n<p><span style=\"font-weight: 400;\">Comparaci\u00f3n de los mapas de humedad del suelo a resoluciones de 100 metros, con datos de los sat\u00e9lites SMAP de la NASA y Landsat 7, 8 y 9 (izquierda); y de 5 metros, con datos de Menut, Sentinel-3 y SMOS\/SMAP (derecha), sobre parcelas concretas del Delta de l&#8217;Ebre (Catalunya). <\/span><strong>isardSAT<\/strong><\/p>\n<p>[\/et_pb_text][\/et_pb_column][\/et_pb_row][et_pb_row _builder_version=\u00bb4.16&#8243; _module_preset=\u00bbdefault\u00bb custom_margin=\u00bb|auto|-24px|auto||\u00bb global_colors_info=\u00bb{}\u00bb][et_pb_column type=\u00bb4_4&#8243; _builder_version=\u00bb4.16&#8243; _module_preset=\u00bbdefault\u00bb global_colors_info=\u00bb{}\u00bb][et_pb_text _builder_version=\u00bb4.27.4&#8243; _module_preset=\u00bbdefault\u00bb link_font=\u00bb|700|||on||||\u00bb locked=\u00bboff\u00bb global_colors_info=\u00bb{}\u00bb]<\/p>\n<p><span style=\"font-weight: 400;\">Proyectos como MARE demuestran la capacidad de las tecnolog\u00edas NewSpace para abrir <\/span><b>nuevas perspectivas en el monitoreo y la gesti\u00f3n de la sequ\u00eda<\/b><span style=\"font-weight: 400;\">, permitiendo a los agricultores y responsables de la gesti\u00f3n h\u00eddrica adoptar soluciones m\u00e1s eficientes y sostenibles para enfrentar los retos del cambio clim\u00e1tico.<\/span><\/p>\n<p>[\/et_pb_text][et_pb_divider color=\u00bb#406fda\u00bb _builder_version=\u00bb4.16&#8243; _module_preset=\u00bbdefault\u00bb custom_margin=\u00bb||-28px||false|false\u00bb locked=\u00bboff\u00bb global_colors_info=\u00bb{}\u00bb][\/et_pb_divider][\/et_pb_column][\/et_pb_row][et_pb_row _builder_version=\u00bb4.27.4&#8243; _module_preset=\u00bbdefault\u00bb global_colors_info=\u00bb{}\u00bb][et_pb_column type=\u00bb4_4&#8243; _builder_version=\u00bb4.27.4&#8243; _module_preset=\u00bbdefault\u00bb global_colors_info=\u00bb{}\u00bb][et_pb_text module_class=\u00bbieec-sub-title\u00bb _builder_version=\u00bb4.27.4&#8243; _module_preset=\u00bbdefault\u00bb text_font=\u00bbCairo|700|||||||\u00bb text_text_color=\u00bb#406fda\u00bb text_font_size=\u00bb20px\u00bb custom_margin=\u00bb||10px||false|false\u00bb locked=\u00bboff\u00bb global_colors_info=\u00bb{}\u00bb]<\/p>\n<p>Explorador MARE<\/p>\n<p>[\/et_pb_text][et_pb_text _builder_version=\u00bb4.27.4&#8243; _module_preset=\u00bbdefault\u00bb link_font=\u00bb|700|||on||||\u00bb locked=\u00bboff\u00bb global_colors_info=\u00bb{}\u00bb]<\/p>\n<p><span style=\"font-weight: 400;\"><\/span><\/p>\n<p>El proyecto MARE permite consultar los datos semanales de la sequ\u00eda desde abril de 2015 hasta 2023:<\/p>\n<p>[\/et_pb_text][et_pb_button button_url=\u00bbhttps:\/\/mare.isardsat.com\/producte?delta=eyIvcHJlc2V0cy9vc3RhL3Bvc2l0aW9ucy8wL3pvb20iOjE3LjgxMzc4MTE5MTIxNzA0LCIvcHJlc2V0cy9vc3RhL3Bvc2l0aW9ucy8wL2xvbmdpdHVkZSI6MH0%3D\u00bb url_new_window=\u00bbon\u00bb button_text=\u00bbexplorar\u00bb button_alignment=\u00bbleft\u00bb _builder_version=\u00bb4.27.4&#8243; _module_preset=\u00bbdefault\u00bb custom_button=\u00bbon\u00bb button_text_color=\u00bb#1E2793&#8243; button_bg_color=\u00bbrgba(26,17,64,0.1)\u00bb button_font=\u00bb|||on|||||\u00bb button_on_hover=\u00bboff\u00bb custom_margin=\u00bb30px||||false|false\u00bb custom_padding=\u00bb12px|45px|12px|35px|true|false\u00bb locked=\u00bboff\u00bb global_colors_info=\u00bb{}\u00bb button_bg_color__hover_enabled=\u00bbon|hover\u00bb button_bg_color__hover=\u00bb#406fda\u00bb button_bg_enable_color__hover=\u00bbon\u00bb button_text_color__hover_enabled=\u00bbon|hover\u00bb button_text_color__hover=\u00bb#FFFFFF\u00bb][\/et_pb_button][\/et_pb_column][\/et_pb_row][et_pb_row module_class=\u00bbieec-about\u00bb _builder_version=\u00bb4.27.2&#8243; _module_preset=\u00bbdefault\u00bb background_color=\u00bbrgba(64,111,218,0.15)\u00bb global_colors_info=\u00bb{}\u00bb][et_pb_column type=\u00bb4_4&#8243; _builder_version=\u00bb4.16&#8243; _module_preset=\u00bbdefault\u00bb custom_padding=\u00bb20px|50px|20px|50px|true|true\u00bb global_colors_info=\u00bb{}\u00bb][et_pb_text admin_label=\u00bbSobre l&#8217;IEEC\u00bb _builder_version=\u00bb4.27.4&#8243; _module_preset=\u00bbdefault\u00bb header_2_font=\u00bb|700|||||||\u00bb header_2_font_size=\u00bb25px\u00bb custom_margin=\u00bb||10px||false|false\u00bb header_2_font_size_tablet=\u00bb23px\u00bb header_2_font_size_phone=\u00bb23px\u00bb header_2_font_size_last_edited=\u00bbon|phone\u00bb locked=\u00bboff\u00bb global_colors_info=\u00bb{}\u00bb]<\/p>\n<h2>Sobre el IEEC<\/h2>\n<p>[\/et_pb_text][et_pb_text _builder_version=\u00bb4.27.4&#8243; _module_preset=\u00bbdefault\u00bb text_font=\u00bb||on||||||\u00bb link_font=\u00bb|700|||on||||\u00bb locked=\u00bboff\u00bb global_colors_info=\u00bb{}\u00bb]<\/p>\n<p>El Institut d\u2019Estudis Espacials de Catalunya (IEEC) promueve y coordina la investigaci\u00f3n y el desarrollo tecnol\u00f3gico espacial en Catalu\u00f1a en beneficio de la sociedad. El IEEC fomenta las colaboraciones tanto a nivel local como mundial, y es un eficiente agente de transferencia de conocimiento, innovaci\u00f3n y tecnolog\u00eda. Como resultado de m\u00e1s de 25 a\u00f1os de investigaci\u00f3n de alta calidad, llevada a cabo en colaboraci\u00f3n con las principales organizaciones internacionales, el IEEC se encuentra entre los mejores centros de investigaci\u00f3n internacionales, centrados en \u00e1reas como: astrof\u00edsica, cosmolog\u00eda, ciencias planetarias y observaci\u00f3n de la Tierra. La divisi\u00f3n de ingenier\u00eda del IEEC desarrolla instrumentaci\u00f3n para proyectos terrestres y espaciales, y tiene una amplia experiencia trabajando con organizaciones privadas y p\u00fablicas del sector aeroespacial y otros sectores de innovaci\u00f3n.<\/p>\n<p>El IEEC es una fundaci\u00f3n del sector p\u00fablico sin \u00e1nimo de lucro, fundada en febrero de 1996. Est\u00e1 regida por un Patronato compuesto por la Generalitat de Catalunya, la Universitat de Barcelona (UB), la Universitat Aut\u00f2noma de Barcelona (UAB), la Universitat Polit\u00e8cnica de Catalunya \u00b7 BarcelonaTech (UPC), y el Consejo Superior de Investigaciones Cient\u00edficas (CSIC). El IEEC es tambi\u00e9n un centro CERCA (Centres de Recerca de Catalunya).<\/p>\n<p>[\/et_pb_text][\/et_pb_column][\/et_pb_row][\/et_pb_section]<\/p>\n","protected":false},"excerpt":{"rendered":"<p>El proyecto MARE, desarrollado por la empresa isardSAT, ha creado una metodolog\u00eda innovadora utilizando datos de sat\u00e9lites para tener una visi\u00f3n integral de la sequ\u00eda y la necesidad de agua de los cultivos.<\/p>\n","protected":false},"author":12,"featured_media":35399,"comment_status":"closed","ping_status":"closed","sticky":false,"template":"","format":"standard","meta":{"_et_pb_use_builder":"on","_et_pb_old_content":"","_et_gb_content_width":"","footnotes":""},"categories":[70,78,134],"tags":[],"class_list":["post-35411","post","type-post","status-publish","format-standard","has-post-thumbnail","hentry","category-anuncios","category-institucional-es","category-newspace-es-2"],"yoast_head":"<!-- This site is optimized with the Yoast SEO plugin v27.4 - https:\/\/yoast.com\/product\/yoast-seo-wordpress\/ -->\n<title>\u00a1Descubre MARE! Un proyecto para optimizar la gesti\u00f3n del agua mediante tecnolog\u00eda satelital - IEEC<\/title>\n<meta name=\"description\" content=\"El proyecto MARE, desarrollado por la empresa isardSAT, ha creado una metodolog\u00eda innovadora utilizando datos de sat\u00e9lites para tener una visi\u00f3n integral de la sequ\u00eda y la necesidad de agua de los cultivos.\" \/>\n<meta name=\"robots\" content=\"index, follow, max-snippet:-1, max-image-preview:large, max-video-preview:-1\" \/>\n<link rel=\"canonical\" href=\"https:\/\/www.ieec.cat\/es\/descubre-mare-un-proyecto-para-optimizar-la-gestion-del-agua-mediante-tecnologia-satelital\/\" \/>\n<meta property=\"og:locale\" content=\"es_ES\" \/>\n<meta property=\"og:type\" content=\"article\" \/>\n<meta property=\"og:title\" content=\"\u00a1Descubre MARE! Un proyecto para optimizar la gesti\u00f3n del agua mediante tecnolog\u00eda satelital - IEEC\" \/>\n<meta property=\"og:description\" content=\"El proyecto MARE, desarrollado por la empresa isardSAT, ha creado una metodolog\u00eda innovadora utilizando datos de sat\u00e9lites para tener una visi\u00f3n integral de la sequ\u00eda y la necesidad de agua de los cultivos.\" \/>\n<meta property=\"og:url\" content=\"https:\/\/www.ieec.cat\/es\/descubre-mare-un-proyecto-para-optimizar-la-gestion-del-agua-mediante-tecnologia-satelital\/\" \/>\n<meta property=\"og:site_name\" content=\"IEEC\" \/>\n<meta property=\"article:published_time\" content=\"2025-05-13T14:34:55+00:00\" \/>\n<meta property=\"article:modified_time\" content=\"2025-05-16T10:43:25+00:00\" \/>\n<meta property=\"og:image\" content=\"https:\/\/www.ieec.cat\/wp-content\/uploads\/2025\/05\/Captura-de-pantalla-2025-05-13-104810-1.jpg\" \/>\n\t<meta property=\"og:image:width\" content=\"2048\" \/>\n\t<meta property=\"og:image:height\" content=\"1298\" \/>\n\t<meta property=\"og:image:type\" content=\"image\/jpeg\" \/>\n<meta name=\"author\" content=\"Quim Portet\" \/>\n<meta name=\"twitter:card\" content=\"summary_large_image\" \/>\n<meta name=\"twitter:label1\" content=\"Escrito por\" \/>\n\t<meta name=\"twitter:data1\" content=\"Quim Portet\" \/>\n\t<meta name=\"twitter:label2\" content=\"Tiempo de lectura\" \/>\n\t<meta name=\"twitter:data2\" content=\"10 minutos\" \/>\n<script type=\"application\/ld+json\" class=\"yoast-schema-graph\">{\"@context\":\"https:\\\/\\\/schema.org\",\"@graph\":[{\"@type\":\"Article\",\"@id\":\"https:\\\/\\\/www.ieec.cat\\\/es\\\/descubre-mare-un-proyecto-para-optimizar-la-gestion-del-agua-mediante-tecnologia-satelital\\\/#article\",\"isPartOf\":{\"@id\":\"https:\\\/\\\/www.ieec.cat\\\/es\\\/descubre-mare-un-proyecto-para-optimizar-la-gestion-del-agua-mediante-tecnologia-satelital\\\/\"},\"author\":{\"name\":\"Quim Portet\",\"@id\":\"https:\\\/\\\/www.ieec.cat\\\/es\\\/#\\\/schema\\\/person\\\/43b811417c01b54ef9dd522dad92fc50\"},\"headline\":\"\u00a1Descubre MARE! Un proyecto para optimizar la gesti\u00f3n del agua mediante tecnolog\u00eda satelital\",\"datePublished\":\"2025-05-13T14:34:55+00:00\",\"dateModified\":\"2025-05-16T10:43:25+00:00\",\"mainEntityOfPage\":{\"@id\":\"https:\\\/\\\/www.ieec.cat\\\/es\\\/descubre-mare-un-proyecto-para-optimizar-la-gestion-del-agua-mediante-tecnologia-satelital\\\/\"},\"wordCount\":1959,\"image\":{\"@id\":\"https:\\\/\\\/www.ieec.cat\\\/es\\\/descubre-mare-un-proyecto-para-optimizar-la-gestion-del-agua-mediante-tecnologia-satelital\\\/#primaryimage\"},\"thumbnailUrl\":\"https:\\\/\\\/www.ieec.cat\\\/wp-content\\\/uploads\\\/2025\\\/05\\\/Captura-de-pantalla-2025-05-13-104810-1.jpg\",\"articleSection\":[\"Anuncios\",\"Institucional\",\"NewSpace\"],\"inLanguage\":\"es\"},{\"@type\":\"WebPage\",\"@id\":\"https:\\\/\\\/www.ieec.cat\\\/es\\\/descubre-mare-un-proyecto-para-optimizar-la-gestion-del-agua-mediante-tecnologia-satelital\\\/\",\"url\":\"https:\\\/\\\/www.ieec.cat\\\/es\\\/descubre-mare-un-proyecto-para-optimizar-la-gestion-del-agua-mediante-tecnologia-satelital\\\/\",\"name\":\"\u00a1Descubre MARE! Un proyecto para optimizar la gesti\u00f3n del agua mediante tecnolog\u00eda satelital - IEEC\",\"isPartOf\":{\"@id\":\"https:\\\/\\\/www.ieec.cat\\\/es\\\/#website\"},\"primaryImageOfPage\":{\"@id\":\"https:\\\/\\\/www.ieec.cat\\\/es\\\/descubre-mare-un-proyecto-para-optimizar-la-gestion-del-agua-mediante-tecnologia-satelital\\\/#primaryimage\"},\"image\":{\"@id\":\"https:\\\/\\\/www.ieec.cat\\\/es\\\/descubre-mare-un-proyecto-para-optimizar-la-gestion-del-agua-mediante-tecnologia-satelital\\\/#primaryimage\"},\"thumbnailUrl\":\"https:\\\/\\\/www.ieec.cat\\\/wp-content\\\/uploads\\\/2025\\\/05\\\/Captura-de-pantalla-2025-05-13-104810-1.jpg\",\"datePublished\":\"2025-05-13T14:34:55+00:00\",\"dateModified\":\"2025-05-16T10:43:25+00:00\",\"author\":{\"@id\":\"https:\\\/\\\/www.ieec.cat\\\/es\\\/#\\\/schema\\\/person\\\/43b811417c01b54ef9dd522dad92fc50\"},\"description\":\"El proyecto MARE, desarrollado por la empresa isardSAT, ha creado una metodolog\u00eda innovadora utilizando datos de sat\u00e9lites para tener una visi\u00f3n integral de la sequ\u00eda y la necesidad de agua de los cultivos.\",\"breadcrumb\":{\"@id\":\"https:\\\/\\\/www.ieec.cat\\\/es\\\/descubre-mare-un-proyecto-para-optimizar-la-gestion-del-agua-mediante-tecnologia-satelital\\\/#breadcrumb\"},\"inLanguage\":\"es\",\"potentialAction\":[{\"@type\":\"ReadAction\",\"target\":[\"https:\\\/\\\/www.ieec.cat\\\/es\\\/descubre-mare-un-proyecto-para-optimizar-la-gestion-del-agua-mediante-tecnologia-satelital\\\/\"]}]},{\"@type\":\"ImageObject\",\"inLanguage\":\"es\",\"@id\":\"https:\\\/\\\/www.ieec.cat\\\/es\\\/descubre-mare-un-proyecto-para-optimizar-la-gestion-del-agua-mediante-tecnologia-satelital\\\/#primaryimage\",\"url\":\"https:\\\/\\\/www.ieec.cat\\\/wp-content\\\/uploads\\\/2025\\\/05\\\/Captura-de-pantalla-2025-05-13-104810-1.jpg\",\"contentUrl\":\"https:\\\/\\\/www.ieec.cat\\\/wp-content\\\/uploads\\\/2025\\\/05\\\/Captura-de-pantalla-2025-05-13-104810-1.jpg\",\"width\":2048,\"height\":1298},{\"@type\":\"BreadcrumbList\",\"@id\":\"https:\\\/\\\/www.ieec.cat\\\/es\\\/descubre-mare-un-proyecto-para-optimizar-la-gestion-del-agua-mediante-tecnologia-satelital\\\/#breadcrumb\",\"itemListElement\":[{\"@type\":\"ListItem\",\"position\":1,\"name\":\"Portada\",\"item\":\"https:\\\/\\\/www.ieec.cat\\\/es\\\/\"},{\"@type\":\"ListItem\",\"position\":2,\"name\":\"\u00a1Descubre MARE! Un proyecto para optimizar la gesti\u00f3n del agua mediante tecnolog\u00eda satelital\"}]},{\"@type\":\"WebSite\",\"@id\":\"https:\\\/\\\/www.ieec.cat\\\/es\\\/#website\",\"url\":\"https:\\\/\\\/www.ieec.cat\\\/es\\\/\",\"name\":\"IEEC\",\"description\":\"Institut d&#039;Estudis Espacials de Catalunya\",\"potentialAction\":[{\"@type\":\"SearchAction\",\"target\":{\"@type\":\"EntryPoint\",\"urlTemplate\":\"https:\\\/\\\/www.ieec.cat\\\/es\\\/?s={search_term_string}\"},\"query-input\":{\"@type\":\"PropertyValueSpecification\",\"valueRequired\":true,\"valueName\":\"search_term_string\"}}],\"inLanguage\":\"es\"},{\"@type\":\"Person\",\"@id\":\"https:\\\/\\\/www.ieec.cat\\\/es\\\/#\\\/schema\\\/person\\\/43b811417c01b54ef9dd522dad92fc50\",\"name\":\"Quim Portet\",\"image\":{\"@type\":\"ImageObject\",\"inLanguage\":\"es\",\"@id\":\"https:\\\/\\\/secure.gravatar.com\\\/avatar\\\/c0212e2b077ebd6494ed79d8de24b50b3507e9cbf9fa3e10f81de1971ff33cf5?s=96&d=mm&r=g\",\"url\":\"https:\\\/\\\/secure.gravatar.com\\\/avatar\\\/c0212e2b077ebd6494ed79d8de24b50b3507e9cbf9fa3e10f81de1971ff33cf5?s=96&d=mm&r=g\",\"contentUrl\":\"https:\\\/\\\/secure.gravatar.com\\\/avatar\\\/c0212e2b077ebd6494ed79d8de24b50b3507e9cbf9fa3e10f81de1971ff33cf5?s=96&d=mm&r=g\",\"caption\":\"Quim Portet\"}}]}<\/script>\n<!-- \/ Yoast SEO plugin. -->","yoast_head_json":{"title":"\u00a1Descubre MARE! Un proyecto para optimizar la gesti\u00f3n del agua mediante tecnolog\u00eda satelital - IEEC","description":"El proyecto MARE, desarrollado por la empresa isardSAT, ha creado una metodolog\u00eda innovadora utilizando datos de sat\u00e9lites para tener una visi\u00f3n integral de la sequ\u00eda y la necesidad de agua de los cultivos.","robots":{"index":"index","follow":"follow","max-snippet":"max-snippet:-1","max-image-preview":"max-image-preview:large","max-video-preview":"max-video-preview:-1"},"canonical":"https:\/\/www.ieec.cat\/es\/descubre-mare-un-proyecto-para-optimizar-la-gestion-del-agua-mediante-tecnologia-satelital\/","og_locale":"es_ES","og_type":"article","og_title":"\u00a1Descubre MARE! Un proyecto para optimizar la gesti\u00f3n del agua mediante tecnolog\u00eda satelital - IEEC","og_description":"El proyecto MARE, desarrollado por la empresa isardSAT, ha creado una metodolog\u00eda innovadora utilizando datos de sat\u00e9lites para tener una visi\u00f3n integral de la sequ\u00eda y la necesidad de agua de los cultivos.","og_url":"https:\/\/www.ieec.cat\/es\/descubre-mare-un-proyecto-para-optimizar-la-gestion-del-agua-mediante-tecnologia-satelital\/","og_site_name":"IEEC","article_published_time":"2025-05-13T14:34:55+00:00","article_modified_time":"2025-05-16T10:43:25+00:00","og_image":[{"width":2048,"height":1298,"url":"https:\/\/www.ieec.cat\/wp-content\/uploads\/2025\/05\/Captura-de-pantalla-2025-05-13-104810-1.jpg","type":"image\/jpeg"}],"author":"Quim Portet","twitter_card":"summary_large_image","twitter_misc":{"Escrito por":"Quim Portet","Tiempo de lectura":"10 minutos"},"schema":{"@context":"https:\/\/schema.org","@graph":[{"@type":"Article","@id":"https:\/\/www.ieec.cat\/es\/descubre-mare-un-proyecto-para-optimizar-la-gestion-del-agua-mediante-tecnologia-satelital\/#article","isPartOf":{"@id":"https:\/\/www.ieec.cat\/es\/descubre-mare-un-proyecto-para-optimizar-la-gestion-del-agua-mediante-tecnologia-satelital\/"},"author":{"name":"Quim Portet","@id":"https:\/\/www.ieec.cat\/es\/#\/schema\/person\/43b811417c01b54ef9dd522dad92fc50"},"headline":"\u00a1Descubre MARE! Un proyecto para optimizar la gesti\u00f3n del agua mediante tecnolog\u00eda satelital","datePublished":"2025-05-13T14:34:55+00:00","dateModified":"2025-05-16T10:43:25+00:00","mainEntityOfPage":{"@id":"https:\/\/www.ieec.cat\/es\/descubre-mare-un-proyecto-para-optimizar-la-gestion-del-agua-mediante-tecnologia-satelital\/"},"wordCount":1959,"image":{"@id":"https:\/\/www.ieec.cat\/es\/descubre-mare-un-proyecto-para-optimizar-la-gestion-del-agua-mediante-tecnologia-satelital\/#primaryimage"},"thumbnailUrl":"https:\/\/www.ieec.cat\/wp-content\/uploads\/2025\/05\/Captura-de-pantalla-2025-05-13-104810-1.jpg","articleSection":["Anuncios","Institucional","NewSpace"],"inLanguage":"es"},{"@type":"WebPage","@id":"https:\/\/www.ieec.cat\/es\/descubre-mare-un-proyecto-para-optimizar-la-gestion-del-agua-mediante-tecnologia-satelital\/","url":"https:\/\/www.ieec.cat\/es\/descubre-mare-un-proyecto-para-optimizar-la-gestion-del-agua-mediante-tecnologia-satelital\/","name":"\u00a1Descubre MARE! Un proyecto para optimizar la gesti\u00f3n del agua mediante tecnolog\u00eda satelital - IEEC","isPartOf":{"@id":"https:\/\/www.ieec.cat\/es\/#website"},"primaryImageOfPage":{"@id":"https:\/\/www.ieec.cat\/es\/descubre-mare-un-proyecto-para-optimizar-la-gestion-del-agua-mediante-tecnologia-satelital\/#primaryimage"},"image":{"@id":"https:\/\/www.ieec.cat\/es\/descubre-mare-un-proyecto-para-optimizar-la-gestion-del-agua-mediante-tecnologia-satelital\/#primaryimage"},"thumbnailUrl":"https:\/\/www.ieec.cat\/wp-content\/uploads\/2025\/05\/Captura-de-pantalla-2025-05-13-104810-1.jpg","datePublished":"2025-05-13T14:34:55+00:00","dateModified":"2025-05-16T10:43:25+00:00","author":{"@id":"https:\/\/www.ieec.cat\/es\/#\/schema\/person\/43b811417c01b54ef9dd522dad92fc50"},"description":"El proyecto MARE, desarrollado por la empresa isardSAT, ha creado una metodolog\u00eda innovadora utilizando datos de sat\u00e9lites para tener una visi\u00f3n integral de la sequ\u00eda y la necesidad de agua de los cultivos.","breadcrumb":{"@id":"https:\/\/www.ieec.cat\/es\/descubre-mare-un-proyecto-para-optimizar-la-gestion-del-agua-mediante-tecnologia-satelital\/#breadcrumb"},"inLanguage":"es","potentialAction":[{"@type":"ReadAction","target":["https:\/\/www.ieec.cat\/es\/descubre-mare-un-proyecto-para-optimizar-la-gestion-del-agua-mediante-tecnologia-satelital\/"]}]},{"@type":"ImageObject","inLanguage":"es","@id":"https:\/\/www.ieec.cat\/es\/descubre-mare-un-proyecto-para-optimizar-la-gestion-del-agua-mediante-tecnologia-satelital\/#primaryimage","url":"https:\/\/www.ieec.cat\/wp-content\/uploads\/2025\/05\/Captura-de-pantalla-2025-05-13-104810-1.jpg","contentUrl":"https:\/\/www.ieec.cat\/wp-content\/uploads\/2025\/05\/Captura-de-pantalla-2025-05-13-104810-1.jpg","width":2048,"height":1298},{"@type":"BreadcrumbList","@id":"https:\/\/www.ieec.cat\/es\/descubre-mare-un-proyecto-para-optimizar-la-gestion-del-agua-mediante-tecnologia-satelital\/#breadcrumb","itemListElement":[{"@type":"ListItem","position":1,"name":"Portada","item":"https:\/\/www.ieec.cat\/es\/"},{"@type":"ListItem","position":2,"name":"\u00a1Descubre MARE! Un proyecto para optimizar la gesti\u00f3n del agua mediante tecnolog\u00eda satelital"}]},{"@type":"WebSite","@id":"https:\/\/www.ieec.cat\/es\/#website","url":"https:\/\/www.ieec.cat\/es\/","name":"IEEC","description":"Institut d&#039;Estudis Espacials de Catalunya","potentialAction":[{"@type":"SearchAction","target":{"@type":"EntryPoint","urlTemplate":"https:\/\/www.ieec.cat\/es\/?s={search_term_string}"},"query-input":{"@type":"PropertyValueSpecification","valueRequired":true,"valueName":"search_term_string"}}],"inLanguage":"es"},{"@type":"Person","@id":"https:\/\/www.ieec.cat\/es\/#\/schema\/person\/43b811417c01b54ef9dd522dad92fc50","name":"Quim Portet","image":{"@type":"ImageObject","inLanguage":"es","@id":"https:\/\/secure.gravatar.com\/avatar\/c0212e2b077ebd6494ed79d8de24b50b3507e9cbf9fa3e10f81de1971ff33cf5?s=96&d=mm&r=g","url":"https:\/\/secure.gravatar.com\/avatar\/c0212e2b077ebd6494ed79d8de24b50b3507e9cbf9fa3e10f81de1971ff33cf5?s=96&d=mm&r=g","contentUrl":"https:\/\/secure.gravatar.com\/avatar\/c0212e2b077ebd6494ed79d8de24b50b3507e9cbf9fa3e10f81de1971ff33cf5?s=96&d=mm&r=g","caption":"Quim Portet"}}]}},"_links":{"self":[{"href":"https:\/\/www.ieec.cat\/es\/wp-json\/wp\/v2\/posts\/35411","targetHints":{"allow":["GET"]}}],"collection":[{"href":"https:\/\/www.ieec.cat\/es\/wp-json\/wp\/v2\/posts"}],"about":[{"href":"https:\/\/www.ieec.cat\/es\/wp-json\/wp\/v2\/types\/post"}],"author":[{"embeddable":true,"href":"https:\/\/www.ieec.cat\/es\/wp-json\/wp\/v2\/users\/12"}],"replies":[{"embeddable":true,"href":"https:\/\/www.ieec.cat\/es\/wp-json\/wp\/v2\/comments?post=35411"}],"version-history":[{"count":22,"href":"https:\/\/www.ieec.cat\/es\/wp-json\/wp\/v2\/posts\/35411\/revisions"}],"predecessor-version":[{"id":35702,"href":"https:\/\/www.ieec.cat\/es\/wp-json\/wp\/v2\/posts\/35411\/revisions\/35702"}],"wp:featuredmedia":[{"embeddable":true,"href":"https:\/\/www.ieec.cat\/es\/wp-json\/wp\/v2\/media\/35399"}],"wp:attachment":[{"href":"https:\/\/www.ieec.cat\/es\/wp-json\/wp\/v2\/media?parent=35411"}],"wp:term":[{"taxonomy":"category","embeddable":true,"href":"https:\/\/www.ieec.cat\/es\/wp-json\/wp\/v2\/categories?post=35411"},{"taxonomy":"post_tag","embeddable":true,"href":"https:\/\/www.ieec.cat\/es\/wp-json\/wp\/v2\/tags?post=35411"}],"curies":[{"name":"wp","href":"https:\/\/api.w.org\/{rel}","templated":true}]}}