{"id":35766,"date":"2025-05-16T17:15:55","date_gmt":"2025-05-16T15:15:55","guid":{"rendered":"https:\/\/www.ieec.cat\/mes-de-300-alumnes-i-23-docents-darreu-de-catalunya-completen-amb-exit-ledusat-challenge-el-programa-impulsat-pel-govern-per-incentivar-vocacions-cientifiques-i-tecnologiques\/"},"modified":"2025-06-25T10:31:31","modified_gmt":"2025-06-25T08:31:31","slug":"mes-de-300-alumnes-i-23-docents-darreu-de-catalunya-completen-amb-exit-ledusat-challenge-el-programa-impulsat-pel-govern-per-incentivar-vocacions-cientifiques-i-tecnologiques","status":"publish","type":"post","link":"https:\/\/www.ieec.cat\/es\/mes-de-300-alumnes-i-23-docents-darreu-de-catalunya-completen-amb-exit-ledusat-challenge-el-programa-impulsat-pel-govern-per-incentivar-vocacions-cientifiques-i-tecnologiques\/","title":{"rendered":"M\u00e1s de 300 alumnos y 23 docentes de toda Catalunya completan con \u00e9xito el Edusat Challenge, el programa impulsado por el Govern para incentivar vocaciones cient\u00edficas y tecnol\u00f3gicas"},"content":{"rendered":"<p>[et_pb_section fb_built=\u00bb1&#8243; _builder_version=\u00bb4.16&#8243; _module_preset=\u00bbdefault\u00bb background_image=\u00bbhttps:\/\/www.ieec.cat\/wp-content\/uploads\/2022\/02\/slider-comunicacio.jpg\u00bb max_height=\u00bb130px\u00bb custom_padding=\u00bb0px||0px||false|false\u00bb da_disable_devices=\u00bboff|off|off\u00bb global_colors_info=\u00bb{}\u00bb da_is_popup=\u00bboff\u00bb da_exit_intent=\u00bboff\u00bb da_has_close=\u00bbon\u00bb da_alt_close=\u00bboff\u00bb da_dark_close=\u00bboff\u00bb da_not_modal=\u00bbon\u00bb da_is_singular=\u00bboff\u00bb da_with_loader=\u00bboff\u00bb da_has_shadow=\u00bbon\u00bb][\/et_pb_section][et_pb_section fb_built=\u00bb1&#8243; _builder_version=\u00bb4.16&#8243; _module_preset=\u00bbdefault\u00bb custom_padding=\u00bb24px||11px|||\u00bb da_disable_devices=\u00bboff|off|off\u00bb global_colors_info=\u00bb{}\u00bb da_is_popup=\u00bboff\u00bb da_exit_intent=\u00bboff\u00bb da_has_close=\u00bbon\u00bb da_alt_close=\u00bboff\u00bb da_dark_close=\u00bboff\u00bb da_not_modal=\u00bbon\u00bb da_is_singular=\u00bboff\u00bb da_with_loader=\u00bboff\u00bb da_has_shadow=\u00bbon\u00bb][et_pb_row _builder_version=\u00bb4.16&#8243; _module_preset=\u00bbdefault\u00bb custom_padding=\u00bb||||false|false\u00bb global_colors_info=\u00bb{}\u00bb][et_pb_column type=\u00bb4_4&#8243; _builder_version=\u00bb4.16&#8243; _module_preset=\u00bbdefault\u00bb global_colors_info=\u00bb{}\u00bb][et_pb_text admin_label=\u00bbUnitats de recerca\u00bb module_class=\u00bbieec-orgs\u00bb _builder_version=\u00bb4.27.4&#8243; _dynamic_attributes=\u00bbcontent\u00bb _module_preset=\u00bbdefault\u00bb text_font=\u00bb|700||on|||||\u00bb text_font_size=\u00bb16px\u00bb header_font=\u00bb|700|||||||\u00bb custom_margin=\u00bb||10px||false|false\u00bb header_font_size_tablet=\u00bb28px\u00bb header_font_size_phone=\u00bb26px\u00bb header_font_size_last_edited=\u00bbon|phone\u00bb global_colors_info=\u00bb{}\u00bb]@ET-DC@eyJkeW5hbWljIjp0cnVlLCJjb250ZW50IjoiY3VzdG9tX21ldGFfb3JnYW5pemFjaW9uZXMiLCJzZXR0aW5ncyI6eyJiZWZvcmUiOiIiLCJhZnRlciI6IiIsImVuYWJsZV9odG1sIjoib2ZmIn19@[\/et_pb_text][et_pb_post_title author=\u00bboff\u00bb categories=\u00bboff\u00bb comments=\u00bboff\u00bb featured_image=\u00bboff\u00bb admin_label=\u00bbT\u00edtol i data\u00bb module_class=\u00bbieec-title\u00bb _builder_version=\u00bb4.27.4&#8243; _module_preset=\u00bbdefault\u00bb title_font=\u00bbCairo|300|||||||\u00bb title_font_size=\u00bb40px\u00bb meta_font=\u00bb||on||||||\u00bb meta_font_size=\u00bb16px\u00bb title_font_size_tablet=\u00bb35px\u00bb title_font_size_phone=\u00bb30px\u00bb title_font_size_last_edited=\u00bbon|desktop\u00bb global_colors_info=\u00bb{}\u00bb][\/et_pb_post_title][et_pb_text admin_label=\u00bbSubt\u00edtols\u00bb module_class=\u00bbieec-summary\u00bb _builder_version=\u00bb4.27.4&#8243; _module_preset=\u00bbdefault\u00bb text_font=\u00bbSource Sans Pro||on||||||\u00bb text_font_size=\u00bb24px\u00bb text_line_height=\u00bb1.1em\u00bb text_font_size_tablet=\u00bb22px\u00bb text_font_size_phone=\u00bb20px\u00bb text_font_size_last_edited=\u00bbon|phone\u00bb global_colors_info=\u00bb{}\u00bb]<\/p>\n<p>\u2022 <span style=\"font-weight: 400;\">Los consellers d\u2019Empresa i Treball, Miquel S\u00e0mper, y d\u2019Educaci\u00f3 i Formaci\u00f3 Professional, Esther Niub\u00f3, han presidido el acto de clausura del programa, en el que 65 alumnos y 13 docentes de 8 de los centros participantes han presentado los proyectos desarrollados en las aulas<\/span><br \/>\u2022 <span style=\"font-weight: 400;\">Con el Edusat Challenge se ha introducido la observaci\u00f3n de la Tierra en las aulas de 20 centros educativos mediante propuestas did\u00e1cticas que aprovechan las im\u00e1genes de sat\u00e9lite del programa Copernicus de la Agencia Espacial Europea<\/span><br \/>\u2022 <span style=\"font-weight: 400;\">Impulsado por el Govern en el marco de la Estrategia NewSpace y del programa STEAMCat, el Edusat Challenge parte de una iniciativa de la Universitat de Girona y cuenta tambi\u00e9n con la colaboraci\u00f3n del Institut d\u2019Estudis Espacials de Catalunya<\/span><\/p>\n<p>[\/et_pb_text][\/et_pb_column][\/et_pb_row][et_pb_row column_structure=\u00bb1_2,1_2&#8243; _builder_version=\u00bb4.16&#8243; _module_preset=\u00bbdefault\u00bb global_colors_info=\u00bb{}\u00bb][et_pb_column type=\u00bb1_2&#8243; _builder_version=\u00bb4.16&#8243; _module_preset=\u00bbdefault\u00bb global_colors_info=\u00bb{}\u00bb][et_pb_image src=\u00bbhttps:\/\/www.ieec.cat\/wp-content\/uploads\/2025\/05\/FOTO_FAMILIA-e1747408363894.jpg\u00bb title_text=\u00bbFOTO_FAMILIA\u00bb _builder_version=\u00bb4.27.4&#8243; _module_preset=\u00bbdefault\u00bb custom_margin=\u00bb||0px|||\u00bb global_colors_info=\u00bb{}\u00bb][\/et_pb_image][et_pb_text module_class=\u00bbieec-img-footer\u00bb _builder_version=\u00bb4.27.4&#8243; _module_preset=\u00bbdefault\u00bb text_font=\u00bb||||||||\u00bb text_font_size=\u00bb15px\u00bb text_line_height=\u00bb1.1em\u00bb background_color=\u00bbrgba(64,111,218,0.15)\u00bb custom_margin=\u00bb0px||||false|false\u00bb custom_padding=\u00bb30px|20px|30px|20px|true|true\u00bb global_colors_info=\u00bb{}\u00bb]<\/p>\n<p>Fotograf\u00eda de familia del acto de clausura del Edusat Challenge. <strong>Govern<\/strong><\/p>\n<p>[\/et_pb_text][\/et_pb_column][et_pb_column type=\u00bb1_2&#8243; _builder_version=\u00bb4.16&#8243; _module_preset=\u00bbdefault\u00bb global_colors_info=\u00bb{}\u00bb][et_pb_text _builder_version=\u00bb4.27.4&#8243; _module_preset=\u00bbdefault\u00bb link_font=\u00bb|700|||on||||\u00bb global_colors_info=\u00bb{}\u00bb]<\/p>\n<p><span style=\"font-weight: 400;\">M\u00e1s de 300 alumnos y 23 docentes de bachillerato, secundaria y ciclo superior de primaria de 20 centros educativos de toda Catalunya han completado el <\/span><b>primer a\u00f1o piloto del Edusat Challenge<\/b><span style=\"font-weight: 400;\">, el programa impulsado por el Govern para <\/span><b>introducir la observaci\u00f3n de la Tierra en las aulas de escuelas e institutos<\/b><span style=\"font-weight: 400;\">, que hoy ha celebrado la jornada de clausura y presentaci\u00f3n de resultados en el Espai Bital, en L\u2019Hospitalet de Llobregat. <\/span><\/p>\n<p><span style=\"font-weight: 400;\">El <strong>conseller d\u2019Empresa i Treball, Miquel S\u00e0mper<\/strong>, y la <strong>consellera de Educaci\u00f3 i Formaci\u00f3 Professional, Esther Niub\u00f3<\/strong>, han presidido el acto, que tambi\u00e9n ha contado con la participaci\u00f3n del <strong>rector de la Universitat de Girona (UdG), Quim Salvi<\/strong>, y con la presencia de la <strong>secretaria de Pol\u00edtiques Digitals, Maria Galindo<\/strong>, y del <strong>director del \u00c0rea de Promoci\u00f3 del Sector Espacial del <a href=\"https:\/\/www.ieec.cat\/es\/\" target=\"_blank\" rel=\"noopener\">Institut d\u2019Estudis Espacials de Catalunya (IEEC)<\/a>, Josep Colom\u00e9.<\/strong><\/span><\/p>\n<p>[\/et_pb_text][\/et_pb_column][\/et_pb_row][et_pb_row _builder_version=\u00bb4.16&#8243; _module_preset=\u00bbdefault\u00bb global_colors_info=\u00bb{}\u00bb][et_pb_column type=\u00bb4_4&#8243; _builder_version=\u00bb4.16&#8243; _module_preset=\u00bbdefault\u00bb global_colors_info=\u00bb{}\u00bb][et_pb_text _builder_version=\u00bb4.27.4&#8243; _module_preset=\u00bbdefault\u00bb link_font=\u00bb|700|||on||||\u00bb locked=\u00bboff\u00bb global_colors_info=\u00bb{}\u00bb]<\/p>\n<p><span style=\"font-weight: 400;\">El conseller S\u00e0mper ha destacado la importancia de un programa como el Edusat Challenge, \u201cporque no solo <\/span><b>ofrece a los estudiantes de primaria y secundaria la oportunidad de explorar y trabajar con tecnolog\u00edas espaciales de vanguardia<\/b><span style=\"font-weight: 400;\">, sino que tambi\u00e9n conlleva la formaci\u00f3n del profesorado en estas nuevas tecnolog\u00edas\u201d. \u201cCon esta iniciativa estamos abriendo las puertas a un sector y una tecnolog\u00eda hasta ahora solo al alcance de la investigaci\u00f3n especializada, y eso ayuda a generar vocaciones cient\u00edficas y despertar el inter\u00e9s por las tecnolog\u00edas digitales emergentes, y por tanto, a promover el talento del futuro en \u00e1mbitos como el New Space, que generan empleo de calidad\u201d, ha a\u00f1adido.<\/span><\/p>\n<p><span style=\"font-weight: 400;\">La consellera Niub\u00f3, por su parte, ha destacado que el Edusat Challenge es un buen ejemplo de convivencia entre tecnolog\u00eda y aprendizaje \u201ccon sentido. Es decir, cuando no solo conocemos las tecnolog\u00edas, sino que las utilizamos para aprender a interpretar datos, aplicar conceptos, resolver problemas, trabajar en equipo\u2026 Ah\u00ed es donde el impacto puede ser realmente transformador. Porque, adem\u00e1s de conocer las herramientas, el alumnado desarrolla competencias que le servir\u00e1n para toda la vida\u201d. Adem\u00e1s, ha elogiado el <\/span><b>\u201cpotencial de la ciencia espacial para generar curiosidad y ganas de aprender\u201d<\/b><span style=\"font-weight: 400;\"> y la posibilidad de abordar temas muy transversales a partir del uso de im\u00e1genes de sat\u00e9lite, que permiten \u201cconectar saberes y disciplinas\u201d como el cambio clim\u00e1tico, las ciencias sociales y las ciencias del comportamiento.<\/span><\/p>\n<p><span style=\"font-weight: 400;\">Para el rector Salvi, \u201cel Edusat Challenge implica observar, escuchar las historias que nos cuentan los sat\u00e9lites sobre el planeta, y entender qu\u00e9 nos quieren decir, de qu\u00e9 nos informan. Detectar, estar alerta y actuar en consecuencia\u201d. \u201cEstos son los conceptos clave que se han intentado extender al \u00e1mbito educativo en colegios e institutos de toda Catalunya\u201d, ha a\u00f1adido.<\/span><\/p>\n<p>[\/et_pb_text][\/et_pb_column][\/et_pb_row][et_pb_row _builder_version=\u00bb4.27.4&#8243; _module_preset=\u00bbdefault\u00bb global_colors_info=\u00bb{}\u00bb][et_pb_column type=\u00bb4_4&#8243; _builder_version=\u00bb4.27.4&#8243; _module_preset=\u00bbdefault\u00bb global_colors_info=\u00bb{}\u00bb][et_pb_text _builder_version=\u00bb4.27.4&#8243; _module_preset=\u00bbdefault\u00bb global_colors_info=\u00bb{}\u00bb]<\/p>\n<h2>Sobre Edusat Challenge<\/h2>\n<p>[\/et_pb_text][et_pb_text _builder_version=\u00bb4.27.4&#8243; _module_preset=\u00bbdefault\u00bb global_colors_info=\u00bb{}\u00bb]<\/p>\n<p><span style=\"font-weight: 400;\">Edusat Challenge es un programa piloto que ofrece formaci\u00f3n y acompa\u00f1amiento al profesorado para introducir la observaci\u00f3n de la Tierra en las aulas de escuelas e institutos, con el objetivo final de incentivar el inter\u00e9s del alumnado por las disciplinas STEM (ciencia, tecnolog\u00eda, ingenier\u00eda y matem\u00e1ticas) y digitales.<\/span><\/p>\n<p><span style=\"font-weight: 400;\">Est\u00e1 impulsado por los departamentos de Empresa i Treball \u2014a trav\u00e9s de la Secretaria de Pol\u00edtiques Digitals\u2014 y de Educaci\u00f3 i Formaci\u00f3 Professional de la Generalitat de Catalunya, en el marco de la <\/span><b>Estrategia NewSpace de Catalunya<\/b><span style=\"font-weight: 400;\"> y del programa STEAMcat, y a partir de la plataforma Edusat desarrollada por el Servicio de Sistemas de Informaci\u00f3n Geogr\u00e1fica y Teledetecci\u00f3n (SIGTE) de la Universitat de Girona (UdG) para ofrecer materiales y formaciones sobre teledetecci\u00f3n a estudiantes universitarios y algunas escuelas de altas capacidades. <\/span><b>El programa cuenta tambi\u00e9n con la colaboraci\u00f3n del Institut d\u2019Estudis Espacials de Catalunya (IEEC).<\/b><\/p>\n<p>[\/et_pb_text][\/et_pb_column][\/et_pb_row][et_pb_row column_structure=\u00bb1_2,1_2&#8243; _builder_version=\u00bb4.16&#8243; _module_preset=\u00bbdefault\u00bb global_colors_info=\u00bb{}\u00bb][et_pb_column type=\u00bb1_2&#8243; _builder_version=\u00bb4.16&#8243; _module_preset=\u00bbdefault\u00bb global_colors_info=\u00bb{}\u00bb][et_pb_image src=\u00bbhttps:\/\/www.ieec.cat\/wp-content\/uploads\/2025\/05\/HCs.jpg\u00bb title_text=\u00bbFIRA_PROJECTES\u00bb _builder_version=\u00bb4.27.4&#8243; _module_preset=\u00bbdefault\u00bb custom_margin=\u00bb||1px|||\u00bb global_colors_info=\u00bb{}\u00bb][\/et_pb_image][et_pb_text module_class=\u00bbieec-img-footer\u00bb _builder_version=\u00bb4.27.4&#8243; _module_preset=\u00bbdefault\u00bb text_font=\u00bb||||||||\u00bb text_font_size=\u00bb15px\u00bb text_line_height=\u00bb1.1em\u00bb background_color=\u00bbrgba(64,111,218,0.15)\u00bb custom_margin=\u00bb0px||||false|false\u00bb custom_padding=\u00bb30px|20px|30px|20px|true|true\u00bb global_colors_info=\u00bb{}\u00bb]<\/p>\n<p>Los consellers Niub\u00f3 y S\u00e0mper, junto con Estel Blay, gestora de proyectos en el \u00c1rea de Promoci\u00f3n del Sector Espacial del IEEC, durante su intervenci\u00f3n en el acto de clausura del Edusat Challenge. <strong>Govern<\/strong><\/p>\n<p>[\/et_pb_text][\/et_pb_column][et_pb_column type=\u00bb1_2&#8243; _builder_version=\u00bb4.16&#8243; _module_preset=\u00bbdefault\u00bb global_colors_info=\u00bb{}\u00bb][et_pb_text _builder_version=\u00bb4.27.4&#8243; _module_preset=\u00bbdefault\u00bb link_font=\u00bb|700|||on||||\u00bb locked=\u00bboff\u00bb global_colors_info=\u00bb{}\u00bb]<\/p>\n<p><span style=\"font-weight: 400;\">El programa arranc\u00f3 en noviembre del a\u00f1o pasado con una primera fase de formaci\u00f3n de los docentes para que pudieran desarrollar una propuesta did\u00e1ctica basada en la exploraci\u00f3n y el tratamiento de im\u00e1genes de sat\u00e9lite, relacionada con los retos del cambio ambiental global, y trasladarla a las aulas. En esta fase de formaci\u00f3n participaron 34 docentes de 31 centros de toda Catalunya.<\/span><\/p>\n<p><span style=\"font-weight: 400;\">En este primer a\u00f1o de pilotaje del programa, <strong>la tem\u00e1tica en torno a la cual se articul\u00f3 la oferta formativa de 40 horas para los docentes participantes fue el agua y su gesti\u00f3n.<\/strong> As\u00ed, se les propuso investigar casos de estudio relacionados con esta tem\u00e1tica, como episodios de sequ\u00eda, inundaciones, deshielo, r\u00edos, pantanos, mares y oc\u00e9anos de todo el planeta.<\/span><\/p>\n<p><span style=\"font-weight: 400;\">El programa continu\u00f3 en enero con el lanzamiento del reto y la implementaci\u00f3n de una actividad de observaci\u00f3n de la Tierra en el aula por parte del profesorado formado, que ha contado con mentor\u00eda y acompa\u00f1amiento durante todo el proceso. Esta segunda fase del programa ha contado con la participaci\u00f3n de 23 de los docentes formados inicialmente, que han implementado su propuesta en las aulas de 20 centros educativos de 11 comarcas de las cuatro provincias catalanas.<\/span><\/p>\n<p>[\/et_pb_text][\/et_pb_column][\/et_pb_row][et_pb_row _builder_version=\u00bb4.16&#8243; _module_preset=\u00bbdefault\u00bb global_colors_info=\u00bb{}\u00bb][et_pb_column type=\u00bb4_4&#8243; _builder_version=\u00bb4.16&#8243; _module_preset=\u00bbdefault\u00bb global_colors_info=\u00bb{}\u00bb][et_pb_text _builder_version=\u00bb4.27.4&#8243; _module_preset=\u00bbdefault\u00bb global_colors_info=\u00bb{}\u00bb]<\/p>\n<h2><span style=\"font-weight: 400;\">An\u00e1lisis en las aulas del impacto del cambio clim\u00e1tico a partir de datos satelitales<\/span><\/h2>\n<p>[\/et_pb_text][et_pb_text _builder_version=\u00bb4.27.4&#8243; _module_preset=\u00bbdefault\u00bb link_font=\u00bb|700|||on||||\u00bb hover_enabled=\u00bb0&#8243; locked=\u00bboff\u00bb global_colors_info=\u00bb{}\u00bb sticky_enabled=\u00bb0&#8243;]<\/p>\n<p><span style=\"font-weight: 400;\">Durante el acto, los consellers y el resto de asistentes han podido conocer de primera mano las propuestas desarrolladas en las aulas de 8 de los centros participantes en el Edusat Challenge. Una sesentena de alumnos y 13 docentes de estos centros han expuesto en directo diferentes proyectos que analizan el impacto del cambio clim\u00e1tico a partir de datos satelitales procedentes del programa Copernicus de la Uni\u00f3 Europea (ESA):<\/span><\/p>\n<p><span style=\"font-weight: 400;\"><\/span><\/p>\n<ul>\n<li style=\"font-weight: 400;\" aria-level=\"1\"><span style=\"font-weight: 400;\">\u00bfC\u00f3mo sensibilizar a trav\u00e9s de los sat\u00e9lites? INS Escola del Treball (Lleida)<\/span><\/li>\n<li style=\"font-weight: 400;\" aria-level=\"1\"><span style=\"font-weight: 400;\">Fen\u00f3menos relacionados con el cambio clim\u00e1tico estudiados mediante teledetecci\u00f3n. INS Joan Sol\u00e0 (Torrefarrera)<\/span><\/li>\n<li style=\"font-weight: 400;\" aria-level=\"1\"><span style=\"font-weight: 400;\">DAN\u00c0LISI y Valencia bajo el agua. INS Josefina Castellv\u00ed i Piulachs (Viladecans)<\/span><\/li>\n<li style=\"font-weight: 400;\" aria-level=\"1\"><span style=\"font-weight: 400;\">El proyecto del agua. Colegio Mare Nostrum (Tarragona)<\/span><\/li>\n<li style=\"font-weight: 400;\" aria-level=\"1\"><span style=\"font-weight: 400;\">Evidencias de causas y consecuencias del cambio clim\u00e1tico. INS La Pobla de Segur (La Pobla de Segur)<\/span><\/li>\n<li style=\"font-weight: 400;\" aria-level=\"1\"><span style=\"font-weight: 400;\">Tsunamis (Indonesia y Brasil). INS Ramon Turr\u00f3 i Darder (Malgrat de Mar)<\/span><\/li>\n<li style=\"font-weight: 400;\" aria-level=\"1\"><span style=\"font-weight: 400;\">Sentinel, nuestros ojos para observar el agua desde el espacio. Sagrat Cor Diputaci\u00f3 (Barcelona)<\/span><\/li>\n<li style=\"font-weight: 400;\" aria-level=\"1\"><span style=\"font-weight: 400;\">La fuerza imparable del Cumbre Vieja. Escola Vedruna Tona (Tona)<\/span><\/li>\n<\/ul>\n<p>[\/et_pb_text][\/et_pb_column][\/et_pb_row][et_pb_row _builder_version=\u00bb4.16&#8243; _module_preset=\u00bbdefault\u00bb global_colors_info=\u00bb{}\u00bb][et_pb_column type=\u00bb4_4&#8243; _builder_version=\u00bb4.16&#8243; _module_preset=\u00bbdefault\u00bb global_colors_info=\u00bb{}\u00bb][et_pb_text _builder_version=\u00bb4.27.4&#8243; _module_preset=\u00bbdefault\u00bb global_colors_info=\u00bb{}\u00bb]<\/p>\n<h2><span style=\"font-weight: 400;\">Observaci\u00f3n de la Tierra v\u00eda sat\u00e9lite para trabajar diferentes competencias<\/span><\/h2>\n<p>[\/et_pb_text][et_pb_text _builder_version=\u00bb4.27.4&#8243; _module_preset=\u00bbdefault\u00bb link_font=\u00bb|700|||on||||\u00bb hover_enabled=\u00bb0&#8243; locked=\u00bboff\u00bb global_colors_info=\u00bb{}\u00bb sticky_enabled=\u00bb0&#8243;]<\/p>\n<p><span style=\"font-weight: 400;\">Aplicado a los centros educativos, el programa Edusat Challenge ha permitido trabajar competencias del \u00e1mbito matem\u00e1tico (\u00e1lgebra, geometr\u00eda y estad\u00edstica), as\u00ed como del \u00e1mbito natural, social y geogr\u00e1fico (uso e interpretaci\u00f3n de mapas y diversos datos), adem\u00e1s de incidir en la mejora de las competencias digitales, tecnol\u00f3gicas, de trabajo en equipo y de an\u00e1lisis cr\u00edtico de datos.<\/span><\/p>\n<p><span style=\"font-weight: 400;\">A trav\u00e9s del programa, el alumnado ha podido <\/span><b>identificar y hacer el seguimiento de diferentes fen\u00f3menos de inter\u00e9s que implican cambios notables en la superficie mediante im\u00e1genes de sat\u00e9lite del programa Copernicus de la Uni\u00f3n Europea (UE).<\/b><span style=\"font-weight: 400;\"> Copernicus es una iniciativa europea que ofrece de manera libre, p\u00fablica y abierta datos e im\u00e1genes en tiempo real de nuestro planeta y del medio ambiente gracias a los sat\u00e9lites Sentinel. Estas im\u00e1genes permiten identificar fen\u00f3menos naturales como incendios, inundaciones, retroceso de glaciares, erupciones volc\u00e1nicas o deforestaci\u00f3n, tanto a escala local como en cualquier lugar del planeta.<\/span><\/p>\n<p><span style=\"font-weight: 400;\">As\u00ed, gracias a la plataforma Edusat y a las dotaciones tecnol\u00f3gicas destinadas a los centros educativos, ha sido posible observar desde las aulas los cambios sostenidos en el territorio, como el retroceso del delta del Ebre, los efectos de las crecidas de r\u00edos y barrancos durante las inundaciones, detectar diferentes procesos de crecimiento urban\u00edstico u observar datos de la contaminaci\u00f3n atmosf\u00e9rica en las grandes ciudades, entre otros.<\/span><\/p>\n<p>[\/et_pb_text][\/et_pb_column][\/et_pb_row][et_pb_row module_class=\u00bbieec-about\u00bb _builder_version=\u00bb4.14.8&#8243; _module_preset=\u00bbdefault\u00bb background_color=\u00bbrgba(64,111,218,0.15)\u00bb global_module=\u00bb17324&#8243; global_colors_info=\u00bb{}\u00bb][et_pb_column type=\u00bb4_4&#8243; _builder_version=\u00bb4.16&#8243; _module_preset=\u00bbdefault\u00bb custom_padding=\u00bb20px|50px|20px|50px|true|true\u00bb global_colors_info=\u00bb{}\u00bb][et_pb_text admin_label=\u00bbSobre l&#8217;IEEC\u00bb _builder_version=\u00bb4.16&#8243; _module_preset=\u00bbdefault\u00bb header_2_font=\u00bb|700|||||||\u00bb header_2_font_size=\u00bb25px\u00bb custom_margin=\u00bb||10px||false|false\u00bb header_2_font_size_tablet=\u00bb23px\u00bb header_2_font_size_phone=\u00bb23px\u00bb header_2_font_size_last_edited=\u00bbon|phone\u00bb locked=\u00bboff\u00bb global_colors_info=\u00bb{}\u00bb]<\/p>\n<h2>Sobre el IEEC<\/h2>\n<p>[\/et_pb_text][et_pb_text _builder_version=\u00bb4.16&#8243; _module_preset=\u00bbdefault\u00bb text_font=\u00bb||on||||||\u00bb link_font=\u00bb|700|||on||||\u00bb locked=\u00bboff\u00bb global_colors_info=\u00bb{}\u00bb]<\/p>\n<p>El Institut d\u2019Estudis Espacials de Catalunya (IEEC) promueve y coordina la investigaci\u00f3n y el desarrollo tecnol\u00f3gico espacial en Catalu\u00f1a en beneficio de la sociedad. El IEEC fomenta las colaboraciones tanto a nivel local como mundial, y es un eficiente agente de transferencia de conocimiento, innovaci\u00f3n y tecnolog\u00eda. Como resultado de m\u00e1s de 25 a\u00f1os de investigaci\u00f3n de alta calidad, llevada a cabo en colaboraci\u00f3n con las principales organizaciones internacionales, el IEEC se encuentra entre los mejores centros de investigaci\u00f3n internacionales, centrados en \u00e1reas como: astrof\u00edsica, cosmolog\u00eda, ciencias planetarias y observaci\u00f3n de la Tierra. La divisi\u00f3n de ingenier\u00eda del IEEC desarrolla instrumentaci\u00f3n para proyectos terrestres y espaciales, y tiene una amplia experiencia trabajando con organizaciones privadas y p\u00fablicas del sector aeroespacial y otros sectores de innovaci\u00f3n.<\/p>\n<p>El IEEC es una fundaci\u00f3n del sector p\u00fablico sin \u00e1nimo de lucro, fundada en febrero de 1996. Est\u00e1 regida por un Patronato compuesto por la Generalitat de Catalunya,  la Universitat de Barcelona (UB), la Universitat Aut\u00f2noma de Barcelona (UAB), la Universitat Polit\u00e8cnica de Catalunya \u00b7 BarcelonaTech (UPC), y el Consejo Superior de Investigaciones Cient\u00edficas (CSIC). El IEEC es tambi\u00e9n un centro CERCA (Centres de Recerca de Catalunya).<\/p>\n<p>[\/et_pb_text][\/et_pb_column][\/et_pb_row][\/et_pb_section]<\/p>\n","protected":false},"excerpt":{"rendered":"<p>L\u2019Edusat Challenge \u00e9s un programa pilot que ofereix formaci\u00f3 i acompanyament al professorat per introduir l\u2019observaci\u00f3 de la Terra a les aules d\u2019escoles i instituts amb l\u2019objectiu \u00faltim d\u2019incentivar l\u2019inter\u00e8s de l\u2019alumnat per les disciplines CTEM (ci\u00e8ncia, tecnologia, enginyeria i matem\u00e0tiques) i digitals.<\/p>\n","protected":false},"author":12,"featured_media":35713,"comment_status":"closed","ping_status":"closed","sticky":false,"template":"","format":"standard","meta":{"_et_pb_use_builder":"on","_et_pb_old_content":"","_et_gb_content_width":"","footnotes":""},"categories":[99,101,122,105,107],"tags":[],"class_list":["post-35766","post","type-post","status-publish","format-standard","has-post-thumbnail","hentry","category-ciencia-noticias","category-educacion-noticias","category-newspace-es","category-talento-noticias","category-tecnologia-noticias"],"yoast_head":"<!-- This site is optimized with the Yoast SEO plugin v27.4 - https:\/\/yoast.com\/product\/yoast-seo-wordpress\/ -->\n<title>M\u00e1s de 300 alumnos y 23 docentes de toda Catalunya completan con \u00e9xito el Edusat Challenge, el programa impulsado por el Govern para incentivar vocaciones cient\u00edficas y tecnol\u00f3gicas - IEEC<\/title>\n<meta name=\"description\" content=\"L\u2019Edusat Challenge \u00e9s un programa pilot que ofereix formaci\u00f3 i acompanyament al professorat per introduir l\u2019observaci\u00f3 de la Terra a les aules d\u2019escoles i instituts amb l\u2019objectiu \u00faltim d\u2019incentivar l\u2019inter\u00e8s de l\u2019alumnat per les disciplines CTEM (ci\u00e8ncia, tecnologia, enginyeria i matem\u00e0tiques) i digitals.\" \/>\n<meta name=\"robots\" content=\"index, follow, max-snippet:-1, max-image-preview:large, max-video-preview:-1\" \/>\n<link rel=\"canonical\" href=\"https:\/\/www.ieec.cat\/es\/mes-de-300-alumnes-i-23-docents-darreu-de-catalunya-completen-amb-exit-ledusat-challenge-el-programa-impulsat-pel-govern-per-incentivar-vocacions-cientifiques-i-tecnologiques\/\" \/>\n<meta property=\"og:locale\" content=\"es_ES\" \/>\n<meta property=\"og:type\" content=\"article\" \/>\n<meta property=\"og:title\" content=\"M\u00e1s de 300 alumnos y 23 docentes de toda Catalunya completan con \u00e9xito el Edusat Challenge, el programa impulsado por el Govern para incentivar vocaciones cient\u00edficas y tecnol\u00f3gicas - IEEC\" \/>\n<meta property=\"og:description\" content=\"L\u2019Edusat Challenge \u00e9s un programa pilot que ofereix formaci\u00f3 i acompanyament al professorat per introduir l\u2019observaci\u00f3 de la Terra a les aules d\u2019escoles i instituts amb l\u2019objectiu \u00faltim d\u2019incentivar l\u2019inter\u00e8s de l\u2019alumnat per les disciplines CTEM (ci\u00e8ncia, tecnologia, enginyeria i matem\u00e0tiques) i digitals.\" \/>\n<meta property=\"og:url\" content=\"https:\/\/www.ieec.cat\/es\/mes-de-300-alumnes-i-23-docents-darreu-de-catalunya-completen-amb-exit-ledusat-challenge-el-programa-impulsat-pel-govern-per-incentivar-vocacions-cientifiques-i-tecnologiques\/\" \/>\n<meta property=\"og:site_name\" content=\"IEEC\" \/>\n<meta property=\"article:published_time\" content=\"2025-05-16T15:15:55+00:00\" \/>\n<meta property=\"article:modified_time\" content=\"2025-06-25T08:31:31+00:00\" \/>\n<meta property=\"og:image\" content=\"https:\/\/www.ieec.cat\/wp-content\/uploads\/2025\/05\/FOTO_FAMILIA-e1747408363894.jpg\" \/>\n\t<meta property=\"og:image:width\" content=\"1280\" \/>\n\t<meta property=\"og:image:height\" content=\"854\" \/>\n\t<meta property=\"og:image:type\" content=\"image\/jpeg\" \/>\n<meta name=\"author\" content=\"Quim Portet\" \/>\n<meta name=\"twitter:card\" content=\"summary_large_image\" \/>\n<meta name=\"twitter:label1\" content=\"Escrito por\" \/>\n\t<meta name=\"twitter:data1\" content=\"Quim Portet\" \/>\n\t<meta name=\"twitter:label2\" content=\"Tiempo de lectura\" \/>\n\t<meta name=\"twitter:data2\" content=\"13 minutos\" \/>\n<script type=\"application\/ld+json\" class=\"yoast-schema-graph\">{\"@context\":\"https:\\\/\\\/schema.org\",\"@graph\":[{\"@type\":\"Article\",\"@id\":\"https:\\\/\\\/www.ieec.cat\\\/es\\\/mes-de-300-alumnes-i-23-docents-darreu-de-catalunya-completen-amb-exit-ledusat-challenge-el-programa-impulsat-pel-govern-per-incentivar-vocacions-cientifiques-i-tecnologiques\\\/#article\",\"isPartOf\":{\"@id\":\"https:\\\/\\\/www.ieec.cat\\\/es\\\/mes-de-300-alumnes-i-23-docents-darreu-de-catalunya-completen-amb-exit-ledusat-challenge-el-programa-impulsat-pel-govern-per-incentivar-vocacions-cientifiques-i-tecnologiques\\\/\"},\"author\":{\"name\":\"Quim Portet\",\"@id\":\"https:\\\/\\\/www.ieec.cat\\\/es\\\/#\\\/schema\\\/person\\\/43b811417c01b54ef9dd522dad92fc50\"},\"headline\":\"M\u00e1s de 300 alumnos y 23 docentes de toda Catalunya completan con \u00e9xito el Edusat Challenge, el programa impulsado por el Govern para incentivar vocaciones cient\u00edficas y tecnol\u00f3gicas\",\"datePublished\":\"2025-05-16T15:15:55+00:00\",\"dateModified\":\"2025-06-25T08:31:31+00:00\",\"mainEntityOfPage\":{\"@id\":\"https:\\\/\\\/www.ieec.cat\\\/es\\\/mes-de-300-alumnes-i-23-docents-darreu-de-catalunya-completen-amb-exit-ledusat-challenge-el-programa-impulsat-pel-govern-per-incentivar-vocacions-cientifiques-i-tecnologiques\\\/\"},\"wordCount\":2695,\"image\":{\"@id\":\"https:\\\/\\\/www.ieec.cat\\\/es\\\/mes-de-300-alumnes-i-23-docents-darreu-de-catalunya-completen-amb-exit-ledusat-challenge-el-programa-impulsat-pel-govern-per-incentivar-vocacions-cientifiques-i-tecnologiques\\\/#primaryimage\"},\"thumbnailUrl\":\"https:\\\/\\\/www.ieec.cat\\\/wp-content\\\/uploads\\\/2025\\\/05\\\/FOTO_FAMILIA-e1747408363894.jpg\",\"articleSection\":[\"Ciencia\",\"Educaci\u00f3n\",\"NewSpace\",\"Talento\",\"Tecnolog\u00eda\"],\"inLanguage\":\"es\"},{\"@type\":\"WebPage\",\"@id\":\"https:\\\/\\\/www.ieec.cat\\\/es\\\/mes-de-300-alumnes-i-23-docents-darreu-de-catalunya-completen-amb-exit-ledusat-challenge-el-programa-impulsat-pel-govern-per-incentivar-vocacions-cientifiques-i-tecnologiques\\\/\",\"url\":\"https:\\\/\\\/www.ieec.cat\\\/es\\\/mes-de-300-alumnes-i-23-docents-darreu-de-catalunya-completen-amb-exit-ledusat-challenge-el-programa-impulsat-pel-govern-per-incentivar-vocacions-cientifiques-i-tecnologiques\\\/\",\"name\":\"M\u00e1s de 300 alumnos y 23 docentes de toda Catalunya completan con \u00e9xito el Edusat Challenge, el programa impulsado por el Govern para incentivar vocaciones cient\u00edficas y tecnol\u00f3gicas - IEEC\",\"isPartOf\":{\"@id\":\"https:\\\/\\\/www.ieec.cat\\\/es\\\/#website\"},\"primaryImageOfPage\":{\"@id\":\"https:\\\/\\\/www.ieec.cat\\\/es\\\/mes-de-300-alumnes-i-23-docents-darreu-de-catalunya-completen-amb-exit-ledusat-challenge-el-programa-impulsat-pel-govern-per-incentivar-vocacions-cientifiques-i-tecnologiques\\\/#primaryimage\"},\"image\":{\"@id\":\"https:\\\/\\\/www.ieec.cat\\\/es\\\/mes-de-300-alumnes-i-23-docents-darreu-de-catalunya-completen-amb-exit-ledusat-challenge-el-programa-impulsat-pel-govern-per-incentivar-vocacions-cientifiques-i-tecnologiques\\\/#primaryimage\"},\"thumbnailUrl\":\"https:\\\/\\\/www.ieec.cat\\\/wp-content\\\/uploads\\\/2025\\\/05\\\/FOTO_FAMILIA-e1747408363894.jpg\",\"datePublished\":\"2025-05-16T15:15:55+00:00\",\"dateModified\":\"2025-06-25T08:31:31+00:00\",\"author\":{\"@id\":\"https:\\\/\\\/www.ieec.cat\\\/es\\\/#\\\/schema\\\/person\\\/43b811417c01b54ef9dd522dad92fc50\"},\"description\":\"L\u2019Edusat Challenge \u00e9s un programa pilot que ofereix formaci\u00f3 i acompanyament al professorat per introduir l\u2019observaci\u00f3 de la Terra a les aules d\u2019escoles i instituts amb l\u2019objectiu \u00faltim d\u2019incentivar l\u2019inter\u00e8s de l\u2019alumnat per les disciplines CTEM (ci\u00e8ncia, tecnologia, enginyeria i matem\u00e0tiques) i digitals.\",\"breadcrumb\":{\"@id\":\"https:\\\/\\\/www.ieec.cat\\\/es\\\/mes-de-300-alumnes-i-23-docents-darreu-de-catalunya-completen-amb-exit-ledusat-challenge-el-programa-impulsat-pel-govern-per-incentivar-vocacions-cientifiques-i-tecnologiques\\\/#breadcrumb\"},\"inLanguage\":\"es\",\"potentialAction\":[{\"@type\":\"ReadAction\",\"target\":[\"https:\\\/\\\/www.ieec.cat\\\/es\\\/mes-de-300-alumnes-i-23-docents-darreu-de-catalunya-completen-amb-exit-ledusat-challenge-el-programa-impulsat-pel-govern-per-incentivar-vocacions-cientifiques-i-tecnologiques\\\/\"]}]},{\"@type\":\"ImageObject\",\"inLanguage\":\"es\",\"@id\":\"https:\\\/\\\/www.ieec.cat\\\/es\\\/mes-de-300-alumnes-i-23-docents-darreu-de-catalunya-completen-amb-exit-ledusat-challenge-el-programa-impulsat-pel-govern-per-incentivar-vocacions-cientifiques-i-tecnologiques\\\/#primaryimage\",\"url\":\"https:\\\/\\\/www.ieec.cat\\\/wp-content\\\/uploads\\\/2025\\\/05\\\/FOTO_FAMILIA-e1747408363894.jpg\",\"contentUrl\":\"https:\\\/\\\/www.ieec.cat\\\/wp-content\\\/uploads\\\/2025\\\/05\\\/FOTO_FAMILIA-e1747408363894.jpg\",\"width\":1280,\"height\":854},{\"@type\":\"BreadcrumbList\",\"@id\":\"https:\\\/\\\/www.ieec.cat\\\/es\\\/mes-de-300-alumnes-i-23-docents-darreu-de-catalunya-completen-amb-exit-ledusat-challenge-el-programa-impulsat-pel-govern-per-incentivar-vocacions-cientifiques-i-tecnologiques\\\/#breadcrumb\",\"itemListElement\":[{\"@type\":\"ListItem\",\"position\":1,\"name\":\"Portada\",\"item\":\"https:\\\/\\\/www.ieec.cat\\\/es\\\/\"},{\"@type\":\"ListItem\",\"position\":2,\"name\":\"M\u00e1s de 300 alumnos y 23 docentes de toda Catalunya completan con \u00e9xito el Edusat Challenge, el programa impulsado por el Govern para incentivar vocaciones cient\u00edficas y tecnol\u00f3gicas\"}]},{\"@type\":\"WebSite\",\"@id\":\"https:\\\/\\\/www.ieec.cat\\\/es\\\/#website\",\"url\":\"https:\\\/\\\/www.ieec.cat\\\/es\\\/\",\"name\":\"IEEC\",\"description\":\"Institut d&#039;Estudis Espacials de Catalunya\",\"potentialAction\":[{\"@type\":\"SearchAction\",\"target\":{\"@type\":\"EntryPoint\",\"urlTemplate\":\"https:\\\/\\\/www.ieec.cat\\\/es\\\/?s={search_term_string}\"},\"query-input\":{\"@type\":\"PropertyValueSpecification\",\"valueRequired\":true,\"valueName\":\"search_term_string\"}}],\"inLanguage\":\"es\"},{\"@type\":\"Person\",\"@id\":\"https:\\\/\\\/www.ieec.cat\\\/es\\\/#\\\/schema\\\/person\\\/43b811417c01b54ef9dd522dad92fc50\",\"name\":\"Quim Portet\",\"image\":{\"@type\":\"ImageObject\",\"inLanguage\":\"es\",\"@id\":\"https:\\\/\\\/secure.gravatar.com\\\/avatar\\\/c0212e2b077ebd6494ed79d8de24b50b3507e9cbf9fa3e10f81de1971ff33cf5?s=96&d=mm&r=g\",\"url\":\"https:\\\/\\\/secure.gravatar.com\\\/avatar\\\/c0212e2b077ebd6494ed79d8de24b50b3507e9cbf9fa3e10f81de1971ff33cf5?s=96&d=mm&r=g\",\"contentUrl\":\"https:\\\/\\\/secure.gravatar.com\\\/avatar\\\/c0212e2b077ebd6494ed79d8de24b50b3507e9cbf9fa3e10f81de1971ff33cf5?s=96&d=mm&r=g\",\"caption\":\"Quim Portet\"}}]}<\/script>\n<!-- \/ Yoast SEO plugin. -->","yoast_head_json":{"title":"M\u00e1s de 300 alumnos y 23 docentes de toda Catalunya completan con \u00e9xito el Edusat Challenge, el programa impulsado por el Govern para incentivar vocaciones cient\u00edficas y tecnol\u00f3gicas - IEEC","description":"L\u2019Edusat Challenge \u00e9s un programa pilot que ofereix formaci\u00f3 i acompanyament al professorat per introduir l\u2019observaci\u00f3 de la Terra a les aules d\u2019escoles i instituts amb l\u2019objectiu \u00faltim d\u2019incentivar l\u2019inter\u00e8s de l\u2019alumnat per les disciplines CTEM (ci\u00e8ncia, tecnologia, enginyeria i matem\u00e0tiques) i digitals.","robots":{"index":"index","follow":"follow","max-snippet":"max-snippet:-1","max-image-preview":"max-image-preview:large","max-video-preview":"max-video-preview:-1"},"canonical":"https:\/\/www.ieec.cat\/es\/mes-de-300-alumnes-i-23-docents-darreu-de-catalunya-completen-amb-exit-ledusat-challenge-el-programa-impulsat-pel-govern-per-incentivar-vocacions-cientifiques-i-tecnologiques\/","og_locale":"es_ES","og_type":"article","og_title":"M\u00e1s de 300 alumnos y 23 docentes de toda Catalunya completan con \u00e9xito el Edusat Challenge, el programa impulsado por el Govern para incentivar vocaciones cient\u00edficas y tecnol\u00f3gicas - IEEC","og_description":"L\u2019Edusat Challenge \u00e9s un programa pilot que ofereix formaci\u00f3 i acompanyament al professorat per introduir l\u2019observaci\u00f3 de la Terra a les aules d\u2019escoles i instituts amb l\u2019objectiu \u00faltim d\u2019incentivar l\u2019inter\u00e8s de l\u2019alumnat per les disciplines CTEM (ci\u00e8ncia, tecnologia, enginyeria i matem\u00e0tiques) i digitals.","og_url":"https:\/\/www.ieec.cat\/es\/mes-de-300-alumnes-i-23-docents-darreu-de-catalunya-completen-amb-exit-ledusat-challenge-el-programa-impulsat-pel-govern-per-incentivar-vocacions-cientifiques-i-tecnologiques\/","og_site_name":"IEEC","article_published_time":"2025-05-16T15:15:55+00:00","article_modified_time":"2025-06-25T08:31:31+00:00","og_image":[{"width":1280,"height":854,"url":"https:\/\/www.ieec.cat\/wp-content\/uploads\/2025\/05\/FOTO_FAMILIA-e1747408363894.jpg","type":"image\/jpeg"}],"author":"Quim Portet","twitter_card":"summary_large_image","twitter_misc":{"Escrito por":"Quim Portet","Tiempo de lectura":"13 minutos"},"schema":{"@context":"https:\/\/schema.org","@graph":[{"@type":"Article","@id":"https:\/\/www.ieec.cat\/es\/mes-de-300-alumnes-i-23-docents-darreu-de-catalunya-completen-amb-exit-ledusat-challenge-el-programa-impulsat-pel-govern-per-incentivar-vocacions-cientifiques-i-tecnologiques\/#article","isPartOf":{"@id":"https:\/\/www.ieec.cat\/es\/mes-de-300-alumnes-i-23-docents-darreu-de-catalunya-completen-amb-exit-ledusat-challenge-el-programa-impulsat-pel-govern-per-incentivar-vocacions-cientifiques-i-tecnologiques\/"},"author":{"name":"Quim Portet","@id":"https:\/\/www.ieec.cat\/es\/#\/schema\/person\/43b811417c01b54ef9dd522dad92fc50"},"headline":"M\u00e1s de 300 alumnos y 23 docentes de toda Catalunya completan con \u00e9xito el Edusat Challenge, el programa impulsado por el Govern para incentivar vocaciones cient\u00edficas y tecnol\u00f3gicas","datePublished":"2025-05-16T15:15:55+00:00","dateModified":"2025-06-25T08:31:31+00:00","mainEntityOfPage":{"@id":"https:\/\/www.ieec.cat\/es\/mes-de-300-alumnes-i-23-docents-darreu-de-catalunya-completen-amb-exit-ledusat-challenge-el-programa-impulsat-pel-govern-per-incentivar-vocacions-cientifiques-i-tecnologiques\/"},"wordCount":2695,"image":{"@id":"https:\/\/www.ieec.cat\/es\/mes-de-300-alumnes-i-23-docents-darreu-de-catalunya-completen-amb-exit-ledusat-challenge-el-programa-impulsat-pel-govern-per-incentivar-vocacions-cientifiques-i-tecnologiques\/#primaryimage"},"thumbnailUrl":"https:\/\/www.ieec.cat\/wp-content\/uploads\/2025\/05\/FOTO_FAMILIA-e1747408363894.jpg","articleSection":["Ciencia","Educaci\u00f3n","NewSpace","Talento","Tecnolog\u00eda"],"inLanguage":"es"},{"@type":"WebPage","@id":"https:\/\/www.ieec.cat\/es\/mes-de-300-alumnes-i-23-docents-darreu-de-catalunya-completen-amb-exit-ledusat-challenge-el-programa-impulsat-pel-govern-per-incentivar-vocacions-cientifiques-i-tecnologiques\/","url":"https:\/\/www.ieec.cat\/es\/mes-de-300-alumnes-i-23-docents-darreu-de-catalunya-completen-amb-exit-ledusat-challenge-el-programa-impulsat-pel-govern-per-incentivar-vocacions-cientifiques-i-tecnologiques\/","name":"M\u00e1s de 300 alumnos y 23 docentes de toda Catalunya completan con \u00e9xito el Edusat Challenge, el programa impulsado por el Govern para incentivar vocaciones cient\u00edficas y tecnol\u00f3gicas - IEEC","isPartOf":{"@id":"https:\/\/www.ieec.cat\/es\/#website"},"primaryImageOfPage":{"@id":"https:\/\/www.ieec.cat\/es\/mes-de-300-alumnes-i-23-docents-darreu-de-catalunya-completen-amb-exit-ledusat-challenge-el-programa-impulsat-pel-govern-per-incentivar-vocacions-cientifiques-i-tecnologiques\/#primaryimage"},"image":{"@id":"https:\/\/www.ieec.cat\/es\/mes-de-300-alumnes-i-23-docents-darreu-de-catalunya-completen-amb-exit-ledusat-challenge-el-programa-impulsat-pel-govern-per-incentivar-vocacions-cientifiques-i-tecnologiques\/#primaryimage"},"thumbnailUrl":"https:\/\/www.ieec.cat\/wp-content\/uploads\/2025\/05\/FOTO_FAMILIA-e1747408363894.jpg","datePublished":"2025-05-16T15:15:55+00:00","dateModified":"2025-06-25T08:31:31+00:00","author":{"@id":"https:\/\/www.ieec.cat\/es\/#\/schema\/person\/43b811417c01b54ef9dd522dad92fc50"},"description":"L\u2019Edusat Challenge \u00e9s un programa pilot que ofereix formaci\u00f3 i acompanyament al professorat per introduir l\u2019observaci\u00f3 de la Terra a les aules d\u2019escoles i instituts amb l\u2019objectiu \u00faltim d\u2019incentivar l\u2019inter\u00e8s de l\u2019alumnat per les disciplines CTEM (ci\u00e8ncia, tecnologia, enginyeria i matem\u00e0tiques) i digitals.","breadcrumb":{"@id":"https:\/\/www.ieec.cat\/es\/mes-de-300-alumnes-i-23-docents-darreu-de-catalunya-completen-amb-exit-ledusat-challenge-el-programa-impulsat-pel-govern-per-incentivar-vocacions-cientifiques-i-tecnologiques\/#breadcrumb"},"inLanguage":"es","potentialAction":[{"@type":"ReadAction","target":["https:\/\/www.ieec.cat\/es\/mes-de-300-alumnes-i-23-docents-darreu-de-catalunya-completen-amb-exit-ledusat-challenge-el-programa-impulsat-pel-govern-per-incentivar-vocacions-cientifiques-i-tecnologiques\/"]}]},{"@type":"ImageObject","inLanguage":"es","@id":"https:\/\/www.ieec.cat\/es\/mes-de-300-alumnes-i-23-docents-darreu-de-catalunya-completen-amb-exit-ledusat-challenge-el-programa-impulsat-pel-govern-per-incentivar-vocacions-cientifiques-i-tecnologiques\/#primaryimage","url":"https:\/\/www.ieec.cat\/wp-content\/uploads\/2025\/05\/FOTO_FAMILIA-e1747408363894.jpg","contentUrl":"https:\/\/www.ieec.cat\/wp-content\/uploads\/2025\/05\/FOTO_FAMILIA-e1747408363894.jpg","width":1280,"height":854},{"@type":"BreadcrumbList","@id":"https:\/\/www.ieec.cat\/es\/mes-de-300-alumnes-i-23-docents-darreu-de-catalunya-completen-amb-exit-ledusat-challenge-el-programa-impulsat-pel-govern-per-incentivar-vocacions-cientifiques-i-tecnologiques\/#breadcrumb","itemListElement":[{"@type":"ListItem","position":1,"name":"Portada","item":"https:\/\/www.ieec.cat\/es\/"},{"@type":"ListItem","position":2,"name":"M\u00e1s de 300 alumnos y 23 docentes de toda Catalunya completan con \u00e9xito el Edusat Challenge, el programa impulsado por el Govern para incentivar vocaciones cient\u00edficas y tecnol\u00f3gicas"}]},{"@type":"WebSite","@id":"https:\/\/www.ieec.cat\/es\/#website","url":"https:\/\/www.ieec.cat\/es\/","name":"IEEC","description":"Institut d&#039;Estudis Espacials de Catalunya","potentialAction":[{"@type":"SearchAction","target":{"@type":"EntryPoint","urlTemplate":"https:\/\/www.ieec.cat\/es\/?s={search_term_string}"},"query-input":{"@type":"PropertyValueSpecification","valueRequired":true,"valueName":"search_term_string"}}],"inLanguage":"es"},{"@type":"Person","@id":"https:\/\/www.ieec.cat\/es\/#\/schema\/person\/43b811417c01b54ef9dd522dad92fc50","name":"Quim Portet","image":{"@type":"ImageObject","inLanguage":"es","@id":"https:\/\/secure.gravatar.com\/avatar\/c0212e2b077ebd6494ed79d8de24b50b3507e9cbf9fa3e10f81de1971ff33cf5?s=96&d=mm&r=g","url":"https:\/\/secure.gravatar.com\/avatar\/c0212e2b077ebd6494ed79d8de24b50b3507e9cbf9fa3e10f81de1971ff33cf5?s=96&d=mm&r=g","contentUrl":"https:\/\/secure.gravatar.com\/avatar\/c0212e2b077ebd6494ed79d8de24b50b3507e9cbf9fa3e10f81de1971ff33cf5?s=96&d=mm&r=g","caption":"Quim Portet"}}]}},"_links":{"self":[{"href":"https:\/\/www.ieec.cat\/es\/wp-json\/wp\/v2\/posts\/35766","targetHints":{"allow":["GET"]}}],"collection":[{"href":"https:\/\/www.ieec.cat\/es\/wp-json\/wp\/v2\/posts"}],"about":[{"href":"https:\/\/www.ieec.cat\/es\/wp-json\/wp\/v2\/types\/post"}],"author":[{"embeddable":true,"href":"https:\/\/www.ieec.cat\/es\/wp-json\/wp\/v2\/users\/12"}],"replies":[{"embeddable":true,"href":"https:\/\/www.ieec.cat\/es\/wp-json\/wp\/v2\/comments?post=35766"}],"version-history":[{"count":9,"href":"https:\/\/www.ieec.cat\/es\/wp-json\/wp\/v2\/posts\/35766\/revisions"}],"predecessor-version":[{"id":35892,"href":"https:\/\/www.ieec.cat\/es\/wp-json\/wp\/v2\/posts\/35766\/revisions\/35892"}],"wp:featuredmedia":[{"embeddable":true,"href":"https:\/\/www.ieec.cat\/es\/wp-json\/wp\/v2\/media\/35713"}],"wp:attachment":[{"href":"https:\/\/www.ieec.cat\/es\/wp-json\/wp\/v2\/media?parent=35766"}],"wp:term":[{"taxonomy":"category","embeddable":true,"href":"https:\/\/www.ieec.cat\/es\/wp-json\/wp\/v2\/categories?post=35766"},{"taxonomy":"post_tag","embeddable":true,"href":"https:\/\/www.ieec.cat\/es\/wp-json\/wp\/v2\/tags?post=35766"}],"curies":[{"name":"wp","href":"https:\/\/api.w.org\/{rel}","templated":true}]}}