{"id":35798,"date":"2025-05-09T10:11:22","date_gmt":"2025-05-09T08:11:22","guid":{"rendered":"https:\/\/www.ieec.cat\/la-investigadora-estel-cardellach-gali-rep-el-premi-muncunill-a-la-innovacio-dhonor-per-les-seves-aportacions-a-lestudi-del-planeta\/"},"modified":"2025-05-20T09:22:37","modified_gmt":"2025-05-20T07:22:37","slug":"la-investigadora-estel-cardellach-gali-rep-el-premi-muncunill-a-la-innovacio-dhonor-per-les-seves-aportacions-a-lestudi-del-planeta","status":"publish","type":"post","link":"https:\/\/www.ieec.cat\/es\/la-investigadora-estel-cardellach-gali-rep-el-premi-muncunill-a-la-innovacio-dhonor-per-les-seves-aportacions-a-lestudi-del-planeta\/","title":{"rendered":"La investigadora Estel Cardellach Gal\u00ed recibe el Premio Muncunill a la Innovaci\u00f3n de Honor por sus aportaciones al estudio del planeta"},"content":{"rendered":"<p>[et_pb_section fb_built=\u00bb1&#8243; _builder_version=\u00bb4.16&#8243; _module_preset=\u00bbdefault\u00bb background_image=\u00bbhttps:\/\/www.ieec.cat\/wp-content\/uploads\/2022\/02\/slider-comunicacio.jpg\u00bb max_height=\u00bb130px\u00bb custom_padding=\u00bb0px||0px||false|false\u00bb da_disable_devices=\u00bboff|off|off\u00bb global_colors_info=\u00bb{}\u00bb da_is_popup=\u00bboff\u00bb da_exit_intent=\u00bboff\u00bb da_has_close=\u00bbon\u00bb da_alt_close=\u00bboff\u00bb da_dark_close=\u00bboff\u00bb da_not_modal=\u00bbon\u00bb da_is_singular=\u00bboff\u00bb da_with_loader=\u00bboff\u00bb da_has_shadow=\u00bbon\u00bb][\/et_pb_section][et_pb_section fb_built=\u00bb1&#8243; _builder_version=\u00bb4.16&#8243; _module_preset=\u00bbdefault\u00bb custom_padding=\u00bb24px||11px|||\u00bb da_disable_devices=\u00bboff|off|off\u00bb global_colors_info=\u00bb{}\u00bb da_is_popup=\u00bboff\u00bb da_exit_intent=\u00bboff\u00bb da_has_close=\u00bbon\u00bb da_alt_close=\u00bboff\u00bb da_dark_close=\u00bboff\u00bb da_not_modal=\u00bbon\u00bb da_is_singular=\u00bboff\u00bb da_with_loader=\u00bboff\u00bb da_has_shadow=\u00bbon\u00bb][et_pb_row _builder_version=\u00bb4.16&#8243; _module_preset=\u00bbdefault\u00bb custom_padding=\u00bb||||false|false\u00bb global_colors_info=\u00bb{}\u00bb][et_pb_column type=\u00bb4_4&#8243; _builder_version=\u00bb4.16&#8243; _module_preset=\u00bbdefault\u00bb global_colors_info=\u00bb{}\u00bb][et_pb_text module_class=\u00bbieec-orgs\u00bb _builder_version=\u00bb4.27.4&#8243; _dynamic_attributes=\u00bbcontent\u00bb _module_preset=\u00bbdefault\u00bb text_font=\u00bb|700||on|||||\u00bb text_font_size=\u00bb16px\u00bb header_font=\u00bb|700|||||||\u00bb text_orientation=\u00bbcenter\u00bb custom_margin=\u00bb||10px||false|false\u00bb header_font_size_tablet=\u00bb28px\u00bb header_font_size_phone=\u00bb26px\u00bb header_font_size_last_edited=\u00bbon|phone\u00bb global_colors_info=\u00bb{}\u00bb]@ET-DC@eyJkeW5hbWljIjp0cnVlLCJjb250ZW50IjoiY3VzdG9tX21ldGFfb3JnYW5pemFjaW9uZXMiLCJzZXR0aW5ncyI6eyJiZWZvcmUiOiIiLCJhZnRlciI6IiIsImVuYWJsZV9odG1sIjoib2ZmIn19@[\/et_pb_text][et_pb_post_title author=\u00bboff\u00bb categories=\u00bboff\u00bb comments=\u00bboff\u00bb featured_image=\u00bboff\u00bb module_class=\u00bbieec-title et_pb_text_align_center\u00bb _builder_version=\u00bb4.27.4&#8243; _module_preset=\u00bbdefault\u00bb title_font=\u00bbCairo|300|||||||\u00bb title_text_align=\u00bbcenter\u00bb title_font_size=\u00bb40px\u00bb meta_font=\u00bb||on||||||\u00bb meta_text_align=\u00bbcenter\u00bb meta_font_size=\u00bb16px\u00bb title_font_size_tablet=\u00bb35px\u00bb title_font_size_phone=\u00bb30px\u00bb title_font_size_last_edited=\u00bbon|desktop\u00bb global_colors_info=\u00bb{}\u00bb][\/et_pb_post_title][\/et_pb_column][\/et_pb_row][et_pb_row column_structure=\u00bb1_2,1_2&#8243; _builder_version=\u00bb4.16&#8243; _module_preset=\u00bbdefault\u00bb global_colors_info=\u00bb{}\u00bb][et_pb_column type=\u00bb1_2&#8243; _builder_version=\u00bb4.16&#8243; _module_preset=\u00bbdefault\u00bb global_colors_info=\u00bb{}\u00bb][et_pb_post_title title=\u00bboff\u00bb meta=\u00bboff\u00bb _builder_version=\u00bb4.16&#8243; _module_preset=\u00bbdefault\u00bb custom_margin=\u00bb||0px||false|false\u00bb border_color_top=\u00bb#406fda\u00bb global_colors_info=\u00bb{}\u00bb][\/et_pb_post_title][\/et_pb_column][et_pb_column type=\u00bb1_2&#8243; _builder_version=\u00bb4.16&#8243; _module_preset=\u00bbdefault\u00bb global_colors_info=\u00bb{}\u00bb][et_pb_text _builder_version=\u00bb4.27.4&#8243; _module_preset=\u00bbdefault\u00bb link_font=\u00bb|700|||on||||\u00bb hover_enabled=\u00bb0&#8243; global_colors_info=\u00bb{}\u00bb sticky_enabled=\u00bb0&#8243;]<\/p>\n<p><span style=\"font-weight: 400;\">Estel Cardellach, investigadora del <\/span><a href=\"https:\/\/www.ieec.cat\/\"><span style=\"font-weight: 400;\">Institut d\u2019Estudis Espacials de Catalunya<\/span><\/a><span style=\"font-weight: 400;\"> (IEEC) en el <\/span><a href=\"https:\/\/www.ice.csic.es\/\" target=\"_blank\" rel=\"noopener\"><span style=\"font-weight: 400;\">Instituto de Ciencias del Espacio<\/span><\/a><span style=\"font-weight: 400;\"> (ICE-CSIC), recibi\u00f3 el <\/span><a href=\"https:\/\/www.terrassa.cat\/premis-muncunill-a-la-innovacio\" target=\"_blank\" rel=\"noopener\"><span style=\"font-weight: 400;\">Premio Muncunill a la Innovaci\u00f3n<\/span><\/a><span style=\"font-weight: 400;\"> de Honor el 8 de mayo en un acto en el Teatro Principal de Terrassa a las 18:30. Este certamen llega a su novena edici\u00f3n, organizado por el Ayuntamiento de Terrassa con el apoyo de la Diputaci\u00f3n de Barcelona, con el objetivo de acercar la innovaci\u00f3n a la ciudadan\u00eda y reconocer a las empresas que trabajan en este \u00e1mbito, as\u00ed como de contribuir a fortalecer el posicionamiento de Terrassa como referente en innovaci\u00f3n.<\/span><\/p>\n<p><span style=\"font-weight: 400;\">Doctora en Ciencias por la Universitat Polit\u00e8cnica de Catalunya (UPC), Cardellach es <\/span><b>la investigadora principal del experimento de Radio Ocultaciones Polarim\u00e9tricas<\/b><span style=\"font-weight: 400;\"> (PRO) a bordo del sat\u00e9lite PAZ. Este experimento, activado en el a\u00f1o 2018 y a\u00fan en funcionamiento, est\u00e1 demostrando un nuevo principio de medida que ella ide\u00f3 en el a\u00f1o 2009 y que es la \u00fanica t\u00e9cnica capaz de proporcionar perfiles verticales atmosf\u00e9ricos de variables termodin\u00e1micas, as\u00ed como de part\u00edculas de precipitaci\u00f3n (lluvia, nieve y hielo).<\/span><\/p>\n<p>[\/et_pb_text][\/et_pb_column][\/et_pb_row][et_pb_row _builder_version=\u00bb4.16&#8243; _module_preset=\u00bbdefault\u00bb global_colors_info=\u00bb{}\u00bb][et_pb_column type=\u00bb4_4&#8243; _builder_version=\u00bb4.16&#8243; _module_preset=\u00bbdefault\u00bb global_colors_info=\u00bb{}\u00bb][et_pb_text _builder_version=\u00bb4.27.4&#8243; _module_preset=\u00bbdefault\u00bb link_font=\u00bb|700|||on||||\u00bb hover_enabled=\u00bb0&#8243; locked=\u00bboff\u00bb global_colors_info=\u00bb{}\u00bb sticky_enabled=\u00bb0&#8243;]<\/p>\n<p><span style=\"font-weight: 400;\">Desde entonces, se han lanzado otros seis sat\u00e9lites con instrumentos PRO y dos de las organizaciones de meteorolog\u00eda m\u00e1s importantes de Estados Unidos y Europa est\u00e1n estudiando c\u00f3mo aprovechar estos datos para mejorar la predicci\u00f3n del tiempo. \u00abEs importante que la ciudad de Terrassa premie la innovaci\u00f3n. Vivimos en tiempos de grandes retos y las miradas nuevas pueden ayudar a encontrar las soluciones que necesitamos\u00bb, afirma Estel Cardellach.<\/span><\/p>\n<p><span style=\"font-weight: 400;\">Adem\u00e1s, la investigadora <b>ha sido pionera en el estudio y desarrollo de la t\u00e9cnica de reflectometr\u00eda GNSS<\/b>. Actualmente, esta t\u00e9cnica orbita en unos 40 sat\u00e9lites, aproximadamente, y ella ha contribuido a extraer diversos productos, tales como los vientos marinos y vientos sobre huracanes, el estudio de los hielos continentales polares, la presencia de agua en superficie (inundaciones), entre otros. En el a\u00f1o 2024 fue nombrada miembro del \u2018Comit\u00e9 de Apoyo de Ciencia y Tecnolog\u00eda\u2019 de la Agencia Espacial Espa\u00f1ola (AEE), \u00f3rgano colegiado consultivo y de asesoramiento de car\u00e1cter permanente.<\/span><\/p>\n<p>[\/et_pb_text][\/et_pb_column][\/et_pb_row][\/et_pb_section]<\/p>\n","protected":false},"excerpt":{"rendered":"<p>Estel Cardellach, investigadora del Institut d\u2019Estudis Espacials de Catalunya (IEEC) en el Instituto de Ciencias del Espacio (ICE-CSIC), recibi\u00f3 el Premio Muncunill a la Innovaci\u00f3n de Honor el 8 de mayo en un acto en el Teatro Principal de Terrassa a las 18:30. Este certamen llega a su novena edici\u00f3n, organizado por el Ayuntamiento de [&hellip;]<\/p>\n","protected":false},"author":5,"featured_media":35269,"comment_status":"closed","ping_status":"closed","sticky":false,"template":"","format":"standard","meta":{"_et_pb_use_builder":"on","_et_pb_old_content":"","_et_gb_content_width":"2880","footnotes":""},"categories":[70,127,124],"tags":[],"class_list":["post-35798","post","type-post","status-publish","format-standard","has-post-thumbnail","hentry","category-anuncios","category-evento","category-premio"],"yoast_head":"<!-- This site is optimized with the Yoast SEO plugin v27.4 - https:\/\/yoast.com\/product\/yoast-seo-wordpress\/ -->\n<title>La investigadora Estel Cardellach Gal\u00ed recibe el Premio Muncunill a la Innovaci\u00f3n de Honor por sus aportaciones al estudio del planeta - IEEC<\/title>\n<meta name=\"robots\" content=\"index, follow, max-snippet:-1, max-image-preview:large, max-video-preview:-1\" \/>\n<link rel=\"canonical\" href=\"https:\/\/www.ieec.cat\/es\/la-investigadora-estel-cardellach-gali-rep-el-premi-muncunill-a-la-innovacio-dhonor-per-les-seves-aportacions-a-lestudi-del-planeta\/\" \/>\n<meta property=\"og:locale\" content=\"es_ES\" \/>\n<meta property=\"og:type\" content=\"article\" \/>\n<meta property=\"og:title\" content=\"La investigadora Estel Cardellach Gal\u00ed recibe el Premio Muncunill a la Innovaci\u00f3n de Honor por sus aportaciones al estudio del planeta - IEEC\" \/>\n<meta property=\"og:description\" content=\"Estel Cardellach, investigadora del Institut d\u2019Estudis Espacials de Catalunya (IEEC) en el Instituto de Ciencias del Espacio (ICE-CSIC), recibi\u00f3 el Premio Muncunill a la Innovaci\u00f3n de Honor el 8 de mayo en un acto en el Teatro Principal de Terrassa a las 18:30. Este certamen llega a su novena edici\u00f3n, organizado por el Ayuntamiento de [&hellip;]\" \/>\n<meta property=\"og:url\" content=\"https:\/\/www.ieec.cat\/es\/la-investigadora-estel-cardellach-gali-rep-el-premi-muncunill-a-la-innovacio-dhonor-per-les-seves-aportacions-a-lestudi-del-planeta\/\" \/>\n<meta property=\"og:site_name\" content=\"IEEC\" \/>\n<meta property=\"article:published_time\" content=\"2025-05-09T08:11:22+00:00\" \/>\n<meta property=\"article:modified_time\" content=\"2025-05-20T07:22:37+00:00\" \/>\n<meta property=\"og:image\" content=\"https:\/\/www.ieec.cat\/wp-content\/uploads\/2025\/05\/estel_02_retallat.jpg\" \/>\n\t<meta property=\"og:image:width\" content=\"1529\" \/>\n\t<meta property=\"og:image:height\" content=\"1352\" \/>\n\t<meta property=\"og:image:type\" content=\"image\/jpeg\" \/>\n<meta name=\"author\" content=\"Francisco Panyos\" \/>\n<meta name=\"twitter:card\" content=\"summary_large_image\" \/>\n<meta name=\"twitter:label1\" content=\"Escrito por\" \/>\n\t<meta name=\"twitter:data1\" content=\"Francisco Panyos\" \/>\n\t<meta name=\"twitter:label2\" content=\"Tiempo de lectura\" \/>\n\t<meta name=\"twitter:data2\" content=\"4 minutos\" \/>\n<script type=\"application\/ld+json\" class=\"yoast-schema-graph\">{\"@context\":\"https:\\\/\\\/schema.org\",\"@graph\":[{\"@type\":\"Article\",\"@id\":\"https:\\\/\\\/www.ieec.cat\\\/es\\\/la-investigadora-estel-cardellach-gali-rep-el-premi-muncunill-a-la-innovacio-dhonor-per-les-seves-aportacions-a-lestudi-del-planeta\\\/#article\",\"isPartOf\":{\"@id\":\"https:\\\/\\\/www.ieec.cat\\\/es\\\/la-investigadora-estel-cardellach-gali-rep-el-premi-muncunill-a-la-innovacio-dhonor-per-les-seves-aportacions-a-lestudi-del-planeta\\\/\"},\"author\":{\"name\":\"Francisco Panyos\",\"@id\":\"https:\\\/\\\/www.ieec.cat\\\/es\\\/#\\\/schema\\\/person\\\/66f3943e2fdb094349ad344043ede870\"},\"headline\":\"La investigadora Estel Cardellach Gal\u00ed recibe el Premio Muncunill a la Innovaci\u00f3n de Honor por sus aportaciones al estudio del planeta\",\"datePublished\":\"2025-05-09T08:11:22+00:00\",\"dateModified\":\"2025-05-20T07:22:37+00:00\",\"mainEntityOfPage\":{\"@id\":\"https:\\\/\\\/www.ieec.cat\\\/es\\\/la-investigadora-estel-cardellach-gali-rep-el-premi-muncunill-a-la-innovacio-dhonor-per-les-seves-aportacions-a-lestudi-del-planeta\\\/\"},\"wordCount\":847,\"image\":{\"@id\":\"https:\\\/\\\/www.ieec.cat\\\/es\\\/la-investigadora-estel-cardellach-gali-rep-el-premi-muncunill-a-la-innovacio-dhonor-per-les-seves-aportacions-a-lestudi-del-planeta\\\/#primaryimage\"},\"thumbnailUrl\":\"https:\\\/\\\/www.ieec.cat\\\/wp-content\\\/uploads\\\/2025\\\/05\\\/estel_02_retallat.jpg\",\"articleSection\":[\"Anuncios\",\"Evento\",\"Premio\"],\"inLanguage\":\"es\"},{\"@type\":\"WebPage\",\"@id\":\"https:\\\/\\\/www.ieec.cat\\\/es\\\/la-investigadora-estel-cardellach-gali-rep-el-premi-muncunill-a-la-innovacio-dhonor-per-les-seves-aportacions-a-lestudi-del-planeta\\\/\",\"url\":\"https:\\\/\\\/www.ieec.cat\\\/es\\\/la-investigadora-estel-cardellach-gali-rep-el-premi-muncunill-a-la-innovacio-dhonor-per-les-seves-aportacions-a-lestudi-del-planeta\\\/\",\"name\":\"La investigadora Estel Cardellach Gal\u00ed recibe el Premio Muncunill a la Innovaci\u00f3n de Honor por sus aportaciones al estudio del planeta - IEEC\",\"isPartOf\":{\"@id\":\"https:\\\/\\\/www.ieec.cat\\\/es\\\/#website\"},\"primaryImageOfPage\":{\"@id\":\"https:\\\/\\\/www.ieec.cat\\\/es\\\/la-investigadora-estel-cardellach-gali-rep-el-premi-muncunill-a-la-innovacio-dhonor-per-les-seves-aportacions-a-lestudi-del-planeta\\\/#primaryimage\"},\"image\":{\"@id\":\"https:\\\/\\\/www.ieec.cat\\\/es\\\/la-investigadora-estel-cardellach-gali-rep-el-premi-muncunill-a-la-innovacio-dhonor-per-les-seves-aportacions-a-lestudi-del-planeta\\\/#primaryimage\"},\"thumbnailUrl\":\"https:\\\/\\\/www.ieec.cat\\\/wp-content\\\/uploads\\\/2025\\\/05\\\/estel_02_retallat.jpg\",\"datePublished\":\"2025-05-09T08:11:22+00:00\",\"dateModified\":\"2025-05-20T07:22:37+00:00\",\"author\":{\"@id\":\"https:\\\/\\\/www.ieec.cat\\\/es\\\/#\\\/schema\\\/person\\\/66f3943e2fdb094349ad344043ede870\"},\"breadcrumb\":{\"@id\":\"https:\\\/\\\/www.ieec.cat\\\/es\\\/la-investigadora-estel-cardellach-gali-rep-el-premi-muncunill-a-la-innovacio-dhonor-per-les-seves-aportacions-a-lestudi-del-planeta\\\/#breadcrumb\"},\"inLanguage\":\"es\",\"potentialAction\":[{\"@type\":\"ReadAction\",\"target\":[\"https:\\\/\\\/www.ieec.cat\\\/es\\\/la-investigadora-estel-cardellach-gali-rep-el-premi-muncunill-a-la-innovacio-dhonor-per-les-seves-aportacions-a-lestudi-del-planeta\\\/\"]}]},{\"@type\":\"ImageObject\",\"inLanguage\":\"es\",\"@id\":\"https:\\\/\\\/www.ieec.cat\\\/es\\\/la-investigadora-estel-cardellach-gali-rep-el-premi-muncunill-a-la-innovacio-dhonor-per-les-seves-aportacions-a-lestudi-del-planeta\\\/#primaryimage\",\"url\":\"https:\\\/\\\/www.ieec.cat\\\/wp-content\\\/uploads\\\/2025\\\/05\\\/estel_02_retallat.jpg\",\"contentUrl\":\"https:\\\/\\\/www.ieec.cat\\\/wp-content\\\/uploads\\\/2025\\\/05\\\/estel_02_retallat.jpg\",\"width\":1529,\"height\":1352},{\"@type\":\"BreadcrumbList\",\"@id\":\"https:\\\/\\\/www.ieec.cat\\\/es\\\/la-investigadora-estel-cardellach-gali-rep-el-premi-muncunill-a-la-innovacio-dhonor-per-les-seves-aportacions-a-lestudi-del-planeta\\\/#breadcrumb\",\"itemListElement\":[{\"@type\":\"ListItem\",\"position\":1,\"name\":\"Portada\",\"item\":\"https:\\\/\\\/www.ieec.cat\\\/es\\\/\"},{\"@type\":\"ListItem\",\"position\":2,\"name\":\"La investigadora Estel Cardellach Gal\u00ed recibe el Premio Muncunill a la Innovaci\u00f3n de Honor por sus aportaciones al estudio del planeta\"}]},{\"@type\":\"WebSite\",\"@id\":\"https:\\\/\\\/www.ieec.cat\\\/es\\\/#website\",\"url\":\"https:\\\/\\\/www.ieec.cat\\\/es\\\/\",\"name\":\"IEEC\",\"description\":\"Institut d&#039;Estudis Espacials de Catalunya\",\"potentialAction\":[{\"@type\":\"SearchAction\",\"target\":{\"@type\":\"EntryPoint\",\"urlTemplate\":\"https:\\\/\\\/www.ieec.cat\\\/es\\\/?s={search_term_string}\"},\"query-input\":{\"@type\":\"PropertyValueSpecification\",\"valueRequired\":true,\"valueName\":\"search_term_string\"}}],\"inLanguage\":\"es\"},{\"@type\":\"Person\",\"@id\":\"https:\\\/\\\/www.ieec.cat\\\/es\\\/#\\\/schema\\\/person\\\/66f3943e2fdb094349ad344043ede870\",\"name\":\"Francisco Panyos\",\"image\":{\"@type\":\"ImageObject\",\"inLanguage\":\"es\",\"@id\":\"https:\\\/\\\/secure.gravatar.com\\\/avatar\\\/526157a3fe3c965ab680e104b6fe47df151d5d607c86c2744324613bf4c68622?s=96&d=mm&r=g\",\"url\":\"https:\\\/\\\/secure.gravatar.com\\\/avatar\\\/526157a3fe3c965ab680e104b6fe47df151d5d607c86c2744324613bf4c68622?s=96&d=mm&r=g\",\"contentUrl\":\"https:\\\/\\\/secure.gravatar.com\\\/avatar\\\/526157a3fe3c965ab680e104b6fe47df151d5d607c86c2744324613bf4c68622?s=96&d=mm&r=g\",\"caption\":\"Francisco Panyos\"}}]}<\/script>\n<!-- \/ Yoast SEO plugin. -->","yoast_head_json":{"title":"La investigadora Estel Cardellach Gal\u00ed recibe el Premio Muncunill a la Innovaci\u00f3n de Honor por sus aportaciones al estudio del planeta - IEEC","robots":{"index":"index","follow":"follow","max-snippet":"max-snippet:-1","max-image-preview":"max-image-preview:large","max-video-preview":"max-video-preview:-1"},"canonical":"https:\/\/www.ieec.cat\/es\/la-investigadora-estel-cardellach-gali-rep-el-premi-muncunill-a-la-innovacio-dhonor-per-les-seves-aportacions-a-lestudi-del-planeta\/","og_locale":"es_ES","og_type":"article","og_title":"La investigadora Estel Cardellach Gal\u00ed recibe el Premio Muncunill a la Innovaci\u00f3n de Honor por sus aportaciones al estudio del planeta - IEEC","og_description":"Estel Cardellach, investigadora del Institut d\u2019Estudis Espacials de Catalunya (IEEC) en el Instituto de Ciencias del Espacio (ICE-CSIC), recibi\u00f3 el Premio Muncunill a la Innovaci\u00f3n de Honor el 8 de mayo en un acto en el Teatro Principal de Terrassa a las 18:30. Este certamen llega a su novena edici\u00f3n, organizado por el Ayuntamiento de [&hellip;]","og_url":"https:\/\/www.ieec.cat\/es\/la-investigadora-estel-cardellach-gali-rep-el-premi-muncunill-a-la-innovacio-dhonor-per-les-seves-aportacions-a-lestudi-del-planeta\/","og_site_name":"IEEC","article_published_time":"2025-05-09T08:11:22+00:00","article_modified_time":"2025-05-20T07:22:37+00:00","og_image":[{"width":1529,"height":1352,"url":"https:\/\/www.ieec.cat\/wp-content\/uploads\/2025\/05\/estel_02_retallat.jpg","type":"image\/jpeg"}],"author":"Francisco Panyos","twitter_card":"summary_large_image","twitter_misc":{"Escrito por":"Francisco Panyos","Tiempo de lectura":"4 minutos"},"schema":{"@context":"https:\/\/schema.org","@graph":[{"@type":"Article","@id":"https:\/\/www.ieec.cat\/es\/la-investigadora-estel-cardellach-gali-rep-el-premi-muncunill-a-la-innovacio-dhonor-per-les-seves-aportacions-a-lestudi-del-planeta\/#article","isPartOf":{"@id":"https:\/\/www.ieec.cat\/es\/la-investigadora-estel-cardellach-gali-rep-el-premi-muncunill-a-la-innovacio-dhonor-per-les-seves-aportacions-a-lestudi-del-planeta\/"},"author":{"name":"Francisco Panyos","@id":"https:\/\/www.ieec.cat\/es\/#\/schema\/person\/66f3943e2fdb094349ad344043ede870"},"headline":"La investigadora Estel Cardellach Gal\u00ed recibe el Premio Muncunill a la Innovaci\u00f3n de Honor por sus aportaciones al estudio del planeta","datePublished":"2025-05-09T08:11:22+00:00","dateModified":"2025-05-20T07:22:37+00:00","mainEntityOfPage":{"@id":"https:\/\/www.ieec.cat\/es\/la-investigadora-estel-cardellach-gali-rep-el-premi-muncunill-a-la-innovacio-dhonor-per-les-seves-aportacions-a-lestudi-del-planeta\/"},"wordCount":847,"image":{"@id":"https:\/\/www.ieec.cat\/es\/la-investigadora-estel-cardellach-gali-rep-el-premi-muncunill-a-la-innovacio-dhonor-per-les-seves-aportacions-a-lestudi-del-planeta\/#primaryimage"},"thumbnailUrl":"https:\/\/www.ieec.cat\/wp-content\/uploads\/2025\/05\/estel_02_retallat.jpg","articleSection":["Anuncios","Evento","Premio"],"inLanguage":"es"},{"@type":"WebPage","@id":"https:\/\/www.ieec.cat\/es\/la-investigadora-estel-cardellach-gali-rep-el-premi-muncunill-a-la-innovacio-dhonor-per-les-seves-aportacions-a-lestudi-del-planeta\/","url":"https:\/\/www.ieec.cat\/es\/la-investigadora-estel-cardellach-gali-rep-el-premi-muncunill-a-la-innovacio-dhonor-per-les-seves-aportacions-a-lestudi-del-planeta\/","name":"La investigadora Estel Cardellach Gal\u00ed recibe el Premio Muncunill a la Innovaci\u00f3n de Honor por sus aportaciones al estudio del planeta - IEEC","isPartOf":{"@id":"https:\/\/www.ieec.cat\/es\/#website"},"primaryImageOfPage":{"@id":"https:\/\/www.ieec.cat\/es\/la-investigadora-estel-cardellach-gali-rep-el-premi-muncunill-a-la-innovacio-dhonor-per-les-seves-aportacions-a-lestudi-del-planeta\/#primaryimage"},"image":{"@id":"https:\/\/www.ieec.cat\/es\/la-investigadora-estel-cardellach-gali-rep-el-premi-muncunill-a-la-innovacio-dhonor-per-les-seves-aportacions-a-lestudi-del-planeta\/#primaryimage"},"thumbnailUrl":"https:\/\/www.ieec.cat\/wp-content\/uploads\/2025\/05\/estel_02_retallat.jpg","datePublished":"2025-05-09T08:11:22+00:00","dateModified":"2025-05-20T07:22:37+00:00","author":{"@id":"https:\/\/www.ieec.cat\/es\/#\/schema\/person\/66f3943e2fdb094349ad344043ede870"},"breadcrumb":{"@id":"https:\/\/www.ieec.cat\/es\/la-investigadora-estel-cardellach-gali-rep-el-premi-muncunill-a-la-innovacio-dhonor-per-les-seves-aportacions-a-lestudi-del-planeta\/#breadcrumb"},"inLanguage":"es","potentialAction":[{"@type":"ReadAction","target":["https:\/\/www.ieec.cat\/es\/la-investigadora-estel-cardellach-gali-rep-el-premi-muncunill-a-la-innovacio-dhonor-per-les-seves-aportacions-a-lestudi-del-planeta\/"]}]},{"@type":"ImageObject","inLanguage":"es","@id":"https:\/\/www.ieec.cat\/es\/la-investigadora-estel-cardellach-gali-rep-el-premi-muncunill-a-la-innovacio-dhonor-per-les-seves-aportacions-a-lestudi-del-planeta\/#primaryimage","url":"https:\/\/www.ieec.cat\/wp-content\/uploads\/2025\/05\/estel_02_retallat.jpg","contentUrl":"https:\/\/www.ieec.cat\/wp-content\/uploads\/2025\/05\/estel_02_retallat.jpg","width":1529,"height":1352},{"@type":"BreadcrumbList","@id":"https:\/\/www.ieec.cat\/es\/la-investigadora-estel-cardellach-gali-rep-el-premi-muncunill-a-la-innovacio-dhonor-per-les-seves-aportacions-a-lestudi-del-planeta\/#breadcrumb","itemListElement":[{"@type":"ListItem","position":1,"name":"Portada","item":"https:\/\/www.ieec.cat\/es\/"},{"@type":"ListItem","position":2,"name":"La investigadora Estel Cardellach Gal\u00ed recibe el Premio Muncunill a la Innovaci\u00f3n de Honor por sus aportaciones al estudio del planeta"}]},{"@type":"WebSite","@id":"https:\/\/www.ieec.cat\/es\/#website","url":"https:\/\/www.ieec.cat\/es\/","name":"IEEC","description":"Institut d&#039;Estudis Espacials de Catalunya","potentialAction":[{"@type":"SearchAction","target":{"@type":"EntryPoint","urlTemplate":"https:\/\/www.ieec.cat\/es\/?s={search_term_string}"},"query-input":{"@type":"PropertyValueSpecification","valueRequired":true,"valueName":"search_term_string"}}],"inLanguage":"es"},{"@type":"Person","@id":"https:\/\/www.ieec.cat\/es\/#\/schema\/person\/66f3943e2fdb094349ad344043ede870","name":"Francisco Panyos","image":{"@type":"ImageObject","inLanguage":"es","@id":"https:\/\/secure.gravatar.com\/avatar\/526157a3fe3c965ab680e104b6fe47df151d5d607c86c2744324613bf4c68622?s=96&d=mm&r=g","url":"https:\/\/secure.gravatar.com\/avatar\/526157a3fe3c965ab680e104b6fe47df151d5d607c86c2744324613bf4c68622?s=96&d=mm&r=g","contentUrl":"https:\/\/secure.gravatar.com\/avatar\/526157a3fe3c965ab680e104b6fe47df151d5d607c86c2744324613bf4c68622?s=96&d=mm&r=g","caption":"Francisco Panyos"}}]}},"_links":{"self":[{"href":"https:\/\/www.ieec.cat\/es\/wp-json\/wp\/v2\/posts\/35798","targetHints":{"allow":["GET"]}}],"collection":[{"href":"https:\/\/www.ieec.cat\/es\/wp-json\/wp\/v2\/posts"}],"about":[{"href":"https:\/\/www.ieec.cat\/es\/wp-json\/wp\/v2\/types\/post"}],"author":[{"embeddable":true,"href":"https:\/\/www.ieec.cat\/es\/wp-json\/wp\/v2\/users\/5"}],"replies":[{"embeddable":true,"href":"https:\/\/www.ieec.cat\/es\/wp-json\/wp\/v2\/comments?post=35798"}],"version-history":[{"count":4,"href":"https:\/\/www.ieec.cat\/es\/wp-json\/wp\/v2\/posts\/35798\/revisions"}],"predecessor-version":[{"id":35804,"href":"https:\/\/www.ieec.cat\/es\/wp-json\/wp\/v2\/posts\/35798\/revisions\/35804"}],"wp:featuredmedia":[{"embeddable":true,"href":"https:\/\/www.ieec.cat\/es\/wp-json\/wp\/v2\/media\/35269"}],"wp:attachment":[{"href":"https:\/\/www.ieec.cat\/es\/wp-json\/wp\/v2\/media?parent=35798"}],"wp:term":[{"taxonomy":"category","embeddable":true,"href":"https:\/\/www.ieec.cat\/es\/wp-json\/wp\/v2\/categories?post=35798"},{"taxonomy":"post_tag","embeddable":true,"href":"https:\/\/www.ieec.cat\/es\/wp-json\/wp\/v2\/tags?post=35798"}],"curies":[{"name":"wp","href":"https:\/\/api.w.org\/{rel}","templated":true}]}}