{"id":35845,"date":"2025-05-20T13:32:09","date_gmt":"2025-05-20T11:32:09","guid":{"rendered":"https:\/\/www.ieec.cat\/?p=35845"},"modified":"2025-05-23T12:31:47","modified_gmt":"2025-05-23T10:31:47","slug":"catalunya-se-prepara-para-vivir-un-eclipse-solar-historico","status":"publish","type":"post","link":"https:\/\/www.ieec.cat\/es\/catalunya-se-prepara-para-vivir-un-eclipse-solar-historico\/","title":{"rendered":"Catalunya se prepara para vivir un eclipse solar hist\u00f3rico"},"content":{"rendered":"<p>[et_pb_section fb_built=\u00bb1&#8243; _builder_version=\u00bb4.16&#8243; _module_preset=\u00bbdefault\u00bb background_image=\u00bbhttps:\/\/www.ieec.cat\/wp-content\/uploads\/2022\/02\/slider-comunicacio.jpg\u00bb max_height=\u00bb130px\u00bb custom_padding=\u00bb0px||0px||false|false\u00bb da_disable_devices=\u00bboff|off|off\u00bb global_colors_info=\u00bb{}\u00bb da_is_popup=\u00bboff\u00bb da_exit_intent=\u00bboff\u00bb da_has_close=\u00bbon\u00bb da_alt_close=\u00bboff\u00bb da_dark_close=\u00bboff\u00bb da_not_modal=\u00bbon\u00bb da_is_singular=\u00bboff\u00bb da_with_loader=\u00bboff\u00bb da_has_shadow=\u00bbon\u00bb][\/et_pb_section][et_pb_section fb_built=\u00bb1&#8243; _builder_version=\u00bb4.16&#8243; _module_preset=\u00bbdefault\u00bb custom_padding=\u00bb24px||11px|||\u00bb da_disable_devices=\u00bboff|off|off\u00bb global_colors_info=\u00bb{}\u00bb da_is_popup=\u00bboff\u00bb da_exit_intent=\u00bboff\u00bb da_has_close=\u00bbon\u00bb da_alt_close=\u00bboff\u00bb da_dark_close=\u00bboff\u00bb da_not_modal=\u00bbon\u00bb da_is_singular=\u00bboff\u00bb da_with_loader=\u00bboff\u00bb da_has_shadow=\u00bbon\u00bb][et_pb_row _builder_version=\u00bb4.16&#8243; _module_preset=\u00bbdefault\u00bb custom_padding=\u00bb||||false|false\u00bb global_colors_info=\u00bb{}\u00bb][et_pb_column type=\u00bb4_4&#8243; _builder_version=\u00bb4.16&#8243; _module_preset=\u00bbdefault\u00bb global_colors_info=\u00bb{}\u00bb][et_pb_text admin_label=\u00bbUnitats de recerca\u00bb module_class=\u00bbieec-orgs\u00bb _builder_version=\u00bb4.27.4&#8243; _dynamic_attributes=\u00bbcontent\u00bb _module_preset=\u00bbdefault\u00bb text_font=\u00bb|700||on|||||\u00bb text_font_size=\u00bb16px\u00bb header_font=\u00bb|700|||||||\u00bb custom_margin=\u00bb||10px||false|false\u00bb header_font_size_tablet=\u00bb28px\u00bb header_font_size_phone=\u00bb26px\u00bb header_font_size_last_edited=\u00bbon|phone\u00bb global_colors_info=\u00bb{}\u00bb]@ET-DC@eyJkeW5hbWljIjp0cnVlLCJjb250ZW50IjoiY3VzdG9tX21ldGFfb3JnYW5pemFjaW9uZXMiLCJzZXR0aW5ncyI6eyJiZWZvcmUiOiIiLCJhZnRlciI6IiIsImVuYWJsZV9odG1sIjoib2ZmIn19@[\/et_pb_text][et_pb_post_title author=\u00bboff\u00bb categories=\u00bboff\u00bb comments=\u00bboff\u00bb featured_image=\u00bboff\u00bb admin_label=\u00bbT\u00edtol i data\u00bb module_class=\u00bbieec-title\u00bb _builder_version=\u00bb4.27.4&#8243; _module_preset=\u00bbdefault\u00bb title_font=\u00bbCairo|300|||||||\u00bb title_font_size=\u00bb40px\u00bb meta_font=\u00bb||on||||||\u00bb meta_font_size=\u00bb16px\u00bb title_font_size_tablet=\u00bb35px\u00bb title_font_size_phone=\u00bb30px\u00bb title_font_size_last_edited=\u00bbon|desktop\u00bb global_colors_info=\u00bb{}\u00bb][\/et_pb_post_title][et_pb_text admin_label=\u00bbSubt\u00edtols\u00bb module_class=\u00bbieec-summary\u00bb _builder_version=\u00bb4.27.4&#8243; _module_preset=\u00bbdefault\u00bb text_font=\u00bbSource Sans Pro||on||||||\u00bb text_font_size=\u00bb24px\u00bb text_line_height=\u00bb1.1em\u00bb text_font_size_tablet=\u00bb22px\u00bb text_font_size_phone=\u00bb20px\u00bb text_font_size_last_edited=\u00bbon|phone\u00bb global_colors_info=\u00bb{}\u00bb]<\/p>\n<p>\u2022 El 12 de agosto de 2026, el cielo de Catalunya se oscurecer\u00e1 por completo por primera vez en m\u00e1s de 120 a\u00f1os<br \/>\u2022 El Govern de la Generalitat ha aprobado la creaci\u00f3n de una Comisi\u00f3n Interdepartamental para la coordinaci\u00f3n y gesti\u00f3n de las actuaciones relacionadas con el Eclipse, con el objetivo de garantizar una planificaci\u00f3n integral y transversal ante un fen\u00f3meno astron\u00f3mico excepcional<br \/>\u2022 El Institut d\u2019Estudis Espacials de Catalunya (IEEC) formar\u00e1 parte de esta comisi\u00f3n interdepartamental, junto con trece Departaments de la Generalitat, liderando las tareas de apoyo t\u00e9cnico y cient\u00edfico<\/p>\n<p>[\/et_pb_text][\/et_pb_column][\/et_pb_row][et_pb_row column_structure=\u00bb1_2,1_2&#8243; _builder_version=\u00bb4.16&#8243; _module_preset=\u00bbdefault\u00bb global_colors_info=\u00bb{}\u00bb][et_pb_column type=\u00bb1_2&#8243; _builder_version=\u00bb4.16&#8243; _module_preset=\u00bbdefault\u00bb global_colors_info=\u00bb{}\u00bb][et_pb_post_title title=\u00bboff\u00bb meta=\u00bboff\u00bb module_class=\u00bbieec-img-container\u00bb _builder_version=\u00bb4.27.2&#8243; _module_preset=\u00bbdefault\u00bb custom_margin=\u00bb||0px||false|false\u00bb border_width_top=\u00bb10px\u00bb border_color_top=\u00bb#406fda\u00bb global_colors_info=\u00bb{}\u00bb][\/et_pb_post_title][et_pb_text module_class=\u00bbieec-img-footer\u00bb _builder_version=\u00bb4.27.4&#8243; _module_preset=\u00bbdefault\u00bb text_font=\u00bb||||||||\u00bb text_font_size=\u00bb15px\u00bb text_line_height=\u00bb1.1em\u00bb background_color=\u00bbrgba(64,111,218,0.15)\u00bb custom_margin=\u00bb0px||||false|false\u00bb custom_padding=\u00bb30px|20px|30px|20px|true|true\u00bb global_colors_info=\u00bb{}\u00bb]<\/p>\n<p><span style=\"font-weight: 400;\">La consellera de Recerca i Universitats, N\u00faria Montserrat, y el director del IEEC, Ignasi Ribas, despu\u00e9s de firmar el acuerdo para la creaci\u00f3n de la Comisi\u00f3n Interdepartamental para el Eclipse solar total de 2026. <\/span><b>Govern<\/b><\/p>\n<p>[\/et_pb_text][\/et_pb_column][et_pb_column type=\u00bb1_2&#8243; _builder_version=\u00bb4.16&#8243; _module_preset=\u00bbdefault\u00bb global_colors_info=\u00bb{}\u00bb][et_pb_text _builder_version=\u00bb4.27.4&#8243; _module_preset=\u00bbdefault\u00bb link_font=\u00bb|700|||on||||\u00bb global_colors_info=\u00bb{}\u00bb]<\/p>\n<p><span style=\"font-weight: 400;\">El eclipse solar total de 2026 ser\u00e1 un evento extraordinario. <\/span><b>Por primera vez desde 1905, Catalunya se encontrar\u00e1 dentro de la franja de totalidad de un eclipse<\/b><span style=\"font-weight: 400;\">: la Luna cubrir\u00e1 completamente el Sol durante un breve lapso de tiempo \u2014hasta 1 minuto y 32 segundos en municipios como Roquetes\u2014 y el d\u00eda se convertir\u00e1 en noche.<\/span><\/p>\n<p><span style=\"font-weight: 400;\">El eclipse total de Sol representa una oportunidad excepcional para impulsar la investigaci\u00f3n y la divulgaci\u00f3n cient\u00edfica en Catalunya. A nivel acad\u00e9mico, <\/span><b>permitir\u00e1 realizar observaciones astron\u00f3micas de alto valor cient\u00edfico, especialmente en el estudio de la corona solar y de los fen\u00f3menos asociados a la actividad del Sol<\/b><span style=\"font-weight: 400;\">. Centros de investigaci\u00f3n y observatorios, como el Observatorio del Ebre \u2014\u00fanico dentro de la franja de totalidad\u2014, tendr\u00e1n un papel clave en la generaci\u00f3n y transferencia de conocimiento. <\/span><\/p>\n<p><span style=\"font-weight: 400;\">Paralelamente, el eclipse actuar\u00e1 como un <\/span><b>gran catalizador de vocaciones cient\u00edficas y de inter\u00e9s social por la astronom\u00eda<\/b><span style=\"font-weight: 400;\">, gracias a la movilizaci\u00f3n de escuelas, universidades y entidades divulgadoras que aprovechar\u00e1n el evento para acercar la ciencia a la ciudadan\u00eda mediante talleres, materiales educativos y actividades abiertas en todo el territorio.<\/span><\/p>\n<p>[\/et_pb_text][\/et_pb_column][\/et_pb_row][et_pb_row _builder_version=\u00bb4.16&#8243; _module_preset=\u00bbdefault\u00bb global_colors_info=\u00bb{}\u00bb][et_pb_column type=\u00bb4_4&#8243; _builder_version=\u00bb4.16&#8243; _module_preset=\u00bbdefault\u00bb global_colors_info=\u00bb{}\u00bb][et_pb_text _builder_version=\u00bb4.27.4&#8243; _module_preset=\u00bbdefault\u00bb link_font=\u00bb|700|||on||||\u00bb locked=\u00bboff\u00bb global_colors_info=\u00bb{}\u00bb]<\/p>\n<p><span style=\"font-weight: 400;\">Por su gran capacidad de movilizaci\u00f3n, el Govern estima que el eclipse tendr\u00e1 un <\/span><b>impacto significativo en el tejido cient\u00edfico y educativo, as\u00ed como en la actividad social y econ\u00f3mica del pa\u00eds<\/b><span style=\"font-weight: 400;\">. Por este motivo, la elaboraci\u00f3n de un plan de acci\u00f3n interdepartamental ser\u00e1 clave para garantizar una respuesta coordinada, anticipada y eficaz ante este evento excepcional.<\/span><\/p>\n<p><span style=\"font-weight: 400;\">Presidida por el presidente de la Generalitat, Salvador Illa, y con la vicepresidencia de la consejera de Investigaci\u00f3n y Universidades, N\u00faria Montserrat, <\/span><b>la comisi\u00f3n estar\u00e1 integrada por representantes de trece departamentos del Govern y del <\/b><a href=\"http:\/\/ieec.cat\/es\/\" target=\"_blank\" rel=\"noopener\"><b>Institut d\u2019Estudis Espacials de Catalunya<\/b><\/a><b> (IEEC)<\/b><span style=\"font-weight: 400;\">. Adem\u00e1s, contar\u00e1 con el apoyo t\u00e9cnico y cient\u00edfico de diversos centros especializados.<\/span><\/p>\n<p><span style=\"font-weight: 400;\">Entre sus funciones principales est\u00e1 la definici\u00f3n de un plan de acci\u00f3n interdepartamental que abordar\u00e1 aspectos clave como la <\/span><b>investigaci\u00f3n y la divulgaci\u00f3n cient\u00edfica, la gesti\u00f3n de espacios de observaci\u00f3n, la organizaci\u00f3n de la movilidad, la promoci\u00f3n tur\u00edstica, as\u00ed como la seguridad y la prevenci\u00f3n en materia de salud.<\/b><\/p>\n<p>[\/et_pb_text][\/et_pb_column][\/et_pb_row][et_pb_row column_structure=\u00bb1_2,1_2&#8243; _builder_version=\u00bb4.16&#8243; _module_preset=\u00bbdefault\u00bb locked=\u00bboff\u00bb global_colors_info=\u00bb{}\u00bb][et_pb_column type=\u00bb1_2&#8243; _builder_version=\u00bb4.16&#8243; _module_preset=\u00bbdefault\u00bb global_colors_info=\u00bb{}\u00bb][et_pb_video src=\u00bbhttps:\/\/www.ieec.cat\/wp-content\/uploads\/2025\/05\/WhatsApp-Video-2025-05-17-at-15.17.53-1.mp4&#8243; play_icon_color=\u00bb#1E2793&#8243; thumbnail_overlay_color=\u00bb#FFFFFF\u00bb _builder_version=\u00bb4.27.4&#8243; _module_preset=\u00bbdefault\u00bb width=\u00bb100%\u00bb module_alignment=\u00bbcenter\u00bb custom_margin=\u00bb||1px|||\u00bb custom_padding=\u00bb||0px|||\u00bb global_colors_info=\u00bb{}\u00bb][\/et_pb_video][et_pb_text module_class=\u00bbieec-img-footer\u00bb _builder_version=\u00bb4.27.4&#8243; _module_preset=\u00bbdefault\u00bb text_font=\u00bb||||||||\u00bb text_font_size=\u00bb15px\u00bb text_line_height=\u00bb1.1em\u00bb background_color=\u00bbrgba(64,111,218,0.15)\u00bb custom_margin=\u00bb0px||||false|false\u00bb custom_padding=\u00bb30px|20px|30px|20px|true|true\u00bb global_colors_info=\u00bb{}\u00bb]<\/p>\n<p>Pieza audiovisual sobre el Eclipse solar total de 2026.<strong> 3cat<\/strong><\/p>\n<p>[\/et_pb_text][\/et_pb_column][et_pb_column type=\u00bb1_2&#8243; _builder_version=\u00bb4.16&#8243; _module_preset=\u00bbdefault\u00bb global_colors_info=\u00bb{}\u00bb][et_pb_text _builder_version=\u00bb4.27.4&#8243; _module_preset=\u00bbdefault\u00bb link_font=\u00bb|700|||on||||\u00bb global_colors_info=\u00bb{}\u00bb]<\/p>\n<p><span style=\"font-weight: 400;\">La experiencia de otros eclipses recientes alrededor del mundo demuestra que la demanda de alojamiento, servicios tur\u00edsticos y actividades de observaci\u00f3n puede multiplicarse exponencialmente, con la llegada de p\u00fablico tanto local como internacional. El hecho de que coincida con el pico de las vacaciones de verano y que el fen\u00f3meno no ser\u00e1 visible en su totalidad desde el \u00e1rea metropolitana de Barcelona, <\/span><b>se prev\u00e9 un elevado volumen de desplazamientos hacia las comarcas del sur<\/b><span style=\"font-weight: 400;\">, especialmente las Terres de l\u2019Ebre y el Camp de Tarragona.<\/span><\/p>\n<p><span style=\"font-weight: 400;\">Entre las acciones previstas destacan <\/span><b>la creaci\u00f3n de puntos oficiales de observaci\u00f3n, la distribuci\u00f3n masiva de gafas homologadas, la activaci\u00f3n de dispositivos especiales de tr\u00e1fico y emergencia, y la puesta en marcha de campa\u00f1as educativas e informativas<\/b><span style=\"font-weight: 400;\">, tanto en centros escolares como a trav\u00e9s de los canales institucionales.<\/span><\/p>\n<p>[\/et_pb_text][\/et_pb_column][\/et_pb_row][et_pb_row _builder_version=\u00bb4.16&#8243; _module_preset=\u00bbdefault\u00bb custom_margin=\u00bb|auto|0px|auto||\u00bb global_colors_info=\u00bb{}\u00bb][et_pb_column type=\u00bb4_4&#8243; _builder_version=\u00bb4.16&#8243; _module_preset=\u00bbdefault\u00bb global_colors_info=\u00bb{}\u00bb][et_pb_text _builder_version=\u00bb4.27.4&#8243; _module_preset=\u00bbdefault\u00bb link_font=\u00bb|700|||on||||\u00bb hover_enabled=\u00bb0&#8243; locked=\u00bboff\u00bb global_colors_info=\u00bb{}\u00bb sticky_enabled=\u00bb0&#8243;]<\/p>\n<p><span style=\"font-weight: 400;\">El Govern tambi\u00e9n promover\u00e1 el papel del sistema catal\u00e1n de investigaci\u00f3n y del patrimonio astron\u00f3mico del pa\u00eds, con iniciativas coordinadas con el Observatori de l&#8217;Ebre, el Parc Astron\u00f2mic del Montsec, el Institut de Ci\u00e8ncies del Cosmos de la Universitat de Barcelona (ICCUB), el Instituto de Ciencias del Espacio (ICE-CSIC) o el propio IEEC. <\/span><span style=\"font-weight: 400;\">Este eclipse <\/span><b>ser\u00e1 el primero de una serie de tres eclipses visibles desde Espa\u00f1a entre los a\u00f1os 2026 y 2028<\/b><span style=\"font-weight: 400;\">, una coincidencia excepcional en el calendario astron\u00f3mico. Catalunya tendr\u00e1, por tanto, una <\/span><b>oportunidad \u00fanica para fomentar el inter\u00e9s por la astronom\u00eda, la ciencia y la sostenibilidad<\/b><span style=\"font-weight: 400;\">, y para acercar estos \u00e1mbitos a la ciudadan\u00eda de una manera participativa y transversal. Al mismo tiempo, este contexto ofrece una ocasi\u00f3n privilegiada para reforzar el posicionamiento del pa\u00eds como destino de referencia en conocimiento, divulgaci\u00f3n cient\u00edfica y astroturismo, promoviendo un modelo de desarrollo territorial vinculado a la innovaci\u00f3n, el turismo responsable y la cohesi\u00f3n social.<\/span><\/p>\n<p>[\/et_pb_text][\/et_pb_column][\/et_pb_row][et_pb_row _builder_version=\u00bb4.16&#8243; _module_preset=\u00bbdefault\u00bb custom_margin=\u00bb30px||||false|false\u00bb locked=\u00bboff\u00bb global_colors_info=\u00bb{}\u00bb][et_pb_column type=\u00bb4_4&#8243; _builder_version=\u00bb4.16&#8243; _module_preset=\u00bbdefault\u00bb global_colors_info=\u00bb{}\u00bb][et_pb_divider color=\u00bb#406fda\u00bb _builder_version=\u00bb4.16&#8243; _module_preset=\u00bbdefault\u00bb custom_margin=\u00bb||10px||false|false\u00bb global_colors_info=\u00bb{}\u00bb][\/et_pb_divider][et_pb_text admin_label=\u00bbM\u00e9s informaci\u00f3\u00bb module_class=\u00bbieec-sub-title\u00bb _builder_version=\u00bb4.27.4&#8243; _module_preset=\u00bbdefault\u00bb text_font=\u00bbCairo|700|||||||\u00bb text_text_color=\u00bb#406fda\u00bb text_font_size=\u00bb20px\u00bb custom_margin=\u00bb||10px||false|false\u00bb global_colors_info=\u00bb{}\u00bb]<\/p>\n<p>M\u00e1s informaci\u00f3n<\/p>\n<p>[\/et_pb_text][et_pb_text module_class=\u00bbieec-sub-text\u00bb _builder_version=\u00bb4.27.4&#8243; _module_preset=\u00bbdefault\u00bb text_font_size=\u00bb16px\u00bb text_line_height=\u00bb1.1em\u00bb link_font=\u00bb|700|||on||||\u00bb custom_margin=\u00bb20px||||false|false\u00bb global_colors_info=\u00bb{}\u00bb]<\/p>\n<p><em><span style=\"font-weight: 400;\">Esta nota de prensa ha sido redactada por el Departament de Recerca i Universitats de la Generalitat de Catalunya, en colaboraci\u00f3n con el Institut d\u2019Estudis Espacials de Catalunya (IEEC).<\/span><\/em><\/p>\n<p>[\/et_pb_text][\/et_pb_column][\/et_pb_row][et_pb_row _builder_version=\u00bb4.16&#8243; _module_preset=\u00bbdefault\u00bb custom_margin=\u00bb||||false|false\u00bb locked=\u00bboff\u00bb global_colors_info=\u00bb{}\u00bb][et_pb_column type=\u00bb4_4&#8243; _builder_version=\u00bb4.16&#8243; _module_preset=\u00bbdefault\u00bb global_colors_info=\u00bb{}\u00bb][et_pb_divider color=\u00bb#406fda\u00bb _builder_version=\u00bb4.16&#8243; _module_preset=\u00bbdefault\u00bb custom_margin=\u00bb||10px||false|false\u00bb global_colors_info=\u00bb{}\u00bb][\/et_pb_divider][et_pb_text admin_label=\u00bbEnlla\u00e7os\u00bb module_class=\u00bbieec-sub-title\u00bb _builder_version=\u00bb4.27.4&#8243; _module_preset=\u00bbdefault\u00bb text_font=\u00bbCairo|700|||||||\u00bb text_text_color=\u00bb#406fda\u00bb text_font_size=\u00bb20px\u00bb custom_margin=\u00bb||10px||false|false\u00bb global_colors_info=\u00bb{}\u00bb]<\/p>\n<p>Enlaces<\/p>\n<p>[\/et_pb_text][et_pb_text module_class=\u00bbieec-sub-text\u00bb _builder_version=\u00bb4.27.4&#8243; _module_preset=\u00bbdefault\u00bb text_font_size=\u00bb16px\u00bb text_line_height=\u00bb1.1em\u00bb link_font=\u00bb|700|||on|||#1a1140|\u00bb link_text_color=\u00bb#1a1140&#8243; link_line_height=\u00bb1.4em\u00bb custom_margin=\u00bb20px||||false|false\u00bb global_colors_info=\u00bb{}\u00bb]<\/p>\n<p><a href=\"https:\/\/www.ieec.cat\/es\/\" target=\"_blank\" rel=\"noopener\">IEEC<\/a><br \/><a href=\"https:\/\/www.ice.csic.es\/\" target=\"_blank\" rel=\"noopener\">ICE-CSIC<\/a><\/p>\n<p>[\/et_pb_text][\/et_pb_column][\/et_pb_row][et_pb_row _builder_version=\u00bb4.16&#8243; _module_preset=\u00bbdefault\u00bb custom_margin=\u00bb||||false|false\u00bb locked=\u00bboff\u00bb global_colors_info=\u00bb{}\u00bb][et_pb_column type=\u00bb4_4&#8243; _builder_version=\u00bb4.16&#8243; _module_preset=\u00bbdefault\u00bb global_colors_info=\u00bb{}\u00bb][et_pb_divider color=\u00bb#406fda\u00bb _builder_version=\u00bb4.16&#8243; _module_preset=\u00bbdefault\u00bb custom_margin=\u00bb||10px||false|false\u00bb global_colors_info=\u00bb{}\u00bb][\/et_pb_divider][et_pb_text admin_label=\u00bbContactes\u00bb module_class=\u00bbieec-sub-title\u00bb _builder_version=\u00bb4.27.4&#8243; _module_preset=\u00bbdefault\u00bb text_font=\u00bbCairo|700|||||||\u00bb text_text_color=\u00bb#406fda\u00bb text_font_size=\u00bb20px\u00bb custom_margin=\u00bb||10px||false|false\u00bb global_colors_info=\u00bb{}\u00bb]<\/p>\n<p>Contactos<\/p>\n<p>[\/et_pb_text][\/et_pb_column][\/et_pb_row][et_pb_row admin_label=\u00bbRow\u00bb _builder_version=\u00bb4.16&#8243; _module_preset=\u00bbdefault\u00bb custom_margin=\u00bb0px||||false|false\u00bb custom_padding=\u00bb0px||||false|false\u00bb global_colors_info=\u00bb{}\u00bb][et_pb_column type=\u00bb4_4&#8243; _builder_version=\u00bb4.16&#8243; _module_preset=\u00bbdefault\u00bb custom_padding=\u00bb|||20px|false|false\u00bb border_width_left=\u00bb1px\u00bb border_color_left=\u00bb#406fda\u00bb global_colors_info=\u00bb{}\u00bb][et_pb_text module_class=\u00bbieec-contact\u00bb _builder_version=\u00bb4.27.4&#8243; _module_preset=\u00bbdefault\u00bb text_font_size=\u00bb16px\u00bb text_line_height=\u00bb1.1em\u00bb link_font=\u00bb|700|||on|||#1a1140|\u00bb link_text_color=\u00bb#1a1140&#8243; link_line_height=\u00bb1.4em\u00bb header_4_font=\u00bb|700|||||||\u00bb header_4_text_color=\u00bb#1a1140&#8243; custom_margin=\u00bb||||false|false\u00bb locked=\u00bboff\u00bb global_colors_info=\u00bb{}\u00bb]<\/p>\n<h4>Oficina de Comunicaci\u00f3n del IEEC<\/h4>\n<p>Castelldefels, Barcelona<br \/>Correo electr\u00f3nico: <a href=\"mailto:comunicacio@ieec.cat\">comunicacio@ieec.cat<\/a><\/p>\n<p>[\/et_pb_text][\/et_pb_column][\/et_pb_row][et_pb_row module_class=\u00bbieec-about\u00bb _builder_version=\u00bb4.14.8&#8243; _module_preset=\u00bbdefault\u00bb background_color=\u00bbrgba(64,111,218,0.15)\u00bb global_module=\u00bb17324&#8243; global_colors_info=\u00bb{}\u00bb][et_pb_column type=\u00bb4_4&#8243; _builder_version=\u00bb4.16&#8243; _module_preset=\u00bbdefault\u00bb custom_padding=\u00bb20px|50px|20px|50px|true|true\u00bb global_colors_info=\u00bb{}\u00bb][et_pb_text admin_label=\u00bbSobre l&#8217;IEEC\u00bb _builder_version=\u00bb4.16&#8243; _module_preset=\u00bbdefault\u00bb header_2_font=\u00bb|700|||||||\u00bb header_2_font_size=\u00bb25px\u00bb custom_margin=\u00bb||10px||false|false\u00bb header_2_font_size_tablet=\u00bb23px\u00bb header_2_font_size_phone=\u00bb23px\u00bb header_2_font_size_last_edited=\u00bbon|phone\u00bb locked=\u00bboff\u00bb global_colors_info=\u00bb{}\u00bb]<\/p>\n<h2>Sobre el IEEC<\/h2>\n<p>[\/et_pb_text][et_pb_text _builder_version=\u00bb4.16&#8243; _module_preset=\u00bbdefault\u00bb text_font=\u00bb||on||||||\u00bb link_font=\u00bb|700|||on||||\u00bb locked=\u00bboff\u00bb global_colors_info=\u00bb{}\u00bb]<\/p>\n<p>El Institut d\u2019Estudis Espacials de Catalunya (IEEC) promueve y coordina la investigaci\u00f3n y el desarrollo tecnol\u00f3gico espacial en Catalu\u00f1a en beneficio de la sociedad. El IEEC fomenta las colaboraciones tanto a nivel local como mundial, y es un eficiente agente de transferencia de conocimiento, innovaci\u00f3n y tecnolog\u00eda. Como resultado de m\u00e1s de 25 a\u00f1os de investigaci\u00f3n de alta calidad, llevada a cabo en colaboraci\u00f3n con las principales organizaciones internacionales, el IEEC se encuentra entre los mejores centros de investigaci\u00f3n internacionales, centrados en \u00e1reas como: astrof\u00edsica, cosmolog\u00eda, ciencias planetarias y observaci\u00f3n de la Tierra. La divisi\u00f3n de ingenier\u00eda del IEEC desarrolla instrumentaci\u00f3n para proyectos terrestres y espaciales, y tiene una amplia experiencia trabajando con organizaciones privadas y p\u00fablicas del sector aeroespacial y otros sectores de innovaci\u00f3n.<\/p>\n<p>El IEEC es una fundaci\u00f3n del sector p\u00fablico sin \u00e1nimo de lucro, fundada en febrero de 1996. Est\u00e1 regida por un Patronato compuesto por la Generalitat de Catalunya,  la Universitat de Barcelona (UB), la Universitat Aut\u00f2noma de Barcelona (UAB), la Universitat Polit\u00e8cnica de Catalunya \u00b7 BarcelonaTech (UPC), y el Consejo Superior de Investigaciones Cient\u00edficas (CSIC). El IEEC es tambi\u00e9n un centro CERCA (Centres de Recerca de Catalunya).<\/p>\n<p>[\/et_pb_text][\/et_pb_column][\/et_pb_row][\/et_pb_section]<\/p>\n","protected":false},"excerpt":{"rendered":"<p>El 12 de agosto de 2026, el cielo de Catalunya se oscurecer\u00e1 por completo por primera vez en m\u00e1s de 120 a\u00f1os<\/p>\n","protected":false},"author":12,"featured_media":35810,"comment_status":"closed","ping_status":"closed","sticky":false,"template":"","format":"standard","meta":{"_et_pb_use_builder":"on","_et_pb_old_content":"","_et_gb_content_width":"","footnotes":""},"categories":[99,101,119,113,75,1],"tags":[],"class_list":["post-35845","post","type-post","status-publish","format-standard","has-post-thumbnail","hentry","category-ciencia-noticias","category-educacion-noticias","category-montsec-es-2","category-noticia-destacada-pequena","category-noticias","category-sin-categorizar"],"yoast_head":"<!-- This site is optimized with the Yoast SEO plugin v27.4 - https:\/\/yoast.com\/product\/yoast-seo-wordpress\/ -->\n<title>Catalunya se prepara para vivir un eclipse solar hist\u00f3rico - IEEC<\/title>\n<meta name=\"description\" content=\"El 12 de agosto de 2026, el cielo de Catalunya se oscurecer\u00e1 por completo por primera vez en m\u00e1s de 120 a\u00f1os\" \/>\n<meta name=\"robots\" content=\"index, follow, max-snippet:-1, max-image-preview:large, max-video-preview:-1\" \/>\n<link rel=\"canonical\" href=\"https:\/\/www.ieec.cat\/es\/catalunya-se-prepara-para-vivir-un-eclipse-solar-historico\/\" \/>\n<meta property=\"og:locale\" content=\"es_ES\" \/>\n<meta property=\"og:type\" content=\"article\" \/>\n<meta property=\"og:title\" content=\"Catalunya se prepara para vivir un eclipse solar hist\u00f3rico - IEEC\" \/>\n<meta property=\"og:description\" content=\"El 12 de agosto de 2026, el cielo de Catalunya se oscurecer\u00e1 por completo por primera vez en m\u00e1s de 120 a\u00f1os\" \/>\n<meta property=\"og:url\" content=\"https:\/\/www.ieec.cat\/es\/catalunya-se-prepara-para-vivir-un-eclipse-solar-historico\/\" \/>\n<meta property=\"og:site_name\" content=\"IEEC\" \/>\n<meta property=\"article:published_time\" content=\"2025-05-20T11:32:09+00:00\" \/>\n<meta property=\"article:modified_time\" content=\"2025-05-23T10:31:47+00:00\" \/>\n<meta property=\"og:image\" content=\"https:\/\/www.ieec.cat\/wp-content\/uploads\/2025\/05\/250516-ECLIPSI-2026.jpg\" \/>\n\t<meta property=\"og:image:width\" content=\"1280\" \/>\n\t<meta property=\"og:image:height\" content=\"853\" \/>\n\t<meta property=\"og:image:type\" content=\"image\/jpeg\" \/>\n<meta name=\"author\" content=\"Quim Portet\" \/>\n<meta name=\"twitter:card\" content=\"summary_large_image\" \/>\n<meta name=\"twitter:label1\" content=\"Escrito por\" \/>\n\t<meta name=\"twitter:data1\" content=\"Quim Portet\" \/>\n\t<meta name=\"twitter:label2\" content=\"Tiempo de lectura\" \/>\n\t<meta name=\"twitter:data2\" content=\"12 minutos\" \/>\n<script type=\"application\/ld+json\" class=\"yoast-schema-graph\">{\"@context\":\"https:\\\/\\\/schema.org\",\"@graph\":[{\"@type\":\"Article\",\"@id\":\"https:\\\/\\\/www.ieec.cat\\\/es\\\/catalunya-se-prepara-para-vivir-un-eclipse-solar-historico\\\/#article\",\"isPartOf\":{\"@id\":\"https:\\\/\\\/www.ieec.cat\\\/es\\\/catalunya-se-prepara-para-vivir-un-eclipse-solar-historico\\\/\"},\"author\":{\"name\":\"Quim Portet\",\"@id\":\"https:\\\/\\\/www.ieec.cat\\\/es\\\/#\\\/schema\\\/person\\\/43b811417c01b54ef9dd522dad92fc50\"},\"headline\":\"Catalunya se prepara para vivir un eclipse solar hist\u00f3rico\",\"datePublished\":\"2025-05-20T11:32:09+00:00\",\"dateModified\":\"2025-05-23T10:31:47+00:00\",\"mainEntityOfPage\":{\"@id\":\"https:\\\/\\\/www.ieec.cat\\\/es\\\/catalunya-se-prepara-para-vivir-un-eclipse-solar-historico\\\/\"},\"wordCount\":2460,\"image\":{\"@id\":\"https:\\\/\\\/www.ieec.cat\\\/es\\\/catalunya-se-prepara-para-vivir-un-eclipse-solar-historico\\\/#primaryimage\"},\"thumbnailUrl\":\"https:\\\/\\\/www.ieec.cat\\\/wp-content\\\/uploads\\\/2025\\\/05\\\/250516-ECLIPSI-2026.jpg\",\"articleSection\":[\"Ciencia\",\"Educaci\u00f3n\",\"Montsec\",\"Noticia destacada peque\u00f1a\",\"Noticias\",\"Sin categorizar\"],\"inLanguage\":\"es\"},{\"@type\":\"WebPage\",\"@id\":\"https:\\\/\\\/www.ieec.cat\\\/es\\\/catalunya-se-prepara-para-vivir-un-eclipse-solar-historico\\\/\",\"url\":\"https:\\\/\\\/www.ieec.cat\\\/es\\\/catalunya-se-prepara-para-vivir-un-eclipse-solar-historico\\\/\",\"name\":\"Catalunya se prepara para vivir un eclipse solar hist\u00f3rico - IEEC\",\"isPartOf\":{\"@id\":\"https:\\\/\\\/www.ieec.cat\\\/es\\\/#website\"},\"primaryImageOfPage\":{\"@id\":\"https:\\\/\\\/www.ieec.cat\\\/es\\\/catalunya-se-prepara-para-vivir-un-eclipse-solar-historico\\\/#primaryimage\"},\"image\":{\"@id\":\"https:\\\/\\\/www.ieec.cat\\\/es\\\/catalunya-se-prepara-para-vivir-un-eclipse-solar-historico\\\/#primaryimage\"},\"thumbnailUrl\":\"https:\\\/\\\/www.ieec.cat\\\/wp-content\\\/uploads\\\/2025\\\/05\\\/250516-ECLIPSI-2026.jpg\",\"datePublished\":\"2025-05-20T11:32:09+00:00\",\"dateModified\":\"2025-05-23T10:31:47+00:00\",\"author\":{\"@id\":\"https:\\\/\\\/www.ieec.cat\\\/es\\\/#\\\/schema\\\/person\\\/43b811417c01b54ef9dd522dad92fc50\"},\"description\":\"El 12 de agosto de 2026, el cielo de Catalunya se oscurecer\u00e1 por completo por primera vez en m\u00e1s de 120 a\u00f1os\",\"breadcrumb\":{\"@id\":\"https:\\\/\\\/www.ieec.cat\\\/es\\\/catalunya-se-prepara-para-vivir-un-eclipse-solar-historico\\\/#breadcrumb\"},\"inLanguage\":\"es\",\"potentialAction\":[{\"@type\":\"ReadAction\",\"target\":[\"https:\\\/\\\/www.ieec.cat\\\/es\\\/catalunya-se-prepara-para-vivir-un-eclipse-solar-historico\\\/\"]}]},{\"@type\":\"ImageObject\",\"inLanguage\":\"es\",\"@id\":\"https:\\\/\\\/www.ieec.cat\\\/es\\\/catalunya-se-prepara-para-vivir-un-eclipse-solar-historico\\\/#primaryimage\",\"url\":\"https:\\\/\\\/www.ieec.cat\\\/wp-content\\\/uploads\\\/2025\\\/05\\\/250516-ECLIPSI-2026.jpg\",\"contentUrl\":\"https:\\\/\\\/www.ieec.cat\\\/wp-content\\\/uploads\\\/2025\\\/05\\\/250516-ECLIPSI-2026.jpg\",\"width\":1280,\"height\":853},{\"@type\":\"BreadcrumbList\",\"@id\":\"https:\\\/\\\/www.ieec.cat\\\/es\\\/catalunya-se-prepara-para-vivir-un-eclipse-solar-historico\\\/#breadcrumb\",\"itemListElement\":[{\"@type\":\"ListItem\",\"position\":1,\"name\":\"Portada\",\"item\":\"https:\\\/\\\/www.ieec.cat\\\/es\\\/\"},{\"@type\":\"ListItem\",\"position\":2,\"name\":\"Catalunya se prepara para vivir un eclipse solar hist\u00f3rico\"}]},{\"@type\":\"WebSite\",\"@id\":\"https:\\\/\\\/www.ieec.cat\\\/es\\\/#website\",\"url\":\"https:\\\/\\\/www.ieec.cat\\\/es\\\/\",\"name\":\"IEEC\",\"description\":\"Institut d&#039;Estudis Espacials de Catalunya\",\"potentialAction\":[{\"@type\":\"SearchAction\",\"target\":{\"@type\":\"EntryPoint\",\"urlTemplate\":\"https:\\\/\\\/www.ieec.cat\\\/es\\\/?s={search_term_string}\"},\"query-input\":{\"@type\":\"PropertyValueSpecification\",\"valueRequired\":true,\"valueName\":\"search_term_string\"}}],\"inLanguage\":\"es\"},{\"@type\":\"Person\",\"@id\":\"https:\\\/\\\/www.ieec.cat\\\/es\\\/#\\\/schema\\\/person\\\/43b811417c01b54ef9dd522dad92fc50\",\"name\":\"Quim Portet\",\"image\":{\"@type\":\"ImageObject\",\"inLanguage\":\"es\",\"@id\":\"https:\\\/\\\/secure.gravatar.com\\\/avatar\\\/c0212e2b077ebd6494ed79d8de24b50b3507e9cbf9fa3e10f81de1971ff33cf5?s=96&d=mm&r=g\",\"url\":\"https:\\\/\\\/secure.gravatar.com\\\/avatar\\\/c0212e2b077ebd6494ed79d8de24b50b3507e9cbf9fa3e10f81de1971ff33cf5?s=96&d=mm&r=g\",\"contentUrl\":\"https:\\\/\\\/secure.gravatar.com\\\/avatar\\\/c0212e2b077ebd6494ed79d8de24b50b3507e9cbf9fa3e10f81de1971ff33cf5?s=96&d=mm&r=g\",\"caption\":\"Quim Portet\"}}]}<\/script>\n<!-- \/ Yoast SEO plugin. -->","yoast_head_json":{"title":"Catalunya se prepara para vivir un eclipse solar hist\u00f3rico - IEEC","description":"El 12 de agosto de 2026, el cielo de Catalunya se oscurecer\u00e1 por completo por primera vez en m\u00e1s de 120 a\u00f1os","robots":{"index":"index","follow":"follow","max-snippet":"max-snippet:-1","max-image-preview":"max-image-preview:large","max-video-preview":"max-video-preview:-1"},"canonical":"https:\/\/www.ieec.cat\/es\/catalunya-se-prepara-para-vivir-un-eclipse-solar-historico\/","og_locale":"es_ES","og_type":"article","og_title":"Catalunya se prepara para vivir un eclipse solar hist\u00f3rico - IEEC","og_description":"El 12 de agosto de 2026, el cielo de Catalunya se oscurecer\u00e1 por completo por primera vez en m\u00e1s de 120 a\u00f1os","og_url":"https:\/\/www.ieec.cat\/es\/catalunya-se-prepara-para-vivir-un-eclipse-solar-historico\/","og_site_name":"IEEC","article_published_time":"2025-05-20T11:32:09+00:00","article_modified_time":"2025-05-23T10:31:47+00:00","og_image":[{"width":1280,"height":853,"url":"https:\/\/www.ieec.cat\/wp-content\/uploads\/2025\/05\/250516-ECLIPSI-2026.jpg","type":"image\/jpeg"}],"author":"Quim Portet","twitter_card":"summary_large_image","twitter_misc":{"Escrito por":"Quim Portet","Tiempo de lectura":"12 minutos"},"schema":{"@context":"https:\/\/schema.org","@graph":[{"@type":"Article","@id":"https:\/\/www.ieec.cat\/es\/catalunya-se-prepara-para-vivir-un-eclipse-solar-historico\/#article","isPartOf":{"@id":"https:\/\/www.ieec.cat\/es\/catalunya-se-prepara-para-vivir-un-eclipse-solar-historico\/"},"author":{"name":"Quim Portet","@id":"https:\/\/www.ieec.cat\/es\/#\/schema\/person\/43b811417c01b54ef9dd522dad92fc50"},"headline":"Catalunya se prepara para vivir un eclipse solar hist\u00f3rico","datePublished":"2025-05-20T11:32:09+00:00","dateModified":"2025-05-23T10:31:47+00:00","mainEntityOfPage":{"@id":"https:\/\/www.ieec.cat\/es\/catalunya-se-prepara-para-vivir-un-eclipse-solar-historico\/"},"wordCount":2460,"image":{"@id":"https:\/\/www.ieec.cat\/es\/catalunya-se-prepara-para-vivir-un-eclipse-solar-historico\/#primaryimage"},"thumbnailUrl":"https:\/\/www.ieec.cat\/wp-content\/uploads\/2025\/05\/250516-ECLIPSI-2026.jpg","articleSection":["Ciencia","Educaci\u00f3n","Montsec","Noticia destacada peque\u00f1a","Noticias","Sin categorizar"],"inLanguage":"es"},{"@type":"WebPage","@id":"https:\/\/www.ieec.cat\/es\/catalunya-se-prepara-para-vivir-un-eclipse-solar-historico\/","url":"https:\/\/www.ieec.cat\/es\/catalunya-se-prepara-para-vivir-un-eclipse-solar-historico\/","name":"Catalunya se prepara para vivir un eclipse solar hist\u00f3rico - IEEC","isPartOf":{"@id":"https:\/\/www.ieec.cat\/es\/#website"},"primaryImageOfPage":{"@id":"https:\/\/www.ieec.cat\/es\/catalunya-se-prepara-para-vivir-un-eclipse-solar-historico\/#primaryimage"},"image":{"@id":"https:\/\/www.ieec.cat\/es\/catalunya-se-prepara-para-vivir-un-eclipse-solar-historico\/#primaryimage"},"thumbnailUrl":"https:\/\/www.ieec.cat\/wp-content\/uploads\/2025\/05\/250516-ECLIPSI-2026.jpg","datePublished":"2025-05-20T11:32:09+00:00","dateModified":"2025-05-23T10:31:47+00:00","author":{"@id":"https:\/\/www.ieec.cat\/es\/#\/schema\/person\/43b811417c01b54ef9dd522dad92fc50"},"description":"El 12 de agosto de 2026, el cielo de Catalunya se oscurecer\u00e1 por completo por primera vez en m\u00e1s de 120 a\u00f1os","breadcrumb":{"@id":"https:\/\/www.ieec.cat\/es\/catalunya-se-prepara-para-vivir-un-eclipse-solar-historico\/#breadcrumb"},"inLanguage":"es","potentialAction":[{"@type":"ReadAction","target":["https:\/\/www.ieec.cat\/es\/catalunya-se-prepara-para-vivir-un-eclipse-solar-historico\/"]}]},{"@type":"ImageObject","inLanguage":"es","@id":"https:\/\/www.ieec.cat\/es\/catalunya-se-prepara-para-vivir-un-eclipse-solar-historico\/#primaryimage","url":"https:\/\/www.ieec.cat\/wp-content\/uploads\/2025\/05\/250516-ECLIPSI-2026.jpg","contentUrl":"https:\/\/www.ieec.cat\/wp-content\/uploads\/2025\/05\/250516-ECLIPSI-2026.jpg","width":1280,"height":853},{"@type":"BreadcrumbList","@id":"https:\/\/www.ieec.cat\/es\/catalunya-se-prepara-para-vivir-un-eclipse-solar-historico\/#breadcrumb","itemListElement":[{"@type":"ListItem","position":1,"name":"Portada","item":"https:\/\/www.ieec.cat\/es\/"},{"@type":"ListItem","position":2,"name":"Catalunya se prepara para vivir un eclipse solar hist\u00f3rico"}]},{"@type":"WebSite","@id":"https:\/\/www.ieec.cat\/es\/#website","url":"https:\/\/www.ieec.cat\/es\/","name":"IEEC","description":"Institut d&#039;Estudis Espacials de Catalunya","potentialAction":[{"@type":"SearchAction","target":{"@type":"EntryPoint","urlTemplate":"https:\/\/www.ieec.cat\/es\/?s={search_term_string}"},"query-input":{"@type":"PropertyValueSpecification","valueRequired":true,"valueName":"search_term_string"}}],"inLanguage":"es"},{"@type":"Person","@id":"https:\/\/www.ieec.cat\/es\/#\/schema\/person\/43b811417c01b54ef9dd522dad92fc50","name":"Quim Portet","image":{"@type":"ImageObject","inLanguage":"es","@id":"https:\/\/secure.gravatar.com\/avatar\/c0212e2b077ebd6494ed79d8de24b50b3507e9cbf9fa3e10f81de1971ff33cf5?s=96&d=mm&r=g","url":"https:\/\/secure.gravatar.com\/avatar\/c0212e2b077ebd6494ed79d8de24b50b3507e9cbf9fa3e10f81de1971ff33cf5?s=96&d=mm&r=g","contentUrl":"https:\/\/secure.gravatar.com\/avatar\/c0212e2b077ebd6494ed79d8de24b50b3507e9cbf9fa3e10f81de1971ff33cf5?s=96&d=mm&r=g","caption":"Quim Portet"}}]}},"_links":{"self":[{"href":"https:\/\/www.ieec.cat\/es\/wp-json\/wp\/v2\/posts\/35845","targetHints":{"allow":["GET"]}}],"collection":[{"href":"https:\/\/www.ieec.cat\/es\/wp-json\/wp\/v2\/posts"}],"about":[{"href":"https:\/\/www.ieec.cat\/es\/wp-json\/wp\/v2\/types\/post"}],"author":[{"embeddable":true,"href":"https:\/\/www.ieec.cat\/es\/wp-json\/wp\/v2\/users\/12"}],"replies":[{"embeddable":true,"href":"https:\/\/www.ieec.cat\/es\/wp-json\/wp\/v2\/comments?post=35845"}],"version-history":[{"count":13,"href":"https:\/\/www.ieec.cat\/es\/wp-json\/wp\/v2\/posts\/35845\/revisions"}],"predecessor-version":[{"id":36003,"href":"https:\/\/www.ieec.cat\/es\/wp-json\/wp\/v2\/posts\/35845\/revisions\/36003"}],"wp:featuredmedia":[{"embeddable":true,"href":"https:\/\/www.ieec.cat\/es\/wp-json\/wp\/v2\/media\/35810"}],"wp:attachment":[{"href":"https:\/\/www.ieec.cat\/es\/wp-json\/wp\/v2\/media?parent=35845"}],"wp:term":[{"taxonomy":"category","embeddable":true,"href":"https:\/\/www.ieec.cat\/es\/wp-json\/wp\/v2\/categories?post=35845"},{"taxonomy":"post_tag","embeddable":true,"href":"https:\/\/www.ieec.cat\/es\/wp-json\/wp\/v2\/tags?post=35845"}],"curies":[{"name":"wp","href":"https:\/\/api.w.org\/{rel}","templated":true}]}}