{"id":36657,"date":"2025-06-26T11:09:54","date_gmt":"2025-06-26T09:09:54","guid":{"rendered":"https:\/\/www.ieec.cat\/?p=36657"},"modified":"2025-07-14T11:53:52","modified_gmt":"2025-07-14T09:53:52","slug":"esa-phi-labnet-spain-anuncia-los-resultados-de-su-primera-fecha-de-corte-para-la-financiacion-de-proyectos-de-investigacion","status":"publish","type":"post","link":"https:\/\/www.ieec.cat\/es\/esa-phi-labnet-spain-anuncia-los-resultados-de-su-primera-fecha-de-corte-para-la-financiacion-de-proyectos-de-investigacion\/","title":{"rendered":"ESA Phi-LabNET Spain anuncia los resultados de su primera fecha de corte para la financiaci\u00f3n de proyectos de investigaci\u00f3n"},"content":{"rendered":"<p>[et_pb_section fb_built=\u00bb1&#8243; _builder_version=\u00bb4.16&#8243; _module_preset=\u00bbdefault\u00bb background_image=\u00bbhttps:\/\/www.ieec.cat\/wp-content\/uploads\/2022\/02\/slider-comunicacio.jpg\u00bb max_height=\u00bb130px\u00bb custom_padding=\u00bb0px||0px||false|false\u00bb da_disable_devices=\u00bboff|off|off\u00bb global_colors_info=\u00bb{}\u00bb da_is_popup=\u00bboff\u00bb da_exit_intent=\u00bboff\u00bb da_has_close=\u00bbon\u00bb da_alt_close=\u00bboff\u00bb da_dark_close=\u00bboff\u00bb da_not_modal=\u00bbon\u00bb da_is_singular=\u00bboff\u00bb da_with_loader=\u00bboff\u00bb da_has_shadow=\u00bbon\u00bb][\/et_pb_section][et_pb_section fb_built=\u00bb1&#8243; _builder_version=\u00bb4.16&#8243; _module_preset=\u00bbdefault\u00bb custom_padding=\u00bb24px||11px|||\u00bb da_disable_devices=\u00bboff|off|off\u00bb global_colors_info=\u00bb{}\u00bb da_is_popup=\u00bboff\u00bb da_exit_intent=\u00bboff\u00bb da_has_close=\u00bbon\u00bb da_alt_close=\u00bboff\u00bb da_dark_close=\u00bboff\u00bb da_not_modal=\u00bbon\u00bb da_is_singular=\u00bboff\u00bb da_with_loader=\u00bboff\u00bb da_has_shadow=\u00bbon\u00bb][et_pb_row _builder_version=\u00bb4.16&#8243; _module_preset=\u00bbdefault\u00bb custom_padding=\u00bb||||false|false\u00bb global_colors_info=\u00bb{}\u00bb][et_pb_column type=\u00bb4_4&#8243; _builder_version=\u00bb4.16&#8243; _module_preset=\u00bbdefault\u00bb global_colors_info=\u00bb{}\u00bb][et_pb_text module_class=\u00bbieec-orgs\u00bb _builder_version=\u00bb4.27.4&#8243; _dynamic_attributes=\u00bbcontent\u00bb _module_preset=\u00bbdefault\u00bb text_font=\u00bb|700||on|||||\u00bb text_font_size=\u00bb16px\u00bb header_font=\u00bb|700|||||||\u00bb text_orientation=\u00bbcenter\u00bb custom_margin=\u00bb||10px||false|false\u00bb header_font_size_tablet=\u00bb28px\u00bb header_font_size_phone=\u00bb26px\u00bb header_font_size_last_edited=\u00bbon|phone\u00bb global_colors_info=\u00bb{}\u00bb]@ET-DC@eyJkeW5hbWljIjp0cnVlLCJjb250ZW50IjoiY3VzdG9tX21ldGFfb3JnYW5pemFjaW9uZXMiLCJzZXR0aW5ncyI6eyJiZWZvcmUiOiIiLCJhZnRlciI6IiIsImVuYWJsZV9odG1sIjoib2ZmIn19@[\/et_pb_text][et_pb_post_title author=\u00bboff\u00bb categories=\u00bboff\u00bb comments=\u00bboff\u00bb featured_image=\u00bboff\u00bb module_class=\u00bbieec-title et_pb_text_align_center\u00bb _builder_version=\u00bb4.27.4&#8243; _module_preset=\u00bbdefault\u00bb title_font=\u00bbCairo|300|||||||\u00bb title_text_align=\u00bbcenter\u00bb title_font_size=\u00bb40px\u00bb meta_font=\u00bb||on||||||\u00bb meta_text_align=\u00bbcenter\u00bb meta_font_size=\u00bb16px\u00bb title_font_size_tablet=\u00bb35px\u00bb title_font_size_phone=\u00bb30px\u00bb title_font_size_last_edited=\u00bbon|desktop\u00bb global_colors_info=\u00bb{}\u00bb][\/et_pb_post_title][\/et_pb_column][\/et_pb_row][et_pb_row column_structure=\u00bb1_2,1_2&#8243; _builder_version=\u00bb4.16&#8243; _module_preset=\u00bbdefault\u00bb global_colors_info=\u00bb{}\u00bb][et_pb_column type=\u00bb1_2&#8243; _builder_version=\u00bb4.16&#8243; _module_preset=\u00bbdefault\u00bb global_colors_info=\u00bb{}\u00bb][et_pb_image src=\u00bbhttps:\/\/www.ieec.cat\/wp-content\/uploads\/2025\/06\/Resolucio-projectes-Phi-Lab.jpg\u00bb _builder_version=\u00bb4.27.4&#8243; _module_preset=\u00bbdefault\u00bb title_text=\u00bbResoluci\u00f3 projectes Phi-Lab\u00bb hover_enabled=\u00bb0&#8243; sticky_enabled=\u00bb0&#8243;][\/et_pb_image][\/et_pb_column][et_pb_column type=\u00bb1_2&#8243; _builder_version=\u00bb4.16&#8243; _module_preset=\u00bbdefault\u00bb global_colors_info=\u00bb{}\u00bb][et_pb_text _builder_version=\u00bb4.27.4&#8243; _module_preset=\u00bbdefault\u00bb link_font=\u00bb|700|||on||||\u00bb global_colors_info=\u00bb{}\u00bb]<\/p>\n<p><span style=\"font-weight: 400;\">El programa Phi-LabNET Spain de la <\/span><a href=\"https:\/\/www.esa.int\/\" target=\"_blank\" rel=\"noopener\"><span style=\"font-weight: 400;\">Agencia Espacial Europea<\/span><\/a><span style=\"font-weight: 400;\"> (ESA) tiene como objetivo <\/span><b>impulsar la innovaci\u00f3n para la comercializaci\u00f3n de tecnolog\u00edas espaciales que mejoren la resiliencia clim\u00e1tica<\/b><span style=\"font-weight: 400;\"> y cuenta con el apoyo de la <\/span><a href=\"https:\/\/www.aee.gob.es\/\" target=\"_blank\" rel=\"noopener\"><span style=\"font-weight: 400;\">Agencia Espacial Espa\u00f1ola<\/span><\/a><span style=\"font-weight: 400;\"> (AEE) y la <\/span><a href=\"https:\/\/politiquesdigitals.gencat.cat\/ca\/economia\/estrategia-new-space-catalunya\/\" target=\"_blank\" rel=\"noopener\"><span style=\"font-weight: 400;\">Generalitat de Catalunya<\/span><\/a><span style=\"font-weight: 400;\">.<\/span><\/p>\n<p><span style=\"font-weight: 400;\">Esta nueva iniciativa se enmarca dentro del Programa ScaleUp de la ESA y est\u00e1 coordinada por el <\/span><a href=\"https:\/\/www.ieec.cat\/\"><span style=\"font-weight: 400;\">Institut d\u2019Estudis Espacials de Catalunya<\/span><\/a><span style=\"font-weight: 400;\"> (IEEC), como l\u00edder de un consorcio formado por la <\/span><a href=\"https:\/\/ametic.es\/asociado\/fundacio-i2cat-internet-i-innovacio-digital-a-cataunya\/\" target=\"_blank\" rel=\"noopener\"><span style=\"font-weight: 400;\">Fundaci\u00f3 i2CAT<\/span><\/a><span style=\"font-weight: 400;\">, el <\/span><a href=\"http:\/\/www.icgc.cat\/es\" target=\"_blank\" rel=\"noopener\"><span style=\"font-weight: 400;\">Institut Cartogr\u00e0fic i Geol\u00f2gic de Catalunya<\/span><\/a><span style=\"font-weight: 400;\"> (ICGC), la <\/span><a href=\"https:\/\/fgcsic.es\/\" target=\"_blank\" rel=\"noopener\"><span style=\"font-weight: 400;\">Fundaci\u00f3n General CSIC<\/span><\/a><span style=\"font-weight: 400;\">, la <\/span><a href=\"https:\/\/kimglobal.com\/es\/kimbcn\/\" target=\"_blank\" rel=\"noopener\"><span style=\"font-weight: 400;\">Fundaci\u00f3 KIMbcn<\/span><\/a><span style=\"font-weight: 400;\">, <\/span><a href=\"https:\/\/arrib.es\/\" target=\"_blank\" rel=\"noopener\"><span style=\"font-weight: 400;\">Arribes Enlightenment<\/span><\/a><span style=\"font-weight: 400;\">, la <\/span><a href=\"https:\/\/www.uv.es\/\" target=\"_blank\" rel=\"noopener\"><span style=\"font-weight: 400;\">Universitat de Val\u00e8ncia<\/span><\/a><span style=\"font-weight: 400;\"> (UVEG), la <\/span><a href=\"https:\/\/www.upc.edu\/ca\" target=\"_blank\" rel=\"noopener\"><span style=\"font-weight: 400;\">Universitat Polit\u00e8cnica de Catalunya<\/span><\/a><span style=\"font-weight: 400;\"> (UPC), el <\/span><a href=\"https:\/\/www.bsc.es\/es\" target=\"_blank\" rel=\"noopener\"><span style=\"font-weight: 400;\">Barcelona Supercomputing Center<\/span><\/a><span style=\"font-weight: 400;\"> (BSC-CNS), la <\/span><a href=\"https:\/\/innovairv.com\/\" target=\"_blank\" rel=\"noopener\"><span style=\"font-weight: 400;\">Fundaci\u00f3n Instituto Ricardo Valle de Innovaci\u00f3n<\/span><\/a><span style=\"font-weight: 400;\"> (INNOVA IRV), la Planta piloto de ESA MELiSSA de la <\/span><a href=\"https:\/\/www.uab.cat\/web\/universitat-autonoma-de-barcelona-1345467950436.html\" target=\"_blank\" rel=\"noopener\"><span style=\"font-weight: 400;\">Universitat Aut\u00f2noma de Barcelona<\/span><\/a><span style=\"font-weight: 400;\"> (UAB) y <\/span><a href=\"https:\/\/www.icfo.eu\/es\/\" target=\"_blank\" rel=\"noopener\"><span style=\"font-weight: 400;\">el Institut de Ci\u00e8ncies Fot\u00f2niques<\/span><\/a><span style=\"font-weight: 400;\"> (ICFO). <\/span><\/p>\n<p>[\/et_pb_text][\/et_pb_column][\/et_pb_row][et_pb_row _builder_version=\u00bb4.16&#8243; _module_preset=\u00bbdefault\u00bb global_colors_info=\u00bb{}\u00bb][et_pb_column type=\u00bb4_4&#8243; _builder_version=\u00bb4.16&#8243; _module_preset=\u00bbdefault\u00bb global_colors_info=\u00bb{}\u00bb][et_pb_text _builder_version=\u00bb4.27.4&#8243; _module_preset=\u00bbdefault\u00bb link_font=\u00bb|700|||on||||\u00bb locked=\u00bboff\u00bb global_colors_info=\u00bb{}\u00bb]<\/p>\n<p><span style=\"font-weight: 400;\">Los centros Phi-LabNET de la ESA tienen como objetivo crear una red din\u00e1mica de centros alrededor de toda Europa que se centre en la innovaci\u00f3n y cuyos resultados puedan ser trasladados al mercado. Su misi\u00f3n principal es la de acelerar el futuro del sector espacial, tanto upstream como downstream, a partir de proyectos de innovaci\u00f3n con elevado potencial comercial que transformen o generen tejido industrial a trav\u00e9s de las nuevas tecnolog\u00edas.<\/span><\/p>\n<p><span style=\"font-weight: 400;\">ESA Phi-LabNET Spain, con sede en Barcelona, apoya <\/span><b>proyectos innovadores y disruptivos enfocados a mejorar la resiliencia clim\u00e1tica<\/b><span style=\"font-weight: 400;\"> a trav\u00e9s de convocatorias gestionadas por el consorcio coordinador. Esta primera fase estuvo abierta a empresas, organismos de investigaci\u00f3n y startups, y permaneci\u00f3 abierta hasta el 21 de enero de 2025.<\/span><\/p>\n<p><span style=\"font-weight: 400;\">Tras el proceso de evaluaci\u00f3n y selecci\u00f3n llevado a cabo por el Evaluation Board de Phi-LabNET Spain, estos son los proyectos <\/span><b>seleccionados en esta primera convocatoria<\/b><span style=\"font-weight: 400;\">:<\/span><\/p>\n<ul>\n<li style=\"font-weight: 400;\" aria-level=\"1\"><span style=\"font-weight: 400;\">WAVESS &#8211; Waterbody Assessment and Verification fusing Earth observation and Seabot Surveying proyecto liderado por Spascat Technologies S.L.<\/span><\/li>\n<li style=\"font-weight: 400;\" aria-level=\"1\"><span style=\"font-weight: 400;\">RESCAT &#8211; Resilience and Environmental Satellite monitoring for Climate Action and Transformation proyecto liderado por isardSAT S.L.<\/span><\/li>\n<li style=\"font-weight: 400;\" aria-level=\"1\"><span style=\"font-weight: 400;\">SKOP &#8211; Beyond the limits of Climate Intelligence proyecto liderado por Geoskop S.L.\u00a0<\/span><\/li>\n<li style=\"font-weight: 400;\" aria-level=\"1\"><span style=\"font-weight: 400;\">RISKCHAIN &#8211; Supply Chain Risk Simulator proyecto liderado por EarthPulse S.L.\u00a0<\/span><\/li>\n<\/ul>\n<p><span style=\"font-weight: 400;\">La pr\u00f3xima fecha de corte se espera para el primer trimestre de 2026.<\/span><\/p>\n<p>[\/et_pb_text][\/et_pb_column][\/et_pb_row][et_pb_row _builder_version=\u00bb4.16&#8243; _module_preset=\u00bbdefault\u00bb global_colors_info=\u00bb{}\u00bb][et_pb_column type=\u00bb4_4&#8243; _builder_version=\u00bb4.16&#8243; _module_preset=\u00bbdefault\u00bb global_colors_info=\u00bb{}\u00bb][et_pb_text module_class=\u00bbsection-title\u00bb _builder_version=\u00bb4.27.4&#8243; _module_preset=\u00bbdefault\u00bb header_2_font=\u00bb|700|||||||\u00bb header_2_font_size=\u00bb25px\u00bb header_2_font_size_tablet=\u00bb23px\u00bb header_2_font_size_phone=\u00bb23px\u00bb header_2_font_size_last_edited=\u00bbon|phone\u00bb global_colors_info=\u00bb{}\u00bb]<\/p>\n<h2>WAVESS &#8211; Waterbody Assessment and Verification fusing Earth observation and Seabot Surveying<\/h2>\n<p>[\/et_pb_text][et_pb_text _builder_version=\u00bb4.27.4&#8243; _module_preset=\u00bbdefault\u00bb link_font=\u00bb|700|||on||||\u00bb locked=\u00bboff\u00bb global_colors_info=\u00bb{}\u00bb]<\/p>\n<p><span style=\"font-weight: 400;\">WAVESS se centra en mejorar la cartograf\u00eda y la vigilancia de las costas mediterr\u00e1neas y otras masas de agua. Al combinar datos de observaci\u00f3n de la Tierra con mediciones en tiempo real recogidas por veh\u00edculos de superficie no tripulados (USV), WAVESS ofrece una soluci\u00f3n escalable y rentable para generar mapas batim\u00e9tricos y medioambientales de gran precisi\u00f3n. Este enfoque de fusi\u00f3n aborda las limitaciones de la monitorizaci\u00f3n s\u00f3lo por sat\u00e9lite y el alto coste de los estudios de campo tradicionales, apoyando una mejor gesti\u00f3n de retos como la concentraci\u00f3n de sedimentos, de forma rentable y a escala.<\/span><\/p>\n<p><span style=\"font-weight: 400;\">El proyecto est\u00e1 dirigido por Spascat, una empresa especializada en soluciones basadas en la observaci\u00f3n de la Tierra, en colaboraci\u00f3n con GPA Seabots, expertos en vigilancia de masas de agua sobre el terreno, y CTTC, un centro de investigaci\u00f3n l\u00edder en telecomunicaciones y desarrollo de algoritmos.<\/span><\/p>\n<p>[\/et_pb_text][\/et_pb_column][\/et_pb_row][et_pb_row _builder_version=\u00bb4.16&#8243; _module_preset=\u00bbdefault\u00bb global_colors_info=\u00bb{}\u00bb][et_pb_column type=\u00bb4_4&#8243; _builder_version=\u00bb4.16&#8243; _module_preset=\u00bbdefault\u00bb global_colors_info=\u00bb{}\u00bb][et_pb_text module_class=\u00bbsection-title\u00bb _builder_version=\u00bb4.27.4&#8243; _module_preset=\u00bbdefault\u00bb header_2_font=\u00bb|700|||||||\u00bb header_2_font_size=\u00bb25px\u00bb header_2_font_size_tablet=\u00bb23px\u00bb header_2_font_size_phone=\u00bb23px\u00bb header_2_font_size_last_edited=\u00bbon|phone\u00bb global_colors_info=\u00bb{}\u00bb]<\/p>\n<h2>RESCAT: Resilience and Environmental Satellite monitoring for Climate Action and Transformation<\/h2>\n<p>[\/et_pb_text][et_pb_text _builder_version=\u00bb4.27.4&#8243; _module_preset=\u00bbdefault\u00bb link_font=\u00bb|700|||on||||\u00bb locked=\u00bboff\u00bb global_colors_info=\u00bb{}\u00bb]<\/p>\n<p><span style=\"font-weight: 400;\">El proyecto RESCAT pretende desarrollar una plataforma accesible para vigilar el estado medioambiental del Delta del Ebro y reforzar su resistencia al cambio clim\u00e1tico. Utilizando observaciones por sat\u00e9lite y otras fuentes de datos, la plataforma har\u00e1 un seguimiento de variables clave como la erosi\u00f3n costera, la intrusi\u00f3n de agua salada y la p\u00e9rdida de biodiversidad, al tiempo que evaluar\u00e1 la eficacia de las medidas de protecci\u00f3n. La herramienta ayudar\u00e1 a las autoridades p\u00fablicas, las empresas y los centros de investigaci\u00f3n a tomar decisiones informadas y sostenibles.<\/span><\/p>\n<p><span style=\"font-weight: 400;\">El proyecto es una iniciativa conjunta de isardSAT, Lobelia y Eurecat, con la participaci\u00f3n del Centro de Resiliencia Clim\u00e1tica, y pretende ofrecer una soluci\u00f3n escalable y adaptable a otras regiones vulnerables.<\/span><\/p>\n<p>[\/et_pb_text][\/et_pb_column][\/et_pb_row][et_pb_row _builder_version=\u00bb4.16&#8243; _module_preset=\u00bbdefault\u00bb global_colors_info=\u00bb{}\u00bb][et_pb_column type=\u00bb4_4&#8243; _builder_version=\u00bb4.16&#8243; _module_preset=\u00bbdefault\u00bb global_colors_info=\u00bb{}\u00bb][et_pb_text module_class=\u00bbsection-title\u00bb _builder_version=\u00bb4.27.4&#8243; _module_preset=\u00bbdefault\u00bb header_2_font=\u00bb|700|||||||\u00bb header_2_font_size=\u00bb25px\u00bb header_2_font_size_tablet=\u00bb23px\u00bb header_2_font_size_phone=\u00bb23px\u00bb header_2_font_size_last_edited=\u00bbon|phone\u00bb global_colors_info=\u00bb{}\u00bb]<\/p>\n<h2>SKOP &#8211; Beyond the limits of Climate Intelligence<\/h2>\n<p>[\/et_pb_text][et_pb_text _builder_version=\u00bb4.27.4&#8243; _module_preset=\u00bbdefault\u00bb link_font=\u00bb|700|||on||||\u00bb locked=\u00bboff\u00bb global_colors_info=\u00bb{}\u00bb]<\/p>\n<p><span style=\"font-weight: 400;\">Este proyecto aborda las limitaciones actuales de los modelos de cambio clim\u00e1tico. La soluci\u00f3n propuesta integra observaciones meteorol\u00f3gicas por sat\u00e9lite con inteligencia artificial y modelos de cambio clim\u00e1tico para ofrecer previsiones clim\u00e1ticas a largo plazo de gran precisi\u00f3n. El objetivo es permitir una adaptaci\u00f3n eficaz al clima, especialmente en el sector energ\u00e9tico, donde los m\u00e9todos actuales de previsi\u00f3n siguen dependiendo en gran medida de datos hist\u00f3ricos. El proyecto tambi\u00e9n explorar\u00e1 las oportunidades de mercado para garantizar la futura viabilidad comercial de la tecnolog\u00eda.<\/span><\/p>\n<p><span style=\"font-weight: 400;\">Este proyecto estar\u00e1 dirigido por Geoskop en colaboraci\u00f3n con el Centro Internacional de M\u00e9todos Num\u00e9ricos en Ingenier\u00eda (CIMNE).<\/span><\/p>\n<p>[\/et_pb_text][\/et_pb_column][\/et_pb_row][et_pb_row _builder_version=\u00bb4.16&#8243; _module_preset=\u00bbdefault\u00bb global_colors_info=\u00bb{}\u00bb][et_pb_column type=\u00bb4_4&#8243; _builder_version=\u00bb4.16&#8243; _module_preset=\u00bbdefault\u00bb global_colors_info=\u00bb{}\u00bb][et_pb_text module_class=\u00bbsection-title\u00bb _builder_version=\u00bb4.27.4&#8243; _module_preset=\u00bbdefault\u00bb header_2_font=\u00bb|700|||||||\u00bb header_2_font_size=\u00bb25px\u00bb header_2_font_size_tablet=\u00bb23px\u00bb header_2_font_size_phone=\u00bb23px\u00bb header_2_font_size_last_edited=\u00bbon|phone\u00bb global_colors_info=\u00bb{}\u00bb]<\/p>\n<h2>Supply Chain Risk Simulator<\/h2>\n<p>[\/et_pb_text][et_pb_text _builder_version=\u00bb4.27.4&#8243; _module_preset=\u00bbdefault\u00bb link_font=\u00bb|700|||on||||\u00bb locked=\u00bboff\u00bb global_colors_info=\u00bb{}\u00bb]<\/p>\n<p><span style=\"font-weight: 400;\">El proyecto Supply Chain Risk Simulator pretende desarrollar una herramienta para anticipar los riesgos en las cadenas de suministro agr\u00edcolas, cada vez m\u00e1s afectadas por el cambio clim\u00e1tico. Combinando datos de observaci\u00f3n de la Tierra, informaci\u00f3n socioecon\u00f3mica y modelos de inteligencia artificial, la soluci\u00f3n simular\u00e1 escenarios, evaluar\u00e1 vulnerabilidades y apoyar\u00e1 la planificaci\u00f3n proactiva de contingencias.<\/span><\/p>\n<p><span style=\"font-weight: 400;\">El proyecto estar\u00e1 dirigido por EarthPulse, una empresa especializada en el an\u00e1lisis de datos de sat\u00e9lites, en colaboraci\u00f3n con Eurecat, un centro tecnol\u00f3gico experto en IA y sostenibilidad, y la Fundaci\u00f3n Empresa y Clima, una organizaci\u00f3n sin \u00e1nimo de lucro que impulsa la sostenibilidad empresarial y la acci\u00f3n por el clima.<\/span><\/p>\n<p>[\/et_pb_text][\/et_pb_column][\/et_pb_row][et_pb_row _builder_version=\u00bb4.16&#8243; _module_preset=\u00bbdefault\u00bb custom_margin=\u00bb||||false|false\u00bb locked=\u00bboff\u00bb global_colors_info=\u00bb{}\u00bb][et_pb_column type=\u00bb4_4&#8243; _builder_version=\u00bb4.16&#8243; _module_preset=\u00bbdefault\u00bb global_colors_info=\u00bb{}\u00bb][et_pb_divider color=\u00bb#406fda\u00bb _builder_version=\u00bb4.16&#8243; _module_preset=\u00bbdefault\u00bb custom_margin=\u00bb||10px||false|false\u00bb global_colors_info=\u00bb{}\u00bb][\/et_pb_divider][et_pb_button button_url=\u00bbhttps:\/\/esaphilabnet-spain.ieec.cat\/\u00bb url_new_window=\u00bbon\u00bb button_text=\u00bbM\u00e1s informaci\u00f3n\u00bb _builder_version=\u00bb4.27.4&#8243; _module_preset=\u00bbdefault\u00bb custom_button=\u00bbon\u00bb button_text_color=\u00bb#1a1140&#8243; button_bg_color=\u00bbrgba(26,17,64,0.1)\u00bb button_font=\u00bb|||on|||||\u00bb button_on_hover=\u00bboff\u00bb custom_margin=\u00bb30px||||false|false\u00bb custom_padding=\u00bb12px|45px|12px|35px|true|false\u00bb global_colors_info=\u00bb{}\u00bb button_bg_color__hover_enabled=\u00bbon|hover\u00bb button_bg_color__hover=\u00bb#406fda\u00bb button_bg_enable_color__hover=\u00bbon\u00bb button_text_color__hover_enabled=\u00bbon|hover\u00bb button_text_color__hover=\u00bb#FFFFFF\u00bb][\/et_pb_button][\/et_pb_column][\/et_pb_row][\/et_pb_section]<\/p>\n","protected":false},"excerpt":{"rendered":"<p>El programa de la Agencia Espacial Europea da apoyo a proyectos innovadores y disruptivos centrados en la mejora de la resiliencia clim\u00e1tica a trav\u00e9s de convocatorias gestionadas por el consorcio coordinador.<\/p>\n","protected":false},"author":5,"featured_media":37403,"comment_status":"closed","ping_status":"closed","sticky":false,"template":"","format":"standard","meta":{"_et_pb_use_builder":"on","_et_pb_old_content":"","_et_gb_content_width":"","footnotes":""},"categories":[70,158,113],"tags":[],"class_list":["post-36657","post","type-post","status-publish","format-standard","has-post-thumbnail","hentry","category-anuncios","category-convocatorias","category-noticia-destacada-pequena"],"yoast_head":"<!-- This site is optimized with the Yoast SEO plugin v27.4 - https:\/\/yoast.com\/product\/yoast-seo-wordpress\/ -->\n<title>ESA Phi-LabNET Spain anuncia los resultados de su primera fecha de corte para la financiaci\u00f3n de proyectos de investigaci\u00f3n - IEEC<\/title>\n<meta name=\"description\" content=\"El programa de la Agencia Espacial Europea da apoyo a proyectos innovadores y disruptivos centrados en la mejora de la resiliencia clim\u00e1tica a trav\u00e9s de convocatorias gestionadas por el consorcio coordinador.\" \/>\n<meta name=\"robots\" content=\"index, follow, max-snippet:-1, max-image-preview:large, max-video-preview:-1\" \/>\n<link rel=\"canonical\" href=\"https:\/\/www.ieec.cat\/es\/esa-phi-labnet-spain-anuncia-los-resultados-de-su-primera-fecha-de-corte-para-la-financiacion-de-proyectos-de-investigacion\/\" \/>\n<meta property=\"og:locale\" content=\"es_ES\" \/>\n<meta property=\"og:type\" content=\"article\" \/>\n<meta property=\"og:title\" content=\"ESA Phi-LabNET Spain anuncia los resultados de su primera fecha de corte para la financiaci\u00f3n de proyectos de investigaci\u00f3n - IEEC\" \/>\n<meta property=\"og:description\" content=\"El programa de la Agencia Espacial Europea da apoyo a proyectos innovadores y disruptivos centrados en la mejora de la resiliencia clim\u00e1tica a trav\u00e9s de convocatorias gestionadas por el consorcio coordinador.\" \/>\n<meta property=\"og:url\" content=\"https:\/\/www.ieec.cat\/es\/esa-phi-labnet-spain-anuncia-los-resultados-de-su-primera-fecha-de-corte-para-la-financiacion-de-proyectos-de-investigacion\/\" \/>\n<meta property=\"og:site_name\" content=\"IEEC\" \/>\n<meta property=\"article:published_time\" content=\"2025-06-26T09:09:54+00:00\" \/>\n<meta property=\"article:modified_time\" content=\"2025-07-14T09:53:52+00:00\" \/>\n<meta property=\"og:image\" content=\"https:\/\/www.ieec.cat\/wp-content\/uploads\/2025\/06\/philab-cat-def.jpg\" \/>\n\t<meta property=\"og:image:width\" content=\"1080\" \/>\n\t<meta property=\"og:image:height\" content=\"574\" \/>\n\t<meta property=\"og:image:type\" content=\"image\/jpeg\" \/>\n<meta name=\"author\" content=\"Francisco Panyos\" \/>\n<meta name=\"twitter:card\" content=\"summary_large_image\" \/>\n<meta name=\"twitter:label1\" content=\"Escrito por\" \/>\n\t<meta name=\"twitter:data1\" content=\"Francisco Panyos\" \/>\n\t<meta name=\"twitter:label2\" content=\"Tiempo de lectura\" \/>\n\t<meta name=\"twitter:data2\" content=\"10 minutos\" \/>\n<script type=\"application\/ld+json\" class=\"yoast-schema-graph\">{\"@context\":\"https:\\\/\\\/schema.org\",\"@graph\":[{\"@type\":\"Article\",\"@id\":\"https:\\\/\\\/www.ieec.cat\\\/es\\\/esa-phi-labnet-spain-anuncia-los-resultados-de-su-primera-fecha-de-corte-para-la-financiacion-de-proyectos-de-investigacion\\\/#article\",\"isPartOf\":{\"@id\":\"https:\\\/\\\/www.ieec.cat\\\/es\\\/esa-phi-labnet-spain-anuncia-los-resultados-de-su-primera-fecha-de-corte-para-la-financiacion-de-proyectos-de-investigacion\\\/\"},\"author\":{\"name\":\"Francisco Panyos\",\"@id\":\"https:\\\/\\\/www.ieec.cat\\\/es\\\/#\\\/schema\\\/person\\\/66f3943e2fdb094349ad344043ede870\"},\"headline\":\"ESA Phi-LabNET Spain anuncia los resultados de su primera fecha de corte para la financiaci\u00f3n de proyectos de investigaci\u00f3n\",\"datePublished\":\"2025-06-26T09:09:54+00:00\",\"dateModified\":\"2025-07-14T09:53:52+00:00\",\"mainEntityOfPage\":{\"@id\":\"https:\\\/\\\/www.ieec.cat\\\/es\\\/esa-phi-labnet-spain-anuncia-los-resultados-de-su-primera-fecha-de-corte-para-la-financiacion-de-proyectos-de-investigacion\\\/\"},\"wordCount\":1926,\"image\":{\"@id\":\"https:\\\/\\\/www.ieec.cat\\\/es\\\/esa-phi-labnet-spain-anuncia-los-resultados-de-su-primera-fecha-de-corte-para-la-financiacion-de-proyectos-de-investigacion\\\/#primaryimage\"},\"thumbnailUrl\":\"https:\\\/\\\/www.ieec.cat\\\/wp-content\\\/uploads\\\/2025\\\/06\\\/philab-cat-def.jpg\",\"articleSection\":[\"Anuncios\",\"Convocatorias\",\"Noticia destacada peque\u00f1a\"],\"inLanguage\":\"es\"},{\"@type\":\"WebPage\",\"@id\":\"https:\\\/\\\/www.ieec.cat\\\/es\\\/esa-phi-labnet-spain-anuncia-los-resultados-de-su-primera-fecha-de-corte-para-la-financiacion-de-proyectos-de-investigacion\\\/\",\"url\":\"https:\\\/\\\/www.ieec.cat\\\/es\\\/esa-phi-labnet-spain-anuncia-los-resultados-de-su-primera-fecha-de-corte-para-la-financiacion-de-proyectos-de-investigacion\\\/\",\"name\":\"ESA Phi-LabNET Spain anuncia los resultados de su primera fecha de corte para la financiaci\u00f3n de proyectos de investigaci\u00f3n - IEEC\",\"isPartOf\":{\"@id\":\"https:\\\/\\\/www.ieec.cat\\\/es\\\/#website\"},\"primaryImageOfPage\":{\"@id\":\"https:\\\/\\\/www.ieec.cat\\\/es\\\/esa-phi-labnet-spain-anuncia-los-resultados-de-su-primera-fecha-de-corte-para-la-financiacion-de-proyectos-de-investigacion\\\/#primaryimage\"},\"image\":{\"@id\":\"https:\\\/\\\/www.ieec.cat\\\/es\\\/esa-phi-labnet-spain-anuncia-los-resultados-de-su-primera-fecha-de-corte-para-la-financiacion-de-proyectos-de-investigacion\\\/#primaryimage\"},\"thumbnailUrl\":\"https:\\\/\\\/www.ieec.cat\\\/wp-content\\\/uploads\\\/2025\\\/06\\\/philab-cat-def.jpg\",\"datePublished\":\"2025-06-26T09:09:54+00:00\",\"dateModified\":\"2025-07-14T09:53:52+00:00\",\"author\":{\"@id\":\"https:\\\/\\\/www.ieec.cat\\\/es\\\/#\\\/schema\\\/person\\\/66f3943e2fdb094349ad344043ede870\"},\"description\":\"El programa de la Agencia Espacial Europea da apoyo a proyectos innovadores y disruptivos centrados en la mejora de la resiliencia clim\u00e1tica a trav\u00e9s de convocatorias gestionadas por el consorcio coordinador.\",\"breadcrumb\":{\"@id\":\"https:\\\/\\\/www.ieec.cat\\\/es\\\/esa-phi-labnet-spain-anuncia-los-resultados-de-su-primera-fecha-de-corte-para-la-financiacion-de-proyectos-de-investigacion\\\/#breadcrumb\"},\"inLanguage\":\"es\",\"potentialAction\":[{\"@type\":\"ReadAction\",\"target\":[\"https:\\\/\\\/www.ieec.cat\\\/es\\\/esa-phi-labnet-spain-anuncia-los-resultados-de-su-primera-fecha-de-corte-para-la-financiacion-de-proyectos-de-investigacion\\\/\"]}]},{\"@type\":\"ImageObject\",\"inLanguage\":\"es\",\"@id\":\"https:\\\/\\\/www.ieec.cat\\\/es\\\/esa-phi-labnet-spain-anuncia-los-resultados-de-su-primera-fecha-de-corte-para-la-financiacion-de-proyectos-de-investigacion\\\/#primaryimage\",\"url\":\"https:\\\/\\\/www.ieec.cat\\\/wp-content\\\/uploads\\\/2025\\\/06\\\/philab-cat-def.jpg\",\"contentUrl\":\"https:\\\/\\\/www.ieec.cat\\\/wp-content\\\/uploads\\\/2025\\\/06\\\/philab-cat-def.jpg\",\"width\":1080,\"height\":574},{\"@type\":\"BreadcrumbList\",\"@id\":\"https:\\\/\\\/www.ieec.cat\\\/es\\\/esa-phi-labnet-spain-anuncia-los-resultados-de-su-primera-fecha-de-corte-para-la-financiacion-de-proyectos-de-investigacion\\\/#breadcrumb\",\"itemListElement\":[{\"@type\":\"ListItem\",\"position\":1,\"name\":\"Portada\",\"item\":\"https:\\\/\\\/www.ieec.cat\\\/es\\\/\"},{\"@type\":\"ListItem\",\"position\":2,\"name\":\"ESA Phi-LabNET Spain anuncia los resultados de su primera fecha de corte para la financiaci\u00f3n de proyectos de investigaci\u00f3n\"}]},{\"@type\":\"WebSite\",\"@id\":\"https:\\\/\\\/www.ieec.cat\\\/es\\\/#website\",\"url\":\"https:\\\/\\\/www.ieec.cat\\\/es\\\/\",\"name\":\"IEEC\",\"description\":\"Institut d&#039;Estudis Espacials de Catalunya\",\"potentialAction\":[{\"@type\":\"SearchAction\",\"target\":{\"@type\":\"EntryPoint\",\"urlTemplate\":\"https:\\\/\\\/www.ieec.cat\\\/es\\\/?s={search_term_string}\"},\"query-input\":{\"@type\":\"PropertyValueSpecification\",\"valueRequired\":true,\"valueName\":\"search_term_string\"}}],\"inLanguage\":\"es\"},{\"@type\":\"Person\",\"@id\":\"https:\\\/\\\/www.ieec.cat\\\/es\\\/#\\\/schema\\\/person\\\/66f3943e2fdb094349ad344043ede870\",\"name\":\"Francisco Panyos\",\"image\":{\"@type\":\"ImageObject\",\"inLanguage\":\"es\",\"@id\":\"https:\\\/\\\/secure.gravatar.com\\\/avatar\\\/526157a3fe3c965ab680e104b6fe47df151d5d607c86c2744324613bf4c68622?s=96&d=mm&r=g\",\"url\":\"https:\\\/\\\/secure.gravatar.com\\\/avatar\\\/526157a3fe3c965ab680e104b6fe47df151d5d607c86c2744324613bf4c68622?s=96&d=mm&r=g\",\"contentUrl\":\"https:\\\/\\\/secure.gravatar.com\\\/avatar\\\/526157a3fe3c965ab680e104b6fe47df151d5d607c86c2744324613bf4c68622?s=96&d=mm&r=g\",\"caption\":\"Francisco Panyos\"}}]}<\/script>\n<!-- \/ Yoast SEO plugin. -->","yoast_head_json":{"title":"ESA Phi-LabNET Spain anuncia los resultados de su primera fecha de corte para la financiaci\u00f3n de proyectos de investigaci\u00f3n - IEEC","description":"El programa de la Agencia Espacial Europea da apoyo a proyectos innovadores y disruptivos centrados en la mejora de la resiliencia clim\u00e1tica a trav\u00e9s de convocatorias gestionadas por el consorcio coordinador.","robots":{"index":"index","follow":"follow","max-snippet":"max-snippet:-1","max-image-preview":"max-image-preview:large","max-video-preview":"max-video-preview:-1"},"canonical":"https:\/\/www.ieec.cat\/es\/esa-phi-labnet-spain-anuncia-los-resultados-de-su-primera-fecha-de-corte-para-la-financiacion-de-proyectos-de-investigacion\/","og_locale":"es_ES","og_type":"article","og_title":"ESA Phi-LabNET Spain anuncia los resultados de su primera fecha de corte para la financiaci\u00f3n de proyectos de investigaci\u00f3n - IEEC","og_description":"El programa de la Agencia Espacial Europea da apoyo a proyectos innovadores y disruptivos centrados en la mejora de la resiliencia clim\u00e1tica a trav\u00e9s de convocatorias gestionadas por el consorcio coordinador.","og_url":"https:\/\/www.ieec.cat\/es\/esa-phi-labnet-spain-anuncia-los-resultados-de-su-primera-fecha-de-corte-para-la-financiacion-de-proyectos-de-investigacion\/","og_site_name":"IEEC","article_published_time":"2025-06-26T09:09:54+00:00","article_modified_time":"2025-07-14T09:53:52+00:00","og_image":[{"width":1080,"height":574,"url":"https:\/\/www.ieec.cat\/wp-content\/uploads\/2025\/06\/philab-cat-def.jpg","type":"image\/jpeg"}],"author":"Francisco Panyos","twitter_card":"summary_large_image","twitter_misc":{"Escrito por":"Francisco Panyos","Tiempo de lectura":"10 minutos"},"schema":{"@context":"https:\/\/schema.org","@graph":[{"@type":"Article","@id":"https:\/\/www.ieec.cat\/es\/esa-phi-labnet-spain-anuncia-los-resultados-de-su-primera-fecha-de-corte-para-la-financiacion-de-proyectos-de-investigacion\/#article","isPartOf":{"@id":"https:\/\/www.ieec.cat\/es\/esa-phi-labnet-spain-anuncia-los-resultados-de-su-primera-fecha-de-corte-para-la-financiacion-de-proyectos-de-investigacion\/"},"author":{"name":"Francisco Panyos","@id":"https:\/\/www.ieec.cat\/es\/#\/schema\/person\/66f3943e2fdb094349ad344043ede870"},"headline":"ESA Phi-LabNET Spain anuncia los resultados de su primera fecha de corte para la financiaci\u00f3n de proyectos de investigaci\u00f3n","datePublished":"2025-06-26T09:09:54+00:00","dateModified":"2025-07-14T09:53:52+00:00","mainEntityOfPage":{"@id":"https:\/\/www.ieec.cat\/es\/esa-phi-labnet-spain-anuncia-los-resultados-de-su-primera-fecha-de-corte-para-la-financiacion-de-proyectos-de-investigacion\/"},"wordCount":1926,"image":{"@id":"https:\/\/www.ieec.cat\/es\/esa-phi-labnet-spain-anuncia-los-resultados-de-su-primera-fecha-de-corte-para-la-financiacion-de-proyectos-de-investigacion\/#primaryimage"},"thumbnailUrl":"https:\/\/www.ieec.cat\/wp-content\/uploads\/2025\/06\/philab-cat-def.jpg","articleSection":["Anuncios","Convocatorias","Noticia destacada peque\u00f1a"],"inLanguage":"es"},{"@type":"WebPage","@id":"https:\/\/www.ieec.cat\/es\/esa-phi-labnet-spain-anuncia-los-resultados-de-su-primera-fecha-de-corte-para-la-financiacion-de-proyectos-de-investigacion\/","url":"https:\/\/www.ieec.cat\/es\/esa-phi-labnet-spain-anuncia-los-resultados-de-su-primera-fecha-de-corte-para-la-financiacion-de-proyectos-de-investigacion\/","name":"ESA Phi-LabNET Spain anuncia los resultados de su primera fecha de corte para la financiaci\u00f3n de proyectos de investigaci\u00f3n - IEEC","isPartOf":{"@id":"https:\/\/www.ieec.cat\/es\/#website"},"primaryImageOfPage":{"@id":"https:\/\/www.ieec.cat\/es\/esa-phi-labnet-spain-anuncia-los-resultados-de-su-primera-fecha-de-corte-para-la-financiacion-de-proyectos-de-investigacion\/#primaryimage"},"image":{"@id":"https:\/\/www.ieec.cat\/es\/esa-phi-labnet-spain-anuncia-los-resultados-de-su-primera-fecha-de-corte-para-la-financiacion-de-proyectos-de-investigacion\/#primaryimage"},"thumbnailUrl":"https:\/\/www.ieec.cat\/wp-content\/uploads\/2025\/06\/philab-cat-def.jpg","datePublished":"2025-06-26T09:09:54+00:00","dateModified":"2025-07-14T09:53:52+00:00","author":{"@id":"https:\/\/www.ieec.cat\/es\/#\/schema\/person\/66f3943e2fdb094349ad344043ede870"},"description":"El programa de la Agencia Espacial Europea da apoyo a proyectos innovadores y disruptivos centrados en la mejora de la resiliencia clim\u00e1tica a trav\u00e9s de convocatorias gestionadas por el consorcio coordinador.","breadcrumb":{"@id":"https:\/\/www.ieec.cat\/es\/esa-phi-labnet-spain-anuncia-los-resultados-de-su-primera-fecha-de-corte-para-la-financiacion-de-proyectos-de-investigacion\/#breadcrumb"},"inLanguage":"es","potentialAction":[{"@type":"ReadAction","target":["https:\/\/www.ieec.cat\/es\/esa-phi-labnet-spain-anuncia-los-resultados-de-su-primera-fecha-de-corte-para-la-financiacion-de-proyectos-de-investigacion\/"]}]},{"@type":"ImageObject","inLanguage":"es","@id":"https:\/\/www.ieec.cat\/es\/esa-phi-labnet-spain-anuncia-los-resultados-de-su-primera-fecha-de-corte-para-la-financiacion-de-proyectos-de-investigacion\/#primaryimage","url":"https:\/\/www.ieec.cat\/wp-content\/uploads\/2025\/06\/philab-cat-def.jpg","contentUrl":"https:\/\/www.ieec.cat\/wp-content\/uploads\/2025\/06\/philab-cat-def.jpg","width":1080,"height":574},{"@type":"BreadcrumbList","@id":"https:\/\/www.ieec.cat\/es\/esa-phi-labnet-spain-anuncia-los-resultados-de-su-primera-fecha-de-corte-para-la-financiacion-de-proyectos-de-investigacion\/#breadcrumb","itemListElement":[{"@type":"ListItem","position":1,"name":"Portada","item":"https:\/\/www.ieec.cat\/es\/"},{"@type":"ListItem","position":2,"name":"ESA Phi-LabNET Spain anuncia los resultados de su primera fecha de corte para la financiaci\u00f3n de proyectos de investigaci\u00f3n"}]},{"@type":"WebSite","@id":"https:\/\/www.ieec.cat\/es\/#website","url":"https:\/\/www.ieec.cat\/es\/","name":"IEEC","description":"Institut d&#039;Estudis Espacials de Catalunya","potentialAction":[{"@type":"SearchAction","target":{"@type":"EntryPoint","urlTemplate":"https:\/\/www.ieec.cat\/es\/?s={search_term_string}"},"query-input":{"@type":"PropertyValueSpecification","valueRequired":true,"valueName":"search_term_string"}}],"inLanguage":"es"},{"@type":"Person","@id":"https:\/\/www.ieec.cat\/es\/#\/schema\/person\/66f3943e2fdb094349ad344043ede870","name":"Francisco Panyos","image":{"@type":"ImageObject","inLanguage":"es","@id":"https:\/\/secure.gravatar.com\/avatar\/526157a3fe3c965ab680e104b6fe47df151d5d607c86c2744324613bf4c68622?s=96&d=mm&r=g","url":"https:\/\/secure.gravatar.com\/avatar\/526157a3fe3c965ab680e104b6fe47df151d5d607c86c2744324613bf4c68622?s=96&d=mm&r=g","contentUrl":"https:\/\/secure.gravatar.com\/avatar\/526157a3fe3c965ab680e104b6fe47df151d5d607c86c2744324613bf4c68622?s=96&d=mm&r=g","caption":"Francisco Panyos"}}]}},"_links":{"self":[{"href":"https:\/\/www.ieec.cat\/es\/wp-json\/wp\/v2\/posts\/36657","targetHints":{"allow":["GET"]}}],"collection":[{"href":"https:\/\/www.ieec.cat\/es\/wp-json\/wp\/v2\/posts"}],"about":[{"href":"https:\/\/www.ieec.cat\/es\/wp-json\/wp\/v2\/types\/post"}],"author":[{"embeddable":true,"href":"https:\/\/www.ieec.cat\/es\/wp-json\/wp\/v2\/users\/5"}],"replies":[{"embeddable":true,"href":"https:\/\/www.ieec.cat\/es\/wp-json\/wp\/v2\/comments?post=36657"}],"version-history":[{"count":17,"href":"https:\/\/www.ieec.cat\/es\/wp-json\/wp\/v2\/posts\/36657\/revisions"}],"predecessor-version":[{"id":37647,"href":"https:\/\/www.ieec.cat\/es\/wp-json\/wp\/v2\/posts\/36657\/revisions\/37647"}],"wp:featuredmedia":[{"embeddable":true,"href":"https:\/\/www.ieec.cat\/es\/wp-json\/wp\/v2\/media\/37403"}],"wp:attachment":[{"href":"https:\/\/www.ieec.cat\/es\/wp-json\/wp\/v2\/media?parent=36657"}],"wp:term":[{"taxonomy":"category","embeddable":true,"href":"https:\/\/www.ieec.cat\/es\/wp-json\/wp\/v2\/categories?post=36657"},{"taxonomy":"post_tag","embeddable":true,"href":"https:\/\/www.ieec.cat\/es\/wp-json\/wp\/v2\/tags?post=36657"}],"curies":[{"name":"wp","href":"https:\/\/api.w.org\/{rel}","templated":true}]}}