{"id":3980,"date":"2016-03-02T00:00:00","date_gmt":"2016-03-01T23:00:00","guid":{"rendered":"https:\/\/www.ieec.cat\/telescope-assumpci%c3%b3-catal%c3%a0-the-first-telescope-bearing-the-name-of-a-woman-in-spain-not-translated-2\/"},"modified":"2022-12-22T23:08:56","modified_gmt":"2022-12-22T22:08:56","slug":"telescope-assumpci%c3%b3-catal%c3%a0-the-first-telescope-bearing-the-name-of-a-woman-in-spain-not-translated","status":"publish","type":"post","link":"https:\/\/www.ieec.cat\/es\/telescope-assumpci%c3%b3-catal%c3%a0-the-first-telescope-bearing-the-name-of-a-woman-in-spain-not-translated\/","title":{"rendered":"Telescope Assumpci\u00f3 Catal\u00e0: the first telescope bearing the name of a woman in Spain [NOT TRANSLATED]"},"content":{"rendered":"<p>[et_pb_section fb_built=\u00bb1&#8243; fullwidth=\u00bbon\u00bb theme_builder_area=\u00bbpost_content\u00bb _builder_version=\u00bb4.14.8&#8243; _module_preset=\u00bbdefault\u00bb height=\u00bb114px\u00bb background_color=\u00bb\u00bb hover_enabled=\u00bb0&#8243; sticky_enabled=\u00bb0&#8243; title_text=\u00bb\u00bb background_image=\u00bb\/wp-content\/uploads\/2022\/04\/slider-corpo2.jpg\u00bb][\/et_pb_section][et_pb_section fb_built=\u00bb1&#8243; theme_builder_area=\u00bbpost_content\u00bb _builder_version=\u00bb4.14.8&#8243; _module_preset=\u00bbdefault\u00bb custom_padding=\u00bb||0px||false|false\u00bb custom_margin=\u00bb||0px||false|false\u00bb hover_enabled=\u00bb0&#8243; sticky_enabled=\u00bb0&#8243;][et_pb_row _builder_version=\u00bb4.14.8&#8243; _module_preset=\u00bbdefault\u00bb theme_builder_area=\u00bbpost_content\u00bb][et_pb_column _builder_version=\u00bb4.14.8&#8243; _module_preset=\u00bbdefault\u00bb type=\u00bb4_4&#8243; theme_builder_area=\u00bbpost_content\u00bb][et_pb_text _builder_version=\u00bb4.14.8&#8243; _module_preset=\u00bbdefault\u00bb theme_builder_area=\u00bbpost_content\u00bb _dynamic_attributes=\u00bbcontent\u00bb hover_enabled=\u00bb0&#8243; sticky_enabled=\u00bb0&#8243; custom_margin=\u00bb0px||0px||false|false\u00bb custom_padding=\u00bb0px||0px||false|false\u00bb]@ET-DC@eyJkeW5hbWljIjp0cnVlLCJjb250ZW50IjoicG9zdF90aXRsZSIsInNldHRpbmdzIjp7ImJlZm9yZSI6IjxoMSBjbGFzcz1cImVudHJ5X3RpdGxlXCI+IiwiYWZ0ZXIiOiI8L2gxPiJ9fQ==@[\/et_pb_text][et_pb_text _builder_version=\u00bb4.14.8&#8243; _module_preset=\u00bbdefault\u00bb theme_builder_area=\u00bbpost_content\u00bb _dynamic_attributes=\u00bbcontent\u00bb custom_padding=\u00bb0px||0px||false|false\u00bb custom_margin=\u00bb0px||0px||false|false\u00bb hover_enabled=\u00bb0&#8243; sticky_enabled=\u00bb0&#8243;]@ET-DC@eyJkeW5hbWljIjp0cnVlLCJjb250ZW50IjoicG9zdF9kYXRlIiwic2V0dGluZ3MiOnsiYmVmb3JlIjoiIiwiYWZ0ZXIiOiIiLCJkYXRlX2Zvcm1hdCI6ImN1c3RvbSIsImN1c3RvbV9kYXRlX2Zvcm1hdCI6IlktbS1kIEg6aTpzIn19@[\/et_pb_text][\/et_pb_column][\/et_pb_row][\/et_pb_section][et_pb_section fb_built=\u00bb1&#8243; _builder_version=\u00bb4.14.8&#8243; _module_preset=\u00bbdefault\u00bb custom_margin=\u00bb0px||||false|false\u00bb custom_padding=\u00bb0px||||false|false\u00bb top_divider_color=\u00bbRGBA(255,255,255,0)\u00bb top_divider_height=\u00bb0px\u00bb hover_enabled=\u00bb0&#8243; global_colors_info=\u00bb{}\u00bb sticky_enabled=\u00bb0&#8243;][et_pb_row column_structure=\u00bb4_4&#8243; _builder_version=\u00bb4.14.8&#8243; _module_preset=\u00bbdefault\u00bb global_colors_info=\u00bb{}\u00bb][et_pb_column type=\u00bb4_4&#8243; _builder_version=\u00bb4.14.8&#8243; _module_preset=\u00bbdefault\u00bb global_colors_info=\u00bb{}\u00bb][et_pb_image src=\u00bbhttps:\/\/www.ieec.cat\/wp-content\/uploads\/2022\/12\/1543421888_0a69fde6761663ffdab8a02753f6db96_cou_natura_centres_i_organismes.jpg\u00bb alt=\u00bbTelescope Assumpci\u00f3 Catal\u00e0: the first telescope bearing the name of a woman in Spain\u00bb _builder_version=\u00bb4.14.8&#8243; _module_preset=\u00bbdefault\u00bb title_text=\u00bbPR_Image1.png\u00bb hover_enabled=\u00bb0&#8243; sticky_enabled=\u00bb0&#8243; width=\u00bb600px\u00bb module_alignment=\u00bbcenter\u00bb][\/et_pb_image][et_pb_text _builder_version=\u00bb4.14.8&#8243; _module_preset=\u00bbdefault\u00bb global_colors_info=\u00bb{}\u00bb]Assumpci&oacute; Catal&agrave; was the first woman numerary professor astronomer at the Spanish university and the Classroom telescope of the Centre d&rsquo;Observaci&oacute; de l&rsquo;Univers at Montsec bears her name.<\/p>\n<p>Centre d&rsquo;Observaci&oacute; de l&rsquo;Univers, Montsec<\/p>\n<p>Next March 4th the baptism of the telescope bearing the name of Professor at the University of Barcelona Assumpci&oacute; Catal&agrave; will take place and thus it will become the first telescope with a woman name in Spain. The telescope is located in the Centre d&rsquo;Observaci&oacute; de l&rsquo;Univers within the Park astronomical del Montsec (Montsec, &Agrave;ger). At the same time, an exhibition on this researcher, prepared by researchers from the Institute of science of the Cosmos (IEEC-UB) will open and it will be displayed until the end of August of 2016.<\/p>\n<p>Assumpci&oacute; Catal&agrave;<\/p>\n<p>Assumpci&oacute; Catal&agrave; (Barcelona, 1925-2009) was professor of the University of Barcelona and the fisrt woman numerary professor astronomer in a Spanish university. She worked as a professor at the University of Barcelona from 1953 to 1990 and in 2004 was named honorary emeritus professor. Her research focused on the study of the solar system, astrometry and galactic astronomy.<\/p>\n<p>Telescope Assumpci&oacute; Catal&agrave;<\/p>\n<p>The telescope Assumpci&oacute; Catal&agrave;, inaugurated on 2015, is a Dall-Kirkham reflector with a diameter of 50 cm, located in the new classroom observatory of the Centre d&rsquo;Observaci&oacute; de l&rsquo;Univers. The classroom observatory has a circular structure and eight screens connected to the telescope that enable seventy sitting people the simultaneous observation of the Montsec sky. This telescope will have a teaching use for University and high school teaching, secondary and primary with an important prominence of disclosure to the general public. The instrument allows that seventy people can simultaneously watch not only bodies of the Solar system, but also galaxies in the remote universe.<\/p>\n<p>More information:<\/p>\n<p><a href=\"http:\/\/www.parcastronomic.cat\/#!Astr\u00f2noms-reunits-en-el-bateig-del-telescopi-Assumpci\u00f3-Catal\u00e0-del-PAM-reclamen-la-import\u00e0ncia-del-paper-de-la-dona-en-la-ci\u00e8ncia\/cthz\/56d97e220cf25a66a5379d85\" rel=\"nofollow\">http:\/\/www.parcastronomic.cat\/#!Astr&ograve;noms-reunits-en-el-bateig-del-telescopi-Assumpci&oacute;-Catal&agrave;-del-PAM-reclamen-la-import&agrave;ncia-del-paper-de-la-dona-en-la-ci&egrave;ncia\/cthz\/56d97e220cf25a66a5379d85<\/a><\/p>\n<p><a href=\"http:\/\/serviastro.am.ub.edu\/twiki\/bin\/view\/ServiAstro\/TelescopCatala\" rel=\"nofollow\">http:\/\/serviastro.am.ub.edu\/twiki\/bin\/view\/ServiAstro\/TelescopCatala<\/a> [NOT TRANSLATED][\/et_pb_text][\/et_pb_column][\/et_pb_row][\/et_pb_section]<\/p>\n","protected":false},"excerpt":{"rendered":"<p>Assumpci&oacute; Catal&agrave; was the first woman numerary professor astronomer at the Spanish university and the Classroom telescope of the Centre d&rsquo;Observaci&oacute; de l&rsquo;Univers at Montsec bears her name. Centre d&rsquo;Observaci&oacute; de l&rsquo;Univers, Montsec Next March 4th the baptism of the telescope bearing the name of Professor at the University of Barcelona Assumpci&oacute; Catal&agrave; will take [&hellip;]<\/p>\n","protected":false},"author":0,"featured_media":3975,"comment_status":"closed","ping_status":"open","sticky":false,"template":"","format":"standard","meta":{"_et_pb_use_builder":"on","_et_pb_old_content":"","_et_gb_content_width":"2880","footnotes":""},"categories":[119,75,107],"tags":[],"class_list":["post-3980","post","type-post","status-publish","format-standard","has-post-thumbnail","hentry","category-montsec-es-2","category-noticias","category-tecnologia-noticias"],"yoast_head":"<!-- This site is optimized with the Yoast SEO plugin v27.4 - https:\/\/yoast.com\/product\/yoast-seo-wordpress\/ -->\n<title>Telescope Assumpci\u00f3 Catal\u00e0: the first telescope bearing the name of a woman in Spain [NOT TRANSLATED] - IEEC<\/title>\n<meta name=\"robots\" content=\"index, follow, max-snippet:-1, max-image-preview:large, max-video-preview:-1\" \/>\n<link rel=\"canonical\" href=\"https:\/\/www.ieec.cat\/es\/telescope-assumpci%c3%b3-catal%c3%a0-the-first-telescope-bearing-the-name-of-a-woman-in-spain-not-translated\/\" \/>\n<meta property=\"og:locale\" content=\"es_ES\" \/>\n<meta property=\"og:type\" content=\"article\" \/>\n<meta property=\"og:title\" content=\"Telescope Assumpci\u00f3 Catal\u00e0: the first telescope bearing the name of a woman in Spain [NOT TRANSLATED] - IEEC\" \/>\n<meta property=\"og:description\" content=\"Assumpci&oacute; Catal&agrave; was the first woman numerary professor astronomer at the Spanish university and the Classroom telescope of the Centre d&rsquo;Observaci&oacute; de l&rsquo;Univers at Montsec bears her name. Centre d&rsquo;Observaci&oacute; de l&rsquo;Univers, Montsec Next March 4th the baptism of the telescope bearing the name of Professor at the University of Barcelona Assumpci&oacute; Catal&agrave; will take [&hellip;]\" \/>\n<meta property=\"og:url\" content=\"https:\/\/www.ieec.cat\/es\/telescope-assumpci%c3%b3-catal%c3%a0-the-first-telescope-bearing-the-name-of-a-woman-in-spain-not-translated\/\" \/>\n<meta property=\"og:site_name\" content=\"IEEC\" \/>\n<meta property=\"article:published_time\" content=\"2016-03-01T23:00:00+00:00\" \/>\n<meta property=\"article:modified_time\" content=\"2022-12-22T22:08:56+00:00\" \/>\n<meta property=\"og:image\" content=\"https:\/\/www.ieec.cat\/wp-content\/uploads\/2022\/12\/1543421888_0a69fde6761663ffdab8a02753f6db96_cou_natura_centres_i_organismes.jpg\" \/>\n\t<meta property=\"og:image:width\" content=\"352\" \/>\n\t<meta property=\"og:image:height\" content=\"312\" \/>\n\t<meta property=\"og:image:type\" content=\"image\/jpeg\" \/>\n<meta name=\"twitter:card\" content=\"summary_large_image\" \/>\n<meta name=\"twitter:label1\" content=\"Tiempo de lectura\" \/>\n\t<meta name=\"twitter:data1\" content=\"1 minuto\" \/>\n<script type=\"application\/ld+json\" class=\"yoast-schema-graph\">{\"@context\":\"https:\\\/\\\/schema.org\",\"@graph\":[{\"@type\":\"Article\",\"@id\":\"https:\\\/\\\/www.ieec.cat\\\/es\\\/telescope-assumpci%c3%b3-catal%c3%a0-the-first-telescope-bearing-the-name-of-a-woman-in-spain-not-translated\\\/#article\",\"isPartOf\":{\"@id\":\"https:\\\/\\\/www.ieec.cat\\\/es\\\/telescope-assumpci%c3%b3-catal%c3%a0-the-first-telescope-bearing-the-name-of-a-woman-in-spain-not-translated\\\/\"},\"author\":{\"name\":\"\",\"@id\":\"\"},\"headline\":\"Telescope Assumpci\u00f3 Catal\u00e0: the first telescope bearing the name of a woman in Spain [NOT TRANSLATED]\",\"datePublished\":\"2016-03-01T23:00:00+00:00\",\"dateModified\":\"2022-12-22T22:08:56+00:00\",\"mainEntityOfPage\":{\"@id\":\"https:\\\/\\\/www.ieec.cat\\\/es\\\/telescope-assumpci%c3%b3-catal%c3%a0-the-first-telescope-bearing-the-name-of-a-woman-in-spain-not-translated\\\/\"},\"wordCount\":727,\"image\":{\"@id\":\"https:\\\/\\\/www.ieec.cat\\\/es\\\/telescope-assumpci%c3%b3-catal%c3%a0-the-first-telescope-bearing-the-name-of-a-woman-in-spain-not-translated\\\/#primaryimage\"},\"thumbnailUrl\":\"https:\\\/\\\/www.ieec.cat\\\/wp-content\\\/uploads\\\/2022\\\/12\\\/1543421888_0a69fde6761663ffdab8a02753f6db96_cou_natura_centres_i_organismes.jpg\",\"articleSection\":[\"Montsec\",\"Noticias\",\"Tecnolog\u00eda\"],\"inLanguage\":\"es\"},{\"@type\":\"WebPage\",\"@id\":\"https:\\\/\\\/www.ieec.cat\\\/es\\\/telescope-assumpci%c3%b3-catal%c3%a0-the-first-telescope-bearing-the-name-of-a-woman-in-spain-not-translated\\\/\",\"url\":\"https:\\\/\\\/www.ieec.cat\\\/es\\\/telescope-assumpci%c3%b3-catal%c3%a0-the-first-telescope-bearing-the-name-of-a-woman-in-spain-not-translated\\\/\",\"name\":\"Telescope Assumpci\u00f3 Catal\u00e0: the first telescope bearing the name of a woman in Spain [NOT TRANSLATED] - IEEC\",\"isPartOf\":{\"@id\":\"https:\\\/\\\/www.ieec.cat\\\/es\\\/#website\"},\"primaryImageOfPage\":{\"@id\":\"https:\\\/\\\/www.ieec.cat\\\/es\\\/telescope-assumpci%c3%b3-catal%c3%a0-the-first-telescope-bearing-the-name-of-a-woman-in-spain-not-translated\\\/#primaryimage\"},\"image\":{\"@id\":\"https:\\\/\\\/www.ieec.cat\\\/es\\\/telescope-assumpci%c3%b3-catal%c3%a0-the-first-telescope-bearing-the-name-of-a-woman-in-spain-not-translated\\\/#primaryimage\"},\"thumbnailUrl\":\"https:\\\/\\\/www.ieec.cat\\\/wp-content\\\/uploads\\\/2022\\\/12\\\/1543421888_0a69fde6761663ffdab8a02753f6db96_cou_natura_centres_i_organismes.jpg\",\"datePublished\":\"2016-03-01T23:00:00+00:00\",\"dateModified\":\"2022-12-22T22:08:56+00:00\",\"author\":{\"@id\":\"\"},\"breadcrumb\":{\"@id\":\"https:\\\/\\\/www.ieec.cat\\\/es\\\/telescope-assumpci%c3%b3-catal%c3%a0-the-first-telescope-bearing-the-name-of-a-woman-in-spain-not-translated\\\/#breadcrumb\"},\"inLanguage\":\"es\",\"potentialAction\":[{\"@type\":\"ReadAction\",\"target\":[\"https:\\\/\\\/www.ieec.cat\\\/es\\\/telescope-assumpci%c3%b3-catal%c3%a0-the-first-telescope-bearing-the-name-of-a-woman-in-spain-not-translated\\\/\"]}]},{\"@type\":\"ImageObject\",\"inLanguage\":\"es\",\"@id\":\"https:\\\/\\\/www.ieec.cat\\\/es\\\/telescope-assumpci%c3%b3-catal%c3%a0-the-first-telescope-bearing-the-name-of-a-woman-in-spain-not-translated\\\/#primaryimage\",\"url\":\"https:\\\/\\\/www.ieec.cat\\\/wp-content\\\/uploads\\\/2022\\\/12\\\/1543421888_0a69fde6761663ffdab8a02753f6db96_cou_natura_centres_i_organismes.jpg\",\"contentUrl\":\"https:\\\/\\\/www.ieec.cat\\\/wp-content\\\/uploads\\\/2022\\\/12\\\/1543421888_0a69fde6761663ffdab8a02753f6db96_cou_natura_centres_i_organismes.jpg\",\"width\":352,\"height\":312},{\"@type\":\"BreadcrumbList\",\"@id\":\"https:\\\/\\\/www.ieec.cat\\\/es\\\/telescope-assumpci%c3%b3-catal%c3%a0-the-first-telescope-bearing-the-name-of-a-woman-in-spain-not-translated\\\/#breadcrumb\",\"itemListElement\":[{\"@type\":\"ListItem\",\"position\":1,\"name\":\"Portada\",\"item\":\"https:\\\/\\\/www.ieec.cat\\\/es\\\/\"},{\"@type\":\"ListItem\",\"position\":2,\"name\":\"Telescope Assumpci\u00f3 Catal\u00e0: the first telescope bearing the name of a woman in Spain [NOT TRANSLATED]\"}]},{\"@type\":\"WebSite\",\"@id\":\"https:\\\/\\\/www.ieec.cat\\\/es\\\/#website\",\"url\":\"https:\\\/\\\/www.ieec.cat\\\/es\\\/\",\"name\":\"IEEC\",\"description\":\"Institut d&#039;Estudis Espacials de Catalunya\",\"potentialAction\":[{\"@type\":\"SearchAction\",\"target\":{\"@type\":\"EntryPoint\",\"urlTemplate\":\"https:\\\/\\\/www.ieec.cat\\\/es\\\/?s={search_term_string}\"},\"query-input\":{\"@type\":\"PropertyValueSpecification\",\"valueRequired\":true,\"valueName\":\"search_term_string\"}}],\"inLanguage\":\"es\"}]}<\/script>\n<!-- \/ Yoast SEO plugin. -->","yoast_head_json":{"title":"Telescope Assumpci\u00f3 Catal\u00e0: the first telescope bearing the name of a woman in Spain [NOT TRANSLATED] - IEEC","robots":{"index":"index","follow":"follow","max-snippet":"max-snippet:-1","max-image-preview":"max-image-preview:large","max-video-preview":"max-video-preview:-1"},"canonical":"https:\/\/www.ieec.cat\/es\/telescope-assumpci%c3%b3-catal%c3%a0-the-first-telescope-bearing-the-name-of-a-woman-in-spain-not-translated\/","og_locale":"es_ES","og_type":"article","og_title":"Telescope Assumpci\u00f3 Catal\u00e0: the first telescope bearing the name of a woman in Spain [NOT TRANSLATED] - IEEC","og_description":"Assumpci&oacute; Catal&agrave; was the first woman numerary professor astronomer at the Spanish university and the Classroom telescope of the Centre d&rsquo;Observaci&oacute; de l&rsquo;Univers at Montsec bears her name. Centre d&rsquo;Observaci&oacute; de l&rsquo;Univers, Montsec Next March 4th the baptism of the telescope bearing the name of Professor at the University of Barcelona Assumpci&oacute; Catal&agrave; will take [&hellip;]","og_url":"https:\/\/www.ieec.cat\/es\/telescope-assumpci%c3%b3-catal%c3%a0-the-first-telescope-bearing-the-name-of-a-woman-in-spain-not-translated\/","og_site_name":"IEEC","article_published_time":"2016-03-01T23:00:00+00:00","article_modified_time":"2022-12-22T22:08:56+00:00","og_image":[{"width":352,"height":312,"url":"https:\/\/www.ieec.cat\/wp-content\/uploads\/2022\/12\/1543421888_0a69fde6761663ffdab8a02753f6db96_cou_natura_centres_i_organismes.jpg","type":"image\/jpeg"}],"twitter_card":"summary_large_image","twitter_misc":{"Tiempo de lectura":"1 minuto"},"schema":{"@context":"https:\/\/schema.org","@graph":[{"@type":"Article","@id":"https:\/\/www.ieec.cat\/es\/telescope-assumpci%c3%b3-catal%c3%a0-the-first-telescope-bearing-the-name-of-a-woman-in-spain-not-translated\/#article","isPartOf":{"@id":"https:\/\/www.ieec.cat\/es\/telescope-assumpci%c3%b3-catal%c3%a0-the-first-telescope-bearing-the-name-of-a-woman-in-spain-not-translated\/"},"author":{"name":"","@id":""},"headline":"Telescope Assumpci\u00f3 Catal\u00e0: the first telescope bearing the name of a woman in Spain [NOT TRANSLATED]","datePublished":"2016-03-01T23:00:00+00:00","dateModified":"2022-12-22T22:08:56+00:00","mainEntityOfPage":{"@id":"https:\/\/www.ieec.cat\/es\/telescope-assumpci%c3%b3-catal%c3%a0-the-first-telescope-bearing-the-name-of-a-woman-in-spain-not-translated\/"},"wordCount":727,"image":{"@id":"https:\/\/www.ieec.cat\/es\/telescope-assumpci%c3%b3-catal%c3%a0-the-first-telescope-bearing-the-name-of-a-woman-in-spain-not-translated\/#primaryimage"},"thumbnailUrl":"https:\/\/www.ieec.cat\/wp-content\/uploads\/2022\/12\/1543421888_0a69fde6761663ffdab8a02753f6db96_cou_natura_centres_i_organismes.jpg","articleSection":["Montsec","Noticias","Tecnolog\u00eda"],"inLanguage":"es"},{"@type":"WebPage","@id":"https:\/\/www.ieec.cat\/es\/telescope-assumpci%c3%b3-catal%c3%a0-the-first-telescope-bearing-the-name-of-a-woman-in-spain-not-translated\/","url":"https:\/\/www.ieec.cat\/es\/telescope-assumpci%c3%b3-catal%c3%a0-the-first-telescope-bearing-the-name-of-a-woman-in-spain-not-translated\/","name":"Telescope Assumpci\u00f3 Catal\u00e0: the first telescope bearing the name of a woman in Spain [NOT TRANSLATED] - IEEC","isPartOf":{"@id":"https:\/\/www.ieec.cat\/es\/#website"},"primaryImageOfPage":{"@id":"https:\/\/www.ieec.cat\/es\/telescope-assumpci%c3%b3-catal%c3%a0-the-first-telescope-bearing-the-name-of-a-woman-in-spain-not-translated\/#primaryimage"},"image":{"@id":"https:\/\/www.ieec.cat\/es\/telescope-assumpci%c3%b3-catal%c3%a0-the-first-telescope-bearing-the-name-of-a-woman-in-spain-not-translated\/#primaryimage"},"thumbnailUrl":"https:\/\/www.ieec.cat\/wp-content\/uploads\/2022\/12\/1543421888_0a69fde6761663ffdab8a02753f6db96_cou_natura_centres_i_organismes.jpg","datePublished":"2016-03-01T23:00:00+00:00","dateModified":"2022-12-22T22:08:56+00:00","author":{"@id":""},"breadcrumb":{"@id":"https:\/\/www.ieec.cat\/es\/telescope-assumpci%c3%b3-catal%c3%a0-the-first-telescope-bearing-the-name-of-a-woman-in-spain-not-translated\/#breadcrumb"},"inLanguage":"es","potentialAction":[{"@type":"ReadAction","target":["https:\/\/www.ieec.cat\/es\/telescope-assumpci%c3%b3-catal%c3%a0-the-first-telescope-bearing-the-name-of-a-woman-in-spain-not-translated\/"]}]},{"@type":"ImageObject","inLanguage":"es","@id":"https:\/\/www.ieec.cat\/es\/telescope-assumpci%c3%b3-catal%c3%a0-the-first-telescope-bearing-the-name-of-a-woman-in-spain-not-translated\/#primaryimage","url":"https:\/\/www.ieec.cat\/wp-content\/uploads\/2022\/12\/1543421888_0a69fde6761663ffdab8a02753f6db96_cou_natura_centres_i_organismes.jpg","contentUrl":"https:\/\/www.ieec.cat\/wp-content\/uploads\/2022\/12\/1543421888_0a69fde6761663ffdab8a02753f6db96_cou_natura_centres_i_organismes.jpg","width":352,"height":312},{"@type":"BreadcrumbList","@id":"https:\/\/www.ieec.cat\/es\/telescope-assumpci%c3%b3-catal%c3%a0-the-first-telescope-bearing-the-name-of-a-woman-in-spain-not-translated\/#breadcrumb","itemListElement":[{"@type":"ListItem","position":1,"name":"Portada","item":"https:\/\/www.ieec.cat\/es\/"},{"@type":"ListItem","position":2,"name":"Telescope Assumpci\u00f3 Catal\u00e0: the first telescope bearing the name of a woman in Spain [NOT TRANSLATED]"}]},{"@type":"WebSite","@id":"https:\/\/www.ieec.cat\/es\/#website","url":"https:\/\/www.ieec.cat\/es\/","name":"IEEC","description":"Institut d&#039;Estudis Espacials de Catalunya","potentialAction":[{"@type":"SearchAction","target":{"@type":"EntryPoint","urlTemplate":"https:\/\/www.ieec.cat\/es\/?s={search_term_string}"},"query-input":{"@type":"PropertyValueSpecification","valueRequired":true,"valueName":"search_term_string"}}],"inLanguage":"es"}]}},"_links":{"self":[{"href":"https:\/\/www.ieec.cat\/es\/wp-json\/wp\/v2\/posts\/3980","targetHints":{"allow":["GET"]}}],"collection":[{"href":"https:\/\/www.ieec.cat\/es\/wp-json\/wp\/v2\/posts"}],"about":[{"href":"https:\/\/www.ieec.cat\/es\/wp-json\/wp\/v2\/types\/post"}],"replies":[{"embeddable":true,"href":"https:\/\/www.ieec.cat\/es\/wp-json\/wp\/v2\/comments?post=3980"}],"version-history":[{"count":1,"href":"https:\/\/www.ieec.cat\/es\/wp-json\/wp\/v2\/posts\/3980\/revisions"}],"predecessor-version":[{"id":10053,"href":"https:\/\/www.ieec.cat\/es\/wp-json\/wp\/v2\/posts\/3980\/revisions\/10053"}],"wp:featuredmedia":[{"embeddable":true,"href":"https:\/\/www.ieec.cat\/es\/wp-json\/wp\/v2\/media\/3975"}],"wp:attachment":[{"href":"https:\/\/www.ieec.cat\/es\/wp-json\/wp\/v2\/media?parent=3980"}],"wp:term":[{"taxonomy":"category","embeddable":true,"href":"https:\/\/www.ieec.cat\/es\/wp-json\/wp\/v2\/categories?post=3980"},{"taxonomy":"post_tag","embeddable":true,"href":"https:\/\/www.ieec.cat\/es\/wp-json\/wp\/v2\/tags?post=3980"}],"curies":[{"name":"wp","href":"https:\/\/api.w.org\/{rel}","templated":true}]}}