{"id":40440,"date":"2025-10-21T14:00:52","date_gmt":"2025-10-21T12:00:52","guid":{"rendered":"https:\/\/www.ieec.cat\/?p=40440"},"modified":"2025-10-31T16:07:49","modified_gmt":"2025-10-31T15:07:49","slug":"la-primera-luz-del-telescopio-4most-inicia-la-observacion-de-77-000-estrellas-binarias","status":"publish","type":"post","link":"https:\/\/www.ieec.cat\/es\/la-primera-luz-del-telescopio-4most-inicia-la-observacion-de-77-000-estrellas-binarias\/","title":{"rendered":"La primera luz del telescopio 4MOST inicia la observaci\u00f3n de 77.000 estrellas binarias"},"content":{"rendered":"<p>[et_pb_section fb_built=\u00bb1&#8243; admin_label=\u00bbSection\u00bb _builder_version=\u00bb4.16&#8243; _module_preset=\u00bbdefault\u00bb background_image=\u00bbhttps:\/\/www.ieec.cat\/wp-content\/uploads\/2022\/02\/slider-comunicacio.jpg\u00bb max_height=\u00bb130px\u00bb custom_padding=\u00bb0px||0px||false|false\u00bb da_disable_devices=\u00bboff|off|off\u00bb global_colors_info=\u00bb{}\u00bb da_is_popup=\u00bboff\u00bb da_exit_intent=\u00bboff\u00bb da_has_close=\u00bbon\u00bb da_alt_close=\u00bboff\u00bb da_dark_close=\u00bboff\u00bb da_not_modal=\u00bbon\u00bb da_is_singular=\u00bboff\u00bb da_with_loader=\u00bboff\u00bb da_has_shadow=\u00bbon\u00bb][\/et_pb_section][et_pb_section fb_built=\u00bb1&#8243; admin_label=\u00bbSection\u00bb _builder_version=\u00bb4.16&#8243; _module_preset=\u00bbdefault\u00bb custom_padding=\u00bb24px||11px|||\u00bb da_disable_devices=\u00bboff|off|off\u00bb global_colors_info=\u00bb{}\u00bb da_is_popup=\u00bboff\u00bb da_exit_intent=\u00bboff\u00bb da_has_close=\u00bbon\u00bb da_alt_close=\u00bboff\u00bb da_dark_close=\u00bboff\u00bb da_not_modal=\u00bbon\u00bb da_is_singular=\u00bboff\u00bb da_with_loader=\u00bboff\u00bb da_has_shadow=\u00bbon\u00bb][et_pb_row _builder_version=\u00bb4.16&#8243; _module_preset=\u00bbdefault\u00bb custom_padding=\u00bb||||false|false\u00bb global_colors_info=\u00bb{}\u00bb][et_pb_column type=\u00bb4_4&#8243; _builder_version=\u00bb4.16&#8243; _module_preset=\u00bbdefault\u00bb global_colors_info=\u00bb{}\u00bb][et_pb_text admin_label=\u00bbUnitats de recerca\u00bb module_class=\u00bbieec-orgs\u00bb _builder_version=\u00bb4.27.4&#8243; _dynamic_attributes=\u00bbcontent\u00bb _module_preset=\u00bbdefault\u00bb text_font=\u00bb|700||on|||||\u00bb text_font_size=\u00bb16px\u00bb header_font=\u00bb|700|||||||\u00bb custom_margin=\u00bb||10px||false|false\u00bb header_font_size_tablet=\u00bb28px\u00bb header_font_size_phone=\u00bb26px\u00bb header_font_size_last_edited=\u00bbon|phone\u00bb global_colors_info=\u00bb{}\u00bb]@ET-DC@eyJkeW5hbWljIjp0cnVlLCJjb250ZW50IjoiY3VzdG9tX21ldGFfb3JnYW5pemFjaW9uZXMiLCJzZXR0aW5ncyI6eyJiZWZvcmUiOiIiLCJhZnRlciI6IiIsImVuYWJsZV9odG1sIjoib2ZmIn19@[\/et_pb_text][et_pb_post_title author=\u00bboff\u00bb categories=\u00bboff\u00bb comments=\u00bboff\u00bb featured_image=\u00bboff\u00bb admin_label=\u00bbT\u00edtol i data\u00bb module_class=\u00bbieec-title\u00bb _builder_version=\u00bb4.27.4&#8243; _module_preset=\u00bbdefault\u00bb title_font=\u00bbCairo|300|||||||\u00bb title_font_size=\u00bb40px\u00bb meta_font=\u00bb||on||||||\u00bb meta_font_size=\u00bb16px\u00bb title_font_size_tablet=\u00bb35px\u00bb title_font_size_phone=\u00bb30px\u00bb title_font_size_last_edited=\u00bbon|desktop\u00bb global_colors_info=\u00bb{}\u00bb][\/et_pb_post_title][et_pb_text admin_label=\u00bbSubt\u00edtols\u00bb module_class=\u00bbieec-summary\u00bb _builder_version=\u00bb4.27.4&#8243; _module_preset=\u00bbdefault\u00bb text_font=\u00bbSource Sans Pro||on||||||\u00bb text_font_size=\u00bb24px\u00bb text_line_height=\u00bb1.1em\u00bb text_font_size_tablet=\u00bb22px\u00bb text_font_size_phone=\u00bb20px\u00bb text_font_size_last_edited=\u00bbon|phone\u00bb global_colors_info=\u00bb{}\u00bb]<\/p>\n<ul>\n<li>Situado en el Observatorio Europeo Austral de Chile, el telescopio obtuvo la primera luz el 18 de octubre, un hito que marca el inicio de los programas cient\u00edficos de todo el mundo<\/li>\n<li>Alberto Rebassa, investigador de la Universitat Polit\u00e8cnica de Catalunya (UPC) y miembro del IEEC, y Odette Toloza, investigadora de la Universidad T\u00e9cnica Federico Santa Mar\u00eda (USM) de Chile, lideran un equipo internacional que estudiar\u00e1 los espectros de estos astros<\/li>\n<li>Los campos de investigaci\u00f3n de 4MOST incluyen el origen de los elementos qu\u00edmicos y la formaci\u00f3n de las primeras estrellas, el crecimiento de la V\u00eda L\u00e1ctea, la formaci\u00f3n y evoluci\u00f3n de galaxias y agujeros negros, la composici\u00f3n de la materia oscura y la naturaleza de la energ\u00eda oscura<\/li>\n<\/ul>\n<p>[\/et_pb_text][\/et_pb_column][\/et_pb_row][et_pb_row column_structure=\u00bb1_2,1_2&#8243; _builder_version=\u00bb4.16&#8243; _module_preset=\u00bbdefault\u00bb global_colors_info=\u00bb{}\u00bb][et_pb_column type=\u00bb1_2&#8243; _builder_version=\u00bb4.16&#8243; _module_preset=\u00bbdefault\u00bb global_colors_info=\u00bb{}\u00bb][et_pb_post_title title=\u00bboff\u00bb meta=\u00bboff\u00bb module_class=\u00bbieec-img-container\u00bb _builder_version=\u00bb4.27.2&#8243; _module_preset=\u00bbdefault\u00bb custom_margin=\u00bb||0px||false|false\u00bb border_width_top=\u00bb10px\u00bb border_color_top=\u00bb#406fda\u00bb global_colors_info=\u00bb{}\u00bb][\/et_pb_post_title][et_pb_text module_class=\u00bbieec-img-footer\u00bb _builder_version=\u00bb4.27.4&#8243; _module_preset=\u00bbdefault\u00bb text_font=\u00bb||||||||\u00bb text_font_size=\u00bb15px\u00bb text_line_height=\u00bb1.1em\u00bb background_color=\u00bbrgba(64,111,218,0.15)\u00bb custom_margin=\u00bb0px||||false|false\u00bb custom_padding=\u00bb30px|20px|30px|20px|true|true\u00bb global_colors_info=\u00bb{}\u00bb]<\/p>\n<p>Esta imagen muestra el campo de visi\u00f3n hexagonal de 4MOST y los numerosos objetos (marcados con puntos de distintos colores seg\u00fan su tipo) que ha analizado en sus primeras observaciones. 4MOST ha recogido un espectro para cada uno de estos objetos individuales, lo que permite estudiar sus propiedades, como la composici\u00f3n qu\u00edmica o la temperatura. <span style=\"font-weight: 400;\"><strong>AIP, Fondo: Harshwardhan Pathak\/Telescope Live<\/strong><\/span><\/p>\n<p>[\/et_pb_text][\/et_pb_column][et_pb_column type=\u00bb1_2&#8243; _builder_version=\u00bb4.16&#8243; _module_preset=\u00bbdefault\u00bb global_colors_info=\u00bb{}\u00bb][et_pb_text _builder_version=\u00bb4.27.4&#8243; _module_preset=\u00bbdefault\u00bb link_font=\u00bb|700|||on||||\u00bb hover_enabled=\u00bb0&#8243; global_colors_info=\u00bb{}\u00bb sticky_enabled=\u00bb0&#8243;]<\/p>\n<p><span style=\"font-weight: 400;\">La primera luz obtenida el 18 de octubre por el Telescopio Espectrosc\u00f3pico Multiobjeto de 4 metros (<\/span><a href=\"https:\/\/www.4most.eu\/\" target=\"_blank\" rel=\"noopener\"><span style=\"font-weight: 400;\">4MOST<\/span><\/a><span style=\"font-weight: 400;\">, por sus siglas en ingl\u00e9s) marca el inicio de la trayectoria cient\u00edfica de este instrumento, instalado en el telescopio VISTA (<\/span><i><span style=\"font-weight: 400;\">Visible and Infrared Survey Telescope for Astronomy<\/span><\/i><span style=\"font-weight: 400;\">) del Observatorio Europeo Austral, ubicado en Cerro Paranal, Chile.<\/span><\/p>\n<p><span style=\"font-weight: 400;\">Un equipo de la <\/span><a href=\"https:\/\/www.upc.edu\/es\" target=\"_blank\" rel=\"noopener\"><span style=\"font-weight: 400;\">Universitat Polit\u00e8cnica de Catalunya &#8211; BarcelonaTech<\/span><\/a><span style=\"font-weight: 400;\"> (UPC), con miembros del <\/span><a href=\"https:\/\/www.ieec.cat\/\"><span style=\"font-weight: 400;\">Institut d\u2019Estudis Espacials de Catalunya<\/span><\/a><span style=\"font-weight: 400;\"> (IEEC), liderar\u00e1 junto con la <\/span><a href=\"https:\/\/usm.cl\/\" target=\"_blank\" rel=\"noopener\"><span style=\"font-weight: 400;\">Universidad T\u00e9cnica Federico Santa Mar\u00eda<\/span><\/a><span style=\"font-weight: 400;\"> (USM) de Chile una investigaci\u00f3n que analizar\u00e1 los espectros de 77.000 estrellas binarias.<\/span><\/p>\n<p>Una estrella binaria es un sistema formado por<b> dos estrellas f\u00edsicamente unidas que orbitan una alrededor de la otra.<\/b><span style=\"font-weight: 400;\"> Entre estos sistemas, destacan aquellos formados por una estrella tipo solar y un enano blanco, el arquetipo m\u00e1s com\u00fan de un remanente estelar, es decir, lo que queda al final de la vida de una estrella. <\/span><\/p>\n<p>[\/et_pb_text][\/et_pb_column][\/et_pb_row][et_pb_row _builder_version=\u00bb4.16&#8243; _module_preset=\u00bbdefault\u00bb global_colors_info=\u00bb{}\u00bb][et_pb_column type=\u00bb4_4&#8243; _builder_version=\u00bb4.16&#8243; _module_preset=\u00bbdefault\u00bb global_colors_info=\u00bb{}\u00bb][et_pb_text _builder_version=\u00bb4.27.4&#8243; _module_preset=\u00bbdefault\u00bb link_font=\u00bb|700|||on||||\u00bb hover_enabled=\u00bb0&#8243; locked=\u00bboff\u00bb global_colors_info=\u00bb{}\u00bb sticky_enabled=\u00bb0&#8243;]<\/p>\n<p><span style=\"font-weight: 400;\">Actualmente, solo existen unos pocos miles de espectros de este tipo de binarias, que ofrecen informaci\u00f3n cient\u00edfica muy valiosa. <strong>Su estudio permite resolver inc\u00f3gnitas como la relaci\u00f3n entre edad y metalicidad de nuestra galaxia<\/strong> \u2014clave para entender c\u00f3mo se form\u00f3 y evolucion\u00f3 qu\u00edmicamente la V\u00eda L\u00e1ctea\u2014, la evoluci\u00f3n de estrellas binarias compactas y las propiedades f\u00edsicas y magn\u00e9ticas de estrellas similares al Sol.<\/span><\/p>\n<p><span style=\"font-weight: 400;\">Este ser\u00e1 el objetivo de la investigaci\u00f3n del equipo liderado por Alberto Rebassa, investigador del <\/span><a href=\"https:\/\/gaa.upc.edu\/en\" target=\"_blank\" rel=\"noopener\"><span style=\"font-weight: 400;\">Grupo de Astronom\u00eda y Astrof\u00edsica<\/span><\/a><span style=\"font-weight: 400;\">, profesor de la <\/span><a href=\"https:\/\/eetac.upc.edu\/es\" target=\"_blank\" rel=\"noopener\"><span style=\"font-weight: 400;\">Escuela de Ingenier\u00eda de Telecomunicaci\u00f3n y Aeroespacial de Castelldefels<\/span><\/a><span style=\"font-weight: 400;\"> (EETAC) de la UPC y miembro del IEEC, junto con Odette Toloza, investigadora de la USM.<\/span><\/p>\n<p><span style=\"font-weight: 400;\">Por parte de la UPC participan asimismo el investigador Santiago Torres (tambi\u00e9n del IEEC), los investigadores Roberto Raddi y Mar\u00eda Eugenia Camisassa, y los doctorandos Enrique Miguel Garc\u00eda Zamora y Aina Ferrer i Burjachs. El equipo se completa con una treintena de investigadores de 18 instituciones y universidades de Reino Unido, Alemania, Chile, China, Italia y Estados Unidos.<\/span><\/p>\n<p><span style=\"font-weight: 400;\">Seg\u00fan explica Alberto Rebassa: \u00abEs incre\u00edblemente emocionante ver c\u00f3mo 4MOST alcanza su primera luz. Mucha gente ha dedicado a\u00f1os de trabajo duro para llegar hasta aqu\u00ed, y es profundamente gratificante ver c\u00f3mo todo se une\u00bb. Y a\u00f1ade: \u00abEl alcance cient\u00edfico que permite 4MOST es realmente impresionante, y estoy seguro de que los datos impulsar\u00e1n una verdadera revoluci\u00f3n en astronom\u00eda. Personalmente, estoy impaciente por comenzar a recopilar espectros de nuestros objetivos favoritos y ver qu\u00e9 nuevos descubrimientos nos esperan\u00bb.<\/span><\/p>\n<p>[\/et_pb_text][\/et_pb_column][\/et_pb_row][et_pb_row _builder_version=\u00bb4.16&#8243; _module_preset=\u00bbdefault\u00bb global_colors_info=\u00bb{}\u00bb][et_pb_column type=\u00bb4_4&#8243; _builder_version=\u00bb4.16&#8243; _module_preset=\u00bbdefault\u00bb global_colors_info=\u00bb{}\u00bb][et_pb_text module_class=\u00bbsection-title\u00bb _builder_version=\u00bb4.27.4&#8243; _module_preset=\u00bbdefault\u00bb header_2_font=\u00bb|700|||||||\u00bb header_2_font_size=\u00bb25px\u00bb header_2_font_size_tablet=\u00bb23px\u00bb header_2_font_size_phone=\u00bb23px\u00bb header_2_font_size_last_edited=\u00bbon|phone\u00bb global_colors_info=\u00bb{}\u00bb]<\/p>\n<h2>Primera luz del telescopio 4MOST<\/h2>\n<p>[\/et_pb_text][et_pb_text _builder_version=\u00bb4.27.4&#8243; _module_preset=\u00bbdefault\u00bb link_font=\u00bb|700|||on||||\u00bb locked=\u00bboff\u00bb global_colors_info=\u00bb{}\u00bb]<\/p>\n<p><span style=\"font-weight: 400;\">En esta primera observaci\u00f3n, el instrumento ha analizado la luz de distintos objetos c\u00f3smicos, destacando la Galaxia del Escultor y el c\u00famulo globular NGC288, y ha recogido un espectro para cada uno de los objetos observados, lo que permitir\u00e1 estudiar sus propiedades, como la composici\u00f3n qu\u00edmica o la temperatura.<\/span><\/p>\n<p><b>El telescopio 4MOST es la instalaci\u00f3n de estudio espectrosc\u00f3pico multiobjeto m\u00e1s grande del hemisferio sur<\/b><span style=\"font-weight: 400;\">, \u00fanico por su combinaci\u00f3n de gran campo de visi\u00f3n, n\u00famero de objetos observados simult\u00e1neamente y cantidad de colores espectrales registrados al mismo tiempo. 4MOST puede analizar la luz de 2.400 objetos celestes simult\u00e1neamente en 18.000 componentes de color, lo que permite estudiar su composici\u00f3n y propiedades qu\u00edmicas detalladas.<\/span><\/p>\n<p>[\/et_pb_text][\/et_pb_column][\/et_pb_row][et_pb_row column_structure=\u00bb1_2,1_2&#8243; _builder_version=\u00bb4.16&#8243; _module_preset=\u00bbdefault\u00bb locked=\u00bboff\u00bb global_colors_info=\u00bb{}\u00bb][et_pb_column type=\u00bb1_2&#8243; _builder_version=\u00bb4.16&#8243; _module_preset=\u00bbdefault\u00bb global_colors_info=\u00bb{}\u00bb][et_pb_text _builder_version=\u00bb4.27.4&#8243; _module_preset=\u00bbdefault\u00bb link_font=\u00bb|700|||on||||\u00bb global_colors_info=\u00bb{}\u00bb]<\/p>\n<p><span style=\"font-weight: 400;\">Para lograrlo, 4MOST utiliza 2.438 fibras \u00f3pticas, cada una del tama\u00f1o de un cabello humano. La luz de cada fibra se transporta a los espectr\u00f3grafos, que descomponen la luz en sus diferentes colores. Su gran sistema de lentes de c\u00e1mara \u00f3ptica, de casi 1 m de di\u00e1metro, permite un campo de visi\u00f3n en el cielo de 2,5 grados, cinco veces el di\u00e1metro de la Luna, y uno de los mayores del mundo para un telescopio de este tipo.<\/span><\/p>\n<p><span style=\"font-weight: 400;\">Los <\/span><b>campos de investigaci\u00f3n de 4MOST incluyen el origen de los elementos qu\u00edmicos<\/b><span style=\"font-weight: 400;\"> y la <\/span><b>formaci\u00f3n de las primeras estrellas<\/b><span style=\"font-weight: 400;\">, el <\/span><b>crecimiento de la V\u00eda L\u00e1ctea <\/b><span style=\"font-weight: 400;\">a lo largo del tiempo c\u00f3smico, la <\/span><b>formaci\u00f3n y evoluci\u00f3n de galaxias y agujeros negros<\/b><span style=\"font-weight: 400;\">, la <\/span><b>composici\u00f3n de la materia oscura<\/b><span style=\"font-weight: 400;\">, que parece abarcar la mayor parte de la masa de las galaxias, y la <\/span><b>naturaleza de la energ\u00eda oscura<\/b><span style=\"font-weight: 400;\"> que impulsa la expansi\u00f3n acelerada del Universo. Analizando los colores detallados de miles de objetos cada 10-20 minutos, 4MOST crear\u00e1 un cat\u00e1logo de temperaturas, composiciones qu\u00edmicas, velocidades y otros par\u00e1metros f\u00edsicos de decenas de millones de objetos repartidos por todo el cielo austral.<\/span><\/p>\n<p><span style=\"font-weight: 400;\">Las instalaciones 4MOST est\u00e1n dise\u00f1adas, construidas y operadas cient\u00edficamente por un consorcio de 30 universidades e institutos de investigaci\u00f3n en Europa y Australia, bajo el liderazgo del Instituto Leibniz de Astrof\u00edsica de Potsdam (AIP). El desarrollo de 4MOST comenz\u00f3 en 2010 y est\u00e1 dise\u00f1ado para funcionar al menos durante los pr\u00f3ximos 15 a\u00f1os. En sus primeros cinco a\u00f1os de funcionamiento, 4MOST llevar\u00e1 a cabo 25 programas cient\u00edficos internacionales, entre los cuales se seleccion\u00f3 el proyecto liderado por el profesor Alberto Rebassa.<\/span><\/p>\n<p>[\/et_pb_text][\/et_pb_column][et_pb_column type=\u00bb1_2&#8243; _builder_version=\u00bb4.16&#8243; _module_preset=\u00bbdefault\u00bb global_colors_info=\u00bb{}\u00bb][et_pb_image src=\u00bbhttps:\/\/www.ieec.cat\/wp-content\/uploads\/2025\/10\/2-VISTA_mountain-top-5-4_r.jpg\u00bb _builder_version=\u00bb4.27.4&#8243; _module_preset=\u00bbdefault\u00bb custom_margin=\u00bb||2px|||\u00bb global_colors_info=\u00bb{}\u00bb][\/et_pb_image][et_pb_text module_class=\u00bbieec-img-footer\u00bb _builder_version=\u00bb4.27.4&#8243; _module_preset=\u00bbdefault\u00bb text_font=\u00bb||||||||\u00bb text_font_size=\u00bb15px\u00bb text_line_height=\u00bb1.1em\u00bb background_color=\u00bbrgba(64,111,218,0.15)\u00bb custom_margin=\u00bb0px||||false|false\u00bb custom_padding=\u00bb30px|20px|30px|20px|true|true\u00bb global_colors_info=\u00bb{}\u00bb]<\/p>\n<p>El telescopio VISTA, situado en el Observatorio de Paranal, en el desierto de Atacama, uno de los mejores lugares del mundo para la astronom\u00eda. <strong>ESO\/B. Tafreshi (twanight.org)<\/strong><\/p>\n<p>[\/et_pb_text][\/et_pb_column][\/et_pb_row][et_pb_row _builder_version=\u00bb4.16&#8243; _module_preset=\u00bbdefault\u00bb custom_margin=\u00bb||||false|false\u00bb locked=\u00bboff\u00bb global_colors_info=\u00bb{}\u00bb][et_pb_column type=\u00bb4_4&#8243; _builder_version=\u00bb4.16&#8243; _module_preset=\u00bbdefault\u00bb global_colors_info=\u00bb{}\u00bb][et_pb_divider color=\u00bb#406fda\u00bb _builder_version=\u00bb4.16&#8243; _module_preset=\u00bbdefault\u00bb custom_margin=\u00bb||10px||false|false\u00bb global_colors_info=\u00bb{}\u00bb][\/et_pb_divider][et_pb_text admin_label=\u00bbEnlla\u00e7os\u00bb module_class=\u00bbieec-sub-title\u00bb _builder_version=\u00bb4.27.4&#8243; _module_preset=\u00bbdefault\u00bb text_font=\u00bbCairo|700|||||||\u00bb text_text_color=\u00bb#406fda\u00bb text_font_size=\u00bb20px\u00bb custom_margin=\u00bb||10px||false|false\u00bb global_colors_info=\u00bb{}\u00bb]<\/p>\n<p>Enlaces<\/p>\n<p>[\/et_pb_text][et_pb_text module_class=\u00bbieec-sub-text\u00bb _builder_version=\u00bb4.27.4&#8243; _module_preset=\u00bbdefault\u00bb text_font_size=\u00bb16px\u00bb text_line_height=\u00bb1.1em\u00bb link_font=\u00bb|700|||on|||#1a1140|\u00bb link_text_color=\u00bb#1a1140&#8243; link_line_height=\u00bb1.4em\u00bb custom_margin=\u00bb20px||||false|false\u00bb global_colors_info=\u00bb{}\u00bb]<\/p>\n<ul>\n<li><a href=\"http:\/\/www.ieec.cat\/\"><span style=\"font-weight: 400;\">IEEC<\/span><\/a><a href=\"https:\/\/www.ieec.cat\/\"><\/a><\/li>\n<li><a href=\"https:\/\/www.upc.edu\/ca\" target=\"_blank\" rel=\"noopener\"><span style=\"font-weight: 400;\">UPC<\/span><\/a><\/li>\n<li><a href=\"https:\/\/www.4most.eu\/\" target=\"_blank\" rel=\"noopener\"><span style=\"font-weight: 400;\">4MOST<\/span><\/a><\/li>\n<\/ul>\n<p>[\/et_pb_text][\/et_pb_column][\/et_pb_row][et_pb_row _builder_version=\u00bb4.16&#8243; _module_preset=\u00bbdefault\u00bb custom_margin=\u00bb||||false|false\u00bb locked=\u00bboff\u00bb global_colors_info=\u00bb{}\u00bb][et_pb_column type=\u00bb4_4&#8243; _builder_version=\u00bb4.16&#8243; _module_preset=\u00bbdefault\u00bb global_colors_info=\u00bb{}\u00bb][et_pb_divider color=\u00bb#406fda\u00bb _builder_version=\u00bb4.16&#8243; _module_preset=\u00bbdefault\u00bb custom_margin=\u00bb||10px||false|false\u00bb global_colors_info=\u00bb{}\u00bb][\/et_pb_divider][et_pb_text admin_label=\u00bbContactes\u00bb module_class=\u00bbieec-sub-title\u00bb _builder_version=\u00bb4.27.4&#8243; _module_preset=\u00bbdefault\u00bb text_font=\u00bbCairo|700|||||||\u00bb text_text_color=\u00bb#406fda\u00bb text_font_size=\u00bb20px\u00bb custom_margin=\u00bb||10px||false|false\u00bb global_colors_info=\u00bb{}\u00bb]<\/p>\n<p>Contactos<\/p>\n<p>[\/et_pb_text][\/et_pb_column][\/et_pb_row][et_pb_row column_structure=\u00bb2_5,3_5&#8243; admin_label=\u00bbRow\u00bb _builder_version=\u00bb4.16&#8243; _module_preset=\u00bbdefault\u00bb custom_margin=\u00bb0px||||false|false\u00bb custom_padding=\u00bb0px||||false|false\u00bb global_colors_info=\u00bb{}\u00bb][et_pb_column type=\u00bb2_5&#8243; _builder_version=\u00bb4.16&#8243; _module_preset=\u00bbdefault\u00bb custom_padding=\u00bb|||20px|false|false\u00bb border_width_left=\u00bb1px\u00bb border_color_left=\u00bb#406fda\u00bb global_colors_info=\u00bb{}\u00bb][et_pb_text _builder_version=\u00bb4.16&#8243; _module_preset=\u00bbdefault\u00bb text_font_size=\u00bb16px\u00bb text_line_height=\u00bb1.1em\u00bb link_font=\u00bb|700|||on|||#1a1140|\u00bb link_text_color=\u00bb#1a1140&#8243; link_line_height=\u00bb1.4em\u00bb header_4_font=\u00bb|700|||||||\u00bb header_4_text_color=\u00bb#1a1140&#8243; custom_margin=\u00bb||||false|false\u00bb locked=\u00bboff\u00bb global_colors_info=\u00bb{}\u00bb]<\/p>\n<h4>Oficina de Comunicaci\u00f3n del IEEC<\/h4>\n<p>Castelldefels, Barcelona<br \/>Correo electr\u00f3nico: <a href=\"mailto:comunicacio@ieec.cat\">comunicacio@ieec.cat<\/a><\/p>\n<p>[\/et_pb_text][\/et_pb_column][et_pb_column type=\u00bb3_5&#8243; _builder_version=\u00bb4.16&#8243; _module_preset=\u00bbdefault\u00bb custom_padding=\u00bb|||20px|false|false\u00bb border_width_left=\u00bb1px\u00bb border_color_left=\u00bb#406fda\u00bb global_colors_info=\u00bb{}\u00bb][et_pb_text _builder_version=\u00bb4.27.4&#8243; _module_preset=\u00bbdefault\u00bb text_font_size=\u00bb16px\u00bb text_line_height=\u00bb1em\u00bb link_font=\u00bb|700|||on||||\u00bb link_text_color=\u00bb#1a1140&#8243; header_4_font=\u00bb|700|||||||\u00bb header_4_text_color=\u00bb#1a1140&#8243; global_colors_info=\u00bb{}\u00bb]<\/p>\n<h4>Autor Principal en el IEEC<\/h4>\n<h4>Alberto Rebassa<\/h4>\n<p>Institut d\u2019Estudis Espacials de Catalunya (IEEC)<br \/>Universitat Polit\u00e8cnica de Catalunya (UPC)<br \/>Correo electr\u00f3nico: <a href=\"mailto:rebassa@ieec.cat\">rebassa@ieec.cat<\/a><\/p>\n<p>[\/et_pb_text][\/et_pb_column][\/et_pb_row][et_pb_row module_id=\u00bbieec-about\u00bb module_class=\u00bbieec-about\u00bb _builder_version=\u00bb4.27.4&#8243; _module_preset=\u00bbdefault\u00bb background_color=\u00bbrgba(64,111,218,0.15)\u00bb global_module=\u00bb17324&#8243; global_colors_info=\u00bb{}\u00bb][et_pb_column type=\u00bb4_4&#8243; _builder_version=\u00bb4.16&#8243; _module_preset=\u00bbdefault\u00bb custom_padding=\u00bb20px|50px|20px|50px|true|true\u00bb global_colors_info=\u00bb{}\u00bb][et_pb_text admin_label=\u00bbSobre l&#8217;IEEC\u00bb _builder_version=\u00bb4.16&#8243; _module_preset=\u00bbdefault\u00bb header_2_font=\u00bb|700|||||||\u00bb header_2_font_size=\u00bb25px\u00bb custom_margin=\u00bb||10px||false|false\u00bb header_2_font_size_tablet=\u00bb23px\u00bb header_2_font_size_phone=\u00bb23px\u00bb header_2_font_size_last_edited=\u00bbon|phone\u00bb locked=\u00bboff\u00bb global_colors_info=\u00bb{}\u00bb]<\/p>\n<h2>Sobre el IEEC<\/h2>\n<p>[\/et_pb_text][et_pb_text _builder_version=\u00bb4.16&#8243; _module_preset=\u00bbdefault\u00bb text_font=\u00bb||on||||||\u00bb link_font=\u00bb|700|||on||||\u00bb locked=\u00bboff\u00bb global_colors_info=\u00bb{}\u00bb]<\/p>\n<p>El Institut d\u2019Estudis Espacials de Catalunya (IEEC) promueve y coordina la investigaci\u00f3n y el desarrollo tecnol\u00f3gico espacial en Catalu\u00f1a en beneficio de la sociedad. El IEEC fomenta las colaboraciones tanto a nivel local como mundial, y es un eficiente agente de transferencia de conocimiento, innovaci\u00f3n y tecnolog\u00eda. Como resultado de m\u00e1s de 25 a\u00f1os de investigaci\u00f3n de alta calidad, llevada a cabo en colaboraci\u00f3n con las principales organizaciones internacionales, el IEEC se encuentra entre los mejores centros de investigaci\u00f3n internacionales, centrados en \u00e1reas como: astrof\u00edsica, cosmolog\u00eda, ciencias planetarias y observaci\u00f3n de la Tierra. La divisi\u00f3n de ingenier\u00eda del IEEC desarrolla instrumentaci\u00f3n para proyectos terrestres y espaciales, y tiene una amplia experiencia trabajando con organizaciones privadas y p\u00fablicas del sector aeroespacial y otros sectores de innovaci\u00f3n.<\/p>\n<p>El IEEC es una fundaci\u00f3n del sector p\u00fablico sin \u00e1nimo de lucro, fundada en febrero de 1996. Est\u00e1 regida por un Patronato compuesto por la Generalitat de Catalunya,  la Universitat de Barcelona (UB), la Universitat Aut\u00f2noma de Barcelona (UAB), la Universitat Polit\u00e8cnica de Catalunya \u00b7 BarcelonaTech (UPC), y el Consejo Superior de Investigaciones Cient\u00edficas (CSIC). El IEEC es tambi\u00e9n un centro CERCA (Centres de Recerca de Catalunya).<\/p>\n<p>[\/et_pb_text][\/et_pb_column][\/et_pb_row][\/et_pb_section]<\/p>\n","protected":false},"excerpt":{"rendered":"<p>Alberto Rebassa, investigador de la Universitat Polit\u00e8cnica de Catalunya (UPC) y miembro del IEEC, colidera un equipo internacional que estudiar\u00e1 los espectros de estos astros.<\/p>\n","protected":false},"author":5,"featured_media":40428,"comment_status":"closed","ping_status":"closed","sticky":false,"template":"","format":"standard","meta":{"_et_pb_use_builder":"on","_et_pb_old_content":"","_et_gb_content_width":"","footnotes":""},"categories":[99,75],"tags":[],"class_list":["post-40440","post","type-post","status-publish","format-standard","has-post-thumbnail","hentry","category-ciencia-noticias","category-noticias"],"yoast_head":"<!-- This site is optimized with the Yoast SEO plugin v27.4 - https:\/\/yoast.com\/product\/yoast-seo-wordpress\/ -->\n<title>La primera luz del telescopio 4MOST inicia la observaci\u00f3n de 77.000 estrellas binarias - IEEC<\/title>\n<meta name=\"description\" content=\"Alberto Rebassa, investigador de la Universitat Polit\u00e8cnica de Catalunya (UPC) y miembro del IEEC, colidera un equipo internacional que estudiar\u00e1 los espectros de estos astros.\" \/>\n<meta name=\"robots\" content=\"index, follow, max-snippet:-1, max-image-preview:large, max-video-preview:-1\" \/>\n<link rel=\"canonical\" href=\"https:\/\/www.ieec.cat\/es\/la-primera-luz-del-telescopio-4most-inicia-la-observacion-de-77-000-estrellas-binarias\/\" \/>\n<meta property=\"og:locale\" content=\"es_ES\" \/>\n<meta property=\"og:type\" content=\"article\" \/>\n<meta property=\"og:title\" content=\"La primera luz del telescopio 4MOST inicia la observaci\u00f3n de 77.000 estrellas binarias - IEEC\" \/>\n<meta property=\"og:description\" content=\"Alberto Rebassa, investigador de la Universitat Polit\u00e8cnica de Catalunya (UPC) y miembro del IEEC, colidera un equipo internacional que estudiar\u00e1 los espectros de estos astros.\" \/>\n<meta property=\"og:url\" content=\"https:\/\/www.ieec.cat\/es\/la-primera-luz-del-telescopio-4most-inicia-la-observacion-de-77-000-estrellas-binarias\/\" \/>\n<meta property=\"og:site_name\" content=\"IEEC\" \/>\n<meta property=\"article:published_time\" content=\"2025-10-21T12:00:52+00:00\" \/>\n<meta property=\"article:modified_time\" content=\"2025-10-31T15:07:49+00:00\" \/>\n<meta property=\"og:image\" content=\"https:\/\/www.ieec.cat\/wp-content\/uploads\/2025\/10\/1-4MOST_first-light-field-of-view_r.jpg\" \/>\n\t<meta property=\"og:image:width\" content=\"1200\" \/>\n\t<meta property=\"og:image:height\" content=\"851\" \/>\n\t<meta property=\"og:image:type\" content=\"image\/jpeg\" \/>\n<meta name=\"author\" content=\"Francisco Panyos\" \/>\n<meta name=\"twitter:card\" content=\"summary_large_image\" \/>\n<meta name=\"twitter:label1\" content=\"Escrito por\" \/>\n\t<meta name=\"twitter:data1\" content=\"Francisco Panyos\" \/>\n\t<meta name=\"twitter:label2\" content=\"Tiempo de lectura\" \/>\n\t<meta name=\"twitter:data2\" content=\"13 minutos\" \/>\n<script type=\"application\/ld+json\" class=\"yoast-schema-graph\">{\"@context\":\"https:\\\/\\\/schema.org\",\"@graph\":[{\"@type\":\"Article\",\"@id\":\"https:\\\/\\\/www.ieec.cat\\\/es\\\/la-primera-luz-del-telescopio-4most-inicia-la-observacion-de-77-000-estrellas-binarias\\\/#article\",\"isPartOf\":{\"@id\":\"https:\\\/\\\/www.ieec.cat\\\/es\\\/la-primera-luz-del-telescopio-4most-inicia-la-observacion-de-77-000-estrellas-binarias\\\/\"},\"author\":{\"name\":\"Francisco Panyos\",\"@id\":\"https:\\\/\\\/www.ieec.cat\\\/es\\\/#\\\/schema\\\/person\\\/66f3943e2fdb094349ad344043ede870\"},\"headline\":\"La primera luz del telescopio 4MOST inicia la observaci\u00f3n de 77.000 estrellas binarias\",\"datePublished\":\"2025-10-21T12:00:52+00:00\",\"dateModified\":\"2025-10-31T15:07:49+00:00\",\"mainEntityOfPage\":{\"@id\":\"https:\\\/\\\/www.ieec.cat\\\/es\\\/la-primera-luz-del-telescopio-4most-inicia-la-observacion-de-77-000-estrellas-binarias\\\/\"},\"wordCount\":2660,\"image\":{\"@id\":\"https:\\\/\\\/www.ieec.cat\\\/es\\\/la-primera-luz-del-telescopio-4most-inicia-la-observacion-de-77-000-estrellas-binarias\\\/#primaryimage\"},\"thumbnailUrl\":\"https:\\\/\\\/www.ieec.cat\\\/wp-content\\\/uploads\\\/2025\\\/10\\\/1-4MOST_first-light-field-of-view_r.jpg\",\"articleSection\":[\"Ciencia\",\"Noticias\"],\"inLanguage\":\"es\"},{\"@type\":\"WebPage\",\"@id\":\"https:\\\/\\\/www.ieec.cat\\\/es\\\/la-primera-luz-del-telescopio-4most-inicia-la-observacion-de-77-000-estrellas-binarias\\\/\",\"url\":\"https:\\\/\\\/www.ieec.cat\\\/es\\\/la-primera-luz-del-telescopio-4most-inicia-la-observacion-de-77-000-estrellas-binarias\\\/\",\"name\":\"La primera luz del telescopio 4MOST inicia la observaci\u00f3n de 77.000 estrellas binarias - IEEC\",\"isPartOf\":{\"@id\":\"https:\\\/\\\/www.ieec.cat\\\/es\\\/#website\"},\"primaryImageOfPage\":{\"@id\":\"https:\\\/\\\/www.ieec.cat\\\/es\\\/la-primera-luz-del-telescopio-4most-inicia-la-observacion-de-77-000-estrellas-binarias\\\/#primaryimage\"},\"image\":{\"@id\":\"https:\\\/\\\/www.ieec.cat\\\/es\\\/la-primera-luz-del-telescopio-4most-inicia-la-observacion-de-77-000-estrellas-binarias\\\/#primaryimage\"},\"thumbnailUrl\":\"https:\\\/\\\/www.ieec.cat\\\/wp-content\\\/uploads\\\/2025\\\/10\\\/1-4MOST_first-light-field-of-view_r.jpg\",\"datePublished\":\"2025-10-21T12:00:52+00:00\",\"dateModified\":\"2025-10-31T15:07:49+00:00\",\"author\":{\"@id\":\"https:\\\/\\\/www.ieec.cat\\\/es\\\/#\\\/schema\\\/person\\\/66f3943e2fdb094349ad344043ede870\"},\"description\":\"Alberto Rebassa, investigador de la Universitat Polit\u00e8cnica de Catalunya (UPC) y miembro del IEEC, colidera un equipo internacional que estudiar\u00e1 los espectros de estos astros.\",\"breadcrumb\":{\"@id\":\"https:\\\/\\\/www.ieec.cat\\\/es\\\/la-primera-luz-del-telescopio-4most-inicia-la-observacion-de-77-000-estrellas-binarias\\\/#breadcrumb\"},\"inLanguage\":\"es\",\"potentialAction\":[{\"@type\":\"ReadAction\",\"target\":[\"https:\\\/\\\/www.ieec.cat\\\/es\\\/la-primera-luz-del-telescopio-4most-inicia-la-observacion-de-77-000-estrellas-binarias\\\/\"]}]},{\"@type\":\"ImageObject\",\"inLanguage\":\"es\",\"@id\":\"https:\\\/\\\/www.ieec.cat\\\/es\\\/la-primera-luz-del-telescopio-4most-inicia-la-observacion-de-77-000-estrellas-binarias\\\/#primaryimage\",\"url\":\"https:\\\/\\\/www.ieec.cat\\\/wp-content\\\/uploads\\\/2025\\\/10\\\/1-4MOST_first-light-field-of-view_r.jpg\",\"contentUrl\":\"https:\\\/\\\/www.ieec.cat\\\/wp-content\\\/uploads\\\/2025\\\/10\\\/1-4MOST_first-light-field-of-view_r.jpg\",\"width\":1200,\"height\":851},{\"@type\":\"BreadcrumbList\",\"@id\":\"https:\\\/\\\/www.ieec.cat\\\/es\\\/la-primera-luz-del-telescopio-4most-inicia-la-observacion-de-77-000-estrellas-binarias\\\/#breadcrumb\",\"itemListElement\":[{\"@type\":\"ListItem\",\"position\":1,\"name\":\"Portada\",\"item\":\"https:\\\/\\\/www.ieec.cat\\\/es\\\/\"},{\"@type\":\"ListItem\",\"position\":2,\"name\":\"La primera luz del telescopio 4MOST inicia la observaci\u00f3n de 77.000 estrellas binarias\"}]},{\"@type\":\"WebSite\",\"@id\":\"https:\\\/\\\/www.ieec.cat\\\/es\\\/#website\",\"url\":\"https:\\\/\\\/www.ieec.cat\\\/es\\\/\",\"name\":\"IEEC\",\"description\":\"Institut d&#039;Estudis Espacials de Catalunya\",\"potentialAction\":[{\"@type\":\"SearchAction\",\"target\":{\"@type\":\"EntryPoint\",\"urlTemplate\":\"https:\\\/\\\/www.ieec.cat\\\/es\\\/?s={search_term_string}\"},\"query-input\":{\"@type\":\"PropertyValueSpecification\",\"valueRequired\":true,\"valueName\":\"search_term_string\"}}],\"inLanguage\":\"es\"},{\"@type\":\"Person\",\"@id\":\"https:\\\/\\\/www.ieec.cat\\\/es\\\/#\\\/schema\\\/person\\\/66f3943e2fdb094349ad344043ede870\",\"name\":\"Francisco Panyos\",\"image\":{\"@type\":\"ImageObject\",\"inLanguage\":\"es\",\"@id\":\"https:\\\/\\\/secure.gravatar.com\\\/avatar\\\/526157a3fe3c965ab680e104b6fe47df151d5d607c86c2744324613bf4c68622?s=96&d=mm&r=g\",\"url\":\"https:\\\/\\\/secure.gravatar.com\\\/avatar\\\/526157a3fe3c965ab680e104b6fe47df151d5d607c86c2744324613bf4c68622?s=96&d=mm&r=g\",\"contentUrl\":\"https:\\\/\\\/secure.gravatar.com\\\/avatar\\\/526157a3fe3c965ab680e104b6fe47df151d5d607c86c2744324613bf4c68622?s=96&d=mm&r=g\",\"caption\":\"Francisco Panyos\"}}]}<\/script>\n<!-- \/ Yoast SEO plugin. -->","yoast_head_json":{"title":"La primera luz del telescopio 4MOST inicia la observaci\u00f3n de 77.000 estrellas binarias - IEEC","description":"Alberto Rebassa, investigador de la Universitat Polit\u00e8cnica de Catalunya (UPC) y miembro del IEEC, colidera un equipo internacional que estudiar\u00e1 los espectros de estos astros.","robots":{"index":"index","follow":"follow","max-snippet":"max-snippet:-1","max-image-preview":"max-image-preview:large","max-video-preview":"max-video-preview:-1"},"canonical":"https:\/\/www.ieec.cat\/es\/la-primera-luz-del-telescopio-4most-inicia-la-observacion-de-77-000-estrellas-binarias\/","og_locale":"es_ES","og_type":"article","og_title":"La primera luz del telescopio 4MOST inicia la observaci\u00f3n de 77.000 estrellas binarias - IEEC","og_description":"Alberto Rebassa, investigador de la Universitat Polit\u00e8cnica de Catalunya (UPC) y miembro del IEEC, colidera un equipo internacional que estudiar\u00e1 los espectros de estos astros.","og_url":"https:\/\/www.ieec.cat\/es\/la-primera-luz-del-telescopio-4most-inicia-la-observacion-de-77-000-estrellas-binarias\/","og_site_name":"IEEC","article_published_time":"2025-10-21T12:00:52+00:00","article_modified_time":"2025-10-31T15:07:49+00:00","og_image":[{"width":1200,"height":851,"url":"https:\/\/www.ieec.cat\/wp-content\/uploads\/2025\/10\/1-4MOST_first-light-field-of-view_r.jpg","type":"image\/jpeg"}],"author":"Francisco Panyos","twitter_card":"summary_large_image","twitter_misc":{"Escrito por":"Francisco Panyos","Tiempo de lectura":"13 minutos"},"schema":{"@context":"https:\/\/schema.org","@graph":[{"@type":"Article","@id":"https:\/\/www.ieec.cat\/es\/la-primera-luz-del-telescopio-4most-inicia-la-observacion-de-77-000-estrellas-binarias\/#article","isPartOf":{"@id":"https:\/\/www.ieec.cat\/es\/la-primera-luz-del-telescopio-4most-inicia-la-observacion-de-77-000-estrellas-binarias\/"},"author":{"name":"Francisco Panyos","@id":"https:\/\/www.ieec.cat\/es\/#\/schema\/person\/66f3943e2fdb094349ad344043ede870"},"headline":"La primera luz del telescopio 4MOST inicia la observaci\u00f3n de 77.000 estrellas binarias","datePublished":"2025-10-21T12:00:52+00:00","dateModified":"2025-10-31T15:07:49+00:00","mainEntityOfPage":{"@id":"https:\/\/www.ieec.cat\/es\/la-primera-luz-del-telescopio-4most-inicia-la-observacion-de-77-000-estrellas-binarias\/"},"wordCount":2660,"image":{"@id":"https:\/\/www.ieec.cat\/es\/la-primera-luz-del-telescopio-4most-inicia-la-observacion-de-77-000-estrellas-binarias\/#primaryimage"},"thumbnailUrl":"https:\/\/www.ieec.cat\/wp-content\/uploads\/2025\/10\/1-4MOST_first-light-field-of-view_r.jpg","articleSection":["Ciencia","Noticias"],"inLanguage":"es"},{"@type":"WebPage","@id":"https:\/\/www.ieec.cat\/es\/la-primera-luz-del-telescopio-4most-inicia-la-observacion-de-77-000-estrellas-binarias\/","url":"https:\/\/www.ieec.cat\/es\/la-primera-luz-del-telescopio-4most-inicia-la-observacion-de-77-000-estrellas-binarias\/","name":"La primera luz del telescopio 4MOST inicia la observaci\u00f3n de 77.000 estrellas binarias - IEEC","isPartOf":{"@id":"https:\/\/www.ieec.cat\/es\/#website"},"primaryImageOfPage":{"@id":"https:\/\/www.ieec.cat\/es\/la-primera-luz-del-telescopio-4most-inicia-la-observacion-de-77-000-estrellas-binarias\/#primaryimage"},"image":{"@id":"https:\/\/www.ieec.cat\/es\/la-primera-luz-del-telescopio-4most-inicia-la-observacion-de-77-000-estrellas-binarias\/#primaryimage"},"thumbnailUrl":"https:\/\/www.ieec.cat\/wp-content\/uploads\/2025\/10\/1-4MOST_first-light-field-of-view_r.jpg","datePublished":"2025-10-21T12:00:52+00:00","dateModified":"2025-10-31T15:07:49+00:00","author":{"@id":"https:\/\/www.ieec.cat\/es\/#\/schema\/person\/66f3943e2fdb094349ad344043ede870"},"description":"Alberto Rebassa, investigador de la Universitat Polit\u00e8cnica de Catalunya (UPC) y miembro del IEEC, colidera un equipo internacional que estudiar\u00e1 los espectros de estos astros.","breadcrumb":{"@id":"https:\/\/www.ieec.cat\/es\/la-primera-luz-del-telescopio-4most-inicia-la-observacion-de-77-000-estrellas-binarias\/#breadcrumb"},"inLanguage":"es","potentialAction":[{"@type":"ReadAction","target":["https:\/\/www.ieec.cat\/es\/la-primera-luz-del-telescopio-4most-inicia-la-observacion-de-77-000-estrellas-binarias\/"]}]},{"@type":"ImageObject","inLanguage":"es","@id":"https:\/\/www.ieec.cat\/es\/la-primera-luz-del-telescopio-4most-inicia-la-observacion-de-77-000-estrellas-binarias\/#primaryimage","url":"https:\/\/www.ieec.cat\/wp-content\/uploads\/2025\/10\/1-4MOST_first-light-field-of-view_r.jpg","contentUrl":"https:\/\/www.ieec.cat\/wp-content\/uploads\/2025\/10\/1-4MOST_first-light-field-of-view_r.jpg","width":1200,"height":851},{"@type":"BreadcrumbList","@id":"https:\/\/www.ieec.cat\/es\/la-primera-luz-del-telescopio-4most-inicia-la-observacion-de-77-000-estrellas-binarias\/#breadcrumb","itemListElement":[{"@type":"ListItem","position":1,"name":"Portada","item":"https:\/\/www.ieec.cat\/es\/"},{"@type":"ListItem","position":2,"name":"La primera luz del telescopio 4MOST inicia la observaci\u00f3n de 77.000 estrellas binarias"}]},{"@type":"WebSite","@id":"https:\/\/www.ieec.cat\/es\/#website","url":"https:\/\/www.ieec.cat\/es\/","name":"IEEC","description":"Institut d&#039;Estudis Espacials de Catalunya","potentialAction":[{"@type":"SearchAction","target":{"@type":"EntryPoint","urlTemplate":"https:\/\/www.ieec.cat\/es\/?s={search_term_string}"},"query-input":{"@type":"PropertyValueSpecification","valueRequired":true,"valueName":"search_term_string"}}],"inLanguage":"es"},{"@type":"Person","@id":"https:\/\/www.ieec.cat\/es\/#\/schema\/person\/66f3943e2fdb094349ad344043ede870","name":"Francisco Panyos","image":{"@type":"ImageObject","inLanguage":"es","@id":"https:\/\/secure.gravatar.com\/avatar\/526157a3fe3c965ab680e104b6fe47df151d5d607c86c2744324613bf4c68622?s=96&d=mm&r=g","url":"https:\/\/secure.gravatar.com\/avatar\/526157a3fe3c965ab680e104b6fe47df151d5d607c86c2744324613bf4c68622?s=96&d=mm&r=g","contentUrl":"https:\/\/secure.gravatar.com\/avatar\/526157a3fe3c965ab680e104b6fe47df151d5d607c86c2744324613bf4c68622?s=96&d=mm&r=g","caption":"Francisco Panyos"}}]}},"_links":{"self":[{"href":"https:\/\/www.ieec.cat\/es\/wp-json\/wp\/v2\/posts\/40440","targetHints":{"allow":["GET"]}}],"collection":[{"href":"https:\/\/www.ieec.cat\/es\/wp-json\/wp\/v2\/posts"}],"about":[{"href":"https:\/\/www.ieec.cat\/es\/wp-json\/wp\/v2\/types\/post"}],"author":[{"embeddable":true,"href":"https:\/\/www.ieec.cat\/es\/wp-json\/wp\/v2\/users\/5"}],"replies":[{"embeddable":true,"href":"https:\/\/www.ieec.cat\/es\/wp-json\/wp\/v2\/comments?post=40440"}],"version-history":[{"count":18,"href":"https:\/\/www.ieec.cat\/es\/wp-json\/wp\/v2\/posts\/40440\/revisions"}],"predecessor-version":[{"id":40498,"href":"https:\/\/www.ieec.cat\/es\/wp-json\/wp\/v2\/posts\/40440\/revisions\/40498"}],"wp:featuredmedia":[{"embeddable":true,"href":"https:\/\/www.ieec.cat\/es\/wp-json\/wp\/v2\/media\/40428"}],"wp:attachment":[{"href":"https:\/\/www.ieec.cat\/es\/wp-json\/wp\/v2\/media?parent=40440"}],"wp:term":[{"taxonomy":"category","embeddable":true,"href":"https:\/\/www.ieec.cat\/es\/wp-json\/wp\/v2\/categories?post=40440"},{"taxonomy":"post_tag","embeddable":true,"href":"https:\/\/www.ieec.cat\/es\/wp-json\/wp\/v2\/tags?post=40440"}],"curies":[{"name":"wp","href":"https:\/\/api.w.org\/{rel}","templated":true}]}}