{"id":42513,"date":"2026-01-23T10:55:44","date_gmt":"2026-01-23T09:55:44","guid":{"rendered":"https:\/\/www.ieec.cat\/?p=42513"},"modified":"2026-01-23T10:55:48","modified_gmt":"2026-01-23T09:55:48","slug":"la-colaboracion-cientifica-dark-energy-survey-hace-publico-un-nuevo-analisis-de-la-expansion-del-universo","status":"publish","type":"post","link":"https:\/\/www.ieec.cat\/es\/la-colaboracion-cientifica-dark-energy-survey-hace-publico-un-nuevo-analisis-de-la-expansion-del-universo\/","title":{"rendered":"La colaboraci\u00f3n cient\u00edfica Dark Energy Survey hace p\u00fablico un nuevo an\u00e1lisis de la expansi\u00f3n del universo"},"content":{"rendered":"<p>[et_pb_section fb_built=\u00bb1&#8243; admin_label=\u00bbSection\u00bb _builder_version=\u00bb4.16&#8243; _module_preset=\u00bbdefault\u00bb background_image=\u00bbhttps:\/\/www.ieec.cat\/wp-content\/uploads\/2022\/02\/slider-comunicacio.jpg\u00bb max_height=\u00bb130px\u00bb custom_padding=\u00bb0px||0px||false|false\u00bb da_disable_devices=\u00bboff|off|off\u00bb global_colors_info=\u00bb{}\u00bb da_is_popup=\u00bboff\u00bb da_exit_intent=\u00bboff\u00bb da_has_close=\u00bbon\u00bb da_alt_close=\u00bboff\u00bb da_dark_close=\u00bboff\u00bb da_not_modal=\u00bbon\u00bb da_is_singular=\u00bboff\u00bb da_with_loader=\u00bboff\u00bb da_has_shadow=\u00bbon\u00bb][\/et_pb_section][et_pb_section fb_built=\u00bb1&#8243; admin_label=\u00bbSection\u00bb _builder_version=\u00bb4.16&#8243; _module_preset=\u00bbdefault\u00bb custom_padding=\u00bb24px||11px|||\u00bb da_disable_devices=\u00bboff|off|off\u00bb global_colors_info=\u00bb{}\u00bb da_is_popup=\u00bboff\u00bb da_exit_intent=\u00bboff\u00bb da_has_close=\u00bbon\u00bb da_alt_close=\u00bboff\u00bb da_dark_close=\u00bboff\u00bb da_not_modal=\u00bbon\u00bb da_is_singular=\u00bboff\u00bb da_with_loader=\u00bboff\u00bb da_has_shadow=\u00bbon\u00bb][et_pb_row _builder_version=\u00bb4.16&#8243; _module_preset=\u00bbdefault\u00bb custom_padding=\u00bb||||false|false\u00bb global_colors_info=\u00bb{}\u00bb][et_pb_column type=\u00bb4_4&#8243; _builder_version=\u00bb4.16&#8243; _module_preset=\u00bbdefault\u00bb global_colors_info=\u00bb{}\u00bb][et_pb_text admin_label=\u00bbUnitats de recerca\u00bb module_class=\u00bbieec-orgs\u00bb _builder_version=\u00bb4.27.4&#8243; _dynamic_attributes=\u00bbcontent\u00bb _module_preset=\u00bbdefault\u00bb text_font=\u00bb|700||on|||||\u00bb text_font_size=\u00bb16px\u00bb header_font=\u00bb|700|||||||\u00bb custom_margin=\u00bb||10px||false|false\u00bb header_font_size_tablet=\u00bb28px\u00bb header_font_size_phone=\u00bb26px\u00bb header_font_size_last_edited=\u00bbon|phone\u00bb global_colors_info=\u00bb{}\u00bb]@ET-DC@eyJkeW5hbWljIjp0cnVlLCJjb250ZW50IjoiY3VzdG9tX21ldGFfb3JnYW5pemFjaW9uZXMiLCJzZXR0aW5ncyI6eyJiZWZvcmUiOiIiLCJhZnRlciI6IiIsImVuYWJsZV9odG1sIjoib2ZmIn19@[\/et_pb_text][et_pb_post_title author=\u00bboff\u00bb categories=\u00bboff\u00bb comments=\u00bboff\u00bb featured_image=\u00bboff\u00bb admin_label=\u00bbT\u00edtol i data\u00bb module_class=\u00bbieec-title\u00bb _builder_version=\u00bb4.27.5&#8243; _module_preset=\u00bbdefault\u00bb title_font=\u00bbCairo|300|||||||\u00bb title_font_size=\u00bb40px\u00bb meta_font=\u00bb||on||||||\u00bb meta_font_size=\u00bb16px\u00bb title_font_size_tablet=\u00bb35px\u00bb title_font_size_phone=\u00bb30px\u00bb title_font_size_last_edited=\u00bbon|desktop\u00bb global_colors_info=\u00bb{}\u00bb][\/et_pb_post_title][et_pb_text admin_label=\u00bbSubt\u00edtols\u00bb module_class=\u00bbieec-summary\u00bb _builder_version=\u00bb4.27.5&#8243; _module_preset=\u00bbdefault\u00bb text_font=\u00bbSource Sans Pro||on||||||\u00bb text_font_size=\u00bb24px\u00bb text_line_height=\u00bb1.1em\u00bb hover_enabled=\u00bb0&#8243; text_font_size_tablet=\u00bb22px\u00bb text_font_size_phone=\u00bb20px\u00bb text_font_size_last_edited=\u00bbon|phone\u00bb global_colors_info=\u00bb{}\u00bb sticky_enabled=\u00bb0&#8243;]<\/p>\n<ul>\n<li>Los \u00faltimos resultados combinan lentes gravitacionales d\u00e9biles y el agrupamiento de galaxias, e integran por primera vez cuatro medidas diferentes de la energ\u00eda oscura en un \u00fanico experimento<\/li>\n<li>El trabajo reduce el abanico de modelos posibles sobre la evoluci\u00f3n del universo<\/li>\n<li>Investigadores del Centro de Investigaciones Energ\u00e9ticas, Medioambientales y Tecnol\u00f3gicas (CIEMAT), el Instituto de Ciencias del Espacio (ICE-CSIC), el Institut de F\u00edsica de Altas Energ\u00edas (IFAE) y el Instituto de F\u00edsica Te\u00f3rica (IFT\/UAM-CSIC), con miembros del IEEC entre ellos, han participado en el an\u00e1lisis cient\u00edfico de los datos<\/li>\n<\/ul>\n<p>[\/et_pb_text][\/et_pb_column][\/et_pb_row][et_pb_row column_structure=\u00bb1_2,1_2&#8243; _builder_version=\u00bb4.16&#8243; _module_preset=\u00bbdefault\u00bb global_colors_info=\u00bb{}\u00bb][et_pb_column type=\u00bb1_2&#8243; _builder_version=\u00bb4.16&#8243; _module_preset=\u00bbdefault\u00bb global_colors_info=\u00bb{}\u00bb][et_pb_post_title title=\u00bboff\u00bb meta=\u00bboff\u00bb module_class=\u00bbieec-img-container\u00bb _builder_version=\u00bb4.27.2&#8243; _module_preset=\u00bbdefault\u00bb custom_margin=\u00bb||0px||false|false\u00bb border_width_top=\u00bb10px\u00bb border_color_top=\u00bb#406fda\u00bb global_colors_info=\u00bb{}\u00bb][\/et_pb_post_title][et_pb_text module_class=\u00bbieec-img-footer\u00bb _builder_version=\u00bb4.27.5&#8243; _module_preset=\u00bbdefault\u00bb text_font=\u00bb||||||||\u00bb text_font_size=\u00bb15px\u00bb text_line_height=\u00bb1.1em\u00bb background_color=\u00bbrgba(64,111,218,0.15)\u00bb custom_margin=\u00bb0px||||false|false\u00bb custom_padding=\u00bb30px|20px|30px|20px|true|true\u00bb hover_enabled=\u00bb0&#8243; global_colors_info=\u00bb{}\u00bb sticky_enabled=\u00bb0&#8243;]<\/p>\n<p><span style=\"font-weight: 400;\">Imagen de DECam de un campo en la constelaci\u00f3n austral de Lepus que muestra estrellas de la V\u00eda L\u00e1ctea (peque\u00f1os puntos de colores) y un grupo de galaxias (los objetos difusos de mayor tama\u00f1o) situado a unos 300 millones de a\u00f1os luz. El an\u00e1lisis de DES mide las galaxias m\u00e1s d\u00e9biles visibles en esta imagen. <\/span><b>Erin Sheldon y Colaboraci\u00f3n DES<\/b><\/p>\n<p>[\/et_pb_text][\/et_pb_column][et_pb_column type=\u00bb1_2&#8243; _builder_version=\u00bb4.16&#8243; _module_preset=\u00bbdefault\u00bb global_colors_info=\u00bb{}\u00bb][et_pb_text _builder_version=\u00bb4.27.5&#8243; _module_preset=\u00bbdefault\u00bb link_font=\u00bb|700|||on||||\u00bb hover_enabled=\u00bb0&#8243; global_colors_info=\u00bb{}\u00bb sticky_enabled=\u00bb0&#8243;]<\/p>\n<p><span style=\"font-weight: 400;\">La colaboraci\u00f3n <\/span><a href=\"https:\/\/www.ieec.cat\/es\/proyecto\/27\/des\/\"><span style=\"font-weight: 400;\">Dark Energy Survey<\/span><\/a> <span style=\"font-weight: 400;\">(DES)<\/span> <span style=\"font-weight: 400;\">presenta resultados sobre la energ\u00eda oscura que combinan, por primera vez, medidas de lentes gravitacionales d\u00e9biles y de agrupamiento de galaxias utilizando los seis a\u00f1os completos de datos. En el art\u00edculo, que resume 18 trabajos cient\u00edficos de apoyo, tambi\u00e9n se presentan los primeros resultados obtenidos al combinar las cuatro medidas diferentes de la energ\u00eda oscura \u2014oscilaciones ac\u00fasticas bari\u00f3nicas (BAO), supernovas de tipo Ia, c\u00famulos de galaxias y lentes gravitacionales d\u00e9biles\u2014 tal como se propuso en la concepci\u00f3n inicial de DES hace 25 a\u00f1os.<\/span><\/p>\n<p><span style=\"font-weight: 400;\">\u00abDES muestra realmente c\u00f3mo podemos utilizar m\u00faltiples sondas complementarias a partir de las mismas observaciones. Es la primera y \u00fanica vez que se ha hecho en la generaci\u00f3n actual de experimentos de energ\u00eda oscura\u00bb, afirma Martin Crocce, investigador cient\u00edfico del <\/span><a href=\"https:\/\/www.ice.csic.es\/\" target=\"_blank\" rel=\"noopener\"><span style=\"font-weight: 400;\">Instituto de Ciencias del Espacio<\/span><\/a><span style=\"font-weight: 400;\"> (ICE-CSIC), miembro del <\/span><a href=\"https:\/\/www.ieec.cat\/\"><span style=\"font-weight: 400;\">Institut d\u2019Estudis Espacials de Catalunya<\/span><\/a><span style=\"font-weight: 400;\"> (IEEC) y co-coordinador del an\u00e1lisis. \u00abCreo que es algo muy potente, y permite resultados m\u00e1s precisos y robustos\u00bb.<\/span><\/p>\n<p>[\/et_pb_text][\/et_pb_column][\/et_pb_row][et_pb_row _builder_version=\u00bb4.16&#8243; _module_preset=\u00bbdefault\u00bb global_colors_info=\u00bb{}\u00bb][et_pb_column type=\u00bb4_4&#8243; _builder_version=\u00bb4.16&#8243; _module_preset=\u00bbdefault\u00bb global_colors_info=\u00bb{}\u00bb][et_pb_text _builder_version=\u00bb4.27.5&#8243; _module_preset=\u00bbdefault\u00bb link_font=\u00bb|700|||on||||\u00bb hover_enabled=\u00bb0&#8243; locked=\u00bboff\u00bb global_colors_info=\u00bb{}\u00bb sticky_enabled=\u00bb0&#8243;]<\/p>\n<p><span style=\"font-weight: 400;\">El an\u00e1lisis ofrece nuevas <\/span><b>medidas, m\u00e1s precisas, que reducen el abanico de modelos posibles sobre la evoluci\u00f3n del universo<\/b><span style=\"font-weight: 400;\">. Estas medidas son m\u00e1s del doble de restrictivas que las obtenidas en an\u00e1lisis anteriores de DES y siguen siendo compatibles con los resultados previos.<\/span><\/p>\n<p><span style=\"font-weight: 400;\">\u00abHay algo muy emocionante en reunir distintas sondas cosmol\u00f3gicas, y DES es muy especial al contar con la experiencia necesaria para hacerlo\u00bb, se\u00f1ala Chihway Chang, profesora asociada de la Universidad de Chicago y co-coordinadora del comit\u00e9 cient\u00edfico de DES.<\/span><\/p>\n<p>[\/et_pb_text][\/et_pb_column][\/et_pb_row][et_pb_row _builder_version=\u00bb4.16&#8243; _module_preset=\u00bbdefault\u00bb global_colors_info=\u00bb{}\u00bb][et_pb_column type=\u00bb4_4&#8243; _builder_version=\u00bb4.16&#8243; _module_preset=\u00bbdefault\u00bb global_colors_info=\u00bb{}\u00bb][et_pb_text module_class=\u00bbsection-title\u00bb _builder_version=\u00bb4.27.5&#8243; _module_preset=\u00bbdefault\u00bb header_2_font=\u00bb|700|||||||\u00bb header_2_font_size=\u00bb25px\u00bb hover_enabled=\u00bb0&#8243; header_2_font_size_tablet=\u00bb23px\u00bb header_2_font_size_phone=\u00bb23px\u00bb header_2_font_size_last_edited=\u00bbon|phone\u00bb global_colors_info=\u00bb{}\u00bb sticky_enabled=\u00bb0&#8243;]<\/p>\n<h2>El misterio de la energ\u00eda oscura<\/h2>\n<p>[\/et_pb_text][et_pb_text _builder_version=\u00bb4.27.5&#8243; _module_preset=\u00bbdefault\u00bb link_font=\u00bb|700|||on||||\u00bb hover_enabled=\u00bb0&#8243; locked=\u00bboff\u00bb global_colors_info=\u00bb{}\u00bb sticky_enabled=\u00bb0&#8243;]<\/p>\n<p><span style=\"font-weight: 400;\">Hace aproximadamente un siglo, los astr\u00f3nomos observaron que las galaxias lejanas parec\u00edan alejarse de nosotros. De hecho, <\/span><b>cuanto m\u00e1s distante es una galaxia, m\u00e1s r\u00e1pido se aleja<\/b><span style=\"font-weight: 400;\">. Esto proporcion\u00f3 la primera evidencia clave de que el universo se est\u00e1 expandiendo. Sin embargo, como el universo est\u00e1 dominado por la gravedad \u2014una fuerza que atrae la materia\u2014, los astr\u00f3nomos esperaban que la expansi\u00f3n se ralentizara con el tiempo.<\/span><\/p>\n<p><span style=\"font-weight: 400;\">En 1998, dos equipos independientes de cosm\u00f3logos utilizaron supernovas distantes para descubrir que <\/span><b>la expansi\u00f3n del universo se est\u00e1 acelerando <\/b><span style=\"font-weight: 400;\">en lugar de frenarse. Para explicar estas observaciones, propusieron un nuevo tipo de energ\u00eda responsable de impulsar esta expansi\u00f3n acelerada: la energ\u00eda oscura. Actualmente, los astrof\u00edsicos creen que la energ\u00eda oscura constituye alrededor del 70% de la densidad de masa-energ\u00eda del universo. Aun as\u00ed, sabemos muy poco sobre ella.<\/span><\/p>\n<p><span style=\"font-weight: 400;\">En los a\u00f1os siguientes, los cient\u00edficos comenzaron a dise\u00f1ar experimentos para estudiar la energ\u00eda oscura, entre ellos el Dark Energy Survey. Espa\u00f1a fue el primer socio internacional en unirse a Estados Unidos para fundar el proyecto DES en 2005. Su participaci\u00f3n se articula a trav\u00e9s de tres instituciones: el ICE-CSIC, con investigadores del IEEC, el <\/span><a href=\"https:\/\/www.ifae.es\/es\/\" target=\"_blank\" rel=\"noopener\"><span style=\"font-weight: 400;\">Instituto de F\u00edsica de Altas Energ\u00edas<\/span><\/a><span style=\"font-weight: 400;\"> (IFAE) y el <\/span><a href=\"https:\/\/www.ciemat.es\/\" target=\"_blank\" rel=\"noopener\"><span style=\"font-weight: 400;\">Centro de Investigaciones Energ\u00e9ticas, Medioambientales y Tecnol\u00f3gicas<\/span><\/a><span style=\"font-weight: 400;\"> (CIEMAT), adem\u00e1s de investigadores del <\/span><a href=\"https:\/\/www.ift.uam-csic.es\/es\/\" target=\"_blank\" rel=\"noopener\"><span style=\"font-weight: 400;\">Instituto de F\u00edsica Te\u00f3rica<\/span><\/a><span style=\"font-weight: 400;\"> (IFT\/CSIC-UAM). Hoy en d\u00eda, DES es una colaboraci\u00f3n internacional de m\u00e1s de 400 astrof\u00edsicos y cient\u00edficos de 35 instituciones en siete pa\u00edses, liderada por el <\/span><a href=\"https:\/\/www.fnal.gov\/\" target=\"_blank\" rel=\"noopener\"><span style=\"font-weight: 400;\">Fermilab<\/span><\/a><span style=\"font-weight: 400;\"> del Departamento de Energ\u00eda de Estados Unidos.<\/span><\/p>\n<p>[\/et_pb_text][\/et_pb_column][\/et_pb_row][et_pb_row _builder_version=\u00bb4.16&#8243; _module_preset=\u00bbdefault\u00bb global_colors_info=\u00bb{}\u00bb][et_pb_column type=\u00bb4_4&#8243; _builder_version=\u00bb4.16&#8243; _module_preset=\u00bbdefault\u00bb global_colors_info=\u00bb{}\u00bb][et_pb_text module_class=\u00bbsection-title\u00bb _builder_version=\u00bb4.27.5&#8243; _module_preset=\u00bbdefault\u00bb header_2_font=\u00bb|700|||||||\u00bb header_2_font_size=\u00bb25px\u00bb hover_enabled=\u00bb0&#8243; header_2_font_size_tablet=\u00bb23px\u00bb header_2_font_size_phone=\u00bb23px\u00bb header_2_font_size_last_edited=\u00bbon|phone\u00bb global_colors_info=\u00bb{}\u00bb sticky_enabled=\u00bb0&#8243;]<\/p>\n<h2>C\u00f3mo medir la energ\u00eda oscura<\/h2>\n<p>[\/et_pb_text][et_pb_text _builder_version=\u00bb4.27.5&#8243; _module_preset=\u00bbdefault\u00bb link_font=\u00bb|700|||on||||\u00bb hover_enabled=\u00bb0&#8243; locked=\u00bboff\u00bb global_colors_info=\u00bb{}\u00bb sticky_enabled=\u00bb0&#8243;]<\/p>\n<p><span style=\"font-weight: 400;\">Para estudiar la energ\u00eda oscura, la colaboraci\u00f3n DES llev\u00f3 a cabo un cartografiado profundo y de gran \u00e1rea del cielo entre 2013 y 2019. La colaboraci\u00f3n DES construy\u00f3 una c\u00e1mara digital extremadamente sensible de 570 megap\u00edxeles, DECam, y la instal\u00f3 en el telescopio Blanco de 4 metros del Observatorio Interamericano Cerro Tololo de la Fundaci\u00f3n Nacional de la Ciencia de Estados Unidos, en los Andes chilenos. Durante 758 noches a lo largo de seis a\u00f1os, <\/span><b>la colaboraci\u00f3n DES registr\u00f3 informaci\u00f3n de 669 millones de galaxias situadas a miles de millones de a\u00f1os luz de la Tierra<\/b><span style=\"font-weight: 400;\">, cubriendo una octava parte del cielo. Las instituciones espa\u00f1olas, adem\u00e1s de haber colaborado de manera destacada en el dise\u00f1o, fabricaci\u00f3n, pruebas e instalaci\u00f3n de DECam y en la toma de datos, hoy en d\u00eda tienen importantes responsabilidades en la explotaci\u00f3n cient\u00edfica de los datos.<\/span><\/p>\n<p><span style=\"font-weight: 400;\">\u00abA partir de nuestras im\u00e1genes, podemos medir las formas de las galaxias y las sutiles distorsiones causadas por la gravedad, as\u00ed como sus posiciones y la manera en que se agrupan en el cielo. Sin embargo, para interpretar estas mediciones tambi\u00e9n necesitamos saber a qu\u00e9 distancia se encuentran las galaxias. En la pr\u00e1ctica, inferimos esas distancias a partir de sus colores, medidos mediante observaciones con distintos filtros\u00bb, explica William d\u2019Assignies Doumerg, estudiante de doctorado en el IFAE y miembro del equipo de calibraci\u00f3n de distancias del Dark Energy Survey.<\/span><\/p>\n<p>[\/et_pb_text][\/et_pb_column][\/et_pb_row][et_pb_row column_structure=\u00bb1_2,1_2&#8243; _builder_version=\u00bb4.27.5&#8243; _module_preset=\u00bbdefault\u00bb global_colors_info=\u00bb{}\u00bb][et_pb_column type=\u00bb1_2&#8243; _builder_version=\u00bb4.27.5&#8243; _module_preset=\u00bbdefault\u00bb global_colors_info=\u00bb{}\u00bb][et_pb_text _builder_version=\u00bb4.27.5&#8243; _module_preset=\u00bbdefault\u00bb hover_enabled=\u00bb0&#8243; global_colors_info=\u00bb{}\u00bb sticky_enabled=\u00bb0&#8243;]<\/p>\n<p><span style=\"font-weight: 400;\">\u00abEn este an\u00e1lisis llevamos la calibraci\u00f3n de distancias a un nivel de precisi\u00f3n sin precedentes, que nos permite conectar con confianza la distribuci\u00f3n observada de las galaxias con la f\u00edsica subyacente de la energ\u00eda oscura\u00bb, afirma Giulia Giannini, col\u00edder del Grupo de Trabajo de Redshifts de DES e investigadora del ICE-CSIC en Barcelona.<\/span><\/p>\n<p><span style=\"font-weight: 400;\">Para obtener estos nuevos resultados, los cient\u00edficos de DES ampliaron m\u00e9todos que ellos mismos desarrollaron utilizando lentes gravitacionales d\u00e9biles para <\/span><b>reconstruir de forma robusta la distribuci\u00f3n de la materia en el universo<\/b><span style=\"font-weight: 400;\">. Lo han hecho analizando tanto la probabilidad de que dos galaxias se encuentren a una determinada distancia entre s\u00ed como la de que presenten distorsiones similares causadas por las lentes gravitacionales d\u00e9biles. Al reconstruir la distribuci\u00f3n de la materia a lo largo de 6.000 millones de a\u00f1os de historia c\u00f3smica, estas mediciones permiten determinar cu\u00e1nta materia oscura y energ\u00eda oscura hay en cada momento.<\/span><\/p>\n<p>[\/et_pb_text][\/et_pb_column][et_pb_column type=\u00bb1_2&#8243; _builder_version=\u00bb4.27.5&#8243; _module_preset=\u00bbdefault\u00bb global_colors_info=\u00bb{}\u00bb][et_pb_image src=\u00bbhttps:\/\/www.ieec.cat\/wp-content\/uploads\/2026\/01\/12-0331-01D.jpg\u00bb _builder_version=\u00bb4.27.5&#8243; _module_preset=\u00bbdefault\u00bb custom_margin=\u00bb||2px|||\u00bb global_colors_info=\u00bb{}\u00bb][\/et_pb_image][et_pb_text module_class=\u00bbieec-img-footer\u00bb _builder_version=\u00bb4.27.5&#8243; _module_preset=\u00bbdefault\u00bb text_font=\u00bb||||||||\u00bb text_font_size=\u00bb15px\u00bb text_line_height=\u00bb1.1em\u00bb background_color=\u00bbrgba(64,111,218,0.15)\u00bb custom_margin=\u00bb0px||||false|false\u00bb custom_padding=\u00bb30px|20px|30px|20px|true|true\u00bb hover_enabled=\u00bb0&#8243; global_colors_info=\u00bb{}\u00bb sticky_enabled=\u00bb0&#8243;]<\/p>\n<p><span style=\"font-weight: 400;\">La colaboraci\u00f3n DES construy\u00f3 la c\u00e1mara digital DECam, de 570 megap\u00edxeles y alta sensibilidad, con una participaci\u00f3n destacada de instituciones espa\u00f1olas. <\/span><b>Reidar Hahn, Fermilab<\/b><\/p>\n<p>[\/et_pb_text][\/et_pb_column][\/et_pb_row][et_pb_row _builder_version=\u00bb4.27.5&#8243; _module_preset=\u00bbdefault\u00bb global_colors_info=\u00bb{}\u00bb][et_pb_column type=\u00bb4_4&#8243; _builder_version=\u00bb4.27.5&#8243; _module_preset=\u00bbdefault\u00bb global_colors_info=\u00bb{}\u00bb][et_pb_text _builder_version=\u00bb4.27.5&#8243; _module_preset=\u00bbdefault\u00bb hover_enabled=\u00bb0&#8243; global_colors_info=\u00bb{}\u00bb sticky_enabled=\u00bb0&#8243;]<\/p>\n<p><span style=\"font-weight: 400;\">\u00abLa medida final de lentes gravitacionales de DES incluye alrededor de 150 millones de galaxias, un conjunto de datos de dimensiones extraordinarias. Esto resulta muy estimulante, pero tambi\u00e9n implica una gran responsabilidad: asegurarnos de que cada etapa del an\u00e1lisis sea plenamente robusta. En DES creemos haber estado a la altura de ese desaf\u00edo. Gracias al desarrollo de nuevas metodolog\u00edas y a la solidez de los resultados cient\u00edficos, la colaboraci\u00f3n ha presentado una medici\u00f3n que se consolidar\u00e1 como un hito durante muchos a\u00f1os y de la que podemos sentirnos leg\u00edtimamente orgullosos.\u00bb, afirma Simon Samuroff, investigador postdoctoral en el IFAE, que ha co-liderado el an\u00e1lisis cosmol\u00f3gico de las distorsiones de las galaxias.<\/span><\/p>\n<p><span style=\"font-weight: 400;\">En este an\u00e1lisis, DES compar\u00f3 sus datos con dos modelos cosmol\u00f3gicos: el modelo est\u00e1ndar \u039bCDM, con densidad de energ\u00eda oscura constante, y un modelo extendido, <\/span><i><span style=\"font-weight: 400;\">w<\/span><\/i><span style=\"font-weight: 400;\">CDM, en el que esta densidad evoluciona con el tiempo. DES observ\u00f3 que <\/span><b>sus datos concuerdan mayoritariamente con el modelo est\u00e1ndar de la cosmolog\u00eda<\/b><span style=\"font-weight: 400;\">. Los datos tambi\u00e9n se ajustan al modelo de energ\u00eda oscura en evoluci\u00f3n, pero no mejor que al modelo est\u00e1ndar.<\/span><\/p>\n<p><span style=\"font-weight: 400;\">Sin embargo, un elemento com\u00fan a ambos modelos presenta una discrepancia llamativa. En an\u00e1lisis anteriores, el par\u00e1metro que describe c\u00f3mo se agrupa la materia en el universo mostraba un valor distinto del predicho por ambos modelos a partir del agrupamiento observado en el universo temprano. En este nuevo an\u00e1lisis, al incorporar los datos m\u00e1s recientes, esa diferencia se ampli\u00f3, aunque sin llegar al punto de permitir descartar el modelo est\u00e1ndar de la cosmolog\u00eda. La discrepancia persiste incluso cuando DES combina sus datos con los de otros experimentos.<\/span><\/p>\n<p>[\/et_pb_text][\/et_pb_column][\/et_pb_row][et_pb_row _builder_version=\u00bb4.16&#8243; _module_preset=\u00bbdefault\u00bb global_colors_info=\u00bb{}\u00bb][et_pb_column type=\u00bb4_4&#8243; _builder_version=\u00bb4.16&#8243; _module_preset=\u00bbdefault\u00bb global_colors_info=\u00bb{}\u00bb][et_pb_text module_class=\u00bbsection-title\u00bb _builder_version=\u00bb4.27.5&#8243; _module_preset=\u00bbdefault\u00bb header_2_font=\u00bb|700|||||||\u00bb header_2_font_size=\u00bb25px\u00bb hover_enabled=\u00bb0&#8243; header_2_font_size_tablet=\u00bb23px\u00bb header_2_font_size_phone=\u00bb23px\u00bb header_2_font_size_last_edited=\u00bbon|phone\u00bb global_colors_info=\u00bb{}\u00bb sticky_enabled=\u00bb0&#8243;]<\/p>\n<h2>Allanando el camino<\/h2>\n<p>[\/et_pb_text][et_pb_text _builder_version=\u00bb4.27.5&#8243; _module_preset=\u00bbdefault\u00bb link_font=\u00bb|700|||on||||\u00bb hover_enabled=\u00bb0&#8243; locked=\u00bboff\u00bb global_colors_info=\u00bb{}\u00bb sticky_enabled=\u00bb0&#8243;]<\/p>\n<p><span style=\"font-weight: 400;\">\u00abEl Dark Energy Survey es una historia de \u00e9xito en la cosmolog\u00eda espa\u00f1ola. Hay toda una generaci\u00f3n que ha crecido cient\u00edficamente en DES, y estamos preparados para liderar la siguiente generaci\u00f3n de experimentos cosmol\u00f3gicos\u00bb comenta Santiago \u00c1vila, col\u00edder del grupo de trabajo de Estructura a Gran Escala de DES y que realiz\u00f3 su doctorado en el IFT, pas\u00f3 una etapa postdoctoral en el IFAE y actualmente es cient\u00edfico titular en el CIEMAT.\u00a0<\/span><\/p>\n<p><span style=\"font-weight: 400;\">A continuaci\u00f3n, <\/span><b>DES combinar\u00e1 este trabajo con las medidas m\u00e1s recientes procedentes de otros experimentos de energ\u00eda oscura para investigar modelos alternativos de gravedad y energ\u00eda oscura<\/b><span style=\"font-weight: 400;\">. Este an\u00e1lisis tambi\u00e9n es importante porque allana el camino para que el nuevo <\/span><a href=\"https:\/\/www.ieec.cat\/es\/proyecto\/31\/observatorio-vera-c-rubin\/\"><span style=\"font-weight: 400;\">Observatorio Vera C. Rubin<\/span><\/a><span style=\"font-weight: 400;\">, financiado por la Fundaci\u00f3n Nacional de la Ciencia de Estados Unidos y la Oficina de Ciencia del Departamento de Energ\u00eda de Estados Unidos, realice estudios similares con su Legacy Survey of Space and Time (LSST).<\/span><\/p>\n<p><span style=\"font-weight: 400;\">\u00abLas mediciones ser\u00e1n cada vez m\u00e1s precisas en tan solo unos pocos a\u00f1os\u00bb, afirm\u00f3 Anna Porredon, co-l\u00edder del grupo de trabajo de Estructura a Gran Escala de DES y cient\u00edfica s\u00e9nior del CIEMAT en Madrid. \u00abHemos dado un paso significativo en precisi\u00f3n, pero todas estas mediciones mejorar\u00e1n mucho m\u00e1s con nuevas observaciones del Observatorio Rubin y otros telescopios. Es emocionante pensar que probablemente tendremos algunas respuestas definitivas sobre la energ\u00eda oscura en los pr\u00f3ximos 10 a\u00f1os\u00bb.<\/span><\/p>\n<p>[\/et_pb_text][\/et_pb_column][\/et_pb_row][et_pb_row _builder_version=\u00bb4.16&#8243; _module_preset=\u00bbdefault\u00bb custom_margin=\u00bb30px||||false|false\u00bb locked=\u00bboff\u00bb global_colors_info=\u00bb{}\u00bb][et_pb_column type=\u00bb4_4&#8243; _builder_version=\u00bb4.16&#8243; _module_preset=\u00bbdefault\u00bb global_colors_info=\u00bb{}\u00bb][et_pb_divider color=\u00bb#406fda\u00bb _builder_version=\u00bb4.16&#8243; _module_preset=\u00bbdefault\u00bb custom_margin=\u00bb||10px||false|false\u00bb global_colors_info=\u00bb{}\u00bb][\/et_pb_divider][et_pb_text admin_label=\u00bbM\u00e9s informaci\u00f3\u00bb module_class=\u00bbieec-sub-title\u00bb _builder_version=\u00bb4.27.5&#8243; _module_preset=\u00bbdefault\u00bb text_font=\u00bbCairo|700|||||||\u00bb text_text_color=\u00bb#406fda\u00bb text_font_size=\u00bb20px\u00bb custom_margin=\u00bb||10px||false|false\u00bb hover_enabled=\u00bb0&#8243; global_colors_info=\u00bb{}\u00bb sticky_enabled=\u00bb0&#8243;]<\/p>\n<p>M\u00e1s informaci\u00f3n<\/p>\n<p>[\/et_pb_text][et_pb_text module_class=\u00bbieec-sub-text\u00bb _builder_version=\u00bb4.27.5&#8243; _module_preset=\u00bbdefault\u00bb text_font_size=\u00bb16px\u00bb text_line_height=\u00bb1.1em\u00bb link_font=\u00bb|700|||on||||\u00bb custom_margin=\u00bb20px||||false|false\u00bb hover_enabled=\u00bb0&#8243; global_colors_info=\u00bb{}\u00bb sticky_enabled=\u00bb0&#8243;]<\/p>\n<p><span style=\"font-weight: 400;\">Esta investigaci\u00f3n se presenta en un art\u00edculo titulado <\/span><span style=\"font-weight: 400;\">\u00ab<\/span><a href=\"https:\/\/arxiv.org\/abs\/2601.14559\" target=\"_blank\" rel=\"noopener\"><span style=\"font-weight: 400;\">Dark Energy Survey Year 6 Results: Cosmological Constraints from Galaxy Clustering and Weak Lensing<\/span><\/a><span style=\"font-weight: 400;\">\u00bb<\/span><span style=\"font-weight: 400;\">, de T. M. C. Abbott, M. Adamow <\/span><i><span style=\"font-weight: 400;\">et al.<\/span><\/i><span style=\"font-weight: 400;\">, publicado en el repositorio arXiv el 21 de enero de 2026.<\/span><\/p>\n<p>[\/et_pb_text][\/et_pb_column][\/et_pb_row][et_pb_row _builder_version=\u00bb4.16&#8243; _module_preset=\u00bbdefault\u00bb custom_margin=\u00bb||||false|false\u00bb locked=\u00bboff\u00bb global_colors_info=\u00bb{}\u00bb][et_pb_column type=\u00bb4_4&#8243; _builder_version=\u00bb4.16&#8243; _module_preset=\u00bbdefault\u00bb global_colors_info=\u00bb{}\u00bb][et_pb_divider color=\u00bb#406fda\u00bb _builder_version=\u00bb4.16&#8243; _module_preset=\u00bbdefault\u00bb custom_margin=\u00bb||10px||false|false\u00bb global_colors_info=\u00bb{}\u00bb][\/et_pb_divider][et_pb_text admin_label=\u00bbEnlla\u00e7os\u00bb module_class=\u00bbieec-sub-title\u00bb _builder_version=\u00bb4.27.5&#8243; _module_preset=\u00bbdefault\u00bb text_font=\u00bbCairo|700|||||||\u00bb text_text_color=\u00bb#406fda\u00bb text_font_size=\u00bb20px\u00bb custom_margin=\u00bb||10px||false|false\u00bb hover_enabled=\u00bb0&#8243; global_colors_info=\u00bb{}\u00bb sticky_enabled=\u00bb0&#8243;]<\/p>\n<p>Enlaces<\/p>\n<p>[\/et_pb_text][et_pb_text module_class=\u00bbieec-sub-text\u00bb _builder_version=\u00bb4.27.5&#8243; _module_preset=\u00bbdefault\u00bb text_font_size=\u00bb16px\u00bb text_line_height=\u00bb1.1em\u00bb link_font=\u00bb|700|||on|||#1a1140|\u00bb link_text_color=\u00bb#1a1140&#8243; link_line_height=\u00bb1.4em\u00bb custom_margin=\u00bb20px||||false|false\u00bb global_colors_info=\u00bb{}\u00bb]<\/p>\n<ul>\n<li><a href=\"http:\/\/www.ieec.cat\/\"><span style=\"font-weight: 400;\">IEEC<\/span><\/a><\/li>\n<li><a href=\"https:\/\/www.ice.csic.es\/\" target=\"_blank\" rel=\"noopener\"><span style=\"font-weight: 400;\">ICE-CSIC<\/span><\/a><\/li>\n<li><a href=\"https:\/\/www.darkenergysurvey.org\/\" target=\"_blank\" rel=\"noopener\"><span style=\"font-weight: 400;\">Dark Energy Survey<\/span><\/a><\/li>\n<\/ul>\n<p>[\/et_pb_text][\/et_pb_column][\/et_pb_row][et_pb_row _builder_version=\u00bb4.16&#8243; _module_preset=\u00bbdefault\u00bb custom_margin=\u00bb||||false|false\u00bb locked=\u00bboff\u00bb global_colors_info=\u00bb{}\u00bb][et_pb_column type=\u00bb4_4&#8243; _builder_version=\u00bb4.16&#8243; _module_preset=\u00bbdefault\u00bb global_colors_info=\u00bb{}\u00bb][et_pb_divider color=\u00bb#406fda\u00bb _builder_version=\u00bb4.16&#8243; _module_preset=\u00bbdefault\u00bb custom_margin=\u00bb||10px||false|false\u00bb global_colors_info=\u00bb{}\u00bb][\/et_pb_divider][et_pb_text admin_label=\u00bbContactes\u00bb module_class=\u00bbieec-sub-title\u00bb _builder_version=\u00bb4.27.5&#8243; _module_preset=\u00bbdefault\u00bb text_font=\u00bbCairo|700|||||||\u00bb text_text_color=\u00bb#406fda\u00bb text_font_size=\u00bb20px\u00bb custom_margin=\u00bb||10px||false|false\u00bb hover_enabled=\u00bb0&#8243; global_colors_info=\u00bb{}\u00bb sticky_enabled=\u00bb0&#8243;]<\/p>\n<p>Contactos<\/p>\n<p>[\/et_pb_text][\/et_pb_column][\/et_pb_row][et_pb_row column_structure=\u00bb2_5,3_5&#8243; admin_label=\u00bbRow\u00bb _builder_version=\u00bb4.16&#8243; _module_preset=\u00bbdefault\u00bb custom_margin=\u00bb0px||||false|false\u00bb custom_padding=\u00bb0px||||false|false\u00bb global_colors_info=\u00bb{}\u00bb theme_builder_area=\u00bbpost_content\u00bb][et_pb_column type=\u00bb2_5&#8243; _builder_version=\u00bb4.16&#8243; _module_preset=\u00bbdefault\u00bb custom_padding=\u00bb|||20px|false|false\u00bb border_width_left=\u00bb1px\u00bb border_color_left=\u00bb#406fda\u00bb global_colors_info=\u00bb{}\u00bb theme_builder_area=\u00bbpost_content\u00bb][et_pb_text _builder_version=\u00bb4.16&#8243; _module_preset=\u00bbdefault\u00bb text_font_size=\u00bb16px\u00bb text_line_height=\u00bb1.1em\u00bb link_font=\u00bb|700|||on|||#1a1140|\u00bb link_text_color=\u00bb#1a1140&#8243; link_line_height=\u00bb1.4em\u00bb header_4_font=\u00bb|700|||||||\u00bb header_4_text_color=\u00bb#1a1140&#8243; custom_margin=\u00bb||||false|false\u00bb locked=\u00bboff\u00bb global_colors_info=\u00bb{}\u00bb theme_builder_area=\u00bbpost_content\u00bb]<\/p>\n<h4>Oficina de Comunicaci\u00f3n del IEEC<\/h4>\n<p>Castelldefels, Barcelona<br \/>Correo electr\u00f3nico: <a href=\"mailto:comunicacio@ieec.cat\">comunicacio@ieec.cat<\/a><\/p>\n<p>[\/et_pb_text][\/et_pb_column][et_pb_column type=\u00bb3_5&#8243; _builder_version=\u00bb4.16&#8243; _module_preset=\u00bbdefault\u00bb custom_padding=\u00bb|||20px|false|false\u00bb border_width_left=\u00bb1px\u00bb border_color_left=\u00bb#406fda\u00bb global_colors_info=\u00bb{}\u00bb theme_builder_area=\u00bbpost_content\u00bb][et_pb_text _builder_version=\u00bb4.27.5&#8243; _module_preset=\u00bbdefault\u00bb text_font_size=\u00bb16px\u00bb text_line_height=\u00bb1em\u00bb link_font=\u00bb|700|||on||||\u00bb link_text_color=\u00bb#1a1140&#8243; header_4_font=\u00bb|700|||||||\u00bb header_4_text_color=\u00bb#1a1140&#8243; hover_enabled=\u00bb0&#8243; global_colors_info=\u00bb{}\u00bb theme_builder_area=\u00bbpost_content\u00bb sticky_enabled=\u00bb0&#8243;]<\/p>\n<h4>Autor Principal en el IEEC<\/h4>\n<h4>H. Mart\u00edn Crocce<\/h4>\n<p>Institut d\u2019Estudis Espacials de Catalunya (IEEC)<br \/>Instituto de Ciencias del Espacio (ICE-CSIC)<br \/>Correo electr\u00f3nico: <a href=\"mailto:crocce@ieec.cat,\">crocce@ieec.cat,<\/a> <a href=\"mailto:crocce@ice.csic.es\">crocce@ice.csic.es<\/a><\/p>\n<p>[\/et_pb_text][\/et_pb_column][\/et_pb_row][et_pb_row module_id=\u00bbieec-about\u00bb module_class=\u00bbieec-about\u00bb _builder_version=\u00bb4.27.4&#8243; _module_preset=\u00bbdefault\u00bb background_color=\u00bbrgba(64,111,218,0.15)\u00bb global_module=\u00bb17324&#8243; global_colors_info=\u00bb{}\u00bb][et_pb_column type=\u00bb4_4&#8243; _builder_version=\u00bb4.16&#8243; _module_preset=\u00bbdefault\u00bb custom_padding=\u00bb20px|50px|20px|50px|true|true\u00bb global_colors_info=\u00bb{}\u00bb][et_pb_text admin_label=\u00bbSobre l&#8217;IEEC\u00bb _builder_version=\u00bb4.16&#8243; _module_preset=\u00bbdefault\u00bb header_2_font=\u00bb|700|||||||\u00bb header_2_font_size=\u00bb25px\u00bb custom_margin=\u00bb||10px||false|false\u00bb header_2_font_size_tablet=\u00bb23px\u00bb header_2_font_size_phone=\u00bb23px\u00bb header_2_font_size_last_edited=\u00bbon|phone\u00bb locked=\u00bboff\u00bb global_colors_info=\u00bb{}\u00bb]<\/p>\n<h2>Sobre el IEEC<\/h2>\n<p>[\/et_pb_text][et_pb_text _builder_version=\u00bb4.16&#8243; _module_preset=\u00bbdefault\u00bb text_font=\u00bb||on||||||\u00bb link_font=\u00bb|700|||on||||\u00bb locked=\u00bboff\u00bb global_colors_info=\u00bb{}\u00bb]<\/p>\n<p>El Institut d\u2019Estudis Espacials de Catalunya (IEEC) promueve y coordina la investigaci\u00f3n y el desarrollo tecnol\u00f3gico espacial en Catalu\u00f1a en beneficio de la sociedad. El IEEC fomenta las colaboraciones tanto a nivel local como mundial, y es un eficiente agente de transferencia de conocimiento, innovaci\u00f3n y tecnolog\u00eda. Como resultado de m\u00e1s de 25 a\u00f1os de investigaci\u00f3n de alta calidad, llevada a cabo en colaboraci\u00f3n con las principales organizaciones internacionales, el IEEC se encuentra entre los mejores centros de investigaci\u00f3n internacionales, centrados en \u00e1reas como: astrof\u00edsica, cosmolog\u00eda, ciencias planetarias y observaci\u00f3n de la Tierra. La divisi\u00f3n de ingenier\u00eda del IEEC desarrolla instrumentaci\u00f3n para proyectos terrestres y espaciales, y tiene una amplia experiencia trabajando con organizaciones privadas y p\u00fablicas del sector aeroespacial y otros sectores de innovaci\u00f3n.<\/p>\n<p>El IEEC es una fundaci\u00f3n del sector p\u00fablico sin \u00e1nimo de lucro, fundada en febrero de 1996. Est\u00e1 regida por un Patronato compuesto por la Generalitat de Catalunya,  la Universitat de Barcelona (UB), la Universitat Aut\u00f2noma de Barcelona (UAB), la Universitat Polit\u00e8cnica de Catalunya \u00b7 BarcelonaTech (UPC), y el Consejo Superior de Investigaciones Cient\u00edficas (CSIC). El IEEC es tambi\u00e9n un centro CERCA (Centres de Recerca de Catalunya).<\/p>\n<p>[\/et_pb_text][\/et_pb_column][\/et_pb_row][\/et_pb_section]<\/p>\n","protected":false},"excerpt":{"rendered":"<p>Los \u00faltimos resultados combinan lentes gravitacionales d\u00e9biles y el agrupamiento de galaxias, e integran por primera vez cuatro medidas diferentes de la energ\u00eda oscura en un \u00fanico experimento.<\/p>\n","protected":false},"author":5,"featured_media":42514,"comment_status":"closed","ping_status":"closed","sticky":false,"template":"","format":"standard","meta":{"_et_pb_use_builder":"on","_et_pb_old_content":"","_et_gb_content_width":"","footnotes":""},"categories":[99,109,75],"tags":[],"class_list":["post-42513","post","type-post","status-publish","format-standard","has-post-thumbnail","hentry","category-ciencia-noticias","category-noticia-destacada-petita","category-noticias"],"yoast_head":"<!-- This site is optimized with the Yoast SEO plugin v27.4 - https:\/\/yoast.com\/product\/yoast-seo-wordpress\/ -->\n<title>La colaboraci\u00f3n cient\u00edfica Dark Energy Survey hace p\u00fablico un nuevo an\u00e1lisis de la expansi\u00f3n del universo - IEEC<\/title>\n<meta name=\"description\" content=\"Los \u00faltimos resultados combinan lentes gravitacionales d\u00e9biles y el agrupamiento de galaxias, e integran por primera vez cuatro medidas diferentes de la energ\u00eda oscura en un \u00fanico experimento.\" \/>\n<meta name=\"robots\" content=\"index, follow, max-snippet:-1, max-image-preview:large, max-video-preview:-1\" \/>\n<link rel=\"canonical\" href=\"https:\/\/www.ieec.cat\/es\/la-colaboracion-cientifica-dark-energy-survey-hace-publico-un-nuevo-analisis-de-la-expansion-del-universo\/\" \/>\n<meta property=\"og:locale\" content=\"es_ES\" \/>\n<meta property=\"og:type\" content=\"article\" \/>\n<meta property=\"og:title\" content=\"La colaboraci\u00f3n cient\u00edfica Dark Energy Survey hace p\u00fablico un nuevo an\u00e1lisis de la expansi\u00f3n del universo - IEEC\" \/>\n<meta property=\"og:description\" content=\"Los \u00faltimos resultados combinan lentes gravitacionales d\u00e9biles y el agrupamiento de galaxias, e integran por primera vez cuatro medidas diferentes de la energ\u00eda oscura en un \u00fanico experimento.\" \/>\n<meta property=\"og:url\" content=\"https:\/\/www.ieec.cat\/es\/la-colaboracion-cientifica-dark-energy-survey-hace-publico-un-nuevo-analisis-de-la-expansion-del-universo\/\" \/>\n<meta property=\"og:site_name\" content=\"IEEC\" \/>\n<meta property=\"article:published_time\" content=\"2026-01-23T09:55:44+00:00\" \/>\n<meta property=\"article:modified_time\" content=\"2026-01-23T09:55:48+00:00\" \/>\n<meta property=\"og:image\" content=\"https:\/\/www.ieec.cat\/wp-content\/uploads\/2026\/01\/DES0457-2124-group_rr.jpg\" \/>\n\t<meta property=\"og:image:width\" content=\"1200\" \/>\n\t<meta property=\"og:image:height\" content=\"712\" \/>\n\t<meta property=\"og:image:type\" content=\"image\/jpeg\" \/>\n<meta name=\"author\" content=\"Francisco Panyos\" \/>\n<meta name=\"twitter:card\" content=\"summary_large_image\" \/>\n<meta name=\"twitter:label1\" content=\"Escrito por\" \/>\n\t<meta name=\"twitter:data1\" content=\"Francisco Panyos\" \/>\n\t<meta name=\"twitter:label2\" content=\"Tiempo de lectura\" \/>\n\t<meta name=\"twitter:data2\" content=\"19 minutos\" \/>\n<script type=\"application\/ld+json\" class=\"yoast-schema-graph\">{\"@context\":\"https:\\\/\\\/schema.org\",\"@graph\":[{\"@type\":\"Article\",\"@id\":\"https:\\\/\\\/www.ieec.cat\\\/es\\\/la-colaboracion-cientifica-dark-energy-survey-hace-publico-un-nuevo-analisis-de-la-expansion-del-universo\\\/#article\",\"isPartOf\":{\"@id\":\"https:\\\/\\\/www.ieec.cat\\\/es\\\/la-colaboracion-cientifica-dark-energy-survey-hace-publico-un-nuevo-analisis-de-la-expansion-del-universo\\\/\"},\"author\":{\"name\":\"Francisco Panyos\",\"@id\":\"https:\\\/\\\/www.ieec.cat\\\/es\\\/#\\\/schema\\\/person\\\/66f3943e2fdb094349ad344043ede870\"},\"headline\":\"La colaboraci\u00f3n cient\u00edfica Dark Energy Survey hace p\u00fablico un nuevo an\u00e1lisis de la expansi\u00f3n del universo\",\"datePublished\":\"2026-01-23T09:55:44+00:00\",\"dateModified\":\"2026-01-23T09:55:48+00:00\",\"mainEntityOfPage\":{\"@id\":\"https:\\\/\\\/www.ieec.cat\\\/es\\\/la-colaboracion-cientifica-dark-energy-survey-hace-publico-un-nuevo-analisis-de-la-expansion-del-universo\\\/\"},\"wordCount\":3794,\"image\":{\"@id\":\"https:\\\/\\\/www.ieec.cat\\\/es\\\/la-colaboracion-cientifica-dark-energy-survey-hace-publico-un-nuevo-analisis-de-la-expansion-del-universo\\\/#primaryimage\"},\"thumbnailUrl\":\"https:\\\/\\\/www.ieec.cat\\\/wp-content\\\/uploads\\\/2026\\\/01\\\/DES0457-2124-group_rr.jpg\",\"articleSection\":[\"Ciencia\",\"Not\u00edcia destacada petita\",\"Noticias\"],\"inLanguage\":\"es\"},{\"@type\":\"WebPage\",\"@id\":\"https:\\\/\\\/www.ieec.cat\\\/es\\\/la-colaboracion-cientifica-dark-energy-survey-hace-publico-un-nuevo-analisis-de-la-expansion-del-universo\\\/\",\"url\":\"https:\\\/\\\/www.ieec.cat\\\/es\\\/la-colaboracion-cientifica-dark-energy-survey-hace-publico-un-nuevo-analisis-de-la-expansion-del-universo\\\/\",\"name\":\"La colaboraci\u00f3n cient\u00edfica Dark Energy Survey hace p\u00fablico un nuevo an\u00e1lisis de la expansi\u00f3n del universo - IEEC\",\"isPartOf\":{\"@id\":\"https:\\\/\\\/www.ieec.cat\\\/es\\\/#website\"},\"primaryImageOfPage\":{\"@id\":\"https:\\\/\\\/www.ieec.cat\\\/es\\\/la-colaboracion-cientifica-dark-energy-survey-hace-publico-un-nuevo-analisis-de-la-expansion-del-universo\\\/#primaryimage\"},\"image\":{\"@id\":\"https:\\\/\\\/www.ieec.cat\\\/es\\\/la-colaboracion-cientifica-dark-energy-survey-hace-publico-un-nuevo-analisis-de-la-expansion-del-universo\\\/#primaryimage\"},\"thumbnailUrl\":\"https:\\\/\\\/www.ieec.cat\\\/wp-content\\\/uploads\\\/2026\\\/01\\\/DES0457-2124-group_rr.jpg\",\"datePublished\":\"2026-01-23T09:55:44+00:00\",\"dateModified\":\"2026-01-23T09:55:48+00:00\",\"author\":{\"@id\":\"https:\\\/\\\/www.ieec.cat\\\/es\\\/#\\\/schema\\\/person\\\/66f3943e2fdb094349ad344043ede870\"},\"description\":\"Los \u00faltimos resultados combinan lentes gravitacionales d\u00e9biles y el agrupamiento de galaxias, e integran por primera vez cuatro medidas diferentes de la energ\u00eda oscura en un \u00fanico experimento.\",\"breadcrumb\":{\"@id\":\"https:\\\/\\\/www.ieec.cat\\\/es\\\/la-colaboracion-cientifica-dark-energy-survey-hace-publico-un-nuevo-analisis-de-la-expansion-del-universo\\\/#breadcrumb\"},\"inLanguage\":\"es\",\"potentialAction\":[{\"@type\":\"ReadAction\",\"target\":[\"https:\\\/\\\/www.ieec.cat\\\/es\\\/la-colaboracion-cientifica-dark-energy-survey-hace-publico-un-nuevo-analisis-de-la-expansion-del-universo\\\/\"]}]},{\"@type\":\"ImageObject\",\"inLanguage\":\"es\",\"@id\":\"https:\\\/\\\/www.ieec.cat\\\/es\\\/la-colaboracion-cientifica-dark-energy-survey-hace-publico-un-nuevo-analisis-de-la-expansion-del-universo\\\/#primaryimage\",\"url\":\"https:\\\/\\\/www.ieec.cat\\\/wp-content\\\/uploads\\\/2026\\\/01\\\/DES0457-2124-group_rr.jpg\",\"contentUrl\":\"https:\\\/\\\/www.ieec.cat\\\/wp-content\\\/uploads\\\/2026\\\/01\\\/DES0457-2124-group_rr.jpg\",\"width\":1200,\"height\":712},{\"@type\":\"BreadcrumbList\",\"@id\":\"https:\\\/\\\/www.ieec.cat\\\/es\\\/la-colaboracion-cientifica-dark-energy-survey-hace-publico-un-nuevo-analisis-de-la-expansion-del-universo\\\/#breadcrumb\",\"itemListElement\":[{\"@type\":\"ListItem\",\"position\":1,\"name\":\"Portada\",\"item\":\"https:\\\/\\\/www.ieec.cat\\\/es\\\/\"},{\"@type\":\"ListItem\",\"position\":2,\"name\":\"La colaboraci\u00f3n cient\u00edfica Dark Energy Survey hace p\u00fablico un nuevo an\u00e1lisis de la expansi\u00f3n del universo\"}]},{\"@type\":\"WebSite\",\"@id\":\"https:\\\/\\\/www.ieec.cat\\\/es\\\/#website\",\"url\":\"https:\\\/\\\/www.ieec.cat\\\/es\\\/\",\"name\":\"IEEC\",\"description\":\"Institut d&#039;Estudis Espacials de Catalunya\",\"potentialAction\":[{\"@type\":\"SearchAction\",\"target\":{\"@type\":\"EntryPoint\",\"urlTemplate\":\"https:\\\/\\\/www.ieec.cat\\\/es\\\/?s={search_term_string}\"},\"query-input\":{\"@type\":\"PropertyValueSpecification\",\"valueRequired\":true,\"valueName\":\"search_term_string\"}}],\"inLanguage\":\"es\"},{\"@type\":\"Person\",\"@id\":\"https:\\\/\\\/www.ieec.cat\\\/es\\\/#\\\/schema\\\/person\\\/66f3943e2fdb094349ad344043ede870\",\"name\":\"Francisco Panyos\",\"image\":{\"@type\":\"ImageObject\",\"inLanguage\":\"es\",\"@id\":\"https:\\\/\\\/secure.gravatar.com\\\/avatar\\\/526157a3fe3c965ab680e104b6fe47df151d5d607c86c2744324613bf4c68622?s=96&d=mm&r=g\",\"url\":\"https:\\\/\\\/secure.gravatar.com\\\/avatar\\\/526157a3fe3c965ab680e104b6fe47df151d5d607c86c2744324613bf4c68622?s=96&d=mm&r=g\",\"contentUrl\":\"https:\\\/\\\/secure.gravatar.com\\\/avatar\\\/526157a3fe3c965ab680e104b6fe47df151d5d607c86c2744324613bf4c68622?s=96&d=mm&r=g\",\"caption\":\"Francisco Panyos\"}}]}<\/script>\n<!-- \/ Yoast SEO plugin. -->","yoast_head_json":{"title":"La colaboraci\u00f3n cient\u00edfica Dark Energy Survey hace p\u00fablico un nuevo an\u00e1lisis de la expansi\u00f3n del universo - IEEC","description":"Los \u00faltimos resultados combinan lentes gravitacionales d\u00e9biles y el agrupamiento de galaxias, e integran por primera vez cuatro medidas diferentes de la energ\u00eda oscura en un \u00fanico experimento.","robots":{"index":"index","follow":"follow","max-snippet":"max-snippet:-1","max-image-preview":"max-image-preview:large","max-video-preview":"max-video-preview:-1"},"canonical":"https:\/\/www.ieec.cat\/es\/la-colaboracion-cientifica-dark-energy-survey-hace-publico-un-nuevo-analisis-de-la-expansion-del-universo\/","og_locale":"es_ES","og_type":"article","og_title":"La colaboraci\u00f3n cient\u00edfica Dark Energy Survey hace p\u00fablico un nuevo an\u00e1lisis de la expansi\u00f3n del universo - IEEC","og_description":"Los \u00faltimos resultados combinan lentes gravitacionales d\u00e9biles y el agrupamiento de galaxias, e integran por primera vez cuatro medidas diferentes de la energ\u00eda oscura en un \u00fanico experimento.","og_url":"https:\/\/www.ieec.cat\/es\/la-colaboracion-cientifica-dark-energy-survey-hace-publico-un-nuevo-analisis-de-la-expansion-del-universo\/","og_site_name":"IEEC","article_published_time":"2026-01-23T09:55:44+00:00","article_modified_time":"2026-01-23T09:55:48+00:00","og_image":[{"width":1200,"height":712,"url":"https:\/\/www.ieec.cat\/wp-content\/uploads\/2026\/01\/DES0457-2124-group_rr.jpg","type":"image\/jpeg"}],"author":"Francisco Panyos","twitter_card":"summary_large_image","twitter_misc":{"Escrito por":"Francisco Panyos","Tiempo de lectura":"19 minutos"},"schema":{"@context":"https:\/\/schema.org","@graph":[{"@type":"Article","@id":"https:\/\/www.ieec.cat\/es\/la-colaboracion-cientifica-dark-energy-survey-hace-publico-un-nuevo-analisis-de-la-expansion-del-universo\/#article","isPartOf":{"@id":"https:\/\/www.ieec.cat\/es\/la-colaboracion-cientifica-dark-energy-survey-hace-publico-un-nuevo-analisis-de-la-expansion-del-universo\/"},"author":{"name":"Francisco Panyos","@id":"https:\/\/www.ieec.cat\/es\/#\/schema\/person\/66f3943e2fdb094349ad344043ede870"},"headline":"La colaboraci\u00f3n cient\u00edfica Dark Energy Survey hace p\u00fablico un nuevo an\u00e1lisis de la expansi\u00f3n del universo","datePublished":"2026-01-23T09:55:44+00:00","dateModified":"2026-01-23T09:55:48+00:00","mainEntityOfPage":{"@id":"https:\/\/www.ieec.cat\/es\/la-colaboracion-cientifica-dark-energy-survey-hace-publico-un-nuevo-analisis-de-la-expansion-del-universo\/"},"wordCount":3794,"image":{"@id":"https:\/\/www.ieec.cat\/es\/la-colaboracion-cientifica-dark-energy-survey-hace-publico-un-nuevo-analisis-de-la-expansion-del-universo\/#primaryimage"},"thumbnailUrl":"https:\/\/www.ieec.cat\/wp-content\/uploads\/2026\/01\/DES0457-2124-group_rr.jpg","articleSection":["Ciencia","Not\u00edcia destacada petita","Noticias"],"inLanguage":"es"},{"@type":"WebPage","@id":"https:\/\/www.ieec.cat\/es\/la-colaboracion-cientifica-dark-energy-survey-hace-publico-un-nuevo-analisis-de-la-expansion-del-universo\/","url":"https:\/\/www.ieec.cat\/es\/la-colaboracion-cientifica-dark-energy-survey-hace-publico-un-nuevo-analisis-de-la-expansion-del-universo\/","name":"La colaboraci\u00f3n cient\u00edfica Dark Energy Survey hace p\u00fablico un nuevo an\u00e1lisis de la expansi\u00f3n del universo - IEEC","isPartOf":{"@id":"https:\/\/www.ieec.cat\/es\/#website"},"primaryImageOfPage":{"@id":"https:\/\/www.ieec.cat\/es\/la-colaboracion-cientifica-dark-energy-survey-hace-publico-un-nuevo-analisis-de-la-expansion-del-universo\/#primaryimage"},"image":{"@id":"https:\/\/www.ieec.cat\/es\/la-colaboracion-cientifica-dark-energy-survey-hace-publico-un-nuevo-analisis-de-la-expansion-del-universo\/#primaryimage"},"thumbnailUrl":"https:\/\/www.ieec.cat\/wp-content\/uploads\/2026\/01\/DES0457-2124-group_rr.jpg","datePublished":"2026-01-23T09:55:44+00:00","dateModified":"2026-01-23T09:55:48+00:00","author":{"@id":"https:\/\/www.ieec.cat\/es\/#\/schema\/person\/66f3943e2fdb094349ad344043ede870"},"description":"Los \u00faltimos resultados combinan lentes gravitacionales d\u00e9biles y el agrupamiento de galaxias, e integran por primera vez cuatro medidas diferentes de la energ\u00eda oscura en un \u00fanico experimento.","breadcrumb":{"@id":"https:\/\/www.ieec.cat\/es\/la-colaboracion-cientifica-dark-energy-survey-hace-publico-un-nuevo-analisis-de-la-expansion-del-universo\/#breadcrumb"},"inLanguage":"es","potentialAction":[{"@type":"ReadAction","target":["https:\/\/www.ieec.cat\/es\/la-colaboracion-cientifica-dark-energy-survey-hace-publico-un-nuevo-analisis-de-la-expansion-del-universo\/"]}]},{"@type":"ImageObject","inLanguage":"es","@id":"https:\/\/www.ieec.cat\/es\/la-colaboracion-cientifica-dark-energy-survey-hace-publico-un-nuevo-analisis-de-la-expansion-del-universo\/#primaryimage","url":"https:\/\/www.ieec.cat\/wp-content\/uploads\/2026\/01\/DES0457-2124-group_rr.jpg","contentUrl":"https:\/\/www.ieec.cat\/wp-content\/uploads\/2026\/01\/DES0457-2124-group_rr.jpg","width":1200,"height":712},{"@type":"BreadcrumbList","@id":"https:\/\/www.ieec.cat\/es\/la-colaboracion-cientifica-dark-energy-survey-hace-publico-un-nuevo-analisis-de-la-expansion-del-universo\/#breadcrumb","itemListElement":[{"@type":"ListItem","position":1,"name":"Portada","item":"https:\/\/www.ieec.cat\/es\/"},{"@type":"ListItem","position":2,"name":"La colaboraci\u00f3n cient\u00edfica Dark Energy Survey hace p\u00fablico un nuevo an\u00e1lisis de la expansi\u00f3n del universo"}]},{"@type":"WebSite","@id":"https:\/\/www.ieec.cat\/es\/#website","url":"https:\/\/www.ieec.cat\/es\/","name":"IEEC","description":"Institut d&#039;Estudis Espacials de Catalunya","potentialAction":[{"@type":"SearchAction","target":{"@type":"EntryPoint","urlTemplate":"https:\/\/www.ieec.cat\/es\/?s={search_term_string}"},"query-input":{"@type":"PropertyValueSpecification","valueRequired":true,"valueName":"search_term_string"}}],"inLanguage":"es"},{"@type":"Person","@id":"https:\/\/www.ieec.cat\/es\/#\/schema\/person\/66f3943e2fdb094349ad344043ede870","name":"Francisco Panyos","image":{"@type":"ImageObject","inLanguage":"es","@id":"https:\/\/secure.gravatar.com\/avatar\/526157a3fe3c965ab680e104b6fe47df151d5d607c86c2744324613bf4c68622?s=96&d=mm&r=g","url":"https:\/\/secure.gravatar.com\/avatar\/526157a3fe3c965ab680e104b6fe47df151d5d607c86c2744324613bf4c68622?s=96&d=mm&r=g","contentUrl":"https:\/\/secure.gravatar.com\/avatar\/526157a3fe3c965ab680e104b6fe47df151d5d607c86c2744324613bf4c68622?s=96&d=mm&r=g","caption":"Francisco Panyos"}}]}},"_links":{"self":[{"href":"https:\/\/www.ieec.cat\/es\/wp-json\/wp\/v2\/posts\/42513","targetHints":{"allow":["GET"]}}],"collection":[{"href":"https:\/\/www.ieec.cat\/es\/wp-json\/wp\/v2\/posts"}],"about":[{"href":"https:\/\/www.ieec.cat\/es\/wp-json\/wp\/v2\/types\/post"}],"author":[{"embeddable":true,"href":"https:\/\/www.ieec.cat\/es\/wp-json\/wp\/v2\/users\/5"}],"replies":[{"embeddable":true,"href":"https:\/\/www.ieec.cat\/es\/wp-json\/wp\/v2\/comments?post=42513"}],"version-history":[{"count":6,"href":"https:\/\/www.ieec.cat\/es\/wp-json\/wp\/v2\/posts\/42513\/revisions"}],"predecessor-version":[{"id":42533,"href":"https:\/\/www.ieec.cat\/es\/wp-json\/wp\/v2\/posts\/42513\/revisions\/42533"}],"wp:featuredmedia":[{"embeddable":true,"href":"https:\/\/www.ieec.cat\/es\/wp-json\/wp\/v2\/media\/42514"}],"wp:attachment":[{"href":"https:\/\/www.ieec.cat\/es\/wp-json\/wp\/v2\/media?parent=42513"}],"wp:term":[{"taxonomy":"category","embeddable":true,"href":"https:\/\/www.ieec.cat\/es\/wp-json\/wp\/v2\/categories?post=42513"},{"taxonomy":"post_tag","embeddable":true,"href":"https:\/\/www.ieec.cat\/es\/wp-json\/wp\/v2\/tags?post=42513"}],"curies":[{"name":"wp","href":"https:\/\/api.w.org\/{rel}","templated":true}]}}