{"id":42551,"date":"2026-01-26T12:43:27","date_gmt":"2026-01-26T11:43:27","guid":{"rendered":"https:\/\/www.ieec.cat\/?p=42551"},"modified":"2026-02-10T12:29:53","modified_gmt":"2026-02-10T11:29:53","slug":"jornada-sobre-investigacion-e-innovacion-espacial","status":"publish","type":"post","link":"https:\/\/www.ieec.cat\/es\/jornada-sobre-investigacion-e-innovacion-espacial\/","title":{"rendered":"Jornada sobre Investigaci\u00f3n e Innovaci\u00f3n Espacial"},"content":{"rendered":"<p>[et_pb_section fb_built=\u00bb1&#8243; module_class=\u00bbieec-heading\u00bb _builder_version=\u00bb4.27.2&#8243; _module_preset=\u00bbdefault\u00bb background_image=\u00bbhttps:\/\/www.ieec.cat\/wp-content\/uploads\/2022\/02\/slider-comunicacio.jpg\u00bb max_height=\u00bb130px\u00bb custom_padding=\u00bb0px||0px||false|false\u00bb da_disable_devices=\u00bboff|off|off\u00bb global_colors_info=\u00bb{}\u00bb da_is_popup=\u00bboff\u00bb da_exit_intent=\u00bboff\u00bb da_has_close=\u00bbon\u00bb da_alt_close=\u00bboff\u00bb da_dark_close=\u00bboff\u00bb da_not_modal=\u00bbon\u00bb da_is_singular=\u00bboff\u00bb da_with_loader=\u00bboff\u00bb da_has_shadow=\u00bbon\u00bb][\/et_pb_section][et_pb_section fb_built=\u00bb1&#8243; _builder_version=\u00bb4.16&#8243; _module_preset=\u00bbdefault\u00bb custom_padding=\u00bb24px||11px|||\u00bb da_disable_devices=\u00bboff|off|off\u00bb global_colors_info=\u00bb{}\u00bb da_is_popup=\u00bboff\u00bb da_exit_intent=\u00bboff\u00bb da_has_close=\u00bbon\u00bb da_alt_close=\u00bboff\u00bb da_dark_close=\u00bboff\u00bb da_not_modal=\u00bbon\u00bb da_is_singular=\u00bboff\u00bb da_with_loader=\u00bboff\u00bb da_has_shadow=\u00bbon\u00bb][et_pb_row _builder_version=\u00bb4.16&#8243; _module_preset=\u00bbdefault\u00bb custom_padding=\u00bb||11px||false|false\u00bb global_colors_info=\u00bb{}\u00bb][et_pb_column type=\u00bb4_4&#8243; _builder_version=\u00bb4.16&#8243; _module_preset=\u00bbdefault\u00bb global_colors_info=\u00bb{}\u00bb][et_pb_text admin_label=\u00bbUnitats recerca\u00bb _builder_version=\u00bb4.16&#8243; _dynamic_attributes=\u00bbcontent\u00bb _module_preset=\u00bbdefault\u00bb text_font=\u00bbCairo|700|||||||\u00bb text_font_size=\u00bb16px\u00bb min_height=\u00bb25.6px\u00bb custom_margin=\u00bb||6px|||\u00bb custom_padding=\u00bb||1px|||\u00bb text_font_size_tablet=\u00bb14px\u00bb text_font_size_phone=\u00bb14px\u00bb text_font_size_last_edited=\u00bbon|desktop\u00bb global_colors_info=\u00bb{}\u00bb]@ET-DC@eyJkeW5hbWljIjp0cnVlLCJjb250ZW50IjoiY3VzdG9tX21ldGFfb3JnYW5pemFjaW9uZXMiLCJzZXR0aW5ncyI6eyJiZWZvcmUiOiIiLCJhZnRlciI6IiIsImVuYWJsZV9odG1sIjoib2ZmIn19@[\/et_pb_text][et_pb_post_title meta=\u00bboff\u00bb featured_image=\u00bboff\u00bb module_class=\u00bbieec-title\u00bb _builder_version=\u00bb4.27.2&#8243; _module_preset=\u00bbdefault\u00bb title_font=\u00bbCairo|300|||||||\u00bb title_font_size=\u00bb40px\u00bb meta_font=\u00bb||on||||||\u00bb meta_font_size=\u00bb16px\u00bb title_font_size_tablet=\u00bb35px\u00bb title_font_size_phone=\u00bb30px\u00bb title_font_size_last_edited=\u00bbon|desktop\u00bb global_colors_info=\u00bb{}\u00bb][\/et_pb_post_title][\/et_pb_column][\/et_pb_row][\/et_pb_section][et_pb_section fb_built=\u00bb1&#8243; module_class=\u00bbieec-event-info\u00bb _builder_version=\u00bb4.27.2&#8243; _module_preset=\u00bbdefault\u00bb background_color=\u00bbrgba(30,39,81,0.1)\u00bb custom_padding=\u00bb24px||24px|||\u00bb da_disable_devices=\u00bboff|off|off\u00bb global_colors_info=\u00bb{}\u00bb da_is_popup=\u00bboff\u00bb da_exit_intent=\u00bboff\u00bb da_has_close=\u00bbon\u00bb da_alt_close=\u00bboff\u00bb da_dark_close=\u00bboff\u00bb da_not_modal=\u00bbon\u00bb da_is_singular=\u00bboff\u00bb da_with_loader=\u00bboff\u00bb da_has_shadow=\u00bbon\u00bb][et_pb_row column_structure=\u00bb1_4,1_4,1_4,1_4&#8243; _builder_version=\u00bb4.16&#8243; _module_preset=\u00bbdefault\u00bb custom_padding=\u00bb4px||19px|||\u00bb global_colors_info=\u00bb{}\u00bb][et_pb_column type=\u00bb1_4&#8243; _builder_version=\u00bb4.16&#8243; _module_preset=\u00bbdefault\u00bb global_colors_info=\u00bb{}\u00bb][et_pb_text _builder_version=\u00bb4.27.5&#8243; _module_preset=\u00bbdefault\u00bb text_font=\u00bb|700||on|||||\u00bb text_text_color=\u00bb#406fda\u00bb text_font_size=\u00bb15px\u00bb custom_margin=\u00bb||2px||false|false\u00bb text_font_size_tablet=\u00bb\u00bb text_font_size_phone=\u00bb13px\u00bb text_font_size_last_edited=\u00bbon|phone\u00bb global_colors_info=\u00bb{}\u00bb]<\/p>\n<p>fecha<\/p>\n<p>[\/et_pb_text][et_pb_text _builder_version=\u00bb4.16&#8243; _dynamic_attributes=\u00bbcontent\u00bb _module_preset=\u00bbdefault\u00bb text_font=\u00bbCairo|600|||||||\u00bb text_font_size=\u00bb28px\u00bb custom_margin=\u00bb||||false|false\u00bb text_font_size_tablet=\u00bb\u00bb text_font_size_phone=\u00bb23px\u00bb text_font_size_last_edited=\u00bbon|phone\u00bb global_colors_info=\u00bb{}\u00bb]@ET-DC@eyJkeW5hbWljIjp0cnVlLCJjb250ZW50IjoiY3VzdG9tX21ldGFfZmVjaGFfZXZlbnRvIiwic2V0dGluZ3MiOnsiYmVmb3JlIjoiIiwiYWZ0ZXIiOiIiLCJlbmFibGVfaHRtbCI6Im9mZiJ9fQ==@[\/et_pb_text][\/et_pb_column][et_pb_column type=\u00bb1_4&#8243; _builder_version=\u00bb4.16&#8243; _module_preset=\u00bbdefault\u00bb global_colors_info=\u00bb{}\u00bb][et_pb_text _builder_version=\u00bb4.16&#8243; _module_preset=\u00bbdefault\u00bb text_font=\u00bb|700||on|||||\u00bb text_text_color=\u00bb#406fda\u00bb text_font_size=\u00bb15px\u00bb custom_margin=\u00bb||2px||false|false\u00bb text_font_size_tablet=\u00bb\u00bb text_font_size_phone=\u00bb13px\u00bb text_font_size_last_edited=\u00bbon|phone\u00bb locked=\u00bboff\u00bb global_colors_info=\u00bb{}\u00bb]hora[\/et_pb_text][et_pb_text _builder_version=\u00bb4.16&#8243; _dynamic_attributes=\u00bbcontent\u00bb _module_preset=\u00bbdefault\u00bb text_font=\u00bbCairo|600|||||||\u00bb text_font_size=\u00bb28px\u00bb custom_margin=\u00bb||||false|false\u00bb text_font_size_tablet=\u00bb\u00bb text_font_size_phone=\u00bb23px\u00bb text_font_size_last_edited=\u00bbon|phone\u00bb locked=\u00bboff\u00bb global_colors_info=\u00bb{}\u00bb]@ET-DC@eyJkeW5hbWljIjp0cnVlLCJjb250ZW50IjoiY3VzdG9tX21ldGFfaG9yYV9ldmVudG8iLCJzZXR0aW5ncyI6eyJiZWZvcmUiOiIiLCJhZnRlciI6IiIsImVuYWJsZV9odG1sIjoib2ZmIn19@[\/et_pb_text][\/et_pb_column][et_pb_column type=\u00bb1_4&#8243; _builder_version=\u00bb4.16&#8243; _module_preset=\u00bbdefault\u00bb global_colors_info=\u00bb{}\u00bb][et_pb_text _builder_version=\u00bb4.27.5&#8243; _module_preset=\u00bbdefault\u00bb text_font=\u00bb|700||on|||||\u00bb text_text_color=\u00bb#406fda\u00bb text_font_size=\u00bb15px\u00bb custom_margin=\u00bb||2px||false|false\u00bb text_font_size_tablet=\u00bb\u00bb text_font_size_phone=\u00bb13px\u00bb text_font_size_last_edited=\u00bbon|phone\u00bb locked=\u00bboff\u00bb global_colors_info=\u00bb{}\u00bb]<\/p>\n<p>formato<\/p>\n<p>[\/et_pb_text][et_pb_text _builder_version=\u00bb4.16&#8243; _dynamic_attributes=\u00bbcontent\u00bb _module_preset=\u00bbdefault\u00bb text_font=\u00bbCairo|600|||||||\u00bb text_font_size=\u00bb28px\u00bb custom_margin=\u00bb||||false|false\u00bb text_font_size_tablet=\u00bb\u00bb text_font_size_phone=\u00bb23px\u00bb text_font_size_last_edited=\u00bbon|phone\u00bb locked=\u00bboff\u00bb global_colors_info=\u00bb{}\u00bb]@ET-DC@eyJkeW5hbWljIjp0cnVlLCJjb250ZW50IjoiY3VzdG9tX21ldGFfbHVnYXJfZXZlbnRvIiwic2V0dGluZ3MiOnsiYmVmb3JlIjoiIiwiYWZ0ZXIiOiIiLCJlbmFibGVfaHRtbCI6Im9mZiJ9fQ==@[\/et_pb_text][\/et_pb_column][et_pb_column type=\u00bb1_4&#8243; _builder_version=\u00bb4.16&#8243; _module_preset=\u00bbdefault\u00bb global_colors_info=\u00bb{}\u00bb][\/et_pb_column][\/et_pb_row][\/et_pb_section][et_pb_section fb_built=\u00bb1&#8243; _builder_version=\u00bb4.16&#8243; _module_preset=\u00bbdefault\u00bb custom_padding=\u00bb26px||8px|||\u00bb da_disable_devices=\u00bboff|off|off\u00bb global_colors_info=\u00bb{}\u00bb da_is_popup=\u00bboff\u00bb da_exit_intent=\u00bboff\u00bb da_has_close=\u00bbon\u00bb da_alt_close=\u00bboff\u00bb da_dark_close=\u00bboff\u00bb da_not_modal=\u00bbon\u00bb da_is_singular=\u00bboff\u00bb da_with_loader=\u00bboff\u00bb da_has_shadow=\u00bbon\u00bb][et_pb_row column_structure=\u00bb1_2,1_2&#8243; _builder_version=\u00bb4.27.5&#8243; _module_preset=\u00bbdefault\u00bb min_height=\u00bb100px\u00bb custom_padding=\u00bb13px||0px|||\u00bb locked=\u00bboff\u00bb global_colors_info=\u00bb{}\u00bb][et_pb_column type=\u00bb1_2&#8243; _builder_version=\u00bb4.16&#8243; _module_preset=\u00bbdefault\u00bb global_colors_info=\u00bb{}\u00bb][et_pb_post_title title=\u00bboff\u00bb meta=\u00bboff\u00bb _builder_version=\u00bb4.16&#8243; _module_preset=\u00bbdefault\u00bb custom_margin=\u00bb||0px||false|false\u00bb border_color_top=\u00bb#406fda\u00bb global_colors_info=\u00bb{}\u00bb][\/et_pb_post_title][et_pb_text module_class=\u00bbieec-img-footer\u00bb _builder_version=\u00bb4.27.4&#8243; _module_preset=\u00bbdefault\u00bb text_font=\u00bb||||||||\u00bb text_font_size=\u00bb15px\u00bb text_line_height=\u00bb1.1em\u00bb background_color=\u00bbrgba(64,111,218,0.15)\u00bb custom_margin=\u00bb0px||||false|false\u00bb custom_padding=\u00bb30px|20px|30px|20px|true|true\u00bb global_colors_info=\u00bb{}\u00bb]<\/p>\n<p>Palau de Pedralbes. <strong>Generalitat de Catalunya<\/strong><\/p>\n<p>[\/et_pb_text][\/et_pb_column][et_pb_column type=\u00bb1_2&#8243; _builder_version=\u00bb4.16&#8243; _module_preset=\u00bbdefault\u00bb global_colors_info=\u00bb{}\u00bb][et_pb_text _builder_version=\u00bb4.27.5&#8243; _module_preset=\u00bbdefault\u00bb link_font=\u00bb|700|||on||||\u00bb global_colors_info=\u00bb{}\u00bb]<\/p>\n<p><span style=\"font-weight: 400;\">El Palau de Pedralbes de Barcelona acoger\u00e1 el pr\u00f3ximo 19 de febrero la <\/span><b>Jornada sobre Investigaci\u00f3n e Innovaci\u00f3n Espacial<\/b><span style=\"font-weight: 400;\">, un encuentro institucional concebido para poner de relieve el potencial, la diversidad y la excelencia de la investigaci\u00f3n en ciencias del espacio en Catalunya, as\u00ed como su capacidad de generar transferencia de conocimiento e impacto real en la actividad empresarial del sector espacial.<\/span><\/p>\n<p><span style=\"font-weight: 400;\">La jornada reunir\u00e1 a responsables de centros y grupos de investigaci\u00f3n punteros, gestores de infraestructuras cient\u00edfico-t\u00e9cnicas, representantes de agencias y programas espaciales, as\u00ed como empresas consolidadas y <\/span><i><span style=\"font-weight: 400;\">spin-offs<\/span><\/i><span style=\"font-weight: 400;\"> emergentes del sector. <\/span>El objetivo es identificar y dar visibilidad a los principales actores que configuran el ecosistema espacial catal\u00e1n y reforzar la interconexi\u00f3n entre los distintos agentes de la cadena de valor, fomentando sinergias y nuevas oportunidades de colaboraci\u00f3n.<\/p>\n<p>[\/et_pb_text][\/et_pb_column][\/et_pb_row][et_pb_row _builder_version=\u00bb4.27.5&#8243; _module_preset=\u00bbdefault\u00bb global_colors_info=\u00bb{}\u00bb][et_pb_column type=\u00bb4_4&#8243; _builder_version=\u00bb4.27.5&#8243; _module_preset=\u00bbdefault\u00bb global_colors_info=\u00bb{}\u00bb][et_pb_text _builder_version=\u00bb4.27.5&#8243; _module_preset=\u00bbdefault\u00bb global_colors_info=\u00bb{}\u00bb]<\/p>\n<p><span style=\"font-weight: 400;\">En un contexto de crecimiento sostenido del sector espacial a escala internacional, la Jornada quiere destacar el impacto econ\u00f3mico, cient\u00edfico y tecnol\u00f3gico de este \u00e1mbito estrat\u00e9gico, as\u00ed como el papel de Catalunya como polo de referencia en investigaci\u00f3n e innovaci\u00f3n espacial. A lo largo de la sesi\u00f3n se presentar\u00e1n iniciativas acad\u00e9micas e industriales destacadas, junto con casos de \u00e9xito que ejemplifican la capacidad del territorio para transformar conocimiento cient\u00edfico en innovaci\u00f3n con proyecci\u00f3n global.<\/span><\/p>\n<p><span style=\"font-weight: 400;\">La Jornada sobre Investigaci\u00f3n e Innovaci\u00f3n Espacial est\u00e1 organizada por el <\/span><a href=\"https:\/\/recercaiuniversitats.gencat.cat\/ca\/inici\/index.html\" target=\"_blank\" rel=\"noopener\"><span style=\"font-weight: 400;\">Departament de Recerca i Universitats<\/span><\/a><span style=\"font-weight: 400;\"> de la <\/span><a href=\"http:\/\/gencat.cat\/\" target=\"_blank\" rel=\"noopener\"><span style=\"font-weight: 400;\">Generalitat de Catalunya<\/span><\/a><span style=\"font-weight: 400;\"> y el <\/span><a href=\"http:\/\/ieec.cat\" target=\"_blank\" rel=\"noopener\"><span style=\"font-weight: 400;\">Institut d\u2019Estudis Espacials de Catalunya<\/span><\/a><span style=\"font-weight: 400;\"> (IEEC), con la colaboraci\u00f3n del <\/span><a href=\"https:\/\/empresa.gencat.cat\/ca\/inici\/index.html\" target=\"_blank\" rel=\"noopener\"><span style=\"font-weight: 400;\">Departament d\u2019Empresa i Treball<\/span><\/a><span style=\"font-weight: 400;\">.<\/span><\/p>\n<p><strong>La asistencia a la jornada ser\u00e1 exclusivamente con invitaci\u00f3n previa.<\/strong><\/p>\n<p>[\/et_pb_text][\/et_pb_column][\/et_pb_row][et_pb_row _builder_version=\u00bb4.27.5&#8243; _module_preset=\u00bbdefault\u00bb global_colors_info=\u00bb{}\u00bb][et_pb_column type=\u00bb4_4&#8243; _builder_version=\u00bb4.27.5&#8243; _module_preset=\u00bbdefault\u00bb global_colors_info=\u00bb{}\u00bb][et_pb_text module_class=\u00bbsection-title\u00bb _builder_version=\u00bb4.27.5&#8243; _module_preset=\u00bbdefault\u00bb header_2_font=\u00bb|700|||||||\u00bb header_2_font_size=\u00bb25px\u00bb header_2_font_size_tablet=\u00bb23px\u00bb header_2_font_size_phone=\u00bb23px\u00bb header_2_font_size_last_edited=\u00bbon|phone\u00bb locked=\u00bboff\u00bb global_colors_info=\u00bb{}\u00bb]<\/p>\n<h2><span style=\"font-weight: 400;\">Programa\u00a0<\/span><\/h2>\n<p>[\/et_pb_text][et_pb_text _builder_version=\u00bb4.27.5&#8243; _module_preset=\u00bbdefault\u00bb hover_enabled=\u00bb0&#8243; global_colors_info=\u00bb{}\u00bb sticky_enabled=\u00bb0&#8243;]<\/p>\n<p>Conductora: <strong>N\u00faria Jar<\/strong>, periodista especializada en ciencia, salud e informaci\u00f3n internacional<\/p>\n<p><b>9:00 &#8211; 9:15 h Acreditaciones y caf\u00e9 de bienvenida<\/b><\/p>\n<p><b>9:15 &#8211; 9:20 h Bienvenida y presentaci\u00f3n<\/b><\/p>\n<p><b>9:20 &#8211; 9:25 h Apertura institucional<\/b><\/p>\n<p><b>9:25 &#8211; 9:45 h Investigaci\u00f3n espacial, su transferencia y el impacto en la sociedad<\/b><\/p>\n<p style=\"padding-left: 40px;\"><b>Athena Coustenis<\/b><span style=\"font-weight: 400;\">, directora de Investigaci\u00f3n del Centro Nacional de Investigaci\u00f3n Cient\u00edfica (CNRS)<\/span><\/p>\n<p style=\"padding-left: 40px;\"><span style=\"font-weight: 400;\"><\/span><\/p>\n<h3><b>\u00c1mbito 1: Investigaci\u00f3n innovadora<\/b><\/h3>\n<p><b>9:45 &#8211; 9:50 h Investigaci\u00f3n en el espacio en Catalunya<\/b><\/p>\n<p style=\"padding-left: 40px;\"><b>Francesc Xavier Luri Carrascoso<\/b><span style=\"font-weight: 400;\">, director del Institut d&#8217;Estudis Espacials de Catalunya<\/span><\/p>\n<p><b>9:50 &#8211; 10:30 h Mesa redonda<\/b><\/p>\n<p style=\"padding-left: 40px;\"><span style=\"font-weight: 400;\">Moderador: <\/span><b>Javier Bonet<\/b><span style=\"font-weight: 400;\">, director del Centro Internacional de M\u00e9todos Num\u00e9ricos en Ingenier\u00eda (CIMNE)<\/span><\/p>\n<p style=\"padding-left: 40px;\"><span style=\"font-weight: 400;\">Ponentes:<\/span><\/p>\n<p style=\"padding-left: 40px;\"><b>Ignasi Ribas<\/b><span style=\"font-weight: 400;\">, investigador del Institut d&#8217;Estudis Espacials de Catalunya (IEEC) &amp; Instituto de Ciencias del Espacio (ICE-CSIC)<\/span><\/p>\n<p style=\"padding-left: 40px;\"><b>Sergi Figuerola<\/b><span style=\"font-weight: 400;\">, director de la Fundaci\u00f3n i2CAT<\/span><\/p>\n<p style=\"padding-left: 40px;\"><b>Ana I. P\u00e9rez-Neira<\/b><span style=\"font-weight: 400;\">, directora del Centro Tecnol\u00f3gico de Telecomunicaciones de Catalunya (CTTC)<\/span><\/p>\n<p style=\"padding-left: 40px;\"><b>Valent\u00ed Sallar\u00e8s<\/b><span style=\"font-weight: 400;\">, director del Instituto de Ciencias del Mar (ICM-CSIC)<\/span><\/p>\n<p style=\"padding-left: 40px;\"><span style=\"font-weight: 400;\"><\/span><\/p>\n<h3><b>\u00c1mbito 2: Infraestructuras cient\u00edfico-t\u00e9cnicas como instrumento para la innovaci\u00f3n<\/b><\/h3>\n<p><b>10:30 &#8211; 10:35 h Introducci\u00f3n<\/b><\/p>\n<p style=\"padding-left: 40px;\"><b>Javier Selva<\/b><span style=\"font-weight: 400;\">, director General de Transferencia y Sociedad del Conocimiento, Departament de Recerca i Universitats, Generalitat de Catalunya<\/span><\/p>\n<p><b>10:35 &#8211; 11:15 h Mesa redonda<\/b><\/p>\n<p style=\"padding-left: 40px;\"><span style=\"font-weight: 400;\">Moderador: <\/span><b>Eugenio Coccia<\/b><span style=\"font-weight: 400;\">, director del Instituto de F\u00edsica de Altas Energ\u00edas (IFAE)<\/span><\/p>\n<p style=\"padding-left: 40px;\"><span style=\"font-weight: 400;\">Ponentes:<\/span><\/p>\n<p style=\"padding-left: 40px;\"><b>Francesc G\u00f2dia<\/b><span style=\"font-weight: 400;\">, director General Planta Piloto MELiSSA-ESA, investigador Universitat Aut\u00f2noma de Barcelona (UAB)<\/span><\/p>\n<p style=\"padding-left: 40px;\"><b>M\u00f2nica Roca<\/b><span style=\"font-weight: 400;\">, co-fundadora y Directora General de isardSAT<\/span><\/p>\n<p style=\"padding-left: 40px;\"><b>Joan Manel Casalta<\/b><span style=\"font-weight: 400;\">, director de Programas de Ciencia, SENER Aeroespacial<\/span><\/p>\n<p style=\"padding-left: 40px;\"><b>Mateo Valero<\/b><span style=\"font-weight: 400;\">, director del Barcelona Supercomputing Center (BSC)<\/span><\/p>\n<p><b>11.15 &#8211; 11:20 h Intervenci\u00f3n institucional<\/b><\/p>\n<p style=\"padding-left: 40px;\"><b>N\u00faria Montserrat<\/b><span style=\"font-weight: 400;\">, Consellera d&#8217;Investigaci\u00f3 i Universitats<\/span><\/p>\n<p><b>11.20 &#8211; 11:45 h Pausa caf\u00e9<\/b><\/p>\n<p><b><\/b><\/p>\n<h3><b>\u00c1mbito 3: Casos de \u00e9xito de iniciativas industriales\u00a0<\/b><\/h3>\n<p><b>11:45 &#8211; 11:50 h Introducci\u00f3n<\/b><\/p>\n<p style=\"padding-left: 40px;\"><b>Maria Galindo<\/b><span style=\"font-weight: 400;\">, secretaria de Pol\u00edticas Digitales, Departament d\u2019Empresa i Treball, Generalitat de Catalunya<\/span><\/p>\n<p><b>11:50 &#8211; 12:30 h Mesa redonda<\/b><\/p>\n<p style=\"padding-left: 40px;\"><span style=\"font-weight: 400;\">Moderadora: <\/span><b>Claudia Mateo<\/b><span style=\"font-weight: 400;\">, responsable de negocio de innovaci\u00f3n espacial, Fundaci\u00f3 i2CAT<\/span><\/p>\n<p style=\"padding-left: 40px;\"><span style=\"font-weight: 400;\">Ponentes:<\/span><\/p>\n<p style=\"padding-left: 40px;\"><b>Josep Laborda<\/b><span style=\"font-weight: 400;\">, CEO de Factual<\/span><\/p>\n<p style=\"padding-left: 40px;\"><b>Oriol Romero-Isart<\/b><span style=\"font-weight: 400;\">, director del Instituto de Ciencias Fot\u00f3nicas (ICFO)<\/span><\/p>\n<p style=\"padding-left: 40px;\"><b>Jaume Sanpera<\/b><span style=\"font-weight: 400;\">, CEO y Co-fundador de Sateliot<\/span><\/p>\n<p style=\"padding-left: 40px;\"><b>Marc Gascons<\/b><span style=\"font-weight: 400;\">, CEO de Compoxi<\/span><\/p>\n<p style=\"padding-left: 40px;\"><span style=\"font-weight: 400;\"><\/span><\/p>\n<h3><strong>\u00c1mbito 4: debate sobre colaboraci\u00f3n y transferencia en investigaci\u00f3n espacial<\/strong><\/h3>\n<p><b>12:30 &#8211; 13:00 h Di\u00e1logo<\/b><\/p>\n<p style=\"padding-left: 40px;\"><b>Pepa Sed\u00f3<\/b><span style=\"font-weight: 400;\">, jefe de la Oficina de Desarrollo e Innovaci\u00f3n, Institut d\u2019Estudis Espacials de Catalunya (IEEC), coordinadora del ESA PhiLab-Spain<\/span><\/p>\n<p style=\"padding-left: 40px;\"><b>Cecilia Hern\u00e1ndez<\/b><span style=\"font-weight: 400;\">, directora de Programas e Industria, Agencia Espacial Espa\u00f1ola (AEE)<\/span><\/p>\n<p><b>13:00 &#8211; 13:05 h Conclusiones<\/b><\/p>\n<p style=\"padding-left: 40px;\"><b><strong><span dir=\"auto\">Josep Colom\u00e9<\/span><\/strong><\/b><span dir=\"auto\">, director del \u00c1rea de Promoci\u00f3n del Sector Espacial de Catalunya (APEC), IEEC<\/span><\/p>\n<p><b>13:05 &#8211; 13:10 h Clausura institucional<\/b><\/p>\n<p><b>13:10 h Almuerzo networking<\/b><\/p>\n<p>[\/et_pb_text][\/et_pb_column][\/et_pb_row][et_pb_row column_structure=\u00bb2_5,3_5&#8243; module_class=\u00bbieec-signup\u00bb _builder_version=\u00bb4.27.2&#8243; _module_preset=\u00bbdefault\u00bb background_color=\u00bb#406fda\u00bb custom_padding=\u00bb40px|40px|40px|40px|true|true\u00bb global_colors_info=\u00bb{}\u00bb][et_pb_column type=\u00bb2_5&#8243; _builder_version=\u00bb4.16&#8243; _module_preset=\u00bbdefault\u00bb global_colors_info=\u00bb{}\u00bb][et_pb_text module_class=\u00bbieec-signup-title\u00bb _builder_version=\u00bb4.27.5&#8243; _module_preset=\u00bbdefault\u00bb text_font=\u00bbCairo|700|||||||\u00bb text_text_color=\u00bb#FFFFFF\u00bb text_font_size=\u00bb22px\u00bb custom_margin=\u00bb||18px|||\u00bb global_colors_info=\u00bb{}\u00bb]<\/p>\n<p>Organizado por:<\/p>\n<p>[\/et_pb_text][et_pb_text _builder_version=\u00bb4.27.5&#8243; _module_preset=\u00bbdefault\u00bb text_font=\u00bb|700|||||||\u00bb text_text_color=\u00bb#FFFFFF\u00bb global_colors_info=\u00bb{}\u00bb]<\/p>\n<ul>\n<li style=\"font-weight: 400;\" aria-level=\"1\"><span style=\"font-weight: 400;\">Departament de Recerca i Universitats<\/span><\/li>\n<li style=\"font-weight: 400;\" aria-level=\"1\"><span style=\"font-weight: 400;\">Institut d\u2019Estudis Espacials de Catalunya<\/span><\/li>\n<\/ul>\n<p><b>Colaboradores:<\/b><span style=\"font-weight: 400;\"> Departament d\u2019Empresa i Treball<\/span><\/p>\n<p>[\/et_pb_text][et_pb_button button_url=\u00bbhttps:\/\/recercaiuniversitats.gencat.cat\/ca\/esdeveniments\/Jornada-de-recerca-i-innovacio-espacial\u00bb url_new_window=\u00bbon\u00bb button_text=\u00bbm\u00e1s informaci\u00f3n\u00bb button_alignment=\u00bbleft\u00bb _builder_version=\u00bb4.27.5&#8243; _module_preset=\u00bbdefault\u00bb custom_button=\u00bbon\u00bb button_text_color=\u00bb#1a1140&#8243; button_bg_color=\u00bb#FFFFFF\u00bb button_font=\u00bb|||on|||||\u00bb button_on_hover=\u00bboff\u00bb custom_margin=\u00bb30px||||false|false\u00bb custom_padding=\u00bb12px|45px|12px|35px|true|false\u00bb locked=\u00bboff\u00bb global_colors_info=\u00bb{}\u00bb button_bg_color__hover_enabled=\u00bbon|hover\u00bb button_bg_color__hover=\u00bb#1a1140&#8243; button_bg_enable_color__hover=\u00bbon\u00bb button_text_color__hover_enabled=\u00bbon|hover\u00bb button_text_color__hover=\u00bb#FFFFFF\u00bb][\/et_pb_button][\/et_pb_column][et_pb_column type=\u00bb3_5&#8243; _builder_version=\u00bb4.16&#8243; _module_preset=\u00bbdefault\u00bb global_colors_info=\u00bb{}\u00bb][et_pb_text module_class=\u00bbieec-signup-title\u00bb _builder_version=\u00bb4.27.5&#8243; _module_preset=\u00bbdefault\u00bb text_font=\u00bbCairo|700|||||||\u00bb text_text_color=\u00bb#FFFFFF\u00bb text_font_size=\u00bb22px\u00bb custom_margin=\u00bb||18px|||\u00bb locked=\u00bboff\u00bb global_colors_info=\u00bb{}\u00bb]<\/p>\n<p>Objetivos:<\/p>\n<p>[\/et_pb_text][et_pb_text module_class=\u00bbieec-signup-summary\u00bb _builder_version=\u00bb4.27.5&#8243; _module_preset=\u00bbdefault\u00bb text_font=\u00bb||on||||||\u00bb text_text_color=\u00bb#FFFFFF\u00bb global_colors_info=\u00bb{}\u00bb]<\/p>\n<p><span style=\"font-weight: 400;\">Identificar y visibilizar los principales grupos de investigaci\u00f3n, infraestructuras, spin-offs emergentes y empresas consolidadas que forman parte del ecosistema espacial catal\u00e0, as\u00ed como fortalecer la interconexi\u00f3n entre los distintos agentes de la cadena de valor del sector.<\/span><\/p>\n<p>[\/et_pb_text][\/et_pb_column][\/et_pb_row][\/et_pb_section]<\/p>\n","protected":false},"excerpt":{"rendered":"<p>En un contexto de crecimiento sostenido del sector espacial a escala internacional, la Jornada quiere destacar el impacto econ\u00f3mico, cient\u00edfico y tecnol\u00f3gico de este \u00e1mbito estrat\u00e9gico, as\u00ed como el papel de Catalunya como polo de referencia en investigaci\u00f3n e innovaci\u00f3n espacial.<\/p>\n","protected":false},"author":12,"featured_media":42552,"comment_status":"closed","ping_status":"closed","sticky":false,"template":"","format":"standard","meta":{"_et_pb_use_builder":"on","_et_pb_old_content":"","_et_gb_content_width":"","footnotes":""},"categories":[85,73,142,145,113],"tags":[],"class_list":["post-42551","post","type-post","status-publish","format-standard","has-post-thumbnail","hentry","category-conferencia-es","category-eventos","category-jornada-es","category-newspace-es-3","category-noticia-destacada-pequena"],"yoast_head":"<!-- This site is optimized with the Yoast SEO plugin v27.4 - https:\/\/yoast.com\/product\/yoast-seo-wordpress\/ -->\n<title>Jornada sobre Investigaci\u00f3n e Innovaci\u00f3n Espacial - IEEC<\/title>\n<meta name=\"description\" content=\"En un contexto de crecimiento sostenido del sector espacial a escala internacional, la Jornada quiere destacar el impacto econ\u00f3mico, cient\u00edfico y tecnol\u00f3gico de este \u00e1mbito estrat\u00e9gico, as\u00ed como el papel de Catalunya como polo de referencia en investigaci\u00f3n e innovaci\u00f3n espacial.\" \/>\n<meta name=\"robots\" content=\"index, follow, max-snippet:-1, max-image-preview:large, max-video-preview:-1\" \/>\n<link rel=\"canonical\" href=\"https:\/\/www.ieec.cat\/es\/jornada-sobre-investigacion-e-innovacion-espacial\/\" \/>\n<meta property=\"og:locale\" content=\"es_ES\" \/>\n<meta property=\"og:type\" content=\"article\" \/>\n<meta property=\"og:title\" content=\"Jornada sobre Investigaci\u00f3n e Innovaci\u00f3n Espacial - IEEC\" \/>\n<meta property=\"og:description\" content=\"En un contexto de crecimiento sostenido del sector espacial a escala internacional, la Jornada quiere destacar el impacto econ\u00f3mico, cient\u00edfico y tecnol\u00f3gico de este \u00e1mbito estrat\u00e9gico, as\u00ed como el papel de Catalunya como polo de referencia en investigaci\u00f3n e innovaci\u00f3n espacial.\" \/>\n<meta property=\"og:url\" content=\"https:\/\/www.ieec.cat\/es\/jornada-sobre-investigacion-e-innovacion-espacial\/\" \/>\n<meta property=\"og:site_name\" content=\"IEEC\" \/>\n<meta property=\"article:published_time\" content=\"2026-01-26T11:43:27+00:00\" \/>\n<meta property=\"article:modified_time\" content=\"2026-02-10T11:29:53+00:00\" \/>\n<meta name=\"author\" content=\"Quim Portet\" \/>\n<meta name=\"twitter:card\" content=\"summary_large_image\" \/>\n<meta name=\"twitter:label1\" content=\"Escrito por\" \/>\n\t<meta name=\"twitter:data1\" content=\"Quim Portet\" \/>\n\t<meta name=\"twitter:label2\" content=\"Tiempo de lectura\" \/>\n\t<meta name=\"twitter:data2\" content=\"11 minutos\" \/>\n<script type=\"application\/ld+json\" class=\"yoast-schema-graph\">{\"@context\":\"https:\\\/\\\/schema.org\",\"@graph\":[{\"@type\":\"Article\",\"@id\":\"https:\\\/\\\/www.ieec.cat\\\/es\\\/jornada-sobre-investigacion-e-innovacion-espacial\\\/#article\",\"isPartOf\":{\"@id\":\"https:\\\/\\\/www.ieec.cat\\\/es\\\/jornada-sobre-investigacion-e-innovacion-espacial\\\/\"},\"author\":{\"name\":\"Quim Portet\",\"@id\":\"https:\\\/\\\/www.ieec.cat\\\/es\\\/#\\\/schema\\\/person\\\/43b811417c01b54ef9dd522dad92fc50\"},\"headline\":\"Jornada sobre Investigaci\u00f3n e Innovaci\u00f3n Espacial\",\"datePublished\":\"2026-01-26T11:43:27+00:00\",\"dateModified\":\"2026-02-10T11:29:53+00:00\",\"mainEntityOfPage\":{\"@id\":\"https:\\\/\\\/www.ieec.cat\\\/es\\\/jornada-sobre-investigacion-e-innovacion-espacial\\\/\"},\"wordCount\":2156,\"image\":{\"@id\":\"https:\\\/\\\/www.ieec.cat\\\/es\\\/jornada-sobre-investigacion-e-innovacion-espacial\\\/#primaryimage\"},\"thumbnailUrl\":\"https:\\\/\\\/www.ieec.cat\\\/wp-content\\\/uploads\\\/2026\\\/01\\\/palaupedralbes_gencat.avif\",\"articleSection\":[\"Conferencia\",\"Eventos\",\"Jornada\",\"NewSpace\",\"Noticia destacada peque\u00f1a\"],\"inLanguage\":\"es\"},{\"@type\":\"WebPage\",\"@id\":\"https:\\\/\\\/www.ieec.cat\\\/es\\\/jornada-sobre-investigacion-e-innovacion-espacial\\\/\",\"url\":\"https:\\\/\\\/www.ieec.cat\\\/es\\\/jornada-sobre-investigacion-e-innovacion-espacial\\\/\",\"name\":\"Jornada sobre Investigaci\u00f3n e Innovaci\u00f3n Espacial - IEEC\",\"isPartOf\":{\"@id\":\"https:\\\/\\\/www.ieec.cat\\\/es\\\/#website\"},\"primaryImageOfPage\":{\"@id\":\"https:\\\/\\\/www.ieec.cat\\\/es\\\/jornada-sobre-investigacion-e-innovacion-espacial\\\/#primaryimage\"},\"image\":{\"@id\":\"https:\\\/\\\/www.ieec.cat\\\/es\\\/jornada-sobre-investigacion-e-innovacion-espacial\\\/#primaryimage\"},\"thumbnailUrl\":\"https:\\\/\\\/www.ieec.cat\\\/wp-content\\\/uploads\\\/2026\\\/01\\\/palaupedralbes_gencat.avif\",\"datePublished\":\"2026-01-26T11:43:27+00:00\",\"dateModified\":\"2026-02-10T11:29:53+00:00\",\"author\":{\"@id\":\"https:\\\/\\\/www.ieec.cat\\\/es\\\/#\\\/schema\\\/person\\\/43b811417c01b54ef9dd522dad92fc50\"},\"description\":\"En un contexto de crecimiento sostenido del sector espacial a escala internacional, la Jornada quiere destacar el impacto econ\u00f3mico, cient\u00edfico y tecnol\u00f3gico de este \u00e1mbito estrat\u00e9gico, as\u00ed como el papel de Catalunya como polo de referencia en investigaci\u00f3n e innovaci\u00f3n espacial.\",\"breadcrumb\":{\"@id\":\"https:\\\/\\\/www.ieec.cat\\\/es\\\/jornada-sobre-investigacion-e-innovacion-espacial\\\/#breadcrumb\"},\"inLanguage\":\"es\",\"potentialAction\":[{\"@type\":\"ReadAction\",\"target\":[\"https:\\\/\\\/www.ieec.cat\\\/es\\\/jornada-sobre-investigacion-e-innovacion-espacial\\\/\"]}]},{\"@type\":\"ImageObject\",\"inLanguage\":\"es\",\"@id\":\"https:\\\/\\\/www.ieec.cat\\\/es\\\/jornada-sobre-investigacion-e-innovacion-espacial\\\/#primaryimage\",\"url\":\"https:\\\/\\\/www.ieec.cat\\\/wp-content\\\/uploads\\\/2026\\\/01\\\/palaupedralbes_gencat.avif\",\"contentUrl\":\"https:\\\/\\\/www.ieec.cat\\\/wp-content\\\/uploads\\\/2026\\\/01\\\/palaupedralbes_gencat.avif\",\"width\":1280,\"height\":720},{\"@type\":\"BreadcrumbList\",\"@id\":\"https:\\\/\\\/www.ieec.cat\\\/es\\\/jornada-sobre-investigacion-e-innovacion-espacial\\\/#breadcrumb\",\"itemListElement\":[{\"@type\":\"ListItem\",\"position\":1,\"name\":\"Portada\",\"item\":\"https:\\\/\\\/www.ieec.cat\\\/es\\\/\"},{\"@type\":\"ListItem\",\"position\":2,\"name\":\"Jornada sobre Investigaci\u00f3n e Innovaci\u00f3n Espacial\"}]},{\"@type\":\"WebSite\",\"@id\":\"https:\\\/\\\/www.ieec.cat\\\/es\\\/#website\",\"url\":\"https:\\\/\\\/www.ieec.cat\\\/es\\\/\",\"name\":\"IEEC\",\"description\":\"Institut d&#039;Estudis Espacials de Catalunya\",\"potentialAction\":[{\"@type\":\"SearchAction\",\"target\":{\"@type\":\"EntryPoint\",\"urlTemplate\":\"https:\\\/\\\/www.ieec.cat\\\/es\\\/?s={search_term_string}\"},\"query-input\":{\"@type\":\"PropertyValueSpecification\",\"valueRequired\":true,\"valueName\":\"search_term_string\"}}],\"inLanguage\":\"es\"},{\"@type\":\"Person\",\"@id\":\"https:\\\/\\\/www.ieec.cat\\\/es\\\/#\\\/schema\\\/person\\\/43b811417c01b54ef9dd522dad92fc50\",\"name\":\"Quim Portet\",\"image\":{\"@type\":\"ImageObject\",\"inLanguage\":\"es\",\"@id\":\"https:\\\/\\\/secure.gravatar.com\\\/avatar\\\/c0212e2b077ebd6494ed79d8de24b50b3507e9cbf9fa3e10f81de1971ff33cf5?s=96&d=mm&r=g\",\"url\":\"https:\\\/\\\/secure.gravatar.com\\\/avatar\\\/c0212e2b077ebd6494ed79d8de24b50b3507e9cbf9fa3e10f81de1971ff33cf5?s=96&d=mm&r=g\",\"contentUrl\":\"https:\\\/\\\/secure.gravatar.com\\\/avatar\\\/c0212e2b077ebd6494ed79d8de24b50b3507e9cbf9fa3e10f81de1971ff33cf5?s=96&d=mm&r=g\",\"caption\":\"Quim Portet\"}}]}<\/script>\n<!-- \/ Yoast SEO plugin. -->","yoast_head_json":{"title":"Jornada sobre Investigaci\u00f3n e Innovaci\u00f3n Espacial - IEEC","description":"En un contexto de crecimiento sostenido del sector espacial a escala internacional, la Jornada quiere destacar el impacto econ\u00f3mico, cient\u00edfico y tecnol\u00f3gico de este \u00e1mbito estrat\u00e9gico, as\u00ed como el papel de Catalunya como polo de referencia en investigaci\u00f3n e innovaci\u00f3n espacial.","robots":{"index":"index","follow":"follow","max-snippet":"max-snippet:-1","max-image-preview":"max-image-preview:large","max-video-preview":"max-video-preview:-1"},"canonical":"https:\/\/www.ieec.cat\/es\/jornada-sobre-investigacion-e-innovacion-espacial\/","og_locale":"es_ES","og_type":"article","og_title":"Jornada sobre Investigaci\u00f3n e Innovaci\u00f3n Espacial - IEEC","og_description":"En un contexto de crecimiento sostenido del sector espacial a escala internacional, la Jornada quiere destacar el impacto econ\u00f3mico, cient\u00edfico y tecnol\u00f3gico de este \u00e1mbito estrat\u00e9gico, as\u00ed como el papel de Catalunya como polo de referencia en investigaci\u00f3n e innovaci\u00f3n espacial.","og_url":"https:\/\/www.ieec.cat\/es\/jornada-sobre-investigacion-e-innovacion-espacial\/","og_site_name":"IEEC","article_published_time":"2026-01-26T11:43:27+00:00","article_modified_time":"2026-02-10T11:29:53+00:00","author":"Quim Portet","twitter_card":"summary_large_image","twitter_misc":{"Escrito por":"Quim Portet","Tiempo de lectura":"11 minutos"},"schema":{"@context":"https:\/\/schema.org","@graph":[{"@type":"Article","@id":"https:\/\/www.ieec.cat\/es\/jornada-sobre-investigacion-e-innovacion-espacial\/#article","isPartOf":{"@id":"https:\/\/www.ieec.cat\/es\/jornada-sobre-investigacion-e-innovacion-espacial\/"},"author":{"name":"Quim Portet","@id":"https:\/\/www.ieec.cat\/es\/#\/schema\/person\/43b811417c01b54ef9dd522dad92fc50"},"headline":"Jornada sobre Investigaci\u00f3n e Innovaci\u00f3n Espacial","datePublished":"2026-01-26T11:43:27+00:00","dateModified":"2026-02-10T11:29:53+00:00","mainEntityOfPage":{"@id":"https:\/\/www.ieec.cat\/es\/jornada-sobre-investigacion-e-innovacion-espacial\/"},"wordCount":2156,"image":{"@id":"https:\/\/www.ieec.cat\/es\/jornada-sobre-investigacion-e-innovacion-espacial\/#primaryimage"},"thumbnailUrl":"https:\/\/www.ieec.cat\/wp-content\/uploads\/2026\/01\/palaupedralbes_gencat.avif","articleSection":["Conferencia","Eventos","Jornada","NewSpace","Noticia destacada peque\u00f1a"],"inLanguage":"es"},{"@type":"WebPage","@id":"https:\/\/www.ieec.cat\/es\/jornada-sobre-investigacion-e-innovacion-espacial\/","url":"https:\/\/www.ieec.cat\/es\/jornada-sobre-investigacion-e-innovacion-espacial\/","name":"Jornada sobre Investigaci\u00f3n e Innovaci\u00f3n Espacial - IEEC","isPartOf":{"@id":"https:\/\/www.ieec.cat\/es\/#website"},"primaryImageOfPage":{"@id":"https:\/\/www.ieec.cat\/es\/jornada-sobre-investigacion-e-innovacion-espacial\/#primaryimage"},"image":{"@id":"https:\/\/www.ieec.cat\/es\/jornada-sobre-investigacion-e-innovacion-espacial\/#primaryimage"},"thumbnailUrl":"https:\/\/www.ieec.cat\/wp-content\/uploads\/2026\/01\/palaupedralbes_gencat.avif","datePublished":"2026-01-26T11:43:27+00:00","dateModified":"2026-02-10T11:29:53+00:00","author":{"@id":"https:\/\/www.ieec.cat\/es\/#\/schema\/person\/43b811417c01b54ef9dd522dad92fc50"},"description":"En un contexto de crecimiento sostenido del sector espacial a escala internacional, la Jornada quiere destacar el impacto econ\u00f3mico, cient\u00edfico y tecnol\u00f3gico de este \u00e1mbito estrat\u00e9gico, as\u00ed como el papel de Catalunya como polo de referencia en investigaci\u00f3n e innovaci\u00f3n espacial.","breadcrumb":{"@id":"https:\/\/www.ieec.cat\/es\/jornada-sobre-investigacion-e-innovacion-espacial\/#breadcrumb"},"inLanguage":"es","potentialAction":[{"@type":"ReadAction","target":["https:\/\/www.ieec.cat\/es\/jornada-sobre-investigacion-e-innovacion-espacial\/"]}]},{"@type":"ImageObject","inLanguage":"es","@id":"https:\/\/www.ieec.cat\/es\/jornada-sobre-investigacion-e-innovacion-espacial\/#primaryimage","url":"https:\/\/www.ieec.cat\/wp-content\/uploads\/2026\/01\/palaupedralbes_gencat.avif","contentUrl":"https:\/\/www.ieec.cat\/wp-content\/uploads\/2026\/01\/palaupedralbes_gencat.avif","width":1280,"height":720},{"@type":"BreadcrumbList","@id":"https:\/\/www.ieec.cat\/es\/jornada-sobre-investigacion-e-innovacion-espacial\/#breadcrumb","itemListElement":[{"@type":"ListItem","position":1,"name":"Portada","item":"https:\/\/www.ieec.cat\/es\/"},{"@type":"ListItem","position":2,"name":"Jornada sobre Investigaci\u00f3n e Innovaci\u00f3n Espacial"}]},{"@type":"WebSite","@id":"https:\/\/www.ieec.cat\/es\/#website","url":"https:\/\/www.ieec.cat\/es\/","name":"IEEC","description":"Institut d&#039;Estudis Espacials de Catalunya","potentialAction":[{"@type":"SearchAction","target":{"@type":"EntryPoint","urlTemplate":"https:\/\/www.ieec.cat\/es\/?s={search_term_string}"},"query-input":{"@type":"PropertyValueSpecification","valueRequired":true,"valueName":"search_term_string"}}],"inLanguage":"es"},{"@type":"Person","@id":"https:\/\/www.ieec.cat\/es\/#\/schema\/person\/43b811417c01b54ef9dd522dad92fc50","name":"Quim Portet","image":{"@type":"ImageObject","inLanguage":"es","@id":"https:\/\/secure.gravatar.com\/avatar\/c0212e2b077ebd6494ed79d8de24b50b3507e9cbf9fa3e10f81de1971ff33cf5?s=96&d=mm&r=g","url":"https:\/\/secure.gravatar.com\/avatar\/c0212e2b077ebd6494ed79d8de24b50b3507e9cbf9fa3e10f81de1971ff33cf5?s=96&d=mm&r=g","contentUrl":"https:\/\/secure.gravatar.com\/avatar\/c0212e2b077ebd6494ed79d8de24b50b3507e9cbf9fa3e10f81de1971ff33cf5?s=96&d=mm&r=g","caption":"Quim Portet"}}]}},"_links":{"self":[{"href":"https:\/\/www.ieec.cat\/es\/wp-json\/wp\/v2\/posts\/42551","targetHints":{"allow":["GET"]}}],"collection":[{"href":"https:\/\/www.ieec.cat\/es\/wp-json\/wp\/v2\/posts"}],"about":[{"href":"https:\/\/www.ieec.cat\/es\/wp-json\/wp\/v2\/types\/post"}],"author":[{"embeddable":true,"href":"https:\/\/www.ieec.cat\/es\/wp-json\/wp\/v2\/users\/12"}],"replies":[{"embeddable":true,"href":"https:\/\/www.ieec.cat\/es\/wp-json\/wp\/v2\/comments?post=42551"}],"version-history":[{"count":34,"href":"https:\/\/www.ieec.cat\/es\/wp-json\/wp\/v2\/posts\/42551\/revisions"}],"predecessor-version":[{"id":42846,"href":"https:\/\/www.ieec.cat\/es\/wp-json\/wp\/v2\/posts\/42551\/revisions\/42846"}],"wp:featuredmedia":[{"embeddable":true,"href":"https:\/\/www.ieec.cat\/es\/wp-json\/wp\/v2\/media\/42552"}],"wp:attachment":[{"href":"https:\/\/www.ieec.cat\/es\/wp-json\/wp\/v2\/media?parent=42551"}],"wp:term":[{"taxonomy":"category","embeddable":true,"href":"https:\/\/www.ieec.cat\/es\/wp-json\/wp\/v2\/categories?post=42551"},{"taxonomy":"post_tag","embeddable":true,"href":"https:\/\/www.ieec.cat\/es\/wp-json\/wp\/v2\/tags?post=42551"}],"curies":[{"name":"wp","href":"https:\/\/api.w.org\/{rel}","templated":true}]}}