{"id":4286,"date":"2021-03-11T11:00:00","date_gmt":"2021-03-11T10:00:00","guid":{"rendered":"https:\/\/www.ieec.cat\/presentaci%c3%b3n-del-nombre-ganador-para-bautizar-el-primer-nanosat%c3%a9lite-de-la-generalitat-en-colaboraci%c3%b3n-con-el-ieec\/"},"modified":"2022-12-22T23:18:07","modified_gmt":"2022-12-22T22:18:07","slug":"presentaci%c3%b3n-del-nombre-ganador-para-bautizar-el-primer-nanosat%c3%a9lite-de-la-generalitat-en-colaboraci%c3%b3n-con-el-ieec","status":"publish","type":"post","link":"https:\/\/www.ieec.cat\/es\/presentaci%c3%b3n-del-nombre-ganador-para-bautizar-el-primer-nanosat%c3%a9lite-de-la-generalitat-en-colaboraci%c3%b3n-con-el-ieec\/","title":{"rendered":"Presentaci\u00f3n del nombre ganador para bautizar el primer nanosat\u00e9lite de la Generalitat en colaboraci\u00f3n con el IEEC"},"content":{"rendered":"<p>[et_pb_section fb_built=\u00bb1&#8243; fullwidth=\u00bbon\u00bb theme_builder_area=\u00bbpost_content\u00bb _builder_version=\u00bb4.14.8&#8243; _module_preset=\u00bbdefault\u00bb height=\u00bb114px\u00bb background_color=\u00bb\u00bb hover_enabled=\u00bb0&#8243; sticky_enabled=\u00bb0&#8243; title_text=\u00bb\u00bb background_image=\u00bb\/wp-content\/uploads\/2022\/04\/slider-corpo2.jpg\u00bb][\/et_pb_section][et_pb_section fb_built=\u00bb1&#8243; theme_builder_area=\u00bbpost_content\u00bb _builder_version=\u00bb4.14.8&#8243; _module_preset=\u00bbdefault\u00bb custom_padding=\u00bb||0px||false|false\u00bb custom_margin=\u00bb||0px||false|false\u00bb hover_enabled=\u00bb0&#8243; sticky_enabled=\u00bb0&#8243;][et_pb_row _builder_version=\u00bb4.14.8&#8243; _module_preset=\u00bbdefault\u00bb theme_builder_area=\u00bbpost_content\u00bb][et_pb_column _builder_version=\u00bb4.14.8&#8243; _module_preset=\u00bbdefault\u00bb type=\u00bb4_4&#8243; theme_builder_area=\u00bbpost_content\u00bb][et_pb_text _builder_version=\u00bb4.14.8&#8243; _module_preset=\u00bbdefault\u00bb theme_builder_area=\u00bbpost_content\u00bb _dynamic_attributes=\u00bbcontent\u00bb hover_enabled=\u00bb0&#8243; sticky_enabled=\u00bb0&#8243; custom_margin=\u00bb0px||0px||false|false\u00bb custom_padding=\u00bb0px||0px||false|false\u00bb]@ET-DC@eyJkeW5hbWljIjp0cnVlLCJjb250ZW50IjoicG9zdF90aXRsZSIsInNldHRpbmdzIjp7ImJlZm9yZSI6IjxoMSBjbGFzcz1cImVudHJ5X3RpdGxlXCI+IiwiYWZ0ZXIiOiI8L2gxPiJ9fQ==@[\/et_pb_text][et_pb_text _builder_version=\u00bb4.14.8&#8243; _module_preset=\u00bbdefault\u00bb theme_builder_area=\u00bbpost_content\u00bb _dynamic_attributes=\u00bbcontent\u00bb custom_padding=\u00bb0px||0px||false|false\u00bb custom_margin=\u00bb0px||0px||false|false\u00bb hover_enabled=\u00bb0&#8243; sticky_enabled=\u00bb0&#8243;]@ET-DC@eyJkeW5hbWljIjp0cnVlLCJjb250ZW50IjoicG9zdF9kYXRlIiwic2V0dGluZ3MiOnsiYmVmb3JlIjoiIiwiYWZ0ZXIiOiIiLCJkYXRlX2Zvcm1hdCI6ImN1c3RvbSIsImN1c3RvbV9kYXRlX2Zvcm1hdCI6IlktbS1kIEg6aTpzIn19@[\/et_pb_text][\/et_pb_column][\/et_pb_row][\/et_pb_section][et_pb_section fb_built=\u00bb1&#8243; _builder_version=\u00bb4.14.8&#8243; _module_preset=\u00bbdefault\u00bb custom_margin=\u00bb0px||||false|false\u00bb custom_padding=\u00bb0px||||false|false\u00bb top_divider_color=\u00bbRGBA(255,255,255,0)\u00bb top_divider_height=\u00bb0px\u00bb hover_enabled=\u00bb0&#8243; global_colors_info=\u00bb{}\u00bb sticky_enabled=\u00bb0&#8243;][et_pb_row column_structure=\u00bb4_4&#8243; _builder_version=\u00bb4.14.8&#8243; _module_preset=\u00bbdefault\u00bb global_colors_info=\u00bb{}\u00bb][et_pb_column type=\u00bb4_4&#8243; _builder_version=\u00bb4.14.8&#8243; _module_preset=\u00bbdefault\u00bb global_colors_info=\u00bb{}\u00bb][et_pb_image src=\u00bbhttps:\/\/www.ieec.cat\/wp-content\/uploads\/2022\/12\/1615457123_5156bb015edd2d3ad77923b226b25386_ensposemenorbita.jpg\u00bb alt=\u00bbPresentation of the winning name to baptise the first nanosatellite of the Catalan Government in collaboration with IEEC\u00bb _builder_version=\u00bb4.14.8&#8243; _module_preset=\u00bbdefault\u00bb title_text=\u00bbPR_Image1.png\u00bb hover_enabled=\u00bb0&#8243; sticky_enabled=\u00bb0&#8243; width=\u00bb600px\u00bb module_alignment=\u00bbcenter\u00bb][\/et_pb_image][et_pb_text _builder_version=\u00bb4.14.8&#8243; _module_preset=\u00bbdefault\u00bb global_colors_info=\u00bb{}\u00bb]Ayer, 10 de marzo de 2021, en un acto que tuvo lugar a las 18:30 h en <a href=\"https:\/\/cosmocaixa.org\/es\/cosmocaixa-barcelona\">CosmoCaixa<\/a>, se dio a conocer el nombre ganador del concurso organizado por el programa informativo del canal Super3 <a href=\"https:\/\/www.ccma.cat\/tv3\/super3\/infok\/\">&laquo;InfoK&raquo;<\/a> para bautizar el primer nanosat&eacute;lite que la Generalitat de Catalunya pondr&aacute; en &oacute;rbita, as&iacute; como el nombre de las cinco ni&ntilde;as que lo han propuesto, provenientes de cuatro comarcas diferentes de Catalu&ntilde;a.<\/p>\n<p>&laquo;Enxaneta&raquo; es el nombre con el que los ni&ntilde;os y ni&ntilde;as catalanes han decidido llamar al nanosat&eacute;lite que el pr&oacute;ximo 20 de marzo de 2021 despegar&aacute; desde el cosm&oacute;dromo de Baikonur, en Kazajst&aacute;n, en el marco de la <a href=\"https:\/\/politiquesdigitals.gencat.cat\/ca\/tic\/estrategia-new-space-de-catalunya\/\">Estrategia NewSpace<\/a> del Gobierno catal&aacute;n. El concurso, fruto de la colaboraci&oacute;n entre el <a href=\"http:\/\/www.ieec.cat\/\">Institut d&rsquo;Estudis Espacials de Catalunya<\/a> (IEEC), el <a href=\"https:\/\/politiquesdigitals.gencat.cat\/ca\/inici\">Departamento de Pol&iacute;ticas Digitales y Administraci&oacute;n P&uacute;blica<\/a> y la <a href=\"https:\/\/www.ccma.cat\/\">Corporaci&oacute; Catalana de Mitjans Audiovisuals<\/a> (CCMA), ha registrado la participaci&oacute;n de casi 10.000 ni&ntilde;os de toda Catalu&ntilde;a.<\/p>\n<p>El acto estuvo presidido por el consejero de Pol&iacute;ticas Digitales, <strong>Jordi Puigner&oacute;<\/strong>, la vicepresidenta y presidenta en funciones de la CCMA, <strong>N&uacute;ria Llorach<\/strong>, y el director del IEEC, <strong>Ignasi Ribas<\/strong>. Tambi&eacute;n asistieron al acto los 19 ni&ntilde;os que propusieron los diez nombres que resultaron finalistas en el concurso y sus respectivas familias. Adem&aacute;s, el f&iacute;sico y doctor en Ingenier&iacute;a Aeroespacial e investigador del IEEC en la <a href=\"https:\/\/www.upc.edu\/ca\">Universitat Polit&egrave;cnica de Catalunya<\/a> (UPC) Miquel Sureda intervino con una charla divulgativa.<\/p>\n<p>Las cinco ganadoras del concurso recibieron como premio una visita guiada al <a href=\"http:\/\/www.ieec.cat\/en\/content\/206\/what-s-the-oadm\">Observatori Astron&ograve;mic del Montsec<\/a> (OAdM), ubicado en Sant Esteve de la Sarga (Pallars Juss&agrave;) y gestionado por el IEEC, y una entrada para visitar el <a href=\"https:\/\/www.parcastronomic.cat\/?lang=es\">Centre d&rsquo;Observaci&oacute; de l&rsquo;Univers<\/a> (COU) en &Agrave;ger (Noguera), con sus familias. Adem&aacute;s, durante el acto de ayer se entreg&oacute; a las ganadoras una maqueta del nanosat&eacute;lite impresa en 3D a cargo del IEEC, en la que pegaron el nombre de &laquo;Enxaneta&raquo; en directo.<\/p>\n<p>El concurso del &laquo;InfoK&raquo; arranc&oacute; el pasado 27 de enero coincidiendo con la adjudicaci&oacute;n de la construcci&oacute;n de los dos primeros nanosat&eacute;lites que la Generalitat pondr&aacute; en &oacute;rbita. Durante las dos semanas siguientes, un millar de ni&ntilde;os y ni&ntilde;as de toda Catalu&ntilde;a propusieron hasta 203 nombres para el primero de estos nanosat&eacute;lites. De entre estos, un jurado integrado por las tres entidades promotoras seleccion&oacute; los diez finalistas: <em>Enxaneta, Patuf&egrave;lit, Valentina, Infokaire, Espiadimonis, Flash, Llibertat, Gaud&iacute;, Intr&egrave;pid y Llampec<\/em> (Rel&aacute;mpago). Del 17 de febrero al 4 de marzo, los ni&ntilde;os pudieron votar por su favorito. De los 19 ni&ntilde;os que propusieron los diez nombres que llegaron a la final, 13 son ni&ntilde;as y seis son ni&ntilde;os.<\/p>\n<p>&laquo;Enxaneta&raquo;, la construcci&oacute;n y la puesta en &oacute;rbita del cual van a cargo de la empresa <a href=\"https:\/\/sateliot.space\/\">Sateliot<\/a>, despegar&aacute; el pr&oacute;ximo 20 de marzo, a las 07:07:12 h (hora catalana), desde el cosm&oacute;dromo de Baikonur, en Kazajst&aacute;n, a bordo de un cohete Soyuz 2.<\/p>\n<p>El lanzamiento del cohete que transportar&aacute; el nanosat&eacute;lite se podr&aacute; seguir en directo a trav&eacute;s de la <a href=\"http:\/\/www.ensposemenorbita.cat\">web<\/a>, donde ya est&aacute; activada la cuenta atr&aacute;s hasta el momento del despegue.<\/p>\n<p><img decoding=\"async\" alt=\"\" src=\"https:\/\/i.imgur.com\/BBWsgGX.jpg\" style=\"height:510px;margin-bottom:0px;margin-left:0px;margin-right:0px;margin-top:0px;width:765px\" \/><\/p>\n<p><em>Leyenda: Las cinco ni&ntilde;as que propusieron el nombre ganador del concurso para bautizar el primer nanosat&egrave;l&middot;lit de la Generalitat en colaboraci&oacute;n con el IEEC. A la derecha, el consejero de Pol&iacute;ticas Digitales, Jordi Puigner&oacute;. A la izquierda, la directora y presentadora de InfoK, N&uacute;ria Vilanova.<br \/>\nCr&eacute;dito: Generalitat de Catalunya<\/em>[\/et_pb_text][\/et_pb_column][\/et_pb_row][\/et_pb_section]<\/p>\n","protected":false},"excerpt":{"rendered":"<p>Ayer, 10 de marzo de 2021, en un acto que tuvo lugar a las 18:30 h en CosmoCaixa, se dio a conocer el nombre ganador del concurso organizado por el programa informativo del canal Super3 &laquo;InfoK&raquo; para bautizar el primer nanosat&eacute;lite que la Generalitat de Catalunya pondr&aacute; en &oacute;rbita, as&iacute; como el nombre de las [&hellip;]<\/p>\n","protected":false},"author":0,"featured_media":4281,"comment_status":"closed","ping_status":"open","sticky":false,"template":"","format":"standard","meta":{"_et_pb_use_builder":"on","_et_pb_old_content":"","_et_gb_content_width":"2880","footnotes":""},"categories":[70,77],"tags":[],"class_list":["post-4286","post","type-post","status-publish","format-standard","has-post-thumbnail","hentry","category-anuncios","category-otros-anuncios"],"yoast_head":"<!-- This site is optimized with the Yoast SEO plugin v27.4 - https:\/\/yoast.com\/product\/yoast-seo-wordpress\/ -->\n<title>Presentaci\u00f3n del nombre ganador para bautizar el primer nanosat\u00e9lite de la Generalitat en colaboraci\u00f3n con el IEEC - IEEC<\/title>\n<meta name=\"robots\" content=\"index, follow, max-snippet:-1, max-image-preview:large, max-video-preview:-1\" \/>\n<link rel=\"canonical\" href=\"https:\/\/www.ieec.cat\/es\/presentaci%c3%b3n-del-nombre-ganador-para-bautizar-el-primer-nanosat%c3%a9lite-de-la-generalitat-en-colaboraci%c3%b3n-con-el-ieec\/\" \/>\n<meta property=\"og:locale\" content=\"es_ES\" \/>\n<meta property=\"og:type\" content=\"article\" \/>\n<meta property=\"og:title\" content=\"Presentaci\u00f3n del nombre ganador para bautizar el primer nanosat\u00e9lite de la Generalitat en colaboraci\u00f3n con el IEEC - IEEC\" \/>\n<meta property=\"og:description\" content=\"Ayer, 10 de marzo de 2021, en un acto que tuvo lugar a las 18:30 h en CosmoCaixa, se dio a conocer el nombre ganador del concurso organizado por el programa informativo del canal Super3 &laquo;InfoK&raquo; para bautizar el primer nanosat&eacute;lite que la Generalitat de Catalunya pondr&aacute; en &oacute;rbita, as&iacute; como el nombre de las [&hellip;]\" \/>\n<meta property=\"og:url\" content=\"https:\/\/www.ieec.cat\/es\/presentaci%c3%b3n-del-nombre-ganador-para-bautizar-el-primer-nanosat%c3%a9lite-de-la-generalitat-en-colaboraci%c3%b3n-con-el-ieec\/\" \/>\n<meta property=\"og:site_name\" content=\"IEEC\" \/>\n<meta property=\"article:published_time\" content=\"2021-03-11T10:00:00+00:00\" \/>\n<meta property=\"article:modified_time\" content=\"2022-12-22T22:18:07+00:00\" \/>\n<meta property=\"og:image\" content=\"https:\/\/www.ieec.cat\/wp-content\/uploads\/2022\/12\/1615457123_5156bb015edd2d3ad77923b226b25386_ensposemenorbita.jpg\" \/>\n\t<meta property=\"og:image:width\" content=\"299\" \/>\n\t<meta property=\"og:image:height\" content=\"224\" \/>\n\t<meta property=\"og:image:type\" content=\"image\/jpeg\" \/>\n<meta name=\"twitter:card\" content=\"summary_large_image\" \/>\n<meta name=\"twitter:label1\" content=\"Tiempo de lectura\" \/>\n\t<meta name=\"twitter:data1\" content=\"1 minuto\" \/>\n<script type=\"application\/ld+json\" class=\"yoast-schema-graph\">{\"@context\":\"https:\\\/\\\/schema.org\",\"@graph\":[{\"@type\":\"Article\",\"@id\":\"https:\\\/\\\/www.ieec.cat\\\/es\\\/presentaci%c3%b3n-del-nombre-ganador-para-bautizar-el-primer-nanosat%c3%a9lite-de-la-generalitat-en-colaboraci%c3%b3n-con-el-ieec\\\/#article\",\"isPartOf\":{\"@id\":\"https:\\\/\\\/www.ieec.cat\\\/es\\\/presentaci%c3%b3n-del-nombre-ganador-para-bautizar-el-primer-nanosat%c3%a9lite-de-la-generalitat-en-colaboraci%c3%b3n-con-el-ieec\\\/\"},\"author\":{\"name\":\"\",\"@id\":\"\"},\"headline\":\"Presentaci\u00f3n del nombre ganador para bautizar el primer nanosat\u00e9lite de la Generalitat en colaboraci\u00f3n con el IEEC\",\"datePublished\":\"2021-03-11T10:00:00+00:00\",\"dateModified\":\"2022-12-22T22:18:07+00:00\",\"mainEntityOfPage\":{\"@id\":\"https:\\\/\\\/www.ieec.cat\\\/es\\\/presentaci%c3%b3n-del-nombre-ganador-para-bautizar-el-primer-nanosat%c3%a9lite-de-la-generalitat-en-colaboraci%c3%b3n-con-el-ieec\\\/\"},\"wordCount\":1058,\"image\":{\"@id\":\"https:\\\/\\\/www.ieec.cat\\\/es\\\/presentaci%c3%b3n-del-nombre-ganador-para-bautizar-el-primer-nanosat%c3%a9lite-de-la-generalitat-en-colaboraci%c3%b3n-con-el-ieec\\\/#primaryimage\"},\"thumbnailUrl\":\"https:\\\/\\\/www.ieec.cat\\\/wp-content\\\/uploads\\\/2022\\\/12\\\/1615457123_5156bb015edd2d3ad77923b226b25386_ensposemenorbita.jpg\",\"articleSection\":[\"Anuncios\",\"Otros\"],\"inLanguage\":\"es\"},{\"@type\":\"WebPage\",\"@id\":\"https:\\\/\\\/www.ieec.cat\\\/es\\\/presentaci%c3%b3n-del-nombre-ganador-para-bautizar-el-primer-nanosat%c3%a9lite-de-la-generalitat-en-colaboraci%c3%b3n-con-el-ieec\\\/\",\"url\":\"https:\\\/\\\/www.ieec.cat\\\/es\\\/presentaci%c3%b3n-del-nombre-ganador-para-bautizar-el-primer-nanosat%c3%a9lite-de-la-generalitat-en-colaboraci%c3%b3n-con-el-ieec\\\/\",\"name\":\"Presentaci\u00f3n del nombre ganador para bautizar el primer nanosat\u00e9lite de la Generalitat en colaboraci\u00f3n con el IEEC - IEEC\",\"isPartOf\":{\"@id\":\"https:\\\/\\\/www.ieec.cat\\\/es\\\/#website\"},\"primaryImageOfPage\":{\"@id\":\"https:\\\/\\\/www.ieec.cat\\\/es\\\/presentaci%c3%b3n-del-nombre-ganador-para-bautizar-el-primer-nanosat%c3%a9lite-de-la-generalitat-en-colaboraci%c3%b3n-con-el-ieec\\\/#primaryimage\"},\"image\":{\"@id\":\"https:\\\/\\\/www.ieec.cat\\\/es\\\/presentaci%c3%b3n-del-nombre-ganador-para-bautizar-el-primer-nanosat%c3%a9lite-de-la-generalitat-en-colaboraci%c3%b3n-con-el-ieec\\\/#primaryimage\"},\"thumbnailUrl\":\"https:\\\/\\\/www.ieec.cat\\\/wp-content\\\/uploads\\\/2022\\\/12\\\/1615457123_5156bb015edd2d3ad77923b226b25386_ensposemenorbita.jpg\",\"datePublished\":\"2021-03-11T10:00:00+00:00\",\"dateModified\":\"2022-12-22T22:18:07+00:00\",\"author\":{\"@id\":\"\"},\"breadcrumb\":{\"@id\":\"https:\\\/\\\/www.ieec.cat\\\/es\\\/presentaci%c3%b3n-del-nombre-ganador-para-bautizar-el-primer-nanosat%c3%a9lite-de-la-generalitat-en-colaboraci%c3%b3n-con-el-ieec\\\/#breadcrumb\"},\"inLanguage\":\"es\",\"potentialAction\":[{\"@type\":\"ReadAction\",\"target\":[\"https:\\\/\\\/www.ieec.cat\\\/es\\\/presentaci%c3%b3n-del-nombre-ganador-para-bautizar-el-primer-nanosat%c3%a9lite-de-la-generalitat-en-colaboraci%c3%b3n-con-el-ieec\\\/\"]}]},{\"@type\":\"ImageObject\",\"inLanguage\":\"es\",\"@id\":\"https:\\\/\\\/www.ieec.cat\\\/es\\\/presentaci%c3%b3n-del-nombre-ganador-para-bautizar-el-primer-nanosat%c3%a9lite-de-la-generalitat-en-colaboraci%c3%b3n-con-el-ieec\\\/#primaryimage\",\"url\":\"https:\\\/\\\/www.ieec.cat\\\/wp-content\\\/uploads\\\/2022\\\/12\\\/1615457123_5156bb015edd2d3ad77923b226b25386_ensposemenorbita.jpg\",\"contentUrl\":\"https:\\\/\\\/www.ieec.cat\\\/wp-content\\\/uploads\\\/2022\\\/12\\\/1615457123_5156bb015edd2d3ad77923b226b25386_ensposemenorbita.jpg\",\"width\":299,\"height\":224},{\"@type\":\"BreadcrumbList\",\"@id\":\"https:\\\/\\\/www.ieec.cat\\\/es\\\/presentaci%c3%b3n-del-nombre-ganador-para-bautizar-el-primer-nanosat%c3%a9lite-de-la-generalitat-en-colaboraci%c3%b3n-con-el-ieec\\\/#breadcrumb\",\"itemListElement\":[{\"@type\":\"ListItem\",\"position\":1,\"name\":\"Portada\",\"item\":\"https:\\\/\\\/www.ieec.cat\\\/es\\\/\"},{\"@type\":\"ListItem\",\"position\":2,\"name\":\"Presentaci\u00f3n del nombre ganador para bautizar el primer nanosat\u00e9lite de la Generalitat en colaboraci\u00f3n con el IEEC\"}]},{\"@type\":\"WebSite\",\"@id\":\"https:\\\/\\\/www.ieec.cat\\\/es\\\/#website\",\"url\":\"https:\\\/\\\/www.ieec.cat\\\/es\\\/\",\"name\":\"IEEC\",\"description\":\"Institut d&#039;Estudis Espacials de Catalunya\",\"potentialAction\":[{\"@type\":\"SearchAction\",\"target\":{\"@type\":\"EntryPoint\",\"urlTemplate\":\"https:\\\/\\\/www.ieec.cat\\\/es\\\/?s={search_term_string}\"},\"query-input\":{\"@type\":\"PropertyValueSpecification\",\"valueRequired\":true,\"valueName\":\"search_term_string\"}}],\"inLanguage\":\"es\"}]}<\/script>\n<!-- \/ Yoast SEO plugin. -->","yoast_head_json":{"title":"Presentaci\u00f3n del nombre ganador para bautizar el primer nanosat\u00e9lite de la Generalitat en colaboraci\u00f3n con el IEEC - IEEC","robots":{"index":"index","follow":"follow","max-snippet":"max-snippet:-1","max-image-preview":"max-image-preview:large","max-video-preview":"max-video-preview:-1"},"canonical":"https:\/\/www.ieec.cat\/es\/presentaci%c3%b3n-del-nombre-ganador-para-bautizar-el-primer-nanosat%c3%a9lite-de-la-generalitat-en-colaboraci%c3%b3n-con-el-ieec\/","og_locale":"es_ES","og_type":"article","og_title":"Presentaci\u00f3n del nombre ganador para bautizar el primer nanosat\u00e9lite de la Generalitat en colaboraci\u00f3n con el IEEC - IEEC","og_description":"Ayer, 10 de marzo de 2021, en un acto que tuvo lugar a las 18:30 h en CosmoCaixa, se dio a conocer el nombre ganador del concurso organizado por el programa informativo del canal Super3 &laquo;InfoK&raquo; para bautizar el primer nanosat&eacute;lite que la Generalitat de Catalunya pondr&aacute; en &oacute;rbita, as&iacute; como el nombre de las [&hellip;]","og_url":"https:\/\/www.ieec.cat\/es\/presentaci%c3%b3n-del-nombre-ganador-para-bautizar-el-primer-nanosat%c3%a9lite-de-la-generalitat-en-colaboraci%c3%b3n-con-el-ieec\/","og_site_name":"IEEC","article_published_time":"2021-03-11T10:00:00+00:00","article_modified_time":"2022-12-22T22:18:07+00:00","og_image":[{"width":299,"height":224,"url":"https:\/\/www.ieec.cat\/wp-content\/uploads\/2022\/12\/1615457123_5156bb015edd2d3ad77923b226b25386_ensposemenorbita.jpg","type":"image\/jpeg"}],"twitter_card":"summary_large_image","twitter_misc":{"Tiempo de lectura":"1 minuto"},"schema":{"@context":"https:\/\/schema.org","@graph":[{"@type":"Article","@id":"https:\/\/www.ieec.cat\/es\/presentaci%c3%b3n-del-nombre-ganador-para-bautizar-el-primer-nanosat%c3%a9lite-de-la-generalitat-en-colaboraci%c3%b3n-con-el-ieec\/#article","isPartOf":{"@id":"https:\/\/www.ieec.cat\/es\/presentaci%c3%b3n-del-nombre-ganador-para-bautizar-el-primer-nanosat%c3%a9lite-de-la-generalitat-en-colaboraci%c3%b3n-con-el-ieec\/"},"author":{"name":"","@id":""},"headline":"Presentaci\u00f3n del nombre ganador para bautizar el primer nanosat\u00e9lite de la Generalitat en colaboraci\u00f3n con el IEEC","datePublished":"2021-03-11T10:00:00+00:00","dateModified":"2022-12-22T22:18:07+00:00","mainEntityOfPage":{"@id":"https:\/\/www.ieec.cat\/es\/presentaci%c3%b3n-del-nombre-ganador-para-bautizar-el-primer-nanosat%c3%a9lite-de-la-generalitat-en-colaboraci%c3%b3n-con-el-ieec\/"},"wordCount":1058,"image":{"@id":"https:\/\/www.ieec.cat\/es\/presentaci%c3%b3n-del-nombre-ganador-para-bautizar-el-primer-nanosat%c3%a9lite-de-la-generalitat-en-colaboraci%c3%b3n-con-el-ieec\/#primaryimage"},"thumbnailUrl":"https:\/\/www.ieec.cat\/wp-content\/uploads\/2022\/12\/1615457123_5156bb015edd2d3ad77923b226b25386_ensposemenorbita.jpg","articleSection":["Anuncios","Otros"],"inLanguage":"es"},{"@type":"WebPage","@id":"https:\/\/www.ieec.cat\/es\/presentaci%c3%b3n-del-nombre-ganador-para-bautizar-el-primer-nanosat%c3%a9lite-de-la-generalitat-en-colaboraci%c3%b3n-con-el-ieec\/","url":"https:\/\/www.ieec.cat\/es\/presentaci%c3%b3n-del-nombre-ganador-para-bautizar-el-primer-nanosat%c3%a9lite-de-la-generalitat-en-colaboraci%c3%b3n-con-el-ieec\/","name":"Presentaci\u00f3n del nombre ganador para bautizar el primer nanosat\u00e9lite de la Generalitat en colaboraci\u00f3n con el IEEC - IEEC","isPartOf":{"@id":"https:\/\/www.ieec.cat\/es\/#website"},"primaryImageOfPage":{"@id":"https:\/\/www.ieec.cat\/es\/presentaci%c3%b3n-del-nombre-ganador-para-bautizar-el-primer-nanosat%c3%a9lite-de-la-generalitat-en-colaboraci%c3%b3n-con-el-ieec\/#primaryimage"},"image":{"@id":"https:\/\/www.ieec.cat\/es\/presentaci%c3%b3n-del-nombre-ganador-para-bautizar-el-primer-nanosat%c3%a9lite-de-la-generalitat-en-colaboraci%c3%b3n-con-el-ieec\/#primaryimage"},"thumbnailUrl":"https:\/\/www.ieec.cat\/wp-content\/uploads\/2022\/12\/1615457123_5156bb015edd2d3ad77923b226b25386_ensposemenorbita.jpg","datePublished":"2021-03-11T10:00:00+00:00","dateModified":"2022-12-22T22:18:07+00:00","author":{"@id":""},"breadcrumb":{"@id":"https:\/\/www.ieec.cat\/es\/presentaci%c3%b3n-del-nombre-ganador-para-bautizar-el-primer-nanosat%c3%a9lite-de-la-generalitat-en-colaboraci%c3%b3n-con-el-ieec\/#breadcrumb"},"inLanguage":"es","potentialAction":[{"@type":"ReadAction","target":["https:\/\/www.ieec.cat\/es\/presentaci%c3%b3n-del-nombre-ganador-para-bautizar-el-primer-nanosat%c3%a9lite-de-la-generalitat-en-colaboraci%c3%b3n-con-el-ieec\/"]}]},{"@type":"ImageObject","inLanguage":"es","@id":"https:\/\/www.ieec.cat\/es\/presentaci%c3%b3n-del-nombre-ganador-para-bautizar-el-primer-nanosat%c3%a9lite-de-la-generalitat-en-colaboraci%c3%b3n-con-el-ieec\/#primaryimage","url":"https:\/\/www.ieec.cat\/wp-content\/uploads\/2022\/12\/1615457123_5156bb015edd2d3ad77923b226b25386_ensposemenorbita.jpg","contentUrl":"https:\/\/www.ieec.cat\/wp-content\/uploads\/2022\/12\/1615457123_5156bb015edd2d3ad77923b226b25386_ensposemenorbita.jpg","width":299,"height":224},{"@type":"BreadcrumbList","@id":"https:\/\/www.ieec.cat\/es\/presentaci%c3%b3n-del-nombre-ganador-para-bautizar-el-primer-nanosat%c3%a9lite-de-la-generalitat-en-colaboraci%c3%b3n-con-el-ieec\/#breadcrumb","itemListElement":[{"@type":"ListItem","position":1,"name":"Portada","item":"https:\/\/www.ieec.cat\/es\/"},{"@type":"ListItem","position":2,"name":"Presentaci\u00f3n del nombre ganador para bautizar el primer nanosat\u00e9lite de la Generalitat en colaboraci\u00f3n con el IEEC"}]},{"@type":"WebSite","@id":"https:\/\/www.ieec.cat\/es\/#website","url":"https:\/\/www.ieec.cat\/es\/","name":"IEEC","description":"Institut d&#039;Estudis Espacials de Catalunya","potentialAction":[{"@type":"SearchAction","target":{"@type":"EntryPoint","urlTemplate":"https:\/\/www.ieec.cat\/es\/?s={search_term_string}"},"query-input":{"@type":"PropertyValueSpecification","valueRequired":true,"valueName":"search_term_string"}}],"inLanguage":"es"}]}},"_links":{"self":[{"href":"https:\/\/www.ieec.cat\/es\/wp-json\/wp\/v2\/posts\/4286","targetHints":{"allow":["GET"]}}],"collection":[{"href":"https:\/\/www.ieec.cat\/es\/wp-json\/wp\/v2\/posts"}],"about":[{"href":"https:\/\/www.ieec.cat\/es\/wp-json\/wp\/v2\/types\/post"}],"replies":[{"embeddable":true,"href":"https:\/\/www.ieec.cat\/es\/wp-json\/wp\/v2\/comments?post=4286"}],"version-history":[{"count":1,"href":"https:\/\/www.ieec.cat\/es\/wp-json\/wp\/v2\/posts\/4286\/revisions"}],"predecessor-version":[{"id":10239,"href":"https:\/\/www.ieec.cat\/es\/wp-json\/wp\/v2\/posts\/4286\/revisions\/10239"}],"wp:featuredmedia":[{"embeddable":true,"href":"https:\/\/www.ieec.cat\/es\/wp-json\/wp\/v2\/media\/4281"}],"wp:attachment":[{"href":"https:\/\/www.ieec.cat\/es\/wp-json\/wp\/v2\/media?parent=4286"}],"wp:term":[{"taxonomy":"category","embeddable":true,"href":"https:\/\/www.ieec.cat\/es\/wp-json\/wp\/v2\/categories?post=4286"},{"taxonomy":"post_tag","embeddable":true,"href":"https:\/\/www.ieec.cat\/es\/wp-json\/wp\/v2\/tags?post=4286"}],"curies":[{"name":"wp","href":"https:\/\/api.w.org\/{rel}","templated":true}]}}