{"id":4334,"date":"2021-02-05T12:00:00","date_gmt":"2021-02-05T11:00:00","guid":{"rendered":"https:\/\/www.ieec.cat\/el-ieec-inaugura-los-actos-de-celebraci%c3%b3n-por-su-25%c2%ba-aniversario-con-un-t%c3%a1ndem-de-parejas-cient%c3%adficas-de-entidades-p%c3%bablicas-y-privadas\/"},"modified":"2022-12-22T23:18:26","modified_gmt":"2022-12-22T22:18:26","slug":"el-ieec-inaugura-los-actos-de-celebraci%c3%b3n-por-su-25%c2%ba-aniversario-con-un-t%c3%a1ndem-de-parejas-cient%c3%adficas-de-entidades-p%c3%bablicas-y-privadas","status":"publish","type":"post","link":"https:\/\/www.ieec.cat\/es\/el-ieec-inaugura-los-actos-de-celebraci%c3%b3n-por-su-25%c2%ba-aniversario-con-un-t%c3%a1ndem-de-parejas-cient%c3%adficas-de-entidades-p%c3%bablicas-y-privadas\/","title":{"rendered":"El IEEC inaugura los actos de celebraci\u00f3n por su 25\u00ba aniversario con un T\u00e1ndem de parejas cient\u00edficas de entidades p\u00fablicas y privadas"},"content":{"rendered":"<p>[et_pb_section fb_built=\u00bb1&#8243; fullwidth=\u00bbon\u00bb theme_builder_area=\u00bbpost_content\u00bb _builder_version=\u00bb4.14.8&#8243; _module_preset=\u00bbdefault\u00bb height=\u00bb114px\u00bb background_color=\u00bb\u00bb hover_enabled=\u00bb0&#8243; sticky_enabled=\u00bb0&#8243; title_text=\u00bb\u00bb background_image=\u00bb\/wp-content\/uploads\/2022\/04\/slider-corpo2.jpg\u00bb][\/et_pb_section][et_pb_section fb_built=\u00bb1&#8243; theme_builder_area=\u00bbpost_content\u00bb _builder_version=\u00bb4.14.8&#8243; _module_preset=\u00bbdefault\u00bb custom_padding=\u00bb||0px||false|false\u00bb custom_margin=\u00bb||0px||false|false\u00bb hover_enabled=\u00bb0&#8243; sticky_enabled=\u00bb0&#8243;][et_pb_row _builder_version=\u00bb4.14.8&#8243; _module_preset=\u00bbdefault\u00bb theme_builder_area=\u00bbpost_content\u00bb][et_pb_column _builder_version=\u00bb4.14.8&#8243; _module_preset=\u00bbdefault\u00bb type=\u00bb4_4&#8243; theme_builder_area=\u00bbpost_content\u00bb][et_pb_text _builder_version=\u00bb4.14.8&#8243; _module_preset=\u00bbdefault\u00bb theme_builder_area=\u00bbpost_content\u00bb _dynamic_attributes=\u00bbcontent\u00bb hover_enabled=\u00bb0&#8243; sticky_enabled=\u00bb0&#8243; custom_margin=\u00bb0px||0px||false|false\u00bb custom_padding=\u00bb0px||0px||false|false\u00bb]@ET-DC@eyJkeW5hbWljIjp0cnVlLCJjb250ZW50IjoicG9zdF90aXRsZSIsInNldHRpbmdzIjp7ImJlZm9yZSI6IjxoMSBjbGFzcz1cImVudHJ5X3RpdGxlXCI+IiwiYWZ0ZXIiOiI8L2gxPiJ9fQ==@[\/et_pb_text][et_pb_text _builder_version=\u00bb4.14.8&#8243; _module_preset=\u00bbdefault\u00bb theme_builder_area=\u00bbpost_content\u00bb _dynamic_attributes=\u00bbcontent\u00bb custom_padding=\u00bb0px||0px||false|false\u00bb custom_margin=\u00bb0px||0px||false|false\u00bb hover_enabled=\u00bb0&#8243; sticky_enabled=\u00bb0&#8243;]@ET-DC@eyJkeW5hbWljIjp0cnVlLCJjb250ZW50IjoicG9zdF9kYXRlIiwic2V0dGluZ3MiOnsiYmVmb3JlIjoiIiwiYWZ0ZXIiOiIiLCJkYXRlX2Zvcm1hdCI6ImN1c3RvbSIsImN1c3RvbV9kYXRlX2Zvcm1hdCI6IlktbS1kIEg6aTpzIn19@[\/et_pb_text][\/et_pb_column][\/et_pb_row][\/et_pb_section][et_pb_section fb_built=\u00bb1&#8243; _builder_version=\u00bb4.14.8&#8243; _module_preset=\u00bbdefault\u00bb custom_margin=\u00bb0px||||false|false\u00bb custom_padding=\u00bb0px||||false|false\u00bb top_divider_color=\u00bbRGBA(255,255,255,0)\u00bb top_divider_height=\u00bb0px\u00bb hover_enabled=\u00bb0&#8243; global_colors_info=\u00bb{}\u00bb sticky_enabled=\u00bb0&#8243;][et_pb_row column_structure=\u00bb4_4&#8243; _builder_version=\u00bb4.14.8&#8243; _module_preset=\u00bbdefault\u00bb global_colors_info=\u00bb{}\u00bb][et_pb_column type=\u00bb4_4&#8243; _builder_version=\u00bb4.14.8&#8243; _module_preset=\u00bbdefault\u00bb global_colors_info=\u00bb{}\u00bb][et_pb_image src=\u00bbhttps:\/\/www.ieec.cat\/wp-content\/uploads\/2022\/12\/1612961156_d1a9fb66df23bdf8aed2b8f3ada3a55e_pr_image1.png\u00bb alt=\u00bbThe IEEC inaugurates the celebration of its 25th anniversary with a Tandem of scientific couples from public and private entities\u00bb _builder_version=\u00bb4.14.8&#8243; _module_preset=\u00bbdefault\u00bb title_text=\u00bbPR_Image1.png\u00bb hover_enabled=\u00bb0&#8243; sticky_enabled=\u00bb0&#8243; width=\u00bb600px\u00bb module_alignment=\u00bbcenter\u00bb][\/et_pb_image][et_pb_text _builder_version=\u00bb4.14.8&#8243; _module_preset=\u00bbdefault\u00bb global_colors_info=\u00bb{}\u00bb]El pr&oacute;ximo s&aacute;bado, d&iacute;a 6 de febrero del 2021, el <a href=\"http:\/\/www.ieec.cat\/ca\">Instituto d&rsquo;Estudis Espacials de Catalunya<\/a> (IEEC) <strong>celebra los 25 a&ntilde;os de su creaci&oacute;n<\/strong>, en 1996. Para conmemorar este hito tan se&ntilde;alado, el instituto ha preparado toda una serie de propuestas en los pr&oacute;ximos meses. Adapt&aacute;ndose a los tiempos de pandemia, tenemos por delante un programa lleno de actividades que se llevar&aacute;n a cabo principalmente en formato telem&aacute;tico.<\/p>\n<p>Y para inaugurar la celebraci&oacute;n de nuestro 25&ordm; aniversario, el pr&oacute;ximo lunes d&iacute;a 8 de febrero a las 18:30 h, iniciamos el primero de una serie de &laquo;Tandems de parejas cient&iacute;ficas: entidades p&uacute;blicas y privadas&raquo; con la conversaci&oacute;n &laquo;Perspectivas de futuro de la ciencia del espacio&raquo;.<\/p>\n<p>El director del IEEC e investigador del <a href=\"https:\/\/www.ice.csic.es\/es\/inici\">Instituto de Ciencias del Espacio<\/a> (ICE, CSIC), el Dr. <strong>Ignasi Ribas<\/strong>, y <strong>M&oacute;nica Roca<\/strong>, fundadora y directora de la empresa <a href=\"https:\/\/www.isardsat.cat\/ca\/\">isardSAT<\/a> y vicepresidenta de la <a href=\"https:\/\/www.cambrabcn.org\/es\/home\">C&aacute;mara de Comercio de Barcelona<\/a>, \u200b\u200bconversar&aacute;n con el periodista cient&iacute;fico del peri&oacute;dico <a href=\"https:\/\/es.ara.cat\/\">Ara<\/a>, <strong>Toni Pou<\/strong>, sobre los proyectos de investigaci&oacute;n espacial m&aacute;s ambiciosos en la actualidad, la &laquo;salud&raquo; del tejido acad&eacute;mico y del tejido industrial del sector espacial en Catalu&ntilde;a, la situaci&oacute;n del NewSpace en nuestro territorio, en Espa&ntilde;a y a nivel internacional &#8230; &iexcl;y mucho m&aacute;s!<\/p>\n<p>La conversaci&oacute;n se podr&aacute; seguir en directo por el <a href=\"https:\/\/youtu.be\/A_P3UUq2GmQ\">canal de YouTube del IEEC<\/a>.<\/p>\n<p><img decoding=\"async\" alt=\"\" border=\"0\" hspace=\"0\" src=\"https:\/\/i.imgur.com\/gc7qcuX.jpg\" style=\"border:0px solid black;height:762px;margin-bottom:0px;margin-left:0px;margin-right:0px;margin-top:0px;width:765px\" vspace=\"0\" \/>[\/et_pb_text][\/et_pb_column][\/et_pb_row][\/et_pb_section]<\/p>\n","protected":false},"excerpt":{"rendered":"<p>El pr&oacute;ximo s&aacute;bado, d&iacute;a 6 de febrero del 2021, el Instituto d&rsquo;Estudis Espacials de Catalunya (IEEC) celebra los 25 a&ntilde;os de su creaci&oacute;n, en 1996. Para conmemorar este hito tan se&ntilde;alado, el instituto ha preparado toda una serie de propuestas en los pr&oacute;ximos meses. Adapt&aacute;ndose a los tiempos de pandemia, tenemos por delante un programa [&hellip;]<\/p>\n","protected":false},"author":0,"featured_media":4329,"comment_status":"closed","ping_status":"open","sticky":false,"template":"","format":"standard","meta":{"_et_pb_use_builder":"on","_et_pb_old_content":"","_et_gb_content_width":"2880","footnotes":""},"categories":[70,77],"tags":[],"class_list":["post-4334","post","type-post","status-publish","format-standard","has-post-thumbnail","hentry","category-anuncios","category-otros-anuncios"],"yoast_head":"<!-- This site is optimized with the Yoast SEO plugin v27.4 - https:\/\/yoast.com\/product\/yoast-seo-wordpress\/ -->\n<title>El IEEC inaugura los actos de celebraci\u00f3n por su 25\u00ba aniversario con un T\u00e1ndem de parejas cient\u00edficas de entidades p\u00fablicas y privadas - IEEC<\/title>\n<meta name=\"robots\" content=\"index, follow, max-snippet:-1, max-image-preview:large, max-video-preview:-1\" \/>\n<link rel=\"canonical\" href=\"https:\/\/www.ieec.cat\/es\/el-ieec-inaugura-los-actos-de-celebraci%c3%b3n-por-su-25%c2%ba-aniversario-con-un-t%c3%a1ndem-de-parejas-cient%c3%adficas-de-entidades-p%c3%bablicas-y-privadas\/\" \/>\n<meta property=\"og:locale\" content=\"es_ES\" \/>\n<meta property=\"og:type\" content=\"article\" \/>\n<meta property=\"og:title\" content=\"El IEEC inaugura los actos de celebraci\u00f3n por su 25\u00ba aniversario con un T\u00e1ndem de parejas cient\u00edficas de entidades p\u00fablicas y privadas - IEEC\" \/>\n<meta property=\"og:description\" content=\"El pr&oacute;ximo s&aacute;bado, d&iacute;a 6 de febrero del 2021, el Instituto d&rsquo;Estudis Espacials de Catalunya (IEEC) celebra los 25 a&ntilde;os de su creaci&oacute;n, en 1996. Para conmemorar este hito tan se&ntilde;alado, el instituto ha preparado toda una serie de propuestas en los pr&oacute;ximos meses. Adapt&aacute;ndose a los tiempos de pandemia, tenemos por delante un programa [&hellip;]\" \/>\n<meta property=\"og:url\" content=\"https:\/\/www.ieec.cat\/es\/el-ieec-inaugura-los-actos-de-celebraci%c3%b3n-por-su-25%c2%ba-aniversario-con-un-t%c3%a1ndem-de-parejas-cient%c3%adficas-de-entidades-p%c3%bablicas-y-privadas\/\" \/>\n<meta property=\"og:site_name\" content=\"IEEC\" \/>\n<meta property=\"article:published_time\" content=\"2021-02-05T11:00:00+00:00\" \/>\n<meta property=\"article:modified_time\" content=\"2022-12-22T22:18:26+00:00\" \/>\n<meta property=\"og:image\" content=\"https:\/\/www.ieec.cat\/wp-content\/uploads\/2022\/12\/1612961156_d1a9fb66df23bdf8aed2b8f3ada3a55e_pr_image1-1024x668.png\" \/>\n\t<meta property=\"og:image:width\" content=\"1024\" \/>\n\t<meta property=\"og:image:height\" content=\"668\" \/>\n\t<meta property=\"og:image:type\" content=\"image\/png\" \/>\n<meta name=\"twitter:card\" content=\"summary_large_image\" \/>\n<meta name=\"twitter:label1\" content=\"Tiempo de lectura\" \/>\n\t<meta name=\"twitter:data1\" content=\"1 minuto\" \/>\n<script type=\"application\/ld+json\" class=\"yoast-schema-graph\">{\"@context\":\"https:\\\/\\\/schema.org\",\"@graph\":[{\"@type\":\"Article\",\"@id\":\"https:\\\/\\\/www.ieec.cat\\\/es\\\/el-ieec-inaugura-los-actos-de-celebraci%c3%b3n-por-su-25%c2%ba-aniversario-con-un-t%c3%a1ndem-de-parejas-cient%c3%adficas-de-entidades-p%c3%bablicas-y-privadas\\\/#article\",\"isPartOf\":{\"@id\":\"https:\\\/\\\/www.ieec.cat\\\/es\\\/el-ieec-inaugura-los-actos-de-celebraci%c3%b3n-por-su-25%c2%ba-aniversario-con-un-t%c3%a1ndem-de-parejas-cient%c3%adficas-de-entidades-p%c3%bablicas-y-privadas\\\/\"},\"author\":{\"name\":\"\",\"@id\":\"\"},\"headline\":\"El IEEC inaugura los actos de celebraci\u00f3n por su 25\u00ba aniversario con un T\u00e1ndem de parejas cient\u00edficas de entidades p\u00fablicas y privadas\",\"datePublished\":\"2021-02-05T11:00:00+00:00\",\"dateModified\":\"2022-12-22T22:18:26+00:00\",\"mainEntityOfPage\":{\"@id\":\"https:\\\/\\\/www.ieec.cat\\\/es\\\/el-ieec-inaugura-los-actos-de-celebraci%c3%b3n-por-su-25%c2%ba-aniversario-con-un-t%c3%a1ndem-de-parejas-cient%c3%adficas-de-entidades-p%c3%bablicas-y-privadas\\\/\"},\"wordCount\":668,\"image\":{\"@id\":\"https:\\\/\\\/www.ieec.cat\\\/es\\\/el-ieec-inaugura-los-actos-de-celebraci%c3%b3n-por-su-25%c2%ba-aniversario-con-un-t%c3%a1ndem-de-parejas-cient%c3%adficas-de-entidades-p%c3%bablicas-y-privadas\\\/#primaryimage\"},\"thumbnailUrl\":\"https:\\\/\\\/www.ieec.cat\\\/wp-content\\\/uploads\\\/2022\\\/12\\\/1612961156_d1a9fb66df23bdf8aed2b8f3ada3a55e_pr_image1.png\",\"articleSection\":[\"Anuncios\",\"Otros\"],\"inLanguage\":\"es\"},{\"@type\":\"WebPage\",\"@id\":\"https:\\\/\\\/www.ieec.cat\\\/es\\\/el-ieec-inaugura-los-actos-de-celebraci%c3%b3n-por-su-25%c2%ba-aniversario-con-un-t%c3%a1ndem-de-parejas-cient%c3%adficas-de-entidades-p%c3%bablicas-y-privadas\\\/\",\"url\":\"https:\\\/\\\/www.ieec.cat\\\/es\\\/el-ieec-inaugura-los-actos-de-celebraci%c3%b3n-por-su-25%c2%ba-aniversario-con-un-t%c3%a1ndem-de-parejas-cient%c3%adficas-de-entidades-p%c3%bablicas-y-privadas\\\/\",\"name\":\"El IEEC inaugura los actos de celebraci\u00f3n por su 25\u00ba aniversario con un T\u00e1ndem de parejas cient\u00edficas de entidades p\u00fablicas y privadas - IEEC\",\"isPartOf\":{\"@id\":\"https:\\\/\\\/www.ieec.cat\\\/es\\\/#website\"},\"primaryImageOfPage\":{\"@id\":\"https:\\\/\\\/www.ieec.cat\\\/es\\\/el-ieec-inaugura-los-actos-de-celebraci%c3%b3n-por-su-25%c2%ba-aniversario-con-un-t%c3%a1ndem-de-parejas-cient%c3%adficas-de-entidades-p%c3%bablicas-y-privadas\\\/#primaryimage\"},\"image\":{\"@id\":\"https:\\\/\\\/www.ieec.cat\\\/es\\\/el-ieec-inaugura-los-actos-de-celebraci%c3%b3n-por-su-25%c2%ba-aniversario-con-un-t%c3%a1ndem-de-parejas-cient%c3%adficas-de-entidades-p%c3%bablicas-y-privadas\\\/#primaryimage\"},\"thumbnailUrl\":\"https:\\\/\\\/www.ieec.cat\\\/wp-content\\\/uploads\\\/2022\\\/12\\\/1612961156_d1a9fb66df23bdf8aed2b8f3ada3a55e_pr_image1.png\",\"datePublished\":\"2021-02-05T11:00:00+00:00\",\"dateModified\":\"2022-12-22T22:18:26+00:00\",\"author\":{\"@id\":\"\"},\"breadcrumb\":{\"@id\":\"https:\\\/\\\/www.ieec.cat\\\/es\\\/el-ieec-inaugura-los-actos-de-celebraci%c3%b3n-por-su-25%c2%ba-aniversario-con-un-t%c3%a1ndem-de-parejas-cient%c3%adficas-de-entidades-p%c3%bablicas-y-privadas\\\/#breadcrumb\"},\"inLanguage\":\"es\",\"potentialAction\":[{\"@type\":\"ReadAction\",\"target\":[\"https:\\\/\\\/www.ieec.cat\\\/es\\\/el-ieec-inaugura-los-actos-de-celebraci%c3%b3n-por-su-25%c2%ba-aniversario-con-un-t%c3%a1ndem-de-parejas-cient%c3%adficas-de-entidades-p%c3%bablicas-y-privadas\\\/\"]}]},{\"@type\":\"ImageObject\",\"inLanguage\":\"es\",\"@id\":\"https:\\\/\\\/www.ieec.cat\\\/es\\\/el-ieec-inaugura-los-actos-de-celebraci%c3%b3n-por-su-25%c2%ba-aniversario-con-un-t%c3%a1ndem-de-parejas-cient%c3%adficas-de-entidades-p%c3%bablicas-y-privadas\\\/#primaryimage\",\"url\":\"https:\\\/\\\/www.ieec.cat\\\/wp-content\\\/uploads\\\/2022\\\/12\\\/1612961156_d1a9fb66df23bdf8aed2b8f3ada3a55e_pr_image1.png\",\"contentUrl\":\"https:\\\/\\\/www.ieec.cat\\\/wp-content\\\/uploads\\\/2022\\\/12\\\/1612961156_d1a9fb66df23bdf8aed2b8f3ada3a55e_pr_image1.png\",\"width\":1565,\"height\":1021},{\"@type\":\"BreadcrumbList\",\"@id\":\"https:\\\/\\\/www.ieec.cat\\\/es\\\/el-ieec-inaugura-los-actos-de-celebraci%c3%b3n-por-su-25%c2%ba-aniversario-con-un-t%c3%a1ndem-de-parejas-cient%c3%adficas-de-entidades-p%c3%bablicas-y-privadas\\\/#breadcrumb\",\"itemListElement\":[{\"@type\":\"ListItem\",\"position\":1,\"name\":\"Portada\",\"item\":\"https:\\\/\\\/www.ieec.cat\\\/es\\\/\"},{\"@type\":\"ListItem\",\"position\":2,\"name\":\"El IEEC inaugura los actos de celebraci\u00f3n por su 25\u00ba aniversario con un T\u00e1ndem de parejas cient\u00edficas de entidades p\u00fablicas y privadas\"}]},{\"@type\":\"WebSite\",\"@id\":\"https:\\\/\\\/www.ieec.cat\\\/es\\\/#website\",\"url\":\"https:\\\/\\\/www.ieec.cat\\\/es\\\/\",\"name\":\"IEEC\",\"description\":\"Institut d&#039;Estudis Espacials de Catalunya\",\"potentialAction\":[{\"@type\":\"SearchAction\",\"target\":{\"@type\":\"EntryPoint\",\"urlTemplate\":\"https:\\\/\\\/www.ieec.cat\\\/es\\\/?s={search_term_string}\"},\"query-input\":{\"@type\":\"PropertyValueSpecification\",\"valueRequired\":true,\"valueName\":\"search_term_string\"}}],\"inLanguage\":\"es\"}]}<\/script>\n<!-- \/ Yoast SEO plugin. -->","yoast_head_json":{"title":"El IEEC inaugura los actos de celebraci\u00f3n por su 25\u00ba aniversario con un T\u00e1ndem de parejas cient\u00edficas de entidades p\u00fablicas y privadas - IEEC","robots":{"index":"index","follow":"follow","max-snippet":"max-snippet:-1","max-image-preview":"max-image-preview:large","max-video-preview":"max-video-preview:-1"},"canonical":"https:\/\/www.ieec.cat\/es\/el-ieec-inaugura-los-actos-de-celebraci%c3%b3n-por-su-25%c2%ba-aniversario-con-un-t%c3%a1ndem-de-parejas-cient%c3%adficas-de-entidades-p%c3%bablicas-y-privadas\/","og_locale":"es_ES","og_type":"article","og_title":"El IEEC inaugura los actos de celebraci\u00f3n por su 25\u00ba aniversario con un T\u00e1ndem de parejas cient\u00edficas de entidades p\u00fablicas y privadas - IEEC","og_description":"El pr&oacute;ximo s&aacute;bado, d&iacute;a 6 de febrero del 2021, el Instituto d&rsquo;Estudis Espacials de Catalunya (IEEC) celebra los 25 a&ntilde;os de su creaci&oacute;n, en 1996. Para conmemorar este hito tan se&ntilde;alado, el instituto ha preparado toda una serie de propuestas en los pr&oacute;ximos meses. Adapt&aacute;ndose a los tiempos de pandemia, tenemos por delante un programa [&hellip;]","og_url":"https:\/\/www.ieec.cat\/es\/el-ieec-inaugura-los-actos-de-celebraci%c3%b3n-por-su-25%c2%ba-aniversario-con-un-t%c3%a1ndem-de-parejas-cient%c3%adficas-de-entidades-p%c3%bablicas-y-privadas\/","og_site_name":"IEEC","article_published_time":"2021-02-05T11:00:00+00:00","article_modified_time":"2022-12-22T22:18:26+00:00","og_image":[{"width":1024,"height":668,"url":"https:\/\/www.ieec.cat\/wp-content\/uploads\/2022\/12\/1612961156_d1a9fb66df23bdf8aed2b8f3ada3a55e_pr_image1-1024x668.png","type":"image\/png"}],"twitter_card":"summary_large_image","twitter_misc":{"Tiempo de lectura":"1 minuto"},"schema":{"@context":"https:\/\/schema.org","@graph":[{"@type":"Article","@id":"https:\/\/www.ieec.cat\/es\/el-ieec-inaugura-los-actos-de-celebraci%c3%b3n-por-su-25%c2%ba-aniversario-con-un-t%c3%a1ndem-de-parejas-cient%c3%adficas-de-entidades-p%c3%bablicas-y-privadas\/#article","isPartOf":{"@id":"https:\/\/www.ieec.cat\/es\/el-ieec-inaugura-los-actos-de-celebraci%c3%b3n-por-su-25%c2%ba-aniversario-con-un-t%c3%a1ndem-de-parejas-cient%c3%adficas-de-entidades-p%c3%bablicas-y-privadas\/"},"author":{"name":"","@id":""},"headline":"El IEEC inaugura los actos de celebraci\u00f3n por su 25\u00ba aniversario con un T\u00e1ndem de parejas cient\u00edficas de entidades p\u00fablicas y privadas","datePublished":"2021-02-05T11:00:00+00:00","dateModified":"2022-12-22T22:18:26+00:00","mainEntityOfPage":{"@id":"https:\/\/www.ieec.cat\/es\/el-ieec-inaugura-los-actos-de-celebraci%c3%b3n-por-su-25%c2%ba-aniversario-con-un-t%c3%a1ndem-de-parejas-cient%c3%adficas-de-entidades-p%c3%bablicas-y-privadas\/"},"wordCount":668,"image":{"@id":"https:\/\/www.ieec.cat\/es\/el-ieec-inaugura-los-actos-de-celebraci%c3%b3n-por-su-25%c2%ba-aniversario-con-un-t%c3%a1ndem-de-parejas-cient%c3%adficas-de-entidades-p%c3%bablicas-y-privadas\/#primaryimage"},"thumbnailUrl":"https:\/\/www.ieec.cat\/wp-content\/uploads\/2022\/12\/1612961156_d1a9fb66df23bdf8aed2b8f3ada3a55e_pr_image1.png","articleSection":["Anuncios","Otros"],"inLanguage":"es"},{"@type":"WebPage","@id":"https:\/\/www.ieec.cat\/es\/el-ieec-inaugura-los-actos-de-celebraci%c3%b3n-por-su-25%c2%ba-aniversario-con-un-t%c3%a1ndem-de-parejas-cient%c3%adficas-de-entidades-p%c3%bablicas-y-privadas\/","url":"https:\/\/www.ieec.cat\/es\/el-ieec-inaugura-los-actos-de-celebraci%c3%b3n-por-su-25%c2%ba-aniversario-con-un-t%c3%a1ndem-de-parejas-cient%c3%adficas-de-entidades-p%c3%bablicas-y-privadas\/","name":"El IEEC inaugura los actos de celebraci\u00f3n por su 25\u00ba aniversario con un T\u00e1ndem de parejas cient\u00edficas de entidades p\u00fablicas y privadas - IEEC","isPartOf":{"@id":"https:\/\/www.ieec.cat\/es\/#website"},"primaryImageOfPage":{"@id":"https:\/\/www.ieec.cat\/es\/el-ieec-inaugura-los-actos-de-celebraci%c3%b3n-por-su-25%c2%ba-aniversario-con-un-t%c3%a1ndem-de-parejas-cient%c3%adficas-de-entidades-p%c3%bablicas-y-privadas\/#primaryimage"},"image":{"@id":"https:\/\/www.ieec.cat\/es\/el-ieec-inaugura-los-actos-de-celebraci%c3%b3n-por-su-25%c2%ba-aniversario-con-un-t%c3%a1ndem-de-parejas-cient%c3%adficas-de-entidades-p%c3%bablicas-y-privadas\/#primaryimage"},"thumbnailUrl":"https:\/\/www.ieec.cat\/wp-content\/uploads\/2022\/12\/1612961156_d1a9fb66df23bdf8aed2b8f3ada3a55e_pr_image1.png","datePublished":"2021-02-05T11:00:00+00:00","dateModified":"2022-12-22T22:18:26+00:00","author":{"@id":""},"breadcrumb":{"@id":"https:\/\/www.ieec.cat\/es\/el-ieec-inaugura-los-actos-de-celebraci%c3%b3n-por-su-25%c2%ba-aniversario-con-un-t%c3%a1ndem-de-parejas-cient%c3%adficas-de-entidades-p%c3%bablicas-y-privadas\/#breadcrumb"},"inLanguage":"es","potentialAction":[{"@type":"ReadAction","target":["https:\/\/www.ieec.cat\/es\/el-ieec-inaugura-los-actos-de-celebraci%c3%b3n-por-su-25%c2%ba-aniversario-con-un-t%c3%a1ndem-de-parejas-cient%c3%adficas-de-entidades-p%c3%bablicas-y-privadas\/"]}]},{"@type":"ImageObject","inLanguage":"es","@id":"https:\/\/www.ieec.cat\/es\/el-ieec-inaugura-los-actos-de-celebraci%c3%b3n-por-su-25%c2%ba-aniversario-con-un-t%c3%a1ndem-de-parejas-cient%c3%adficas-de-entidades-p%c3%bablicas-y-privadas\/#primaryimage","url":"https:\/\/www.ieec.cat\/wp-content\/uploads\/2022\/12\/1612961156_d1a9fb66df23bdf8aed2b8f3ada3a55e_pr_image1.png","contentUrl":"https:\/\/www.ieec.cat\/wp-content\/uploads\/2022\/12\/1612961156_d1a9fb66df23bdf8aed2b8f3ada3a55e_pr_image1.png","width":1565,"height":1021},{"@type":"BreadcrumbList","@id":"https:\/\/www.ieec.cat\/es\/el-ieec-inaugura-los-actos-de-celebraci%c3%b3n-por-su-25%c2%ba-aniversario-con-un-t%c3%a1ndem-de-parejas-cient%c3%adficas-de-entidades-p%c3%bablicas-y-privadas\/#breadcrumb","itemListElement":[{"@type":"ListItem","position":1,"name":"Portada","item":"https:\/\/www.ieec.cat\/es\/"},{"@type":"ListItem","position":2,"name":"El IEEC inaugura los actos de celebraci\u00f3n por su 25\u00ba aniversario con un T\u00e1ndem de parejas cient\u00edficas de entidades p\u00fablicas y privadas"}]},{"@type":"WebSite","@id":"https:\/\/www.ieec.cat\/es\/#website","url":"https:\/\/www.ieec.cat\/es\/","name":"IEEC","description":"Institut d&#039;Estudis Espacials de Catalunya","potentialAction":[{"@type":"SearchAction","target":{"@type":"EntryPoint","urlTemplate":"https:\/\/www.ieec.cat\/es\/?s={search_term_string}"},"query-input":{"@type":"PropertyValueSpecification","valueRequired":true,"valueName":"search_term_string"}}],"inLanguage":"es"}]}},"_links":{"self":[{"href":"https:\/\/www.ieec.cat\/es\/wp-json\/wp\/v2\/posts\/4334","targetHints":{"allow":["GET"]}}],"collection":[{"href":"https:\/\/www.ieec.cat\/es\/wp-json\/wp\/v2\/posts"}],"about":[{"href":"https:\/\/www.ieec.cat\/es\/wp-json\/wp\/v2\/types\/post"}],"replies":[{"embeddable":true,"href":"https:\/\/www.ieec.cat\/es\/wp-json\/wp\/v2\/comments?post=4334"}],"version-history":[{"count":1,"href":"https:\/\/www.ieec.cat\/es\/wp-json\/wp\/v2\/posts\/4334\/revisions"}],"predecessor-version":[{"id":10266,"href":"https:\/\/www.ieec.cat\/es\/wp-json\/wp\/v2\/posts\/4334\/revisions\/10266"}],"wp:featuredmedia":[{"embeddable":true,"href":"https:\/\/www.ieec.cat\/es\/wp-json\/wp\/v2\/media\/4329"}],"wp:attachment":[{"href":"https:\/\/www.ieec.cat\/es\/wp-json\/wp\/v2\/media?parent=4334"}],"wp:term":[{"taxonomy":"category","embeddable":true,"href":"https:\/\/www.ieec.cat\/es\/wp-json\/wp\/v2\/categories?post=4334"},{"taxonomy":"post_tag","embeddable":true,"href":"https:\/\/www.ieec.cat\/es\/wp-json\/wp\/v2\/tags?post=4334"}],"curies":[{"name":"wp","href":"https:\/\/api.w.org\/{rel}","templated":true}]}}