{"id":44480,"date":"2026-04-29T12:21:35","date_gmt":"2026-04-29T10:21:35","guid":{"rendered":"https:\/\/www.ieec.cat\/?p=44480"},"modified":"2026-04-29T12:21:43","modified_gmt":"2026-04-29T10:21:43","slug":"visitas-guiadas-observatori-del-montsec-odm-2026","status":"publish","type":"post","link":"https:\/\/www.ieec.cat\/es\/visitas-guiadas-observatori-del-montsec-odm-2026\/","title":{"rendered":"Llega la edici\u00f3n 2026 de las visitas guiadas al Observatori del Montsec"},"content":{"rendered":"<p>[et_pb_section fb_built=\u00bb1&#8243; module_class=\u00bbieec-heading\u00bb _builder_version=\u00bb4.27.2&#8243; _module_preset=\u00bbdefault\u00bb background_image=\u00bbhttps:\/\/www.ieec.cat\/wp-content\/uploads\/2022\/02\/slider-comunicacio.jpg\u00bb max_height=\u00bb130px\u00bb custom_padding=\u00bb0px||0px||false|false\u00bb da_disable_devices=\u00bboff|off|off\u00bb global_colors_info=\u00bb{}\u00bb da_is_popup=\u00bboff\u00bb da_exit_intent=\u00bboff\u00bb da_has_close=\u00bbon\u00bb da_alt_close=\u00bboff\u00bb da_dark_close=\u00bboff\u00bb da_not_modal=\u00bbon\u00bb da_is_singular=\u00bboff\u00bb da_with_loader=\u00bboff\u00bb da_has_shadow=\u00bbon\u00bb][\/et_pb_section][et_pb_section fb_built=\u00bb1&#8243; _builder_version=\u00bb4.16&#8243; _module_preset=\u00bbdefault\u00bb custom_padding=\u00bb24px||11px|||\u00bb da_disable_devices=\u00bboff|off|off\u00bb global_colors_info=\u00bb{}\u00bb da_is_popup=\u00bboff\u00bb da_exit_intent=\u00bboff\u00bb da_has_close=\u00bbon\u00bb da_alt_close=\u00bboff\u00bb da_dark_close=\u00bboff\u00bb da_not_modal=\u00bbon\u00bb da_is_singular=\u00bboff\u00bb da_with_loader=\u00bboff\u00bb da_has_shadow=\u00bbon\u00bb][et_pb_row _builder_version=\u00bb4.16&#8243; _module_preset=\u00bbdefault\u00bb custom_padding=\u00bb||11px||false|false\u00bb global_colors_info=\u00bb{}\u00bb][et_pb_column type=\u00bb4_4&#8243; _builder_version=\u00bb4.16&#8243; _module_preset=\u00bbdefault\u00bb global_colors_info=\u00bb{}\u00bb][et_pb_text admin_label=\u00bbUnitats recerca\u00bb _builder_version=\u00bb4.16&#8243; _dynamic_attributes=\u00bbcontent\u00bb _module_preset=\u00bbdefault\u00bb text_font=\u00bbCairo|700|||||||\u00bb text_font_size=\u00bb16px\u00bb min_height=\u00bb25.6px\u00bb custom_margin=\u00bb||6px|||\u00bb custom_padding=\u00bb||1px|||\u00bb text_font_size_tablet=\u00bb14px\u00bb text_font_size_phone=\u00bb14px\u00bb text_font_size_last_edited=\u00bbon|desktop\u00bb global_colors_info=\u00bb{}\u00bb]@ET-DC@eyJkeW5hbWljIjp0cnVlLCJjb250ZW50IjoiY3VzdG9tX21ldGFfb3JnYW5pemFjaW9uZXMiLCJzZXR0aW5ncyI6eyJiZWZvcmUiOiIiLCJhZnRlciI6IiIsImVuYWJsZV9odG1sIjoib2ZmIn19@[\/et_pb_text][et_pb_post_title meta=\u00bboff\u00bb featured_image=\u00bboff\u00bb module_class=\u00bbieec-title\u00bb _builder_version=\u00bb4.27.2&#8243; _module_preset=\u00bbdefault\u00bb title_font=\u00bbCairo|300|||||||\u00bb title_font_size=\u00bb40px\u00bb meta_font=\u00bb||on||||||\u00bb meta_font_size=\u00bb16px\u00bb title_font_size_tablet=\u00bb35px\u00bb title_font_size_phone=\u00bb30px\u00bb title_font_size_last_edited=\u00bbon|desktop\u00bb global_colors_info=\u00bb{}\u00bb][\/et_pb_post_title][\/et_pb_column][\/et_pb_row][\/et_pb_section][et_pb_section fb_built=\u00bb1&#8243; module_class=\u00bbieec-event-info\u00bb _builder_version=\u00bb4.27.2&#8243; _module_preset=\u00bbdefault\u00bb background_color=\u00bbrgba(30,39,81,0.1)\u00bb custom_padding=\u00bb24px||24px|||\u00bb da_disable_devices=\u00bboff|off|off\u00bb global_colors_info=\u00bb{}\u00bb da_is_popup=\u00bboff\u00bb da_exit_intent=\u00bboff\u00bb da_has_close=\u00bbon\u00bb da_alt_close=\u00bboff\u00bb da_dark_close=\u00bboff\u00bb da_not_modal=\u00bbon\u00bb da_is_singular=\u00bboff\u00bb da_with_loader=\u00bboff\u00bb da_has_shadow=\u00bbon\u00bb][et_pb_row column_structure=\u00bb1_4,1_4,1_4,1_4&#8243; _builder_version=\u00bb4.16&#8243; _module_preset=\u00bbdefault\u00bb custom_padding=\u00bb4px||19px|||\u00bb global_colors_info=\u00bb{}\u00bb][et_pb_column type=\u00bb1_4&#8243; _builder_version=\u00bb4.16&#8243; _module_preset=\u00bbdefault\u00bb global_colors_info=\u00bb{}\u00bb][et_pb_text _builder_version=\u00bb4.27.6&#8243; _module_preset=\u00bbdefault\u00bb text_font=\u00bb|700||on|||||\u00bb text_text_color=\u00bb#406fda\u00bb text_font_size=\u00bb15px\u00bb custom_margin=\u00bb||2px||false|false\u00bb text_font_size_tablet=\u00bb\u00bb text_font_size_phone=\u00bb13px\u00bb text_font_size_last_edited=\u00bbon|phone\u00bb global_colors_info=\u00bb{}\u00bb]fecha[\/et_pb_text][et_pb_text _builder_version=\u00bb4.16&#8243; _dynamic_attributes=\u00bbcontent\u00bb _module_preset=\u00bbdefault\u00bb text_font=\u00bbCairo|600|||||||\u00bb text_font_size=\u00bb28px\u00bb custom_margin=\u00bb||||false|false\u00bb text_font_size_tablet=\u00bb\u00bb text_font_size_phone=\u00bb23px\u00bb text_font_size_last_edited=\u00bbon|phone\u00bb global_colors_info=\u00bb{}\u00bb]@ET-DC@eyJkeW5hbWljIjp0cnVlLCJjb250ZW50IjoiY3VzdG9tX21ldGFfZmVjaGFfZXZlbnRvIiwic2V0dGluZ3MiOnsiYmVmb3JlIjoiIiwiYWZ0ZXIiOiIiLCJlbmFibGVfaHRtbCI6Im9mZiJ9fQ==@[\/et_pb_text][\/et_pb_column][et_pb_column type=\u00bb1_4&#8243; _builder_version=\u00bb4.16&#8243; _module_preset=\u00bbdefault\u00bb global_colors_info=\u00bb{}\u00bb][et_pb_text _builder_version=\u00bb4.16&#8243; _module_preset=\u00bbdefault\u00bb text_font=\u00bb|700||on|||||\u00bb text_text_color=\u00bb#406fda\u00bb text_font_size=\u00bb15px\u00bb custom_margin=\u00bb||2px||false|false\u00bb text_font_size_tablet=\u00bb\u00bb text_font_size_phone=\u00bb13px\u00bb text_font_size_last_edited=\u00bbon|phone\u00bb locked=\u00bboff\u00bb global_colors_info=\u00bb{}\u00bb]hora[\/et_pb_text][et_pb_text _builder_version=\u00bb4.16&#8243; _dynamic_attributes=\u00bbcontent\u00bb _module_preset=\u00bbdefault\u00bb text_font=\u00bbCairo|600|||||||\u00bb text_font_size=\u00bb28px\u00bb custom_margin=\u00bb||||false|false\u00bb text_font_size_tablet=\u00bb\u00bb text_font_size_phone=\u00bb23px\u00bb text_font_size_last_edited=\u00bbon|phone\u00bb locked=\u00bboff\u00bb global_colors_info=\u00bb{}\u00bb]@ET-DC@eyJkeW5hbWljIjp0cnVlLCJjb250ZW50IjoiY3VzdG9tX21ldGFfaG9yYV9ldmVudG8iLCJzZXR0aW5ncyI6eyJiZWZvcmUiOiIiLCJhZnRlciI6IiIsImVuYWJsZV9odG1sIjoib2ZmIn19@[\/et_pb_text][\/et_pb_column][et_pb_column type=\u00bb1_4&#8243; _builder_version=\u00bb4.16&#8243; _module_preset=\u00bbdefault\u00bb global_colors_info=\u00bb{}\u00bb][et_pb_text _builder_version=\u00bb4.27.6&#8243; _module_preset=\u00bbdefault\u00bb text_font=\u00bb|700||on|||||\u00bb text_text_color=\u00bb#406fda\u00bb text_font_size=\u00bb15px\u00bb custom_margin=\u00bb||2px||false|false\u00bb text_font_size_tablet=\u00bb\u00bb text_font_size_phone=\u00bb13px\u00bb text_font_size_last_edited=\u00bbon|phone\u00bb locked=\u00bboff\u00bb global_colors_info=\u00bb{}\u00bb]formato[\/et_pb_text][et_pb_text _builder_version=\u00bb4.16&#8243; _dynamic_attributes=\u00bbcontent\u00bb _module_preset=\u00bbdefault\u00bb text_font=\u00bbCairo|600|||||||\u00bb text_font_size=\u00bb28px\u00bb custom_margin=\u00bb||||false|false\u00bb text_font_size_tablet=\u00bb\u00bb text_font_size_phone=\u00bb23px\u00bb text_font_size_last_edited=\u00bbon|phone\u00bb locked=\u00bboff\u00bb global_colors_info=\u00bb{}\u00bb]@ET-DC@eyJkeW5hbWljIjp0cnVlLCJjb250ZW50IjoiY3VzdG9tX21ldGFfbHVnYXJfZXZlbnRvIiwic2V0dGluZ3MiOnsiYmVmb3JlIjoiIiwiYWZ0ZXIiOiIiLCJlbmFibGVfaHRtbCI6Im9mZiJ9fQ==@[\/et_pb_text][\/et_pb_column][et_pb_column type=\u00bb1_4&#8243; _builder_version=\u00bb4.16&#8243; _module_preset=\u00bbdefault\u00bb global_colors_info=\u00bb{}\u00bb][\/et_pb_column][\/et_pb_row][\/et_pb_section][et_pb_section fb_built=\u00bb1&#8243; _builder_version=\u00bb4.16&#8243; _module_preset=\u00bbdefault\u00bb custom_padding=\u00bb26px||8px|||\u00bb da_disable_devices=\u00bboff|off|off\u00bb global_colors_info=\u00bb{}\u00bb da_is_popup=\u00bboff\u00bb da_exit_intent=\u00bboff\u00bb da_has_close=\u00bbon\u00bb da_alt_close=\u00bboff\u00bb da_dark_close=\u00bboff\u00bb da_not_modal=\u00bbon\u00bb da_is_singular=\u00bboff\u00bb da_with_loader=\u00bboff\u00bb da_has_shadow=\u00bbon\u00bb][et_pb_row column_structure=\u00bb1_2,1_2&#8243; _builder_version=\u00bb4.16&#8243; _module_preset=\u00bbdefault\u00bb min_height=\u00bb524.6px\u00bb custom_padding=\u00bb13px|||||\u00bb locked=\u00bboff\u00bb global_colors_info=\u00bb{}\u00bb][et_pb_column type=\u00bb1_2&#8243; _builder_version=\u00bb4.16&#8243; _module_preset=\u00bbdefault\u00bb global_colors_info=\u00bb{}\u00bb][et_pb_image src=\u00bbhttps:\/\/www.ieec.cat\/wp-content\/uploads\/2026\/04\/Creativitat-visites-Montsec-esdeveniment-web-2026-CAT-no-logo-30.jpg\u00bb url=\u00bbhttps:\/\/luma.com\/Entrades-Visites-Guiades-Observatori-Montsec-OdM\u00bb url_new_window=\u00bbon\u00bb _builder_version=\u00bb4.27.6&#8243; _module_preset=\u00bbdefault\u00bb hover_enabled=\u00bb0&#8243; global_colors_info=\u00bb{}\u00bb sticky_enabled=\u00bb0&#8243;][\/et_pb_image][\/et_pb_column][et_pb_column type=\u00bb1_2&#8243; _builder_version=\u00bb4.16&#8243; _module_preset=\u00bbdefault\u00bb global_colors_info=\u00bb{}\u00bb][et_pb_text _builder_version=\u00bb4.27.6&#8243; _module_preset=\u00bbdefault\u00bb link_font=\u00bb|700|||on||||\u00bb global_colors_info=\u00bb{}\u00bb]<\/p>\n<p><span style=\"font-weight: 400;\">Un a\u00f1o m\u00e1s, el <\/span><a href=\"https:\/\/montsec.ieec.cat\/es\/\"><span style=\"font-weight: 400;\">Observatori del Montsec<\/span><\/a><span style=\"font-weight: 400;\"> (OdM) organiza visitas guiadas diurnas a sus instalaciones. Gestionado por el <\/span><a href=\"https:\/\/www.ieec.cat\/es\/\"><span style=\"font-weight: 400;\">Institut d\u2019Estudis Espacials de Catalunya<\/span><\/a><span style=\"font-weight: 400;\"> (IEEC), el OdM es una infraestructura cient\u00edfica y tecnol\u00f3gica de \u00faltima generaci\u00f3n dedicada a la investigaci\u00f3n astron\u00f3mica, las comunicaciones por sat\u00e9lite y la medici\u00f3n atmosf\u00e9rica.<\/span><\/p>\n<p><span style=\"font-weight: 400;\">Sus instalaciones, situadas en Sant Esteve de la Sarga (Pallars Juss\u00e0) y dentro del Geoparc mundial UNESCO Or\u00edgens, est\u00e1n reservadas para usos cient\u00edficos y normalmente se encuentran cerradas al p\u00fablico general. Unos d\u00edas al a\u00f1o, sin embargo, <\/span><b>el Observatorio abre sus puertas.<\/b><\/p>\n<p><span style=\"font-weight: 400;\">Durante estas sesiones, se ofrece la oportunidad de hacer un recorrido para visitar la infraestructura y su equipamiento, dentro del cual destacan sus <\/span><b>dos telescopios astron\u00f3micos:<\/b><span style=\"font-weight: 400;\"> el Telescopio Joan Or\u00f3 (en honor al conocido bioqu\u00edmico leridano) y el TRAC, un telescopio rob\u00f3tico de 40 cm de di\u00e1metro instalado en 2025 y dedicado, entre otras tareas, a la observaci\u00f3n de asteroides pr\u00f3ximos a la Tierra potencialmente peligrosos o al seguimiento de sat\u00e9lites y basura espacial. <\/span><\/p>\n<p>[\/et_pb_text][\/et_pb_column][\/et_pb_row][et_pb_row _builder_version=\u00bb4.27.4&#8243; _module_preset=\u00bbdefault\u00bb global_colors_info=\u00bb{}\u00bb][et_pb_column type=\u00bb4_4&#8243; _builder_version=\u00bb4.27.4&#8243; _module_preset=\u00bbdefault\u00bb global_colors_info=\u00bb{}\u00bb][et_pb_text _builder_version=\u00bb4.27.6&#8243; _module_preset=\u00bbdefault\u00bb global_colors_info=\u00bb{}\u00bb]<\/p>\n<p><span style=\"font-weight: 400;\">Conocer\u00e1s tambi\u00e9n de primera mano las infraestructuras que se usan para llevar a cabo <\/span><b>comunicaciones por sat\u00e9lite,<\/b><span style=\"font-weight: 400;\"> los sistemas de calibraci\u00f3n de sat\u00e9lites de observaci\u00f3n de la Tierra y los <\/span><b>instrumentos de medici\u00f3n atmosf\u00e9rica,<\/b><span style=\"font-weight: 400;\"> todos ellos basados en tecnolog\u00edas innovadoras.\u00a0<\/span><\/p>\n<p><span style=\"font-weight: 400;\">Los astr\u00f3nomos del IEEC os explicar\u00e1n c\u00f3mo funcionan los equipos, qu\u00e9 descubrimientos cient\u00edficos se han realizado recientemente y c\u00f3mo se lleva a cabo la comunicaci\u00f3n con los nanosat\u00e9lites.<\/span><\/p>\n<p><span style=\"font-weight: 400;\">Las <\/span><b>visitas guiadas de este 2026<\/b><span style=\"font-weight: 400;\"> se realizar\u00e1n los siguientes d\u00edas:<\/span><\/p>\n<ul>\n<li style=\"font-weight: 400;\" aria-level=\"1\"><span style=\"font-weight: 400;\">Domingo, 17 de mayo a las 12:00 h\u00a0<\/span><\/li>\n<li style=\"font-weight: 400;\" aria-level=\"1\"><span style=\"font-weight: 400;\">Domingo, 14 de junio a las 12:00 h\u00a0\u00a0<\/span><\/li>\n<li style=\"font-weight: 400;\" aria-level=\"1\"><span style=\"font-weight: 400;\">Domingo, 12 de julio a las 12:00 h\u00a0<\/span><\/li>\n<li style=\"font-weight: 400;\" aria-level=\"1\"><span style=\"font-weight: 400;\">Domingo, 9 de agosto a las 12:00 h<\/span><\/li>\n<li style=\"font-weight: 400;\" aria-level=\"1\"><span style=\"font-weight: 400;\">Domingo, 13 de septiembre a las 12:00 h<\/span><\/li>\n<\/ul>\n<p><span style=\"font-weight: 400;\">La duraci\u00f3n aproximada de la visita es de una hora y es gratuita. Dado que las plazas son limitadas, se requiere <\/span><a href=\"https:\/\/lu.ma\/Entrades-Visites-Guiades-Observatori-Montsec-OdM\"><span style=\"font-weight: 400;\">inscripci\u00f3n previa<\/span><\/a><span style=\"font-weight: 400;\">.\u00a0<\/span><\/p>\n<p><span style=\"font-weight: 400;\">Durante estas visitas diurnas <\/span><b>no se realizar\u00e1n observaciones del cielo con telescopios.<\/b><span style=\"font-weight: 400;\"> Para llevar a cabo esta actividad, recomendamos visitar el Parc Astron\u00f2mic del Montsec (PAM), ubicado en \u00c0ger y con oferta de actividades astron\u00f3micas para p\u00fablico familiar.<\/span><\/p>\n<p><span style=\"font-weight: 400;\">\u00a1Os esperamos! <\/span><\/p>\n<p>[\/et_pb_text][\/et_pb_column][\/et_pb_row][et_pb_row column_structure=\u00bb2_5,3_5&#8243; module_class=\u00bbieec-signup\u00bb _builder_version=\u00bb4.27.2&#8243; _module_preset=\u00bbdefault\u00bb background_color=\u00bb#406fda\u00bb custom_padding=\u00bb40px|40px|40px|40px|true|true\u00bb global_colors_info=\u00bb{}\u00bb][et_pb_column type=\u00bb2_5&#8243; _builder_version=\u00bb4.16&#8243; _module_preset=\u00bbdefault\u00bb global_colors_info=\u00bb{}\u00bb][et_pb_text module_class=\u00bbieec-signup-title\u00bb _builder_version=\u00bb4.27.6&#8243; _module_preset=\u00bbdefault\u00bb text_font=\u00bbCairo|700|||||||\u00bb text_text_color=\u00bb#FFFFFF\u00bb text_font_size=\u00bb22px\u00bb custom_margin=\u00bb||18px|||\u00bb global_colors_info=\u00bb{}\u00bb]<\/p>\n<p>Organizado por:<\/p>\n<p>[\/et_pb_text][et_pb_text _builder_version=\u00bb4.27.4&#8243; _module_preset=\u00bbdefault\u00bb text_font=\u00bb|700|||||||\u00bb text_text_color=\u00bb#FFFFFF\u00bb global_colors_info=\u00bb{}\u00bb]<\/p>\n<p>Institut d&#8217;Estudis Espacials de Catalunya (IEEC)<\/p>\n<p>[\/et_pb_text][et_pb_button button_url=\u00bbhttps:\/\/lu.ma\/Entrades-Visites-Guiades-Observatori-Montsec-OdM\u00bb url_new_window=\u00bbon\u00bb button_text=\u00bbinscripciones\u00bb button_alignment=\u00bbleft\u00bb _builder_version=\u00bb4.27.6&#8243; _module_preset=\u00bbdefault\u00bb custom_button=\u00bbon\u00bb button_text_color=\u00bb#1a1140&#8243; button_bg_color=\u00bb#FFFFFF\u00bb button_font=\u00bb|||on|||||\u00bb button_on_hover=\u00bboff\u00bb custom_margin=\u00bb30px||||false|false\u00bb custom_padding=\u00bb12px|45px|12px|35px|true|false\u00bb locked=\u00bboff\u00bb global_colors_info=\u00bb{}\u00bb button_bg_color__hover_enabled=\u00bbon|hover\u00bb button_bg_color__hover=\u00bb#1a1140&#8243; button_bg_enable_color__hover=\u00bbon\u00bb button_text_color__hover_enabled=\u00bbon|hover\u00bb button_text_color__hover=\u00bb#FFFFFF\u00bb][\/et_pb_button][\/et_pb_column][et_pb_column type=\u00bb3_5&#8243; _builder_version=\u00bb4.16&#8243; _module_preset=\u00bbdefault\u00bb global_colors_info=\u00bb{}\u00bb][et_pb_text module_class=\u00bbieec-signup-title\u00bb _builder_version=\u00bb4.27.6&#8243; _module_preset=\u00bbdefault\u00bb text_font=\u00bbCairo|700|||||||\u00bb text_text_color=\u00bb#FFFFFF\u00bb text_font_size=\u00bb22px\u00bb custom_margin=\u00bb||18px|||\u00bb locked=\u00bboff\u00bb global_colors_info=\u00bb{}\u00bb]<\/p>\n<p>Objetivos:<\/p>\n<p>[\/et_pb_text][et_pb_text module_class=\u00bbieec-signup-summary\u00bb _builder_version=\u00bb4.27.6&#8243; _module_preset=\u00bbdefault\u00bb text_font=\u00bb||on||||||\u00bb text_text_color=\u00bb#FFFFFF\u00bb global_colors_info=\u00bb{}\u00bb]<\/p>\n<p>Permitir que el p\u00fablico general conozca de primera mano los equipos y el funcionamiento del OdM, una de las infraestructuras cient\u00edficas punteras de Catalunya.<\/p>\n<p>[\/et_pb_text][\/et_pb_column][\/et_pb_row][\/et_pb_section]<\/p>\n","protected":false},"excerpt":{"rendered":"<p>fechahoraformatoUn a\u00f1o m\u00e1s, el Observatori del Montsec (OdM) organiza visitas guiadas diurnas a sus instalaciones. Gestionado por el Institut d\u2019Estudis Espacials de Catalunya (IEEC), el OdM es una infraestructura cient\u00edfica y tecnol\u00f3gica de \u00faltima generaci\u00f3n dedicada a la investigaci\u00f3n astron\u00f3mica, las comunicaciones por sat\u00e9lite y la medici\u00f3n atmosf\u00e9rica. Sus instalaciones, situadas en Sant Esteve de [&hellip;]<\/p>\n","protected":false},"author":7,"featured_media":44653,"comment_status":"closed","ping_status":"closed","sticky":false,"template":"","format":"standard","meta":{"_et_pb_use_builder":"on","_et_pb_old_content":"","_et_gb_content_width":"","footnotes":""},"categories":[87,73,91,145,113],"tags":[],"class_list":["post-44480","post","type-post","status-publish","format-standard","has-post-thumbnail","hentry","category-divulgacion","category-eventos","category-montsec-es","category-newspace-es-3","category-noticia-destacada-pequena"],"yoast_head":"<!-- This site is optimized with the Yoast SEO plugin v27.4 - https:\/\/yoast.com\/product\/yoast-seo-wordpress\/ -->\n<title>Llega la edici\u00f3n 2026 de las visitas guiadas al Observatori del Montsec - IEEC<\/title>\n<meta name=\"description\" content=\"Consulta las visitas guiadas al Observatori del Montsec (OdM), gestionado por el IEEC, durante este 2026.\" \/>\n<meta name=\"robots\" content=\"index, follow, max-snippet:-1, max-image-preview:large, max-video-preview:-1\" \/>\n<link rel=\"canonical\" href=\"https:\/\/www.ieec.cat\/es\/visitas-guiadas-observatori-del-montsec-odm-2026\/\" \/>\n<meta property=\"og:locale\" content=\"es_ES\" \/>\n<meta property=\"og:type\" content=\"article\" \/>\n<meta property=\"og:title\" content=\"Llega la edici\u00f3n 2026 de las visitas guiadas al Observatori del Montsec - IEEC\" \/>\n<meta property=\"og:description\" content=\"Consulta las visitas guiadas al Observatori del Montsec (OdM), gestionado por el IEEC, durante este 2026.\" \/>\n<meta property=\"og:url\" content=\"https:\/\/www.ieec.cat\/es\/visitas-guiadas-observatori-del-montsec-odm-2026\/\" \/>\n<meta property=\"og:site_name\" content=\"IEEC\" \/>\n<meta property=\"article:published_time\" content=\"2026-04-29T10:21:35+00:00\" \/>\n<meta property=\"article:modified_time\" content=\"2026-04-29T10:21:43+00:00\" \/>\n<meta property=\"og:image\" content=\"https:\/\/www.ieec.cat\/wp-content\/uploads\/2026\/04\/Adaptacio-destacat-home-creativitat-visites-Montsec-2026-CAT-No-logo.jpg\" \/>\n\t<meta property=\"og:image:width\" content=\"1080\" \/>\n\t<meta property=\"og:image:height\" content=\"1080\" \/>\n\t<meta property=\"og:image:type\" content=\"image\/jpeg\" \/>\n<meta name=\"author\" content=\"Javier Bueno\" \/>\n<meta name=\"twitter:card\" content=\"summary_large_image\" \/>\n<meta name=\"twitter:label1\" content=\"Escrito por\" \/>\n\t<meta name=\"twitter:data1\" content=\"Javier Bueno\" \/>\n\t<meta name=\"twitter:label2\" content=\"Tiempo de lectura\" \/>\n\t<meta name=\"twitter:data2\" content=\"8 minutos\" \/>\n<script type=\"application\/ld+json\" class=\"yoast-schema-graph\">{\"@context\":\"https:\\\/\\\/schema.org\",\"@graph\":[{\"@type\":\"Article\",\"@id\":\"https:\\\/\\\/www.ieec.cat\\\/es\\\/visitas-guiadas-observatori-del-montsec-odm-2026\\\/#article\",\"isPartOf\":{\"@id\":\"https:\\\/\\\/www.ieec.cat\\\/es\\\/visitas-guiadas-observatori-del-montsec-odm-2026\\\/\"},\"author\":{\"name\":\"Javier Bueno\",\"@id\":\"https:\\\/\\\/www.ieec.cat\\\/es\\\/#\\\/schema\\\/person\\\/322a07f3c26d150fb0ab2c84181ced4c\"},\"headline\":\"Llega la edici\u00f3n 2026 de las visitas guiadas al Observatori del Montsec\",\"datePublished\":\"2026-04-29T10:21:35+00:00\",\"dateModified\":\"2026-04-29T10:21:43+00:00\",\"mainEntityOfPage\":{\"@id\":\"https:\\\/\\\/www.ieec.cat\\\/es\\\/visitas-guiadas-observatori-del-montsec-odm-2026\\\/\"},\"wordCount\":1689,\"image\":{\"@id\":\"https:\\\/\\\/www.ieec.cat\\\/es\\\/visitas-guiadas-observatori-del-montsec-odm-2026\\\/#primaryimage\"},\"thumbnailUrl\":\"https:\\\/\\\/www.ieec.cat\\\/wp-content\\\/uploads\\\/2026\\\/04\\\/Adaptacio-destacat-home-creativitat-visites-Montsec-2026-CAT-No-logo.jpg\",\"articleSection\":[\"Divulgaci\u00f3n\",\"Eventos\",\"Montsec\",\"NewSpace\",\"Noticia destacada peque\u00f1a\"],\"inLanguage\":\"es\"},{\"@type\":\"WebPage\",\"@id\":\"https:\\\/\\\/www.ieec.cat\\\/es\\\/visitas-guiadas-observatori-del-montsec-odm-2026\\\/\",\"url\":\"https:\\\/\\\/www.ieec.cat\\\/es\\\/visitas-guiadas-observatori-del-montsec-odm-2026\\\/\",\"name\":\"Llega la edici\u00f3n 2026 de las visitas guiadas al Observatori del Montsec - IEEC\",\"isPartOf\":{\"@id\":\"https:\\\/\\\/www.ieec.cat\\\/es\\\/#website\"},\"primaryImageOfPage\":{\"@id\":\"https:\\\/\\\/www.ieec.cat\\\/es\\\/visitas-guiadas-observatori-del-montsec-odm-2026\\\/#primaryimage\"},\"image\":{\"@id\":\"https:\\\/\\\/www.ieec.cat\\\/es\\\/visitas-guiadas-observatori-del-montsec-odm-2026\\\/#primaryimage\"},\"thumbnailUrl\":\"https:\\\/\\\/www.ieec.cat\\\/wp-content\\\/uploads\\\/2026\\\/04\\\/Adaptacio-destacat-home-creativitat-visites-Montsec-2026-CAT-No-logo.jpg\",\"datePublished\":\"2026-04-29T10:21:35+00:00\",\"dateModified\":\"2026-04-29T10:21:43+00:00\",\"author\":{\"@id\":\"https:\\\/\\\/www.ieec.cat\\\/es\\\/#\\\/schema\\\/person\\\/322a07f3c26d150fb0ab2c84181ced4c\"},\"description\":\"Consulta las visitas guiadas al Observatori del Montsec (OdM), gestionado por el IEEC, durante este 2026.\",\"breadcrumb\":{\"@id\":\"https:\\\/\\\/www.ieec.cat\\\/es\\\/visitas-guiadas-observatori-del-montsec-odm-2026\\\/#breadcrumb\"},\"inLanguage\":\"es\",\"potentialAction\":[{\"@type\":\"ReadAction\",\"target\":[\"https:\\\/\\\/www.ieec.cat\\\/es\\\/visitas-guiadas-observatori-del-montsec-odm-2026\\\/\"]}]},{\"@type\":\"ImageObject\",\"inLanguage\":\"es\",\"@id\":\"https:\\\/\\\/www.ieec.cat\\\/es\\\/visitas-guiadas-observatori-del-montsec-odm-2026\\\/#primaryimage\",\"url\":\"https:\\\/\\\/www.ieec.cat\\\/wp-content\\\/uploads\\\/2026\\\/04\\\/Adaptacio-destacat-home-creativitat-visites-Montsec-2026-CAT-No-logo.jpg\",\"contentUrl\":\"https:\\\/\\\/www.ieec.cat\\\/wp-content\\\/uploads\\\/2026\\\/04\\\/Adaptacio-destacat-home-creativitat-visites-Montsec-2026-CAT-No-logo.jpg\",\"width\":1080,\"height\":1080},{\"@type\":\"BreadcrumbList\",\"@id\":\"https:\\\/\\\/www.ieec.cat\\\/es\\\/visitas-guiadas-observatori-del-montsec-odm-2026\\\/#breadcrumb\",\"itemListElement\":[{\"@type\":\"ListItem\",\"position\":1,\"name\":\"Portada\",\"item\":\"https:\\\/\\\/www.ieec.cat\\\/es\\\/\"},{\"@type\":\"ListItem\",\"position\":2,\"name\":\"Llega la edici\u00f3n 2026 de las visitas guiadas al Observatori del Montsec\"}]},{\"@type\":\"WebSite\",\"@id\":\"https:\\\/\\\/www.ieec.cat\\\/es\\\/#website\",\"url\":\"https:\\\/\\\/www.ieec.cat\\\/es\\\/\",\"name\":\"IEEC\",\"description\":\"Institut d&#039;Estudis Espacials de Catalunya\",\"potentialAction\":[{\"@type\":\"SearchAction\",\"target\":{\"@type\":\"EntryPoint\",\"urlTemplate\":\"https:\\\/\\\/www.ieec.cat\\\/es\\\/?s={search_term_string}\"},\"query-input\":{\"@type\":\"PropertyValueSpecification\",\"valueRequired\":true,\"valueName\":\"search_term_string\"}}],\"inLanguage\":\"es\"},{\"@type\":\"Person\",\"@id\":\"https:\\\/\\\/www.ieec.cat\\\/es\\\/#\\\/schema\\\/person\\\/322a07f3c26d150fb0ab2c84181ced4c\",\"name\":\"Javier Bueno\",\"image\":{\"@type\":\"ImageObject\",\"inLanguage\":\"es\",\"@id\":\"https:\\\/\\\/secure.gravatar.com\\\/avatar\\\/4d48f3381f239f9e12ab1bd3e78402f1144081a2afb1cb5bc1b5ec38effae7c9?s=96&d=mm&r=g\",\"url\":\"https:\\\/\\\/secure.gravatar.com\\\/avatar\\\/4d48f3381f239f9e12ab1bd3e78402f1144081a2afb1cb5bc1b5ec38effae7c9?s=96&d=mm&r=g\",\"contentUrl\":\"https:\\\/\\\/secure.gravatar.com\\\/avatar\\\/4d48f3381f239f9e12ab1bd3e78402f1144081a2afb1cb5bc1b5ec38effae7c9?s=96&d=mm&r=g\",\"caption\":\"Javier Bueno\"}}]}<\/script>\n<!-- \/ Yoast SEO plugin. -->","yoast_head_json":{"title":"Llega la edici\u00f3n 2026 de las visitas guiadas al Observatori del Montsec - IEEC","description":"Consulta las visitas guiadas al Observatori del Montsec (OdM), gestionado por el IEEC, durante este 2026.","robots":{"index":"index","follow":"follow","max-snippet":"max-snippet:-1","max-image-preview":"max-image-preview:large","max-video-preview":"max-video-preview:-1"},"canonical":"https:\/\/www.ieec.cat\/es\/visitas-guiadas-observatori-del-montsec-odm-2026\/","og_locale":"es_ES","og_type":"article","og_title":"Llega la edici\u00f3n 2026 de las visitas guiadas al Observatori del Montsec - IEEC","og_description":"Consulta las visitas guiadas al Observatori del Montsec (OdM), gestionado por el IEEC, durante este 2026.","og_url":"https:\/\/www.ieec.cat\/es\/visitas-guiadas-observatori-del-montsec-odm-2026\/","og_site_name":"IEEC","article_published_time":"2026-04-29T10:21:35+00:00","article_modified_time":"2026-04-29T10:21:43+00:00","og_image":[{"width":1080,"height":1080,"url":"https:\/\/www.ieec.cat\/wp-content\/uploads\/2026\/04\/Adaptacio-destacat-home-creativitat-visites-Montsec-2026-CAT-No-logo.jpg","type":"image\/jpeg"}],"author":"Javier Bueno","twitter_card":"summary_large_image","twitter_misc":{"Escrito por":"Javier Bueno","Tiempo de lectura":"8 minutos"},"schema":{"@context":"https:\/\/schema.org","@graph":[{"@type":"Article","@id":"https:\/\/www.ieec.cat\/es\/visitas-guiadas-observatori-del-montsec-odm-2026\/#article","isPartOf":{"@id":"https:\/\/www.ieec.cat\/es\/visitas-guiadas-observatori-del-montsec-odm-2026\/"},"author":{"name":"Javier Bueno","@id":"https:\/\/www.ieec.cat\/es\/#\/schema\/person\/322a07f3c26d150fb0ab2c84181ced4c"},"headline":"Llega la edici\u00f3n 2026 de las visitas guiadas al Observatori del Montsec","datePublished":"2026-04-29T10:21:35+00:00","dateModified":"2026-04-29T10:21:43+00:00","mainEntityOfPage":{"@id":"https:\/\/www.ieec.cat\/es\/visitas-guiadas-observatori-del-montsec-odm-2026\/"},"wordCount":1689,"image":{"@id":"https:\/\/www.ieec.cat\/es\/visitas-guiadas-observatori-del-montsec-odm-2026\/#primaryimage"},"thumbnailUrl":"https:\/\/www.ieec.cat\/wp-content\/uploads\/2026\/04\/Adaptacio-destacat-home-creativitat-visites-Montsec-2026-CAT-No-logo.jpg","articleSection":["Divulgaci\u00f3n","Eventos","Montsec","NewSpace","Noticia destacada peque\u00f1a"],"inLanguage":"es"},{"@type":"WebPage","@id":"https:\/\/www.ieec.cat\/es\/visitas-guiadas-observatori-del-montsec-odm-2026\/","url":"https:\/\/www.ieec.cat\/es\/visitas-guiadas-observatori-del-montsec-odm-2026\/","name":"Llega la edici\u00f3n 2026 de las visitas guiadas al Observatori del Montsec - IEEC","isPartOf":{"@id":"https:\/\/www.ieec.cat\/es\/#website"},"primaryImageOfPage":{"@id":"https:\/\/www.ieec.cat\/es\/visitas-guiadas-observatori-del-montsec-odm-2026\/#primaryimage"},"image":{"@id":"https:\/\/www.ieec.cat\/es\/visitas-guiadas-observatori-del-montsec-odm-2026\/#primaryimage"},"thumbnailUrl":"https:\/\/www.ieec.cat\/wp-content\/uploads\/2026\/04\/Adaptacio-destacat-home-creativitat-visites-Montsec-2026-CAT-No-logo.jpg","datePublished":"2026-04-29T10:21:35+00:00","dateModified":"2026-04-29T10:21:43+00:00","author":{"@id":"https:\/\/www.ieec.cat\/es\/#\/schema\/person\/322a07f3c26d150fb0ab2c84181ced4c"},"description":"Consulta las visitas guiadas al Observatori del Montsec (OdM), gestionado por el IEEC, durante este 2026.","breadcrumb":{"@id":"https:\/\/www.ieec.cat\/es\/visitas-guiadas-observatori-del-montsec-odm-2026\/#breadcrumb"},"inLanguage":"es","potentialAction":[{"@type":"ReadAction","target":["https:\/\/www.ieec.cat\/es\/visitas-guiadas-observatori-del-montsec-odm-2026\/"]}]},{"@type":"ImageObject","inLanguage":"es","@id":"https:\/\/www.ieec.cat\/es\/visitas-guiadas-observatori-del-montsec-odm-2026\/#primaryimage","url":"https:\/\/www.ieec.cat\/wp-content\/uploads\/2026\/04\/Adaptacio-destacat-home-creativitat-visites-Montsec-2026-CAT-No-logo.jpg","contentUrl":"https:\/\/www.ieec.cat\/wp-content\/uploads\/2026\/04\/Adaptacio-destacat-home-creativitat-visites-Montsec-2026-CAT-No-logo.jpg","width":1080,"height":1080},{"@type":"BreadcrumbList","@id":"https:\/\/www.ieec.cat\/es\/visitas-guiadas-observatori-del-montsec-odm-2026\/#breadcrumb","itemListElement":[{"@type":"ListItem","position":1,"name":"Portada","item":"https:\/\/www.ieec.cat\/es\/"},{"@type":"ListItem","position":2,"name":"Llega la edici\u00f3n 2026 de las visitas guiadas al Observatori del Montsec"}]},{"@type":"WebSite","@id":"https:\/\/www.ieec.cat\/es\/#website","url":"https:\/\/www.ieec.cat\/es\/","name":"IEEC","description":"Institut d&#039;Estudis Espacials de Catalunya","potentialAction":[{"@type":"SearchAction","target":{"@type":"EntryPoint","urlTemplate":"https:\/\/www.ieec.cat\/es\/?s={search_term_string}"},"query-input":{"@type":"PropertyValueSpecification","valueRequired":true,"valueName":"search_term_string"}}],"inLanguage":"es"},{"@type":"Person","@id":"https:\/\/www.ieec.cat\/es\/#\/schema\/person\/322a07f3c26d150fb0ab2c84181ced4c","name":"Javier Bueno","image":{"@type":"ImageObject","inLanguage":"es","@id":"https:\/\/secure.gravatar.com\/avatar\/4d48f3381f239f9e12ab1bd3e78402f1144081a2afb1cb5bc1b5ec38effae7c9?s=96&d=mm&r=g","url":"https:\/\/secure.gravatar.com\/avatar\/4d48f3381f239f9e12ab1bd3e78402f1144081a2afb1cb5bc1b5ec38effae7c9?s=96&d=mm&r=g","contentUrl":"https:\/\/secure.gravatar.com\/avatar\/4d48f3381f239f9e12ab1bd3e78402f1144081a2afb1cb5bc1b5ec38effae7c9?s=96&d=mm&r=g","caption":"Javier Bueno"}}]}},"_links":{"self":[{"href":"https:\/\/www.ieec.cat\/es\/wp-json\/wp\/v2\/posts\/44480","targetHints":{"allow":["GET"]}}],"collection":[{"href":"https:\/\/www.ieec.cat\/es\/wp-json\/wp\/v2\/posts"}],"about":[{"href":"https:\/\/www.ieec.cat\/es\/wp-json\/wp\/v2\/types\/post"}],"author":[{"embeddable":true,"href":"https:\/\/www.ieec.cat\/es\/wp-json\/wp\/v2\/users\/7"}],"replies":[{"embeddable":true,"href":"https:\/\/www.ieec.cat\/es\/wp-json\/wp\/v2\/comments?post=44480"}],"version-history":[{"count":15,"href":"https:\/\/www.ieec.cat\/es\/wp-json\/wp\/v2\/posts\/44480\/revisions"}],"predecessor-version":[{"id":44658,"href":"https:\/\/www.ieec.cat\/es\/wp-json\/wp\/v2\/posts\/44480\/revisions\/44658"}],"wp:featuredmedia":[{"embeddable":true,"href":"https:\/\/www.ieec.cat\/es\/wp-json\/wp\/v2\/media\/44653"}],"wp:attachment":[{"href":"https:\/\/www.ieec.cat\/es\/wp-json\/wp\/v2\/media?parent=44480"}],"wp:term":[{"taxonomy":"category","embeddable":true,"href":"https:\/\/www.ieec.cat\/es\/wp-json\/wp\/v2\/categories?post=44480"},{"taxonomy":"post_tag","embeddable":true,"href":"https:\/\/www.ieec.cat\/es\/wp-json\/wp\/v2\/tags?post=44480"}],"curies":[{"name":"wp","href":"https:\/\/api.w.org\/{rel}","templated":true}]}}