{"id":5377,"date":"2015-12-04T00:00:00","date_gmt":"2015-12-03T23:00:00","guid":{"rendered":"https:\/\/www.ieec.cat\/tota-la-cobertura-medi%c3%a0tica-del-llan%c3%a7ament-de-lisa-pathfinder-not-translated-2\/"},"modified":"2022-12-22T23:22:43","modified_gmt":"2022-12-22T22:22:43","slug":"tota-la-cobertura-medi%c3%a0tica-del-llan%c3%a7ament-de-lisa-pathfinder-not-translated","status":"publish","type":"post","link":"https:\/\/www.ieec.cat\/es\/tota-la-cobertura-medi%c3%a0tica-del-llan%c3%a7ament-de-lisa-pathfinder-not-translated\/","title":{"rendered":"Tota la cobertura medi\u00e0tica del llan\u00e7ament de LISA Pathfinder [NOT TRANSLATED]"},"content":{"rendered":"<p>[et_pb_section fb_built=\u00bb1&#8243; fullwidth=\u00bbon\u00bb theme_builder_area=\u00bbpost_content\u00bb _builder_version=\u00bb4.14.8&#8243; _module_preset=\u00bbdefault\u00bb height=\u00bb114px\u00bb background_color=\u00bb\u00bb hover_enabled=\u00bb0&#8243; sticky_enabled=\u00bb0&#8243; title_text=\u00bb\u00bb background_image=\u00bb\/wp-content\/uploads\/2022\/04\/slider-corpo2.jpg\u00bb][\/et_pb_section][et_pb_section fb_built=\u00bb1&#8243; theme_builder_area=\u00bbpost_content\u00bb _builder_version=\u00bb4.14.8&#8243; _module_preset=\u00bbdefault\u00bb custom_padding=\u00bb||0px||false|false\u00bb custom_margin=\u00bb||0px||false|false\u00bb hover_enabled=\u00bb0&#8243; sticky_enabled=\u00bb0&#8243;][et_pb_row _builder_version=\u00bb4.14.8&#8243; _module_preset=\u00bbdefault\u00bb theme_builder_area=\u00bbpost_content\u00bb][et_pb_column _builder_version=\u00bb4.14.8&#8243; _module_preset=\u00bbdefault\u00bb type=\u00bb4_4&#8243; theme_builder_area=\u00bbpost_content\u00bb][et_pb_text _builder_version=\u00bb4.14.8&#8243; _module_preset=\u00bbdefault\u00bb theme_builder_area=\u00bbpost_content\u00bb _dynamic_attributes=\u00bbcontent\u00bb hover_enabled=\u00bb0&#8243; sticky_enabled=\u00bb0&#8243; custom_margin=\u00bb0px||0px||false|false\u00bb custom_padding=\u00bb0px||0px||false|false\u00bb]@ET-DC@eyJkeW5hbWljIjp0cnVlLCJjb250ZW50IjoicG9zdF90aXRsZSIsInNldHRpbmdzIjp7ImJlZm9yZSI6IjxoMSBjbGFzcz1cImVudHJ5X3RpdGxlXCI+IiwiYWZ0ZXIiOiI8L2gxPiJ9fQ==@[\/et_pb_text][et_pb_text _builder_version=\u00bb4.14.8&#8243; _module_preset=\u00bbdefault\u00bb theme_builder_area=\u00bbpost_content\u00bb _dynamic_attributes=\u00bbcontent\u00bb custom_padding=\u00bb0px||0px||false|false\u00bb custom_margin=\u00bb0px||0px||false|false\u00bb hover_enabled=\u00bb0&#8243; sticky_enabled=\u00bb0&#8243;]@ET-DC@eyJkeW5hbWljIjp0cnVlLCJjb250ZW50IjoicG9zdF9kYXRlIiwic2V0dGluZ3MiOnsiYmVmb3JlIjoiIiwiYWZ0ZXIiOiIiLCJkYXRlX2Zvcm1hdCI6ImN1c3RvbSIsImN1c3RvbV9kYXRlX2Zvcm1hdCI6IlktbS1kIEg6aTpzIn19@[\/et_pb_text][\/et_pb_column][\/et_pb_row][\/et_pb_section][et_pb_section fb_built=\u00bb1&#8243; _builder_version=\u00bb4.14.8&#8243; _module_preset=\u00bbdefault\u00bb custom_margin=\u00bb0px||||false|false\u00bb custom_padding=\u00bb0px||||false|false\u00bb top_divider_color=\u00bbRGBA(255,255,255,0)\u00bb top_divider_height=\u00bb0px\u00bb hover_enabled=\u00bb0&#8243; global_colors_info=\u00bb{}\u00bb sticky_enabled=\u00bb0&#8243;][et_pb_row column_structure=\u00bb4_4&#8243; _builder_version=\u00bb4.14.8&#8243; _module_preset=\u00bbdefault\u00bb global_colors_info=\u00bb{}\u00bb][et_pb_column type=\u00bb4_4&#8243; _builder_version=\u00bb4.14.8&#8243; _module_preset=\u00bbdefault\u00bb global_colors_info=\u00bb{}\u00bb][et_pb_image src=\u00bbhttps:\/\/www.ieec.cat\/wp-content\/uploads\/2022\/12\/1543421892_4769a97bd1ec7c5549dad8adc3f4a0c7_tve_carlos.jpg\u00bb alt=\u00bbTota la cobertura medi\u00e0tica del llan\u00e7ament de LISA Pathfinder [NOT TRANSLATED]\u00bb _builder_version=\u00bb4.14.8&#8243; _module_preset=\u00bbdefault\u00bb title_text=\u00bbPR_Image1.png\u00bb hover_enabled=\u00bb0&#8243; sticky_enabled=\u00bb0&#8243; width=\u00bb600px\u00bb module_alignment=\u00bbcenter\u00bb][\/et_pb_image][et_pb_text _builder_version=\u00bb4.14.8&#8243; _module_preset=\u00bbdefault\u00bb global_colors_info=\u00bb{}\u00bb]El llan\u00e7ament de la <a href=\"http:\/\/www.ieec.cat\/ca\/lisa-pathfinder-2015\/\">missi\u00f3 LISA Pathfinder<\/a> ha estat \u00e0mpliament recollit pels mitjans de comunicaci\u00f3 catalans i espanyols, que han destacat a m\u00e9s el paper que hi juga l\u2019Institut de Ci\u00e8ncies de l\u2019Espai (IEEC-CSIC).<\/p>\n<p>TVE carlos<\/p>\n<p>Us oferim un recull de la cobertura medi\u00e0tica despr\u00e9s del llan\u00e7ament:<\/p>\n<p>TELEVISI\u00d3<\/p>\n<p>&#8211; <a href=\"http:\/\/www.rtve.es\/alacarta\/videos\/telediario\/telediario-15-horas-03-12-15\/3392112\/\">Telediario 1<\/a>, TVE (minut 41)<br \/>&#8211; <a href=\"http:\/\/www.rtve.es\/alacarta\/videos\/linformatiu\/informatiu-migdia-3dic\/3392059\/\">L\u2019Informatiu<\/a>, TVE Catalunya (minut 14)<br \/>&#8211; <a href=\"http:\/\/www.ccma.cat\/tv3\/alacarta\/telenoticies-migdia\/telenoticies-migdia-03122015\/video\/5569139\/\">Telenot\u00edcies migdia<\/a>, TV3 (minut 39) i tamb\u00e9 al 324<br \/>&#8211; <a href=\"http:\/\/www.rtve.es\/alacarta\/videos\/lab24\/lab24-ondas-gravitacionales-tecnologia-4k-patrimonio-industrial\/3420153\/\">Lab24<\/a>, TVE 24 horas<\/p>\n<p>R\u00c0DIO<\/p>\n<p>&#8211; <a href=\"http:\/\/www.ccma.cat\/catradio\/alacarta\/informatius-catalunya-radio\/lisa-pathfinder-una-missio-espacial-historica\/audio\/902991\/\">Informatius de Catalunya R\u00e0dio <\/a><br \/>&#8211; <a href=\"http:\/\/www.racalacarta.com\/download.php?file=download.php-file=1203%2008h%20(Dijous%2003-12-15)%20%20%20EL%20MON%20A%20RAC1.mp3\">El m\u00f3n a RAC1<\/a> (minut 30)<br \/>&#8211; <a href=\"http:\/\/www.vilaweb.cat\/noticies\/un-ordinador-catala-per-a-escoltar-lunivers\/\">L\u2019Internauta<\/a><\/p>\n<p>PREMSA<\/p>\n<p>&#8211; <a href=\"http:\/\/www.efefuturo.com\/noticia\/lisa-pathfinder-parte-con-exito\/\">El LISA Pathfinder inicia su misi\u00f3n en busca de las ondas gravitacionales<\/a> \u2013 EFE Futuro<br \/>&#8211; <a href=\"http:\/\/elpais.com\/elpais\/2015\/12\/02\/ciencia\/1449093451_516872.html\">Europa lanza Lisa Pathfinder, el precursor de su gran oreja espacial<\/a> &#8211; El Pa\u00eds<br \/>&#8211; <a href=\"http:\/\/www.elmundo.es\/ciencia\/2015\/12\/02\/565ee1a046163f4e478b458e.html\">Einstein, a examen desde el espacio<\/a> &#8211; El Mundo<br \/>&#8211; <a href=\"http:\/\/www.lavanguardia.com\/ciencia\/fisica-espacio\/20151203\/30565155055\/lisa-pathfinder-lanzada-exito.html\">Lanzada con \u00e9xito la misi\u00f3n LISA Pathfinder<\/a> \u2013 La Vanguardia<br \/>&#8211; <a href=\"http:\/\/www.lavanguardia.com\/local\/sabadell\/20151203\/30571758851\/desenvolupat-a-catalunya-el-cervell-del-satel-lit-lisa-pathfinder.html\">Desenvolupat a Catalunya el \u201ccervell\u201d del satel\u00b7lit LISA Pathfinder<\/a> \u2013 La Vanguardia<br \/>&#8211; <a href=\"http:\/\/www.lavanguardia.com\/ciencia\/opinion\/20151127\/30396062525\/que-importancia-tiene-encontrar-ondas-gravitatorias.html\">\u00bfQu\u00e9 importancia tiene encontrar ondas gravitatorias?<\/a> &#8211; La Vanguardia (article de col\u00b7laboraci\u00f3 de Carlos Sopuerta)<br \/>&#8211; <a href=\"http:\/\/www.elperiodico.com\/es\/noticias\/ciencia\/lanzamiento-nave-europea-lisa-pathfinder-4717349\">Despega con \u00e9xito la nave europea LISA Pathfinder<\/a> \u2013 El Peri\u00f3dico<br \/>&#8211; <a href=\"http:\/\/www.elpuntavui.cat\/societat\/article\/5-societat\/920372-s-enlaira-sense-incidents-el-satel-lit-cientific-europeu-lisa-pathfinder.html\">S\u2019enlaira sense incidents el sat\u00e8l\u00b7lit cient\u00edfic europeu LISA Pathfinder<\/a> \u2013 El Punt Avui<br \/>&#8211; <a href=\"http:\/\/www.elpuntavui.cat\/societat\/article\/15-ciencia\/920622-lisa-pathfinder-obre-el-cami-cap-a-les-ones-gravitacionals.html\">\u2018Lisa Pathfinder\u2019 obre el cam\u00ed cap a les ones gravitacionals<\/a> \u2013 El Punt Avui<br \/>&#8211; <a href=\"http:\/\/www.ara.cat\/societat\/LISA-Pathfinder-navega-revolucionar-estudi-univers_0_1478852208.html\">La LISA Pathfinder ja navega per revolucionar l\u2019estudi de l\u2019Univers<\/a> \u2013 Diari ARA<br \/>&#8211; <a href=\"http:\/\/www.ccma.cat\/324\/senlaira-el-satellit-europeu-lisa-pathfinder-que-comprovara-les-teories-deinstein\/noticia\/2700398\/\">S\u2019enlaira el sat\u00e8l\u00b7lit europeu LISA Pathfinder, que comprovar\u00e0 les teories d\u2019Einstein<\/a> \u2013 Web 324 (CCMA)<br \/>&#8211; <a href=\"http:\/\/www.regio7.cat\/arreu-catalunya-espanya-mon\/2015\/12\/04\/ordinador-catala-busca-ones-deinstein\/339829.html\">Un ordinador catal\u00e0 busca les ones d\u2019Einstein a l\u2019espai lluny\u00e0<\/a> \u2013 Regi\u00f3 7<br \/>&#8211; <a href=\"http:\/\/www.elperiodicodearagon.com\/noticias\/sociedad\/satelite-europeo-lisa-pathfinder-busca-sonidos-universo_1071951.html\">El sat\u00e9lite europeo \u2018LISA Pathfinder\u2019 busca los \u2018sonidos\u2019 del universo<\/a> \u2013 El Peri\u00f3dico de Arag\u00f3n<br \/>&#8211; <a href=\"http:\/\/www.lavanguardia.com\/vida\/20151206\/30622515295\/mi-error-es-intentar-no-cometer-errores.html\">\u201cMi error es intentar no cometer errores\u201d<\/a> (entrevista a Carlos Sopuerta) \u2013 La Vanguardia<br \/>&#8211; <a href=\"http:\/\/www.rtve.es\/alacarta\/audios\/a-hombros-de-gigantes\/hombros-gigantes-mision-lisa-pathfinder-para-escuchar-sonido-del-big-bang-07-12-15\/3396179\/\">Misi\u00f3n LISA Pathfinder para \u201cescuchar\u201d el sonido del Big Bang<\/a> \u2013 A hombros de gigantes (RNE)<\/p>\n<p>MITJANS ESPECIALITZATS<\/p>\n<p>&#8211; <a href=\"http:\/\/actualidadaeroespacial.com\/default.aspx?where=10&amp;id=1&amp;n=16672\">LISA Pathfinder ya vuela hacia el espacio<\/a> \u2013 Actualidad Aeroespacial<br \/>&#8211; <a href=\"http:\/\/www.actualidadaeroespacial.com\/default.aspx?where=10&amp;id=1&amp;n=16673\">Los controladores de LISA Pathfinder recibieron sus primeras se\u00f1ales<\/a> \u2013 Actualidad Aeroespacial<br \/>&#8211; <a href=\"http:\/\/www.sea-astronomia.es\/drupal\/content\/lanzada-con-%C3%A9xito-lisa-pathfinder-misi%C3%B3n-de-la-esa-con-gran-participaci%C3%B3n-espa%C3%B1ola\">Lanzada con \u00e9xito LISA Pathfinder, misi\u00f3n de la ESA con gran participaci\u00f3n espa\u00f1ola<\/a> \u2013 Sociedad Espa\u00f1ola de Astronom\u00eda<\/p>\n<p>Aquesta cobertura se suma al <a href=\"http:\/\/www.ieec.cat\/uncategorized\/ampli-resso-als-mitjans-de-comunicacio-de-la-presentacio-de-lisa-pathfinder\/\">ress\u00f2 que va tenir lloc els dies previs al llan\u00e7ament<\/a>, arran la presentaci\u00f3 que es va fer a la premsa des de l\u2019IEEC. [NOT TRANSLATED][\/et_pb_text][\/et_pb_column][\/et_pb_row][\/et_pb_section]<\/p>\n","protected":false},"excerpt":{"rendered":"<p>\u00bb _builder_version=\u00bb4.14.8&#8243; _module_preset=\u00bbdefault\u00bb title_text=\u00bbPR_Image1.png\u00bb hover_enabled=\u00bb0&#8243; sticky_enabled=\u00bb0&#8243; width=\u00bb600px\u00bb module_alignment=\u00bbcenter\u00bb]El llan\u00e7ament de la missi\u00f3 LISA Pathfinder ha estat \u00e0mpliament recollit pels mitjans de comunicaci\u00f3 catalans i espanyols, que han destacat a m\u00e9s el paper que hi juga l\u2019Institut de Ci\u00e8ncies de l\u2019Espai (IEEC-CSIC).TVE carlosUs oferim un recull de la cobertura medi\u00e0tica despr\u00e9s del llan\u00e7ament:TELEVISI\u00d3- Telediario 1, TVE [&hellip;]<\/p>\n","protected":false},"author":0,"featured_media":5372,"comment_status":"closed","ping_status":"open","sticky":false,"template":"","format":"standard","meta":{"_et_pb_use_builder":"on","_et_pb_old_content":"","_et_gb_content_width":"2880","footnotes":""},"categories":[70,77],"tags":[],"class_list":["post-5377","post","type-post","status-publish","format-standard","has-post-thumbnail","hentry","category-anuncios","category-otros-anuncios"],"yoast_head":"<!-- This site is optimized with the Yoast SEO plugin v27.4 - https:\/\/yoast.com\/product\/yoast-seo-wordpress\/ -->\n<title>Tota la cobertura medi\u00e0tica del llan\u00e7ament de LISA Pathfinder [NOT TRANSLATED] - IEEC<\/title>\n<meta name=\"robots\" content=\"index, follow, max-snippet:-1, max-image-preview:large, max-video-preview:-1\" \/>\n<link rel=\"canonical\" href=\"https:\/\/www.ieec.cat\/es\/tota-la-cobertura-medi%c3%a0tica-del-llan%c3%a7ament-de-lisa-pathfinder-not-translated\/\" \/>\n<meta property=\"og:locale\" content=\"es_ES\" \/>\n<meta property=\"og:type\" content=\"article\" \/>\n<meta property=\"og:title\" content=\"Tota la cobertura medi\u00e0tica del llan\u00e7ament de LISA Pathfinder [NOT TRANSLATED] - IEEC\" \/>\n<meta property=\"og:description\" content=\"&quot; _builder_version=&quot;4.14.8&quot; _module_preset=&quot;default&quot; title_text=&quot;PR_Image1.png&quot; hover_enabled=&quot;0&quot; sticky_enabled=&quot;0&quot; width=&quot;600px&quot; module_alignment=&quot;center&quot;]El llan\u00e7ament de la missi\u00f3 LISA Pathfinder ha estat \u00e0mpliament recollit pels mitjans de comunicaci\u00f3 catalans i espanyols, que han destacat a m\u00e9s el paper que hi juga l\u2019Institut de Ci\u00e8ncies de l\u2019Espai (IEEC-CSIC).TVE carlosUs oferim un recull de la cobertura medi\u00e0tica despr\u00e9s del llan\u00e7ament:TELEVISI\u00d3- Telediario 1, TVE [&hellip;]\" \/>\n<meta property=\"og:url\" content=\"https:\/\/www.ieec.cat\/es\/tota-la-cobertura-medi%c3%a0tica-del-llan%c3%a7ament-de-lisa-pathfinder-not-translated\/\" \/>\n<meta property=\"og:site_name\" content=\"IEEC\" \/>\n<meta property=\"article:published_time\" content=\"2015-12-03T23:00:00+00:00\" \/>\n<meta property=\"article:modified_time\" content=\"2022-12-22T22:22:43+00:00\" \/>\n<meta property=\"og:image\" content=\"https:\/\/www.ieec.cat\/wp-content\/uploads\/2022\/12\/1543421892_4769a97bd1ec7c5549dad8adc3f4a0c7_tve_carlos.jpg\" \/>\n\t<meta property=\"og:image:width\" content=\"966\" \/>\n\t<meta property=\"og:image:height\" content=\"544\" \/>\n\t<meta property=\"og:image:type\" content=\"image\/jpeg\" \/>\n<meta name=\"twitter:card\" content=\"summary_large_image\" \/>\n<meta name=\"twitter:label1\" content=\"Tiempo de lectura\" \/>\n\t<meta name=\"twitter:data1\" content=\"1 minuto\" \/>\n<script type=\"application\/ld+json\" class=\"yoast-schema-graph\">{\"@context\":\"https:\\\/\\\/schema.org\",\"@graph\":[{\"@type\":\"Article\",\"@id\":\"https:\\\/\\\/www.ieec.cat\\\/es\\\/tota-la-cobertura-medi%c3%a0tica-del-llan%c3%a7ament-de-lisa-pathfinder-not-translated\\\/#article\",\"isPartOf\":{\"@id\":\"https:\\\/\\\/www.ieec.cat\\\/es\\\/tota-la-cobertura-medi%c3%a0tica-del-llan%c3%a7ament-de-lisa-pathfinder-not-translated\\\/\"},\"author\":{\"name\":\"\",\"@id\":\"\"},\"headline\":\"Tota la cobertura medi\u00e0tica del llan\u00e7ament de LISA Pathfinder [NOT TRANSLATED]\",\"datePublished\":\"2015-12-03T23:00:00+00:00\",\"dateModified\":\"2022-12-22T22:22:43+00:00\",\"mainEntityOfPage\":{\"@id\":\"https:\\\/\\\/www.ieec.cat\\\/es\\\/tota-la-cobertura-medi%c3%a0tica-del-llan%c3%a7ament-de-lisa-pathfinder-not-translated\\\/\"},\"wordCount\":757,\"image\":{\"@id\":\"https:\\\/\\\/www.ieec.cat\\\/es\\\/tota-la-cobertura-medi%c3%a0tica-del-llan%c3%a7ament-de-lisa-pathfinder-not-translated\\\/#primaryimage\"},\"thumbnailUrl\":\"https:\\\/\\\/www.ieec.cat\\\/wp-content\\\/uploads\\\/2022\\\/12\\\/1543421892_4769a97bd1ec7c5549dad8adc3f4a0c7_tve_carlos.jpg\",\"articleSection\":[\"Anuncios\",\"Otros\"],\"inLanguage\":\"es\"},{\"@type\":\"WebPage\",\"@id\":\"https:\\\/\\\/www.ieec.cat\\\/es\\\/tota-la-cobertura-medi%c3%a0tica-del-llan%c3%a7ament-de-lisa-pathfinder-not-translated\\\/\",\"url\":\"https:\\\/\\\/www.ieec.cat\\\/es\\\/tota-la-cobertura-medi%c3%a0tica-del-llan%c3%a7ament-de-lisa-pathfinder-not-translated\\\/\",\"name\":\"Tota la cobertura medi\u00e0tica del llan\u00e7ament de LISA Pathfinder [NOT TRANSLATED] - IEEC\",\"isPartOf\":{\"@id\":\"https:\\\/\\\/www.ieec.cat\\\/es\\\/#website\"},\"primaryImageOfPage\":{\"@id\":\"https:\\\/\\\/www.ieec.cat\\\/es\\\/tota-la-cobertura-medi%c3%a0tica-del-llan%c3%a7ament-de-lisa-pathfinder-not-translated\\\/#primaryimage\"},\"image\":{\"@id\":\"https:\\\/\\\/www.ieec.cat\\\/es\\\/tota-la-cobertura-medi%c3%a0tica-del-llan%c3%a7ament-de-lisa-pathfinder-not-translated\\\/#primaryimage\"},\"thumbnailUrl\":\"https:\\\/\\\/www.ieec.cat\\\/wp-content\\\/uploads\\\/2022\\\/12\\\/1543421892_4769a97bd1ec7c5549dad8adc3f4a0c7_tve_carlos.jpg\",\"datePublished\":\"2015-12-03T23:00:00+00:00\",\"dateModified\":\"2022-12-22T22:22:43+00:00\",\"author\":{\"@id\":\"\"},\"breadcrumb\":{\"@id\":\"https:\\\/\\\/www.ieec.cat\\\/es\\\/tota-la-cobertura-medi%c3%a0tica-del-llan%c3%a7ament-de-lisa-pathfinder-not-translated\\\/#breadcrumb\"},\"inLanguage\":\"es\",\"potentialAction\":[{\"@type\":\"ReadAction\",\"target\":[\"https:\\\/\\\/www.ieec.cat\\\/es\\\/tota-la-cobertura-medi%c3%a0tica-del-llan%c3%a7ament-de-lisa-pathfinder-not-translated\\\/\"]}]},{\"@type\":\"ImageObject\",\"inLanguage\":\"es\",\"@id\":\"https:\\\/\\\/www.ieec.cat\\\/es\\\/tota-la-cobertura-medi%c3%a0tica-del-llan%c3%a7ament-de-lisa-pathfinder-not-translated\\\/#primaryimage\",\"url\":\"https:\\\/\\\/www.ieec.cat\\\/wp-content\\\/uploads\\\/2022\\\/12\\\/1543421892_4769a97bd1ec7c5549dad8adc3f4a0c7_tve_carlos.jpg\",\"contentUrl\":\"https:\\\/\\\/www.ieec.cat\\\/wp-content\\\/uploads\\\/2022\\\/12\\\/1543421892_4769a97bd1ec7c5549dad8adc3f4a0c7_tve_carlos.jpg\",\"width\":966,\"height\":544},{\"@type\":\"BreadcrumbList\",\"@id\":\"https:\\\/\\\/www.ieec.cat\\\/es\\\/tota-la-cobertura-medi%c3%a0tica-del-llan%c3%a7ament-de-lisa-pathfinder-not-translated\\\/#breadcrumb\",\"itemListElement\":[{\"@type\":\"ListItem\",\"position\":1,\"name\":\"Portada\",\"item\":\"https:\\\/\\\/www.ieec.cat\\\/es\\\/\"},{\"@type\":\"ListItem\",\"position\":2,\"name\":\"Tota la cobertura medi\u00e0tica del llan\u00e7ament de LISA Pathfinder [NOT TRANSLATED]\"}]},{\"@type\":\"WebSite\",\"@id\":\"https:\\\/\\\/www.ieec.cat\\\/es\\\/#website\",\"url\":\"https:\\\/\\\/www.ieec.cat\\\/es\\\/\",\"name\":\"IEEC\",\"description\":\"Institut d&#039;Estudis Espacials de Catalunya\",\"potentialAction\":[{\"@type\":\"SearchAction\",\"target\":{\"@type\":\"EntryPoint\",\"urlTemplate\":\"https:\\\/\\\/www.ieec.cat\\\/es\\\/?s={search_term_string}\"},\"query-input\":{\"@type\":\"PropertyValueSpecification\",\"valueRequired\":true,\"valueName\":\"search_term_string\"}}],\"inLanguage\":\"es\"}]}<\/script>\n<!-- \/ Yoast SEO plugin. -->","yoast_head_json":{"title":"Tota la cobertura medi\u00e0tica del llan\u00e7ament de LISA Pathfinder [NOT TRANSLATED] - IEEC","robots":{"index":"index","follow":"follow","max-snippet":"max-snippet:-1","max-image-preview":"max-image-preview:large","max-video-preview":"max-video-preview:-1"},"canonical":"https:\/\/www.ieec.cat\/es\/tota-la-cobertura-medi%c3%a0tica-del-llan%c3%a7ament-de-lisa-pathfinder-not-translated\/","og_locale":"es_ES","og_type":"article","og_title":"Tota la cobertura medi\u00e0tica del llan\u00e7ament de LISA Pathfinder [NOT TRANSLATED] - IEEC","og_description":"\" _builder_version=\"4.14.8\" _module_preset=\"default\" title_text=\"PR_Image1.png\" hover_enabled=\"0\" sticky_enabled=\"0\" width=\"600px\" module_alignment=\"center\"]El llan\u00e7ament de la missi\u00f3 LISA Pathfinder ha estat \u00e0mpliament recollit pels mitjans de comunicaci\u00f3 catalans i espanyols, que han destacat a m\u00e9s el paper que hi juga l\u2019Institut de Ci\u00e8ncies de l\u2019Espai (IEEC-CSIC).TVE carlosUs oferim un recull de la cobertura medi\u00e0tica despr\u00e9s del llan\u00e7ament:TELEVISI\u00d3- Telediario 1, TVE [&hellip;]","og_url":"https:\/\/www.ieec.cat\/es\/tota-la-cobertura-medi%c3%a0tica-del-llan%c3%a7ament-de-lisa-pathfinder-not-translated\/","og_site_name":"IEEC","article_published_time":"2015-12-03T23:00:00+00:00","article_modified_time":"2022-12-22T22:22:43+00:00","og_image":[{"width":966,"height":544,"url":"https:\/\/www.ieec.cat\/wp-content\/uploads\/2022\/12\/1543421892_4769a97bd1ec7c5549dad8adc3f4a0c7_tve_carlos.jpg","type":"image\/jpeg"}],"twitter_card":"summary_large_image","twitter_misc":{"Tiempo de lectura":"1 minuto"},"schema":{"@context":"https:\/\/schema.org","@graph":[{"@type":"Article","@id":"https:\/\/www.ieec.cat\/es\/tota-la-cobertura-medi%c3%a0tica-del-llan%c3%a7ament-de-lisa-pathfinder-not-translated\/#article","isPartOf":{"@id":"https:\/\/www.ieec.cat\/es\/tota-la-cobertura-medi%c3%a0tica-del-llan%c3%a7ament-de-lisa-pathfinder-not-translated\/"},"author":{"name":"","@id":""},"headline":"Tota la cobertura medi\u00e0tica del llan\u00e7ament de LISA Pathfinder [NOT TRANSLATED]","datePublished":"2015-12-03T23:00:00+00:00","dateModified":"2022-12-22T22:22:43+00:00","mainEntityOfPage":{"@id":"https:\/\/www.ieec.cat\/es\/tota-la-cobertura-medi%c3%a0tica-del-llan%c3%a7ament-de-lisa-pathfinder-not-translated\/"},"wordCount":757,"image":{"@id":"https:\/\/www.ieec.cat\/es\/tota-la-cobertura-medi%c3%a0tica-del-llan%c3%a7ament-de-lisa-pathfinder-not-translated\/#primaryimage"},"thumbnailUrl":"https:\/\/www.ieec.cat\/wp-content\/uploads\/2022\/12\/1543421892_4769a97bd1ec7c5549dad8adc3f4a0c7_tve_carlos.jpg","articleSection":["Anuncios","Otros"],"inLanguage":"es"},{"@type":"WebPage","@id":"https:\/\/www.ieec.cat\/es\/tota-la-cobertura-medi%c3%a0tica-del-llan%c3%a7ament-de-lisa-pathfinder-not-translated\/","url":"https:\/\/www.ieec.cat\/es\/tota-la-cobertura-medi%c3%a0tica-del-llan%c3%a7ament-de-lisa-pathfinder-not-translated\/","name":"Tota la cobertura medi\u00e0tica del llan\u00e7ament de LISA Pathfinder [NOT TRANSLATED] - IEEC","isPartOf":{"@id":"https:\/\/www.ieec.cat\/es\/#website"},"primaryImageOfPage":{"@id":"https:\/\/www.ieec.cat\/es\/tota-la-cobertura-medi%c3%a0tica-del-llan%c3%a7ament-de-lisa-pathfinder-not-translated\/#primaryimage"},"image":{"@id":"https:\/\/www.ieec.cat\/es\/tota-la-cobertura-medi%c3%a0tica-del-llan%c3%a7ament-de-lisa-pathfinder-not-translated\/#primaryimage"},"thumbnailUrl":"https:\/\/www.ieec.cat\/wp-content\/uploads\/2022\/12\/1543421892_4769a97bd1ec7c5549dad8adc3f4a0c7_tve_carlos.jpg","datePublished":"2015-12-03T23:00:00+00:00","dateModified":"2022-12-22T22:22:43+00:00","author":{"@id":""},"breadcrumb":{"@id":"https:\/\/www.ieec.cat\/es\/tota-la-cobertura-medi%c3%a0tica-del-llan%c3%a7ament-de-lisa-pathfinder-not-translated\/#breadcrumb"},"inLanguage":"es","potentialAction":[{"@type":"ReadAction","target":["https:\/\/www.ieec.cat\/es\/tota-la-cobertura-medi%c3%a0tica-del-llan%c3%a7ament-de-lisa-pathfinder-not-translated\/"]}]},{"@type":"ImageObject","inLanguage":"es","@id":"https:\/\/www.ieec.cat\/es\/tota-la-cobertura-medi%c3%a0tica-del-llan%c3%a7ament-de-lisa-pathfinder-not-translated\/#primaryimage","url":"https:\/\/www.ieec.cat\/wp-content\/uploads\/2022\/12\/1543421892_4769a97bd1ec7c5549dad8adc3f4a0c7_tve_carlos.jpg","contentUrl":"https:\/\/www.ieec.cat\/wp-content\/uploads\/2022\/12\/1543421892_4769a97bd1ec7c5549dad8adc3f4a0c7_tve_carlos.jpg","width":966,"height":544},{"@type":"BreadcrumbList","@id":"https:\/\/www.ieec.cat\/es\/tota-la-cobertura-medi%c3%a0tica-del-llan%c3%a7ament-de-lisa-pathfinder-not-translated\/#breadcrumb","itemListElement":[{"@type":"ListItem","position":1,"name":"Portada","item":"https:\/\/www.ieec.cat\/es\/"},{"@type":"ListItem","position":2,"name":"Tota la cobertura medi\u00e0tica del llan\u00e7ament de LISA Pathfinder [NOT TRANSLATED]"}]},{"@type":"WebSite","@id":"https:\/\/www.ieec.cat\/es\/#website","url":"https:\/\/www.ieec.cat\/es\/","name":"IEEC","description":"Institut d&#039;Estudis Espacials de Catalunya","potentialAction":[{"@type":"SearchAction","target":{"@type":"EntryPoint","urlTemplate":"https:\/\/www.ieec.cat\/es\/?s={search_term_string}"},"query-input":{"@type":"PropertyValueSpecification","valueRequired":true,"valueName":"search_term_string"}}],"inLanguage":"es"}]}},"_links":{"self":[{"href":"https:\/\/www.ieec.cat\/es\/wp-json\/wp\/v2\/posts\/5377","targetHints":{"allow":["GET"]}}],"collection":[{"href":"https:\/\/www.ieec.cat\/es\/wp-json\/wp\/v2\/posts"}],"about":[{"href":"https:\/\/www.ieec.cat\/es\/wp-json\/wp\/v2\/types\/post"}],"replies":[{"embeddable":true,"href":"https:\/\/www.ieec.cat\/es\/wp-json\/wp\/v2\/comments?post=5377"}],"version-history":[{"count":1,"href":"https:\/\/www.ieec.cat\/es\/wp-json\/wp\/v2\/posts\/5377\/revisions"}],"predecessor-version":[{"id":10974,"href":"https:\/\/www.ieec.cat\/es\/wp-json\/wp\/v2\/posts\/5377\/revisions\/10974"}],"wp:featuredmedia":[{"embeddable":true,"href":"https:\/\/www.ieec.cat\/es\/wp-json\/wp\/v2\/media\/5372"}],"wp:attachment":[{"href":"https:\/\/www.ieec.cat\/es\/wp-json\/wp\/v2\/media?parent=5377"}],"wp:term":[{"taxonomy":"category","embeddable":true,"href":"https:\/\/www.ieec.cat\/es\/wp-json\/wp\/v2\/categories?post=5377"},{"taxonomy":"post_tag","embeddable":true,"href":"https:\/\/www.ieec.cat\/es\/wp-json\/wp\/v2\/tags?post=5377"}],"curies":[{"name":"wp","href":"https:\/\/api.w.org\/{rel}","templated":true}]}}