{"id":6356,"date":"2019-12-13T12:15:00","date_gmt":"2019-12-13T11:15:00","guid":{"rendered":"https:\/\/www.ieec.cat\/elgar-el-laboratorio-europeo-de-investigaci%c3%b3n-en-gravitaci%c3%b3n-e-interferometr%c3%ada-at%c3%b3mica\/"},"modified":"2023-01-17T15:06:02","modified_gmt":"2023-01-17T14:06:02","slug":"elgar-el-laboratorio-europeo-de-investigaci%c3%b3n-en-gravitaci%c3%b3n-e-interferometr%c3%ada-at%c3%b3mica","status":"publish","type":"post","link":"https:\/\/www.ieec.cat\/es\/elgar-el-laboratorio-europeo-de-investigaci%c3%b3n-en-gravitaci%c3%b3n-e-interferometr%c3%ada-at%c3%b3mica\/","title":{"rendered":"ELGAR: el Laboratorio Europeo de Investigaci\u00f3n en Gravitaci\u00f3n e Interferometr\u00eda At\u00f3mica"},"content":{"rendered":"<p>[et_pb_section fb_built=\u00bb1&#8243; fullwidth=\u00bbon\u00bb _builder_version=\u00bb4.14.8&#8243; _module_preset=\u00bbdefault\u00bb background_image=\u00bb\/wp-content\/uploads\/2022\/04\/slider-corpo2.jpg\u00bb height=\u00bb114px\u00bb global_colors_info=\u00bb{}\u00bb][\/et_pb_section][et_pb_section fb_built=\u00bb1&#8243; _builder_version=\u00bb4.14.8&#8243; _module_preset=\u00bbdefault\u00bb custom_margin=\u00bb||0px||false|false\u00bb custom_padding=\u00bb||0px||false|false\u00bb global_colors_info=\u00bb{}\u00bb][et_pb_row _builder_version=\u00bb4.14.8&#8243; _module_preset=\u00bbdefault\u00bb global_colors_info=\u00bb{}\u00bb][et_pb_column type=\u00bb4_4&#8243; _builder_version=\u00bb4.14.8&#8243; _module_preset=\u00bbdefault\u00bb global_colors_info=\u00bb{}\u00bb][et_pb_text _builder_version=\u00bb4.14.8&#8243; _dynamic_attributes=\u00bbcontent\u00bb _module_preset=\u00bbdefault\u00bb custom_margin=\u00bb0px||0px||false|false\u00bb custom_padding=\u00bb0px||0px||false|false\u00bb global_colors_info=\u00bb{}\u00bb]@ET-DC@eyJkeW5hbWljIjp0cnVlLCJjb250ZW50IjoicG9zdF90aXRsZSIsInNldHRpbmdzIjp7ImJlZm9yZSI6IjxoMSBjbGFzcz1cImVudHJ5X3RpdGxlXCI+IiwiYWZ0ZXIiOiI8L2gxPiJ9fQ==@[\/et_pb_text][et_pb_text _builder_version=\u00bb4.14.8&#8243; _dynamic_attributes=\u00bbcontent\u00bb _module_preset=\u00bbdefault\u00bb custom_margin=\u00bb0px|5px|0px||false|false\u00bb custom_padding=\u00bb0px||0px||false|false\u00bb hover_enabled=\u00bb0&#8243; global_colors_info=\u00bb{}\u00bb sticky_enabled=\u00bb0&#8243; custom_css_main_element=\u00bbdisplay: inline-block;\u00bb]@ET-DC@eyJkeW5hbWljIjp0cnVlLCJjb250ZW50IjoiY3VzdG9tX21ldGFfZmVjaGFfZXZlbnRvIiwic2V0dGluZ3MiOnsiYmVmb3JlIjoiIiwiYWZ0ZXIiOiIiLCJlbmFibGVfaHRtbCI6Im9mZiJ9fQ==@[\/et_pb_text][et_pb_text _builder_version=\u00bb4.14.8&#8243; _dynamic_attributes=\u00bbcontent\u00bb _module_preset=\u00bbdefault\u00bb custom_margin=\u00bb0px|5px|0px||false|false\u00bb custom_padding=\u00bb0px||0px||false|false\u00bb hover_enabled=\u00bb0&#8243; global_colors_info=\u00bb{}\u00bb sticky_enabled=\u00bb0&#8243; custom_css_main_element=\u00bbdisplay: inline-block;\u00bb]@ET-DC@eyJkeW5hbWljIjp0cnVlLCJjb250ZW50IjoiY3VzdG9tX21ldGFfaG9yYV9ldmVudG8iLCJzZXR0aW5ncyI6eyJiZWZvcmUiOiIiLCJhZnRlciI6IiIsImVuYWJsZV9odG1sIjoib2ZmIn19@[\/et_pb_text][et_pb_text _builder_version=\u00bb4.14.8&#8243; _dynamic_attributes=\u00bbcontent\u00bb _module_preset=\u00bbdefault\u00bb custom_margin=\u00bb0px||0px||false|false\u00bb custom_padding=\u00bb0px||0px||false|false\u00bb hover_enabled=\u00bb0&#8243; global_colors_info=\u00bb{}\u00bb sticky_enabled=\u00bb0&#8243; module_class=\u00bbevent-organizations\u00bb]@ET-DC@eyJkeW5hbWljIjp0cnVlLCJjb250ZW50IjoiY3VzdG9tX21ldGFfb3JnYW5pemFjaW9uZXMiLCJzZXR0aW5ncyI6eyJiZWZvcmUiOiIiLCJhZnRlciI6IiIsImVuYWJsZV9odG1sIjoib2ZmIn19@[\/et_pb_text][et_pb_text _builder_version=\u00bb4.14.8&#8243; _dynamic_attributes=\u00bbcontent\u00bb _module_preset=\u00bbdefault\u00bb custom_margin=\u00bb0px||0px||false|false\u00bb custom_padding=\u00bb0px||0px||false|false\u00bb hover_enabled=\u00bb0&#8243; global_colors_info=\u00bb{}\u00bb sticky_enabled=\u00bb0&#8243;]@ET-DC@eyJkeW5hbWljIjp0cnVlLCJjb250ZW50IjoiY3VzdG9tX21ldGFfbHVnYXJfZXZlbnRvIiwic2V0dGluZ3MiOnsiYmVmb3JlIjoiIiwiYWZ0ZXIiOiIiLCJlbmFibGVfaHRtbCI6Im9mZiJ9fQ==@[\/et_pb_text][\/et_pb_column][\/et_pb_row][\/et_pb_section][et_pb_section fb_built=\u00bb1&#8243; _builder_version=\u00bb4.14.8&#8243; _module_preset=\u00bbdefault\u00bb custom_margin=\u00bb0px||||false|false\u00bb custom_padding=\u00bb0px||||false|false\u00bb top_divider_color=\u00bbRGBA(255,255,255,0)\u00bb top_divider_height=\u00bb0px\u00bb global_colors_info=\u00bb{}\u00bb][et_pb_row _builder_version=\u00bb4.14.8&#8243; _module_preset=\u00bbdefault\u00bb global_colors_info=\u00bb{}\u00bb][et_pb_column type=\u00bb4_4&#8243; _builder_version=\u00bb4.14.8&#8243; _module_preset=\u00bbdefault\u00bb global_colors_info=\u00bb{}\u00bb][et_pb_image src=\u00bbhttps:\/\/www.ieec.cat\/wp-content\/uploads\/2022\/12\/1575979096_8d4e3d8932cb50bb87302fd9155662be_2019_12_elgar.jpg\u00bb alt=\u00bbELGAR: The European Laboratory for Gravitation and Atom-interferometric Research\u00bb title_text=\u00bbELGAR: The European Laboratory for Gravitation and Atom-interferometric Research\u00bb _builder_version=\u00bb4.14.8&#8243; _module_preset=\u00bbdefault\u00bb width=\u00bb600px\u00bb module_alignment=\u00bbcenter\u00bb global_colors_info=\u00bb{}\u00bb][\/et_pb_image][et_pb_text _builder_version=\u00bb4.14.8&#8243; _module_preset=\u00bbdefault\u00bb global_colors_info=\u00bb{}\u00bb]Despu&eacute;s de la inauguraci&oacute;n de la astronom&iacute;a de ondas gravitacionales con la primera detecci&oacute;n directa de ondas gravitacionales a partir de la coalescencia de un agujero negro binario por parte del Observatorio de Ondas Gravitacionales del Interfer&oacute;metro L&aacute;ser (LIGO, por sus siglas en ingl&eacute;s), la carrera para cubrir las partes m&aacute;s relevantes del espectro de ondas gravitacionales va actualmente a toda velocidad.<\/p>\n<p>De hecho, despu&eacute;s de once detecciones (10 agujeros negros binarios y una estrella de neutrones binaria), la colaboraci&oacute;n LIGO-Virgo, que opera en la banda de alta frecuencia, est&aacute; inmersa en la tercera fase de observaci&oacute;n con muchos nuevos candidatos potenciales. Por otro lado, LISA es la futura misi&oacute;n ESA-L3 para la astronom&iacute;a de ondas gravitacionales de baja frecuencia. Las matrices de sincronizaci&oacute;n de pulsos, que cubren la banda de frecuencia muy baja, tienen sensibilidades dentro de la regi&oacute;n de descubrimiento del espacio de par&aacute;metros predicho. Y finalmente, los experimentos de polarizaci&oacute;n del CMB contin&uacute;an su desarrollo en la banda de frecuencias ultra bajas.<\/p>\n<p>A pesar de estos esfuerzos, todav&iacute;a hay vac&iacute;os que llenar en el espectro de ondas gravitacionales. &nbsp;En particular, la banda de los deciHertzios no est&aacute; bien cubierta ni por los detectores terrestres ni por LISA. En esta charla, presentar&eacute; nuevos esfuerzos para llenar la banda de los deciHertzios con nueva tecnolog&iacute;a, interferometr&iacute;a at&oacute;mica, y hablar&eacute; sobre la gran ciencia que se puede hacer con el detector propuesto ELGAR.[\/et_pb_text][\/et_pb_column][\/et_pb_row][\/et_pb_section]<\/p>\n","protected":false},"excerpt":{"rendered":"<p>Despu&eacute;s de la inauguraci&oacute;n de la astronom&iacute;a de ondas gravitacionales con la primera detecci&oacute;n directa de ondas gravitacionales a partir de la coalescencia de un agujero negro binario por parte del Observatorio de Ondas Gravitacionales del Interfer&oacute;metro L&aacute;ser (LIGO, por sus siglas en ingl&eacute;s), la carrera para cubrir las partes m&aacute;s relevantes del espectro de [&hellip;]<\/p>\n","protected":false},"author":0,"featured_media":6351,"comment_status":"closed","ping_status":"open","sticky":false,"template":"","format":"standard","meta":{"_et_pb_use_builder":"on","_et_pb_old_content":"","_et_gb_content_width":"2880","footnotes":""},"categories":[95,73],"tags":[],"class_list":["post-6356","post","type-post","status-publish","format-standard","has-post-thumbnail","hentry","category-charla","category-eventos"],"yoast_head":"<!-- This site is optimized with the Yoast SEO plugin v27.4 - https:\/\/yoast.com\/product\/yoast-seo-wordpress\/ -->\n<title>ELGAR: el Laboratorio Europeo de Investigaci\u00f3n en Gravitaci\u00f3n e Interferometr\u00eda At\u00f3mica - IEEC<\/title>\n<meta name=\"robots\" content=\"index, follow, max-snippet:-1, max-image-preview:large, max-video-preview:-1\" \/>\n<link rel=\"canonical\" href=\"https:\/\/www.ieec.cat\/es\/elgar-el-laboratorio-europeo-de-investigaci%c3%b3n-en-gravitaci%c3%b3n-e-interferometr%c3%ada-at%c3%b3mica\/\" \/>\n<meta property=\"og:locale\" content=\"es_ES\" \/>\n<meta property=\"og:type\" content=\"article\" \/>\n<meta property=\"og:title\" content=\"ELGAR: el Laboratorio Europeo de Investigaci\u00f3n en Gravitaci\u00f3n e Interferometr\u00eda At\u00f3mica - IEEC\" \/>\n<meta property=\"og:description\" content=\"Despu&eacute;s de la inauguraci&oacute;n de la astronom&iacute;a de ondas gravitacionales con la primera detecci&oacute;n directa de ondas gravitacionales a partir de la coalescencia de un agujero negro binario por parte del Observatorio de Ondas Gravitacionales del Interfer&oacute;metro L&aacute;ser (LIGO, por sus siglas en ingl&eacute;s), la carrera para cubrir las partes m&aacute;s relevantes del espectro de [&hellip;]\" \/>\n<meta property=\"og:url\" content=\"https:\/\/www.ieec.cat\/es\/elgar-el-laboratorio-europeo-de-investigaci%c3%b3n-en-gravitaci%c3%b3n-e-interferometr%c3%ada-at%c3%b3mica\/\" \/>\n<meta property=\"og:site_name\" content=\"IEEC\" \/>\n<meta property=\"article:published_time\" content=\"2019-12-13T11:15:00+00:00\" \/>\n<meta property=\"article:modified_time\" content=\"2023-01-17T14:06:02+00:00\" \/>\n<meta property=\"og:image\" content=\"https:\/\/www.ieec.cat\/wp-content\/uploads\/2022\/12\/1575979096_8d4e3d8932cb50bb87302fd9155662be_2019_12_elgar.jpg\" \/>\n\t<meta property=\"og:image:width\" content=\"300\" \/>\n\t<meta property=\"og:image:height\" content=\"200\" \/>\n\t<meta property=\"og:image:type\" content=\"image\/jpeg\" \/>\n<meta name=\"twitter:card\" content=\"summary_large_image\" \/>\n<meta name=\"twitter:label1\" content=\"Tiempo de lectura\" \/>\n\t<meta name=\"twitter:data1\" content=\"1 minuto\" \/>\n<script type=\"application\/ld+json\" class=\"yoast-schema-graph\">{\"@context\":\"https:\\\/\\\/schema.org\",\"@graph\":[{\"@type\":\"Article\",\"@id\":\"https:\\\/\\\/www.ieec.cat\\\/es\\\/elgar-el-laboratorio-europeo-de-investigaci%c3%b3n-en-gravitaci%c3%b3n-e-interferometr%c3%ada-at%c3%b3mica\\\/#article\",\"isPartOf\":{\"@id\":\"https:\\\/\\\/www.ieec.cat\\\/es\\\/elgar-el-laboratorio-europeo-de-investigaci%c3%b3n-en-gravitaci%c3%b3n-e-interferometr%c3%ada-at%c3%b3mica\\\/\"},\"author\":{\"name\":\"\",\"@id\":\"\"},\"headline\":\"ELGAR: el Laboratorio Europeo de Investigaci\u00f3n en Gravitaci\u00f3n e Interferometr\u00eda At\u00f3mica\",\"datePublished\":\"2019-12-13T11:15:00+00:00\",\"dateModified\":\"2023-01-17T14:06:02+00:00\",\"mainEntityOfPage\":{\"@id\":\"https:\\\/\\\/www.ieec.cat\\\/es\\\/elgar-el-laboratorio-europeo-de-investigaci%c3%b3n-en-gravitaci%c3%b3n-e-interferometr%c3%ada-at%c3%b3mica\\\/\"},\"wordCount\":781,\"image\":{\"@id\":\"https:\\\/\\\/www.ieec.cat\\\/es\\\/elgar-el-laboratorio-europeo-de-investigaci%c3%b3n-en-gravitaci%c3%b3n-e-interferometr%c3%ada-at%c3%b3mica\\\/#primaryimage\"},\"thumbnailUrl\":\"https:\\\/\\\/www.ieec.cat\\\/wp-content\\\/uploads\\\/2022\\\/12\\\/1575979096_8d4e3d8932cb50bb87302fd9155662be_2019_12_elgar.jpg\",\"articleSection\":[\"Charla\",\"Eventos\"],\"inLanguage\":\"es\"},{\"@type\":\"WebPage\",\"@id\":\"https:\\\/\\\/www.ieec.cat\\\/es\\\/elgar-el-laboratorio-europeo-de-investigaci%c3%b3n-en-gravitaci%c3%b3n-e-interferometr%c3%ada-at%c3%b3mica\\\/\",\"url\":\"https:\\\/\\\/www.ieec.cat\\\/es\\\/elgar-el-laboratorio-europeo-de-investigaci%c3%b3n-en-gravitaci%c3%b3n-e-interferometr%c3%ada-at%c3%b3mica\\\/\",\"name\":\"ELGAR: el Laboratorio Europeo de Investigaci\u00f3n en Gravitaci\u00f3n e Interferometr\u00eda At\u00f3mica - IEEC\",\"isPartOf\":{\"@id\":\"https:\\\/\\\/www.ieec.cat\\\/es\\\/#website\"},\"primaryImageOfPage\":{\"@id\":\"https:\\\/\\\/www.ieec.cat\\\/es\\\/elgar-el-laboratorio-europeo-de-investigaci%c3%b3n-en-gravitaci%c3%b3n-e-interferometr%c3%ada-at%c3%b3mica\\\/#primaryimage\"},\"image\":{\"@id\":\"https:\\\/\\\/www.ieec.cat\\\/es\\\/elgar-el-laboratorio-europeo-de-investigaci%c3%b3n-en-gravitaci%c3%b3n-e-interferometr%c3%ada-at%c3%b3mica\\\/#primaryimage\"},\"thumbnailUrl\":\"https:\\\/\\\/www.ieec.cat\\\/wp-content\\\/uploads\\\/2022\\\/12\\\/1575979096_8d4e3d8932cb50bb87302fd9155662be_2019_12_elgar.jpg\",\"datePublished\":\"2019-12-13T11:15:00+00:00\",\"dateModified\":\"2023-01-17T14:06:02+00:00\",\"author\":{\"@id\":\"\"},\"breadcrumb\":{\"@id\":\"https:\\\/\\\/www.ieec.cat\\\/es\\\/elgar-el-laboratorio-europeo-de-investigaci%c3%b3n-en-gravitaci%c3%b3n-e-interferometr%c3%ada-at%c3%b3mica\\\/#breadcrumb\"},\"inLanguage\":\"es\",\"potentialAction\":[{\"@type\":\"ReadAction\",\"target\":[\"https:\\\/\\\/www.ieec.cat\\\/es\\\/elgar-el-laboratorio-europeo-de-investigaci%c3%b3n-en-gravitaci%c3%b3n-e-interferometr%c3%ada-at%c3%b3mica\\\/\"]}]},{\"@type\":\"ImageObject\",\"inLanguage\":\"es\",\"@id\":\"https:\\\/\\\/www.ieec.cat\\\/es\\\/elgar-el-laboratorio-europeo-de-investigaci%c3%b3n-en-gravitaci%c3%b3n-e-interferometr%c3%ada-at%c3%b3mica\\\/#primaryimage\",\"url\":\"https:\\\/\\\/www.ieec.cat\\\/wp-content\\\/uploads\\\/2022\\\/12\\\/1575979096_8d4e3d8932cb50bb87302fd9155662be_2019_12_elgar.jpg\",\"contentUrl\":\"https:\\\/\\\/www.ieec.cat\\\/wp-content\\\/uploads\\\/2022\\\/12\\\/1575979096_8d4e3d8932cb50bb87302fd9155662be_2019_12_elgar.jpg\",\"width\":300,\"height\":200},{\"@type\":\"BreadcrumbList\",\"@id\":\"https:\\\/\\\/www.ieec.cat\\\/es\\\/elgar-el-laboratorio-europeo-de-investigaci%c3%b3n-en-gravitaci%c3%b3n-e-interferometr%c3%ada-at%c3%b3mica\\\/#breadcrumb\",\"itemListElement\":[{\"@type\":\"ListItem\",\"position\":1,\"name\":\"Portada\",\"item\":\"https:\\\/\\\/www.ieec.cat\\\/es\\\/\"},{\"@type\":\"ListItem\",\"position\":2,\"name\":\"ELGAR: el Laboratorio Europeo de Investigaci\u00f3n en Gravitaci\u00f3n e Interferometr\u00eda At\u00f3mica\"}]},{\"@type\":\"WebSite\",\"@id\":\"https:\\\/\\\/www.ieec.cat\\\/es\\\/#website\",\"url\":\"https:\\\/\\\/www.ieec.cat\\\/es\\\/\",\"name\":\"IEEC\",\"description\":\"Institut d&#039;Estudis Espacials de Catalunya\",\"potentialAction\":[{\"@type\":\"SearchAction\",\"target\":{\"@type\":\"EntryPoint\",\"urlTemplate\":\"https:\\\/\\\/www.ieec.cat\\\/es\\\/?s={search_term_string}\"},\"query-input\":{\"@type\":\"PropertyValueSpecification\",\"valueRequired\":true,\"valueName\":\"search_term_string\"}}],\"inLanguage\":\"es\"}]}<\/script>\n<!-- \/ Yoast SEO plugin. -->","yoast_head_json":{"title":"ELGAR: el Laboratorio Europeo de Investigaci\u00f3n en Gravitaci\u00f3n e Interferometr\u00eda At\u00f3mica - IEEC","robots":{"index":"index","follow":"follow","max-snippet":"max-snippet:-1","max-image-preview":"max-image-preview:large","max-video-preview":"max-video-preview:-1"},"canonical":"https:\/\/www.ieec.cat\/es\/elgar-el-laboratorio-europeo-de-investigaci%c3%b3n-en-gravitaci%c3%b3n-e-interferometr%c3%ada-at%c3%b3mica\/","og_locale":"es_ES","og_type":"article","og_title":"ELGAR: el Laboratorio Europeo de Investigaci\u00f3n en Gravitaci\u00f3n e Interferometr\u00eda At\u00f3mica - IEEC","og_description":"Despu&eacute;s de la inauguraci&oacute;n de la astronom&iacute;a de ondas gravitacionales con la primera detecci&oacute;n directa de ondas gravitacionales a partir de la coalescencia de un agujero negro binario por parte del Observatorio de Ondas Gravitacionales del Interfer&oacute;metro L&aacute;ser (LIGO, por sus siglas en ingl&eacute;s), la carrera para cubrir las partes m&aacute;s relevantes del espectro de [&hellip;]","og_url":"https:\/\/www.ieec.cat\/es\/elgar-el-laboratorio-europeo-de-investigaci%c3%b3n-en-gravitaci%c3%b3n-e-interferometr%c3%ada-at%c3%b3mica\/","og_site_name":"IEEC","article_published_time":"2019-12-13T11:15:00+00:00","article_modified_time":"2023-01-17T14:06:02+00:00","og_image":[{"width":300,"height":200,"url":"https:\/\/www.ieec.cat\/wp-content\/uploads\/2022\/12\/1575979096_8d4e3d8932cb50bb87302fd9155662be_2019_12_elgar.jpg","type":"image\/jpeg"}],"twitter_card":"summary_large_image","twitter_misc":{"Tiempo de lectura":"1 minuto"},"schema":{"@context":"https:\/\/schema.org","@graph":[{"@type":"Article","@id":"https:\/\/www.ieec.cat\/es\/elgar-el-laboratorio-europeo-de-investigaci%c3%b3n-en-gravitaci%c3%b3n-e-interferometr%c3%ada-at%c3%b3mica\/#article","isPartOf":{"@id":"https:\/\/www.ieec.cat\/es\/elgar-el-laboratorio-europeo-de-investigaci%c3%b3n-en-gravitaci%c3%b3n-e-interferometr%c3%ada-at%c3%b3mica\/"},"author":{"name":"","@id":""},"headline":"ELGAR: el Laboratorio Europeo de Investigaci\u00f3n en Gravitaci\u00f3n e Interferometr\u00eda At\u00f3mica","datePublished":"2019-12-13T11:15:00+00:00","dateModified":"2023-01-17T14:06:02+00:00","mainEntityOfPage":{"@id":"https:\/\/www.ieec.cat\/es\/elgar-el-laboratorio-europeo-de-investigaci%c3%b3n-en-gravitaci%c3%b3n-e-interferometr%c3%ada-at%c3%b3mica\/"},"wordCount":781,"image":{"@id":"https:\/\/www.ieec.cat\/es\/elgar-el-laboratorio-europeo-de-investigaci%c3%b3n-en-gravitaci%c3%b3n-e-interferometr%c3%ada-at%c3%b3mica\/#primaryimage"},"thumbnailUrl":"https:\/\/www.ieec.cat\/wp-content\/uploads\/2022\/12\/1575979096_8d4e3d8932cb50bb87302fd9155662be_2019_12_elgar.jpg","articleSection":["Charla","Eventos"],"inLanguage":"es"},{"@type":"WebPage","@id":"https:\/\/www.ieec.cat\/es\/elgar-el-laboratorio-europeo-de-investigaci%c3%b3n-en-gravitaci%c3%b3n-e-interferometr%c3%ada-at%c3%b3mica\/","url":"https:\/\/www.ieec.cat\/es\/elgar-el-laboratorio-europeo-de-investigaci%c3%b3n-en-gravitaci%c3%b3n-e-interferometr%c3%ada-at%c3%b3mica\/","name":"ELGAR: el Laboratorio Europeo de Investigaci\u00f3n en Gravitaci\u00f3n e Interferometr\u00eda At\u00f3mica - IEEC","isPartOf":{"@id":"https:\/\/www.ieec.cat\/es\/#website"},"primaryImageOfPage":{"@id":"https:\/\/www.ieec.cat\/es\/elgar-el-laboratorio-europeo-de-investigaci%c3%b3n-en-gravitaci%c3%b3n-e-interferometr%c3%ada-at%c3%b3mica\/#primaryimage"},"image":{"@id":"https:\/\/www.ieec.cat\/es\/elgar-el-laboratorio-europeo-de-investigaci%c3%b3n-en-gravitaci%c3%b3n-e-interferometr%c3%ada-at%c3%b3mica\/#primaryimage"},"thumbnailUrl":"https:\/\/www.ieec.cat\/wp-content\/uploads\/2022\/12\/1575979096_8d4e3d8932cb50bb87302fd9155662be_2019_12_elgar.jpg","datePublished":"2019-12-13T11:15:00+00:00","dateModified":"2023-01-17T14:06:02+00:00","author":{"@id":""},"breadcrumb":{"@id":"https:\/\/www.ieec.cat\/es\/elgar-el-laboratorio-europeo-de-investigaci%c3%b3n-en-gravitaci%c3%b3n-e-interferometr%c3%ada-at%c3%b3mica\/#breadcrumb"},"inLanguage":"es","potentialAction":[{"@type":"ReadAction","target":["https:\/\/www.ieec.cat\/es\/elgar-el-laboratorio-europeo-de-investigaci%c3%b3n-en-gravitaci%c3%b3n-e-interferometr%c3%ada-at%c3%b3mica\/"]}]},{"@type":"ImageObject","inLanguage":"es","@id":"https:\/\/www.ieec.cat\/es\/elgar-el-laboratorio-europeo-de-investigaci%c3%b3n-en-gravitaci%c3%b3n-e-interferometr%c3%ada-at%c3%b3mica\/#primaryimage","url":"https:\/\/www.ieec.cat\/wp-content\/uploads\/2022\/12\/1575979096_8d4e3d8932cb50bb87302fd9155662be_2019_12_elgar.jpg","contentUrl":"https:\/\/www.ieec.cat\/wp-content\/uploads\/2022\/12\/1575979096_8d4e3d8932cb50bb87302fd9155662be_2019_12_elgar.jpg","width":300,"height":200},{"@type":"BreadcrumbList","@id":"https:\/\/www.ieec.cat\/es\/elgar-el-laboratorio-europeo-de-investigaci%c3%b3n-en-gravitaci%c3%b3n-e-interferometr%c3%ada-at%c3%b3mica\/#breadcrumb","itemListElement":[{"@type":"ListItem","position":1,"name":"Portada","item":"https:\/\/www.ieec.cat\/es\/"},{"@type":"ListItem","position":2,"name":"ELGAR: el Laboratorio Europeo de Investigaci\u00f3n en Gravitaci\u00f3n e Interferometr\u00eda At\u00f3mica"}]},{"@type":"WebSite","@id":"https:\/\/www.ieec.cat\/es\/#website","url":"https:\/\/www.ieec.cat\/es\/","name":"IEEC","description":"Institut d&#039;Estudis Espacials de Catalunya","potentialAction":[{"@type":"SearchAction","target":{"@type":"EntryPoint","urlTemplate":"https:\/\/www.ieec.cat\/es\/?s={search_term_string}"},"query-input":{"@type":"PropertyValueSpecification","valueRequired":true,"valueName":"search_term_string"}}],"inLanguage":"es"}]}},"_links":{"self":[{"href":"https:\/\/www.ieec.cat\/es\/wp-json\/wp\/v2\/posts\/6356","targetHints":{"allow":["GET"]}}],"collection":[{"href":"https:\/\/www.ieec.cat\/es\/wp-json\/wp\/v2\/posts"}],"about":[{"href":"https:\/\/www.ieec.cat\/es\/wp-json\/wp\/v2\/types\/post"}],"replies":[{"embeddable":true,"href":"https:\/\/www.ieec.cat\/es\/wp-json\/wp\/v2\/comments?post=6356"}],"version-history":[{"count":3,"href":"https:\/\/www.ieec.cat\/es\/wp-json\/wp\/v2\/posts\/6356\/revisions"}],"predecessor-version":[{"id":15019,"href":"https:\/\/www.ieec.cat\/es\/wp-json\/wp\/v2\/posts\/6356\/revisions\/15019"}],"wp:featuredmedia":[{"embeddable":true,"href":"https:\/\/www.ieec.cat\/es\/wp-json\/wp\/v2\/media\/6351"}],"wp:attachment":[{"href":"https:\/\/www.ieec.cat\/es\/wp-json\/wp\/v2\/media?parent=6356"}],"wp:term":[{"taxonomy":"category","embeddable":true,"href":"https:\/\/www.ieec.cat\/es\/wp-json\/wp\/v2\/categories?post=6356"},{"taxonomy":"post_tag","embeddable":true,"href":"https:\/\/www.ieec.cat\/es\/wp-json\/wp\/v2\/tags?post=6356"}],"curies":[{"name":"wp","href":"https:\/\/api.w.org\/{rel}","templated":true}]}}