{"id":7831,"date":"2016-10-19T00:00:00","date_gmt":"2016-10-18T22:00:00","guid":{"rendered":"https:\/\/www.ieec.cat\/carme-jordi-la-conquesta-de-lespai-not-translated-2\/"},"modified":"2023-01-17T15:12:05","modified_gmt":"2023-01-17T14:12:05","slug":"carme-jordi-la-conquesta-de-lespai-not-translated","status":"publish","type":"post","link":"https:\/\/www.ieec.cat\/es\/carme-jordi-la-conquesta-de-lespai-not-translated\/","title":{"rendered":"Carme Jordi: \u201cLa conquesta de l\u2019Espai\u201d [NOT TRANSLATED]"},"content":{"rendered":"<p>[et_pb_section fb_built=\u00bb1&#8243; fullwidth=\u00bbon\u00bb _builder_version=\u00bb4.14.8&#8243; _module_preset=\u00bbdefault\u00bb background_image=\u00bb\/wp-content\/uploads\/2022\/04\/slider-corpo2.jpg\u00bb height=\u00bb114px\u00bb global_colors_info=\u00bb{}\u00bb][\/et_pb_section][et_pb_section fb_built=\u00bb1&#8243; _builder_version=\u00bb4.14.8&#8243; _module_preset=\u00bbdefault\u00bb custom_margin=\u00bb||0px||false|false\u00bb custom_padding=\u00bb||0px||false|false\u00bb global_colors_info=\u00bb{}\u00bb][et_pb_row _builder_version=\u00bb4.14.8&#8243; _module_preset=\u00bbdefault\u00bb global_colors_info=\u00bb{}\u00bb][et_pb_column type=\u00bb4_4&#8243; _builder_version=\u00bb4.14.8&#8243; _module_preset=\u00bbdefault\u00bb global_colors_info=\u00bb{}\u00bb][et_pb_text _builder_version=\u00bb4.14.8&#8243; _dynamic_attributes=\u00bbcontent\u00bb _module_preset=\u00bbdefault\u00bb custom_margin=\u00bb0px||0px||false|false\u00bb custom_padding=\u00bb0px||0px||false|false\u00bb global_colors_info=\u00bb{}\u00bb]@ET-DC@eyJkeW5hbWljIjp0cnVlLCJjb250ZW50IjoicG9zdF90aXRsZSIsInNldHRpbmdzIjp7ImJlZm9yZSI6IjxoMSBjbGFzcz1cImVudHJ5X3RpdGxlXCI+IiwiYWZ0ZXIiOiI8L2gxPiJ9fQ==@[\/et_pb_text][et_pb_text _builder_version=\u00bb4.14.8&#8243; _dynamic_attributes=\u00bbcontent\u00bb _module_preset=\u00bbdefault\u00bb custom_margin=\u00bb0px|5px|0px||false|false\u00bb custom_padding=\u00bb0px||0px||false|false\u00bb hover_enabled=\u00bb0&#8243; global_colors_info=\u00bb{}\u00bb sticky_enabled=\u00bb0&#8243; custom_css_main_element=\u00bbdisplay: inline-block;\u00bb]@ET-DC@eyJkeW5hbWljIjp0cnVlLCJjb250ZW50IjoiY3VzdG9tX21ldGFfZmVjaGFfZXZlbnRvIiwic2V0dGluZ3MiOnsiYmVmb3JlIjoiIiwiYWZ0ZXIiOiIiLCJlbmFibGVfaHRtbCI6Im9mZiJ9fQ==@[\/et_pb_text][et_pb_text _builder_version=\u00bb4.14.8&#8243; _dynamic_attributes=\u00bbcontent\u00bb _module_preset=\u00bbdefault\u00bb custom_margin=\u00bb0px|5px|0px||false|false\u00bb custom_padding=\u00bb0px||0px||false|false\u00bb hover_enabled=\u00bb0&#8243; global_colors_info=\u00bb{}\u00bb sticky_enabled=\u00bb0&#8243; custom_css_main_element=\u00bbdisplay: inline-block;\u00bb]@ET-DC@eyJkeW5hbWljIjp0cnVlLCJjb250ZW50IjoiY3VzdG9tX21ldGFfaG9yYV9ldmVudG8iLCJzZXR0aW5ncyI6eyJiZWZvcmUiOiIiLCJhZnRlciI6IiIsImVuYWJsZV9odG1sIjoib2ZmIn19@[\/et_pb_text][et_pb_text _builder_version=\u00bb4.14.8&#8243; _dynamic_attributes=\u00bbcontent\u00bb _module_preset=\u00bbdefault\u00bb custom_margin=\u00bb0px||0px||false|false\u00bb custom_padding=\u00bb0px||0px||false|false\u00bb hover_enabled=\u00bb0&#8243; global_colors_info=\u00bb{}\u00bb sticky_enabled=\u00bb0&#8243; module_class=\u00bbevent-organizations\u00bb]@ET-DC@eyJkeW5hbWljIjp0cnVlLCJjb250ZW50IjoiY3VzdG9tX21ldGFfb3JnYW5pemFjaW9uZXMiLCJzZXR0aW5ncyI6eyJiZWZvcmUiOiIiLCJhZnRlciI6IiIsImVuYWJsZV9odG1sIjoib2ZmIn19@[\/et_pb_text][et_pb_text _builder_version=\u00bb4.14.8&#8243; _dynamic_attributes=\u00bbcontent\u00bb _module_preset=\u00bbdefault\u00bb custom_margin=\u00bb0px||0px||false|false\u00bb custom_padding=\u00bb0px||0px||false|false\u00bb hover_enabled=\u00bb0&#8243; global_colors_info=\u00bb{}\u00bb sticky_enabled=\u00bb0&#8243;]@ET-DC@eyJkeW5hbWljIjp0cnVlLCJjb250ZW50IjoiY3VzdG9tX21ldGFfbHVnYXJfZXZlbnRvIiwic2V0dGluZ3MiOnsiYmVmb3JlIjoiIiwiYWZ0ZXIiOiIiLCJlbmFibGVfaHRtbCI6Im9mZiJ9fQ==@[\/et_pb_text][\/et_pb_column][\/et_pb_row][\/et_pb_section][et_pb_section fb_built=\u00bb1&#8243; _builder_version=\u00bb4.14.8&#8243; _module_preset=\u00bbdefault\u00bb custom_margin=\u00bb0px||||false|false\u00bb custom_padding=\u00bb0px||||false|false\u00bb top_divider_color=\u00bbRGBA(255,255,255,0)\u00bb top_divider_height=\u00bb0px\u00bb global_colors_info=\u00bb{}\u00bb][et_pb_row _builder_version=\u00bb4.14.8&#8243; _module_preset=\u00bbdefault\u00bb global_colors_info=\u00bb{}\u00bb][et_pb_column type=\u00bb4_4&#8243; _builder_version=\u00bb4.14.8&#8243; _module_preset=\u00bbdefault\u00bb global_colors_info=\u00bb{}\u00bb][et_pb_text _builder_version=\u00bb4.14.8&#8243; _module_preset=\u00bbdefault\u00bb global_colors_info=\u00bb{}\u00bb]El proper dimecres 19 d&#8217;octubre la Casa Orlandai de Barcelona acull la xerrada \u00abLa conquesta de l&#8217;Espai\u00bb a c\u00e0rrec de la investigadora de l&#8217;Institut de Ci\u00e8ncies del Cosmos (IECC-UB) Carme Jordi. L&#8217;activitat s&#8217;emmarca dins del cicle de caf\u00e8s cient\u00edfics que organitza la Casa Orlandai.<\/p>\n<p>Tal com ho va somiar la ci\u00e8ncia ficci\u00f3, volar m\u00e9s enll\u00e0 de l\u2019estratosfera \u00e9s possible. Com es gesta un projecte espacial? Quins s\u00f3n els avantatges dels vols tripulats? Quina necessitat hi ha d\u2019observar des de l\u2019espai?  [NOT TRANSLATED][\/et_pb_text][\/et_pb_column][\/et_pb_row][\/et_pb_section]<\/p>\n","protected":false},"excerpt":{"rendered":"<p>El proper dimecres 19 d&#8217;octubre la Casa Orlandai de Barcelona acull la xerrada \u00abLa conquesta de l&#8217;Espai\u00bb a c\u00e0rrec de la investigadora de l&#8217;Institut de Ci\u00e8ncies del Cosmos (IECC-UB) Carme Jordi. L&#8217;activitat s&#8217;emmarca dins del cicle de caf\u00e8s cient\u00edfics que organitza la Casa Orlandai.Tal com ho va somiar la ci\u00e8ncia ficci\u00f3, volar m\u00e9s enll\u00e0 de [&hellip;]<\/p>\n","protected":false},"author":0,"featured_media":18255,"comment_status":"closed","ping_status":"open","sticky":false,"template":"","format":"standard","meta":{"_et_pb_use_builder":"on","_et_pb_old_content":"","_et_gb_content_width":"2880","footnotes":""},"categories":[87,73],"tags":[],"class_list":["post-7831","post","type-post","status-publish","format-standard","has-post-thumbnail","hentry","category-divulgacion","category-eventos"],"yoast_head":"<!-- This site is optimized with the Yoast SEO plugin v27.4 - https:\/\/yoast.com\/product\/yoast-seo-wordpress\/ -->\n<title>Carme Jordi: \u201cLa conquesta de l\u2019Espai\u201d [NOT TRANSLATED] - IEEC<\/title>\n<meta name=\"robots\" content=\"index, follow, max-snippet:-1, max-image-preview:large, max-video-preview:-1\" \/>\n<link rel=\"canonical\" href=\"https:\/\/www.ieec.cat\/es\/carme-jordi-la-conquesta-de-lespai-not-translated\/\" \/>\n<meta property=\"og:locale\" content=\"es_ES\" \/>\n<meta property=\"og:type\" content=\"article\" \/>\n<meta property=\"og:title\" content=\"Carme Jordi: \u201cLa conquesta de l\u2019Espai\u201d [NOT TRANSLATED] - IEEC\" \/>\n<meta property=\"og:description\" content=\"El proper dimecres 19 d&#039;octubre la Casa Orlandai de Barcelona acull la xerrada &quot;La conquesta de l&#039;Espai&quot; a c\u00e0rrec de la investigadora de l&#039;Institut de Ci\u00e8ncies del Cosmos (IECC-UB) Carme Jordi. L&#039;activitat s&#039;emmarca dins del cicle de caf\u00e8s cient\u00edfics que organitza la Casa Orlandai.Tal com ho va somiar la ci\u00e8ncia ficci\u00f3, volar m\u00e9s enll\u00e0 de [&hellip;]\" \/>\n<meta property=\"og:url\" content=\"https:\/\/www.ieec.cat\/es\/carme-jordi-la-conquesta-de-lespai-not-translated\/\" \/>\n<meta property=\"og:site_name\" content=\"IEEC\" \/>\n<meta property=\"article:published_time\" content=\"2016-10-18T22:00:00+00:00\" \/>\n<meta property=\"article:modified_time\" content=\"2023-01-17T14:12:05+00:00\" \/>\n<meta property=\"og:image\" content=\"https:\/\/www.ieec.cat\/wp-content\/uploads\/2023\/04\/logo-pagina-v4.jpg\" \/>\n\t<meta property=\"og:image:width\" content=\"600\" \/>\n\t<meta property=\"og:image:height\" content=\"500\" \/>\n\t<meta property=\"og:image:type\" content=\"image\/jpeg\" \/>\n<meta name=\"twitter:card\" content=\"summary_large_image\" \/>\n<meta name=\"twitter:label1\" content=\"Tiempo de lectura\" \/>\n\t<meta name=\"twitter:data1\" content=\"1 minuto\" \/>\n<script type=\"application\/ld+json\" class=\"yoast-schema-graph\">{\"@context\":\"https:\\\/\\\/schema.org\",\"@graph\":[{\"@type\":\"Article\",\"@id\":\"https:\\\/\\\/www.ieec.cat\\\/es\\\/carme-jordi-la-conquesta-de-lespai-not-translated\\\/#article\",\"isPartOf\":{\"@id\":\"https:\\\/\\\/www.ieec.cat\\\/es\\\/carme-jordi-la-conquesta-de-lespai-not-translated\\\/\"},\"author\":{\"name\":\"\",\"@id\":\"\"},\"headline\":\"Carme Jordi: \u201cLa conquesta de l\u2019Espai\u201d [NOT TRANSLATED]\",\"datePublished\":\"2016-10-18T22:00:00+00:00\",\"dateModified\":\"2023-01-17T14:12:05+00:00\",\"mainEntityOfPage\":{\"@id\":\"https:\\\/\\\/www.ieec.cat\\\/es\\\/carme-jordi-la-conquesta-de-lespai-not-translated\\\/\"},\"wordCount\":532,\"image\":{\"@id\":\"https:\\\/\\\/www.ieec.cat\\\/es\\\/carme-jordi-la-conquesta-de-lespai-not-translated\\\/#primaryimage\"},\"thumbnailUrl\":\"https:\\\/\\\/www.ieec.cat\\\/wp-content\\\/uploads\\\/2023\\\/04\\\/logo-pagina-v4.jpg\",\"articleSection\":[\"Divulgaci\u00f3n\",\"Eventos\"],\"inLanguage\":\"es\"},{\"@type\":\"WebPage\",\"@id\":\"https:\\\/\\\/www.ieec.cat\\\/es\\\/carme-jordi-la-conquesta-de-lespai-not-translated\\\/\",\"url\":\"https:\\\/\\\/www.ieec.cat\\\/es\\\/carme-jordi-la-conquesta-de-lespai-not-translated\\\/\",\"name\":\"Carme Jordi: \u201cLa conquesta de l\u2019Espai\u201d [NOT TRANSLATED] - IEEC\",\"isPartOf\":{\"@id\":\"https:\\\/\\\/www.ieec.cat\\\/es\\\/#website\"},\"primaryImageOfPage\":{\"@id\":\"https:\\\/\\\/www.ieec.cat\\\/es\\\/carme-jordi-la-conquesta-de-lespai-not-translated\\\/#primaryimage\"},\"image\":{\"@id\":\"https:\\\/\\\/www.ieec.cat\\\/es\\\/carme-jordi-la-conquesta-de-lespai-not-translated\\\/#primaryimage\"},\"thumbnailUrl\":\"https:\\\/\\\/www.ieec.cat\\\/wp-content\\\/uploads\\\/2023\\\/04\\\/logo-pagina-v4.jpg\",\"datePublished\":\"2016-10-18T22:00:00+00:00\",\"dateModified\":\"2023-01-17T14:12:05+00:00\",\"author\":{\"@id\":\"\"},\"breadcrumb\":{\"@id\":\"https:\\\/\\\/www.ieec.cat\\\/es\\\/carme-jordi-la-conquesta-de-lespai-not-translated\\\/#breadcrumb\"},\"inLanguage\":\"es\",\"potentialAction\":[{\"@type\":\"ReadAction\",\"target\":[\"https:\\\/\\\/www.ieec.cat\\\/es\\\/carme-jordi-la-conquesta-de-lespai-not-translated\\\/\"]}]},{\"@type\":\"ImageObject\",\"inLanguage\":\"es\",\"@id\":\"https:\\\/\\\/www.ieec.cat\\\/es\\\/carme-jordi-la-conquesta-de-lespai-not-translated\\\/#primaryimage\",\"url\":\"https:\\\/\\\/www.ieec.cat\\\/wp-content\\\/uploads\\\/2023\\\/04\\\/logo-pagina-v4.jpg\",\"contentUrl\":\"https:\\\/\\\/www.ieec.cat\\\/wp-content\\\/uploads\\\/2023\\\/04\\\/logo-pagina-v4.jpg\",\"width\":600,\"height\":500,\"caption\":\"Logo IEEC\"},{\"@type\":\"BreadcrumbList\",\"@id\":\"https:\\\/\\\/www.ieec.cat\\\/es\\\/carme-jordi-la-conquesta-de-lespai-not-translated\\\/#breadcrumb\",\"itemListElement\":[{\"@type\":\"ListItem\",\"position\":1,\"name\":\"Portada\",\"item\":\"https:\\\/\\\/www.ieec.cat\\\/es\\\/\"},{\"@type\":\"ListItem\",\"position\":2,\"name\":\"Carme Jordi: \u201cLa conquesta de l\u2019Espai\u201d [NOT TRANSLATED]\"}]},{\"@type\":\"WebSite\",\"@id\":\"https:\\\/\\\/www.ieec.cat\\\/es\\\/#website\",\"url\":\"https:\\\/\\\/www.ieec.cat\\\/es\\\/\",\"name\":\"IEEC\",\"description\":\"Institut d&#039;Estudis Espacials de Catalunya\",\"potentialAction\":[{\"@type\":\"SearchAction\",\"target\":{\"@type\":\"EntryPoint\",\"urlTemplate\":\"https:\\\/\\\/www.ieec.cat\\\/es\\\/?s={search_term_string}\"},\"query-input\":{\"@type\":\"PropertyValueSpecification\",\"valueRequired\":true,\"valueName\":\"search_term_string\"}}],\"inLanguage\":\"es\"}]}<\/script>\n<!-- \/ Yoast SEO plugin. -->","yoast_head_json":{"title":"Carme Jordi: \u201cLa conquesta de l\u2019Espai\u201d [NOT TRANSLATED] - IEEC","robots":{"index":"index","follow":"follow","max-snippet":"max-snippet:-1","max-image-preview":"max-image-preview:large","max-video-preview":"max-video-preview:-1"},"canonical":"https:\/\/www.ieec.cat\/es\/carme-jordi-la-conquesta-de-lespai-not-translated\/","og_locale":"es_ES","og_type":"article","og_title":"Carme Jordi: \u201cLa conquesta de l\u2019Espai\u201d [NOT TRANSLATED] - IEEC","og_description":"El proper dimecres 19 d'octubre la Casa Orlandai de Barcelona acull la xerrada \"La conquesta de l'Espai\" a c\u00e0rrec de la investigadora de l'Institut de Ci\u00e8ncies del Cosmos (IECC-UB) Carme Jordi. L'activitat s'emmarca dins del cicle de caf\u00e8s cient\u00edfics que organitza la Casa Orlandai.Tal com ho va somiar la ci\u00e8ncia ficci\u00f3, volar m\u00e9s enll\u00e0 de [&hellip;]","og_url":"https:\/\/www.ieec.cat\/es\/carme-jordi-la-conquesta-de-lespai-not-translated\/","og_site_name":"IEEC","article_published_time":"2016-10-18T22:00:00+00:00","article_modified_time":"2023-01-17T14:12:05+00:00","og_image":[{"width":600,"height":500,"url":"https:\/\/www.ieec.cat\/wp-content\/uploads\/2023\/04\/logo-pagina-v4.jpg","type":"image\/jpeg"}],"twitter_card":"summary_large_image","twitter_misc":{"Tiempo de lectura":"1 minuto"},"schema":{"@context":"https:\/\/schema.org","@graph":[{"@type":"Article","@id":"https:\/\/www.ieec.cat\/es\/carme-jordi-la-conquesta-de-lespai-not-translated\/#article","isPartOf":{"@id":"https:\/\/www.ieec.cat\/es\/carme-jordi-la-conquesta-de-lespai-not-translated\/"},"author":{"name":"","@id":""},"headline":"Carme Jordi: \u201cLa conquesta de l\u2019Espai\u201d [NOT TRANSLATED]","datePublished":"2016-10-18T22:00:00+00:00","dateModified":"2023-01-17T14:12:05+00:00","mainEntityOfPage":{"@id":"https:\/\/www.ieec.cat\/es\/carme-jordi-la-conquesta-de-lespai-not-translated\/"},"wordCount":532,"image":{"@id":"https:\/\/www.ieec.cat\/es\/carme-jordi-la-conquesta-de-lespai-not-translated\/#primaryimage"},"thumbnailUrl":"https:\/\/www.ieec.cat\/wp-content\/uploads\/2023\/04\/logo-pagina-v4.jpg","articleSection":["Divulgaci\u00f3n","Eventos"],"inLanguage":"es"},{"@type":"WebPage","@id":"https:\/\/www.ieec.cat\/es\/carme-jordi-la-conquesta-de-lespai-not-translated\/","url":"https:\/\/www.ieec.cat\/es\/carme-jordi-la-conquesta-de-lespai-not-translated\/","name":"Carme Jordi: \u201cLa conquesta de l\u2019Espai\u201d [NOT TRANSLATED] - IEEC","isPartOf":{"@id":"https:\/\/www.ieec.cat\/es\/#website"},"primaryImageOfPage":{"@id":"https:\/\/www.ieec.cat\/es\/carme-jordi-la-conquesta-de-lespai-not-translated\/#primaryimage"},"image":{"@id":"https:\/\/www.ieec.cat\/es\/carme-jordi-la-conquesta-de-lespai-not-translated\/#primaryimage"},"thumbnailUrl":"https:\/\/www.ieec.cat\/wp-content\/uploads\/2023\/04\/logo-pagina-v4.jpg","datePublished":"2016-10-18T22:00:00+00:00","dateModified":"2023-01-17T14:12:05+00:00","author":{"@id":""},"breadcrumb":{"@id":"https:\/\/www.ieec.cat\/es\/carme-jordi-la-conquesta-de-lespai-not-translated\/#breadcrumb"},"inLanguage":"es","potentialAction":[{"@type":"ReadAction","target":["https:\/\/www.ieec.cat\/es\/carme-jordi-la-conquesta-de-lespai-not-translated\/"]}]},{"@type":"ImageObject","inLanguage":"es","@id":"https:\/\/www.ieec.cat\/es\/carme-jordi-la-conquesta-de-lespai-not-translated\/#primaryimage","url":"https:\/\/www.ieec.cat\/wp-content\/uploads\/2023\/04\/logo-pagina-v4.jpg","contentUrl":"https:\/\/www.ieec.cat\/wp-content\/uploads\/2023\/04\/logo-pagina-v4.jpg","width":600,"height":500,"caption":"Logo IEEC"},{"@type":"BreadcrumbList","@id":"https:\/\/www.ieec.cat\/es\/carme-jordi-la-conquesta-de-lespai-not-translated\/#breadcrumb","itemListElement":[{"@type":"ListItem","position":1,"name":"Portada","item":"https:\/\/www.ieec.cat\/es\/"},{"@type":"ListItem","position":2,"name":"Carme Jordi: \u201cLa conquesta de l\u2019Espai\u201d [NOT TRANSLATED]"}]},{"@type":"WebSite","@id":"https:\/\/www.ieec.cat\/es\/#website","url":"https:\/\/www.ieec.cat\/es\/","name":"IEEC","description":"Institut d&#039;Estudis Espacials de Catalunya","potentialAction":[{"@type":"SearchAction","target":{"@type":"EntryPoint","urlTemplate":"https:\/\/www.ieec.cat\/es\/?s={search_term_string}"},"query-input":{"@type":"PropertyValueSpecification","valueRequired":true,"valueName":"search_term_string"}}],"inLanguage":"es"}]}},"_links":{"self":[{"href":"https:\/\/www.ieec.cat\/es\/wp-json\/wp\/v2\/posts\/7831","targetHints":{"allow":["GET"]}}],"collection":[{"href":"https:\/\/www.ieec.cat\/es\/wp-json\/wp\/v2\/posts"}],"about":[{"href":"https:\/\/www.ieec.cat\/es\/wp-json\/wp\/v2\/types\/post"}],"replies":[{"embeddable":true,"href":"https:\/\/www.ieec.cat\/es\/wp-json\/wp\/v2\/comments?post=7831"}],"version-history":[{"count":3,"href":"https:\/\/www.ieec.cat\/es\/wp-json\/wp\/v2\/posts\/7831\/revisions"}],"predecessor-version":[{"id":15988,"href":"https:\/\/www.ieec.cat\/es\/wp-json\/wp\/v2\/posts\/7831\/revisions\/15988"}],"wp:featuredmedia":[{"embeddable":true,"href":"https:\/\/www.ieec.cat\/es\/wp-json\/wp\/v2\/media\/18255"}],"wp:attachment":[{"href":"https:\/\/www.ieec.cat\/es\/wp-json\/wp\/v2\/media?parent=7831"}],"wp:term":[{"taxonomy":"category","embeddable":true,"href":"https:\/\/www.ieec.cat\/es\/wp-json\/wp\/v2\/categories?post=7831"},{"taxonomy":"post_tag","embeddable":true,"href":"https:\/\/www.ieec.cat\/es\/wp-json\/wp\/v2\/tags?post=7831"}],"curies":[{"name":"wp","href":"https:\/\/api.w.org\/{rel}","templated":true}]}}